{"id":78629,"date":"2024-06-05T12:25:46","date_gmt":"2024-06-05T10:25:46","guid":{"rendered":"https:\/\/conversesacatalunya.cat\/begona-gomez-sanchez-travessa-el-rubico\/"},"modified":"2024-06-05T13:06:16","modified_gmt":"2024-06-05T11:06:16","slug":"caso-begona-gomez-sanchez-atraviesa-el-rubicon","status":"publish","type":"post","link":"https:\/\/conversesacatalunya.cat\/es\/caso-begona-gomez-sanchez-atraviesa-el-rubicon\/","title":{"rendered":"Caso Bego\u00f1a G\u00f3mez: S\u00e1nchez atraviesa el Rubic\u00f3n"},"content":{"rendered":"<p><span>S\u00e1nchez atraviesa el Rubic\u00f3n, es decir, toma una decisi\u00f3n de arriesgadas consecuencias y que no tiene vuelta atr\u00e1s, <strong>a<\/strong><\/span><strong><span>taca directamente a la justicia<\/span><\/strong><span>.<\/span><\/p>\n<p><span>La evoluci\u00f3n del presidente del gobierno hace crecer una grave nube de preocupaci\u00f3n. Har\u00e1 todo lo que tenga a su alcance y m\u00e1s por no abandonar el poder. Esa consideraci\u00f3n deber\u00eda abrirse camino y quedar asentada porque se\u00f1ala un grave problema para la democracia espa\u00f1ola.<\/span><\/p>\n<p><span>Pero vamos a los hechos: S\u00e1nchez ha publicado una nueva carta en su cuenta de \u00abX\u00bb con motivo de que el juez titular del juzgado 41 de Madrid\u00a0<\/span><strong><span>ha citado a declarar como imputada a Bego\u00f1a G\u00f3mez el pr\u00f3ximo 5 de julio<\/span><\/strong><span>.<\/span><\/p>\n<p><span>En su segunda carta, el presidente del gobierno hace una consideraci\u00f3n totalmente razonable. Dice que no es habitual que se dicten y se hagan p\u00fablicas resoluciones judiciales que puedan incidir en el desarrollo de una campa\u00f1a electoral. Sin embargo, esta constataci\u00f3n formulada como queja tendr\u00e1 un sentido, pero S\u00e1nchez va m\u00e1s all\u00e1 y la convierte en un\u00a0<\/span><strong><span>ataque a la justicia<\/span><\/strong><span> al afirmar que se trata de un montaje sin precedentes impulsado por asociaciones de ultraderecha ayudadas por una coalici\u00f3n reaccionaria de medios de comunicaci\u00f3n que difunden lo que es un zafio montaje.<\/span><\/p>\n<p><span>Cabe recordar que\u00a0<\/span><a href=\"https:\/\/conversesacatalunya.cat\/es\/escandalo-begona-gomez\/\" target=\"_blank\" rel=\"noopener\"><span>su anterior carta<\/span><\/a><span>, que le proporcion\u00f3 dividendos electorales y sobre todo cohesi\u00f3n en torno a su persona en el \u00e1mbito del partido, tuvo una repercusi\u00f3n internacional francamente negativa, porque la mayor\u00eda de los medios lo que rese\u00f1aron era lo que ahora se confirma, la sospecha de\u00a0<\/span><strong><span>corrupci\u00f3n por las pr\u00e1cticas de la mujer del presidente del gobierno<\/span><\/strong><span>.<\/span><\/p>\n<p><span>En las encuestas realizadas a la opini\u00f3n p\u00fablica espa\u00f1ola se constata que el 66% considera que la carta de S\u00e1nchez tuvo un efecto negativo sobre la imagen del pa\u00eds y un 60% cre\u00eda que S\u00e1nchez deb\u00eda dimitir despu\u00e9s de esa carta, si bien el 81% de los votantes del PSOE consideraba todo lo contrario. Sin embargo, desde el punto de vista del presidente del gobierno seguramente su balance es positivo porque ahora reitera la jugada.<\/span><\/p>\n<p><span>El problema, que ya ser\u00eda lo suficientemente grave, no es que quiera acusar al juez Juan Carlos Peinado de prevaricar, al afirmar que act\u00faa de acuerdo con montajes de la derecha y la extrema derecha, sino que hay que recordar en el momento actual que la causa que sigue el juez est\u00e1\u00a0<\/span><strong><span>refrendada por el Tribunal Superior de Justicia de Madrid<\/span><\/strong><span>. \u00c9ste se pronunci\u00f3 a instancias de un recurso superurgente de la fiscal\u00eda sobre el que, por cierto, en su auto, el juez Peinado remarca la diligencia ins\u00f3lita con la que se llev\u00f3 a cabo y que tuvo como resultado un disparo por la culata, porque no solo no logr\u00f3 que el TSJM detuviera el procedimiento abierto sobre la mujer de S\u00e1nchez, sino que valid\u00f3 parte de \u00e9ste.<\/span><\/p>\n<p><span>El auto de la audiencia de Madrid rechaz\u00f3 el recurso de la fiscal\u00eda y, eso s\u00ed, elimin\u00f3 todo un primer bloque de la denuncia formulada por Manos Limpias porque era inveros\u00edmil o ten\u00eda datos err\u00f3neos. Pero, y esa es la cuesti\u00f3n importante, indic\u00f3 al juez que prosiguiera la investigaci\u00f3n en todo lo que hace referencia a las recomendaciones hechas por Bego\u00f1a G\u00f3mez ante el gobierno en relaci\u00f3n a unas empresas que se hab\u00edan presentado a concurso. Concretamente, la UTE de Innove Next SLU, del grupo Barrav\u00e9s, vinculado a las actividades acad\u00e9micas y profesionales de Bego\u00f1a G\u00f3mez.<\/span><\/p>\n<p><span>Por tanto, no es s\u00f3lo un juez el que avala el procedimiento, sino\u00a0<\/span><strong><span>un tribunal superior de justicia territorial.<\/span><\/strong><span>\u00a0Y esto agrava y mucho la carta de S\u00e1nchez.<\/span><\/p>\n<blockquote><p><span>La cuesti\u00f3n es si\u00a0<\/span><strong><span>es posible mantener como presidente del gobierno a una persona que se enfrenta p\u00fablica y abiertamente a la justicia<\/span><\/strong><span>\u00a0sin dar a la vez ning\u00fan tipo de explicaci\u00f3n.<\/span><\/p><\/blockquote>\n<p><span>Porque lo que no ha hecho S\u00e1nchez en ning\u00fan momento es dar cuentas al Parlament, que en definitiva es quien le ha elegido, sobre los aspectos concretos que cuestionan a su mujer. Porque m\u00e1s all\u00e1 de la cuesti\u00f3n penal y de la necesaria presunci\u00f3n de inocencia, lo que es evidente es que G\u00f3mez no puede llevar a cabo la actividad profesional que despliega basada, por un lado, en unos nombramientos al menos muy dudosos desde del punto de vista acad\u00e9mico, realizados por la Universidad Complutense de Madrid, y codirigir una c\u00e1tedra y dos m\u00e1steres sin tener siquiera una titulaci\u00f3n universitaria, con el ascenso a la presencia del gobierno de S\u00e1nchez.<\/span><\/p>\n<p><span>Por si fuera poco, no es de ninguna manera admisible que base su actividad profesional en recaudar dinero para esta c\u00e1tedra y esos m\u00e1steres que despu\u00e9s le pagan a ella a trav\u00e9s de la Universidad, acudiendo a las empresas, porque es evidente que la mujer de un presidente del gobierno no puede dar la imagen de que existen intercambios econ\u00f3micos.<\/span><\/p>\n<p><span>S\u00e1nchez se refugia en que\u00a0<\/span><strong><span>su esposa tiene derecho a trabajar.<\/span><\/strong><span> Pero, obviamente, \u00e9sta no es la cuesti\u00f3n, sino en qu\u00e9 trabaja y en qu\u00e9 condiciones logra su retribuci\u00f3n profesional. \u00c9sta es la cuesti\u00f3n. Ni el presidente del gobierno ni su mujer han querido dar nunca explicaci\u00f3n alguna de una forma de proceder totalmente inadecuada. La bola se ha hecho mayor, ha acabado petando en un juzgado y ahora S\u00e1nchez lo transforma en una cuesti\u00f3n electoral y pol\u00edtica y, lo que es m\u00e1s grave, en un conflicto con los jueces.<\/span><\/p>\n<p><span>Todo ello define una situaci\u00f3n ins\u00f3lita en la UE, que a\u00fan puede acentuarse si, adem\u00e1s, una parte importante del electorado avala la conducta de S\u00e1nchez con sus votos.<\/span><\/p>\n<p><span>Bego\u00f1a G\u00f3mez, pese a ser la esposa del presidente, no puede tener inmunidad ante la justicia. Y \u00e9ste es el corolario final de la penosa situaci\u00f3n actual.<\/span><\/p>\n<div id=\"polls-245\" class=\"wp-polls\">\n\t<form id=\"polls_form_245\" class=\"wp-polls-form\" action=\"\/index.php\" method=\"post\">\n\t\t<p style=\"display: none;\"><input type=\"hidden\" id=\"poll_245_nonce\" name=\"wp-polls-nonce\" value=\"b466c15fd4\" \/><\/p>\n\t\t<p style=\"display: none;\"><input type=\"hidden\" name=\"poll_id\" value=\"245\" \/><\/p>\n\t\t<p style=\"text-align: center\"><strong>Qui creus que guanyar\u00e0 les eleccions europees del 9 de juny?<\/strong><\/p><div id=\"polls-245-ans\" class=\"wp-polls-ans\"><ul class=\"wp-polls-ul\">\n\t\t<li><input type=\"radio\" id=\"poll-answer-687\" name=\"poll_245\" value=\"687\" \/> <label for=\"poll-answer-687\">Grup del Partit Popular Europeu<\/label><\/li>\n\t\t<li><input type=\"radio\" id=\"poll-answer-688\" name=\"poll_245\" value=\"688\" \/> <label for=\"poll-answer-688\">Grup de l'Alian\u00e7a Progressista de Socialistes i Dem\u00f2crates<\/label><\/li>\n\t\t<li><input type=\"radio\" id=\"poll-answer-689\" name=\"poll_245\" value=\"689\" \/> <label for=\"poll-answer-689\">No ho s\u00e9<\/label><\/li>\n\t\t<\/ul><p style=\"text-align: center\"><input type=\"button\" name=\"vote\" value=\"   Vota   \" class=\"Buttons\" onclick=\"poll_vote(245);\" \/><\/p><p style=\"text-align: center\"><a href=\"#ViewPollResults\" onclick=\"poll_result(245); return false;\" title=\"View Results Of This Poll\">Mira els resultats<\/a><\/p><\/div>\n\t<\/form>\n<\/div>\n<div id=\"polls-245-loading\" class=\"wp-polls-loading\"><img decoding=\"async\" data-src=\"https:\/\/conversesacatalunya.cat\/wp-content\/plugins\/wp-polls\/images\/loading.gif\" width=\"16\" height=\"16\" alt=\"Cargando ...\" title=\"Cargando ...\" class=\"wp-polls-image lazyload\" src=\"data:image\/svg+xml;base64,PHN2ZyB3aWR0aD0iMSIgaGVpZ2h0PSIxIiB4bWxucz0iaHR0cDovL3d3dy53My5vcmcvMjAwMC9zdmciPjwvc3ZnPg==\" style=\"--smush-placeholder-width: 16px; --smush-placeholder-aspect-ratio: 16\/16;\" \/>&nbsp;Cargando ...<\/div>\n\n","protected":false},"excerpt":{"rendered":"<p>S\u00e1nchez atraviesa el Rubic\u00f3n, es decir, toma una decisi\u00f3n de arriesgadas consecuencias y que no tiene vuelta atr\u00e1s, ataca directamente a la justicia. La evoluci\u00f3n del presidente del gobierno hace crecer una grave nube de preocupaci\u00f3n. Har\u00e1 todo lo que tenga a su alcance y m\u00e1s por no abandonar el poder. Esa consideraci\u00f3n deber\u00eda abrirse camino y quedar asentada porque se\u00f1ala un grave problema para la democracia espa\u00f1ola. Pero vamos a los hechos: S\u00e1nchez ha publicado una nueva carta en su cuenta de \u00abX\u00bb con motivo de que el juez titular del juzgado 41 de Madrid\u00a0ha citado a declarar como imputada a Bego\u00f1a G\u00f3mez el pr\u00f3ximo 5 de julio. En su segunda carta, el presidente del gobierno hace una consideraci\u00f3n totalmente razonable. Dice que no es habitual que se dicten y se hagan p\u00fablicas resoluciones judiciales que puedan incidir en el desarrollo de una campa\u00f1a electoral. Sin embargo, esta constataci\u00f3n formulada como queja tendr\u00e1 un sentido, pero S\u00e1nchez va m\u00e1s all\u00e1 y la convierte en un\u00a0ataque a la justicia al afirmar que se trata de un montaje sin precedentes impulsado por asociaciones de ultraderecha ayudadas por una coalici\u00f3n reaccionaria de medios de comunicaci\u00f3n que difunden lo que es un zafio montaje. Cabe recordar que\u00a0su anterior carta, que le proporcion\u00f3 dividendos electorales y sobre todo cohesi\u00f3n en torno a su persona en el \u00e1mbito del partido, tuvo una repercusi\u00f3n internacional francamente negativa, porque la mayor\u00eda de los medios lo que rese\u00f1aron era lo que ahora se confirma, la sospecha de\u00a0corrupci\u00f3n por las pr\u00e1cticas de la mujer del presidente del gobierno. En las encuestas realizadas a la opini\u00f3n p\u00fablica espa\u00f1ola se constata que el 66% considera que la carta de S\u00e1nchez tuvo un efecto negativo sobre la imagen del pa\u00eds y un 60% cre\u00eda que S\u00e1nchez deb\u00eda dimitir despu\u00e9s de esa carta, si bien el 81% de los votantes del PSOE consideraba todo lo contrario. Sin embargo, desde el punto de vista del presidente del gobierno seguramente su balance es positivo porque ahora reitera la jugada. El problema, que ya ser\u00eda lo suficientemente grave, no es que quiera acusar al juez Juan Carlos Peinado de prevaricar, al afirmar que act\u00faa de acuerdo con montajes de la derecha y la extrema derecha, sino que hay que recordar en el momento actual que la causa que sigue el juez est\u00e1\u00a0refrendada por el Tribunal Superior de Justicia de Madrid. \u00c9ste se pronunci\u00f3 a instancias de un recurso superurgente de la fiscal\u00eda sobre el que, por cierto, en su auto, el juez Peinado remarca la diligencia ins\u00f3lita con la que se llev\u00f3 a cabo y que tuvo como resultado un disparo por la culata, porque no solo no logr\u00f3 que el TSJM detuviera el procedimiento abierto sobre la mujer de S\u00e1nchez, sino que valid\u00f3 parte de \u00e9ste. El auto de la audiencia de Madrid rechaz\u00f3 el recurso de la fiscal\u00eda y, eso s\u00ed, elimin\u00f3 todo un primer bloque de la denuncia formulada por Manos Limpias porque era inveros\u00edmil o ten\u00eda datos err\u00f3neos. Pero, y esa es la cuesti\u00f3n importante, indic\u00f3 al juez que prosiguiera la investigaci\u00f3n en todo lo que hace referencia a las recomendaciones hechas por Bego\u00f1a G\u00f3mez ante el gobierno en relaci\u00f3n a unas empresas que se hab\u00edan presentado a concurso. Concretamente, la UTE de Innove Next SLU, del grupo Barrav\u00e9s, vinculado a las actividades acad\u00e9micas y profesionales de Bego\u00f1a G\u00f3mez. Por tanto, no es s\u00f3lo un juez el que avala el procedimiento, sino\u00a0un tribunal superior de justicia territorial.\u00a0Y esto agrava y mucho la carta de S\u00e1nchez. La cuesti\u00f3n es si\u00a0es posible mantener como presidente del gobierno a una persona que se enfrenta p\u00fablica y abiertamente a la justicia\u00a0sin dar a la vez ning\u00fan tipo de explicaci\u00f3n. Porque lo que no ha hecho S\u00e1nchez en ning\u00fan momento es dar cuentas al Parlament, que en definitiva es quien le ha elegido, sobre los aspectos concretos que cuestionan a su mujer. Porque m\u00e1s all\u00e1 de la cuesti\u00f3n penal y de la necesaria presunci\u00f3n de inocencia, lo que es evidente es que G\u00f3mez no puede llevar a cabo la actividad profesional que despliega basada, por un lado, en unos nombramientos al menos muy dudosos desde del punto de vista acad\u00e9mico, realizados por la Universidad Complutense de Madrid, y codirigir una c\u00e1tedra y dos m\u00e1steres sin tener siquiera una titulaci\u00f3n universitaria, con el ascenso a la presencia del gobierno de S\u00e1nchez. Por si fuera poco, no es de ninguna manera admisible que base su actividad profesional en recaudar dinero para esta c\u00e1tedra y esos m\u00e1steres que despu\u00e9s le pagan a ella a trav\u00e9s de la Universidad, acudiendo a las empresas, porque es evidente que la mujer de un presidente del gobierno no puede dar la imagen de que existen intercambios econ\u00f3micos. S\u00e1nchez se refugia en que\u00a0su esposa tiene derecho a trabajar. Pero, obviamente, \u00e9sta no es la cuesti\u00f3n, sino en qu\u00e9 trabaja y en qu\u00e9 condiciones logra su retribuci\u00f3n profesional. \u00c9sta es la cuesti\u00f3n. Ni el presidente del gobierno ni su mujer han querido dar nunca explicaci\u00f3n alguna de una forma de proceder totalmente inadecuada. La bola se ha hecho mayor, ha acabado petando en un juzgado y ahora S\u00e1nchez lo transforma en una cuesti\u00f3n electoral y pol\u00edtica y, lo que es m\u00e1s grave, en un conflicto con los jueces. Todo ello define una situaci\u00f3n ins\u00f3lita en la UE, que a\u00fan puede acentuarse si, adem\u00e1s, una parte importante del electorado avala la conducta de S\u00e1nchez con sus votos. Bego\u00f1a G\u00f3mez, pese a ser la esposa del presidente, no puede tener inmunidad ante la justicia. Y \u00e9ste es el corolario final de la penosa situaci\u00f3n actual.<\/p>\n","protected":false},"author":19,"featured_media":78617,"comment_status":"open","ping_status":"open","sticky":false,"template":"","format":"standard","meta":{"_FSMCFIC_featured_image_caption":"","_FSMCFIC_featured_image_nocaption":"","_FSMCFIC_featured_image_hide":"","footnotes":""},"categories":[806],"tags":[5133],"class_list":["post-78629","post","type-post","status-publish","format-standard","has-post-thumbnail","hentry","category-punts-claus-del-dia-es","tag-begona-gomez-es"],"yoast_head":"<!-- This site is optimized with the Yoast SEO plugin v26.8 - https:\/\/yoast.com\/product\/yoast-seo-wordpress\/ -->\n<title>Caso Bego\u00f1a G\u00f3mez: S\u00e1nchez atraviesa el Rubic\u00f3n - Converses a Catalunya<\/title>\n<meta name=\"description\" content=\"\u00bfEs posible mantener como presidente del gobierno a una persona que se enfrenta a la justicia sin ning\u00fan tipo de explicaci\u00f3n?\" \/>\n<meta name=\"robots\" content=\"index, follow, max-snippet:-1, max-image-preview:large, max-video-preview:-1\" \/>\n<link rel=\"canonical\" href=\"https:\/\/conversesacatalunya.cat\/es\/caso-begona-gomez-sanchez-atraviesa-el-rubicon\/\" \/>\n<meta property=\"og:locale\" content=\"es_ES\" \/>\n<meta property=\"og:type\" content=\"article\" \/>\n<meta property=\"og:title\" content=\"Caso Bego\u00f1a G\u00f3mez: S\u00e1nchez atraviesa el Rubic\u00f3n - Converses a Catalunya\" \/>\n<meta property=\"og:description\" content=\"\u00bfEs posible mantener como presidente del gobierno a una persona que se enfrenta a la justicia sin ning\u00fan tipo de explicaci\u00f3n?\" \/>\n<meta property=\"og:url\" content=\"https:\/\/conversesacatalunya.cat\/es\/caso-begona-gomez-sanchez-atraviesa-el-rubicon\/\" \/>\n<meta property=\"og:site_name\" content=\"Converses a Catalunya\" \/>\n<meta property=\"article:published_time\" content=\"2024-06-05T10:25:46+00:00\" \/>\n<meta property=\"article:modified_time\" content=\"2024-06-05T11:06:16+00:00\" \/>\n<meta property=\"og:image\" content=\"https:\/\/conversesacatalunya.cat\/wp-content\/uploads\/2024\/06\/sanchez-juez.jpg\" \/>\n\t<meta property=\"og:image:width\" content=\"1200\" \/>\n\t<meta property=\"og:image:height\" content=\"900\" \/>\n\t<meta property=\"og:image:type\" content=\"image\/jpeg\" \/>\n<meta name=\"author\" content=\"Josep Mir\u00f3 i Ard\u00e8vol\" \/>\n<meta name=\"twitter:card\" content=\"summary_large_image\" \/>\n<meta name=\"twitter:label1\" content=\"Escrito por\" \/>\n\t<meta name=\"twitter:data1\" content=\"Josep Mir\u00f3 i Ard\u00e8vol\" \/>\n\t<meta name=\"twitter:label2\" content=\"Tiempo de lectura\" \/>\n\t<meta name=\"twitter:data2\" content=\"5 minutos\" \/>\n<script type=\"application\/ld+json\" class=\"yoast-schema-graph\">{\"@context\":\"https:\/\/schema.org\",\"@graph\":[{\"@type\":\"Article\",\"@id\":\"https:\/\/conversesacatalunya.cat\/es\/caso-begona-gomez-sanchez-atraviesa-el-rubicon\/#article\",\"isPartOf\":{\"@id\":\"https:\/\/conversesacatalunya.cat\/es\/caso-begona-gomez-sanchez-atraviesa-el-rubicon\/\"},\"author\":{\"name\":\"Josep Mir\u00f3 i Ard\u00e8vol\",\"@id\":\"https:\/\/conversesacatalunya.cat\/#\/schema\/person\/a9598a6786ba7d3d1c5e0de477b79370\"},\"headline\":\"Caso Bego\u00f1a G\u00f3mez: S\u00e1nchez atraviesa el Rubic\u00f3n\",\"datePublished\":\"2024-06-05T10:25:46+00:00\",\"dateModified\":\"2024-06-05T11:06:16+00:00\",\"mainEntityOfPage\":{\"@id\":\"https:\/\/conversesacatalunya.cat\/es\/caso-begona-gomez-sanchez-atraviesa-el-rubicon\/\"},\"wordCount\":1042,\"commentCount\":0,\"image\":{\"@id\":\"https:\/\/conversesacatalunya.cat\/es\/caso-begona-gomez-sanchez-atraviesa-el-rubicon\/#primaryimage\"},\"thumbnailUrl\":\"https:\/\/conversesacatalunya.cat\/wp-content\/uploads\/2024\/06\/sanchez-juez.jpg\",\"keywords\":[\"Bego\u00f1a G\u00f3mez\"],\"articleSection\":[\"Punts clau del dia (ES)\"],\"inLanguage\":\"es\",\"potentialAction\":[{\"@type\":\"CommentAction\",\"name\":\"Comment\",\"target\":[\"https:\/\/conversesacatalunya.cat\/es\/caso-begona-gomez-sanchez-atraviesa-el-rubicon\/#respond\"]}]},{\"@type\":\"WebPage\",\"@id\":\"https:\/\/conversesacatalunya.cat\/es\/caso-begona-gomez-sanchez-atraviesa-el-rubicon\/\",\"url\":\"https:\/\/conversesacatalunya.cat\/es\/caso-begona-gomez-sanchez-atraviesa-el-rubicon\/\",\"name\":\"Caso Bego\u00f1a G\u00f3mez: S\u00e1nchez atraviesa el Rubic\u00f3n - Converses a Catalunya\",\"isPartOf\":{\"@id\":\"https:\/\/conversesacatalunya.cat\/#website\"},\"primaryImageOfPage\":{\"@id\":\"https:\/\/conversesacatalunya.cat\/es\/caso-begona-gomez-sanchez-atraviesa-el-rubicon\/#primaryimage\"},\"image\":{\"@id\":\"https:\/\/conversesacatalunya.cat\/es\/caso-begona-gomez-sanchez-atraviesa-el-rubicon\/#primaryimage\"},\"thumbnailUrl\":\"https:\/\/conversesacatalunya.cat\/wp-content\/uploads\/2024\/06\/sanchez-juez.jpg\",\"datePublished\":\"2024-06-05T10:25:46+00:00\",\"dateModified\":\"2024-06-05T11:06:16+00:00\",\"author\":{\"@id\":\"https:\/\/conversesacatalunya.cat\/#\/schema\/person\/a9598a6786ba7d3d1c5e0de477b79370\"},\"description\":\"\u00bfEs posible mantener como presidente del gobierno a una persona que se enfrenta a la justicia sin ning\u00fan tipo de explicaci\u00f3n?\",\"breadcrumb\":{\"@id\":\"https:\/\/conversesacatalunya.cat\/es\/caso-begona-gomez-sanchez-atraviesa-el-rubicon\/#breadcrumb\"},\"inLanguage\":\"es\",\"potentialAction\":[{\"@type\":\"ReadAction\",\"target\":[\"https:\/\/conversesacatalunya.cat\/es\/caso-begona-gomez-sanchez-atraviesa-el-rubicon\/\"]}]},{\"@type\":\"ImageObject\",\"inLanguage\":\"es\",\"@id\":\"https:\/\/conversesacatalunya.cat\/es\/caso-begona-gomez-sanchez-atraviesa-el-rubicon\/#primaryimage\",\"url\":\"https:\/\/conversesacatalunya.cat\/wp-content\/uploads\/2024\/06\/sanchez-juez.jpg\",\"contentUrl\":\"https:\/\/conversesacatalunya.cat\/wp-content\/uploads\/2024\/06\/sanchez-juez.jpg\",\"width\":1200,\"height\":900},{\"@type\":\"BreadcrumbList\",\"@id\":\"https:\/\/conversesacatalunya.cat\/es\/caso-begona-gomez-sanchez-atraviesa-el-rubicon\/#breadcrumb\",\"itemListElement\":[{\"@type\":\"ListItem\",\"position\":1,\"name\":\"Inici\",\"item\":\"https:\/\/conversesacatalunya.cat\/es\/\"},{\"@type\":\"ListItem\",\"position\":2,\"name\":\"Caso Bego\u00f1a G\u00f3mez: S\u00e1nchez atraviesa el Rubic\u00f3n\"}]},{\"@type\":\"WebSite\",\"@id\":\"https:\/\/conversesacatalunya.cat\/#website\",\"url\":\"https:\/\/conversesacatalunya.cat\/\",\"name\":\"Converses a Catalunya\",\"description\":\"\",\"potentialAction\":[{\"@type\":\"SearchAction\",\"target\":{\"@type\":\"EntryPoint\",\"urlTemplate\":\"https:\/\/conversesacatalunya.cat\/?s={search_term_string}\"},\"query-input\":{\"@type\":\"PropertyValueSpecification\",\"valueRequired\":true,\"valueName\":\"search_term_string\"}}],\"inLanguage\":\"es\"},{\"@type\":\"Person\",\"@id\":\"https:\/\/conversesacatalunya.cat\/#\/schema\/person\/a9598a6786ba7d3d1c5e0de477b79370\",\"name\":\"Josep Mir\u00f3 i Ard\u00e8vol\",\"image\":{\"@type\":\"ImageObject\",\"inLanguage\":\"es\",\"@id\":\"https:\/\/conversesacatalunya.cat\/#\/schema\/person\/image\/\",\"url\":\"https:\/\/conversesacatalunya.cat\/wp-content\/litespeed\/avatar\/c37e3dc881857483d6694cdf98fdedea.jpg?ver=1777270381\",\"contentUrl\":\"https:\/\/conversesacatalunya.cat\/wp-content\/litespeed\/avatar\/c37e3dc881857483d6694cdf98fdedea.jpg?ver=1777270381\",\"caption\":\"Josep Mir\u00f3 i Ard\u00e8vol\"},\"url\":\"https:\/\/conversesacatalunya.cat\/es\/author\/josep-miro-i-ardevol\/\"}]}<\/script>\n<!-- \/ Yoast SEO plugin. -->","yoast_head_json":{"title":"Caso Bego\u00f1a G\u00f3mez: S\u00e1nchez atraviesa el Rubic\u00f3n - Converses a Catalunya","description":"\u00bfEs posible mantener como presidente del gobierno a una persona que se enfrenta a la justicia sin ning\u00fan tipo de explicaci\u00f3n?","robots":{"index":"index","follow":"follow","max-snippet":"max-snippet:-1","max-image-preview":"max-image-preview:large","max-video-preview":"max-video-preview:-1"},"canonical":"https:\/\/conversesacatalunya.cat\/es\/caso-begona-gomez-sanchez-atraviesa-el-rubicon\/","og_locale":"es_ES","og_type":"article","og_title":"Caso Bego\u00f1a G\u00f3mez: S\u00e1nchez atraviesa el Rubic\u00f3n - Converses a Catalunya","og_description":"\u00bfEs posible mantener como presidente del gobierno a una persona que se enfrenta a la justicia sin ning\u00fan tipo de explicaci\u00f3n?","og_url":"https:\/\/conversesacatalunya.cat\/es\/caso-begona-gomez-sanchez-atraviesa-el-rubicon\/","og_site_name":"Converses a Catalunya","article_published_time":"2024-06-05T10:25:46+00:00","article_modified_time":"2024-06-05T11:06:16+00:00","og_image":[{"width":1200,"height":900,"url":"https:\/\/conversesacatalunya.cat\/wp-content\/uploads\/2024\/06\/sanchez-juez.jpg","type":"image\/jpeg"}],"author":"Josep Mir\u00f3 i Ard\u00e8vol","twitter_card":"summary_large_image","twitter_misc":{"Escrito por":"Josep Mir\u00f3 i Ard\u00e8vol","Tiempo de lectura":"5 minutos"},"schema":{"@context":"https:\/\/schema.org","@graph":[{"@type":"Article","@id":"https:\/\/conversesacatalunya.cat\/es\/caso-begona-gomez-sanchez-atraviesa-el-rubicon\/#article","isPartOf":{"@id":"https:\/\/conversesacatalunya.cat\/es\/caso-begona-gomez-sanchez-atraviesa-el-rubicon\/"},"author":{"name":"Josep Mir\u00f3 i Ard\u00e8vol","@id":"https:\/\/conversesacatalunya.cat\/#\/schema\/person\/a9598a6786ba7d3d1c5e0de477b79370"},"headline":"Caso Bego\u00f1a G\u00f3mez: S\u00e1nchez atraviesa el Rubic\u00f3n","datePublished":"2024-06-05T10:25:46+00:00","dateModified":"2024-06-05T11:06:16+00:00","mainEntityOfPage":{"@id":"https:\/\/conversesacatalunya.cat\/es\/caso-begona-gomez-sanchez-atraviesa-el-rubicon\/"},"wordCount":1042,"commentCount":0,"image":{"@id":"https:\/\/conversesacatalunya.cat\/es\/caso-begona-gomez-sanchez-atraviesa-el-rubicon\/#primaryimage"},"thumbnailUrl":"https:\/\/conversesacatalunya.cat\/wp-content\/uploads\/2024\/06\/sanchez-juez.jpg","keywords":["Bego\u00f1a G\u00f3mez"],"articleSection":["Punts clau del dia (ES)"],"inLanguage":"es","potentialAction":[{"@type":"CommentAction","name":"Comment","target":["https:\/\/conversesacatalunya.cat\/es\/caso-begona-gomez-sanchez-atraviesa-el-rubicon\/#respond"]}]},{"@type":"WebPage","@id":"https:\/\/conversesacatalunya.cat\/es\/caso-begona-gomez-sanchez-atraviesa-el-rubicon\/","url":"https:\/\/conversesacatalunya.cat\/es\/caso-begona-gomez-sanchez-atraviesa-el-rubicon\/","name":"Caso Bego\u00f1a G\u00f3mez: S\u00e1nchez atraviesa el Rubic\u00f3n - Converses a Catalunya","isPartOf":{"@id":"https:\/\/conversesacatalunya.cat\/#website"},"primaryImageOfPage":{"@id":"https:\/\/conversesacatalunya.cat\/es\/caso-begona-gomez-sanchez-atraviesa-el-rubicon\/#primaryimage"},"image":{"@id":"https:\/\/conversesacatalunya.cat\/es\/caso-begona-gomez-sanchez-atraviesa-el-rubicon\/#primaryimage"},"thumbnailUrl":"https:\/\/conversesacatalunya.cat\/wp-content\/uploads\/2024\/06\/sanchez-juez.jpg","datePublished":"2024-06-05T10:25:46+00:00","dateModified":"2024-06-05T11:06:16+00:00","author":{"@id":"https:\/\/conversesacatalunya.cat\/#\/schema\/person\/a9598a6786ba7d3d1c5e0de477b79370"},"description":"\u00bfEs posible mantener como presidente del gobierno a una persona que se enfrenta a la justicia sin ning\u00fan tipo de explicaci\u00f3n?","breadcrumb":{"@id":"https:\/\/conversesacatalunya.cat\/es\/caso-begona-gomez-sanchez-atraviesa-el-rubicon\/#breadcrumb"},"inLanguage":"es","potentialAction":[{"@type":"ReadAction","target":["https:\/\/conversesacatalunya.cat\/es\/caso-begona-gomez-sanchez-atraviesa-el-rubicon\/"]}]},{"@type":"ImageObject","inLanguage":"es","@id":"https:\/\/conversesacatalunya.cat\/es\/caso-begona-gomez-sanchez-atraviesa-el-rubicon\/#primaryimage","url":"https:\/\/conversesacatalunya.cat\/wp-content\/uploads\/2024\/06\/sanchez-juez.jpg","contentUrl":"https:\/\/conversesacatalunya.cat\/wp-content\/uploads\/2024\/06\/sanchez-juez.jpg","width":1200,"height":900},{"@type":"BreadcrumbList","@id":"https:\/\/conversesacatalunya.cat\/es\/caso-begona-gomez-sanchez-atraviesa-el-rubicon\/#breadcrumb","itemListElement":[{"@type":"ListItem","position":1,"name":"Inici","item":"https:\/\/conversesacatalunya.cat\/es\/"},{"@type":"ListItem","position":2,"name":"Caso Bego\u00f1a G\u00f3mez: S\u00e1nchez atraviesa el Rubic\u00f3n"}]},{"@type":"WebSite","@id":"https:\/\/conversesacatalunya.cat\/#website","url":"https:\/\/conversesacatalunya.cat\/","name":"Converses a Catalunya","description":"","potentialAction":[{"@type":"SearchAction","target":{"@type":"EntryPoint","urlTemplate":"https:\/\/conversesacatalunya.cat\/?s={search_term_string}"},"query-input":{"@type":"PropertyValueSpecification","valueRequired":true,"valueName":"search_term_string"}}],"inLanguage":"es"},{"@type":"Person","@id":"https:\/\/conversesacatalunya.cat\/#\/schema\/person\/a9598a6786ba7d3d1c5e0de477b79370","name":"Josep Mir\u00f3 i Ard\u00e8vol","image":{"@type":"ImageObject","inLanguage":"es","@id":"https:\/\/conversesacatalunya.cat\/#\/schema\/person\/image\/","url":"https:\/\/conversesacatalunya.cat\/wp-content\/litespeed\/avatar\/c37e3dc881857483d6694cdf98fdedea.jpg?ver=1777270381","contentUrl":"https:\/\/conversesacatalunya.cat\/wp-content\/litespeed\/avatar\/c37e3dc881857483d6694cdf98fdedea.jpg?ver=1777270381","caption":"Josep Mir\u00f3 i Ard\u00e8vol"},"url":"https:\/\/conversesacatalunya.cat\/es\/author\/josep-miro-i-ardevol\/"}]}},"wps_subtitle":"\u00bfEs posible mantener como presidente del gobierno a una persona que se enfrenta p\u00fablica y abiertamente a la justicia sin dar a la vez ning\u00fan tipo de explicaci\u00f3n?","_links":{"self":[{"href":"https:\/\/conversesacatalunya.cat\/es\/wp-json\/wp\/v2\/posts\/78629","targetHints":{"allow":["GET"]}}],"collection":[{"href":"https:\/\/conversesacatalunya.cat\/es\/wp-json\/wp\/v2\/posts"}],"about":[{"href":"https:\/\/conversesacatalunya.cat\/es\/wp-json\/wp\/v2\/types\/post"}],"author":[{"embeddable":true,"href":"https:\/\/conversesacatalunya.cat\/es\/wp-json\/wp\/v2\/users\/19"}],"replies":[{"embeddable":true,"href":"https:\/\/conversesacatalunya.cat\/es\/wp-json\/wp\/v2\/comments?post=78629"}],"version-history":[{"count":2,"href":"https:\/\/conversesacatalunya.cat\/es\/wp-json\/wp\/v2\/posts\/78629\/revisions"}],"predecessor-version":[{"id":78631,"href":"https:\/\/conversesacatalunya.cat\/es\/wp-json\/wp\/v2\/posts\/78629\/revisions\/78631"}],"wp:featuredmedia":[{"embeddable":true,"href":"https:\/\/conversesacatalunya.cat\/es\/wp-json\/wp\/v2\/media\/78617"}],"wp:attachment":[{"href":"https:\/\/conversesacatalunya.cat\/es\/wp-json\/wp\/v2\/media?parent=78629"}],"wp:term":[{"taxonomy":"category","embeddable":true,"href":"https:\/\/conversesacatalunya.cat\/es\/wp-json\/wp\/v2\/categories?post=78629"},{"taxonomy":"post_tag","embeddable":true,"href":"https:\/\/conversesacatalunya.cat\/es\/wp-json\/wp\/v2\/tags?post=78629"}],"curies":[{"name":"wp","href":"https:\/\/api.w.org\/{rel}","templated":true}]}}