{"id":78549,"date":"2024-06-03T12:38:27","date_gmt":"2024-06-03T10:38:27","guid":{"rendered":"https:\/\/conversesacatalunya.cat\/resultats-de-totes-les-ultimes-enquestes-a-menys-duna-setmana-de-les-eleccions\/"},"modified":"2024-06-04T07:51:55","modified_gmt":"2024-06-04T05:51:55","slug":"resultados-de-todas-las-ultimas-encuestas-a-menos-de-una-semana-de-las-elecciones","status":"publish","type":"post","link":"https:\/\/conversesacatalunya.cat\/es\/resultados-de-todas-las-ultimas-encuestas-a-menos-de-una-semana-de-las-elecciones\/","title":{"rendered":"Resultados de todas las \u00faltimas encuestas a menos de una semana de las elecciones"},"content":{"rendered":"<p>Entre este domingo y hoy, lunes 3 de junio, se ha producido un alud de encuestas sobre las elecciones europeas que permiten obtener una predicci\u00f3n bastante clara, a no ser que el error que hayan cometido la mayor\u00eda sea clamoroso. Se trata de las encuestas realizadas por Hamalgama m\u00e9trica, Gesop, sociom\u00e9trica, NCReport, DYM, 40dbi GAD-3.<\/p>\n<p>De ese conjunto las conclusiones son relativamente f\u00e1ciles de establecer. Cabe decir que, en este caso, las conclusiones de los estudios electorales se simplifican porque se trata de una \u00fanica circunscripci\u00f3n de 61 diputados que funciona con una proporcionalidad muy directa o bastante directa, de la que quedan excluidos los partidos que no llegan al 1 % de los votos de toda Espa\u00f1a. Bajo estas premisas la precisi\u00f3n electoral resulta mucho m\u00e1s sencilla que en unas elecciones con diversas circunscripciones de diferente dimensi\u00f3n.<\/p>\n<h3>Los resultados previsibles ser\u00edan los siguientes:<\/h3>\n<ul>\n<li><strong>El PP ganar\u00eda,<\/strong> con 23 esca\u00f1os y superar\u00eda ampliamente el 30% de los votos cuyo m\u00e1ximo podr\u00eda situarse sobre el 34%. La \u00fanica excepci\u00f3n es la de la encuesta de Gesop para El Peri\u00f3dico que le da 22 esca\u00f1os. Cabe apuntar que esta empresa, en la clasificaci\u00f3n de su calidad de 1 a 10, alcanza una valoraci\u00f3n de 5,8, por tanto, un aprobado pero sin tirar cohetes.<\/li>\n<li>Consenso tambi\u00e9n en torno al\u00a0<strong>PSOE con 20 diputados,<\/strong>\u00a0salvo la encuesta citada anteriormente que le otorga 21 diputados. Es la que da un margen m\u00e1s estrecho de diferencia entre PP y PSOE, s\u00f3lo 1 esca\u00f1o. El interrogante que el conjunto debe acabar de esclarecer es si el PSOE superar\u00e1 o no el 30% de los votos. La impresi\u00f3n es que m\u00e1s bien llega a ella. Cabe recordar que en las \u00faltimas europeas alcanz\u00f3 el 32,9%.<\/li>\n<li><strong>Vox obtendr\u00eda entre 5 y 7 esca\u00f1os<\/strong>. El consenso se situar\u00eda en 6, siendo en todos los casos la tercera fuerza electoral.<\/li>\n<li><strong>Sumar sacar\u00eda entre 3 o 4 esca\u00f1os.<\/strong> No queda nada claro ni por el conjunto de encuestas ni si tan solo consideramos aquellas que tienen una mejor valoraci\u00f3n para sus predicciones como son Sociom\u00e9trica, 40db y GAD-3. Est\u00e1 claro que Yolanda D\u00edaz no remonta y que es m\u00e1s bien un territorio colonizado electoralmente por S\u00e1nchez que compensa sus p\u00e9rdidas electorales con la captaci\u00f3n de voto de esa fuerza.<\/li>\n<li><strong>Podemos, el consenso estar\u00eda en 2<\/strong>, si bien una vez m\u00e1s Gesop discrepa y le otorga 3. Seg\u00fan el resultado real las diferencias entre Sumar y Podemos ser\u00edan m\u00ednimas, de 1 esca\u00f1o. En cualquier caso, ya se puede predecir que el resultado ser\u00e1 malo para Sumar y dar\u00e1 gasolina a Podemos para seguir discutiendo la preeminencia de la formaci\u00f3n de Yolanda D\u00edaz.<\/li>\n<\/ul>\n<p>Hasta aqu\u00ed podemos constatar las evidencias de que el\u00a0<strong>PP sube, y mucho<\/strong>, o que hizo muy mal resultado en las anteriores europeas, solo 12 esca\u00f1os, y que <strong>Vox puede doblar los que ten\u00eda<\/strong>. Mientras los socialistas registrar\u00edan poco desgaste en votos, se mantendr\u00edan igual en esca\u00f1os y Sumar y Podemos sacar\u00edan juntos una cifra de esca\u00f1os igual o inferior a la que sac\u00f3 en su d\u00eda el partido de Pablo Iglesias en solitario.<\/p>\n<p><strong>Una cuesti\u00f3n no menor es si S\u00e1nchez supera o no el 30% de los votos<\/strong>.<\/p>\n<p>Ahora Rep\u00fablica agrupa a un\u00a0<strong>Bildu y BNG al alza y una ERC en declive<\/strong>. El consenso est\u00e1 en 3 esca\u00f1os, lo que significa que Tom\u00e0s Molina no sale salvo si acierta la encuesta de Sociom\u00e9trica, que entonces s\u00ed tendr\u00eda premio.<\/p>\n<p>En todos los casos, <strong>Junts saca 1 diputado<\/strong>\u00a0yendo en solitario y, por tanto, queda equiparado a ERC, al igual que el PNV con una alianza con formaciones sin representaci\u00f3n parlamentaria como el PDeCAT en Catalunya. S\u00f3lo en la encuesta de DYM los nacionalistas vascos no sacar\u00edan esca\u00f1o que le ganar\u00eda PACMA.<\/p>\n<p>Por \u00faltimo, Se Acab\u00f3 la Fiesta lograr\u00eda con toda certeza 1 esca\u00f1o, si bien la encuesta de El Peri\u00f3dico le otorga 2 esca\u00f1os<\/p>\n<p>Todos estos datos han sido extra\u00eddos de la web <a href=\"https:\/\/electomania.es\/\" target=\"_blank\" rel=\"noopener\">Electomania<\/a>.<\/p>\n","protected":false},"excerpt":{"rendered":"<p>Entre este domingo y hoy, lunes 3 de junio, se ha producido un alud de encuestas sobre las elecciones europeas que permiten obtener una predicci\u00f3n bastante clara, a no ser que el error que hayan cometido la mayor\u00eda sea clamoroso. Se trata de las encuestas realizadas por Hamalgama m\u00e9trica, Gesop, sociom\u00e9trica, NCReport, DYM, 40dbi GAD-3. De ese conjunto las conclusiones son relativamente f\u00e1ciles de establecer. Cabe decir que, en este caso, las conclusiones de los estudios electorales se simplifican porque se trata de una \u00fanica circunscripci\u00f3n de 61 diputados que funciona con una proporcionalidad muy directa o bastante directa, de la que quedan excluidos los partidos que no llegan al 1 % de los votos de toda Espa\u00f1a. Bajo estas premisas la precisi\u00f3n electoral resulta mucho m\u00e1s sencilla que en unas elecciones con diversas circunscripciones de diferente dimensi\u00f3n. Los resultados previsibles ser\u00edan los siguientes: El PP ganar\u00eda, con 23 esca\u00f1os y superar\u00eda ampliamente el 30% de los votos cuyo m\u00e1ximo podr\u00eda situarse sobre el 34%. La \u00fanica excepci\u00f3n es la de la encuesta de Gesop para El Peri\u00f3dico que le da 22 esca\u00f1os. Cabe apuntar que esta empresa, en la clasificaci\u00f3n de su calidad de 1 a 10, alcanza una valoraci\u00f3n de 5,8, por tanto, un aprobado pero sin tirar cohetes. Consenso tambi\u00e9n en torno al\u00a0PSOE con 20 diputados,\u00a0salvo la encuesta citada anteriormente que le otorga 21 diputados. Es la que da un margen m\u00e1s estrecho de diferencia entre PP y PSOE, s\u00f3lo 1 esca\u00f1o. El interrogante que el conjunto debe acabar de esclarecer es si el PSOE superar\u00e1 o no el 30% de los votos. La impresi\u00f3n es que m\u00e1s bien llega a ella. Cabe recordar que en las \u00faltimas europeas alcanz\u00f3 el 32,9%. Vox obtendr\u00eda entre 5 y 7 esca\u00f1os. El consenso se situar\u00eda en 6, siendo en todos los casos la tercera fuerza electoral. Sumar sacar\u00eda entre 3 o 4 esca\u00f1os. No queda nada claro ni por el conjunto de encuestas ni si tan solo consideramos aquellas que tienen una mejor valoraci\u00f3n para sus predicciones como son Sociom\u00e9trica, 40db y GAD-3. Est\u00e1 claro que Yolanda D\u00edaz no remonta y que es m\u00e1s bien un territorio colonizado electoralmente por S\u00e1nchez que compensa sus p\u00e9rdidas electorales con la captaci\u00f3n de voto de esa fuerza. Podemos, el consenso estar\u00eda en 2, si bien una vez m\u00e1s Gesop discrepa y le otorga 3. Seg\u00fan el resultado real las diferencias entre Sumar y Podemos ser\u00edan m\u00ednimas, de 1 esca\u00f1o. En cualquier caso, ya se puede predecir que el resultado ser\u00e1 malo para Sumar y dar\u00e1 gasolina a Podemos para seguir discutiendo la preeminencia de la formaci\u00f3n de Yolanda D\u00edaz. Hasta aqu\u00ed podemos constatar las evidencias de que el\u00a0PP sube, y mucho, o que hizo muy mal resultado en las anteriores europeas, solo 12 esca\u00f1os, y que Vox puede doblar los que ten\u00eda. Mientras los socialistas registrar\u00edan poco desgaste en votos, se mantendr\u00edan igual en esca\u00f1os y Sumar y Podemos sacar\u00edan juntos una cifra de esca\u00f1os igual o inferior a la que sac\u00f3 en su d\u00eda el partido de Pablo Iglesias en solitario. Una cuesti\u00f3n no menor es si S\u00e1nchez supera o no el 30% de los votos. Ahora Rep\u00fablica agrupa a un\u00a0Bildu y BNG al alza y una ERC en declive. El consenso est\u00e1 en 3 esca\u00f1os, lo que significa que Tom\u00e0s Molina no sale salvo si acierta la encuesta de Sociom\u00e9trica, que entonces s\u00ed tendr\u00eda premio. En todos los casos, Junts saca 1 diputado\u00a0yendo en solitario y, por tanto, queda equiparado a ERC, al igual que el PNV con una alianza con formaciones sin representaci\u00f3n parlamentaria como el PDeCAT en Catalunya. S\u00f3lo en la encuesta de DYM los nacionalistas vascos no sacar\u00edan esca\u00f1o que le ganar\u00eda PACMA. Por \u00faltimo, Se Acab\u00f3 la Fiesta lograr\u00eda con toda certeza 1 esca\u00f1o, si bien la encuesta de El Peri\u00f3dico le otorga 2 esca\u00f1os Todos estos datos han sido extra\u00eddos de la web Electomania.<\/p>\n","protected":false},"author":2,"featured_media":78536,"comment_status":"open","ping_status":"open","sticky":false,"template":"","format":"standard","meta":{"_FSMCFIC_featured_image_caption":"","_FSMCFIC_featured_image_nocaption":"","_FSMCFIC_featured_image_hide":"","footnotes":""},"categories":[806],"tags":[5089,5098],"class_list":["post-78549","post","type-post","status-publish","format-standard","has-post-thumbnail","hentry","category-punts-claus-del-dia-es","tag-elecciones-europeas-2024","tag-eleccions-europees-2024-es"],"yoast_head":"<!-- This site is optimized with the Yoast SEO plugin v26.8 - https:\/\/yoast.com\/product\/yoast-seo-wordpress\/ -->\n<title>Resultados de todas las \u00faltimas encuestas a menos de una semana de las elecciones - Converses a Catalunya<\/title>\n<meta name=\"description\" content=\"Una cuesti\u00f3n no menor es si S\u00e1nchez supera o no el 30% de los votos\" \/>\n<meta name=\"robots\" content=\"index, follow, max-snippet:-1, max-image-preview:large, max-video-preview:-1\" \/>\n<link rel=\"canonical\" href=\"https:\/\/conversesacatalunya.cat\/es\/resultados-de-todas-las-ultimas-encuestas-a-menos-de-una-semana-de-las-elecciones\/\" \/>\n<meta property=\"og:locale\" content=\"es_ES\" \/>\n<meta property=\"og:type\" content=\"article\" \/>\n<meta property=\"og:title\" content=\"Resultados de todas las \u00faltimas encuestas a menos de una semana de las elecciones - Converses a Catalunya\" \/>\n<meta property=\"og:description\" content=\"Una cuesti\u00f3n no menor es si S\u00e1nchez supera o no el 30% de los votos\" \/>\n<meta property=\"og:url\" content=\"https:\/\/conversesacatalunya.cat\/es\/resultados-de-todas-las-ultimas-encuestas-a-menos-de-una-semana-de-las-elecciones\/\" \/>\n<meta property=\"og:site_name\" content=\"Converses a Catalunya\" \/>\n<meta property=\"article:published_time\" content=\"2024-06-03T10:38:27+00:00\" \/>\n<meta property=\"article:modified_time\" content=\"2024-06-04T05:51:55+00:00\" \/>\n<meta property=\"og:image\" content=\"https:\/\/conversesacatalunya.cat\/wp-content\/uploads\/2024\/06\/elecciones-2024.jpg\" \/>\n\t<meta property=\"og:image:width\" content=\"709\" \/>\n\t<meta property=\"og:image:height\" content=\"404\" \/>\n\t<meta property=\"og:image:type\" content=\"image\/jpeg\" \/>\n<meta name=\"author\" content=\"conversesacatalunya\" \/>\n<meta name=\"twitter:card\" content=\"summary_large_image\" \/>\n<meta name=\"twitter:label1\" content=\"Escrito por\" \/>\n\t<meta name=\"twitter:data1\" content=\"conversesacatalunya\" \/>\n\t<meta name=\"twitter:label2\" content=\"Tiempo de lectura\" \/>\n\t<meta name=\"twitter:data2\" content=\"3 minutos\" \/>\n<script type=\"application\/ld+json\" class=\"yoast-schema-graph\">{\"@context\":\"https:\/\/schema.org\",\"@graph\":[{\"@type\":\"Article\",\"@id\":\"https:\/\/conversesacatalunya.cat\/es\/resultados-de-todas-las-ultimas-encuestas-a-menos-de-una-semana-de-las-elecciones\/#article\",\"isPartOf\":{\"@id\":\"https:\/\/conversesacatalunya.cat\/es\/resultados-de-todas-las-ultimas-encuestas-a-menos-de-una-semana-de-las-elecciones\/\"},\"author\":{\"name\":\"conversesacatalunya\",\"@id\":\"https:\/\/conversesacatalunya.cat\/#\/schema\/person\/7e24d1e54a2785373ddcb275eae5ed99\"},\"headline\":\"Resultados de todas las \u00faltimas encuestas a menos de una semana de las elecciones\",\"datePublished\":\"2024-06-03T10:38:27+00:00\",\"dateModified\":\"2024-06-04T05:51:55+00:00\",\"mainEntityOfPage\":{\"@id\":\"https:\/\/conversesacatalunya.cat\/es\/resultados-de-todas-las-ultimas-encuestas-a-menos-de-una-semana-de-las-elecciones\/\"},\"wordCount\":710,\"commentCount\":0,\"image\":{\"@id\":\"https:\/\/conversesacatalunya.cat\/es\/resultados-de-todas-las-ultimas-encuestas-a-menos-de-una-semana-de-las-elecciones\/#primaryimage\"},\"thumbnailUrl\":\"https:\/\/conversesacatalunya.cat\/wp-content\/uploads\/2024\/06\/elecciones-2024.jpg\",\"keywords\":[\"Elecciones europeas 2024\",\"Eleccions europees 2024\"],\"articleSection\":[\"Punts clau del dia (ES)\"],\"inLanguage\":\"es\",\"potentialAction\":[{\"@type\":\"CommentAction\",\"name\":\"Comment\",\"target\":[\"https:\/\/conversesacatalunya.cat\/es\/resultados-de-todas-las-ultimas-encuestas-a-menos-de-una-semana-de-las-elecciones\/#respond\"]}]},{\"@type\":\"WebPage\",\"@id\":\"https:\/\/conversesacatalunya.cat\/es\/resultados-de-todas-las-ultimas-encuestas-a-menos-de-una-semana-de-las-elecciones\/\",\"url\":\"https:\/\/conversesacatalunya.cat\/es\/resultados-de-todas-las-ultimas-encuestas-a-menos-de-una-semana-de-las-elecciones\/\",\"name\":\"Resultados de todas las \u00faltimas encuestas a menos de una semana de las elecciones - Converses a Catalunya\",\"isPartOf\":{\"@id\":\"https:\/\/conversesacatalunya.cat\/#website\"},\"primaryImageOfPage\":{\"@id\":\"https:\/\/conversesacatalunya.cat\/es\/resultados-de-todas-las-ultimas-encuestas-a-menos-de-una-semana-de-las-elecciones\/#primaryimage\"},\"image\":{\"@id\":\"https:\/\/conversesacatalunya.cat\/es\/resultados-de-todas-las-ultimas-encuestas-a-menos-de-una-semana-de-las-elecciones\/#primaryimage\"},\"thumbnailUrl\":\"https:\/\/conversesacatalunya.cat\/wp-content\/uploads\/2024\/06\/elecciones-2024.jpg\",\"datePublished\":\"2024-06-03T10:38:27+00:00\",\"dateModified\":\"2024-06-04T05:51:55+00:00\",\"author\":{\"@id\":\"https:\/\/conversesacatalunya.cat\/#\/schema\/person\/7e24d1e54a2785373ddcb275eae5ed99\"},\"description\":\"Una cuesti\u00f3n no menor es si S\u00e1nchez supera o no el 30% de los votos\",\"breadcrumb\":{\"@id\":\"https:\/\/conversesacatalunya.cat\/es\/resultados-de-todas-las-ultimas-encuestas-a-menos-de-una-semana-de-las-elecciones\/#breadcrumb\"},\"inLanguage\":\"es\",\"potentialAction\":[{\"@type\":\"ReadAction\",\"target\":[\"https:\/\/conversesacatalunya.cat\/es\/resultados-de-todas-las-ultimas-encuestas-a-menos-de-una-semana-de-las-elecciones\/\"]}]},{\"@type\":\"ImageObject\",\"inLanguage\":\"es\",\"@id\":\"https:\/\/conversesacatalunya.cat\/es\/resultados-de-todas-las-ultimas-encuestas-a-menos-de-una-semana-de-las-elecciones\/#primaryimage\",\"url\":\"https:\/\/conversesacatalunya.cat\/wp-content\/uploads\/2024\/06\/elecciones-2024.jpg\",\"contentUrl\":\"https:\/\/conversesacatalunya.cat\/wp-content\/uploads\/2024\/06\/elecciones-2024.jpg\",\"width\":709,\"height\":404},{\"@type\":\"BreadcrumbList\",\"@id\":\"https:\/\/conversesacatalunya.cat\/es\/resultados-de-todas-las-ultimas-encuestas-a-menos-de-una-semana-de-las-elecciones\/#breadcrumb\",\"itemListElement\":[{\"@type\":\"ListItem\",\"position\":1,\"name\":\"Inici\",\"item\":\"https:\/\/conversesacatalunya.cat\/es\/\"},{\"@type\":\"ListItem\",\"position\":2,\"name\":\"Resultados de todas las \u00faltimas encuestas a menos de una semana de las elecciones\"}]},{\"@type\":\"WebSite\",\"@id\":\"https:\/\/conversesacatalunya.cat\/#website\",\"url\":\"https:\/\/conversesacatalunya.cat\/\",\"name\":\"Converses a Catalunya\",\"description\":\"\",\"potentialAction\":[{\"@type\":\"SearchAction\",\"target\":{\"@type\":\"EntryPoint\",\"urlTemplate\":\"https:\/\/conversesacatalunya.cat\/?s={search_term_string}\"},\"query-input\":{\"@type\":\"PropertyValueSpecification\",\"valueRequired\":true,\"valueName\":\"search_term_string\"}}],\"inLanguage\":\"es\"},{\"@type\":\"Person\",\"@id\":\"https:\/\/conversesacatalunya.cat\/#\/schema\/person\/7e24d1e54a2785373ddcb275eae5ed99\",\"name\":\"conversesacatalunya\",\"image\":{\"@type\":\"ImageObject\",\"inLanguage\":\"es\",\"@id\":\"https:\/\/conversesacatalunya.cat\/#\/schema\/person\/image\/\",\"url\":\"https:\/\/conversesacatalunya.cat\/wp-content\/litespeed\/avatar\/febdfeeec89d950f01c748045a981dd2.jpg?ver=1777314535\",\"contentUrl\":\"https:\/\/conversesacatalunya.cat\/wp-content\/litespeed\/avatar\/febdfeeec89d950f01c748045a981dd2.jpg?ver=1777314535\",\"caption\":\"conversesacatalunya\"},\"url\":\"https:\/\/conversesacatalunya.cat\/es\/author\/carme_catala\/\"}]}<\/script>\n<!-- \/ Yoast SEO plugin. -->","yoast_head_json":{"title":"Resultados de todas las \u00faltimas encuestas a menos de una semana de las elecciones - Converses a Catalunya","description":"Una cuesti\u00f3n no menor es si S\u00e1nchez supera o no el 30% de los votos","robots":{"index":"index","follow":"follow","max-snippet":"max-snippet:-1","max-image-preview":"max-image-preview:large","max-video-preview":"max-video-preview:-1"},"canonical":"https:\/\/conversesacatalunya.cat\/es\/resultados-de-todas-las-ultimas-encuestas-a-menos-de-una-semana-de-las-elecciones\/","og_locale":"es_ES","og_type":"article","og_title":"Resultados de todas las \u00faltimas encuestas a menos de una semana de las elecciones - Converses a Catalunya","og_description":"Una cuesti\u00f3n no menor es si S\u00e1nchez supera o no el 30% de los votos","og_url":"https:\/\/conversesacatalunya.cat\/es\/resultados-de-todas-las-ultimas-encuestas-a-menos-de-una-semana-de-las-elecciones\/","og_site_name":"Converses a Catalunya","article_published_time":"2024-06-03T10:38:27+00:00","article_modified_time":"2024-06-04T05:51:55+00:00","og_image":[{"width":709,"height":404,"url":"https:\/\/conversesacatalunya.cat\/wp-content\/uploads\/2024\/06\/elecciones-2024.jpg","type":"image\/jpeg"}],"author":"conversesacatalunya","twitter_card":"summary_large_image","twitter_misc":{"Escrito por":"conversesacatalunya","Tiempo de lectura":"3 minutos"},"schema":{"@context":"https:\/\/schema.org","@graph":[{"@type":"Article","@id":"https:\/\/conversesacatalunya.cat\/es\/resultados-de-todas-las-ultimas-encuestas-a-menos-de-una-semana-de-las-elecciones\/#article","isPartOf":{"@id":"https:\/\/conversesacatalunya.cat\/es\/resultados-de-todas-las-ultimas-encuestas-a-menos-de-una-semana-de-las-elecciones\/"},"author":{"name":"conversesacatalunya","@id":"https:\/\/conversesacatalunya.cat\/#\/schema\/person\/7e24d1e54a2785373ddcb275eae5ed99"},"headline":"Resultados de todas las \u00faltimas encuestas a menos de una semana de las elecciones","datePublished":"2024-06-03T10:38:27+00:00","dateModified":"2024-06-04T05:51:55+00:00","mainEntityOfPage":{"@id":"https:\/\/conversesacatalunya.cat\/es\/resultados-de-todas-las-ultimas-encuestas-a-menos-de-una-semana-de-las-elecciones\/"},"wordCount":710,"commentCount":0,"image":{"@id":"https:\/\/conversesacatalunya.cat\/es\/resultados-de-todas-las-ultimas-encuestas-a-menos-de-una-semana-de-las-elecciones\/#primaryimage"},"thumbnailUrl":"https:\/\/conversesacatalunya.cat\/wp-content\/uploads\/2024\/06\/elecciones-2024.jpg","keywords":["Elecciones europeas 2024","Eleccions europees 2024"],"articleSection":["Punts clau del dia (ES)"],"inLanguage":"es","potentialAction":[{"@type":"CommentAction","name":"Comment","target":["https:\/\/conversesacatalunya.cat\/es\/resultados-de-todas-las-ultimas-encuestas-a-menos-de-una-semana-de-las-elecciones\/#respond"]}]},{"@type":"WebPage","@id":"https:\/\/conversesacatalunya.cat\/es\/resultados-de-todas-las-ultimas-encuestas-a-menos-de-una-semana-de-las-elecciones\/","url":"https:\/\/conversesacatalunya.cat\/es\/resultados-de-todas-las-ultimas-encuestas-a-menos-de-una-semana-de-las-elecciones\/","name":"Resultados de todas las \u00faltimas encuestas a menos de una semana de las elecciones - Converses a Catalunya","isPartOf":{"@id":"https:\/\/conversesacatalunya.cat\/#website"},"primaryImageOfPage":{"@id":"https:\/\/conversesacatalunya.cat\/es\/resultados-de-todas-las-ultimas-encuestas-a-menos-de-una-semana-de-las-elecciones\/#primaryimage"},"image":{"@id":"https:\/\/conversesacatalunya.cat\/es\/resultados-de-todas-las-ultimas-encuestas-a-menos-de-una-semana-de-las-elecciones\/#primaryimage"},"thumbnailUrl":"https:\/\/conversesacatalunya.cat\/wp-content\/uploads\/2024\/06\/elecciones-2024.jpg","datePublished":"2024-06-03T10:38:27+00:00","dateModified":"2024-06-04T05:51:55+00:00","author":{"@id":"https:\/\/conversesacatalunya.cat\/#\/schema\/person\/7e24d1e54a2785373ddcb275eae5ed99"},"description":"Una cuesti\u00f3n no menor es si S\u00e1nchez supera o no el 30% de los votos","breadcrumb":{"@id":"https:\/\/conversesacatalunya.cat\/es\/resultados-de-todas-las-ultimas-encuestas-a-menos-de-una-semana-de-las-elecciones\/#breadcrumb"},"inLanguage":"es","potentialAction":[{"@type":"ReadAction","target":["https:\/\/conversesacatalunya.cat\/es\/resultados-de-todas-las-ultimas-encuestas-a-menos-de-una-semana-de-las-elecciones\/"]}]},{"@type":"ImageObject","inLanguage":"es","@id":"https:\/\/conversesacatalunya.cat\/es\/resultados-de-todas-las-ultimas-encuestas-a-menos-de-una-semana-de-las-elecciones\/#primaryimage","url":"https:\/\/conversesacatalunya.cat\/wp-content\/uploads\/2024\/06\/elecciones-2024.jpg","contentUrl":"https:\/\/conversesacatalunya.cat\/wp-content\/uploads\/2024\/06\/elecciones-2024.jpg","width":709,"height":404},{"@type":"BreadcrumbList","@id":"https:\/\/conversesacatalunya.cat\/es\/resultados-de-todas-las-ultimas-encuestas-a-menos-de-una-semana-de-las-elecciones\/#breadcrumb","itemListElement":[{"@type":"ListItem","position":1,"name":"Inici","item":"https:\/\/conversesacatalunya.cat\/es\/"},{"@type":"ListItem","position":2,"name":"Resultados de todas las \u00faltimas encuestas a menos de una semana de las elecciones"}]},{"@type":"WebSite","@id":"https:\/\/conversesacatalunya.cat\/#website","url":"https:\/\/conversesacatalunya.cat\/","name":"Converses a Catalunya","description":"","potentialAction":[{"@type":"SearchAction","target":{"@type":"EntryPoint","urlTemplate":"https:\/\/conversesacatalunya.cat\/?s={search_term_string}"},"query-input":{"@type":"PropertyValueSpecification","valueRequired":true,"valueName":"search_term_string"}}],"inLanguage":"es"},{"@type":"Person","@id":"https:\/\/conversesacatalunya.cat\/#\/schema\/person\/7e24d1e54a2785373ddcb275eae5ed99","name":"conversesacatalunya","image":{"@type":"ImageObject","inLanguage":"es","@id":"https:\/\/conversesacatalunya.cat\/#\/schema\/person\/image\/","url":"https:\/\/conversesacatalunya.cat\/wp-content\/litespeed\/avatar\/febdfeeec89d950f01c748045a981dd2.jpg?ver=1777314535","contentUrl":"https:\/\/conversesacatalunya.cat\/wp-content\/litespeed\/avatar\/febdfeeec89d950f01c748045a981dd2.jpg?ver=1777314535","caption":"conversesacatalunya"},"url":"https:\/\/conversesacatalunya.cat\/es\/author\/carme_catala\/"}]}},"wps_subtitle":"Una cuesti\u00f3n no menor es si S\u00e1nchez supera o no el 30% de los votos","_links":{"self":[{"href":"https:\/\/conversesacatalunya.cat\/es\/wp-json\/wp\/v2\/posts\/78549","targetHints":{"allow":["GET"]}}],"collection":[{"href":"https:\/\/conversesacatalunya.cat\/es\/wp-json\/wp\/v2\/posts"}],"about":[{"href":"https:\/\/conversesacatalunya.cat\/es\/wp-json\/wp\/v2\/types\/post"}],"author":[{"embeddable":true,"href":"https:\/\/conversesacatalunya.cat\/es\/wp-json\/wp\/v2\/users\/2"}],"replies":[{"embeddable":true,"href":"https:\/\/conversesacatalunya.cat\/es\/wp-json\/wp\/v2\/comments?post=78549"}],"version-history":[{"count":3,"href":"https:\/\/conversesacatalunya.cat\/es\/wp-json\/wp\/v2\/posts\/78549\/revisions"}],"predecessor-version":[{"id":78564,"href":"https:\/\/conversesacatalunya.cat\/es\/wp-json\/wp\/v2\/posts\/78549\/revisions\/78564"}],"wp:featuredmedia":[{"embeddable":true,"href":"https:\/\/conversesacatalunya.cat\/es\/wp-json\/wp\/v2\/media\/78536"}],"wp:attachment":[{"href":"https:\/\/conversesacatalunya.cat\/es\/wp-json\/wp\/v2\/media?parent=78549"}],"wp:term":[{"taxonomy":"category","embeddable":true,"href":"https:\/\/conversesacatalunya.cat\/es\/wp-json\/wp\/v2\/categories?post=78549"},{"taxonomy":"post_tag","embeddable":true,"href":"https:\/\/conversesacatalunya.cat\/es\/wp-json\/wp\/v2\/tags?post=78549"}],"curies":[{"name":"wp","href":"https:\/\/api.w.org\/{rel}","templated":true}]}}