{"id":78445,"date":"2024-05-30T13:03:01","date_gmt":"2024-05-30T11:03:01","guid":{"rendered":"https:\/\/conversesacatalunya.cat\/molt-creixement-economic-molt-govern-progressista-pero-cada-vegada-hi-ha-mes-pobres\/"},"modified":"2024-05-30T13:45:30","modified_gmt":"2024-05-30T11:45:30","slug":"mucho-crecimiento-economico-mucho-gobierno-progresista-pero-cada-vez-hay-mas-pobres","status":"publish","type":"post","link":"https:\/\/conversesacatalunya.cat\/es\/mucho-crecimiento-economico-mucho-gobierno-progresista-pero-cada-vez-hay-mas-pobres\/","title":{"rendered":"Mucho crecimiento econ\u00f3mico, mucho gobierno progresista, pero cada vez hay m\u00e1s pobres"},"content":{"rendered":"<p><span>Trabajamos la mayor parte del a\u00f1o para el Estado. Entre 6 y 7 meses de nuestros ingresos van a parar a las administraciones p\u00fablicas. Esto explica que el gasto p\u00fablico sea muy importante. El 46,4% del PIB; en otras palabras, de cada 2 euros que circulan casi 1 es gastado por las administraciones p\u00fablicas, pero por lo que se ve toda esta inmensa monta\u00f1a de dinero que se traspasa de nuestros bolsillos al Estado no sirve para atenuar los <\/span><strong><span>problemas de pobreza,<\/span><\/strong><span>\u00a0que cada vez son m\u00e1s patentes, a pesar de los 5 a\u00f1os ya de gobierno progresista de Pedro S\u00e1nchez.<\/span><\/p>\n<p><span>En estos momentos, y seg\u00fan C\u00e1ritas, los comedores sociales y los Bancos de Alimentos se encuentran una vez m\u00e1s desbordados por la demanda. Pero lo peor es que pr\u00e1cticamente la mitad de las personas que acuden a este \u00faltimo recurso es gente que tiene trabajo, que trabaja, que figura en la lista de las altas en la Seguridad Social.<\/span><\/p>\n<p><span>Pero no es s\u00f3lo la demanda y el tipo que hace que gente que trabaja sea pobre, sino que a la hora de la verdad cuando se trata de resolver necesidades humanas tan b\u00e1sicas como la alimentaci\u00f3n, tengan que hacerse cargo de ella, ONG y organizaciones de la Iglesia porque sencillamente <\/span><strong><span>el gobierno del Estado no llega<\/span><\/strong><span>.<\/span><\/p>\n<p><span>Que haya tanta gente necesitada que tiene trabajo se cuenta en otro informe de C\u00e1ritas presentado en la Universidad Abat Oliba, donde se\u00f1ala que el presupuesto de referencia para una persona sola en Extremadura es de 1.144 euros al mes y en Catalu\u00f1a de 1.370. Si se trata de una pareja con dos hijos menores, la cifra se incrementa respectivamente hasta los 2.497 euros al mes y los 2.813 en el caso catal\u00e1n, pero resulta que el salario m\u00ednimo interprofesional para 2024 es de 1.134 euros, que apenas sirve para mantener a una persona en Extremadura y no llega al nivel b\u00e1sico en Catalu\u00f1a. Y esto, y \u00e9ste es un m\u00e9rito del gobierno, que ha sufrido un continuado incremento en los \u00faltimos tiempos, pero\u00a0<\/span><strong><span>la inflaci\u00f3n ha recortado sustancialmente el poder adquisitivo<\/span><\/strong><span>\u00a0real de estos incrementos.<\/span><\/p>\n<p><span>Pero el problema va m\u00e1s all\u00e1. Seg\u00fan un estudio de UGT realizado de acuerdo con las estad\u00edsticas salariales de la Agencia Tributaria, resulta que m\u00e1s de 7 millones de trabajadores (7,162 millones), es decir, una tercera parte del total, cobran el salario m\u00ednimo o menos, una cifra que se eleva mucho m\u00e1s, hasta el 80% en el caso de los j\u00f3venes. Este hecho de cobrar menos que el salario m\u00ednimo es consecuencia de que su contrato contempla menos horas de trabajo que las que regulan esta retribuci\u00f3n. Por otra parte, de esa cifra de m\u00e1s de 7 millones, 3,8 millones cobran entre la mitad y por debajo del salario m\u00ednimo. Aqu\u00ed tenemos la explicaci\u00f3n de por qu\u00e9 gente que tiene contrato es usuaria regular de comedores sociales y de los Bancos de Alimentos.<\/span><\/p>\n<p><span>El gobierno espa\u00f1ol se\u00f1ala con el dedo para que miremos hacia el <\/span><strong><span>crecimiento del PIB,<\/span><\/strong><span>\u00a0que es mucho mejor que el del entorno europeo. Pero nada dice de c\u00f3mo este hecho se traduce en ingresos para la gente, que es en definitiva lo que cuenta. Periodistas que hacen informaci\u00f3n de partido contribuyen a generar esta confusi\u00f3n cantando las excelencias del gobierno. Por ejemplo Emma Riverola criticaba a toda p\u00e1gina a Felipe Gonz\u00e1lez y acusaba de no decir ni una sola palabra de los \u201clogros del gobierno de coalici\u00f3n progresista. Ni para valorar las medidas sociales aprobadas, ni el\u00a0<\/span><strong><span>crecimiento econ\u00f3mico<\/span><\/strong><span>, la reducci\u00f3n de la deuda externa, ni el peso creciente de Espa\u00f1a en el \u00e1mbito internacional\u201d. Se repite el mantra del crecimiento sin m\u00e1s, se habla de la reducci\u00f3n de la deuda, algo que es cierto en temas relativos porque el PIB crece, pero es falso en t\u00e9rminos absolutos, que tambi\u00e9n es lo que cuenta, porque cada vez, cada ciudadano tiene una mochila de deuda p\u00fablica, expresada en euros, mayor.<\/span><\/p>\n<p><span>Los m\u00e1s perjudicados por esta situaci\u00f3n son las familias con hijos, que alimentan el grosor de la pobreza. Lo m\u00e1s escandaloso de todo, m\u00e1s cuando un gobierno se jacta de progresista y de \u00e9xitos econ\u00f3micos, es que Espa\u00f1a tiene el dudoso honor de ser, junto a Ruman\u00eda, el l\u00edder <\/span><strong><span>de la pobreza infantil en la UE,<\/span><\/strong><span> y es l\u00f3gico. El gasto medio por hijo es de 670 euros al mes. Compare esto con el salario m\u00ednimo o con el salario m\u00e1s frecuente, que para 2023 era de 18.502 euros y se podr\u00e1 constatar que si se tienen 2 hijos la mayor parte del ingreso ya ha desaparecido. Y es que Espa\u00f1a, mejor dicho el gobierno espa\u00f1ol, es miserable a la hora de ayudar a estas familias. S\u00f3lo otorga 100 euros al mes por menores de 3 a\u00f1os.<\/span><\/p>\n<div id=\"polls-244\" class=\"wp-polls\">\n\t<form id=\"polls_form_244\" class=\"wp-polls-form\" action=\"\/index.php\" method=\"post\">\n\t\t<p style=\"display: none;\"><input type=\"hidden\" id=\"poll_244_nonce\" name=\"wp-polls-nonce\" value=\"58eae014c4\" \/><\/p>\n\t\t<p style=\"display: none;\"><input type=\"hidden\" name=\"poll_id\" value=\"244\" \/><\/p>\n\t\t<p style=\"text-align: center\"><strong>Est\u00e0s d'acord que Espanya reconegui a Palestina com a Estat?<\/strong><\/p><div id=\"polls-244-ans\" class=\"wp-polls-ans\"><ul class=\"wp-polls-ul\">\n\t\t<li><input type=\"radio\" id=\"poll-answer-684\" name=\"poll_244\" value=\"684\" \/> <label for=\"poll-answer-684\">S\u00ed<\/label><\/li>\n\t\t<li><input type=\"radio\" id=\"poll-answer-685\" name=\"poll_244\" value=\"685\" \/> <label for=\"poll-answer-685\">No<\/label><\/li>\n\t\t<li><input type=\"radio\" id=\"poll-answer-686\" name=\"poll_244\" value=\"686\" \/> <label for=\"poll-answer-686\">No ho s\u00e9<\/label><\/li>\n\t\t<\/ul><p style=\"text-align: center\"><input type=\"button\" name=\"vote\" value=\"   Vota   \" class=\"Buttons\" onclick=\"poll_vote(244);\" \/><\/p><p style=\"text-align: center\"><a href=\"#ViewPollResults\" onclick=\"poll_result(244); return false;\" title=\"View Results Of This Poll\">Mira els resultats<\/a><\/p><\/div>\n\t<\/form>\n<\/div>\n<div id=\"polls-244-loading\" class=\"wp-polls-loading\"><img decoding=\"async\" data-src=\"https:\/\/conversesacatalunya.cat\/wp-content\/plugins\/wp-polls\/images\/loading.gif\" width=\"16\" height=\"16\" alt=\"Cargando ...\" title=\"Cargando ...\" class=\"wp-polls-image lazyload\" src=\"data:image\/svg+xml;base64,PHN2ZyB3aWR0aD0iMSIgaGVpZ2h0PSIxIiB4bWxucz0iaHR0cDovL3d3dy53My5vcmcvMjAwMC9zdmciPjwvc3ZnPg==\" style=\"--smush-placeholder-width: 16px; --smush-placeholder-aspect-ratio: 16\/16;\" \/>&nbsp;Cargando ...<\/div>\n\n","protected":false},"excerpt":{"rendered":"<p>Trabajamos la mayor parte del a\u00f1o para el Estado. Entre 6 y 7 meses de nuestros ingresos van a parar a las administraciones p\u00fablicas. Esto explica que el gasto p\u00fablico sea muy importante. El 46,4% del PIB; en otras palabras, de cada 2 euros que circulan casi 1 es gastado por las administraciones p\u00fablicas, pero por lo que se ve toda esta inmensa monta\u00f1a de dinero que se traspasa de nuestros bolsillos al Estado no sirve para atenuar los problemas de pobreza,\u00a0que cada vez son m\u00e1s patentes, a pesar de los 5 a\u00f1os ya de gobierno progresista de Pedro S\u00e1nchez. En estos momentos, y seg\u00fan C\u00e1ritas, los comedores sociales y los Bancos de Alimentos se encuentran una vez m\u00e1s desbordados por la demanda. Pero lo peor es que pr\u00e1cticamente la mitad de las personas que acuden a este \u00faltimo recurso es gente que tiene trabajo, que trabaja, que figura en la lista de las altas en la Seguridad Social. Pero no es s\u00f3lo la demanda y el tipo que hace que gente que trabaja sea pobre, sino que a la hora de la verdad cuando se trata de resolver necesidades humanas tan b\u00e1sicas como la alimentaci\u00f3n, tengan que hacerse cargo de ella, ONG y organizaciones de la Iglesia porque sencillamente el gobierno del Estado no llega. Que haya tanta gente necesitada que tiene trabajo se cuenta en otro informe de C\u00e1ritas presentado en la Universidad Abat Oliba, donde se\u00f1ala que el presupuesto de referencia para una persona sola en Extremadura es de 1.144 euros al mes y en Catalu\u00f1a de 1.370. Si se trata de una pareja con dos hijos menores, la cifra se incrementa respectivamente hasta los 2.497 euros al mes y los 2.813 en el caso catal\u00e1n, pero resulta que el salario m\u00ednimo interprofesional para 2024 es de 1.134 euros, que apenas sirve para mantener a una persona en Extremadura y no llega al nivel b\u00e1sico en Catalu\u00f1a. Y esto, y \u00e9ste es un m\u00e9rito del gobierno, que ha sufrido un continuado incremento en los \u00faltimos tiempos, pero\u00a0la inflaci\u00f3n ha recortado sustancialmente el poder adquisitivo\u00a0real de estos incrementos. Pero el problema va m\u00e1s all\u00e1. Seg\u00fan un estudio de UGT realizado de acuerdo con las estad\u00edsticas salariales de la Agencia Tributaria, resulta que m\u00e1s de 7 millones de trabajadores (7,162 millones), es decir, una tercera parte del total, cobran el salario m\u00ednimo o menos, una cifra que se eleva mucho m\u00e1s, hasta el 80% en el caso de los j\u00f3venes. Este hecho de cobrar menos que el salario m\u00ednimo es consecuencia de que su contrato contempla menos horas de trabajo que las que regulan esta retribuci\u00f3n. Por otra parte, de esa cifra de m\u00e1s de 7 millones, 3,8 millones cobran entre la mitad y por debajo del salario m\u00ednimo. Aqu\u00ed tenemos la explicaci\u00f3n de por qu\u00e9 gente que tiene contrato es usuaria regular de comedores sociales y de los Bancos de Alimentos. El gobierno espa\u00f1ol se\u00f1ala con el dedo para que miremos hacia el crecimiento del PIB,\u00a0que es mucho mejor que el del entorno europeo. Pero nada dice de c\u00f3mo este hecho se traduce en ingresos para la gente, que es en definitiva lo que cuenta. Periodistas que hacen informaci\u00f3n de partido contribuyen a generar esta confusi\u00f3n cantando las excelencias del gobierno. Por ejemplo Emma Riverola criticaba a toda p\u00e1gina a Felipe Gonz\u00e1lez y acusaba de no decir ni una sola palabra de los \u201clogros del gobierno de coalici\u00f3n progresista. Ni para valorar las medidas sociales aprobadas, ni el\u00a0crecimiento econ\u00f3mico, la reducci\u00f3n de la deuda externa, ni el peso creciente de Espa\u00f1a en el \u00e1mbito internacional\u201d. Se repite el mantra del crecimiento sin m\u00e1s, se habla de la reducci\u00f3n de la deuda, algo que es cierto en temas relativos porque el PIB crece, pero es falso en t\u00e9rminos absolutos, que tambi\u00e9n es lo que cuenta, porque cada vez, cada ciudadano tiene una mochila de deuda p\u00fablica, expresada en euros, mayor. Los m\u00e1s perjudicados por esta situaci\u00f3n son las familias con hijos, que alimentan el grosor de la pobreza. Lo m\u00e1s escandaloso de todo, m\u00e1s cuando un gobierno se jacta de progresista y de \u00e9xitos econ\u00f3micos, es que Espa\u00f1a tiene el dudoso honor de ser, junto a Ruman\u00eda, el l\u00edder de la pobreza infantil en la UE, y es l\u00f3gico. El gasto medio por hijo es de 670 euros al mes. Compare esto con el salario m\u00ednimo o con el salario m\u00e1s frecuente, que para 2023 era de 18.502 euros y se podr\u00e1 constatar que si se tienen 2 hijos la mayor parte del ingreso ya ha desaparecido. Y es que Espa\u00f1a, mejor dicho el gobierno espa\u00f1ol, es miserable a la hora de ayudar a estas familias. S\u00f3lo otorga 100 euros al mes por menores de 3 a\u00f1os.<\/p>\n","protected":false},"author":80,"featured_media":78432,"comment_status":"open","ping_status":"open","sticky":false,"template":"","format":"standard","meta":{"_FSMCFIC_featured_image_caption":"","_FSMCFIC_featured_image_nocaption":"","_FSMCFIC_featured_image_hide":"","footnotes":""},"categories":[806],"tags":[978,984],"class_list":["post-78445","post","type-post","status-publish","format-standard","has-post-thumbnail","hentry","category-punts-claus-del-dia-es","tag-pobresa-es","tag-pobreza"],"yoast_head":"<!-- This site is optimized with the Yoast SEO plugin v26.8 - https:\/\/yoast.com\/product\/yoast-seo-wordpress\/ -->\n<title>Mucho crecimiento econ\u00f3mico, mucho gobierno progresista, pero cada vez hay m\u00e1s pobres - Converses a Catalunya<\/title>\n<meta name=\"robots\" content=\"index, follow, max-snippet:-1, max-image-preview:large, max-video-preview:-1\" \/>\n<link rel=\"canonical\" href=\"https:\/\/conversesacatalunya.cat\/es\/mucho-crecimiento-economico-mucho-gobierno-progresista-pero-cada-vez-hay-mas-pobres\/\" \/>\n<meta property=\"og:locale\" content=\"es_ES\" \/>\n<meta property=\"og:type\" content=\"article\" \/>\n<meta property=\"og:title\" content=\"Mucho crecimiento econ\u00f3mico, mucho gobierno progresista, pero cada vez hay m\u00e1s pobres - Converses a Catalunya\" \/>\n<meta property=\"og:description\" content=\"Trabajamos la mayor parte del a\u00f1o para el Estado. Entre 6 y 7 meses de nuestros ingresos van a parar a las administraciones p\u00fablicas. Esto explica que el gasto p\u00fablico sea muy importante. El 46,4% del PIB; en otras palabras, de cada 2 euros que circulan casi 1 es gastado por las administraciones p\u00fablicas, pero por lo que se ve toda esta inmensa monta\u00f1a de dinero que se traspasa de nuestros bolsillos al Estado no sirve para atenuar los problemas de pobreza,\u00a0que cada vez son m\u00e1s patentes, a pesar de los 5 a\u00f1os ya de gobierno progresista de Pedro S\u00e1nchez. En estos momentos, y seg\u00fan C\u00e1ritas, los comedores sociales y los Bancos de Alimentos se encuentran una vez m\u00e1s desbordados por la demanda. Pero lo peor es que pr\u00e1cticamente la mitad de las personas que acuden a este \u00faltimo recurso es gente que tiene trabajo, que trabaja, que figura en la lista de las altas en la Seguridad Social. Pero no es s\u00f3lo la demanda y el tipo que hace que gente que trabaja sea pobre, sino que a la hora de la verdad cuando se trata de resolver necesidades humanas tan b\u00e1sicas como la alimentaci\u00f3n, tengan que hacerse cargo de ella, ONG y organizaciones de la Iglesia porque sencillamente el gobierno del Estado no llega. Que haya tanta gente necesitada que tiene trabajo se cuenta en otro informe de C\u00e1ritas presentado en la Universidad Abat Oliba, donde se\u00f1ala que el presupuesto de referencia para una persona sola en Extremadura es de 1.144 euros al mes y en Catalu\u00f1a de 1.370. Si se trata de una pareja con dos hijos menores, la cifra se incrementa respectivamente hasta los 2.497 euros al mes y los 2.813 en el caso catal\u00e1n, pero resulta que el salario m\u00ednimo interprofesional para 2024 es de 1.134 euros, que apenas sirve para mantener a una persona en Extremadura y no llega al nivel b\u00e1sico en Catalu\u00f1a. Y esto, y \u00e9ste es un m\u00e9rito del gobierno, que ha sufrido un continuado incremento en los \u00faltimos tiempos, pero\u00a0la inflaci\u00f3n ha recortado sustancialmente el poder adquisitivo\u00a0real de estos incrementos. Pero el problema va m\u00e1s all\u00e1. Seg\u00fan un estudio de UGT realizado de acuerdo con las estad\u00edsticas salariales de la Agencia Tributaria, resulta que m\u00e1s de 7 millones de trabajadores (7,162 millones), es decir, una tercera parte del total, cobran el salario m\u00ednimo o menos, una cifra que se eleva mucho m\u00e1s, hasta el 80% en el caso de los j\u00f3venes. Este hecho de cobrar menos que el salario m\u00ednimo es consecuencia de que su contrato contempla menos horas de trabajo que las que regulan esta retribuci\u00f3n. Por otra parte, de esa cifra de m\u00e1s de 7 millones, 3,8 millones cobran entre la mitad y por debajo del salario m\u00ednimo. Aqu\u00ed tenemos la explicaci\u00f3n de por qu\u00e9 gente que tiene contrato es usuaria regular de comedores sociales y de los Bancos de Alimentos. El gobierno espa\u00f1ol se\u00f1ala con el dedo para que miremos hacia el crecimiento del PIB,\u00a0que es mucho mejor que el del entorno europeo. Pero nada dice de c\u00f3mo este hecho se traduce en ingresos para la gente, que es en definitiva lo que cuenta. Periodistas que hacen informaci\u00f3n de partido contribuyen a generar esta confusi\u00f3n cantando las excelencias del gobierno. Por ejemplo Emma Riverola criticaba a toda p\u00e1gina a Felipe Gonz\u00e1lez y acusaba de no decir ni una sola palabra de los \u201clogros del gobierno de coalici\u00f3n progresista. Ni para valorar las medidas sociales aprobadas, ni el\u00a0crecimiento econ\u00f3mico, la reducci\u00f3n de la deuda externa, ni el peso creciente de Espa\u00f1a en el \u00e1mbito internacional\u201d. Se repite el mantra del crecimiento sin m\u00e1s, se habla de la reducci\u00f3n de la deuda, algo que es cierto en temas relativos porque el PIB crece, pero es falso en t\u00e9rminos absolutos, que tambi\u00e9n es lo que cuenta, porque cada vez, cada ciudadano tiene una mochila de deuda p\u00fablica, expresada en euros, mayor. Los m\u00e1s perjudicados por esta situaci\u00f3n son las familias con hijos, que alimentan el grosor de la pobreza. Lo m\u00e1s escandaloso de todo, m\u00e1s cuando un gobierno se jacta de progresista y de \u00e9xitos econ\u00f3micos, es que Espa\u00f1a tiene el dudoso honor de ser, junto a Ruman\u00eda, el l\u00edder de la pobreza infantil en la UE, y es l\u00f3gico. El gasto medio por hijo es de 670 euros al mes. Compare esto con el salario m\u00ednimo o con el salario m\u00e1s frecuente, que para 2023 era de 18.502 euros y se podr\u00e1 constatar que si se tienen 2 hijos la mayor parte del ingreso ya ha desaparecido. Y es que Espa\u00f1a, mejor dicho el gobierno espa\u00f1ol, es miserable a la hora de ayudar a estas familias. S\u00f3lo otorga 100 euros al mes por menores de 3 a\u00f1os.\" \/>\n<meta property=\"og:url\" content=\"https:\/\/conversesacatalunya.cat\/es\/mucho-crecimiento-economico-mucho-gobierno-progresista-pero-cada-vez-hay-mas-pobres\/\" \/>\n<meta property=\"og:site_name\" content=\"Converses a Catalunya\" \/>\n<meta property=\"article:published_time\" content=\"2024-05-30T11:03:01+00:00\" \/>\n<meta property=\"article:modified_time\" content=\"2024-05-30T11:45:30+00:00\" \/>\n<meta property=\"og:image\" content=\"https:\/\/conversesacatalunya.cat\/wp-content\/uploads\/2024\/05\/pobresa.jpg\" \/>\n\t<meta property=\"og:image:width\" content=\"1500\" \/>\n\t<meta property=\"og:image:height\" content=\"1001\" \/>\n\t<meta property=\"og:image:type\" content=\"image\/jpeg\" \/>\n<meta name=\"author\" content=\"N\u00faria Freixa\" \/>\n<meta name=\"twitter:card\" content=\"summary_large_image\" \/>\n<meta name=\"twitter:label1\" content=\"Escrito por\" \/>\n\t<meta name=\"twitter:data1\" content=\"N\u00faria Freixa\" \/>\n\t<meta name=\"twitter:label2\" content=\"Tiempo de lectura\" \/>\n\t<meta name=\"twitter:data2\" content=\"4 minutos\" \/>\n<script type=\"application\/ld+json\" class=\"yoast-schema-graph\">{\"@context\":\"https:\/\/schema.org\",\"@graph\":[{\"@type\":\"Article\",\"@id\":\"https:\/\/conversesacatalunya.cat\/es\/mucho-crecimiento-economico-mucho-gobierno-progresista-pero-cada-vez-hay-mas-pobres\/#article\",\"isPartOf\":{\"@id\":\"https:\/\/conversesacatalunya.cat\/es\/mucho-crecimiento-economico-mucho-gobierno-progresista-pero-cada-vez-hay-mas-pobres\/\"},\"author\":{\"name\":\"N\u00faria Freixa\",\"@id\":\"https:\/\/conversesacatalunya.cat\/#\/schema\/person\/b734752c25b328c819a407cbea568c1f\"},\"headline\":\"Mucho crecimiento econ\u00f3mico, mucho gobierno progresista, pero cada vez hay m\u00e1s pobres\",\"datePublished\":\"2024-05-30T11:03:01+00:00\",\"dateModified\":\"2024-05-30T11:45:30+00:00\",\"mainEntityOfPage\":{\"@id\":\"https:\/\/conversesacatalunya.cat\/es\/mucho-crecimiento-economico-mucho-gobierno-progresista-pero-cada-vez-hay-mas-pobres\/\"},\"wordCount\":853,\"commentCount\":0,\"image\":{\"@id\":\"https:\/\/conversesacatalunya.cat\/es\/mucho-crecimiento-economico-mucho-gobierno-progresista-pero-cada-vez-hay-mas-pobres\/#primaryimage\"},\"thumbnailUrl\":\"https:\/\/conversesacatalunya.cat\/wp-content\/uploads\/2024\/05\/pobresa.jpg\",\"keywords\":[\"pobresa\",\"pobreza\"],\"articleSection\":[\"Punts clau del dia (ES)\"],\"inLanguage\":\"es\",\"potentialAction\":[{\"@type\":\"CommentAction\",\"name\":\"Comment\",\"target\":[\"https:\/\/conversesacatalunya.cat\/es\/mucho-crecimiento-economico-mucho-gobierno-progresista-pero-cada-vez-hay-mas-pobres\/#respond\"]}]},{\"@type\":\"WebPage\",\"@id\":\"https:\/\/conversesacatalunya.cat\/es\/mucho-crecimiento-economico-mucho-gobierno-progresista-pero-cada-vez-hay-mas-pobres\/\",\"url\":\"https:\/\/conversesacatalunya.cat\/es\/mucho-crecimiento-economico-mucho-gobierno-progresista-pero-cada-vez-hay-mas-pobres\/\",\"name\":\"Mucho crecimiento econ\u00f3mico, mucho gobierno progresista, pero cada vez hay m\u00e1s pobres - Converses a Catalunya\",\"isPartOf\":{\"@id\":\"https:\/\/conversesacatalunya.cat\/#website\"},\"primaryImageOfPage\":{\"@id\":\"https:\/\/conversesacatalunya.cat\/es\/mucho-crecimiento-economico-mucho-gobierno-progresista-pero-cada-vez-hay-mas-pobres\/#primaryimage\"},\"image\":{\"@id\":\"https:\/\/conversesacatalunya.cat\/es\/mucho-crecimiento-economico-mucho-gobierno-progresista-pero-cada-vez-hay-mas-pobres\/#primaryimage\"},\"thumbnailUrl\":\"https:\/\/conversesacatalunya.cat\/wp-content\/uploads\/2024\/05\/pobresa.jpg\",\"datePublished\":\"2024-05-30T11:03:01+00:00\",\"dateModified\":\"2024-05-30T11:45:30+00:00\",\"author\":{\"@id\":\"https:\/\/conversesacatalunya.cat\/#\/schema\/person\/b734752c25b328c819a407cbea568c1f\"},\"breadcrumb\":{\"@id\":\"https:\/\/conversesacatalunya.cat\/es\/mucho-crecimiento-economico-mucho-gobierno-progresista-pero-cada-vez-hay-mas-pobres\/#breadcrumb\"},\"inLanguage\":\"es\",\"potentialAction\":[{\"@type\":\"ReadAction\",\"target\":[\"https:\/\/conversesacatalunya.cat\/es\/mucho-crecimiento-economico-mucho-gobierno-progresista-pero-cada-vez-hay-mas-pobres\/\"]}]},{\"@type\":\"ImageObject\",\"inLanguage\":\"es\",\"@id\":\"https:\/\/conversesacatalunya.cat\/es\/mucho-crecimiento-economico-mucho-gobierno-progresista-pero-cada-vez-hay-mas-pobres\/#primaryimage\",\"url\":\"https:\/\/conversesacatalunya.cat\/wp-content\/uploads\/2024\/05\/pobresa.jpg\",\"contentUrl\":\"https:\/\/conversesacatalunya.cat\/wp-content\/uploads\/2024\/05\/pobresa.jpg\",\"width\":1500,\"height\":1001},{\"@type\":\"BreadcrumbList\",\"@id\":\"https:\/\/conversesacatalunya.cat\/es\/mucho-crecimiento-economico-mucho-gobierno-progresista-pero-cada-vez-hay-mas-pobres\/#breadcrumb\",\"itemListElement\":[{\"@type\":\"ListItem\",\"position\":1,\"name\":\"Inici\",\"item\":\"https:\/\/conversesacatalunya.cat\/es\/\"},{\"@type\":\"ListItem\",\"position\":2,\"name\":\"Mucho crecimiento econ\u00f3mico, mucho gobierno progresista, pero cada vez hay m\u00e1s pobres\"}]},{\"@type\":\"WebSite\",\"@id\":\"https:\/\/conversesacatalunya.cat\/#website\",\"url\":\"https:\/\/conversesacatalunya.cat\/\",\"name\":\"Converses a Catalunya\",\"description\":\"\",\"potentialAction\":[{\"@type\":\"SearchAction\",\"target\":{\"@type\":\"EntryPoint\",\"urlTemplate\":\"https:\/\/conversesacatalunya.cat\/?s={search_term_string}\"},\"query-input\":{\"@type\":\"PropertyValueSpecification\",\"valueRequired\":true,\"valueName\":\"search_term_string\"}}],\"inLanguage\":\"es\"},{\"@type\":\"Person\",\"@id\":\"https:\/\/conversesacatalunya.cat\/#\/schema\/person\/b734752c25b328c819a407cbea568c1f\",\"name\":\"N\u00faria Freixa\",\"image\":{\"@type\":\"ImageObject\",\"inLanguage\":\"es\",\"@id\":\"https:\/\/conversesacatalunya.cat\/#\/schema\/person\/image\/\",\"url\":\"https:\/\/conversesacatalunya.cat\/wp-content\/litespeed\/avatar\/c3686e387186fed249338fe04729c597.jpg?ver=1777289182\",\"contentUrl\":\"https:\/\/conversesacatalunya.cat\/wp-content\/litespeed\/avatar\/c3686e387186fed249338fe04729c597.jpg?ver=1777289182\",\"caption\":\"N\u00faria Freixa\"},\"url\":\"https:\/\/conversesacatalunya.cat\/es\/author\/nuria_freixa\/\"}]}<\/script>\n<!-- \/ Yoast SEO plugin. -->","yoast_head_json":{"title":"Mucho crecimiento econ\u00f3mico, mucho gobierno progresista, pero cada vez hay m\u00e1s pobres - Converses a Catalunya","robots":{"index":"index","follow":"follow","max-snippet":"max-snippet:-1","max-image-preview":"max-image-preview:large","max-video-preview":"max-video-preview:-1"},"canonical":"https:\/\/conversesacatalunya.cat\/es\/mucho-crecimiento-economico-mucho-gobierno-progresista-pero-cada-vez-hay-mas-pobres\/","og_locale":"es_ES","og_type":"article","og_title":"Mucho crecimiento econ\u00f3mico, mucho gobierno progresista, pero cada vez hay m\u00e1s pobres - Converses a Catalunya","og_description":"Trabajamos la mayor parte del a\u00f1o para el Estado. Entre 6 y 7 meses de nuestros ingresos van a parar a las administraciones p\u00fablicas. Esto explica que el gasto p\u00fablico sea muy importante. El 46,4% del PIB; en otras palabras, de cada 2 euros que circulan casi 1 es gastado por las administraciones p\u00fablicas, pero por lo que se ve toda esta inmensa monta\u00f1a de dinero que se traspasa de nuestros bolsillos al Estado no sirve para atenuar los problemas de pobreza,\u00a0que cada vez son m\u00e1s patentes, a pesar de los 5 a\u00f1os ya de gobierno progresista de Pedro S\u00e1nchez. En estos momentos, y seg\u00fan C\u00e1ritas, los comedores sociales y los Bancos de Alimentos se encuentran una vez m\u00e1s desbordados por la demanda. Pero lo peor es que pr\u00e1cticamente la mitad de las personas que acuden a este \u00faltimo recurso es gente que tiene trabajo, que trabaja, que figura en la lista de las altas en la Seguridad Social. Pero no es s\u00f3lo la demanda y el tipo que hace que gente que trabaja sea pobre, sino que a la hora de la verdad cuando se trata de resolver necesidades humanas tan b\u00e1sicas como la alimentaci\u00f3n, tengan que hacerse cargo de ella, ONG y organizaciones de la Iglesia porque sencillamente el gobierno del Estado no llega. Que haya tanta gente necesitada que tiene trabajo se cuenta en otro informe de C\u00e1ritas presentado en la Universidad Abat Oliba, donde se\u00f1ala que el presupuesto de referencia para una persona sola en Extremadura es de 1.144 euros al mes y en Catalu\u00f1a de 1.370. Si se trata de una pareja con dos hijos menores, la cifra se incrementa respectivamente hasta los 2.497 euros al mes y los 2.813 en el caso catal\u00e1n, pero resulta que el salario m\u00ednimo interprofesional para 2024 es de 1.134 euros, que apenas sirve para mantener a una persona en Extremadura y no llega al nivel b\u00e1sico en Catalu\u00f1a. Y esto, y \u00e9ste es un m\u00e9rito del gobierno, que ha sufrido un continuado incremento en los \u00faltimos tiempos, pero\u00a0la inflaci\u00f3n ha recortado sustancialmente el poder adquisitivo\u00a0real de estos incrementos. Pero el problema va m\u00e1s all\u00e1. Seg\u00fan un estudio de UGT realizado de acuerdo con las estad\u00edsticas salariales de la Agencia Tributaria, resulta que m\u00e1s de 7 millones de trabajadores (7,162 millones), es decir, una tercera parte del total, cobran el salario m\u00ednimo o menos, una cifra que se eleva mucho m\u00e1s, hasta el 80% en el caso de los j\u00f3venes. Este hecho de cobrar menos que el salario m\u00ednimo es consecuencia de que su contrato contempla menos horas de trabajo que las que regulan esta retribuci\u00f3n. Por otra parte, de esa cifra de m\u00e1s de 7 millones, 3,8 millones cobran entre la mitad y por debajo del salario m\u00ednimo. Aqu\u00ed tenemos la explicaci\u00f3n de por qu\u00e9 gente que tiene contrato es usuaria regular de comedores sociales y de los Bancos de Alimentos. El gobierno espa\u00f1ol se\u00f1ala con el dedo para que miremos hacia el crecimiento del PIB,\u00a0que es mucho mejor que el del entorno europeo. Pero nada dice de c\u00f3mo este hecho se traduce en ingresos para la gente, que es en definitiva lo que cuenta. Periodistas que hacen informaci\u00f3n de partido contribuyen a generar esta confusi\u00f3n cantando las excelencias del gobierno. Por ejemplo Emma Riverola criticaba a toda p\u00e1gina a Felipe Gonz\u00e1lez y acusaba de no decir ni una sola palabra de los \u201clogros del gobierno de coalici\u00f3n progresista. Ni para valorar las medidas sociales aprobadas, ni el\u00a0crecimiento econ\u00f3mico, la reducci\u00f3n de la deuda externa, ni el peso creciente de Espa\u00f1a en el \u00e1mbito internacional\u201d. Se repite el mantra del crecimiento sin m\u00e1s, se habla de la reducci\u00f3n de la deuda, algo que es cierto en temas relativos porque el PIB crece, pero es falso en t\u00e9rminos absolutos, que tambi\u00e9n es lo que cuenta, porque cada vez, cada ciudadano tiene una mochila de deuda p\u00fablica, expresada en euros, mayor. Los m\u00e1s perjudicados por esta situaci\u00f3n son las familias con hijos, que alimentan el grosor de la pobreza. Lo m\u00e1s escandaloso de todo, m\u00e1s cuando un gobierno se jacta de progresista y de \u00e9xitos econ\u00f3micos, es que Espa\u00f1a tiene el dudoso honor de ser, junto a Ruman\u00eda, el l\u00edder de la pobreza infantil en la UE, y es l\u00f3gico. El gasto medio por hijo es de 670 euros al mes. Compare esto con el salario m\u00ednimo o con el salario m\u00e1s frecuente, que para 2023 era de 18.502 euros y se podr\u00e1 constatar que si se tienen 2 hijos la mayor parte del ingreso ya ha desaparecido. Y es que Espa\u00f1a, mejor dicho el gobierno espa\u00f1ol, es miserable a la hora de ayudar a estas familias. S\u00f3lo otorga 100 euros al mes por menores de 3 a\u00f1os.","og_url":"https:\/\/conversesacatalunya.cat\/es\/mucho-crecimiento-economico-mucho-gobierno-progresista-pero-cada-vez-hay-mas-pobres\/","og_site_name":"Converses a Catalunya","article_published_time":"2024-05-30T11:03:01+00:00","article_modified_time":"2024-05-30T11:45:30+00:00","og_image":[{"width":1500,"height":1001,"url":"https:\/\/conversesacatalunya.cat\/wp-content\/uploads\/2024\/05\/pobresa.jpg","type":"image\/jpeg"}],"author":"N\u00faria Freixa","twitter_card":"summary_large_image","twitter_misc":{"Escrito por":"N\u00faria Freixa","Tiempo de lectura":"4 minutos"},"schema":{"@context":"https:\/\/schema.org","@graph":[{"@type":"Article","@id":"https:\/\/conversesacatalunya.cat\/es\/mucho-crecimiento-economico-mucho-gobierno-progresista-pero-cada-vez-hay-mas-pobres\/#article","isPartOf":{"@id":"https:\/\/conversesacatalunya.cat\/es\/mucho-crecimiento-economico-mucho-gobierno-progresista-pero-cada-vez-hay-mas-pobres\/"},"author":{"name":"N\u00faria Freixa","@id":"https:\/\/conversesacatalunya.cat\/#\/schema\/person\/b734752c25b328c819a407cbea568c1f"},"headline":"Mucho crecimiento econ\u00f3mico, mucho gobierno progresista, pero cada vez hay m\u00e1s pobres","datePublished":"2024-05-30T11:03:01+00:00","dateModified":"2024-05-30T11:45:30+00:00","mainEntityOfPage":{"@id":"https:\/\/conversesacatalunya.cat\/es\/mucho-crecimiento-economico-mucho-gobierno-progresista-pero-cada-vez-hay-mas-pobres\/"},"wordCount":853,"commentCount":0,"image":{"@id":"https:\/\/conversesacatalunya.cat\/es\/mucho-crecimiento-economico-mucho-gobierno-progresista-pero-cada-vez-hay-mas-pobres\/#primaryimage"},"thumbnailUrl":"https:\/\/conversesacatalunya.cat\/wp-content\/uploads\/2024\/05\/pobresa.jpg","keywords":["pobresa","pobreza"],"articleSection":["Punts clau del dia (ES)"],"inLanguage":"es","potentialAction":[{"@type":"CommentAction","name":"Comment","target":["https:\/\/conversesacatalunya.cat\/es\/mucho-crecimiento-economico-mucho-gobierno-progresista-pero-cada-vez-hay-mas-pobres\/#respond"]}]},{"@type":"WebPage","@id":"https:\/\/conversesacatalunya.cat\/es\/mucho-crecimiento-economico-mucho-gobierno-progresista-pero-cada-vez-hay-mas-pobres\/","url":"https:\/\/conversesacatalunya.cat\/es\/mucho-crecimiento-economico-mucho-gobierno-progresista-pero-cada-vez-hay-mas-pobres\/","name":"Mucho crecimiento econ\u00f3mico, mucho gobierno progresista, pero cada vez hay m\u00e1s pobres - Converses a Catalunya","isPartOf":{"@id":"https:\/\/conversesacatalunya.cat\/#website"},"primaryImageOfPage":{"@id":"https:\/\/conversesacatalunya.cat\/es\/mucho-crecimiento-economico-mucho-gobierno-progresista-pero-cada-vez-hay-mas-pobres\/#primaryimage"},"image":{"@id":"https:\/\/conversesacatalunya.cat\/es\/mucho-crecimiento-economico-mucho-gobierno-progresista-pero-cada-vez-hay-mas-pobres\/#primaryimage"},"thumbnailUrl":"https:\/\/conversesacatalunya.cat\/wp-content\/uploads\/2024\/05\/pobresa.jpg","datePublished":"2024-05-30T11:03:01+00:00","dateModified":"2024-05-30T11:45:30+00:00","author":{"@id":"https:\/\/conversesacatalunya.cat\/#\/schema\/person\/b734752c25b328c819a407cbea568c1f"},"breadcrumb":{"@id":"https:\/\/conversesacatalunya.cat\/es\/mucho-crecimiento-economico-mucho-gobierno-progresista-pero-cada-vez-hay-mas-pobres\/#breadcrumb"},"inLanguage":"es","potentialAction":[{"@type":"ReadAction","target":["https:\/\/conversesacatalunya.cat\/es\/mucho-crecimiento-economico-mucho-gobierno-progresista-pero-cada-vez-hay-mas-pobres\/"]}]},{"@type":"ImageObject","inLanguage":"es","@id":"https:\/\/conversesacatalunya.cat\/es\/mucho-crecimiento-economico-mucho-gobierno-progresista-pero-cada-vez-hay-mas-pobres\/#primaryimage","url":"https:\/\/conversesacatalunya.cat\/wp-content\/uploads\/2024\/05\/pobresa.jpg","contentUrl":"https:\/\/conversesacatalunya.cat\/wp-content\/uploads\/2024\/05\/pobresa.jpg","width":1500,"height":1001},{"@type":"BreadcrumbList","@id":"https:\/\/conversesacatalunya.cat\/es\/mucho-crecimiento-economico-mucho-gobierno-progresista-pero-cada-vez-hay-mas-pobres\/#breadcrumb","itemListElement":[{"@type":"ListItem","position":1,"name":"Inici","item":"https:\/\/conversesacatalunya.cat\/es\/"},{"@type":"ListItem","position":2,"name":"Mucho crecimiento econ\u00f3mico, mucho gobierno progresista, pero cada vez hay m\u00e1s pobres"}]},{"@type":"WebSite","@id":"https:\/\/conversesacatalunya.cat\/#website","url":"https:\/\/conversesacatalunya.cat\/","name":"Converses a Catalunya","description":"","potentialAction":[{"@type":"SearchAction","target":{"@type":"EntryPoint","urlTemplate":"https:\/\/conversesacatalunya.cat\/?s={search_term_string}"},"query-input":{"@type":"PropertyValueSpecification","valueRequired":true,"valueName":"search_term_string"}}],"inLanguage":"es"},{"@type":"Person","@id":"https:\/\/conversesacatalunya.cat\/#\/schema\/person\/b734752c25b328c819a407cbea568c1f","name":"N\u00faria Freixa","image":{"@type":"ImageObject","inLanguage":"es","@id":"https:\/\/conversesacatalunya.cat\/#\/schema\/person\/image\/","url":"https:\/\/conversesacatalunya.cat\/wp-content\/litespeed\/avatar\/c3686e387186fed249338fe04729c597.jpg?ver=1777289182","contentUrl":"https:\/\/conversesacatalunya.cat\/wp-content\/litespeed\/avatar\/c3686e387186fed249338fe04729c597.jpg?ver=1777289182","caption":"N\u00faria Freixa"},"url":"https:\/\/conversesacatalunya.cat\/es\/author\/nuria_freixa\/"}]}},"wps_subtitle":"","_links":{"self":[{"href":"https:\/\/conversesacatalunya.cat\/es\/wp-json\/wp\/v2\/posts\/78445","targetHints":{"allow":["GET"]}}],"collection":[{"href":"https:\/\/conversesacatalunya.cat\/es\/wp-json\/wp\/v2\/posts"}],"about":[{"href":"https:\/\/conversesacatalunya.cat\/es\/wp-json\/wp\/v2\/types\/post"}],"author":[{"embeddable":true,"href":"https:\/\/conversesacatalunya.cat\/es\/wp-json\/wp\/v2\/users\/80"}],"replies":[{"embeddable":true,"href":"https:\/\/conversesacatalunya.cat\/es\/wp-json\/wp\/v2\/comments?post=78445"}],"version-history":[{"count":2,"href":"https:\/\/conversesacatalunya.cat\/es\/wp-json\/wp\/v2\/posts\/78445\/revisions"}],"predecessor-version":[{"id":78447,"href":"https:\/\/conversesacatalunya.cat\/es\/wp-json\/wp\/v2\/posts\/78445\/revisions\/78447"}],"wp:featuredmedia":[{"embeddable":true,"href":"https:\/\/conversesacatalunya.cat\/es\/wp-json\/wp\/v2\/media\/78432"}],"wp:attachment":[{"href":"https:\/\/conversesacatalunya.cat\/es\/wp-json\/wp\/v2\/media?parent=78445"}],"wp:term":[{"taxonomy":"category","embeddable":true,"href":"https:\/\/conversesacatalunya.cat\/es\/wp-json\/wp\/v2\/categories?post=78445"},{"taxonomy":"post_tag","embeddable":true,"href":"https:\/\/conversesacatalunya.cat\/es\/wp-json\/wp\/v2\/tags?post=78445"}],"curies":[{"name":"wp","href":"https:\/\/api.w.org\/{rel}","templated":true}]}}