{"id":78439,"date":"2024-05-30T13:11:50","date_gmt":"2024-05-30T11:11:50","guid":{"rendered":"https:\/\/conversesacatalunya.cat\/la-cursa-entre-trump-i-biden-qui-va-guanyant\/"},"modified":"2024-05-30T13:37:19","modified_gmt":"2024-05-30T11:37:19","slug":"la-carrera-entre-trump-y-biden-quien-va-ganando","status":"publish","type":"post","link":"https:\/\/conversesacatalunya.cat\/es\/la-carrera-entre-trump-y-biden-quien-va-ganando\/","title":{"rendered":"La carrera entre Trump y Biden. \u00bfQui\u00e9n va ganando?"},"content":{"rendered":"<p><span>Un factor determinante para un presidente que opta a la reelecci\u00f3n es el grado de aprobaci\u00f3n de su gesti\u00f3n. En este caso, Joe Biden lo tiene mal y seguramente si Donald Trump no polarizara tanto al electorado, la derrota del dem\u00f3crata en estos momentos ser\u00eda mucho m\u00e1s clara de lo que ahora lo es.<\/span><\/p>\n<p><span>En la actualidad\u00a0<\/span><strong><span>s\u00f3lo el 35% de los estadounidenses aprueba la gesti\u00f3n de Biden<\/span><\/strong><span> y un 62% la desaprueba. Cuando empez\u00f3 estas cifras estaban invertidas en el sentido de un 54% de aprobaci\u00f3n y un 42% de valoraci\u00f3n negativa. En estos 3 a\u00f1os esta \u00faltima se ha incrementado 20 puntos porcentuales (pp) y ha crecido un 50%. Es un p\u00e9simo balance.<\/span><\/p>\n<p><span>En funci\u00f3n de si es\u00a0<\/span><strong><span>dem\u00f3crata o republicano<\/span><\/strong><span>, las cifras de aprobaci\u00f3n son diferentes. Los dem\u00f3cratas lo aprueban en un 65%, aunque el punto de partida era del 86% o sea que tiene un apoyo mayoritario de su bando, pero tambi\u00e9n ha perdido 20 pp en lo que lleva de mandato. Los republicanos, por su parte, han pasado de una aceptaci\u00f3n del 16% a un p\u00edrrico 6%, en otras palabras, pr\u00e1cticamente ning\u00fan republicano valora bien a Biden.<\/span><\/p>\n<p><span>Quienes le desaprueban m\u00e1s <\/span><strong><span>de acuerdo con la etnia<\/span><\/strong><span>\u00a0son los blancos con un 66%, pero atenci\u00f3n, tambi\u00e9n es alta la cifra de hispanos (63%). Y tambi\u00e9n lo desaprueban entre los asi\u00e1ticos el 57% y entre los negros el 41%. Por tanto, el \u00fanico grupo social en el que tiene un aprobado es entre el votante negro.<\/span><\/p>\n<p><span>En\u00a0<\/span><strong><span>relaci\u00f3n con la edad<\/span><\/strong><span>, cuanto m\u00e1s joven es el votante m\u00e1s alta es la desaprobaci\u00f3n. Porque entre la gente de 18 a 29 a\u00f1os llega al 69% mientras que en la relaci\u00f3n hombre-mujer no tiene una diferencia significativa porque en ambos casos el rechazo se sit\u00faa en el 62%.<\/span><\/p>\n<p><span>A pesar de este mal balance como gobernante, las encuestas generales dan una\u00a0<\/span><strong><span>ventaja muy peque\u00f1a a Trump, 49% por 48%<\/span><\/strong><span>\u00a0. El votante de Biden tiene un mayor nivel de estudios, al contrario del candidato republicano, que tiene un perfil de votante con estudios medios y bajos y trabajadores blancos.<\/span><\/p>\n<p><span>Se observa cierto traspaso de voto de dem\u00f3cratas a republicanos, concretamente un 10% de los votantes registrados de 18 a 49 a\u00f1os que apoyaron a Biden en el 2020, ahora se inclinar\u00edan por Trump.<\/span><\/p>\n<p><span>Sin embargo, estas cifras globales no son demasiado \u00fatiles para la predicci\u00f3n, porque, como es sabido, lo que se acaba contabilizando no son los votos individuales sino los votos que tiene cada estado, y esto puede hacer, como ya ocurri\u00f3 en el pasado, que\u00a0<\/span><strong><span>el candidato ganador tenga menos votos que el perdedor<\/span><\/strong><span> porque ha acumulado muchas preferencias en un estado favorable, pero ha perdido por m\u00e1rgenes peque\u00f1os en estados en los que la cosa estaba en disputa. Son precisamente esa media docena de estados que acaban decidiendo las elecciones. De nada le sirve al candidato dem\u00f3crata ganar por goleada a California, porque tendr\u00e1 el mismo n\u00famero de votos estatales que si gana por un voto, y pierde por estrecho margen, por ejemplo, en Ohio que es que uno de esos estados que hacen balanza. Por el momento entre los 5 o 6 estados m\u00e1s disputados y donde se puede acabar decidiendo las elecciones, la ventaja es para Trump en 4 de ellos, 1 es indeciso y en 1 \u00faltimo las encuestas se\u00f1alan la victoria para Biden.<\/span><\/p>\n<p><span>Con este panorama: valoraci\u00f3n de la gesti\u00f3n del actual presidente, situaci\u00f3n media de las encuestas y distribuci\u00f3n de los resultados entre grupos \u00e9tnicos y por edad y previsi\u00f3n en los estados clave, en estos momentos, si la din\u00e1mica judicial que tiene atrapado a Trump no genera un \u00faltimo impacto negativo, indicar\u00eda que el ganador de las elecciones ser\u00eda el pol\u00e9mico candidato republicano.<\/span><\/p>\n<div id=\"polls-244\" class=\"wp-polls\">\n\t<form id=\"polls_form_244\" class=\"wp-polls-form\" action=\"\/index.php\" method=\"post\">\n\t\t<p style=\"display: none;\"><input type=\"hidden\" id=\"poll_244_nonce\" name=\"wp-polls-nonce\" value=\"c171c3863e\" \/><\/p>\n\t\t<p style=\"display: none;\"><input type=\"hidden\" name=\"poll_id\" value=\"244\" \/><\/p>\n\t\t<p style=\"text-align: center\"><strong>Est\u00e0s d'acord que Espanya reconegui a Palestina com a Estat?<\/strong><\/p><div id=\"polls-244-ans\" class=\"wp-polls-ans\"><ul class=\"wp-polls-ul\">\n\t\t<li><input type=\"radio\" id=\"poll-answer-684\" name=\"poll_244\" value=\"684\" \/> <label for=\"poll-answer-684\">S\u00ed<\/label><\/li>\n\t\t<li><input type=\"radio\" id=\"poll-answer-685\" name=\"poll_244\" value=\"685\" \/> <label for=\"poll-answer-685\">No<\/label><\/li>\n\t\t<li><input type=\"radio\" id=\"poll-answer-686\" name=\"poll_244\" value=\"686\" \/> <label for=\"poll-answer-686\">No ho s\u00e9<\/label><\/li>\n\t\t<\/ul><p style=\"text-align: center\"><input type=\"button\" name=\"vote\" value=\"   Vota   \" class=\"Buttons\" onclick=\"poll_vote(244);\" \/><\/p><p style=\"text-align: center\"><a href=\"#ViewPollResults\" onclick=\"poll_result(244); return false;\" title=\"View Results Of This Poll\">Mira els resultats<\/a><\/p><\/div>\n\t<\/form>\n<\/div>\n<div id=\"polls-244-loading\" class=\"wp-polls-loading\"><img decoding=\"async\" data-src=\"https:\/\/conversesacatalunya.cat\/wp-content\/plugins\/wp-polls\/images\/loading.gif\" width=\"16\" height=\"16\" alt=\"Cargando ...\" title=\"Cargando ...\" class=\"wp-polls-image lazyload\" src=\"data:image\/svg+xml;base64,PHN2ZyB3aWR0aD0iMSIgaGVpZ2h0PSIxIiB4bWxucz0iaHR0cDovL3d3dy53My5vcmcvMjAwMC9zdmciPjwvc3ZnPg==\" style=\"--smush-placeholder-width: 16px; --smush-placeholder-aspect-ratio: 16\/16;\" \/>&nbsp;Cargando ...<\/div>\n\n","protected":false},"excerpt":{"rendered":"<p>Un factor determinante para un presidente que opta a la reelecci\u00f3n es el grado de aprobaci\u00f3n de su gesti\u00f3n. En este caso, Joe Biden lo tiene mal y seguramente si Donald Trump no polarizara tanto al electorado, la derrota del dem\u00f3crata en estos momentos ser\u00eda mucho m\u00e1s clara de lo que ahora lo es. En la actualidad\u00a0s\u00f3lo el 35% de los estadounidenses aprueba la gesti\u00f3n de Biden y un 62% la desaprueba. Cuando empez\u00f3 estas cifras estaban invertidas en el sentido de un 54% de aprobaci\u00f3n y un 42% de valoraci\u00f3n negativa. En estos 3 a\u00f1os esta \u00faltima se ha incrementado 20 puntos porcentuales (pp) y ha crecido un 50%. Es un p\u00e9simo balance. En funci\u00f3n de si es\u00a0dem\u00f3crata o republicano, las cifras de aprobaci\u00f3n son diferentes. Los dem\u00f3cratas lo aprueban en un 65%, aunque el punto de partida era del 86% o sea que tiene un apoyo mayoritario de su bando, pero tambi\u00e9n ha perdido 20 pp en lo que lleva de mandato. Los republicanos, por su parte, han pasado de una aceptaci\u00f3n del 16% a un p\u00edrrico 6%, en otras palabras, pr\u00e1cticamente ning\u00fan republicano valora bien a Biden. Quienes le desaprueban m\u00e1s de acuerdo con la etnia\u00a0son los blancos con un 66%, pero atenci\u00f3n, tambi\u00e9n es alta la cifra de hispanos (63%). Y tambi\u00e9n lo desaprueban entre los asi\u00e1ticos el 57% y entre los negros el 41%. Por tanto, el \u00fanico grupo social en el que tiene un aprobado es entre el votante negro. En\u00a0relaci\u00f3n con la edad, cuanto m\u00e1s joven es el votante m\u00e1s alta es la desaprobaci\u00f3n. Porque entre la gente de 18 a 29 a\u00f1os llega al 69% mientras que en la relaci\u00f3n hombre-mujer no tiene una diferencia significativa porque en ambos casos el rechazo se sit\u00faa en el 62%. A pesar de este mal balance como gobernante, las encuestas generales dan una\u00a0ventaja muy peque\u00f1a a Trump, 49% por 48%\u00a0. El votante de Biden tiene un mayor nivel de estudios, al contrario del candidato republicano, que tiene un perfil de votante con estudios medios y bajos y trabajadores blancos. Se observa cierto traspaso de voto de dem\u00f3cratas a republicanos, concretamente un 10% de los votantes registrados de 18 a 49 a\u00f1os que apoyaron a Biden en el 2020, ahora se inclinar\u00edan por Trump. Sin embargo, estas cifras globales no son demasiado \u00fatiles para la predicci\u00f3n, porque, como es sabido, lo que se acaba contabilizando no son los votos individuales sino los votos que tiene cada estado, y esto puede hacer, como ya ocurri\u00f3 en el pasado, que\u00a0el candidato ganador tenga menos votos que el perdedor porque ha acumulado muchas preferencias en un estado favorable, pero ha perdido por m\u00e1rgenes peque\u00f1os en estados en los que la cosa estaba en disputa. Son precisamente esa media docena de estados que acaban decidiendo las elecciones. De nada le sirve al candidato dem\u00f3crata ganar por goleada a California, porque tendr\u00e1 el mismo n\u00famero de votos estatales que si gana por un voto, y pierde por estrecho margen, por ejemplo, en Ohio que es que uno de esos estados que hacen balanza. Por el momento entre los 5 o 6 estados m\u00e1s disputados y donde se puede acabar decidiendo las elecciones, la ventaja es para Trump en 4 de ellos, 1 es indeciso y en 1 \u00faltimo las encuestas se\u00f1alan la victoria para Biden. Con este panorama: valoraci\u00f3n de la gesti\u00f3n del actual presidente, situaci\u00f3n media de las encuestas y distribuci\u00f3n de los resultados entre grupos \u00e9tnicos y por edad y previsi\u00f3n en los estados clave, en estos momentos, si la din\u00e1mica judicial que tiene atrapado a Trump no genera un \u00faltimo impacto negativo, indicar\u00eda que el ganador de las elecciones ser\u00eda el pol\u00e9mico candidato republicano.<\/p>\n","protected":false},"author":78,"featured_media":78436,"comment_status":"open","ping_status":"open","sticky":false,"template":"","format":"standard","meta":{"_FSMCFIC_featured_image_caption":"","_FSMCFIC_featured_image_nocaption":"","_FSMCFIC_featured_image_hide":"","footnotes":""},"categories":[806],"tags":[963,2033],"class_list":["post-78439","post","type-post","status-publish","format-standard","has-post-thumbnail","hentry","category-punts-claus-del-dia-es","tag-donald-trump-es","tag-joe-biden-es"],"yoast_head":"<!-- This site is optimized with the Yoast SEO plugin v26.8 - https:\/\/yoast.com\/product\/yoast-seo-wordpress\/ -->\n<title>La carrera entre Trump y Biden. \u00bfQui\u00e9n va ganando? - Converses a Catalunya<\/title>\n<meta name=\"description\" content=\"Si la din\u00e1mica judicial que tiene atrapado a Trump no genera un \u00faltimo impacto negativo, el ganador de las elecciones ser\u00eda el pol\u00e9mico candidato republicano\" \/>\n<meta name=\"robots\" content=\"index, follow, max-snippet:-1, max-image-preview:large, max-video-preview:-1\" \/>\n<link rel=\"canonical\" href=\"https:\/\/conversesacatalunya.cat\/es\/la-carrera-entre-trump-y-biden-quien-va-ganando\/\" \/>\n<meta property=\"og:locale\" content=\"es_ES\" \/>\n<meta property=\"og:type\" content=\"article\" \/>\n<meta property=\"og:title\" content=\"La carrera entre Trump y Biden. \u00bfQui\u00e9n va ganando? - Converses a Catalunya\" \/>\n<meta property=\"og:description\" content=\"Si la din\u00e1mica judicial que tiene atrapado a Trump no genera un \u00faltimo impacto negativo, el ganador de las elecciones ser\u00eda el pol\u00e9mico candidato republicano\" \/>\n<meta property=\"og:url\" content=\"https:\/\/conversesacatalunya.cat\/es\/la-carrera-entre-trump-y-biden-quien-va-ganando\/\" \/>\n<meta property=\"og:site_name\" content=\"Converses a Catalunya\" \/>\n<meta property=\"article:published_time\" content=\"2024-05-30T11:11:50+00:00\" \/>\n<meta property=\"article:modified_time\" content=\"2024-05-30T11:37:19+00:00\" \/>\n<meta property=\"og:image\" content=\"https:\/\/conversesacatalunya.cat\/wp-content\/uploads\/2024\/05\/Trump-Biden-nada-sera-como-antes-2.jpg\" \/>\n\t<meta property=\"og:image:width\" content=\"980\" \/>\n\t<meta property=\"og:image:height\" content=\"551\" \/>\n\t<meta property=\"og:image:type\" content=\"image\/jpeg\" \/>\n<meta name=\"author\" content=\"Joan Masip\" \/>\n<meta name=\"twitter:card\" content=\"summary_large_image\" \/>\n<meta name=\"twitter:label1\" content=\"Escrito por\" \/>\n\t<meta name=\"twitter:data1\" content=\"Joan Masip\" \/>\n\t<meta name=\"twitter:label2\" content=\"Tiempo de lectura\" \/>\n\t<meta name=\"twitter:data2\" content=\"3 minutos\" \/>\n<script type=\"application\/ld+json\" class=\"yoast-schema-graph\">{\"@context\":\"https:\/\/schema.org\",\"@graph\":[{\"@type\":\"Article\",\"@id\":\"https:\/\/conversesacatalunya.cat\/es\/la-carrera-entre-trump-y-biden-quien-va-ganando\/#article\",\"isPartOf\":{\"@id\":\"https:\/\/conversesacatalunya.cat\/es\/la-carrera-entre-trump-y-biden-quien-va-ganando\/\"},\"author\":{\"name\":\"Joan Masip\",\"@id\":\"https:\/\/conversesacatalunya.cat\/#\/schema\/person\/311d0bf53def217d5124c78a7bc42275\"},\"headline\":\"La carrera entre Trump y Biden. \u00bfQui\u00e9n va ganando?\",\"datePublished\":\"2024-05-30T11:11:50+00:00\",\"dateModified\":\"2024-05-30T11:37:19+00:00\",\"mainEntityOfPage\":{\"@id\":\"https:\/\/conversesacatalunya.cat\/es\/la-carrera-entre-trump-y-biden-quien-va-ganando\/\"},\"wordCount\":656,\"commentCount\":0,\"image\":{\"@id\":\"https:\/\/conversesacatalunya.cat\/es\/la-carrera-entre-trump-y-biden-quien-va-ganando\/#primaryimage\"},\"thumbnailUrl\":\"https:\/\/conversesacatalunya.cat\/wp-content\/uploads\/2024\/05\/Trump-Biden-nada-sera-como-antes-2.jpg\",\"keywords\":[\"Donald Trump\",\"Joe Biden\"],\"articleSection\":[\"Punts clau del dia (ES)\"],\"inLanguage\":\"es\",\"potentialAction\":[{\"@type\":\"CommentAction\",\"name\":\"Comment\",\"target\":[\"https:\/\/conversesacatalunya.cat\/es\/la-carrera-entre-trump-y-biden-quien-va-ganando\/#respond\"]}]},{\"@type\":\"WebPage\",\"@id\":\"https:\/\/conversesacatalunya.cat\/es\/la-carrera-entre-trump-y-biden-quien-va-ganando\/\",\"url\":\"https:\/\/conversesacatalunya.cat\/es\/la-carrera-entre-trump-y-biden-quien-va-ganando\/\",\"name\":\"La carrera entre Trump y Biden. \u00bfQui\u00e9n va ganando? - Converses a Catalunya\",\"isPartOf\":{\"@id\":\"https:\/\/conversesacatalunya.cat\/#website\"},\"primaryImageOfPage\":{\"@id\":\"https:\/\/conversesacatalunya.cat\/es\/la-carrera-entre-trump-y-biden-quien-va-ganando\/#primaryimage\"},\"image\":{\"@id\":\"https:\/\/conversesacatalunya.cat\/es\/la-carrera-entre-trump-y-biden-quien-va-ganando\/#primaryimage\"},\"thumbnailUrl\":\"https:\/\/conversesacatalunya.cat\/wp-content\/uploads\/2024\/05\/Trump-Biden-nada-sera-como-antes-2.jpg\",\"datePublished\":\"2024-05-30T11:11:50+00:00\",\"dateModified\":\"2024-05-30T11:37:19+00:00\",\"author\":{\"@id\":\"https:\/\/conversesacatalunya.cat\/#\/schema\/person\/311d0bf53def217d5124c78a7bc42275\"},\"description\":\"Si la din\u00e1mica judicial que tiene atrapado a Trump no genera un \u00faltimo impacto negativo, el ganador de las elecciones ser\u00eda el pol\u00e9mico candidato republicano\",\"breadcrumb\":{\"@id\":\"https:\/\/conversesacatalunya.cat\/es\/la-carrera-entre-trump-y-biden-quien-va-ganando\/#breadcrumb\"},\"inLanguage\":\"es\",\"potentialAction\":[{\"@type\":\"ReadAction\",\"target\":[\"https:\/\/conversesacatalunya.cat\/es\/la-carrera-entre-trump-y-biden-quien-va-ganando\/\"]}]},{\"@type\":\"ImageObject\",\"inLanguage\":\"es\",\"@id\":\"https:\/\/conversesacatalunya.cat\/es\/la-carrera-entre-trump-y-biden-quien-va-ganando\/#primaryimage\",\"url\":\"https:\/\/conversesacatalunya.cat\/wp-content\/uploads\/2024\/05\/Trump-Biden-nada-sera-como-antes-2.jpg\",\"contentUrl\":\"https:\/\/conversesacatalunya.cat\/wp-content\/uploads\/2024\/05\/Trump-Biden-nada-sera-como-antes-2.jpg\",\"width\":980,\"height\":551},{\"@type\":\"BreadcrumbList\",\"@id\":\"https:\/\/conversesacatalunya.cat\/es\/la-carrera-entre-trump-y-biden-quien-va-ganando\/#breadcrumb\",\"itemListElement\":[{\"@type\":\"ListItem\",\"position\":1,\"name\":\"Inici\",\"item\":\"https:\/\/conversesacatalunya.cat\/es\/\"},{\"@type\":\"ListItem\",\"position\":2,\"name\":\"La carrera entre Trump y Biden. \u00bfQui\u00e9n va ganando?\"}]},{\"@type\":\"WebSite\",\"@id\":\"https:\/\/conversesacatalunya.cat\/#website\",\"url\":\"https:\/\/conversesacatalunya.cat\/\",\"name\":\"Converses a Catalunya\",\"description\":\"\",\"potentialAction\":[{\"@type\":\"SearchAction\",\"target\":{\"@type\":\"EntryPoint\",\"urlTemplate\":\"https:\/\/conversesacatalunya.cat\/?s={search_term_string}\"},\"query-input\":{\"@type\":\"PropertyValueSpecification\",\"valueRequired\":true,\"valueName\":\"search_term_string\"}}],\"inLanguage\":\"es\"},{\"@type\":\"Person\",\"@id\":\"https:\/\/conversesacatalunya.cat\/#\/schema\/person\/311d0bf53def217d5124c78a7bc42275\",\"name\":\"Joan Masip\",\"image\":{\"@type\":\"ImageObject\",\"inLanguage\":\"es\",\"@id\":\"https:\/\/conversesacatalunya.cat\/#\/schema\/person\/image\/\",\"url\":\"https:\/\/conversesacatalunya.cat\/wp-content\/litespeed\/avatar\/fa67b994763cff7d443f54b63ec96481.jpg?ver=1777372547\",\"contentUrl\":\"https:\/\/conversesacatalunya.cat\/wp-content\/litespeed\/avatar\/fa67b994763cff7d443f54b63ec96481.jpg?ver=1777372547\",\"caption\":\"Joan Masip\"},\"url\":\"https:\/\/conversesacatalunya.cat\/es\/author\/joan-masip\/\"}]}<\/script>\n<!-- \/ Yoast SEO plugin. -->","yoast_head_json":{"title":"La carrera entre Trump y Biden. \u00bfQui\u00e9n va ganando? - Converses a Catalunya","description":"Si la din\u00e1mica judicial que tiene atrapado a Trump no genera un \u00faltimo impacto negativo, el ganador de las elecciones ser\u00eda el pol\u00e9mico candidato republicano","robots":{"index":"index","follow":"follow","max-snippet":"max-snippet:-1","max-image-preview":"max-image-preview:large","max-video-preview":"max-video-preview:-1"},"canonical":"https:\/\/conversesacatalunya.cat\/es\/la-carrera-entre-trump-y-biden-quien-va-ganando\/","og_locale":"es_ES","og_type":"article","og_title":"La carrera entre Trump y Biden. \u00bfQui\u00e9n va ganando? - Converses a Catalunya","og_description":"Si la din\u00e1mica judicial que tiene atrapado a Trump no genera un \u00faltimo impacto negativo, el ganador de las elecciones ser\u00eda el pol\u00e9mico candidato republicano","og_url":"https:\/\/conversesacatalunya.cat\/es\/la-carrera-entre-trump-y-biden-quien-va-ganando\/","og_site_name":"Converses a Catalunya","article_published_time":"2024-05-30T11:11:50+00:00","article_modified_time":"2024-05-30T11:37:19+00:00","og_image":[{"width":980,"height":551,"url":"https:\/\/conversesacatalunya.cat\/wp-content\/uploads\/2024\/05\/Trump-Biden-nada-sera-como-antes-2.jpg","type":"image\/jpeg"}],"author":"Joan Masip","twitter_card":"summary_large_image","twitter_misc":{"Escrito por":"Joan Masip","Tiempo de lectura":"3 minutos"},"schema":{"@context":"https:\/\/schema.org","@graph":[{"@type":"Article","@id":"https:\/\/conversesacatalunya.cat\/es\/la-carrera-entre-trump-y-biden-quien-va-ganando\/#article","isPartOf":{"@id":"https:\/\/conversesacatalunya.cat\/es\/la-carrera-entre-trump-y-biden-quien-va-ganando\/"},"author":{"name":"Joan Masip","@id":"https:\/\/conversesacatalunya.cat\/#\/schema\/person\/311d0bf53def217d5124c78a7bc42275"},"headline":"La carrera entre Trump y Biden. \u00bfQui\u00e9n va ganando?","datePublished":"2024-05-30T11:11:50+00:00","dateModified":"2024-05-30T11:37:19+00:00","mainEntityOfPage":{"@id":"https:\/\/conversesacatalunya.cat\/es\/la-carrera-entre-trump-y-biden-quien-va-ganando\/"},"wordCount":656,"commentCount":0,"image":{"@id":"https:\/\/conversesacatalunya.cat\/es\/la-carrera-entre-trump-y-biden-quien-va-ganando\/#primaryimage"},"thumbnailUrl":"https:\/\/conversesacatalunya.cat\/wp-content\/uploads\/2024\/05\/Trump-Biden-nada-sera-como-antes-2.jpg","keywords":["Donald Trump","Joe Biden"],"articleSection":["Punts clau del dia (ES)"],"inLanguage":"es","potentialAction":[{"@type":"CommentAction","name":"Comment","target":["https:\/\/conversesacatalunya.cat\/es\/la-carrera-entre-trump-y-biden-quien-va-ganando\/#respond"]}]},{"@type":"WebPage","@id":"https:\/\/conversesacatalunya.cat\/es\/la-carrera-entre-trump-y-biden-quien-va-ganando\/","url":"https:\/\/conversesacatalunya.cat\/es\/la-carrera-entre-trump-y-biden-quien-va-ganando\/","name":"La carrera entre Trump y Biden. \u00bfQui\u00e9n va ganando? - Converses a Catalunya","isPartOf":{"@id":"https:\/\/conversesacatalunya.cat\/#website"},"primaryImageOfPage":{"@id":"https:\/\/conversesacatalunya.cat\/es\/la-carrera-entre-trump-y-biden-quien-va-ganando\/#primaryimage"},"image":{"@id":"https:\/\/conversesacatalunya.cat\/es\/la-carrera-entre-trump-y-biden-quien-va-ganando\/#primaryimage"},"thumbnailUrl":"https:\/\/conversesacatalunya.cat\/wp-content\/uploads\/2024\/05\/Trump-Biden-nada-sera-como-antes-2.jpg","datePublished":"2024-05-30T11:11:50+00:00","dateModified":"2024-05-30T11:37:19+00:00","author":{"@id":"https:\/\/conversesacatalunya.cat\/#\/schema\/person\/311d0bf53def217d5124c78a7bc42275"},"description":"Si la din\u00e1mica judicial que tiene atrapado a Trump no genera un \u00faltimo impacto negativo, el ganador de las elecciones ser\u00eda el pol\u00e9mico candidato republicano","breadcrumb":{"@id":"https:\/\/conversesacatalunya.cat\/es\/la-carrera-entre-trump-y-biden-quien-va-ganando\/#breadcrumb"},"inLanguage":"es","potentialAction":[{"@type":"ReadAction","target":["https:\/\/conversesacatalunya.cat\/es\/la-carrera-entre-trump-y-biden-quien-va-ganando\/"]}]},{"@type":"ImageObject","inLanguage":"es","@id":"https:\/\/conversesacatalunya.cat\/es\/la-carrera-entre-trump-y-biden-quien-va-ganando\/#primaryimage","url":"https:\/\/conversesacatalunya.cat\/wp-content\/uploads\/2024\/05\/Trump-Biden-nada-sera-como-antes-2.jpg","contentUrl":"https:\/\/conversesacatalunya.cat\/wp-content\/uploads\/2024\/05\/Trump-Biden-nada-sera-como-antes-2.jpg","width":980,"height":551},{"@type":"BreadcrumbList","@id":"https:\/\/conversesacatalunya.cat\/es\/la-carrera-entre-trump-y-biden-quien-va-ganando\/#breadcrumb","itemListElement":[{"@type":"ListItem","position":1,"name":"Inici","item":"https:\/\/conversesacatalunya.cat\/es\/"},{"@type":"ListItem","position":2,"name":"La carrera entre Trump y Biden. \u00bfQui\u00e9n va ganando?"}]},{"@type":"WebSite","@id":"https:\/\/conversesacatalunya.cat\/#website","url":"https:\/\/conversesacatalunya.cat\/","name":"Converses a Catalunya","description":"","potentialAction":[{"@type":"SearchAction","target":{"@type":"EntryPoint","urlTemplate":"https:\/\/conversesacatalunya.cat\/?s={search_term_string}"},"query-input":{"@type":"PropertyValueSpecification","valueRequired":true,"valueName":"search_term_string"}}],"inLanguage":"es"},{"@type":"Person","@id":"https:\/\/conversesacatalunya.cat\/#\/schema\/person\/311d0bf53def217d5124c78a7bc42275","name":"Joan Masip","image":{"@type":"ImageObject","inLanguage":"es","@id":"https:\/\/conversesacatalunya.cat\/#\/schema\/person\/image\/","url":"https:\/\/conversesacatalunya.cat\/wp-content\/litespeed\/avatar\/fa67b994763cff7d443f54b63ec96481.jpg?ver=1777372547","contentUrl":"https:\/\/conversesacatalunya.cat\/wp-content\/litespeed\/avatar\/fa67b994763cff7d443f54b63ec96481.jpg?ver=1777372547","caption":"Joan Masip"},"url":"https:\/\/conversesacatalunya.cat\/es\/author\/joan-masip\/"}]}},"wps_subtitle":"Si la din\u00e1mica judicial que tiene atrapado a Trump no genera un \u00faltimo impacto negativo, el ganador de las elecciones ser\u00eda el pol\u00e9mico candidato republicano","_links":{"self":[{"href":"https:\/\/conversesacatalunya.cat\/es\/wp-json\/wp\/v2\/posts\/78439","targetHints":{"allow":["GET"]}}],"collection":[{"href":"https:\/\/conversesacatalunya.cat\/es\/wp-json\/wp\/v2\/posts"}],"about":[{"href":"https:\/\/conversesacatalunya.cat\/es\/wp-json\/wp\/v2\/types\/post"}],"author":[{"embeddable":true,"href":"https:\/\/conversesacatalunya.cat\/es\/wp-json\/wp\/v2\/users\/78"}],"replies":[{"embeddable":true,"href":"https:\/\/conversesacatalunya.cat\/es\/wp-json\/wp\/v2\/comments?post=78439"}],"version-history":[{"count":2,"href":"https:\/\/conversesacatalunya.cat\/es\/wp-json\/wp\/v2\/posts\/78439\/revisions"}],"predecessor-version":[{"id":78441,"href":"https:\/\/conversesacatalunya.cat\/es\/wp-json\/wp\/v2\/posts\/78439\/revisions\/78441"}],"wp:featuredmedia":[{"embeddable":true,"href":"https:\/\/conversesacatalunya.cat\/es\/wp-json\/wp\/v2\/media\/78436"}],"wp:attachment":[{"href":"https:\/\/conversesacatalunya.cat\/es\/wp-json\/wp\/v2\/media?parent=78439"}],"wp:term":[{"taxonomy":"category","embeddable":true,"href":"https:\/\/conversesacatalunya.cat\/es\/wp-json\/wp\/v2\/categories?post=78439"},{"taxonomy":"post_tag","embeddable":true,"href":"https:\/\/conversesacatalunya.cat\/es\/wp-json\/wp\/v2\/tags?post=78439"}],"curies":[{"name":"wp","href":"https:\/\/api.w.org\/{rel}","templated":true}]}}