{"id":78377,"date":"2024-06-05T09:01:41","date_gmt":"2024-06-05T07:01:41","guid":{"rendered":"https:\/\/conversesacatalunya.cat\/?p=78377"},"modified":"2024-06-03T08:21:35","modified_gmt":"2024-06-03T06:21:35","slug":"agua-regenerada-la-clave-sostenible-para-vencer-la-sequia","status":"publish","type":"post","link":"https:\/\/conversesacatalunya.cat\/es\/agua-regenerada-la-clave-sostenible-para-vencer-la-sequia\/","title":{"rendered":"Agua regenerada, la clave sostenible para vencer la sequ\u00eda"},"content":{"rendered":"<p>El 5 de junio, el planeta conmemora el D\u00eda Mundial del Medio Ambiente, una jornada para promover la preservaci\u00f3n del medio ambiente, dedicada este a\u00f1o a la restauraci\u00f3n de la tierra, la desertificaci\u00f3n y la resiliencia a la sequ\u00eda. Una problem\u00e1tica global con especial impacto sobre la cuenca mediterr\u00e1nea, que sufre desde hace a\u00f1os una escasez h\u00eddrica estructural.<\/p>\n<p>Las proyecciones de futuro de la propia ONU son suficientemente elocuentes y alertan de que hasta el 40% de las zonas terrestres del planeta se encuentran degradadas. Adem\u00e1s, en todo el mundo, los episodios de sequ\u00eda se han incrementado un 29% desde el a\u00f1o 2000; y en el \u00e1rea mediterr\u00e1nea se alternan largos per\u00edodos de sequ\u00eda con episodios de lluvias torrenciales.<\/p>\n<p>Catalu\u00f1a tambi\u00e9n est\u00e1 afectada por este escenario. Las estimaciones de la Agencia Catalana del Agua (ACA) prev\u00e9n que el cambio clim\u00e1tico reducir\u00e1 un 22% la disponibilidad de recursos h\u00eddricos en el litoral catal\u00e1n en 2050. De hecho, <strong>Catalu\u00f1a ya ha sufrido en las \u00faltimas dos d\u00e9cadas un total de cinco episodios de sequ\u00eda, dos de ellos (2007-2008 y la presente de 2021-2024) especialmente intensos<\/strong>.<\/p>\n<h3><strong>Agua regenerada, soluci\u00f3n circular sostenible<\/strong><\/h3>\n<p>En este escenario, y para asegurar el abastecimiento al conjunto de la poblaci\u00f3n de este recurso esencial, hay que <strong>transformar el modelo de gesti\u00f3n del ciclo integral del agua<\/strong>, a fin de ampliar las fuentes de aprovisionamiento. Y con ese compromiso, se hace necesario movilizar recursos y voluntades para activar una respuesta conjunta ante este desaf\u00edo.<\/p>\n<p><a href=\"https:\/\/www.aiguesdebarcelona.cat\/es\/aigues-de-barcelona\" target=\"_blank\" rel=\"noopener\"><strong>Aig\u00fces de Barcelona,<\/strong><\/a> referente en la gesti\u00f3n del agua desde hace 157 a\u00f1os y compa\u00f1\u00eda comprometida con la sostenibilidad y la lucha contra la emergencia clim\u00e1tica, hace una <strong>apuesta estrat\u00e9gica para impulsar el agua regenerada como soluci\u00f3n sostenible y circular para afrontar la situaci\u00f3n de escasez h\u00eddrica estructural en nuestro pa\u00eds.<\/strong><\/p>\n<figure id=\"attachment_78372\" aria-describedby=\"caption-attachment-78372\" style=\"width: 1024px\" class=\"wp-caption alignnone\"><img fetchpriority=\"high\" decoding=\"async\" class=\"wp-image-78372 size-large\" src=\"https:\/\/conversesacatalunya.cat\/wp-content\/uploads\/2024\/05\/EDAR-Baix-Llobregat-1024x683.jpg\" alt=\"\" width=\"1024\" height=\"683\" srcset=\"https:\/\/conversesacatalunya.cat\/wp-content\/uploads\/2024\/05\/EDAR-Baix-Llobregat-1024x683.jpg 1024w, https:\/\/conversesacatalunya.cat\/wp-content\/uploads\/2024\/05\/EDAR-Baix-Llobregat-300x200.jpg 300w\" sizes=\"(max-width: 1024px) 100vw, 1024px\" \/><figcaption id=\"caption-attachment-78372\" class=\"wp-caption-text\">Aig\u00fces de Barcelona reafirma su apuesta por el agua regenerada para garantizar la resiliencia h\u00eddrica<\/figcaption><\/figure>\n<p>En 2023, <strong>la compa\u00f1\u00eda regener\u00f3 un total de 57,9 hect\u00f3metros c\u00fabicos de agua<\/strong>. Un recurso necesario para diversos usos, como la agricultura, la industria y las ciudades, con una huella de carbono que es la mitad respecto al agua desalinizada y un gasto energ\u00e9tico tres veces inferior a la desalinizaci\u00f3n.<\/p>\n<p>Actualmente, <strong>la compa\u00f1\u00eda ya est\u00e1 haciendo llegar un caudal de 1.500 litros\/segundo de agua regenerada desde la Estaci\u00f3n Regeneradora de Agua (ERA) del Baix Llobregat aguas arriba del r\u00edo Llobregat <\/strong>como recurso de agua prepotable. Todo este volumen llega posteriormente a la planta potabilizadora (ETAP) de Sant Joan Desp\u00ed y vuelve a entrar en el proceso de tratamiento y potabilizaci\u00f3n del agua antes de suministrarla a nuestros hogares con total garant\u00eda.<\/p>\n<p>Hay que tener presente que, en una situaci\u00f3n de normalidad h\u00eddrica, la pr\u00e1ctica totalidad del agua (95%) que consume el \u00e1rea metropolitana de Barcelona es superficial o subterr\u00e1nea, y s\u00f3lo el 5% procede de agua de mar desalinizada. Pero en el contexto actual de estr\u00e9s h\u00eddrico, tan solo el 19% del consumo corresponde a agua superficial (r\u00edos, principalmente) y el 23% es agua subterr\u00e1nea (pozos y acu\u00edferos), mientras que el agua proveniente de desalinizadoras es el 33% y la regenerada, el 25%.<\/p>\n<h3><strong>Inversiones para acabar con la sequ\u00eda<\/strong><\/h3>\n<p>La colaboraci\u00f3n p\u00fablico-privada y el di\u00e1logo son dos elementos clave para encontrar soluciones estructurales que ayuden a garantizar el futuro del agua en el entorno metropolitano. Con este compromiso, Aig\u00fces de Barcelona est\u00e1 ejecutando un <strong>plan de inversiones coordinado con la administraci\u00f3n para aprovechar todos los recursos h\u00eddricos disponibles, reforzar nuevas fuentes del recurso, como el agua regenerada, y aumentar la resiliencia de las infraestructuras del ciclo integral del agua.<\/strong><\/p>\n<p>Entre las actuaciones contempladas se incluye, por ejemplo, la instalaci\u00f3n ya operativa que conecta directamente el agua de origen subterr\u00e1neo con la l\u00ednea de tratamiento de ozonizaci\u00f3n y filtros de carb\u00f3n activo en la ETAP de Sant Joan Desp\u00ed. Esta nueva infraestructura permite separar completamente el agua superficial, tratada con un proceso de \u00f3smosis inversa, del agua subterr\u00e1nea, tratada con filtros de carb\u00f3n activo y ozonizaci\u00f3n, lo que mejora la eficiencia de la planta de tratamiento.<\/p>\n<p>En la zona del Bes\u00f2s, la compa\u00f1\u00eda ha culminado las obras de la primera fase de la ETAP Bes\u00f2s para recuperar el Rec Comtal como recurso de abastecimiento de agua. La ampliaci\u00f3n de sus instalaciones, junto con la construcci\u00f3n de nuevos pozos y la captaci\u00f3n y tratamiento del agua directamente del r\u00edo Bes\u00f2s, multiplicar\u00e1 por tres la producci\u00f3n de agua potable gracias a t\u00e9cnicas avanzadas de tratamiento de agua como la ultrafiltraci\u00f3n y la \u00f3smosis inversa. Esto supondr\u00e1 una aportaci\u00f3n de agua del 15% del consumo total actual en la regi\u00f3n metropolitana.<\/p>\n<p>Adem\u00e1s, en el primer trimestre del pr\u00f3ximo a\u00f1o entrar\u00e1 en funcionamiento la nueva l\u00ednea de \u00f3smosis inversa y la nueva l\u00ednea de carb\u00f3n activo en los pozos Estrella de Sant Feliu de Llobregat, que optimizar\u00e1n el aprovechamiento y mejorar\u00e1n la calidad del agua procedente del acu\u00edfero. Tambi\u00e9n est\u00e1 en marcha la construcci\u00f3n de un nuevo campo de pozos en los municipios de Santa Coloma de Cervell\u00f3, Sant Joan Desp\u00ed y Sant Feliu de Llobregat, para extraer agua del acu\u00edfero del Baix Llobregat y conducirla a la ETAP de Sant Joan Desp\u00ed.<\/p>\n<p>La innovaci\u00f3n, la capacidad tecnol\u00f3gica y la colaboraci\u00f3n con todos los grupos de relaci\u00f3n son determinantes para afrontar los desaf\u00edos del cambio clim\u00e1tico, garantizar el abastecimiento de la regi\u00f3n metropolitana y contribuir, d\u00eda a d\u00eda, a un futuro m\u00e1s sostenible para las personas y el planeta.<\/p>\n<span class='bctt-click-to-tweet'><span class='bctt-ctt-text'><a href='https:\/\/twitter.com\/intent\/tweet?url=https%3A%2F%2Fconversesacatalunya.cat%2Fes%2Fagua-regenerada-la-clave-sostenible-para-vencer-la-sequia%2F&#038;text=En%202023%2C%20la%20compa%C3%B1%C3%ADa%20regener%C3%B3%20un%20total%20de%2057%2C9%20hect%C3%B3metros%20c%C3%BAbicos%20de%20agua.%20Un%20recurso%20necesario%20para%20diversos%20usos%2C%20como%20la%20agricultura%2C%20la%20industria%20y%20las%20ciudades&#038;via=conversesacat&#038;related=conversesacat' target='_blank'rel=\"noopener noreferrer\">En 2023, la compa\u00f1\u00eda regener\u00f3 un total de 57,9 hect\u00f3metros c\u00fabicos de agua. Un recurso necesario para diversos usos, como la agricultura, la industria y las ciudades <\/a><\/span><a href='https:\/\/twitter.com\/intent\/tweet?url=https%3A%2F%2Fconversesacatalunya.cat%2Fes%2Fagua-regenerada-la-clave-sostenible-para-vencer-la-sequia%2F&#038;text=En%202023%2C%20la%20compa%C3%B1%C3%ADa%20regener%C3%B3%20un%20total%20de%2057%2C9%20hect%C3%B3metros%20c%C3%BAbicos%20de%20agua.%20Un%20recurso%20necesario%20para%20diversos%20usos%2C%20como%20la%20agricultura%2C%20la%20industria%20y%20las%20ciudades&#038;via=conversesacat&#038;related=conversesacat' target='_blank' class='bctt-ctt-btn'rel=\"noopener noreferrer\">Compartir en X<\/a><\/span>\n","protected":false},"excerpt":{"rendered":"<p>El 5 de junio, el planeta conmemora el D\u00eda Mundial del Medio Ambiente, una jornada para promover la preservaci\u00f3n del medio ambiente, dedicada este a\u00f1o a la restauraci\u00f3n de la tierra, la desertificaci\u00f3n y la resiliencia a la sequ\u00eda. Una problem\u00e1tica global con especial impacto sobre la cuenca mediterr\u00e1nea, que sufre desde hace a\u00f1os una escasez h\u00eddrica estructural. Las proyecciones de futuro de la propia ONU son suficientemente elocuentes y alertan de que hasta el 40% de las zonas terrestres del planeta se encuentran degradadas. Adem\u00e1s, en todo el mundo, los episodios de sequ\u00eda se han incrementado un 29% desde el a\u00f1o 2000; y en el \u00e1rea mediterr\u00e1nea se alternan largos per\u00edodos de sequ\u00eda con episodios de lluvias torrenciales. Catalu\u00f1a tambi\u00e9n est\u00e1 afectada por este escenario. Las estimaciones de la Agencia Catalana del Agua (ACA) prev\u00e9n que el cambio clim\u00e1tico reducir\u00e1 un 22% la disponibilidad de recursos h\u00eddricos en el litoral catal\u00e1n en 2050. De hecho, Catalu\u00f1a ya ha sufrido en las \u00faltimas dos d\u00e9cadas un total de cinco episodios de sequ\u00eda, dos de ellos (2007-2008 y la presente de 2021-2024) especialmente intensos. Agua regenerada, soluci\u00f3n circular sostenible En este escenario, y para asegurar el abastecimiento al conjunto de la poblaci\u00f3n de este recurso esencial, hay que transformar el modelo de gesti\u00f3n del ciclo integral del agua, a fin de ampliar las fuentes de aprovisionamiento. Y con ese compromiso, se hace necesario movilizar recursos y voluntades para activar una respuesta conjunta ante este desaf\u00edo. Aig\u00fces de Barcelona, referente en la gesti\u00f3n del agua desde hace 157 a\u00f1os y compa\u00f1\u00eda comprometida con la sostenibilidad y la lucha contra la emergencia clim\u00e1tica, hace una apuesta estrat\u00e9gica para impulsar el agua regenerada como soluci\u00f3n sostenible y circular para afrontar la situaci\u00f3n de escasez h\u00eddrica estructural en nuestro pa\u00eds. En 2023, la compa\u00f1\u00eda regener\u00f3 un total de 57,9 hect\u00f3metros c\u00fabicos de agua. Un recurso necesario para diversos usos, como la agricultura, la industria y las ciudades, con una huella de carbono que es la mitad respecto al agua desalinizada y un gasto energ\u00e9tico tres veces inferior a la desalinizaci\u00f3n. Actualmente, la compa\u00f1\u00eda ya est\u00e1 haciendo llegar un caudal de 1.500 litros\/segundo de agua regenerada desde la Estaci\u00f3n Regeneradora de Agua (ERA) del Baix Llobregat aguas arriba del r\u00edo Llobregat como recurso de agua prepotable. Todo este volumen llega posteriormente a la planta potabilizadora (ETAP) de Sant Joan Desp\u00ed y vuelve a entrar en el proceso de tratamiento y potabilizaci\u00f3n del agua antes de suministrarla a nuestros hogares con total garant\u00eda. Hay que tener presente que, en una situaci\u00f3n de normalidad h\u00eddrica, la pr\u00e1ctica totalidad del agua (95%) que consume el \u00e1rea metropolitana de Barcelona es superficial o subterr\u00e1nea, y s\u00f3lo el 5% procede de agua de mar desalinizada. Pero en el contexto actual de estr\u00e9s h\u00eddrico, tan solo el 19% del consumo corresponde a agua superficial (r\u00edos, principalmente) y el 23% es agua subterr\u00e1nea (pozos y acu\u00edferos), mientras que el agua proveniente de desalinizadoras es el 33% y la regenerada, el 25%. Inversiones para acabar con la sequ\u00eda La colaboraci\u00f3n p\u00fablico-privada y el di\u00e1logo son dos elementos clave para encontrar soluciones estructurales que ayuden a garantizar el futuro del agua en el entorno metropolitano. Con este compromiso, Aig\u00fces de Barcelona est\u00e1 ejecutando un plan de inversiones coordinado con la administraci\u00f3n para aprovechar todos los recursos h\u00eddricos disponibles, reforzar nuevas fuentes del recurso, como el agua regenerada, y aumentar la resiliencia de las infraestructuras del ciclo integral del agua. Entre las actuaciones contempladas se incluye, por ejemplo, la instalaci\u00f3n ya operativa que conecta directamente el agua de origen subterr\u00e1neo con la l\u00ednea de tratamiento de ozonizaci\u00f3n y filtros de carb\u00f3n activo en la ETAP de Sant Joan Desp\u00ed. Esta nueva infraestructura permite separar completamente el agua superficial, tratada con un proceso de \u00f3smosis inversa, del agua subterr\u00e1nea, tratada con filtros de carb\u00f3n activo y ozonizaci\u00f3n, lo que mejora la eficiencia de la planta de tratamiento. En la zona del Bes\u00f2s, la compa\u00f1\u00eda ha culminado las obras de la primera fase de la ETAP Bes\u00f2s para recuperar el Rec Comtal como recurso de abastecimiento de agua. La ampliaci\u00f3n de sus instalaciones, junto con la construcci\u00f3n de nuevos pozos y la captaci\u00f3n y tratamiento del agua directamente del r\u00edo Bes\u00f2s, multiplicar\u00e1 por tres la producci\u00f3n de agua potable gracias a t\u00e9cnicas avanzadas de tratamiento de agua como la ultrafiltraci\u00f3n y la \u00f3smosis inversa. Esto supondr\u00e1 una aportaci\u00f3n de agua del 15% del consumo total actual en la regi\u00f3n metropolitana. Adem\u00e1s, en el primer trimestre del pr\u00f3ximo a\u00f1o entrar\u00e1 en funcionamiento la nueva l\u00ednea de \u00f3smosis inversa y la nueva l\u00ednea de carb\u00f3n activo en los pozos Estrella de Sant Feliu de Llobregat, que optimizar\u00e1n el aprovechamiento y mejorar\u00e1n la calidad del agua procedente del acu\u00edfero. Tambi\u00e9n est\u00e1 en marcha la construcci\u00f3n de un nuevo campo de pozos en los municipios de Santa Coloma de Cervell\u00f3, Sant Joan Desp\u00ed y Sant Feliu de Llobregat, para extraer agua del acu\u00edfero del Baix Llobregat y conducirla a la ETAP de Sant Joan Desp\u00ed. La innovaci\u00f3n, la capacidad tecnol\u00f3gica y la colaboraci\u00f3n con todos los grupos de relaci\u00f3n son determinantes para afrontar los desaf\u00edos del cambio clim\u00e1tico, garantizar el abastecimiento de la regi\u00f3n metropolitana y contribuir, d\u00eda a d\u00eda, a un futuro m\u00e1s sostenible para las personas y el planeta.<\/p>\n","protected":false},"author":3,"featured_media":78345,"comment_status":"open","ping_status":"open","sticky":false,"template":"","format":"standard","meta":{"_FSMCFIC_featured_image_caption":"El r\u00edo Llobregat, a su paso por Sant Joan Desp\u00ed\r\n\r\n","_FSMCFIC_featured_image_nocaption":"","_FSMCFIC_featured_image_hide":"","footnotes":""},"categories":[806],"tags":[2498,2499],"class_list":["post-78377","post","type-post","status-publish","format-standard","has-post-thumbnail","hentry","category-punts-claus-del-dia-es","tag-dia-mundial-del-medi-ambient-es","tag-dia-mundial-del-medio-ambiente"],"yoast_head":"<!-- This site is optimized with the Yoast SEO plugin v26.8 - https:\/\/yoast.com\/product\/yoast-seo-wordpress\/ -->\n<title>Agua regenerada, la clave sostenible para vencer la sequ\u00eda - Converses a Catalunya<\/title>\n<meta name=\"description\" content=\"Aig\u00fces de Barcelona, referente en la gesti\u00f3n del agua desde hace 157 a\u00f1os y comprometida con la sostenibilidad y lucha emergencia clim\u00e1tica\" \/>\n<meta name=\"robots\" content=\"noindex, nofollow\" \/>\n<meta property=\"og:locale\" content=\"es_ES\" \/>\n<meta property=\"og:type\" content=\"article\" \/>\n<meta property=\"og:title\" content=\"Agua regenerada, la clave sostenible para vencer la sequ\u00eda - Converses a Catalunya\" \/>\n<meta property=\"og:description\" content=\"Aig\u00fces de Barcelona, referente en la gesti\u00f3n del agua desde hace 157 a\u00f1os y comprometida con la sostenibilidad y lucha emergencia clim\u00e1tica\" \/>\n<meta property=\"og:url\" content=\"https:\/\/conversesacatalunya.cat\/aigua-regenerada-la-clau-sostenible-per-vencer-la-sequera\/\" \/>\n<meta property=\"og:site_name\" content=\"Converses a Catalunya\" \/>\n<meta property=\"article:published_time\" content=\"2024-06-05T07:01:41+00:00\" \/>\n<meta property=\"og:image\" content=\"https:\/\/conversesacatalunya.cat\/wp-content\/uploads\/2024\/05\/Riu-Llobregat_SJD-scaled.jpg\" \/>\n\t<meta property=\"og:image:width\" content=\"2560\" \/>\n\t<meta property=\"og:image:height\" content=\"1708\" \/>\n\t<meta property=\"og:image:type\" content=\"image\/jpeg\" \/>\n<meta name=\"author\" content=\"conversesacatalunya\" \/>\n<meta name=\"twitter:card\" content=\"summary_large_image\" \/>\n<meta name=\"twitter:label1\" content=\"Escrito por\" \/>\n\t<meta name=\"twitter:data1\" content=\"conversesacatalunya\" \/>\n\t<meta name=\"twitter:label2\" content=\"Tiempo de lectura\" \/>\n\t<meta name=\"twitter:data2\" content=\"5 minutos\" \/>\n<script type=\"application\/ld+json\" class=\"yoast-schema-graph\">{\"@context\":\"https:\/\/schema.org\",\"@graph\":[{\"@type\":\"Article\",\"@id\":\"https:\/\/conversesacatalunya.cat\/aigua-regenerada-la-clau-sostenible-per-vencer-la-sequera\/#article\",\"isPartOf\":{\"@id\":\"https:\/\/conversesacatalunya.cat\/aigua-regenerada-la-clau-sostenible-per-vencer-la-sequera\/\"},\"author\":{\"name\":\"conversesacatalunya\",\"@id\":\"https:\/\/conversesacatalunya.cat\/#\/schema\/person\/982274792508d804a0821b413c9ac076\"},\"headline\":\"Agua regenerada, la clave sostenible para vencer la sequ\u00eda\",\"datePublished\":\"2024-06-05T07:01:41+00:00\",\"mainEntityOfPage\":{\"@id\":\"https:\/\/conversesacatalunya.cat\/aigua-regenerada-la-clau-sostenible-per-vencer-la-sequera\/\"},\"wordCount\":1038,\"commentCount\":0,\"image\":{\"@id\":\"https:\/\/conversesacatalunya.cat\/aigua-regenerada-la-clau-sostenible-per-vencer-la-sequera\/#primaryimage\"},\"thumbnailUrl\":\"https:\/\/conversesacatalunya.cat\/wp-content\/uploads\/2024\/05\/Riu-Llobregat_SJD-scaled.jpg\",\"keywords\":[\"Dia Mundial del Medi Ambient\",\"Dia mundial del Medio Ambiente\"],\"articleSection\":[\"Punts clau del dia (ES)\"],\"inLanguage\":\"es\",\"potentialAction\":[{\"@type\":\"CommentAction\",\"name\":\"Comment\",\"target\":[\"https:\/\/conversesacatalunya.cat\/aigua-regenerada-la-clau-sostenible-per-vencer-la-sequera\/#respond\"]}]},{\"@type\":\"WebPage\",\"@id\":\"https:\/\/conversesacatalunya.cat\/aigua-regenerada-la-clau-sostenible-per-vencer-la-sequera\/\",\"url\":\"https:\/\/conversesacatalunya.cat\/aigua-regenerada-la-clau-sostenible-per-vencer-la-sequera\/\",\"name\":\"Agua regenerada, la clave sostenible para vencer la sequ\u00eda - Converses a Catalunya\",\"isPartOf\":{\"@id\":\"https:\/\/conversesacatalunya.cat\/#website\"},\"primaryImageOfPage\":{\"@id\":\"https:\/\/conversesacatalunya.cat\/aigua-regenerada-la-clau-sostenible-per-vencer-la-sequera\/#primaryimage\"},\"image\":{\"@id\":\"https:\/\/conversesacatalunya.cat\/aigua-regenerada-la-clau-sostenible-per-vencer-la-sequera\/#primaryimage\"},\"thumbnailUrl\":\"https:\/\/conversesacatalunya.cat\/wp-content\/uploads\/2024\/05\/Riu-Llobregat_SJD-scaled.jpg\",\"datePublished\":\"2024-06-05T07:01:41+00:00\",\"author\":{\"@id\":\"https:\/\/conversesacatalunya.cat\/#\/schema\/person\/982274792508d804a0821b413c9ac076\"},\"description\":\"Aig\u00fces de Barcelona, referente en la gesti\u00f3n del agua desde hace 157 a\u00f1os y comprometida con la sostenibilidad y lucha emergencia clim\u00e1tica\",\"breadcrumb\":{\"@id\":\"https:\/\/conversesacatalunya.cat\/aigua-regenerada-la-clau-sostenible-per-vencer-la-sequera\/#breadcrumb\"},\"inLanguage\":\"es\",\"potentialAction\":[{\"@type\":\"ReadAction\",\"target\":[\"https:\/\/conversesacatalunya.cat\/aigua-regenerada-la-clau-sostenible-per-vencer-la-sequera\/\"]}]},{\"@type\":\"ImageObject\",\"inLanguage\":\"es\",\"@id\":\"https:\/\/conversesacatalunya.cat\/aigua-regenerada-la-clau-sostenible-per-vencer-la-sequera\/#primaryimage\",\"url\":\"https:\/\/conversesacatalunya.cat\/wp-content\/uploads\/2024\/05\/Riu-Llobregat_SJD-scaled.jpg\",\"contentUrl\":\"https:\/\/conversesacatalunya.cat\/wp-content\/uploads\/2024\/05\/Riu-Llobregat_SJD-scaled.jpg\",\"width\":2560,\"height\":1708},{\"@type\":\"BreadcrumbList\",\"@id\":\"https:\/\/conversesacatalunya.cat\/aigua-regenerada-la-clau-sostenible-per-vencer-la-sequera\/#breadcrumb\",\"itemListElement\":[{\"@type\":\"ListItem\",\"position\":1,\"name\":\"Inici\",\"item\":\"https:\/\/conversesacatalunya.cat\/es\/\"},{\"@type\":\"ListItem\",\"position\":2,\"name\":\"Agua regenerada, la clave sostenible para vencer la sequ\u00eda\"}]},{\"@type\":\"WebSite\",\"@id\":\"https:\/\/conversesacatalunya.cat\/#website\",\"url\":\"https:\/\/conversesacatalunya.cat\/\",\"name\":\"Converses a Catalunya\",\"description\":\"\",\"potentialAction\":[{\"@type\":\"SearchAction\",\"target\":{\"@type\":\"EntryPoint\",\"urlTemplate\":\"https:\/\/conversesacatalunya.cat\/?s={search_term_string}\"},\"query-input\":{\"@type\":\"PropertyValueSpecification\",\"valueRequired\":true,\"valueName\":\"search_term_string\"}}],\"inLanguage\":\"es\"},{\"@type\":\"Person\",\"@id\":\"https:\/\/conversesacatalunya.cat\/#\/schema\/person\/982274792508d804a0821b413c9ac076\",\"name\":\"conversesacatalunya\",\"image\":{\"@type\":\"ImageObject\",\"inLanguage\":\"es\",\"@id\":\"https:\/\/conversesacatalunya.cat\/#\/schema\/person\/image\/\",\"url\":\"https:\/\/conversesacatalunya.cat\/wp-content\/litespeed\/avatar\/f04b47eeffd9637c7cf7869e217fb9ec.jpg?ver=1777370077\",\"contentUrl\":\"https:\/\/conversesacatalunya.cat\/wp-content\/litespeed\/avatar\/f04b47eeffd9637c7cf7869e217fb9ec.jpg?ver=1777370077\",\"caption\":\"conversesacatalunya\"},\"url\":\"https:\/\/conversesacatalunya.cat\/es\/author\/muntsa_escola\/\"}]}<\/script>\n<!-- \/ Yoast SEO plugin. -->","yoast_head_json":{"title":"Agua regenerada, la clave sostenible para vencer la sequ\u00eda - Converses a Catalunya","description":"Aig\u00fces de Barcelona, referente en la gesti\u00f3n del agua desde hace 157 a\u00f1os y comprometida con la sostenibilidad y lucha emergencia clim\u00e1tica","robots":{"index":"noindex","follow":"nofollow"},"og_locale":"es_ES","og_type":"article","og_title":"Agua regenerada, la clave sostenible para vencer la sequ\u00eda - Converses a Catalunya","og_description":"Aig\u00fces de Barcelona, referente en la gesti\u00f3n del agua desde hace 157 a\u00f1os y comprometida con la sostenibilidad y lucha emergencia clim\u00e1tica","og_url":"https:\/\/conversesacatalunya.cat\/aigua-regenerada-la-clau-sostenible-per-vencer-la-sequera\/","og_site_name":"Converses a Catalunya","article_published_time":"2024-06-05T07:01:41+00:00","og_image":[{"width":2560,"height":1708,"url":"https:\/\/conversesacatalunya.cat\/wp-content\/uploads\/2024\/05\/Riu-Llobregat_SJD-scaled.jpg","type":"image\/jpeg"}],"author":"conversesacatalunya","twitter_card":"summary_large_image","twitter_misc":{"Escrito por":"conversesacatalunya","Tiempo de lectura":"5 minutos"},"schema":{"@context":"https:\/\/schema.org","@graph":[{"@type":"Article","@id":"https:\/\/conversesacatalunya.cat\/aigua-regenerada-la-clau-sostenible-per-vencer-la-sequera\/#article","isPartOf":{"@id":"https:\/\/conversesacatalunya.cat\/aigua-regenerada-la-clau-sostenible-per-vencer-la-sequera\/"},"author":{"name":"conversesacatalunya","@id":"https:\/\/conversesacatalunya.cat\/#\/schema\/person\/982274792508d804a0821b413c9ac076"},"headline":"Agua regenerada, la clave sostenible para vencer la sequ\u00eda","datePublished":"2024-06-05T07:01:41+00:00","mainEntityOfPage":{"@id":"https:\/\/conversesacatalunya.cat\/aigua-regenerada-la-clau-sostenible-per-vencer-la-sequera\/"},"wordCount":1038,"commentCount":0,"image":{"@id":"https:\/\/conversesacatalunya.cat\/aigua-regenerada-la-clau-sostenible-per-vencer-la-sequera\/#primaryimage"},"thumbnailUrl":"https:\/\/conversesacatalunya.cat\/wp-content\/uploads\/2024\/05\/Riu-Llobregat_SJD-scaled.jpg","keywords":["Dia Mundial del Medi Ambient","Dia mundial del Medio Ambiente"],"articleSection":["Punts clau del dia (ES)"],"inLanguage":"es","potentialAction":[{"@type":"CommentAction","name":"Comment","target":["https:\/\/conversesacatalunya.cat\/aigua-regenerada-la-clau-sostenible-per-vencer-la-sequera\/#respond"]}]},{"@type":"WebPage","@id":"https:\/\/conversesacatalunya.cat\/aigua-regenerada-la-clau-sostenible-per-vencer-la-sequera\/","url":"https:\/\/conversesacatalunya.cat\/aigua-regenerada-la-clau-sostenible-per-vencer-la-sequera\/","name":"Agua regenerada, la clave sostenible para vencer la sequ\u00eda - Converses a Catalunya","isPartOf":{"@id":"https:\/\/conversesacatalunya.cat\/#website"},"primaryImageOfPage":{"@id":"https:\/\/conversesacatalunya.cat\/aigua-regenerada-la-clau-sostenible-per-vencer-la-sequera\/#primaryimage"},"image":{"@id":"https:\/\/conversesacatalunya.cat\/aigua-regenerada-la-clau-sostenible-per-vencer-la-sequera\/#primaryimage"},"thumbnailUrl":"https:\/\/conversesacatalunya.cat\/wp-content\/uploads\/2024\/05\/Riu-Llobregat_SJD-scaled.jpg","datePublished":"2024-06-05T07:01:41+00:00","author":{"@id":"https:\/\/conversesacatalunya.cat\/#\/schema\/person\/982274792508d804a0821b413c9ac076"},"description":"Aig\u00fces de Barcelona, referente en la gesti\u00f3n del agua desde hace 157 a\u00f1os y comprometida con la sostenibilidad y lucha emergencia clim\u00e1tica","breadcrumb":{"@id":"https:\/\/conversesacatalunya.cat\/aigua-regenerada-la-clau-sostenible-per-vencer-la-sequera\/#breadcrumb"},"inLanguage":"es","potentialAction":[{"@type":"ReadAction","target":["https:\/\/conversesacatalunya.cat\/aigua-regenerada-la-clau-sostenible-per-vencer-la-sequera\/"]}]},{"@type":"ImageObject","inLanguage":"es","@id":"https:\/\/conversesacatalunya.cat\/aigua-regenerada-la-clau-sostenible-per-vencer-la-sequera\/#primaryimage","url":"https:\/\/conversesacatalunya.cat\/wp-content\/uploads\/2024\/05\/Riu-Llobregat_SJD-scaled.jpg","contentUrl":"https:\/\/conversesacatalunya.cat\/wp-content\/uploads\/2024\/05\/Riu-Llobregat_SJD-scaled.jpg","width":2560,"height":1708},{"@type":"BreadcrumbList","@id":"https:\/\/conversesacatalunya.cat\/aigua-regenerada-la-clau-sostenible-per-vencer-la-sequera\/#breadcrumb","itemListElement":[{"@type":"ListItem","position":1,"name":"Inici","item":"https:\/\/conversesacatalunya.cat\/es\/"},{"@type":"ListItem","position":2,"name":"Agua regenerada, la clave sostenible para vencer la sequ\u00eda"}]},{"@type":"WebSite","@id":"https:\/\/conversesacatalunya.cat\/#website","url":"https:\/\/conversesacatalunya.cat\/","name":"Converses a Catalunya","description":"","potentialAction":[{"@type":"SearchAction","target":{"@type":"EntryPoint","urlTemplate":"https:\/\/conversesacatalunya.cat\/?s={search_term_string}"},"query-input":{"@type":"PropertyValueSpecification","valueRequired":true,"valueName":"search_term_string"}}],"inLanguage":"es"},{"@type":"Person","@id":"https:\/\/conversesacatalunya.cat\/#\/schema\/person\/982274792508d804a0821b413c9ac076","name":"conversesacatalunya","image":{"@type":"ImageObject","inLanguage":"es","@id":"https:\/\/conversesacatalunya.cat\/#\/schema\/person\/image\/","url":"https:\/\/conversesacatalunya.cat\/wp-content\/litespeed\/avatar\/f04b47eeffd9637c7cf7869e217fb9ec.jpg?ver=1777370077","contentUrl":"https:\/\/conversesacatalunya.cat\/wp-content\/litespeed\/avatar\/f04b47eeffd9637c7cf7869e217fb9ec.jpg?ver=1777370077","caption":"conversesacatalunya"},"url":"https:\/\/conversesacatalunya.cat\/es\/author\/muntsa_escola\/"}]}},"wps_subtitle":"Coincidiendo con el D\u00eda Mundial del Medio Ambiente, Aig\u00fces de Barcelona reafirma su apuesta por el agua regenerada, siguiendo un modelo circular, para garantizar la resiliencia h\u00eddrica del \u00e1rea metropolitana de Barcelona","_links":{"self":[{"href":"https:\/\/conversesacatalunya.cat\/es\/wp-json\/wp\/v2\/posts\/78377","targetHints":{"allow":["GET"]}}],"collection":[{"href":"https:\/\/conversesacatalunya.cat\/es\/wp-json\/wp\/v2\/posts"}],"about":[{"href":"https:\/\/conversesacatalunya.cat\/es\/wp-json\/wp\/v2\/types\/post"}],"author":[{"embeddable":true,"href":"https:\/\/conversesacatalunya.cat\/es\/wp-json\/wp\/v2\/users\/3"}],"replies":[{"embeddable":true,"href":"https:\/\/conversesacatalunya.cat\/es\/wp-json\/wp\/v2\/comments?post=78377"}],"version-history":[{"count":4,"href":"https:\/\/conversesacatalunya.cat\/es\/wp-json\/wp\/v2\/posts\/78377\/revisions"}],"predecessor-version":[{"id":78381,"href":"https:\/\/conversesacatalunya.cat\/es\/wp-json\/wp\/v2\/posts\/78377\/revisions\/78381"}],"wp:featuredmedia":[{"embeddable":true,"href":"https:\/\/conversesacatalunya.cat\/es\/wp-json\/wp\/v2\/media\/78345"}],"wp:attachment":[{"href":"https:\/\/conversesacatalunya.cat\/es\/wp-json\/wp\/v2\/media?parent=78377"}],"wp:term":[{"taxonomy":"category","embeddable":true,"href":"https:\/\/conversesacatalunya.cat\/es\/wp-json\/wp\/v2\/categories?post=78377"},{"taxonomy":"post_tag","embeddable":true,"href":"https:\/\/conversesacatalunya.cat\/es\/wp-json\/wp\/v2\/tags?post=78377"}],"curies":[{"name":"wp","href":"https:\/\/api.w.org\/{rel}","templated":true}]}}