{"id":78207,"date":"2024-05-22T12:22:58","date_gmt":"2024-05-22T10:22:58","guid":{"rendered":"https:\/\/conversesacatalunya.cat\/sanchez-letat-cest-moi\/"},"modified":"2024-05-23T06:12:43","modified_gmt":"2024-05-23T04:12:43","slug":"sanchez-letat-cest-moi","status":"publish","type":"post","link":"https:\/\/conversesacatalunya.cat\/es\/sanchez-letat-cest-moi\/","title":{"rendered":"S\u00e1nchez. L&#8217;\u00c9tat c&#8217;est moi"},"content":{"rendered":"<p><em>L&#8217;\u00c9tat\u00a0c\u2019est\u00a0moi<\/em>,\u00a0esta famosa frase ap\u00f3crifa, por cierto, de Luis XIV de Francia, se\u00f1ala muy bien la mentalidad con la que S\u00e1nchez\u00a0<strong>ha reaccionado al ataque tan inapropiado de Milei<\/strong>\u00a0a su esposa Bego\u00f1a G\u00f3mez y que ha terminado provocando la retirada unilateral del embajador espa\u00f1ol en Argentina. Una decisi\u00f3n de fuerte impacto diplom\u00e1tico y que es previa a la ruptura total de relaciones.<\/p>\n<p>Argentina no ha respondido por igual y mantiene a su embajador en Madrid. Hay que decir que es un hecho ins\u00f3lito por su envergadura, que a lo sumo hubiera sido suficiente con una nota de protesta y porque de ninguna manera las relaciones afectivas del presidente del gobierno pueden confundirse con los intereses del estado ni con sus instituciones.<\/p>\n<p>Chocan sobremanera adem\u00e1s los precedentes que hay en este sentido. Cuando el presidente de Nicaragua, Daniel Ortega, calific\u00f3 de \u201cladrones y asesinos\u201d a los reyes de Espa\u00f1a, incluido el actual jefe del Estado, un ataque, ese s\u00ed, de la dimensi\u00f3n institucional espa\u00f1ola, no ocurri\u00f3 nada. Cuando el n\u00famero dos del r\u00e9gimen de Maduro calific\u00f3 al jefe del Estado de vago, no ocurri\u00f3 nada.<br \/>\nCuando Maduro exigi\u00f3 al rey que pidiera perd\u00f3n por la actuaci\u00f3n de Espa\u00f1a contra los pueblos originarios y le acus\u00f3 de avalar genocidios, cr\u00edmenes y violaciones de millones de personas, el mutismo gubernamental fue absoluto.<\/p>\n<p>Todos\u00a0<strong>estos precedentes<\/strong> implicaban acusaciones mucho m\u00e1s graves para Espa\u00f1a porque afectaban a su historia, su presente, su condici\u00f3n institucional entera. Acusar, aunque sea injustamente a Bego\u00f1a G\u00f3mez de un comportamiento inadecuado, o corrupto incluso, no afecta en lo m\u00e1s m\u00ednimo a la naturaleza del estado. Con Bego\u00f1a o sin ella, \u00e9ste permanecer\u00e1 igual. Con Bego\u00f1a, responsable de fechor\u00edas o inocente como un \u00e1ngel, las instituciones continuar\u00e1n exactamente de la misma forma y <strong>esta diferencia radical es la que se ha saltado S\u00e1nchez<\/strong>.<\/p>\n<p>No hay que olvidar que\u00a0<strong>Espa\u00f1a es el segundo inversor despu\u00e9s de EE. UU. en Argentina<\/strong> y que hay 200 empresas espa\u00f1olas, la mayor\u00eda grandes, en ese pa\u00eds, por cierto, pendientes de resolver el problema cr\u00f3nico de repatriar beneficios, a lo que Milei parece haberse comprometido a resolver a cambio de favorecer nuevas inversiones. Las aguas argentinas son tambi\u00e9n estrat\u00e9gicas para la flota de pesca de alta mar espa\u00f1ola. Todo esto S\u00e1nchez se lo pasa por el forro.<\/p>\n<p>Pero todav\u00eda hay m\u00e1s. Porque hay que recordar que todo comienza cuando el ministro transmutado en c\u00f3mic monologuista, \u00d3scar Puente, declar\u00f3 que el presidente argentino tomaba \u00absustancias\u00bb y todo esto ven\u00eda precedido de los ataques de S\u00e1nchez a Milei en el pleno del Congreso cuando las elecciones y el hecho de no haber acudido a la toma de posesi\u00f3n, ni haberle felicitado por el triunfo electoral, demostrando que\u00a0<strong>por encima de los intereses del Estado espa\u00f1ol, S\u00e1nchez situaba sus fobias ideol\u00f3gicas<\/strong>.<\/p>\n<p>Y es que el actual presidente del gobierno ha convertido la pol\u00edtica exterior en su huerto personal. Hace lo que quiere de acuerdo a sus estrictos deseos individuales. Lo hizo cuando cambi\u00f3 de un d\u00eda para otro la posici\u00f3n tradicional de Espa\u00f1a en relaci\u00f3n con el <a href=\"https:\/\/conversesacatalunya.cat\/es\/retirada-francia-sahara\/\" target=\"_blank\" rel=\"noopener\"><strong>S\u00e1hara<\/strong><\/a>, pasando a apoyar incondicionalmente a Marruecos. Ninguna explicaci\u00f3n ni en el parlamento ni ning\u00fan acuerdo con la oposici\u00f3n por tratarse de una pol\u00edtica de estado. Tres cuartos de lo mismo est\u00e1 haciendo con el <strong>reconocimiento unilateral de Palestina<\/strong>\u00a0como estado, posici\u00f3n vista cr\u00edticamente por Washington al considerar que este acuerdo debe tener como correlato el reconocimiento palestino de Israel como estado.<\/p>\n<p>En realidad, la pol\u00edtica exterior de S\u00e1nchez es inexistente m\u00e1s all\u00e1 de sus intereses, que a menudo se confunden con citas electorales. Todo ello pone de relieve su fracaso en este \u00e1mbito tan decisivo como lo muestra el \u00faltimo hecho, el fracaso de las eternas negociaciones sobre Gibraltar que, mientras tanto, sigue constituyendo un problema para el sur de Espa\u00f1a por el blanqueo de capital y por el tr\u00e1fico de tabaco.<\/p>\n<p><strong>No podemos tener un jefe de gobierno que genere tantos costes en pol\u00edtica exterior porque todo lo supedita a su persona<\/strong>. Un pa\u00eds no puede vivir continuamente sobre el torrente emocional que S\u00e1nchez desencadena una semana s\u00ed y la otra tambi\u00e9n si considera que le beneficia electoralmente y sin atenerse a ninguna otra raz\u00f3n.<\/p>\n<span class='bctt-click-to-tweet'><span class='bctt-ctt-text'><a href='https:\/\/twitter.com\/intent\/tweet?url=https%3A%2F%2Fconversesacatalunya.cat%2Fes%2Fsanchez-letat-cest-moi%2F&#038;text=L%27%C3%89tat%20c%E2%80%99est%20moi%2C%20esta%20famosa%20frase%20ap%C3%B3crifa%2C%20por%20cierto%2C%20de%20Luis%20XIV%20de%20Francia%2C%20se%C3%B1ala%20muy%20bien%20la%20mentalidad%20con%20la%20que%20S%C3%A1nchez%20ha%20reaccionado%20al%20ataque%20tan%20inapropiado%20de%20Milei%20a%20su%20esposa%20Bego%C3%B1a%20G%C3%B3mez&#038;via=conversesacat&#038;related=conversesacat' target='_blank'rel=\"noopener noreferrer\">L&#039;\u00c9tat c\u2019est moi, esta famosa frase ap\u00f3crifa, por cierto, de Luis XIV de Francia, se\u00f1ala muy bien la mentalidad con la que S\u00e1nchez ha reaccionado al ataque tan inapropiado de Milei a su esposa Bego\u00f1a G\u00f3mez <\/a><\/span><a href='https:\/\/twitter.com\/intent\/tweet?url=https%3A%2F%2Fconversesacatalunya.cat%2Fes%2Fsanchez-letat-cest-moi%2F&#038;text=L%27%C3%89tat%20c%E2%80%99est%20moi%2C%20esta%20famosa%20frase%20ap%C3%B3crifa%2C%20por%20cierto%2C%20de%20Luis%20XIV%20de%20Francia%2C%20se%C3%B1ala%20muy%20bien%20la%20mentalidad%20con%20la%20que%20S%C3%A1nchez%20ha%20reaccionado%20al%20ataque%20tan%20inapropiado%20de%20Milei%20a%20su%20esposa%20Bego%C3%B1a%20G%C3%B3mez&#038;via=conversesacat&#038;related=conversesacat' target='_blank' class='bctt-ctt-btn'rel=\"noopener noreferrer\">Compartir en X<\/a><\/span>\n<div id=\"polls-243\" class=\"wp-polls\">\n\t<form id=\"polls_form_243\" class=\"wp-polls-form\" action=\"\/index.php\" method=\"post\">\n\t\t<p style=\"display: none;\"><input type=\"hidden\" id=\"poll_243_nonce\" name=\"wp-polls-nonce\" value=\"ab5af412ef\" \/><\/p>\n\t\t<p style=\"display: none;\"><input type=\"hidden\" name=\"poll_id\" value=\"243\" \/><\/p>\n\t\t<p style=\"text-align: center\"><strong>Creus que l'actual pol\u00edtica exterior europea augmenta el risc d'una guerra nuclear?<\/strong><\/p><div id=\"polls-243-ans\" class=\"wp-polls-ans\"><ul class=\"wp-polls-ul\">\n\t\t<li><input type=\"radio\" id=\"poll-answer-681\" name=\"poll_243\" value=\"681\" \/> <label for=\"poll-answer-681\">S\u00ed<\/label><\/li>\n\t\t<li><input type=\"radio\" id=\"poll-answer-682\" name=\"poll_243\" value=\"682\" \/> <label for=\"poll-answer-682\">No<\/label><\/li>\n\t\t<li><input type=\"radio\" id=\"poll-answer-683\" name=\"poll_243\" value=\"683\" \/> <label for=\"poll-answer-683\">No ho s\u00e9<\/label><\/li>\n\t\t<\/ul><p style=\"text-align: center\"><input type=\"button\" name=\"vote\" value=\"   Vota   \" class=\"Buttons\" onclick=\"poll_vote(243);\" \/><\/p><p style=\"text-align: center\"><a href=\"#ViewPollResults\" onclick=\"poll_result(243); return false;\" title=\"View Results Of This Poll\">Mira els resultats<\/a><\/p><\/div>\n\t<\/form>\n<\/div>\n<div id=\"polls-243-loading\" class=\"wp-polls-loading\"><img decoding=\"async\" data-src=\"https:\/\/conversesacatalunya.cat\/wp-content\/plugins\/wp-polls\/images\/loading.gif\" width=\"16\" height=\"16\" alt=\"Cargando ...\" title=\"Cargando ...\" class=\"wp-polls-image lazyload\" src=\"data:image\/svg+xml;base64,PHN2ZyB3aWR0aD0iMSIgaGVpZ2h0PSIxIiB4bWxucz0iaHR0cDovL3d3dy53My5vcmcvMjAwMC9zdmciPjwvc3ZnPg==\" style=\"--smush-placeholder-width: 16px; --smush-placeholder-aspect-ratio: 16\/16;\" \/>&nbsp;Cargando ...<\/div>\n\n<p>&nbsp;<\/p>\n","protected":false},"excerpt":{"rendered":"<p>L&#8217;\u00c9tat\u00a0c\u2019est\u00a0moi,\u00a0esta famosa frase ap\u00f3crifa, por cierto, de Luis XIV de Francia, se\u00f1ala muy bien la mentalidad con la que S\u00e1nchez\u00a0ha reaccionado al ataque tan inapropiado de Milei\u00a0a su esposa Bego\u00f1a G\u00f3mez y que ha terminado provocando la retirada unilateral del embajador espa\u00f1ol en Argentina. Una decisi\u00f3n de fuerte impacto diplom\u00e1tico y que es previa a la ruptura total de relaciones. Argentina no ha respondido por igual y mantiene a su embajador en Madrid. Hay que decir que es un hecho ins\u00f3lito por su envergadura, que a lo sumo hubiera sido suficiente con una nota de protesta y porque de ninguna manera las relaciones afectivas del presidente del gobierno pueden confundirse con los intereses del estado ni con sus instituciones. Chocan sobremanera adem\u00e1s los precedentes que hay en este sentido. Cuando el presidente de Nicaragua, Daniel Ortega, calific\u00f3 de \u201cladrones y asesinos\u201d a los reyes de Espa\u00f1a, incluido el actual jefe del Estado, un ataque, ese s\u00ed, de la dimensi\u00f3n institucional espa\u00f1ola, no ocurri\u00f3 nada. Cuando el n\u00famero dos del r\u00e9gimen de Maduro calific\u00f3 al jefe del Estado de vago, no ocurri\u00f3 nada. Cuando Maduro exigi\u00f3 al rey que pidiera perd\u00f3n por la actuaci\u00f3n de Espa\u00f1a contra los pueblos originarios y le acus\u00f3 de avalar genocidios, cr\u00edmenes y violaciones de millones de personas, el mutismo gubernamental fue absoluto. Todos\u00a0estos precedentes implicaban acusaciones mucho m\u00e1s graves para Espa\u00f1a porque afectaban a su historia, su presente, su condici\u00f3n institucional entera. Acusar, aunque sea injustamente a Bego\u00f1a G\u00f3mez de un comportamiento inadecuado, o corrupto incluso, no afecta en lo m\u00e1s m\u00ednimo a la naturaleza del estado. Con Bego\u00f1a o sin ella, \u00e9ste permanecer\u00e1 igual. Con Bego\u00f1a, responsable de fechor\u00edas o inocente como un \u00e1ngel, las instituciones continuar\u00e1n exactamente de la misma forma y esta diferencia radical es la que se ha saltado S\u00e1nchez. No hay que olvidar que\u00a0Espa\u00f1a es el segundo inversor despu\u00e9s de EE. UU. en Argentina y que hay 200 empresas espa\u00f1olas, la mayor\u00eda grandes, en ese pa\u00eds, por cierto, pendientes de resolver el problema cr\u00f3nico de repatriar beneficios, a lo que Milei parece haberse comprometido a resolver a cambio de favorecer nuevas inversiones. Las aguas argentinas son tambi\u00e9n estrat\u00e9gicas para la flota de pesca de alta mar espa\u00f1ola. Todo esto S\u00e1nchez se lo pasa por el forro. Pero todav\u00eda hay m\u00e1s. Porque hay que recordar que todo comienza cuando el ministro transmutado en c\u00f3mic monologuista, \u00d3scar Puente, declar\u00f3 que el presidente argentino tomaba \u00absustancias\u00bb y todo esto ven\u00eda precedido de los ataques de S\u00e1nchez a Milei en el pleno del Congreso cuando las elecciones y el hecho de no haber acudido a la toma de posesi\u00f3n, ni haberle felicitado por el triunfo electoral, demostrando que\u00a0por encima de los intereses del Estado espa\u00f1ol, S\u00e1nchez situaba sus fobias ideol\u00f3gicas. Y es que el actual presidente del gobierno ha convertido la pol\u00edtica exterior en su huerto personal. Hace lo que quiere de acuerdo a sus estrictos deseos individuales. Lo hizo cuando cambi\u00f3 de un d\u00eda para otro la posici\u00f3n tradicional de Espa\u00f1a en relaci\u00f3n con el S\u00e1hara, pasando a apoyar incondicionalmente a Marruecos. Ninguna explicaci\u00f3n ni en el parlamento ni ning\u00fan acuerdo con la oposici\u00f3n por tratarse de una pol\u00edtica de estado. Tres cuartos de lo mismo est\u00e1 haciendo con el reconocimiento unilateral de Palestina\u00a0como estado, posici\u00f3n vista cr\u00edticamente por Washington al considerar que este acuerdo debe tener como correlato el reconocimiento palestino de Israel como estado. En realidad, la pol\u00edtica exterior de S\u00e1nchez es inexistente m\u00e1s all\u00e1 de sus intereses, que a menudo se confunden con citas electorales. Todo ello pone de relieve su fracaso en este \u00e1mbito tan decisivo como lo muestra el \u00faltimo hecho, el fracaso de las eternas negociaciones sobre Gibraltar que, mientras tanto, sigue constituyendo un problema para el sur de Espa\u00f1a por el blanqueo de capital y por el tr\u00e1fico de tabaco. No podemos tener un jefe de gobierno que genere tantos costes en pol\u00edtica exterior porque todo lo supedita a su persona. Un pa\u00eds no puede vivir continuamente sobre el torrente emocional que S\u00e1nchez desencadena una semana s\u00ed y la otra tambi\u00e9n si considera que le beneficia electoralmente y sin atenerse a ninguna otra raz\u00f3n. &nbsp;<\/p>\n","protected":false},"author":77,"featured_media":78189,"comment_status":"open","ping_status":"open","sticky":false,"template":"","format":"standard","meta":{"_FSMCFIC_featured_image_caption":"","_FSMCFIC_featured_image_nocaption":"","_FSMCFIC_featured_image_hide":"","footnotes":""},"categories":[806],"tags":[1157,1388],"class_list":["post-78207","post","type-post","status-publish","format-standard","has-post-thumbnail","hentry","category-punts-claus-del-dia-es","tag-pedro-sanchez-es","tag-politica-exterior-es"],"yoast_head":"<!-- This site is optimized with the Yoast SEO plugin v26.8 - https:\/\/yoast.com\/product\/yoast-seo-wordpress\/ -->\n<title>S\u00e1nchez. L&#039;\u00c9tat c&#039;est moi - Converses a Catalunya<\/title>\n<meta name=\"description\" content=\"No podemos tener un jefe de gobierno que genere tantos costes en pol\u00edtica exterior porque todo lo supedita a su persona\" \/>\n<meta name=\"robots\" content=\"index, follow, max-snippet:-1, max-image-preview:large, max-video-preview:-1\" \/>\n<link rel=\"canonical\" href=\"https:\/\/conversesacatalunya.cat\/es\/sanchez-letat-cest-moi\/\" \/>\n<meta property=\"og:locale\" content=\"es_ES\" \/>\n<meta property=\"og:type\" content=\"article\" \/>\n<meta property=\"og:title\" content=\"S\u00e1nchez. L&#039;\u00c9tat c&#039;est moi - Converses a Catalunya\" \/>\n<meta property=\"og:description\" content=\"No podemos tener un jefe de gobierno que genere tantos costes en pol\u00edtica exterior porque todo lo supedita a su persona\" \/>\n<meta property=\"og:url\" content=\"https:\/\/conversesacatalunya.cat\/es\/sanchez-letat-cest-moi\/\" \/>\n<meta property=\"og:site_name\" content=\"Converses a Catalunya\" \/>\n<meta property=\"article:published_time\" content=\"2024-05-22T10:22:58+00:00\" \/>\n<meta property=\"article:modified_time\" content=\"2024-05-23T04:12:43+00:00\" \/>\n<meta property=\"og:image\" content=\"https:\/\/conversesacatalunya.cat\/wp-content\/uploads\/2024\/05\/sanchez-i-milei-1.jpeg\" \/>\n\t<meta property=\"og:image:width\" content=\"706\" \/>\n\t<meta property=\"og:image:height\" content=\"422\" \/>\n\t<meta property=\"og:image:type\" content=\"image\/jpeg\" \/>\n<meta name=\"author\" content=\"Enric Casanovas\" \/>\n<meta name=\"twitter:card\" content=\"summary_large_image\" \/>\n<meta name=\"twitter:label1\" content=\"Escrito por\" \/>\n\t<meta name=\"twitter:data1\" content=\"Enric Casanovas\" \/>\n\t<meta name=\"twitter:label2\" content=\"Tiempo de lectura\" \/>\n\t<meta name=\"twitter:data2\" content=\"4 minutos\" \/>\n<script type=\"application\/ld+json\" class=\"yoast-schema-graph\">{\"@context\":\"https:\/\/schema.org\",\"@graph\":[{\"@type\":\"Article\",\"@id\":\"https:\/\/conversesacatalunya.cat\/es\/sanchez-letat-cest-moi\/#article\",\"isPartOf\":{\"@id\":\"https:\/\/conversesacatalunya.cat\/es\/sanchez-letat-cest-moi\/\"},\"author\":{\"name\":\"Enric Casanovas\",\"@id\":\"https:\/\/conversesacatalunya.cat\/#\/schema\/person\/79bd0577b2f3afc8d6519d207c6e8609\"},\"headline\":\"S\u00e1nchez. L&#8217;\u00c9tat c&#8217;est moi\",\"datePublished\":\"2024-05-22T10:22:58+00:00\",\"dateModified\":\"2024-05-23T04:12:43+00:00\",\"mainEntityOfPage\":{\"@id\":\"https:\/\/conversesacatalunya.cat\/es\/sanchez-letat-cest-moi\/\"},\"wordCount\":827,\"commentCount\":0,\"image\":{\"@id\":\"https:\/\/conversesacatalunya.cat\/es\/sanchez-letat-cest-moi\/#primaryimage\"},\"thumbnailUrl\":\"https:\/\/conversesacatalunya.cat\/wp-content\/uploads\/2024\/05\/sanchez-i-milei-1.jpeg\",\"keywords\":[\"Pedro S\u00e1nchez\",\"pol\u00edtica exterior\"],\"articleSection\":[\"Punts clau del dia (ES)\"],\"inLanguage\":\"es\",\"potentialAction\":[{\"@type\":\"CommentAction\",\"name\":\"Comment\",\"target\":[\"https:\/\/conversesacatalunya.cat\/es\/sanchez-letat-cest-moi\/#respond\"]}]},{\"@type\":\"WebPage\",\"@id\":\"https:\/\/conversesacatalunya.cat\/es\/sanchez-letat-cest-moi\/\",\"url\":\"https:\/\/conversesacatalunya.cat\/es\/sanchez-letat-cest-moi\/\",\"name\":\"S\u00e1nchez. L'\u00c9tat c'est moi - Converses a Catalunya\",\"isPartOf\":{\"@id\":\"https:\/\/conversesacatalunya.cat\/#website\"},\"primaryImageOfPage\":{\"@id\":\"https:\/\/conversesacatalunya.cat\/es\/sanchez-letat-cest-moi\/#primaryimage\"},\"image\":{\"@id\":\"https:\/\/conversesacatalunya.cat\/es\/sanchez-letat-cest-moi\/#primaryimage\"},\"thumbnailUrl\":\"https:\/\/conversesacatalunya.cat\/wp-content\/uploads\/2024\/05\/sanchez-i-milei-1.jpeg\",\"datePublished\":\"2024-05-22T10:22:58+00:00\",\"dateModified\":\"2024-05-23T04:12:43+00:00\",\"author\":{\"@id\":\"https:\/\/conversesacatalunya.cat\/#\/schema\/person\/79bd0577b2f3afc8d6519d207c6e8609\"},\"description\":\"No podemos tener un jefe de gobierno que genere tantos costes en pol\u00edtica exterior porque todo lo supedita a su persona\",\"breadcrumb\":{\"@id\":\"https:\/\/conversesacatalunya.cat\/es\/sanchez-letat-cest-moi\/#breadcrumb\"},\"inLanguage\":\"es\",\"potentialAction\":[{\"@type\":\"ReadAction\",\"target\":[\"https:\/\/conversesacatalunya.cat\/es\/sanchez-letat-cest-moi\/\"]}]},{\"@type\":\"ImageObject\",\"inLanguage\":\"es\",\"@id\":\"https:\/\/conversesacatalunya.cat\/es\/sanchez-letat-cest-moi\/#primaryimage\",\"url\":\"https:\/\/conversesacatalunya.cat\/wp-content\/uploads\/2024\/05\/sanchez-i-milei-1.jpeg\",\"contentUrl\":\"https:\/\/conversesacatalunya.cat\/wp-content\/uploads\/2024\/05\/sanchez-i-milei-1.jpeg\",\"width\":706,\"height\":422},{\"@type\":\"BreadcrumbList\",\"@id\":\"https:\/\/conversesacatalunya.cat\/es\/sanchez-letat-cest-moi\/#breadcrumb\",\"itemListElement\":[{\"@type\":\"ListItem\",\"position\":1,\"name\":\"Inici\",\"item\":\"https:\/\/conversesacatalunya.cat\/es\/\"},{\"@type\":\"ListItem\",\"position\":2,\"name\":\"S\u00e1nchez. L&#8217;\u00c9tat c&#8217;est moi\"}]},{\"@type\":\"WebSite\",\"@id\":\"https:\/\/conversesacatalunya.cat\/#website\",\"url\":\"https:\/\/conversesacatalunya.cat\/\",\"name\":\"Converses a Catalunya\",\"description\":\"\",\"potentialAction\":[{\"@type\":\"SearchAction\",\"target\":{\"@type\":\"EntryPoint\",\"urlTemplate\":\"https:\/\/conversesacatalunya.cat\/?s={search_term_string}\"},\"query-input\":{\"@type\":\"PropertyValueSpecification\",\"valueRequired\":true,\"valueName\":\"search_term_string\"}}],\"inLanguage\":\"es\"},{\"@type\":\"Person\",\"@id\":\"https:\/\/conversesacatalunya.cat\/#\/schema\/person\/79bd0577b2f3afc8d6519d207c6e8609\",\"name\":\"Enric Casanovas\",\"image\":{\"@type\":\"ImageObject\",\"inLanguage\":\"es\",\"@id\":\"https:\/\/conversesacatalunya.cat\/#\/schema\/person\/image\/\",\"url\":\"https:\/\/conversesacatalunya.cat\/wp-content\/litespeed\/avatar\/7ae4379ad4421ec77820e92afd36dd78.jpg?ver=1777373933\",\"contentUrl\":\"https:\/\/conversesacatalunya.cat\/wp-content\/litespeed\/avatar\/7ae4379ad4421ec77820e92afd36dd78.jpg?ver=1777373933\",\"caption\":\"Enric Casanovas\"},\"url\":\"https:\/\/conversesacatalunya.cat\/es\/author\/enric-casanovas\/\"}]}<\/script>\n<!-- \/ Yoast SEO plugin. -->","yoast_head_json":{"title":"S\u00e1nchez. L'\u00c9tat c'est moi - Converses a Catalunya","description":"No podemos tener un jefe de gobierno que genere tantos costes en pol\u00edtica exterior porque todo lo supedita a su persona","robots":{"index":"index","follow":"follow","max-snippet":"max-snippet:-1","max-image-preview":"max-image-preview:large","max-video-preview":"max-video-preview:-1"},"canonical":"https:\/\/conversesacatalunya.cat\/es\/sanchez-letat-cest-moi\/","og_locale":"es_ES","og_type":"article","og_title":"S\u00e1nchez. L'\u00c9tat c'est moi - Converses a Catalunya","og_description":"No podemos tener un jefe de gobierno que genere tantos costes en pol\u00edtica exterior porque todo lo supedita a su persona","og_url":"https:\/\/conversesacatalunya.cat\/es\/sanchez-letat-cest-moi\/","og_site_name":"Converses a Catalunya","article_published_time":"2024-05-22T10:22:58+00:00","article_modified_time":"2024-05-23T04:12:43+00:00","og_image":[{"width":706,"height":422,"url":"https:\/\/conversesacatalunya.cat\/wp-content\/uploads\/2024\/05\/sanchez-i-milei-1.jpeg","type":"image\/jpeg"}],"author":"Enric Casanovas","twitter_card":"summary_large_image","twitter_misc":{"Escrito por":"Enric Casanovas","Tiempo de lectura":"4 minutos"},"schema":{"@context":"https:\/\/schema.org","@graph":[{"@type":"Article","@id":"https:\/\/conversesacatalunya.cat\/es\/sanchez-letat-cest-moi\/#article","isPartOf":{"@id":"https:\/\/conversesacatalunya.cat\/es\/sanchez-letat-cest-moi\/"},"author":{"name":"Enric Casanovas","@id":"https:\/\/conversesacatalunya.cat\/#\/schema\/person\/79bd0577b2f3afc8d6519d207c6e8609"},"headline":"S\u00e1nchez. L&#8217;\u00c9tat c&#8217;est moi","datePublished":"2024-05-22T10:22:58+00:00","dateModified":"2024-05-23T04:12:43+00:00","mainEntityOfPage":{"@id":"https:\/\/conversesacatalunya.cat\/es\/sanchez-letat-cest-moi\/"},"wordCount":827,"commentCount":0,"image":{"@id":"https:\/\/conversesacatalunya.cat\/es\/sanchez-letat-cest-moi\/#primaryimage"},"thumbnailUrl":"https:\/\/conversesacatalunya.cat\/wp-content\/uploads\/2024\/05\/sanchez-i-milei-1.jpeg","keywords":["Pedro S\u00e1nchez","pol\u00edtica exterior"],"articleSection":["Punts clau del dia (ES)"],"inLanguage":"es","potentialAction":[{"@type":"CommentAction","name":"Comment","target":["https:\/\/conversesacatalunya.cat\/es\/sanchez-letat-cest-moi\/#respond"]}]},{"@type":"WebPage","@id":"https:\/\/conversesacatalunya.cat\/es\/sanchez-letat-cest-moi\/","url":"https:\/\/conversesacatalunya.cat\/es\/sanchez-letat-cest-moi\/","name":"S\u00e1nchez. L'\u00c9tat c'est moi - Converses a Catalunya","isPartOf":{"@id":"https:\/\/conversesacatalunya.cat\/#website"},"primaryImageOfPage":{"@id":"https:\/\/conversesacatalunya.cat\/es\/sanchez-letat-cest-moi\/#primaryimage"},"image":{"@id":"https:\/\/conversesacatalunya.cat\/es\/sanchez-letat-cest-moi\/#primaryimage"},"thumbnailUrl":"https:\/\/conversesacatalunya.cat\/wp-content\/uploads\/2024\/05\/sanchez-i-milei-1.jpeg","datePublished":"2024-05-22T10:22:58+00:00","dateModified":"2024-05-23T04:12:43+00:00","author":{"@id":"https:\/\/conversesacatalunya.cat\/#\/schema\/person\/79bd0577b2f3afc8d6519d207c6e8609"},"description":"No podemos tener un jefe de gobierno que genere tantos costes en pol\u00edtica exterior porque todo lo supedita a su persona","breadcrumb":{"@id":"https:\/\/conversesacatalunya.cat\/es\/sanchez-letat-cest-moi\/#breadcrumb"},"inLanguage":"es","potentialAction":[{"@type":"ReadAction","target":["https:\/\/conversesacatalunya.cat\/es\/sanchez-letat-cest-moi\/"]}]},{"@type":"ImageObject","inLanguage":"es","@id":"https:\/\/conversesacatalunya.cat\/es\/sanchez-letat-cest-moi\/#primaryimage","url":"https:\/\/conversesacatalunya.cat\/wp-content\/uploads\/2024\/05\/sanchez-i-milei-1.jpeg","contentUrl":"https:\/\/conversesacatalunya.cat\/wp-content\/uploads\/2024\/05\/sanchez-i-milei-1.jpeg","width":706,"height":422},{"@type":"BreadcrumbList","@id":"https:\/\/conversesacatalunya.cat\/es\/sanchez-letat-cest-moi\/#breadcrumb","itemListElement":[{"@type":"ListItem","position":1,"name":"Inici","item":"https:\/\/conversesacatalunya.cat\/es\/"},{"@type":"ListItem","position":2,"name":"S\u00e1nchez. L&#8217;\u00c9tat c&#8217;est moi"}]},{"@type":"WebSite","@id":"https:\/\/conversesacatalunya.cat\/#website","url":"https:\/\/conversesacatalunya.cat\/","name":"Converses a Catalunya","description":"","potentialAction":[{"@type":"SearchAction","target":{"@type":"EntryPoint","urlTemplate":"https:\/\/conversesacatalunya.cat\/?s={search_term_string}"},"query-input":{"@type":"PropertyValueSpecification","valueRequired":true,"valueName":"search_term_string"}}],"inLanguage":"es"},{"@type":"Person","@id":"https:\/\/conversesacatalunya.cat\/#\/schema\/person\/79bd0577b2f3afc8d6519d207c6e8609","name":"Enric Casanovas","image":{"@type":"ImageObject","inLanguage":"es","@id":"https:\/\/conversesacatalunya.cat\/#\/schema\/person\/image\/","url":"https:\/\/conversesacatalunya.cat\/wp-content\/litespeed\/avatar\/7ae4379ad4421ec77820e92afd36dd78.jpg?ver=1777373933","contentUrl":"https:\/\/conversesacatalunya.cat\/wp-content\/litespeed\/avatar\/7ae4379ad4421ec77820e92afd36dd78.jpg?ver=1777373933","caption":"Enric Casanovas"},"url":"https:\/\/conversesacatalunya.cat\/es\/author\/enric-casanovas\/"}]}},"wps_subtitle":"No podemos tener un jefe de gobierno que genere tantos costes en pol\u00edtica exterior porque todo lo supedita a su persona","_links":{"self":[{"href":"https:\/\/conversesacatalunya.cat\/es\/wp-json\/wp\/v2\/posts\/78207","targetHints":{"allow":["GET"]}}],"collection":[{"href":"https:\/\/conversesacatalunya.cat\/es\/wp-json\/wp\/v2\/posts"}],"about":[{"href":"https:\/\/conversesacatalunya.cat\/es\/wp-json\/wp\/v2\/types\/post"}],"author":[{"embeddable":true,"href":"https:\/\/conversesacatalunya.cat\/es\/wp-json\/wp\/v2\/users\/77"}],"replies":[{"embeddable":true,"href":"https:\/\/conversesacatalunya.cat\/es\/wp-json\/wp\/v2\/comments?post=78207"}],"version-history":[{"count":4,"href":"https:\/\/conversesacatalunya.cat\/es\/wp-json\/wp\/v2\/posts\/78207\/revisions"}],"predecessor-version":[{"id":78213,"href":"https:\/\/conversesacatalunya.cat\/es\/wp-json\/wp\/v2\/posts\/78207\/revisions\/78213"}],"wp:featuredmedia":[{"embeddable":true,"href":"https:\/\/conversesacatalunya.cat\/es\/wp-json\/wp\/v2\/media\/78189"}],"wp:attachment":[{"href":"https:\/\/conversesacatalunya.cat\/es\/wp-json\/wp\/v2\/media?parent=78207"}],"wp:term":[{"taxonomy":"category","embeddable":true,"href":"https:\/\/conversesacatalunya.cat\/es\/wp-json\/wp\/v2\/categories?post=78207"},{"taxonomy":"post_tag","embeddable":true,"href":"https:\/\/conversesacatalunya.cat\/es\/wp-json\/wp\/v2\/tags?post=78207"}],"curies":[{"name":"wp","href":"https:\/\/api.w.org\/{rel}","templated":true}]}}