{"id":77737,"date":"2024-05-07T10:34:30","date_gmt":"2024-05-07T08:34:30","guid":{"rendered":"https:\/\/conversesacatalunya.cat\/?p=77737"},"modified":"2024-05-07T10:34:30","modified_gmt":"2024-05-07T08:34:30","slug":"inmigracion-dogma-incuestionable","status":"publish","type":"post","link":"https:\/\/conversesacatalunya.cat\/es\/inmigracion-dogma-incuestionable\/","title":{"rendered":"La inmigraci\u00f3n convertida en dogma incuestionable"},"content":{"rendered":"<p>Hace unos d\u00edas, el presidente de Estados Unidos <a href=\"https:\/\/www.bloomberg.com\/news\/articles\/2024-05-02\/biden-now-calls-ally-japan-xenophobic-along-with-china-russia?embedded-checkout=true\" target=\"_blank\" rel=\"noopener\"><strong>Joe Biden tild\u00f3<\/strong><\/a> <strong>a Jap\u00f3n, el aliado m\u00e1s antiguo<\/strong> y m\u00e1s importante de su pa\u00eds en Asia-Pac\u00edfico, de <strong>\u00abxen\u00f3fobo\u00bb.<\/strong> No s\u00f3lo eso, sino que Biden incluy\u00f3 a Jap\u00f3n en una especie de lista negra de pa\u00edses refractarios a la inmigraci\u00f3n que tambi\u00e9n inclu\u00eda a Rusia y China.<\/p>\n<p>Biden, que parad\u00f3jicamente hab\u00eda acogido tan s\u00f3lo unos d\u00edas atr\u00e1s al <strong>primer ministro japon\u00e9s Fumio Kishida<\/strong> en visita oficial, explic\u00f3 en una gala de recogida de fondos que Jap\u00f3n, Rusia y China ten\u00edan los tres problemas econ\u00f3micos porque<strong> se resist\u00edan a acoger a inmigrantes.<\/strong><\/p>\n<p>La afirmaci\u00f3n no solo es falsa (en Rusia habitan unos seis millones de inmigrantes, provenientes sobre todo de los pa\u00edses ex-sovi\u00e9ticos), sino que vincular la inmigraci\u00f3n actual de Estados Unidos a la buena marcha actual de la econom\u00eda estadounidense es fuertemente contestable. Como<a href=\"https:\/\/conversesacatalunya.cat\/es\/estados-unidos-economia-dopada\/\" target=\"_blank\" rel=\"noopener\"><strong> ya informamos<\/strong><\/a>, el crecimiento de la que todav\u00eda es la primera econom\u00eda mundial se explica ante todo por su fort\u00edsimo endeudamiento p\u00fablico y por la facilidad de acceso al cr\u00e9dito.<\/p>\n<p>La sentencia de Biden refleja, sin embargo, una importante realidad de la pol\u00edtica occidental actual: la inmigraci\u00f3n se ha convertido entre la mayor parte de las \u00e9lites pol\u00edticas y medi\u00e1ticas <strong>en un dogma<\/strong> cuyas bondades son incuestionables.<\/p>\n<blockquote><p><strong>Dicho de otra forma, poner en duda la inmigraci\u00f3n conduce pr\u00e1cticamente al ostracismo.<\/strong><\/p><\/blockquote>\n<p>El simple hecho de poner en entredicho los supuestos beneficios de la inmigraci\u00f3n implica en buena parte de la esfera p\u00fablica <strong>ser tildado de extremista,<\/strong> militante de extrema derecha, racista y, siempre que sea posible, <strong>islam\u00f3fobo<\/strong>. Dicho de otra forma, poner en duda la inmigraci\u00f3n conduce pr\u00e1cticamente al ostracismo.<\/p>\n<h4><strong>Dos tipos de inmigraci\u00f3n diametralmente opuestos<\/strong><\/h4>\n<p>Es una evidencia que gozar de una inmigraci\u00f3n laboral de personas altamente cualificadas y f\u00e1cilmente integrables en la cultura y la sociedad que las acogen es extremadamente positivo para cualquier pa\u00eds. Si Biden se refer\u00eda a esta<strong> inmigraci\u00f3n de \u00e9lite<\/strong>, de la que Estados Unidos disfruta m\u00e1s que ning\u00fan otro pa\u00eds occidental, es necesario sin duda darle la raz\u00f3n.<\/p>\n<p><strong>Hay un segundo tipo,<\/strong> muy mayoritario, de inmigraci\u00f3n, la que podr\u00edamos calificar de<strong> inmigraci\u00f3n masiva<\/strong>. Se trata de las entradas de personas con escasas o nulas calificaciones, y que, por tanto, solo pueden aspirar a ocupar los puestos de trabajo m\u00e1s b\u00e1sicos y que a menudo la poblaci\u00f3n aut\u00f3ctona se resiste a efectuar.<\/p>\n<p>Esta resistencia se explica en buena parte por la l<strong>ey de la oferta y la demanda<\/strong> del mercado laboral: si la oferta de sueldos bajos existe es porque existe una demanda por parte de este perfil de inmigrantes (ver los esclarecedores<a href=\"https:\/\/americancompass.org\/worker-power-loose-borders-pick-one\/\" target=\"_blank\" rel=\"noopener\"><strong> datos<\/strong><\/a> de Estados Unidos en este sentido).<\/p>\n<p>Es adem\u00e1s<strong> un c\u00edrculo vicioso:<\/strong> el efecto sobre la econom\u00eda de este tipo de mano de obra barata tiende a reforzar los sectores menos productivos de la econom\u00eda, como el turismo, y retrasa la innovaci\u00f3n tecnol\u00f3gica en otros, como la agricultura.<\/p>\n<p>Si al escaso valor a\u00f1adido a la econom\u00eda (con todas sus implicaciones incluidas, empezando por la grave descompensaci\u00f3n generada en las cotizaciones de la seguridad social) se le a\u00f1aden las dificultades culturales y sociales para integrar a estos reci\u00e9n llegados provenientes en su pr\u00e1ctica totalidad de pa\u00edses muy alejados de quienes los acogen, los costes se disparan de forma astron\u00f3mica.<\/p>\n<h4><strong>Un hecho cumplido<\/strong><\/h4>\n<p>Hay que ser consciente de que hoy, cuando se habla de inmigraci\u00f3n, particularmente en Europa y con mayor raz\u00f3n en Espa\u00f1a y<a href=\"https:\/\/conversesacatalunya.cat\/es\/problema-inmigracion-cataluna\/\" target=\"_blank\" rel=\"noopener\"><strong> Catalu\u00f1a,<\/strong><\/a> se trata esencialmente<strong> de este segundo tipo,<\/strong> el de la inmigraci\u00f3n masiva, y no su variante de \u00e9lite.<\/p>\n<p>Sin embargo, la mayor\u00eda de las \u00e9lites se niega por todos los medios a admitir los problemas que la inmigraci\u00f3n masiva plantea. Al contrario, esta <em>intelligentia<\/em> no cesa de jactar sus supuestas bondades hasta llegar al infantilismo de querer acoger a todo el mundo con los brazos abiertos.<\/p>\n<p>Peor a\u00fan, una vez el fracaso de la inmigraci\u00f3n masiva se convierte en una evidencia constatable paseando por la calle, sus defensores parecen cambiar de estrategia y<strong> pasan a presentarla como un hecho cumplido,<\/strong> excluy\u00e9ndola del debate p\u00fablico.<\/p>\n<blockquote><p><strong>\u00ablo ideal es no hablar de inmigraci\u00f3n\u00bb para evitar reacciones adversas del electorado.<\/strong><\/p><\/blockquote>\n<p>Tal y como afirmaba sin contemplaciones hace escasos meses en una entrevista surrealista en el diario ara.cat un catedr\u00e1tico de ciencia pol\u00edtica de la universidad de Glasgow,<strong> Sergi Pardos-Prado<\/strong>, \u00ablo ideal es no hablar de inmigraci\u00f3n\u00bb para evitar reacciones adversas del electorado.<\/p>\n<p>Circulen, que no hay nada que ver. O dicho, de otra forma, <strong>la inmigraci\u00f3n no es negociable<\/strong> y se sit\u00faa m\u00e1s all\u00e1 del juego democr\u00e1tico. La ciudadan\u00eda no tiene derecho a opinar de una cuesti\u00f3n, sin embargo, fundamental. Porque <strong>los malvados y quienes representan el peligro <\/strong>para la democracia son, seg\u00fan estas \u00e9lites, quienes se atreven a hablar de ello.<\/p>\n<h5><span class='bctt-click-to-tweet'><span class='bctt-ctt-text'><a href='https:\/\/twitter.com\/intent\/tweet?url=https%3A%2F%2Fconversesacatalunya.cat%2Fes%2Finmigracion-dogma-incuestionable%2F&#038;text=La%20mayor%C3%ADa%20de%20nuestras%20%C3%A9lites%20no%20s%C3%B3lo%20no%20admite%20los%20problemas%20que%20plantea%20la%20inmigraci%C3%B3n%20masiva%2C%20sino%20que%20intentan%20excluirla%20del%20debate%20pol%C3%ADtico&#038;via=conversesacat&#038;related=conversesacat' target='_blank'rel=\"noopener noreferrer\">La mayor\u00eda de nuestras \u00e9lites no s\u00f3lo no admite los problemas que plantea la inmigraci\u00f3n masiva, sino que intentan excluirla del debate pol\u00edtico <\/a><\/span><a href='https:\/\/twitter.com\/intent\/tweet?url=https%3A%2F%2Fconversesacatalunya.cat%2Fes%2Finmigracion-dogma-incuestionable%2F&#038;text=La%20mayor%C3%ADa%20de%20nuestras%20%C3%A9lites%20no%20s%C3%B3lo%20no%20admite%20los%20problemas%20que%20plantea%20la%20inmigraci%C3%B3n%20masiva%2C%20sino%20que%20intentan%20excluirla%20del%20debate%20pol%C3%ADtico&#038;via=conversesacat&#038;related=conversesacat' target='_blank' class='bctt-ctt-btn'rel=\"noopener noreferrer\">Compartir en X<\/a><\/span><\/h5>\n<p><strong>Recuerda:<\/strong><\/p>\n<p><strong>Charla-Conferencia\u00a0<\/strong>por\u00a0<strong>Zoom<\/strong>\u00a0sobre la\u00a0<em><strong>\u201cSituaci\u00f3n y perspectivas pol\u00edticas de Catalu\u00f1a. Elecciones del 12 de mayo\u201d<\/strong><\/em>\u00a0del mi\u00e9rcoles\u00a0<strong>8 de mayo<\/strong>\u00a0a las\u00a0<strong>19\u202fh.<\/strong>\u00a0a cargo del\u00a0<strong>Sr. Jordi Alberich<\/strong>, economista, exdirector del C\u00edrculo de Econom\u00eda y colaborador de El Peri\u00f3dico. Presentar\u00e1 el\u00a0<strong>Sr. Josep Mir\u00f3 i Ard\u00e8vol<\/strong>.<\/p>\n<div class=\"google-auto-placed ap_container\">\n<p>D\u00eda: Mi\u00e9rcoles,\u00a0<strong>8 de mayo<\/strong>\u00a0de 2024<\/p>\n<\/div>\n<p>Hora:\u00a0<strong>19\u202fh.<\/strong><\/p>\n<p><strong>Puedes acceder a la sesi\u00f3n mediante este enlace Zoom:<\/strong><\/p>\n<p><strong>\u00a0<a href=\"https:\/\/us02web.zoom.us\/j\/6304386212?pwd=QUtSaDd4RTUzOUNrTzg4am9XbFdYZz09\" target=\"_blank\" rel=\"noopener\">https:\/\/us02web.zoom.us\/j\/6304386212?pwd=QUtSaDd4RTUzOUNrTzg4am9XbFdYZz09<\/a><\/strong><\/p>\n<p><strong>ID de reuni\u00f3n:<\/strong>\u00a0630 438 6212<\/p>\n<p><strong>C\u00f3digo de acceso:<\/strong>\u00a0592345<\/p>\n<div class=\"ssba-modern-2 ssba ssbp-wrap aligncenter ssbp--theme-1\"><\/div>\n","protected":false},"excerpt":{"rendered":"<p>Hace unos d\u00edas, el presidente de Estados Unidos Joe Biden tild\u00f3 a Jap\u00f3n, el aliado m\u00e1s antiguo y m\u00e1s importante de su pa\u00eds en Asia-Pac\u00edfico, de \u00abxen\u00f3fobo\u00bb. No s\u00f3lo eso, sino que Biden incluy\u00f3 a Jap\u00f3n en una especie de lista negra de pa\u00edses refractarios a la inmigraci\u00f3n que tambi\u00e9n inclu\u00eda a Rusia y China. Biden, que parad\u00f3jicamente hab\u00eda acogido tan s\u00f3lo unos d\u00edas atr\u00e1s al primer ministro japon\u00e9s Fumio Kishida en visita oficial, explic\u00f3 en una gala de recogida de fondos que Jap\u00f3n, Rusia y China ten\u00edan los tres problemas econ\u00f3micos porque se resist\u00edan a acoger a inmigrantes. La afirmaci\u00f3n no solo es falsa (en Rusia habitan unos seis millones de inmigrantes, provenientes sobre todo de los pa\u00edses ex-sovi\u00e9ticos), sino que vincular la inmigraci\u00f3n actual de Estados Unidos a la buena marcha actual de la econom\u00eda estadounidense es fuertemente contestable. Como ya informamos, el crecimiento de la que todav\u00eda es la primera econom\u00eda mundial se explica ante todo por su fort\u00edsimo endeudamiento p\u00fablico y por la facilidad de acceso al cr\u00e9dito. La sentencia de Biden refleja, sin embargo, una importante realidad de la pol\u00edtica occidental actual: la inmigraci\u00f3n se ha convertido entre la mayor parte de las \u00e9lites pol\u00edticas y medi\u00e1ticas en un dogma cuyas bondades son incuestionables. Dicho de otra forma, poner en duda la inmigraci\u00f3n conduce pr\u00e1cticamente al ostracismo. El simple hecho de poner en entredicho los supuestos beneficios de la inmigraci\u00f3n implica en buena parte de la esfera p\u00fablica ser tildado de extremista, militante de extrema derecha, racista y, siempre que sea posible, islam\u00f3fobo. Dicho de otra forma, poner en duda la inmigraci\u00f3n conduce pr\u00e1cticamente al ostracismo. Dos tipos de inmigraci\u00f3n diametralmente opuestos Es una evidencia que gozar de una inmigraci\u00f3n laboral de personas altamente cualificadas y f\u00e1cilmente integrables en la cultura y la sociedad que las acogen es extremadamente positivo para cualquier pa\u00eds. Si Biden se refer\u00eda a esta inmigraci\u00f3n de \u00e9lite, de la que Estados Unidos disfruta m\u00e1s que ning\u00fan otro pa\u00eds occidental, es necesario sin duda darle la raz\u00f3n. Hay un segundo tipo, muy mayoritario, de inmigraci\u00f3n, la que podr\u00edamos calificar de inmigraci\u00f3n masiva. Se trata de las entradas de personas con escasas o nulas calificaciones, y que, por tanto, solo pueden aspirar a ocupar los puestos de trabajo m\u00e1s b\u00e1sicos y que a menudo la poblaci\u00f3n aut\u00f3ctona se resiste a efectuar. Esta resistencia se explica en buena parte por la ley de la oferta y la demanda del mercado laboral: si la oferta de sueldos bajos existe es porque existe una demanda por parte de este perfil de inmigrantes (ver los esclarecedores datos de Estados Unidos en este sentido). Es adem\u00e1s un c\u00edrculo vicioso: el efecto sobre la econom\u00eda de este tipo de mano de obra barata tiende a reforzar los sectores menos productivos de la econom\u00eda, como el turismo, y retrasa la innovaci\u00f3n tecnol\u00f3gica en otros, como la agricultura. Si al escaso valor a\u00f1adido a la econom\u00eda (con todas sus implicaciones incluidas, empezando por la grave descompensaci\u00f3n generada en las cotizaciones de la seguridad social) se le a\u00f1aden las dificultades culturales y sociales para integrar a estos reci\u00e9n llegados provenientes en su pr\u00e1ctica totalidad de pa\u00edses muy alejados de quienes los acogen, los costes se disparan de forma astron\u00f3mica. Un hecho cumplido Hay que ser consciente de que hoy, cuando se habla de inmigraci\u00f3n, particularmente en Europa y con mayor raz\u00f3n en Espa\u00f1a y Catalu\u00f1a, se trata esencialmente de este segundo tipo, el de la inmigraci\u00f3n masiva, y no su variante de \u00e9lite. Sin embargo, la mayor\u00eda de las \u00e9lites se niega por todos los medios a admitir los problemas que la inmigraci\u00f3n masiva plantea. Al contrario, esta intelligentia no cesa de jactar sus supuestas bondades hasta llegar al infantilismo de querer acoger a todo el mundo con los brazos abiertos. Peor a\u00fan, una vez el fracaso de la inmigraci\u00f3n masiva se convierte en una evidencia constatable paseando por la calle, sus defensores parecen cambiar de estrategia y pasan a presentarla como un hecho cumplido, excluy\u00e9ndola del debate p\u00fablico. \u00ablo ideal es no hablar de inmigraci\u00f3n\u00bb para evitar reacciones adversas del electorado. Tal y como afirmaba sin contemplaciones hace escasos meses en una entrevista surrealista en el diario ara.cat un catedr\u00e1tico de ciencia pol\u00edtica de la universidad de Glasgow, Sergi Pardos-Prado, \u00ablo ideal es no hablar de inmigraci\u00f3n\u00bb para evitar reacciones adversas del electorado. Circulen, que no hay nada que ver. O dicho, de otra forma, la inmigraci\u00f3n no es negociable y se sit\u00faa m\u00e1s all\u00e1 del juego democr\u00e1tico. La ciudadan\u00eda no tiene derecho a opinar de una cuesti\u00f3n, sin embargo, fundamental. Porque los malvados y quienes representan el peligro para la democracia son, seg\u00fan estas \u00e9lites, quienes se atreven a hablar de ello. Recuerda: Charla-Conferencia\u00a0por\u00a0Zoom\u00a0sobre la\u00a0\u201cSituaci\u00f3n y perspectivas pol\u00edticas de Catalu\u00f1a. Elecciones del 12 de mayo\u201d\u00a0del mi\u00e9rcoles\u00a08 de mayo\u00a0a las\u00a019\u202fh.\u00a0a cargo del\u00a0Sr. Jordi Alberich, economista, exdirector del C\u00edrculo de Econom\u00eda y colaborador de El Peri\u00f3dico. Presentar\u00e1 el\u00a0Sr. Josep Mir\u00f3 i Ard\u00e8vol. D\u00eda: Mi\u00e9rcoles,\u00a08 de mayo\u00a0de 2024 Hora:\u00a019\u202fh. Puedes acceder a la sesi\u00f3n mediante este enlace Zoom: \u00a0https:\/\/us02web.zoom.us\/j\/6304386212?pwd=QUtSaDd4RTUzOUNrTzg4am9XbFdYZz09 ID de reuni\u00f3n:\u00a0630 438 6212 C\u00f3digo de acceso:\u00a0592345<\/p>\n","protected":false},"author":75,"featured_media":73504,"comment_status":"open","ping_status":"open","sticky":false,"template":"","format":"standard","meta":{"_FSMCFIC_featured_image_caption":"","_FSMCFIC_featured_image_nocaption":"","_FSMCFIC_featured_image_hide":"","footnotes":""},"categories":[806],"tags":[831,1677],"class_list":["post-77737","post","type-post","status-publish","format-standard","has-post-thumbnail","hentry","category-punts-claus-del-dia-es","tag-economia-es","tag-immigracio-es"],"yoast_head":"<!-- This site is optimized with the Yoast SEO plugin v26.8 - https:\/\/yoast.com\/product\/yoast-seo-wordpress\/ -->\n<title>La inmigraci\u00f3n convertida en dogma incuestionable - Converses a Catalunya<\/title>\n<meta name=\"description\" content=\"Biden explic\u00f3 en una gala que Jap\u00f3n, Rusia y China ten\u00edan los tres problemas econ\u00f3micos porque se resist\u00edan a acoger inmigraci\u00f3n\" \/>\n<meta name=\"robots\" content=\"index, follow, max-snippet:-1, max-image-preview:large, max-video-preview:-1\" \/>\n<link rel=\"canonical\" href=\"https:\/\/conversesacatalunya.cat\/es\/inmigracion-dogma-incuestionable\/\" \/>\n<meta property=\"og:locale\" content=\"es_ES\" \/>\n<meta property=\"og:type\" content=\"article\" \/>\n<meta property=\"og:title\" content=\"La inmigraci\u00f3n convertida en dogma incuestionable - Converses a Catalunya\" \/>\n<meta property=\"og:description\" content=\"Biden explic\u00f3 en una gala que Jap\u00f3n, Rusia y China ten\u00edan los tres problemas econ\u00f3micos porque se resist\u00edan a acoger inmigraci\u00f3n\" \/>\n<meta property=\"og:url\" content=\"https:\/\/conversesacatalunya.cat\/es\/inmigracion-dogma-incuestionable\/\" \/>\n<meta property=\"og:site_name\" content=\"Converses a Catalunya\" \/>\n<meta property=\"article:published_time\" content=\"2024-05-07T08:34:30+00:00\" \/>\n<meta property=\"og:image\" content=\"https:\/\/conversesacatalunya.cat\/wp-content\/uploads\/2023\/12\/immigracio.jpg\" \/>\n\t<meta property=\"og:image:width\" content=\"1600\" \/>\n\t<meta property=\"og:image:height\" content=\"900\" \/>\n\t<meta property=\"og:image:type\" content=\"image\/jpeg\" \/>\n<meta name=\"author\" content=\"Carles L\u00f3pez\" \/>\n<meta name=\"twitter:card\" content=\"summary_large_image\" \/>\n<meta name=\"twitter:label1\" content=\"Escrito por\" \/>\n\t<meta name=\"twitter:data1\" content=\"Carles L\u00f3pez\" \/>\n\t<meta name=\"twitter:label2\" content=\"Tiempo de lectura\" \/>\n\t<meta name=\"twitter:data2\" content=\"5 minutos\" \/>\n<script type=\"application\/ld+json\" class=\"yoast-schema-graph\">{\"@context\":\"https:\/\/schema.org\",\"@graph\":[{\"@type\":\"Article\",\"@id\":\"https:\/\/conversesacatalunya.cat\/es\/inmigracion-dogma-incuestionable\/#article\",\"isPartOf\":{\"@id\":\"https:\/\/conversesacatalunya.cat\/es\/inmigracion-dogma-incuestionable\/\"},\"author\":{\"name\":\"Carles L\u00f3pez\",\"@id\":\"https:\/\/conversesacatalunya.cat\/#\/schema\/person\/3ce2ab16c0a3803086d80722c7cad56a\"},\"headline\":\"La inmigraci\u00f3n convertida en dogma incuestionable\",\"datePublished\":\"2024-05-07T08:34:30+00:00\",\"mainEntityOfPage\":{\"@id\":\"https:\/\/conversesacatalunya.cat\/es\/inmigracion-dogma-incuestionable\/\"},\"wordCount\":1012,\"commentCount\":0,\"image\":{\"@id\":\"https:\/\/conversesacatalunya.cat\/es\/inmigracion-dogma-incuestionable\/#primaryimage\"},\"thumbnailUrl\":\"https:\/\/conversesacatalunya.cat\/wp-content\/uploads\/2023\/12\/immigracio.jpg\",\"keywords\":[\"Economia\",\"Immigraci\u00f3\"],\"articleSection\":[\"Punts clau del dia (ES)\"],\"inLanguage\":\"es\",\"potentialAction\":[{\"@type\":\"CommentAction\",\"name\":\"Comment\",\"target\":[\"https:\/\/conversesacatalunya.cat\/es\/inmigracion-dogma-incuestionable\/#respond\"]}]},{\"@type\":\"WebPage\",\"@id\":\"https:\/\/conversesacatalunya.cat\/es\/inmigracion-dogma-incuestionable\/\",\"url\":\"https:\/\/conversesacatalunya.cat\/es\/inmigracion-dogma-incuestionable\/\",\"name\":\"La inmigraci\u00f3n convertida en dogma incuestionable - Converses a Catalunya\",\"isPartOf\":{\"@id\":\"https:\/\/conversesacatalunya.cat\/#website\"},\"primaryImageOfPage\":{\"@id\":\"https:\/\/conversesacatalunya.cat\/es\/inmigracion-dogma-incuestionable\/#primaryimage\"},\"image\":{\"@id\":\"https:\/\/conversesacatalunya.cat\/es\/inmigracion-dogma-incuestionable\/#primaryimage\"},\"thumbnailUrl\":\"https:\/\/conversesacatalunya.cat\/wp-content\/uploads\/2023\/12\/immigracio.jpg\",\"datePublished\":\"2024-05-07T08:34:30+00:00\",\"author\":{\"@id\":\"https:\/\/conversesacatalunya.cat\/#\/schema\/person\/3ce2ab16c0a3803086d80722c7cad56a\"},\"description\":\"Biden explic\u00f3 en una gala que Jap\u00f3n, Rusia y China ten\u00edan los tres problemas econ\u00f3micos porque se resist\u00edan a acoger inmigraci\u00f3n\",\"breadcrumb\":{\"@id\":\"https:\/\/conversesacatalunya.cat\/es\/inmigracion-dogma-incuestionable\/#breadcrumb\"},\"inLanguage\":\"es\",\"potentialAction\":[{\"@type\":\"ReadAction\",\"target\":[\"https:\/\/conversesacatalunya.cat\/es\/inmigracion-dogma-incuestionable\/\"]}]},{\"@type\":\"ImageObject\",\"inLanguage\":\"es\",\"@id\":\"https:\/\/conversesacatalunya.cat\/es\/inmigracion-dogma-incuestionable\/#primaryimage\",\"url\":\"https:\/\/conversesacatalunya.cat\/wp-content\/uploads\/2023\/12\/immigracio.jpg\",\"contentUrl\":\"https:\/\/conversesacatalunya.cat\/wp-content\/uploads\/2023\/12\/immigracio.jpg\",\"width\":1600,\"height\":900,\"caption\":\"inmigraci\u00f3n y econom\u00eda\"},{\"@type\":\"BreadcrumbList\",\"@id\":\"https:\/\/conversesacatalunya.cat\/es\/inmigracion-dogma-incuestionable\/#breadcrumb\",\"itemListElement\":[{\"@type\":\"ListItem\",\"position\":1,\"name\":\"Inici\",\"item\":\"https:\/\/conversesacatalunya.cat\/es\/\"},{\"@type\":\"ListItem\",\"position\":2,\"name\":\"La inmigraci\u00f3n convertida en dogma incuestionable\"}]},{\"@type\":\"WebSite\",\"@id\":\"https:\/\/conversesacatalunya.cat\/#website\",\"url\":\"https:\/\/conversesacatalunya.cat\/\",\"name\":\"Converses a Catalunya\",\"description\":\"\",\"potentialAction\":[{\"@type\":\"SearchAction\",\"target\":{\"@type\":\"EntryPoint\",\"urlTemplate\":\"https:\/\/conversesacatalunya.cat\/?s={search_term_string}\"},\"query-input\":{\"@type\":\"PropertyValueSpecification\",\"valueRequired\":true,\"valueName\":\"search_term_string\"}}],\"inLanguage\":\"es\"},{\"@type\":\"Person\",\"@id\":\"https:\/\/conversesacatalunya.cat\/#\/schema\/person\/3ce2ab16c0a3803086d80722c7cad56a\",\"name\":\"Carles L\u00f3pez\",\"image\":{\"@type\":\"ImageObject\",\"inLanguage\":\"es\",\"@id\":\"https:\/\/conversesacatalunya.cat\/#\/schema\/person\/image\/\",\"url\":\"https:\/\/conversesacatalunya.cat\/wp-content\/litespeed\/avatar\/4891585caf2896e97846ab77f06edcf2.jpg?ver=1777091173\",\"contentUrl\":\"https:\/\/conversesacatalunya.cat\/wp-content\/litespeed\/avatar\/4891585caf2896e97846ab77f06edcf2.jpg?ver=1777091173\",\"caption\":\"Carles L\u00f3pez\"},\"url\":\"https:\/\/conversesacatalunya.cat\/es\/author\/carles-lopez\/\"}]}<\/script>\n<!-- \/ Yoast SEO plugin. -->","yoast_head_json":{"title":"La inmigraci\u00f3n convertida en dogma incuestionable - Converses a Catalunya","description":"Biden explic\u00f3 en una gala que Jap\u00f3n, Rusia y China ten\u00edan los tres problemas econ\u00f3micos porque se resist\u00edan a acoger inmigraci\u00f3n","robots":{"index":"index","follow":"follow","max-snippet":"max-snippet:-1","max-image-preview":"max-image-preview:large","max-video-preview":"max-video-preview:-1"},"canonical":"https:\/\/conversesacatalunya.cat\/es\/inmigracion-dogma-incuestionable\/","og_locale":"es_ES","og_type":"article","og_title":"La inmigraci\u00f3n convertida en dogma incuestionable - Converses a Catalunya","og_description":"Biden explic\u00f3 en una gala que Jap\u00f3n, Rusia y China ten\u00edan los tres problemas econ\u00f3micos porque se resist\u00edan a acoger inmigraci\u00f3n","og_url":"https:\/\/conversesacatalunya.cat\/es\/inmigracion-dogma-incuestionable\/","og_site_name":"Converses a Catalunya","article_published_time":"2024-05-07T08:34:30+00:00","og_image":[{"width":1600,"height":900,"url":"https:\/\/conversesacatalunya.cat\/wp-content\/uploads\/2023\/12\/immigracio.jpg","type":"image\/jpeg"}],"author":"Carles L\u00f3pez","twitter_card":"summary_large_image","twitter_misc":{"Escrito por":"Carles L\u00f3pez","Tiempo de lectura":"5 minutos"},"schema":{"@context":"https:\/\/schema.org","@graph":[{"@type":"Article","@id":"https:\/\/conversesacatalunya.cat\/es\/inmigracion-dogma-incuestionable\/#article","isPartOf":{"@id":"https:\/\/conversesacatalunya.cat\/es\/inmigracion-dogma-incuestionable\/"},"author":{"name":"Carles L\u00f3pez","@id":"https:\/\/conversesacatalunya.cat\/#\/schema\/person\/3ce2ab16c0a3803086d80722c7cad56a"},"headline":"La inmigraci\u00f3n convertida en dogma incuestionable","datePublished":"2024-05-07T08:34:30+00:00","mainEntityOfPage":{"@id":"https:\/\/conversesacatalunya.cat\/es\/inmigracion-dogma-incuestionable\/"},"wordCount":1012,"commentCount":0,"image":{"@id":"https:\/\/conversesacatalunya.cat\/es\/inmigracion-dogma-incuestionable\/#primaryimage"},"thumbnailUrl":"https:\/\/conversesacatalunya.cat\/wp-content\/uploads\/2023\/12\/immigracio.jpg","keywords":["Economia","Immigraci\u00f3"],"articleSection":["Punts clau del dia (ES)"],"inLanguage":"es","potentialAction":[{"@type":"CommentAction","name":"Comment","target":["https:\/\/conversesacatalunya.cat\/es\/inmigracion-dogma-incuestionable\/#respond"]}]},{"@type":"WebPage","@id":"https:\/\/conversesacatalunya.cat\/es\/inmigracion-dogma-incuestionable\/","url":"https:\/\/conversesacatalunya.cat\/es\/inmigracion-dogma-incuestionable\/","name":"La inmigraci\u00f3n convertida en dogma incuestionable - Converses a Catalunya","isPartOf":{"@id":"https:\/\/conversesacatalunya.cat\/#website"},"primaryImageOfPage":{"@id":"https:\/\/conversesacatalunya.cat\/es\/inmigracion-dogma-incuestionable\/#primaryimage"},"image":{"@id":"https:\/\/conversesacatalunya.cat\/es\/inmigracion-dogma-incuestionable\/#primaryimage"},"thumbnailUrl":"https:\/\/conversesacatalunya.cat\/wp-content\/uploads\/2023\/12\/immigracio.jpg","datePublished":"2024-05-07T08:34:30+00:00","author":{"@id":"https:\/\/conversesacatalunya.cat\/#\/schema\/person\/3ce2ab16c0a3803086d80722c7cad56a"},"description":"Biden explic\u00f3 en una gala que Jap\u00f3n, Rusia y China ten\u00edan los tres problemas econ\u00f3micos porque se resist\u00edan a acoger inmigraci\u00f3n","breadcrumb":{"@id":"https:\/\/conversesacatalunya.cat\/es\/inmigracion-dogma-incuestionable\/#breadcrumb"},"inLanguage":"es","potentialAction":[{"@type":"ReadAction","target":["https:\/\/conversesacatalunya.cat\/es\/inmigracion-dogma-incuestionable\/"]}]},{"@type":"ImageObject","inLanguage":"es","@id":"https:\/\/conversesacatalunya.cat\/es\/inmigracion-dogma-incuestionable\/#primaryimage","url":"https:\/\/conversesacatalunya.cat\/wp-content\/uploads\/2023\/12\/immigracio.jpg","contentUrl":"https:\/\/conversesacatalunya.cat\/wp-content\/uploads\/2023\/12\/immigracio.jpg","width":1600,"height":900,"caption":"inmigraci\u00f3n y econom\u00eda"},{"@type":"BreadcrumbList","@id":"https:\/\/conversesacatalunya.cat\/es\/inmigracion-dogma-incuestionable\/#breadcrumb","itemListElement":[{"@type":"ListItem","position":1,"name":"Inici","item":"https:\/\/conversesacatalunya.cat\/es\/"},{"@type":"ListItem","position":2,"name":"La inmigraci\u00f3n convertida en dogma incuestionable"}]},{"@type":"WebSite","@id":"https:\/\/conversesacatalunya.cat\/#website","url":"https:\/\/conversesacatalunya.cat\/","name":"Converses a Catalunya","description":"","potentialAction":[{"@type":"SearchAction","target":{"@type":"EntryPoint","urlTemplate":"https:\/\/conversesacatalunya.cat\/?s={search_term_string}"},"query-input":{"@type":"PropertyValueSpecification","valueRequired":true,"valueName":"search_term_string"}}],"inLanguage":"es"},{"@type":"Person","@id":"https:\/\/conversesacatalunya.cat\/#\/schema\/person\/3ce2ab16c0a3803086d80722c7cad56a","name":"Carles L\u00f3pez","image":{"@type":"ImageObject","inLanguage":"es","@id":"https:\/\/conversesacatalunya.cat\/#\/schema\/person\/image\/","url":"https:\/\/conversesacatalunya.cat\/wp-content\/litespeed\/avatar\/4891585caf2896e97846ab77f06edcf2.jpg?ver=1777091173","contentUrl":"https:\/\/conversesacatalunya.cat\/wp-content\/litespeed\/avatar\/4891585caf2896e97846ab77f06edcf2.jpg?ver=1777091173","caption":"Carles L\u00f3pez"},"url":"https:\/\/conversesacatalunya.cat\/es\/author\/carles-lopez\/"}]}},"wps_subtitle":"La mayor\u00eda de nuestras \u00e9lites no s\u00f3lo no admite los problemas que plantea la inmigraci\u00f3n masiva, sino que intentan excluirla del debate pol\u00edtico","_links":{"self":[{"href":"https:\/\/conversesacatalunya.cat\/es\/wp-json\/wp\/v2\/posts\/77737","targetHints":{"allow":["GET"]}}],"collection":[{"href":"https:\/\/conversesacatalunya.cat\/es\/wp-json\/wp\/v2\/posts"}],"about":[{"href":"https:\/\/conversesacatalunya.cat\/es\/wp-json\/wp\/v2\/types\/post"}],"author":[{"embeddable":true,"href":"https:\/\/conversesacatalunya.cat\/es\/wp-json\/wp\/v2\/users\/75"}],"replies":[{"embeddable":true,"href":"https:\/\/conversesacatalunya.cat\/es\/wp-json\/wp\/v2\/comments?post=77737"}],"version-history":[{"count":10,"href":"https:\/\/conversesacatalunya.cat\/es\/wp-json\/wp\/v2\/posts\/77737\/revisions"}],"predecessor-version":[{"id":77738,"href":"https:\/\/conversesacatalunya.cat\/es\/wp-json\/wp\/v2\/posts\/77737\/revisions\/77738"}],"wp:featuredmedia":[{"embeddable":true,"href":"https:\/\/conversesacatalunya.cat\/es\/wp-json\/wp\/v2\/media\/73504"}],"wp:attachment":[{"href":"https:\/\/conversesacatalunya.cat\/es\/wp-json\/wp\/v2\/media?parent=77737"}],"wp:term":[{"taxonomy":"category","embeddable":true,"href":"https:\/\/conversesacatalunya.cat\/es\/wp-json\/wp\/v2\/categories?post=77737"},{"taxonomy":"post_tag","embeddable":true,"href":"https:\/\/conversesacatalunya.cat\/es\/wp-json\/wp\/v2\/tags?post=77737"}],"curies":[{"name":"wp","href":"https:\/\/api.w.org\/{rel}","templated":true}]}}