{"id":77629,"date":"2024-05-08T09:00:02","date_gmt":"2024-05-08T07:00:02","guid":{"rendered":"https:\/\/conversesacatalunya.cat\/?p=77629"},"modified":"2024-05-10T11:59:30","modified_gmt":"2024-05-10T09:59:30","slug":"el-fin-de-una-era-ucrania-la-guerra-que-lo-acelera-todo","status":"publish","type":"post","link":"https:\/\/conversesacatalunya.cat\/es\/el-fin-de-una-era-ucrania-la-guerra-que-lo-acelera-todo\/","title":{"rendered":"\u00abEl fin de una era. Ucrania. La guerra que lo acelera todo\u00bb"},"content":{"rendered":"<p><strong>\u201cEl fin de una era. Ucrania. La guerra que lo acelera todo\u201c es el t\u00edtulo de un excelente libro sobre geopol\u00edtica recientemente publicado (La Esfera de los libros, Madrid, 2024), escrito por el diplom\u00e1tico espa\u00f1ol Jorge Dezcallar. <\/strong>Es un libro que se a\u00f1ade a otros tambi\u00e9n excelentes que le han precedido sobre geopol\u00edtica global, escritos por diplom\u00e1ticos o analistas espa\u00f1oles, como los siguientes:<\/p>\n<ul>\n<li>Josep Piqu\u00e9, Cambio de era. Un mundo en movimiento: de Norte a Sur y de Oeste a Este. Deusto, Barcelona, 2013<\/li>\n<li>Josep Piqu\u00e9, El mundo que nos viene. Retos, desaf\u00edos y esperanzas del siglo XXI: \u00bfUn mundo post-occidental con valores occidentales? Deusto, Barcelona ,2018<\/li>\n<li>Fidel Sendagorta, Estrategias de poder. China, Estados Unidos y Europa en la era de la gran rivalidad . Deusto, Barcelona,2020<\/li>\n<li>Emilio Lamo de Espinosa, Entre \u00e1guilas y dragones. El declive de Occidente, Espasa. Barcelona, 2021<\/li>\n<li>Javier Solana, Testigo de un tiempo incierto. De la ca\u00edda del Muro a la invasi\u00f3n de Ucrania. Espasa, Barcelona, 2023.<\/li>\n<\/ul>\n<p><strong>Los t\u00edtulos y subt\u00edtulos de los seis libros citados, incluido el de Jorge Dezcallar, son significativos y coincidentes sobre lo que est\u00e1 sucediendo hoy esencialmente en el escenario internacional:<\/strong> el fin de una era y el nacimiento de un nuevo orden mundial. Y como escribi\u00f3 Gramsci, en el intervalo, surgen \u201cmonstruos\u201c, v\u00e9ase la guerra de Ucrania o la guerra de Gaza, entre otras.<\/p>\n<h3><span style=\"color: #00ccff;\"><strong>Jorge Dezcallar, el autor<\/strong><\/span><\/h3>\n<p><strong>Jorge Dezcallar naci\u00f3 en Palma de Mallorca en 1945, perteneciente a una familia aristocr\u00e1tica de la isla, y es diplom\u00e1tico de carrera. <\/strong>Tambi\u00e9n ha trabajado en el sector privado como consejero de varias empresas. Fue director general durante doce a\u00f1os en el Ministerio de Asuntos Exteriores. Ha sido embajador en Marruecos, la Santa Sede y Estados Unidos. En 2001 fue nombrado el primer director civil del Centro Nacional de Inteligencia (CNI), con rango de Secretario de Estado. All\u00ed vivi\u00f3, por ejemplo, los atentados del 11-M. Ha publicado otros libros sobre diplomacia y geopol\u00edtica, como \u201cUna vida entre diplom\u00e1ticos y esp\u00edas\u201c (2015), \u201cEl anticuario de Teher\u00e1n. Historias de una vida diplom\u00e1tica\u201c (2018) y \u201cAbrazar el mundo. Geopol\u00edtica: hacia d\u00f3nde vamos\u201c (2022), adem\u00e1s de novelas como \u201cEsp\u00eda accidental\u201c y \u201cOperaci\u00f3n falsa bandera\u201c.<\/p>\n<h3><span style=\"color: #00ccff;\"><strong>Su \u00faltima obra<\/strong><\/span><\/h3>\n<p>Sobre su \u00faltima obra, <strong>el propio Dezcallar ha escrito<\/strong> que \u201ctrata sobre la guerra de Ucrania, pero no solo, porque las guerras aceleran el curso de la historia y la de Ucrania est\u00e1 precipitando el fin del dominio occidental del mundo\u201c.<\/p>\n<p>Piensa que la guerra de Ucrania va mucho m\u00e1s all\u00e1 de una disputa fronteriza por asegurar unos territorios estrat\u00e9gicos y responde a fuerzas muy profundas de cambio en la geopol\u00edtica que ha regido el mundo desde el final de la Segunda Guerra Mundial. A su juicio,<strong> Occidente pierde<\/strong> <strong>actualmente<\/strong> <strong>fuerza, mientras que el llamado Sur global lo gana. \u00a0<\/strong><\/p>\n<p><strong>El centro econ\u00f3mico del planeta se ha desplazado <\/strong>desde el Atl\u00e1ntico Norte al Indo-Pac\u00edfico y una serie de pa\u00edses emergentes buscan otro reparto del poder y otras normas para regir la geopol\u00edtica mundial. <strong>China es el m\u00e1s destacado de todos ellos, es el pa\u00eds determinante. \u00a0<\/strong><\/p>\n<p>El desorden aumenta en un contexto de amenazas globales y de creciente bipolaridad entre Estados Unidos y China, que son potencia hegem\u00f3nica y gran potencia emergente, que en el caso de China es reemergente, porque se trata de un Estado-Civilizaci\u00f3n con 5000 a\u00f1os de historia. La competencia comercial y tecnol\u00f3gica entre ambas potencias <strong>se extiende peligrosamente al campo de la pol\u00edtica.<\/strong><\/p>\n<p><strong>Dezcallar ha declarado que fue el primero en no entender el conflicto de Ucrania y que empez\u00f3 a estudiarlo para entenderlo \u00e9l mismo. De ah\u00ed naci\u00f3 su libro. <\/strong><\/p>\n<h3><span style=\"color: #00ccff;\"><strong>Las principales tesis que defiende en su libro, seg\u00fan ha expresado en declaraciones recientes, son las siguientes:<\/strong><\/span><\/h3>\n<h4><span style=\"color: #00ccff;\"><strong>Putin y la guerra de Ucrania<\/strong><\/span><\/h4>\n<p><strong>A Putin las cosas no le han salido tal como hab\u00eda pensado con la guerra de Ucrania.<\/strong> Su objetivo inicial era ocupar K\u00ediv. Se ha encontrado con una resistencia que no esperaba y con una oposici\u00f3n no mundial, como se dice, sino occidental. Los servicios de inteligencia rusos son buenos y ten\u00edan que saber que no ser\u00edan recibidos con flores. Es f\u00e1cil culpar a las redes de inteligencia y siempre se hace.\u00a0 Existe un elemento muy importante a tener en cuenta: los dictadores no escuchan y los que est\u00e1n a su alrededor tienden a decirles lo que quieren o\u00edr.<\/p>\n<h4><span style=\"color: #00ccff;\"><strong>Rusia<\/strong><\/span><\/h4>\n<p>Rusia es Europa, adem\u00e1s de asi\u00e1tica. Lo que pasa es que su pol\u00edtica la aleja de nuestros valores compartidos. En 1991, cuando cay\u00f3 la URSS, perdimos una gran ocasi\u00f3n para acercar Rusia a Europa y se dieron pasos importantes, por ejemplo, en la aproximaci\u00f3n a la OTAN. Pero luego el autoritarismo creciente en Rusia y la propia expansi\u00f3n de la OTAN hacia el este crearon barreras que no hicieron m\u00e1s que crecer con el paso de los a\u00f1os.<\/p>\n<p>Rusia se define como un Estado-Civilizaci\u00f3n, como China, existe una profunda desconfianza hacia Occidente. <strong>Atr\u00e1s queda el sue\u00f1o de Gorbachov<\/strong> de una \u201cEuropa desde el Algarve a los Urales\u201c o de \u201cuna casa com\u00fan europea\u201c. A Europa le interesa una buena relaci\u00f3n con Rusia, y viceversa, y su aproximaci\u00f3n a China es una mala noticia para la Rusia europea y tambi\u00e9n para nosotros los europeos.<\/p>\n<p>Rusia est\u00e1 ahora aislada de Occidente y va a seguir mucho tiempo sola y de cara a la pared. Lo cual no quiere decir que tenga apoyos, <strong>Ir\u00e1n y Cora del Norte le env\u00edan armas. <\/strong>China e India han aumentado mucho su comercio con ella. De hecho, <strong>el <a href=\"https:\/\/conversesacatalunya.cat\/es\/nuevo-orden-mundial-oeste-este-y-sur-global\/\" target=\"_blank\" rel=\"noopener\">Sur Global<\/a><\/strong> se niega a imponerle sanciones que Occidente le impone y prefiere mantener sus opciones abiertas.<\/p>\n<h4><span style=\"color: #00ccff;\"><strong>Putin<\/strong><\/span><\/h4>\n<p>Sin duda es inteligente, tiene que serlo para pasar de agente de la KGB a estar donde est\u00e1. Otra cosa es que se haya equivocado muy gravemente. <strong>Ha errado al pasar de la democracia imperfecta que era Rusia en la \u00e9poca de Yeltsin a la dictadura perfecta de hoy.<\/strong> Y se ha equivocado gravemente al invadir Ucrania. Pens\u00f3 que ser\u00eda una \u201coperaci\u00f3n militar especial\u201c de dos semanas y llevamos m\u00e1s de dos a\u00f1os de guerra.<\/p>\n<p>Putin pretende recuperar <a href=\"https:\/\/conversesacatalunya.cat\/es\/putin-y-el-fin-de-la-hegemonia-occidental-su-version\/\" target=\"_blank\" rel=\"noopener\"><strong>la influencia internacional<\/strong> <\/a>de gran potencia que fue la URSS. Y para esto necesita Ucrania. No se da cuenta de que hoy <strong>Rusia es solo una \u201cpotencia regional\u201c,<\/strong> como dijo Obama. El PIB de Estados Unidos supera los 23 billones de d\u00f3lares, el de China los 17 y el de Rusia es de solamente algo m\u00e1s dos billones, m\u00e1s o menos como Italia. \u201cRusia no puede jugar en la Champions, ese es el principal error de Putin. Pero eso a un nacionalista como \u00e9l le cuesta verlo\u201c.<\/p>\n<p><strong>Putin es calculador.<\/strong> La anexi\u00f3n de Crimea fue un modelo de eficacia, aunque cometi\u00f3 graves errores de inteligencia y de log\u00edstica.\u00a0 Pero con la invasi\u00f3n de Ucrania se encontr\u00f3 con que los ucranianos no esperaban a sus tropas con ramos de flores y Zelensky no huy\u00f3 de Kiev. Putin calcul\u00f3 mal. Ha conseguido reforzar la relaci\u00f3n transatl\u00e1ntica, reforzar la UE y la OTAN y llevar a que dos pa\u00edses neutrales (Suecia y Finlandia) se hayan incorporado a la OTAN. Si quer\u00eda alejar la OTAN de Rusia, ahora tiene 1300 quil\u00f3metros m\u00e1s de frontera directa con la OTAN. Y encima \u00a0\u00a0la necesidad lleva Rusia a caer en brazos de China como socio menor. No son buenos resultados para Rusia. Es una <strong>mala noticia para Europa y Occidente la aproximaci\u00f3n entre Rusia y China<\/strong> con vistas a una eventual confrontaci\u00f3n entre China y Estados Unidos, con la puesta en marcha de \u201cla trampa de Tuc\u00eddides\u201c, de la que tanto se habla (conflicto casi inevitable entre potencia hegem\u00f3nica y potencia emergente en la historia)<\/p>\n<h4><span style=\"color: #00ccff;\"><strong>La guerra de Ucrania<\/strong><\/span><\/h4>\n<p>Es una guerra de <strong>expansi\u00f3n territorial, m\u00e1s propia del siglo XIX que del XXI<\/strong>.\u00a0 Pone un clavo muy grande en el ata\u00fad del sistema de seguridad que fue creado por los vencedores de la Segunda Guerra Mundial, y que ha asegurado la paz en Europa durante ochenta a\u00f1os.\u00a0 Rusia entiende que ya no le favorece y lo ha hecho saltar por los aires. \u00a0A pesar de la alt\u00edsima tecnolog\u00eda de bombas y misiles ultras\u00f3nicos, la trinchera contin\u00faa jugando un papel importante. Se est\u00e1 haciendo un uso enorme de misiles y de drones, que son los que est\u00e1n realmente sobre el terreno cambiando las circunstancias. Son muy baratos y eficaces. Existe mucho <em>jamming<\/em>, es decir, interferencia electr\u00f3nica. La inteligencia que est\u00e1 proporcionando <strong>Estados Unidos<\/strong> es clave.<\/p>\n<p>Lo que irrita mucho a Putin es esto \u00faltimo. Una cosa es prestar ayuda y otra es intervenir.\u00a0 Occidente est\u00e1 ayudando a Ucrania mezquinamente, es necesario decirlo. Se le est\u00e1n dando instrumentos para defenderse, pero no para ganar, porque no se quiere provocar una tercera guerra mundial. Una Rusia derrotada ser\u00eda muy grave, y una Rusia victoriosa tambi\u00e9n.<\/p>\n<h4><span style=\"color: #00ccff;\"><strong>La guerra de Gaza<\/strong><\/span><\/h4>\n<p><strong>Ha sido un regalo tremendo para Putin<\/strong>. Los palestinos han visto como nadie mov\u00eda ni un dedo por ellos y organizan un ataque brutal, muy sanguinario, que causa una reacci\u00f3n sobredimensionada de Israel. El caso es que entonces Ucrania pasa un segundo plano.<\/p>\n<h4><span style=\"color: #00ccff;\"><strong>China<\/strong><\/span><\/h4>\n<p><strong>China observa con mucha atenci\u00f3n lo que est\u00e1 pasando<\/strong>, como es la respuesta de Ucrania a la invasi\u00f3n rusa y el coste en imagen para Rusia. Est\u00e1 inc\u00f3moda porque lo que ha hecho Rusia viola principios muy importantes para ella, como la soberan\u00eda, la integridad territorial y la no injerencia en los asuntos importantes de otros Estados. Pero ve ventajas en que Rusia se vea forzada a acercarse a ella, en una postura cada vez m\u00e1s dependiente.<\/p>\n<p><strong>Existe un desacuerdo normativo entre Estados Unidos y China. Ambas potencias defienden dos modelos de orden mundial contradictorios. <\/strong>China pide otro reparto del poder en el mundo y otras normas \u201cmenos occidentales\u201c para regir la geopol\u00edtica del siglo XXI.<\/p>\n<p>Existe una serie de pa\u00edses en el tercer mundo hoy en d\u00eda, liderados por China, que quieren un nuevo reparto del poder y unas reglas de funcionamiento diferentes. Se trata del llamado <strong>Sur Global.<\/strong> \u00a0China quiere unas normas \u201cmenos occidentales\u201c para regir la geopol\u00edtica del siglo XXI.<\/p>\n<p><strong>Estamos ante el fin de una era, el fin del dominio occidental, pero todav\u00eda nos queda Estados Unidos para un buen rato.<\/strong> Su producci\u00f3n de patentes, su dominio de la Inteligencia Artificial (IA), su <em>soft power<\/em>, sus universidades, su presupuesto de defensa tres veces superior a China y doce o trece veces mayor que el de Rusia, etc. lo explican. Otra cosa es que el gigante no est\u00e9 enfermo, el ataque al Congreso y la polarizaci\u00f3n all\u00ed imperante confirman que lo est\u00e1.<\/p>\n<h4><span style=\"color: #00ccff;\"><strong>Uni\u00f3n Europea<\/strong><\/span><\/h4>\n<p>La guerra de Ucrania ha sido un <strong>est\u00edmulo en favor de una mayor integraci\u00f3n<\/strong>, como de hecho tambi\u00e9n nos oblig\u00f3 a hacer la pandemia de la COVID-19. Europa ha recibido seis millones de refugiados ucranianos, ha adoptado muchos paquetes de sanciones a Rusia y hemos enviado ayuda y material militar a Ucrania, con cargo a los presupuestos comunitarios. Son pasos muy importantes.<\/p>\n<p><strong>El gasto militar europeo es superior al chino y multiplica por 5,5 al de Rusia, pero la UE se siente d\u00e9bil. Esto es as\u00ed porque no tiene una pol\u00edtica exterior ni de defensa comunes<\/strong>. <strong>No somos capaces de hablar con una sola voz.<\/strong> Lo estamos viendo en <strong>Gaza<\/strong>, donde Europa es absolutamente inoperante, mientras que a nosotros nos puede afectar enormemente en muchas cosas.\u00a0 Y en <strong>Libia,<\/strong> donde los turcos apoyan una facci\u00f3n y los rusos a otra facci\u00f3n. Libia se encuentra a tocar de nuestras costas, y all\u00ed tenemos intereses energ\u00e9ticos muy importantes. <strong>O somos capaces de hablar con una sola voz o nadie nos tendr\u00e1 en cuenta.\u00a0 <\/strong>No se trata solamente de diplomacia. \u00a0En lugar de tener siete tipos de helic\u00f3pteros, deber\u00edamos tener uno solo. Deber\u00edamos eliminar la regla de la unanimidad a la hora de tomar decisiones importantes, especialmente en defensa y exteriores.<\/p>\n<p><strong>La guerra de Ucrania como elemento acelerador de cambios ya existentes en el orden mundial es una realidad. <\/strong>Esto es as\u00ed porque estamos viviendo cuatro revoluciones. La tecnol\u00f3gica, la at\u00f3mica (robotizaci\u00f3n, que causa paro e inquietud), la digital (la m\u00e1s brutal de todas, la Inteligencia Artificial) y la demogr\u00e1fica. La poblaci\u00f3n mundial ha doblado en cuarenta a\u00f1os.<\/p>\n<p><strong>La Inteligencia Artificial preocupa especialmente<\/strong> a Dezcallar. Algunos dicen que aumentar\u00e1 el paro, pero tambi\u00e9n dicen que tambi\u00e9n habr\u00e1 m\u00e1s productividad. El problema es que la Inteligencia Artificial generativa tendr\u00e1 capacidad de pensamiento y reflexi\u00f3n. Nosotros morimos, pero las m\u00e1quinas acumulan. \u201cCreo que hay riesgos de <em>weponizaci\u00f3n<\/em> (convertir la tecnolog\u00eda en armas) y de desinformaci\u00f3n. Hemos de controlar como se regula la Inteligencia Artificial y como se concilia la seguridad con la innovaci\u00f3n. Este es el gran reto\u201c.<\/p>\n<p><strong>La UE tiene una tradici\u00f3n y una voluntad reguladoras, pero los retos son globales.<\/strong> El problema es que el ambiente mundial no es proclive a permitir que se hagan concesiones en este sentido, con una guerra abierta, una crisis de microchips, amenazas contra Tik Tok en Estados Unidos, etc.<\/p>\n<p><strong>Hacia una nueva era<\/strong>. <strong>\u201cVerdaderamente creo que estamos en el final de una era: el fin del dominio occidental\u201c.<\/strong><\/p>\n<p>Vivimos una lucha por un nuevo reparto de poder en el mundo. \u00bfPor qu\u00e9 Francia forma parte del Consejo de Seguridad de Naciones Unidas con derecho a veto y la India no? Y all\u00ed no hay ning\u00fan pa\u00eds africano. Esto hay que cambiarlo. <strong>Las normas que rigen el mundo son occidentales. <\/strong>Hoy no se aprobar\u00eda por consenso la Declaraci\u00f3n Universal de Derechos Humanos. \u201c\u00c1rabes y chinos cuestionan porqu\u00e9 la democracia es mejor que la meritocracia o porque el individuo es m\u00e1s importante que el grupo. O porqu\u00e9 me habla usted a m\u00ed de igualdad de g\u00e9nero si no es lo que predica el Cor\u00e1n o porqu\u00e9 la religi\u00f3n ha de limitarse a la esfera privada y no filtrar la vida diaria del creyente\u201c.<\/p>\n<p><strong>El nuevo orden mundial ser\u00e1 inc\u00f3modo<\/strong>. Con dos polos mayores (Estados Unidos y China), varios intermedios (Rusia y la UE) y otros menores, pero muy significativos, como India, Turqu\u00eda, Ir\u00e1n, Nigeria, Indonesia, Brasil, M\u00e9xico, etc. Habr\u00e1 m\u00e1s proteccionismo, los grandes abusar\u00e1n de los peque\u00f1os porque a corto plazo al menos no tendremos organizaciones internacionales fuertes para resolver problemas ni de normas compartidas.<\/p>\n<p><strong>El futuro depender\u00e1 de la capacidad que los grandes pa\u00edses tengan para trabajar juntos frente a los grandes retos mundiales <\/strong>que no se pueden afrontar con soluciones locales (cambio clim\u00e1tico, grandes migraciones que solo est\u00e1n empezando, desigualdades, Inteligencia Artificial, desnuclearizaci\u00f3n, terrorismo internacional) y de la voluntad de acordar amistosamente o no un nuevo reparto del poder y unas nuevas reglas que lo rijan.<\/p>\n<h3><span style=\"color: #00ccff;\"><strong>Las conclusiones finales de Dezcallar son las siguientes. <\/strong><\/span><\/h3>\n<p>La guerra de Ucrania acelera la historia. Significa el <strong>fin del ciclo geopol\u00edtico que naci\u00f3 en 1945<\/strong> con las conferencias de Yalta, San Francisco, Teher\u00e1n, El Cairo, Bretton Woods, etc. Es algo que se ve\u00eda venir y que ahora ha estallado.<\/p>\n<p>Occidente, tras la guerra de Ucrania, se encontrar\u00e1 con que el <strong>centro econ\u00f3mico del planeta se habr\u00e1 desplazado<\/strong> desde el Atl\u00e1ntico Norte al Estrecho de Malaca.<\/p>\n<p>Vamos hacia un <strong>orden bipolar<\/strong> imperfecto, con <strong>China y Estados Unidos<\/strong> como los dos grandes \u201chegemones\u201d que cuando quieran hablar de desarme deber\u00e1n contar con Rusia, y si quieren hablar de econom\u00eda deber\u00e1n contar con Europa, que es una potencia econ\u00f3mica, con m\u00e1s del 20 por ciento del comercio mundial.<\/p>\n<span class='bctt-click-to-tweet'><span class='bctt-ctt-text'><a href='https:\/\/twitter.com\/intent\/tweet?url=https%3A%2F%2Fconversesacatalunya.cat%2Fes%2Fel-fin-de-una-era-ucrania-la-guerra-que-lo-acelera-todo%2F&#038;text=La%20guerra%20de%20Ucrania%20acelera%20la%20historia.%20Significa%20el%20fin%20del%20ciclo%20geopol%C3%ADtico%20que%20naci%C3%B3%20en%201945%20con%20las%20conferencias%20de%20Yalta%2C%20San%20Francisco%2C%20Teher%C3%A1n%2C%20El%20Cairo%2C%20Bretton%20Woods%2C%20etc.%20Es%20algo%20que%20se%20ve%C3%ADa%20venir%20&#038;via=conversesacat&#038;related=conversesacat' target='_blank'rel=\"noopener noreferrer\">La guerra de Ucrania acelera la historia. Significa el fin del ciclo geopol\u00edtico que naci\u00f3 en 1945 con las conferencias de Yalta, San Francisco, Teher\u00e1n, El Cairo, Bretton Woods, etc. Es algo que se ve\u00eda venir  <\/a><\/span><a href='https:\/\/twitter.com\/intent\/tweet?url=https%3A%2F%2Fconversesacatalunya.cat%2Fes%2Fel-fin-de-una-era-ucrania-la-guerra-que-lo-acelera-todo%2F&#038;text=La%20guerra%20de%20Ucrania%20acelera%20la%20historia.%20Significa%20el%20fin%20del%20ciclo%20geopol%C3%ADtico%20que%20naci%C3%B3%20en%201945%20con%20las%20conferencias%20de%20Yalta%2C%20San%20Francisco%2C%20Teher%C3%A1n%2C%20El%20Cairo%2C%20Bretton%20Woods%2C%20etc.%20Es%20algo%20que%20se%20ve%C3%ADa%20venir%20&#038;via=conversesacat&#038;related=conversesacat' target='_blank' class='bctt-ctt-btn'rel=\"noopener noreferrer\">Compartir en X<\/a><\/span>\n<div id=\"polls-241\" class=\"wp-polls\">\n\t<form id=\"polls_form_241\" class=\"wp-polls-form\" action=\"\/index.php\" method=\"post\">\n\t\t<p style=\"display: none;\"><input type=\"hidden\" id=\"poll_241_nonce\" name=\"wp-polls-nonce\" value=\"30f27179d3\" \/><\/p>\n\t\t<p style=\"display: none;\"><input type=\"hidden\" name=\"poll_id\" value=\"241\" \/><\/p>\n\t\t<p style=\"text-align: center\"><strong>Creus que els resultats de les eleccions catalanes afavoriran a S\u00e1nchez?<\/strong><\/p><div id=\"polls-241-ans\" class=\"wp-polls-ans\"><ul class=\"wp-polls-ul\">\n\t\t<li><input type=\"radio\" id=\"poll-answer-675\" name=\"poll_241\" value=\"675\" \/> <label for=\"poll-answer-675\">S\u00ed<\/label><\/li>\n\t\t<li><input type=\"radio\" id=\"poll-answer-676\" name=\"poll_241\" value=\"676\" \/> <label for=\"poll-answer-676\">No<\/label><\/li>\n\t\t<li><input type=\"radio\" id=\"poll-answer-677\" name=\"poll_241\" value=\"677\" \/> <label for=\"poll-answer-677\">No ho s\u00e9<\/label><\/li>\n\t\t<\/ul><p style=\"text-align: center\"><input type=\"button\" name=\"vote\" value=\"   Vota   \" class=\"Buttons\" onclick=\"poll_vote(241);\" \/><\/p><p style=\"text-align: center\"><a href=\"#ViewPollResults\" onclick=\"poll_result(241); return false;\" title=\"View Results Of This Poll\">Mira els resultats<\/a><\/p><\/div>\n\t<\/form>\n<\/div>\n<div id=\"polls-241-loading\" class=\"wp-polls-loading\"><img decoding=\"async\" data-src=\"https:\/\/conversesacatalunya.cat\/wp-content\/plugins\/wp-polls\/images\/loading.gif\" width=\"16\" height=\"16\" alt=\"Cargando ...\" title=\"Cargando ...\" class=\"wp-polls-image lazyload\" src=\"data:image\/svg+xml;base64,PHN2ZyB3aWR0aD0iMSIgaGVpZ2h0PSIxIiB4bWxucz0iaHR0cDovL3d3dy53My5vcmcvMjAwMC9zdmciPjwvc3ZnPg==\" style=\"--smush-placeholder-width: 16px; --smush-placeholder-aspect-ratio: 16\/16;\" \/>&nbsp;Cargando ...<\/div>\n\n","protected":false},"excerpt":{"rendered":"<p>\u201cEl fin de una era. Ucrania. La guerra que lo acelera todo\u201c es el t\u00edtulo de un excelente libro sobre geopol\u00edtica recientemente publicado (La Esfera de los libros, Madrid, 2024), escrito por el diplom\u00e1tico espa\u00f1ol Jorge Dezcallar. Es un libro que se a\u00f1ade a otros tambi\u00e9n excelentes que le han precedido sobre geopol\u00edtica global, escritos por diplom\u00e1ticos o analistas espa\u00f1oles, como los siguientes: Josep Piqu\u00e9, Cambio de era. Un mundo en movimiento: de Norte a Sur y de Oeste a Este. Deusto, Barcelona, 2013 Josep Piqu\u00e9, El mundo que nos viene. Retos, desaf\u00edos y esperanzas del siglo XXI: \u00bfUn mundo post-occidental con valores occidentales? Deusto, Barcelona ,2018 Fidel Sendagorta, Estrategias de poder. China, Estados Unidos y Europa en la era de la gran rivalidad . Deusto, Barcelona,2020 Emilio Lamo de Espinosa, Entre \u00e1guilas y dragones. El declive de Occidente, Espasa. Barcelona, 2021 Javier Solana, Testigo de un tiempo incierto. De la ca\u00edda del Muro a la invasi\u00f3n de Ucrania. Espasa, Barcelona, 2023. Los t\u00edtulos y subt\u00edtulos de los seis libros citados, incluido el de Jorge Dezcallar, son significativos y coincidentes sobre lo que est\u00e1 sucediendo hoy esencialmente en el escenario internacional: el fin de una era y el nacimiento de un nuevo orden mundial. Y como escribi\u00f3 Gramsci, en el intervalo, surgen \u201cmonstruos\u201c, v\u00e9ase la guerra de Ucrania o la guerra de Gaza, entre otras. Jorge Dezcallar, el autor Jorge Dezcallar naci\u00f3 en Palma de Mallorca en 1945, perteneciente a una familia aristocr\u00e1tica de la isla, y es diplom\u00e1tico de carrera. Tambi\u00e9n ha trabajado en el sector privado como consejero de varias empresas. Fue director general durante doce a\u00f1os en el Ministerio de Asuntos Exteriores. Ha sido embajador en Marruecos, la Santa Sede y Estados Unidos. En 2001 fue nombrado el primer director civil del Centro Nacional de Inteligencia (CNI), con rango de Secretario de Estado. All\u00ed vivi\u00f3, por ejemplo, los atentados del 11-M. Ha publicado otros libros sobre diplomacia y geopol\u00edtica, como \u201cUna vida entre diplom\u00e1ticos y esp\u00edas\u201c (2015), \u201cEl anticuario de Teher\u00e1n. Historias de una vida diplom\u00e1tica\u201c (2018) y \u201cAbrazar el mundo. Geopol\u00edtica: hacia d\u00f3nde vamos\u201c (2022), adem\u00e1s de novelas como \u201cEsp\u00eda accidental\u201c y \u201cOperaci\u00f3n falsa bandera\u201c. Su \u00faltima obra Sobre su \u00faltima obra, el propio Dezcallar ha escrito que \u201ctrata sobre la guerra de Ucrania, pero no solo, porque las guerras aceleran el curso de la historia y la de Ucrania est\u00e1 precipitando el fin del dominio occidental del mundo\u201c. Piensa que la guerra de Ucrania va mucho m\u00e1s all\u00e1 de una disputa fronteriza por asegurar unos territorios estrat\u00e9gicos y responde a fuerzas muy profundas de cambio en la geopol\u00edtica que ha regido el mundo desde el final de la Segunda Guerra Mundial. A su juicio, Occidente pierde actualmente fuerza, mientras que el llamado Sur global lo gana. \u00a0 El centro econ\u00f3mico del planeta se ha desplazado desde el Atl\u00e1ntico Norte al Indo-Pac\u00edfico y una serie de pa\u00edses emergentes buscan otro reparto del poder y otras normas para regir la geopol\u00edtica mundial. China es el m\u00e1s destacado de todos ellos, es el pa\u00eds determinante. \u00a0 El desorden aumenta en un contexto de amenazas globales y de creciente bipolaridad entre Estados Unidos y China, que son potencia hegem\u00f3nica y gran potencia emergente, que en el caso de China es reemergente, porque se trata de un Estado-Civilizaci\u00f3n con 5000 a\u00f1os de historia. La competencia comercial y tecnol\u00f3gica entre ambas potencias se extiende peligrosamente al campo de la pol\u00edtica. Dezcallar ha declarado que fue el primero en no entender el conflicto de Ucrania y que empez\u00f3 a estudiarlo para entenderlo \u00e9l mismo. De ah\u00ed naci\u00f3 su libro. Las principales tesis que defiende en su libro, seg\u00fan ha expresado en declaraciones recientes, son las siguientes: Putin y la guerra de Ucrania A Putin las cosas no le han salido tal como hab\u00eda pensado con la guerra de Ucrania. Su objetivo inicial era ocupar K\u00ediv. Se ha encontrado con una resistencia que no esperaba y con una oposici\u00f3n no mundial, como se dice, sino occidental. Los servicios de inteligencia rusos son buenos y ten\u00edan que saber que no ser\u00edan recibidos con flores. Es f\u00e1cil culpar a las redes de inteligencia y siempre se hace.\u00a0 Existe un elemento muy importante a tener en cuenta: los dictadores no escuchan y los que est\u00e1n a su alrededor tienden a decirles lo que quieren o\u00edr. Rusia Rusia es Europa, adem\u00e1s de asi\u00e1tica. Lo que pasa es que su pol\u00edtica la aleja de nuestros valores compartidos. En 1991, cuando cay\u00f3 la URSS, perdimos una gran ocasi\u00f3n para acercar Rusia a Europa y se dieron pasos importantes, por ejemplo, en la aproximaci\u00f3n a la OTAN. Pero luego el autoritarismo creciente en Rusia y la propia expansi\u00f3n de la OTAN hacia el este crearon barreras que no hicieron m\u00e1s que crecer con el paso de los a\u00f1os. Rusia se define como un Estado-Civilizaci\u00f3n, como China, existe una profunda desconfianza hacia Occidente. Atr\u00e1s queda el sue\u00f1o de Gorbachov de una \u201cEuropa desde el Algarve a los Urales\u201c o de \u201cuna casa com\u00fan europea\u201c. A Europa le interesa una buena relaci\u00f3n con Rusia, y viceversa, y su aproximaci\u00f3n a China es una mala noticia para la Rusia europea y tambi\u00e9n para nosotros los europeos. Rusia est\u00e1 ahora aislada de Occidente y va a seguir mucho tiempo sola y de cara a la pared. Lo cual no quiere decir que tenga apoyos, Ir\u00e1n y Cora del Norte le env\u00edan armas. China e India han aumentado mucho su comercio con ella. De hecho, el Sur Global se niega a imponerle sanciones que Occidente le impone y prefiere mantener sus opciones abiertas. Putin Sin duda es inteligente, tiene que serlo para pasar de agente de la KGB a estar donde est\u00e1. Otra cosa es que se haya equivocado muy gravemente. Ha errado al pasar de la democracia imperfecta que era Rusia en la \u00e9poca de Yeltsin a la dictadura perfecta de hoy. Y se ha equivocado gravemente al invadir Ucrania. Pens\u00f3 que ser\u00eda una \u201coperaci\u00f3n militar especial\u201c de dos semanas y llevamos m\u00e1s&#8230;<\/p>\n","protected":false},"author":38,"featured_media":77630,"comment_status":"open","ping_status":"open","sticky":false,"template":"","format":"standard","meta":{"_FSMCFIC_featured_image_caption":"","_FSMCFIC_featured_image_nocaption":"","_FSMCFIC_featured_image_hide":"","footnotes":""},"categories":[798],"tags":[4953,2649],"class_list":["post-77629","post","type-post","status-publish","format-standard","has-post-thumbnail","hentry","category-pro-europa-es","tag-guerra-ucrania","tag-putin-es"],"yoast_head":"<!-- This site is optimized with the Yoast SEO plugin v26.8 - https:\/\/yoast.com\/product\/yoast-seo-wordpress\/ -->\n<title>&quot;El fin de una era. Ucrania. La guerra que lo acelera todo&quot; - Converses a Catalunya<\/title>\n<meta name=\"description\" content=\"Jorge Dezcallar naci\u00f3 en Palma de Mallorca en 1945, perteneciente a una familia aristocr\u00e1tica de la isla, y es diplom\u00e1tico de carrera\" \/>\n<meta name=\"robots\" content=\"index, follow, max-snippet:-1, max-image-preview:large, max-video-preview:-1\" \/>\n<link rel=\"canonical\" href=\"https:\/\/conversesacatalunya.cat\/es\/el-fin-de-una-era-ucrania-la-guerra-que-lo-acelera-todo\/\" \/>\n<meta property=\"og:locale\" content=\"es_ES\" \/>\n<meta property=\"og:type\" content=\"article\" \/>\n<meta property=\"og:title\" content=\"&quot;El fin de una era. Ucrania. La guerra que lo acelera todo&quot; - Converses a Catalunya\" \/>\n<meta property=\"og:description\" content=\"Jorge Dezcallar naci\u00f3 en Palma de Mallorca en 1945, perteneciente a una familia aristocr\u00e1tica de la isla, y es diplom\u00e1tico de carrera\" \/>\n<meta property=\"og:url\" content=\"https:\/\/conversesacatalunya.cat\/es\/el-fin-de-una-era-ucrania-la-guerra-que-lo-acelera-todo\/\" \/>\n<meta property=\"og:site_name\" content=\"Converses a Catalunya\" \/>\n<meta property=\"article:published_time\" content=\"2024-05-08T07:00:02+00:00\" \/>\n<meta property=\"article:modified_time\" content=\"2024-05-10T09:59:30+00:00\" \/>\n<meta property=\"og:image\" content=\"https:\/\/conversesacatalunya.cat\/wp-content\/uploads\/2024\/05\/visd_0000JPG02Z06.jpg\" \/>\n\t<meta property=\"og:image:width\" content=\"500\" \/>\n\t<meta property=\"og:image:height\" content=\"733\" \/>\n\t<meta property=\"og:image:type\" content=\"image\/jpeg\" \/>\n<meta name=\"author\" content=\"Victor Pou\" \/>\n<meta name=\"twitter:card\" content=\"summary_large_image\" \/>\n<meta name=\"twitter:label1\" content=\"Escrito por\" \/>\n\t<meta name=\"twitter:data1\" content=\"Victor Pou\" \/>\n\t<meta name=\"twitter:label2\" content=\"Tiempo de lectura\" \/>\n\t<meta name=\"twitter:data2\" content=\"14 minutos\" \/>\n<script type=\"application\/ld+json\" class=\"yoast-schema-graph\">{\"@context\":\"https:\/\/schema.org\",\"@graph\":[{\"@type\":\"Article\",\"@id\":\"https:\/\/conversesacatalunya.cat\/es\/el-fin-de-una-era-ucrania-la-guerra-que-lo-acelera-todo\/#article\",\"isPartOf\":{\"@id\":\"https:\/\/conversesacatalunya.cat\/es\/el-fin-de-una-era-ucrania-la-guerra-que-lo-acelera-todo\/\"},\"author\":{\"name\":\"Victor Pou\",\"@id\":\"https:\/\/conversesacatalunya.cat\/#\/schema\/person\/1b0082ee920b837be791bee630d460b2\"},\"headline\":\"\u00abEl fin de una era. Ucrania. La guerra que lo acelera todo\u00bb\",\"datePublished\":\"2024-05-08T07:00:02+00:00\",\"dateModified\":\"2024-05-10T09:59:30+00:00\",\"mainEntityOfPage\":{\"@id\":\"https:\/\/conversesacatalunya.cat\/es\/el-fin-de-una-era-ucrania-la-guerra-que-lo-acelera-todo\/\"},\"wordCount\":2741,\"commentCount\":0,\"image\":{\"@id\":\"https:\/\/conversesacatalunya.cat\/es\/el-fin-de-una-era-ucrania-la-guerra-que-lo-acelera-todo\/#primaryimage\"},\"thumbnailUrl\":\"https:\/\/conversesacatalunya.cat\/wp-content\/uploads\/2024\/05\/visd_0000JPG02Z06.jpg\",\"keywords\":[\"guerra Ucrania\",\"Putin\"],\"articleSection\":[\"Pro Europa (ES)\"],\"inLanguage\":\"es\",\"potentialAction\":[{\"@type\":\"CommentAction\",\"name\":\"Comment\",\"target\":[\"https:\/\/conversesacatalunya.cat\/es\/el-fin-de-una-era-ucrania-la-guerra-que-lo-acelera-todo\/#respond\"]}]},{\"@type\":\"WebPage\",\"@id\":\"https:\/\/conversesacatalunya.cat\/es\/el-fin-de-una-era-ucrania-la-guerra-que-lo-acelera-todo\/\",\"url\":\"https:\/\/conversesacatalunya.cat\/es\/el-fin-de-una-era-ucrania-la-guerra-que-lo-acelera-todo\/\",\"name\":\"\\\"El fin de una era. Ucrania. La guerra que lo acelera todo\\\" - Converses a Catalunya\",\"isPartOf\":{\"@id\":\"https:\/\/conversesacatalunya.cat\/#website\"},\"primaryImageOfPage\":{\"@id\":\"https:\/\/conversesacatalunya.cat\/es\/el-fin-de-una-era-ucrania-la-guerra-que-lo-acelera-todo\/#primaryimage\"},\"image\":{\"@id\":\"https:\/\/conversesacatalunya.cat\/es\/el-fin-de-una-era-ucrania-la-guerra-que-lo-acelera-todo\/#primaryimage\"},\"thumbnailUrl\":\"https:\/\/conversesacatalunya.cat\/wp-content\/uploads\/2024\/05\/visd_0000JPG02Z06.jpg\",\"datePublished\":\"2024-05-08T07:00:02+00:00\",\"dateModified\":\"2024-05-10T09:59:30+00:00\",\"author\":{\"@id\":\"https:\/\/conversesacatalunya.cat\/#\/schema\/person\/1b0082ee920b837be791bee630d460b2\"},\"description\":\"Jorge Dezcallar naci\u00f3 en Palma de Mallorca en 1945, perteneciente a una familia aristocr\u00e1tica de la isla, y es diplom\u00e1tico de carrera\",\"breadcrumb\":{\"@id\":\"https:\/\/conversesacatalunya.cat\/es\/el-fin-de-una-era-ucrania-la-guerra-que-lo-acelera-todo\/#breadcrumb\"},\"inLanguage\":\"es\",\"potentialAction\":[{\"@type\":\"ReadAction\",\"target\":[\"https:\/\/conversesacatalunya.cat\/es\/el-fin-de-una-era-ucrania-la-guerra-que-lo-acelera-todo\/\"]}]},{\"@type\":\"ImageObject\",\"inLanguage\":\"es\",\"@id\":\"https:\/\/conversesacatalunya.cat\/es\/el-fin-de-una-era-ucrania-la-guerra-que-lo-acelera-todo\/#primaryimage\",\"url\":\"https:\/\/conversesacatalunya.cat\/wp-content\/uploads\/2024\/05\/visd_0000JPG02Z06.jpg\",\"contentUrl\":\"https:\/\/conversesacatalunya.cat\/wp-content\/uploads\/2024\/05\/visd_0000JPG02Z06.jpg\",\"width\":500,\"height\":733,\"caption\":\"Dezcallar\"},{\"@type\":\"BreadcrumbList\",\"@id\":\"https:\/\/conversesacatalunya.cat\/es\/el-fin-de-una-era-ucrania-la-guerra-que-lo-acelera-todo\/#breadcrumb\",\"itemListElement\":[{\"@type\":\"ListItem\",\"position\":1,\"name\":\"Inici\",\"item\":\"https:\/\/conversesacatalunya.cat\/es\/\"},{\"@type\":\"ListItem\",\"position\":2,\"name\":\"&#8220;El fin de una era. Ucrania. La guerra que lo acelera todo&#8221;\"}]},{\"@type\":\"WebSite\",\"@id\":\"https:\/\/conversesacatalunya.cat\/#website\",\"url\":\"https:\/\/conversesacatalunya.cat\/\",\"name\":\"Converses a Catalunya\",\"description\":\"\",\"potentialAction\":[{\"@type\":\"SearchAction\",\"target\":{\"@type\":\"EntryPoint\",\"urlTemplate\":\"https:\/\/conversesacatalunya.cat\/?s={search_term_string}\"},\"query-input\":{\"@type\":\"PropertyValueSpecification\",\"valueRequired\":true,\"valueName\":\"search_term_string\"}}],\"inLanguage\":\"es\"},{\"@type\":\"Person\",\"@id\":\"https:\/\/conversesacatalunya.cat\/#\/schema\/person\/1b0082ee920b837be791bee630d460b2\",\"name\":\"Victor Pou\",\"image\":{\"@type\":\"ImageObject\",\"inLanguage\":\"es\",\"@id\":\"https:\/\/conversesacatalunya.cat\/#\/schema\/person\/image\/\",\"url\":\"https:\/\/conversesacatalunya.cat\/wp-content\/litespeed\/avatar\/b9b32a5f987117ce72836d050f735d2b.jpg?ver=1777366285\",\"contentUrl\":\"https:\/\/conversesacatalunya.cat\/wp-content\/litespeed\/avatar\/b9b32a5f987117ce72836d050f735d2b.jpg?ver=1777366285\",\"caption\":\"Victor Pou\"},\"url\":\"https:\/\/conversesacatalunya.cat\/es\/author\/victor_pou\/\"}]}<\/script>\n<!-- \/ Yoast SEO plugin. -->","yoast_head_json":{"title":"\"El fin de una era. Ucrania. La guerra que lo acelera todo\" - Converses a Catalunya","description":"Jorge Dezcallar naci\u00f3 en Palma de Mallorca en 1945, perteneciente a una familia aristocr\u00e1tica de la isla, y es diplom\u00e1tico de carrera","robots":{"index":"index","follow":"follow","max-snippet":"max-snippet:-1","max-image-preview":"max-image-preview:large","max-video-preview":"max-video-preview:-1"},"canonical":"https:\/\/conversesacatalunya.cat\/es\/el-fin-de-una-era-ucrania-la-guerra-que-lo-acelera-todo\/","og_locale":"es_ES","og_type":"article","og_title":"\"El fin de una era. Ucrania. La guerra que lo acelera todo\" - Converses a Catalunya","og_description":"Jorge Dezcallar naci\u00f3 en Palma de Mallorca en 1945, perteneciente a una familia aristocr\u00e1tica de la isla, y es diplom\u00e1tico de carrera","og_url":"https:\/\/conversesacatalunya.cat\/es\/el-fin-de-una-era-ucrania-la-guerra-que-lo-acelera-todo\/","og_site_name":"Converses a Catalunya","article_published_time":"2024-05-08T07:00:02+00:00","article_modified_time":"2024-05-10T09:59:30+00:00","og_image":[{"width":500,"height":733,"url":"https:\/\/conversesacatalunya.cat\/wp-content\/uploads\/2024\/05\/visd_0000JPG02Z06.jpg","type":"image\/jpeg"}],"author":"Victor Pou","twitter_card":"summary_large_image","twitter_misc":{"Escrito por":"Victor Pou","Tiempo de lectura":"14 minutos"},"schema":{"@context":"https:\/\/schema.org","@graph":[{"@type":"Article","@id":"https:\/\/conversesacatalunya.cat\/es\/el-fin-de-una-era-ucrania-la-guerra-que-lo-acelera-todo\/#article","isPartOf":{"@id":"https:\/\/conversesacatalunya.cat\/es\/el-fin-de-una-era-ucrania-la-guerra-que-lo-acelera-todo\/"},"author":{"name":"Victor Pou","@id":"https:\/\/conversesacatalunya.cat\/#\/schema\/person\/1b0082ee920b837be791bee630d460b2"},"headline":"\u00abEl fin de una era. Ucrania. La guerra que lo acelera todo\u00bb","datePublished":"2024-05-08T07:00:02+00:00","dateModified":"2024-05-10T09:59:30+00:00","mainEntityOfPage":{"@id":"https:\/\/conversesacatalunya.cat\/es\/el-fin-de-una-era-ucrania-la-guerra-que-lo-acelera-todo\/"},"wordCount":2741,"commentCount":0,"image":{"@id":"https:\/\/conversesacatalunya.cat\/es\/el-fin-de-una-era-ucrania-la-guerra-que-lo-acelera-todo\/#primaryimage"},"thumbnailUrl":"https:\/\/conversesacatalunya.cat\/wp-content\/uploads\/2024\/05\/visd_0000JPG02Z06.jpg","keywords":["guerra Ucrania","Putin"],"articleSection":["Pro Europa (ES)"],"inLanguage":"es","potentialAction":[{"@type":"CommentAction","name":"Comment","target":["https:\/\/conversesacatalunya.cat\/es\/el-fin-de-una-era-ucrania-la-guerra-que-lo-acelera-todo\/#respond"]}]},{"@type":"WebPage","@id":"https:\/\/conversesacatalunya.cat\/es\/el-fin-de-una-era-ucrania-la-guerra-que-lo-acelera-todo\/","url":"https:\/\/conversesacatalunya.cat\/es\/el-fin-de-una-era-ucrania-la-guerra-que-lo-acelera-todo\/","name":"\"El fin de una era. Ucrania. La guerra que lo acelera todo\" - Converses a Catalunya","isPartOf":{"@id":"https:\/\/conversesacatalunya.cat\/#website"},"primaryImageOfPage":{"@id":"https:\/\/conversesacatalunya.cat\/es\/el-fin-de-una-era-ucrania-la-guerra-que-lo-acelera-todo\/#primaryimage"},"image":{"@id":"https:\/\/conversesacatalunya.cat\/es\/el-fin-de-una-era-ucrania-la-guerra-que-lo-acelera-todo\/#primaryimage"},"thumbnailUrl":"https:\/\/conversesacatalunya.cat\/wp-content\/uploads\/2024\/05\/visd_0000JPG02Z06.jpg","datePublished":"2024-05-08T07:00:02+00:00","dateModified":"2024-05-10T09:59:30+00:00","author":{"@id":"https:\/\/conversesacatalunya.cat\/#\/schema\/person\/1b0082ee920b837be791bee630d460b2"},"description":"Jorge Dezcallar naci\u00f3 en Palma de Mallorca en 1945, perteneciente a una familia aristocr\u00e1tica de la isla, y es diplom\u00e1tico de carrera","breadcrumb":{"@id":"https:\/\/conversesacatalunya.cat\/es\/el-fin-de-una-era-ucrania-la-guerra-que-lo-acelera-todo\/#breadcrumb"},"inLanguage":"es","potentialAction":[{"@type":"ReadAction","target":["https:\/\/conversesacatalunya.cat\/es\/el-fin-de-una-era-ucrania-la-guerra-que-lo-acelera-todo\/"]}]},{"@type":"ImageObject","inLanguage":"es","@id":"https:\/\/conversesacatalunya.cat\/es\/el-fin-de-una-era-ucrania-la-guerra-que-lo-acelera-todo\/#primaryimage","url":"https:\/\/conversesacatalunya.cat\/wp-content\/uploads\/2024\/05\/visd_0000JPG02Z06.jpg","contentUrl":"https:\/\/conversesacatalunya.cat\/wp-content\/uploads\/2024\/05\/visd_0000JPG02Z06.jpg","width":500,"height":733,"caption":"Dezcallar"},{"@type":"BreadcrumbList","@id":"https:\/\/conversesacatalunya.cat\/es\/el-fin-de-una-era-ucrania-la-guerra-que-lo-acelera-todo\/#breadcrumb","itemListElement":[{"@type":"ListItem","position":1,"name":"Inici","item":"https:\/\/conversesacatalunya.cat\/es\/"},{"@type":"ListItem","position":2,"name":"&#8220;El fin de una era. Ucrania. La guerra que lo acelera todo&#8221;"}]},{"@type":"WebSite","@id":"https:\/\/conversesacatalunya.cat\/#website","url":"https:\/\/conversesacatalunya.cat\/","name":"Converses a Catalunya","description":"","potentialAction":[{"@type":"SearchAction","target":{"@type":"EntryPoint","urlTemplate":"https:\/\/conversesacatalunya.cat\/?s={search_term_string}"},"query-input":{"@type":"PropertyValueSpecification","valueRequired":true,"valueName":"search_term_string"}}],"inLanguage":"es"},{"@type":"Person","@id":"https:\/\/conversesacatalunya.cat\/#\/schema\/person\/1b0082ee920b837be791bee630d460b2","name":"Victor Pou","image":{"@type":"ImageObject","inLanguage":"es","@id":"https:\/\/conversesacatalunya.cat\/#\/schema\/person\/image\/","url":"https:\/\/conversesacatalunya.cat\/wp-content\/litespeed\/avatar\/b9b32a5f987117ce72836d050f735d2b.jpg?ver=1777366285","contentUrl":"https:\/\/conversesacatalunya.cat\/wp-content\/litespeed\/avatar\/b9b32a5f987117ce72836d050f735d2b.jpg?ver=1777366285","caption":"Victor Pou"},"url":"https:\/\/conversesacatalunya.cat\/es\/author\/victor_pou\/"}]}},"wps_subtitle":"T\u00edtulo de un excelente libro sobre geopol\u00edtica escrito por el diplom\u00e1tico espa\u00f1ol Jorge Dezcallar. Sobre su \u00faltima obra, el propio Dezcallar ha escrito que \u201ctrata sobre la guerra de Ucrania, pero no solo, porque las guerras aceleran el curso de la historia y la de Ucrania est\u00e1 precipitando el fin del dominio occidental del mundo\u201c","_links":{"self":[{"href":"https:\/\/conversesacatalunya.cat\/es\/wp-json\/wp\/v2\/posts\/77629","targetHints":{"allow":["GET"]}}],"collection":[{"href":"https:\/\/conversesacatalunya.cat\/es\/wp-json\/wp\/v2\/posts"}],"about":[{"href":"https:\/\/conversesacatalunya.cat\/es\/wp-json\/wp\/v2\/types\/post"}],"author":[{"embeddable":true,"href":"https:\/\/conversesacatalunya.cat\/es\/wp-json\/wp\/v2\/users\/38"}],"replies":[{"embeddable":true,"href":"https:\/\/conversesacatalunya.cat\/es\/wp-json\/wp\/v2\/comments?post=77629"}],"version-history":[{"count":14,"href":"https:\/\/conversesacatalunya.cat\/es\/wp-json\/wp\/v2\/posts\/77629\/revisions"}],"predecessor-version":[{"id":77633,"href":"https:\/\/conversesacatalunya.cat\/es\/wp-json\/wp\/v2\/posts\/77629\/revisions\/77633"}],"wp:featuredmedia":[{"embeddable":true,"href":"https:\/\/conversesacatalunya.cat\/es\/wp-json\/wp\/v2\/media\/77630"}],"wp:attachment":[{"href":"https:\/\/conversesacatalunya.cat\/es\/wp-json\/wp\/v2\/media?parent=77629"}],"wp:term":[{"taxonomy":"category","embeddable":true,"href":"https:\/\/conversesacatalunya.cat\/es\/wp-json\/wp\/v2\/categories?post=77629"},{"taxonomy":"post_tag","embeddable":true,"href":"https:\/\/conversesacatalunya.cat\/es\/wp-json\/wp\/v2\/tags?post=77629"}],"curies":[{"name":"wp","href":"https:\/\/api.w.org\/{rel}","templated":true}]}}