{"id":77556,"date":"2024-05-02T17:18:12","date_gmt":"2024-05-02T15:18:12","guid":{"rendered":"https:\/\/conversesacatalunya.cat\/?p=77556"},"modified":"2024-05-02T19:14:44","modified_gmt":"2024-05-02T17:14:44","slug":"cataluna-primer-plebiscito-para-sanchez","status":"publish","type":"post","link":"https:\/\/conversesacatalunya.cat\/es\/cataluna-primer-plebiscito-para-sanchez\/","title":{"rendered":"Catalu\u00f1a. El primer plebiscito para S\u00e1nchez"},"content":{"rendered":"<p>Catalu\u00f1a significa el primer plebiscito para S\u00e1nchez despu\u00e9s de su carta y el \u00abyo sigo\u00bb.<\/p>\n<p><strong>Las elecciones catalanas estaban marcadas por la abundancia de situaciones cr\u00edticas que sufre el pa\u00eds:<\/strong> el agua, la educaci\u00f3n, el colapso de infraestructuras, el gran retraso en la transici\u00f3n energ\u00e9tica, la inseguridad y la creciente entrada de mafias de la droga, la vivienda, la falta de recursos por el escal\u00f3n de primaria de la sanidad, una administraci\u00f3n ineficiente y envejecida, la mayor presi\u00f3n fiscal de Espa\u00f1a&#8230; el listado es grande y parec\u00eda que <strong>las elecciones era una buena ocasi\u00f3n para conocer respuestas.<\/strong><\/p>\n<p>Pero he aqu\u00ed que la carta de <strong>S\u00e1nchez<\/strong>, y sobre todo el planteamiento de las razones por las que sigue, junto a <strong>la descarada llamada al apoyo<\/strong>, ha alterado el panorama convirti\u00e9ndolas en un \u00abS\u00e1nchez s\u00ed\u00bb-\u00abS\u00e1nchez no\u00bb preludio del segundo plebiscito que ser\u00e1n las europeas.<\/p>\n<h4><strong>S\u00e1nchez necesita ganar y hacerlo con un gran resultado. Todo lo que sea ir por debajo de los 40 esca\u00f1os que le daban la mayor\u00eda de encuestas antes de la carta ser\u00e1 considerado un fracaso.<\/strong><\/h4>\n<p>Y lo ser\u00e1 tambi\u00e9n <strong>si no logra formar gobierno<\/strong>, porque ganar ya lo hizo en las anteriores elecciones, pero este \u00e9xito ha sido in\u00fatil. Porque la realidad es que <strong>el papel del PSC,<\/strong> como primera alternativa y fuerza que gobierna en Espa\u00f1a, durante estos a\u00f1os ha dado unos resultados muy pobres. Y este habr\u00eda sido un factor a tener en cuenta.<\/p>\n<p>Es, una vez m\u00e1s, la \u00abparadoja catalana\u00bb que tambi\u00e9n afecta a<strong> ERC<\/strong> y en buena parte a <strong>Junts.<\/strong> Son decisivos para el Gobierno de S\u00e1nchez, pero el resultado conseguido de su importancia es muy peque\u00f1o, m\u00e1s all\u00e1 de la cuesti\u00f3n de<strong> los indultos y la amnist\u00eda<\/strong>; todo lo que se refiere a intereses globales del pa\u00eds, poco se ha obtenido.<\/p>\n<p>Promesas y compromisos los que se quieran, pero resultados tangibles, muy pocos. Y eso pese a que Illa y el PSC eran y, m\u00e1s a\u00fan, son ahora el puntal necesario de S\u00e1nchez. <strong>Hoy m\u00e1s que nunca Catalu\u00f1a es S\u00e1nchez<\/strong>, y de ah\u00ed el car\u00e1cter decisivo de las elecciones.<\/p>\n<h4><strong>Y en el planteamiento electoral se produce otra paradoja.<\/strong><\/h4>\n<p><strong>S\u00e1nchez<\/strong>, el hombre que declar\u00f3 en su discurso de investidura la existencia de <strong>\u00abmuros\u00bb<\/strong> en pol\u00edtica, que clasifica a los ciudadanos en funci\u00f3n de si pertenecen a no a la \u00abfachoesfera\u00bb, que ha reducido al m\u00ednimo las funciones del poder legislativo, el que en modo alguno est\u00e1 dispuesto a rendir cuentas de verdad, lo que ha convertido las sesiones de control del gobierno en un ataque a la oposici\u00f3n y ha reducido a una parodia la presidencia del Parlamento y la Mesa convertidos en <strong>un simple ap\u00e9ndice de la Moncloa<\/strong>. El hombre que ahora declara que hay que vigilar a los<strong> jueces y medios de comunicaci\u00f3n<\/strong> para que act\u00faen correctamente, siendo \u00e9l quien decide lo correcto o no.<\/p>\n<p>Este gobernante <strong>se presenta en Catalu\u00f1a transmutado en <a href=\"https:\/\/conversesacatalunya.cat\/es\/illa-pujolea\/\" target=\"_blank\" rel=\"noopener\">la figura de Illa<\/a> que habla de di\u00e1logo<\/strong>, pero ya se ve lo que hay en el Ayuntamiento de Barcelona y preconiza entendimientos amplios; pero ha sido incapaz de transaccionar el presupuesto con ERC. Preconiza una pol\u00edtica basada en amplios acuerdos, sin l\u00edneas rojas, yendo m\u00e1s all\u00e1 de las siglas, abri\u00e9ndose a diferentes sensibilidades.<\/p>\n<blockquote><p><strong>Illa y el PSC son el PSOE de S\u00e1nchez, no han manifestado la menor discrepancia; todo lo contrario, le han aplaudido siempre y en todo momento<\/strong><\/p><\/blockquote>\n<p>En fin, se presenta como el alter ego de S\u00e1nchez, pese a ser<strong> un fiel subalterno seguidor de sus indicaciones.<\/strong> No es cre\u00edble. Illa y el PSC son el PSOE de S\u00e1nchez, no han manifestado la menor discrepancia; todo lo contrario, le han aplaudido siempre y en todo momento.<\/p>\n<p><strong>La conclusi\u00f3n es clara:<\/strong> votar a PSC, votar a Illa es apostar por la pol\u00edtica de enfrentamientos, de polarizaci\u00f3n, de injerencias en el poder judicial y los medios de comunicaci\u00f3n que caracteriza cada vez m\u00e1s la obra de gobierno de Pedro S\u00e1nchez.<\/p>\n<span class='bctt-click-to-tweet'><span class='bctt-ctt-text'><a href='https:\/\/twitter.com\/intent\/tweet?url=https%3A%2F%2Fconversesacatalunya.cat%2Fes%2Fcataluna-primer-plebiscito-para-sanchez%2F&#038;text=Illa%20y%20el%20PSC%20son%20el%20PSOE%20de%20S%C3%A1nchez%2C%20no%20han%20manifestado%20la%20menor%20discrepancia%3B%20todo%20lo%20contrario%2C%20le%20han%20aplaudido%20siempre%20y%20en%20todo%20momento&#038;via=conversesacat&#038;related=conversesacat' target='_blank'rel=\"noopener noreferrer\">Illa y el PSC son el PSOE de S\u00e1nchez, no han manifestado la menor discrepancia; todo lo contrario, le han aplaudido siempre y en todo momento <\/a><\/span><a href='https:\/\/twitter.com\/intent\/tweet?url=https%3A%2F%2Fconversesacatalunya.cat%2Fes%2Fcataluna-primer-plebiscito-para-sanchez%2F&#038;text=Illa%20y%20el%20PSC%20son%20el%20PSOE%20de%20S%C3%A1nchez%2C%20no%20han%20manifestado%20la%20menor%20discrepancia%3B%20todo%20lo%20contrario%2C%20le%20han%20aplaudido%20siempre%20y%20en%20todo%20momento&#038;via=conversesacat&#038;related=conversesacat' target='_blank' class='bctt-ctt-btn'rel=\"noopener noreferrer\">Compartir en X<\/a><\/span>\n<h5><strong>No os pod\u00e9is perder:<\/strong><\/h5>\n<p>La <strong>Charla-Conferencia\u00a0<\/strong>por\u00a0<strong>Zoom<\/strong>\u00a0sobre la\u00a0<em><strong>\u201cSituaci\u00f3n y perspectivas pol\u00edticas de Catalu\u00f1a. Elecciones del 12 de mayo\u201d<\/strong><\/em>\u00a0del mi\u00e9rcoles\u00a0<strong>8 de mayo<\/strong>\u00a0a las\u00a0<strong>19\u202fh.<\/strong>\u00a0a cargo del\u00a0<strong>Sr. Jordi Alberich<\/strong>, economista, exdirector del C\u00edrculo de Econom\u00eda y colaborador de El Peri\u00f3dico. Presentar\u00e1 el <strong>Sr. Josep Mir\u00f3 i Ard\u00e8vol<\/strong>.<\/p>\n<p style=\"padding-left: 40px;\">D\u00eda: Mi\u00e9rcoles,\u00a0<strong>8 de mayo<\/strong>\u00a0de 2024<\/p>\n<p style=\"padding-left: 40px;\">Hora:\u00a0<strong>19\u202fh.<\/strong><\/p>\n<h5 style=\"padding-left: 40px;\"><strong>Puedes acceder a la sesi\u00f3n mediante este enlace Zoom:<\/strong><\/h5>\n<p style=\"padding-left: 40px;\"><strong>\u00a0<a href=\"https:\/\/us02web.zoom.us\/j\/6304386212?pwd=QUtSaDd4RTUzOUNrTzg4am9XbFdYZz09\" target=\"_blank\" rel=\"noopener\">https:\/\/us02web.zoom.us\/j\/6304386212?pwd=QUtSaDd4RTUzOUNrTzg4am9XbFdYZz09<\/a><\/strong><\/p>\n<p style=\"padding-left: 40px;\"><strong>ID de reuni\u00f3n:<\/strong> 630 438 6212<\/p>\n<p style=\"padding-left: 40px;\"><strong>C\u00f3digo de acceso:<\/strong> 592345<\/p>\n<div class=\"ssba-modern-2 ssba ssbp-wrap aligncenter ssbp--theme-1\">\n<div><\/div>\n<\/div>\n<p>&nbsp;<\/p>\n","protected":false},"excerpt":{"rendered":"<p>Catalu\u00f1a significa el primer plebiscito para S\u00e1nchez despu\u00e9s de su carta y el \u00abyo sigo\u00bb. Las elecciones catalanas estaban marcadas por la abundancia de situaciones cr\u00edticas que sufre el pa\u00eds: el agua, la educaci\u00f3n, el colapso de infraestructuras, el gran retraso en la transici\u00f3n energ\u00e9tica, la inseguridad y la creciente entrada de mafias de la droga, la vivienda, la falta de recursos por el escal\u00f3n de primaria de la sanidad, una administraci\u00f3n ineficiente y envejecida, la mayor presi\u00f3n fiscal de Espa\u00f1a&#8230; el listado es grande y parec\u00eda que las elecciones era una buena ocasi\u00f3n para conocer respuestas. Pero he aqu\u00ed que la carta de S\u00e1nchez, y sobre todo el planteamiento de las razones por las que sigue, junto a la descarada llamada al apoyo, ha alterado el panorama convirti\u00e9ndolas en un \u00abS\u00e1nchez s\u00ed\u00bb-\u00abS\u00e1nchez no\u00bb preludio del segundo plebiscito que ser\u00e1n las europeas. S\u00e1nchez necesita ganar y hacerlo con un gran resultado. Todo lo que sea ir por debajo de los 40 esca\u00f1os que le daban la mayor\u00eda de encuestas antes de la carta ser\u00e1 considerado un fracaso. Y lo ser\u00e1 tambi\u00e9n si no logra formar gobierno, porque ganar ya lo hizo en las anteriores elecciones, pero este \u00e9xito ha sido in\u00fatil. Porque la realidad es que el papel del PSC, como primera alternativa y fuerza que gobierna en Espa\u00f1a, durante estos a\u00f1os ha dado unos resultados muy pobres. Y este habr\u00eda sido un factor a tener en cuenta. Es, una vez m\u00e1s, la \u00abparadoja catalana\u00bb que tambi\u00e9n afecta a ERC y en buena parte a Junts. Son decisivos para el Gobierno de S\u00e1nchez, pero el resultado conseguido de su importancia es muy peque\u00f1o, m\u00e1s all\u00e1 de la cuesti\u00f3n de los indultos y la amnist\u00eda; todo lo que se refiere a intereses globales del pa\u00eds, poco se ha obtenido. Promesas y compromisos los que se quieran, pero resultados tangibles, muy pocos. Y eso pese a que Illa y el PSC eran y, m\u00e1s a\u00fan, son ahora el puntal necesario de S\u00e1nchez. Hoy m\u00e1s que nunca Catalu\u00f1a es S\u00e1nchez, y de ah\u00ed el car\u00e1cter decisivo de las elecciones. Y en el planteamiento electoral se produce otra paradoja. S\u00e1nchez, el hombre que declar\u00f3 en su discurso de investidura la existencia de \u00abmuros\u00bb en pol\u00edtica, que clasifica a los ciudadanos en funci\u00f3n de si pertenecen a no a la \u00abfachoesfera\u00bb, que ha reducido al m\u00ednimo las funciones del poder legislativo, el que en modo alguno est\u00e1 dispuesto a rendir cuentas de verdad, lo que ha convertido las sesiones de control del gobierno en un ataque a la oposici\u00f3n y ha reducido a una parodia la presidencia del Parlamento y la Mesa convertidos en un simple ap\u00e9ndice de la Moncloa. El hombre que ahora declara que hay que vigilar a los jueces y medios de comunicaci\u00f3n para que act\u00faen correctamente, siendo \u00e9l quien decide lo correcto o no. Este gobernante se presenta en Catalu\u00f1a transmutado en la figura de Illa que habla de di\u00e1logo, pero ya se ve lo que hay en el Ayuntamiento de Barcelona y preconiza entendimientos amplios; pero ha sido incapaz de transaccionar el presupuesto con ERC. Preconiza una pol\u00edtica basada en amplios acuerdos, sin l\u00edneas rojas, yendo m\u00e1s all\u00e1 de las siglas, abri\u00e9ndose a diferentes sensibilidades. Illa y el PSC son el PSOE de S\u00e1nchez, no han manifestado la menor discrepancia; todo lo contrario, le han aplaudido siempre y en todo momento En fin, se presenta como el alter ego de S\u00e1nchez, pese a ser un fiel subalterno seguidor de sus indicaciones. No es cre\u00edble. Illa y el PSC son el PSOE de S\u00e1nchez, no han manifestado la menor discrepancia; todo lo contrario, le han aplaudido siempre y en todo momento. La conclusi\u00f3n es clara: votar a PSC, votar a Illa es apostar por la pol\u00edtica de enfrentamientos, de polarizaci\u00f3n, de injerencias en el poder judicial y los medios de comunicaci\u00f3n que caracteriza cada vez m\u00e1s la obra de gobierno de Pedro S\u00e1nchez. No os pod\u00e9is perder: La Charla-Conferencia\u00a0por\u00a0Zoom\u00a0sobre la\u00a0\u201cSituaci\u00f3n y perspectivas pol\u00edticas de Catalu\u00f1a. Elecciones del 12 de mayo\u201d\u00a0del mi\u00e9rcoles\u00a08 de mayo\u00a0a las\u00a019\u202fh.\u00a0a cargo del\u00a0Sr. Jordi Alberich, economista, exdirector del C\u00edrculo de Econom\u00eda y colaborador de El Peri\u00f3dico. Presentar\u00e1 el Sr. Josep Mir\u00f3 i Ard\u00e8vol. D\u00eda: Mi\u00e9rcoles,\u00a08 de mayo\u00a0de 2024 Hora:\u00a019\u202fh. Puedes acceder a la sesi\u00f3n mediante este enlace Zoom: \u00a0https:\/\/us02web.zoom.us\/j\/6304386212?pwd=QUtSaDd4RTUzOUNrTzg4am9XbFdYZz09 ID de reuni\u00f3n: 630 438 6212 C\u00f3digo de acceso: 592345 &nbsp;<\/p>\n","protected":false},"author":78,"featured_media":77553,"comment_status":"open","ping_status":"open","sticky":false,"template":"","format":"standard","meta":{"_FSMCFIC_featured_image_caption":"","_FSMCFIC_featured_image_nocaption":"","_FSMCFIC_featured_image_hide":"","footnotes":""},"categories":[806],"tags":[1034,3079,1117],"class_list":["post-77556","post","type-post","status-publish","format-standard","has-post-thumbnail","hentry","category-punts-claus-del-dia-es","tag-psc-es","tag-salvador-illa","tag-sanchez-es"],"yoast_head":"<!-- This site is optimized with the Yoast SEO plugin v26.8 - https:\/\/yoast.com\/product\/yoast-seo-wordpress\/ -->\n<title>Catalu\u00f1a. El primer plebiscito para S\u00e1nchez - Converses a Catalunya<\/title>\n<meta name=\"description\" content=\"Catalu\u00f1a significa el primer plebiscito para S\u00e1nchez despu\u00e9s de su carta y el &quot;yo\u00a0sigo&quot; Las elecciones catalanas quedan marcadas\" \/>\n<meta name=\"robots\" content=\"index, follow, max-snippet:-1, max-image-preview:large, max-video-preview:-1\" \/>\n<link rel=\"canonical\" href=\"https:\/\/conversesacatalunya.cat\/es\/cataluna-primer-plebiscito-para-sanchez\/\" \/>\n<meta property=\"og:locale\" content=\"es_ES\" \/>\n<meta property=\"og:type\" content=\"article\" \/>\n<meta property=\"og:title\" content=\"Catalu\u00f1a. El primer plebiscito para S\u00e1nchez - Converses a Catalunya\" \/>\n<meta property=\"og:description\" content=\"Catalu\u00f1a significa el primer plebiscito para S\u00e1nchez despu\u00e9s de su carta y el &quot;yo\u00a0sigo&quot; Las elecciones catalanas quedan marcadas\" \/>\n<meta property=\"og:url\" content=\"https:\/\/conversesacatalunya.cat\/es\/cataluna-primer-plebiscito-para-sanchez\/\" \/>\n<meta property=\"og:site_name\" content=\"Converses a Catalunya\" \/>\n<meta property=\"article:published_time\" content=\"2024-05-02T15:18:12+00:00\" \/>\n<meta property=\"article:modified_time\" content=\"2024-05-02T17:14:44+00:00\" \/>\n<meta property=\"og:image\" content=\"https:\/\/conversesacatalunya.cat\/wp-content\/uploads\/2024\/05\/Catalunya-Sanchez.jpg\" \/>\n\t<meta property=\"og:image:width\" content=\"507\" \/>\n\t<meta property=\"og:image:height\" content=\"362\" \/>\n\t<meta property=\"og:image:type\" content=\"image\/jpeg\" \/>\n<meta name=\"author\" content=\"Joan Masip\" \/>\n<meta name=\"twitter:card\" content=\"summary_large_image\" \/>\n<meta name=\"twitter:label1\" content=\"Escrito por\" \/>\n\t<meta name=\"twitter:data1\" content=\"Joan Masip\" \/>\n\t<meta name=\"twitter:label2\" content=\"Tiempo de lectura\" \/>\n\t<meta name=\"twitter:data2\" content=\"4 minutos\" \/>\n<script type=\"application\/ld+json\" class=\"yoast-schema-graph\">{\"@context\":\"https:\/\/schema.org\",\"@graph\":[{\"@type\":\"Article\",\"@id\":\"https:\/\/conversesacatalunya.cat\/es\/cataluna-primer-plebiscito-para-sanchez\/#article\",\"isPartOf\":{\"@id\":\"https:\/\/conversesacatalunya.cat\/es\/cataluna-primer-plebiscito-para-sanchez\/\"},\"author\":{\"name\":\"Joan Masip\",\"@id\":\"https:\/\/conversesacatalunya.cat\/#\/schema\/person\/311d0bf53def217d5124c78a7bc42275\"},\"headline\":\"Catalu\u00f1a. El primer plebiscito para S\u00e1nchez\",\"datePublished\":\"2024-05-02T15:18:12+00:00\",\"dateModified\":\"2024-05-02T17:14:44+00:00\",\"mainEntityOfPage\":{\"@id\":\"https:\/\/conversesacatalunya.cat\/es\/cataluna-primer-plebiscito-para-sanchez\/\"},\"wordCount\":857,\"commentCount\":0,\"image\":{\"@id\":\"https:\/\/conversesacatalunya.cat\/es\/cataluna-primer-plebiscito-para-sanchez\/#primaryimage\"},\"thumbnailUrl\":\"https:\/\/conversesacatalunya.cat\/wp-content\/uploads\/2024\/05\/Catalunya-Sanchez.jpg\",\"keywords\":[\"PSC\",\"Salvador Illa\",\"S\u00e1nchez\"],\"articleSection\":[\"Punts clau del dia (ES)\"],\"inLanguage\":\"es\",\"potentialAction\":[{\"@type\":\"CommentAction\",\"name\":\"Comment\",\"target\":[\"https:\/\/conversesacatalunya.cat\/es\/cataluna-primer-plebiscito-para-sanchez\/#respond\"]}]},{\"@type\":\"WebPage\",\"@id\":\"https:\/\/conversesacatalunya.cat\/es\/cataluna-primer-plebiscito-para-sanchez\/\",\"url\":\"https:\/\/conversesacatalunya.cat\/es\/cataluna-primer-plebiscito-para-sanchez\/\",\"name\":\"Catalu\u00f1a. El primer plebiscito para S\u00e1nchez - Converses a Catalunya\",\"isPartOf\":{\"@id\":\"https:\/\/conversesacatalunya.cat\/#website\"},\"primaryImageOfPage\":{\"@id\":\"https:\/\/conversesacatalunya.cat\/es\/cataluna-primer-plebiscito-para-sanchez\/#primaryimage\"},\"image\":{\"@id\":\"https:\/\/conversesacatalunya.cat\/es\/cataluna-primer-plebiscito-para-sanchez\/#primaryimage\"},\"thumbnailUrl\":\"https:\/\/conversesacatalunya.cat\/wp-content\/uploads\/2024\/05\/Catalunya-Sanchez.jpg\",\"datePublished\":\"2024-05-02T15:18:12+00:00\",\"dateModified\":\"2024-05-02T17:14:44+00:00\",\"author\":{\"@id\":\"https:\/\/conversesacatalunya.cat\/#\/schema\/person\/311d0bf53def217d5124c78a7bc42275\"},\"description\":\"Catalu\u00f1a significa el primer plebiscito para S\u00e1nchez despu\u00e9s de su carta y el \\\"yo\u00a0sigo\\\" Las elecciones catalanas quedan marcadas\",\"breadcrumb\":{\"@id\":\"https:\/\/conversesacatalunya.cat\/es\/cataluna-primer-plebiscito-para-sanchez\/#breadcrumb\"},\"inLanguage\":\"es\",\"potentialAction\":[{\"@type\":\"ReadAction\",\"target\":[\"https:\/\/conversesacatalunya.cat\/es\/cataluna-primer-plebiscito-para-sanchez\/\"]}]},{\"@type\":\"ImageObject\",\"inLanguage\":\"es\",\"@id\":\"https:\/\/conversesacatalunya.cat\/es\/cataluna-primer-plebiscito-para-sanchez\/#primaryimage\",\"url\":\"https:\/\/conversesacatalunya.cat\/wp-content\/uploads\/2024\/05\/Catalunya-Sanchez.jpg\",\"contentUrl\":\"https:\/\/conversesacatalunya.cat\/wp-content\/uploads\/2024\/05\/Catalunya-Sanchez.jpg\",\"width\":507,\"height\":362,\"caption\":\"Catalunya S\u00e1nchez\"},{\"@type\":\"BreadcrumbList\",\"@id\":\"https:\/\/conversesacatalunya.cat\/es\/cataluna-primer-plebiscito-para-sanchez\/#breadcrumb\",\"itemListElement\":[{\"@type\":\"ListItem\",\"position\":1,\"name\":\"Inici\",\"item\":\"https:\/\/conversesacatalunya.cat\/es\/\"},{\"@type\":\"ListItem\",\"position\":2,\"name\":\"Catalu\u00f1a. El primer plebiscito para S\u00e1nchez\"}]},{\"@type\":\"WebSite\",\"@id\":\"https:\/\/conversesacatalunya.cat\/#website\",\"url\":\"https:\/\/conversesacatalunya.cat\/\",\"name\":\"Converses a Catalunya\",\"description\":\"\",\"potentialAction\":[{\"@type\":\"SearchAction\",\"target\":{\"@type\":\"EntryPoint\",\"urlTemplate\":\"https:\/\/conversesacatalunya.cat\/?s={search_term_string}\"},\"query-input\":{\"@type\":\"PropertyValueSpecification\",\"valueRequired\":true,\"valueName\":\"search_term_string\"}}],\"inLanguage\":\"es\"},{\"@type\":\"Person\",\"@id\":\"https:\/\/conversesacatalunya.cat\/#\/schema\/person\/311d0bf53def217d5124c78a7bc42275\",\"name\":\"Joan Masip\",\"image\":{\"@type\":\"ImageObject\",\"inLanguage\":\"es\",\"@id\":\"https:\/\/conversesacatalunya.cat\/#\/schema\/person\/image\/\",\"url\":\"https:\/\/conversesacatalunya.cat\/wp-content\/litespeed\/avatar\/fa67b994763cff7d443f54b63ec96481.jpg?ver=1777372547\",\"contentUrl\":\"https:\/\/conversesacatalunya.cat\/wp-content\/litespeed\/avatar\/fa67b994763cff7d443f54b63ec96481.jpg?ver=1777372547\",\"caption\":\"Joan Masip\"},\"url\":\"https:\/\/conversesacatalunya.cat\/es\/author\/joan-masip\/\"}]}<\/script>\n<!-- \/ Yoast SEO plugin. -->","yoast_head_json":{"title":"Catalu\u00f1a. El primer plebiscito para S\u00e1nchez - Converses a Catalunya","description":"Catalu\u00f1a significa el primer plebiscito para S\u00e1nchez despu\u00e9s de su carta y el \"yo\u00a0sigo\" Las elecciones catalanas quedan marcadas","robots":{"index":"index","follow":"follow","max-snippet":"max-snippet:-1","max-image-preview":"max-image-preview:large","max-video-preview":"max-video-preview:-1"},"canonical":"https:\/\/conversesacatalunya.cat\/es\/cataluna-primer-plebiscito-para-sanchez\/","og_locale":"es_ES","og_type":"article","og_title":"Catalu\u00f1a. El primer plebiscito para S\u00e1nchez - Converses a Catalunya","og_description":"Catalu\u00f1a significa el primer plebiscito para S\u00e1nchez despu\u00e9s de su carta y el \"yo\u00a0sigo\" Las elecciones catalanas quedan marcadas","og_url":"https:\/\/conversesacatalunya.cat\/es\/cataluna-primer-plebiscito-para-sanchez\/","og_site_name":"Converses a Catalunya","article_published_time":"2024-05-02T15:18:12+00:00","article_modified_time":"2024-05-02T17:14:44+00:00","og_image":[{"width":507,"height":362,"url":"https:\/\/conversesacatalunya.cat\/wp-content\/uploads\/2024\/05\/Catalunya-Sanchez.jpg","type":"image\/jpeg"}],"author":"Joan Masip","twitter_card":"summary_large_image","twitter_misc":{"Escrito por":"Joan Masip","Tiempo de lectura":"4 minutos"},"schema":{"@context":"https:\/\/schema.org","@graph":[{"@type":"Article","@id":"https:\/\/conversesacatalunya.cat\/es\/cataluna-primer-plebiscito-para-sanchez\/#article","isPartOf":{"@id":"https:\/\/conversesacatalunya.cat\/es\/cataluna-primer-plebiscito-para-sanchez\/"},"author":{"name":"Joan Masip","@id":"https:\/\/conversesacatalunya.cat\/#\/schema\/person\/311d0bf53def217d5124c78a7bc42275"},"headline":"Catalu\u00f1a. El primer plebiscito para S\u00e1nchez","datePublished":"2024-05-02T15:18:12+00:00","dateModified":"2024-05-02T17:14:44+00:00","mainEntityOfPage":{"@id":"https:\/\/conversesacatalunya.cat\/es\/cataluna-primer-plebiscito-para-sanchez\/"},"wordCount":857,"commentCount":0,"image":{"@id":"https:\/\/conversesacatalunya.cat\/es\/cataluna-primer-plebiscito-para-sanchez\/#primaryimage"},"thumbnailUrl":"https:\/\/conversesacatalunya.cat\/wp-content\/uploads\/2024\/05\/Catalunya-Sanchez.jpg","keywords":["PSC","Salvador Illa","S\u00e1nchez"],"articleSection":["Punts clau del dia (ES)"],"inLanguage":"es","potentialAction":[{"@type":"CommentAction","name":"Comment","target":["https:\/\/conversesacatalunya.cat\/es\/cataluna-primer-plebiscito-para-sanchez\/#respond"]}]},{"@type":"WebPage","@id":"https:\/\/conversesacatalunya.cat\/es\/cataluna-primer-plebiscito-para-sanchez\/","url":"https:\/\/conversesacatalunya.cat\/es\/cataluna-primer-plebiscito-para-sanchez\/","name":"Catalu\u00f1a. El primer plebiscito para S\u00e1nchez - Converses a Catalunya","isPartOf":{"@id":"https:\/\/conversesacatalunya.cat\/#website"},"primaryImageOfPage":{"@id":"https:\/\/conversesacatalunya.cat\/es\/cataluna-primer-plebiscito-para-sanchez\/#primaryimage"},"image":{"@id":"https:\/\/conversesacatalunya.cat\/es\/cataluna-primer-plebiscito-para-sanchez\/#primaryimage"},"thumbnailUrl":"https:\/\/conversesacatalunya.cat\/wp-content\/uploads\/2024\/05\/Catalunya-Sanchez.jpg","datePublished":"2024-05-02T15:18:12+00:00","dateModified":"2024-05-02T17:14:44+00:00","author":{"@id":"https:\/\/conversesacatalunya.cat\/#\/schema\/person\/311d0bf53def217d5124c78a7bc42275"},"description":"Catalu\u00f1a significa el primer plebiscito para S\u00e1nchez despu\u00e9s de su carta y el \"yo\u00a0sigo\" Las elecciones catalanas quedan marcadas","breadcrumb":{"@id":"https:\/\/conversesacatalunya.cat\/es\/cataluna-primer-plebiscito-para-sanchez\/#breadcrumb"},"inLanguage":"es","potentialAction":[{"@type":"ReadAction","target":["https:\/\/conversesacatalunya.cat\/es\/cataluna-primer-plebiscito-para-sanchez\/"]}]},{"@type":"ImageObject","inLanguage":"es","@id":"https:\/\/conversesacatalunya.cat\/es\/cataluna-primer-plebiscito-para-sanchez\/#primaryimage","url":"https:\/\/conversesacatalunya.cat\/wp-content\/uploads\/2024\/05\/Catalunya-Sanchez.jpg","contentUrl":"https:\/\/conversesacatalunya.cat\/wp-content\/uploads\/2024\/05\/Catalunya-Sanchez.jpg","width":507,"height":362,"caption":"Catalunya S\u00e1nchez"},{"@type":"BreadcrumbList","@id":"https:\/\/conversesacatalunya.cat\/es\/cataluna-primer-plebiscito-para-sanchez\/#breadcrumb","itemListElement":[{"@type":"ListItem","position":1,"name":"Inici","item":"https:\/\/conversesacatalunya.cat\/es\/"},{"@type":"ListItem","position":2,"name":"Catalu\u00f1a. El primer plebiscito para S\u00e1nchez"}]},{"@type":"WebSite","@id":"https:\/\/conversesacatalunya.cat\/#website","url":"https:\/\/conversesacatalunya.cat\/","name":"Converses a Catalunya","description":"","potentialAction":[{"@type":"SearchAction","target":{"@type":"EntryPoint","urlTemplate":"https:\/\/conversesacatalunya.cat\/?s={search_term_string}"},"query-input":{"@type":"PropertyValueSpecification","valueRequired":true,"valueName":"search_term_string"}}],"inLanguage":"es"},{"@type":"Person","@id":"https:\/\/conversesacatalunya.cat\/#\/schema\/person\/311d0bf53def217d5124c78a7bc42275","name":"Joan Masip","image":{"@type":"ImageObject","inLanguage":"es","@id":"https:\/\/conversesacatalunya.cat\/#\/schema\/person\/image\/","url":"https:\/\/conversesacatalunya.cat\/wp-content\/litespeed\/avatar\/fa67b994763cff7d443f54b63ec96481.jpg?ver=1777372547","contentUrl":"https:\/\/conversesacatalunya.cat\/wp-content\/litespeed\/avatar\/fa67b994763cff7d443f54b63ec96481.jpg?ver=1777372547","caption":"Joan Masip"},"url":"https:\/\/conversesacatalunya.cat\/es\/author\/joan-masip\/"}]}},"wps_subtitle":"La carta de S\u00e1nchez, y sobre todo el planteamiento de las razones por las que sigue, junto a la descarada llamada al apoyo, ha alterado el panorama convirtiendo las elecciones catalanas en un \"S\u00e1nchez s\u00ed\"-\"S\u00e1nchez no\"","_links":{"self":[{"href":"https:\/\/conversesacatalunya.cat\/es\/wp-json\/wp\/v2\/posts\/77556","targetHints":{"allow":["GET"]}}],"collection":[{"href":"https:\/\/conversesacatalunya.cat\/es\/wp-json\/wp\/v2\/posts"}],"about":[{"href":"https:\/\/conversesacatalunya.cat\/es\/wp-json\/wp\/v2\/types\/post"}],"author":[{"embeddable":true,"href":"https:\/\/conversesacatalunya.cat\/es\/wp-json\/wp\/v2\/users\/78"}],"replies":[{"embeddable":true,"href":"https:\/\/conversesacatalunya.cat\/es\/wp-json\/wp\/v2\/comments?post=77556"}],"version-history":[{"count":9,"href":"https:\/\/conversesacatalunya.cat\/es\/wp-json\/wp\/v2\/posts\/77556\/revisions"}],"predecessor-version":[{"id":77593,"href":"https:\/\/conversesacatalunya.cat\/es\/wp-json\/wp\/v2\/posts\/77556\/revisions\/77593"}],"wp:featuredmedia":[{"embeddable":true,"href":"https:\/\/conversesacatalunya.cat\/es\/wp-json\/wp\/v2\/media\/77553"}],"wp:attachment":[{"href":"https:\/\/conversesacatalunya.cat\/es\/wp-json\/wp\/v2\/media?parent=77556"}],"wp:term":[{"taxonomy":"category","embeddable":true,"href":"https:\/\/conversesacatalunya.cat\/es\/wp-json\/wp\/v2\/categories?post=77556"},{"taxonomy":"post_tag","embeddable":true,"href":"https:\/\/conversesacatalunya.cat\/es\/wp-json\/wp\/v2\/tags?post=77556"}],"curies":[{"name":"wp","href":"https:\/\/api.w.org\/{rel}","templated":true}]}}