{"id":77468,"date":"2024-04-30T13:00:49","date_gmt":"2024-04-30T11:00:49","guid":{"rendered":"https:\/\/conversesacatalunya.cat\/?p=77468"},"modified":"2024-05-01T11:15:30","modified_gmt":"2024-05-01T09:15:30","slug":"como-va-la-economia-espanola","status":"publish","type":"post","link":"https:\/\/conversesacatalunya.cat\/es\/como-va-la-economia-espanola\/","title":{"rendered":"La salud de la econom\u00eda espa\u00f1ola"},"content":{"rendered":"<p>El presidente S\u00e1nchez con su discurso de regreso, si es que nunca se lleg\u00f3 a ir, explicaba <a href=\"https:\/\/conversesacatalunya.cat\/es\/las-sombras-de-la-economia-espanola\/\" target=\"_blank\" rel=\"noopener\"><strong>lo bien que va la econom\u00eda<\/strong>.<\/a> Cierto, los datos son buenos en relaci\u00f3n con el entorno europeo, pero lo son por la mayor ca\u00edda de 2022 y la lenta recuperaci\u00f3n posterior, que hace que no recuperemos distancia en relaci\u00f3n con el PIB europeo.<\/p>\n<p>La evidencia es que contin\u00faan y amenazan los problemas de fondo, porque la econom\u00eda espa\u00f1ola crece, pero lo hace por la <strong>inyecci\u00f3n masiva de inmigrantes y de inversi\u00f3n de los Fondos europeos,<\/strong> pero a partir de 2026 esto mismo ser\u00e1 una fuente de problemas.<\/p>\n<p>En conjunto, se espera que el crecimiento potencial de la econom\u00eda oscile en torno al 1,7% entre 2024 y 2026. El crecimiento a lo largo del siglo ha sido del 1,7%, pero a base de una inyecci\u00f3n masiva de inmigraci\u00f3n de baja productividad, lo que ha supuesto el retroceso en comparaci\u00f3n con la UE en t\u00e9rminos de renta por capit\u00e1n.<\/p>\n<p>As\u00ed, el <strong>crecimiento medio de la econom\u00eda espa\u00f1ola en el periodo 2014-2019 fue del 2,4%<\/strong> en t\u00e9rminos reales, que se desglosa en un crecimiento del 1,6% del factor trabajo, del 0,5% del factor capital y solo el 0,3% de la productividad total de los factores (PTF).<\/p>\n<h5><strong>Si examinamos la productividad aparente del trabajo en Espa\u00f1a, su crecimiento medio entre 2014 y 2022 en t\u00e9rminos reales fue del 0,3%, inferior al 0,9% del conjunto de la UE.<\/strong><\/h5>\n<p>Si hacemos una <strong>comparativa internacional,<\/strong> se observa que existe una brecha importante entre el nivel de productividad espa\u00f1ol y el de la eurozona y las principales econom\u00edas europeas.<\/p>\n<p>En 2022, el PIB nominal por hora trabajada en Espa\u00f1a era el 76% del valor registrado en la eurozona y solo el 63% de Alemania. Esta brecha apenas se ha reducido en las dos \u00faltimas d\u00e9cadas: en el 2000, el PIB por hora trabajada espa\u00f1ol era el 74% del valor registrado en la eurozona y el 61% el de Alemania. <strong>\u00a1Hemos reducido 2 puntos porcentuales la diferencia en 22 a\u00f1os!<\/strong><\/p>\n<h3><strong>\u00bfQu\u00e9 explica estas diferencias?<\/strong><\/h3>\n<p>Una de las claves de la productividad es la calidad del <strong>capital humano de una econom\u00eda.<\/strong> Los trabajadores con mayor nivel educativo y t\u00e9cnicamente m\u00e1s cualificados son m\u00e1s productivos. Seg\u00fan lo constata el Banco de Espa\u00f1a, existe un d\u00e9ficit significativo en el nivel de formaci\u00f3n de los trabajadores y de los empresarios espa\u00f1oles en relaci\u00f3n con la media de la eurozona.<\/p>\n<p>Otro aspecto clave para la productividad es <strong>el tama\u00f1o de las empresas.<\/strong> En Espa\u00f1a, el nivel de productividad de las grandes empresas es m\u00e1s del doble que el de las microempresas. Sin embargo, el peso de las empresas de tama\u00f1o medio o grande en la econom\u00eda espa\u00f1ola es menor que en otros pa\u00edses.<\/p>\n<p>Tambi\u00e9n cuando hablamos sobre el futuro de la productividad, es fundamental analizar <strong>el peso de la inversi\u00f3n en investigaci\u00f3n y desarrollo<\/strong> en la econom\u00eda. En concreto, el porcentaje del PIB asignado a investigaci\u00f3n y desarrollo es, en Espa\u00f1a, del 1,3% del PIB, claramente por debajo de la media del 2,0% de la eurozona.<\/p>\n<p><strong>El crecimiento econ\u00f3mico espa\u00f1ol -y m\u00e1s a\u00fan el catal\u00e1n- por poblaci\u00f3n, experimenta un grave contrasentido.<\/strong> Crece por la masiva incorporaci\u00f3n de mano de obra extranjera de bajo nivel en capital humano y decrece en capital humano aut\u00f3ctono por emigraci\u00f3n de los profesionales ya formados: el valor del capital humano que pierde Espa\u00f1a por el efecto de la emigraci\u00f3n supera los <strong>150.000 millones de euros en 2022,<\/strong> y por p\u00e9rdida de capital humano potencial debido a elevada cifra de abortos, cerca de 100.000 al a\u00f1o, el equivalente a unos 2.300 millones de euros anuales, del orden del 2% del PIB, lo que significa una cifra superior al crecimiento potencial del PIB.<\/p>\n<p>Todo ello hace que el crecimiento del PIB potencial a medio plazo se prevea que sea del 1,3%. As\u00ed, el Banco de Espa\u00f1a estima <strong>un crecimiento potencial del 1,1% en 2030<\/strong> en ausencia de los fondos europeos NGEU, pero si se tienen en cuenta los fondos NGEU, aumenta la previsi\u00f3n hasta una orqu\u00eddea de entre el 1,3 % y 1,9%, en funci\u00f3n de los supuestos sobre el impacto de los fondos.<\/p>\n<p>Por su parte, <strong>la AIReF estima un crecimiento potencial del 1,3% a medio plazo a partir de 2028<\/strong>, si esta previsi\u00f3n se transforma en PIB real y contin\u00faan los mismos par\u00e1metros sobre la poblaci\u00f3n ya apuntados y nada hace el gobierno S\u00e1nchez para modificarlos, la renta per c\u00e1pita espa\u00f1ola seguir\u00e1 sin converger con la de la UE pese al creciente PIB. En otros t\u00e9rminos,<strong> nuestro bolsillo no va a mejorar<\/strong>.<\/p>\n<span class='bctt-click-to-tweet'><span class='bctt-ctt-text'><a href='https:\/\/twitter.com\/intent\/tweet?url=https%3A%2F%2Fconversesacatalunya.cat%2Fes%2Fcomo-va-la-economia-espanola%2F&#038;text=Seg%C3%BAn%20lo%20constata%20el%20Banco%20de%20Espa%C3%B1a%2C%20existe%20un%20d%C3%A9ficit%20significativo%20en%20el%20nivel%20de%20formaci%C3%B3n%20de%20los%20trabajadores%20y%20de%20los%20empresarios%20espa%C3%B1oles%20en%20relaci%C3%B3n%20con%20la%20media%20de%20la%20eurozona&#038;via=conversesacat&#038;related=conversesacat' target='_blank'rel=\"noopener noreferrer\">Seg\u00fan lo constata el Banco de Espa\u00f1a, existe un d\u00e9ficit significativo en el nivel de formaci\u00f3n de los trabajadores y de los empresarios espa\u00f1oles en relaci\u00f3n con la media de la eurozona <\/a><\/span><a href='https:\/\/twitter.com\/intent\/tweet?url=https%3A%2F%2Fconversesacatalunya.cat%2Fes%2Fcomo-va-la-economia-espanola%2F&#038;text=Seg%C3%BAn%20lo%20constata%20el%20Banco%20de%20Espa%C3%B1a%2C%20existe%20un%20d%C3%A9ficit%20significativo%20en%20el%20nivel%20de%20formaci%C3%B3n%20de%20los%20trabajadores%20y%20de%20los%20empresarios%20espa%C3%B1oles%20en%20relaci%C3%B3n%20con%20la%20media%20de%20la%20eurozona&#038;via=conversesacat&#038;related=conversesacat' target='_blank' class='bctt-ctt-btn'rel=\"noopener noreferrer\">Compartir en X<\/a><\/span>\n<div id=\"polls-240\" class=\"wp-polls\">\n\t<form id=\"polls_form_240\" class=\"wp-polls-form\" action=\"\/index.php\" method=\"post\">\n\t\t<p style=\"display: none;\"><input type=\"hidden\" id=\"poll_240_nonce\" name=\"wp-polls-nonce\" value=\"66686398b9\" \/><\/p>\n\t\t<p style=\"display: none;\"><input type=\"hidden\" name=\"poll_id\" value=\"240\" \/><\/p>\n\t\t<p style=\"text-align: center\"><strong>S\u00e1nchez no dimiteix. Creus que tot plegat ha estat una com\u00e8dia per tal de ser el protagonista de les eleccions catalanes?<\/strong><\/p><div id=\"polls-240-ans\" class=\"wp-polls-ans\"><ul class=\"wp-polls-ul\">\n\t\t<li><input type=\"radio\" id=\"poll-answer-672\" name=\"poll_240\" value=\"672\" \/> <label for=\"poll-answer-672\">S\u00ed<\/label><\/li>\n\t\t<li><input type=\"radio\" id=\"poll-answer-673\" name=\"poll_240\" value=\"673\" \/> <label for=\"poll-answer-673\">No<\/label><\/li>\n\t\t<li><input type=\"radio\" id=\"poll-answer-674\" name=\"poll_240\" value=\"674\" \/> <label for=\"poll-answer-674\">No ho s\u00e9<\/label><\/li>\n\t\t<\/ul><p style=\"text-align: center\"><input type=\"button\" name=\"vote\" value=\"   Vota   \" class=\"Buttons\" onclick=\"poll_vote(240);\" \/><\/p><p style=\"text-align: center\"><a href=\"#ViewPollResults\" onclick=\"poll_result(240); return false;\" title=\"View Results Of This Poll\">Mira els resultats<\/a><\/p><\/div>\n\t<\/form>\n<\/div>\n<div id=\"polls-240-loading\" class=\"wp-polls-loading\"><img decoding=\"async\" data-src=\"https:\/\/conversesacatalunya.cat\/wp-content\/plugins\/wp-polls\/images\/loading.gif\" width=\"16\" height=\"16\" alt=\"Cargando ...\" title=\"Cargando ...\" class=\"wp-polls-image lazyload\" src=\"data:image\/svg+xml;base64,PHN2ZyB3aWR0aD0iMSIgaGVpZ2h0PSIxIiB4bWxucz0iaHR0cDovL3d3dy53My5vcmcvMjAwMC9zdmciPjwvc3ZnPg==\" style=\"--smush-placeholder-width: 16px; --smush-placeholder-aspect-ratio: 16\/16;\" \/>&nbsp;Cargando ...<\/div>\n\n","protected":false},"excerpt":{"rendered":"<p>El presidente S\u00e1nchez con su discurso de regreso, si es que nunca se lleg\u00f3 a ir, explicaba lo bien que va la econom\u00eda. Cierto, los datos son buenos en relaci\u00f3n con el entorno europeo, pero lo son por la mayor ca\u00edda de 2022 y la lenta recuperaci\u00f3n posterior, que hace que no recuperemos distancia en relaci\u00f3n con el PIB europeo. La evidencia es que contin\u00faan y amenazan los problemas de fondo, porque la econom\u00eda espa\u00f1ola crece, pero lo hace por la inyecci\u00f3n masiva de inmigrantes y de inversi\u00f3n de los Fondos europeos, pero a partir de 2026 esto mismo ser\u00e1 una fuente de problemas. En conjunto, se espera que el crecimiento potencial de la econom\u00eda oscile en torno al 1,7% entre 2024 y 2026. El crecimiento a lo largo del siglo ha sido del 1,7%, pero a base de una inyecci\u00f3n masiva de inmigraci\u00f3n de baja productividad, lo que ha supuesto el retroceso en comparaci\u00f3n con la UE en t\u00e9rminos de renta por capit\u00e1n. As\u00ed, el crecimiento medio de la econom\u00eda espa\u00f1ola en el periodo 2014-2019 fue del 2,4% en t\u00e9rminos reales, que se desglosa en un crecimiento del 1,6% del factor trabajo, del 0,5% del factor capital y solo el 0,3% de la productividad total de los factores (PTF). Si examinamos la productividad aparente del trabajo en Espa\u00f1a, su crecimiento medio entre 2014 y 2022 en t\u00e9rminos reales fue del 0,3%, inferior al 0,9% del conjunto de la UE. Si hacemos una comparativa internacional, se observa que existe una brecha importante entre el nivel de productividad espa\u00f1ol y el de la eurozona y las principales econom\u00edas europeas. En 2022, el PIB nominal por hora trabajada en Espa\u00f1a era el 76% del valor registrado en la eurozona y solo el 63% de Alemania. Esta brecha apenas se ha reducido en las dos \u00faltimas d\u00e9cadas: en el 2000, el PIB por hora trabajada espa\u00f1ol era el 74% del valor registrado en la eurozona y el 61% el de Alemania. \u00a1Hemos reducido 2 puntos porcentuales la diferencia en 22 a\u00f1os! \u00bfQu\u00e9 explica estas diferencias? Una de las claves de la productividad es la calidad del capital humano de una econom\u00eda. Los trabajadores con mayor nivel educativo y t\u00e9cnicamente m\u00e1s cualificados son m\u00e1s productivos. Seg\u00fan lo constata el Banco de Espa\u00f1a, existe un d\u00e9ficit significativo en el nivel de formaci\u00f3n de los trabajadores y de los empresarios espa\u00f1oles en relaci\u00f3n con la media de la eurozona. Otro aspecto clave para la productividad es el tama\u00f1o de las empresas. En Espa\u00f1a, el nivel de productividad de las grandes empresas es m\u00e1s del doble que el de las microempresas. Sin embargo, el peso de las empresas de tama\u00f1o medio o grande en la econom\u00eda espa\u00f1ola es menor que en otros pa\u00edses. Tambi\u00e9n cuando hablamos sobre el futuro de la productividad, es fundamental analizar el peso de la inversi\u00f3n en investigaci\u00f3n y desarrollo en la econom\u00eda. En concreto, el porcentaje del PIB asignado a investigaci\u00f3n y desarrollo es, en Espa\u00f1a, del 1,3% del PIB, claramente por debajo de la media del 2,0% de la eurozona. El crecimiento econ\u00f3mico espa\u00f1ol -y m\u00e1s a\u00fan el catal\u00e1n- por poblaci\u00f3n, experimenta un grave contrasentido. Crece por la masiva incorporaci\u00f3n de mano de obra extranjera de bajo nivel en capital humano y decrece en capital humano aut\u00f3ctono por emigraci\u00f3n de los profesionales ya formados: el valor del capital humano que pierde Espa\u00f1a por el efecto de la emigraci\u00f3n supera los 150.000 millones de euros en 2022, y por p\u00e9rdida de capital humano potencial debido a elevada cifra de abortos, cerca de 100.000 al a\u00f1o, el equivalente a unos 2.300 millones de euros anuales, del orden del 2% del PIB, lo que significa una cifra superior al crecimiento potencial del PIB. Todo ello hace que el crecimiento del PIB potencial a medio plazo se prevea que sea del 1,3%. As\u00ed, el Banco de Espa\u00f1a estima un crecimiento potencial del 1,1% en 2030 en ausencia de los fondos europeos NGEU, pero si se tienen en cuenta los fondos NGEU, aumenta la previsi\u00f3n hasta una orqu\u00eddea de entre el 1,3 % y 1,9%, en funci\u00f3n de los supuestos sobre el impacto de los fondos. Por su parte, la AIReF estima un crecimiento potencial del 1,3% a medio plazo a partir de 2028, si esta previsi\u00f3n se transforma en PIB real y contin\u00faan los mismos par\u00e1metros sobre la poblaci\u00f3n ya apuntados y nada hace el gobierno S\u00e1nchez para modificarlos, la renta per c\u00e1pita espa\u00f1ola seguir\u00e1 sin converger con la de la UE pese al creciente PIB. En otros t\u00e9rminos, nuestro bolsillo no va a mejorar.<\/p>\n","protected":false},"author":81,"featured_media":77466,"comment_status":"open","ping_status":"open","sticky":false,"template":"","format":"standard","meta":{"_FSMCFIC_featured_image_caption":"","_FSMCFIC_featured_image_nocaption":"","_FSMCFIC_featured_image_hide":"","footnotes":""},"categories":[806],"tags":[5085],"class_list":["post-77468","post","type-post","status-publish","format-standard","has-post-thumbnail","hentry","category-punts-claus-del-dia-es","tag-economia-espanya-es"],"yoast_head":"<!-- This site is optimized with the Yoast SEO plugin v26.8 - https:\/\/yoast.com\/product\/yoast-seo-wordpress\/ -->\n<title>La salud de la econom\u00eda espa\u00f1ola<\/title>\n<meta name=\"description\" content=\"El presidente S\u00e1nchez con su discurso de regreso explicaba lo bien que va la econom\u00eda espa\u00f1ola. Los datos son buenos en el entorno europeo\" \/>\n<meta name=\"robots\" content=\"index, follow, max-snippet:-1, max-image-preview:large, max-video-preview:-1\" \/>\n<link rel=\"canonical\" href=\"https:\/\/conversesacatalunya.cat\/es\/como-va-la-economia-espanola\/\" \/>\n<meta property=\"og:locale\" content=\"es_ES\" \/>\n<meta property=\"og:type\" content=\"article\" \/>\n<meta property=\"og:title\" content=\"La salud de la econom\u00eda espa\u00f1ola\" \/>\n<meta property=\"og:description\" content=\"El presidente S\u00e1nchez con su discurso de regreso explicaba lo bien que va la econom\u00eda espa\u00f1ola. Los datos son buenos en el entorno europeo\" \/>\n<meta property=\"og:url\" content=\"https:\/\/conversesacatalunya.cat\/es\/como-va-la-economia-espanola\/\" \/>\n<meta property=\"og:site_name\" content=\"Converses a Catalunya\" \/>\n<meta property=\"article:published_time\" content=\"2024-04-30T11:00:49+00:00\" \/>\n<meta property=\"article:modified_time\" content=\"2024-05-01T09:15:30+00:00\" \/>\n<meta property=\"og:image\" content=\"https:\/\/conversesacatalunya.cat\/wp-content\/uploads\/2024\/04\/money-87224_640.jpg\" \/>\n\t<meta property=\"og:image:width\" content=\"640\" \/>\n\t<meta property=\"og:image:height\" content=\"480\" \/>\n\t<meta property=\"og:image:type\" content=\"image\/jpeg\" \/>\n<meta name=\"author\" content=\"Emili Clos\" \/>\n<meta name=\"twitter:card\" content=\"summary_large_image\" \/>\n<meta name=\"twitter:label1\" content=\"Escrito por\" \/>\n\t<meta name=\"twitter:data1\" content=\"Emili Clos\" \/>\n\t<meta name=\"twitter:label2\" content=\"Tiempo de lectura\" \/>\n\t<meta name=\"twitter:data2\" content=\"4 minutos\" \/>\n<script type=\"application\/ld+json\" class=\"yoast-schema-graph\">{\"@context\":\"https:\/\/schema.org\",\"@graph\":[{\"@type\":\"Article\",\"@id\":\"https:\/\/conversesacatalunya.cat\/es\/como-va-la-economia-espanola\/#article\",\"isPartOf\":{\"@id\":\"https:\/\/conversesacatalunya.cat\/es\/como-va-la-economia-espanola\/\"},\"author\":{\"name\":\"Emili Clos\",\"@id\":\"https:\/\/conversesacatalunya.cat\/#\/schema\/person\/46306de4129bccb959ed5e1720c4e3e7\"},\"headline\":\"La salud de la econom\u00eda espa\u00f1ola\",\"datePublished\":\"2024-04-30T11:00:49+00:00\",\"dateModified\":\"2024-05-01T09:15:30+00:00\",\"mainEntityOfPage\":{\"@id\":\"https:\/\/conversesacatalunya.cat\/es\/como-va-la-economia-espanola\/\"},\"wordCount\":851,\"commentCount\":0,\"image\":{\"@id\":\"https:\/\/conversesacatalunya.cat\/es\/como-va-la-economia-espanola\/#primaryimage\"},\"thumbnailUrl\":\"https:\/\/conversesacatalunya.cat\/wp-content\/uploads\/2024\/04\/money-87224_640.jpg\",\"keywords\":[\"Economia Espanya\"],\"articleSection\":[\"Punts clau del dia (ES)\"],\"inLanguage\":\"es\",\"potentialAction\":[{\"@type\":\"CommentAction\",\"name\":\"Comment\",\"target\":[\"https:\/\/conversesacatalunya.cat\/es\/como-va-la-economia-espanola\/#respond\"]}]},{\"@type\":\"WebPage\",\"@id\":\"https:\/\/conversesacatalunya.cat\/es\/como-va-la-economia-espanola\/\",\"url\":\"https:\/\/conversesacatalunya.cat\/es\/como-va-la-economia-espanola\/\",\"name\":\"La salud de la econom\u00eda espa\u00f1ola\",\"isPartOf\":{\"@id\":\"https:\/\/conversesacatalunya.cat\/#website\"},\"primaryImageOfPage\":{\"@id\":\"https:\/\/conversesacatalunya.cat\/es\/como-va-la-economia-espanola\/#primaryimage\"},\"image\":{\"@id\":\"https:\/\/conversesacatalunya.cat\/es\/como-va-la-economia-espanola\/#primaryimage\"},\"thumbnailUrl\":\"https:\/\/conversesacatalunya.cat\/wp-content\/uploads\/2024\/04\/money-87224_640.jpg\",\"datePublished\":\"2024-04-30T11:00:49+00:00\",\"dateModified\":\"2024-05-01T09:15:30+00:00\",\"author\":{\"@id\":\"https:\/\/conversesacatalunya.cat\/#\/schema\/person\/46306de4129bccb959ed5e1720c4e3e7\"},\"description\":\"El presidente S\u00e1nchez con su discurso de regreso explicaba lo bien que va la econom\u00eda espa\u00f1ola. Los datos son buenos en el entorno europeo\",\"breadcrumb\":{\"@id\":\"https:\/\/conversesacatalunya.cat\/es\/como-va-la-economia-espanola\/#breadcrumb\"},\"inLanguage\":\"es\",\"potentialAction\":[{\"@type\":\"ReadAction\",\"target\":[\"https:\/\/conversesacatalunya.cat\/es\/como-va-la-economia-espanola\/\"]}]},{\"@type\":\"ImageObject\",\"inLanguage\":\"es\",\"@id\":\"https:\/\/conversesacatalunya.cat\/es\/como-va-la-economia-espanola\/#primaryimage\",\"url\":\"https:\/\/conversesacatalunya.cat\/wp-content\/uploads\/2024\/04\/money-87224_640.jpg\",\"contentUrl\":\"https:\/\/conversesacatalunya.cat\/wp-content\/uploads\/2024\/04\/money-87224_640.jpg\",\"width\":640,\"height\":480,\"caption\":\"como va la econom\u00eda espa\u00f1ola\"},{\"@type\":\"BreadcrumbList\",\"@id\":\"https:\/\/conversesacatalunya.cat\/es\/como-va-la-economia-espanola\/#breadcrumb\",\"itemListElement\":[{\"@type\":\"ListItem\",\"position\":1,\"name\":\"Inici\",\"item\":\"https:\/\/conversesacatalunya.cat\/es\/\"},{\"@type\":\"ListItem\",\"position\":2,\"name\":\"La salud de la econom\u00eda espa\u00f1ola\"}]},{\"@type\":\"WebSite\",\"@id\":\"https:\/\/conversesacatalunya.cat\/#website\",\"url\":\"https:\/\/conversesacatalunya.cat\/\",\"name\":\"Converses a Catalunya\",\"description\":\"\",\"potentialAction\":[{\"@type\":\"SearchAction\",\"target\":{\"@type\":\"EntryPoint\",\"urlTemplate\":\"https:\/\/conversesacatalunya.cat\/?s={search_term_string}\"},\"query-input\":{\"@type\":\"PropertyValueSpecification\",\"valueRequired\":true,\"valueName\":\"search_term_string\"}}],\"inLanguage\":\"es\"},{\"@type\":\"Person\",\"@id\":\"https:\/\/conversesacatalunya.cat\/#\/schema\/person\/46306de4129bccb959ed5e1720c4e3e7\",\"name\":\"Emili Clos\",\"image\":{\"@type\":\"ImageObject\",\"inLanguage\":\"es\",\"@id\":\"https:\/\/conversesacatalunya.cat\/#\/schema\/person\/image\/\",\"url\":\"https:\/\/conversesacatalunya.cat\/wp-content\/litespeed\/avatar\/a9a662bd802eed79498de818aef91cc9.jpg?ver=1777096184\",\"contentUrl\":\"https:\/\/conversesacatalunya.cat\/wp-content\/litespeed\/avatar\/a9a662bd802eed79498de818aef91cc9.jpg?ver=1777096184\",\"caption\":\"Emili Clos\"},\"url\":\"https:\/\/conversesacatalunya.cat\/es\/author\/emili_clos\/\"}]}<\/script>\n<!-- \/ Yoast SEO plugin. -->","yoast_head_json":{"title":"La salud de la econom\u00eda espa\u00f1ola","description":"El presidente S\u00e1nchez con su discurso de regreso explicaba lo bien que va la econom\u00eda espa\u00f1ola. Los datos son buenos en el entorno europeo","robots":{"index":"index","follow":"follow","max-snippet":"max-snippet:-1","max-image-preview":"max-image-preview:large","max-video-preview":"max-video-preview:-1"},"canonical":"https:\/\/conversesacatalunya.cat\/es\/como-va-la-economia-espanola\/","og_locale":"es_ES","og_type":"article","og_title":"La salud de la econom\u00eda espa\u00f1ola","og_description":"El presidente S\u00e1nchez con su discurso de regreso explicaba lo bien que va la econom\u00eda espa\u00f1ola. Los datos son buenos en el entorno europeo","og_url":"https:\/\/conversesacatalunya.cat\/es\/como-va-la-economia-espanola\/","og_site_name":"Converses a Catalunya","article_published_time":"2024-04-30T11:00:49+00:00","article_modified_time":"2024-05-01T09:15:30+00:00","og_image":[{"width":640,"height":480,"url":"https:\/\/conversesacatalunya.cat\/wp-content\/uploads\/2024\/04\/money-87224_640.jpg","type":"image\/jpeg"}],"author":"Emili Clos","twitter_card":"summary_large_image","twitter_misc":{"Escrito por":"Emili Clos","Tiempo de lectura":"4 minutos"},"schema":{"@context":"https:\/\/schema.org","@graph":[{"@type":"Article","@id":"https:\/\/conversesacatalunya.cat\/es\/como-va-la-economia-espanola\/#article","isPartOf":{"@id":"https:\/\/conversesacatalunya.cat\/es\/como-va-la-economia-espanola\/"},"author":{"name":"Emili Clos","@id":"https:\/\/conversesacatalunya.cat\/#\/schema\/person\/46306de4129bccb959ed5e1720c4e3e7"},"headline":"La salud de la econom\u00eda espa\u00f1ola","datePublished":"2024-04-30T11:00:49+00:00","dateModified":"2024-05-01T09:15:30+00:00","mainEntityOfPage":{"@id":"https:\/\/conversesacatalunya.cat\/es\/como-va-la-economia-espanola\/"},"wordCount":851,"commentCount":0,"image":{"@id":"https:\/\/conversesacatalunya.cat\/es\/como-va-la-economia-espanola\/#primaryimage"},"thumbnailUrl":"https:\/\/conversesacatalunya.cat\/wp-content\/uploads\/2024\/04\/money-87224_640.jpg","keywords":["Economia Espanya"],"articleSection":["Punts clau del dia (ES)"],"inLanguage":"es","potentialAction":[{"@type":"CommentAction","name":"Comment","target":["https:\/\/conversesacatalunya.cat\/es\/como-va-la-economia-espanola\/#respond"]}]},{"@type":"WebPage","@id":"https:\/\/conversesacatalunya.cat\/es\/como-va-la-economia-espanola\/","url":"https:\/\/conversesacatalunya.cat\/es\/como-va-la-economia-espanola\/","name":"La salud de la econom\u00eda espa\u00f1ola","isPartOf":{"@id":"https:\/\/conversesacatalunya.cat\/#website"},"primaryImageOfPage":{"@id":"https:\/\/conversesacatalunya.cat\/es\/como-va-la-economia-espanola\/#primaryimage"},"image":{"@id":"https:\/\/conversesacatalunya.cat\/es\/como-va-la-economia-espanola\/#primaryimage"},"thumbnailUrl":"https:\/\/conversesacatalunya.cat\/wp-content\/uploads\/2024\/04\/money-87224_640.jpg","datePublished":"2024-04-30T11:00:49+00:00","dateModified":"2024-05-01T09:15:30+00:00","author":{"@id":"https:\/\/conversesacatalunya.cat\/#\/schema\/person\/46306de4129bccb959ed5e1720c4e3e7"},"description":"El presidente S\u00e1nchez con su discurso de regreso explicaba lo bien que va la econom\u00eda espa\u00f1ola. Los datos son buenos en el entorno europeo","breadcrumb":{"@id":"https:\/\/conversesacatalunya.cat\/es\/como-va-la-economia-espanola\/#breadcrumb"},"inLanguage":"es","potentialAction":[{"@type":"ReadAction","target":["https:\/\/conversesacatalunya.cat\/es\/como-va-la-economia-espanola\/"]}]},{"@type":"ImageObject","inLanguage":"es","@id":"https:\/\/conversesacatalunya.cat\/es\/como-va-la-economia-espanola\/#primaryimage","url":"https:\/\/conversesacatalunya.cat\/wp-content\/uploads\/2024\/04\/money-87224_640.jpg","contentUrl":"https:\/\/conversesacatalunya.cat\/wp-content\/uploads\/2024\/04\/money-87224_640.jpg","width":640,"height":480,"caption":"como va la econom\u00eda espa\u00f1ola"},{"@type":"BreadcrumbList","@id":"https:\/\/conversesacatalunya.cat\/es\/como-va-la-economia-espanola\/#breadcrumb","itemListElement":[{"@type":"ListItem","position":1,"name":"Inici","item":"https:\/\/conversesacatalunya.cat\/es\/"},{"@type":"ListItem","position":2,"name":"La salud de la econom\u00eda espa\u00f1ola"}]},{"@type":"WebSite","@id":"https:\/\/conversesacatalunya.cat\/#website","url":"https:\/\/conversesacatalunya.cat\/","name":"Converses a Catalunya","description":"","potentialAction":[{"@type":"SearchAction","target":{"@type":"EntryPoint","urlTemplate":"https:\/\/conversesacatalunya.cat\/?s={search_term_string}"},"query-input":{"@type":"PropertyValueSpecification","valueRequired":true,"valueName":"search_term_string"}}],"inLanguage":"es"},{"@type":"Person","@id":"https:\/\/conversesacatalunya.cat\/#\/schema\/person\/46306de4129bccb959ed5e1720c4e3e7","name":"Emili Clos","image":{"@type":"ImageObject","inLanguage":"es","@id":"https:\/\/conversesacatalunya.cat\/#\/schema\/person\/image\/","url":"https:\/\/conversesacatalunya.cat\/wp-content\/litespeed\/avatar\/a9a662bd802eed79498de818aef91cc9.jpg?ver=1777096184","contentUrl":"https:\/\/conversesacatalunya.cat\/wp-content\/litespeed\/avatar\/a9a662bd802eed79498de818aef91cc9.jpg?ver=1777096184","caption":"Emili Clos"},"url":"https:\/\/conversesacatalunya.cat\/es\/author\/emili_clos\/"}]}},"wps_subtitle":"El crecimiento econ\u00f3mico espa\u00f1ol -y m\u00e1s a\u00fan el catal\u00e1n- por poblaci\u00f3n, experimenta un grave contrasentido. Crece por la incorporaci\u00f3n masiva de mano de obra extranjera de bajo nivel en capital humano y decrece en capital humano aut\u00f3ctono por emigraci\u00f3n de los profesionales ya formados","_links":{"self":[{"href":"https:\/\/conversesacatalunya.cat\/es\/wp-json\/wp\/v2\/posts\/77468","targetHints":{"allow":["GET"]}}],"collection":[{"href":"https:\/\/conversesacatalunya.cat\/es\/wp-json\/wp\/v2\/posts"}],"about":[{"href":"https:\/\/conversesacatalunya.cat\/es\/wp-json\/wp\/v2\/types\/post"}],"author":[{"embeddable":true,"href":"https:\/\/conversesacatalunya.cat\/es\/wp-json\/wp\/v2\/users\/81"}],"replies":[{"embeddable":true,"href":"https:\/\/conversesacatalunya.cat\/es\/wp-json\/wp\/v2\/comments?post=77468"}],"version-history":[{"count":6,"href":"https:\/\/conversesacatalunya.cat\/es\/wp-json\/wp\/v2\/posts\/77468\/revisions"}],"predecessor-version":[{"id":77469,"href":"https:\/\/conversesacatalunya.cat\/es\/wp-json\/wp\/v2\/posts\/77468\/revisions\/77469"}],"wp:featuredmedia":[{"embeddable":true,"href":"https:\/\/conversesacatalunya.cat\/es\/wp-json\/wp\/v2\/media\/77466"}],"wp:attachment":[{"href":"https:\/\/conversesacatalunya.cat\/es\/wp-json\/wp\/v2\/media?parent=77468"}],"wp:term":[{"taxonomy":"category","embeddable":true,"href":"https:\/\/conversesacatalunya.cat\/es\/wp-json\/wp\/v2\/categories?post=77468"},{"taxonomy":"post_tag","embeddable":true,"href":"https:\/\/conversesacatalunya.cat\/es\/wp-json\/wp\/v2\/tags?post=77468"}],"curies":[{"name":"wp","href":"https:\/\/api.w.org\/{rel}","templated":true}]}}