{"id":77285,"date":"2024-04-26T13:00:19","date_gmt":"2024-04-26T11:00:19","guid":{"rendered":"https:\/\/conversesacatalunya.cat\/?p=77285"},"modified":"2024-04-28T06:55:23","modified_gmt":"2024-04-28T04:55:23","slug":"sanchez-y-a-partir-del-martes-que-haremos","status":"publish","type":"post","link":"https:\/\/conversesacatalunya.cat\/es\/sanchez-y-a-partir-del-martes-que-haremos\/","title":{"rendered":"S\u00e1nchez. \u00bfY a partir del martes qu\u00e9 haremos?"},"content":{"rendered":"<p>El tiempo se ha detenido por la espera de la decisi\u00f3n de un solo hombre, S\u00e1nchez, pero <strong>la cuesti\u00f3n clave es qu\u00e9 haremos a partir del martes cuando este hombre nos haya comunicado su decisi\u00f3n<\/strong>. Es una dependencia excesiva que no puede conducir a nada bueno.<\/p>\n<p>En el mientras tanto, se prepara\u00a0<strong>la gran manifestaci\u00f3n de desagravio del s\u00e1bado con gente debidamente transportada desde las provincias<\/strong>. No dejar\u00e1 de ser un espect\u00e1culo que nos transporta por el t\u00fanel del tiempo a \u00e9pocas que creemos superadas: hay que manifestarse para desagraviar al l\u00edder.<\/p>\n<p>Pero, con todo esto, no podemos perder de vista que el pa\u00eds contin\u00faa su vida y que, por tanto, es necesario pensar en el m\u00e1s all\u00e1, es decir, el martes de la pr\u00f3xima semana.<\/p>\n<p>Para ver los escenarios futuros inmediatos pueden ayudarnos\u00a0<strong>unas constataciones<\/strong>: la primera es que el contenido de la carta, que quiere expresar una visi\u00f3n radicalmente personal,\u00a0<strong>se ha convertido en una especie de compendio de principios pol\u00edticos<\/strong>\u00a0que sus seguidores y los medios de comunicaci\u00f3n ex\u00e9getas del poder amplifican y difunden.<\/p>\n<h3><strong>Este compendio se traduce en tres puntos:<\/strong><\/h3>\n<p><strong>a)<\/strong> Todos los cr\u00edticos con S\u00e1nchez y la forma de proceder de su esposa quedan descalificados por la vida pol\u00edtica democr\u00e1tica porque son fachas que asaltan al poder. El corolario de esa descalificaci\u00f3n total es la inviabilidad democr\u00e1tica, porque dentro de esa l\u00f3gica resulta que S\u00e1nchez gobierna sin alternativa de ese signo.\u00a0<strong>Toda la legitimidad democr\u00e1tica se concentra en \u00e9l y los que le siguen.<\/strong> Basta con leer con un m\u00ednimo de atenci\u00f3n, no ya las cartas, sino las declaraciones de sus ministros y portavoces y las opiniones de los medios de comunicaci\u00f3n afines.<\/p>\n<h5><strong>\u00bfC\u00f3mo puede existir un Estado de derecho y un sistema democr\u00e1tico sin reconocimiento de la legitimidad de la oposici\u00f3n?<\/strong><\/h5>\n<p><strong>b)<\/strong>\u00a0Descalificaci\u00f3n total de los medios de comunicaci\u00f3n que dan cr\u00e9dito, o explican, las pretendidas irregularidades de Bego\u00f1a G\u00f3mez. Esta acci\u00f3n\u00a0<strong>destruye los fundamentos de la libertad de prensa y de expresi\u00f3n porque la limita bajo un criterio de blanco o negro<\/strong>, sin matices. Por ejemplo, es posible pensar que en la actuaci\u00f3n de la esposa de S\u00e1nchez no existe ning\u00fan il\u00edcito penal, pero que precisamente por su condici\u00f3n familiar no puede ir por el mundo pidiendo dinero a los empresarios para una actividad suya.\u00a0<strong>Lo que es tan evidente no es posible expresarlo sin ser condenado al infierno<\/strong>\u00a0de quienes quieren destruir el leg\u00edtimo gobierno de Espa\u00f1a.<\/p>\n<h5><strong>\u00bfC\u00f3mo puede funcionar una democracia si los medios de comunicaci\u00f3n adversos al gobierno son se\u00f1alados y estigmatizados por el poder?<\/strong><\/h5>\n<p><strong>c)<\/strong>\u00a0La carta, y\u00a0<a href=\"https:\/\/conversesacatalunya.cat\/es\/carta-al-presidente-sanchez\/\" target=\"_blank\" rel=\"noopener\">todo lo que ha venido atr\u00e1s<\/a>, desencadena una\u00a0<strong>presi\u00f3n brutal sobre un juez<\/strong>\u00a0de instrucci\u00f3n. Esta persona ya ha sido juzgada y condenada por todos los poderes, empezando por su se\u00f1alizaci\u00f3n por parte del poder del estado que ya ha lanzado la fiscal\u00eda sobre \u00e9l. Como tambi\u00e9n lo ha hecho con la gente a la que se pide que salga a la calle. Los medios de comunicaci\u00f3n hacen\u00a0<strong>lista de jueces mal\u00e9volos<\/strong> y presentan todos estos asuntos como casos de\u00a0<em>law <\/em><em>fare<\/em>.<\/p>\n<h5><strong>\u00bfPuede existir una divisi\u00f3n de poderes y, por tanto, un Estado de derecho cuando personas del poder judicial son sometidas a presiones tan brutales porque incomodan al poder?<\/strong><\/h5>\n<p>Y todo esto sucede solo por el hecho de que un juzgado de instrucci\u00f3n ha abierto <strong>un expediente, sin imputar a nadie, y llamando a declarar a dos directores de los digitales<\/strong> que informaron sobre los asuntos de Bego\u00f1a G\u00f3mez. Entregado a su propia din\u00e1mica, este asunto habr\u00eda quedado muy pobladamente en nada. Y si S\u00e1nchez hubiera reaccionado como un hombre de Estado responsable de su cargo y hubiera querido levantar la voz,\u00a0<strong>en lugar de hacer una carta habr\u00eda pedido la comparecencia en el Congreso<\/strong>\u00a0y ayer, pausada y concretamente, habr\u00eda explicado su verdad.<\/p>\n<p>El resultado es que S\u00e1nchez y las fuerzas gubernamentales han logrado transformar un asunto judicialmente menor en un gran esc\u00e1ndalo que amenaza la credibilidad del pa\u00eds y destruye precisamente la imagen de la pobre Bego\u00f1a G\u00f3mez, que ahora s\u00ed est\u00e1\u00a0<strong>en las portadas de todos los medios de comunicaci\u00f3n<\/strong>\u00a0, no ya de Espa\u00f1a sino de todo el mundo, vinculada a la palabra \u201ccorrupci\u00f3n\u201d. Un asunto menor es titular en el Financial Times, The New York Times, Al Jazeera y el Corriere della Sera.<\/p>\n<p>La carta de S\u00e1nchez ha desatado una tormenta internacional que remueve a las canciller\u00edas europeas y el tr\u00edptico es \u00e9ste:\u00a0 <strong>Bego\u00f1a-esposa del presidente del gobierno-corrupci\u00f3n.<\/strong>\u00a0Muestra adem\u00e1s la fragilidad e inestabilidad del pa\u00eds cara a Europa y tambi\u00e9n, que no se olvide, cara a los mercados financieros, que ahora ya saben que\u00a0<strong>el cr\u00e9dito y la deuda p\u00fablica dependen del estado de \u00e1nimo de un hombre<\/strong>\u00a0y de su mujer. Y esto es evidente que no ayuda a ver el futuro econ\u00f3mico de Espa\u00f1a con confianza; en otras palabras,\u00a0<strong>la carta de S\u00e1nchez la pagaremos a corto y medio plazo.<\/strong><\/p>\n<p><strong>Y ahora pasamos al martes. S\u00e1nchez dimite -no lo har\u00e1-. Resultado: ensa\u00f1amiento con la mujer y con \u00e9l, adem\u00e1s, fuera del poder. De sus futuros cargos internacionales ni hablar.<\/strong><\/p>\n<p><strong>La otra opci\u00f3n no dimite<\/strong>. Algo tendr\u00e1 que hacer despu\u00e9s de haber montado un cirio tan descomunal. Seguro que ya lo tiene pensado. Lo que todo el mundo apunta es el parip\u00e9 de una\u00a0<strong>moci\u00f3n de confianza<\/strong>.<\/p>\n<p>Resultado: contin\u00faa la guerra pol\u00edtica en torno al asunto. Las limitaciones a la democracia y al Estado de derecho se acent\u00faan, as\u00ed como el enfrentamiento irreductible entre unos y otros. El juzgado cierra el procedimiento sin m\u00e1s, pero como la presi\u00f3n ha sido tan descomunal, todo el mundo cree que ha sido el resultado de la coacci\u00f3n. <strong>M\u00e1s descr\u00e9dito para las instituciones.<\/strong><\/p>\n<h5><strong>Conclusi\u00f3n: a partir del martes m\u00e1s guerra civil desarmada, mayor destrucci\u00f3n de los poderes del estado y exhibici\u00f3n imp\u00fadica de la extrema fragilidad e inestabilidad de la democracia espa\u00f1ola.<\/strong><\/h5>\n<span class='bctt-click-to-tweet'><span class='bctt-ctt-text'><a href='https:\/\/twitter.com\/intent\/tweet?url=https%3A%2F%2Fconversesacatalunya.cat%2Fes%2Fsanchez-y-a-partir-del-martes-que-haremos%2F&#038;text=S%C3%A1nchez%20y%20las%20fuerzas%20gubernamentales%20han%20logrado%20transformar%20un%20asunto%20judicialmente%20menor%20en%20un%20gran%20esc%C3%A1ndalo%20que%20amenaza%20la%20credibilidad%20del%20pa%C3%ADs%20y%20destruye%20precisamente%20la%20imagen%20de%20Bego%C3%B1a%20G%C3%B3mez%20que%20ahora%20s%C3%AD%20est%C3%A1%20en%20sus%20portadas%E2%80%A6&#038;via=conversesacat&#038;related=conversesacat' target='_blank'rel=\"noopener noreferrer\">S\u00e1nchez y las fuerzas gubernamentales han logrado transformar un asunto judicialmente menor en un gran esc\u00e1ndalo que amenaza la credibilidad del pa\u00eds y destruye precisamente la imagen de Bego\u00f1a G\u00f3mez que ahora s\u00ed est\u00e1 en sus portadas\u2026 <\/a><\/span><a href='https:\/\/twitter.com\/intent\/tweet?url=https%3A%2F%2Fconversesacatalunya.cat%2Fes%2Fsanchez-y-a-partir-del-martes-que-haremos%2F&#038;text=S%C3%A1nchez%20y%20las%20fuerzas%20gubernamentales%20han%20logrado%20transformar%20un%20asunto%20judicialmente%20menor%20en%20un%20gran%20esc%C3%A1ndalo%20que%20amenaza%20la%20credibilidad%20del%20pa%C3%ADs%20y%20destruye%20precisamente%20la%20imagen%20de%20Bego%C3%B1a%20G%C3%B3mez%20que%20ahora%20s%C3%AD%20est%C3%A1%20en%20sus%20portadas%E2%80%A6&#038;via=conversesacat&#038;related=conversesacat' target='_blank' class='bctt-ctt-btn'rel=\"noopener noreferrer\">Compartir en X<\/a><\/span>\n<div id=\"polls-239\" class=\"wp-polls\">\n\t<form id=\"polls_form_239\" class=\"wp-polls-form\" action=\"\/index.php\" method=\"post\">\n\t\t<p style=\"display: none;\"><input type=\"hidden\" id=\"poll_239_nonce\" name=\"wp-polls-nonce\" value=\"40b6a1a1a0\" \/><\/p>\n\t\t<p style=\"display: none;\"><input type=\"hidden\" name=\"poll_id\" value=\"239\" \/><\/p>\n\t\t<p style=\"text-align: center\"><strong>Creus que Salvador Illa podr\u00e0 ser president de la Generalitat de Catalunya?<\/strong><\/p><div id=\"polls-239-ans\" class=\"wp-polls-ans\"><ul class=\"wp-polls-ul\">\n\t\t<li><input type=\"radio\" id=\"poll-answer-669\" name=\"poll_239\" value=\"669\" \/> <label for=\"poll-answer-669\">S\u00ed<\/label><\/li>\n\t\t<li><input type=\"radio\" id=\"poll-answer-670\" name=\"poll_239\" value=\"670\" \/> <label for=\"poll-answer-670\">No<\/label><\/li>\n\t\t<li><input type=\"radio\" id=\"poll-answer-671\" name=\"poll_239\" value=\"671\" \/> <label for=\"poll-answer-671\">No ho s\u00e9<\/label><\/li>\n\t\t<\/ul><p style=\"text-align: center\"><input type=\"button\" name=\"vote\" value=\"   Vota   \" class=\"Buttons\" onclick=\"poll_vote(239);\" \/><\/p><p style=\"text-align: center\"><a href=\"#ViewPollResults\" onclick=\"poll_result(239); return false;\" title=\"View Results Of This Poll\">Mira els resultats<\/a><\/p><\/div>\n\t<\/form>\n<\/div>\n<div id=\"polls-239-loading\" class=\"wp-polls-loading\"><img decoding=\"async\" data-src=\"https:\/\/conversesacatalunya.cat\/wp-content\/plugins\/wp-polls\/images\/loading.gif\" width=\"16\" height=\"16\" alt=\"Cargando ...\" title=\"Cargando ...\" class=\"wp-polls-image lazyload\" src=\"data:image\/svg+xml;base64,PHN2ZyB3aWR0aD0iMSIgaGVpZ2h0PSIxIiB4bWxucz0iaHR0cDovL3d3dy53My5vcmcvMjAwMC9zdmciPjwvc3ZnPg==\" style=\"--smush-placeholder-width: 16px; --smush-placeholder-aspect-ratio: 16\/16;\" \/>&nbsp;Cargando ...<\/div>\n\n","protected":false},"excerpt":{"rendered":"<p>El tiempo se ha detenido por la espera de la decisi\u00f3n de un solo hombre, S\u00e1nchez, pero la cuesti\u00f3n clave es qu\u00e9 haremos a partir del martes cuando este hombre nos haya comunicado su decisi\u00f3n. Es una dependencia excesiva que no puede conducir a nada bueno. En el mientras tanto, se prepara\u00a0la gran manifestaci\u00f3n de desagravio del s\u00e1bado con gente debidamente transportada desde las provincias. No dejar\u00e1 de ser un espect\u00e1culo que nos transporta por el t\u00fanel del tiempo a \u00e9pocas que creemos superadas: hay que manifestarse para desagraviar al l\u00edder. Pero, con todo esto, no podemos perder de vista que el pa\u00eds contin\u00faa su vida y que, por tanto, es necesario pensar en el m\u00e1s all\u00e1, es decir, el martes de la pr\u00f3xima semana. Para ver los escenarios futuros inmediatos pueden ayudarnos\u00a0unas constataciones: la primera es que el contenido de la carta, que quiere expresar una visi\u00f3n radicalmente personal,\u00a0se ha convertido en una especie de compendio de principios pol\u00edticos\u00a0que sus seguidores y los medios de comunicaci\u00f3n ex\u00e9getas del poder amplifican y difunden. Este compendio se traduce en tres puntos: a) Todos los cr\u00edticos con S\u00e1nchez y la forma de proceder de su esposa quedan descalificados por la vida pol\u00edtica democr\u00e1tica porque son fachas que asaltan al poder. El corolario de esa descalificaci\u00f3n total es la inviabilidad democr\u00e1tica, porque dentro de esa l\u00f3gica resulta que S\u00e1nchez gobierna sin alternativa de ese signo.\u00a0Toda la legitimidad democr\u00e1tica se concentra en \u00e9l y los que le siguen. Basta con leer con un m\u00ednimo de atenci\u00f3n, no ya las cartas, sino las declaraciones de sus ministros y portavoces y las opiniones de los medios de comunicaci\u00f3n afines. \u00bfC\u00f3mo puede existir un Estado de derecho y un sistema democr\u00e1tico sin reconocimiento de la legitimidad de la oposici\u00f3n? b)\u00a0Descalificaci\u00f3n total de los medios de comunicaci\u00f3n que dan cr\u00e9dito, o explican, las pretendidas irregularidades de Bego\u00f1a G\u00f3mez. Esta acci\u00f3n\u00a0destruye los fundamentos de la libertad de prensa y de expresi\u00f3n porque la limita bajo un criterio de blanco o negro, sin matices. Por ejemplo, es posible pensar que en la actuaci\u00f3n de la esposa de S\u00e1nchez no existe ning\u00fan il\u00edcito penal, pero que precisamente por su condici\u00f3n familiar no puede ir por el mundo pidiendo dinero a los empresarios para una actividad suya.\u00a0Lo que es tan evidente no es posible expresarlo sin ser condenado al infierno\u00a0de quienes quieren destruir el leg\u00edtimo gobierno de Espa\u00f1a. \u00bfC\u00f3mo puede funcionar una democracia si los medios de comunicaci\u00f3n adversos al gobierno son se\u00f1alados y estigmatizados por el poder? c)\u00a0La carta, y\u00a0todo lo que ha venido atr\u00e1s, desencadena una\u00a0presi\u00f3n brutal sobre un juez\u00a0de instrucci\u00f3n. Esta persona ya ha sido juzgada y condenada por todos los poderes, empezando por su se\u00f1alizaci\u00f3n por parte del poder del estado que ya ha lanzado la fiscal\u00eda sobre \u00e9l. Como tambi\u00e9n lo ha hecho con la gente a la que se pide que salga a la calle. Los medios de comunicaci\u00f3n hacen\u00a0lista de jueces mal\u00e9volos y presentan todos estos asuntos como casos de\u00a0law fare. \u00bfPuede existir una divisi\u00f3n de poderes y, por tanto, un Estado de derecho cuando personas del poder judicial son sometidas a presiones tan brutales porque incomodan al poder? Y todo esto sucede solo por el hecho de que un juzgado de instrucci\u00f3n ha abierto un expediente, sin imputar a nadie, y llamando a declarar a dos directores de los digitales que informaron sobre los asuntos de Bego\u00f1a G\u00f3mez. Entregado a su propia din\u00e1mica, este asunto habr\u00eda quedado muy pobladamente en nada. Y si S\u00e1nchez hubiera reaccionado como un hombre de Estado responsable de su cargo y hubiera querido levantar la voz,\u00a0en lugar de hacer una carta habr\u00eda pedido la comparecencia en el Congreso\u00a0y ayer, pausada y concretamente, habr\u00eda explicado su verdad. El resultado es que S\u00e1nchez y las fuerzas gubernamentales han logrado transformar un asunto judicialmente menor en un gran esc\u00e1ndalo que amenaza la credibilidad del pa\u00eds y destruye precisamente la imagen de la pobre Bego\u00f1a G\u00f3mez, que ahora s\u00ed est\u00e1\u00a0en las portadas de todos los medios de comunicaci\u00f3n\u00a0, no ya de Espa\u00f1a sino de todo el mundo, vinculada a la palabra \u201ccorrupci\u00f3n\u201d. Un asunto menor es titular en el Financial Times, The New York Times, Al Jazeera y el Corriere della Sera. La carta de S\u00e1nchez ha desatado una tormenta internacional que remueve a las canciller\u00edas europeas y el tr\u00edptico es \u00e9ste:\u00a0 Bego\u00f1a-esposa del presidente del gobierno-corrupci\u00f3n.\u00a0Muestra adem\u00e1s la fragilidad e inestabilidad del pa\u00eds cara a Europa y tambi\u00e9n, que no se olvide, cara a los mercados financieros, que ahora ya saben que\u00a0el cr\u00e9dito y la deuda p\u00fablica dependen del estado de \u00e1nimo de un hombre\u00a0y de su mujer. Y esto es evidente que no ayuda a ver el futuro econ\u00f3mico de Espa\u00f1a con confianza; en otras palabras,\u00a0la carta de S\u00e1nchez la pagaremos a corto y medio plazo. Y ahora pasamos al martes. S\u00e1nchez dimite -no lo har\u00e1-. Resultado: ensa\u00f1amiento con la mujer y con \u00e9l, adem\u00e1s, fuera del poder. De sus futuros cargos internacionales ni hablar. La otra opci\u00f3n no dimite. Algo tendr\u00e1 que hacer despu\u00e9s de haber montado un cirio tan descomunal. Seguro que ya lo tiene pensado. Lo que todo el mundo apunta es el parip\u00e9 de una\u00a0moci\u00f3n de confianza. Resultado: contin\u00faa la guerra pol\u00edtica en torno al asunto. Las limitaciones a la democracia y al Estado de derecho se acent\u00faan, as\u00ed como el enfrentamiento irreductible entre unos y otros. El juzgado cierra el procedimiento sin m\u00e1s, pero como la presi\u00f3n ha sido tan descomunal, todo el mundo cree que ha sido el resultado de la coacci\u00f3n. M\u00e1s descr\u00e9dito para las instituciones. Conclusi\u00f3n: a partir del martes m\u00e1s guerra civil desarmada, mayor destrucci\u00f3n de los poderes del estado y exhibici\u00f3n imp\u00fadica de la extrema fragilidad e inestabilidad de la democracia espa\u00f1ola.<\/p>\n","protected":false},"author":19,"featured_media":77282,"comment_status":"open","ping_status":"open","sticky":false,"template":"","format":"standard","meta":{"_FSMCFIC_featured_image_caption":"","_FSMCFIC_featured_image_nocaption":"","_FSMCFIC_featured_image_hide":"","footnotes":""},"categories":[806],"tags":[1157],"class_list":["post-77285","post","type-post","status-publish","format-standard","has-post-thumbnail","hentry","category-punts-claus-del-dia-es","tag-pedro-sanchez-es"],"yoast_head":"<!-- This site is optimized with the Yoast SEO plugin v26.8 - https:\/\/yoast.com\/product\/yoast-seo-wordpress\/ -->\n<title>S\u00e1nchez. \u00bfY a partir del martes qu\u00e9 haremos? - Converses a Catalunya<\/title>\n<meta name=\"description\" content=\"Si S\u00e1nchez hubiera reaccionado como un hombre de estado responsable de su cargo y hubiera querido levantar la voz, en lugar de hacer una\" \/>\n<meta name=\"robots\" content=\"index, follow, max-snippet:-1, max-image-preview:large, max-video-preview:-1\" \/>\n<link rel=\"canonical\" href=\"https:\/\/conversesacatalunya.cat\/es\/sanchez-y-a-partir-del-martes-que-haremos\/\" \/>\n<meta property=\"og:locale\" content=\"es_ES\" \/>\n<meta property=\"og:type\" content=\"article\" \/>\n<meta property=\"og:title\" content=\"S\u00e1nchez. \u00bfY a partir del martes qu\u00e9 haremos? - Converses a Catalunya\" \/>\n<meta property=\"og:description\" content=\"Si S\u00e1nchez hubiera reaccionado como un hombre de estado responsable de su cargo y hubiera querido levantar la voz, en lugar de hacer una\" \/>\n<meta property=\"og:url\" content=\"https:\/\/conversesacatalunya.cat\/es\/sanchez-y-a-partir-del-martes-que-haremos\/\" \/>\n<meta property=\"og:site_name\" content=\"Converses a Catalunya\" \/>\n<meta property=\"article:published_time\" content=\"2024-04-26T11:00:19+00:00\" \/>\n<meta property=\"article:modified_time\" content=\"2024-04-28T04:55:23+00:00\" \/>\n<meta property=\"og:image\" content=\"https:\/\/conversesacatalunya.cat\/wp-content\/uploads\/2024\/04\/Sanchez.jpg\" \/>\n\t<meta property=\"og:image:width\" content=\"840\" \/>\n\t<meta property=\"og:image:height\" content=\"688\" \/>\n\t<meta property=\"og:image:type\" content=\"image\/jpeg\" \/>\n<meta name=\"author\" content=\"Josep Mir\u00f3 i Ard\u00e8vol\" \/>\n<meta name=\"twitter:card\" content=\"summary_large_image\" \/>\n<meta name=\"twitter:label1\" content=\"Escrito por\" \/>\n\t<meta name=\"twitter:data1\" content=\"Josep Mir\u00f3 i Ard\u00e8vol\" \/>\n\t<meta name=\"twitter:label2\" content=\"Tiempo de lectura\" \/>\n\t<meta name=\"twitter:data2\" content=\"6 minutos\" \/>\n<script type=\"application\/ld+json\" class=\"yoast-schema-graph\">{\"@context\":\"https:\/\/schema.org\",\"@graph\":[{\"@type\":\"Article\",\"@id\":\"https:\/\/conversesacatalunya.cat\/es\/sanchez-y-a-partir-del-martes-que-haremos\/#article\",\"isPartOf\":{\"@id\":\"https:\/\/conversesacatalunya.cat\/es\/sanchez-y-a-partir-del-martes-que-haremos\/\"},\"author\":{\"name\":\"Josep Mir\u00f3 i Ard\u00e8vol\",\"@id\":\"https:\/\/conversesacatalunya.cat\/#\/schema\/person\/a9598a6786ba7d3d1c5e0de477b79370\"},\"headline\":\"S\u00e1nchez. \u00bfY a partir del martes qu\u00e9 haremos?\",\"datePublished\":\"2024-04-26T11:00:19+00:00\",\"dateModified\":\"2024-04-28T04:55:23+00:00\",\"mainEntityOfPage\":{\"@id\":\"https:\/\/conversesacatalunya.cat\/es\/sanchez-y-a-partir-del-martes-que-haremos\/\"},\"wordCount\":1140,\"commentCount\":0,\"image\":{\"@id\":\"https:\/\/conversesacatalunya.cat\/es\/sanchez-y-a-partir-del-martes-que-haremos\/#primaryimage\"},\"thumbnailUrl\":\"https:\/\/conversesacatalunya.cat\/wp-content\/uploads\/2024\/04\/Sanchez.jpg\",\"keywords\":[\"Pedro S\u00e1nchez\"],\"articleSection\":[\"Punts clau del dia (ES)\"],\"inLanguage\":\"es\",\"potentialAction\":[{\"@type\":\"CommentAction\",\"name\":\"Comment\",\"target\":[\"https:\/\/conversesacatalunya.cat\/es\/sanchez-y-a-partir-del-martes-que-haremos\/#respond\"]}]},{\"@type\":\"WebPage\",\"@id\":\"https:\/\/conversesacatalunya.cat\/es\/sanchez-y-a-partir-del-martes-que-haremos\/\",\"url\":\"https:\/\/conversesacatalunya.cat\/es\/sanchez-y-a-partir-del-martes-que-haremos\/\",\"name\":\"S\u00e1nchez. \u00bfY a partir del martes qu\u00e9 haremos? - Converses a Catalunya\",\"isPartOf\":{\"@id\":\"https:\/\/conversesacatalunya.cat\/#website\"},\"primaryImageOfPage\":{\"@id\":\"https:\/\/conversesacatalunya.cat\/es\/sanchez-y-a-partir-del-martes-que-haremos\/#primaryimage\"},\"image\":{\"@id\":\"https:\/\/conversesacatalunya.cat\/es\/sanchez-y-a-partir-del-martes-que-haremos\/#primaryimage\"},\"thumbnailUrl\":\"https:\/\/conversesacatalunya.cat\/wp-content\/uploads\/2024\/04\/Sanchez.jpg\",\"datePublished\":\"2024-04-26T11:00:19+00:00\",\"dateModified\":\"2024-04-28T04:55:23+00:00\",\"author\":{\"@id\":\"https:\/\/conversesacatalunya.cat\/#\/schema\/person\/a9598a6786ba7d3d1c5e0de477b79370\"},\"description\":\"Si S\u00e1nchez hubiera reaccionado como un hombre de estado responsable de su cargo y hubiera querido levantar la voz, en lugar de hacer una\",\"breadcrumb\":{\"@id\":\"https:\/\/conversesacatalunya.cat\/es\/sanchez-y-a-partir-del-martes-que-haremos\/#breadcrumb\"},\"inLanguage\":\"es\",\"potentialAction\":[{\"@type\":\"ReadAction\",\"target\":[\"https:\/\/conversesacatalunya.cat\/es\/sanchez-y-a-partir-del-martes-que-haremos\/\"]}]},{\"@type\":\"ImageObject\",\"inLanguage\":\"es\",\"@id\":\"https:\/\/conversesacatalunya.cat\/es\/sanchez-y-a-partir-del-martes-que-haremos\/#primaryimage\",\"url\":\"https:\/\/conversesacatalunya.cat\/wp-content\/uploads\/2024\/04\/Sanchez.jpg\",\"contentUrl\":\"https:\/\/conversesacatalunya.cat\/wp-content\/uploads\/2024\/04\/Sanchez.jpg\",\"width\":840,\"height\":688,\"caption\":\"S\u00e1nchez dimarts\"},{\"@type\":\"BreadcrumbList\",\"@id\":\"https:\/\/conversesacatalunya.cat\/es\/sanchez-y-a-partir-del-martes-que-haremos\/#breadcrumb\",\"itemListElement\":[{\"@type\":\"ListItem\",\"position\":1,\"name\":\"Inici\",\"item\":\"https:\/\/conversesacatalunya.cat\/es\/\"},{\"@type\":\"ListItem\",\"position\":2,\"name\":\"S\u00e1nchez. \u00bfY a partir del martes qu\u00e9 haremos?\"}]},{\"@type\":\"WebSite\",\"@id\":\"https:\/\/conversesacatalunya.cat\/#website\",\"url\":\"https:\/\/conversesacatalunya.cat\/\",\"name\":\"Converses a Catalunya\",\"description\":\"\",\"potentialAction\":[{\"@type\":\"SearchAction\",\"target\":{\"@type\":\"EntryPoint\",\"urlTemplate\":\"https:\/\/conversesacatalunya.cat\/?s={search_term_string}\"},\"query-input\":{\"@type\":\"PropertyValueSpecification\",\"valueRequired\":true,\"valueName\":\"search_term_string\"}}],\"inLanguage\":\"es\"},{\"@type\":\"Person\",\"@id\":\"https:\/\/conversesacatalunya.cat\/#\/schema\/person\/a9598a6786ba7d3d1c5e0de477b79370\",\"name\":\"Josep Mir\u00f3 i Ard\u00e8vol\",\"image\":{\"@type\":\"ImageObject\",\"inLanguage\":\"es\",\"@id\":\"https:\/\/conversesacatalunya.cat\/#\/schema\/person\/image\/\",\"url\":\"https:\/\/conversesacatalunya.cat\/wp-content\/litespeed\/avatar\/c37e3dc881857483d6694cdf98fdedea.jpg?ver=1777270381\",\"contentUrl\":\"https:\/\/conversesacatalunya.cat\/wp-content\/litespeed\/avatar\/c37e3dc881857483d6694cdf98fdedea.jpg?ver=1777270381\",\"caption\":\"Josep Mir\u00f3 i Ard\u00e8vol\"},\"url\":\"https:\/\/conversesacatalunya.cat\/es\/author\/josep-miro-i-ardevol\/\"}]}<\/script>\n<!-- \/ Yoast SEO plugin. -->","yoast_head_json":{"title":"S\u00e1nchez. \u00bfY a partir del martes qu\u00e9 haremos? - Converses a Catalunya","description":"Si S\u00e1nchez hubiera reaccionado como un hombre de estado responsable de su cargo y hubiera querido levantar la voz, en lugar de hacer una","robots":{"index":"index","follow":"follow","max-snippet":"max-snippet:-1","max-image-preview":"max-image-preview:large","max-video-preview":"max-video-preview:-1"},"canonical":"https:\/\/conversesacatalunya.cat\/es\/sanchez-y-a-partir-del-martes-que-haremos\/","og_locale":"es_ES","og_type":"article","og_title":"S\u00e1nchez. \u00bfY a partir del martes qu\u00e9 haremos? - Converses a Catalunya","og_description":"Si S\u00e1nchez hubiera reaccionado como un hombre de estado responsable de su cargo y hubiera querido levantar la voz, en lugar de hacer una","og_url":"https:\/\/conversesacatalunya.cat\/es\/sanchez-y-a-partir-del-martes-que-haremos\/","og_site_name":"Converses a Catalunya","article_published_time":"2024-04-26T11:00:19+00:00","article_modified_time":"2024-04-28T04:55:23+00:00","og_image":[{"width":840,"height":688,"url":"https:\/\/conversesacatalunya.cat\/wp-content\/uploads\/2024\/04\/Sanchez.jpg","type":"image\/jpeg"}],"author":"Josep Mir\u00f3 i Ard\u00e8vol","twitter_card":"summary_large_image","twitter_misc":{"Escrito por":"Josep Mir\u00f3 i Ard\u00e8vol","Tiempo de lectura":"6 minutos"},"schema":{"@context":"https:\/\/schema.org","@graph":[{"@type":"Article","@id":"https:\/\/conversesacatalunya.cat\/es\/sanchez-y-a-partir-del-martes-que-haremos\/#article","isPartOf":{"@id":"https:\/\/conversesacatalunya.cat\/es\/sanchez-y-a-partir-del-martes-que-haremos\/"},"author":{"name":"Josep Mir\u00f3 i Ard\u00e8vol","@id":"https:\/\/conversesacatalunya.cat\/#\/schema\/person\/a9598a6786ba7d3d1c5e0de477b79370"},"headline":"S\u00e1nchez. \u00bfY a partir del martes qu\u00e9 haremos?","datePublished":"2024-04-26T11:00:19+00:00","dateModified":"2024-04-28T04:55:23+00:00","mainEntityOfPage":{"@id":"https:\/\/conversesacatalunya.cat\/es\/sanchez-y-a-partir-del-martes-que-haremos\/"},"wordCount":1140,"commentCount":0,"image":{"@id":"https:\/\/conversesacatalunya.cat\/es\/sanchez-y-a-partir-del-martes-que-haremos\/#primaryimage"},"thumbnailUrl":"https:\/\/conversesacatalunya.cat\/wp-content\/uploads\/2024\/04\/Sanchez.jpg","keywords":["Pedro S\u00e1nchez"],"articleSection":["Punts clau del dia (ES)"],"inLanguage":"es","potentialAction":[{"@type":"CommentAction","name":"Comment","target":["https:\/\/conversesacatalunya.cat\/es\/sanchez-y-a-partir-del-martes-que-haremos\/#respond"]}]},{"@type":"WebPage","@id":"https:\/\/conversesacatalunya.cat\/es\/sanchez-y-a-partir-del-martes-que-haremos\/","url":"https:\/\/conversesacatalunya.cat\/es\/sanchez-y-a-partir-del-martes-que-haremos\/","name":"S\u00e1nchez. \u00bfY a partir del martes qu\u00e9 haremos? - Converses a Catalunya","isPartOf":{"@id":"https:\/\/conversesacatalunya.cat\/#website"},"primaryImageOfPage":{"@id":"https:\/\/conversesacatalunya.cat\/es\/sanchez-y-a-partir-del-martes-que-haremos\/#primaryimage"},"image":{"@id":"https:\/\/conversesacatalunya.cat\/es\/sanchez-y-a-partir-del-martes-que-haremos\/#primaryimage"},"thumbnailUrl":"https:\/\/conversesacatalunya.cat\/wp-content\/uploads\/2024\/04\/Sanchez.jpg","datePublished":"2024-04-26T11:00:19+00:00","dateModified":"2024-04-28T04:55:23+00:00","author":{"@id":"https:\/\/conversesacatalunya.cat\/#\/schema\/person\/a9598a6786ba7d3d1c5e0de477b79370"},"description":"Si S\u00e1nchez hubiera reaccionado como un hombre de estado responsable de su cargo y hubiera querido levantar la voz, en lugar de hacer una","breadcrumb":{"@id":"https:\/\/conversesacatalunya.cat\/es\/sanchez-y-a-partir-del-martes-que-haremos\/#breadcrumb"},"inLanguage":"es","potentialAction":[{"@type":"ReadAction","target":["https:\/\/conversesacatalunya.cat\/es\/sanchez-y-a-partir-del-martes-que-haremos\/"]}]},{"@type":"ImageObject","inLanguage":"es","@id":"https:\/\/conversesacatalunya.cat\/es\/sanchez-y-a-partir-del-martes-que-haremos\/#primaryimage","url":"https:\/\/conversesacatalunya.cat\/wp-content\/uploads\/2024\/04\/Sanchez.jpg","contentUrl":"https:\/\/conversesacatalunya.cat\/wp-content\/uploads\/2024\/04\/Sanchez.jpg","width":840,"height":688,"caption":"S\u00e1nchez dimarts"},{"@type":"BreadcrumbList","@id":"https:\/\/conversesacatalunya.cat\/es\/sanchez-y-a-partir-del-martes-que-haremos\/#breadcrumb","itemListElement":[{"@type":"ListItem","position":1,"name":"Inici","item":"https:\/\/conversesacatalunya.cat\/es\/"},{"@type":"ListItem","position":2,"name":"S\u00e1nchez. \u00bfY a partir del martes qu\u00e9 haremos?"}]},{"@type":"WebSite","@id":"https:\/\/conversesacatalunya.cat\/#website","url":"https:\/\/conversesacatalunya.cat\/","name":"Converses a Catalunya","description":"","potentialAction":[{"@type":"SearchAction","target":{"@type":"EntryPoint","urlTemplate":"https:\/\/conversesacatalunya.cat\/?s={search_term_string}"},"query-input":{"@type":"PropertyValueSpecification","valueRequired":true,"valueName":"search_term_string"}}],"inLanguage":"es"},{"@type":"Person","@id":"https:\/\/conversesacatalunya.cat\/#\/schema\/person\/a9598a6786ba7d3d1c5e0de477b79370","name":"Josep Mir\u00f3 i Ard\u00e8vol","image":{"@type":"ImageObject","inLanguage":"es","@id":"https:\/\/conversesacatalunya.cat\/#\/schema\/person\/image\/","url":"https:\/\/conversesacatalunya.cat\/wp-content\/litespeed\/avatar\/c37e3dc881857483d6694cdf98fdedea.jpg?ver=1777270381","contentUrl":"https:\/\/conversesacatalunya.cat\/wp-content\/litespeed\/avatar\/c37e3dc881857483d6694cdf98fdedea.jpg?ver=1777270381","caption":"Josep Mir\u00f3 i Ard\u00e8vol"},"url":"https:\/\/conversesacatalunya.cat\/es\/author\/josep-miro-i-ardevol\/"}]}},"wps_subtitle":"Si S\u00e1nchez hubiera reaccionado como un hombre de estado responsable de su cargo y hubiera querido levantar la voz, en lugar de hacer una carta habr\u00eda pedido la comparecencia en el Congreso y ayer, pausada y concretamente, habr\u00eda explicado su verdad.","_links":{"self":[{"href":"https:\/\/conversesacatalunya.cat\/es\/wp-json\/wp\/v2\/posts\/77285","targetHints":{"allow":["GET"]}}],"collection":[{"href":"https:\/\/conversesacatalunya.cat\/es\/wp-json\/wp\/v2\/posts"}],"about":[{"href":"https:\/\/conversesacatalunya.cat\/es\/wp-json\/wp\/v2\/types\/post"}],"author":[{"embeddable":true,"href":"https:\/\/conversesacatalunya.cat\/es\/wp-json\/wp\/v2\/users\/19"}],"replies":[{"embeddable":true,"href":"https:\/\/conversesacatalunya.cat\/es\/wp-json\/wp\/v2\/comments?post=77285"}],"version-history":[{"count":7,"href":"https:\/\/conversesacatalunya.cat\/es\/wp-json\/wp\/v2\/posts\/77285\/revisions"}],"predecessor-version":[{"id":77325,"href":"https:\/\/conversesacatalunya.cat\/es\/wp-json\/wp\/v2\/posts\/77285\/revisions\/77325"}],"wp:featuredmedia":[{"embeddable":true,"href":"https:\/\/conversesacatalunya.cat\/es\/wp-json\/wp\/v2\/media\/77282"}],"wp:attachment":[{"href":"https:\/\/conversesacatalunya.cat\/es\/wp-json\/wp\/v2\/media?parent=77285"}],"wp:term":[{"taxonomy":"category","embeddable":true,"href":"https:\/\/conversesacatalunya.cat\/es\/wp-json\/wp\/v2\/categories?post=77285"},{"taxonomy":"post_tag","embeddable":true,"href":"https:\/\/conversesacatalunya.cat\/es\/wp-json\/wp\/v2\/tags?post=77285"}],"curies":[{"name":"wp","href":"https:\/\/api.w.org\/{rel}","templated":true}]}}