{"id":77264,"date":"2024-04-26T11:26:44","date_gmt":"2024-04-26T09:26:44","guid":{"rendered":"https:\/\/conversesacatalunya.cat\/?p=77264"},"modified":"2024-04-26T11:26:44","modified_gmt":"2024-04-26T09:26:44","slug":"converses-propone-a-los-partidos-100-objetivos","status":"publish","type":"post","link":"https:\/\/conversesacatalunya.cat\/es\/converses-propone-a-los-partidos-100-objetivos\/","title":{"rendered":"Converses propone a los partidos 100 objetivos para Catalu\u00f1a. Los 10 primeros"},"content":{"rendered":"<h3><strong>Planificaci\u00f3n y concertaci\u00f3n<\/strong><\/h3>\n<p style=\"padding-left: 40px;\"><strong>1.<\/strong> La magnitud y complejidad de las crisis acumuladas requiere una metodolog\u00eda espec\u00edfica para abordar su resoluci\u00f3n, basada en la <strong>concertaci\u00f3n <\/strong>p\u00fablico-privada, la <strong>planificaci\u00f3n indicativa (<\/strong>de obligado cumplimiento por la administraci\u00f3n y de car\u00e1cter orientativo para el sector privado) y el <strong>presupuesto base cero <\/strong>para proceder a una reordenaci\u00f3n justa y racional de los recursos disponibles, elaborando un nuevo presupuesto sin considerar en principio las cifras del ejercicio anterior. De esta forma se identifican los gastos in\u00fatiles y excesivos y se fijan las nuevas prioridades.<\/p>\n<h3><strong>Dos reformas b\u00e1sicas<\/strong><strong>:<\/strong><\/h3>\n<p style=\"padding-left: 40px;\"><strong>2. Reforma de la fiscalidad catalana <\/strong>para hacerla m\u00e1s justa y racional. Comportar\u00e1 como m\u00ednimo: (1) la reducci\u00f3n del IRPF en los niveles m\u00e1s bajos de ingresos, de modo que tengan uno de los mejores tratos fiscales de toda Espa\u00f1a en lugar de ser de los peores como hasta ahora. (2) Reducci\u00f3n del impuesto por patrimonio. No puede ser que el 45% de los ingresos de todo el Estado del per\u00edodo 2014-2019 de este impuesto se haya pagado en Catalunya. Esta proporci\u00f3n debe reducirse al 20%, es decir, menos de la mitad. (3) Revisi\u00f3n, reducci\u00f3n y adecuaci\u00f3n de los impuestos especiales bajo criterios de rendimiento, racionalidad y no perjudicar a la econom\u00eda productiva. Es el caso del nuevo impuesto sobre el CO<sub>2 <\/sub>que tal y como est\u00e1 planteado viene a ser una doble imposici\u00f3n que puede provocar la deslocalizaci\u00f3n de industrias de Catalunya y la disuasi\u00f3n para nuevas instalaciones.<\/p>\n<p style=\"padding-left: 40px;\"><strong>3. Reforma de la envejecida e ineficiente administraci\u00f3n catalana. <\/strong>Se llevar\u00e1 a cabo una importante reducci\u00f3n de los institutos y organismos aut\u00f3nomos, por supresi\u00f3n y fusi\u00f3n de los actuales. Efectuada esta racionalizaci\u00f3n, se proceder\u00e1 a la renovaci\u00f3n de todos los cargos p\u00fablicos de los organismos que contin\u00faen. Se definir\u00e1 un nuevo modelo de administraci\u00f3n para la Generalitat dirigido a conseguir una mayor eficiencia, eficacia y econom\u00eda de gesti\u00f3n y una mejor adaptaci\u00f3n a la complejidad de la realidad.<\/p>\n<h3><strong>Natalidad, poblaci\u00f3n, envejecimiento e inmigraci\u00f3n<\/strong><\/h3>\n<p style=\"padding-left: 40px;\"><strong>4.<\/strong> El mayor problema que tiene Catalunya a largo plazo es su <strong>baja natalidad <\/strong>y el envejecimiento, acelerado de su poblaci\u00f3n, que obedece en sus 2\/3 partes a la insuficiencia de los nacimientos. Esta din\u00e1mica es incompatible con lograr una buena productividad a largo plazo y con la sostenibilidad del estado del bienestar y del sistema p\u00fablico de pensiones, que adem\u00e1s, en el caso Catalunya, es deficitario. Corregir este grav\u00edsimo problema y favorecer la natalidad tiene que ver con muchas condiciones que deben regularse a trav\u00e9s de un <strong>Plan <\/strong>que tengan como <strong>eje a la familia<\/strong> Es un suicidio colectivo que, mientras que no existen ayudas por parte de la Generalitat para las familias con hijos, el aborto, que tiene una importancia negativa extraordinaria en relaci\u00f3n a la natalidad catalana, sea subvencionado al 100%. <strong>El flujo migratorio<\/strong> que est\u00e1n recibiendo Catalu\u00f1a es imposible de sostener, genera una demanda excesiva sobre la vivienda y los servicios p\u00fablicos, y estimula el crecimiento de los sectores de baja productividad y bajos salarios. Debe hacerse efectiva su regulaci\u00f3n y adaptaci\u00f3n a las necesidades del pa\u00eds.<\/p>\n<h3><strong>Basta de gestionar la pobreza. Lo que hace falta es erradicarla<\/strong><\/h3>\n<p style=\"padding-left: 40px;\"><strong>5.<\/strong> En Catalunya viven 470.000 personas en situaci\u00f3n de <strong>pobreza material severa<\/strong> Por otro lado, un 21,7% vive por debajo del <strong>umbral de pobreza,<\/strong> mientras que la exclusi\u00f3n social alcanza el 29,1%, 6 puntos superior a la media espa\u00f1ola, y mayor que Madrid (22,3%). Catalunya y Canarias son las comunidades aut\u00f3nomas con un mayor nivel de exclusi\u00f3n en 2021. Los factores m\u00e1s decisivos de la exclusi\u00f3n social son, por este orden: la pobreza grave, la ausencia de ingresos, la pobreza menos grave, la falta de trabajo, ser extranjero, <strong>y constituir una familia con hijos<\/strong> Es una situaci\u00f3n inaceptable que debe ser inmediatamente corregida.<\/p>\n<p style=\"padding-left: 40px;\"><strong>6. La Renta Garantizada de la Generalitat <\/strong>tan solo llega al 7% de los catalanes en riesgo de pobreza, y al 27,6% de los hogares en situaci\u00f3n de pobreza grave. Es necesario actuar para (1) unificar esta ayuda con el Ingreso M\u00ednimo Vital del Gobierno espa\u00f1ol. (2) Alcanzar una cifra de protecci\u00f3n superior a la media espa\u00f1ola para la pobreza relativa (12%) y cubrir el 100% de la pobreza grave.<\/p>\n<p style=\"padding-left: 40px;\"><strong>7.<\/strong> 90.000 ni\u00f1os y j\u00f3venes est\u00e1n en situaci\u00f3n de pobreza en Catalunya. El Plan de la Generalitat para abordar este problema, que prev\u00e9 250 millones, es insuficiente: <strong>es necesario un nuevo plan integral <\/strong>dotado con 370 millones de euros, llevado a cabo con la participaci\u00f3n y cogesti\u00f3n de las entidades de la sociedad civil que trabajan en este \u00e1mbito.<\/p>\n<h3><strong>Servicios Sociales<\/strong><\/h3>\n<p style=\"padding-left: 40px;\"><strong>8.<\/strong> Reducci\u00f3n de la burocracia, con la concertaci\u00f3n con las entidades del tercer sector y de iniciativa social de reconocida eficacia, y mejora de la relaci\u00f3n entre presupuesto asignado y recursos finalistas, llegando en forma de prestaciones econ\u00f3micas o de servicio al p\u00fablico objetivo. Facilitar el primer contacto de las familias en los Servicios Sociales. Incrementar los recursos de personal para prestar un servicio m\u00e1s diligente y efectivo.<\/p>\n<p style=\"padding-left: 40px;\"><strong>9.<\/strong> Situar el porcentaje de personas que tienen derecho a la dependencia en Catalunya y no la perciben, en una <strong>cifra superior a la media espa\u00f1ola <\/strong>(14%), como un paso urgente para alcanzar la plena normalizaci\u00f3n. Es necesaria una revisi\u00f3n de la definici\u00f3n de los distintos niveles de dependencia.<\/p>\n<p style=\"padding-left: 40px;\"><strong>10<\/strong>. Reforma integral de las residencias dirigida a mejorar las condiciones de las existentes y aumentar el n\u00famero de plazas. Ser\u00e1 un criterio b\u00e1sico que se organice con las unidades de convivencia de 15 personas y un 75% de habitaciones individuales. Sin embargo, la prioridad ser\u00e1 incentivar que la persona mayor pueda ser bien atendida <strong>permaneciendo con su familia <\/strong>o en <strong>su hogar<\/strong> aplicando m\u00e1s recursos econ\u00f3micos y asistencia domiciliaria, en el marco de la concertaci\u00f3n entre la Generalitat y la iniciativa social. Urgencia de aumentar la dotaci\u00f3n en personal sanitario, m\u00e9dicos, enfermeras y auxiliares de enfermer\u00eda, en la cuant\u00eda adecuada a la demanda.<\/p>\n<div id=\"polls-239\" class=\"wp-polls\">\n\t<form id=\"polls_form_239\" class=\"wp-polls-form\" action=\"\/index.php\" method=\"post\">\n\t\t<p style=\"display: none;\"><input type=\"hidden\" id=\"poll_239_nonce\" name=\"wp-polls-nonce\" value=\"2ef4614b28\" \/><\/p>\n\t\t<p style=\"display: none;\"><input type=\"hidden\" name=\"poll_id\" value=\"239\" \/><\/p>\n\t\t<p style=\"text-align: center\"><strong>Creus que Salvador Illa podr\u00e0 ser president de la Generalitat de Catalunya?<\/strong><\/p><div id=\"polls-239-ans\" class=\"wp-polls-ans\"><ul class=\"wp-polls-ul\">\n\t\t<li><input type=\"radio\" id=\"poll-answer-669\" name=\"poll_239\" value=\"669\" \/> <label for=\"poll-answer-669\">S\u00ed<\/label><\/li>\n\t\t<li><input type=\"radio\" id=\"poll-answer-670\" name=\"poll_239\" value=\"670\" \/> <label for=\"poll-answer-670\">No<\/label><\/li>\n\t\t<li><input type=\"radio\" id=\"poll-answer-671\" name=\"poll_239\" value=\"671\" \/> <label for=\"poll-answer-671\">No ho s\u00e9<\/label><\/li>\n\t\t<\/ul><p style=\"text-align: center\"><input type=\"button\" name=\"vote\" value=\"   Vota   \" class=\"Buttons\" onclick=\"poll_vote(239);\" \/><\/p><p style=\"text-align: center\"><a href=\"#ViewPollResults\" onclick=\"poll_result(239); return false;\" title=\"View Results Of This Poll\">Mira els resultats<\/a><\/p><\/div>\n\t<\/form>\n<\/div>\n<div id=\"polls-239-loading\" class=\"wp-polls-loading\"><img decoding=\"async\" data-src=\"https:\/\/conversesacatalunya.cat\/wp-content\/plugins\/wp-polls\/images\/loading.gif\" width=\"16\" height=\"16\" alt=\"Cargando ...\" title=\"Cargando ...\" class=\"wp-polls-image lazyload\" src=\"data:image\/svg+xml;base64,PHN2ZyB3aWR0aD0iMSIgaGVpZ2h0PSIxIiB4bWxucz0iaHR0cDovL3d3dy53My5vcmcvMjAwMC9zdmciPjwvc3ZnPg==\" style=\"--smush-placeholder-width: 16px; --smush-placeholder-aspect-ratio: 16\/16;\" \/>&nbsp;Cargando ...<\/div>\n\n<p>&nbsp;<\/p>\n","protected":false},"excerpt":{"rendered":"<p>Planificaci\u00f3n y concertaci\u00f3n 1. La magnitud y complejidad de las crisis acumuladas requiere una metodolog\u00eda espec\u00edfica para abordar su resoluci\u00f3n, basada en la concertaci\u00f3n p\u00fablico-privada, la planificaci\u00f3n indicativa (de obligado cumplimiento por la administraci\u00f3n y de car\u00e1cter orientativo para el sector privado) y el presupuesto base cero para proceder a una reordenaci\u00f3n justa y racional de los recursos disponibles, elaborando un nuevo presupuesto sin considerar en principio las cifras del ejercicio anterior. De esta forma se identifican los gastos in\u00fatiles y excesivos y se fijan las nuevas prioridades. Dos reformas b\u00e1sicas: 2. Reforma de la fiscalidad catalana para hacerla m\u00e1s justa y racional. Comportar\u00e1 como m\u00ednimo: (1) la reducci\u00f3n del IRPF en los niveles m\u00e1s bajos de ingresos, de modo que tengan uno de los mejores tratos fiscales de toda Espa\u00f1a en lugar de ser de los peores como hasta ahora. (2) Reducci\u00f3n del impuesto por patrimonio. No puede ser que el 45% de los ingresos de todo el Estado del per\u00edodo 2014-2019 de este impuesto se haya pagado en Catalunya. Esta proporci\u00f3n debe reducirse al 20%, es decir, menos de la mitad. (3) Revisi\u00f3n, reducci\u00f3n y adecuaci\u00f3n de los impuestos especiales bajo criterios de rendimiento, racionalidad y no perjudicar a la econom\u00eda productiva. Es el caso del nuevo impuesto sobre el CO2 que tal y como est\u00e1 planteado viene a ser una doble imposici\u00f3n que puede provocar la deslocalizaci\u00f3n de industrias de Catalunya y la disuasi\u00f3n para nuevas instalaciones. 3. Reforma de la envejecida e ineficiente administraci\u00f3n catalana. Se llevar\u00e1 a cabo una importante reducci\u00f3n de los institutos y organismos aut\u00f3nomos, por supresi\u00f3n y fusi\u00f3n de los actuales. Efectuada esta racionalizaci\u00f3n, se proceder\u00e1 a la renovaci\u00f3n de todos los cargos p\u00fablicos de los organismos que contin\u00faen. Se definir\u00e1 un nuevo modelo de administraci\u00f3n para la Generalitat dirigido a conseguir una mayor eficiencia, eficacia y econom\u00eda de gesti\u00f3n y una mejor adaptaci\u00f3n a la complejidad de la realidad. Natalidad, poblaci\u00f3n, envejecimiento e inmigraci\u00f3n 4. El mayor problema que tiene Catalunya a largo plazo es su baja natalidad y el envejecimiento, acelerado de su poblaci\u00f3n, que obedece en sus 2\/3 partes a la insuficiencia de los nacimientos. Esta din\u00e1mica es incompatible con lograr una buena productividad a largo plazo y con la sostenibilidad del estado del bienestar y del sistema p\u00fablico de pensiones, que adem\u00e1s, en el caso Catalunya, es deficitario. Corregir este grav\u00edsimo problema y favorecer la natalidad tiene que ver con muchas condiciones que deben regularse a trav\u00e9s de un Plan que tengan como eje a la familia Es un suicidio colectivo que, mientras que no existen ayudas por parte de la Generalitat para las familias con hijos, el aborto, que tiene una importancia negativa extraordinaria en relaci\u00f3n a la natalidad catalana, sea subvencionado al 100%. El flujo migratorio que est\u00e1n recibiendo Catalu\u00f1a es imposible de sostener, genera una demanda excesiva sobre la vivienda y los servicios p\u00fablicos, y estimula el crecimiento de los sectores de baja productividad y bajos salarios. Debe hacerse efectiva su regulaci\u00f3n y adaptaci\u00f3n a las necesidades del pa\u00eds. Basta de gestionar la pobreza. Lo que hace falta es erradicarla 5. En Catalunya viven 470.000 personas en situaci\u00f3n de pobreza material severa Por otro lado, un 21,7% vive por debajo del umbral de pobreza, mientras que la exclusi\u00f3n social alcanza el 29,1%, 6 puntos superior a la media espa\u00f1ola, y mayor que Madrid (22,3%). Catalunya y Canarias son las comunidades aut\u00f3nomas con un mayor nivel de exclusi\u00f3n en 2021. Los factores m\u00e1s decisivos de la exclusi\u00f3n social son, por este orden: la pobreza grave, la ausencia de ingresos, la pobreza menos grave, la falta de trabajo, ser extranjero, y constituir una familia con hijos Es una situaci\u00f3n inaceptable que debe ser inmediatamente corregida. 6. La Renta Garantizada de la Generalitat tan solo llega al 7% de los catalanes en riesgo de pobreza, y al 27,6% de los hogares en situaci\u00f3n de pobreza grave. Es necesario actuar para (1) unificar esta ayuda con el Ingreso M\u00ednimo Vital del Gobierno espa\u00f1ol. (2) Alcanzar una cifra de protecci\u00f3n superior a la media espa\u00f1ola para la pobreza relativa (12%) y cubrir el 100% de la pobreza grave. 7. 90.000 ni\u00f1os y j\u00f3venes est\u00e1n en situaci\u00f3n de pobreza en Catalunya. El Plan de la Generalitat para abordar este problema, que prev\u00e9 250 millones, es insuficiente: es necesario un nuevo plan integral dotado con 370 millones de euros, llevado a cabo con la participaci\u00f3n y cogesti\u00f3n de las entidades de la sociedad civil que trabajan en este \u00e1mbito. Servicios Sociales 8. Reducci\u00f3n de la burocracia, con la concertaci\u00f3n con las entidades del tercer sector y de iniciativa social de reconocida eficacia, y mejora de la relaci\u00f3n entre presupuesto asignado y recursos finalistas, llegando en forma de prestaciones econ\u00f3micas o de servicio al p\u00fablico objetivo. Facilitar el primer contacto de las familias en los Servicios Sociales. Incrementar los recursos de personal para prestar un servicio m\u00e1s diligente y efectivo. 9. Situar el porcentaje de personas que tienen derecho a la dependencia en Catalunya y no la perciben, en una cifra superior a la media espa\u00f1ola (14%), como un paso urgente para alcanzar la plena normalizaci\u00f3n. Es necesaria una revisi\u00f3n de la definici\u00f3n de los distintos niveles de dependencia. 10. Reforma integral de las residencias dirigida a mejorar las condiciones de las existentes y aumentar el n\u00famero de plazas. Ser\u00e1 un criterio b\u00e1sico que se organice con las unidades de convivencia de 15 personas y un 75% de habitaciones individuales. Sin embargo, la prioridad ser\u00e1 incentivar que la persona mayor pueda ser bien atendida permaneciendo con su familia o en su hogar aplicando m\u00e1s recursos econ\u00f3micos y asistencia domiciliaria, en el marco de la concertaci\u00f3n entre la Generalitat y la iniciativa social. Urgencia de aumentar la dotaci\u00f3n en personal sanitario, m\u00e9dicos, enfermeras y auxiliares de enfermer\u00eda, en la cuant\u00eda adecuada a la demanda. &nbsp;<\/p>\n","protected":false},"author":3,"featured_media":77262,"comment_status":"open","ping_status":"open","sticky":false,"template":"","format":"standard","meta":{"_FSMCFIC_featured_image_caption":"","_FSMCFIC_featured_image_nocaption":"","_FSMCFIC_featured_image_hide":"","footnotes":""},"categories":[806],"tags":[4821,4822],"class_list":["post-77264","post","type-post","status-publish","format-standard","has-post-thumbnail","hentry","category-punts-claus-del-dia-es","tag-objectius-catalunya-es","tag-objetivos-cataluna"],"yoast_head":"<!-- This site is optimized with the Yoast SEO plugin v26.8 - https:\/\/yoast.com\/product\/yoast-seo-wordpress\/ -->\n<title>Converses propone a los partidos 100 objetivos para Catalu\u00f1a. Los 10 primeros - Converses a Catalunya<\/title>\n<meta name=\"description\" content=\"Converses propone a los partidos 100 objetivos para Catalu\u00f1a. Los 10 primeros\" \/>\n<meta name=\"robots\" content=\"index, follow, max-snippet:-1, max-image-preview:large, max-video-preview:-1\" \/>\n<link rel=\"canonical\" href=\"https:\/\/conversesacatalunya.cat\/es\/converses-propone-a-los-partidos-100-objetivos\/\" \/>\n<meta property=\"og:locale\" content=\"es_ES\" \/>\n<meta property=\"og:type\" content=\"article\" \/>\n<meta property=\"og:title\" content=\"Converses propone a los partidos 100 objetivos para Catalu\u00f1a. Los 10 primeros - Converses a Catalunya\" \/>\n<meta property=\"og:description\" content=\"Converses propone a los partidos 100 objetivos para Catalu\u00f1a. Los 10 primeros\" \/>\n<meta property=\"og:url\" content=\"https:\/\/conversesacatalunya.cat\/es\/converses-propone-a-los-partidos-100-objetivos\/\" \/>\n<meta property=\"og:site_name\" content=\"Converses a Catalunya\" \/>\n<meta property=\"article:published_time\" content=\"2024-04-26T09:26:44+00:00\" \/>\n<meta property=\"og:image\" content=\"https:\/\/conversesacatalunya.cat\/wp-content\/uploads\/2024\/04\/2062019213908703722.jpg\" \/>\n\t<meta property=\"og:image:width\" content=\"640\" \/>\n\t<meta property=\"og:image:height\" content=\"640\" \/>\n\t<meta property=\"og:image:type\" content=\"image\/jpeg\" \/>\n<meta name=\"author\" content=\"conversesacatalunya\" \/>\n<meta name=\"twitter:card\" content=\"summary_large_image\" \/>\n<meta name=\"twitter:label1\" content=\"Escrito por\" \/>\n\t<meta name=\"twitter:data1\" content=\"conversesacatalunya\" \/>\n\t<meta name=\"twitter:label2\" content=\"Tiempo de lectura\" \/>\n\t<meta name=\"twitter:data2\" content=\"5 minutos\" \/>\n<script type=\"application\/ld+json\" class=\"yoast-schema-graph\">{\"@context\":\"https:\/\/schema.org\",\"@graph\":[{\"@type\":\"Article\",\"@id\":\"https:\/\/conversesacatalunya.cat\/es\/converses-propone-a-los-partidos-100-objetivos\/#article\",\"isPartOf\":{\"@id\":\"https:\/\/conversesacatalunya.cat\/es\/converses-propone-a-los-partidos-100-objetivos\/\"},\"author\":{\"name\":\"conversesacatalunya\",\"@id\":\"https:\/\/conversesacatalunya.cat\/#\/schema\/person\/982274792508d804a0821b413c9ac076\"},\"headline\":\"Converses propone a los partidos 100 objetivos para Catalu\u00f1a. Los 10 primeros\",\"datePublished\":\"2024-04-26T09:26:44+00:00\",\"mainEntityOfPage\":{\"@id\":\"https:\/\/conversesacatalunya.cat\/es\/converses-propone-a-los-partidos-100-objetivos\/\"},\"wordCount\":1043,\"commentCount\":0,\"image\":{\"@id\":\"https:\/\/conversesacatalunya.cat\/es\/converses-propone-a-los-partidos-100-objetivos\/#primaryimage\"},\"thumbnailUrl\":\"https:\/\/conversesacatalunya.cat\/wp-content\/uploads\/2024\/04\/2062019213908703722.jpg\",\"keywords\":[\"objectius Catalunya\",\"objetivos Catalu\u00f1a\"],\"articleSection\":[\"Punts clau del dia (ES)\"],\"inLanguage\":\"es\",\"potentialAction\":[{\"@type\":\"CommentAction\",\"name\":\"Comment\",\"target\":[\"https:\/\/conversesacatalunya.cat\/es\/converses-propone-a-los-partidos-100-objetivos\/#respond\"]}]},{\"@type\":\"WebPage\",\"@id\":\"https:\/\/conversesacatalunya.cat\/es\/converses-propone-a-los-partidos-100-objetivos\/\",\"url\":\"https:\/\/conversesacatalunya.cat\/es\/converses-propone-a-los-partidos-100-objetivos\/\",\"name\":\"Converses propone a los partidos 100 objetivos para Catalu\u00f1a. Los 10 primeros - Converses a Catalunya\",\"isPartOf\":{\"@id\":\"https:\/\/conversesacatalunya.cat\/#website\"},\"primaryImageOfPage\":{\"@id\":\"https:\/\/conversesacatalunya.cat\/es\/converses-propone-a-los-partidos-100-objetivos\/#primaryimage\"},\"image\":{\"@id\":\"https:\/\/conversesacatalunya.cat\/es\/converses-propone-a-los-partidos-100-objetivos\/#primaryimage\"},\"thumbnailUrl\":\"https:\/\/conversesacatalunya.cat\/wp-content\/uploads\/2024\/04\/2062019213908703722.jpg\",\"datePublished\":\"2024-04-26T09:26:44+00:00\",\"author\":{\"@id\":\"https:\/\/conversesacatalunya.cat\/#\/schema\/person\/982274792508d804a0821b413c9ac076\"},\"description\":\"Converses propone a los partidos 100 objetivos para Catalu\u00f1a. Los 10 primeros\",\"breadcrumb\":{\"@id\":\"https:\/\/conversesacatalunya.cat\/es\/converses-propone-a-los-partidos-100-objetivos\/#breadcrumb\"},\"inLanguage\":\"es\",\"potentialAction\":[{\"@type\":\"ReadAction\",\"target\":[\"https:\/\/conversesacatalunya.cat\/es\/converses-propone-a-los-partidos-100-objetivos\/\"]}]},{\"@type\":\"ImageObject\",\"inLanguage\":\"es\",\"@id\":\"https:\/\/conversesacatalunya.cat\/es\/converses-propone-a-los-partidos-100-objetivos\/#primaryimage\",\"url\":\"https:\/\/conversesacatalunya.cat\/wp-content\/uploads\/2024\/04\/2062019213908703722.jpg\",\"contentUrl\":\"https:\/\/conversesacatalunya.cat\/wp-content\/uploads\/2024\/04\/2062019213908703722.jpg\",\"width\":640,\"height\":640,\"caption\":\"100 objectius catalunya\"},{\"@type\":\"BreadcrumbList\",\"@id\":\"https:\/\/conversesacatalunya.cat\/es\/converses-propone-a-los-partidos-100-objetivos\/#breadcrumb\",\"itemListElement\":[{\"@type\":\"ListItem\",\"position\":1,\"name\":\"Inici\",\"item\":\"https:\/\/conversesacatalunya.cat\/es\/\"},{\"@type\":\"ListItem\",\"position\":2,\"name\":\"Converses propone a los partidos 100 objetivos para Catalu\u00f1a. Los 10 primeros\"}]},{\"@type\":\"WebSite\",\"@id\":\"https:\/\/conversesacatalunya.cat\/#website\",\"url\":\"https:\/\/conversesacatalunya.cat\/\",\"name\":\"Converses a Catalunya\",\"description\":\"\",\"potentialAction\":[{\"@type\":\"SearchAction\",\"target\":{\"@type\":\"EntryPoint\",\"urlTemplate\":\"https:\/\/conversesacatalunya.cat\/?s={search_term_string}\"},\"query-input\":{\"@type\":\"PropertyValueSpecification\",\"valueRequired\":true,\"valueName\":\"search_term_string\"}}],\"inLanguage\":\"es\"},{\"@type\":\"Person\",\"@id\":\"https:\/\/conversesacatalunya.cat\/#\/schema\/person\/982274792508d804a0821b413c9ac076\",\"name\":\"conversesacatalunya\",\"image\":{\"@type\":\"ImageObject\",\"inLanguage\":\"es\",\"@id\":\"https:\/\/conversesacatalunya.cat\/#\/schema\/person\/image\/\",\"url\":\"https:\/\/conversesacatalunya.cat\/wp-content\/litespeed\/avatar\/f04b47eeffd9637c7cf7869e217fb9ec.jpg?ver=1777370077\",\"contentUrl\":\"https:\/\/conversesacatalunya.cat\/wp-content\/litespeed\/avatar\/f04b47eeffd9637c7cf7869e217fb9ec.jpg?ver=1777370077\",\"caption\":\"conversesacatalunya\"},\"url\":\"https:\/\/conversesacatalunya.cat\/es\/author\/muntsa_escola\/\"}]}<\/script>\n<!-- \/ Yoast SEO plugin. -->","yoast_head_json":{"title":"Converses propone a los partidos 100 objetivos para Catalu\u00f1a. Los 10 primeros - Converses a Catalunya","description":"Converses propone a los partidos 100 objetivos para Catalu\u00f1a. Los 10 primeros","robots":{"index":"index","follow":"follow","max-snippet":"max-snippet:-1","max-image-preview":"max-image-preview:large","max-video-preview":"max-video-preview:-1"},"canonical":"https:\/\/conversesacatalunya.cat\/es\/converses-propone-a-los-partidos-100-objetivos\/","og_locale":"es_ES","og_type":"article","og_title":"Converses propone a los partidos 100 objetivos para Catalu\u00f1a. Los 10 primeros - Converses a Catalunya","og_description":"Converses propone a los partidos 100 objetivos para Catalu\u00f1a. Los 10 primeros","og_url":"https:\/\/conversesacatalunya.cat\/es\/converses-propone-a-los-partidos-100-objetivos\/","og_site_name":"Converses a Catalunya","article_published_time":"2024-04-26T09:26:44+00:00","og_image":[{"width":640,"height":640,"url":"https:\/\/conversesacatalunya.cat\/wp-content\/uploads\/2024\/04\/2062019213908703722.jpg","type":"image\/jpeg"}],"author":"conversesacatalunya","twitter_card":"summary_large_image","twitter_misc":{"Escrito por":"conversesacatalunya","Tiempo de lectura":"5 minutos"},"schema":{"@context":"https:\/\/schema.org","@graph":[{"@type":"Article","@id":"https:\/\/conversesacatalunya.cat\/es\/converses-propone-a-los-partidos-100-objetivos\/#article","isPartOf":{"@id":"https:\/\/conversesacatalunya.cat\/es\/converses-propone-a-los-partidos-100-objetivos\/"},"author":{"name":"conversesacatalunya","@id":"https:\/\/conversesacatalunya.cat\/#\/schema\/person\/982274792508d804a0821b413c9ac076"},"headline":"Converses propone a los partidos 100 objetivos para Catalu\u00f1a. Los 10 primeros","datePublished":"2024-04-26T09:26:44+00:00","mainEntityOfPage":{"@id":"https:\/\/conversesacatalunya.cat\/es\/converses-propone-a-los-partidos-100-objetivos\/"},"wordCount":1043,"commentCount":0,"image":{"@id":"https:\/\/conversesacatalunya.cat\/es\/converses-propone-a-los-partidos-100-objetivos\/#primaryimage"},"thumbnailUrl":"https:\/\/conversesacatalunya.cat\/wp-content\/uploads\/2024\/04\/2062019213908703722.jpg","keywords":["objectius Catalunya","objetivos Catalu\u00f1a"],"articleSection":["Punts clau del dia (ES)"],"inLanguage":"es","potentialAction":[{"@type":"CommentAction","name":"Comment","target":["https:\/\/conversesacatalunya.cat\/es\/converses-propone-a-los-partidos-100-objetivos\/#respond"]}]},{"@type":"WebPage","@id":"https:\/\/conversesacatalunya.cat\/es\/converses-propone-a-los-partidos-100-objetivos\/","url":"https:\/\/conversesacatalunya.cat\/es\/converses-propone-a-los-partidos-100-objetivos\/","name":"Converses propone a los partidos 100 objetivos para Catalu\u00f1a. Los 10 primeros - Converses a Catalunya","isPartOf":{"@id":"https:\/\/conversesacatalunya.cat\/#website"},"primaryImageOfPage":{"@id":"https:\/\/conversesacatalunya.cat\/es\/converses-propone-a-los-partidos-100-objetivos\/#primaryimage"},"image":{"@id":"https:\/\/conversesacatalunya.cat\/es\/converses-propone-a-los-partidos-100-objetivos\/#primaryimage"},"thumbnailUrl":"https:\/\/conversesacatalunya.cat\/wp-content\/uploads\/2024\/04\/2062019213908703722.jpg","datePublished":"2024-04-26T09:26:44+00:00","author":{"@id":"https:\/\/conversesacatalunya.cat\/#\/schema\/person\/982274792508d804a0821b413c9ac076"},"description":"Converses propone a los partidos 100 objetivos para Catalu\u00f1a. Los 10 primeros","breadcrumb":{"@id":"https:\/\/conversesacatalunya.cat\/es\/converses-propone-a-los-partidos-100-objetivos\/#breadcrumb"},"inLanguage":"es","potentialAction":[{"@type":"ReadAction","target":["https:\/\/conversesacatalunya.cat\/es\/converses-propone-a-los-partidos-100-objetivos\/"]}]},{"@type":"ImageObject","inLanguage":"es","@id":"https:\/\/conversesacatalunya.cat\/es\/converses-propone-a-los-partidos-100-objetivos\/#primaryimage","url":"https:\/\/conversesacatalunya.cat\/wp-content\/uploads\/2024\/04\/2062019213908703722.jpg","contentUrl":"https:\/\/conversesacatalunya.cat\/wp-content\/uploads\/2024\/04\/2062019213908703722.jpg","width":640,"height":640,"caption":"100 objectius catalunya"},{"@type":"BreadcrumbList","@id":"https:\/\/conversesacatalunya.cat\/es\/converses-propone-a-los-partidos-100-objetivos\/#breadcrumb","itemListElement":[{"@type":"ListItem","position":1,"name":"Inici","item":"https:\/\/conversesacatalunya.cat\/es\/"},{"@type":"ListItem","position":2,"name":"Converses propone a los partidos 100 objetivos para Catalu\u00f1a. Los 10 primeros"}]},{"@type":"WebSite","@id":"https:\/\/conversesacatalunya.cat\/#website","url":"https:\/\/conversesacatalunya.cat\/","name":"Converses a Catalunya","description":"","potentialAction":[{"@type":"SearchAction","target":{"@type":"EntryPoint","urlTemplate":"https:\/\/conversesacatalunya.cat\/?s={search_term_string}"},"query-input":{"@type":"PropertyValueSpecification","valueRequired":true,"valueName":"search_term_string"}}],"inLanguage":"es"},{"@type":"Person","@id":"https:\/\/conversesacatalunya.cat\/#\/schema\/person\/982274792508d804a0821b413c9ac076","name":"conversesacatalunya","image":{"@type":"ImageObject","inLanguage":"es","@id":"https:\/\/conversesacatalunya.cat\/#\/schema\/person\/image\/","url":"https:\/\/conversesacatalunya.cat\/wp-content\/litespeed\/avatar\/f04b47eeffd9637c7cf7869e217fb9ec.jpg?ver=1777370077","contentUrl":"https:\/\/conversesacatalunya.cat\/wp-content\/litespeed\/avatar\/f04b47eeffd9637c7cf7869e217fb9ec.jpg?ver=1777370077","caption":"conversesacatalunya"},"url":"https:\/\/conversesacatalunya.cat\/es\/author\/muntsa_escola\/"}]}},"wps_subtitle":"","_links":{"self":[{"href":"https:\/\/conversesacatalunya.cat\/es\/wp-json\/wp\/v2\/posts\/77264","targetHints":{"allow":["GET"]}}],"collection":[{"href":"https:\/\/conversesacatalunya.cat\/es\/wp-json\/wp\/v2\/posts"}],"about":[{"href":"https:\/\/conversesacatalunya.cat\/es\/wp-json\/wp\/v2\/types\/post"}],"author":[{"embeddable":true,"href":"https:\/\/conversesacatalunya.cat\/es\/wp-json\/wp\/v2\/users\/3"}],"replies":[{"embeddable":true,"href":"https:\/\/conversesacatalunya.cat\/es\/wp-json\/wp\/v2\/comments?post=77264"}],"version-history":[{"count":5,"href":"https:\/\/conversesacatalunya.cat\/es\/wp-json\/wp\/v2\/posts\/77264\/revisions"}],"predecessor-version":[{"id":77269,"href":"https:\/\/conversesacatalunya.cat\/es\/wp-json\/wp\/v2\/posts\/77264\/revisions\/77269"}],"wp:featuredmedia":[{"embeddable":true,"href":"https:\/\/conversesacatalunya.cat\/es\/wp-json\/wp\/v2\/media\/77262"}],"wp:attachment":[{"href":"https:\/\/conversesacatalunya.cat\/es\/wp-json\/wp\/v2\/media?parent=77264"}],"wp:term":[{"taxonomy":"category","embeddable":true,"href":"https:\/\/conversesacatalunya.cat\/es\/wp-json\/wp\/v2\/categories?post=77264"},{"taxonomy":"post_tag","embeddable":true,"href":"https:\/\/conversesacatalunya.cat\/es\/wp-json\/wp\/v2\/tags?post=77264"}],"curies":[{"name":"wp","href":"https:\/\/api.w.org\/{rel}","templated":true}]}}