{"id":77175,"date":"2024-04-24T12:54:53","date_gmt":"2024-04-24T10:54:53","guid":{"rendered":"https:\/\/conversesacatalunya.cat\/?p=77175"},"modified":"2024-04-24T12:56:31","modified_gmt":"2024-04-24T10:56:31","slug":"sanchez-peligro-para-casi-todo-el-mundo","status":"publish","type":"post","link":"https:\/\/conversesacatalunya.cat\/es\/sanchez-peligro-para-casi-todo-el-mundo\/","title":{"rendered":"S\u00e1nchez es un peligro para (casi) todo el mundo"},"content":{"rendered":"<p>A medida que se extiende el mandato de S\u00e1nchez se hace evidente que su <strong>ansia de poder<\/strong> le convierte en un peligro para todos, con la \u00fanica excepci\u00f3n de sus seguidores, excepto cuando le molesten.<\/p>\n<p>Hay un famoso poema, pol\u00e9mico en su autor\u00eda, que hace mucho el caso. Es aquel que dice:<\/p>\n<p style=\"text-align: center;\"><em>Primero vinieron por los socialistas,<\/em><br \/>\n<em>y yo no dije nada,\u00a0porque yo no era socialista.<\/em><br \/>\n<em>Luego vinieron por los sindicalistas,<\/em><br \/>\n<em>y yo no dije nada, porque yo no era sindicalista.<\/em><br \/>\n<em>Luego vinieron por los jud\u00edos,<\/em><br \/>\n<em>y yo no dije nada, porque yo no era jud\u00edo.<\/em><br \/>\n<em>Luego vinieron por m\u00ed,<\/em><br \/>\n<em>y no qued\u00f3 nadie para hablar por m\u00ed.<\/em><\/p>\n<p>Su autor fue el\u00a0pastor luterano alem\u00e1n<strong>\u00a0Martin Niem\u00f6ller<\/strong>\u00a0(1892-1984) y era una protesta ya la vez un llamamiento dirigido a las \u00e9lites alemanas que no hablaron fuerte y claro con la llegada de los nazis al poder.<\/p>\n<p><strong>Muchos achacan la autor\u00eda a Bertolt Brecht, pero todas las evidencias se\u00f1alan lo contrario.<\/strong><\/p>\n<p>Hay otra versi\u00f3n de<strong> Elena\u00a0Weigel\u00a0<\/strong>(1900-1971) que afirmaba que el texto era realmente de Brecht y que se parec\u00eda, pero no era exactamente igual que el anterior. Dec\u00eda as\u00ed:<\/p>\n<p style=\"text-align: center;\"><em>Primero se llevaron a los jud\u00edos,<\/em><br \/>\n<em>pero a m\u00ed no me import\u00f3 porque yo no lo era.<\/em><br \/>\n<em>Luego arrestaron a los comunistas,<\/em><br \/>\n<em>pero como yo no era comunista, tampoco me import\u00f3.<\/em><br \/>\n<em>M\u00e1s adelante detuvieron a los obreros,<\/em><br \/>\n<em>pero como no era obrero, tampoco me import\u00f3.<\/em><br \/>\n<em>Luego detuvieron a los estudiantes,<\/em><br \/>\n<em>pero como yo no era estudiante, tampoco me import\u00f3.<\/em><br \/>\n<em>Finalmente detuvieron a los curas,<\/em><br \/>\n<em>pero como yo no era religioso, tampoco me import\u00f3.<\/em><br \/>\n<em>Ahora me llevan a m\u00ed, pero ya es tarde.<\/em><\/p>\n<p>\u00c9ste es exactamente <strong>el riesgo que sufrimos con S\u00e1nchez<\/strong>. En la medida en que choca con dificultades para mantenerse en el poder reacciona agrediendo a grupos y personas en funci\u00f3n de sus intereses.<\/p>\n<p>Ahora, con un <strong>gobierno paralizado<\/strong> que despu\u00e9s de 8 meses solo ha sacado dos decretos y tres leyes de las que s\u00f3lo una ha sido refrendada por el Senado, tira del recurso habitual de sacar a pasear a la Iglesia cat\u00f3lica y focalizar en ella el conflicto.<\/p>\n<h5><strong>Lo hace a cuenta de un pretendido plan de indemnizaci\u00f3n de las v\u00edctimas de la pederastia en el seno de la iglesia.<\/strong><\/h5>\n<p><strong>Podr\u00eda ser un prop\u00f3sito excelente<\/strong> a menos que todos los datos disponibles, incluidos los que maneja el ministerio del Interior sobre denuncias de abusos a menores, menos de un 1% de las v\u00edctimas pertenecen al \u00e1mbito eclesial.<\/p>\n<p>El \u00faltimo estudio de la <strong>Fundaci\u00f3n ANAR<\/strong>, especializada en la asistencia a menores, mostraba claramente la extrema marginalidad de los casos que ten\u00edan como autores religiosos o personas vinculadas a instancias oficiales cat\u00f3licas y que<a href=\"https:\/\/conversesacatalunya.cat\/es\/como-los-gobiernos-hacen-mala-politica-el-caso-de-los-abusos-y-la-violencia-sexual-en-menores\/\" target=\"_blank\" rel=\"noopener\"><strong> la inmensa mayor\u00eda se produc\u00edan<\/strong><\/a> en la familia o entorno familiar seguido de otras instancias externas. Por tanto, cuando act\u00faa as\u00ed el gobierno lo que hace es mirar hacia otro lado y dejar sin atenci\u00f3n el 99% de los casos y, lo que es tanto o m\u00e1s grave, dejarlos adem\u00e1s sin pol\u00edticas de prevenci\u00f3n.<\/p>\n<h5><strong>Adem\u00e1s, por lo que se conoce del plan, es una monstruosidad desde el punto de vista jur\u00eddico, porque solo exige, por considerar a una persona v\u00edctima y reclamar una indemnizaci\u00f3n, exactamente que lo diga.<\/strong><\/h5>\n<p>No importa los a\u00f1os que hayan pasado, pueden ser 50, le da igual, ni que el posible delito haya prescrito o que no haya denuncia ni juicio. Nada. \u00danicamente hace falta que se presente y levante el dedo. Como detr\u00e1s de este presentarse existe la posibilidad de una indemnizaci\u00f3n, es evidente que <strong>el abuso jur\u00eddico del gobierno es absoluto.<\/strong><\/p>\n<p>Y aqu\u00ed hay que recordar <strong>la frase de Montesquiu:<\/strong> \u00abalgo no es justo por ser ley. Debe ser ley porque es justo\u00bb. Y este texto es de una injusticia y arbitrariedad flagrantes.<\/p>\n<p>A la iglesia le queda el recurso de quedar en la picota si no reacciona bien y decir que no acepta el abuso. Da igual. Entonces<strong> entrar\u00e1 en juego la segunda parte<\/strong> del plan, la actuaci\u00f3n directa del gobierno que previsiblemente trae un corolario no escrito. El estado pagar\u00e1 lo que sea, y para quien lo solicite, y despu\u00e9s le pasar\u00e1n la factura a la iglesia rest\u00e1ndole los recursos que el estado le traspasa.<\/p>\n<p>Ahora el gran interrogante es si una vez m\u00e1s la iglesia consentir\u00e1 el ser el asno de los golpes de S\u00e1nchez o por una vez ser\u00e1 capaz de levantar la cabeza.<\/p>\n<div id=\"polls-239\" class=\"wp-polls\">\n\t<form id=\"polls_form_239\" class=\"wp-polls-form\" action=\"\/index.php\" method=\"post\">\n\t\t<p style=\"display: none;\"><input type=\"hidden\" id=\"poll_239_nonce\" name=\"wp-polls-nonce\" value=\"40b6a1a1a0\" \/><\/p>\n\t\t<p style=\"display: none;\"><input type=\"hidden\" name=\"poll_id\" value=\"239\" \/><\/p>\n\t\t<p style=\"text-align: center\"><strong>Creus que Salvador Illa podr\u00e0 ser president de la Generalitat de Catalunya?<\/strong><\/p><div id=\"polls-239-ans\" class=\"wp-polls-ans\"><ul class=\"wp-polls-ul\">\n\t\t<li><input type=\"radio\" id=\"poll-answer-669\" name=\"poll_239\" value=\"669\" \/> <label for=\"poll-answer-669\">S\u00ed<\/label><\/li>\n\t\t<li><input type=\"radio\" id=\"poll-answer-670\" name=\"poll_239\" value=\"670\" \/> <label for=\"poll-answer-670\">No<\/label><\/li>\n\t\t<li><input type=\"radio\" id=\"poll-answer-671\" name=\"poll_239\" value=\"671\" \/> <label for=\"poll-answer-671\">No ho s\u00e9<\/label><\/li>\n\t\t<\/ul><p style=\"text-align: center\"><input type=\"button\" name=\"vote\" value=\"   Vota   \" class=\"Buttons\" onclick=\"poll_vote(239);\" \/><\/p><p style=\"text-align: center\"><a href=\"#ViewPollResults\" onclick=\"poll_result(239); return false;\" title=\"View Results Of This Poll\">Mira els resultats<\/a><\/p><\/div>\n\t<\/form>\n<\/div>\n<div id=\"polls-239-loading\" class=\"wp-polls-loading\"><img decoding=\"async\" data-src=\"https:\/\/conversesacatalunya.cat\/wp-content\/plugins\/wp-polls\/images\/loading.gif\" width=\"16\" height=\"16\" alt=\"Cargando ...\" title=\"Cargando ...\" class=\"wp-polls-image lazyload\" src=\"data:image\/svg+xml;base64,PHN2ZyB3aWR0aD0iMSIgaGVpZ2h0PSIxIiB4bWxucz0iaHR0cDovL3d3dy53My5vcmcvMjAwMC9zdmciPjwvc3ZnPg==\" style=\"--smush-placeholder-width: 16px; --smush-placeholder-aspect-ratio: 16\/16;\" \/>&nbsp;Cargando ...<\/div>\n\n<p>&nbsp;<\/p>\n","protected":false},"excerpt":{"rendered":"<p>A medida que se extiende el mandato de S\u00e1nchez se hace evidente que su ansia de poder le convierte en un peligro para todos, con la \u00fanica excepci\u00f3n de sus seguidores, excepto cuando le molesten. Hay un famoso poema, pol\u00e9mico en su autor\u00eda, que hace mucho el caso. Es aquel que dice: Primero vinieron por los socialistas, y yo no dije nada,\u00a0porque yo no era socialista. Luego vinieron por los sindicalistas, y yo no dije nada, porque yo no era sindicalista. Luego vinieron por los jud\u00edos, y yo no dije nada, porque yo no era jud\u00edo. Luego vinieron por m\u00ed, y no qued\u00f3 nadie para hablar por m\u00ed. Su autor fue el\u00a0pastor luterano alem\u00e1n\u00a0Martin Niem\u00f6ller\u00a0(1892-1984) y era una protesta ya la vez un llamamiento dirigido a las \u00e9lites alemanas que no hablaron fuerte y claro con la llegada de los nazis al poder. Muchos achacan la autor\u00eda a Bertolt Brecht, pero todas las evidencias se\u00f1alan lo contrario. Hay otra versi\u00f3n de Elena\u00a0Weigel\u00a0(1900-1971) que afirmaba que el texto era realmente de Brecht y que se parec\u00eda, pero no era exactamente igual que el anterior. Dec\u00eda as\u00ed: Primero se llevaron a los jud\u00edos, pero a m\u00ed no me import\u00f3 porque yo no lo era. Luego arrestaron a los comunistas, pero como yo no era comunista, tampoco me import\u00f3. M\u00e1s adelante detuvieron a los obreros, pero como no era obrero, tampoco me import\u00f3. Luego detuvieron a los estudiantes, pero como yo no era estudiante, tampoco me import\u00f3. Finalmente detuvieron a los curas, pero como yo no era religioso, tampoco me import\u00f3. Ahora me llevan a m\u00ed, pero ya es tarde. \u00c9ste es exactamente el riesgo que sufrimos con S\u00e1nchez. En la medida en que choca con dificultades para mantenerse en el poder reacciona agrediendo a grupos y personas en funci\u00f3n de sus intereses. Ahora, con un gobierno paralizado que despu\u00e9s de 8 meses solo ha sacado dos decretos y tres leyes de las que s\u00f3lo una ha sido refrendada por el Senado, tira del recurso habitual de sacar a pasear a la Iglesia cat\u00f3lica y focalizar en ella el conflicto. Lo hace a cuenta de un pretendido plan de indemnizaci\u00f3n de las v\u00edctimas de la pederastia en el seno de la iglesia. Podr\u00eda ser un prop\u00f3sito excelente a menos que todos los datos disponibles, incluidos los que maneja el ministerio del Interior sobre denuncias de abusos a menores, menos de un 1% de las v\u00edctimas pertenecen al \u00e1mbito eclesial. El \u00faltimo estudio de la Fundaci\u00f3n ANAR, especializada en la asistencia a menores, mostraba claramente la extrema marginalidad de los casos que ten\u00edan como autores religiosos o personas vinculadas a instancias oficiales cat\u00f3licas y que la inmensa mayor\u00eda se produc\u00edan en la familia o entorno familiar seguido de otras instancias externas. Por tanto, cuando act\u00faa as\u00ed el gobierno lo que hace es mirar hacia otro lado y dejar sin atenci\u00f3n el 99% de los casos y, lo que es tanto o m\u00e1s grave, dejarlos adem\u00e1s sin pol\u00edticas de prevenci\u00f3n. Adem\u00e1s, por lo que se conoce del plan, es una monstruosidad desde el punto de vista jur\u00eddico, porque solo exige, por considerar a una persona v\u00edctima y reclamar una indemnizaci\u00f3n, exactamente que lo diga. No importa los a\u00f1os que hayan pasado, pueden ser 50, le da igual, ni que el posible delito haya prescrito o que no haya denuncia ni juicio. Nada. \u00danicamente hace falta que se presente y levante el dedo. Como detr\u00e1s de este presentarse existe la posibilidad de una indemnizaci\u00f3n, es evidente que el abuso jur\u00eddico del gobierno es absoluto. Y aqu\u00ed hay que recordar la frase de Montesquiu: \u00abalgo no es justo por ser ley. Debe ser ley porque es justo\u00bb. Y este texto es de una injusticia y arbitrariedad flagrantes. A la iglesia le queda el recurso de quedar en la picota si no reacciona bien y decir que no acepta el abuso. Da igual. Entonces entrar\u00e1 en juego la segunda parte del plan, la actuaci\u00f3n directa del gobierno que previsiblemente trae un corolario no escrito. El estado pagar\u00e1 lo que sea, y para quien lo solicite, y despu\u00e9s le pasar\u00e1n la factura a la iglesia rest\u00e1ndole los recursos que el estado le traspasa. Ahora el gran interrogante es si una vez m\u00e1s la iglesia consentir\u00e1 el ser el asno de los golpes de S\u00e1nchez o por una vez ser\u00e1 capaz de levantar la cabeza. &nbsp;<\/p>\n","protected":false},"author":78,"featured_media":77173,"comment_status":"open","ping_status":"open","sticky":false,"template":"","format":"standard","meta":{"_FSMCFIC_featured_image_caption":"","_FSMCFIC_featured_image_nocaption":"","_FSMCFIC_featured_image_hide":"","footnotes":""},"categories":[806],"tags":[4141,1117],"class_list":["post-77175","post","type-post","status-publish","format-standard","has-post-thumbnail","hentry","category-punts-claus-del-dia-es","tag-abusos-sexuals-esglesia-es","tag-sanchez-es"],"yoast_head":"<!-- This site is optimized with the Yoast SEO plugin v26.8 - https:\/\/yoast.com\/product\/yoast-seo-wordpress\/ -->\n<title>S\u00e1nchez es un peligro para (casi) todo el mundo - Converses a Catalunya<\/title>\n<meta name=\"description\" content=\"Con un gobierno paralizado que despu\u00e9s de 8 meses solo ha sacado 2 decretos y 3 leyes tira del recurso de sacar a pasear a la Iglesia\" \/>\n<meta name=\"robots\" content=\"index, follow, max-snippet:-1, max-image-preview:large, max-video-preview:-1\" \/>\n<link rel=\"canonical\" href=\"https:\/\/conversesacatalunya.cat\/es\/sanchez-peligro-para-casi-todo-el-mundo\/\" \/>\n<meta property=\"og:locale\" content=\"es_ES\" \/>\n<meta property=\"og:type\" content=\"article\" \/>\n<meta property=\"og:title\" content=\"S\u00e1nchez es un peligro para (casi) todo el mundo - Converses a Catalunya\" \/>\n<meta property=\"og:description\" content=\"Con un gobierno paralizado que despu\u00e9s de 8 meses solo ha sacado 2 decretos y 3 leyes tira del recurso de sacar a pasear a la Iglesia\" \/>\n<meta property=\"og:url\" content=\"https:\/\/conversesacatalunya.cat\/es\/sanchez-peligro-para-casi-todo-el-mundo\/\" \/>\n<meta property=\"og:site_name\" content=\"Converses a Catalunya\" \/>\n<meta property=\"article:published_time\" content=\"2024-04-24T10:54:53+00:00\" \/>\n<meta property=\"article:modified_time\" content=\"2024-04-24T10:56:31+00:00\" \/>\n<meta property=\"og:image\" content=\"https:\/\/conversesacatalunya.cat\/wp-content\/uploads\/2024\/04\/pocket-1506514_640.jpg\" \/>\n\t<meta property=\"og:image:width\" content=\"640\" \/>\n\t<meta property=\"og:image:height\" content=\"424\" \/>\n\t<meta property=\"og:image:type\" content=\"image\/jpeg\" \/>\n<meta name=\"author\" content=\"Joan Masip\" \/>\n<meta name=\"twitter:card\" content=\"summary_large_image\" \/>\n<meta name=\"twitter:label1\" content=\"Escrito por\" \/>\n\t<meta name=\"twitter:data1\" content=\"Joan Masip\" \/>\n\t<meta name=\"twitter:label2\" content=\"Tiempo de lectura\" \/>\n\t<meta name=\"twitter:data2\" content=\"4 minutos\" \/>\n<script type=\"application\/ld+json\" class=\"yoast-schema-graph\">{\"@context\":\"https:\/\/schema.org\",\"@graph\":[{\"@type\":\"Article\",\"@id\":\"https:\/\/conversesacatalunya.cat\/es\/sanchez-peligro-para-casi-todo-el-mundo\/#article\",\"isPartOf\":{\"@id\":\"https:\/\/conversesacatalunya.cat\/es\/sanchez-peligro-para-casi-todo-el-mundo\/\"},\"author\":{\"name\":\"Joan Masip\",\"@id\":\"https:\/\/conversesacatalunya.cat\/#\/schema\/person\/311d0bf53def217d5124c78a7bc42275\"},\"headline\":\"S\u00e1nchez es un peligro para (casi) todo el mundo\",\"datePublished\":\"2024-04-24T10:54:53+00:00\",\"dateModified\":\"2024-04-24T10:56:31+00:00\",\"mainEntityOfPage\":{\"@id\":\"https:\/\/conversesacatalunya.cat\/es\/sanchez-peligro-para-casi-todo-el-mundo\/\"},\"wordCount\":790,\"commentCount\":0,\"image\":{\"@id\":\"https:\/\/conversesacatalunya.cat\/es\/sanchez-peligro-para-casi-todo-el-mundo\/#primaryimage\"},\"thumbnailUrl\":\"https:\/\/conversesacatalunya.cat\/wp-content\/uploads\/2024\/04\/pocket-1506514_640.jpg\",\"keywords\":[\"Abusos sexuals esgl\u00e9sia\",\"S\u00e1nchez\"],\"articleSection\":[\"Punts clau del dia (ES)\"],\"inLanguage\":\"es\",\"potentialAction\":[{\"@type\":\"CommentAction\",\"name\":\"Comment\",\"target\":[\"https:\/\/conversesacatalunya.cat\/es\/sanchez-peligro-para-casi-todo-el-mundo\/#respond\"]}]},{\"@type\":\"WebPage\",\"@id\":\"https:\/\/conversesacatalunya.cat\/es\/sanchez-peligro-para-casi-todo-el-mundo\/\",\"url\":\"https:\/\/conversesacatalunya.cat\/es\/sanchez-peligro-para-casi-todo-el-mundo\/\",\"name\":\"S\u00e1nchez es un peligro para (casi) todo el mundo - Converses a Catalunya\",\"isPartOf\":{\"@id\":\"https:\/\/conversesacatalunya.cat\/#website\"},\"primaryImageOfPage\":{\"@id\":\"https:\/\/conversesacatalunya.cat\/es\/sanchez-peligro-para-casi-todo-el-mundo\/#primaryimage\"},\"image\":{\"@id\":\"https:\/\/conversesacatalunya.cat\/es\/sanchez-peligro-para-casi-todo-el-mundo\/#primaryimage\"},\"thumbnailUrl\":\"https:\/\/conversesacatalunya.cat\/wp-content\/uploads\/2024\/04\/pocket-1506514_640.jpg\",\"datePublished\":\"2024-04-24T10:54:53+00:00\",\"dateModified\":\"2024-04-24T10:56:31+00:00\",\"author\":{\"@id\":\"https:\/\/conversesacatalunya.cat\/#\/schema\/person\/311d0bf53def217d5124c78a7bc42275\"},\"description\":\"Con un gobierno paralizado que despu\u00e9s de 8 meses solo ha sacado 2 decretos y 3 leyes tira del recurso de sacar a pasear a la Iglesia\",\"breadcrumb\":{\"@id\":\"https:\/\/conversesacatalunya.cat\/es\/sanchez-peligro-para-casi-todo-el-mundo\/#breadcrumb\"},\"inLanguage\":\"es\",\"potentialAction\":[{\"@type\":\"ReadAction\",\"target\":[\"https:\/\/conversesacatalunya.cat\/es\/sanchez-peligro-para-casi-todo-el-mundo\/\"]}]},{\"@type\":\"ImageObject\",\"inLanguage\":\"es\",\"@id\":\"https:\/\/conversesacatalunya.cat\/es\/sanchez-peligro-para-casi-todo-el-mundo\/#primaryimage\",\"url\":\"https:\/\/conversesacatalunya.cat\/wp-content\/uploads\/2024\/04\/pocket-1506514_640.jpg\",\"contentUrl\":\"https:\/\/conversesacatalunya.cat\/wp-content\/uploads\/2024\/04\/pocket-1506514_640.jpg\",\"width\":640,\"height\":424,\"caption\":\"iglesia gobierno\"},{\"@type\":\"BreadcrumbList\",\"@id\":\"https:\/\/conversesacatalunya.cat\/es\/sanchez-peligro-para-casi-todo-el-mundo\/#breadcrumb\",\"itemListElement\":[{\"@type\":\"ListItem\",\"position\":1,\"name\":\"Inici\",\"item\":\"https:\/\/conversesacatalunya.cat\/es\/\"},{\"@type\":\"ListItem\",\"position\":2,\"name\":\"S\u00e1nchez es un peligro para (casi) todo el mundo\"}]},{\"@type\":\"WebSite\",\"@id\":\"https:\/\/conversesacatalunya.cat\/#website\",\"url\":\"https:\/\/conversesacatalunya.cat\/\",\"name\":\"Converses a Catalunya\",\"description\":\"\",\"potentialAction\":[{\"@type\":\"SearchAction\",\"target\":{\"@type\":\"EntryPoint\",\"urlTemplate\":\"https:\/\/conversesacatalunya.cat\/?s={search_term_string}\"},\"query-input\":{\"@type\":\"PropertyValueSpecification\",\"valueRequired\":true,\"valueName\":\"search_term_string\"}}],\"inLanguage\":\"es\"},{\"@type\":\"Person\",\"@id\":\"https:\/\/conversesacatalunya.cat\/#\/schema\/person\/311d0bf53def217d5124c78a7bc42275\",\"name\":\"Joan Masip\",\"image\":{\"@type\":\"ImageObject\",\"inLanguage\":\"es\",\"@id\":\"https:\/\/conversesacatalunya.cat\/#\/schema\/person\/image\/\",\"url\":\"https:\/\/conversesacatalunya.cat\/wp-content\/litespeed\/avatar\/fa67b994763cff7d443f54b63ec96481.jpg?ver=1777372547\",\"contentUrl\":\"https:\/\/conversesacatalunya.cat\/wp-content\/litespeed\/avatar\/fa67b994763cff7d443f54b63ec96481.jpg?ver=1777372547\",\"caption\":\"Joan Masip\"},\"url\":\"https:\/\/conversesacatalunya.cat\/es\/author\/joan-masip\/\"}]}<\/script>\n<!-- \/ Yoast SEO plugin. -->","yoast_head_json":{"title":"S\u00e1nchez es un peligro para (casi) todo el mundo - Converses a Catalunya","description":"Con un gobierno paralizado que despu\u00e9s de 8 meses solo ha sacado 2 decretos y 3 leyes tira del recurso de sacar a pasear a la Iglesia","robots":{"index":"index","follow":"follow","max-snippet":"max-snippet:-1","max-image-preview":"max-image-preview:large","max-video-preview":"max-video-preview:-1"},"canonical":"https:\/\/conversesacatalunya.cat\/es\/sanchez-peligro-para-casi-todo-el-mundo\/","og_locale":"es_ES","og_type":"article","og_title":"S\u00e1nchez es un peligro para (casi) todo el mundo - Converses a Catalunya","og_description":"Con un gobierno paralizado que despu\u00e9s de 8 meses solo ha sacado 2 decretos y 3 leyes tira del recurso de sacar a pasear a la Iglesia","og_url":"https:\/\/conversesacatalunya.cat\/es\/sanchez-peligro-para-casi-todo-el-mundo\/","og_site_name":"Converses a Catalunya","article_published_time":"2024-04-24T10:54:53+00:00","article_modified_time":"2024-04-24T10:56:31+00:00","og_image":[{"width":640,"height":424,"url":"https:\/\/conversesacatalunya.cat\/wp-content\/uploads\/2024\/04\/pocket-1506514_640.jpg","type":"image\/jpeg"}],"author":"Joan Masip","twitter_card":"summary_large_image","twitter_misc":{"Escrito por":"Joan Masip","Tiempo de lectura":"4 minutos"},"schema":{"@context":"https:\/\/schema.org","@graph":[{"@type":"Article","@id":"https:\/\/conversesacatalunya.cat\/es\/sanchez-peligro-para-casi-todo-el-mundo\/#article","isPartOf":{"@id":"https:\/\/conversesacatalunya.cat\/es\/sanchez-peligro-para-casi-todo-el-mundo\/"},"author":{"name":"Joan Masip","@id":"https:\/\/conversesacatalunya.cat\/#\/schema\/person\/311d0bf53def217d5124c78a7bc42275"},"headline":"S\u00e1nchez es un peligro para (casi) todo el mundo","datePublished":"2024-04-24T10:54:53+00:00","dateModified":"2024-04-24T10:56:31+00:00","mainEntityOfPage":{"@id":"https:\/\/conversesacatalunya.cat\/es\/sanchez-peligro-para-casi-todo-el-mundo\/"},"wordCount":790,"commentCount":0,"image":{"@id":"https:\/\/conversesacatalunya.cat\/es\/sanchez-peligro-para-casi-todo-el-mundo\/#primaryimage"},"thumbnailUrl":"https:\/\/conversesacatalunya.cat\/wp-content\/uploads\/2024\/04\/pocket-1506514_640.jpg","keywords":["Abusos sexuals esgl\u00e9sia","S\u00e1nchez"],"articleSection":["Punts clau del dia (ES)"],"inLanguage":"es","potentialAction":[{"@type":"CommentAction","name":"Comment","target":["https:\/\/conversesacatalunya.cat\/es\/sanchez-peligro-para-casi-todo-el-mundo\/#respond"]}]},{"@type":"WebPage","@id":"https:\/\/conversesacatalunya.cat\/es\/sanchez-peligro-para-casi-todo-el-mundo\/","url":"https:\/\/conversesacatalunya.cat\/es\/sanchez-peligro-para-casi-todo-el-mundo\/","name":"S\u00e1nchez es un peligro para (casi) todo el mundo - Converses a Catalunya","isPartOf":{"@id":"https:\/\/conversesacatalunya.cat\/#website"},"primaryImageOfPage":{"@id":"https:\/\/conversesacatalunya.cat\/es\/sanchez-peligro-para-casi-todo-el-mundo\/#primaryimage"},"image":{"@id":"https:\/\/conversesacatalunya.cat\/es\/sanchez-peligro-para-casi-todo-el-mundo\/#primaryimage"},"thumbnailUrl":"https:\/\/conversesacatalunya.cat\/wp-content\/uploads\/2024\/04\/pocket-1506514_640.jpg","datePublished":"2024-04-24T10:54:53+00:00","dateModified":"2024-04-24T10:56:31+00:00","author":{"@id":"https:\/\/conversesacatalunya.cat\/#\/schema\/person\/311d0bf53def217d5124c78a7bc42275"},"description":"Con un gobierno paralizado que despu\u00e9s de 8 meses solo ha sacado 2 decretos y 3 leyes tira del recurso de sacar a pasear a la Iglesia","breadcrumb":{"@id":"https:\/\/conversesacatalunya.cat\/es\/sanchez-peligro-para-casi-todo-el-mundo\/#breadcrumb"},"inLanguage":"es","potentialAction":[{"@type":"ReadAction","target":["https:\/\/conversesacatalunya.cat\/es\/sanchez-peligro-para-casi-todo-el-mundo\/"]}]},{"@type":"ImageObject","inLanguage":"es","@id":"https:\/\/conversesacatalunya.cat\/es\/sanchez-peligro-para-casi-todo-el-mundo\/#primaryimage","url":"https:\/\/conversesacatalunya.cat\/wp-content\/uploads\/2024\/04\/pocket-1506514_640.jpg","contentUrl":"https:\/\/conversesacatalunya.cat\/wp-content\/uploads\/2024\/04\/pocket-1506514_640.jpg","width":640,"height":424,"caption":"iglesia gobierno"},{"@type":"BreadcrumbList","@id":"https:\/\/conversesacatalunya.cat\/es\/sanchez-peligro-para-casi-todo-el-mundo\/#breadcrumb","itemListElement":[{"@type":"ListItem","position":1,"name":"Inici","item":"https:\/\/conversesacatalunya.cat\/es\/"},{"@type":"ListItem","position":2,"name":"S\u00e1nchez es un peligro para (casi) todo el mundo"}]},{"@type":"WebSite","@id":"https:\/\/conversesacatalunya.cat\/#website","url":"https:\/\/conversesacatalunya.cat\/","name":"Converses a Catalunya","description":"","potentialAction":[{"@type":"SearchAction","target":{"@type":"EntryPoint","urlTemplate":"https:\/\/conversesacatalunya.cat\/?s={search_term_string}"},"query-input":{"@type":"PropertyValueSpecification","valueRequired":true,"valueName":"search_term_string"}}],"inLanguage":"es"},{"@type":"Person","@id":"https:\/\/conversesacatalunya.cat\/#\/schema\/person\/311d0bf53def217d5124c78a7bc42275","name":"Joan Masip","image":{"@type":"ImageObject","inLanguage":"es","@id":"https:\/\/conversesacatalunya.cat\/#\/schema\/person\/image\/","url":"https:\/\/conversesacatalunya.cat\/wp-content\/litespeed\/avatar\/fa67b994763cff7d443f54b63ec96481.jpg?ver=1777372547","contentUrl":"https:\/\/conversesacatalunya.cat\/wp-content\/litespeed\/avatar\/fa67b994763cff7d443f54b63ec96481.jpg?ver=1777372547","caption":"Joan Masip"},"url":"https:\/\/conversesacatalunya.cat\/es\/author\/joan-masip\/"}]}},"wps_subtitle":"\u00c9ste es exactamente el riesgo que sufrimos con S\u00e1nchez. En la medida en que choca con dificultades para mantenerse en el poder reacciona agrediendo a grupos y personas en funci\u00f3n de sus intereses","_links":{"self":[{"href":"https:\/\/conversesacatalunya.cat\/es\/wp-json\/wp\/v2\/posts\/77175","targetHints":{"allow":["GET"]}}],"collection":[{"href":"https:\/\/conversesacatalunya.cat\/es\/wp-json\/wp\/v2\/posts"}],"about":[{"href":"https:\/\/conversesacatalunya.cat\/es\/wp-json\/wp\/v2\/types\/post"}],"author":[{"embeddable":true,"href":"https:\/\/conversesacatalunya.cat\/es\/wp-json\/wp\/v2\/users\/78"}],"replies":[{"embeddable":true,"href":"https:\/\/conversesacatalunya.cat\/es\/wp-json\/wp\/v2\/comments?post=77175"}],"version-history":[{"count":2,"href":"https:\/\/conversesacatalunya.cat\/es\/wp-json\/wp\/v2\/posts\/77175\/revisions"}],"predecessor-version":[{"id":77177,"href":"https:\/\/conversesacatalunya.cat\/es\/wp-json\/wp\/v2\/posts\/77175\/revisions\/77177"}],"wp:featuredmedia":[{"embeddable":true,"href":"https:\/\/conversesacatalunya.cat\/es\/wp-json\/wp\/v2\/media\/77173"}],"wp:attachment":[{"href":"https:\/\/conversesacatalunya.cat\/es\/wp-json\/wp\/v2\/media?parent=77175"}],"wp:term":[{"taxonomy":"category","embeddable":true,"href":"https:\/\/conversesacatalunya.cat\/es\/wp-json\/wp\/v2\/categories?post=77175"},{"taxonomy":"post_tag","embeddable":true,"href":"https:\/\/conversesacatalunya.cat\/es\/wp-json\/wp\/v2\/tags?post=77175"}],"curies":[{"name":"wp","href":"https:\/\/api.w.org\/{rel}","templated":true}]}}