{"id":77134,"date":"2024-04-23T13:36:02","date_gmt":"2024-04-23T11:36:02","guid":{"rendered":"https:\/\/conversesacatalunya.cat\/?p=77134"},"modified":"2024-04-24T06:50:52","modified_gmt":"2024-04-24T04:50:52","slug":"elecciones-catalanas-que-dicen-las-encuestas-en-estos-momentos","status":"publish","type":"post","link":"https:\/\/conversesacatalunya.cat\/es\/elecciones-catalanas-que-dicen-las-encuestas-en-estos-momentos\/","title":{"rendered":"Elecciones catalanas. Qu\u00e9 dicen las encuestas en estos momentos"},"content":{"rendered":"<p><!--more-->Las \u00faltimas cuatro <a href=\"https:\/\/conversesacatalunya.cat\/es\/encuestas-sobre-futuros-resultados\/\" target=\"_blank\" rel=\"noopener\"><strong>encuestas (<\/strong><\/a>Gesop, 40db, Sociom\u00e9trica y EM Analytics) publicadas, dos el d\u00eda 23, una el 21 y otra el 16 de abril, no presentan discrepancias significativas. El\u00a0<strong>PSC ser\u00eda el ganador con unos 39 esca\u00f1os<\/strong>\u00a0y un porcentaje que se sit\u00faa entre el 26% y el 28% de los votos, aunque la tendencia parece que sea ligeramente a decrecer.<\/p>\n<p><strong>JxCat<\/strong>\u00a0obtendr\u00eda aproximadamente 1 voto sobre 5 y entre 33 y 34 esca\u00f1os. Ser\u00eda, por tanto, la\u00a0<strong>segunda fuerza<\/strong> y \u200b\u200bganar\u00eda su particular carrera con ERC. La tendencia parece estable, pero en realidad la campa\u00f1a comienza ahora cuando ya se ha votado en el Pa\u00eds Vasco.<\/p>\n<p><strong>ERC<\/strong>\u00a0cae y se sit\u00faa en torno al 18%. Podr\u00eda conseguir entre 27 y 29 esca\u00f1os y, en consecuencia, ver\u00eda castigada su pol\u00edtica, pese a la ventaja de ocupar la presidencia de la Generalitat en un per\u00edodo de ingresos relativamente elevados.<\/p>\n<p>El\u00a0<strong>PP<\/strong>\u00a0realiza una gran remontada y se sit\u00faa en cuarto lugar. Es l\u00f3gico, puesto que parte de niveles muy bajos. Ahora lograr\u00eda 13 esca\u00f1os, benefici\u00e1ndose de la pr\u00e1ctica\u00a0<strong>desaparici\u00f3n de Cs<\/strong>\u00a0y de alg\u00fan esca\u00f1o que obtendr\u00eda de Vox.<\/p>\n<p>Ese partido,\u00a0<strong>Vox<\/strong>, se situar\u00eda en torno al 7-8% de los votos y podr\u00eda sacar entre 9 y 11 diputados. Si se moviera por la banda alta mantendr\u00eda su actual peso parlamentario, pero est\u00e1 claro tambi\u00e9n puede perder 1 o 2 que parece lo m\u00e1s probable porque su tendencia es a decrecer ligeramente en beneficio del PP.<\/p>\n<p><strong>Los Comuns<\/strong>, por su parte, registran una importante ca\u00edda que pone de relieve la decadencia pol\u00edtica que viven las dos mujeres que los impulsaron. Sobre todo la de Ada Colau, el p\u00edvot de su renacimiento pol\u00edtico, que ya se sabe que el alma de los comuns es la extinta IC, y la m\u00e1s reciente y d\u00e9bil de Yolanda D\u00edaz. Alcanzar\u00edan entre 6 y 7 esca\u00f1os que, en relaci\u00f3n con los 8 actuales, significar\u00eda una p\u00e9rdida. Se ver\u00edan superados por Vox y no superar\u00edan el 6% de los votos, se mover\u00edan en la franja de unas d\u00e9cimas por debajo. La mayor probabilidad es que obtengan 6 diputados.<\/p>\n<p>La\u00a0<strong>CUP<\/strong> retrocede y pasar\u00eda de 9 diputados a 5, quiz\u00e1s 6. Una p\u00e9rdida, por tanto, muy importante. En t\u00e9rminos relativos se mover\u00eda en torno al 5% de los votos, pero podr\u00eda todav\u00eda bajar m\u00e1s porque su tendencia no es buena. Las fugas hacia Junts y algo tambi\u00e9n hacia Alian\u00e7a Catalana la perjudican porque a su vez no obtiene votos de otras fuerzas.<\/p>\n<p>Por \u00faltimo,\u00a0<strong>Alian\u00e7a Catalana,<\/strong>\u00a0el partido de la alcaldesa de Ripoll, parece que podr\u00eda obtener representaci\u00f3n parlamentaria con 1 diputado y en torno al 3% de los votos, d\u00e9cima arriba d\u00e9cima abajo; si bien cuando se mueve en m\u00e1rgenes tan estrechos la incertidumbre planear\u00e1 hasta el \u00faltimo momento.<\/p>\n<h3><strong>Con estos resultados,\u00a0gobernar no ser\u00e1 nada f\u00e1cil. <\/strong><\/h3>\n<p><strong>Illa est\u00e1 muy lejos de conseguir una mayor\u00eda de gobierno<\/strong> porque con los que lo tiene m\u00e1s f\u00e1cil, los Comuns, quedan muy lejos de los esca\u00f1os necesarios, que son 68. Un pacto con ERC le podr\u00eda dar justo quiz\u00e1 la mayor\u00eda necesaria, pero no es claro, al margen de la dificultad del partido de Junqueras tras ver c\u00f3mo su pol\u00edtica no es bien aceptada por el electorado, no parece prudente que profundizara m\u00e1s en esa l\u00ednea.<\/p>\n<p>Un\u00a0<strong>pacto tripartito<\/strong> como el que ya gobern\u00f3 con Maragall y Montilla es el que tendr\u00eda un margen m\u00e1s claro, pero el inter\u00e9s por reproducir esta f\u00f3rmula es dudoso por parte de ERC. Est\u00e1 claro que de \u201cperdidos al r\u00edo\u201d y se puede ensayar un acuerdo de este tipo que\u00a0<strong>dejar\u00eda a JxCat fuera de juego<\/strong>.<\/p>\n<p><strong>El acuerdo independentista es dif\u00edcil<\/strong>\u00a0. ERC y Junts no llegan a la mayor\u00eda absoluta y no hay garant\u00eda de que la CUP saque suficientes diputados para hacerlo. Por otra parte, una alianza de este tipo ser\u00eda muy inestable por el tipo de pol\u00edtica contra la que sistem\u00e1ticamente llevan a cabo los cuperos.<\/p>\n<p>Una\u00a0<strong>alianza entre PSC y JxCat<\/strong>\u00a0tambi\u00e9n tendr\u00eda un amplio margen de posibilidades, pero no parece que sea una posibilidad concordante con el ADN de ambos partidos.<\/p>\n<p>Illa, por tanto, se presupone que ser\u00e1 el ganador, pero <strong>en ning\u00fan caso significar\u00eda que sea el futuro presidente<\/strong>, adem\u00e1s su liderazgo es muy d\u00e9bil.<\/p>\n<p>De acuerdo con la encuesta Gesop publicada en El Peri\u00f3dico el 23 de abril, s\u00f3lo\u00a0<strong>1 de cada 5 catalanes<\/strong> tiene preferencia por \u00e9l y eso que su nota media indica que es una persona que presenta rechazos moderados, pero tambi\u00e9n adhesiones muy limitadas.\u00a0<strong>Puigdemont<\/strong>, que es un ejemplo de liderazgo polarizador, est\u00e1 a s\u00f3lo 1,8 puntos de distancia por debajo, en cuanto a las preferencias de los catalanes para ser presidente. Pero mientras Puigdemont obtiene una nota muy alta entre sus votantes, un 7,5, Illa solo alcanza un aprobado alto, un 6,7.<\/p>\n<p>En este mismo sentido, cabe decir que <strong>solo el 62,5% de los votantes del PSC le prefieren como presidente.<\/strong> Por tanto, todo apunta a que si es Illa quien ocupa este lugar tendr\u00e1 que gan\u00e1rselo cada d\u00eda porque de entrada el 80% de la poblaci\u00f3n no le mirar\u00e1 con buenos ojos.<\/p>\n<p>Claro que no se consuela es porque no quiere, porque la situaci\u00f3n del actual presidente <strong>Aragon\u00e8s<\/strong> es a\u00fan peor. Pese a disponer del te\u00f3rico carisma de su cargo, que en principio es muy alto en Catalunya, Aragon\u00e8s s\u00f3lo logra la preferencia del 14,5% de los catalanes. Y lo que es m\u00e1s escandaloso, <strong>solo es el preferido por el 39% de los votantes de ERC<\/strong>, lo que equivale a decir que la mayor\u00eda de su partido no le prefiere como presidente. Es evidente que con estos registros tiene poco que hacer.<\/p>\n<div id=\"polls-239\" class=\"wp-polls\">\n\t<form id=\"polls_form_239\" class=\"wp-polls-form\" action=\"\/index.php\" method=\"post\">\n\t\t<p style=\"display: none;\"><input type=\"hidden\" id=\"poll_239_nonce\" name=\"wp-polls-nonce\" value=\"40b6a1a1a0\" \/><\/p>\n\t\t<p style=\"display: none;\"><input type=\"hidden\" name=\"poll_id\" value=\"239\" \/><\/p>\n\t\t<p style=\"text-align: center\"><strong>Creus que Salvador Illa podr\u00e0 ser president de la Generalitat de Catalunya?<\/strong><\/p><div id=\"polls-239-ans\" class=\"wp-polls-ans\"><ul class=\"wp-polls-ul\">\n\t\t<li><input type=\"radio\" id=\"poll-answer-669\" name=\"poll_239\" value=\"669\" \/> <label for=\"poll-answer-669\">S\u00ed<\/label><\/li>\n\t\t<li><input type=\"radio\" id=\"poll-answer-670\" name=\"poll_239\" value=\"670\" \/> <label for=\"poll-answer-670\">No<\/label><\/li>\n\t\t<li><input type=\"radio\" id=\"poll-answer-671\" name=\"poll_239\" value=\"671\" \/> <label for=\"poll-answer-671\">No ho s\u00e9<\/label><\/li>\n\t\t<\/ul><p style=\"text-align: center\"><input type=\"button\" name=\"vote\" value=\"   Vota   \" class=\"Buttons\" onclick=\"poll_vote(239);\" \/><\/p><p style=\"text-align: center\"><a href=\"#ViewPollResults\" onclick=\"poll_result(239); return false;\" title=\"View Results Of This Poll\">Mira els resultats<\/a><\/p><\/div>\n\t<\/form>\n<\/div>\n<div id=\"polls-239-loading\" class=\"wp-polls-loading\"><img decoding=\"async\" data-src=\"https:\/\/conversesacatalunya.cat\/wp-content\/plugins\/wp-polls\/images\/loading.gif\" width=\"16\" height=\"16\" alt=\"Cargando ...\" title=\"Cargando ...\" class=\"wp-polls-image lazyload\" src=\"data:image\/svg+xml;base64,PHN2ZyB3aWR0aD0iMSIgaGVpZ2h0PSIxIiB4bWxucz0iaHR0cDovL3d3dy53My5vcmcvMjAwMC9zdmciPjwvc3ZnPg==\" style=\"--smush-placeholder-width: 16px; --smush-placeholder-aspect-ratio: 16\/16;\" \/>&nbsp;Cargando ...<\/div>\n\n","protected":false},"excerpt":{"rendered":"Las \u00faltimas cuatro encuestas (Gesop, 40db, Sociom\u00e9trica y EM Analytics) publicadas, dos el d\u00eda 23, una el 21 y otra el 16 de abril, no presentan discrepancias significativas. El\u00a0PSC ser\u00eda el ganador con unos 39 esca\u00f1os\u00a0y un porcentaje que se sit\u00faa entre el 26% y el 28% de los votos, aunque la tendencia parece que sea ligeramente a decrecer. JxCat\u00a0obtendr\u00eda aproximadamente 1 voto sobre 5 y entre 33 y 34 esca\u00f1os. Ser\u00eda, por tanto, la\u00a0segunda fuerza y \u200b\u200bganar\u00eda su particular carrera con ERC. La tendencia parece estable, pero en realidad la campa\u00f1a comienza ahora cuando ya se ha votado en el Pa\u00eds Vasco. ERC\u00a0cae y se sit\u00faa en torno al 18%. Podr\u00eda conseguir entre 27 y 29 esca\u00f1os y, en consecuencia, ver\u00eda castigada su pol\u00edtica, pese a la ventaja de ocupar la presidencia de la Generalitat en un per\u00edodo de ingresos relativamente elevados. El\u00a0PP\u00a0realiza una gran remontada y se sit\u00faa en cuarto lugar. Es l\u00f3gico, puesto que parte de niveles muy bajos. Ahora lograr\u00eda 13 esca\u00f1os, benefici\u00e1ndose de la pr\u00e1ctica\u00a0desaparici\u00f3n de Cs\u00a0y de alg\u00fan esca\u00f1o que obtendr\u00eda de Vox. Ese partido,\u00a0Vox, se situar\u00eda en torno al 7-8% de los votos y podr\u00eda sacar entre 9 y 11 diputados. Si se moviera por la banda alta mantendr\u00eda su actual peso parlamentario, pero est\u00e1 claro tambi\u00e9n puede perder 1 o 2 que parece lo m\u00e1s probable porque su tendencia es a decrecer ligeramente en beneficio del PP. Los Comuns, por su parte, registran una importante ca\u00edda que pone de relieve la decadencia pol\u00edtica que viven las dos mujeres que los impulsaron. Sobre todo la de Ada Colau, el p\u00edvot de su renacimiento pol\u00edtico, que ya se sabe que el alma de los comuns es la extinta IC, y la m\u00e1s reciente y d\u00e9bil de Yolanda D\u00edaz. Alcanzar\u00edan entre 6 y 7 esca\u00f1os que, en relaci\u00f3n con los 8 actuales, significar\u00eda una p\u00e9rdida. Se ver\u00edan superados por Vox y no superar\u00edan el 6% de los votos, se mover\u00edan en la franja de unas d\u00e9cimas por debajo. La mayor probabilidad es que obtengan 6 diputados. La\u00a0CUP retrocede y pasar\u00eda de 9 diputados a 5, quiz\u00e1s 6. Una p\u00e9rdida, por tanto, muy importante. En t\u00e9rminos relativos se mover\u00eda en torno al 5% de los votos, pero podr\u00eda todav\u00eda bajar m\u00e1s porque su tendencia no es buena. Las fugas hacia Junts y algo tambi\u00e9n hacia Alian\u00e7a Catalana la perjudican porque a su vez no obtiene votos de otras fuerzas. Por \u00faltimo,\u00a0Alian\u00e7a Catalana,\u00a0el partido de la alcaldesa de Ripoll, parece que podr\u00eda obtener representaci\u00f3n parlamentaria con 1 diputado y en torno al 3% de los votos, d\u00e9cima arriba d\u00e9cima abajo; si bien cuando se mueve en m\u00e1rgenes tan estrechos la incertidumbre planear\u00e1 hasta el \u00faltimo momento. Con estos resultados,\u00a0gobernar no ser\u00e1 nada f\u00e1cil. Illa est\u00e1 muy lejos de conseguir una mayor\u00eda de gobierno porque con los que lo tiene m\u00e1s f\u00e1cil, los Comuns, quedan muy lejos de los esca\u00f1os necesarios, que son 68. Un pacto con ERC le podr\u00eda dar justo quiz\u00e1 la mayor\u00eda necesaria, pero no es claro, al margen de la dificultad del partido de Junqueras tras ver c\u00f3mo su pol\u00edtica no es bien aceptada por el electorado, no parece prudente que profundizara m\u00e1s en esa l\u00ednea. Un\u00a0pacto tripartito como el que ya gobern\u00f3 con Maragall y Montilla es el que tendr\u00eda un margen m\u00e1s claro, pero el inter\u00e9s por reproducir esta f\u00f3rmula es dudoso por parte de ERC. Est\u00e1 claro que de \u201cperdidos al r\u00edo\u201d y se puede ensayar un acuerdo de este tipo que\u00a0dejar\u00eda a JxCat fuera de juego. El acuerdo independentista es dif\u00edcil\u00a0. ERC y Junts no llegan a la mayor\u00eda absoluta y no hay garant\u00eda de que la CUP saque suficientes diputados para hacerlo. Por otra parte, una alianza de este tipo ser\u00eda muy inestable por el tipo de pol\u00edtica contra la que sistem\u00e1ticamente llevan a cabo los cuperos. Una\u00a0alianza entre PSC y JxCat\u00a0tambi\u00e9n tendr\u00eda un amplio margen de posibilidades, pero no parece que sea una posibilidad concordante con el ADN de ambos partidos. Illa, por tanto, se presupone que ser\u00e1 el ganador, pero en ning\u00fan caso significar\u00eda que sea el futuro presidente, adem\u00e1s su liderazgo es muy d\u00e9bil. De acuerdo con la encuesta Gesop publicada en El Peri\u00f3dico el 23 de abril, s\u00f3lo\u00a01 de cada 5 catalanes tiene preferencia por \u00e9l y eso que su nota media indica que es una persona que presenta rechazos moderados, pero tambi\u00e9n adhesiones muy limitadas.\u00a0Puigdemont, que es un ejemplo de liderazgo polarizador, est\u00e1 a s\u00f3lo 1,8 puntos de distancia por debajo, en cuanto a las preferencias de los catalanes para ser presidente. Pero mientras Puigdemont obtiene una nota muy alta entre sus votantes, un 7,5, Illa solo alcanza un aprobado alto, un 6,7. En este mismo sentido, cabe decir que solo el 62,5% de los votantes del PSC le prefieren como presidente. Por tanto, todo apunta a que si es Illa quien ocupa este lugar tendr\u00e1 que gan\u00e1rselo cada d\u00eda porque de entrada el 80% de la poblaci\u00f3n no le mirar\u00e1 con buenos ojos. Claro que no se consuela es porque no quiere, porque la situaci\u00f3n del actual presidente Aragon\u00e8s es a\u00fan peor. Pese a disponer del te\u00f3rico carisma de su cargo, que en principio es muy alto en Catalunya, Aragon\u00e8s s\u00f3lo logra la preferencia del 14,5% de los catalanes. Y lo que es m\u00e1s escandaloso, solo es el preferido por el 39% de los votantes de ERC, lo que equivale a decir que la mayor\u00eda de su partido no le prefiere como presidente. Es evidente que con estos registros tiene poco que hacer. Creus que Salvador Illa podr\u00e0 ser president de la Generalitat de Catalunya? S\u00ed No No ho s\u00e9 Mira els resultats &nbsp;Cargando ...","protected":false},"author":77,"featured_media":77132,"comment_status":"open","ping_status":"open","sticky":false,"template":"","format":"standard","meta":{"_FSMCFIC_featured_image_caption":"","_FSMCFIC_featured_image_nocaption":"","_FSMCFIC_featured_image_hide":"","footnotes":""},"categories":[806],"tags":[5102,5101],"class_list":["post-77134","post","type-post","status-publish","format-standard","has-post-thumbnail","hentry","category-punts-claus-del-dia-es","tag-elecciones-cataluna-2024","tag-eleccions-catalunya-2024-es"],"yoast_head":"<!-- This site is optimized with the Yoast SEO plugin v26.8 - https:\/\/yoast.com\/product\/yoast-seo-wordpress\/ -->\n<title>Elecciones catalanas. Qu\u00e9 dicen las encuestas en estos momentos - Converses a Catalunya<\/title>\n<meta name=\"description\" content=\"Seg\u00fan encuesta elecciones catalanas, Illa est\u00e1 lejos de conseguir una mayor\u00eda de gobierno porque con los Comuns, quedan lejos de esca\u00f1os\" \/>\n<meta name=\"robots\" content=\"index, follow, max-snippet:-1, max-image-preview:large, max-video-preview:-1\" \/>\n<link rel=\"canonical\" href=\"https:\/\/conversesacatalunya.cat\/es\/elecciones-catalanas-que-dicen-las-encuestas-en-estos-momentos\/\" \/>\n<meta property=\"og:locale\" content=\"es_ES\" \/>\n<meta property=\"og:type\" content=\"article\" \/>\n<meta property=\"og:title\" content=\"Elecciones catalanas. Qu\u00e9 dicen las encuestas en estos momentos - Converses a Catalunya\" \/>\n<meta property=\"og:description\" content=\"Seg\u00fan encuesta elecciones catalanas, Illa est\u00e1 lejos de conseguir una mayor\u00eda de gobierno porque con los Comuns, quedan lejos de esca\u00f1os\" \/>\n<meta property=\"og:url\" content=\"https:\/\/conversesacatalunya.cat\/es\/elecciones-catalanas-que-dicen-las-encuestas-en-estos-momentos\/\" \/>\n<meta property=\"og:site_name\" content=\"Converses a Catalunya\" \/>\n<meta property=\"article:published_time\" content=\"2024-04-23T11:36:02+00:00\" \/>\n<meta property=\"article:modified_time\" content=\"2024-04-24T04:50:52+00:00\" \/>\n<meta property=\"og:image\" content=\"https:\/\/conversesacatalunya.cat\/wp-content\/uploads\/2024\/04\/enquesta-catalunya.jpg\" \/>\n\t<meta property=\"og:image:width\" content=\"1280\" \/>\n\t<meta property=\"og:image:height\" content=\"548\" \/>\n\t<meta property=\"og:image:type\" content=\"image\/jpeg\" \/>\n<meta name=\"author\" content=\"Enric Casanovas\" \/>\n<meta name=\"twitter:card\" content=\"summary_large_image\" \/>\n<meta name=\"twitter:label1\" content=\"Escrito por\" \/>\n\t<meta name=\"twitter:data1\" content=\"Enric Casanovas\" \/>\n\t<meta name=\"twitter:label2\" content=\"Tiempo de lectura\" \/>\n\t<meta name=\"twitter:data2\" content=\"5 minutos\" \/>\n<script type=\"application\/ld+json\" class=\"yoast-schema-graph\">{\"@context\":\"https:\/\/schema.org\",\"@graph\":[{\"@type\":\"Article\",\"@id\":\"https:\/\/conversesacatalunya.cat\/es\/elecciones-catalanas-que-dicen-las-encuestas-en-estos-momentos\/#article\",\"isPartOf\":{\"@id\":\"https:\/\/conversesacatalunya.cat\/es\/elecciones-catalanas-que-dicen-las-encuestas-en-estos-momentos\/\"},\"author\":{\"name\":\"Enric Casanovas\",\"@id\":\"https:\/\/conversesacatalunya.cat\/#\/schema\/person\/79bd0577b2f3afc8d6519d207c6e8609\"},\"headline\":\"Elecciones catalanas. Qu\u00e9 dicen las encuestas en estos momentos\",\"datePublished\":\"2024-04-23T11:36:02+00:00\",\"dateModified\":\"2024-04-24T04:50:52+00:00\",\"mainEntityOfPage\":{\"@id\":\"https:\/\/conversesacatalunya.cat\/es\/elecciones-catalanas-que-dicen-las-encuestas-en-estos-momentos\/\"},\"wordCount\":1019,\"commentCount\":0,\"image\":{\"@id\":\"https:\/\/conversesacatalunya.cat\/es\/elecciones-catalanas-que-dicen-las-encuestas-en-estos-momentos\/#primaryimage\"},\"thumbnailUrl\":\"https:\/\/conversesacatalunya.cat\/wp-content\/uploads\/2024\/04\/enquesta-catalunya.jpg\",\"keywords\":[\"Elecciones Catalu\u00f1a 2024\",\"Eleccions Catalunya 2024\"],\"articleSection\":[\"Punts clau del dia (ES)\"],\"inLanguage\":\"es\",\"potentialAction\":[{\"@type\":\"CommentAction\",\"name\":\"Comment\",\"target\":[\"https:\/\/conversesacatalunya.cat\/es\/elecciones-catalanas-que-dicen-las-encuestas-en-estos-momentos\/#respond\"]}]},{\"@type\":\"WebPage\",\"@id\":\"https:\/\/conversesacatalunya.cat\/es\/elecciones-catalanas-que-dicen-las-encuestas-en-estos-momentos\/\",\"url\":\"https:\/\/conversesacatalunya.cat\/es\/elecciones-catalanas-que-dicen-las-encuestas-en-estos-momentos\/\",\"name\":\"Elecciones catalanas. Qu\u00e9 dicen las encuestas en estos momentos - Converses a Catalunya\",\"isPartOf\":{\"@id\":\"https:\/\/conversesacatalunya.cat\/#website\"},\"primaryImageOfPage\":{\"@id\":\"https:\/\/conversesacatalunya.cat\/es\/elecciones-catalanas-que-dicen-las-encuestas-en-estos-momentos\/#primaryimage\"},\"image\":{\"@id\":\"https:\/\/conversesacatalunya.cat\/es\/elecciones-catalanas-que-dicen-las-encuestas-en-estos-momentos\/#primaryimage\"},\"thumbnailUrl\":\"https:\/\/conversesacatalunya.cat\/wp-content\/uploads\/2024\/04\/enquesta-catalunya.jpg\",\"datePublished\":\"2024-04-23T11:36:02+00:00\",\"dateModified\":\"2024-04-24T04:50:52+00:00\",\"author\":{\"@id\":\"https:\/\/conversesacatalunya.cat\/#\/schema\/person\/79bd0577b2f3afc8d6519d207c6e8609\"},\"description\":\"Seg\u00fan encuesta elecciones catalanas, Illa est\u00e1 lejos de conseguir una mayor\u00eda de gobierno porque con los Comuns, quedan lejos de esca\u00f1os\",\"breadcrumb\":{\"@id\":\"https:\/\/conversesacatalunya.cat\/es\/elecciones-catalanas-que-dicen-las-encuestas-en-estos-momentos\/#breadcrumb\"},\"inLanguage\":\"es\",\"potentialAction\":[{\"@type\":\"ReadAction\",\"target\":[\"https:\/\/conversesacatalunya.cat\/es\/elecciones-catalanas-que-dicen-las-encuestas-en-estos-momentos\/\"]}]},{\"@type\":\"ImageObject\",\"inLanguage\":\"es\",\"@id\":\"https:\/\/conversesacatalunya.cat\/es\/elecciones-catalanas-que-dicen-las-encuestas-en-estos-momentos\/#primaryimage\",\"url\":\"https:\/\/conversesacatalunya.cat\/wp-content\/uploads\/2024\/04\/enquesta-catalunya.jpg\",\"contentUrl\":\"https:\/\/conversesacatalunya.cat\/wp-content\/uploads\/2024\/04\/enquesta-catalunya.jpg\",\"width\":1280,\"height\":548,\"caption\":\"encuesta elecciones catalanas\"},{\"@type\":\"BreadcrumbList\",\"@id\":\"https:\/\/conversesacatalunya.cat\/es\/elecciones-catalanas-que-dicen-las-encuestas-en-estos-momentos\/#breadcrumb\",\"itemListElement\":[{\"@type\":\"ListItem\",\"position\":1,\"name\":\"Inici\",\"item\":\"https:\/\/conversesacatalunya.cat\/es\/\"},{\"@type\":\"ListItem\",\"position\":2,\"name\":\"Elecciones catalanas. Qu\u00e9 dicen las encuestas en estos momentos\"}]},{\"@type\":\"WebSite\",\"@id\":\"https:\/\/conversesacatalunya.cat\/#website\",\"url\":\"https:\/\/conversesacatalunya.cat\/\",\"name\":\"Converses a Catalunya\",\"description\":\"\",\"potentialAction\":[{\"@type\":\"SearchAction\",\"target\":{\"@type\":\"EntryPoint\",\"urlTemplate\":\"https:\/\/conversesacatalunya.cat\/?s={search_term_string}\"},\"query-input\":{\"@type\":\"PropertyValueSpecification\",\"valueRequired\":true,\"valueName\":\"search_term_string\"}}],\"inLanguage\":\"es\"},{\"@type\":\"Person\",\"@id\":\"https:\/\/conversesacatalunya.cat\/#\/schema\/person\/79bd0577b2f3afc8d6519d207c6e8609\",\"name\":\"Enric Casanovas\",\"image\":{\"@type\":\"ImageObject\",\"inLanguage\":\"es\",\"@id\":\"https:\/\/conversesacatalunya.cat\/#\/schema\/person\/image\/\",\"url\":\"https:\/\/conversesacatalunya.cat\/wp-content\/litespeed\/avatar\/7ae4379ad4421ec77820e92afd36dd78.jpg?ver=1777373933\",\"contentUrl\":\"https:\/\/conversesacatalunya.cat\/wp-content\/litespeed\/avatar\/7ae4379ad4421ec77820e92afd36dd78.jpg?ver=1777373933\",\"caption\":\"Enric Casanovas\"},\"url\":\"https:\/\/conversesacatalunya.cat\/es\/author\/enric-casanovas\/\"}]}<\/script>\n<!-- \/ Yoast SEO plugin. -->","yoast_head_json":{"title":"Elecciones catalanas. Qu\u00e9 dicen las encuestas en estos momentos - Converses a Catalunya","description":"Seg\u00fan encuesta elecciones catalanas, Illa est\u00e1 lejos de conseguir una mayor\u00eda de gobierno porque con los Comuns, quedan lejos de esca\u00f1os","robots":{"index":"index","follow":"follow","max-snippet":"max-snippet:-1","max-image-preview":"max-image-preview:large","max-video-preview":"max-video-preview:-1"},"canonical":"https:\/\/conversesacatalunya.cat\/es\/elecciones-catalanas-que-dicen-las-encuestas-en-estos-momentos\/","og_locale":"es_ES","og_type":"article","og_title":"Elecciones catalanas. Qu\u00e9 dicen las encuestas en estos momentos - Converses a Catalunya","og_description":"Seg\u00fan encuesta elecciones catalanas, Illa est\u00e1 lejos de conseguir una mayor\u00eda de gobierno porque con los Comuns, quedan lejos de esca\u00f1os","og_url":"https:\/\/conversesacatalunya.cat\/es\/elecciones-catalanas-que-dicen-las-encuestas-en-estos-momentos\/","og_site_name":"Converses a Catalunya","article_published_time":"2024-04-23T11:36:02+00:00","article_modified_time":"2024-04-24T04:50:52+00:00","og_image":[{"width":1280,"height":548,"url":"https:\/\/conversesacatalunya.cat\/wp-content\/uploads\/2024\/04\/enquesta-catalunya.jpg","type":"image\/jpeg"}],"author":"Enric Casanovas","twitter_card":"summary_large_image","twitter_misc":{"Escrito por":"Enric Casanovas","Tiempo de lectura":"5 minutos"},"schema":{"@context":"https:\/\/schema.org","@graph":[{"@type":"Article","@id":"https:\/\/conversesacatalunya.cat\/es\/elecciones-catalanas-que-dicen-las-encuestas-en-estos-momentos\/#article","isPartOf":{"@id":"https:\/\/conversesacatalunya.cat\/es\/elecciones-catalanas-que-dicen-las-encuestas-en-estos-momentos\/"},"author":{"name":"Enric Casanovas","@id":"https:\/\/conversesacatalunya.cat\/#\/schema\/person\/79bd0577b2f3afc8d6519d207c6e8609"},"headline":"Elecciones catalanas. Qu\u00e9 dicen las encuestas en estos momentos","datePublished":"2024-04-23T11:36:02+00:00","dateModified":"2024-04-24T04:50:52+00:00","mainEntityOfPage":{"@id":"https:\/\/conversesacatalunya.cat\/es\/elecciones-catalanas-que-dicen-las-encuestas-en-estos-momentos\/"},"wordCount":1019,"commentCount":0,"image":{"@id":"https:\/\/conversesacatalunya.cat\/es\/elecciones-catalanas-que-dicen-las-encuestas-en-estos-momentos\/#primaryimage"},"thumbnailUrl":"https:\/\/conversesacatalunya.cat\/wp-content\/uploads\/2024\/04\/enquesta-catalunya.jpg","keywords":["Elecciones Catalu\u00f1a 2024","Eleccions Catalunya 2024"],"articleSection":["Punts clau del dia (ES)"],"inLanguage":"es","potentialAction":[{"@type":"CommentAction","name":"Comment","target":["https:\/\/conversesacatalunya.cat\/es\/elecciones-catalanas-que-dicen-las-encuestas-en-estos-momentos\/#respond"]}]},{"@type":"WebPage","@id":"https:\/\/conversesacatalunya.cat\/es\/elecciones-catalanas-que-dicen-las-encuestas-en-estos-momentos\/","url":"https:\/\/conversesacatalunya.cat\/es\/elecciones-catalanas-que-dicen-las-encuestas-en-estos-momentos\/","name":"Elecciones catalanas. Qu\u00e9 dicen las encuestas en estos momentos - Converses a Catalunya","isPartOf":{"@id":"https:\/\/conversesacatalunya.cat\/#website"},"primaryImageOfPage":{"@id":"https:\/\/conversesacatalunya.cat\/es\/elecciones-catalanas-que-dicen-las-encuestas-en-estos-momentos\/#primaryimage"},"image":{"@id":"https:\/\/conversesacatalunya.cat\/es\/elecciones-catalanas-que-dicen-las-encuestas-en-estos-momentos\/#primaryimage"},"thumbnailUrl":"https:\/\/conversesacatalunya.cat\/wp-content\/uploads\/2024\/04\/enquesta-catalunya.jpg","datePublished":"2024-04-23T11:36:02+00:00","dateModified":"2024-04-24T04:50:52+00:00","author":{"@id":"https:\/\/conversesacatalunya.cat\/#\/schema\/person\/79bd0577b2f3afc8d6519d207c6e8609"},"description":"Seg\u00fan encuesta elecciones catalanas, Illa est\u00e1 lejos de conseguir una mayor\u00eda de gobierno porque con los Comuns, quedan lejos de esca\u00f1os","breadcrumb":{"@id":"https:\/\/conversesacatalunya.cat\/es\/elecciones-catalanas-que-dicen-las-encuestas-en-estos-momentos\/#breadcrumb"},"inLanguage":"es","potentialAction":[{"@type":"ReadAction","target":["https:\/\/conversesacatalunya.cat\/es\/elecciones-catalanas-que-dicen-las-encuestas-en-estos-momentos\/"]}]},{"@type":"ImageObject","inLanguage":"es","@id":"https:\/\/conversesacatalunya.cat\/es\/elecciones-catalanas-que-dicen-las-encuestas-en-estos-momentos\/#primaryimage","url":"https:\/\/conversesacatalunya.cat\/wp-content\/uploads\/2024\/04\/enquesta-catalunya.jpg","contentUrl":"https:\/\/conversesacatalunya.cat\/wp-content\/uploads\/2024\/04\/enquesta-catalunya.jpg","width":1280,"height":548,"caption":"encuesta elecciones catalanas"},{"@type":"BreadcrumbList","@id":"https:\/\/conversesacatalunya.cat\/es\/elecciones-catalanas-que-dicen-las-encuestas-en-estos-momentos\/#breadcrumb","itemListElement":[{"@type":"ListItem","position":1,"name":"Inici","item":"https:\/\/conversesacatalunya.cat\/es\/"},{"@type":"ListItem","position":2,"name":"Elecciones catalanas. Qu\u00e9 dicen las encuestas en estos momentos"}]},{"@type":"WebSite","@id":"https:\/\/conversesacatalunya.cat\/#website","url":"https:\/\/conversesacatalunya.cat\/","name":"Converses a Catalunya","description":"","potentialAction":[{"@type":"SearchAction","target":{"@type":"EntryPoint","urlTemplate":"https:\/\/conversesacatalunya.cat\/?s={search_term_string}"},"query-input":{"@type":"PropertyValueSpecification","valueRequired":true,"valueName":"search_term_string"}}],"inLanguage":"es"},{"@type":"Person","@id":"https:\/\/conversesacatalunya.cat\/#\/schema\/person\/79bd0577b2f3afc8d6519d207c6e8609","name":"Enric Casanovas","image":{"@type":"ImageObject","inLanguage":"es","@id":"https:\/\/conversesacatalunya.cat\/#\/schema\/person\/image\/","url":"https:\/\/conversesacatalunya.cat\/wp-content\/litespeed\/avatar\/7ae4379ad4421ec77820e92afd36dd78.jpg?ver=1777373933","contentUrl":"https:\/\/conversesacatalunya.cat\/wp-content\/litespeed\/avatar\/7ae4379ad4421ec77820e92afd36dd78.jpg?ver=1777373933","caption":"Enric Casanovas"},"url":"https:\/\/conversesacatalunya.cat\/es\/author\/enric-casanovas\/"}]}},"wps_subtitle":"Illa est\u00e1 muy lejos de conseguir una mayor\u00eda de gobierno porque con los que lo tiene m\u00e1s f\u00e1cil, los Comuns, quedan muy lejos de los esca\u00f1os necesarios","_links":{"self":[{"href":"https:\/\/conversesacatalunya.cat\/es\/wp-json\/wp\/v2\/posts\/77134","targetHints":{"allow":["GET"]}}],"collection":[{"href":"https:\/\/conversesacatalunya.cat\/es\/wp-json\/wp\/v2\/posts"}],"about":[{"href":"https:\/\/conversesacatalunya.cat\/es\/wp-json\/wp\/v2\/types\/post"}],"author":[{"embeddable":true,"href":"https:\/\/conversesacatalunya.cat\/es\/wp-json\/wp\/v2\/users\/77"}],"replies":[{"embeddable":true,"href":"https:\/\/conversesacatalunya.cat\/es\/wp-json\/wp\/v2\/comments?post=77134"}],"version-history":[{"count":9,"href":"https:\/\/conversesacatalunya.cat\/es\/wp-json\/wp\/v2\/posts\/77134\/revisions"}],"predecessor-version":[{"id":77149,"href":"https:\/\/conversesacatalunya.cat\/es\/wp-json\/wp\/v2\/posts\/77134\/revisions\/77149"}],"wp:featuredmedia":[{"embeddable":true,"href":"https:\/\/conversesacatalunya.cat\/es\/wp-json\/wp\/v2\/media\/77132"}],"wp:attachment":[{"href":"https:\/\/conversesacatalunya.cat\/es\/wp-json\/wp\/v2\/media?parent=77134"}],"wp:term":[{"taxonomy":"category","embeddable":true,"href":"https:\/\/conversesacatalunya.cat\/es\/wp-json\/wp\/v2\/categories?post=77134"},{"taxonomy":"post_tag","embeddable":true,"href":"https:\/\/conversesacatalunya.cat\/es\/wp-json\/wp\/v2\/tags?post=77134"}],"curies":[{"name":"wp","href":"https:\/\/api.w.org\/{rel}","templated":true}]}}