{"id":76801,"date":"2024-04-11T12:36:18","date_gmt":"2024-04-11T10:36:18","guid":{"rendered":"https:\/\/conversesacatalunya.cat\/com-els-governs-fan-mala-politica-el-cas-dels-abusos-i-la-violencia-sexual-en-menors\/"},"modified":"2024-04-11T14:46:45","modified_gmt":"2024-04-11T12:46:45","slug":"como-los-gobiernos-hacen-mala-politica-el-caso-de-los-abusos-y-la-violencia-sexual-en-menores","status":"publish","type":"post","link":"https:\/\/conversesacatalunya.cat\/es\/como-los-gobiernos-hacen-mala-politica-el-caso-de-los-abusos-y-la-violencia-sexual-en-menores\/","title":{"rendered":"C\u00f3mo los gobiernos hacen mala pol\u00edtica: el caso de los abusos y la violencia sexual en menores"},"content":{"rendered":"<p><span>Por iniciativa de los partidos del gobierno en 2022, el Congreso de los Diputados aprob\u00f3 pedir al Defensor del Pueblo un informe para fundamentar pol\u00edticas p\u00fablicas de los abusos sexuales a menores, pero limitado extra\u00f1amente s\u00f3lo a aquellas personas que estuvieran vinculadas a \u00e1mbitos de la Iglesia cat\u00f3lica.<\/span><\/p>\n<p><span>Este hecho claramente discriminatorio, con la Constituci\u00f3n en la mano, porque se\u00f1alaba a un grupo social como principal responsable de un delito (imagin\u00e9monos la escandalera que hubiera provocado un texto similar pidiendo que se hiciera un informe sobre los robos, pero limitados s\u00f3lo a los gitanos) fue contestado y reclamada su rectificaci\u00f3n por diversas organizaciones, entre ellas\u00a0<\/span><a href=\"https:\/\/translate.google.com\/website?sl=ca&amp;tl=es&amp;hl=es&amp;client=webapp&amp;u=https:\/\/e-cristians.cat\/informe-a-la-majoria-lesglesia-com-a-boc-expiatori-i-locultacio-de-la-pederastia\/\" target=\"_blank\" rel=\"noopener\"><span>e-Cristians, que seguramente fue la que present\u00f3 informes m\u00e1s detallados<\/span><\/a><span>. La raz\u00f3n de la discrepancia era importante y concreta. Los informes constataban que menos del 1% de este tipo de delitos pod\u00edan atribuirse a personas vinculadas a instituciones cat\u00f3licas, de acuerdo con todos los datos disponibles y que, por tanto, si se llevaba a cabo con este enfoque, el 99% de los casos quedaban fuera. Este sesgo tan grande har\u00eda, como as\u00ed ha sido, que los resultados quedaran muy distorsionados.<\/span><\/p>\n<p><span>El informe llevado a cabo por el Defensor del Pueblo confirma esta previsi\u00f3n porque resulta que el grupo m\u00e1s afectado es el de ni\u00f1os, lo que constituye un error flagrante, y que los autores tienen mayoritariamente tendencias homosexuales y homoer\u00f3ticas, lo que tampoco responde a la realidad.<\/span><\/p>\n<p><span>Ahora, un nuevo informe de la\u00a0<\/span><strong><span>Fundaci\u00f3n IR vuelve a poner el tema sobre la mesa<\/span><\/strong><span>, apoya la cr\u00edtica hecha en el acuerdo del Congreso del informe del Defensor del Pueblo y da la raz\u00f3n a aquellos que ped\u00edan una indagatoria de los abusos sexuales en menores que contemplara el conjunto de los delitos.<\/span><\/p>\n<p><span>Este informe de ANAR, basado en los casos que han pedido ayuda a esta fundaci\u00f3n, comprende el per\u00edodo 2019-2023 y hace referencia a 4.522 menores. Las conclusiones deber\u00edan mover a una <\/span><strong><span>acci\u00f3n del gobierno<\/span><\/strong><span>. Tambi\u00e9n en Catalunya, que ha reproducido mim\u00e9ticamente lo que hace el Congreso de los Diputados. Porque resulta que este tipo de delitos ha crecido extraordinariamente entre aquellos a\u00f1os, ha aumentado un 55% y los casos se han multiplicado por 4,5. La gran mayor\u00eda de afectados son chicas y adolescentes femeninas, el 79%, y el perfil del agresor tipo es el de un hombre, 94%, y la mayor\u00eda mayores de edad, 79%. Los delitos son producidos A 79,5% en personas del entorno de la v\u00edctima y la mitad son familiares de ella.<\/span><\/p>\n<p><span>La edad media de la v\u00edctima es de 12,5 a\u00f1os, el 41% proceden de familias inmigrantes y el 36% de familias monoparentales. Por tanto, el peso de estos grupos es extraordinariamente mayor que el que en realidad tienen en el conjunto de la poblaci\u00f3n y en consecuencia se\u00f1alan dos de los focos del problema.<\/span><\/p>\n<p><span>Un 11% de las agresiones sexuales se producen en manada y \u00e9ste es un valor en alza. Estos datos son consistentes con el informe de delitos contra la libertad sexual del\u00a0<\/span><strong><span>a\u00f1o 2022 del ministerio del Interior, que se\u00f1ala que de las 18.731 denuncias interpuestas por violencia sexual<\/span><\/strong><span>, el 44,5% han tenido como v\u00edctimas a un menor de edad. \u00c9sta es la gran dimensi\u00f3n del problema, que los gobiernos, tanto catal\u00e1n como espa\u00f1ol, quieren ignorar. Adem\u00e1s, en ese caso el 82% de los menores eran de sexo femenino. El agresor fue en casi la totalidad de los casos un hombre y el 16% eran menores de edad.<\/span><\/p>\n<p><span>En definitiva, lo que confirman una y otra vez los datos es que\u00a0<\/span><strong><span>el problema est\u00e1 extendido, es creciente<\/span><\/strong><span> (y aqu\u00ed todav\u00eda habr\u00eda que a\u00f1adir la pornograf\u00eda infantil que afecta a amplios entornos de la v\u00edctima y en una medida destacada a la misma familia) y tambi\u00e9n, como se\u00f1alan otras fuentes, son focos importantes\u00a0<\/span><strong><span>la misma escuela y las actividades de ocio,<\/span><\/strong><span>\u00a0en gran medida, que dependen directamente de las administraciones del estado o auton\u00f3micas.<\/span><\/p>\n<p><span>A pesar de estas evidencias, los gobiernos prefieren Eludir al problema y centrar el foco en el 0,4% de los casos atribuibles a personas vinculadas a la Iglesia cat\u00f3lica. Con estas pol\u00edticas es evidente que jam\u00e1s resolveremos esta dram\u00e1tica violencia.<\/span><\/p>\n<div id=\"polls-237\" class=\"wp-polls\">\n\t<form id=\"polls_form_237\" class=\"wp-polls-form\" action=\"\/index.php\" method=\"post\">\n\t\t<p style=\"display: none;\"><input type=\"hidden\" id=\"poll_237_nonce\" name=\"wp-polls-nonce\" value=\"697cf51257\" \/><\/p>\n\t\t<p style=\"display: none;\"><input type=\"hidden\" name=\"poll_id\" value=\"237\" \/><\/p>\n\t\t<p style=\"text-align: center\"><strong>Despr\u00e9s de les eleccions basques, a qui creus que donar\u00e0 suport el Partit Socialista, al PNB o a Bildu?<\/strong><\/p><div id=\"polls-237-ans\" class=\"wp-polls-ans\"><ul class=\"wp-polls-ul\">\n\t\t<li><input type=\"radio\" id=\"poll-answer-663\" name=\"poll_237\" value=\"663\" \/> <label for=\"poll-answer-663\">PNB<\/label><\/li>\n\t\t<li><input type=\"radio\" id=\"poll-answer-664\" name=\"poll_237\" value=\"664\" \/> <label for=\"poll-answer-664\">Bildu<\/label><\/li>\n\t\t<li><input type=\"radio\" id=\"poll-answer-665\" name=\"poll_237\" value=\"665\" \/> <label for=\"poll-answer-665\">No ho s\u00e9<\/label><\/li>\n\t\t<\/ul><p style=\"text-align: center\"><input type=\"button\" name=\"vote\" value=\"   Vota   \" class=\"Buttons\" onclick=\"poll_vote(237);\" \/><\/p><p style=\"text-align: center\"><a href=\"#ViewPollResults\" onclick=\"poll_result(237); return false;\" title=\"View Results Of This Poll\">Mira els resultats<\/a><\/p><\/div>\n\t<\/form>\n<\/div>\n<div id=\"polls-237-loading\" class=\"wp-polls-loading\"><img decoding=\"async\" data-src=\"https:\/\/conversesacatalunya.cat\/wp-content\/plugins\/wp-polls\/images\/loading.gif\" width=\"16\" height=\"16\" alt=\"Cargando ...\" title=\"Cargando ...\" class=\"wp-polls-image lazyload\" src=\"data:image\/svg+xml;base64,PHN2ZyB3aWR0aD0iMSIgaGVpZ2h0PSIxIiB4bWxucz0iaHR0cDovL3d3dy53My5vcmcvMjAwMC9zdmciPjwvc3ZnPg==\" style=\"--smush-placeholder-width: 16px; --smush-placeholder-aspect-ratio: 16\/16;\" \/>&nbsp;Cargando ...<\/div>\n\n<p>&nbsp;<\/p>\n","protected":false},"excerpt":{"rendered":"<p>Por iniciativa de los partidos del gobierno en 2022, el Congreso de los Diputados aprob\u00f3 pedir al Defensor del Pueblo un informe para fundamentar pol\u00edticas p\u00fablicas de los abusos sexuales a menores, pero limitado extra\u00f1amente s\u00f3lo a aquellas personas que estuvieran vinculadas a \u00e1mbitos de la Iglesia cat\u00f3lica. Este hecho claramente discriminatorio, con la Constituci\u00f3n en la mano, porque se\u00f1alaba a un grupo social como principal responsable de un delito (imagin\u00e9monos la escandalera que hubiera provocado un texto similar pidiendo que se hiciera un informe sobre los robos, pero limitados s\u00f3lo a los gitanos) fue contestado y reclamada su rectificaci\u00f3n por diversas organizaciones, entre ellas\u00a0e-Cristians, que seguramente fue la que present\u00f3 informes m\u00e1s detallados. La raz\u00f3n de la discrepancia era importante y concreta. Los informes constataban que menos del 1% de este tipo de delitos pod\u00edan atribuirse a personas vinculadas a instituciones cat\u00f3licas, de acuerdo con todos los datos disponibles y que, por tanto, si se llevaba a cabo con este enfoque, el 99% de los casos quedaban fuera. Este sesgo tan grande har\u00eda, como as\u00ed ha sido, que los resultados quedaran muy distorsionados. El informe llevado a cabo por el Defensor del Pueblo confirma esta previsi\u00f3n porque resulta que el grupo m\u00e1s afectado es el de ni\u00f1os, lo que constituye un error flagrante, y que los autores tienen mayoritariamente tendencias homosexuales y homoer\u00f3ticas, lo que tampoco responde a la realidad. Ahora, un nuevo informe de la\u00a0Fundaci\u00f3n IR vuelve a poner el tema sobre la mesa, apoya la cr\u00edtica hecha en el acuerdo del Congreso del informe del Defensor del Pueblo y da la raz\u00f3n a aquellos que ped\u00edan una indagatoria de los abusos sexuales en menores que contemplara el conjunto de los delitos. Este informe de ANAR, basado en los casos que han pedido ayuda a esta fundaci\u00f3n, comprende el per\u00edodo 2019-2023 y hace referencia a 4.522 menores. Las conclusiones deber\u00edan mover a una acci\u00f3n del gobierno. Tambi\u00e9n en Catalunya, que ha reproducido mim\u00e9ticamente lo que hace el Congreso de los Diputados. Porque resulta que este tipo de delitos ha crecido extraordinariamente entre aquellos a\u00f1os, ha aumentado un 55% y los casos se han multiplicado por 4,5. La gran mayor\u00eda de afectados son chicas y adolescentes femeninas, el 79%, y el perfil del agresor tipo es el de un hombre, 94%, y la mayor\u00eda mayores de edad, 79%. Los delitos son producidos A 79,5% en personas del entorno de la v\u00edctima y la mitad son familiares de ella. La edad media de la v\u00edctima es de 12,5 a\u00f1os, el 41% proceden de familias inmigrantes y el 36% de familias monoparentales. Por tanto, el peso de estos grupos es extraordinariamente mayor que el que en realidad tienen en el conjunto de la poblaci\u00f3n y en consecuencia se\u00f1alan dos de los focos del problema. Un 11% de las agresiones sexuales se producen en manada y \u00e9ste es un valor en alza. Estos datos son consistentes con el informe de delitos contra la libertad sexual del\u00a0a\u00f1o 2022 del ministerio del Interior, que se\u00f1ala que de las 18.731 denuncias interpuestas por violencia sexual, el 44,5% han tenido como v\u00edctimas a un menor de edad. \u00c9sta es la gran dimensi\u00f3n del problema, que los gobiernos, tanto catal\u00e1n como espa\u00f1ol, quieren ignorar. Adem\u00e1s, en ese caso el 82% de los menores eran de sexo femenino. El agresor fue en casi la totalidad de los casos un hombre y el 16% eran menores de edad. En definitiva, lo que confirman una y otra vez los datos es que\u00a0el problema est\u00e1 extendido, es creciente (y aqu\u00ed todav\u00eda habr\u00eda que a\u00f1adir la pornograf\u00eda infantil que afecta a amplios entornos de la v\u00edctima y en una medida destacada a la misma familia) y tambi\u00e9n, como se\u00f1alan otras fuentes, son focos importantes\u00a0la misma escuela y las actividades de ocio,\u00a0en gran medida, que dependen directamente de las administraciones del estado o auton\u00f3micas. A pesar de estas evidencias, los gobiernos prefieren Eludir al problema y centrar el foco en el 0,4% de los casos atribuibles a personas vinculadas a la Iglesia cat\u00f3lica. Con estas pol\u00edticas es evidente que jam\u00e1s resolveremos esta dram\u00e1tica violencia. &nbsp;<\/p>\n","protected":false},"author":19,"featured_media":76795,"comment_status":"open","ping_status":"open","sticky":false,"template":"","format":"standard","meta":{"_FSMCFIC_featured_image_caption":"","_FSMCFIC_featured_image_nocaption":"","_FSMCFIC_featured_image_hide":"","footnotes":""},"categories":[796,806],"tags":[3607,3605],"class_list":["post-76801","post","type-post","status-publish","format-standard","has-post-thumbnail","hentry","category-el-blog-de-josep-miro-i-ardevol-es","category-punts-claus-del-dia-es","tag-abusos-sexuales","tag-abusos-sexuals-es"],"yoast_head":"<!-- This site is optimized with the Yoast SEO plugin v26.8 - https:\/\/yoast.com\/product\/yoast-seo-wordpress\/ -->\n<title>C\u00f3mo los gobiernos hacen mala pol\u00edtica: el caso de los abusos y la violencia sexual en menores - Converses a Catalunya<\/title>\n<meta name=\"description\" content=\"Con estas pol\u00edticas, es evidente que jam\u00e1s resolveremos esta dram\u00e1tica violencia\" \/>\n<meta name=\"robots\" content=\"index, follow, max-snippet:-1, max-image-preview:large, max-video-preview:-1\" \/>\n<link rel=\"canonical\" href=\"https:\/\/conversesacatalunya.cat\/es\/como-los-gobiernos-hacen-mala-politica-el-caso-de-los-abusos-y-la-violencia-sexual-en-menores\/\" \/>\n<meta property=\"og:locale\" content=\"es_ES\" \/>\n<meta property=\"og:type\" content=\"article\" \/>\n<meta property=\"og:title\" content=\"C\u00f3mo los gobiernos hacen mala pol\u00edtica: el caso de los abusos y la violencia sexual en menores - Converses a Catalunya\" \/>\n<meta property=\"og:description\" content=\"Con estas pol\u00edticas, es evidente que jam\u00e1s resolveremos esta dram\u00e1tica violencia\" \/>\n<meta property=\"og:url\" content=\"https:\/\/conversesacatalunya.cat\/es\/como-los-gobiernos-hacen-mala-politica-el-caso-de-los-abusos-y-la-violencia-sexual-en-menores\/\" \/>\n<meta property=\"og:site_name\" content=\"Converses a Catalunya\" \/>\n<meta property=\"article:published_time\" content=\"2024-04-11T10:36:18+00:00\" \/>\n<meta property=\"article:modified_time\" content=\"2024-04-11T12:46:45+00:00\" \/>\n<meta property=\"og:image\" content=\"https:\/\/conversesacatalunya.cat\/wp-content\/uploads\/2024\/04\/abusos.jpg\" \/>\n\t<meta property=\"og:image:width\" content=\"960\" \/>\n\t<meta property=\"og:image:height\" content=\"720\" \/>\n\t<meta property=\"og:image:type\" content=\"image\/jpeg\" \/>\n<meta name=\"author\" content=\"Josep Mir\u00f3 i Ard\u00e8vol\" \/>\n<meta name=\"twitter:card\" content=\"summary_large_image\" \/>\n<meta name=\"twitter:label1\" content=\"Escrito por\" \/>\n\t<meta name=\"twitter:data1\" content=\"Josep Mir\u00f3 i Ard\u00e8vol\" \/>\n\t<meta name=\"twitter:label2\" content=\"Tiempo de lectura\" \/>\n\t<meta name=\"twitter:data2\" content=\"4 minutos\" \/>\n<script type=\"application\/ld+json\" class=\"yoast-schema-graph\">{\"@context\":\"https:\/\/schema.org\",\"@graph\":[{\"@type\":\"Article\",\"@id\":\"https:\/\/conversesacatalunya.cat\/es\/como-los-gobiernos-hacen-mala-politica-el-caso-de-los-abusos-y-la-violencia-sexual-en-menores\/#article\",\"isPartOf\":{\"@id\":\"https:\/\/conversesacatalunya.cat\/es\/como-los-gobiernos-hacen-mala-politica-el-caso-de-los-abusos-y-la-violencia-sexual-en-menores\/\"},\"author\":{\"name\":\"Josep Mir\u00f3 i Ard\u00e8vol\",\"@id\":\"https:\/\/conversesacatalunya.cat\/#\/schema\/person\/a9598a6786ba7d3d1c5e0de477b79370\"},\"headline\":\"C\u00f3mo los gobiernos hacen mala pol\u00edtica: el caso de los abusos y la violencia sexual en menores\",\"datePublished\":\"2024-04-11T10:36:18+00:00\",\"dateModified\":\"2024-04-11T12:46:45+00:00\",\"mainEntityOfPage\":{\"@id\":\"https:\/\/conversesacatalunya.cat\/es\/como-los-gobiernos-hacen-mala-politica-el-caso-de-los-abusos-y-la-violencia-sexual-en-menores\/\"},\"wordCount\":745,\"commentCount\":0,\"image\":{\"@id\":\"https:\/\/conversesacatalunya.cat\/es\/como-los-gobiernos-hacen-mala-politica-el-caso-de-los-abusos-y-la-violencia-sexual-en-menores\/#primaryimage\"},\"thumbnailUrl\":\"https:\/\/conversesacatalunya.cat\/wp-content\/uploads\/2024\/04\/abusos.jpg\",\"keywords\":[\"Abusos sexuales\",\"abusos sexuals\"],\"articleSection\":[\"El Blog de Josep Mir\u00f3 i Ard\u00e8vol (ES)\",\"Punts clau del dia (ES)\"],\"inLanguage\":\"es\",\"potentialAction\":[{\"@type\":\"CommentAction\",\"name\":\"Comment\",\"target\":[\"https:\/\/conversesacatalunya.cat\/es\/como-los-gobiernos-hacen-mala-politica-el-caso-de-los-abusos-y-la-violencia-sexual-en-menores\/#respond\"]}]},{\"@type\":\"WebPage\",\"@id\":\"https:\/\/conversesacatalunya.cat\/es\/como-los-gobiernos-hacen-mala-politica-el-caso-de-los-abusos-y-la-violencia-sexual-en-menores\/\",\"url\":\"https:\/\/conversesacatalunya.cat\/es\/como-los-gobiernos-hacen-mala-politica-el-caso-de-los-abusos-y-la-violencia-sexual-en-menores\/\",\"name\":\"C\u00f3mo los gobiernos hacen mala pol\u00edtica: el caso de los abusos y la violencia sexual en menores - Converses a Catalunya\",\"isPartOf\":{\"@id\":\"https:\/\/conversesacatalunya.cat\/#website\"},\"primaryImageOfPage\":{\"@id\":\"https:\/\/conversesacatalunya.cat\/es\/como-los-gobiernos-hacen-mala-politica-el-caso-de-los-abusos-y-la-violencia-sexual-en-menores\/#primaryimage\"},\"image\":{\"@id\":\"https:\/\/conversesacatalunya.cat\/es\/como-los-gobiernos-hacen-mala-politica-el-caso-de-los-abusos-y-la-violencia-sexual-en-menores\/#primaryimage\"},\"thumbnailUrl\":\"https:\/\/conversesacatalunya.cat\/wp-content\/uploads\/2024\/04\/abusos.jpg\",\"datePublished\":\"2024-04-11T10:36:18+00:00\",\"dateModified\":\"2024-04-11T12:46:45+00:00\",\"author\":{\"@id\":\"https:\/\/conversesacatalunya.cat\/#\/schema\/person\/a9598a6786ba7d3d1c5e0de477b79370\"},\"description\":\"Con estas pol\u00edticas, es evidente que jam\u00e1s resolveremos esta dram\u00e1tica violencia\",\"breadcrumb\":{\"@id\":\"https:\/\/conversesacatalunya.cat\/es\/como-los-gobiernos-hacen-mala-politica-el-caso-de-los-abusos-y-la-violencia-sexual-en-menores\/#breadcrumb\"},\"inLanguage\":\"es\",\"potentialAction\":[{\"@type\":\"ReadAction\",\"target\":[\"https:\/\/conversesacatalunya.cat\/es\/como-los-gobiernos-hacen-mala-politica-el-caso-de-los-abusos-y-la-violencia-sexual-en-menores\/\"]}]},{\"@type\":\"ImageObject\",\"inLanguage\":\"es\",\"@id\":\"https:\/\/conversesacatalunya.cat\/es\/como-los-gobiernos-hacen-mala-politica-el-caso-de-los-abusos-y-la-violencia-sexual-en-menores\/#primaryimage\",\"url\":\"https:\/\/conversesacatalunya.cat\/wp-content\/uploads\/2024\/04\/abusos.jpg\",\"contentUrl\":\"https:\/\/conversesacatalunya.cat\/wp-content\/uploads\/2024\/04\/abusos.jpg\",\"width\":960,\"height\":720},{\"@type\":\"BreadcrumbList\",\"@id\":\"https:\/\/conversesacatalunya.cat\/es\/como-los-gobiernos-hacen-mala-politica-el-caso-de-los-abusos-y-la-violencia-sexual-en-menores\/#breadcrumb\",\"itemListElement\":[{\"@type\":\"ListItem\",\"position\":1,\"name\":\"Inici\",\"item\":\"https:\/\/conversesacatalunya.cat\/es\/\"},{\"@type\":\"ListItem\",\"position\":2,\"name\":\"C\u00f3mo los gobiernos hacen mala pol\u00edtica: el caso de los abusos y la violencia sexual en menores\"}]},{\"@type\":\"WebSite\",\"@id\":\"https:\/\/conversesacatalunya.cat\/#website\",\"url\":\"https:\/\/conversesacatalunya.cat\/\",\"name\":\"Converses a Catalunya\",\"description\":\"\",\"potentialAction\":[{\"@type\":\"SearchAction\",\"target\":{\"@type\":\"EntryPoint\",\"urlTemplate\":\"https:\/\/conversesacatalunya.cat\/?s={search_term_string}\"},\"query-input\":{\"@type\":\"PropertyValueSpecification\",\"valueRequired\":true,\"valueName\":\"search_term_string\"}}],\"inLanguage\":\"es\"},{\"@type\":\"Person\",\"@id\":\"https:\/\/conversesacatalunya.cat\/#\/schema\/person\/a9598a6786ba7d3d1c5e0de477b79370\",\"name\":\"Josep Mir\u00f3 i Ard\u00e8vol\",\"image\":{\"@type\":\"ImageObject\",\"inLanguage\":\"es\",\"@id\":\"https:\/\/conversesacatalunya.cat\/#\/schema\/person\/image\/\",\"url\":\"https:\/\/conversesacatalunya.cat\/wp-content\/litespeed\/avatar\/c37e3dc881857483d6694cdf98fdedea.jpg?ver=1777270381\",\"contentUrl\":\"https:\/\/conversesacatalunya.cat\/wp-content\/litespeed\/avatar\/c37e3dc881857483d6694cdf98fdedea.jpg?ver=1777270381\",\"caption\":\"Josep Mir\u00f3 i Ard\u00e8vol\"},\"url\":\"https:\/\/conversesacatalunya.cat\/es\/author\/josep-miro-i-ardevol\/\"}]}<\/script>\n<!-- \/ Yoast SEO plugin. -->","yoast_head_json":{"title":"C\u00f3mo los gobiernos hacen mala pol\u00edtica: el caso de los abusos y la violencia sexual en menores - Converses a Catalunya","description":"Con estas pol\u00edticas, es evidente que jam\u00e1s resolveremos esta dram\u00e1tica violencia","robots":{"index":"index","follow":"follow","max-snippet":"max-snippet:-1","max-image-preview":"max-image-preview:large","max-video-preview":"max-video-preview:-1"},"canonical":"https:\/\/conversesacatalunya.cat\/es\/como-los-gobiernos-hacen-mala-politica-el-caso-de-los-abusos-y-la-violencia-sexual-en-menores\/","og_locale":"es_ES","og_type":"article","og_title":"C\u00f3mo los gobiernos hacen mala pol\u00edtica: el caso de los abusos y la violencia sexual en menores - Converses a Catalunya","og_description":"Con estas pol\u00edticas, es evidente que jam\u00e1s resolveremos esta dram\u00e1tica violencia","og_url":"https:\/\/conversesacatalunya.cat\/es\/como-los-gobiernos-hacen-mala-politica-el-caso-de-los-abusos-y-la-violencia-sexual-en-menores\/","og_site_name":"Converses a Catalunya","article_published_time":"2024-04-11T10:36:18+00:00","article_modified_time":"2024-04-11T12:46:45+00:00","og_image":[{"width":960,"height":720,"url":"https:\/\/conversesacatalunya.cat\/wp-content\/uploads\/2024\/04\/abusos.jpg","type":"image\/jpeg"}],"author":"Josep Mir\u00f3 i Ard\u00e8vol","twitter_card":"summary_large_image","twitter_misc":{"Escrito por":"Josep Mir\u00f3 i Ard\u00e8vol","Tiempo de lectura":"4 minutos"},"schema":{"@context":"https:\/\/schema.org","@graph":[{"@type":"Article","@id":"https:\/\/conversesacatalunya.cat\/es\/como-los-gobiernos-hacen-mala-politica-el-caso-de-los-abusos-y-la-violencia-sexual-en-menores\/#article","isPartOf":{"@id":"https:\/\/conversesacatalunya.cat\/es\/como-los-gobiernos-hacen-mala-politica-el-caso-de-los-abusos-y-la-violencia-sexual-en-menores\/"},"author":{"name":"Josep Mir\u00f3 i Ard\u00e8vol","@id":"https:\/\/conversesacatalunya.cat\/#\/schema\/person\/a9598a6786ba7d3d1c5e0de477b79370"},"headline":"C\u00f3mo los gobiernos hacen mala pol\u00edtica: el caso de los abusos y la violencia sexual en menores","datePublished":"2024-04-11T10:36:18+00:00","dateModified":"2024-04-11T12:46:45+00:00","mainEntityOfPage":{"@id":"https:\/\/conversesacatalunya.cat\/es\/como-los-gobiernos-hacen-mala-politica-el-caso-de-los-abusos-y-la-violencia-sexual-en-menores\/"},"wordCount":745,"commentCount":0,"image":{"@id":"https:\/\/conversesacatalunya.cat\/es\/como-los-gobiernos-hacen-mala-politica-el-caso-de-los-abusos-y-la-violencia-sexual-en-menores\/#primaryimage"},"thumbnailUrl":"https:\/\/conversesacatalunya.cat\/wp-content\/uploads\/2024\/04\/abusos.jpg","keywords":["Abusos sexuales","abusos sexuals"],"articleSection":["El Blog de Josep Mir\u00f3 i Ard\u00e8vol (ES)","Punts clau del dia (ES)"],"inLanguage":"es","potentialAction":[{"@type":"CommentAction","name":"Comment","target":["https:\/\/conversesacatalunya.cat\/es\/como-los-gobiernos-hacen-mala-politica-el-caso-de-los-abusos-y-la-violencia-sexual-en-menores\/#respond"]}]},{"@type":"WebPage","@id":"https:\/\/conversesacatalunya.cat\/es\/como-los-gobiernos-hacen-mala-politica-el-caso-de-los-abusos-y-la-violencia-sexual-en-menores\/","url":"https:\/\/conversesacatalunya.cat\/es\/como-los-gobiernos-hacen-mala-politica-el-caso-de-los-abusos-y-la-violencia-sexual-en-menores\/","name":"C\u00f3mo los gobiernos hacen mala pol\u00edtica: el caso de los abusos y la violencia sexual en menores - Converses a Catalunya","isPartOf":{"@id":"https:\/\/conversesacatalunya.cat\/#website"},"primaryImageOfPage":{"@id":"https:\/\/conversesacatalunya.cat\/es\/como-los-gobiernos-hacen-mala-politica-el-caso-de-los-abusos-y-la-violencia-sexual-en-menores\/#primaryimage"},"image":{"@id":"https:\/\/conversesacatalunya.cat\/es\/como-los-gobiernos-hacen-mala-politica-el-caso-de-los-abusos-y-la-violencia-sexual-en-menores\/#primaryimage"},"thumbnailUrl":"https:\/\/conversesacatalunya.cat\/wp-content\/uploads\/2024\/04\/abusos.jpg","datePublished":"2024-04-11T10:36:18+00:00","dateModified":"2024-04-11T12:46:45+00:00","author":{"@id":"https:\/\/conversesacatalunya.cat\/#\/schema\/person\/a9598a6786ba7d3d1c5e0de477b79370"},"description":"Con estas pol\u00edticas, es evidente que jam\u00e1s resolveremos esta dram\u00e1tica violencia","breadcrumb":{"@id":"https:\/\/conversesacatalunya.cat\/es\/como-los-gobiernos-hacen-mala-politica-el-caso-de-los-abusos-y-la-violencia-sexual-en-menores\/#breadcrumb"},"inLanguage":"es","potentialAction":[{"@type":"ReadAction","target":["https:\/\/conversesacatalunya.cat\/es\/como-los-gobiernos-hacen-mala-politica-el-caso-de-los-abusos-y-la-violencia-sexual-en-menores\/"]}]},{"@type":"ImageObject","inLanguage":"es","@id":"https:\/\/conversesacatalunya.cat\/es\/como-los-gobiernos-hacen-mala-politica-el-caso-de-los-abusos-y-la-violencia-sexual-en-menores\/#primaryimage","url":"https:\/\/conversesacatalunya.cat\/wp-content\/uploads\/2024\/04\/abusos.jpg","contentUrl":"https:\/\/conversesacatalunya.cat\/wp-content\/uploads\/2024\/04\/abusos.jpg","width":960,"height":720},{"@type":"BreadcrumbList","@id":"https:\/\/conversesacatalunya.cat\/es\/como-los-gobiernos-hacen-mala-politica-el-caso-de-los-abusos-y-la-violencia-sexual-en-menores\/#breadcrumb","itemListElement":[{"@type":"ListItem","position":1,"name":"Inici","item":"https:\/\/conversesacatalunya.cat\/es\/"},{"@type":"ListItem","position":2,"name":"C\u00f3mo los gobiernos hacen mala pol\u00edtica: el caso de los abusos y la violencia sexual en menores"}]},{"@type":"WebSite","@id":"https:\/\/conversesacatalunya.cat\/#website","url":"https:\/\/conversesacatalunya.cat\/","name":"Converses a Catalunya","description":"","potentialAction":[{"@type":"SearchAction","target":{"@type":"EntryPoint","urlTemplate":"https:\/\/conversesacatalunya.cat\/?s={search_term_string}"},"query-input":{"@type":"PropertyValueSpecification","valueRequired":true,"valueName":"search_term_string"}}],"inLanguage":"es"},{"@type":"Person","@id":"https:\/\/conversesacatalunya.cat\/#\/schema\/person\/a9598a6786ba7d3d1c5e0de477b79370","name":"Josep Mir\u00f3 i Ard\u00e8vol","image":{"@type":"ImageObject","inLanguage":"es","@id":"https:\/\/conversesacatalunya.cat\/#\/schema\/person\/image\/","url":"https:\/\/conversesacatalunya.cat\/wp-content\/litespeed\/avatar\/c37e3dc881857483d6694cdf98fdedea.jpg?ver=1777270381","contentUrl":"https:\/\/conversesacatalunya.cat\/wp-content\/litespeed\/avatar\/c37e3dc881857483d6694cdf98fdedea.jpg?ver=1777270381","caption":"Josep Mir\u00f3 i Ard\u00e8vol"},"url":"https:\/\/conversesacatalunya.cat\/es\/author\/josep-miro-i-ardevol\/"}]}},"wps_subtitle":"Con estas pol\u00edticas, es evidente que jam\u00e1s resolveremos esta dram\u00e1tica violencia","_links":{"self":[{"href":"https:\/\/conversesacatalunya.cat\/es\/wp-json\/wp\/v2\/posts\/76801","targetHints":{"allow":["GET"]}}],"collection":[{"href":"https:\/\/conversesacatalunya.cat\/es\/wp-json\/wp\/v2\/posts"}],"about":[{"href":"https:\/\/conversesacatalunya.cat\/es\/wp-json\/wp\/v2\/types\/post"}],"author":[{"embeddable":true,"href":"https:\/\/conversesacatalunya.cat\/es\/wp-json\/wp\/v2\/users\/19"}],"replies":[{"embeddable":true,"href":"https:\/\/conversesacatalunya.cat\/es\/wp-json\/wp\/v2\/comments?post=76801"}],"version-history":[{"count":2,"href":"https:\/\/conversesacatalunya.cat\/es\/wp-json\/wp\/v2\/posts\/76801\/revisions"}],"predecessor-version":[{"id":76803,"href":"https:\/\/conversesacatalunya.cat\/es\/wp-json\/wp\/v2\/posts\/76801\/revisions\/76803"}],"wp:featuredmedia":[{"embeddable":true,"href":"https:\/\/conversesacatalunya.cat\/es\/wp-json\/wp\/v2\/media\/76795"}],"wp:attachment":[{"href":"https:\/\/conversesacatalunya.cat\/es\/wp-json\/wp\/v2\/media?parent=76801"}],"wp:term":[{"taxonomy":"category","embeddable":true,"href":"https:\/\/conversesacatalunya.cat\/es\/wp-json\/wp\/v2\/categories?post=76801"},{"taxonomy":"post_tag","embeddable":true,"href":"https:\/\/conversesacatalunya.cat\/es\/wp-json\/wp\/v2\/tags?post=76801"}],"curies":[{"name":"wp","href":"https:\/\/api.w.org\/{rel}","templated":true}]}}