{"id":76781,"date":"2024-04-10T10:37:13","date_gmt":"2024-04-10T08:37:13","guid":{"rendered":"https:\/\/conversesacatalunya.cat\/franca-fosc-habitatge-social-oficial\/"},"modified":"2024-04-10T15:40:02","modified_gmt":"2024-04-10T13:40:02","slug":"francia-el-lado-oscuro-de-la-vivienda-de-proteccion-oficial","status":"publish","type":"post","link":"https:\/\/conversesacatalunya.cat\/es\/francia-el-lado-oscuro-de-la-vivienda-de-proteccion-oficial\/","title":{"rendered":"Francia: el lado oscuro de la vivienda de protecci\u00f3n oficial"},"content":{"rendered":"<p><span>En Espa\u00f1a, y en Catalu\u00f1a en particular, se vive una crisis de vivienda que\u00a0<\/span><strong><span>afecta desproporcionadamente a las familias j\u00f3venes y aquellas con menos ingresos<\/span><\/strong><span>.<\/span><\/p>\n<p><span>Existe un\u00a0<\/span><a href=\"https:\/\/conversesacatalunya.cat\/es\/107-objetivos-para-regenerar-renovar-transformar-y-levantar-cataluna-accion-politica\/\" target=\"_blank\" rel=\"noopener\"><span>d\u00e9ficit<\/span><\/a><span>\u00a0cr\u00f3nico de vivienda social: c\u00f3mo\u00a0<\/span><em><span>Converses<\/span><\/em><span> recog\u00eda. A finales de 2022 Espa\u00f1a s\u00f3lo ten\u00eda entre un 1,6 y un 2,5%, seg\u00fan las fuentes, cuando la UE se la situaba en el 9,3%.<\/span><\/p>\n<p><span>Ahora, la\u00a0<\/span><strong><span>fuerte presi\u00f3n inmigratoria<\/span><\/strong><span>\u00a0que vive Espa\u00f1a ha relanzado, con mayor fuerza, el debate de la vivienda de protecci\u00f3n oficial. Seg\u00fan el discurso oficial, se necesitan m\u00e1s viviendas sociales para acoger la nueva fuerza de trabajo, que como trabaja en sectores de sueldos bajos, no se puede permitir acceder al mercado libre.<\/span><\/p>\n<h4><strong><span>Espa\u00f1a deber\u00eda prestar atenci\u00f3n a la situaci\u00f3n que vive el sector de la vivienda social en el pa\u00eds vecino, Francia. Las cifras son vertiginosas<\/span><\/strong><\/h4>\n<p><span>Francia, que es tambi\u00e9n el pa\u00eds que\u00a0<\/span><a href=\"https:\/\/conversesacatalunya.cat\/es\/la-crisis-del-covid-19-en-todo-el-mundo-4-francia-no-se-salva-a-pesar-del-gasto-social-mas-alto-del-mundo\/\" target=\"_blank\" rel=\"noopener\"><span>concentra<\/span><\/a><span>\u00a0mayor gasto social del mundo, dispone de una de cada cuatro viviendas sociales a escala europea. Un 25% del parque inmobiliario urbano franc\u00e9s es de protecci\u00f3n oficial, as\u00ed como en torno a un 17% del total.<\/span><\/p>\n<h3><strong><span>HLM (Vivienda con alquiler moderado)<\/span><\/strong><\/h3>\n<p><span>El discurso oficial quisiera que, con estas cifras, Francia fuera un caso de \u00e9xito y un ejemplo a seguir. Y pese a que el pa\u00eds vecino es uno de los estados europeos con\u00a0<\/span><a href=\"https:\/\/conversesacatalunya.cat\/es\/la-francia-de-las-revueltas-uno-de-los-paises-con-mayor-delincuencia-de-europa\/\" target=\"_blank\" rel=\"noopener\"><span>menores desigualdades sociales<\/span><\/a><span>, la sobreabundancia de vivienda social o HLM (por\u00a0<\/span><em><span>Habitation \u00e0 Loyer Mod\u00e9r\u00e9<\/span><\/em><span>\u00a0, literalmente vivienda con alquiler moderado) esconde un lado oscuro de\u00a0<\/span><strong><span>nefastas consecuencias sociales y econ\u00f3micas<\/span><\/strong><span>.<\/span><\/p>\n<p><strong><span>Primero<\/span><\/strong><span>, cabe apuntar que en Francia\u00a0<\/span><strong><span>la oferta estimula la demanda<\/span><\/strong><span>: actualmente se necesitan hasta 10 a\u00f1os de espera para acceder a un HLM. Sin embargo, el \u00edndice de pobreza en Francia (14,5% en 2021 seg\u00fan datos oficiales) es inferior al de vivienda social (17% en 2018).<\/span><\/p>\n<p><strong><span>En segundo lugar,<\/span><\/strong><span>\u00a0el estado franc\u00e9s dedica cada a\u00f1o 38.000 millones de euros a su pol\u00edtica de vivienda, que se suman a otras subvenciones que los ocupantes de los HLM suelen acumular dada su situaci\u00f3n de personas con ingresos oficialmente d\u00e9biles.<\/span><\/p>\n<p><span>Los resultados financieros de esta pol\u00edtica del cheque son hoy evidentes: hace poco se supo que Francia tuvo un d\u00e9ficit p\u00fablico del 5,5% de su PIB en 2023,\u00a0<\/span><strong><span>convirti\u00e9ndose en uno de los peores alumnos de la UE.<\/span><\/strong><\/p>\n<p><strong><span>En tercer lugar,<\/span><\/strong><span>\u00a0y m\u00e1s importante, seg\u00fan el ex prefecto Michel Aubouin,\u00a0<\/span><a href=\"https:\/\/www.lefigaro.fr\/actualite-france\/rente-a-vie-immigration-de-masse-le-diagnostic-choc-d-un-ancien-prefet-sur-la-crise-du-logement-social-20240405\" target=\"_blank\" rel=\"noopener\"><span>autor<\/span><\/a><span>\u00a0de un reciente estudio sobre el estado del sector de la vivienda social en Francia,\u00a0<\/span><strong><span>los HLM han fracasado en su objetivo inicial<\/span><\/strong><span>, que era ofrecer una vivienda transitoria a las familias m\u00e1s modestas.<\/span><\/p>\n<p><span>En concreto, los HLM ya no son una soluci\u00f3n moment\u00e1nea para los m\u00e1s desfavorecidos, antes de que \u00e9stos tengan la oportunidad de acceder a una vivienda de propiedad, sino que se han convertido en una finalidad en s\u00ed mismos, en una soluci\u00f3n permanente. Como Aubouin expone,\u00a0<\/span><strong><span>los HLM son una especie de \u201crenta vitalicia\u201d<\/span><\/strong><span>.<\/span><\/p>\n<p><span>As\u00ed pues, no es de extra\u00f1ar que la demanda sea inalcanzable, aunque Francia dispone de leyes extraordinariamente intrusivas de urbanismo. Efectivamente, la legislaci\u00f3n francesa fuerza la construcci\u00f3n de viviendas sociales en los municipios donde el porcentaje de HLM se sit\u00faa por debajo del\u00a0<\/span><strong><span>umbral objetivo, fijado en un astron\u00f3mico 25% del parque total de vivienda<\/span><\/strong><span>.<\/span><\/p>\n<p><span>Otro dato chocante de la realidad de la vivienda social en Francia es que, seg\u00fan los datos recopilados por Aubouin,\u00a0<\/span><strong><span>el 35% de los inmigrantes residentes en Francia viven en HLM<\/span><\/strong><span>, mientras que este porcentaje desciende hasta el 11% en el caso de los franceses aut\u00f3ctonos.<\/span><\/p>\n<p><span>As\u00ed pues, la vivienda social en Francia funciona como un mecanismo m\u00e1s que permite\u00a0<\/span><strong><span>disimular los costes econ\u00f3micos de la inmigraci\u00f3n de masa escasamente calificada<\/span><\/strong><span>\u00a0.<\/span><\/p>\n<span class='bctt-click-to-tweet'><span class='bctt-ctt-text'><a href='https:\/\/twitter.com\/intent\/tweet?url=https%3A%2F%2Fconversesacatalunya.cat%2Fes%2Ffrancia-el-lado-oscuro-de-la-vivienda-de-proteccion-oficial%2F&#038;text=Espa%C3%B1a%20deber%C3%ADa%20prestar%20atenci%C3%B3n%20a%20la%20situaci%C3%B3n%20que%20vive%20el%20sector%20de%20la%20vivienda%20social%20en%20el%20pa%C3%ADs%20vecino%2C%20Francia.%20Las%20cifras%20son%20vertiginosas&#038;via=conversesacat&#038;related=conversesacat' target='_blank'rel=\"noopener noreferrer\">Espa\u00f1a deber\u00eda prestar atenci\u00f3n a la situaci\u00f3n que vive el sector de la vivienda social en el pa\u00eds vecino, Francia. Las cifras son vertiginosas <\/a><\/span><a href='https:\/\/twitter.com\/intent\/tweet?url=https%3A%2F%2Fconversesacatalunya.cat%2Fes%2Ffrancia-el-lado-oscuro-de-la-vivienda-de-proteccion-oficial%2F&#038;text=Espa%C3%B1a%20deber%C3%ADa%20prestar%20atenci%C3%B3n%20a%20la%20situaci%C3%B3n%20que%20vive%20el%20sector%20de%20la%20vivienda%20social%20en%20el%20pa%C3%ADs%20vecino%2C%20Francia.%20Las%20cifras%20son%20vertiginosas&#038;via=conversesacat&#038;related=conversesacat' target='_blank' class='bctt-ctt-btn'rel=\"noopener noreferrer\">Compartir en X<\/a><\/span>\n<div id=\"polls-237\" class=\"wp-polls\">\n\t<form id=\"polls_form_237\" class=\"wp-polls-form\" action=\"\/index.php\" method=\"post\">\n\t\t<p style=\"display: none;\"><input type=\"hidden\" id=\"poll_237_nonce\" name=\"wp-polls-nonce\" value=\"201cc3e83f\" \/><\/p>\n\t\t<p style=\"display: none;\"><input type=\"hidden\" name=\"poll_id\" value=\"237\" \/><\/p>\n\t\t<p style=\"text-align: center\"><strong>Despr\u00e9s de les eleccions basques, a qui creus que donar\u00e0 suport el Partit Socialista, al PNB o a Bildu?<\/strong><\/p><div id=\"polls-237-ans\" class=\"wp-polls-ans\"><ul class=\"wp-polls-ul\">\n\t\t<li><input type=\"radio\" id=\"poll-answer-663\" name=\"poll_237\" value=\"663\" \/> <label for=\"poll-answer-663\">PNB<\/label><\/li>\n\t\t<li><input type=\"radio\" id=\"poll-answer-664\" name=\"poll_237\" value=\"664\" \/> <label for=\"poll-answer-664\">Bildu<\/label><\/li>\n\t\t<li><input type=\"radio\" id=\"poll-answer-665\" name=\"poll_237\" value=\"665\" \/> <label for=\"poll-answer-665\">No ho s\u00e9<\/label><\/li>\n\t\t<\/ul><p style=\"text-align: center\"><input type=\"button\" name=\"vote\" value=\"   Vota   \" class=\"Buttons\" onclick=\"poll_vote(237);\" \/><\/p><p style=\"text-align: center\"><a href=\"#ViewPollResults\" onclick=\"poll_result(237); return false;\" title=\"View Results Of This Poll\">Mira els resultats<\/a><\/p><\/div>\n\t<\/form>\n<\/div>\n<div id=\"polls-237-loading\" class=\"wp-polls-loading\"><img decoding=\"async\" data-src=\"https:\/\/conversesacatalunya.cat\/wp-content\/plugins\/wp-polls\/images\/loading.gif\" width=\"16\" height=\"16\" alt=\"Cargando ...\" title=\"Cargando ...\" class=\"wp-polls-image lazyload\" src=\"data:image\/svg+xml;base64,PHN2ZyB3aWR0aD0iMSIgaGVpZ2h0PSIxIiB4bWxucz0iaHR0cDovL3d3dy53My5vcmcvMjAwMC9zdmciPjwvc3ZnPg==\" style=\"--smush-placeholder-width: 16px; --smush-placeholder-aspect-ratio: 16\/16;\" \/>&nbsp;Cargando ...<\/div>\n\n","protected":false},"excerpt":{"rendered":"<p>En Espa\u00f1a, y en Catalu\u00f1a en particular, se vive una crisis de vivienda que\u00a0afecta desproporcionadamente a las familias j\u00f3venes y aquellas con menos ingresos. Existe un\u00a0d\u00e9ficit\u00a0cr\u00f3nico de vivienda social: c\u00f3mo\u00a0Converses recog\u00eda. A finales de 2022 Espa\u00f1a s\u00f3lo ten\u00eda entre un 1,6 y un 2,5%, seg\u00fan las fuentes, cuando la UE se la situaba en el 9,3%. Ahora, la\u00a0fuerte presi\u00f3n inmigratoria\u00a0que vive Espa\u00f1a ha relanzado, con mayor fuerza, el debate de la vivienda de protecci\u00f3n oficial. Seg\u00fan el discurso oficial, se necesitan m\u00e1s viviendas sociales para acoger la nueva fuerza de trabajo, que como trabaja en sectores de sueldos bajos, no se puede permitir acceder al mercado libre. Espa\u00f1a deber\u00eda prestar atenci\u00f3n a la situaci\u00f3n que vive el sector de la vivienda social en el pa\u00eds vecino, Francia. Las cifras son vertiginosas Francia, que es tambi\u00e9n el pa\u00eds que\u00a0concentra\u00a0mayor gasto social del mundo, dispone de una de cada cuatro viviendas sociales a escala europea. Un 25% del parque inmobiliario urbano franc\u00e9s es de protecci\u00f3n oficial, as\u00ed como en torno a un 17% del total. HLM (Vivienda con alquiler moderado) El discurso oficial quisiera que, con estas cifras, Francia fuera un caso de \u00e9xito y un ejemplo a seguir. Y pese a que el pa\u00eds vecino es uno de los estados europeos con\u00a0menores desigualdades sociales, la sobreabundancia de vivienda social o HLM (por\u00a0Habitation \u00e0 Loyer Mod\u00e9r\u00e9\u00a0, literalmente vivienda con alquiler moderado) esconde un lado oscuro de\u00a0nefastas consecuencias sociales y econ\u00f3micas. Primero, cabe apuntar que en Francia\u00a0la oferta estimula la demanda: actualmente se necesitan hasta 10 a\u00f1os de espera para acceder a un HLM. Sin embargo, el \u00edndice de pobreza en Francia (14,5% en 2021 seg\u00fan datos oficiales) es inferior al de vivienda social (17% en 2018). En segundo lugar,\u00a0el estado franc\u00e9s dedica cada a\u00f1o 38.000 millones de euros a su pol\u00edtica de vivienda, que se suman a otras subvenciones que los ocupantes de los HLM suelen acumular dada su situaci\u00f3n de personas con ingresos oficialmente d\u00e9biles. Los resultados financieros de esta pol\u00edtica del cheque son hoy evidentes: hace poco se supo que Francia tuvo un d\u00e9ficit p\u00fablico del 5,5% de su PIB en 2023,\u00a0convirti\u00e9ndose en uno de los peores alumnos de la UE. En tercer lugar,\u00a0y m\u00e1s importante, seg\u00fan el ex prefecto Michel Aubouin,\u00a0autor\u00a0de un reciente estudio sobre el estado del sector de la vivienda social en Francia,\u00a0los HLM han fracasado en su objetivo inicial, que era ofrecer una vivienda transitoria a las familias m\u00e1s modestas. En concreto, los HLM ya no son una soluci\u00f3n moment\u00e1nea para los m\u00e1s desfavorecidos, antes de que \u00e9stos tengan la oportunidad de acceder a una vivienda de propiedad, sino que se han convertido en una finalidad en s\u00ed mismos, en una soluci\u00f3n permanente. Como Aubouin expone,\u00a0los HLM son una especie de \u201crenta vitalicia\u201d. As\u00ed pues, no es de extra\u00f1ar que la demanda sea inalcanzable, aunque Francia dispone de leyes extraordinariamente intrusivas de urbanismo. Efectivamente, la legislaci\u00f3n francesa fuerza la construcci\u00f3n de viviendas sociales en los municipios donde el porcentaje de HLM se sit\u00faa por debajo del\u00a0umbral objetivo, fijado en un astron\u00f3mico 25% del parque total de vivienda. Otro dato chocante de la realidad de la vivienda social en Francia es que, seg\u00fan los datos recopilados por Aubouin,\u00a0el 35% de los inmigrantes residentes en Francia viven en HLM, mientras que este porcentaje desciende hasta el 11% en el caso de los franceses aut\u00f3ctonos. As\u00ed pues, la vivienda social en Francia funciona como un mecanismo m\u00e1s que permite\u00a0disimular los costes econ\u00f3micos de la inmigraci\u00f3n de masa escasamente calificada\u00a0.<\/p>\n","protected":false},"author":75,"featured_media":76659,"comment_status":"open","ping_status":"open","sticky":false,"template":"","format":"standard","meta":{"_FSMCFIC_featured_image_caption":"","_FSMCFIC_featured_image_nocaption":"","_FSMCFIC_featured_image_hide":"","footnotes":""},"categories":[806],"tags":[1263,1035],"class_list":["post-76781","post","type-post","status-publish","format-standard","has-post-thumbnail","hentry","category-punts-claus-del-dia-es","tag-francia","tag-vivienda"],"yoast_head":"<!-- This site is optimized with the Yoast SEO plugin v26.8 - https:\/\/yoast.com\/product\/yoast-seo-wordpress\/ -->\n<title>Francia: el lado oscuro de la vivienda de protecci\u00f3n oficial - Converses a Catalunya<\/title>\n<meta name=\"description\" content=\"Caldria que Espanya par\u00e9s atenci\u00f3 a la situaci\u00f3 que viu el sector de l&#039;habitatge social al pa\u00eds ve\u00ed, Fran\u00e7a. Les xifres s\u00f3n vertiginoses.\" \/>\n<meta name=\"robots\" content=\"index, follow, max-snippet:-1, max-image-preview:large, max-video-preview:-1\" \/>\n<link rel=\"canonical\" href=\"https:\/\/conversesacatalunya.cat\/es\/francia-el-lado-oscuro-de-la-vivienda-de-proteccion-oficial\/\" \/>\n<meta property=\"og:locale\" content=\"es_ES\" \/>\n<meta property=\"og:type\" content=\"article\" \/>\n<meta property=\"og:title\" content=\"Francia: el lado oscuro de la vivienda de protecci\u00f3n oficial - Converses a Catalunya\" \/>\n<meta property=\"og:description\" content=\"Caldria que Espanya par\u00e9s atenci\u00f3 a la situaci\u00f3 que viu el sector de l&#039;habitatge social al pa\u00eds ve\u00ed, Fran\u00e7a. Les xifres s\u00f3n vertiginoses.\" \/>\n<meta property=\"og:url\" content=\"https:\/\/conversesacatalunya.cat\/es\/francia-el-lado-oscuro-de-la-vivienda-de-proteccion-oficial\/\" \/>\n<meta property=\"og:site_name\" content=\"Converses a Catalunya\" \/>\n<meta property=\"article:published_time\" content=\"2024-04-10T08:37:13+00:00\" \/>\n<meta property=\"article:modified_time\" content=\"2024-04-10T13:40:02+00:00\" \/>\n<meta property=\"og:image\" content=\"https:\/\/conversesacatalunya.cat\/wp-content\/uploads\/2024\/04\/Captura-de-pantalla-2024-04-06-a-les-13.36.51.png\" \/>\n\t<meta property=\"og:image:width\" content=\"548\" \/>\n\t<meta property=\"og:image:height\" content=\"266\" \/>\n\t<meta property=\"og:image:type\" content=\"image\/png\" \/>\n<meta name=\"author\" content=\"Carles L\u00f3pez\" \/>\n<meta name=\"twitter:card\" content=\"summary_large_image\" \/>\n<meta name=\"twitter:label1\" content=\"Escrito por\" \/>\n\t<meta name=\"twitter:data1\" content=\"Carles L\u00f3pez\" \/>\n\t<meta name=\"twitter:label2\" content=\"Tiempo de lectura\" \/>\n\t<meta name=\"twitter:data2\" content=\"3 minutos\" \/>\n<script type=\"application\/ld+json\" class=\"yoast-schema-graph\">{\"@context\":\"https:\/\/schema.org\",\"@graph\":[{\"@type\":\"Article\",\"@id\":\"https:\/\/conversesacatalunya.cat\/es\/francia-el-lado-oscuro-de-la-vivienda-de-proteccion-oficial\/#article\",\"isPartOf\":{\"@id\":\"https:\/\/conversesacatalunya.cat\/es\/francia-el-lado-oscuro-de-la-vivienda-de-proteccion-oficial\/\"},\"author\":{\"name\":\"Carles L\u00f3pez\",\"@id\":\"https:\/\/conversesacatalunya.cat\/#\/schema\/person\/3ce2ab16c0a3803086d80722c7cad56a\"},\"headline\":\"Francia: el lado oscuro de la vivienda de protecci\u00f3n oficial\",\"datePublished\":\"2024-04-10T08:37:13+00:00\",\"dateModified\":\"2024-04-10T13:40:02+00:00\",\"mainEntityOfPage\":{\"@id\":\"https:\/\/conversesacatalunya.cat\/es\/francia-el-lado-oscuro-de-la-vivienda-de-proteccion-oficial\/\"},\"wordCount\":686,\"commentCount\":0,\"image\":{\"@id\":\"https:\/\/conversesacatalunya.cat\/es\/francia-el-lado-oscuro-de-la-vivienda-de-proteccion-oficial\/#primaryimage\"},\"thumbnailUrl\":\"https:\/\/conversesacatalunya.cat\/wp-content\/uploads\/2024\/04\/Captura-de-pantalla-2024-04-06-a-les-13.36.51.png\",\"keywords\":[\"Francia\",\"vivienda\"],\"articleSection\":[\"Punts clau del dia (ES)\"],\"inLanguage\":\"es\",\"potentialAction\":[{\"@type\":\"CommentAction\",\"name\":\"Comment\",\"target\":[\"https:\/\/conversesacatalunya.cat\/es\/francia-el-lado-oscuro-de-la-vivienda-de-proteccion-oficial\/#respond\"]}]},{\"@type\":\"WebPage\",\"@id\":\"https:\/\/conversesacatalunya.cat\/es\/francia-el-lado-oscuro-de-la-vivienda-de-proteccion-oficial\/\",\"url\":\"https:\/\/conversesacatalunya.cat\/es\/francia-el-lado-oscuro-de-la-vivienda-de-proteccion-oficial\/\",\"name\":\"Francia: el lado oscuro de la vivienda de protecci\u00f3n oficial - Converses a Catalunya\",\"isPartOf\":{\"@id\":\"https:\/\/conversesacatalunya.cat\/#website\"},\"primaryImageOfPage\":{\"@id\":\"https:\/\/conversesacatalunya.cat\/es\/francia-el-lado-oscuro-de-la-vivienda-de-proteccion-oficial\/#primaryimage\"},\"image\":{\"@id\":\"https:\/\/conversesacatalunya.cat\/es\/francia-el-lado-oscuro-de-la-vivienda-de-proteccion-oficial\/#primaryimage\"},\"thumbnailUrl\":\"https:\/\/conversesacatalunya.cat\/wp-content\/uploads\/2024\/04\/Captura-de-pantalla-2024-04-06-a-les-13.36.51.png\",\"datePublished\":\"2024-04-10T08:37:13+00:00\",\"dateModified\":\"2024-04-10T13:40:02+00:00\",\"author\":{\"@id\":\"https:\/\/conversesacatalunya.cat\/#\/schema\/person\/3ce2ab16c0a3803086d80722c7cad56a\"},\"description\":\"Caldria que Espanya par\u00e9s atenci\u00f3 a la situaci\u00f3 que viu el sector de l'habitatge social al pa\u00eds ve\u00ed, Fran\u00e7a. Les xifres s\u00f3n vertiginoses.\",\"breadcrumb\":{\"@id\":\"https:\/\/conversesacatalunya.cat\/es\/francia-el-lado-oscuro-de-la-vivienda-de-proteccion-oficial\/#breadcrumb\"},\"inLanguage\":\"es\",\"potentialAction\":[{\"@type\":\"ReadAction\",\"target\":[\"https:\/\/conversesacatalunya.cat\/es\/francia-el-lado-oscuro-de-la-vivienda-de-proteccion-oficial\/\"]}]},{\"@type\":\"ImageObject\",\"inLanguage\":\"es\",\"@id\":\"https:\/\/conversesacatalunya.cat\/es\/francia-el-lado-oscuro-de-la-vivienda-de-proteccion-oficial\/#primaryimage\",\"url\":\"https:\/\/conversesacatalunya.cat\/wp-content\/uploads\/2024\/04\/Captura-de-pantalla-2024-04-06-a-les-13.36.51.png\",\"contentUrl\":\"https:\/\/conversesacatalunya.cat\/wp-content\/uploads\/2024\/04\/Captura-de-pantalla-2024-04-06-a-les-13.36.51.png\",\"width\":548,\"height\":266,\"caption\":\"habitatge social\"},{\"@type\":\"BreadcrumbList\",\"@id\":\"https:\/\/conversesacatalunya.cat\/es\/francia-el-lado-oscuro-de-la-vivienda-de-proteccion-oficial\/#breadcrumb\",\"itemListElement\":[{\"@type\":\"ListItem\",\"position\":1,\"name\":\"Inici\",\"item\":\"https:\/\/conversesacatalunya.cat\/es\/\"},{\"@type\":\"ListItem\",\"position\":2,\"name\":\"Francia: el lado oscuro de la vivienda de protecci\u00f3n oficial\"}]},{\"@type\":\"WebSite\",\"@id\":\"https:\/\/conversesacatalunya.cat\/#website\",\"url\":\"https:\/\/conversesacatalunya.cat\/\",\"name\":\"Converses a Catalunya\",\"description\":\"\",\"potentialAction\":[{\"@type\":\"SearchAction\",\"target\":{\"@type\":\"EntryPoint\",\"urlTemplate\":\"https:\/\/conversesacatalunya.cat\/?s={search_term_string}\"},\"query-input\":{\"@type\":\"PropertyValueSpecification\",\"valueRequired\":true,\"valueName\":\"search_term_string\"}}],\"inLanguage\":\"es\"},{\"@type\":\"Person\",\"@id\":\"https:\/\/conversesacatalunya.cat\/#\/schema\/person\/3ce2ab16c0a3803086d80722c7cad56a\",\"name\":\"Carles L\u00f3pez\",\"image\":{\"@type\":\"ImageObject\",\"inLanguage\":\"es\",\"@id\":\"https:\/\/conversesacatalunya.cat\/#\/schema\/person\/image\/\",\"url\":\"https:\/\/conversesacatalunya.cat\/wp-content\/litespeed\/avatar\/4891585caf2896e97846ab77f06edcf2.jpg?ver=1777091173\",\"contentUrl\":\"https:\/\/conversesacatalunya.cat\/wp-content\/litespeed\/avatar\/4891585caf2896e97846ab77f06edcf2.jpg?ver=1777091173\",\"caption\":\"Carles L\u00f3pez\"},\"url\":\"https:\/\/conversesacatalunya.cat\/es\/author\/carles-lopez\/\"}]}<\/script>\n<!-- \/ Yoast SEO plugin. -->","yoast_head_json":{"title":"Francia: el lado oscuro de la vivienda de protecci\u00f3n oficial - Converses a Catalunya","description":"Caldria que Espanya par\u00e9s atenci\u00f3 a la situaci\u00f3 que viu el sector de l'habitatge social al pa\u00eds ve\u00ed, Fran\u00e7a. Les xifres s\u00f3n vertiginoses.","robots":{"index":"index","follow":"follow","max-snippet":"max-snippet:-1","max-image-preview":"max-image-preview:large","max-video-preview":"max-video-preview:-1"},"canonical":"https:\/\/conversesacatalunya.cat\/es\/francia-el-lado-oscuro-de-la-vivienda-de-proteccion-oficial\/","og_locale":"es_ES","og_type":"article","og_title":"Francia: el lado oscuro de la vivienda de protecci\u00f3n oficial - Converses a Catalunya","og_description":"Caldria que Espanya par\u00e9s atenci\u00f3 a la situaci\u00f3 que viu el sector de l'habitatge social al pa\u00eds ve\u00ed, Fran\u00e7a. Les xifres s\u00f3n vertiginoses.","og_url":"https:\/\/conversesacatalunya.cat\/es\/francia-el-lado-oscuro-de-la-vivienda-de-proteccion-oficial\/","og_site_name":"Converses a Catalunya","article_published_time":"2024-04-10T08:37:13+00:00","article_modified_time":"2024-04-10T13:40:02+00:00","og_image":[{"width":548,"height":266,"url":"https:\/\/conversesacatalunya.cat\/wp-content\/uploads\/2024\/04\/Captura-de-pantalla-2024-04-06-a-les-13.36.51.png","type":"image\/png"}],"author":"Carles L\u00f3pez","twitter_card":"summary_large_image","twitter_misc":{"Escrito por":"Carles L\u00f3pez","Tiempo de lectura":"3 minutos"},"schema":{"@context":"https:\/\/schema.org","@graph":[{"@type":"Article","@id":"https:\/\/conversesacatalunya.cat\/es\/francia-el-lado-oscuro-de-la-vivienda-de-proteccion-oficial\/#article","isPartOf":{"@id":"https:\/\/conversesacatalunya.cat\/es\/francia-el-lado-oscuro-de-la-vivienda-de-proteccion-oficial\/"},"author":{"name":"Carles L\u00f3pez","@id":"https:\/\/conversesacatalunya.cat\/#\/schema\/person\/3ce2ab16c0a3803086d80722c7cad56a"},"headline":"Francia: el lado oscuro de la vivienda de protecci\u00f3n oficial","datePublished":"2024-04-10T08:37:13+00:00","dateModified":"2024-04-10T13:40:02+00:00","mainEntityOfPage":{"@id":"https:\/\/conversesacatalunya.cat\/es\/francia-el-lado-oscuro-de-la-vivienda-de-proteccion-oficial\/"},"wordCount":686,"commentCount":0,"image":{"@id":"https:\/\/conversesacatalunya.cat\/es\/francia-el-lado-oscuro-de-la-vivienda-de-proteccion-oficial\/#primaryimage"},"thumbnailUrl":"https:\/\/conversesacatalunya.cat\/wp-content\/uploads\/2024\/04\/Captura-de-pantalla-2024-04-06-a-les-13.36.51.png","keywords":["Francia","vivienda"],"articleSection":["Punts clau del dia (ES)"],"inLanguage":"es","potentialAction":[{"@type":"CommentAction","name":"Comment","target":["https:\/\/conversesacatalunya.cat\/es\/francia-el-lado-oscuro-de-la-vivienda-de-proteccion-oficial\/#respond"]}]},{"@type":"WebPage","@id":"https:\/\/conversesacatalunya.cat\/es\/francia-el-lado-oscuro-de-la-vivienda-de-proteccion-oficial\/","url":"https:\/\/conversesacatalunya.cat\/es\/francia-el-lado-oscuro-de-la-vivienda-de-proteccion-oficial\/","name":"Francia: el lado oscuro de la vivienda de protecci\u00f3n oficial - Converses a Catalunya","isPartOf":{"@id":"https:\/\/conversesacatalunya.cat\/#website"},"primaryImageOfPage":{"@id":"https:\/\/conversesacatalunya.cat\/es\/francia-el-lado-oscuro-de-la-vivienda-de-proteccion-oficial\/#primaryimage"},"image":{"@id":"https:\/\/conversesacatalunya.cat\/es\/francia-el-lado-oscuro-de-la-vivienda-de-proteccion-oficial\/#primaryimage"},"thumbnailUrl":"https:\/\/conversesacatalunya.cat\/wp-content\/uploads\/2024\/04\/Captura-de-pantalla-2024-04-06-a-les-13.36.51.png","datePublished":"2024-04-10T08:37:13+00:00","dateModified":"2024-04-10T13:40:02+00:00","author":{"@id":"https:\/\/conversesacatalunya.cat\/#\/schema\/person\/3ce2ab16c0a3803086d80722c7cad56a"},"description":"Caldria que Espanya par\u00e9s atenci\u00f3 a la situaci\u00f3 que viu el sector de l'habitatge social al pa\u00eds ve\u00ed, Fran\u00e7a. Les xifres s\u00f3n vertiginoses.","breadcrumb":{"@id":"https:\/\/conversesacatalunya.cat\/es\/francia-el-lado-oscuro-de-la-vivienda-de-proteccion-oficial\/#breadcrumb"},"inLanguage":"es","potentialAction":[{"@type":"ReadAction","target":["https:\/\/conversesacatalunya.cat\/es\/francia-el-lado-oscuro-de-la-vivienda-de-proteccion-oficial\/"]}]},{"@type":"ImageObject","inLanguage":"es","@id":"https:\/\/conversesacatalunya.cat\/es\/francia-el-lado-oscuro-de-la-vivienda-de-proteccion-oficial\/#primaryimage","url":"https:\/\/conversesacatalunya.cat\/wp-content\/uploads\/2024\/04\/Captura-de-pantalla-2024-04-06-a-les-13.36.51.png","contentUrl":"https:\/\/conversesacatalunya.cat\/wp-content\/uploads\/2024\/04\/Captura-de-pantalla-2024-04-06-a-les-13.36.51.png","width":548,"height":266,"caption":"habitatge social"},{"@type":"BreadcrumbList","@id":"https:\/\/conversesacatalunya.cat\/es\/francia-el-lado-oscuro-de-la-vivienda-de-proteccion-oficial\/#breadcrumb","itemListElement":[{"@type":"ListItem","position":1,"name":"Inici","item":"https:\/\/conversesacatalunya.cat\/es\/"},{"@type":"ListItem","position":2,"name":"Francia: el lado oscuro de la vivienda de protecci\u00f3n oficial"}]},{"@type":"WebSite","@id":"https:\/\/conversesacatalunya.cat\/#website","url":"https:\/\/conversesacatalunya.cat\/","name":"Converses a Catalunya","description":"","potentialAction":[{"@type":"SearchAction","target":{"@type":"EntryPoint","urlTemplate":"https:\/\/conversesacatalunya.cat\/?s={search_term_string}"},"query-input":{"@type":"PropertyValueSpecification","valueRequired":true,"valueName":"search_term_string"}}],"inLanguage":"es"},{"@type":"Person","@id":"https:\/\/conversesacatalunya.cat\/#\/schema\/person\/3ce2ab16c0a3803086d80722c7cad56a","name":"Carles L\u00f3pez","image":{"@type":"ImageObject","inLanguage":"es","@id":"https:\/\/conversesacatalunya.cat\/#\/schema\/person\/image\/","url":"https:\/\/conversesacatalunya.cat\/wp-content\/litespeed\/avatar\/4891585caf2896e97846ab77f06edcf2.jpg?ver=1777091173","contentUrl":"https:\/\/conversesacatalunya.cat\/wp-content\/litespeed\/avatar\/4891585caf2896e97846ab77f06edcf2.jpg?ver=1777091173","caption":"Carles L\u00f3pez"},"url":"https:\/\/conversesacatalunya.cat\/es\/author\/carles-lopez\/"}]}},"wps_subtitle":"La vivienda social se ha convertido en Francia en una \"renta vitalicia\", generando distorsiones sociales y econ\u00f3micas muy graves","_links":{"self":[{"href":"https:\/\/conversesacatalunya.cat\/es\/wp-json\/wp\/v2\/posts\/76781","targetHints":{"allow":["GET"]}}],"collection":[{"href":"https:\/\/conversesacatalunya.cat\/es\/wp-json\/wp\/v2\/posts"}],"about":[{"href":"https:\/\/conversesacatalunya.cat\/es\/wp-json\/wp\/v2\/types\/post"}],"author":[{"embeddable":true,"href":"https:\/\/conversesacatalunya.cat\/es\/wp-json\/wp\/v2\/users\/75"}],"replies":[{"embeddable":true,"href":"https:\/\/conversesacatalunya.cat\/es\/wp-json\/wp\/v2\/comments?post=76781"}],"version-history":[{"count":2,"href":"https:\/\/conversesacatalunya.cat\/es\/wp-json\/wp\/v2\/posts\/76781\/revisions"}],"predecessor-version":[{"id":76783,"href":"https:\/\/conversesacatalunya.cat\/es\/wp-json\/wp\/v2\/posts\/76781\/revisions\/76783"}],"wp:featuredmedia":[{"embeddable":true,"href":"https:\/\/conversesacatalunya.cat\/es\/wp-json\/wp\/v2\/media\/76659"}],"wp:attachment":[{"href":"https:\/\/conversesacatalunya.cat\/es\/wp-json\/wp\/v2\/media?parent=76781"}],"wp:term":[{"taxonomy":"category","embeddable":true,"href":"https:\/\/conversesacatalunya.cat\/es\/wp-json\/wp\/v2\/categories?post=76781"},{"taxonomy":"post_tag","embeddable":true,"href":"https:\/\/conversesacatalunya.cat\/es\/wp-json\/wp\/v2\/tags?post=76781"}],"curies":[{"name":"wp","href":"https:\/\/api.w.org\/{rel}","templated":true}]}}