{"id":76538,"date":"2024-04-03T11:10:02","date_gmt":"2024-04-03T09:10:02","guid":{"rendered":"https:\/\/conversesacatalunya.cat\/natalitat-italia-minims-historics\/"},"modified":"2024-04-03T11:20:19","modified_gmt":"2024-04-03T09:20:19","slug":"natalidad-italia-minimos-historicos","status":"publish","type":"post","link":"https:\/\/conversesacatalunya.cat\/es\/natalidad-italia-minimos-historicos\/","title":{"rendered":"La natalidad de Italia tambi\u00e9n se desploma en m\u00ednimos hist\u00f3ricos"},"content":{"rendered":"<p><span>El instituto nacional de estad\u00edstica de Italia (ISTAT) public\u00f3 el pasado 29 de marzo los datos demogr\u00e1ficos para 2023, registrando que la tendencia a la baja de los nacimientos se mantiene.<\/span><\/p>\n<p><span>Los indicadores italianos resultan a\u00fan m\u00e1s sobrecogedores que los ya muy malos de\u00a0<\/span><a href=\"https:\/\/conversesacatalunya.cat\/es\/francia-natalidad-gobierno-reacciona\/\" target=\"_blank\" rel=\"noopener\"><span>Francia<\/span><\/a><span>, ya que el pa\u00eds de la bota registr\u00f3\u00a0<\/span><strong><span>el menor n\u00famero de nacimientos desde, nada menos,\u00a0 su unificaci\u00f3n en 1861<\/span><\/strong><span>. Entonces Italia ten\u00eda aproximadamente una tercera parte de la poblaci\u00f3n actual.<\/span><\/p>\n<p><span>La tasa de fertilidad cay\u00f3 hasta el 1,2 el a\u00f1o pasado, situ\u00e1ndose a las puertas del\u00a0<\/span><strong><span>record hist\u00f3rico absoluto<\/span><\/strong><span>, registrado en 1995 con 1,19 hijos por mujer. Datos que posicionan a Italia como el tercer pa\u00eds europeo con menos hijos por mujer, s\u00f3lo por detr\u00e1s de Espa\u00f1a y Malta.<\/span><\/p>\n<p><span>Otro dato interesante aportado por el ISTAT es que el 13,3% de los hijos nacieron de padres extranjeros, un porcentaje en ligero retroceso desde hace diez a\u00f1os (15%).<\/span><\/p>\n<p><span>Los malos datos suponen un jarr\u00f3n de agua fr\u00eda sobre la primera ministra\u00a0<\/span><strong><span>Giorgia Meloni<\/span><\/strong><span>, ella misma madre de un hijo \u00fanico y que hab\u00eda prometido que su gobierno har\u00eda todo lo posible para que las mujeres italianas tuvieran m\u00e1s hijos. Como ella misma lo justificaba: \u00abpor la simple raz\u00f3n de que queremos que Italia vuelva a tener futuro\u00bb.<\/span><\/p>\n<p><span>El parlamento italiano aprob\u00f3 en 2022 (antes de que Meloni llegara al poder en octubre del mismo a\u00f1o) la\u00a0<\/span><a href=\"https:\/\/conversesacatalunya.cat\/es\/family-act-la-ley-de-la-familia-que-este-pais-necesita\/\" target=\"_blank\" rel=\"noopener\"><span>conocida<\/span><\/a><span>\u00a0como \u201c\u00a0<\/span><strong><span>Family Act<\/span><\/strong><span>\u00a0\u201d, una ley integral que buscaba relanzar la natalidad y tambi\u00e9n mejorar la calidad de vida de las familias italianas. Desde que lleg\u00f3 a la presidencia del Consejo de Ministros, Meloni ha profundizado a\u00fan m\u00e1s en el camino pronatalista.<\/span><\/p>\n<p><span>Los expertos coinciden -como es, por otra parte, de sentido com\u00fan- en que las tendencias demogr\u00e1ficas de Italia solo podr\u00e1n cambiarse a largo plazo. \u00bfPero, qu\u00e9 pol\u00edticas se necesitan verdaderamente para conseguirlo?<\/span><\/p>\n<h4><strong><span>\u00bfMedios econ\u00f3micos o cuesti\u00f3n cultural?<\/span><\/strong><\/h4>\n<p><span>Resulta interesante que est\u00e1n apareciendo voces que\u00a0<\/span><a href=\"https:\/\/conversesacatalunya.cat\/es\/dinero-incrementa-natalidad\/\" target=\"_blank\" rel=\"noopener\"><span>admiten<\/span><\/a><span>\u00a0que\u00a0<\/span><strong><span>las razones que impulsan a las mujeres europeas a no tener hijos son principalmente culturales, y no econ\u00f3micas.<\/span><\/strong><\/p>\n<p><span>Un postulado que no equivale a decir que los costes econ\u00f3micos de fundar una familia no supongan un grave obst\u00e1culo para numerosas parejas j\u00f3venes. Pero s\u00ed que hasta que no se consiga volver a situar el ideal de la familia con hijos como un modelo deseable,\u00a0<\/span><strong><span>todas las pol\u00edticas natalistas que se basen en incentivos fiscales, subsidios y permisos obtendr\u00e1n resultados marginales<\/span><\/strong><span>.<\/span><\/p>\n<p><span>As\u00ed lo dejaba bien claro John Burn-Murdoch, un joven periodista del\u00a0<\/span><em><span>Financial Times<\/span><\/em><span>\u00a0especializado en el tratamiento de datos y que ha presentado\u00a0<\/span><a href=\"https:\/\/www.ft.com\/john-burn-murdoch\" target=\"_blank\" rel=\"noopener\"><span>estudios<\/span><\/a><span>\u00a0muy interesantes por su metodolog\u00eda y por la osad\u00eda de sus resultados, a veces a contracorriente de la cultura liberal- progresista dominante en ese medio.<\/span><\/p>\n<p><span>Como Burn-Murdoch afirma: \u00ablos incentivos financieros resultan derrotados por tendencias sociales mucho m\u00e1s fuertes\u00bb. \u00bfCu\u00e1les son seg\u00fan ese investigador?<\/span><\/p>\n<p><span>En primer lugar, que en las econom\u00edas del primer mundo existe la idea de que\u00a0<\/span><strong><span>para que los hijos tengan \u00e9xito en la vida, es necesario invertir tiempo y esfuerzos en cantidades ingentes<\/span><\/strong><span>. El caso de Corea del Sur entra particularmente bien en esta forma de razonar que, en los pa\u00edses anglosajones, se conoce como \u201c<\/span><em><span>helicopter-parenting<\/span><\/em><span>\u00a0\u201d.<\/span><\/p>\n<p><span>En segundo lugar, y m\u00e1s importante que el primero, el hecho de que\u00a0<\/span><strong><span>los objetivos vitales y grandes prioridades han cambiado<\/span><\/strong><span>. En 1993, un 61% de los estadounidenses afirmaba que tener hijos era importante para una vida exitosa, mientras que actualmente este porcentaje ha ca\u00eddo en picado hasta el 26%.<\/span><\/p>\n<p><span>En tercer lugar, y finalmente, encontramos que en Occidente\u00a0<\/span><strong><span>cada vez menos j\u00f3venes viven en pareja<\/span><\/strong><span>. Esto explicar\u00eda seg\u00fan Burn-Murdoch que el mayor descenso de la natalidad se produce, no porque las parejas tengan dos hijos en vez de tres, sino porque cada vez hay m\u00e1s mujeres que no quieren tener ninguno.<\/span><\/p>\n<p><span>Si vamos un paso m\u00e1s all\u00e1 de los argumentos del periodista brit\u00e1nico sobre la crisis de la natalidad, no cuesta encontrar la\u00a0<\/span><strong><span>sustituci\u00f3n de nuestra cultura por un marco ideol\u00f3gico y social donde s\u00f3lo importa el individuo, su deseo y sus emociones<\/span><\/strong><span>.<\/span><\/p>\n","protected":false},"excerpt":{"rendered":"<p>El instituto nacional de estad\u00edstica de Italia (ISTAT) public\u00f3 el pasado 29 de marzo los datos demogr\u00e1ficos para 2023, registrando que la tendencia a la baja de los nacimientos se mantiene. Los indicadores italianos resultan a\u00fan m\u00e1s sobrecogedores que los ya muy malos de\u00a0Francia, ya que el pa\u00eds de la bota registr\u00f3\u00a0el menor n\u00famero de nacimientos desde, nada menos,\u00a0 su unificaci\u00f3n en 1861. Entonces Italia ten\u00eda aproximadamente una tercera parte de la poblaci\u00f3n actual. La tasa de fertilidad cay\u00f3 hasta el 1,2 el a\u00f1o pasado, situ\u00e1ndose a las puertas del\u00a0record hist\u00f3rico absoluto, registrado en 1995 con 1,19 hijos por mujer. Datos que posicionan a Italia como el tercer pa\u00eds europeo con menos hijos por mujer, s\u00f3lo por detr\u00e1s de Espa\u00f1a y Malta. Otro dato interesante aportado por el ISTAT es que el 13,3% de los hijos nacieron de padres extranjeros, un porcentaje en ligero retroceso desde hace diez a\u00f1os (15%). Los malos datos suponen un jarr\u00f3n de agua fr\u00eda sobre la primera ministra\u00a0Giorgia Meloni, ella misma madre de un hijo \u00fanico y que hab\u00eda prometido que su gobierno har\u00eda todo lo posible para que las mujeres italianas tuvieran m\u00e1s hijos. Como ella misma lo justificaba: \u00abpor la simple raz\u00f3n de que queremos que Italia vuelva a tener futuro\u00bb. El parlamento italiano aprob\u00f3 en 2022 (antes de que Meloni llegara al poder en octubre del mismo a\u00f1o) la\u00a0conocida\u00a0como \u201c\u00a0Family Act\u00a0\u201d, una ley integral que buscaba relanzar la natalidad y tambi\u00e9n mejorar la calidad de vida de las familias italianas. Desde que lleg\u00f3 a la presidencia del Consejo de Ministros, Meloni ha profundizado a\u00fan m\u00e1s en el camino pronatalista. Los expertos coinciden -como es, por otra parte, de sentido com\u00fan- en que las tendencias demogr\u00e1ficas de Italia solo podr\u00e1n cambiarse a largo plazo. \u00bfPero, qu\u00e9 pol\u00edticas se necesitan verdaderamente para conseguirlo? \u00bfMedios econ\u00f3micos o cuesti\u00f3n cultural? Resulta interesante que est\u00e1n apareciendo voces que\u00a0admiten\u00a0que\u00a0las razones que impulsan a las mujeres europeas a no tener hijos son principalmente culturales, y no econ\u00f3micas. Un postulado que no equivale a decir que los costes econ\u00f3micos de fundar una familia no supongan un grave obst\u00e1culo para numerosas parejas j\u00f3venes. Pero s\u00ed que hasta que no se consiga volver a situar el ideal de la familia con hijos como un modelo deseable,\u00a0todas las pol\u00edticas natalistas que se basen en incentivos fiscales, subsidios y permisos obtendr\u00e1n resultados marginales. As\u00ed lo dejaba bien claro John Burn-Murdoch, un joven periodista del\u00a0Financial Times\u00a0especializado en el tratamiento de datos y que ha presentado\u00a0estudios\u00a0muy interesantes por su metodolog\u00eda y por la osad\u00eda de sus resultados, a veces a contracorriente de la cultura liberal- progresista dominante en ese medio. Como Burn-Murdoch afirma: \u00ablos incentivos financieros resultan derrotados por tendencias sociales mucho m\u00e1s fuertes\u00bb. \u00bfCu\u00e1les son seg\u00fan ese investigador? En primer lugar, que en las econom\u00edas del primer mundo existe la idea de que\u00a0para que los hijos tengan \u00e9xito en la vida, es necesario invertir tiempo y esfuerzos en cantidades ingentes. El caso de Corea del Sur entra particularmente bien en esta forma de razonar que, en los pa\u00edses anglosajones, se conoce como \u201chelicopter-parenting\u00a0\u201d. En segundo lugar, y m\u00e1s importante que el primero, el hecho de que\u00a0los objetivos vitales y grandes prioridades han cambiado. En 1993, un 61% de los estadounidenses afirmaba que tener hijos era importante para una vida exitosa, mientras que actualmente este porcentaje ha ca\u00eddo en picado hasta el 26%. En tercer lugar, y finalmente, encontramos que en Occidente\u00a0cada vez menos j\u00f3venes viven en pareja. Esto explicar\u00eda seg\u00fan Burn-Murdoch que el mayor descenso de la natalidad se produce, no porque las parejas tengan dos hijos en vez de tres, sino porque cada vez hay m\u00e1s mujeres que no quieren tener ninguno. Si vamos un paso m\u00e1s all\u00e1 de los argumentos del periodista brit\u00e1nico sobre la crisis de la natalidad, no cuesta encontrar la\u00a0sustituci\u00f3n de nuestra cultura por un marco ideol\u00f3gico y social donde s\u00f3lo importa el individuo, su deseo y sus emociones.<\/p>\n","protected":false},"author":75,"featured_media":76470,"comment_status":"open","ping_status":"open","sticky":false,"template":"","format":"standard","meta":{"_FSMCFIC_featured_image_caption":"","_FSMCFIC_featured_image_nocaption":"","_FSMCFIC_featured_image_hide":"","footnotes":""},"categories":[806],"tags":[1147,2603,1296,1315,1313],"class_list":["post-76538","post","type-post","status-publish","format-standard","has-post-thumbnail","hentry","category-punts-claus-del-dia-es","tag-crisi-demografica-es","tag-crisis-demografica","tag-italia-es","tag-natalidad","tag-natalitat-es"],"yoast_head":"<!-- This site is optimized with the Yoast SEO plugin v26.8 - https:\/\/yoast.com\/product\/yoast-seo-wordpress\/ -->\n<title>La natalidad de Italia tambi\u00e9n se desploma en m\u00ednimos hist\u00f3ricos - Converses a Catalunya<\/title>\n<meta name=\"description\" content=\"M\u00e1s que los factores econ\u00f3micos, son los culturales los que est\u00e1n llevando a Occidente al abismo demogr\u00e1fico\" \/>\n<meta name=\"robots\" content=\"index, follow, max-snippet:-1, max-image-preview:large, max-video-preview:-1\" \/>\n<link rel=\"canonical\" href=\"https:\/\/conversesacatalunya.cat\/es\/natalidad-italia-minimos-historicos\/\" \/>\n<meta property=\"og:locale\" content=\"es_ES\" \/>\n<meta property=\"og:type\" content=\"article\" \/>\n<meta property=\"og:title\" content=\"La natalidad de Italia tambi\u00e9n se desploma en m\u00ednimos hist\u00f3ricos - Converses a Catalunya\" \/>\n<meta property=\"og:description\" content=\"M\u00e1s que los factores econ\u00f3micos, son los culturales los que est\u00e1n llevando a Occidente al abismo demogr\u00e1fico\" \/>\n<meta property=\"og:url\" content=\"https:\/\/conversesacatalunya.cat\/es\/natalidad-italia-minimos-historicos\/\" \/>\n<meta property=\"og:site_name\" content=\"Converses a Catalunya\" \/>\n<meta property=\"article:published_time\" content=\"2024-04-03T09:10:02+00:00\" \/>\n<meta property=\"article:modified_time\" content=\"2024-04-03T09:20:19+00:00\" \/>\n<meta property=\"og:image\" content=\"https:\/\/conversesacatalunya.cat\/wp-content\/uploads\/2024\/03\/Captura-de-pantalla-2024-03-30-a-les-23.38.08.png\" \/>\n\t<meta property=\"og:image:width\" content=\"414\" \/>\n\t<meta property=\"og:image:height\" content=\"286\" \/>\n\t<meta property=\"og:image:type\" content=\"image\/png\" \/>\n<meta name=\"author\" content=\"Carles L\u00f3pez\" \/>\n<meta name=\"twitter:card\" content=\"summary_large_image\" \/>\n<meta name=\"twitter:label1\" content=\"Escrito por\" \/>\n\t<meta name=\"twitter:data1\" content=\"Carles L\u00f3pez\" \/>\n\t<meta name=\"twitter:label2\" content=\"Tiempo de lectura\" \/>\n\t<meta name=\"twitter:data2\" content=\"4 minutos\" \/>\n<script type=\"application\/ld+json\" class=\"yoast-schema-graph\">{\"@context\":\"https:\/\/schema.org\",\"@graph\":[{\"@type\":\"Article\",\"@id\":\"https:\/\/conversesacatalunya.cat\/es\/natalidad-italia-minimos-historicos\/#article\",\"isPartOf\":{\"@id\":\"https:\/\/conversesacatalunya.cat\/es\/natalidad-italia-minimos-historicos\/\"},\"author\":{\"name\":\"Carles L\u00f3pez\",\"@id\":\"https:\/\/conversesacatalunya.cat\/#\/schema\/person\/3ce2ab16c0a3803086d80722c7cad56a\"},\"headline\":\"La natalidad de Italia tambi\u00e9n se desploma en m\u00ednimos hist\u00f3ricos\",\"datePublished\":\"2024-04-03T09:10:02+00:00\",\"dateModified\":\"2024-04-03T09:20:19+00:00\",\"mainEntityOfPage\":{\"@id\":\"https:\/\/conversesacatalunya.cat\/es\/natalidad-italia-minimos-historicos\/\"},\"wordCount\":726,\"commentCount\":0,\"image\":{\"@id\":\"https:\/\/conversesacatalunya.cat\/es\/natalidad-italia-minimos-historicos\/#primaryimage\"},\"thumbnailUrl\":\"https:\/\/conversesacatalunya.cat\/wp-content\/uploads\/2024\/03\/Captura-de-pantalla-2024-03-30-a-les-23.38.08.png\",\"keywords\":[\"crisi demogr\u00e0fica\",\"crisis demogr\u00e1fica\",\"It\u00e0lia\",\"Natalidad\",\"natalitat\"],\"articleSection\":[\"Punts clau del dia (ES)\"],\"inLanguage\":\"es\",\"potentialAction\":[{\"@type\":\"CommentAction\",\"name\":\"Comment\",\"target\":[\"https:\/\/conversesacatalunya.cat\/es\/natalidad-italia-minimos-historicos\/#respond\"]}]},{\"@type\":\"WebPage\",\"@id\":\"https:\/\/conversesacatalunya.cat\/es\/natalidad-italia-minimos-historicos\/\",\"url\":\"https:\/\/conversesacatalunya.cat\/es\/natalidad-italia-minimos-historicos\/\",\"name\":\"La natalidad de Italia tambi\u00e9n se desploma en m\u00ednimos hist\u00f3ricos - Converses a Catalunya\",\"isPartOf\":{\"@id\":\"https:\/\/conversesacatalunya.cat\/#website\"},\"primaryImageOfPage\":{\"@id\":\"https:\/\/conversesacatalunya.cat\/es\/natalidad-italia-minimos-historicos\/#primaryimage\"},\"image\":{\"@id\":\"https:\/\/conversesacatalunya.cat\/es\/natalidad-italia-minimos-historicos\/#primaryimage\"},\"thumbnailUrl\":\"https:\/\/conversesacatalunya.cat\/wp-content\/uploads\/2024\/03\/Captura-de-pantalla-2024-03-30-a-les-23.38.08.png\",\"datePublished\":\"2024-04-03T09:10:02+00:00\",\"dateModified\":\"2024-04-03T09:20:19+00:00\",\"author\":{\"@id\":\"https:\/\/conversesacatalunya.cat\/#\/schema\/person\/3ce2ab16c0a3803086d80722c7cad56a\"},\"description\":\"M\u00e1s que los factores econ\u00f3micos, son los culturales los que est\u00e1n llevando a Occidente al abismo demogr\u00e1fico\",\"breadcrumb\":{\"@id\":\"https:\/\/conversesacatalunya.cat\/es\/natalidad-italia-minimos-historicos\/#breadcrumb\"},\"inLanguage\":\"es\",\"potentialAction\":[{\"@type\":\"ReadAction\",\"target\":[\"https:\/\/conversesacatalunya.cat\/es\/natalidad-italia-minimos-historicos\/\"]}]},{\"@type\":\"ImageObject\",\"inLanguage\":\"es\",\"@id\":\"https:\/\/conversesacatalunya.cat\/es\/natalidad-italia-minimos-historicos\/#primaryimage\",\"url\":\"https:\/\/conversesacatalunya.cat\/wp-content\/uploads\/2024\/03\/Captura-de-pantalla-2024-03-30-a-les-23.38.08.png\",\"contentUrl\":\"https:\/\/conversesacatalunya.cat\/wp-content\/uploads\/2024\/03\/Captura-de-pantalla-2024-03-30-a-les-23.38.08.png\",\"width\":414,\"height\":286},{\"@type\":\"BreadcrumbList\",\"@id\":\"https:\/\/conversesacatalunya.cat\/es\/natalidad-italia-minimos-historicos\/#breadcrumb\",\"itemListElement\":[{\"@type\":\"ListItem\",\"position\":1,\"name\":\"Inici\",\"item\":\"https:\/\/conversesacatalunya.cat\/es\/\"},{\"@type\":\"ListItem\",\"position\":2,\"name\":\"La natalidad de Italia tambi\u00e9n se desploma en m\u00ednimos hist\u00f3ricos\"}]},{\"@type\":\"WebSite\",\"@id\":\"https:\/\/conversesacatalunya.cat\/#website\",\"url\":\"https:\/\/conversesacatalunya.cat\/\",\"name\":\"Converses a Catalunya\",\"description\":\"\",\"potentialAction\":[{\"@type\":\"SearchAction\",\"target\":{\"@type\":\"EntryPoint\",\"urlTemplate\":\"https:\/\/conversesacatalunya.cat\/?s={search_term_string}\"},\"query-input\":{\"@type\":\"PropertyValueSpecification\",\"valueRequired\":true,\"valueName\":\"search_term_string\"}}],\"inLanguage\":\"es\"},{\"@type\":\"Person\",\"@id\":\"https:\/\/conversesacatalunya.cat\/#\/schema\/person\/3ce2ab16c0a3803086d80722c7cad56a\",\"name\":\"Carles L\u00f3pez\",\"image\":{\"@type\":\"ImageObject\",\"inLanguage\":\"es\",\"@id\":\"https:\/\/conversesacatalunya.cat\/#\/schema\/person\/image\/\",\"url\":\"https:\/\/conversesacatalunya.cat\/wp-content\/litespeed\/avatar\/4891585caf2896e97846ab77f06edcf2.jpg?ver=1777091173\",\"contentUrl\":\"https:\/\/conversesacatalunya.cat\/wp-content\/litespeed\/avatar\/4891585caf2896e97846ab77f06edcf2.jpg?ver=1777091173\",\"caption\":\"Carles L\u00f3pez\"},\"url\":\"https:\/\/conversesacatalunya.cat\/es\/author\/carles-lopez\/\"}]}<\/script>\n<!-- \/ Yoast SEO plugin. -->","yoast_head_json":{"title":"La natalidad de Italia tambi\u00e9n se desploma en m\u00ednimos hist\u00f3ricos - Converses a Catalunya","description":"M\u00e1s que los factores econ\u00f3micos, son los culturales los que est\u00e1n llevando a Occidente al abismo demogr\u00e1fico","robots":{"index":"index","follow":"follow","max-snippet":"max-snippet:-1","max-image-preview":"max-image-preview:large","max-video-preview":"max-video-preview:-1"},"canonical":"https:\/\/conversesacatalunya.cat\/es\/natalidad-italia-minimos-historicos\/","og_locale":"es_ES","og_type":"article","og_title":"La natalidad de Italia tambi\u00e9n se desploma en m\u00ednimos hist\u00f3ricos - Converses a Catalunya","og_description":"M\u00e1s que los factores econ\u00f3micos, son los culturales los que est\u00e1n llevando a Occidente al abismo demogr\u00e1fico","og_url":"https:\/\/conversesacatalunya.cat\/es\/natalidad-italia-minimos-historicos\/","og_site_name":"Converses a Catalunya","article_published_time":"2024-04-03T09:10:02+00:00","article_modified_time":"2024-04-03T09:20:19+00:00","og_image":[{"width":414,"height":286,"url":"https:\/\/conversesacatalunya.cat\/wp-content\/uploads\/2024\/03\/Captura-de-pantalla-2024-03-30-a-les-23.38.08.png","type":"image\/png"}],"author":"Carles L\u00f3pez","twitter_card":"summary_large_image","twitter_misc":{"Escrito por":"Carles L\u00f3pez","Tiempo de lectura":"4 minutos"},"schema":{"@context":"https:\/\/schema.org","@graph":[{"@type":"Article","@id":"https:\/\/conversesacatalunya.cat\/es\/natalidad-italia-minimos-historicos\/#article","isPartOf":{"@id":"https:\/\/conversesacatalunya.cat\/es\/natalidad-italia-minimos-historicos\/"},"author":{"name":"Carles L\u00f3pez","@id":"https:\/\/conversesacatalunya.cat\/#\/schema\/person\/3ce2ab16c0a3803086d80722c7cad56a"},"headline":"La natalidad de Italia tambi\u00e9n se desploma en m\u00ednimos hist\u00f3ricos","datePublished":"2024-04-03T09:10:02+00:00","dateModified":"2024-04-03T09:20:19+00:00","mainEntityOfPage":{"@id":"https:\/\/conversesacatalunya.cat\/es\/natalidad-italia-minimos-historicos\/"},"wordCount":726,"commentCount":0,"image":{"@id":"https:\/\/conversesacatalunya.cat\/es\/natalidad-italia-minimos-historicos\/#primaryimage"},"thumbnailUrl":"https:\/\/conversesacatalunya.cat\/wp-content\/uploads\/2024\/03\/Captura-de-pantalla-2024-03-30-a-les-23.38.08.png","keywords":["crisi demogr\u00e0fica","crisis demogr\u00e1fica","It\u00e0lia","Natalidad","natalitat"],"articleSection":["Punts clau del dia (ES)"],"inLanguage":"es","potentialAction":[{"@type":"CommentAction","name":"Comment","target":["https:\/\/conversesacatalunya.cat\/es\/natalidad-italia-minimos-historicos\/#respond"]}]},{"@type":"WebPage","@id":"https:\/\/conversesacatalunya.cat\/es\/natalidad-italia-minimos-historicos\/","url":"https:\/\/conversesacatalunya.cat\/es\/natalidad-italia-minimos-historicos\/","name":"La natalidad de Italia tambi\u00e9n se desploma en m\u00ednimos hist\u00f3ricos - Converses a Catalunya","isPartOf":{"@id":"https:\/\/conversesacatalunya.cat\/#website"},"primaryImageOfPage":{"@id":"https:\/\/conversesacatalunya.cat\/es\/natalidad-italia-minimos-historicos\/#primaryimage"},"image":{"@id":"https:\/\/conversesacatalunya.cat\/es\/natalidad-italia-minimos-historicos\/#primaryimage"},"thumbnailUrl":"https:\/\/conversesacatalunya.cat\/wp-content\/uploads\/2024\/03\/Captura-de-pantalla-2024-03-30-a-les-23.38.08.png","datePublished":"2024-04-03T09:10:02+00:00","dateModified":"2024-04-03T09:20:19+00:00","author":{"@id":"https:\/\/conversesacatalunya.cat\/#\/schema\/person\/3ce2ab16c0a3803086d80722c7cad56a"},"description":"M\u00e1s que los factores econ\u00f3micos, son los culturales los que est\u00e1n llevando a Occidente al abismo demogr\u00e1fico","breadcrumb":{"@id":"https:\/\/conversesacatalunya.cat\/es\/natalidad-italia-minimos-historicos\/#breadcrumb"},"inLanguage":"es","potentialAction":[{"@type":"ReadAction","target":["https:\/\/conversesacatalunya.cat\/es\/natalidad-italia-minimos-historicos\/"]}]},{"@type":"ImageObject","inLanguage":"es","@id":"https:\/\/conversesacatalunya.cat\/es\/natalidad-italia-minimos-historicos\/#primaryimage","url":"https:\/\/conversesacatalunya.cat\/wp-content\/uploads\/2024\/03\/Captura-de-pantalla-2024-03-30-a-les-23.38.08.png","contentUrl":"https:\/\/conversesacatalunya.cat\/wp-content\/uploads\/2024\/03\/Captura-de-pantalla-2024-03-30-a-les-23.38.08.png","width":414,"height":286},{"@type":"BreadcrumbList","@id":"https:\/\/conversesacatalunya.cat\/es\/natalidad-italia-minimos-historicos\/#breadcrumb","itemListElement":[{"@type":"ListItem","position":1,"name":"Inici","item":"https:\/\/conversesacatalunya.cat\/es\/"},{"@type":"ListItem","position":2,"name":"La natalidad de Italia tambi\u00e9n se desploma en m\u00ednimos hist\u00f3ricos"}]},{"@type":"WebSite","@id":"https:\/\/conversesacatalunya.cat\/#website","url":"https:\/\/conversesacatalunya.cat\/","name":"Converses a Catalunya","description":"","potentialAction":[{"@type":"SearchAction","target":{"@type":"EntryPoint","urlTemplate":"https:\/\/conversesacatalunya.cat\/?s={search_term_string}"},"query-input":{"@type":"PropertyValueSpecification","valueRequired":true,"valueName":"search_term_string"}}],"inLanguage":"es"},{"@type":"Person","@id":"https:\/\/conversesacatalunya.cat\/#\/schema\/person\/3ce2ab16c0a3803086d80722c7cad56a","name":"Carles L\u00f3pez","image":{"@type":"ImageObject","inLanguage":"es","@id":"https:\/\/conversesacatalunya.cat\/#\/schema\/person\/image\/","url":"https:\/\/conversesacatalunya.cat\/wp-content\/litespeed\/avatar\/4891585caf2896e97846ab77f06edcf2.jpg?ver=1777091173","contentUrl":"https:\/\/conversesacatalunya.cat\/wp-content\/litespeed\/avatar\/4891585caf2896e97846ab77f06edcf2.jpg?ver=1777091173","caption":"Carles L\u00f3pez"},"url":"https:\/\/conversesacatalunya.cat\/es\/author\/carles-lopez\/"}]}},"wps_subtitle":"M\u00e1s que los factores econ\u00f3micos, son los culturales los que est\u00e1n llevando a Occidente al abismo demogr\u00e1fico","_links":{"self":[{"href":"https:\/\/conversesacatalunya.cat\/es\/wp-json\/wp\/v2\/posts\/76538","targetHints":{"allow":["GET"]}}],"collection":[{"href":"https:\/\/conversesacatalunya.cat\/es\/wp-json\/wp\/v2\/posts"}],"about":[{"href":"https:\/\/conversesacatalunya.cat\/es\/wp-json\/wp\/v2\/types\/post"}],"author":[{"embeddable":true,"href":"https:\/\/conversesacatalunya.cat\/es\/wp-json\/wp\/v2\/users\/75"}],"replies":[{"embeddable":true,"href":"https:\/\/conversesacatalunya.cat\/es\/wp-json\/wp\/v2\/comments?post=76538"}],"version-history":[{"count":2,"href":"https:\/\/conversesacatalunya.cat\/es\/wp-json\/wp\/v2\/posts\/76538\/revisions"}],"predecessor-version":[{"id":76540,"href":"https:\/\/conversesacatalunya.cat\/es\/wp-json\/wp\/v2\/posts\/76538\/revisions\/76540"}],"wp:featuredmedia":[{"embeddable":true,"href":"https:\/\/conversesacatalunya.cat\/es\/wp-json\/wp\/v2\/media\/76470"}],"wp:attachment":[{"href":"https:\/\/conversesacatalunya.cat\/es\/wp-json\/wp\/v2\/media?parent=76538"}],"wp:term":[{"taxonomy":"category","embeddable":true,"href":"https:\/\/conversesacatalunya.cat\/es\/wp-json\/wp\/v2\/categories?post=76538"},{"taxonomy":"post_tag","embeddable":true,"href":"https:\/\/conversesacatalunya.cat\/es\/wp-json\/wp\/v2\/tags?post=76538"}],"curies":[{"name":"wp","href":"https:\/\/api.w.org\/{rel}","templated":true}]}}