{"id":76371,"date":"2024-03-28T09:19:21","date_gmt":"2024-03-28T08:19:21","guid":{"rendered":"https:\/\/conversesacatalunya.cat\/?p=76371"},"modified":"2024-03-27T13:19:55","modified_gmt":"2024-03-27T12:19:55","slug":"la-inmigracion-en-serio-y-ii-las-proximas-elecciones","status":"publish","type":"post","link":"https:\/\/conversesacatalunya.cat\/es\/la-inmigracion-en-serio-y-ii-las-proximas-elecciones\/","title":{"rendered":"La inmigraci\u00f3n en serio (y II). Las pr\u00f3ximas elecciones"},"content":{"rendered":"<p>A los perfiles sobre inmigraci\u00f3n que presentamos en el\u00a0<a href=\"https:\/\/conversesacatalunya.cat\/es\/la-inmigracion-en-serio-i\/\" target=\"_blank\" rel=\"noopener\">primer art\u00edculo<\/a>, sobre todo referidos a Catalu\u00f1a, debe subrayarse el m\u00e1s importante de ellos: el car\u00e1cter masivo y r\u00e1pido de la poblaci\u00f3n extranjera que est\u00e1\u00a0llegando. Es un caso evidente en el que las condiciones cuantitativas determinan un cambio cualitativo generador de problemas.<\/p>\n<p>Desde principios del siglo XX,\u00a0<strong>Catalu\u00f1a ha registrado cinco grandes oleadas inmigratorias<\/strong>, pero con diferencia las m\u00e1s voluminosas corresponden a este siglo, con dos grandes olas con puntas que superan las 100.000 personas al a\u00f1o en la primera d\u00e9cada y en la actualidad. El resultado es un 21% de extranjeros; un 27% en Barcelona, que con los hijos nacidos de primera generaci\u00f3n se sit\u00faan en la cuarta parte y el 30% respectivamente\u00a0de la poblaci\u00f3n total, con tendencia a aumentar r\u00e1pidamente por la combinaci\u00f3n de la continuidad del flujo inmigratorio y una mayor tasa de fecundidad en este grupo de poblaci\u00f3n.<\/p>\n<p><strong>Naturalmente, la inmigraci\u00f3n presenta factores positivos<\/strong>. Los m\u00e1s evidentes son el rejuvenecimiento y la aportaci\u00f3n de fuerza de trabajo. Tambi\u00e9n, por esta \u00faltima causa, constituyen una contribuci\u00f3n neta a corto plazo a la Seguridad Social.<\/p>\n<p>Ahora bien,\u00a0<strong>estos efectos presentan algunas compartidas negativas o que limitan su impacto favorable.<\/strong>\u00a0Uno de ellos, lo constituye un efecto espejismo sobre la econom\u00eda espa\u00f1ola. Esta crece por la adici\u00f3n de nuevo trabajo, pero como su productividad es baja, la renta per c\u00e1pita crece poco en comparaci\u00f3n con Europa y retrocede. Como a su vez la evoluci\u00f3n europea es peor que la de Estados Unidos, el resultado global es el retroceso espa\u00f1ol. En otros t\u00e9rminos, la adici\u00f3n de trabajo hace crecer el pastel, pero como tambi\u00e9n aumenta mucho el n\u00famero de comensales y cada uno de los nuevos aporta comparativamente poco en relaci\u00f3n con los existentes, las porciones que corresponden a cada uno crecen poco o no lo hacen. El resultado es que nos alejamos de la convergencia de renta per c\u00e1pita con la Uni\u00f3n Europea, de manera que Espa\u00f1a ha descendido al lugar 18\u00ba entre los 27 pa\u00edses. De hecho, se mantiene a una distancia semejante a la que exist\u00eda en 1975.<\/p>\n<p>Naturalmente, el problema de la deficiente productividad espa\u00f1ola no es imputable en sus causas estructurales a la inmigraci\u00f3n, pero s\u00ed sucede que esta acent\u00faa determinados aspectos adversos: el flujo de mano de obra de bajo coste incentiva el crecimiento de los sectores de menor productividad, como la construcci\u00f3n, el turismo, la hosteler\u00eda, los servicios dom\u00e9sticos y otros servicios personales. La correcci\u00f3n de este hecho mediante el salario m\u00ednimo tiene un l\u00edmite por su impacto en el conjunto de la econom\u00eda. Otro efecto concomitante es que tiende a disuadir la introducci\u00f3n de factores de mejora de la\u00a0<strong>productividad total de los factores (PTF)\u00a0<\/strong>en los sectores donde abunda el trabajo inmigrante.<\/p>\n<p><strong>En cuanto a la aportaci\u00f3n a la Seguridad Social<\/strong>, los estudios sobre sus efectos a largo plazo (2050) reducen en gran medida sus beneficios, de manera que la diferencia entre un escenario de baja o alta inmigraci\u00f3n en cuanto al peso de las pensiones sobre el PIB es solo de uno a dos puntos de reducci\u00f3n. Esta minoraci\u00f3n debe ser observada en relaci\u00f3n al aumento de determinados costes sociales asumidos por los presupuestos de las administraciones p\u00fablicas.<\/p>\n<p>El 95% de los puestos de trabajo creados en Espa\u00f1a durante el \u00faltimo a\u00f1o fueron ocupados por personas no nacidas en el pa\u00eds. Estos datos provienen del\u00a0<a href=\"https:\/\/www.uspceu.com\/observatorio-demografico\" target=\"_blank\" rel=\"noreferrer noopener\">Observatorio Demogr\u00e1fico de la Universidad CEU-San Pablo<\/a>, basados en microdatos de la Encuesta de Poblaci\u00f3n Activa (EPA). El economista Miquel Puig\u00a0y secretario de Asuntos Econ\u00f3micos de la Generalitat se\u00f1ala que, en los \u00faltimos a\u00f1os, los espa\u00f1oles generalmente solo pueden aspirar a los puestos de trabajo que quedan disponibles debido a jubilaciones u otras vacantes. El auge del turismo, por ejemplo, no ha generado empleos significativos para los espa\u00f1oles, ya que a menudo est\u00e1n vinculados al sector de servicios con salarios bajos y son ocupados por inmigrantes. En Catalu\u00f1a, hay a\u00f1os en los que todo el nuevo empleo se destina a personas nacidas en el extranjero. Seg\u00fan las previsiones del Instituto Nacional de Estad\u00edstica (INE), se espera que la migraci\u00f3n neta en Espa\u00f1a sea de cerca de medio mill\u00f3n de personas cada a\u00f1o en los pr\u00f3ximos ejercicios, esto podr\u00eda significar una afluencia anual de unas 70.000 personas en Catalu\u00f1a.<\/p>\n<p><strong>Al mismo tiempo, la estructura productiva espa\u00f1ola\u00a0<\/strong>expulsa poblaci\u00f3n aut\u00f3ctona: 301.000 personas en 2021 y 426.000 en el 2022. El 56% con\u00a0destino a Europa y el 4,5% a Estados Unidos, con una p\u00e9rdida de capital humano cifrado por la Fundaci\u00f3n del BBVA y el IVIE en 154.800 millones de euros. Esto \u00faltimo significa una descapitalizaci\u00f3n importante: se expulsa capital humano cualificado, que ha significado un coste importante para la sociedad y se importa en una medida importante otro de mucha menor cualificaci\u00f3n. El balance es muy adverso para el futuro del pa\u00eds.<\/p>\n<p><strong>La diversidad es positiva<\/strong>, pero en una sociedad de demograf\u00eda d\u00e9bil, envejecida, con una lengua minoritaria, el catal\u00e1n, que solo es la primera lengua en el 31% de las familias, significa graves e inabordadas dificultades para la lengua y cultura catalana. El hecho masivo de la inmigraci\u00f3n tiende a reducir a\u00fan m\u00e1s su uso social y el mantenimiento de su cultura.<\/p>\n<p>Por \u00faltimo, es evidente que no he tratado tres cuestiones, que desde determinadas perspectivas se vinculan a la inmigraci\u00f3n:\u00a0<strong>la mayor delincuencia, la extensi\u00f3n de la droga y los feminicidios de pareja<\/strong>. Sobre los tres, hay que decir que no debe ocultarse que existe una correlaci\u00f3n positiva con el aumento de la poblaci\u00f3n extrajera en relaci\u00f3n con la poblaci\u00f3n total. Negarlo no hace ning\u00fan favor a la defensa del inmigrante, como tampoco lo hace acentuar la cuesti\u00f3n, porque, en relaci\u00f3n con la delincuencia, la correlaci\u00f3n fuerte radica en la situaci\u00f3n econ\u00f3mica de las personas m\u00e1s que en su origen. Algo parecido puede decirse de la droga, si bien algunas nacionalidades y la existencia de gran delincuencia de origen \u00e9tnico en este campo, se\u00f1alan un problema de esta naturaleza. En ambos casos, la situaci\u00f3n debe ser atendida y seguida de cerca en una medida superior a la que se practica, cercenando su expansi\u00f3n, aunque con la droga, el problema de fondo es la demanda del mercado, que ahora, por ejemplo, est\u00e1 inundado de coca\u00edna barata y de gran pureza, procedente de Colombia y Per\u00fa.<\/p>\n<p>Sobre el\u00a0<strong>feminicidio de la pareja,<\/strong>\u00a0tambi\u00e9n la correlaci\u00f3n es fuerte, pero a causa de la ruptura de los emparejamientos informales que la inmigraci\u00f3n genera, y se dan en mucha menor medida en los matrimonios. La causa son los emparejamientos generados por el desarraigo. De aqu\u00ed que, el reagrupamiento familiar, adem\u00e1s de una exigencia moral, resulta socialmente recomendable.<\/p>\n<p>En definitiva, en\u00a0<strong>Catalu\u00f1a, por razones vinculadas al bien com\u00fan<\/strong>, que deben articularse con otros principios b\u00e1sicos, debe abrirse un debate a partir de estos principios y las condiciones objetivas concretas del estado de la inmigraci\u00f3n, para responder a la cuesti\u00f3n de cu\u00e1ntos inmigrantes podemos acoger en condiciones razonables, y al tiempo asumir el necesario reagrupamiento familiar, sin afectar negativamente al conjunto de la poblaci\u00f3n y a sus condiciones de vida. El debate pol\u00edtico ante las pr\u00f3ximas\u00a0<a href=\"https:\/\/conversesacatalunya.cat\/es\/elecciones-anticipadas-cataluna\/\" target=\"_blank\" rel=\"noreferrer noopener\"><strong>elecciones al Parlament<\/strong>\u00a0de Catalunya<\/a>\u00a0deber\u00eda tratar esta cuesti\u00f3n, en lugar de ocultar el problema bajo la estera.<\/p>\n<div id=\"polls-235\" class=\"wp-polls\">\n\t<form id=\"polls_form_235\" class=\"wp-polls-form\" action=\"\/index.php\" method=\"post\">\n\t\t<p style=\"display: none;\"><input type=\"hidden\" id=\"poll_235_nonce\" name=\"wp-polls-nonce\" value=\"c1b93c3d4c\" \/><\/p>\n\t\t<p style=\"display: none;\"><input type=\"hidden\" name=\"poll_id\" value=\"235\" \/><\/p>\n\t\t<p style=\"text-align: center\"><strong>Les primeres enquestes sobre les eleccions a Catalunya coincideixen a donar com a guanyador als socialistes. Creus que el resultat final confirmar\u00e0 aquesta previsi\u00f3?<\/strong><\/p><div id=\"polls-235-ans\" class=\"wp-polls-ans\"><ul class=\"wp-polls-ul\">\n\t\t<li><input type=\"radio\" id=\"poll-answer-657\" name=\"poll_235\" value=\"657\" \/> <label for=\"poll-answer-657\">S\u00ed<\/label><\/li>\n\t\t<li><input type=\"radio\" id=\"poll-answer-658\" name=\"poll_235\" value=\"658\" \/> <label for=\"poll-answer-658\">No<\/label><\/li>\n\t\t<li><input type=\"radio\" id=\"poll-answer-659\" name=\"poll_235\" value=\"659\" \/> <label for=\"poll-answer-659\">No ho s\u00e9<\/label><\/li>\n\t\t<\/ul><p style=\"text-align: center\"><input type=\"button\" name=\"vote\" value=\"   Vota   \" class=\"Buttons\" onclick=\"poll_vote(235);\" \/><\/p><p style=\"text-align: center\"><a href=\"#ViewPollResults\" onclick=\"poll_result(235); return false;\" title=\"View Results Of This Poll\">Mira els resultats<\/a><\/p><\/div>\n\t<\/form>\n<\/div>\n<div id=\"polls-235-loading\" class=\"wp-polls-loading\"><img decoding=\"async\" data-src=\"https:\/\/conversesacatalunya.cat\/wp-content\/plugins\/wp-polls\/images\/loading.gif\" width=\"16\" height=\"16\" alt=\"Cargando ...\" title=\"Cargando ...\" class=\"wp-polls-image lazyload\" src=\"data:image\/svg+xml;base64,PHN2ZyB3aWR0aD0iMSIgaGVpZ2h0PSIxIiB4bWxucz0iaHR0cDovL3d3dy53My5vcmcvMjAwMC9zdmciPjwvc3ZnPg==\" style=\"--smush-placeholder-width: 16px; --smush-placeholder-aspect-ratio: 16\/16;\" \/>&nbsp;Cargando ...<\/div>\n\n","protected":false},"excerpt":{"rendered":"<p>A los perfiles sobre inmigraci\u00f3n que presentamos en el\u00a0primer art\u00edculo, sobre todo referidos a Catalu\u00f1a, debe subrayarse el m\u00e1s importante de ellos: el car\u00e1cter masivo y r\u00e1pido de la poblaci\u00f3n extranjera que est\u00e1\u00a0llegando. Es un caso evidente en el que las condiciones cuantitativas determinan un cambio cualitativo generador de problemas. Desde principios del siglo XX,\u00a0Catalu\u00f1a ha registrado cinco grandes oleadas inmigratorias, pero con diferencia las m\u00e1s voluminosas corresponden a este siglo, con dos grandes olas con puntas que superan las 100.000 personas al a\u00f1o en la primera d\u00e9cada y en la actualidad. El resultado es un 21% de extranjeros; un 27% en Barcelona, que con los hijos nacidos de primera generaci\u00f3n se sit\u00faan en la cuarta parte y el 30% respectivamente\u00a0de la poblaci\u00f3n total, con tendencia a aumentar r\u00e1pidamente por la combinaci\u00f3n de la continuidad del flujo inmigratorio y una mayor tasa de fecundidad en este grupo de poblaci\u00f3n. Naturalmente, la inmigraci\u00f3n presenta factores positivos. Los m\u00e1s evidentes son el rejuvenecimiento y la aportaci\u00f3n de fuerza de trabajo. Tambi\u00e9n, por esta \u00faltima causa, constituyen una contribuci\u00f3n neta a corto plazo a la Seguridad Social. Ahora bien,\u00a0estos efectos presentan algunas compartidas negativas o que limitan su impacto favorable.\u00a0Uno de ellos, lo constituye un efecto espejismo sobre la econom\u00eda espa\u00f1ola. Esta crece por la adici\u00f3n de nuevo trabajo, pero como su productividad es baja, la renta per c\u00e1pita crece poco en comparaci\u00f3n con Europa y retrocede. Como a su vez la evoluci\u00f3n europea es peor que la de Estados Unidos, el resultado global es el retroceso espa\u00f1ol. En otros t\u00e9rminos, la adici\u00f3n de trabajo hace crecer el pastel, pero como tambi\u00e9n aumenta mucho el n\u00famero de comensales y cada uno de los nuevos aporta comparativamente poco en relaci\u00f3n con los existentes, las porciones que corresponden a cada uno crecen poco o no lo hacen. El resultado es que nos alejamos de la convergencia de renta per c\u00e1pita con la Uni\u00f3n Europea, de manera que Espa\u00f1a ha descendido al lugar 18\u00ba entre los 27 pa\u00edses. De hecho, se mantiene a una distancia semejante a la que exist\u00eda en 1975. Naturalmente, el problema de la deficiente productividad espa\u00f1ola no es imputable en sus causas estructurales a la inmigraci\u00f3n, pero s\u00ed sucede que esta acent\u00faa determinados aspectos adversos: el flujo de mano de obra de bajo coste incentiva el crecimiento de los sectores de menor productividad, como la construcci\u00f3n, el turismo, la hosteler\u00eda, los servicios dom\u00e9sticos y otros servicios personales. La correcci\u00f3n de este hecho mediante el salario m\u00ednimo tiene un l\u00edmite por su impacto en el conjunto de la econom\u00eda. Otro efecto concomitante es que tiende a disuadir la introducci\u00f3n de factores de mejora de la\u00a0productividad total de los factores (PTF)\u00a0en los sectores donde abunda el trabajo inmigrante. En cuanto a la aportaci\u00f3n a la Seguridad Social, los estudios sobre sus efectos a largo plazo (2050) reducen en gran medida sus beneficios, de manera que la diferencia entre un escenario de baja o alta inmigraci\u00f3n en cuanto al peso de las pensiones sobre el PIB es solo de uno a dos puntos de reducci\u00f3n. Esta minoraci\u00f3n debe ser observada en relaci\u00f3n al aumento de determinados costes sociales asumidos por los presupuestos de las administraciones p\u00fablicas. El 95% de los puestos de trabajo creados en Espa\u00f1a durante el \u00faltimo a\u00f1o fueron ocupados por personas no nacidas en el pa\u00eds. Estos datos provienen del\u00a0Observatorio Demogr\u00e1fico de la Universidad CEU-San Pablo, basados en microdatos de la Encuesta de Poblaci\u00f3n Activa (EPA). El economista Miquel Puig\u00a0y secretario de Asuntos Econ\u00f3micos de la Generalitat se\u00f1ala que, en los \u00faltimos a\u00f1os, los espa\u00f1oles generalmente solo pueden aspirar a los puestos de trabajo que quedan disponibles debido a jubilaciones u otras vacantes. El auge del turismo, por ejemplo, no ha generado empleos significativos para los espa\u00f1oles, ya que a menudo est\u00e1n vinculados al sector de servicios con salarios bajos y son ocupados por inmigrantes. En Catalu\u00f1a, hay a\u00f1os en los que todo el nuevo empleo se destina a personas nacidas en el extranjero. Seg\u00fan las previsiones del Instituto Nacional de Estad\u00edstica (INE), se espera que la migraci\u00f3n neta en Espa\u00f1a sea de cerca de medio mill\u00f3n de personas cada a\u00f1o en los pr\u00f3ximos ejercicios, esto podr\u00eda significar una afluencia anual de unas 70.000 personas en Catalu\u00f1a. Al mismo tiempo, la estructura productiva espa\u00f1ola\u00a0expulsa poblaci\u00f3n aut\u00f3ctona: 301.000 personas en 2021 y 426.000 en el 2022. El 56% con\u00a0destino a Europa y el 4,5% a Estados Unidos, con una p\u00e9rdida de capital humano cifrado por la Fundaci\u00f3n del BBVA y el IVIE en 154.800 millones de euros. Esto \u00faltimo significa una descapitalizaci\u00f3n importante: se expulsa capital humano cualificado, que ha significado un coste importante para la sociedad y se importa en una medida importante otro de mucha menor cualificaci\u00f3n. El balance es muy adverso para el futuro del pa\u00eds. La diversidad es positiva, pero en una sociedad de demograf\u00eda d\u00e9bil, envejecida, con una lengua minoritaria, el catal\u00e1n, que solo es la primera lengua en el 31% de las familias, significa graves e inabordadas dificultades para la lengua y cultura catalana. El hecho masivo de la inmigraci\u00f3n tiende a reducir a\u00fan m\u00e1s su uso social y el mantenimiento de su cultura. Por \u00faltimo, es evidente que no he tratado tres cuestiones, que desde determinadas perspectivas se vinculan a la inmigraci\u00f3n:\u00a0la mayor delincuencia, la extensi\u00f3n de la droga y los feminicidios de pareja. Sobre los tres, hay que decir que no debe ocultarse que existe una correlaci\u00f3n positiva con el aumento de la poblaci\u00f3n extrajera en relaci\u00f3n con la poblaci\u00f3n total. Negarlo no hace ning\u00fan favor a la defensa del inmigrante, como tampoco lo hace acentuar la cuesti\u00f3n, porque, en relaci\u00f3n con la delincuencia, la correlaci\u00f3n fuerte radica en la situaci\u00f3n econ\u00f3mica de las personas m\u00e1s que en su origen. Algo parecido puede decirse de la droga, si bien algunas nacionalidades y la existencia de gran delincuencia de origen \u00e9tnico en este campo, se\u00f1alan un problema de esta naturaleza. En ambos casos, la situaci\u00f3n debe ser atendida y seguida de cerca en una medida&#8230;<\/p>\n","protected":false},"author":19,"featured_media":76376,"comment_status":"open","ping_status":"open","sticky":false,"template":"","format":"standard","meta":{"_FSMCFIC_featured_image_caption":"","_FSMCFIC_featured_image_nocaption":"","_FSMCFIC_featured_image_hide":"","footnotes":""},"categories":[796,806],"tags":[1678],"class_list":["post-76371","post","type-post","status-publish","format-standard","has-post-thumbnail","hentry","category-el-blog-de-josep-miro-i-ardevol-es","category-punts-claus-del-dia-es","tag-inmigracion"],"yoast_head":"<!-- This site is optimized with the Yoast SEO plugin v26.8 - https:\/\/yoast.com\/product\/yoast-seo-wordpress\/ -->\n<title>La inmigraci\u00f3n en serio (y II). Las pr\u00f3ximas elecciones - Converses a Catalunya<\/title>\n<meta name=\"robots\" content=\"noindex, nofollow\" \/>\n<meta property=\"og:locale\" content=\"es_ES\" \/>\n<meta property=\"og:type\" content=\"article\" \/>\n<meta property=\"og:title\" content=\"La inmigraci\u00f3n en serio (y II). Las pr\u00f3ximas elecciones - Converses a Catalunya\" \/>\n<meta property=\"og:description\" content=\"A los perfiles sobre inmigraci\u00f3n que presentamos en el\u00a0primer art\u00edculo, sobre todo referidos a Catalu\u00f1a, debe subrayarse el m\u00e1s importante de ellos: el car\u00e1cter masivo y r\u00e1pido de la poblaci\u00f3n extranjera que est\u00e1\u00a0llegando. Es un caso evidente en el que las condiciones cuantitativas determinan un cambio cualitativo generador de problemas. Desde principios del siglo XX,\u00a0Catalu\u00f1a ha registrado cinco grandes oleadas inmigratorias, pero con diferencia las m\u00e1s voluminosas corresponden a este siglo, con dos grandes olas con puntas que superan las 100.000 personas al a\u00f1o en la primera d\u00e9cada y en la actualidad. El resultado es un 21% de extranjeros; un 27% en Barcelona, que con los hijos nacidos de primera generaci\u00f3n se sit\u00faan en la cuarta parte y el 30% respectivamente\u00a0de la poblaci\u00f3n total, con tendencia a aumentar r\u00e1pidamente por la combinaci\u00f3n de la continuidad del flujo inmigratorio y una mayor tasa de fecundidad en este grupo de poblaci\u00f3n. Naturalmente, la inmigraci\u00f3n presenta factores positivos. Los m\u00e1s evidentes son el rejuvenecimiento y la aportaci\u00f3n de fuerza de trabajo. Tambi\u00e9n, por esta \u00faltima causa, constituyen una contribuci\u00f3n neta a corto plazo a la Seguridad Social. Ahora bien,\u00a0estos efectos presentan algunas compartidas negativas o que limitan su impacto favorable.\u00a0Uno de ellos, lo constituye un efecto espejismo sobre la econom\u00eda espa\u00f1ola. Esta crece por la adici\u00f3n de nuevo trabajo, pero como su productividad es baja, la renta per c\u00e1pita crece poco en comparaci\u00f3n con Europa y retrocede. Como a su vez la evoluci\u00f3n europea es peor que la de Estados Unidos, el resultado global es el retroceso espa\u00f1ol. En otros t\u00e9rminos, la adici\u00f3n de trabajo hace crecer el pastel, pero como tambi\u00e9n aumenta mucho el n\u00famero de comensales y cada uno de los nuevos aporta comparativamente poco en relaci\u00f3n con los existentes, las porciones que corresponden a cada uno crecen poco o no lo hacen. El resultado es que nos alejamos de la convergencia de renta per c\u00e1pita con la Uni\u00f3n Europea, de manera que Espa\u00f1a ha descendido al lugar 18\u00ba entre los 27 pa\u00edses. De hecho, se mantiene a una distancia semejante a la que exist\u00eda en 1975. Naturalmente, el problema de la deficiente productividad espa\u00f1ola no es imputable en sus causas estructurales a la inmigraci\u00f3n, pero s\u00ed sucede que esta acent\u00faa determinados aspectos adversos: el flujo de mano de obra de bajo coste incentiva el crecimiento de los sectores de menor productividad, como la construcci\u00f3n, el turismo, la hosteler\u00eda, los servicios dom\u00e9sticos y otros servicios personales. La correcci\u00f3n de este hecho mediante el salario m\u00ednimo tiene un l\u00edmite por su impacto en el conjunto de la econom\u00eda. Otro efecto concomitante es que tiende a disuadir la introducci\u00f3n de factores de mejora de la\u00a0productividad total de los factores (PTF)\u00a0en los sectores donde abunda el trabajo inmigrante. En cuanto a la aportaci\u00f3n a la Seguridad Social, los estudios sobre sus efectos a largo plazo (2050) reducen en gran medida sus beneficios, de manera que la diferencia entre un escenario de baja o alta inmigraci\u00f3n en cuanto al peso de las pensiones sobre el PIB es solo de uno a dos puntos de reducci\u00f3n. Esta minoraci\u00f3n debe ser observada en relaci\u00f3n al aumento de determinados costes sociales asumidos por los presupuestos de las administraciones p\u00fablicas. El 95% de los puestos de trabajo creados en Espa\u00f1a durante el \u00faltimo a\u00f1o fueron ocupados por personas no nacidas en el pa\u00eds. Estos datos provienen del\u00a0Observatorio Demogr\u00e1fico de la Universidad CEU-San Pablo, basados en microdatos de la Encuesta de Poblaci\u00f3n Activa (EPA). El economista Miquel Puig\u00a0y secretario de Asuntos Econ\u00f3micos de la Generalitat se\u00f1ala que, en los \u00faltimos a\u00f1os, los espa\u00f1oles generalmente solo pueden aspirar a los puestos de trabajo que quedan disponibles debido a jubilaciones u otras vacantes. El auge del turismo, por ejemplo, no ha generado empleos significativos para los espa\u00f1oles, ya que a menudo est\u00e1n vinculados al sector de servicios con salarios bajos y son ocupados por inmigrantes. En Catalu\u00f1a, hay a\u00f1os en los que todo el nuevo empleo se destina a personas nacidas en el extranjero. Seg\u00fan las previsiones del Instituto Nacional de Estad\u00edstica (INE), se espera que la migraci\u00f3n neta en Espa\u00f1a sea de cerca de medio mill\u00f3n de personas cada a\u00f1o en los pr\u00f3ximos ejercicios, esto podr\u00eda significar una afluencia anual de unas 70.000 personas en Catalu\u00f1a. Al mismo tiempo, la estructura productiva espa\u00f1ola\u00a0expulsa poblaci\u00f3n aut\u00f3ctona: 301.000 personas en 2021 y 426.000 en el 2022. El 56% con\u00a0destino a Europa y el 4,5% a Estados Unidos, con una p\u00e9rdida de capital humano cifrado por la Fundaci\u00f3n del BBVA y el IVIE en 154.800 millones de euros. Esto \u00faltimo significa una descapitalizaci\u00f3n importante: se expulsa capital humano cualificado, que ha significado un coste importante para la sociedad y se importa en una medida importante otro de mucha menor cualificaci\u00f3n. El balance es muy adverso para el futuro del pa\u00eds. La diversidad es positiva, pero en una sociedad de demograf\u00eda d\u00e9bil, envejecida, con una lengua minoritaria, el catal\u00e1n, que solo es la primera lengua en el 31% de las familias, significa graves e inabordadas dificultades para la lengua y cultura catalana. El hecho masivo de la inmigraci\u00f3n tiende a reducir a\u00fan m\u00e1s su uso social y el mantenimiento de su cultura. Por \u00faltimo, es evidente que no he tratado tres cuestiones, que desde determinadas perspectivas se vinculan a la inmigraci\u00f3n:\u00a0la mayor delincuencia, la extensi\u00f3n de la droga y los feminicidios de pareja. Sobre los tres, hay que decir que no debe ocultarse que existe una correlaci\u00f3n positiva con el aumento de la poblaci\u00f3n extrajera en relaci\u00f3n con la poblaci\u00f3n total. Negarlo no hace ning\u00fan favor a la defensa del inmigrante, como tampoco lo hace acentuar la cuesti\u00f3n, porque, en relaci\u00f3n con la delincuencia, la correlaci\u00f3n fuerte radica en la situaci\u00f3n econ\u00f3mica de las personas m\u00e1s que en su origen. Algo parecido puede decirse de la droga, si bien algunas nacionalidades y la existencia de gran delincuencia de origen \u00e9tnico en este campo, se\u00f1alan un problema de esta naturaleza. En ambos casos, la situaci\u00f3n debe ser atendida y seguida de cerca en una medida...\" \/>\n<meta property=\"og:url\" content=\"https:\/\/conversesacatalunya.cat\/la-inmigracion-en-serio-y-ii-las-proximas-elecciones\/\" \/>\n<meta property=\"og:site_name\" content=\"Converses a Catalunya\" \/>\n<meta property=\"article:published_time\" content=\"2024-03-28T08:19:21+00:00\" \/>\n<meta property=\"og:image\" content=\"https:\/\/conversesacatalunya.cat\/wp-content\/uploads\/2024\/03\/inmigracion-1.jpg\" \/>\n\t<meta property=\"og:image:width\" content=\"607\" \/>\n\t<meta property=\"og:image:height\" content=\"429\" \/>\n\t<meta property=\"og:image:type\" content=\"image\/jpeg\" \/>\n<meta name=\"author\" content=\"Josep Mir\u00f3 i Ard\u00e8vol\" \/>\n<meta name=\"twitter:card\" content=\"summary_large_image\" \/>\n<meta name=\"twitter:label1\" content=\"Escrito por\" \/>\n\t<meta name=\"twitter:data1\" content=\"Josep Mir\u00f3 i Ard\u00e8vol\" \/>\n\t<meta name=\"twitter:label2\" content=\"Tiempo de lectura\" \/>\n\t<meta name=\"twitter:data2\" content=\"7 minutos\" \/>\n<script type=\"application\/ld+json\" class=\"yoast-schema-graph\">{\"@context\":\"https:\/\/schema.org\",\"@graph\":[{\"@type\":\"Article\",\"@id\":\"https:\/\/conversesacatalunya.cat\/la-inmigracion-en-serio-y-ii-las-proximas-elecciones\/#article\",\"isPartOf\":{\"@id\":\"https:\/\/conversesacatalunya.cat\/la-inmigracion-en-serio-y-ii-las-proximas-elecciones\/\"},\"author\":{\"name\":\"Josep Mir\u00f3 i Ard\u00e8vol\",\"@id\":\"https:\/\/conversesacatalunya.cat\/#\/schema\/person\/a9598a6786ba7d3d1c5e0de477b79370\"},\"headline\":\"La inmigraci\u00f3n en serio (y II). Las pr\u00f3ximas elecciones\",\"datePublished\":\"2024-03-28T08:19:21+00:00\",\"mainEntityOfPage\":{\"@id\":\"https:\/\/conversesacatalunya.cat\/la-inmigracion-en-serio-y-ii-las-proximas-elecciones\/\"},\"wordCount\":1324,\"commentCount\":0,\"image\":{\"@id\":\"https:\/\/conversesacatalunya.cat\/la-inmigracion-en-serio-y-ii-las-proximas-elecciones\/#primaryimage\"},\"thumbnailUrl\":\"https:\/\/conversesacatalunya.cat\/wp-content\/uploads\/2024\/03\/inmigracion-1.jpg\",\"keywords\":[\"inmigraci\u00f3n\"],\"articleSection\":[\"El Blog de Josep Mir\u00f3 i Ard\u00e8vol (ES)\",\"Punts clau del dia (ES)\"],\"inLanguage\":\"es\",\"potentialAction\":[{\"@type\":\"CommentAction\",\"name\":\"Comment\",\"target\":[\"https:\/\/conversesacatalunya.cat\/la-inmigracion-en-serio-y-ii-las-proximas-elecciones\/#respond\"]}]},{\"@type\":\"WebPage\",\"@id\":\"https:\/\/conversesacatalunya.cat\/la-inmigracion-en-serio-y-ii-las-proximas-elecciones\/\",\"url\":\"https:\/\/conversesacatalunya.cat\/la-inmigracion-en-serio-y-ii-las-proximas-elecciones\/\",\"name\":\"La inmigraci\u00f3n en serio (y II). Las pr\u00f3ximas elecciones - Converses a Catalunya\",\"isPartOf\":{\"@id\":\"https:\/\/conversesacatalunya.cat\/#website\"},\"primaryImageOfPage\":{\"@id\":\"https:\/\/conversesacatalunya.cat\/la-inmigracion-en-serio-y-ii-las-proximas-elecciones\/#primaryimage\"},\"image\":{\"@id\":\"https:\/\/conversesacatalunya.cat\/la-inmigracion-en-serio-y-ii-las-proximas-elecciones\/#primaryimage\"},\"thumbnailUrl\":\"https:\/\/conversesacatalunya.cat\/wp-content\/uploads\/2024\/03\/inmigracion-1.jpg\",\"datePublished\":\"2024-03-28T08:19:21+00:00\",\"author\":{\"@id\":\"https:\/\/conversesacatalunya.cat\/#\/schema\/person\/a9598a6786ba7d3d1c5e0de477b79370\"},\"breadcrumb\":{\"@id\":\"https:\/\/conversesacatalunya.cat\/la-inmigracion-en-serio-y-ii-las-proximas-elecciones\/#breadcrumb\"},\"inLanguage\":\"es\",\"potentialAction\":[{\"@type\":\"ReadAction\",\"target\":[\"https:\/\/conversesacatalunya.cat\/la-inmigracion-en-serio-y-ii-las-proximas-elecciones\/\"]}]},{\"@type\":\"ImageObject\",\"inLanguage\":\"es\",\"@id\":\"https:\/\/conversesacatalunya.cat\/la-inmigracion-en-serio-y-ii-las-proximas-elecciones\/#primaryimage\",\"url\":\"https:\/\/conversesacatalunya.cat\/wp-content\/uploads\/2024\/03\/inmigracion-1.jpg\",\"contentUrl\":\"https:\/\/conversesacatalunya.cat\/wp-content\/uploads\/2024\/03\/inmigracion-1.jpg\",\"width\":607,\"height\":429},{\"@type\":\"BreadcrumbList\",\"@id\":\"https:\/\/conversesacatalunya.cat\/la-inmigracion-en-serio-y-ii-las-proximas-elecciones\/#breadcrumb\",\"itemListElement\":[{\"@type\":\"ListItem\",\"position\":1,\"name\":\"Inici\",\"item\":\"https:\/\/conversesacatalunya.cat\/es\/\"},{\"@type\":\"ListItem\",\"position\":2,\"name\":\"La inmigraci\u00f3n en serio (y II). Las pr\u00f3ximas elecciones\"}]},{\"@type\":\"WebSite\",\"@id\":\"https:\/\/conversesacatalunya.cat\/#website\",\"url\":\"https:\/\/conversesacatalunya.cat\/\",\"name\":\"Converses a Catalunya\",\"description\":\"\",\"potentialAction\":[{\"@type\":\"SearchAction\",\"target\":{\"@type\":\"EntryPoint\",\"urlTemplate\":\"https:\/\/conversesacatalunya.cat\/?s={search_term_string}\"},\"query-input\":{\"@type\":\"PropertyValueSpecification\",\"valueRequired\":true,\"valueName\":\"search_term_string\"}}],\"inLanguage\":\"es\"},{\"@type\":\"Person\",\"@id\":\"https:\/\/conversesacatalunya.cat\/#\/schema\/person\/a9598a6786ba7d3d1c5e0de477b79370\",\"name\":\"Josep Mir\u00f3 i Ard\u00e8vol\",\"image\":{\"@type\":\"ImageObject\",\"inLanguage\":\"es\",\"@id\":\"https:\/\/conversesacatalunya.cat\/#\/schema\/person\/image\/\",\"url\":\"https:\/\/conversesacatalunya.cat\/wp-content\/litespeed\/avatar\/c37e3dc881857483d6694cdf98fdedea.jpg?ver=1777270381\",\"contentUrl\":\"https:\/\/conversesacatalunya.cat\/wp-content\/litespeed\/avatar\/c37e3dc881857483d6694cdf98fdedea.jpg?ver=1777270381\",\"caption\":\"Josep Mir\u00f3 i Ard\u00e8vol\"},\"url\":\"https:\/\/conversesacatalunya.cat\/es\/author\/josep-miro-i-ardevol\/\"}]}<\/script>\n<!-- \/ Yoast SEO plugin. -->","yoast_head_json":{"title":"La inmigraci\u00f3n en serio (y II). Las pr\u00f3ximas elecciones - Converses a Catalunya","robots":{"index":"noindex","follow":"nofollow"},"og_locale":"es_ES","og_type":"article","og_title":"La inmigraci\u00f3n en serio (y II). Las pr\u00f3ximas elecciones - Converses a Catalunya","og_description":"A los perfiles sobre inmigraci\u00f3n que presentamos en el\u00a0primer art\u00edculo, sobre todo referidos a Catalu\u00f1a, debe subrayarse el m\u00e1s importante de ellos: el car\u00e1cter masivo y r\u00e1pido de la poblaci\u00f3n extranjera que est\u00e1\u00a0llegando. Es un caso evidente en el que las condiciones cuantitativas determinan un cambio cualitativo generador de problemas. Desde principios del siglo XX,\u00a0Catalu\u00f1a ha registrado cinco grandes oleadas inmigratorias, pero con diferencia las m\u00e1s voluminosas corresponden a este siglo, con dos grandes olas con puntas que superan las 100.000 personas al a\u00f1o en la primera d\u00e9cada y en la actualidad. El resultado es un 21% de extranjeros; un 27% en Barcelona, que con los hijos nacidos de primera generaci\u00f3n se sit\u00faan en la cuarta parte y el 30% respectivamente\u00a0de la poblaci\u00f3n total, con tendencia a aumentar r\u00e1pidamente por la combinaci\u00f3n de la continuidad del flujo inmigratorio y una mayor tasa de fecundidad en este grupo de poblaci\u00f3n. Naturalmente, la inmigraci\u00f3n presenta factores positivos. Los m\u00e1s evidentes son el rejuvenecimiento y la aportaci\u00f3n de fuerza de trabajo. Tambi\u00e9n, por esta \u00faltima causa, constituyen una contribuci\u00f3n neta a corto plazo a la Seguridad Social. Ahora bien,\u00a0estos efectos presentan algunas compartidas negativas o que limitan su impacto favorable.\u00a0Uno de ellos, lo constituye un efecto espejismo sobre la econom\u00eda espa\u00f1ola. Esta crece por la adici\u00f3n de nuevo trabajo, pero como su productividad es baja, la renta per c\u00e1pita crece poco en comparaci\u00f3n con Europa y retrocede. Como a su vez la evoluci\u00f3n europea es peor que la de Estados Unidos, el resultado global es el retroceso espa\u00f1ol. En otros t\u00e9rminos, la adici\u00f3n de trabajo hace crecer el pastel, pero como tambi\u00e9n aumenta mucho el n\u00famero de comensales y cada uno de los nuevos aporta comparativamente poco en relaci\u00f3n con los existentes, las porciones que corresponden a cada uno crecen poco o no lo hacen. El resultado es que nos alejamos de la convergencia de renta per c\u00e1pita con la Uni\u00f3n Europea, de manera que Espa\u00f1a ha descendido al lugar 18\u00ba entre los 27 pa\u00edses. De hecho, se mantiene a una distancia semejante a la que exist\u00eda en 1975. Naturalmente, el problema de la deficiente productividad espa\u00f1ola no es imputable en sus causas estructurales a la inmigraci\u00f3n, pero s\u00ed sucede que esta acent\u00faa determinados aspectos adversos: el flujo de mano de obra de bajo coste incentiva el crecimiento de los sectores de menor productividad, como la construcci\u00f3n, el turismo, la hosteler\u00eda, los servicios dom\u00e9sticos y otros servicios personales. La correcci\u00f3n de este hecho mediante el salario m\u00ednimo tiene un l\u00edmite por su impacto en el conjunto de la econom\u00eda. Otro efecto concomitante es que tiende a disuadir la introducci\u00f3n de factores de mejora de la\u00a0productividad total de los factores (PTF)\u00a0en los sectores donde abunda el trabajo inmigrante. En cuanto a la aportaci\u00f3n a la Seguridad Social, los estudios sobre sus efectos a largo plazo (2050) reducen en gran medida sus beneficios, de manera que la diferencia entre un escenario de baja o alta inmigraci\u00f3n en cuanto al peso de las pensiones sobre el PIB es solo de uno a dos puntos de reducci\u00f3n. Esta minoraci\u00f3n debe ser observada en relaci\u00f3n al aumento de determinados costes sociales asumidos por los presupuestos de las administraciones p\u00fablicas. El 95% de los puestos de trabajo creados en Espa\u00f1a durante el \u00faltimo a\u00f1o fueron ocupados por personas no nacidas en el pa\u00eds. Estos datos provienen del\u00a0Observatorio Demogr\u00e1fico de la Universidad CEU-San Pablo, basados en microdatos de la Encuesta de Poblaci\u00f3n Activa (EPA). El economista Miquel Puig\u00a0y secretario de Asuntos Econ\u00f3micos de la Generalitat se\u00f1ala que, en los \u00faltimos a\u00f1os, los espa\u00f1oles generalmente solo pueden aspirar a los puestos de trabajo que quedan disponibles debido a jubilaciones u otras vacantes. El auge del turismo, por ejemplo, no ha generado empleos significativos para los espa\u00f1oles, ya que a menudo est\u00e1n vinculados al sector de servicios con salarios bajos y son ocupados por inmigrantes. En Catalu\u00f1a, hay a\u00f1os en los que todo el nuevo empleo se destina a personas nacidas en el extranjero. Seg\u00fan las previsiones del Instituto Nacional de Estad\u00edstica (INE), se espera que la migraci\u00f3n neta en Espa\u00f1a sea de cerca de medio mill\u00f3n de personas cada a\u00f1o en los pr\u00f3ximos ejercicios, esto podr\u00eda significar una afluencia anual de unas 70.000 personas en Catalu\u00f1a. Al mismo tiempo, la estructura productiva espa\u00f1ola\u00a0expulsa poblaci\u00f3n aut\u00f3ctona: 301.000 personas en 2021 y 426.000 en el 2022. El 56% con\u00a0destino a Europa y el 4,5% a Estados Unidos, con una p\u00e9rdida de capital humano cifrado por la Fundaci\u00f3n del BBVA y el IVIE en 154.800 millones de euros. Esto \u00faltimo significa una descapitalizaci\u00f3n importante: se expulsa capital humano cualificado, que ha significado un coste importante para la sociedad y se importa en una medida importante otro de mucha menor cualificaci\u00f3n. El balance es muy adverso para el futuro del pa\u00eds. La diversidad es positiva, pero en una sociedad de demograf\u00eda d\u00e9bil, envejecida, con una lengua minoritaria, el catal\u00e1n, que solo es la primera lengua en el 31% de las familias, significa graves e inabordadas dificultades para la lengua y cultura catalana. El hecho masivo de la inmigraci\u00f3n tiende a reducir a\u00fan m\u00e1s su uso social y el mantenimiento de su cultura. Por \u00faltimo, es evidente que no he tratado tres cuestiones, que desde determinadas perspectivas se vinculan a la inmigraci\u00f3n:\u00a0la mayor delincuencia, la extensi\u00f3n de la droga y los feminicidios de pareja. Sobre los tres, hay que decir que no debe ocultarse que existe una correlaci\u00f3n positiva con el aumento de la poblaci\u00f3n extrajera en relaci\u00f3n con la poblaci\u00f3n total. Negarlo no hace ning\u00fan favor a la defensa del inmigrante, como tampoco lo hace acentuar la cuesti\u00f3n, porque, en relaci\u00f3n con la delincuencia, la correlaci\u00f3n fuerte radica en la situaci\u00f3n econ\u00f3mica de las personas m\u00e1s que en su origen. Algo parecido puede decirse de la droga, si bien algunas nacionalidades y la existencia de gran delincuencia de origen \u00e9tnico en este campo, se\u00f1alan un problema de esta naturaleza. En ambos casos, la situaci\u00f3n debe ser atendida y seguida de cerca en una medida...","og_url":"https:\/\/conversesacatalunya.cat\/la-inmigracion-en-serio-y-ii-las-proximas-elecciones\/","og_site_name":"Converses a Catalunya","article_published_time":"2024-03-28T08:19:21+00:00","og_image":[{"width":607,"height":429,"url":"https:\/\/conversesacatalunya.cat\/wp-content\/uploads\/2024\/03\/inmigracion-1.jpg","type":"image\/jpeg"}],"author":"Josep Mir\u00f3 i Ard\u00e8vol","twitter_card":"summary_large_image","twitter_misc":{"Escrito por":"Josep Mir\u00f3 i Ard\u00e8vol","Tiempo de lectura":"7 minutos"},"schema":{"@context":"https:\/\/schema.org","@graph":[{"@type":"Article","@id":"https:\/\/conversesacatalunya.cat\/la-inmigracion-en-serio-y-ii-las-proximas-elecciones\/#article","isPartOf":{"@id":"https:\/\/conversesacatalunya.cat\/la-inmigracion-en-serio-y-ii-las-proximas-elecciones\/"},"author":{"name":"Josep Mir\u00f3 i Ard\u00e8vol","@id":"https:\/\/conversesacatalunya.cat\/#\/schema\/person\/a9598a6786ba7d3d1c5e0de477b79370"},"headline":"La inmigraci\u00f3n en serio (y II). Las pr\u00f3ximas elecciones","datePublished":"2024-03-28T08:19:21+00:00","mainEntityOfPage":{"@id":"https:\/\/conversesacatalunya.cat\/la-inmigracion-en-serio-y-ii-las-proximas-elecciones\/"},"wordCount":1324,"commentCount":0,"image":{"@id":"https:\/\/conversesacatalunya.cat\/la-inmigracion-en-serio-y-ii-las-proximas-elecciones\/#primaryimage"},"thumbnailUrl":"https:\/\/conversesacatalunya.cat\/wp-content\/uploads\/2024\/03\/inmigracion-1.jpg","keywords":["inmigraci\u00f3n"],"articleSection":["El Blog de Josep Mir\u00f3 i Ard\u00e8vol (ES)","Punts clau del dia (ES)"],"inLanguage":"es","potentialAction":[{"@type":"CommentAction","name":"Comment","target":["https:\/\/conversesacatalunya.cat\/la-inmigracion-en-serio-y-ii-las-proximas-elecciones\/#respond"]}]},{"@type":"WebPage","@id":"https:\/\/conversesacatalunya.cat\/la-inmigracion-en-serio-y-ii-las-proximas-elecciones\/","url":"https:\/\/conversesacatalunya.cat\/la-inmigracion-en-serio-y-ii-las-proximas-elecciones\/","name":"La inmigraci\u00f3n en serio (y II). Las pr\u00f3ximas elecciones - Converses a Catalunya","isPartOf":{"@id":"https:\/\/conversesacatalunya.cat\/#website"},"primaryImageOfPage":{"@id":"https:\/\/conversesacatalunya.cat\/la-inmigracion-en-serio-y-ii-las-proximas-elecciones\/#primaryimage"},"image":{"@id":"https:\/\/conversesacatalunya.cat\/la-inmigracion-en-serio-y-ii-las-proximas-elecciones\/#primaryimage"},"thumbnailUrl":"https:\/\/conversesacatalunya.cat\/wp-content\/uploads\/2024\/03\/inmigracion-1.jpg","datePublished":"2024-03-28T08:19:21+00:00","author":{"@id":"https:\/\/conversesacatalunya.cat\/#\/schema\/person\/a9598a6786ba7d3d1c5e0de477b79370"},"breadcrumb":{"@id":"https:\/\/conversesacatalunya.cat\/la-inmigracion-en-serio-y-ii-las-proximas-elecciones\/#breadcrumb"},"inLanguage":"es","potentialAction":[{"@type":"ReadAction","target":["https:\/\/conversesacatalunya.cat\/la-inmigracion-en-serio-y-ii-las-proximas-elecciones\/"]}]},{"@type":"ImageObject","inLanguage":"es","@id":"https:\/\/conversesacatalunya.cat\/la-inmigracion-en-serio-y-ii-las-proximas-elecciones\/#primaryimage","url":"https:\/\/conversesacatalunya.cat\/wp-content\/uploads\/2024\/03\/inmigracion-1.jpg","contentUrl":"https:\/\/conversesacatalunya.cat\/wp-content\/uploads\/2024\/03\/inmigracion-1.jpg","width":607,"height":429},{"@type":"BreadcrumbList","@id":"https:\/\/conversesacatalunya.cat\/la-inmigracion-en-serio-y-ii-las-proximas-elecciones\/#breadcrumb","itemListElement":[{"@type":"ListItem","position":1,"name":"Inici","item":"https:\/\/conversesacatalunya.cat\/es\/"},{"@type":"ListItem","position":2,"name":"La inmigraci\u00f3n en serio (y II). Las pr\u00f3ximas elecciones"}]},{"@type":"WebSite","@id":"https:\/\/conversesacatalunya.cat\/#website","url":"https:\/\/conversesacatalunya.cat\/","name":"Converses a Catalunya","description":"","potentialAction":[{"@type":"SearchAction","target":{"@type":"EntryPoint","urlTemplate":"https:\/\/conversesacatalunya.cat\/?s={search_term_string}"},"query-input":{"@type":"PropertyValueSpecification","valueRequired":true,"valueName":"search_term_string"}}],"inLanguage":"es"},{"@type":"Person","@id":"https:\/\/conversesacatalunya.cat\/#\/schema\/person\/a9598a6786ba7d3d1c5e0de477b79370","name":"Josep Mir\u00f3 i Ard\u00e8vol","image":{"@type":"ImageObject","inLanguage":"es","@id":"https:\/\/conversesacatalunya.cat\/#\/schema\/person\/image\/","url":"https:\/\/conversesacatalunya.cat\/wp-content\/litespeed\/avatar\/c37e3dc881857483d6694cdf98fdedea.jpg?ver=1777270381","contentUrl":"https:\/\/conversesacatalunya.cat\/wp-content\/litespeed\/avatar\/c37e3dc881857483d6694cdf98fdedea.jpg?ver=1777270381","caption":"Josep Mir\u00f3 i Ard\u00e8vol"},"url":"https:\/\/conversesacatalunya.cat\/es\/author\/josep-miro-i-ardevol\/"}]}},"wps_subtitle":"","_links":{"self":[{"href":"https:\/\/conversesacatalunya.cat\/es\/wp-json\/wp\/v2\/posts\/76371","targetHints":{"allow":["GET"]}}],"collection":[{"href":"https:\/\/conversesacatalunya.cat\/es\/wp-json\/wp\/v2\/posts"}],"about":[{"href":"https:\/\/conversesacatalunya.cat\/es\/wp-json\/wp\/v2\/types\/post"}],"author":[{"embeddable":true,"href":"https:\/\/conversesacatalunya.cat\/es\/wp-json\/wp\/v2\/users\/19"}],"replies":[{"embeddable":true,"href":"https:\/\/conversesacatalunya.cat\/es\/wp-json\/wp\/v2\/comments?post=76371"}],"version-history":[{"count":1,"href":"https:\/\/conversesacatalunya.cat\/es\/wp-json\/wp\/v2\/posts\/76371\/revisions"}],"predecessor-version":[{"id":76378,"href":"https:\/\/conversesacatalunya.cat\/es\/wp-json\/wp\/v2\/posts\/76371\/revisions\/76378"}],"wp:featuredmedia":[{"embeddable":true,"href":"https:\/\/conversesacatalunya.cat\/es\/wp-json\/wp\/v2\/media\/76376"}],"wp:attachment":[{"href":"https:\/\/conversesacatalunya.cat\/es\/wp-json\/wp\/v2\/media?parent=76371"}],"wp:term":[{"taxonomy":"category","embeddable":true,"href":"https:\/\/conversesacatalunya.cat\/es\/wp-json\/wp\/v2\/categories?post=76371"},{"taxonomy":"post_tag","embeddable":true,"href":"https:\/\/conversesacatalunya.cat\/es\/wp-json\/wp\/v2\/tags?post=76371"}],"curies":[{"name":"wp","href":"https:\/\/api.w.org\/{rel}","templated":true}]}}