{"id":76074,"date":"2024-03-18T13:43:49","date_gmt":"2024-03-18T12:43:49","guid":{"rendered":"https:\/\/conversesacatalunya.cat\/la-covid-els-morts-ayuso-i-catalunya\/"},"modified":"2024-03-18T15:13:10","modified_gmt":"2024-03-18T14:13:10","slug":"covid-los-muertos-ayuso-y-cataluna","status":"publish","type":"post","link":"https:\/\/conversesacatalunya.cat\/es\/covid-los-muertos-ayuso-y-cataluna\/","title":{"rendered":"El Covid, los muertos, Ayuso y Catalu\u00f1a\u2026 Lo volveremos a hacer mal"},"content":{"rendered":"<p><span>En la pugna contra Ayuso en Madrid ahora ha hecho emerger algo muy grave.\u00a0Las\u00a0<\/span><strong><span>muertes durante la covid en 2020<\/span><\/strong><span>, sobre todo entre personas mayores y residencias.\u00a0Por ejemplo, La Vanguardia le dedicaba dos p\u00e1ginas.\u00a0Es bueno que se haga emerger la mayor tragedia que ha vivido el pa\u00eds desde la Guerra Civil, sobre todo porque ninguno de los gobiernos (espa\u00f1ol, auton\u00f3micos o de los grandes municipios) han querido examinar despu\u00e9s lo que pas\u00f3 para extraer conclusiones que permitieran no repetir errores.\u00a0Todo el mundo ha querido pasar p\u00e1gina, y por eso es bueno que ahora se recupere;\u00a0ciertamente, en el caso de Madrid, donde la mortalidad fue extraordinaria.\u00a0Su exceso creci\u00f3 un 41,2%.\u00a0Pero tambi\u00e9n debemos mirar y hacer emerger lo sucedido en Catalunya, que sufri\u00f3 un exceso de mortalidad del 23,5% que, sobre todo, se dio entre las personas mayores.<\/span><\/p>\n<p><span>Se produjo una situaci\u00f3n de indefensi\u00f3n por desatenci\u00f3n a las residencias para personas mayores.\u00a0Sin una supervisi\u00f3n sanitaria adecuada, muchas de ellas, sin capacidad para aislar a los enfermos, sin suficiente material de protecci\u00f3n personal para los cuidadores, las residencias se convirtieron en:<\/span><\/p>\n<ul>\n<li><span>Un\u00a0<\/span><strong><span>foco de la epidemia<\/span><\/strong><span>.<\/span><\/li>\n<li><span>Un\u00a0<\/span><strong><span>centro de elevada mortalidad<\/span><\/strong><span>.<\/span><\/li>\n<\/ul>\n<p><span>La\u00a0<\/span><strong><span>reacci\u00f3n de la Generalitat<\/span><\/strong><span>\u00a0fue tard\u00eda e insuficiente.\u00a0Lo hicieron patente los llamamientos p\u00fablicos, m\u00faltiples y reiterados de cuidadores y responsables de las residencias.<\/span><\/p>\n<p><span>Resultado: en Catalu\u00f1a el 2 de abril los fallecidos en las residencias eran 551. Uno de cada cuatro fallecidos ten\u00edan este origen.\u00a0Fue una tragedia de grandes proporciones que no puede quedarse olvidada ni sin consecuencias.<\/span><\/p>\n<p><span>Tampoco se produjo\u00a0<\/span><strong><span>ninguna planificaci\u00f3n preventiva<\/span><\/strong><span>\u00a0sobre la situaci\u00f3n de las personas de m\u00e1s de 70 a\u00f1os que viven en los hogares, ni siquiera de las que viven solas.\u00a0Los Centros de Asistencia Primaria, si se les hubiera dotado de los recursos necesarios y organizado debidamente, pod\u00edan haber establecido la localizaci\u00f3n de aquellas personas que ya estaban identificadas en el servicio.\u00a0No ser\u00edan todas, pero ser\u00edan muchas.\u00a0Establecer su geolocalizaci\u00f3n por parte del servicio central, visitarlas inicialmente, conocer su estado y realizar un seguimiento regular telef\u00f3nico habr\u00eda evitado tragedias.\u00a0Esta medida elemental no se llev\u00f3 a cabo, ni se lleva a cabo, y es necesario explicar por qu\u00e9.<\/span><\/p>\n<p><span>A esta caracter\u00edstica se le a\u00f1ade una segunda: el\u00a0<\/span><strong><span>cribado de los enfermos tomando como variable principal la edad<\/span><\/strong><span>: los medios de comunicaci\u00f3n se hicieron eco de un hecho que los medios internacionales difundieron en todo el mundo, y ya era conocido por algunos de los protagonistas, personal sanitario, servicio de ambulancias, cuidadores de residencias y familiares.\u00a0Las personas mayores de 80 a\u00f1os, y tambi\u00e9n las mayores de 75, fueron relegadas en el proceso hospitalario que pod\u00eda salvar sus vidas.<\/span><\/p>\n<blockquote><p><span>En Catalu\u00f1a se produjo un cribado en funci\u00f3n de la edad, que despu\u00e9s ha sido negado por los responsables pol\u00edticos.<\/span><\/p><\/blockquote>\n<h3><strong><span>El cribado<\/span><\/strong><\/h3>\n<p><span>La instrucci\u00f3n del Departamento de Salud de desincentivar totalmente el traslado de personas de mayor edad a los hospitales, por medio del servicio de ambulancias, y en las consultas telef\u00f3nicas, es una evidencia escrita. Lo relata, por ejemplo, con precisi\u00f3n, el reportaje del Corriere de la Sera, y es una pr\u00e1ctica que miembros del personal sanitario confirman, pero que es negada por la consejera y responsables pol\u00edticos del Departamento de Salud, refugi\u00e1ndose en eufemismos de los \u201cdiagn\u00f3sticos cl\u00ednicos\u201d.<\/span><\/p>\n<p><span>Concretamente la instrucci\u00f3n oficial enviada habla de \u00ab<\/span><strong><span>futilidad de las medidas terap\u00e9uticas<\/span><\/strong><span>\u00bb que desaconsejan el traslado.\u00a0La cuesti\u00f3n es d\u00f3nde est\u00e1n estos diagn\u00f3sticos y qu\u00e9 m\u00e9dicos los firmaron.\u00a0Simplemente, no existen m\u00e1s all\u00e1 de la edad y de observar superficialmente el estado del paciente en el hogar o en la residencia, en muchas ocasiones por personal que ni siquiera son m\u00e9dicos, porque el criterio b\u00e1sico es la edad.\u00a0La consellera Alba Verg\u00e9s no dice la verdad cuando afirma que se evaluaba m\u00e9dicamente cada caso.\u00a0Se actuaba con los mayores de forma diferente a c\u00f3mo se har\u00eda con otro paciente de menor edad.<\/span><\/p>\n<p><span>El documento Salud Emergencias M\u00e9dicas\u00a0<\/span><a href=\"https:\/\/estaticos.elperiodico.com\/resources\/pdf\/5\/2\/1585690697325.pdf\" target=\"_blank\" rel=\"noopener\"><span>RECOMENDACIONES POR APOYO A LAS DECISIONES DE LIMITACI\u00d3N DE ESFUERZO TERAP\u00c9UTICO (LET) POR PACIENTES CON SOSPECHA DE COVID-19 E INSUFICIENCIA RESPIRATORIA AGUDA (IRA) HIPOX\u00c9MICA <\/span><\/a><span>de 22 de<\/span><span>\u00a0marzo<\/span><\/p>\n<p><span>\u201cMantener una \u00e9tica en la toma de decisiones basada en ofrecer los recursos a aquellos pacientes que m\u00e1s se puedan beneficiar, en t\u00e9rminos de a\u00f1os de vida salvados, m\u00e1xima supervivencia al alta, evitar ingresos en pacientes con escaso beneficio, ya sea \u200b\u200bpor patolog\u00edas respiratorias por la Covid-19 o de otras patolog\u00edas que condicionen el estado cr\u00edtico\u201d.\u00a0En su aplicaci\u00f3n pr\u00e1ctica este procedimiento discrimina a las personas de m\u00e1s de 75 a\u00f1os, dado que el texto indica que: \u201cRecibir\u00e1 s\u00f3lo oxigenoterapia con mascarilla reservorio de alta concentraci\u00f3n tipo Monaghan\u00ae\u201d, pero no tendr\u00e1 la opci\u00f3n adicional y m\u00e1s decisiva: la VMI (ventilaci\u00f3n mec\u00e1nica invasiva).\u00a0Una persona de m\u00e1s de 75 a\u00f1os que requiera una ventilaci\u00f3n de ese tipo para salvar su vida, no es atendida.\u00a0\u00c9sta es la realidad de la sanidad en Catalu\u00f1a.<\/span><\/p>\n<p><span>El procedimiento establecido por dicho documento en cuanto al tratamiento de la insuficiencia respiratoria aguda es el mismo para una persona de m\u00e1s de 75 a\u00f1os \u201csin limitaciones funcionales y practicante de ejercicio en forma de andar\u201d que para una de \u201c Fragilidad grave-estado final de vida\u201d: oxigenoterapia, lo que hace evidente que el corte en la aplicaci\u00f3n de recursos m\u00e9dicos para sobrevivir se hace exclusivamente por raz\u00f3n de la\u00a0<\/span><strong><span>edad<\/span><\/strong><span>.\u00a0En realidad el acto m\u00e9dico se limita a una sedaci\u00f3n terminal si no responde a la mascarilla de ox\u00edgeno, sin recurso a m\u00e1s soluciones, aunque est\u00e1n ah\u00ed.\u00a0Es en la pr\u00e1ctica una eutanasia no consentida.<\/span><\/p>\n<p><span>El documento tambi\u00e9n aplica como criterio,\u00a0<\/span><strong><span>evitar el fen\u00f3meno del \u201cprimero que llega, el primero que ingresa\u201d<\/span><\/strong><span>\u00a0y aplicar estos principios a todos los grupos de pacientes por igual, no s\u00f3lo a un grupo concreto como los pacientes geri\u00e1tricos\u201d.\u00a0En este caso el absurdo que se deriva de la lectura literal es patente: si todos los pacientes son iguales nunca habr\u00e1 un primer ingreso si se prescinde del criterio de quien llega primero.\u00a0En realidad, no hay tal absurdo que colapsar\u00eda toda decisi\u00f3n de prioridad, porque en la pr\u00e1ctica, las condiciones que rigen para ordenar el ingreso es el dato m\u00e1s simple de todos: la edad. El resultado es que personas de 75 y m\u00e1s a\u00f1os empeoran por la espera en sus posibilidades de recuperaci\u00f3n por desatenci\u00f3n y acaban formando parte de los enfermos cribados, descartados.\u00a0Es un c\u00edrculo vicioso.<\/span><\/p>\n<p><span>En cuanto a los enfermos en residencias y hogares que no han acudido por sus propios medios al hospital, el problema, si est\u00e1 en la franja de edad fat\u00eddica, es que ser\u00e1 desincentivado en ser trasladado para acudir al tratamiento m\u00e9dico.<\/span><\/p>\n<p><span>Concretamente, el citado documento del SEM es un ejemplo de ingenier\u00eda del lenguaje para justificar la desatenci\u00f3n m\u00e9dica de no trasladarlo a un hospital.\u00a0Da instrucciones de c\u00f3mo atender a los enfermos si son personas mayores:<\/span><\/p>\n<ul>\n<li><span>\u00abPlantear la limitaci\u00f3n como un bien para el paciente\u00bb.\u00a0Hay que convencerle de que est\u00e1 mejor en casa o en la residencia, aunque es evidente que no dispondr\u00e1 de la misma asistencia que en un centro m\u00e9dico.\u00a0Tiene mucha hipocres\u00eda este adiestramiento.\u00a0Sobre todo cuando m\u00e1s adelante se indica claramente:<\/span><\/li>\n<li><span>\u00abNo hacer referencia a que \u00abno hay camas para todos\u00bb.\u00a0Es una indicaci\u00f3n tan expl\u00edcita del enga\u00f1o que no necesita comentario.\u00a0\u201cNo realizar tratamientos agresivos no implica abandonar al paciente\u201d.\u00a0Es un eufemismo para ocultar la no aplicaci\u00f3n como \u00faltimo recurso de la VMI, que se aplica a algunos pacientes menores de 75 a\u00f1os y sobre todo m\u00e1s j\u00f3venes.<\/span><\/li>\n<\/ul>\n<p><span>El enga\u00f1o de las patolog\u00edas previas: \u00bfqu\u00e9 personas de edad avanzada no tienen alguna \u00abpatolog\u00eda\u00bb?\u00a0Seg\u00fan el SEM \u201cuna persona con problemas cr\u00f3nicos bien controlados, sin limitaciones funcionales y practicando ejercicio en forma de caminar\u201d, pero \u00a1ay!, tiene m\u00e1s de 75 a\u00f1os, no tiene acceso a la VMI, que es el recurso final decisivo.<\/span><\/p>\n<p><span>Es extremadamente grave que el documento que marca criterios sobre el derecho a ser o no atendido para salvar la vida no est\u00e9 firmado por ning\u00fan responsable del departamento de Sanidad.\u00a0En realidad, un procedimiento que decide sobre la vida y la muerte deber\u00eda estar firmado por el m\u00e1ximo responsable pol\u00edtico y, por tanto, moral del departamento, la consejera de Salud, Alba Verg\u00e9s, junto al m\u00e1ximo responsable m\u00e9dico concernido.<\/span><\/p>\n<p><span>Todos estos aspectos (la mortalidad extrema que se produjo, el examen de c\u00f3mo pod\u00edan haberse reducido, el compromiso pol\u00edtico de que no se vuelva a dar en el futuro), todo esto ha sido ignorado. Y es muy grave porque con el progresivo envejecimiento de la poblaci\u00f3n hay cada vez m\u00e1s personas sujetas a este criterio que otorga el derecho a vivir o morir y de atenci\u00f3n m\u00e9dica en funci\u00f3n de la edad del paciente.<\/span><\/p>\n<p><span>Si dejamos pasar este c\u00e1ncer, que de forma encubierta se practica en algunas urgencias, en el sentido de que si la persona tiene m\u00e1s de 80 a\u00f1os no es prioritaria su asistencia, estaremos practicando una especie de\u00a0<\/span><strong><span>eutanasia no consentida<\/span><\/strong><span> en gran parte de la poblaci\u00f3n, como ya se hizo durante la covid ante la indiferencia del Parlamento y de todos los poderes p\u00fablicos y medi\u00e1ticos.<\/span><\/p>\n<div id=\"polls-234\" class=\"wp-polls\">\n\t<form id=\"polls_form_234\" class=\"wp-polls-form\" action=\"\/index.php\" method=\"post\">\n\t\t<p style=\"display: none;\"><input type=\"hidden\" id=\"poll_234_nonce\" name=\"wp-polls-nonce\" value=\"ecdf4645e0\" \/><\/p>\n\t\t<p style=\"display: none;\"><input type=\"hidden\" name=\"poll_id\" value=\"234\" \/><\/p>\n\t\t<p style=\"text-align: center\"><strong>Creus que era necessari anticipar les eleccions al parlament de Catalunya amb independ\u00e8ncia de quins fossin els motius?<\/strong><\/p><div id=\"polls-234-ans\" class=\"wp-polls-ans\"><ul class=\"wp-polls-ul\">\n\t\t<li><input type=\"radio\" id=\"poll-answer-651\" name=\"poll_234\" value=\"651\" \/> <label for=\"poll-answer-651\">S\u00ed<\/label><\/li>\n\t\t<li><input type=\"radio\" id=\"poll-answer-652\" name=\"poll_234\" value=\"652\" \/> <label for=\"poll-answer-652\">No<\/label><\/li>\n\t\t<li><input type=\"radio\" id=\"poll-answer-653\" name=\"poll_234\" value=\"653\" \/> <label for=\"poll-answer-653\">No ho s\u00e9<\/label><\/li>\n\t\t<\/ul><p style=\"text-align: center\"><input type=\"button\" name=\"vote\" value=\"   Vota   \" class=\"Buttons\" onclick=\"poll_vote(234);\" \/><\/p><p style=\"text-align: center\"><a href=\"#ViewPollResults\" onclick=\"poll_result(234); return false;\" title=\"View Results Of This Poll\">Mira els resultats<\/a><\/p><\/div>\n\t<\/form>\n<\/div>\n<div id=\"polls-234-loading\" class=\"wp-polls-loading\"><img decoding=\"async\" data-src=\"https:\/\/conversesacatalunya.cat\/wp-content\/plugins\/wp-polls\/images\/loading.gif\" width=\"16\" height=\"16\" alt=\"Cargando ...\" title=\"Cargando ...\" class=\"wp-polls-image lazyload\" src=\"data:image\/svg+xml;base64,PHN2ZyB3aWR0aD0iMSIgaGVpZ2h0PSIxIiB4bWxucz0iaHR0cDovL3d3dy53My5vcmcvMjAwMC9zdmciPjwvc3ZnPg==\" style=\"--smush-placeholder-width: 16px; --smush-placeholder-aspect-ratio: 16\/16;\" \/>&nbsp;Cargando ...<\/div>\n\n","protected":false},"excerpt":{"rendered":"<p>En la pugna contra Ayuso en Madrid ahora ha hecho emerger algo muy grave.\u00a0Las\u00a0muertes durante la covid en 2020, sobre todo entre personas mayores y residencias.\u00a0Por ejemplo, La Vanguardia le dedicaba dos p\u00e1ginas.\u00a0Es bueno que se haga emerger la mayor tragedia que ha vivido el pa\u00eds desde la Guerra Civil, sobre todo porque ninguno de los gobiernos (espa\u00f1ol, auton\u00f3micos o de los grandes municipios) han querido examinar despu\u00e9s lo que pas\u00f3 para extraer conclusiones que permitieran no repetir errores.\u00a0Todo el mundo ha querido pasar p\u00e1gina, y por eso es bueno que ahora se recupere;\u00a0ciertamente, en el caso de Madrid, donde la mortalidad fue extraordinaria.\u00a0Su exceso creci\u00f3 un 41,2%.\u00a0Pero tambi\u00e9n debemos mirar y hacer emerger lo sucedido en Catalunya, que sufri\u00f3 un exceso de mortalidad del 23,5% que, sobre todo, se dio entre las personas mayores. Se produjo una situaci\u00f3n de indefensi\u00f3n por desatenci\u00f3n a las residencias para personas mayores.\u00a0Sin una supervisi\u00f3n sanitaria adecuada, muchas de ellas, sin capacidad para aislar a los enfermos, sin suficiente material de protecci\u00f3n personal para los cuidadores, las residencias se convirtieron en: Un\u00a0foco de la epidemia. Un\u00a0centro de elevada mortalidad. La\u00a0reacci\u00f3n de la Generalitat\u00a0fue tard\u00eda e insuficiente.\u00a0Lo hicieron patente los llamamientos p\u00fablicos, m\u00faltiples y reiterados de cuidadores y responsables de las residencias. Resultado: en Catalu\u00f1a el 2 de abril los fallecidos en las residencias eran 551. Uno de cada cuatro fallecidos ten\u00edan este origen.\u00a0Fue una tragedia de grandes proporciones que no puede quedarse olvidada ni sin consecuencias. Tampoco se produjo\u00a0ninguna planificaci\u00f3n preventiva\u00a0sobre la situaci\u00f3n de las personas de m\u00e1s de 70 a\u00f1os que viven en los hogares, ni siquiera de las que viven solas.\u00a0Los Centros de Asistencia Primaria, si se les hubiera dotado de los recursos necesarios y organizado debidamente, pod\u00edan haber establecido la localizaci\u00f3n de aquellas personas que ya estaban identificadas en el servicio.\u00a0No ser\u00edan todas, pero ser\u00edan muchas.\u00a0Establecer su geolocalizaci\u00f3n por parte del servicio central, visitarlas inicialmente, conocer su estado y realizar un seguimiento regular telef\u00f3nico habr\u00eda evitado tragedias.\u00a0Esta medida elemental no se llev\u00f3 a cabo, ni se lleva a cabo, y es necesario explicar por qu\u00e9. A esta caracter\u00edstica se le a\u00f1ade una segunda: el\u00a0cribado de los enfermos tomando como variable principal la edad: los medios de comunicaci\u00f3n se hicieron eco de un hecho que los medios internacionales difundieron en todo el mundo, y ya era conocido por algunos de los protagonistas, personal sanitario, servicio de ambulancias, cuidadores de residencias y familiares.\u00a0Las personas mayores de 80 a\u00f1os, y tambi\u00e9n las mayores de 75, fueron relegadas en el proceso hospitalario que pod\u00eda salvar sus vidas. En Catalu\u00f1a se produjo un cribado en funci\u00f3n de la edad, que despu\u00e9s ha sido negado por los responsables pol\u00edticos. El cribado La instrucci\u00f3n del Departamento de Salud de desincentivar totalmente el traslado de personas de mayor edad a los hospitales, por medio del servicio de ambulancias, y en las consultas telef\u00f3nicas, es una evidencia escrita. Lo relata, por ejemplo, con precisi\u00f3n, el reportaje del Corriere de la Sera, y es una pr\u00e1ctica que miembros del personal sanitario confirman, pero que es negada por la consejera y responsables pol\u00edticos del Departamento de Salud, refugi\u00e1ndose en eufemismos de los \u201cdiagn\u00f3sticos cl\u00ednicos\u201d. Concretamente la instrucci\u00f3n oficial enviada habla de \u00abfutilidad de las medidas terap\u00e9uticas\u00bb que desaconsejan el traslado.\u00a0La cuesti\u00f3n es d\u00f3nde est\u00e1n estos diagn\u00f3sticos y qu\u00e9 m\u00e9dicos los firmaron.\u00a0Simplemente, no existen m\u00e1s all\u00e1 de la edad y de observar superficialmente el estado del paciente en el hogar o en la residencia, en muchas ocasiones por personal que ni siquiera son m\u00e9dicos, porque el criterio b\u00e1sico es la edad.\u00a0La consellera Alba Verg\u00e9s no dice la verdad cuando afirma que se evaluaba m\u00e9dicamente cada caso.\u00a0Se actuaba con los mayores de forma diferente a c\u00f3mo se har\u00eda con otro paciente de menor edad. El documento Salud Emergencias M\u00e9dicas\u00a0RECOMENDACIONES POR APOYO A LAS DECISIONES DE LIMITACI\u00d3N DE ESFUERZO TERAP\u00c9UTICO (LET) POR PACIENTES CON SOSPECHA DE COVID-19 E INSUFICIENCIA RESPIRATORIA AGUDA (IRA) HIPOX\u00c9MICA de 22 de\u00a0marzo \u201cMantener una \u00e9tica en la toma de decisiones basada en ofrecer los recursos a aquellos pacientes que m\u00e1s se puedan beneficiar, en t\u00e9rminos de a\u00f1os de vida salvados, m\u00e1xima supervivencia al alta, evitar ingresos en pacientes con escaso beneficio, ya sea \u200b\u200bpor patolog\u00edas respiratorias por la Covid-19 o de otras patolog\u00edas que condicionen el estado cr\u00edtico\u201d.\u00a0En su aplicaci\u00f3n pr\u00e1ctica este procedimiento discrimina a las personas de m\u00e1s de 75 a\u00f1os, dado que el texto indica que: \u201cRecibir\u00e1 s\u00f3lo oxigenoterapia con mascarilla reservorio de alta concentraci\u00f3n tipo Monaghan\u00ae\u201d, pero no tendr\u00e1 la opci\u00f3n adicional y m\u00e1s decisiva: la VMI (ventilaci\u00f3n mec\u00e1nica invasiva).\u00a0Una persona de m\u00e1s de 75 a\u00f1os que requiera una ventilaci\u00f3n de ese tipo para salvar su vida, no es atendida.\u00a0\u00c9sta es la realidad de la sanidad en Catalu\u00f1a. El procedimiento establecido por dicho documento en cuanto al tratamiento de la insuficiencia respiratoria aguda es el mismo para una persona de m\u00e1s de 75 a\u00f1os \u201csin limitaciones funcionales y practicante de ejercicio en forma de andar\u201d que para una de \u201c Fragilidad grave-estado final de vida\u201d: oxigenoterapia, lo que hace evidente que el corte en la aplicaci\u00f3n de recursos m\u00e9dicos para sobrevivir se hace exclusivamente por raz\u00f3n de la\u00a0edad.\u00a0En realidad el acto m\u00e9dico se limita a una sedaci\u00f3n terminal si no responde a la mascarilla de ox\u00edgeno, sin recurso a m\u00e1s soluciones, aunque est\u00e1n ah\u00ed.\u00a0Es en la pr\u00e1ctica una eutanasia no consentida. El documento tambi\u00e9n aplica como criterio,\u00a0evitar el fen\u00f3meno del \u201cprimero que llega, el primero que ingresa\u201d\u00a0y aplicar estos principios a todos los grupos de pacientes por igual, no s\u00f3lo a un grupo concreto como los pacientes geri\u00e1tricos\u201d.\u00a0En este caso el absurdo que se deriva de la lectura literal es patente: si todos los pacientes son iguales nunca habr\u00e1 un primer ingreso si se prescinde del criterio de quien llega primero.\u00a0En realidad, no hay tal absurdo que colapsar\u00eda toda decisi\u00f3n de prioridad, porque en la pr\u00e1ctica, las condiciones que rigen para ordenar el ingreso es el dato m\u00e1s simple de todos: la edad. El resultado es que personas de 75 y m\u00e1s a\u00f1os empeoran por la espera&#8230;<\/p>\n","protected":false},"author":78,"featured_media":76071,"comment_status":"open","ping_status":"open","sticky":false,"template":"","format":"standard","meta":{"_FSMCFIC_featured_image_caption":"","_FSMCFIC_featured_image_nocaption":"","_FSMCFIC_featured_image_hide":"","footnotes":""},"categories":[3787,806],"tags":[1504],"class_list":["post-76074","post","type-post","status-publish","format-standard","has-post-thumbnail","hentry","category-expedient-barcelona-es","category-punts-claus-del-dia-es","tag-coronavirus-es"],"yoast_head":"<!-- This site is optimized with the Yoast SEO plugin v26.8 - https:\/\/yoast.com\/product\/yoast-seo-wordpress\/ -->\n<title>El Covid, los muertos, Ayuso y Catalu\u00f1a\u2026 Lo volveremos a hacer mal - Converses a Catalunya<\/title>\n<meta name=\"robots\" content=\"index, follow, max-snippet:-1, max-image-preview:large, max-video-preview:-1\" \/>\n<link rel=\"canonical\" href=\"https:\/\/conversesacatalunya.cat\/es\/covid-los-muertos-ayuso-y-cataluna\/\" \/>\n<meta property=\"og:locale\" content=\"es_ES\" \/>\n<meta property=\"og:type\" content=\"article\" \/>\n<meta property=\"og:title\" content=\"El Covid, los muertos, Ayuso y Catalu\u00f1a\u2026 Lo volveremos a hacer mal - Converses a Catalunya\" \/>\n<meta property=\"og:description\" content=\"En la pugna contra Ayuso en Madrid ahora ha hecho emerger algo muy grave.\u00a0Las\u00a0muertes durante la covid en 2020, sobre todo entre personas mayores y residencias.\u00a0Por ejemplo, La Vanguardia le dedicaba dos p\u00e1ginas.\u00a0Es bueno que se haga emerger la mayor tragedia que ha vivido el pa\u00eds desde la Guerra Civil, sobre todo porque ninguno de los gobiernos (espa\u00f1ol, auton\u00f3micos o de los grandes municipios) han querido examinar despu\u00e9s lo que pas\u00f3 para extraer conclusiones que permitieran no repetir errores.\u00a0Todo el mundo ha querido pasar p\u00e1gina, y por eso es bueno que ahora se recupere;\u00a0ciertamente, en el caso de Madrid, donde la mortalidad fue extraordinaria.\u00a0Su exceso creci\u00f3 un 41,2%.\u00a0Pero tambi\u00e9n debemos mirar y hacer emerger lo sucedido en Catalunya, que sufri\u00f3 un exceso de mortalidad del 23,5% que, sobre todo, se dio entre las personas mayores. Se produjo una situaci\u00f3n de indefensi\u00f3n por desatenci\u00f3n a las residencias para personas mayores.\u00a0Sin una supervisi\u00f3n sanitaria adecuada, muchas de ellas, sin capacidad para aislar a los enfermos, sin suficiente material de protecci\u00f3n personal para los cuidadores, las residencias se convirtieron en: Un\u00a0foco de la epidemia. Un\u00a0centro de elevada mortalidad. La\u00a0reacci\u00f3n de la Generalitat\u00a0fue tard\u00eda e insuficiente.\u00a0Lo hicieron patente los llamamientos p\u00fablicos, m\u00faltiples y reiterados de cuidadores y responsables de las residencias. Resultado: en Catalu\u00f1a el 2 de abril los fallecidos en las residencias eran 551. Uno de cada cuatro fallecidos ten\u00edan este origen.\u00a0Fue una tragedia de grandes proporciones que no puede quedarse olvidada ni sin consecuencias. Tampoco se produjo\u00a0ninguna planificaci\u00f3n preventiva\u00a0sobre la situaci\u00f3n de las personas de m\u00e1s de 70 a\u00f1os que viven en los hogares, ni siquiera de las que viven solas.\u00a0Los Centros de Asistencia Primaria, si se les hubiera dotado de los recursos necesarios y organizado debidamente, pod\u00edan haber establecido la localizaci\u00f3n de aquellas personas que ya estaban identificadas en el servicio.\u00a0No ser\u00edan todas, pero ser\u00edan muchas.\u00a0Establecer su geolocalizaci\u00f3n por parte del servicio central, visitarlas inicialmente, conocer su estado y realizar un seguimiento regular telef\u00f3nico habr\u00eda evitado tragedias.\u00a0Esta medida elemental no se llev\u00f3 a cabo, ni se lleva a cabo, y es necesario explicar por qu\u00e9. A esta caracter\u00edstica se le a\u00f1ade una segunda: el\u00a0cribado de los enfermos tomando como variable principal la edad: los medios de comunicaci\u00f3n se hicieron eco de un hecho que los medios internacionales difundieron en todo el mundo, y ya era conocido por algunos de los protagonistas, personal sanitario, servicio de ambulancias, cuidadores de residencias y familiares.\u00a0Las personas mayores de 80 a\u00f1os, y tambi\u00e9n las mayores de 75, fueron relegadas en el proceso hospitalario que pod\u00eda salvar sus vidas. En Catalu\u00f1a se produjo un cribado en funci\u00f3n de la edad, que despu\u00e9s ha sido negado por los responsables pol\u00edticos. El cribado La instrucci\u00f3n del Departamento de Salud de desincentivar totalmente el traslado de personas de mayor edad a los hospitales, por medio del servicio de ambulancias, y en las consultas telef\u00f3nicas, es una evidencia escrita. Lo relata, por ejemplo, con precisi\u00f3n, el reportaje del Corriere de la Sera, y es una pr\u00e1ctica que miembros del personal sanitario confirman, pero que es negada por la consejera y responsables pol\u00edticos del Departamento de Salud, refugi\u00e1ndose en eufemismos de los \u201cdiagn\u00f3sticos cl\u00ednicos\u201d. Concretamente la instrucci\u00f3n oficial enviada habla de \u00abfutilidad de las medidas terap\u00e9uticas\u00bb que desaconsejan el traslado.\u00a0La cuesti\u00f3n es d\u00f3nde est\u00e1n estos diagn\u00f3sticos y qu\u00e9 m\u00e9dicos los firmaron.\u00a0Simplemente, no existen m\u00e1s all\u00e1 de la edad y de observar superficialmente el estado del paciente en el hogar o en la residencia, en muchas ocasiones por personal que ni siquiera son m\u00e9dicos, porque el criterio b\u00e1sico es la edad.\u00a0La consellera Alba Verg\u00e9s no dice la verdad cuando afirma que se evaluaba m\u00e9dicamente cada caso.\u00a0Se actuaba con los mayores de forma diferente a c\u00f3mo se har\u00eda con otro paciente de menor edad. El documento Salud Emergencias M\u00e9dicas\u00a0RECOMENDACIONES POR APOYO A LAS DECISIONES DE LIMITACI\u00d3N DE ESFUERZO TERAP\u00c9UTICO (LET) POR PACIENTES CON SOSPECHA DE COVID-19 E INSUFICIENCIA RESPIRATORIA AGUDA (IRA) HIPOX\u00c9MICA de 22 de\u00a0marzo \u201cMantener una \u00e9tica en la toma de decisiones basada en ofrecer los recursos a aquellos pacientes que m\u00e1s se puedan beneficiar, en t\u00e9rminos de a\u00f1os de vida salvados, m\u00e1xima supervivencia al alta, evitar ingresos en pacientes con escaso beneficio, ya sea \u200b\u200bpor patolog\u00edas respiratorias por la Covid-19 o de otras patolog\u00edas que condicionen el estado cr\u00edtico\u201d.\u00a0En su aplicaci\u00f3n pr\u00e1ctica este procedimiento discrimina a las personas de m\u00e1s de 75 a\u00f1os, dado que el texto indica que: \u201cRecibir\u00e1 s\u00f3lo oxigenoterapia con mascarilla reservorio de alta concentraci\u00f3n tipo Monaghan\u00ae\u201d, pero no tendr\u00e1 la opci\u00f3n adicional y m\u00e1s decisiva: la VMI (ventilaci\u00f3n mec\u00e1nica invasiva).\u00a0Una persona de m\u00e1s de 75 a\u00f1os que requiera una ventilaci\u00f3n de ese tipo para salvar su vida, no es atendida.\u00a0\u00c9sta es la realidad de la sanidad en Catalu\u00f1a. El procedimiento establecido por dicho documento en cuanto al tratamiento de la insuficiencia respiratoria aguda es el mismo para una persona de m\u00e1s de 75 a\u00f1os \u201csin limitaciones funcionales y practicante de ejercicio en forma de andar\u201d que para una de \u201c Fragilidad grave-estado final de vida\u201d: oxigenoterapia, lo que hace evidente que el corte en la aplicaci\u00f3n de recursos m\u00e9dicos para sobrevivir se hace exclusivamente por raz\u00f3n de la\u00a0edad.\u00a0En realidad el acto m\u00e9dico se limita a una sedaci\u00f3n terminal si no responde a la mascarilla de ox\u00edgeno, sin recurso a m\u00e1s soluciones, aunque est\u00e1n ah\u00ed.\u00a0Es en la pr\u00e1ctica una eutanasia no consentida. El documento tambi\u00e9n aplica como criterio,\u00a0evitar el fen\u00f3meno del \u201cprimero que llega, el primero que ingresa\u201d\u00a0y aplicar estos principios a todos los grupos de pacientes por igual, no s\u00f3lo a un grupo concreto como los pacientes geri\u00e1tricos\u201d.\u00a0En este caso el absurdo que se deriva de la lectura literal es patente: si todos los pacientes son iguales nunca habr\u00e1 un primer ingreso si se prescinde del criterio de quien llega primero.\u00a0En realidad, no hay tal absurdo que colapsar\u00eda toda decisi\u00f3n de prioridad, porque en la pr\u00e1ctica, las condiciones que rigen para ordenar el ingreso es el dato m\u00e1s simple de todos: la edad. El resultado es que personas de 75 y m\u00e1s a\u00f1os empeoran por la espera...\" \/>\n<meta property=\"og:url\" content=\"https:\/\/conversesacatalunya.cat\/es\/covid-los-muertos-ayuso-y-cataluna\/\" \/>\n<meta property=\"og:site_name\" content=\"Converses a Catalunya\" \/>\n<meta property=\"article:published_time\" content=\"2024-03-18T12:43:49+00:00\" \/>\n<meta property=\"article:modified_time\" content=\"2024-03-18T14:13:10+00:00\" \/>\n<meta property=\"og:image\" content=\"https:\/\/conversesacatalunya.cat\/wp-content\/uploads\/2024\/03\/morts-covid.jpg\" \/>\n\t<meta property=\"og:image:width\" content=\"1200\" \/>\n\t<meta property=\"og:image:height\" content=\"675\" \/>\n\t<meta property=\"og:image:type\" content=\"image\/jpeg\" \/>\n<meta name=\"author\" content=\"Joan Masip\" \/>\n<meta name=\"twitter:card\" content=\"summary_large_image\" \/>\n<meta name=\"twitter:label1\" content=\"Escrito por\" \/>\n\t<meta name=\"twitter:data1\" content=\"Joan Masip\" \/>\n\t<meta name=\"twitter:label2\" content=\"Tiempo de lectura\" \/>\n\t<meta name=\"twitter:data2\" content=\"8 minutos\" \/>\n<script type=\"application\/ld+json\" class=\"yoast-schema-graph\">{\"@context\":\"https:\/\/schema.org\",\"@graph\":[{\"@type\":\"Article\",\"@id\":\"https:\/\/conversesacatalunya.cat\/es\/covid-los-muertos-ayuso-y-cataluna\/#article\",\"isPartOf\":{\"@id\":\"https:\/\/conversesacatalunya.cat\/es\/covid-los-muertos-ayuso-y-cataluna\/\"},\"author\":{\"name\":\"Joan Masip\",\"@id\":\"https:\/\/conversesacatalunya.cat\/#\/schema\/person\/311d0bf53def217d5124c78a7bc42275\"},\"headline\":\"El Covid, los muertos, Ayuso y Catalu\u00f1a\u2026 Lo volveremos a hacer mal\",\"datePublished\":\"2024-03-18T12:43:49+00:00\",\"dateModified\":\"2024-03-18T14:13:10+00:00\",\"mainEntityOfPage\":{\"@id\":\"https:\/\/conversesacatalunya.cat\/es\/covid-los-muertos-ayuso-y-cataluna\/\"},\"wordCount\":1660,\"commentCount\":0,\"image\":{\"@id\":\"https:\/\/conversesacatalunya.cat\/es\/covid-los-muertos-ayuso-y-cataluna\/#primaryimage\"},\"thumbnailUrl\":\"https:\/\/conversesacatalunya.cat\/wp-content\/uploads\/2024\/03\/morts-covid.jpg\",\"keywords\":[\"coronavirus\"],\"articleSection\":[\"Expedient Barcelona (ES)\",\"Punts clau del dia (ES)\"],\"inLanguage\":\"es\",\"potentialAction\":[{\"@type\":\"CommentAction\",\"name\":\"Comment\",\"target\":[\"https:\/\/conversesacatalunya.cat\/es\/covid-los-muertos-ayuso-y-cataluna\/#respond\"]}]},{\"@type\":\"WebPage\",\"@id\":\"https:\/\/conversesacatalunya.cat\/es\/covid-los-muertos-ayuso-y-cataluna\/\",\"url\":\"https:\/\/conversesacatalunya.cat\/es\/covid-los-muertos-ayuso-y-cataluna\/\",\"name\":\"El Covid, los muertos, Ayuso y Catalu\u00f1a\u2026 Lo volveremos a hacer mal - Converses a Catalunya\",\"isPartOf\":{\"@id\":\"https:\/\/conversesacatalunya.cat\/#website\"},\"primaryImageOfPage\":{\"@id\":\"https:\/\/conversesacatalunya.cat\/es\/covid-los-muertos-ayuso-y-cataluna\/#primaryimage\"},\"image\":{\"@id\":\"https:\/\/conversesacatalunya.cat\/es\/covid-los-muertos-ayuso-y-cataluna\/#primaryimage\"},\"thumbnailUrl\":\"https:\/\/conversesacatalunya.cat\/wp-content\/uploads\/2024\/03\/morts-covid.jpg\",\"datePublished\":\"2024-03-18T12:43:49+00:00\",\"dateModified\":\"2024-03-18T14:13:10+00:00\",\"author\":{\"@id\":\"https:\/\/conversesacatalunya.cat\/#\/schema\/person\/311d0bf53def217d5124c78a7bc42275\"},\"breadcrumb\":{\"@id\":\"https:\/\/conversesacatalunya.cat\/es\/covid-los-muertos-ayuso-y-cataluna\/#breadcrumb\"},\"inLanguage\":\"es\",\"potentialAction\":[{\"@type\":\"ReadAction\",\"target\":[\"https:\/\/conversesacatalunya.cat\/es\/covid-los-muertos-ayuso-y-cataluna\/\"]}]},{\"@type\":\"ImageObject\",\"inLanguage\":\"es\",\"@id\":\"https:\/\/conversesacatalunya.cat\/es\/covid-los-muertos-ayuso-y-cataluna\/#primaryimage\",\"url\":\"https:\/\/conversesacatalunya.cat\/wp-content\/uploads\/2024\/03\/morts-covid.jpg\",\"contentUrl\":\"https:\/\/conversesacatalunya.cat\/wp-content\/uploads\/2024\/03\/morts-covid.jpg\",\"width\":1200,\"height\":675},{\"@type\":\"BreadcrumbList\",\"@id\":\"https:\/\/conversesacatalunya.cat\/es\/covid-los-muertos-ayuso-y-cataluna\/#breadcrumb\",\"itemListElement\":[{\"@type\":\"ListItem\",\"position\":1,\"name\":\"Inici\",\"item\":\"https:\/\/conversesacatalunya.cat\/es\/\"},{\"@type\":\"ListItem\",\"position\":2,\"name\":\"El Covid, los muertos, Ayuso y Catalu\u00f1a\u2026 Lo volveremos a hacer mal\"}]},{\"@type\":\"WebSite\",\"@id\":\"https:\/\/conversesacatalunya.cat\/#website\",\"url\":\"https:\/\/conversesacatalunya.cat\/\",\"name\":\"Converses a Catalunya\",\"description\":\"\",\"potentialAction\":[{\"@type\":\"SearchAction\",\"target\":{\"@type\":\"EntryPoint\",\"urlTemplate\":\"https:\/\/conversesacatalunya.cat\/?s={search_term_string}\"},\"query-input\":{\"@type\":\"PropertyValueSpecification\",\"valueRequired\":true,\"valueName\":\"search_term_string\"}}],\"inLanguage\":\"es\"},{\"@type\":\"Person\",\"@id\":\"https:\/\/conversesacatalunya.cat\/#\/schema\/person\/311d0bf53def217d5124c78a7bc42275\",\"name\":\"Joan Masip\",\"image\":{\"@type\":\"ImageObject\",\"inLanguage\":\"es\",\"@id\":\"https:\/\/conversesacatalunya.cat\/#\/schema\/person\/image\/\",\"url\":\"https:\/\/conversesacatalunya.cat\/wp-content\/litespeed\/avatar\/fa67b994763cff7d443f54b63ec96481.jpg?ver=1777372547\",\"contentUrl\":\"https:\/\/conversesacatalunya.cat\/wp-content\/litespeed\/avatar\/fa67b994763cff7d443f54b63ec96481.jpg?ver=1777372547\",\"caption\":\"Joan Masip\"},\"url\":\"https:\/\/conversesacatalunya.cat\/es\/author\/joan-masip\/\"}]}<\/script>\n<!-- \/ Yoast SEO plugin. -->","yoast_head_json":{"title":"El Covid, los muertos, Ayuso y Catalu\u00f1a\u2026 Lo volveremos a hacer mal - Converses a Catalunya","robots":{"index":"index","follow":"follow","max-snippet":"max-snippet:-1","max-image-preview":"max-image-preview:large","max-video-preview":"max-video-preview:-1"},"canonical":"https:\/\/conversesacatalunya.cat\/es\/covid-los-muertos-ayuso-y-cataluna\/","og_locale":"es_ES","og_type":"article","og_title":"El Covid, los muertos, Ayuso y Catalu\u00f1a\u2026 Lo volveremos a hacer mal - Converses a Catalunya","og_description":"En la pugna contra Ayuso en Madrid ahora ha hecho emerger algo muy grave.\u00a0Las\u00a0muertes durante la covid en 2020, sobre todo entre personas mayores y residencias.\u00a0Por ejemplo, La Vanguardia le dedicaba dos p\u00e1ginas.\u00a0Es bueno que se haga emerger la mayor tragedia que ha vivido el pa\u00eds desde la Guerra Civil, sobre todo porque ninguno de los gobiernos (espa\u00f1ol, auton\u00f3micos o de los grandes municipios) han querido examinar despu\u00e9s lo que pas\u00f3 para extraer conclusiones que permitieran no repetir errores.\u00a0Todo el mundo ha querido pasar p\u00e1gina, y por eso es bueno que ahora se recupere;\u00a0ciertamente, en el caso de Madrid, donde la mortalidad fue extraordinaria.\u00a0Su exceso creci\u00f3 un 41,2%.\u00a0Pero tambi\u00e9n debemos mirar y hacer emerger lo sucedido en Catalunya, que sufri\u00f3 un exceso de mortalidad del 23,5% que, sobre todo, se dio entre las personas mayores. Se produjo una situaci\u00f3n de indefensi\u00f3n por desatenci\u00f3n a las residencias para personas mayores.\u00a0Sin una supervisi\u00f3n sanitaria adecuada, muchas de ellas, sin capacidad para aislar a los enfermos, sin suficiente material de protecci\u00f3n personal para los cuidadores, las residencias se convirtieron en: Un\u00a0foco de la epidemia. Un\u00a0centro de elevada mortalidad. La\u00a0reacci\u00f3n de la Generalitat\u00a0fue tard\u00eda e insuficiente.\u00a0Lo hicieron patente los llamamientos p\u00fablicos, m\u00faltiples y reiterados de cuidadores y responsables de las residencias. Resultado: en Catalu\u00f1a el 2 de abril los fallecidos en las residencias eran 551. Uno de cada cuatro fallecidos ten\u00edan este origen.\u00a0Fue una tragedia de grandes proporciones que no puede quedarse olvidada ni sin consecuencias. Tampoco se produjo\u00a0ninguna planificaci\u00f3n preventiva\u00a0sobre la situaci\u00f3n de las personas de m\u00e1s de 70 a\u00f1os que viven en los hogares, ni siquiera de las que viven solas.\u00a0Los Centros de Asistencia Primaria, si se les hubiera dotado de los recursos necesarios y organizado debidamente, pod\u00edan haber establecido la localizaci\u00f3n de aquellas personas que ya estaban identificadas en el servicio.\u00a0No ser\u00edan todas, pero ser\u00edan muchas.\u00a0Establecer su geolocalizaci\u00f3n por parte del servicio central, visitarlas inicialmente, conocer su estado y realizar un seguimiento regular telef\u00f3nico habr\u00eda evitado tragedias.\u00a0Esta medida elemental no se llev\u00f3 a cabo, ni se lleva a cabo, y es necesario explicar por qu\u00e9. A esta caracter\u00edstica se le a\u00f1ade una segunda: el\u00a0cribado de los enfermos tomando como variable principal la edad: los medios de comunicaci\u00f3n se hicieron eco de un hecho que los medios internacionales difundieron en todo el mundo, y ya era conocido por algunos de los protagonistas, personal sanitario, servicio de ambulancias, cuidadores de residencias y familiares.\u00a0Las personas mayores de 80 a\u00f1os, y tambi\u00e9n las mayores de 75, fueron relegadas en el proceso hospitalario que pod\u00eda salvar sus vidas. En Catalu\u00f1a se produjo un cribado en funci\u00f3n de la edad, que despu\u00e9s ha sido negado por los responsables pol\u00edticos. El cribado La instrucci\u00f3n del Departamento de Salud de desincentivar totalmente el traslado de personas de mayor edad a los hospitales, por medio del servicio de ambulancias, y en las consultas telef\u00f3nicas, es una evidencia escrita. Lo relata, por ejemplo, con precisi\u00f3n, el reportaje del Corriere de la Sera, y es una pr\u00e1ctica que miembros del personal sanitario confirman, pero que es negada por la consejera y responsables pol\u00edticos del Departamento de Salud, refugi\u00e1ndose en eufemismos de los \u201cdiagn\u00f3sticos cl\u00ednicos\u201d. Concretamente la instrucci\u00f3n oficial enviada habla de \u00abfutilidad de las medidas terap\u00e9uticas\u00bb que desaconsejan el traslado.\u00a0La cuesti\u00f3n es d\u00f3nde est\u00e1n estos diagn\u00f3sticos y qu\u00e9 m\u00e9dicos los firmaron.\u00a0Simplemente, no existen m\u00e1s all\u00e1 de la edad y de observar superficialmente el estado del paciente en el hogar o en la residencia, en muchas ocasiones por personal que ni siquiera son m\u00e9dicos, porque el criterio b\u00e1sico es la edad.\u00a0La consellera Alba Verg\u00e9s no dice la verdad cuando afirma que se evaluaba m\u00e9dicamente cada caso.\u00a0Se actuaba con los mayores de forma diferente a c\u00f3mo se har\u00eda con otro paciente de menor edad. El documento Salud Emergencias M\u00e9dicas\u00a0RECOMENDACIONES POR APOYO A LAS DECISIONES DE LIMITACI\u00d3N DE ESFUERZO TERAP\u00c9UTICO (LET) POR PACIENTES CON SOSPECHA DE COVID-19 E INSUFICIENCIA RESPIRATORIA AGUDA (IRA) HIPOX\u00c9MICA de 22 de\u00a0marzo \u201cMantener una \u00e9tica en la toma de decisiones basada en ofrecer los recursos a aquellos pacientes que m\u00e1s se puedan beneficiar, en t\u00e9rminos de a\u00f1os de vida salvados, m\u00e1xima supervivencia al alta, evitar ingresos en pacientes con escaso beneficio, ya sea \u200b\u200bpor patolog\u00edas respiratorias por la Covid-19 o de otras patolog\u00edas que condicionen el estado cr\u00edtico\u201d.\u00a0En su aplicaci\u00f3n pr\u00e1ctica este procedimiento discrimina a las personas de m\u00e1s de 75 a\u00f1os, dado que el texto indica que: \u201cRecibir\u00e1 s\u00f3lo oxigenoterapia con mascarilla reservorio de alta concentraci\u00f3n tipo Monaghan\u00ae\u201d, pero no tendr\u00e1 la opci\u00f3n adicional y m\u00e1s decisiva: la VMI (ventilaci\u00f3n mec\u00e1nica invasiva).\u00a0Una persona de m\u00e1s de 75 a\u00f1os que requiera una ventilaci\u00f3n de ese tipo para salvar su vida, no es atendida.\u00a0\u00c9sta es la realidad de la sanidad en Catalu\u00f1a. El procedimiento establecido por dicho documento en cuanto al tratamiento de la insuficiencia respiratoria aguda es el mismo para una persona de m\u00e1s de 75 a\u00f1os \u201csin limitaciones funcionales y practicante de ejercicio en forma de andar\u201d que para una de \u201c Fragilidad grave-estado final de vida\u201d: oxigenoterapia, lo que hace evidente que el corte en la aplicaci\u00f3n de recursos m\u00e9dicos para sobrevivir se hace exclusivamente por raz\u00f3n de la\u00a0edad.\u00a0En realidad el acto m\u00e9dico se limita a una sedaci\u00f3n terminal si no responde a la mascarilla de ox\u00edgeno, sin recurso a m\u00e1s soluciones, aunque est\u00e1n ah\u00ed.\u00a0Es en la pr\u00e1ctica una eutanasia no consentida. El documento tambi\u00e9n aplica como criterio,\u00a0evitar el fen\u00f3meno del \u201cprimero que llega, el primero que ingresa\u201d\u00a0y aplicar estos principios a todos los grupos de pacientes por igual, no s\u00f3lo a un grupo concreto como los pacientes geri\u00e1tricos\u201d.\u00a0En este caso el absurdo que se deriva de la lectura literal es patente: si todos los pacientes son iguales nunca habr\u00e1 un primer ingreso si se prescinde del criterio de quien llega primero.\u00a0En realidad, no hay tal absurdo que colapsar\u00eda toda decisi\u00f3n de prioridad, porque en la pr\u00e1ctica, las condiciones que rigen para ordenar el ingreso es el dato m\u00e1s simple de todos: la edad. El resultado es que personas de 75 y m\u00e1s a\u00f1os empeoran por la espera...","og_url":"https:\/\/conversesacatalunya.cat\/es\/covid-los-muertos-ayuso-y-cataluna\/","og_site_name":"Converses a Catalunya","article_published_time":"2024-03-18T12:43:49+00:00","article_modified_time":"2024-03-18T14:13:10+00:00","og_image":[{"width":1200,"height":675,"url":"https:\/\/conversesacatalunya.cat\/wp-content\/uploads\/2024\/03\/morts-covid.jpg","type":"image\/jpeg"}],"author":"Joan Masip","twitter_card":"summary_large_image","twitter_misc":{"Escrito por":"Joan Masip","Tiempo de lectura":"8 minutos"},"schema":{"@context":"https:\/\/schema.org","@graph":[{"@type":"Article","@id":"https:\/\/conversesacatalunya.cat\/es\/covid-los-muertos-ayuso-y-cataluna\/#article","isPartOf":{"@id":"https:\/\/conversesacatalunya.cat\/es\/covid-los-muertos-ayuso-y-cataluna\/"},"author":{"name":"Joan Masip","@id":"https:\/\/conversesacatalunya.cat\/#\/schema\/person\/311d0bf53def217d5124c78a7bc42275"},"headline":"El Covid, los muertos, Ayuso y Catalu\u00f1a\u2026 Lo volveremos a hacer mal","datePublished":"2024-03-18T12:43:49+00:00","dateModified":"2024-03-18T14:13:10+00:00","mainEntityOfPage":{"@id":"https:\/\/conversesacatalunya.cat\/es\/covid-los-muertos-ayuso-y-cataluna\/"},"wordCount":1660,"commentCount":0,"image":{"@id":"https:\/\/conversesacatalunya.cat\/es\/covid-los-muertos-ayuso-y-cataluna\/#primaryimage"},"thumbnailUrl":"https:\/\/conversesacatalunya.cat\/wp-content\/uploads\/2024\/03\/morts-covid.jpg","keywords":["coronavirus"],"articleSection":["Expedient Barcelona (ES)","Punts clau del dia (ES)"],"inLanguage":"es","potentialAction":[{"@type":"CommentAction","name":"Comment","target":["https:\/\/conversesacatalunya.cat\/es\/covid-los-muertos-ayuso-y-cataluna\/#respond"]}]},{"@type":"WebPage","@id":"https:\/\/conversesacatalunya.cat\/es\/covid-los-muertos-ayuso-y-cataluna\/","url":"https:\/\/conversesacatalunya.cat\/es\/covid-los-muertos-ayuso-y-cataluna\/","name":"El Covid, los muertos, Ayuso y Catalu\u00f1a\u2026 Lo volveremos a hacer mal - Converses a Catalunya","isPartOf":{"@id":"https:\/\/conversesacatalunya.cat\/#website"},"primaryImageOfPage":{"@id":"https:\/\/conversesacatalunya.cat\/es\/covid-los-muertos-ayuso-y-cataluna\/#primaryimage"},"image":{"@id":"https:\/\/conversesacatalunya.cat\/es\/covid-los-muertos-ayuso-y-cataluna\/#primaryimage"},"thumbnailUrl":"https:\/\/conversesacatalunya.cat\/wp-content\/uploads\/2024\/03\/morts-covid.jpg","datePublished":"2024-03-18T12:43:49+00:00","dateModified":"2024-03-18T14:13:10+00:00","author":{"@id":"https:\/\/conversesacatalunya.cat\/#\/schema\/person\/311d0bf53def217d5124c78a7bc42275"},"breadcrumb":{"@id":"https:\/\/conversesacatalunya.cat\/es\/covid-los-muertos-ayuso-y-cataluna\/#breadcrumb"},"inLanguage":"es","potentialAction":[{"@type":"ReadAction","target":["https:\/\/conversesacatalunya.cat\/es\/covid-los-muertos-ayuso-y-cataluna\/"]}]},{"@type":"ImageObject","inLanguage":"es","@id":"https:\/\/conversesacatalunya.cat\/es\/covid-los-muertos-ayuso-y-cataluna\/#primaryimage","url":"https:\/\/conversesacatalunya.cat\/wp-content\/uploads\/2024\/03\/morts-covid.jpg","contentUrl":"https:\/\/conversesacatalunya.cat\/wp-content\/uploads\/2024\/03\/morts-covid.jpg","width":1200,"height":675},{"@type":"BreadcrumbList","@id":"https:\/\/conversesacatalunya.cat\/es\/covid-los-muertos-ayuso-y-cataluna\/#breadcrumb","itemListElement":[{"@type":"ListItem","position":1,"name":"Inici","item":"https:\/\/conversesacatalunya.cat\/es\/"},{"@type":"ListItem","position":2,"name":"El Covid, los muertos, Ayuso y Catalu\u00f1a\u2026 Lo volveremos a hacer mal"}]},{"@type":"WebSite","@id":"https:\/\/conversesacatalunya.cat\/#website","url":"https:\/\/conversesacatalunya.cat\/","name":"Converses a Catalunya","description":"","potentialAction":[{"@type":"SearchAction","target":{"@type":"EntryPoint","urlTemplate":"https:\/\/conversesacatalunya.cat\/?s={search_term_string}"},"query-input":{"@type":"PropertyValueSpecification","valueRequired":true,"valueName":"search_term_string"}}],"inLanguage":"es"},{"@type":"Person","@id":"https:\/\/conversesacatalunya.cat\/#\/schema\/person\/311d0bf53def217d5124c78a7bc42275","name":"Joan Masip","image":{"@type":"ImageObject","inLanguage":"es","@id":"https:\/\/conversesacatalunya.cat\/#\/schema\/person\/image\/","url":"https:\/\/conversesacatalunya.cat\/wp-content\/litespeed\/avatar\/fa67b994763cff7d443f54b63ec96481.jpg?ver=1777372547","contentUrl":"https:\/\/conversesacatalunya.cat\/wp-content\/litespeed\/avatar\/fa67b994763cff7d443f54b63ec96481.jpg?ver=1777372547","caption":"Joan Masip"},"url":"https:\/\/conversesacatalunya.cat\/es\/author\/joan-masip\/"}]}},"wps_subtitle":"","_links":{"self":[{"href":"https:\/\/conversesacatalunya.cat\/es\/wp-json\/wp\/v2\/posts\/76074","targetHints":{"allow":["GET"]}}],"collection":[{"href":"https:\/\/conversesacatalunya.cat\/es\/wp-json\/wp\/v2\/posts"}],"about":[{"href":"https:\/\/conversesacatalunya.cat\/es\/wp-json\/wp\/v2\/types\/post"}],"author":[{"embeddable":true,"href":"https:\/\/conversesacatalunya.cat\/es\/wp-json\/wp\/v2\/users\/78"}],"replies":[{"embeddable":true,"href":"https:\/\/conversesacatalunya.cat\/es\/wp-json\/wp\/v2\/comments?post=76074"}],"version-history":[{"count":2,"href":"https:\/\/conversesacatalunya.cat\/es\/wp-json\/wp\/v2\/posts\/76074\/revisions"}],"predecessor-version":[{"id":76076,"href":"https:\/\/conversesacatalunya.cat\/es\/wp-json\/wp\/v2\/posts\/76074\/revisions\/76076"}],"wp:featuredmedia":[{"embeddable":true,"href":"https:\/\/conversesacatalunya.cat\/es\/wp-json\/wp\/v2\/media\/76071"}],"wp:attachment":[{"href":"https:\/\/conversesacatalunya.cat\/es\/wp-json\/wp\/v2\/media?parent=76074"}],"wp:term":[{"taxonomy":"category","embeddable":true,"href":"https:\/\/conversesacatalunya.cat\/es\/wp-json\/wp\/v2\/categories?post=76074"},{"taxonomy":"post_tag","embeddable":true,"href":"https:\/\/conversesacatalunya.cat\/es\/wp-json\/wp\/v2\/tags?post=76074"}],"curies":[{"name":"wp","href":"https:\/\/api.w.org\/{rel}","templated":true}]}}