{"id":76014,"date":"2024-03-15T10:56:20","date_gmt":"2024-03-15T09:56:20","guid":{"rendered":"https:\/\/conversesacatalunya.cat\/catalunya-i-el-capital-social\/"},"modified":"2024-03-18T15:35:30","modified_gmt":"2024-03-18T14:35:30","slug":"cataluna-el-capital-social","status":"publish","type":"post","link":"https:\/\/conversesacatalunya.cat\/es\/cataluna-el-capital-social\/","title":{"rendered":"Emergencia y declinar de Catalu\u00f1a. Una narraci\u00f3n desde el capital social. Noticia de Catalu\u00f1a (10)"},"content":{"rendered":"<p>El debate pol\u00edtico, y ahora tambi\u00e9n electoral, no puede desterrar esta cuesti\u00f3n vital: el declinar de Catalunya por el deterioro de su principal activo hist\u00f3rico,\u00a0<strong>el capital social.<\/strong><\/p>\n<p>Catalu\u00f1a la ha hecho su gente;\u00a0\u00e9sta es la idea hist\u00f3rica que Vicens Vives y Pierre Vilar han dejado perfectamente asentada en nuestro imaginario colectivo.\u00a0Est\u00e1 fuera de toda discusi\u00f3n.\u00a0Si hemos tenido \u00e9xito en la historia en una medida apreciable, no ha sido por disponer de unas condiciones geogr\u00e1ficas benefactoras como la gran llanura francesa, bien dotada de agua, ni de recursos naturales remarcables, ni de cursos navegables que facilitaran el transporte.\u00a0Nuestra historia se ha forjado en un territorio roto de nada f\u00e1cil acceso y pobre en recursos naturales.\u00a0S\u00ed,\u00a0<strong>la riqueza y el bienestar de Catalu\u00f1a la ha hecho su gente,<\/strong>\u00a0las personas y la sociedad civil.\u00a0Y ha sido una proeza, no tanto por el nivel alcanzado, como por lograrlo casi siempre en condiciones pol\u00edticas e institucionales adversas.<\/p>\n<p>Nuestra historia no tiene en modo alguno la dimensi\u00f3n \u00e9pica del descubrimiento y colonizaci\u00f3n americana y la construcci\u00f3n del imperio espa\u00f1ol, pero en su esencia forma parte de lo que en \u00faltimo t\u00e9rmino ha ido forjando la Europa pr\u00f3spera.\u00a0Un sentido de la vida similar a la del norte de Italia y de las ciudades hanse\u00e1ticas;\u00a0un esp\u00edritu de reconstrucci\u00f3n del tama\u00f1o de Alemania despu\u00e9s de su gran debacle material, ciertamente, pero sobre todo moral y pol\u00edtico. Pero esta idea cierta,\u00a0<strong>del papel del trabajo y el esfuerzo personal y de la sociedad civil<\/strong>, de tan asumida la han convertido en un t\u00f3pico superficial.\u00a0Porque, exactamente, \u00bfqu\u00e9 quiere decir que Catalu\u00f1a la ha hecho la gente?\u00a0\u00bfQu\u00e9 tenemos de diferente en relaci\u00f3n a los pueblos que nos rodean?\u00a0Para responder en t\u00e9rminos \u00fatiles, no hay que quedarse en la superficie del concepto y penetrar en su composici\u00f3n.<\/p>\n<p>Gente valiosa con capacidad transformadora.\u00a0\u00bb\u00a0<em>Los catalanes de las piedras hacen panes<\/em>\u00bb significa dos cosas: la primera,\u00a0<strong>capital humano<\/strong>.\u00a0Y tambi\u00e9n decisiva, una segunda, estrechamente ligada a la anterior,\u00a0<strong>capital social<\/strong>.<\/p>\n<h3><strong>El capital social<\/strong><\/h3>\n<p>Hist\u00f3ricamente es improbable que una sociedad alcance buenos hitos en capital humano sin una adecuada disponibilidad de capital social.\u00a0Este tipo de capital, todav\u00eda hoy no siempre entendido, constituye una condici\u00f3n b\u00e1sica para el desarrollo econ\u00f3mico y social, tiene efectos similares a los otros tipos de capital, si bien presenta una diferencia clave con ellos. Sus depositarios, generadores y consumidores son el conjunto de las sociedades, las comunidades.\u00a0Es un atributo colectivo que nace de un conjunto de variables sociales como la dimensi\u00f3n de las redes sociales y familiares, la confianza, la participaci\u00f3n y la cohesi\u00f3n social, como m\u00e1s destacables.\u00a0Beneficia a personas, pero es de la comunidad.<\/p>\n<p>Puede resumirse en un solo concepto:\u00a0<strong>la fuerza del v\u00ednculo;\u00a0<\/strong>del compromiso con la tradici\u00f3n, la historia;\u00a0el derecho consuetudinario y las comunidades, familia-Iglesia, vecindad, pa\u00eds.\u00a0Es probablemente la mejor constataci\u00f3n del valor econ\u00f3mico, tambi\u00e9n monetario, de determinadas virtudes propias de las comunidades.<\/p>\n<p>El capital social tiene una amplia gama de consecuencias favorables al crecimiento econ\u00f3mico, pero tambi\u00e9n para un gobierno m\u00e1s eficaz. Precisamente, fueron las diferencias en la capacidad gubernamental entre las regiones del norte y el sur de Italia, que permitieron a\u00a0<strong>Putnam<\/strong> mostrar los efectos del capital social en un famoso estudio \u201c<em>El declive del capital social en Am\u00e9rica<\/em>\u201d, en el que analiza c\u00f3mo la seguridad, los menores costes sociales y mejor preservaci\u00f3n del espacio p\u00fablico, se ven beneficiados por este otro tipo de capital. Sin embargo, tiene una relaci\u00f3n muy estrecha con\u00a0<strong>el rendimiento escolar<\/strong>, en este caso vinculado a las familias, tal y como se\u00f1ala Coleman, otro nombre cl\u00e1sico en este \u00e1mbito espec\u00edfico.\u00a0En definitiva, lo que ahora interesa subrayar es la existencia de esta caracter\u00edstica propia de las diferentes comunidades, necesaria para el desarrollo econ\u00f3mico, y que viene a sumarse a los otros tipos de capital, humano, p\u00fablico, privado, f\u00edsico.<\/p>\n<p>Por tanto, la excelencia de lo que llamamos sociedad, ser\u00e1 tanto o mayor cuanto mejor sea el capital social del conjunto y de los diversos tipos de las comunidades que la configuran.\u00a0\u00c9ste es el sentido operativo de la idea de que\u00a0<strong>Catalunya la ha hecho su gente.<\/strong><\/p>\n<p>Las instituciones pol\u00edticas y los medios de comunicaci\u00f3n, la propia sociedad, han perdido de vista la percepci\u00f3n de cu\u00e1l era la fuerza del pa\u00eds;\u00a0han ignorado los cimientos que se asientan sobre el capital social.<\/p>\n<p>Cuando Putnam explica por qu\u00e9 los gobiernos de las regiones del norte de Italia son m\u00e1s eficaces que las del sur, utiliza entre otros elementos el car\u00e1cter hist\u00f3ricamente diferenciado de sus instituciones pol\u00edticas, mucho m\u00e1s centralizadas en el sur, en torno al Reino de N\u00e1poles, y mucho m\u00e1s descentralizadas en el norte.\u00a0\u00c9ste es el punto de partida.\u00a0La consecuencia de esa realidad institucional diferenciada es la presencia de unas comunidades m\u00e1s vivas en el segundo caso.\u00a0Es una aproximaci\u00f3n interesante a pesar de que no tiene por qu\u00e9 ser necesariamente acertada, pero es indudable que facilita la explicaci\u00f3n de por qu\u00e9 el capital social en el norte de Italia fue mayor que en el sur, al tiempo que esto hizo m\u00e1s eficaces las modernas instituciones del gobierno de las regiones aut\u00f3nomas.<\/p>\n<p>La tentaci\u00f3n del paralelismo entre la muy descentralizada Confederaci\u00f3n Catalano-Aragonesa y el centralismo del Reino de Castellano y Le\u00f3n es insuperable, y de esta forma tendr\u00edamos el origen del factor diferencial, que permite un mayor desarrollo de Catalu\u00f1a por su m\u00e1s gran capital social, \u00abel empuje econ\u00f3mico\u00bb, podr\u00eda ser su traducci\u00f3n m\u00e1s convencional, plenamente asumida.<\/p>\n<p>Su traducci\u00f3n econ\u00f3mica se har\u00eda tanto m\u00e1s patente como m\u00e1s compleja y abierta en la actividad, el comercio de exportaci\u00f3n primero, y la industrializaci\u00f3n despu\u00e9s, marcar\u00edan la diferencia<strong>.\u00a0El capital social permite reducir los costes de transacci\u00f3n que todo aumento de la complejidad econ\u00f3mica comporta.\u00a0<\/strong>\u00c9sta es otra forma de explicar el origen y desarrollo de la especificidad econ\u00f3mica catalana, a la vez coherente con las premisas que explican las causas del actual declinar en el marco de la teor\u00eda del capital social.<\/p>\n<p>Es la disponibilidad del capital social que hace posible mejores costes de transacci\u00f3n e intermediaci\u00f3n, lo que ayuda a explicar por qu\u00e9 Catalu\u00f1a emprende con \u00e9xito la v\u00eda de la industrializaci\u00f3n, como tambi\u00e9n lo hace el Pa\u00eds Vasco, otro caso de estructura hist\u00f3rica muy descentralizada por su sistema foral, con una sociedad dotada de un gran capital social, y que las convierte a ambas en excepciones en la l\u00f3gica del desarrollo econ\u00f3mico peninsular.<\/p>\n<p>Tambi\u00e9n y, hasta cierto punto, la crisis americana del Imperio espa\u00f1ol puede explicarse por la fractura de las redes relacionales y de confianza entre la sociedad matriz y la colonial, ambas espa\u00f1olas, como sucedi\u00f3 antes con los colonos americanos del norte respecto a la metr\u00f3polis brit\u00e1nica.\u00a0Ambos casos no responden a la din\u00e1mica descolonizadora.\u00a0Son otra cosa, porque metr\u00f3poli y colonia surgen de la misma tradici\u00f3n cultural.<\/p>\n<p>El enfoque realizado desde el capital social no puede pretender explicarlo todo, pero s\u00ed aporta una visi\u00f3n m\u00e1s precisa, ayuda a entender mejor por qu\u00e9 Catalu\u00f1a, a pesar de la derrota pol\u00edtica,\u00a0<strong>tiene m\u00e1s capacidad para desarrollarse y aprovechar la oportunidad de la revoluci\u00f3n industrial<\/strong>.\u00a0\u00c9sta es una aproximaci\u00f3n a la realidad hist\u00f3rica mucho m\u00e1s rica y compleja porque consigue articular mejor lo que realmente sucede, que no es otra cosa que una combinaci\u00f3n de factores de naturaleza monetaria con otros de \u00edndole social y cultural.<\/p>\n<p>Desde esta perspectiva, el catalanismo ser\u00eda la concreci\u00f3n cultural y pol\u00edtica del diferencial de capital social que ha dispuesto Catalu\u00f1a y que ahora declina.\u00a0Pero, \u00bfpor qu\u00e9?\u00a0La respuesta radica en la erosi\u00f3n por razones pol\u00edticas y culturales de las\u00a0<strong>Instituciones socialmente valiosas insustituibles<\/strong>, que son las capaces de generarlo primariamente y hacer su primera expansi\u00f3n.\u00a0Lo veremos en el pr\u00f3ximo art\u00edculo.<\/p>\n<p class=\"w-post-elm post_title us_custom_e2aee182 entry-title color_link_inherit\" style=\"text-align: center;\"><a href=\"https:\/\/conversesacatalunya.cat\/es\/a-quien-le-importa-el-catalan-noticia-de-cataluna-9\/\" target=\"_blank\" rel=\"noopener\"><strong>\u00bfA qui\u00e9n le importa el catal\u00e1n?\u00a0Noticia de Catalu\u00f1a (9)<\/strong><\/a><\/p>\n<div id=\"polls-233\" class=\"wp-polls\">\n\t<form id=\"polls_form_233\" class=\"wp-polls-form\" action=\"\/index.php\" method=\"post\">\n\t\t<p style=\"display: none;\"><input type=\"hidden\" id=\"poll_233_nonce\" name=\"wp-polls-nonce\" value=\"12ecb0a662\" \/><\/p>\n\t\t<p style=\"display: none;\"><input type=\"hidden\" name=\"poll_id\" value=\"233\" \/><\/p>\n\t\t<p style=\"text-align: center\"><strong>Creus que ens estan preparant (Macron, von der Leyen...) per a una guerra amb R\u00fassia amb motiu d'Ucra\u00efna?<\/strong><\/p><div id=\"polls-233-ans\" class=\"wp-polls-ans\"><ul class=\"wp-polls-ul\">\n\t\t<li><input type=\"radio\" id=\"poll-answer-648\" name=\"poll_233\" value=\"648\" \/> <label for=\"poll-answer-648\">S\u00ed<\/label><\/li>\n\t\t<li><input type=\"radio\" id=\"poll-answer-649\" name=\"poll_233\" value=\"649\" \/> <label for=\"poll-answer-649\">No<\/label><\/li>\n\t\t<li><input type=\"radio\" id=\"poll-answer-650\" name=\"poll_233\" value=\"650\" \/> <label for=\"poll-answer-650\">No ho s\u00e9<\/label><\/li>\n\t\t<\/ul><p style=\"text-align: center\"><input type=\"button\" name=\"vote\" value=\"   Vota   \" class=\"Buttons\" onclick=\"poll_vote(233);\" \/><\/p><p style=\"text-align: center\"><a href=\"#ViewPollResults\" onclick=\"poll_result(233); return false;\" title=\"View Results Of This Poll\">Mira els resultats<\/a><\/p><\/div>\n\t<\/form>\n<\/div>\n<div id=\"polls-233-loading\" class=\"wp-polls-loading\"><img decoding=\"async\" data-src=\"https:\/\/conversesacatalunya.cat\/wp-content\/plugins\/wp-polls\/images\/loading.gif\" width=\"16\" height=\"16\" alt=\"Cargando ...\" title=\"Cargando ...\" class=\"wp-polls-image lazyload\" src=\"data:image\/svg+xml;base64,PHN2ZyB3aWR0aD0iMSIgaGVpZ2h0PSIxIiB4bWxucz0iaHR0cDovL3d3dy53My5vcmcvMjAwMC9zdmciPjwvc3ZnPg==\" style=\"--smush-placeholder-width: 16px; --smush-placeholder-aspect-ratio: 16\/16;\" \/>&nbsp;Cargando ...<\/div>\n\n","protected":false},"excerpt":{"rendered":"<p>El debate pol\u00edtico, y ahora tambi\u00e9n electoral, no puede desterrar esta cuesti\u00f3n vital: el declinar de Catalunya por el deterioro de su principal activo hist\u00f3rico,\u00a0el capital social. Catalu\u00f1a la ha hecho su gente;\u00a0\u00e9sta es la idea hist\u00f3rica que Vicens Vives y Pierre Vilar han dejado perfectamente asentada en nuestro imaginario colectivo.\u00a0Est\u00e1 fuera de toda discusi\u00f3n.\u00a0Si hemos tenido \u00e9xito en la historia en una medida apreciable, no ha sido por disponer de unas condiciones geogr\u00e1ficas benefactoras como la gran llanura francesa, bien dotada de agua, ni de recursos naturales remarcables, ni de cursos navegables que facilitaran el transporte.\u00a0Nuestra historia se ha forjado en un territorio roto de nada f\u00e1cil acceso y pobre en recursos naturales.\u00a0S\u00ed,\u00a0la riqueza y el bienestar de Catalu\u00f1a la ha hecho su gente,\u00a0las personas y la sociedad civil.\u00a0Y ha sido una proeza, no tanto por el nivel alcanzado, como por lograrlo casi siempre en condiciones pol\u00edticas e institucionales adversas. Nuestra historia no tiene en modo alguno la dimensi\u00f3n \u00e9pica del descubrimiento y colonizaci\u00f3n americana y la construcci\u00f3n del imperio espa\u00f1ol, pero en su esencia forma parte de lo que en \u00faltimo t\u00e9rmino ha ido forjando la Europa pr\u00f3spera.\u00a0Un sentido de la vida similar a la del norte de Italia y de las ciudades hanse\u00e1ticas;\u00a0un esp\u00edritu de reconstrucci\u00f3n del tama\u00f1o de Alemania despu\u00e9s de su gran debacle material, ciertamente, pero sobre todo moral y pol\u00edtico. Pero esta idea cierta,\u00a0del papel del trabajo y el esfuerzo personal y de la sociedad civil, de tan asumida la han convertido en un t\u00f3pico superficial.\u00a0Porque, exactamente, \u00bfqu\u00e9 quiere decir que Catalu\u00f1a la ha hecho la gente?\u00a0\u00bfQu\u00e9 tenemos de diferente en relaci\u00f3n a los pueblos que nos rodean?\u00a0Para responder en t\u00e9rminos \u00fatiles, no hay que quedarse en la superficie del concepto y penetrar en su composici\u00f3n. Gente valiosa con capacidad transformadora.\u00a0\u00bb\u00a0Los catalanes de las piedras hacen panes\u00bb significa dos cosas: la primera,\u00a0capital humano.\u00a0Y tambi\u00e9n decisiva, una segunda, estrechamente ligada a la anterior,\u00a0capital social. El capital social Hist\u00f3ricamente es improbable que una sociedad alcance buenos hitos en capital humano sin una adecuada disponibilidad de capital social.\u00a0Este tipo de capital, todav\u00eda hoy no siempre entendido, constituye una condici\u00f3n b\u00e1sica para el desarrollo econ\u00f3mico y social, tiene efectos similares a los otros tipos de capital, si bien presenta una diferencia clave con ellos. Sus depositarios, generadores y consumidores son el conjunto de las sociedades, las comunidades.\u00a0Es un atributo colectivo que nace de un conjunto de variables sociales como la dimensi\u00f3n de las redes sociales y familiares, la confianza, la participaci\u00f3n y la cohesi\u00f3n social, como m\u00e1s destacables.\u00a0Beneficia a personas, pero es de la comunidad. Puede resumirse en un solo concepto:\u00a0la fuerza del v\u00ednculo;\u00a0del compromiso con la tradici\u00f3n, la historia;\u00a0el derecho consuetudinario y las comunidades, familia-Iglesia, vecindad, pa\u00eds.\u00a0Es probablemente la mejor constataci\u00f3n del valor econ\u00f3mico, tambi\u00e9n monetario, de determinadas virtudes propias de las comunidades. El capital social tiene una amplia gama de consecuencias favorables al crecimiento econ\u00f3mico, pero tambi\u00e9n para un gobierno m\u00e1s eficaz. Precisamente, fueron las diferencias en la capacidad gubernamental entre las regiones del norte y el sur de Italia, que permitieron a\u00a0Putnam mostrar los efectos del capital social en un famoso estudio \u201cEl declive del capital social en Am\u00e9rica\u201d, en el que analiza c\u00f3mo la seguridad, los menores costes sociales y mejor preservaci\u00f3n del espacio p\u00fablico, se ven beneficiados por este otro tipo de capital. Sin embargo, tiene una relaci\u00f3n muy estrecha con\u00a0el rendimiento escolar, en este caso vinculado a las familias, tal y como se\u00f1ala Coleman, otro nombre cl\u00e1sico en este \u00e1mbito espec\u00edfico.\u00a0En definitiva, lo que ahora interesa subrayar es la existencia de esta caracter\u00edstica propia de las diferentes comunidades, necesaria para el desarrollo econ\u00f3mico, y que viene a sumarse a los otros tipos de capital, humano, p\u00fablico, privado, f\u00edsico. Por tanto, la excelencia de lo que llamamos sociedad, ser\u00e1 tanto o mayor cuanto mejor sea el capital social del conjunto y de los diversos tipos de las comunidades que la configuran.\u00a0\u00c9ste es el sentido operativo de la idea de que\u00a0Catalunya la ha hecho su gente. Las instituciones pol\u00edticas y los medios de comunicaci\u00f3n, la propia sociedad, han perdido de vista la percepci\u00f3n de cu\u00e1l era la fuerza del pa\u00eds;\u00a0han ignorado los cimientos que se asientan sobre el capital social. Cuando Putnam explica por qu\u00e9 los gobiernos de las regiones del norte de Italia son m\u00e1s eficaces que las del sur, utiliza entre otros elementos el car\u00e1cter hist\u00f3ricamente diferenciado de sus instituciones pol\u00edticas, mucho m\u00e1s centralizadas en el sur, en torno al Reino de N\u00e1poles, y mucho m\u00e1s descentralizadas en el norte.\u00a0\u00c9ste es el punto de partida.\u00a0La consecuencia de esa realidad institucional diferenciada es la presencia de unas comunidades m\u00e1s vivas en el segundo caso.\u00a0Es una aproximaci\u00f3n interesante a pesar de que no tiene por qu\u00e9 ser necesariamente acertada, pero es indudable que facilita la explicaci\u00f3n de por qu\u00e9 el capital social en el norte de Italia fue mayor que en el sur, al tiempo que esto hizo m\u00e1s eficaces las modernas instituciones del gobierno de las regiones aut\u00f3nomas. La tentaci\u00f3n del paralelismo entre la muy descentralizada Confederaci\u00f3n Catalano-Aragonesa y el centralismo del Reino de Castellano y Le\u00f3n es insuperable, y de esta forma tendr\u00edamos el origen del factor diferencial, que permite un mayor desarrollo de Catalu\u00f1a por su m\u00e1s gran capital social, \u00abel empuje econ\u00f3mico\u00bb, podr\u00eda ser su traducci\u00f3n m\u00e1s convencional, plenamente asumida. Su traducci\u00f3n econ\u00f3mica se har\u00eda tanto m\u00e1s patente como m\u00e1s compleja y abierta en la actividad, el comercio de exportaci\u00f3n primero, y la industrializaci\u00f3n despu\u00e9s, marcar\u00edan la diferencia.\u00a0El capital social permite reducir los costes de transacci\u00f3n que todo aumento de la complejidad econ\u00f3mica comporta.\u00a0\u00c9sta es otra forma de explicar el origen y desarrollo de la especificidad econ\u00f3mica catalana, a la vez coherente con las premisas que explican las causas del actual declinar en el marco de la teor\u00eda del capital social. Es la disponibilidad del capital social que hace posible mejores costes de transacci\u00f3n e intermediaci\u00f3n, lo que ayuda a explicar por qu\u00e9 Catalu\u00f1a emprende con \u00e9xito la v\u00eda de la industrializaci\u00f3n, como tambi\u00e9n lo hace el Pa\u00eds Vasco,&#8230;<\/p>\n","protected":false},"author":19,"featured_media":75988,"comment_status":"open","ping_status":"open","sticky":false,"template":"","format":"standard","meta":{"_FSMCFIC_featured_image_caption":"","_FSMCFIC_featured_image_nocaption":"","_FSMCFIC_featured_image_hide":"","footnotes":""},"categories":[796,806],"tags":[5104],"class_list":["post-76014","post","type-post","status-publish","format-standard","has-post-thumbnail","hentry","category-el-blog-de-josep-miro-i-ardevol-es","category-punts-claus-del-dia-es","tag-capital-social-es"],"yoast_head":"<!-- This site is optimized with the Yoast SEO plugin v26.8 - https:\/\/yoast.com\/product\/yoast-seo-wordpress\/ -->\n<title>Emergencia y declinar de Catalu\u00f1a. Una narraci\u00f3n desde el capital social. Noticia de Catalu\u00f1a (10) - Converses a Catalunya<\/title>\n<meta name=\"description\" content=\"El capital social tiene una amplia gama de consecuencias favorables al crecimiento econ\u00f3mico, pero tambi\u00e9n para un gobierno m\u00e1s eficaz\" \/>\n<meta name=\"robots\" content=\"index, follow, max-snippet:-1, max-image-preview:large, max-video-preview:-1\" \/>\n<link rel=\"canonical\" href=\"https:\/\/conversesacatalunya.cat\/es\/cataluna-el-capital-social\/\" \/>\n<meta property=\"og:locale\" content=\"es_ES\" \/>\n<meta property=\"og:type\" content=\"article\" \/>\n<meta property=\"og:title\" content=\"Emergencia y declinar de Catalu\u00f1a. Una narraci\u00f3n desde el capital social. Noticia de Catalu\u00f1a (10) - Converses a Catalunya\" \/>\n<meta property=\"og:description\" content=\"El capital social tiene una amplia gama de consecuencias favorables al crecimiento econ\u00f3mico, pero tambi\u00e9n para un gobierno m\u00e1s eficaz\" \/>\n<meta property=\"og:url\" content=\"https:\/\/conversesacatalunya.cat\/es\/cataluna-el-capital-social\/\" \/>\n<meta property=\"og:site_name\" content=\"Converses a Catalunya\" \/>\n<meta property=\"article:published_time\" content=\"2024-03-15T09:56:20+00:00\" \/>\n<meta property=\"article:modified_time\" content=\"2024-03-18T14:35:30+00:00\" \/>\n<meta property=\"og:image\" content=\"https:\/\/conversesacatalunya.cat\/wp-content\/uploads\/2024\/03\/capital-social.jpg\" \/>\n\t<meta property=\"og:image:width\" content=\"1200\" \/>\n\t<meta property=\"og:image:height\" content=\"630\" \/>\n\t<meta property=\"og:image:type\" content=\"image\/jpeg\" \/>\n<meta name=\"author\" content=\"Josep Mir\u00f3 i Ard\u00e8vol\" \/>\n<meta name=\"twitter:card\" content=\"summary_large_image\" \/>\n<meta name=\"twitter:label1\" content=\"Escrito por\" \/>\n\t<meta name=\"twitter:data1\" content=\"Josep Mir\u00f3 i Ard\u00e8vol\" \/>\n\t<meta name=\"twitter:label2\" content=\"Tiempo de lectura\" \/>\n\t<meta name=\"twitter:data2\" content=\"7 minutos\" \/>\n<script type=\"application\/ld+json\" class=\"yoast-schema-graph\">{\"@context\":\"https:\/\/schema.org\",\"@graph\":[{\"@type\":\"Article\",\"@id\":\"https:\/\/conversesacatalunya.cat\/es\/cataluna-el-capital-social\/#article\",\"isPartOf\":{\"@id\":\"https:\/\/conversesacatalunya.cat\/es\/cataluna-el-capital-social\/\"},\"author\":{\"name\":\"Josep Mir\u00f3 i Ard\u00e8vol\",\"@id\":\"https:\/\/conversesacatalunya.cat\/#\/schema\/person\/a9598a6786ba7d3d1c5e0de477b79370\"},\"headline\":\"Emergencia y declinar de Catalu\u00f1a. Una narraci\u00f3n desde el capital social. Noticia de Catalu\u00f1a (10)\",\"datePublished\":\"2024-03-15T09:56:20+00:00\",\"dateModified\":\"2024-03-18T14:35:30+00:00\",\"mainEntityOfPage\":{\"@id\":\"https:\/\/conversesacatalunya.cat\/es\/cataluna-el-capital-social\/\"},\"wordCount\":1453,\"commentCount\":0,\"image\":{\"@id\":\"https:\/\/conversesacatalunya.cat\/es\/cataluna-el-capital-social\/#primaryimage\"},\"thumbnailUrl\":\"https:\/\/conversesacatalunya.cat\/wp-content\/uploads\/2024\/03\/capital-social.jpg\",\"keywords\":[\"capital social\"],\"articleSection\":[\"El Blog de Josep Mir\u00f3 i Ard\u00e8vol (ES)\",\"Punts clau del dia (ES)\"],\"inLanguage\":\"es\",\"potentialAction\":[{\"@type\":\"CommentAction\",\"name\":\"Comment\",\"target\":[\"https:\/\/conversesacatalunya.cat\/es\/cataluna-el-capital-social\/#respond\"]}]},{\"@type\":\"WebPage\",\"@id\":\"https:\/\/conversesacatalunya.cat\/es\/cataluna-el-capital-social\/\",\"url\":\"https:\/\/conversesacatalunya.cat\/es\/cataluna-el-capital-social\/\",\"name\":\"Emergencia y declinar de Catalu\u00f1a. Una narraci\u00f3n desde el capital social. Noticia de Catalu\u00f1a (10) - Converses a Catalunya\",\"isPartOf\":{\"@id\":\"https:\/\/conversesacatalunya.cat\/#website\"},\"primaryImageOfPage\":{\"@id\":\"https:\/\/conversesacatalunya.cat\/es\/cataluna-el-capital-social\/#primaryimage\"},\"image\":{\"@id\":\"https:\/\/conversesacatalunya.cat\/es\/cataluna-el-capital-social\/#primaryimage\"},\"thumbnailUrl\":\"https:\/\/conversesacatalunya.cat\/wp-content\/uploads\/2024\/03\/capital-social.jpg\",\"datePublished\":\"2024-03-15T09:56:20+00:00\",\"dateModified\":\"2024-03-18T14:35:30+00:00\",\"author\":{\"@id\":\"https:\/\/conversesacatalunya.cat\/#\/schema\/person\/a9598a6786ba7d3d1c5e0de477b79370\"},\"description\":\"El capital social tiene una amplia gama de consecuencias favorables al crecimiento econ\u00f3mico, pero tambi\u00e9n para un gobierno m\u00e1s eficaz\",\"breadcrumb\":{\"@id\":\"https:\/\/conversesacatalunya.cat\/es\/cataluna-el-capital-social\/#breadcrumb\"},\"inLanguage\":\"es\",\"potentialAction\":[{\"@type\":\"ReadAction\",\"target\":[\"https:\/\/conversesacatalunya.cat\/es\/cataluna-el-capital-social\/\"]}]},{\"@type\":\"ImageObject\",\"inLanguage\":\"es\",\"@id\":\"https:\/\/conversesacatalunya.cat\/es\/cataluna-el-capital-social\/#primaryimage\",\"url\":\"https:\/\/conversesacatalunya.cat\/wp-content\/uploads\/2024\/03\/capital-social.jpg\",\"contentUrl\":\"https:\/\/conversesacatalunya.cat\/wp-content\/uploads\/2024\/03\/capital-social.jpg\",\"width\":1200,\"height\":630,\"caption\":\"c\"},{\"@type\":\"BreadcrumbList\",\"@id\":\"https:\/\/conversesacatalunya.cat\/es\/cataluna-el-capital-social\/#breadcrumb\",\"itemListElement\":[{\"@type\":\"ListItem\",\"position\":1,\"name\":\"Inici\",\"item\":\"https:\/\/conversesacatalunya.cat\/es\/\"},{\"@type\":\"ListItem\",\"position\":2,\"name\":\"Emergencia y declinar de Catalu\u00f1a. Una narraci\u00f3n desde el capital social. Noticia de Catalu\u00f1a (10)\"}]},{\"@type\":\"WebSite\",\"@id\":\"https:\/\/conversesacatalunya.cat\/#website\",\"url\":\"https:\/\/conversesacatalunya.cat\/\",\"name\":\"Converses a Catalunya\",\"description\":\"\",\"potentialAction\":[{\"@type\":\"SearchAction\",\"target\":{\"@type\":\"EntryPoint\",\"urlTemplate\":\"https:\/\/conversesacatalunya.cat\/?s={search_term_string}\"},\"query-input\":{\"@type\":\"PropertyValueSpecification\",\"valueRequired\":true,\"valueName\":\"search_term_string\"}}],\"inLanguage\":\"es\"},{\"@type\":\"Person\",\"@id\":\"https:\/\/conversesacatalunya.cat\/#\/schema\/person\/a9598a6786ba7d3d1c5e0de477b79370\",\"name\":\"Josep Mir\u00f3 i Ard\u00e8vol\",\"image\":{\"@type\":\"ImageObject\",\"inLanguage\":\"es\",\"@id\":\"https:\/\/conversesacatalunya.cat\/#\/schema\/person\/image\/\",\"url\":\"https:\/\/conversesacatalunya.cat\/wp-content\/litespeed\/avatar\/c37e3dc881857483d6694cdf98fdedea.jpg?ver=1777270381\",\"contentUrl\":\"https:\/\/conversesacatalunya.cat\/wp-content\/litespeed\/avatar\/c37e3dc881857483d6694cdf98fdedea.jpg?ver=1777270381\",\"caption\":\"Josep Mir\u00f3 i Ard\u00e8vol\"},\"url\":\"https:\/\/conversesacatalunya.cat\/es\/author\/josep-miro-i-ardevol\/\"}]}<\/script>\n<!-- \/ Yoast SEO plugin. -->","yoast_head_json":{"title":"Emergencia y declinar de Catalu\u00f1a. Una narraci\u00f3n desde el capital social. Noticia de Catalu\u00f1a (10) - Converses a Catalunya","description":"El capital social tiene una amplia gama de consecuencias favorables al crecimiento econ\u00f3mico, pero tambi\u00e9n para un gobierno m\u00e1s eficaz","robots":{"index":"index","follow":"follow","max-snippet":"max-snippet:-1","max-image-preview":"max-image-preview:large","max-video-preview":"max-video-preview:-1"},"canonical":"https:\/\/conversesacatalunya.cat\/es\/cataluna-el-capital-social\/","og_locale":"es_ES","og_type":"article","og_title":"Emergencia y declinar de Catalu\u00f1a. Una narraci\u00f3n desde el capital social. Noticia de Catalu\u00f1a (10) - Converses a Catalunya","og_description":"El capital social tiene una amplia gama de consecuencias favorables al crecimiento econ\u00f3mico, pero tambi\u00e9n para un gobierno m\u00e1s eficaz","og_url":"https:\/\/conversesacatalunya.cat\/es\/cataluna-el-capital-social\/","og_site_name":"Converses a Catalunya","article_published_time":"2024-03-15T09:56:20+00:00","article_modified_time":"2024-03-18T14:35:30+00:00","og_image":[{"width":1200,"height":630,"url":"https:\/\/conversesacatalunya.cat\/wp-content\/uploads\/2024\/03\/capital-social.jpg","type":"image\/jpeg"}],"author":"Josep Mir\u00f3 i Ard\u00e8vol","twitter_card":"summary_large_image","twitter_misc":{"Escrito por":"Josep Mir\u00f3 i Ard\u00e8vol","Tiempo de lectura":"7 minutos"},"schema":{"@context":"https:\/\/schema.org","@graph":[{"@type":"Article","@id":"https:\/\/conversesacatalunya.cat\/es\/cataluna-el-capital-social\/#article","isPartOf":{"@id":"https:\/\/conversesacatalunya.cat\/es\/cataluna-el-capital-social\/"},"author":{"name":"Josep Mir\u00f3 i Ard\u00e8vol","@id":"https:\/\/conversesacatalunya.cat\/#\/schema\/person\/a9598a6786ba7d3d1c5e0de477b79370"},"headline":"Emergencia y declinar de Catalu\u00f1a. Una narraci\u00f3n desde el capital social. Noticia de Catalu\u00f1a (10)","datePublished":"2024-03-15T09:56:20+00:00","dateModified":"2024-03-18T14:35:30+00:00","mainEntityOfPage":{"@id":"https:\/\/conversesacatalunya.cat\/es\/cataluna-el-capital-social\/"},"wordCount":1453,"commentCount":0,"image":{"@id":"https:\/\/conversesacatalunya.cat\/es\/cataluna-el-capital-social\/#primaryimage"},"thumbnailUrl":"https:\/\/conversesacatalunya.cat\/wp-content\/uploads\/2024\/03\/capital-social.jpg","keywords":["capital social"],"articleSection":["El Blog de Josep Mir\u00f3 i Ard\u00e8vol (ES)","Punts clau del dia (ES)"],"inLanguage":"es","potentialAction":[{"@type":"CommentAction","name":"Comment","target":["https:\/\/conversesacatalunya.cat\/es\/cataluna-el-capital-social\/#respond"]}]},{"@type":"WebPage","@id":"https:\/\/conversesacatalunya.cat\/es\/cataluna-el-capital-social\/","url":"https:\/\/conversesacatalunya.cat\/es\/cataluna-el-capital-social\/","name":"Emergencia y declinar de Catalu\u00f1a. Una narraci\u00f3n desde el capital social. Noticia de Catalu\u00f1a (10) - Converses a Catalunya","isPartOf":{"@id":"https:\/\/conversesacatalunya.cat\/#website"},"primaryImageOfPage":{"@id":"https:\/\/conversesacatalunya.cat\/es\/cataluna-el-capital-social\/#primaryimage"},"image":{"@id":"https:\/\/conversesacatalunya.cat\/es\/cataluna-el-capital-social\/#primaryimage"},"thumbnailUrl":"https:\/\/conversesacatalunya.cat\/wp-content\/uploads\/2024\/03\/capital-social.jpg","datePublished":"2024-03-15T09:56:20+00:00","dateModified":"2024-03-18T14:35:30+00:00","author":{"@id":"https:\/\/conversesacatalunya.cat\/#\/schema\/person\/a9598a6786ba7d3d1c5e0de477b79370"},"description":"El capital social tiene una amplia gama de consecuencias favorables al crecimiento econ\u00f3mico, pero tambi\u00e9n para un gobierno m\u00e1s eficaz","breadcrumb":{"@id":"https:\/\/conversesacatalunya.cat\/es\/cataluna-el-capital-social\/#breadcrumb"},"inLanguage":"es","potentialAction":[{"@type":"ReadAction","target":["https:\/\/conversesacatalunya.cat\/es\/cataluna-el-capital-social\/"]}]},{"@type":"ImageObject","inLanguage":"es","@id":"https:\/\/conversesacatalunya.cat\/es\/cataluna-el-capital-social\/#primaryimage","url":"https:\/\/conversesacatalunya.cat\/wp-content\/uploads\/2024\/03\/capital-social.jpg","contentUrl":"https:\/\/conversesacatalunya.cat\/wp-content\/uploads\/2024\/03\/capital-social.jpg","width":1200,"height":630,"caption":"c"},{"@type":"BreadcrumbList","@id":"https:\/\/conversesacatalunya.cat\/es\/cataluna-el-capital-social\/#breadcrumb","itemListElement":[{"@type":"ListItem","position":1,"name":"Inici","item":"https:\/\/conversesacatalunya.cat\/es\/"},{"@type":"ListItem","position":2,"name":"Emergencia y declinar de Catalu\u00f1a. Una narraci\u00f3n desde el capital social. Noticia de Catalu\u00f1a (10)"}]},{"@type":"WebSite","@id":"https:\/\/conversesacatalunya.cat\/#website","url":"https:\/\/conversesacatalunya.cat\/","name":"Converses a Catalunya","description":"","potentialAction":[{"@type":"SearchAction","target":{"@type":"EntryPoint","urlTemplate":"https:\/\/conversesacatalunya.cat\/?s={search_term_string}"},"query-input":{"@type":"PropertyValueSpecification","valueRequired":true,"valueName":"search_term_string"}}],"inLanguage":"es"},{"@type":"Person","@id":"https:\/\/conversesacatalunya.cat\/#\/schema\/person\/a9598a6786ba7d3d1c5e0de477b79370","name":"Josep Mir\u00f3 i Ard\u00e8vol","image":{"@type":"ImageObject","inLanguage":"es","@id":"https:\/\/conversesacatalunya.cat\/#\/schema\/person\/image\/","url":"https:\/\/conversesacatalunya.cat\/wp-content\/litespeed\/avatar\/c37e3dc881857483d6694cdf98fdedea.jpg?ver=1777270381","contentUrl":"https:\/\/conversesacatalunya.cat\/wp-content\/litespeed\/avatar\/c37e3dc881857483d6694cdf98fdedea.jpg?ver=1777270381","caption":"Josep Mir\u00f3 i Ard\u00e8vol"},"url":"https:\/\/conversesacatalunya.cat\/es\/author\/josep-miro-i-ardevol\/"}]}},"wps_subtitle":"El capital social t\u00e9 una \u00e0mplia gammEl capital social tiene una amplia gama de consecuencias favorables al crecimiento econ\u00f3mico, pero tambi\u00e9n para un gobierno m\u00e1s eficaza de conseq\u00fc\u00e8ncies favorables al creixement econ\u00f2mic, per\u00f2 tamb\u00e9 per a un govern m\u00e9s efica\u00e7","_links":{"self":[{"href":"https:\/\/conversesacatalunya.cat\/es\/wp-json\/wp\/v2\/posts\/76014","targetHints":{"allow":["GET"]}}],"collection":[{"href":"https:\/\/conversesacatalunya.cat\/es\/wp-json\/wp\/v2\/posts"}],"about":[{"href":"https:\/\/conversesacatalunya.cat\/es\/wp-json\/wp\/v2\/types\/post"}],"author":[{"embeddable":true,"href":"https:\/\/conversesacatalunya.cat\/es\/wp-json\/wp\/v2\/users\/19"}],"replies":[{"embeddable":true,"href":"https:\/\/conversesacatalunya.cat\/es\/wp-json\/wp\/v2\/comments?post=76014"}],"version-history":[{"count":3,"href":"https:\/\/conversesacatalunya.cat\/es\/wp-json\/wp\/v2\/posts\/76014\/revisions"}],"predecessor-version":[{"id":76085,"href":"https:\/\/conversesacatalunya.cat\/es\/wp-json\/wp\/v2\/posts\/76014\/revisions\/76085"}],"wp:featuredmedia":[{"embeddable":true,"href":"https:\/\/conversesacatalunya.cat\/es\/wp-json\/wp\/v2\/media\/75988"}],"wp:attachment":[{"href":"https:\/\/conversesacatalunya.cat\/es\/wp-json\/wp\/v2\/media?parent=76014"}],"wp:term":[{"taxonomy":"category","embeddable":true,"href":"https:\/\/conversesacatalunya.cat\/es\/wp-json\/wp\/v2\/categories?post=76014"},{"taxonomy":"post_tag","embeddable":true,"href":"https:\/\/conversesacatalunya.cat\/es\/wp-json\/wp\/v2\/tags?post=76014"}],"curies":[{"name":"wp","href":"https:\/\/api.w.org\/{rel}","templated":true}]}}