{"id":75828,"date":"2024-03-12T12:52:19","date_gmt":"2024-03-12T11:52:19","guid":{"rendered":"https:\/\/conversesacatalunya.cat\/la-sequera-a-catalunya-els-interrogants-que-tot-ciutada-ha-daconseguir-aclarir\/"},"modified":"2024-03-15T10:39:15","modified_gmt":"2024-03-15T09:39:15","slug":"la-sequera-a-catalunya-els-interrogants-que-tot-ciutada-ha-daconseguir-aclarir","status":"publish","type":"post","link":"https:\/\/conversesacatalunya.cat\/es\/la-sequera-a-catalunya-els-interrogants-que-tot-ciutada-ha-daconseguir-aclarir\/","title":{"rendered":"La sequ\u00eda en Catalu\u00f1a, los interrogantes que todo ciudadano debe conseguir despejar"},"content":{"rendered":"<p>Es una evidencia que<a href=\"https:\/\/conversesacatalunya.cat\/es\/garantizar-el-agua-en-tiempo-de-sequia\/\" target=\"_blank\" rel=\"noopener\"><strong> Catalu\u00f1a sufre una sequ\u00eda<\/strong> <\/a>desde hace 3 a\u00f1os, sequ\u00eda que empez\u00f3 siendo meteorol\u00f3gica, es decir, un d\u00e9ficit de lluvia sobre la precipitaci\u00f3n normal, y ha terminado siendo agr\u00edcola, es decir, afectando directamente al estado de la vegetaci\u00f3n tanto natural como cultivada. Es larga, pero no es ni de lejos la peor que ha sufrido Catalu\u00f1a a lo largo de su historia, porque hay que recordar que nuestro pa\u00eds mediterr\u00e1neo presenta de forma recurrente fen\u00f3menos de este tipo. Y no solo eso, sino que adem\u00e1s su territorio est\u00e1 clasificado como sujeto a estr\u00e9s h\u00eddrico; es decir, que sus\u00a0<strong>necesidades de agua no est\u00e1n bien compensadas por los recursos naturales<\/strong>.<\/p>\n<p>Hay pa\u00edses mediterr\u00e1neos en los que estos hechos son mucho m\u00e1s agudos.\u00a0El ejemplo paradigm\u00e1tico es <strong>Israel<\/strong>, que casi podr\u00edamos decir que vive en un estado de sequ\u00eda permanente, pero esto no impide su desarrollo ni urbano ni siquiera agrario, por el contrario, presenta una agricultura muy competitiva en los mercados internacionales.<\/p>\n<p>El caso de Catalu\u00f1a es mucho m\u00e1s favorable porque, adem\u00e1s de disponer de la reserva de los Pirineos, una parte de su territorio pertenece a la cuenca del Ebro y, por tanto, recoge aguas de una superficie mucho mayor que las migradas cuencas interiores que tienen en el Ter y el Llobregat los principales cursos de agua.<\/p>\n<p>Todo esto sirve para iniciar una reflexi\u00f3n que el <strong>jueves 14 de marzo a las 19:30 h<\/strong> ser\u00e1 profundizada y detallada a cargo del experto en la materia, el ingeniero agr\u00f3nomo Ignasi Servi\u00e0 <strong><a href=\"https:\/\/conversesacatalunya.cat\/es\/sequia-en-cataluna-14-de-marzo-1930-via-zoom\/\" target=\"_blank\" rel=\"noopener\">en una sesi\u00f3n por Zoom<\/a> dedicada a indagar sobre si la sequ\u00eda catalana y los problemas que ocasiona se deben fundamentalmente a la falta de lluvias o a la insuficiencia de las pol\u00edticas que se han llevado a cabo, o que no se han realizado<\/strong>.<\/p>\n<blockquote><p><strong> hoy es la situaci\u00f3n de las infraestructuras h\u00eddricas lo que marca el abastecimiento y no solo la lluvia<\/strong><\/p><\/blockquote>\n<p>Es una paradoja, por ejemplo, que\u00a0<strong>el Ebro a su paso por Zaragoza pasen 1.500 m\u00b3\/s., mientras que el \u00e1rea metropolitana de Barcelona ser\u00eda suficiente para superar los problemas con 2 m\u00b3\/s<\/strong>. O el hecho de que el agua que se lleva a Tarragona, 4 m\u00b3\/s, no fueron extra\u00eddos del caudal del Ebro, sino que eran parte de la concesi\u00f3n a sus regantes, que se logr\u00f3 a base de mejorar el estado de los canales y reducir las p\u00e9rdidas, por lo que el resultado final fue esa cantidad de 4 m\u00b3\/s para Tarragona y adem\u00e1s los regantes a\u00fan dispon\u00edan de m\u00e1s agua que antes de la cesi\u00f3n. Es un ejemplo claro de c\u00f3mo hoy es la situaci\u00f3n de las infraestructuras h\u00eddricas lo que marca el abastecimiento y no solo la lluvia.<\/p>\n<p>Todo esto abre muchos interrogantes: \u00bfqu\u00e9 pasar\u00eda si mejor\u00e1ramos los regad\u00edos de Catalu\u00f1a?\u00a0\u00bfTiene sentido que sea una frontera inexorable dentro de Catalu\u00f1a el hecho de pertenecer a las cuencas interiores o a la del Ebro? Todos estos y otros muchos interrogantes se podr\u00e1n aclarar en la sesi\u00f3n del d\u00eda 14 para obtener una visi\u00f3n t\u00e9cnica y objetiva de la situaci\u00f3n, de sus causas y de sus posibles soluciones.\u00a0A trav\u00e9s de la intervenci\u00f3n del experto Ignasi Servi\u00e0 y del <strong>coloquio que se va a producir al final de su intervenci\u00f3n.<\/strong><\/p>\n<div id=\"polls-233\" class=\"wp-polls\">\n\t<form id=\"polls_form_233\" class=\"wp-polls-form\" action=\"\/index.php\" method=\"post\">\n\t\t<p style=\"display: none;\"><input type=\"hidden\" id=\"poll_233_nonce\" name=\"wp-polls-nonce\" value=\"12ecb0a662\" \/><\/p>\n\t\t<p style=\"display: none;\"><input type=\"hidden\" name=\"poll_id\" value=\"233\" \/><\/p>\n\t\t<p style=\"text-align: center\"><strong>Creus que ens estan preparant (Macron, von der Leyen...) per a una guerra amb R\u00fassia amb motiu d'Ucra\u00efna?<\/strong><\/p><div id=\"polls-233-ans\" class=\"wp-polls-ans\"><ul class=\"wp-polls-ul\">\n\t\t<li><input type=\"radio\" id=\"poll-answer-648\" name=\"poll_233\" value=\"648\" \/> <label for=\"poll-answer-648\">S\u00ed<\/label><\/li>\n\t\t<li><input type=\"radio\" id=\"poll-answer-649\" name=\"poll_233\" value=\"649\" \/> <label for=\"poll-answer-649\">No<\/label><\/li>\n\t\t<li><input type=\"radio\" id=\"poll-answer-650\" name=\"poll_233\" value=\"650\" \/> <label for=\"poll-answer-650\">No ho s\u00e9<\/label><\/li>\n\t\t<\/ul><p style=\"text-align: center\"><input type=\"button\" name=\"vote\" value=\"   Vota   \" class=\"Buttons\" onclick=\"poll_vote(233);\" \/><\/p><p style=\"text-align: center\"><a href=\"#ViewPollResults\" onclick=\"poll_result(233); return false;\" title=\"View Results Of This Poll\">Mira els resultats<\/a><\/p><\/div>\n\t<\/form>\n<\/div>\n<div id=\"polls-233-loading\" class=\"wp-polls-loading\"><img decoding=\"async\" data-src=\"https:\/\/conversesacatalunya.cat\/wp-content\/plugins\/wp-polls\/images\/loading.gif\" width=\"16\" height=\"16\" alt=\"Cargando ...\" title=\"Cargando ...\" class=\"wp-polls-image lazyload\" src=\"data:image\/svg+xml;base64,PHN2ZyB3aWR0aD0iMSIgaGVpZ2h0PSIxIiB4bWxucz0iaHR0cDovL3d3dy53My5vcmcvMjAwMC9zdmciPjwvc3ZnPg==\" style=\"--smush-placeholder-width: 16px; --smush-placeholder-aspect-ratio: 16\/16;\" \/>&nbsp;Cargando ...<\/div>\n\n<p>&nbsp;<\/p>\n<p>&nbsp;<\/p>\n<p>&nbsp;<\/p>\n","protected":false},"excerpt":{"rendered":"<p>Es una evidencia que Catalu\u00f1a sufre una sequ\u00eda desde hace 3 a\u00f1os, sequ\u00eda que empez\u00f3 siendo meteorol\u00f3gica, es decir, un d\u00e9ficit de lluvia sobre la precipitaci\u00f3n normal, y ha terminado siendo agr\u00edcola, es decir, afectando directamente al estado de la vegetaci\u00f3n tanto natural como cultivada. Es larga, pero no es ni de lejos la peor que ha sufrido Catalu\u00f1a a lo largo de su historia, porque hay que recordar que nuestro pa\u00eds mediterr\u00e1neo presenta de forma recurrente fen\u00f3menos de este tipo. Y no solo eso, sino que adem\u00e1s su territorio est\u00e1 clasificado como sujeto a estr\u00e9s h\u00eddrico; es decir, que sus\u00a0necesidades de agua no est\u00e1n bien compensadas por los recursos naturales. Hay pa\u00edses mediterr\u00e1neos en los que estos hechos son mucho m\u00e1s agudos.\u00a0El ejemplo paradigm\u00e1tico es Israel, que casi podr\u00edamos decir que vive en un estado de sequ\u00eda permanente, pero esto no impide su desarrollo ni urbano ni siquiera agrario, por el contrario, presenta una agricultura muy competitiva en los mercados internacionales. El caso de Catalu\u00f1a es mucho m\u00e1s favorable porque, adem\u00e1s de disponer de la reserva de los Pirineos, una parte de su territorio pertenece a la cuenca del Ebro y, por tanto, recoge aguas de una superficie mucho mayor que las migradas cuencas interiores que tienen en el Ter y el Llobregat los principales cursos de agua. Todo esto sirve para iniciar una reflexi\u00f3n que el jueves 14 de marzo a las 19:30 h ser\u00e1 profundizada y detallada a cargo del experto en la materia, el ingeniero agr\u00f3nomo Ignasi Servi\u00e0 en una sesi\u00f3n por Zoom dedicada a indagar sobre si la sequ\u00eda catalana y los problemas que ocasiona se deben fundamentalmente a la falta de lluvias o a la insuficiencia de las pol\u00edticas que se han llevado a cabo, o que no se han realizado. hoy es la situaci\u00f3n de las infraestructuras h\u00eddricas lo que marca el abastecimiento y no solo la lluvia Es una paradoja, por ejemplo, que\u00a0el Ebro a su paso por Zaragoza pasen 1.500 m\u00b3\/s., mientras que el \u00e1rea metropolitana de Barcelona ser\u00eda suficiente para superar los problemas con 2 m\u00b3\/s. O el hecho de que el agua que se lleva a Tarragona, 4 m\u00b3\/s, no fueron extra\u00eddos del caudal del Ebro, sino que eran parte de la concesi\u00f3n a sus regantes, que se logr\u00f3 a base de mejorar el estado de los canales y reducir las p\u00e9rdidas, por lo que el resultado final fue esa cantidad de 4 m\u00b3\/s para Tarragona y adem\u00e1s los regantes a\u00fan dispon\u00edan de m\u00e1s agua que antes de la cesi\u00f3n. Es un ejemplo claro de c\u00f3mo hoy es la situaci\u00f3n de las infraestructuras h\u00eddricas lo que marca el abastecimiento y no solo la lluvia. Todo esto abre muchos interrogantes: \u00bfqu\u00e9 pasar\u00eda si mejor\u00e1ramos los regad\u00edos de Catalu\u00f1a?\u00a0\u00bfTiene sentido que sea una frontera inexorable dentro de Catalu\u00f1a el hecho de pertenecer a las cuencas interiores o a la del Ebro? Todos estos y otros muchos interrogantes se podr\u00e1n aclarar en la sesi\u00f3n del d\u00eda 14 para obtener una visi\u00f3n t\u00e9cnica y objetiva de la situaci\u00f3n, de sus causas y de sus posibles soluciones.\u00a0A trav\u00e9s de la intervenci\u00f3n del experto Ignasi Servi\u00e0 y del coloquio que se va a producir al final de su intervenci\u00f3n. &nbsp; &nbsp; &nbsp;<\/p>\n","protected":false},"author":19,"featured_media":75811,"comment_status":"open","ping_status":"open","sticky":false,"template":"","format":"standard","meta":{"_FSMCFIC_featured_image_caption":"","_FSMCFIC_featured_image_nocaption":"","_FSMCFIC_featured_image_hide":"","footnotes":""},"categories":[806],"tags":[4527,4528],"class_list":["post-75828","post","type-post","status-publish","format-standard","has-post-thumbnail","hentry","category-punts-claus-del-dia-es","tag-sequera-es","tag-sequia-es"],"yoast_head":"<!-- This site is optimized with the Yoast SEO plugin v26.8 - https:\/\/yoast.com\/product\/yoast-seo-wordpress\/ -->\n<title>La sequ\u00eda en Catalu\u00f1a, los interrogantes que todo ciudadano debe conseguir despejar - Converses a Catalunya<\/title>\n<meta name=\"description\" content=\"En el Ebro a su paso por Zaragoza pasan 1.500 m\u00b3\/s., mientras que en el \u00e1rea metropolitana de Barcelona ser\u00edan suficientes para superar los problemas 2 m\u00b3\/s\" \/>\n<meta name=\"robots\" content=\"index, follow, max-snippet:-1, max-image-preview:large, max-video-preview:-1\" \/>\n<link rel=\"canonical\" href=\"https:\/\/conversesacatalunya.cat\/es\/la-sequera-a-catalunya-els-interrogants-que-tot-ciutada-ha-daconseguir-aclarir\/\" \/>\n<meta property=\"og:locale\" content=\"es_ES\" \/>\n<meta property=\"og:type\" content=\"article\" \/>\n<meta property=\"og:title\" content=\"La sequ\u00eda en Catalu\u00f1a, los interrogantes que todo ciudadano debe conseguir despejar - Converses a Catalunya\" \/>\n<meta property=\"og:description\" content=\"En el Ebro a su paso por Zaragoza pasan 1.500 m\u00b3\/s., mientras que en el \u00e1rea metropolitana de Barcelona ser\u00edan suficientes para superar los problemas 2 m\u00b3\/s\" \/>\n<meta property=\"og:url\" content=\"https:\/\/conversesacatalunya.cat\/es\/la-sequera-a-catalunya-els-interrogants-que-tot-ciutada-ha-daconseguir-aclarir\/\" \/>\n<meta property=\"og:site_name\" content=\"Converses a Catalunya\" \/>\n<meta property=\"article:published_time\" content=\"2024-03-12T11:52:19+00:00\" \/>\n<meta property=\"article:modified_time\" content=\"2024-03-15T09:39:15+00:00\" \/>\n<meta property=\"og:image\" content=\"https:\/\/conversesacatalunya.cat\/wp-content\/uploads\/2024\/03\/LA-SEQUERA-A-CATALUNYA.-1.png\" \/>\n\t<meta property=\"og:image:width\" content=\"2000\" \/>\n\t<meta property=\"og:image:height\" content=\"1600\" \/>\n\t<meta property=\"og:image:type\" content=\"image\/png\" \/>\n<meta name=\"author\" content=\"Josep Mir\u00f3 i Ard\u00e8vol\" \/>\n<meta name=\"twitter:card\" content=\"summary_large_image\" \/>\n<meta name=\"twitter:label1\" content=\"Escrito por\" \/>\n\t<meta name=\"twitter:data1\" content=\"Josep Mir\u00f3 i Ard\u00e8vol\" \/>\n\t<meta name=\"twitter:label2\" content=\"Tiempo de lectura\" \/>\n\t<meta name=\"twitter:data2\" content=\"3 minutos\" \/>\n<script type=\"application\/ld+json\" class=\"yoast-schema-graph\">{\"@context\":\"https:\/\/schema.org\",\"@graph\":[{\"@type\":\"Article\",\"@id\":\"https:\/\/conversesacatalunya.cat\/es\/la-sequera-a-catalunya-els-interrogants-que-tot-ciutada-ha-daconseguir-aclarir\/#article\",\"isPartOf\":{\"@id\":\"https:\/\/conversesacatalunya.cat\/es\/la-sequera-a-catalunya-els-interrogants-que-tot-ciutada-ha-daconseguir-aclarir\/\"},\"author\":{\"name\":\"Josep Mir\u00f3 i Ard\u00e8vol\",\"@id\":\"https:\/\/conversesacatalunya.cat\/#\/schema\/person\/a9598a6786ba7d3d1c5e0de477b79370\"},\"headline\":\"La sequ\u00eda en Catalu\u00f1a, los interrogantes que todo ciudadano debe conseguir despejar\",\"datePublished\":\"2024-03-12T11:52:19+00:00\",\"dateModified\":\"2024-03-15T09:39:15+00:00\",\"mainEntityOfPage\":{\"@id\":\"https:\/\/conversesacatalunya.cat\/es\/la-sequera-a-catalunya-els-interrogants-que-tot-ciutada-ha-daconseguir-aclarir\/\"},\"wordCount\":613,\"commentCount\":0,\"image\":{\"@id\":\"https:\/\/conversesacatalunya.cat\/es\/la-sequera-a-catalunya-els-interrogants-que-tot-ciutada-ha-daconseguir-aclarir\/#primaryimage\"},\"thumbnailUrl\":\"https:\/\/conversesacatalunya.cat\/wp-content\/uploads\/2024\/03\/LA-SEQUERA-A-CATALUNYA.-1.png\",\"keywords\":[\"sequera\",\"Sequia\"],\"articleSection\":[\"Punts clau del dia (ES)\"],\"inLanguage\":\"es\",\"potentialAction\":[{\"@type\":\"CommentAction\",\"name\":\"Comment\",\"target\":[\"https:\/\/conversesacatalunya.cat\/es\/la-sequera-a-catalunya-els-interrogants-que-tot-ciutada-ha-daconseguir-aclarir\/#respond\"]}]},{\"@type\":\"WebPage\",\"@id\":\"https:\/\/conversesacatalunya.cat\/es\/la-sequera-a-catalunya-els-interrogants-que-tot-ciutada-ha-daconseguir-aclarir\/\",\"url\":\"https:\/\/conversesacatalunya.cat\/es\/la-sequera-a-catalunya-els-interrogants-que-tot-ciutada-ha-daconseguir-aclarir\/\",\"name\":\"La sequ\u00eda en Catalu\u00f1a, los interrogantes que todo ciudadano debe conseguir despejar - Converses a Catalunya\",\"isPartOf\":{\"@id\":\"https:\/\/conversesacatalunya.cat\/#website\"},\"primaryImageOfPage\":{\"@id\":\"https:\/\/conversesacatalunya.cat\/es\/la-sequera-a-catalunya-els-interrogants-que-tot-ciutada-ha-daconseguir-aclarir\/#primaryimage\"},\"image\":{\"@id\":\"https:\/\/conversesacatalunya.cat\/es\/la-sequera-a-catalunya-els-interrogants-que-tot-ciutada-ha-daconseguir-aclarir\/#primaryimage\"},\"thumbnailUrl\":\"https:\/\/conversesacatalunya.cat\/wp-content\/uploads\/2024\/03\/LA-SEQUERA-A-CATALUNYA.-1.png\",\"datePublished\":\"2024-03-12T11:52:19+00:00\",\"dateModified\":\"2024-03-15T09:39:15+00:00\",\"author\":{\"@id\":\"https:\/\/conversesacatalunya.cat\/#\/schema\/person\/a9598a6786ba7d3d1c5e0de477b79370\"},\"description\":\"En el Ebro a su paso por Zaragoza pasan 1.500 m\u00b3\/s., mientras que en el \u00e1rea metropolitana de Barcelona ser\u00edan suficientes para superar los problemas 2 m\u00b3\/s\",\"breadcrumb\":{\"@id\":\"https:\/\/conversesacatalunya.cat\/es\/la-sequera-a-catalunya-els-interrogants-que-tot-ciutada-ha-daconseguir-aclarir\/#breadcrumb\"},\"inLanguage\":\"es\",\"potentialAction\":[{\"@type\":\"ReadAction\",\"target\":[\"https:\/\/conversesacatalunya.cat\/es\/la-sequera-a-catalunya-els-interrogants-que-tot-ciutada-ha-daconseguir-aclarir\/\"]}]},{\"@type\":\"ImageObject\",\"inLanguage\":\"es\",\"@id\":\"https:\/\/conversesacatalunya.cat\/es\/la-sequera-a-catalunya-els-interrogants-que-tot-ciutada-ha-daconseguir-aclarir\/#primaryimage\",\"url\":\"https:\/\/conversesacatalunya.cat\/wp-content\/uploads\/2024\/03\/LA-SEQUERA-A-CATALUNYA.-1.png\",\"contentUrl\":\"https:\/\/conversesacatalunya.cat\/wp-content\/uploads\/2024\/03\/LA-SEQUERA-A-CATALUNYA.-1.png\",\"width\":2000,\"height\":1600},{\"@type\":\"BreadcrumbList\",\"@id\":\"https:\/\/conversesacatalunya.cat\/es\/la-sequera-a-catalunya-els-interrogants-que-tot-ciutada-ha-daconseguir-aclarir\/#breadcrumb\",\"itemListElement\":[{\"@type\":\"ListItem\",\"position\":1,\"name\":\"Inici\",\"item\":\"https:\/\/conversesacatalunya.cat\/es\/\"},{\"@type\":\"ListItem\",\"position\":2,\"name\":\"La sequ\u00eda en Catalu\u00f1a, los interrogantes que todo ciudadano debe conseguir despejar\"}]},{\"@type\":\"WebSite\",\"@id\":\"https:\/\/conversesacatalunya.cat\/#website\",\"url\":\"https:\/\/conversesacatalunya.cat\/\",\"name\":\"Converses a Catalunya\",\"description\":\"\",\"potentialAction\":[{\"@type\":\"SearchAction\",\"target\":{\"@type\":\"EntryPoint\",\"urlTemplate\":\"https:\/\/conversesacatalunya.cat\/?s={search_term_string}\"},\"query-input\":{\"@type\":\"PropertyValueSpecification\",\"valueRequired\":true,\"valueName\":\"search_term_string\"}}],\"inLanguage\":\"es\"},{\"@type\":\"Person\",\"@id\":\"https:\/\/conversesacatalunya.cat\/#\/schema\/person\/a9598a6786ba7d3d1c5e0de477b79370\",\"name\":\"Josep Mir\u00f3 i Ard\u00e8vol\",\"image\":{\"@type\":\"ImageObject\",\"inLanguage\":\"es\",\"@id\":\"https:\/\/conversesacatalunya.cat\/#\/schema\/person\/image\/\",\"url\":\"https:\/\/conversesacatalunya.cat\/wp-content\/litespeed\/avatar\/c37e3dc881857483d6694cdf98fdedea.jpg?ver=1777270381\",\"contentUrl\":\"https:\/\/conversesacatalunya.cat\/wp-content\/litespeed\/avatar\/c37e3dc881857483d6694cdf98fdedea.jpg?ver=1777270381\",\"caption\":\"Josep Mir\u00f3 i Ard\u00e8vol\"},\"url\":\"https:\/\/conversesacatalunya.cat\/es\/author\/josep-miro-i-ardevol\/\"}]}<\/script>\n<!-- \/ Yoast SEO plugin. -->","yoast_head_json":{"title":"La sequ\u00eda en Catalu\u00f1a, los interrogantes que todo ciudadano debe conseguir despejar - Converses a Catalunya","description":"En el Ebro a su paso por Zaragoza pasan 1.500 m\u00b3\/s., mientras que en el \u00e1rea metropolitana de Barcelona ser\u00edan suficientes para superar los problemas 2 m\u00b3\/s","robots":{"index":"index","follow":"follow","max-snippet":"max-snippet:-1","max-image-preview":"max-image-preview:large","max-video-preview":"max-video-preview:-1"},"canonical":"https:\/\/conversesacatalunya.cat\/es\/la-sequera-a-catalunya-els-interrogants-que-tot-ciutada-ha-daconseguir-aclarir\/","og_locale":"es_ES","og_type":"article","og_title":"La sequ\u00eda en Catalu\u00f1a, los interrogantes que todo ciudadano debe conseguir despejar - Converses a Catalunya","og_description":"En el Ebro a su paso por Zaragoza pasan 1.500 m\u00b3\/s., mientras que en el \u00e1rea metropolitana de Barcelona ser\u00edan suficientes para superar los problemas 2 m\u00b3\/s","og_url":"https:\/\/conversesacatalunya.cat\/es\/la-sequera-a-catalunya-els-interrogants-que-tot-ciutada-ha-daconseguir-aclarir\/","og_site_name":"Converses a Catalunya","article_published_time":"2024-03-12T11:52:19+00:00","article_modified_time":"2024-03-15T09:39:15+00:00","og_image":[{"width":2000,"height":1600,"url":"https:\/\/conversesacatalunya.cat\/wp-content\/uploads\/2024\/03\/LA-SEQUERA-A-CATALUNYA.-1.png","type":"image\/png"}],"author":"Josep Mir\u00f3 i Ard\u00e8vol","twitter_card":"summary_large_image","twitter_misc":{"Escrito por":"Josep Mir\u00f3 i Ard\u00e8vol","Tiempo de lectura":"3 minutos"},"schema":{"@context":"https:\/\/schema.org","@graph":[{"@type":"Article","@id":"https:\/\/conversesacatalunya.cat\/es\/la-sequera-a-catalunya-els-interrogants-que-tot-ciutada-ha-daconseguir-aclarir\/#article","isPartOf":{"@id":"https:\/\/conversesacatalunya.cat\/es\/la-sequera-a-catalunya-els-interrogants-que-tot-ciutada-ha-daconseguir-aclarir\/"},"author":{"name":"Josep Mir\u00f3 i Ard\u00e8vol","@id":"https:\/\/conversesacatalunya.cat\/#\/schema\/person\/a9598a6786ba7d3d1c5e0de477b79370"},"headline":"La sequ\u00eda en Catalu\u00f1a, los interrogantes que todo ciudadano debe conseguir despejar","datePublished":"2024-03-12T11:52:19+00:00","dateModified":"2024-03-15T09:39:15+00:00","mainEntityOfPage":{"@id":"https:\/\/conversesacatalunya.cat\/es\/la-sequera-a-catalunya-els-interrogants-que-tot-ciutada-ha-daconseguir-aclarir\/"},"wordCount":613,"commentCount":0,"image":{"@id":"https:\/\/conversesacatalunya.cat\/es\/la-sequera-a-catalunya-els-interrogants-que-tot-ciutada-ha-daconseguir-aclarir\/#primaryimage"},"thumbnailUrl":"https:\/\/conversesacatalunya.cat\/wp-content\/uploads\/2024\/03\/LA-SEQUERA-A-CATALUNYA.-1.png","keywords":["sequera","Sequia"],"articleSection":["Punts clau del dia (ES)"],"inLanguage":"es","potentialAction":[{"@type":"CommentAction","name":"Comment","target":["https:\/\/conversesacatalunya.cat\/es\/la-sequera-a-catalunya-els-interrogants-que-tot-ciutada-ha-daconseguir-aclarir\/#respond"]}]},{"@type":"WebPage","@id":"https:\/\/conversesacatalunya.cat\/es\/la-sequera-a-catalunya-els-interrogants-que-tot-ciutada-ha-daconseguir-aclarir\/","url":"https:\/\/conversesacatalunya.cat\/es\/la-sequera-a-catalunya-els-interrogants-que-tot-ciutada-ha-daconseguir-aclarir\/","name":"La sequ\u00eda en Catalu\u00f1a, los interrogantes que todo ciudadano debe conseguir despejar - Converses a Catalunya","isPartOf":{"@id":"https:\/\/conversesacatalunya.cat\/#website"},"primaryImageOfPage":{"@id":"https:\/\/conversesacatalunya.cat\/es\/la-sequera-a-catalunya-els-interrogants-que-tot-ciutada-ha-daconseguir-aclarir\/#primaryimage"},"image":{"@id":"https:\/\/conversesacatalunya.cat\/es\/la-sequera-a-catalunya-els-interrogants-que-tot-ciutada-ha-daconseguir-aclarir\/#primaryimage"},"thumbnailUrl":"https:\/\/conversesacatalunya.cat\/wp-content\/uploads\/2024\/03\/LA-SEQUERA-A-CATALUNYA.-1.png","datePublished":"2024-03-12T11:52:19+00:00","dateModified":"2024-03-15T09:39:15+00:00","author":{"@id":"https:\/\/conversesacatalunya.cat\/#\/schema\/person\/a9598a6786ba7d3d1c5e0de477b79370"},"description":"En el Ebro a su paso por Zaragoza pasan 1.500 m\u00b3\/s., mientras que en el \u00e1rea metropolitana de Barcelona ser\u00edan suficientes para superar los problemas 2 m\u00b3\/s","breadcrumb":{"@id":"https:\/\/conversesacatalunya.cat\/es\/la-sequera-a-catalunya-els-interrogants-que-tot-ciutada-ha-daconseguir-aclarir\/#breadcrumb"},"inLanguage":"es","potentialAction":[{"@type":"ReadAction","target":["https:\/\/conversesacatalunya.cat\/es\/la-sequera-a-catalunya-els-interrogants-que-tot-ciutada-ha-daconseguir-aclarir\/"]}]},{"@type":"ImageObject","inLanguage":"es","@id":"https:\/\/conversesacatalunya.cat\/es\/la-sequera-a-catalunya-els-interrogants-que-tot-ciutada-ha-daconseguir-aclarir\/#primaryimage","url":"https:\/\/conversesacatalunya.cat\/wp-content\/uploads\/2024\/03\/LA-SEQUERA-A-CATALUNYA.-1.png","contentUrl":"https:\/\/conversesacatalunya.cat\/wp-content\/uploads\/2024\/03\/LA-SEQUERA-A-CATALUNYA.-1.png","width":2000,"height":1600},{"@type":"BreadcrumbList","@id":"https:\/\/conversesacatalunya.cat\/es\/la-sequera-a-catalunya-els-interrogants-que-tot-ciutada-ha-daconseguir-aclarir\/#breadcrumb","itemListElement":[{"@type":"ListItem","position":1,"name":"Inici","item":"https:\/\/conversesacatalunya.cat\/es\/"},{"@type":"ListItem","position":2,"name":"La sequ\u00eda en Catalu\u00f1a, los interrogantes que todo ciudadano debe conseguir despejar"}]},{"@type":"WebSite","@id":"https:\/\/conversesacatalunya.cat\/#website","url":"https:\/\/conversesacatalunya.cat\/","name":"Converses a Catalunya","description":"","potentialAction":[{"@type":"SearchAction","target":{"@type":"EntryPoint","urlTemplate":"https:\/\/conversesacatalunya.cat\/?s={search_term_string}"},"query-input":{"@type":"PropertyValueSpecification","valueRequired":true,"valueName":"search_term_string"}}],"inLanguage":"es"},{"@type":"Person","@id":"https:\/\/conversesacatalunya.cat\/#\/schema\/person\/a9598a6786ba7d3d1c5e0de477b79370","name":"Josep Mir\u00f3 i Ard\u00e8vol","image":{"@type":"ImageObject","inLanguage":"es","@id":"https:\/\/conversesacatalunya.cat\/#\/schema\/person\/image\/","url":"https:\/\/conversesacatalunya.cat\/wp-content\/litespeed\/avatar\/c37e3dc881857483d6694cdf98fdedea.jpg?ver=1777270381","contentUrl":"https:\/\/conversesacatalunya.cat\/wp-content\/litespeed\/avatar\/c37e3dc881857483d6694cdf98fdedea.jpg?ver=1777270381","caption":"Josep Mir\u00f3 i Ard\u00e8vol"},"url":"https:\/\/conversesacatalunya.cat\/es\/author\/josep-miro-i-ardevol\/"}]}},"wps_subtitle":"En el Ebro a su paso por Zaragoza pasan 1.500 m\u00b3\/s., mientras que en el \u00e1rea metropolitana de Barcelona ser\u00edan suficientes para superar los problemas 2 m\u00b3\/s","_links":{"self":[{"href":"https:\/\/conversesacatalunya.cat\/es\/wp-json\/wp\/v2\/posts\/75828","targetHints":{"allow":["GET"]}}],"collection":[{"href":"https:\/\/conversesacatalunya.cat\/es\/wp-json\/wp\/v2\/posts"}],"about":[{"href":"https:\/\/conversesacatalunya.cat\/es\/wp-json\/wp\/v2\/types\/post"}],"author":[{"embeddable":true,"href":"https:\/\/conversesacatalunya.cat\/es\/wp-json\/wp\/v2\/users\/19"}],"replies":[{"embeddable":true,"href":"https:\/\/conversesacatalunya.cat\/es\/wp-json\/wp\/v2\/comments?post=75828"}],"version-history":[{"count":8,"href":"https:\/\/conversesacatalunya.cat\/es\/wp-json\/wp\/v2\/posts\/75828\/revisions"}],"predecessor-version":[{"id":75980,"href":"https:\/\/conversesacatalunya.cat\/es\/wp-json\/wp\/v2\/posts\/75828\/revisions\/75980"}],"wp:featuredmedia":[{"embeddable":true,"href":"https:\/\/conversesacatalunya.cat\/es\/wp-json\/wp\/v2\/media\/75811"}],"wp:attachment":[{"href":"https:\/\/conversesacatalunya.cat\/es\/wp-json\/wp\/v2\/media?parent=75828"}],"wp:term":[{"taxonomy":"category","embeddable":true,"href":"https:\/\/conversesacatalunya.cat\/es\/wp-json\/wp\/v2\/categories?post=75828"},{"taxonomy":"post_tag","embeddable":true,"href":"https:\/\/conversesacatalunya.cat\/es\/wp-json\/wp\/v2\/tags?post=75828"}],"curies":[{"name":"wp","href":"https:\/\/api.w.org\/{rel}","templated":true}]}}