{"id":75794,"date":"2024-03-11T11:53:24","date_gmt":"2024-03-11T10:53:24","guid":{"rendered":"https:\/\/conversesacatalunya.cat\/els-10-fets-clau-que-emmarquen-la-setmana\/"},"modified":"2024-03-15T10:23:45","modified_gmt":"2024-03-15T09:23:45","slug":"los-10-hechos-clave-que-enmarcan-la-semana","status":"publish","type":"post","link":"https:\/\/conversesacatalunya.cat\/es\/los-10-hechos-clave-que-enmarcan-la-semana\/","title":{"rendered":"Los 10 hechos clave que enmarcan la semana"},"content":{"rendered":"<p>En los \u00faltimos d\u00edas, se han producido un conjunto de eventos de los que destacamos 10 porque enmarcan y definen consecuencias para el presente y futuro inmediato:<\/p>\n<ol>\n<li><strong>El Papa ha pedido el \u00abcese cuando antes de las hostilidades\u00bb que causan \u00abinmensos sufrimientos\u00bb<\/strong>. En su mensaje, Francisco ha introducido una consideraci\u00f3n animando a negociar con urgencia y dejando entender una evidencia que lo pol\u00edticamente correcto no quiere escuchar: que Ucrania est\u00e1 perdiendo la guerra o, en todo caso, no puede ganarla. Esta declaraci\u00f3n contrasta fuertemente con las llamadas europeas al rearme y a la intervenci\u00f3n militar.<\/li>\n<li><strong>Franja de Gaza.\u00a0<\/strong>Contin\u00faa la devastaci\u00f3n y ha tenido que ser una iniciativa privada, la de las ONG Open Arms y World Central Kitchen, la organizaci\u00f3n del chef Jos\u00e9 Andr\u00e9s, para llevar alimentos v\u00eda mar\u00edtima desde Chipre a Gaza, la que finalmente ha asumido una respuesta a la grave crisis alimentaria que sufre ese territorio. EE.UU. y Europa han dicho que la apoyar\u00e1n, pero la pregunta es de qu\u00e9 sirven estos gobiernos si deben esperar a que sea una limitada iniciativa privada la que lleve a cabo la acci\u00f3n. Por otra parte, Naciones Unidas se ha desmarcado de este corredor mar\u00edtimo al considerar que nada puede sustituir el env\u00edo por tierra de suministros a gran escala.<\/li>\n<li><strong>En Irlanda<\/strong>, el gobierno y la mayor\u00eda de los partidos junto a los grandes medios de comunicaci\u00f3n han perdido clamorosamente un\u00a0<strong>refer\u00e9ndum por la reforma de la Constituci\u00f3n,<\/strong> que consideraban ganado y que ten\u00eda como finalidad sustituir del texto constitucional la referencia al matrimonio y a la mujer. La opini\u00f3n ha sido contraria de forma arrolladora con m\u00e1s del 60% de los votos y un \u00e9xito en 38 de los 39 contados en los que se divide el pa\u00eds. La baja participaci\u00f3n, 44%, se\u00f1ala como a un grueso importante de poblaci\u00f3n el cambio constitucional le era absolutamente indiferente y que solo una minor\u00eda en torno al gobierno y los grandes partidos quer\u00eda introducirla.<\/li>\n<li><strong>La estrategia de Macron para no perder las elecciones europeas en Francia<\/strong>. Por el momento, el Reagrupamiento Nacional de Le Pen le lleva 10 puntos porcentuales de ventaja. Para acortar la diferencia, Macron utiliza dos temas especialmente conflictivos. La guerra de Ucrania y el llamamiento a enviar soldados europeos si es necesario, y el aborto primero en la Constituci\u00f3n francesa y ahora ya proponi\u00e9ndolo como derecho fundamental europeo. Los resultados en Francia tendr\u00e1n una repercusi\u00f3n que va m\u00e1s all\u00e1 de lo local.<\/li>\n<li><strong>Alemania ha dado dos pasos muy significativos<\/strong>.\u00a0Estudiar el regreso del servicio militar obligatorio y hace un llamamiento al gobierno a aumentar la producci\u00f3n de armamento. Esta posici\u00f3n en otros tiempos estar\u00eda vista con reticencia por el recuerdo hist\u00f3rico que tiene para Europa una Alemania fuertemente armada.\u00a0Sin embargo, ahora es vista como una necesidad.\u00a0La duda es si no estamos incurriendo en errores del pasado.<\/li>\n<li><strong>El socialismo pierde las elecciones en Portugal<\/strong>\u00a0pese a que hace menos de 3 a\u00f1os gan\u00f3 con la mayor\u00eda absoluta.\u00a0La derecha ha ganado con un escaso margen de diputados, y la gran victoria la ha obtenido la derecha radical Chega que m\u00e1s que ha doblado los esca\u00f1os de los que dispon\u00eda. Cada vez m\u00e1s, S\u00e1nchez se encuentra aislado en el contexto europeo.<\/li>\n<li><strong>La amnist\u00eda es vista por el gobierno socialista como la soluci\u00f3n taumat\u00fargica<\/strong>\u00a0a sus problemas electorales y de corrupci\u00f3n.\u00a0La cuesti\u00f3n es que la aprobaci\u00f3n de la ley\u00a0<a href=\"https:\/\/conversesacatalunya.cat\/es\/8-puntos-clave-donde-puede-naufragar-la-amnistia\/\" target=\"_blank\" rel=\"noopener\">no garantiza sus resultados<\/a>.<\/li>\n<li><strong>La situaci\u00f3n pol\u00edtica espa\u00f1ola<\/strong> est\u00e1 enmarcada por la polarizaci\u00f3n radical, los casos de corrupci\u00f3n, la derrota gallega y la amnist\u00eda.\u00a0Tiene como asignatura inmediata el presupuesto, que pondr\u00e1 a prueba una vez m\u00e1s la estabilidad del Gobierno S\u00e1nchez.\u00a0Pero, en esta ocasi\u00f3n, tambi\u00e9n la credibilidad est\u00e1 cada vez m\u00e1s mermada, de ERC y Junts, dado que si no aprovecha esta circunstancia para conseguir un cambio en la financiaci\u00f3n sustancial, parecer\u00e1 para muchos electores que, incluso cuando se puede, no se quieren conseguir mejoras por no poner en riesgo al gobierno espa\u00f1ol. Ser\u00eda la confirmaci\u00f3n de la supeditaci\u00f3n de la pol\u00edtica catalana a los intereses de la espa\u00f1ola.\u00a0En el horizonte, las elecciones vascas y europeas acabar\u00e1n de se\u00f1alar cu\u00e1nta vida le queda a S\u00e1nchez.<\/li>\n<li>Econom\u00eda: la paradoja espa\u00f1ola.\u00a0<strong>Mucho dinero de fondos europeos ha sido concedido<\/strong>.\u00a0Casi 50.000 millones al cierre del 2023 y seg\u00fan el gobierno se habr\u00edan ejecutado unos 35.000 millones.\u00a0Pero pese a este hecho, la inversi\u00f3n en t\u00e9rminos de formaci\u00f3n bruta de capital retrocedi\u00f3 un 0,5% el pasado a\u00f1o.\u00a0En bienes de equipo la ca\u00edda fue del 9%, por debajo de los niveles prepandemia, y la construcci\u00f3n un 4,5%, cuando las previsiones gubernamentales eran esperar un crecimiento cercano al 9%. Explicar por qu\u00e9 habiendo tanto dinero de los fondos y despu\u00e9s de la ca\u00edda del a\u00f1o incubando, la inversi\u00f3n no remonta lo suficiente, no es f\u00e1cil. Asimismo, el empleo ha crecido y eso significa que la econom\u00eda sigue evolucionando por la v\u00eda de la baja productividad: m\u00e1s trabajadores, menos inversi\u00f3n de capital.<\/li>\n<li><strong>La situaci\u00f3n de Catalu\u00f1a se hace dif\u00edcilmente llevadera por la ineficacia y reducida representatividad del gobierno con solo 33 esca\u00f1os de 135<\/strong>. En realidad vive pol\u00edticamente de la respiraci\u00f3n asistida que le proporciona el partido socialista de Illa. Sin embargo, la consecuencia es negativa para el funcionamiento del pa\u00eds y de su econom\u00eda. Incluso cuando se trata de cuestiones concretas que dependen solo de la capacidad del gobierno Aragon\u00e8s, las decepciones son notables. V\u00e9ase, por ejemplo, losa migrados resultados de la comisi\u00f3n que deb\u00eda abordar la cat\u00e1strofe educativa que revel\u00f3 el \u00faltimo informe PISA.<\/li>\n<\/ol>\n<p>&nbsp;<\/p>\n<div id=\"polls-233\" class=\"wp-polls\">\n\t<form id=\"polls_form_233\" class=\"wp-polls-form\" action=\"\/index.php\" method=\"post\">\n\t\t<p style=\"display: none;\"><input type=\"hidden\" id=\"poll_233_nonce\" name=\"wp-polls-nonce\" value=\"9feccd9247\" \/><\/p>\n\t\t<p style=\"display: none;\"><input type=\"hidden\" name=\"poll_id\" value=\"233\" \/><\/p>\n\t\t<p style=\"text-align: center\"><strong>Creus que ens estan preparant (Macron, von der Leyen...) per a una guerra amb R\u00fassia amb motiu d'Ucra\u00efna?<\/strong><\/p><div id=\"polls-233-ans\" class=\"wp-polls-ans\"><ul class=\"wp-polls-ul\">\n\t\t<li><input type=\"radio\" id=\"poll-answer-648\" name=\"poll_233\" value=\"648\" \/> <label for=\"poll-answer-648\">S\u00ed<\/label><\/li>\n\t\t<li><input type=\"radio\" id=\"poll-answer-649\" name=\"poll_233\" value=\"649\" \/> <label for=\"poll-answer-649\">No<\/label><\/li>\n\t\t<li><input type=\"radio\" id=\"poll-answer-650\" name=\"poll_233\" value=\"650\" \/> <label for=\"poll-answer-650\">No ho s\u00e9<\/label><\/li>\n\t\t<\/ul><p style=\"text-align: center\"><input type=\"button\" name=\"vote\" value=\"   Vota   \" class=\"Buttons\" onclick=\"poll_vote(233);\" \/><\/p><p style=\"text-align: center\"><a href=\"#ViewPollResults\" onclick=\"poll_result(233); return false;\" title=\"View Results Of This Poll\">Mira els resultats<\/a><\/p><\/div>\n\t<\/form>\n<\/div>\n<div id=\"polls-233-loading\" class=\"wp-polls-loading\"><img decoding=\"async\" data-src=\"https:\/\/conversesacatalunya.cat\/wp-content\/plugins\/wp-polls\/images\/loading.gif\" width=\"16\" height=\"16\" alt=\"Cargando ...\" title=\"Cargando ...\" class=\"wp-polls-image lazyload\" src=\"data:image\/svg+xml;base64,PHN2ZyB3aWR0aD0iMSIgaGVpZ2h0PSIxIiB4bWxucz0iaHR0cDovL3d3dy53My5vcmcvMjAwMC9zdmciPjwvc3ZnPg==\" style=\"--smush-placeholder-width: 16px; --smush-placeholder-aspect-ratio: 16\/16;\" \/>&nbsp;Cargando ...<\/div>\n\n","protected":false},"excerpt":{"rendered":"<p>En los \u00faltimos d\u00edas, se han producido un conjunto de eventos de los que destacamos 10 porque enmarcan y definen consecuencias para el presente y futuro inmediato: El Papa ha pedido el \u00abcese cuando antes de las hostilidades\u00bb que causan \u00abinmensos sufrimientos\u00bb. En su mensaje, Francisco ha introducido una consideraci\u00f3n animando a negociar con urgencia y dejando entender una evidencia que lo pol\u00edticamente correcto no quiere escuchar: que Ucrania est\u00e1 perdiendo la guerra o, en todo caso, no puede ganarla. Esta declaraci\u00f3n contrasta fuertemente con las llamadas europeas al rearme y a la intervenci\u00f3n militar. Franja de Gaza.\u00a0Contin\u00faa la devastaci\u00f3n y ha tenido que ser una iniciativa privada, la de las ONG Open Arms y World Central Kitchen, la organizaci\u00f3n del chef Jos\u00e9 Andr\u00e9s, para llevar alimentos v\u00eda mar\u00edtima desde Chipre a Gaza, la que finalmente ha asumido una respuesta a la grave crisis alimentaria que sufre ese territorio. EE.UU. y Europa han dicho que la apoyar\u00e1n, pero la pregunta es de qu\u00e9 sirven estos gobiernos si deben esperar a que sea una limitada iniciativa privada la que lleve a cabo la acci\u00f3n. Por otra parte, Naciones Unidas se ha desmarcado de este corredor mar\u00edtimo al considerar que nada puede sustituir el env\u00edo por tierra de suministros a gran escala. En Irlanda, el gobierno y la mayor\u00eda de los partidos junto a los grandes medios de comunicaci\u00f3n han perdido clamorosamente un\u00a0refer\u00e9ndum por la reforma de la Constituci\u00f3n, que consideraban ganado y que ten\u00eda como finalidad sustituir del texto constitucional la referencia al matrimonio y a la mujer. La opini\u00f3n ha sido contraria de forma arrolladora con m\u00e1s del 60% de los votos y un \u00e9xito en 38 de los 39 contados en los que se divide el pa\u00eds. La baja participaci\u00f3n, 44%, se\u00f1ala como a un grueso importante de poblaci\u00f3n el cambio constitucional le era absolutamente indiferente y que solo una minor\u00eda en torno al gobierno y los grandes partidos quer\u00eda introducirla. La estrategia de Macron para no perder las elecciones europeas en Francia. Por el momento, el Reagrupamiento Nacional de Le Pen le lleva 10 puntos porcentuales de ventaja. Para acortar la diferencia, Macron utiliza dos temas especialmente conflictivos. La guerra de Ucrania y el llamamiento a enviar soldados europeos si es necesario, y el aborto primero en la Constituci\u00f3n francesa y ahora ya proponi\u00e9ndolo como derecho fundamental europeo. Los resultados en Francia tendr\u00e1n una repercusi\u00f3n que va m\u00e1s all\u00e1 de lo local. Alemania ha dado dos pasos muy significativos.\u00a0Estudiar el regreso del servicio militar obligatorio y hace un llamamiento al gobierno a aumentar la producci\u00f3n de armamento. Esta posici\u00f3n en otros tiempos estar\u00eda vista con reticencia por el recuerdo hist\u00f3rico que tiene para Europa una Alemania fuertemente armada.\u00a0Sin embargo, ahora es vista como una necesidad.\u00a0La duda es si no estamos incurriendo en errores del pasado. El socialismo pierde las elecciones en Portugal\u00a0pese a que hace menos de 3 a\u00f1os gan\u00f3 con la mayor\u00eda absoluta.\u00a0La derecha ha ganado con un escaso margen de diputados, y la gran victoria la ha obtenido la derecha radical Chega que m\u00e1s que ha doblado los esca\u00f1os de los que dispon\u00eda. Cada vez m\u00e1s, S\u00e1nchez se encuentra aislado en el contexto europeo. La amnist\u00eda es vista por el gobierno socialista como la soluci\u00f3n taumat\u00fargica\u00a0a sus problemas electorales y de corrupci\u00f3n.\u00a0La cuesti\u00f3n es que la aprobaci\u00f3n de la ley\u00a0no garantiza sus resultados. La situaci\u00f3n pol\u00edtica espa\u00f1ola est\u00e1 enmarcada por la polarizaci\u00f3n radical, los casos de corrupci\u00f3n, la derrota gallega y la amnist\u00eda.\u00a0Tiene como asignatura inmediata el presupuesto, que pondr\u00e1 a prueba una vez m\u00e1s la estabilidad del Gobierno S\u00e1nchez.\u00a0Pero, en esta ocasi\u00f3n, tambi\u00e9n la credibilidad est\u00e1 cada vez m\u00e1s mermada, de ERC y Junts, dado que si no aprovecha esta circunstancia para conseguir un cambio en la financiaci\u00f3n sustancial, parecer\u00e1 para muchos electores que, incluso cuando se puede, no se quieren conseguir mejoras por no poner en riesgo al gobierno espa\u00f1ol. Ser\u00eda la confirmaci\u00f3n de la supeditaci\u00f3n de la pol\u00edtica catalana a los intereses de la espa\u00f1ola.\u00a0En el horizonte, las elecciones vascas y europeas acabar\u00e1n de se\u00f1alar cu\u00e1nta vida le queda a S\u00e1nchez. Econom\u00eda: la paradoja espa\u00f1ola.\u00a0Mucho dinero de fondos europeos ha sido concedido.\u00a0Casi 50.000 millones al cierre del 2023 y seg\u00fan el gobierno se habr\u00edan ejecutado unos 35.000 millones.\u00a0Pero pese a este hecho, la inversi\u00f3n en t\u00e9rminos de formaci\u00f3n bruta de capital retrocedi\u00f3 un 0,5% el pasado a\u00f1o.\u00a0En bienes de equipo la ca\u00edda fue del 9%, por debajo de los niveles prepandemia, y la construcci\u00f3n un 4,5%, cuando las previsiones gubernamentales eran esperar un crecimiento cercano al 9%. Explicar por qu\u00e9 habiendo tanto dinero de los fondos y despu\u00e9s de la ca\u00edda del a\u00f1o incubando, la inversi\u00f3n no remonta lo suficiente, no es f\u00e1cil. Asimismo, el empleo ha crecido y eso significa que la econom\u00eda sigue evolucionando por la v\u00eda de la baja productividad: m\u00e1s trabajadores, menos inversi\u00f3n de capital. La situaci\u00f3n de Catalu\u00f1a se hace dif\u00edcilmente llevadera por la ineficacia y reducida representatividad del gobierno con solo 33 esca\u00f1os de 135. En realidad vive pol\u00edticamente de la respiraci\u00f3n asistida que le proporciona el partido socialista de Illa. Sin embargo, la consecuencia es negativa para el funcionamiento del pa\u00eds y de su econom\u00eda. Incluso cuando se trata de cuestiones concretas que dependen solo de la capacidad del gobierno Aragon\u00e8s, las decepciones son notables. V\u00e9ase, por ejemplo, losa migrados resultados de la comisi\u00f3n que deb\u00eda abordar la cat\u00e1strofe educativa que revel\u00f3 el \u00faltimo informe PISA. &nbsp;<\/p>\n","protected":false},"author":77,"featured_media":75777,"comment_status":"open","ping_status":"open","sticky":false,"template":"","format":"standard","meta":{"_FSMCFIC_featured_image_caption":"","_FSMCFIC_featured_image_nocaption":"","_FSMCFIC_featured_image_hide":"","footnotes":""},"categories":[806],"tags":[],"class_list":["post-75794","post","type-post","status-publish","format-standard","has-post-thumbnail","hentry","category-punts-claus-del-dia-es"],"yoast_head":"<!-- This site is optimized with the Yoast SEO plugin v26.8 - https:\/\/yoast.com\/product\/yoast-seo-wordpress\/ -->\n<title>Los 10 hechos clave que enmarcan la semana - Converses a Catalunya<\/title>\n<meta name=\"robots\" content=\"index, follow, max-snippet:-1, max-image-preview:large, max-video-preview:-1\" \/>\n<link rel=\"canonical\" href=\"https:\/\/conversesacatalunya.cat\/es\/los-10-hechos-clave-que-enmarcan-la-semana\/\" \/>\n<meta property=\"og:locale\" content=\"es_ES\" \/>\n<meta property=\"og:type\" content=\"article\" \/>\n<meta property=\"og:title\" content=\"Los 10 hechos clave que enmarcan la semana - Converses a Catalunya\" \/>\n<meta property=\"og:description\" content=\"En los \u00faltimos d\u00edas, se han producido un conjunto de eventos de los que destacamos 10 porque enmarcan y definen consecuencias para el presente y futuro inmediato: El Papa ha pedido el \u00abcese cuando antes de las hostilidades\u00bb que causan \u00abinmensos sufrimientos\u00bb. En su mensaje, Francisco ha introducido una consideraci\u00f3n animando a negociar con urgencia y dejando entender una evidencia que lo pol\u00edticamente correcto no quiere escuchar: que Ucrania est\u00e1 perdiendo la guerra o, en todo caso, no puede ganarla. Esta declaraci\u00f3n contrasta fuertemente con las llamadas europeas al rearme y a la intervenci\u00f3n militar. Franja de Gaza.\u00a0Contin\u00faa la devastaci\u00f3n y ha tenido que ser una iniciativa privada, la de las ONG Open Arms y World Central Kitchen, la organizaci\u00f3n del chef Jos\u00e9 Andr\u00e9s, para llevar alimentos v\u00eda mar\u00edtima desde Chipre a Gaza, la que finalmente ha asumido una respuesta a la grave crisis alimentaria que sufre ese territorio. EE.UU. y Europa han dicho que la apoyar\u00e1n, pero la pregunta es de qu\u00e9 sirven estos gobiernos si deben esperar a que sea una limitada iniciativa privada la que lleve a cabo la acci\u00f3n. Por otra parte, Naciones Unidas se ha desmarcado de este corredor mar\u00edtimo al considerar que nada puede sustituir el env\u00edo por tierra de suministros a gran escala. En Irlanda, el gobierno y la mayor\u00eda de los partidos junto a los grandes medios de comunicaci\u00f3n han perdido clamorosamente un\u00a0refer\u00e9ndum por la reforma de la Constituci\u00f3n, que consideraban ganado y que ten\u00eda como finalidad sustituir del texto constitucional la referencia al matrimonio y a la mujer. La opini\u00f3n ha sido contraria de forma arrolladora con m\u00e1s del 60% de los votos y un \u00e9xito en 38 de los 39 contados en los que se divide el pa\u00eds. La baja participaci\u00f3n, 44%, se\u00f1ala como a un grueso importante de poblaci\u00f3n el cambio constitucional le era absolutamente indiferente y que solo una minor\u00eda en torno al gobierno y los grandes partidos quer\u00eda introducirla. La estrategia de Macron para no perder las elecciones europeas en Francia. Por el momento, el Reagrupamiento Nacional de Le Pen le lleva 10 puntos porcentuales de ventaja. Para acortar la diferencia, Macron utiliza dos temas especialmente conflictivos. La guerra de Ucrania y el llamamiento a enviar soldados europeos si es necesario, y el aborto primero en la Constituci\u00f3n francesa y ahora ya proponi\u00e9ndolo como derecho fundamental europeo. Los resultados en Francia tendr\u00e1n una repercusi\u00f3n que va m\u00e1s all\u00e1 de lo local. Alemania ha dado dos pasos muy significativos.\u00a0Estudiar el regreso del servicio militar obligatorio y hace un llamamiento al gobierno a aumentar la producci\u00f3n de armamento. Esta posici\u00f3n en otros tiempos estar\u00eda vista con reticencia por el recuerdo hist\u00f3rico que tiene para Europa una Alemania fuertemente armada.\u00a0Sin embargo, ahora es vista como una necesidad.\u00a0La duda es si no estamos incurriendo en errores del pasado. El socialismo pierde las elecciones en Portugal\u00a0pese a que hace menos de 3 a\u00f1os gan\u00f3 con la mayor\u00eda absoluta.\u00a0La derecha ha ganado con un escaso margen de diputados, y la gran victoria la ha obtenido la derecha radical Chega que m\u00e1s que ha doblado los esca\u00f1os de los que dispon\u00eda. Cada vez m\u00e1s, S\u00e1nchez se encuentra aislado en el contexto europeo. La amnist\u00eda es vista por el gobierno socialista como la soluci\u00f3n taumat\u00fargica\u00a0a sus problemas electorales y de corrupci\u00f3n.\u00a0La cuesti\u00f3n es que la aprobaci\u00f3n de la ley\u00a0no garantiza sus resultados. La situaci\u00f3n pol\u00edtica espa\u00f1ola est\u00e1 enmarcada por la polarizaci\u00f3n radical, los casos de corrupci\u00f3n, la derrota gallega y la amnist\u00eda.\u00a0Tiene como asignatura inmediata el presupuesto, que pondr\u00e1 a prueba una vez m\u00e1s la estabilidad del Gobierno S\u00e1nchez.\u00a0Pero, en esta ocasi\u00f3n, tambi\u00e9n la credibilidad est\u00e1 cada vez m\u00e1s mermada, de ERC y Junts, dado que si no aprovecha esta circunstancia para conseguir un cambio en la financiaci\u00f3n sustancial, parecer\u00e1 para muchos electores que, incluso cuando se puede, no se quieren conseguir mejoras por no poner en riesgo al gobierno espa\u00f1ol. Ser\u00eda la confirmaci\u00f3n de la supeditaci\u00f3n de la pol\u00edtica catalana a los intereses de la espa\u00f1ola.\u00a0En el horizonte, las elecciones vascas y europeas acabar\u00e1n de se\u00f1alar cu\u00e1nta vida le queda a S\u00e1nchez. Econom\u00eda: la paradoja espa\u00f1ola.\u00a0Mucho dinero de fondos europeos ha sido concedido.\u00a0Casi 50.000 millones al cierre del 2023 y seg\u00fan el gobierno se habr\u00edan ejecutado unos 35.000 millones.\u00a0Pero pese a este hecho, la inversi\u00f3n en t\u00e9rminos de formaci\u00f3n bruta de capital retrocedi\u00f3 un 0,5% el pasado a\u00f1o.\u00a0En bienes de equipo la ca\u00edda fue del 9%, por debajo de los niveles prepandemia, y la construcci\u00f3n un 4,5%, cuando las previsiones gubernamentales eran esperar un crecimiento cercano al 9%. Explicar por qu\u00e9 habiendo tanto dinero de los fondos y despu\u00e9s de la ca\u00edda del a\u00f1o incubando, la inversi\u00f3n no remonta lo suficiente, no es f\u00e1cil. Asimismo, el empleo ha crecido y eso significa que la econom\u00eda sigue evolucionando por la v\u00eda de la baja productividad: m\u00e1s trabajadores, menos inversi\u00f3n de capital. La situaci\u00f3n de Catalu\u00f1a se hace dif\u00edcilmente llevadera por la ineficacia y reducida representatividad del gobierno con solo 33 esca\u00f1os de 135. En realidad vive pol\u00edticamente de la respiraci\u00f3n asistida que le proporciona el partido socialista de Illa. Sin embargo, la consecuencia es negativa para el funcionamiento del pa\u00eds y de su econom\u00eda. Incluso cuando se trata de cuestiones concretas que dependen solo de la capacidad del gobierno Aragon\u00e8s, las decepciones son notables. V\u00e9ase, por ejemplo, losa migrados resultados de la comisi\u00f3n que deb\u00eda abordar la cat\u00e1strofe educativa que revel\u00f3 el \u00faltimo informe PISA. &nbsp;\" \/>\n<meta property=\"og:url\" content=\"https:\/\/conversesacatalunya.cat\/es\/los-10-hechos-clave-que-enmarcan-la-semana\/\" \/>\n<meta property=\"og:site_name\" content=\"Converses a Catalunya\" \/>\n<meta property=\"article:published_time\" content=\"2024-03-11T10:53:24+00:00\" \/>\n<meta property=\"article:modified_time\" content=\"2024-03-15T09:23:45+00:00\" \/>\n<meta property=\"og:image\" content=\"https:\/\/conversesacatalunya.cat\/wp-content\/uploads\/2024\/03\/portugal.jpg\" \/>\n\t<meta property=\"og:image:width\" content=\"1200\" \/>\n\t<meta property=\"og:image:height\" content=\"675\" \/>\n\t<meta property=\"og:image:type\" content=\"image\/jpeg\" \/>\n<meta name=\"author\" content=\"Enric Casanovas\" \/>\n<meta name=\"twitter:card\" content=\"summary_large_image\" \/>\n<meta name=\"twitter:label1\" content=\"Escrito por\" \/>\n\t<meta name=\"twitter:data1\" content=\"Enric Casanovas\" \/>\n\t<meta name=\"twitter:label2\" content=\"Tiempo de lectura\" \/>\n\t<meta name=\"twitter:data2\" content=\"5 minutos\" \/>\n<script type=\"application\/ld+json\" class=\"yoast-schema-graph\">{\"@context\":\"https:\/\/schema.org\",\"@graph\":[{\"@type\":\"Article\",\"@id\":\"https:\/\/conversesacatalunya.cat\/es\/los-10-hechos-clave-que-enmarcan-la-semana\/#article\",\"isPartOf\":{\"@id\":\"https:\/\/conversesacatalunya.cat\/es\/los-10-hechos-clave-que-enmarcan-la-semana\/\"},\"author\":{\"name\":\"Enric Casanovas\",\"@id\":\"https:\/\/conversesacatalunya.cat\/#\/schema\/person\/79bd0577b2f3afc8d6519d207c6e8609\"},\"headline\":\"Los 10 hechos clave que enmarcan la semana\",\"datePublished\":\"2024-03-11T10:53:24+00:00\",\"dateModified\":\"2024-03-15T09:23:45+00:00\",\"mainEntityOfPage\":{\"@id\":\"https:\/\/conversesacatalunya.cat\/es\/los-10-hechos-clave-que-enmarcan-la-semana\/\"},\"wordCount\":1016,\"commentCount\":0,\"image\":{\"@id\":\"https:\/\/conversesacatalunya.cat\/es\/los-10-hechos-clave-que-enmarcan-la-semana\/#primaryimage\"},\"thumbnailUrl\":\"https:\/\/conversesacatalunya.cat\/wp-content\/uploads\/2024\/03\/portugal.jpg\",\"articleSection\":[\"Punts clau del dia (ES)\"],\"inLanguage\":\"es\",\"potentialAction\":[{\"@type\":\"CommentAction\",\"name\":\"Comment\",\"target\":[\"https:\/\/conversesacatalunya.cat\/es\/los-10-hechos-clave-que-enmarcan-la-semana\/#respond\"]}]},{\"@type\":\"WebPage\",\"@id\":\"https:\/\/conversesacatalunya.cat\/es\/los-10-hechos-clave-que-enmarcan-la-semana\/\",\"url\":\"https:\/\/conversesacatalunya.cat\/es\/los-10-hechos-clave-que-enmarcan-la-semana\/\",\"name\":\"Los 10 hechos clave que enmarcan la semana - Converses a Catalunya\",\"isPartOf\":{\"@id\":\"https:\/\/conversesacatalunya.cat\/#website\"},\"primaryImageOfPage\":{\"@id\":\"https:\/\/conversesacatalunya.cat\/es\/los-10-hechos-clave-que-enmarcan-la-semana\/#primaryimage\"},\"image\":{\"@id\":\"https:\/\/conversesacatalunya.cat\/es\/los-10-hechos-clave-que-enmarcan-la-semana\/#primaryimage\"},\"thumbnailUrl\":\"https:\/\/conversesacatalunya.cat\/wp-content\/uploads\/2024\/03\/portugal.jpg\",\"datePublished\":\"2024-03-11T10:53:24+00:00\",\"dateModified\":\"2024-03-15T09:23:45+00:00\",\"author\":{\"@id\":\"https:\/\/conversesacatalunya.cat\/#\/schema\/person\/79bd0577b2f3afc8d6519d207c6e8609\"},\"breadcrumb\":{\"@id\":\"https:\/\/conversesacatalunya.cat\/es\/los-10-hechos-clave-que-enmarcan-la-semana\/#breadcrumb\"},\"inLanguage\":\"es\",\"potentialAction\":[{\"@type\":\"ReadAction\",\"target\":[\"https:\/\/conversesacatalunya.cat\/es\/los-10-hechos-clave-que-enmarcan-la-semana\/\"]}]},{\"@type\":\"ImageObject\",\"inLanguage\":\"es\",\"@id\":\"https:\/\/conversesacatalunya.cat\/es\/los-10-hechos-clave-que-enmarcan-la-semana\/#primaryimage\",\"url\":\"https:\/\/conversesacatalunya.cat\/wp-content\/uploads\/2024\/03\/portugal.jpg\",\"contentUrl\":\"https:\/\/conversesacatalunya.cat\/wp-content\/uploads\/2024\/03\/portugal.jpg\",\"width\":1200,\"height\":675},{\"@type\":\"BreadcrumbList\",\"@id\":\"https:\/\/conversesacatalunya.cat\/es\/los-10-hechos-clave-que-enmarcan-la-semana\/#breadcrumb\",\"itemListElement\":[{\"@type\":\"ListItem\",\"position\":1,\"name\":\"Inici\",\"item\":\"https:\/\/conversesacatalunya.cat\/es\/\"},{\"@type\":\"ListItem\",\"position\":2,\"name\":\"Los 10 hechos clave que enmarcan la semana\"}]},{\"@type\":\"WebSite\",\"@id\":\"https:\/\/conversesacatalunya.cat\/#website\",\"url\":\"https:\/\/conversesacatalunya.cat\/\",\"name\":\"Converses a Catalunya\",\"description\":\"\",\"potentialAction\":[{\"@type\":\"SearchAction\",\"target\":{\"@type\":\"EntryPoint\",\"urlTemplate\":\"https:\/\/conversesacatalunya.cat\/?s={search_term_string}\"},\"query-input\":{\"@type\":\"PropertyValueSpecification\",\"valueRequired\":true,\"valueName\":\"search_term_string\"}}],\"inLanguage\":\"es\"},{\"@type\":\"Person\",\"@id\":\"https:\/\/conversesacatalunya.cat\/#\/schema\/person\/79bd0577b2f3afc8d6519d207c6e8609\",\"name\":\"Enric Casanovas\",\"image\":{\"@type\":\"ImageObject\",\"inLanguage\":\"es\",\"@id\":\"https:\/\/conversesacatalunya.cat\/#\/schema\/person\/image\/\",\"url\":\"https:\/\/conversesacatalunya.cat\/wp-content\/litespeed\/avatar\/7ae4379ad4421ec77820e92afd36dd78.jpg?ver=1777373933\",\"contentUrl\":\"https:\/\/conversesacatalunya.cat\/wp-content\/litespeed\/avatar\/7ae4379ad4421ec77820e92afd36dd78.jpg?ver=1777373933\",\"caption\":\"Enric Casanovas\"},\"url\":\"https:\/\/conversesacatalunya.cat\/es\/author\/enric-casanovas\/\"}]}<\/script>\n<!-- \/ Yoast SEO plugin. -->","yoast_head_json":{"title":"Los 10 hechos clave que enmarcan la semana - Converses a Catalunya","robots":{"index":"index","follow":"follow","max-snippet":"max-snippet:-1","max-image-preview":"max-image-preview:large","max-video-preview":"max-video-preview:-1"},"canonical":"https:\/\/conversesacatalunya.cat\/es\/los-10-hechos-clave-que-enmarcan-la-semana\/","og_locale":"es_ES","og_type":"article","og_title":"Los 10 hechos clave que enmarcan la semana - Converses a Catalunya","og_description":"En los \u00faltimos d\u00edas, se han producido un conjunto de eventos de los que destacamos 10 porque enmarcan y definen consecuencias para el presente y futuro inmediato: El Papa ha pedido el \u00abcese cuando antes de las hostilidades\u00bb que causan \u00abinmensos sufrimientos\u00bb. En su mensaje, Francisco ha introducido una consideraci\u00f3n animando a negociar con urgencia y dejando entender una evidencia que lo pol\u00edticamente correcto no quiere escuchar: que Ucrania est\u00e1 perdiendo la guerra o, en todo caso, no puede ganarla. Esta declaraci\u00f3n contrasta fuertemente con las llamadas europeas al rearme y a la intervenci\u00f3n militar. Franja de Gaza.\u00a0Contin\u00faa la devastaci\u00f3n y ha tenido que ser una iniciativa privada, la de las ONG Open Arms y World Central Kitchen, la organizaci\u00f3n del chef Jos\u00e9 Andr\u00e9s, para llevar alimentos v\u00eda mar\u00edtima desde Chipre a Gaza, la que finalmente ha asumido una respuesta a la grave crisis alimentaria que sufre ese territorio. EE.UU. y Europa han dicho que la apoyar\u00e1n, pero la pregunta es de qu\u00e9 sirven estos gobiernos si deben esperar a que sea una limitada iniciativa privada la que lleve a cabo la acci\u00f3n. Por otra parte, Naciones Unidas se ha desmarcado de este corredor mar\u00edtimo al considerar que nada puede sustituir el env\u00edo por tierra de suministros a gran escala. En Irlanda, el gobierno y la mayor\u00eda de los partidos junto a los grandes medios de comunicaci\u00f3n han perdido clamorosamente un\u00a0refer\u00e9ndum por la reforma de la Constituci\u00f3n, que consideraban ganado y que ten\u00eda como finalidad sustituir del texto constitucional la referencia al matrimonio y a la mujer. La opini\u00f3n ha sido contraria de forma arrolladora con m\u00e1s del 60% de los votos y un \u00e9xito en 38 de los 39 contados en los que se divide el pa\u00eds. La baja participaci\u00f3n, 44%, se\u00f1ala como a un grueso importante de poblaci\u00f3n el cambio constitucional le era absolutamente indiferente y que solo una minor\u00eda en torno al gobierno y los grandes partidos quer\u00eda introducirla. La estrategia de Macron para no perder las elecciones europeas en Francia. Por el momento, el Reagrupamiento Nacional de Le Pen le lleva 10 puntos porcentuales de ventaja. Para acortar la diferencia, Macron utiliza dos temas especialmente conflictivos. La guerra de Ucrania y el llamamiento a enviar soldados europeos si es necesario, y el aborto primero en la Constituci\u00f3n francesa y ahora ya proponi\u00e9ndolo como derecho fundamental europeo. Los resultados en Francia tendr\u00e1n una repercusi\u00f3n que va m\u00e1s all\u00e1 de lo local. Alemania ha dado dos pasos muy significativos.\u00a0Estudiar el regreso del servicio militar obligatorio y hace un llamamiento al gobierno a aumentar la producci\u00f3n de armamento. Esta posici\u00f3n en otros tiempos estar\u00eda vista con reticencia por el recuerdo hist\u00f3rico que tiene para Europa una Alemania fuertemente armada.\u00a0Sin embargo, ahora es vista como una necesidad.\u00a0La duda es si no estamos incurriendo en errores del pasado. El socialismo pierde las elecciones en Portugal\u00a0pese a que hace menos de 3 a\u00f1os gan\u00f3 con la mayor\u00eda absoluta.\u00a0La derecha ha ganado con un escaso margen de diputados, y la gran victoria la ha obtenido la derecha radical Chega que m\u00e1s que ha doblado los esca\u00f1os de los que dispon\u00eda. Cada vez m\u00e1s, S\u00e1nchez se encuentra aislado en el contexto europeo. La amnist\u00eda es vista por el gobierno socialista como la soluci\u00f3n taumat\u00fargica\u00a0a sus problemas electorales y de corrupci\u00f3n.\u00a0La cuesti\u00f3n es que la aprobaci\u00f3n de la ley\u00a0no garantiza sus resultados. La situaci\u00f3n pol\u00edtica espa\u00f1ola est\u00e1 enmarcada por la polarizaci\u00f3n radical, los casos de corrupci\u00f3n, la derrota gallega y la amnist\u00eda.\u00a0Tiene como asignatura inmediata el presupuesto, que pondr\u00e1 a prueba una vez m\u00e1s la estabilidad del Gobierno S\u00e1nchez.\u00a0Pero, en esta ocasi\u00f3n, tambi\u00e9n la credibilidad est\u00e1 cada vez m\u00e1s mermada, de ERC y Junts, dado que si no aprovecha esta circunstancia para conseguir un cambio en la financiaci\u00f3n sustancial, parecer\u00e1 para muchos electores que, incluso cuando se puede, no se quieren conseguir mejoras por no poner en riesgo al gobierno espa\u00f1ol. Ser\u00eda la confirmaci\u00f3n de la supeditaci\u00f3n de la pol\u00edtica catalana a los intereses de la espa\u00f1ola.\u00a0En el horizonte, las elecciones vascas y europeas acabar\u00e1n de se\u00f1alar cu\u00e1nta vida le queda a S\u00e1nchez. Econom\u00eda: la paradoja espa\u00f1ola.\u00a0Mucho dinero de fondos europeos ha sido concedido.\u00a0Casi 50.000 millones al cierre del 2023 y seg\u00fan el gobierno se habr\u00edan ejecutado unos 35.000 millones.\u00a0Pero pese a este hecho, la inversi\u00f3n en t\u00e9rminos de formaci\u00f3n bruta de capital retrocedi\u00f3 un 0,5% el pasado a\u00f1o.\u00a0En bienes de equipo la ca\u00edda fue del 9%, por debajo de los niveles prepandemia, y la construcci\u00f3n un 4,5%, cuando las previsiones gubernamentales eran esperar un crecimiento cercano al 9%. Explicar por qu\u00e9 habiendo tanto dinero de los fondos y despu\u00e9s de la ca\u00edda del a\u00f1o incubando, la inversi\u00f3n no remonta lo suficiente, no es f\u00e1cil. Asimismo, el empleo ha crecido y eso significa que la econom\u00eda sigue evolucionando por la v\u00eda de la baja productividad: m\u00e1s trabajadores, menos inversi\u00f3n de capital. La situaci\u00f3n de Catalu\u00f1a se hace dif\u00edcilmente llevadera por la ineficacia y reducida representatividad del gobierno con solo 33 esca\u00f1os de 135. En realidad vive pol\u00edticamente de la respiraci\u00f3n asistida que le proporciona el partido socialista de Illa. Sin embargo, la consecuencia es negativa para el funcionamiento del pa\u00eds y de su econom\u00eda. Incluso cuando se trata de cuestiones concretas que dependen solo de la capacidad del gobierno Aragon\u00e8s, las decepciones son notables. V\u00e9ase, por ejemplo, losa migrados resultados de la comisi\u00f3n que deb\u00eda abordar la cat\u00e1strofe educativa que revel\u00f3 el \u00faltimo informe PISA. &nbsp;","og_url":"https:\/\/conversesacatalunya.cat\/es\/los-10-hechos-clave-que-enmarcan-la-semana\/","og_site_name":"Converses a Catalunya","article_published_time":"2024-03-11T10:53:24+00:00","article_modified_time":"2024-03-15T09:23:45+00:00","og_image":[{"width":1200,"height":675,"url":"https:\/\/conversesacatalunya.cat\/wp-content\/uploads\/2024\/03\/portugal.jpg","type":"image\/jpeg"}],"author":"Enric Casanovas","twitter_card":"summary_large_image","twitter_misc":{"Escrito por":"Enric Casanovas","Tiempo de lectura":"5 minutos"},"schema":{"@context":"https:\/\/schema.org","@graph":[{"@type":"Article","@id":"https:\/\/conversesacatalunya.cat\/es\/los-10-hechos-clave-que-enmarcan-la-semana\/#article","isPartOf":{"@id":"https:\/\/conversesacatalunya.cat\/es\/los-10-hechos-clave-que-enmarcan-la-semana\/"},"author":{"name":"Enric Casanovas","@id":"https:\/\/conversesacatalunya.cat\/#\/schema\/person\/79bd0577b2f3afc8d6519d207c6e8609"},"headline":"Los 10 hechos clave que enmarcan la semana","datePublished":"2024-03-11T10:53:24+00:00","dateModified":"2024-03-15T09:23:45+00:00","mainEntityOfPage":{"@id":"https:\/\/conversesacatalunya.cat\/es\/los-10-hechos-clave-que-enmarcan-la-semana\/"},"wordCount":1016,"commentCount":0,"image":{"@id":"https:\/\/conversesacatalunya.cat\/es\/los-10-hechos-clave-que-enmarcan-la-semana\/#primaryimage"},"thumbnailUrl":"https:\/\/conversesacatalunya.cat\/wp-content\/uploads\/2024\/03\/portugal.jpg","articleSection":["Punts clau del dia (ES)"],"inLanguage":"es","potentialAction":[{"@type":"CommentAction","name":"Comment","target":["https:\/\/conversesacatalunya.cat\/es\/los-10-hechos-clave-que-enmarcan-la-semana\/#respond"]}]},{"@type":"WebPage","@id":"https:\/\/conversesacatalunya.cat\/es\/los-10-hechos-clave-que-enmarcan-la-semana\/","url":"https:\/\/conversesacatalunya.cat\/es\/los-10-hechos-clave-que-enmarcan-la-semana\/","name":"Los 10 hechos clave que enmarcan la semana - Converses a Catalunya","isPartOf":{"@id":"https:\/\/conversesacatalunya.cat\/#website"},"primaryImageOfPage":{"@id":"https:\/\/conversesacatalunya.cat\/es\/los-10-hechos-clave-que-enmarcan-la-semana\/#primaryimage"},"image":{"@id":"https:\/\/conversesacatalunya.cat\/es\/los-10-hechos-clave-que-enmarcan-la-semana\/#primaryimage"},"thumbnailUrl":"https:\/\/conversesacatalunya.cat\/wp-content\/uploads\/2024\/03\/portugal.jpg","datePublished":"2024-03-11T10:53:24+00:00","dateModified":"2024-03-15T09:23:45+00:00","author":{"@id":"https:\/\/conversesacatalunya.cat\/#\/schema\/person\/79bd0577b2f3afc8d6519d207c6e8609"},"breadcrumb":{"@id":"https:\/\/conversesacatalunya.cat\/es\/los-10-hechos-clave-que-enmarcan-la-semana\/#breadcrumb"},"inLanguage":"es","potentialAction":[{"@type":"ReadAction","target":["https:\/\/conversesacatalunya.cat\/es\/los-10-hechos-clave-que-enmarcan-la-semana\/"]}]},{"@type":"ImageObject","inLanguage":"es","@id":"https:\/\/conversesacatalunya.cat\/es\/los-10-hechos-clave-que-enmarcan-la-semana\/#primaryimage","url":"https:\/\/conversesacatalunya.cat\/wp-content\/uploads\/2024\/03\/portugal.jpg","contentUrl":"https:\/\/conversesacatalunya.cat\/wp-content\/uploads\/2024\/03\/portugal.jpg","width":1200,"height":675},{"@type":"BreadcrumbList","@id":"https:\/\/conversesacatalunya.cat\/es\/los-10-hechos-clave-que-enmarcan-la-semana\/#breadcrumb","itemListElement":[{"@type":"ListItem","position":1,"name":"Inici","item":"https:\/\/conversesacatalunya.cat\/es\/"},{"@type":"ListItem","position":2,"name":"Los 10 hechos clave que enmarcan la semana"}]},{"@type":"WebSite","@id":"https:\/\/conversesacatalunya.cat\/#website","url":"https:\/\/conversesacatalunya.cat\/","name":"Converses a Catalunya","description":"","potentialAction":[{"@type":"SearchAction","target":{"@type":"EntryPoint","urlTemplate":"https:\/\/conversesacatalunya.cat\/?s={search_term_string}"},"query-input":{"@type":"PropertyValueSpecification","valueRequired":true,"valueName":"search_term_string"}}],"inLanguage":"es"},{"@type":"Person","@id":"https:\/\/conversesacatalunya.cat\/#\/schema\/person\/79bd0577b2f3afc8d6519d207c6e8609","name":"Enric Casanovas","image":{"@type":"ImageObject","inLanguage":"es","@id":"https:\/\/conversesacatalunya.cat\/#\/schema\/person\/image\/","url":"https:\/\/conversesacatalunya.cat\/wp-content\/litespeed\/avatar\/7ae4379ad4421ec77820e92afd36dd78.jpg?ver=1777373933","contentUrl":"https:\/\/conversesacatalunya.cat\/wp-content\/litespeed\/avatar\/7ae4379ad4421ec77820e92afd36dd78.jpg?ver=1777373933","caption":"Enric Casanovas"},"url":"https:\/\/conversesacatalunya.cat\/es\/author\/enric-casanovas\/"}]}},"wps_subtitle":"","_links":{"self":[{"href":"https:\/\/conversesacatalunya.cat\/es\/wp-json\/wp\/v2\/posts\/75794","targetHints":{"allow":["GET"]}}],"collection":[{"href":"https:\/\/conversesacatalunya.cat\/es\/wp-json\/wp\/v2\/posts"}],"about":[{"href":"https:\/\/conversesacatalunya.cat\/es\/wp-json\/wp\/v2\/types\/post"}],"author":[{"embeddable":true,"href":"https:\/\/conversesacatalunya.cat\/es\/wp-json\/wp\/v2\/users\/77"}],"replies":[{"embeddable":true,"href":"https:\/\/conversesacatalunya.cat\/es\/wp-json\/wp\/v2\/comments?post=75794"}],"version-history":[{"count":4,"href":"https:\/\/conversesacatalunya.cat\/es\/wp-json\/wp\/v2\/posts\/75794\/revisions"}],"predecessor-version":[{"id":75969,"href":"https:\/\/conversesacatalunya.cat\/es\/wp-json\/wp\/v2\/posts\/75794\/revisions\/75969"}],"wp:featuredmedia":[{"embeddable":true,"href":"https:\/\/conversesacatalunya.cat\/es\/wp-json\/wp\/v2\/media\/75777"}],"wp:attachment":[{"href":"https:\/\/conversesacatalunya.cat\/es\/wp-json\/wp\/v2\/media?parent=75794"}],"wp:term":[{"taxonomy":"category","embeddable":true,"href":"https:\/\/conversesacatalunya.cat\/es\/wp-json\/wp\/v2\/categories?post=75794"},{"taxonomy":"post_tag","embeddable":true,"href":"https:\/\/conversesacatalunya.cat\/es\/wp-json\/wp\/v2\/tags?post=75794"}],"curies":[{"name":"wp","href":"https:\/\/api.w.org\/{rel}","templated":true}]}}