{"id":75730,"date":"2024-03-08T11:55:21","date_gmt":"2024-03-08T10:55:21","guid":{"rendered":"https:\/\/conversesacatalunya.cat\/celebrem-el-8-de-marc-el-feminisme-de-genere-retrocedeix\/"},"modified":"2024-03-08T12:11:15","modified_gmt":"2024-03-08T11:11:15","slug":"celebramos-el-8-de-marzo-el-feminismo-de-genero-retrocede","status":"publish","type":"post","link":"https:\/\/conversesacatalunya.cat\/es\/celebramos-el-8-de-marzo-el-feminismo-de-genero-retrocede\/","title":{"rendered":"Celebramos el 8 de marzo: el feminismo de g\u00e9nero retrocede"},"content":{"rendered":"<p><span>La \u00faltima encuesta del CIS lo dec\u00eda y obtuvo un amplio eco: los hombres, especialmente los j\u00f3venes, se sienten mayoritariamente discriminados a consecuencia del\u00a0<\/span><a href=\"https:\/\/conversesacatalunya.cat\/es\/el-fracaso-de-las-politicas-del-feminismo-de-genero\/\" target=\"_blank\" rel=\"noopener\"><span>feminismo de la guerra de g\u00e9neros<\/span><\/a><span>\u00a0que impera en los gobiernos.\u00a0Tambi\u00e9n piensan as\u00ed, seg\u00fan esa encuesta, 1\/3 parte de las mujeres.<\/span><\/p>\n<p><span>Ahora se ha publicado un nuevo estudio el <\/span><em><span>Bar\u00f2metre Juventud y g\u00e9nero. Identidades, representaciones y experiencias en una realidad social compleja 2023<\/span><\/em><span> en la que la fundaci\u00f3n FAD aporta unos datos que confirman desde una perspectiva aquella situaci\u00f3n.<\/span><\/p>\n<p><span>Para empezar,\u00a0<\/span><strong><span>las mujeres que se declaran feministas han retrocedido sustancialmente<\/span><\/strong><span>.\u00a0Han pasado del 67% de 2021 al 57% en 2023. Ha ca\u00eddo 10 puntos en dos a\u00f1os.\u00a0Es much\u00edsimo.\u00a0Y es la primera vez que ocurre.\u00a0Es un indicador de la saturaci\u00f3n que las propias mujeres van experimentando sobre esta materia.<\/span><\/p>\n<p><strong><span>En los hombres el retroceso ya hab\u00eda comenzado antes<\/span><\/strong><span>.\u00a0En 2019 el 37% afirmaban sentirse feministas, en 2021 hab\u00eda bajado al 32% y en 2023 se ha reducido al 26%.\u00a0Es decir, de significar algo m\u00e1s de 1 de cada 3 hombres, ha quedado reducido a 1 de cada 4, lo que significa que la inmensa mayor\u00eda se opone.<\/span><\/p>\n<p><span>Todo ello tiene mucha l\u00f3gica y las mismas informaciones period\u00edsticas que dan cuenta de esta noticia demuestran los\u00a0<\/span><strong><span>excesos del sesgo feminista<\/span><\/strong><span>.\u00a0Por ejemplo, en La Vanguardia, uno de los puntales del feminismo de la guerra de g\u00e9neros, Celeste L\u00f3pez, clasifica como idea regresiva el hecho de que aumente el n\u00famero de personas que creen que las mujeres est\u00e1n mejor preparadas para cuidar a sus hijos que los hombres . Parece que un pensamiento racional considerara que despu\u00e9s de\u00a0<\/span><span class=\"hiddengreenerror\"><span>9<\/span><\/span><span>\u00a0meses de embarazo los v\u00ednculos de la afectividad y capacidad interpretativa entre la mujer y el hijo son por razones naturales m\u00e1s intensas que en el hombre, que lo percibe como un hecho externo a \u00e9l.\u00a0Pero, seg\u00fan el feminismo hegem\u00f3nico \u00e9sta es una concepci\u00f3n regresiva, como consideran, continuando con el ejemplo de Celeste L\u00f3pez, que el hecho de que el chico considere que debe proteger a la chica es un concepto patriarcal a liquidar.<\/span><\/p>\n<p><span>Todo ello se\u00f1ala la anomal\u00eda espa\u00f1ola, que es grande y grave y comienza por las leyes, porque es \u00e9sta, m\u00e1s el dinero p\u00fablico, lo que ha modelado una determina mentalidad:<\/span><\/p>\n<p><span>La ley espa\u00f1ola contra la violencia de g\u00e9nero es \u00fanica entre todos los estados miembros de la UE, en el sentido de que es la \u00fanica que dice que\u00a0<\/span><strong><span>la violencia de g\u00e9nero s\u00f3lo existe cuando es ejercida por el hombre hacia la mujer<\/span><\/strong><span>.\u00a0En Europa hay 10 pa\u00edses que no tienen ninguna normativa que regule ni la violencia de g\u00e9nero ni la violencia dom\u00e9stica, y los otros 18, aqu\u00ed se incluye Reino Unido, s\u00ed que la tienen, pero s\u00f3lo 4 (Suecia, B\u00e9lgica, Irlanda y Espa\u00f1a), diferencian la violencia de g\u00e9nero de la violencia dom\u00e9stica.\u00a0En otros t\u00e9rminos, 24 pa\u00edses de la UE no tienen legislaci\u00f3n espec\u00edfica o, si la tienen, hacen referencia sin diferenciaci\u00f3n a la violencia dom\u00e9stica.\u00a0<\/span><span>De los 4 restantes, tal y como hemos dicho, s\u00f3lo el caso espa\u00f1ol considera que este conflicto existe si la acci\u00f3n violenta procede del hombre.\u00a0En los dem\u00e1s pa\u00edses (Suecia, B\u00e9lgica, Irlanda) no existe esta diferenciaci\u00f3n.<\/span><\/p>\n<p><span>Pero la anomal\u00eda espa\u00f1ola contin\u00faa cuando se consideran\u00a0<\/span><strong><span>los feminicidios<\/span><\/strong><span>, las fallecidas por la pareja. La prevalencia por cada mill\u00f3n de mujeres espa\u00f1ola es de s\u00f3lo 2 y s\u00f3lo presentan cifras inferiores en Italia, Grecia y Eslovaquia.\u00a0En Alemania, por ejemplo, es de 3,7, en Francia de 3,1, en Finlandia de 6,1.\u00a0En Inglaterra y el Pa\u00eds de Gales de 3,4.\u00a0Pero es que adem\u00e1s muchos de los pa\u00edses no llevan una contabilidad espec\u00edfica de esta figura delictiva, de los feminicidios ocasionados por la pareja.<\/span><\/p>\n<p><span>La tercera afectaci\u00f3n hace referencia a\u00a0<\/span><strong><span>la violencia en general<\/span><\/strong><span>: f\u00edsica, sexual, psicol\u00f3gica y econ\u00f3mica.\u00a0Letonia, Dinamarca, Reino Unido, Suecia, B\u00e9lgica, Finlandia, Eslovaquia y Luxemburgo, tienen una prevalencia de este tipo de violencia superior a la media de la UE.\u00a0Por ejemplo, en Dinamarca, Reino Unido y Finlandia, adem\u00e1s, tiene mucho peso la violencia f\u00edsica.\u00a0Por debajo de la media se sit\u00faan Austria, Croacia, Eslovenia, Malta, Irlanda, Chipre, Grecia, Portugal y especialmente Espa\u00f1a, que es uno de los pa\u00edses que registra una menor incidencia.\u00a0Tambi\u00e9n forma parte del grupo en el que existe menos afectaci\u00f3n del tipo de violencia f\u00edsica, junto con Polonia, Austria, Croacia y Eslovenia.\u00a0Sin embargo, debe observarse que el tipo de violencia m\u00e1s extendida es la violencia psicol\u00f3gica, que es la que incorpora una mayor carga de subjetividad en cuanto a su existencia.<\/span><\/p>\n<p><span>Sea como fuere, todos los datos se\u00f1alan un hecho absolutamente contradictorio que muestra c\u00f3mo este tema est\u00e1 sujeto a una\u00a0<\/span><strong><span>manipulaci\u00f3n pol\u00edtica<\/span><\/strong><span> que lleva d\u00e9cadas durando, en el caso de Espa\u00f1a.\u00a0<\/span><strong><span>Siendo el pa\u00eds que presenta en todos los aspectos uno de los menores niveles de conflicto y violencia contra la mujer, es el que a su vez presenta leyes m\u00e1s duras y discriminatorias contra los hombres y dedica m\u00e1s recursos a esta cuesti\u00f3n<\/span><\/strong><span>\u00a0.<\/span><\/p>\n<p><span>Aqu\u00ed hay un gran debate que debe abrirse porque no puede ser que una cuesti\u00f3n tan importante sea objeto de manipulaciones tan masivas y continuadas, que utilizan todo el poder del estado.<\/span><\/p>\n<p><img fetchpriority=\"high\" decoding=\"async\" class=\"aligncenter size-full wp-image-75636\" src=\"https:\/\/conversesacatalunya.cat\/wp-content\/uploads\/2024\/03\/Captura.jpg\" alt=\"sequera a Catalunya Servi\u00e0\" width=\"759\" height=\"561\" srcset=\"https:\/\/conversesacatalunya.cat\/wp-content\/uploads\/2024\/03\/Captura.jpg 759w, https:\/\/conversesacatalunya.cat\/wp-content\/uploads\/2024\/03\/Captura-300x222.jpg 300w\" sizes=\"(max-width: 759px) 100vw, 759px\" \/><\/p>\n","protected":false},"excerpt":{"rendered":"<p>La \u00faltima encuesta del CIS lo dec\u00eda y obtuvo un amplio eco: los hombres, especialmente los j\u00f3venes, se sienten mayoritariamente discriminados a consecuencia del\u00a0feminismo de la guerra de g\u00e9neros\u00a0que impera en los gobiernos.\u00a0Tambi\u00e9n piensan as\u00ed, seg\u00fan esa encuesta, 1\/3 parte de las mujeres. Ahora se ha publicado un nuevo estudio el Bar\u00f2metre Juventud y g\u00e9nero. Identidades, representaciones y experiencias en una realidad social compleja 2023 en la que la fundaci\u00f3n FAD aporta unos datos que confirman desde una perspectiva aquella situaci\u00f3n. Para empezar,\u00a0las mujeres que se declaran feministas han retrocedido sustancialmente.\u00a0Han pasado del 67% de 2021 al 57% en 2023. Ha ca\u00eddo 10 puntos en dos a\u00f1os.\u00a0Es much\u00edsimo.\u00a0Y es la primera vez que ocurre.\u00a0Es un indicador de la saturaci\u00f3n que las propias mujeres van experimentando sobre esta materia. En los hombres el retroceso ya hab\u00eda comenzado antes.\u00a0En 2019 el 37% afirmaban sentirse feministas, en 2021 hab\u00eda bajado al 32% y en 2023 se ha reducido al 26%.\u00a0Es decir, de significar algo m\u00e1s de 1 de cada 3 hombres, ha quedado reducido a 1 de cada 4, lo que significa que la inmensa mayor\u00eda se opone. Todo ello tiene mucha l\u00f3gica y las mismas informaciones period\u00edsticas que dan cuenta de esta noticia demuestran los\u00a0excesos del sesgo feminista.\u00a0Por ejemplo, en La Vanguardia, uno de los puntales del feminismo de la guerra de g\u00e9neros, Celeste L\u00f3pez, clasifica como idea regresiva el hecho de que aumente el n\u00famero de personas que creen que las mujeres est\u00e1n mejor preparadas para cuidar a sus hijos que los hombres . Parece que un pensamiento racional considerara que despu\u00e9s de\u00a09\u00a0meses de embarazo los v\u00ednculos de la afectividad y capacidad interpretativa entre la mujer y el hijo son por razones naturales m\u00e1s intensas que en el hombre, que lo percibe como un hecho externo a \u00e9l.\u00a0Pero, seg\u00fan el feminismo hegem\u00f3nico \u00e9sta es una concepci\u00f3n regresiva, como consideran, continuando con el ejemplo de Celeste L\u00f3pez, que el hecho de que el chico considere que debe proteger a la chica es un concepto patriarcal a liquidar. Todo ello se\u00f1ala la anomal\u00eda espa\u00f1ola, que es grande y grave y comienza por las leyes, porque es \u00e9sta, m\u00e1s el dinero p\u00fablico, lo que ha modelado una determina mentalidad: La ley espa\u00f1ola contra la violencia de g\u00e9nero es \u00fanica entre todos los estados miembros de la UE, en el sentido de que es la \u00fanica que dice que\u00a0la violencia de g\u00e9nero s\u00f3lo existe cuando es ejercida por el hombre hacia la mujer.\u00a0En Europa hay 10 pa\u00edses que no tienen ninguna normativa que regule ni la violencia de g\u00e9nero ni la violencia dom\u00e9stica, y los otros 18, aqu\u00ed se incluye Reino Unido, s\u00ed que la tienen, pero s\u00f3lo 4 (Suecia, B\u00e9lgica, Irlanda y Espa\u00f1a), diferencian la violencia de g\u00e9nero de la violencia dom\u00e9stica.\u00a0En otros t\u00e9rminos, 24 pa\u00edses de la UE no tienen legislaci\u00f3n espec\u00edfica o, si la tienen, hacen referencia sin diferenciaci\u00f3n a la violencia dom\u00e9stica.\u00a0De los 4 restantes, tal y como hemos dicho, s\u00f3lo el caso espa\u00f1ol considera que este conflicto existe si la acci\u00f3n violenta procede del hombre.\u00a0En los dem\u00e1s pa\u00edses (Suecia, B\u00e9lgica, Irlanda) no existe esta diferenciaci\u00f3n. Pero la anomal\u00eda espa\u00f1ola contin\u00faa cuando se consideran\u00a0los feminicidios, las fallecidas por la pareja. La prevalencia por cada mill\u00f3n de mujeres espa\u00f1ola es de s\u00f3lo 2 y s\u00f3lo presentan cifras inferiores en Italia, Grecia y Eslovaquia.\u00a0En Alemania, por ejemplo, es de 3,7, en Francia de 3,1, en Finlandia de 6,1.\u00a0En Inglaterra y el Pa\u00eds de Gales de 3,4.\u00a0Pero es que adem\u00e1s muchos de los pa\u00edses no llevan una contabilidad espec\u00edfica de esta figura delictiva, de los feminicidios ocasionados por la pareja. La tercera afectaci\u00f3n hace referencia a\u00a0la violencia en general: f\u00edsica, sexual, psicol\u00f3gica y econ\u00f3mica.\u00a0Letonia, Dinamarca, Reino Unido, Suecia, B\u00e9lgica, Finlandia, Eslovaquia y Luxemburgo, tienen una prevalencia de este tipo de violencia superior a la media de la UE.\u00a0Por ejemplo, en Dinamarca, Reino Unido y Finlandia, adem\u00e1s, tiene mucho peso la violencia f\u00edsica.\u00a0Por debajo de la media se sit\u00faan Austria, Croacia, Eslovenia, Malta, Irlanda, Chipre, Grecia, Portugal y especialmente Espa\u00f1a, que es uno de los pa\u00edses que registra una menor incidencia.\u00a0Tambi\u00e9n forma parte del grupo en el que existe menos afectaci\u00f3n del tipo de violencia f\u00edsica, junto con Polonia, Austria, Croacia y Eslovenia.\u00a0Sin embargo, debe observarse que el tipo de violencia m\u00e1s extendida es la violencia psicol\u00f3gica, que es la que incorpora una mayor carga de subjetividad en cuanto a su existencia. Sea como fuere, todos los datos se\u00f1alan un hecho absolutamente contradictorio que muestra c\u00f3mo este tema est\u00e1 sujeto a una\u00a0manipulaci\u00f3n pol\u00edtica que lleva d\u00e9cadas durando, en el caso de Espa\u00f1a.\u00a0Siendo el pa\u00eds que presenta en todos los aspectos uno de los menores niveles de conflicto y violencia contra la mujer, es el que a su vez presenta leyes m\u00e1s duras y discriminatorias contra los hombres y dedica m\u00e1s recursos a esta cuesti\u00f3n\u00a0. Aqu\u00ed hay un gran debate que debe abrirse porque no puede ser que una cuesti\u00f3n tan importante sea objeto de manipulaciones tan masivas y continuadas, que utilizan todo el poder del estado.<\/p>\n","protected":false},"author":77,"featured_media":75727,"comment_status":"open","ping_status":"open","sticky":false,"template":"","format":"standard","meta":{"_FSMCFIC_featured_image_caption":"","_FSMCFIC_featured_image_nocaption":"","_FSMCFIC_featured_image_hide":"","footnotes":""},"categories":[806],"tags":[3476,3477],"class_list":["post-75730","post","type-post","status-publish","format-standard","has-post-thumbnail","hentry","category-punts-claus-del-dia-es","tag-feminisme-es","tag-feminismo"],"yoast_head":"<!-- This site is optimized with the Yoast SEO plugin v26.8 - https:\/\/yoast.com\/product\/yoast-seo-wordpress\/ -->\n<title>Celebramos el 8 de marzo: el feminismo de g\u00e9nero retrocede - Converses a Catalunya<\/title>\n<meta name=\"description\" content=\"Siendo el pa\u00eds que presenta en todos los aspectos uno de los menores niveles de conflicto y violencia contra la mujer, es el que a su vez presenta leyes m\u00e1s duras y discriminatorias contra los hombres y le dedica m\u00e1s recursos\" \/>\n<meta name=\"robots\" content=\"index, follow, max-snippet:-1, max-image-preview:large, max-video-preview:-1\" \/>\n<link rel=\"canonical\" href=\"https:\/\/conversesacatalunya.cat\/es\/celebramos-el-8-de-marzo-el-feminismo-de-genero-retrocede\/\" \/>\n<meta property=\"og:locale\" content=\"es_ES\" \/>\n<meta property=\"og:type\" content=\"article\" \/>\n<meta property=\"og:title\" content=\"Celebramos el 8 de marzo: el feminismo de g\u00e9nero retrocede - Converses a Catalunya\" \/>\n<meta property=\"og:description\" content=\"Siendo el pa\u00eds que presenta en todos los aspectos uno de los menores niveles de conflicto y violencia contra la mujer, es el que a su vez presenta leyes m\u00e1s duras y discriminatorias contra los hombres y le dedica m\u00e1s recursos\" \/>\n<meta property=\"og:url\" content=\"https:\/\/conversesacatalunya.cat\/es\/celebramos-el-8-de-marzo-el-feminismo-de-genero-retrocede\/\" \/>\n<meta property=\"og:site_name\" content=\"Converses a Catalunya\" \/>\n<meta property=\"article:published_time\" content=\"2024-03-08T10:55:21+00:00\" \/>\n<meta property=\"article:modified_time\" content=\"2024-03-08T11:11:15+00:00\" \/>\n<meta property=\"og:image\" content=\"https:\/\/conversesacatalunya.cat\/wp-content\/uploads\/2024\/03\/feminisme2-scaled.jpg\" \/>\n\t<meta property=\"og:image:width\" content=\"2560\" \/>\n\t<meta property=\"og:image:height\" content=\"1707\" \/>\n\t<meta property=\"og:image:type\" content=\"image\/jpeg\" \/>\n<meta name=\"author\" content=\"Enric Casanovas\" \/>\n<meta name=\"twitter:card\" content=\"summary_large_image\" \/>\n<meta name=\"twitter:label1\" content=\"Escrito por\" \/>\n\t<meta name=\"twitter:data1\" content=\"Enric Casanovas\" \/>\n\t<meta name=\"twitter:label2\" content=\"Tiempo de lectura\" \/>\n\t<meta name=\"twitter:data2\" content=\"5 minutos\" \/>\n<script type=\"application\/ld+json\" class=\"yoast-schema-graph\">{\"@context\":\"https:\/\/schema.org\",\"@graph\":[{\"@type\":\"Article\",\"@id\":\"https:\/\/conversesacatalunya.cat\/es\/celebramos-el-8-de-marzo-el-feminismo-de-genero-retrocede\/#article\",\"isPartOf\":{\"@id\":\"https:\/\/conversesacatalunya.cat\/es\/celebramos-el-8-de-marzo-el-feminismo-de-genero-retrocede\/\"},\"author\":{\"name\":\"Enric Casanovas\",\"@id\":\"https:\/\/conversesacatalunya.cat\/#\/schema\/person\/79bd0577b2f3afc8d6519d207c6e8609\"},\"headline\":\"Celebramos el 8 de marzo: el feminismo de g\u00e9nero retrocede\",\"datePublished\":\"2024-03-08T10:55:21+00:00\",\"dateModified\":\"2024-03-08T11:11:15+00:00\",\"mainEntityOfPage\":{\"@id\":\"https:\/\/conversesacatalunya.cat\/es\/celebramos-el-8-de-marzo-el-feminismo-de-genero-retrocede\/\"},\"wordCount\":941,\"commentCount\":0,\"image\":{\"@id\":\"https:\/\/conversesacatalunya.cat\/es\/celebramos-el-8-de-marzo-el-feminismo-de-genero-retrocede\/#primaryimage\"},\"thumbnailUrl\":\"https:\/\/conversesacatalunya.cat\/wp-content\/uploads\/2024\/03\/feminisme2-scaled.jpg\",\"keywords\":[\"Feminisme\",\"Feminismo\"],\"articleSection\":[\"Punts clau del dia (ES)\"],\"inLanguage\":\"es\",\"potentialAction\":[{\"@type\":\"CommentAction\",\"name\":\"Comment\",\"target\":[\"https:\/\/conversesacatalunya.cat\/es\/celebramos-el-8-de-marzo-el-feminismo-de-genero-retrocede\/#respond\"]}]},{\"@type\":\"WebPage\",\"@id\":\"https:\/\/conversesacatalunya.cat\/es\/celebramos-el-8-de-marzo-el-feminismo-de-genero-retrocede\/\",\"url\":\"https:\/\/conversesacatalunya.cat\/es\/celebramos-el-8-de-marzo-el-feminismo-de-genero-retrocede\/\",\"name\":\"Celebramos el 8 de marzo: el feminismo de g\u00e9nero retrocede - Converses a Catalunya\",\"isPartOf\":{\"@id\":\"https:\/\/conversesacatalunya.cat\/#website\"},\"primaryImageOfPage\":{\"@id\":\"https:\/\/conversesacatalunya.cat\/es\/celebramos-el-8-de-marzo-el-feminismo-de-genero-retrocede\/#primaryimage\"},\"image\":{\"@id\":\"https:\/\/conversesacatalunya.cat\/es\/celebramos-el-8-de-marzo-el-feminismo-de-genero-retrocede\/#primaryimage\"},\"thumbnailUrl\":\"https:\/\/conversesacatalunya.cat\/wp-content\/uploads\/2024\/03\/feminisme2-scaled.jpg\",\"datePublished\":\"2024-03-08T10:55:21+00:00\",\"dateModified\":\"2024-03-08T11:11:15+00:00\",\"author\":{\"@id\":\"https:\/\/conversesacatalunya.cat\/#\/schema\/person\/79bd0577b2f3afc8d6519d207c6e8609\"},\"description\":\"Siendo el pa\u00eds que presenta en todos los aspectos uno de los menores niveles de conflicto y violencia contra la mujer, es el que a su vez presenta leyes m\u00e1s duras y discriminatorias contra los hombres y le dedica m\u00e1s recursos\",\"breadcrumb\":{\"@id\":\"https:\/\/conversesacatalunya.cat\/es\/celebramos-el-8-de-marzo-el-feminismo-de-genero-retrocede\/#breadcrumb\"},\"inLanguage\":\"es\",\"potentialAction\":[{\"@type\":\"ReadAction\",\"target\":[\"https:\/\/conversesacatalunya.cat\/es\/celebramos-el-8-de-marzo-el-feminismo-de-genero-retrocede\/\"]}]},{\"@type\":\"ImageObject\",\"inLanguage\":\"es\",\"@id\":\"https:\/\/conversesacatalunya.cat\/es\/celebramos-el-8-de-marzo-el-feminismo-de-genero-retrocede\/#primaryimage\",\"url\":\"https:\/\/conversesacatalunya.cat\/wp-content\/uploads\/2024\/03\/feminisme2-scaled.jpg\",\"contentUrl\":\"https:\/\/conversesacatalunya.cat\/wp-content\/uploads\/2024\/03\/feminisme2-scaled.jpg\",\"width\":2560,\"height\":1707},{\"@type\":\"BreadcrumbList\",\"@id\":\"https:\/\/conversesacatalunya.cat\/es\/celebramos-el-8-de-marzo-el-feminismo-de-genero-retrocede\/#breadcrumb\",\"itemListElement\":[{\"@type\":\"ListItem\",\"position\":1,\"name\":\"Inici\",\"item\":\"https:\/\/conversesacatalunya.cat\/es\/\"},{\"@type\":\"ListItem\",\"position\":2,\"name\":\"Celebramos el 8 de marzo: el feminismo de g\u00e9nero retrocede\"}]},{\"@type\":\"WebSite\",\"@id\":\"https:\/\/conversesacatalunya.cat\/#website\",\"url\":\"https:\/\/conversesacatalunya.cat\/\",\"name\":\"Converses a Catalunya\",\"description\":\"\",\"potentialAction\":[{\"@type\":\"SearchAction\",\"target\":{\"@type\":\"EntryPoint\",\"urlTemplate\":\"https:\/\/conversesacatalunya.cat\/?s={search_term_string}\"},\"query-input\":{\"@type\":\"PropertyValueSpecification\",\"valueRequired\":true,\"valueName\":\"search_term_string\"}}],\"inLanguage\":\"es\"},{\"@type\":\"Person\",\"@id\":\"https:\/\/conversesacatalunya.cat\/#\/schema\/person\/79bd0577b2f3afc8d6519d207c6e8609\",\"name\":\"Enric Casanovas\",\"image\":{\"@type\":\"ImageObject\",\"inLanguage\":\"es\",\"@id\":\"https:\/\/conversesacatalunya.cat\/#\/schema\/person\/image\/\",\"url\":\"https:\/\/conversesacatalunya.cat\/wp-content\/litespeed\/avatar\/7ae4379ad4421ec77820e92afd36dd78.jpg?ver=1777373933\",\"contentUrl\":\"https:\/\/conversesacatalunya.cat\/wp-content\/litespeed\/avatar\/7ae4379ad4421ec77820e92afd36dd78.jpg?ver=1777373933\",\"caption\":\"Enric Casanovas\"},\"url\":\"https:\/\/conversesacatalunya.cat\/es\/author\/enric-casanovas\/\"}]}<\/script>\n<!-- \/ Yoast SEO plugin. -->","yoast_head_json":{"title":"Celebramos el 8 de marzo: el feminismo de g\u00e9nero retrocede - Converses a Catalunya","description":"Siendo el pa\u00eds que presenta en todos los aspectos uno de los menores niveles de conflicto y violencia contra la mujer, es el que a su vez presenta leyes m\u00e1s duras y discriminatorias contra los hombres y le dedica m\u00e1s recursos","robots":{"index":"index","follow":"follow","max-snippet":"max-snippet:-1","max-image-preview":"max-image-preview:large","max-video-preview":"max-video-preview:-1"},"canonical":"https:\/\/conversesacatalunya.cat\/es\/celebramos-el-8-de-marzo-el-feminismo-de-genero-retrocede\/","og_locale":"es_ES","og_type":"article","og_title":"Celebramos el 8 de marzo: el feminismo de g\u00e9nero retrocede - Converses a Catalunya","og_description":"Siendo el pa\u00eds que presenta en todos los aspectos uno de los menores niveles de conflicto y violencia contra la mujer, es el que a su vez presenta leyes m\u00e1s duras y discriminatorias contra los hombres y le dedica m\u00e1s recursos","og_url":"https:\/\/conversesacatalunya.cat\/es\/celebramos-el-8-de-marzo-el-feminismo-de-genero-retrocede\/","og_site_name":"Converses a Catalunya","article_published_time":"2024-03-08T10:55:21+00:00","article_modified_time":"2024-03-08T11:11:15+00:00","og_image":[{"width":2560,"height":1707,"url":"https:\/\/conversesacatalunya.cat\/wp-content\/uploads\/2024\/03\/feminisme2-scaled.jpg","type":"image\/jpeg"}],"author":"Enric Casanovas","twitter_card":"summary_large_image","twitter_misc":{"Escrito por":"Enric Casanovas","Tiempo de lectura":"5 minutos"},"schema":{"@context":"https:\/\/schema.org","@graph":[{"@type":"Article","@id":"https:\/\/conversesacatalunya.cat\/es\/celebramos-el-8-de-marzo-el-feminismo-de-genero-retrocede\/#article","isPartOf":{"@id":"https:\/\/conversesacatalunya.cat\/es\/celebramos-el-8-de-marzo-el-feminismo-de-genero-retrocede\/"},"author":{"name":"Enric Casanovas","@id":"https:\/\/conversesacatalunya.cat\/#\/schema\/person\/79bd0577b2f3afc8d6519d207c6e8609"},"headline":"Celebramos el 8 de marzo: el feminismo de g\u00e9nero retrocede","datePublished":"2024-03-08T10:55:21+00:00","dateModified":"2024-03-08T11:11:15+00:00","mainEntityOfPage":{"@id":"https:\/\/conversesacatalunya.cat\/es\/celebramos-el-8-de-marzo-el-feminismo-de-genero-retrocede\/"},"wordCount":941,"commentCount":0,"image":{"@id":"https:\/\/conversesacatalunya.cat\/es\/celebramos-el-8-de-marzo-el-feminismo-de-genero-retrocede\/#primaryimage"},"thumbnailUrl":"https:\/\/conversesacatalunya.cat\/wp-content\/uploads\/2024\/03\/feminisme2-scaled.jpg","keywords":["Feminisme","Feminismo"],"articleSection":["Punts clau del dia (ES)"],"inLanguage":"es","potentialAction":[{"@type":"CommentAction","name":"Comment","target":["https:\/\/conversesacatalunya.cat\/es\/celebramos-el-8-de-marzo-el-feminismo-de-genero-retrocede\/#respond"]}]},{"@type":"WebPage","@id":"https:\/\/conversesacatalunya.cat\/es\/celebramos-el-8-de-marzo-el-feminismo-de-genero-retrocede\/","url":"https:\/\/conversesacatalunya.cat\/es\/celebramos-el-8-de-marzo-el-feminismo-de-genero-retrocede\/","name":"Celebramos el 8 de marzo: el feminismo de g\u00e9nero retrocede - Converses a Catalunya","isPartOf":{"@id":"https:\/\/conversesacatalunya.cat\/#website"},"primaryImageOfPage":{"@id":"https:\/\/conversesacatalunya.cat\/es\/celebramos-el-8-de-marzo-el-feminismo-de-genero-retrocede\/#primaryimage"},"image":{"@id":"https:\/\/conversesacatalunya.cat\/es\/celebramos-el-8-de-marzo-el-feminismo-de-genero-retrocede\/#primaryimage"},"thumbnailUrl":"https:\/\/conversesacatalunya.cat\/wp-content\/uploads\/2024\/03\/feminisme2-scaled.jpg","datePublished":"2024-03-08T10:55:21+00:00","dateModified":"2024-03-08T11:11:15+00:00","author":{"@id":"https:\/\/conversesacatalunya.cat\/#\/schema\/person\/79bd0577b2f3afc8d6519d207c6e8609"},"description":"Siendo el pa\u00eds que presenta en todos los aspectos uno de los menores niveles de conflicto y violencia contra la mujer, es el que a su vez presenta leyes m\u00e1s duras y discriminatorias contra los hombres y le dedica m\u00e1s recursos","breadcrumb":{"@id":"https:\/\/conversesacatalunya.cat\/es\/celebramos-el-8-de-marzo-el-feminismo-de-genero-retrocede\/#breadcrumb"},"inLanguage":"es","potentialAction":[{"@type":"ReadAction","target":["https:\/\/conversesacatalunya.cat\/es\/celebramos-el-8-de-marzo-el-feminismo-de-genero-retrocede\/"]}]},{"@type":"ImageObject","inLanguage":"es","@id":"https:\/\/conversesacatalunya.cat\/es\/celebramos-el-8-de-marzo-el-feminismo-de-genero-retrocede\/#primaryimage","url":"https:\/\/conversesacatalunya.cat\/wp-content\/uploads\/2024\/03\/feminisme2-scaled.jpg","contentUrl":"https:\/\/conversesacatalunya.cat\/wp-content\/uploads\/2024\/03\/feminisme2-scaled.jpg","width":2560,"height":1707},{"@type":"BreadcrumbList","@id":"https:\/\/conversesacatalunya.cat\/es\/celebramos-el-8-de-marzo-el-feminismo-de-genero-retrocede\/#breadcrumb","itemListElement":[{"@type":"ListItem","position":1,"name":"Inici","item":"https:\/\/conversesacatalunya.cat\/es\/"},{"@type":"ListItem","position":2,"name":"Celebramos el 8 de marzo: el feminismo de g\u00e9nero retrocede"}]},{"@type":"WebSite","@id":"https:\/\/conversesacatalunya.cat\/#website","url":"https:\/\/conversesacatalunya.cat\/","name":"Converses a Catalunya","description":"","potentialAction":[{"@type":"SearchAction","target":{"@type":"EntryPoint","urlTemplate":"https:\/\/conversesacatalunya.cat\/?s={search_term_string}"},"query-input":{"@type":"PropertyValueSpecification","valueRequired":true,"valueName":"search_term_string"}}],"inLanguage":"es"},{"@type":"Person","@id":"https:\/\/conversesacatalunya.cat\/#\/schema\/person\/79bd0577b2f3afc8d6519d207c6e8609","name":"Enric Casanovas","image":{"@type":"ImageObject","inLanguage":"es","@id":"https:\/\/conversesacatalunya.cat\/#\/schema\/person\/image\/","url":"https:\/\/conversesacatalunya.cat\/wp-content\/litespeed\/avatar\/7ae4379ad4421ec77820e92afd36dd78.jpg?ver=1777373933","contentUrl":"https:\/\/conversesacatalunya.cat\/wp-content\/litespeed\/avatar\/7ae4379ad4421ec77820e92afd36dd78.jpg?ver=1777373933","caption":"Enric Casanovas"},"url":"https:\/\/conversesacatalunya.cat\/es\/author\/enric-casanovas\/"}]}},"wps_subtitle":"Siendo el pa\u00eds que presenta en todos los aspectos uno de los menores niveles de conflicto y violencia con la mujer, es el que a su vez presenta leyes m\u00e1s duras y discriminatorias contra los hombres y le dedica m\u00e1s recursos","_links":{"self":[{"href":"https:\/\/conversesacatalunya.cat\/es\/wp-json\/wp\/v2\/posts\/75730","targetHints":{"allow":["GET"]}}],"collection":[{"href":"https:\/\/conversesacatalunya.cat\/es\/wp-json\/wp\/v2\/posts"}],"about":[{"href":"https:\/\/conversesacatalunya.cat\/es\/wp-json\/wp\/v2\/types\/post"}],"author":[{"embeddable":true,"href":"https:\/\/conversesacatalunya.cat\/es\/wp-json\/wp\/v2\/users\/77"}],"replies":[{"embeddable":true,"href":"https:\/\/conversesacatalunya.cat\/es\/wp-json\/wp\/v2\/comments?post=75730"}],"version-history":[{"count":2,"href":"https:\/\/conversesacatalunya.cat\/es\/wp-json\/wp\/v2\/posts\/75730\/revisions"}],"predecessor-version":[{"id":75732,"href":"https:\/\/conversesacatalunya.cat\/es\/wp-json\/wp\/v2\/posts\/75730\/revisions\/75732"}],"wp:featuredmedia":[{"embeddable":true,"href":"https:\/\/conversesacatalunya.cat\/es\/wp-json\/wp\/v2\/media\/75727"}],"wp:attachment":[{"href":"https:\/\/conversesacatalunya.cat\/es\/wp-json\/wp\/v2\/media?parent=75730"}],"wp:term":[{"taxonomy":"category","embeddable":true,"href":"https:\/\/conversesacatalunya.cat\/es\/wp-json\/wp\/v2\/categories?post=75730"},{"taxonomy":"post_tag","embeddable":true,"href":"https:\/\/conversesacatalunya.cat\/es\/wp-json\/wp\/v2\/tags?post=75730"}],"curies":[{"name":"wp","href":"https:\/\/api.w.org\/{rel}","templated":true}]}}