{"id":75694,"date":"2024-03-07T12:23:32","date_gmt":"2024-03-07T11:23:32","guid":{"rendered":"https:\/\/conversesacatalunya.cat\/el-fracas-de-les-politiques-del-feminisme-de-genere\/"},"modified":"2024-03-07T13:25:14","modified_gmt":"2024-03-07T12:25:14","slug":"el-fracaso-de-las-politicas-del-feminismo-de-genero","status":"publish","type":"post","link":"https:\/\/conversesacatalunya.cat\/es\/el-fracaso-de-las-politicas-del-feminismo-de-genero\/","title":{"rendered":"El fracaso de las pol\u00edticas del feminismo de g\u00e9nero"},"content":{"rendered":"<p><span>Toda pol\u00edtica debe evaluarse por sus resultados, aunque los gobiernos nos quieran acostumbrar a evaluarla por lo que gastan.\u00a0Nos quieren hacer creer que a m\u00e1s gasto vamos mejor, lo que en algunos casos es cierto, y en otros es puro y simple enga\u00f1o.\u00a0En todas las pol\u00edticas de feminismo de g\u00e9nero que se han desarrollado desde Rodr\u00edguez Zapatero, se pueden incluir en ese adjetivo y tambi\u00e9n en el de fracaso.<\/span><\/p>\n<p><span>Empecemos por el cap\u00edtulo m\u00e1s fluctuoso: el de los\u00a0<\/span><strong><span>feminicidios de pareja<\/span><\/strong><span>, el caso m\u00e1s extremo de violencia de g\u00e9nero.\u00a0En 2023 se produjeron 57 de estos homicidios, la mayor\u00eda calificados penalmente de asesinatos.\u00a0La media en lo que va de siglo es de 58 homicidios.\u00a0Y, por tanto, a pesar de que las leyes que se han ido desencadenando desde que se aprob\u00f3 en el 2004 la ley contra la violencia de g\u00e9nero, no han logrado mover ni un cent\u00edmetro esta lacra expresada en v\u00edctimas mortales.\u00a0Es m\u00e1s, a principios de siglo, en 2001, el n\u00famero de v\u00edctimas era de 50. Hay que a\u00f1adir, para reflejar exactamente los datos, que a partir de 2015 aquella media para las dos d\u00e9cadas es menor y fluct\u00faa en torno a las 50 muertes.\u00a0Es decir, las mismas que en 2001. M\u00e1s constataci\u00f3n del fracaso es imposible.<\/span><\/p>\n<p><span>Adem\u00e1s, habr\u00eda que ver si esta magnitud es realmente reducible o no, por mucho gasto que se haga, porque es evidente que el homicidio cero no existe, y este hecho viene acompa\u00f1ado por el dato que Espa\u00f1a es de Europa y, por tanto, del mundo, uno de los lugares en el que se lleva a cabo en menor medida el homicidio de g\u00e9nero.\u00a0En todo caso lo que es evidente es que\u00a0<\/span><strong><span>la ingente cantidad de dinero no ha servido para nada si nos atenemos a los resultados<\/span><\/strong><span>.\u00a0Y el hecho de que se siga haciendo lo mismo y gastando cada vez m\u00e1s resulta literalmente un esc\u00e1ndalo y cabe preguntarse el porqu\u00e9.<\/span><\/p>\n<p><span>Pero antes de dar la respuesta digamos que, si en lugar de observar los homicidios lo que miramos son los datos sobre las\u00a0<\/span><strong><span>\u00f3rdenes de protecci\u00f3n<\/span><\/strong><span>, constataremos que \u00e9stas siguen una pauta de fluctuaci\u00f3n de bajadas y subidas a lo largo del tiempo. En 2008 se realizaron 30.000, la cifra m\u00e1s alta de las dos d\u00e9cadas.\u00a0Pero en 2013 y 2014 no llegaban ni a 20.000 y volvieron a elevarse hasta 2019 cuando se aproximaron a esa cifra m\u00e1xima.\u00a0Despu\u00e9s volvieron a reducirse y a aumentar. No existe en ning\u00fan momento\u00a0<\/span><strong><span>ninguna tendencia de reducci\u00f3n,<\/span><\/strong><span>\u00a0lo que tambi\u00e9n obliga a una reflexi\u00f3n.<\/span><\/p>\n<p><span>Esta reflexi\u00f3n no podr\u00eda perder de vista la\u00a0<\/span><strong><span>comparaci\u00f3n con los dem\u00e1s pa\u00edses de Europa<\/span><\/strong><span>.\u00a0Un estudio muy importante de la Universidad de Granada llevado a cabo por M. Paz Bermudes y Montserrat Men\u00e9ndez, publicado en 2020 con un t\u00edtulo bien expl\u00edcito, \u201cAn\u00e1lisis epidemiol\u00f3gico de la violencia de g\u00e9nero en la Uni\u00f3n Europea\u201d, que contempla seg\u00fan el tipo de violencia (f\u00edsica, sexual, psicol\u00f3gica y econ\u00f3mica) la referencia en 28 pa\u00edses que formaban parte de la UE, por tanto con el Reino Unido incluido, se\u00f1ala que en las 4 violencias,\u00a0<\/span><strong><span>Espa\u00f1a ocupa el \u00faltimo o pen\u00faltimo puesto<\/span><\/strong><span>\u00a0entre los 28 pa\u00edses.\u00a0Los pa\u00edses que registran menor incidencia son, adem\u00e1s de Espa\u00f1a, la mejor de todas, Croacia, Eslovenia, Polonia, Malta, Irlanda e Italia.\u00a0Todos ellos comparten la condici\u00f3n de que\u00a0<\/span><strong><span>su base cultural es fundamentalmente cat\u00f3lica<\/span><\/strong><span>\u00a0y \u00e9ste es un a\u00f1adido que habr\u00eda que tomar en consideraci\u00f3n.\u00a0Mientras que los pa\u00edses que presentan mayor incidencia (Dinamarca, Reino Unido, Finlandia y Francia) son pa\u00edses que no pertenecen a este \u00e1mbito cultural.<\/span><\/p>\n<p><span>Todo esto exige debate y revisi\u00f3n de las pol\u00edticas actuales, porque si pasamos de este tema central en las pol\u00edticas del feminismo de g\u00e9nero, como es la violencia, a otro cl\u00e1sico que es el de la brecha de g\u00e9nero en los estudios, dado que las mujeres tienen una proporci\u00f3n m\u00e1s baja en titulaciones universitarias como las matem\u00e1ticas, f\u00edsica, inform\u00e1tica o las telecomunicaciones,\u00a0<\/span><strong><span>constataremos otro fracaso grandioso inexplicable<\/span><\/strong><span>.\u00a0A finales de siglo, por ser m\u00e1s concretos en 1996, el 52,5% de los estudiantes de matem\u00e1ticas eran mujeres.\u00a0Hoy son s\u00f3lo el 36%.\u00a0En f\u00edsica hemos pasado de una cifra a principios de siglo del 30% al actual 27%.\u00a0En telecomunicaciones tambi\u00e9n ha descendido del 25% al \u200b\u200b23%.\u00a0Y en inform\u00e1tica la ca\u00edda ha sido a\u00fan m\u00e1s espectacular, del 21% al 13%.<\/span><\/p>\n<p><span>Es decir, desde que imperan con intensidad las pol\u00edticas de g\u00e9nero para que las mujeres estudien carreras m\u00e1s cient\u00edficas, el resultado se\u00f1ala que se logra absolutamente lo contrario, hay menos ahora que cuando no exist\u00eda esta presi\u00f3n ambiental y campa\u00f1as de este tipo. \u00bfNadie se sentir\u00e1 llamado a reflexionar el por qu\u00e9 se produce esta grave anomal\u00eda?<\/span><\/p>\n<p><img fetchpriority=\"high\" decoding=\"async\" class=\"aligncenter size-full wp-image-75635\" src=\"https:\/\/conversesacatalunya.cat\/wp-content\/uploads\/2024\/03\/Captura.jpg\" alt=\"sequera a Catalunya Servi\u00e0\" width=\"759\" height=\"561\" srcset=\"https:\/\/conversesacatalunya.cat\/wp-content\/uploads\/2024\/03\/Captura.jpg 759w, https:\/\/conversesacatalunya.cat\/wp-content\/uploads\/2024\/03\/Captura-300x222.jpg 300w\" sizes=\"(max-width: 759px) 100vw, 759px\" \/><\/p>\n","protected":false},"excerpt":{"rendered":"<p>Toda pol\u00edtica debe evaluarse por sus resultados, aunque los gobiernos nos quieran acostumbrar a evaluarla por lo que gastan.\u00a0Nos quieren hacer creer que a m\u00e1s gasto vamos mejor, lo que en algunos casos es cierto, y en otros es puro y simple enga\u00f1o.\u00a0En todas las pol\u00edticas de feminismo de g\u00e9nero que se han desarrollado desde Rodr\u00edguez Zapatero, se pueden incluir en ese adjetivo y tambi\u00e9n en el de fracaso. Empecemos por el cap\u00edtulo m\u00e1s fluctuoso: el de los\u00a0feminicidios de pareja, el caso m\u00e1s extremo de violencia de g\u00e9nero.\u00a0En 2023 se produjeron 57 de estos homicidios, la mayor\u00eda calificados penalmente de asesinatos.\u00a0La media en lo que va de siglo es de 58 homicidios.\u00a0Y, por tanto, a pesar de que las leyes que se han ido desencadenando desde que se aprob\u00f3 en el 2004 la ley contra la violencia de g\u00e9nero, no han logrado mover ni un cent\u00edmetro esta lacra expresada en v\u00edctimas mortales.\u00a0Es m\u00e1s, a principios de siglo, en 2001, el n\u00famero de v\u00edctimas era de 50. Hay que a\u00f1adir, para reflejar exactamente los datos, que a partir de 2015 aquella media para las dos d\u00e9cadas es menor y fluct\u00faa en torno a las 50 muertes.\u00a0Es decir, las mismas que en 2001. M\u00e1s constataci\u00f3n del fracaso es imposible. Adem\u00e1s, habr\u00eda que ver si esta magnitud es realmente reducible o no, por mucho gasto que se haga, porque es evidente que el homicidio cero no existe, y este hecho viene acompa\u00f1ado por el dato que Espa\u00f1a es de Europa y, por tanto, del mundo, uno de los lugares en el que se lleva a cabo en menor medida el homicidio de g\u00e9nero.\u00a0En todo caso lo que es evidente es que\u00a0la ingente cantidad de dinero no ha servido para nada si nos atenemos a los resultados.\u00a0Y el hecho de que se siga haciendo lo mismo y gastando cada vez m\u00e1s resulta literalmente un esc\u00e1ndalo y cabe preguntarse el porqu\u00e9. Pero antes de dar la respuesta digamos que, si en lugar de observar los homicidios lo que miramos son los datos sobre las\u00a0\u00f3rdenes de protecci\u00f3n, constataremos que \u00e9stas siguen una pauta de fluctuaci\u00f3n de bajadas y subidas a lo largo del tiempo. En 2008 se realizaron 30.000, la cifra m\u00e1s alta de las dos d\u00e9cadas.\u00a0Pero en 2013 y 2014 no llegaban ni a 20.000 y volvieron a elevarse hasta 2019 cuando se aproximaron a esa cifra m\u00e1xima.\u00a0Despu\u00e9s volvieron a reducirse y a aumentar. No existe en ning\u00fan momento\u00a0ninguna tendencia de reducci\u00f3n,\u00a0lo que tambi\u00e9n obliga a una reflexi\u00f3n. Esta reflexi\u00f3n no podr\u00eda perder de vista la\u00a0comparaci\u00f3n con los dem\u00e1s pa\u00edses de Europa.\u00a0Un estudio muy importante de la Universidad de Granada llevado a cabo por M. Paz Bermudes y Montserrat Men\u00e9ndez, publicado en 2020 con un t\u00edtulo bien expl\u00edcito, \u201cAn\u00e1lisis epidemiol\u00f3gico de la violencia de g\u00e9nero en la Uni\u00f3n Europea\u201d, que contempla seg\u00fan el tipo de violencia (f\u00edsica, sexual, psicol\u00f3gica y econ\u00f3mica) la referencia en 28 pa\u00edses que formaban parte de la UE, por tanto con el Reino Unido incluido, se\u00f1ala que en las 4 violencias,\u00a0Espa\u00f1a ocupa el \u00faltimo o pen\u00faltimo puesto\u00a0entre los 28 pa\u00edses.\u00a0Los pa\u00edses que registran menor incidencia son, adem\u00e1s de Espa\u00f1a, la mejor de todas, Croacia, Eslovenia, Polonia, Malta, Irlanda e Italia.\u00a0Todos ellos comparten la condici\u00f3n de que\u00a0su base cultural es fundamentalmente cat\u00f3lica\u00a0y \u00e9ste es un a\u00f1adido que habr\u00eda que tomar en consideraci\u00f3n.\u00a0Mientras que los pa\u00edses que presentan mayor incidencia (Dinamarca, Reino Unido, Finlandia y Francia) son pa\u00edses que no pertenecen a este \u00e1mbito cultural. Todo esto exige debate y revisi\u00f3n de las pol\u00edticas actuales, porque si pasamos de este tema central en las pol\u00edticas del feminismo de g\u00e9nero, como es la violencia, a otro cl\u00e1sico que es el de la brecha de g\u00e9nero en los estudios, dado que las mujeres tienen una proporci\u00f3n m\u00e1s baja en titulaciones universitarias como las matem\u00e1ticas, f\u00edsica, inform\u00e1tica o las telecomunicaciones,\u00a0constataremos otro fracaso grandioso inexplicable.\u00a0A finales de siglo, por ser m\u00e1s concretos en 1996, el 52,5% de los estudiantes de matem\u00e1ticas eran mujeres.\u00a0Hoy son s\u00f3lo el 36%.\u00a0En f\u00edsica hemos pasado de una cifra a principios de siglo del 30% al actual 27%.\u00a0En telecomunicaciones tambi\u00e9n ha descendido del 25% al \u200b\u200b23%.\u00a0Y en inform\u00e1tica la ca\u00edda ha sido a\u00fan m\u00e1s espectacular, del 21% al 13%. Es decir, desde que imperan con intensidad las pol\u00edticas de g\u00e9nero para que las mujeres estudien carreras m\u00e1s cient\u00edficas, el resultado se\u00f1ala que se logra absolutamente lo contrario, hay menos ahora que cuando no exist\u00eda esta presi\u00f3n ambiental y campa\u00f1as de este tipo. \u00bfNadie se sentir\u00e1 llamado a reflexionar el por qu\u00e9 se produce esta grave anomal\u00eda?<\/p>\n","protected":false},"author":78,"featured_media":75691,"comment_status":"open","ping_status":"open","sticky":false,"template":"","format":"standard","meta":{"_FSMCFIC_featured_image_caption":"","_FSMCFIC_featured_image_nocaption":"","_FSMCFIC_featured_image_hide":"","footnotes":""},"categories":[806],"tags":[3477,1856],"class_list":["post-75694","post","type-post","status-publish","format-standard","has-post-thumbnail","hentry","category-punts-claus-del-dia-es","tag-feminismo","tag-ideologia-de-genero"],"yoast_head":"<!-- This site is optimized with the Yoast SEO plugin v26.8 - https:\/\/yoast.com\/product\/yoast-seo-wordpress\/ -->\n<title>El fracaso de las pol\u00edticas del feminismo de g\u00e9nero - Converses a Catalunya<\/title>\n<meta name=\"description\" content=\"Desde que imperan con intensidad las pol\u00edticas de g\u00e9nero para que las mujeres estudien carreras m\u00e1s cient\u00edficas, el resultado se\u00f1ala que se logra absolutamente lo contrario\" \/>\n<meta name=\"robots\" content=\"index, follow, max-snippet:-1, max-image-preview:large, max-video-preview:-1\" \/>\n<link rel=\"canonical\" href=\"https:\/\/conversesacatalunya.cat\/es\/el-fracaso-de-las-politicas-del-feminismo-de-genero\/\" \/>\n<meta property=\"og:locale\" content=\"es_ES\" \/>\n<meta property=\"og:type\" content=\"article\" \/>\n<meta property=\"og:title\" content=\"El fracaso de las pol\u00edticas del feminismo de g\u00e9nero - Converses a Catalunya\" \/>\n<meta property=\"og:description\" content=\"Desde que imperan con intensidad las pol\u00edticas de g\u00e9nero para que las mujeres estudien carreras m\u00e1s cient\u00edficas, el resultado se\u00f1ala que se logra absolutamente lo contrario\" \/>\n<meta property=\"og:url\" content=\"https:\/\/conversesacatalunya.cat\/es\/el-fracaso-de-las-politicas-del-feminismo-de-genero\/\" \/>\n<meta property=\"og:site_name\" content=\"Converses a Catalunya\" \/>\n<meta property=\"article:published_time\" content=\"2024-03-07T11:23:32+00:00\" \/>\n<meta property=\"article:modified_time\" content=\"2024-03-07T12:25:14+00:00\" \/>\n<meta property=\"og:image\" content=\"https:\/\/conversesacatalunya.cat\/wp-content\/uploads\/2024\/03\/feminismo.jpg\" \/>\n\t<meta property=\"og:image:width\" content=\"730\" \/>\n\t<meta property=\"og:image:height\" content=\"379\" \/>\n\t<meta property=\"og:image:type\" content=\"image\/jpeg\" \/>\n<meta name=\"author\" content=\"Joan Masip\" \/>\n<meta name=\"twitter:card\" content=\"summary_large_image\" \/>\n<meta name=\"twitter:label1\" content=\"Escrito por\" \/>\n\t<meta name=\"twitter:data1\" content=\"Joan Masip\" \/>\n\t<meta name=\"twitter:label2\" content=\"Tiempo de lectura\" \/>\n\t<meta name=\"twitter:data2\" content=\"4 minutos\" \/>\n<script type=\"application\/ld+json\" class=\"yoast-schema-graph\">{\"@context\":\"https:\/\/schema.org\",\"@graph\":[{\"@type\":\"Article\",\"@id\":\"https:\/\/conversesacatalunya.cat\/es\/el-fracaso-de-las-politicas-del-feminismo-de-genero\/#article\",\"isPartOf\":{\"@id\":\"https:\/\/conversesacatalunya.cat\/es\/el-fracaso-de-las-politicas-del-feminismo-de-genero\/\"},\"author\":{\"name\":\"Joan Masip\",\"@id\":\"https:\/\/conversesacatalunya.cat\/#\/schema\/person\/311d0bf53def217d5124c78a7bc42275\"},\"headline\":\"El fracaso de las pol\u00edticas del feminismo de g\u00e9nero\",\"datePublished\":\"2024-03-07T11:23:32+00:00\",\"dateModified\":\"2024-03-07T12:25:14+00:00\",\"mainEntityOfPage\":{\"@id\":\"https:\/\/conversesacatalunya.cat\/es\/el-fracaso-de-las-politicas-del-feminismo-de-genero\/\"},\"wordCount\":867,\"commentCount\":0,\"image\":{\"@id\":\"https:\/\/conversesacatalunya.cat\/es\/el-fracaso-de-las-politicas-del-feminismo-de-genero\/#primaryimage\"},\"thumbnailUrl\":\"https:\/\/conversesacatalunya.cat\/wp-content\/uploads\/2024\/03\/feminismo.jpg\",\"keywords\":[\"Feminismo\",\"ideolog\u00eda de g\u00e9nero\"],\"articleSection\":[\"Punts clau del dia (ES)\"],\"inLanguage\":\"es\",\"potentialAction\":[{\"@type\":\"CommentAction\",\"name\":\"Comment\",\"target\":[\"https:\/\/conversesacatalunya.cat\/es\/el-fracaso-de-las-politicas-del-feminismo-de-genero\/#respond\"]}]},{\"@type\":\"WebPage\",\"@id\":\"https:\/\/conversesacatalunya.cat\/es\/el-fracaso-de-las-politicas-del-feminismo-de-genero\/\",\"url\":\"https:\/\/conversesacatalunya.cat\/es\/el-fracaso-de-las-politicas-del-feminismo-de-genero\/\",\"name\":\"El fracaso de las pol\u00edticas del feminismo de g\u00e9nero - Converses a Catalunya\",\"isPartOf\":{\"@id\":\"https:\/\/conversesacatalunya.cat\/#website\"},\"primaryImageOfPage\":{\"@id\":\"https:\/\/conversesacatalunya.cat\/es\/el-fracaso-de-las-politicas-del-feminismo-de-genero\/#primaryimage\"},\"image\":{\"@id\":\"https:\/\/conversesacatalunya.cat\/es\/el-fracaso-de-las-politicas-del-feminismo-de-genero\/#primaryimage\"},\"thumbnailUrl\":\"https:\/\/conversesacatalunya.cat\/wp-content\/uploads\/2024\/03\/feminismo.jpg\",\"datePublished\":\"2024-03-07T11:23:32+00:00\",\"dateModified\":\"2024-03-07T12:25:14+00:00\",\"author\":{\"@id\":\"https:\/\/conversesacatalunya.cat\/#\/schema\/person\/311d0bf53def217d5124c78a7bc42275\"},\"description\":\"Desde que imperan con intensidad las pol\u00edticas de g\u00e9nero para que las mujeres estudien carreras m\u00e1s cient\u00edficas, el resultado se\u00f1ala que se logra absolutamente lo contrario\",\"breadcrumb\":{\"@id\":\"https:\/\/conversesacatalunya.cat\/es\/el-fracaso-de-las-politicas-del-feminismo-de-genero\/#breadcrumb\"},\"inLanguage\":\"es\",\"potentialAction\":[{\"@type\":\"ReadAction\",\"target\":[\"https:\/\/conversesacatalunya.cat\/es\/el-fracaso-de-las-politicas-del-feminismo-de-genero\/\"]}]},{\"@type\":\"ImageObject\",\"inLanguage\":\"es\",\"@id\":\"https:\/\/conversesacatalunya.cat\/es\/el-fracaso-de-las-politicas-del-feminismo-de-genero\/#primaryimage\",\"url\":\"https:\/\/conversesacatalunya.cat\/wp-content\/uploads\/2024\/03\/feminismo.jpg\",\"contentUrl\":\"https:\/\/conversesacatalunya.cat\/wp-content\/uploads\/2024\/03\/feminismo.jpg\",\"width\":730,\"height\":379},{\"@type\":\"BreadcrumbList\",\"@id\":\"https:\/\/conversesacatalunya.cat\/es\/el-fracaso-de-las-politicas-del-feminismo-de-genero\/#breadcrumb\",\"itemListElement\":[{\"@type\":\"ListItem\",\"position\":1,\"name\":\"Inici\",\"item\":\"https:\/\/conversesacatalunya.cat\/es\/\"},{\"@type\":\"ListItem\",\"position\":2,\"name\":\"El fracaso de las pol\u00edticas del feminismo de g\u00e9nero\"}]},{\"@type\":\"WebSite\",\"@id\":\"https:\/\/conversesacatalunya.cat\/#website\",\"url\":\"https:\/\/conversesacatalunya.cat\/\",\"name\":\"Converses a Catalunya\",\"description\":\"\",\"potentialAction\":[{\"@type\":\"SearchAction\",\"target\":{\"@type\":\"EntryPoint\",\"urlTemplate\":\"https:\/\/conversesacatalunya.cat\/?s={search_term_string}\"},\"query-input\":{\"@type\":\"PropertyValueSpecification\",\"valueRequired\":true,\"valueName\":\"search_term_string\"}}],\"inLanguage\":\"es\"},{\"@type\":\"Person\",\"@id\":\"https:\/\/conversesacatalunya.cat\/#\/schema\/person\/311d0bf53def217d5124c78a7bc42275\",\"name\":\"Joan Masip\",\"image\":{\"@type\":\"ImageObject\",\"inLanguage\":\"es\",\"@id\":\"https:\/\/conversesacatalunya.cat\/#\/schema\/person\/image\/\",\"url\":\"https:\/\/conversesacatalunya.cat\/wp-content\/litespeed\/avatar\/fa67b994763cff7d443f54b63ec96481.jpg?ver=1777372547\",\"contentUrl\":\"https:\/\/conversesacatalunya.cat\/wp-content\/litespeed\/avatar\/fa67b994763cff7d443f54b63ec96481.jpg?ver=1777372547\",\"caption\":\"Joan Masip\"},\"url\":\"https:\/\/conversesacatalunya.cat\/es\/author\/joan-masip\/\"}]}<\/script>\n<!-- \/ Yoast SEO plugin. -->","yoast_head_json":{"title":"El fracaso de las pol\u00edticas del feminismo de g\u00e9nero - Converses a Catalunya","description":"Desde que imperan con intensidad las pol\u00edticas de g\u00e9nero para que las mujeres estudien carreras m\u00e1s cient\u00edficas, el resultado se\u00f1ala que se logra absolutamente lo contrario","robots":{"index":"index","follow":"follow","max-snippet":"max-snippet:-1","max-image-preview":"max-image-preview:large","max-video-preview":"max-video-preview:-1"},"canonical":"https:\/\/conversesacatalunya.cat\/es\/el-fracaso-de-las-politicas-del-feminismo-de-genero\/","og_locale":"es_ES","og_type":"article","og_title":"El fracaso de las pol\u00edticas del feminismo de g\u00e9nero - Converses a Catalunya","og_description":"Desde que imperan con intensidad las pol\u00edticas de g\u00e9nero para que las mujeres estudien carreras m\u00e1s cient\u00edficas, el resultado se\u00f1ala que se logra absolutamente lo contrario","og_url":"https:\/\/conversesacatalunya.cat\/es\/el-fracaso-de-las-politicas-del-feminismo-de-genero\/","og_site_name":"Converses a Catalunya","article_published_time":"2024-03-07T11:23:32+00:00","article_modified_time":"2024-03-07T12:25:14+00:00","og_image":[{"width":730,"height":379,"url":"https:\/\/conversesacatalunya.cat\/wp-content\/uploads\/2024\/03\/feminismo.jpg","type":"image\/jpeg"}],"author":"Joan Masip","twitter_card":"summary_large_image","twitter_misc":{"Escrito por":"Joan Masip","Tiempo de lectura":"4 minutos"},"schema":{"@context":"https:\/\/schema.org","@graph":[{"@type":"Article","@id":"https:\/\/conversesacatalunya.cat\/es\/el-fracaso-de-las-politicas-del-feminismo-de-genero\/#article","isPartOf":{"@id":"https:\/\/conversesacatalunya.cat\/es\/el-fracaso-de-las-politicas-del-feminismo-de-genero\/"},"author":{"name":"Joan Masip","@id":"https:\/\/conversesacatalunya.cat\/#\/schema\/person\/311d0bf53def217d5124c78a7bc42275"},"headline":"El fracaso de las pol\u00edticas del feminismo de g\u00e9nero","datePublished":"2024-03-07T11:23:32+00:00","dateModified":"2024-03-07T12:25:14+00:00","mainEntityOfPage":{"@id":"https:\/\/conversesacatalunya.cat\/es\/el-fracaso-de-las-politicas-del-feminismo-de-genero\/"},"wordCount":867,"commentCount":0,"image":{"@id":"https:\/\/conversesacatalunya.cat\/es\/el-fracaso-de-las-politicas-del-feminismo-de-genero\/#primaryimage"},"thumbnailUrl":"https:\/\/conversesacatalunya.cat\/wp-content\/uploads\/2024\/03\/feminismo.jpg","keywords":["Feminismo","ideolog\u00eda de g\u00e9nero"],"articleSection":["Punts clau del dia (ES)"],"inLanguage":"es","potentialAction":[{"@type":"CommentAction","name":"Comment","target":["https:\/\/conversesacatalunya.cat\/es\/el-fracaso-de-las-politicas-del-feminismo-de-genero\/#respond"]}]},{"@type":"WebPage","@id":"https:\/\/conversesacatalunya.cat\/es\/el-fracaso-de-las-politicas-del-feminismo-de-genero\/","url":"https:\/\/conversesacatalunya.cat\/es\/el-fracaso-de-las-politicas-del-feminismo-de-genero\/","name":"El fracaso de las pol\u00edticas del feminismo de g\u00e9nero - Converses a Catalunya","isPartOf":{"@id":"https:\/\/conversesacatalunya.cat\/#website"},"primaryImageOfPage":{"@id":"https:\/\/conversesacatalunya.cat\/es\/el-fracaso-de-las-politicas-del-feminismo-de-genero\/#primaryimage"},"image":{"@id":"https:\/\/conversesacatalunya.cat\/es\/el-fracaso-de-las-politicas-del-feminismo-de-genero\/#primaryimage"},"thumbnailUrl":"https:\/\/conversesacatalunya.cat\/wp-content\/uploads\/2024\/03\/feminismo.jpg","datePublished":"2024-03-07T11:23:32+00:00","dateModified":"2024-03-07T12:25:14+00:00","author":{"@id":"https:\/\/conversesacatalunya.cat\/#\/schema\/person\/311d0bf53def217d5124c78a7bc42275"},"description":"Desde que imperan con intensidad las pol\u00edticas de g\u00e9nero para que las mujeres estudien carreras m\u00e1s cient\u00edficas, el resultado se\u00f1ala que se logra absolutamente lo contrario","breadcrumb":{"@id":"https:\/\/conversesacatalunya.cat\/es\/el-fracaso-de-las-politicas-del-feminismo-de-genero\/#breadcrumb"},"inLanguage":"es","potentialAction":[{"@type":"ReadAction","target":["https:\/\/conversesacatalunya.cat\/es\/el-fracaso-de-las-politicas-del-feminismo-de-genero\/"]}]},{"@type":"ImageObject","inLanguage":"es","@id":"https:\/\/conversesacatalunya.cat\/es\/el-fracaso-de-las-politicas-del-feminismo-de-genero\/#primaryimage","url":"https:\/\/conversesacatalunya.cat\/wp-content\/uploads\/2024\/03\/feminismo.jpg","contentUrl":"https:\/\/conversesacatalunya.cat\/wp-content\/uploads\/2024\/03\/feminismo.jpg","width":730,"height":379},{"@type":"BreadcrumbList","@id":"https:\/\/conversesacatalunya.cat\/es\/el-fracaso-de-las-politicas-del-feminismo-de-genero\/#breadcrumb","itemListElement":[{"@type":"ListItem","position":1,"name":"Inici","item":"https:\/\/conversesacatalunya.cat\/es\/"},{"@type":"ListItem","position":2,"name":"El fracaso de las pol\u00edticas del feminismo de g\u00e9nero"}]},{"@type":"WebSite","@id":"https:\/\/conversesacatalunya.cat\/#website","url":"https:\/\/conversesacatalunya.cat\/","name":"Converses a Catalunya","description":"","potentialAction":[{"@type":"SearchAction","target":{"@type":"EntryPoint","urlTemplate":"https:\/\/conversesacatalunya.cat\/?s={search_term_string}"},"query-input":{"@type":"PropertyValueSpecification","valueRequired":true,"valueName":"search_term_string"}}],"inLanguage":"es"},{"@type":"Person","@id":"https:\/\/conversesacatalunya.cat\/#\/schema\/person\/311d0bf53def217d5124c78a7bc42275","name":"Joan Masip","image":{"@type":"ImageObject","inLanguage":"es","@id":"https:\/\/conversesacatalunya.cat\/#\/schema\/person\/image\/","url":"https:\/\/conversesacatalunya.cat\/wp-content\/litespeed\/avatar\/fa67b994763cff7d443f54b63ec96481.jpg?ver=1777372547","contentUrl":"https:\/\/conversesacatalunya.cat\/wp-content\/litespeed\/avatar\/fa67b994763cff7d443f54b63ec96481.jpg?ver=1777372547","caption":"Joan Masip"},"url":"https:\/\/conversesacatalunya.cat\/es\/author\/joan-masip\/"}]}},"wps_subtitle":"Desde que imperan con intensidad las pol\u00edticas de g\u00e9nero para que las mujeres estudien carreras m\u00e1s cient\u00edficas, el resultado se\u00f1ala que se logra absolutamente lo contrario","_links":{"self":[{"href":"https:\/\/conversesacatalunya.cat\/es\/wp-json\/wp\/v2\/posts\/75694","targetHints":{"allow":["GET"]}}],"collection":[{"href":"https:\/\/conversesacatalunya.cat\/es\/wp-json\/wp\/v2\/posts"}],"about":[{"href":"https:\/\/conversesacatalunya.cat\/es\/wp-json\/wp\/v2\/types\/post"}],"author":[{"embeddable":true,"href":"https:\/\/conversesacatalunya.cat\/es\/wp-json\/wp\/v2\/users\/78"}],"replies":[{"embeddable":true,"href":"https:\/\/conversesacatalunya.cat\/es\/wp-json\/wp\/v2\/comments?post=75694"}],"version-history":[{"count":2,"href":"https:\/\/conversesacatalunya.cat\/es\/wp-json\/wp\/v2\/posts\/75694\/revisions"}],"predecessor-version":[{"id":75696,"href":"https:\/\/conversesacatalunya.cat\/es\/wp-json\/wp\/v2\/posts\/75694\/revisions\/75696"}],"wp:featuredmedia":[{"embeddable":true,"href":"https:\/\/conversesacatalunya.cat\/es\/wp-json\/wp\/v2\/media\/75691"}],"wp:attachment":[{"href":"https:\/\/conversesacatalunya.cat\/es\/wp-json\/wp\/v2\/media?parent=75694"}],"wp:term":[{"taxonomy":"category","embeddable":true,"href":"https:\/\/conversesacatalunya.cat\/es\/wp-json\/wp\/v2\/categories?post=75694"},{"taxonomy":"post_tag","embeddable":true,"href":"https:\/\/conversesacatalunya.cat\/es\/wp-json\/wp\/v2\/tags?post=75694"}],"curies":[{"name":"wp","href":"https:\/\/api.w.org\/{rel}","templated":true}]}}