{"id":75655,"date":"2024-03-06T10:59:57","date_gmt":"2024-03-06T09:59:57","guid":{"rendered":"https:\/\/conversesacatalunya.cat\/?p=75655"},"modified":"2024-03-06T10:59:57","modified_gmt":"2024-03-06T09:59:57","slug":"las-consecuencias-de-la-saturacion-feminista","status":"publish","type":"post","link":"https:\/\/conversesacatalunya.cat\/es\/las-consecuencias-de-la-saturacion-feminista\/","title":{"rendered":"Las consecuencias de la saturaci\u00f3n feminista"},"content":{"rendered":"<p><strong>El aborto<\/strong> siempre ha estado entre nosotros, pero existe una diferencia radical entre nuestro tiempo y el pasado: su conversi\u00f3n de un mal, o en todo caso, un mal menor, en un derecho. Este es un cambio cualitativo de una trascendencia extraordinaria: el <strong>derecho a matar al ser humano engendrado<\/strong>, un tercero distinto a la madre, como expresi\u00f3n de un deseo. El segundo cambio es cuantitativo: la masividad del aborto a pesar de la generalizaci\u00f3n de los m\u00e9todos anticonceptivos. <strong>Nunca antes se hab\u00edan producido cada a\u00f1o tantas v\u00edctimas<\/strong>. Por \u00faltimo, un tercer elemento que tambi\u00e9n imprime mentalidades. <strong>La eugenesia<\/strong> ha vuelto por la puerta del aborto. Se practica de forma generalizada y sin paliativos. El fiasco nazi la desautoriz\u00f3, pero ahora ah\u00ed est\u00e1 de nuevo.<\/p>\n<p>Pues bien, todo esto tiene su <strong>origen y desarrollo en el feminismo<\/strong>, el de segunda generaci\u00f3n en Estados Unidos, de las mujeres WASP (Blanca anglosajona protestante de la burgues\u00eda americana), el que sucedi\u00f3 a las sufragistas y a los actuales de la guerra de g\u00e9neros y el feminismo <em>queer<\/em>.<\/p>\n<p>El feminismo contribuye, de una manera cada vez m\u00e1s creciente, a <strong>la polarizaci\u00f3n y al conflicto<\/strong> en el seno de la sociedad. Lo hace contaminando su ferocidad a todas las ideas pol\u00edticas, como se observa en la pr\u00e1ctica pol\u00edtica cotidiana y en el Congreso y en los parlamentos en general. Pero hace adem\u00e1s un da\u00f1o m\u00e1s profundo porque est\u00e1 creando una <strong>polarizaci\u00f3n ideol\u00f3gica entre hombres y mujeres<\/strong>, chicos y chicas, que ya es observable por su magnitud en las encuestas.<\/p>\n<p>En muchos pa\u00edses, los hombres est\u00e1n virando hacia posiciones de derechas mientras que las mujeres giran hacia posiciones de izquierdas; mejor dicho hacia posiciones progres, y esto acabar\u00e1 causando un mal incalculable porque une al antagonismo pol\u00edtico, el de sexo como clase enfrentada. Porque el fundamento de nuestra vida social y de nuestra felicidad personal, pasa necesariamente por la relaci\u00f3n complementaria y positiva entre hombre y mujer con car\u00e1cter general y sobre todo en la uni\u00f3n que est\u00e1 en la base y es cimiento de todo, en el matrimonio, la formaci\u00f3n de una familia con los hijos y el cuidado, y educaci\u00f3n positiva de estos hijos basado en el compromiso y voluntad de la estabilidad de la pareja. Todo esto ha entrado en crisis y <strong>la culpa es de las ideolog\u00edas feministas.<\/strong><\/p>\n<p>Pero hay m\u00e1s factores negativos. Este feminismo persigue la igualdad desigual, como bien ejemplifica <a href=\"https:\/\/conversesacatalunya.cat\/es\/las-consecuencias-perversas-de-la-discriminacion-feminista-en-los-mossos-desquadra\/\" target=\"_blank\" rel=\"noopener\">el caso de las pruebas a sargento<\/a> en la polic\u00eda catalana. Lo que est\u00e1 levantando este sistema de privilegios es<strong> el descr\u00e9dito hacia las mujeres que ascienden,<\/strong> lo cual es injusto para las que realmente son merecedoras del avance, quienes debe compartir una cr\u00edtica en su caso inmerecida. Algunas son conscientes de ello, pero se necesita una dosis importante de lucidez y de valor para alcanzar tal condici\u00f3n.<\/p>\n<p>Este feminismo ha conseguido oscurecer, mejor dicho, hacer desaparecer la causa fundamental de toda desigualdad, que es la <strong>desigualdad econ\u00f3mica<\/strong>. Hoy existe un <strong>paralelismo<\/strong> entre el crecimiento del feminismo de la guerra de g\u00e9neros en nuestra sociedad y el crecimiento rampante de la desigualdad. Porque lo que ha conseguido es desplazar el foco de la distribuci\u00f3n de la ganancia y de la productividad, hacia la mayor menor desigualdad entre hombres y mujeres, de manera que la directora de una cadena de supermercados pertenece al mismo plano reivindicativo que la cajera por el hecho de ser mujer, y esta \u00faltima est\u00e1 enfrentada con el hombre que repone los productos en los lineales por el hecho de ser hombre, cuando los dos est\u00e1n unidos por sus condiciones de trabajo en la forma como se le redistribuye los beneficios en la empresa y confrontada con la directora.<\/p>\n<p>Si no mandamos al fregadero de la historia estas concepciones, la igualdad continuar\u00e1 imparable. Solamente hace falta tomar nota del Ministerio para la Igualdad de Espa\u00f1a, sin la m\u00e1s m\u00ednima competencia econ\u00f3mica, para constatar la sibilina estrategia que une a tirios y troyanos. Este es el desider\u00e1tum del poder econ\u00f3mico, como muestra la manera entusiasta de como la mayor\u00eda de grandes empresas <a href=\"https:\/\/conversesacatalunya.cat\/es\/celebrando-el-dia-internacional-de-la-mujer-estamos-saturados-de-feminismos\/\" target=\"_blank\" rel=\"noopener\">celebran el 8 de marzo y feminismo<\/a>., De ah\u00ed la alianza objetiva entre las \u00e9lites, o gran parte de ellas, las que solo viven para el dinero y su disfrute, el liberalismo de la globalizaci\u00f3n, con la progres\u00eda, porque a todos ellos les conviene situar el foco, no en la injusticia econ\u00f3mica, sino en las <strong>pugnas entre hombres y mujeres<\/strong>. La coincidencia con la progres\u00eda resulta de que el feminismo es su principal bandera, despu\u00e9s de que las ideas marxistas pasaran a peor vida. Hoy es un invento estupendo para <strong>las \u00e9lites dominantes y el poder establecido<\/strong>. En realidad, la izquierda entendida como tal, aquella que quiere realizar una gran transformaci\u00f3n en nombre de la justicia social y la solidaridad, nunca volver\u00e1 si antes no reniega de las concepciones y pr\u00e1cticas del feminismo de la lucha de g\u00e9neros y el feminismo <em>queer<\/em>.<\/p>\n<p><img fetchpriority=\"high\" decoding=\"async\" class=\"aligncenter size-full wp-image-75636\" src=\"https:\/\/conversesacatalunya.cat\/wp-content\/uploads\/2024\/03\/Captura.jpg\" alt=\"sequera a Catalunya Servi\u00e0\" width=\"759\" height=\"561\" srcset=\"https:\/\/conversesacatalunya.cat\/wp-content\/uploads\/2024\/03\/Captura.jpg 759w, https:\/\/conversesacatalunya.cat\/wp-content\/uploads\/2024\/03\/Captura-300x222.jpg 300w\" sizes=\"(max-width: 759px) 100vw, 759px\" \/><\/p>\n<div id=\"polls-232\" class=\"wp-polls\">\n\t<form id=\"polls_form_232\" class=\"wp-polls-form\" action=\"\/index.php\" method=\"post\">\n\t\t<p style=\"display: none;\"><input type=\"hidden\" id=\"poll_232_nonce\" name=\"wp-polls-nonce\" value=\"9824ba0a9b\" \/><\/p>\n\t\t<p style=\"display: none;\"><input type=\"hidden\" name=\"poll_id\" value=\"232\" \/><\/p>\n\t\t<p style=\"text-align: center\"><strong>La trama Koldo-\u00c1balos tenia coneixement que estava sent investigada. Creus que aquesta filtraci\u00f3 va procedir del ministre Grande-Marlaska?<\/strong><\/p><div id=\"polls-232-ans\" class=\"wp-polls-ans\"><ul class=\"wp-polls-ul\">\n\t\t<li><input type=\"radio\" id=\"poll-answer-645\" name=\"poll_232\" value=\"645\" \/> <label for=\"poll-answer-645\">S\u00ed<\/label><\/li>\n\t\t<li><input type=\"radio\" id=\"poll-answer-646\" name=\"poll_232\" value=\"646\" \/> <label for=\"poll-answer-646\">No<\/label><\/li>\n\t\t<li><input type=\"radio\" id=\"poll-answer-647\" name=\"poll_232\" value=\"647\" \/> <label for=\"poll-answer-647\">No ho s\u00e9<\/label><\/li>\n\t\t<\/ul><p style=\"text-align: center\"><input type=\"button\" name=\"vote\" value=\"   Vota   \" class=\"Buttons\" onclick=\"poll_vote(232);\" \/><\/p><p style=\"text-align: center\"><a href=\"#ViewPollResults\" onclick=\"poll_result(232); return false;\" title=\"View Results Of This Poll\">Mira els resultats<\/a><\/p><\/div>\n\t<\/form>\n<\/div>\n<div id=\"polls-232-loading\" class=\"wp-polls-loading\"><img decoding=\"async\" data-src=\"https:\/\/conversesacatalunya.cat\/wp-content\/plugins\/wp-polls\/images\/loading.gif\" width=\"16\" height=\"16\" alt=\"Cargando ...\" title=\"Cargando ...\" class=\"wp-polls-image lazyload\" src=\"data:image\/svg+xml;base64,PHN2ZyB3aWR0aD0iMSIgaGVpZ2h0PSIxIiB4bWxucz0iaHR0cDovL3d3dy53My5vcmcvMjAwMC9zdmciPjwvc3ZnPg==\" style=\"--smush-placeholder-width: 16px; --smush-placeholder-aspect-ratio: 16\/16;\" \/>&nbsp;Cargando ...<\/div>\n\n","protected":false},"excerpt":{"rendered":"<p>El aborto siempre ha estado entre nosotros, pero existe una diferencia radical entre nuestro tiempo y el pasado: su conversi\u00f3n de un mal, o en todo caso, un mal menor, en un derecho. Este es un cambio cualitativo de una trascendencia extraordinaria: el derecho a matar al ser humano engendrado, un tercero distinto a la madre, como expresi\u00f3n de un deseo. El segundo cambio es cuantitativo: la masividad del aborto a pesar de la generalizaci\u00f3n de los m\u00e9todos anticonceptivos. Nunca antes se hab\u00edan producido cada a\u00f1o tantas v\u00edctimas. Por \u00faltimo, un tercer elemento que tambi\u00e9n imprime mentalidades. La eugenesia ha vuelto por la puerta del aborto. Se practica de forma generalizada y sin paliativos. El fiasco nazi la desautoriz\u00f3, pero ahora ah\u00ed est\u00e1 de nuevo. Pues bien, todo esto tiene su origen y desarrollo en el feminismo, el de segunda generaci\u00f3n en Estados Unidos, de las mujeres WASP (Blanca anglosajona protestante de la burgues\u00eda americana), el que sucedi\u00f3 a las sufragistas y a los actuales de la guerra de g\u00e9neros y el feminismo queer. El feminismo contribuye, de una manera cada vez m\u00e1s creciente, a la polarizaci\u00f3n y al conflicto en el seno de la sociedad. Lo hace contaminando su ferocidad a todas las ideas pol\u00edticas, como se observa en la pr\u00e1ctica pol\u00edtica cotidiana y en el Congreso y en los parlamentos en general. Pero hace adem\u00e1s un da\u00f1o m\u00e1s profundo porque est\u00e1 creando una polarizaci\u00f3n ideol\u00f3gica entre hombres y mujeres, chicos y chicas, que ya es observable por su magnitud en las encuestas. En muchos pa\u00edses, los hombres est\u00e1n virando hacia posiciones de derechas mientras que las mujeres giran hacia posiciones de izquierdas; mejor dicho hacia posiciones progres, y esto acabar\u00e1 causando un mal incalculable porque une al antagonismo pol\u00edtico, el de sexo como clase enfrentada. Porque el fundamento de nuestra vida social y de nuestra felicidad personal, pasa necesariamente por la relaci\u00f3n complementaria y positiva entre hombre y mujer con car\u00e1cter general y sobre todo en la uni\u00f3n que est\u00e1 en la base y es cimiento de todo, en el matrimonio, la formaci\u00f3n de una familia con los hijos y el cuidado, y educaci\u00f3n positiva de estos hijos basado en el compromiso y voluntad de la estabilidad de la pareja. Todo esto ha entrado en crisis y la culpa es de las ideolog\u00edas feministas. Pero hay m\u00e1s factores negativos. Este feminismo persigue la igualdad desigual, como bien ejemplifica el caso de las pruebas a sargento en la polic\u00eda catalana. Lo que est\u00e1 levantando este sistema de privilegios es el descr\u00e9dito hacia las mujeres que ascienden, lo cual es injusto para las que realmente son merecedoras del avance, quienes debe compartir una cr\u00edtica en su caso inmerecida. Algunas son conscientes de ello, pero se necesita una dosis importante de lucidez y de valor para alcanzar tal condici\u00f3n. Este feminismo ha conseguido oscurecer, mejor dicho, hacer desaparecer la causa fundamental de toda desigualdad, que es la desigualdad econ\u00f3mica. Hoy existe un paralelismo entre el crecimiento del feminismo de la guerra de g\u00e9neros en nuestra sociedad y el crecimiento rampante de la desigualdad. Porque lo que ha conseguido es desplazar el foco de la distribuci\u00f3n de la ganancia y de la productividad, hacia la mayor menor desigualdad entre hombres y mujeres, de manera que la directora de una cadena de supermercados pertenece al mismo plano reivindicativo que la cajera por el hecho de ser mujer, y esta \u00faltima est\u00e1 enfrentada con el hombre que repone los productos en los lineales por el hecho de ser hombre, cuando los dos est\u00e1n unidos por sus condiciones de trabajo en la forma como se le redistribuye los beneficios en la empresa y confrontada con la directora. Si no mandamos al fregadero de la historia estas concepciones, la igualdad continuar\u00e1 imparable. Solamente hace falta tomar nota del Ministerio para la Igualdad de Espa\u00f1a, sin la m\u00e1s m\u00ednima competencia econ\u00f3mica, para constatar la sibilina estrategia que une a tirios y troyanos. Este es el desider\u00e1tum del poder econ\u00f3mico, como muestra la manera entusiasta de como la mayor\u00eda de grandes empresas celebran el 8 de marzo y feminismo., De ah\u00ed la alianza objetiva entre las \u00e9lites, o gran parte de ellas, las que solo viven para el dinero y su disfrute, el liberalismo de la globalizaci\u00f3n, con la progres\u00eda, porque a todos ellos les conviene situar el foco, no en la injusticia econ\u00f3mica, sino en las pugnas entre hombres y mujeres. La coincidencia con la progres\u00eda resulta de que el feminismo es su principal bandera, despu\u00e9s de que las ideas marxistas pasaran a peor vida. Hoy es un invento estupendo para las \u00e9lites dominantes y el poder establecido. En realidad, la izquierda entendida como tal, aquella que quiere realizar una gran transformaci\u00f3n en nombre de la justicia social y la solidaridad, nunca volver\u00e1 si antes no reniega de las concepciones y pr\u00e1cticas del feminismo de la lucha de g\u00e9neros y el feminismo queer.<\/p>\n","protected":false},"author":19,"featured_media":75656,"comment_status":"open","ping_status":"open","sticky":false,"template":"","format":"standard","meta":{"_FSMCFIC_featured_image_caption":"","_FSMCFIC_featured_image_nocaption":"","_FSMCFIC_featured_image_hide":"","footnotes":""},"categories":[],"tags":[3477],"class_list":["post-75655","post","type-post","status-publish","format-standard","has-post-thumbnail","hentry","tag-feminismo"],"yoast_head":"<!-- This site is optimized with the Yoast SEO plugin v26.8 - https:\/\/yoast.com\/product\/yoast-seo-wordpress\/ -->\n<title>Las consecuencias de la saturaci\u00f3n feminista - Converses a Catalunya<\/title>\n<meta name=\"description\" content=\"El feminismo contribuye, de una manera cada vez m\u00e1s creciente, a la polarizaci\u00f3n y al conflicto en el seno de la sociedad.\" \/>\n<meta name=\"robots\" content=\"index, follow, max-snippet:-1, max-image-preview:large, max-video-preview:-1\" \/>\n<link rel=\"canonical\" href=\"https:\/\/conversesacatalunya.cat\/es\/las-consecuencias-de-la-saturacion-feminista\/\" \/>\n<meta property=\"og:locale\" content=\"es_ES\" \/>\n<meta property=\"og:type\" content=\"article\" \/>\n<meta property=\"og:title\" content=\"Las consecuencias de la saturaci\u00f3n feminista - Converses a Catalunya\" \/>\n<meta property=\"og:description\" content=\"El feminismo contribuye, de una manera cada vez m\u00e1s creciente, a la polarizaci\u00f3n y al conflicto en el seno de la sociedad.\" \/>\n<meta property=\"og:url\" content=\"https:\/\/conversesacatalunya.cat\/es\/las-consecuencias-de-la-saturacion-feminista\/\" \/>\n<meta property=\"og:site_name\" content=\"Converses a Catalunya\" \/>\n<meta property=\"article:published_time\" content=\"2024-03-06T09:59:57+00:00\" \/>\n<meta property=\"og:image\" content=\"https:\/\/conversesacatalunya.cat\/wp-content\/uploads\/2024\/03\/consecuencias-feminismo.jpg\" \/>\n\t<meta property=\"og:image:width\" content=\"757\" \/>\n\t<meta property=\"og:image:height\" content=\"378\" \/>\n\t<meta property=\"og:image:type\" content=\"image\/jpeg\" \/>\n<meta name=\"author\" content=\"Josep Mir\u00f3 i Ard\u00e8vol\" \/>\n<meta name=\"twitter:card\" content=\"summary_large_image\" \/>\n<meta name=\"twitter:label1\" content=\"Escrito por\" \/>\n\t<meta name=\"twitter:data1\" content=\"Josep Mir\u00f3 i Ard\u00e8vol\" \/>\n\t<meta name=\"twitter:label2\" content=\"Tiempo de lectura\" \/>\n\t<meta name=\"twitter:data2\" content=\"4 minutos\" \/>\n<script type=\"application\/ld+json\" class=\"yoast-schema-graph\">{\"@context\":\"https:\/\/schema.org\",\"@graph\":[{\"@type\":\"Article\",\"@id\":\"https:\/\/conversesacatalunya.cat\/es\/las-consecuencias-de-la-saturacion-feminista\/#article\",\"isPartOf\":{\"@id\":\"https:\/\/conversesacatalunya.cat\/es\/las-consecuencias-de-la-saturacion-feminista\/\"},\"author\":{\"name\":\"Josep Mir\u00f3 i Ard\u00e8vol\",\"@id\":\"https:\/\/conversesacatalunya.cat\/#\/schema\/person\/a9598a6786ba7d3d1c5e0de477b79370\"},\"headline\":\"Las consecuencias de la saturaci\u00f3n feminista\",\"datePublished\":\"2024-03-06T09:59:57+00:00\",\"mainEntityOfPage\":{\"@id\":\"https:\/\/conversesacatalunya.cat\/es\/las-consecuencias-de-la-saturacion-feminista\/\"},\"wordCount\":878,\"commentCount\":0,\"image\":{\"@id\":\"https:\/\/conversesacatalunya.cat\/es\/las-consecuencias-de-la-saturacion-feminista\/#primaryimage\"},\"thumbnailUrl\":\"https:\/\/conversesacatalunya.cat\/wp-content\/uploads\/2024\/03\/consecuencias-feminismo.jpg\",\"keywords\":[\"Feminismo\"],\"inLanguage\":\"es\",\"potentialAction\":[{\"@type\":\"CommentAction\",\"name\":\"Comment\",\"target\":[\"https:\/\/conversesacatalunya.cat\/es\/las-consecuencias-de-la-saturacion-feminista\/#respond\"]}]},{\"@type\":\"WebPage\",\"@id\":\"https:\/\/conversesacatalunya.cat\/es\/las-consecuencias-de-la-saturacion-feminista\/\",\"url\":\"https:\/\/conversesacatalunya.cat\/es\/las-consecuencias-de-la-saturacion-feminista\/\",\"name\":\"Las consecuencias de la saturaci\u00f3n feminista - Converses a Catalunya\",\"isPartOf\":{\"@id\":\"https:\/\/conversesacatalunya.cat\/#website\"},\"primaryImageOfPage\":{\"@id\":\"https:\/\/conversesacatalunya.cat\/es\/las-consecuencias-de-la-saturacion-feminista\/#primaryimage\"},\"image\":{\"@id\":\"https:\/\/conversesacatalunya.cat\/es\/las-consecuencias-de-la-saturacion-feminista\/#primaryimage\"},\"thumbnailUrl\":\"https:\/\/conversesacatalunya.cat\/wp-content\/uploads\/2024\/03\/consecuencias-feminismo.jpg\",\"datePublished\":\"2024-03-06T09:59:57+00:00\",\"author\":{\"@id\":\"https:\/\/conversesacatalunya.cat\/#\/schema\/person\/a9598a6786ba7d3d1c5e0de477b79370\"},\"description\":\"El feminismo contribuye, de una manera cada vez m\u00e1s creciente, a la polarizaci\u00f3n y al conflicto en el seno de la sociedad.\",\"breadcrumb\":{\"@id\":\"https:\/\/conversesacatalunya.cat\/es\/las-consecuencias-de-la-saturacion-feminista\/#breadcrumb\"},\"inLanguage\":\"es\",\"potentialAction\":[{\"@type\":\"ReadAction\",\"target\":[\"https:\/\/conversesacatalunya.cat\/es\/las-consecuencias-de-la-saturacion-feminista\/\"]}]},{\"@type\":\"ImageObject\",\"inLanguage\":\"es\",\"@id\":\"https:\/\/conversesacatalunya.cat\/es\/las-consecuencias-de-la-saturacion-feminista\/#primaryimage\",\"url\":\"https:\/\/conversesacatalunya.cat\/wp-content\/uploads\/2024\/03\/consecuencias-feminismo.jpg\",\"contentUrl\":\"https:\/\/conversesacatalunya.cat\/wp-content\/uploads\/2024\/03\/consecuencias-feminismo.jpg\",\"width\":757,\"height\":378,\"caption\":\"consecuencias feminismo\"},{\"@type\":\"BreadcrumbList\",\"@id\":\"https:\/\/conversesacatalunya.cat\/es\/las-consecuencias-de-la-saturacion-feminista\/#breadcrumb\",\"itemListElement\":[{\"@type\":\"ListItem\",\"position\":1,\"name\":\"Inici\",\"item\":\"https:\/\/conversesacatalunya.cat\/es\/\"},{\"@type\":\"ListItem\",\"position\":2,\"name\":\"Las consecuencias de la saturaci\u00f3n feminista\"}]},{\"@type\":\"WebSite\",\"@id\":\"https:\/\/conversesacatalunya.cat\/#website\",\"url\":\"https:\/\/conversesacatalunya.cat\/\",\"name\":\"Converses a Catalunya\",\"description\":\"\",\"potentialAction\":[{\"@type\":\"SearchAction\",\"target\":{\"@type\":\"EntryPoint\",\"urlTemplate\":\"https:\/\/conversesacatalunya.cat\/?s={search_term_string}\"},\"query-input\":{\"@type\":\"PropertyValueSpecification\",\"valueRequired\":true,\"valueName\":\"search_term_string\"}}],\"inLanguage\":\"es\"},{\"@type\":\"Person\",\"@id\":\"https:\/\/conversesacatalunya.cat\/#\/schema\/person\/a9598a6786ba7d3d1c5e0de477b79370\",\"name\":\"Josep Mir\u00f3 i Ard\u00e8vol\",\"image\":{\"@type\":\"ImageObject\",\"inLanguage\":\"es\",\"@id\":\"https:\/\/conversesacatalunya.cat\/#\/schema\/person\/image\/\",\"url\":\"https:\/\/conversesacatalunya.cat\/wp-content\/litespeed\/avatar\/c37e3dc881857483d6694cdf98fdedea.jpg?ver=1777270381\",\"contentUrl\":\"https:\/\/conversesacatalunya.cat\/wp-content\/litespeed\/avatar\/c37e3dc881857483d6694cdf98fdedea.jpg?ver=1777270381\",\"caption\":\"Josep Mir\u00f3 i Ard\u00e8vol\"},\"url\":\"https:\/\/conversesacatalunya.cat\/es\/author\/josep-miro-i-ardevol\/\"}]}<\/script>\n<!-- \/ Yoast SEO plugin. -->","yoast_head_json":{"title":"Las consecuencias de la saturaci\u00f3n feminista - Converses a Catalunya","description":"El feminismo contribuye, de una manera cada vez m\u00e1s creciente, a la polarizaci\u00f3n y al conflicto en el seno de la sociedad.","robots":{"index":"index","follow":"follow","max-snippet":"max-snippet:-1","max-image-preview":"max-image-preview:large","max-video-preview":"max-video-preview:-1"},"canonical":"https:\/\/conversesacatalunya.cat\/es\/las-consecuencias-de-la-saturacion-feminista\/","og_locale":"es_ES","og_type":"article","og_title":"Las consecuencias de la saturaci\u00f3n feminista - Converses a Catalunya","og_description":"El feminismo contribuye, de una manera cada vez m\u00e1s creciente, a la polarizaci\u00f3n y al conflicto en el seno de la sociedad.","og_url":"https:\/\/conversesacatalunya.cat\/es\/las-consecuencias-de-la-saturacion-feminista\/","og_site_name":"Converses a Catalunya","article_published_time":"2024-03-06T09:59:57+00:00","og_image":[{"width":757,"height":378,"url":"https:\/\/conversesacatalunya.cat\/wp-content\/uploads\/2024\/03\/consecuencias-feminismo.jpg","type":"image\/jpeg"}],"author":"Josep Mir\u00f3 i Ard\u00e8vol","twitter_card":"summary_large_image","twitter_misc":{"Escrito por":"Josep Mir\u00f3 i Ard\u00e8vol","Tiempo de lectura":"4 minutos"},"schema":{"@context":"https:\/\/schema.org","@graph":[{"@type":"Article","@id":"https:\/\/conversesacatalunya.cat\/es\/las-consecuencias-de-la-saturacion-feminista\/#article","isPartOf":{"@id":"https:\/\/conversesacatalunya.cat\/es\/las-consecuencias-de-la-saturacion-feminista\/"},"author":{"name":"Josep Mir\u00f3 i Ard\u00e8vol","@id":"https:\/\/conversesacatalunya.cat\/#\/schema\/person\/a9598a6786ba7d3d1c5e0de477b79370"},"headline":"Las consecuencias de la saturaci\u00f3n feminista","datePublished":"2024-03-06T09:59:57+00:00","mainEntityOfPage":{"@id":"https:\/\/conversesacatalunya.cat\/es\/las-consecuencias-de-la-saturacion-feminista\/"},"wordCount":878,"commentCount":0,"image":{"@id":"https:\/\/conversesacatalunya.cat\/es\/las-consecuencias-de-la-saturacion-feminista\/#primaryimage"},"thumbnailUrl":"https:\/\/conversesacatalunya.cat\/wp-content\/uploads\/2024\/03\/consecuencias-feminismo.jpg","keywords":["Feminismo"],"inLanguage":"es","potentialAction":[{"@type":"CommentAction","name":"Comment","target":["https:\/\/conversesacatalunya.cat\/es\/las-consecuencias-de-la-saturacion-feminista\/#respond"]}]},{"@type":"WebPage","@id":"https:\/\/conversesacatalunya.cat\/es\/las-consecuencias-de-la-saturacion-feminista\/","url":"https:\/\/conversesacatalunya.cat\/es\/las-consecuencias-de-la-saturacion-feminista\/","name":"Las consecuencias de la saturaci\u00f3n feminista - Converses a Catalunya","isPartOf":{"@id":"https:\/\/conversesacatalunya.cat\/#website"},"primaryImageOfPage":{"@id":"https:\/\/conversesacatalunya.cat\/es\/las-consecuencias-de-la-saturacion-feminista\/#primaryimage"},"image":{"@id":"https:\/\/conversesacatalunya.cat\/es\/las-consecuencias-de-la-saturacion-feminista\/#primaryimage"},"thumbnailUrl":"https:\/\/conversesacatalunya.cat\/wp-content\/uploads\/2024\/03\/consecuencias-feminismo.jpg","datePublished":"2024-03-06T09:59:57+00:00","author":{"@id":"https:\/\/conversesacatalunya.cat\/#\/schema\/person\/a9598a6786ba7d3d1c5e0de477b79370"},"description":"El feminismo contribuye, de una manera cada vez m\u00e1s creciente, a la polarizaci\u00f3n y al conflicto en el seno de la sociedad.","breadcrumb":{"@id":"https:\/\/conversesacatalunya.cat\/es\/las-consecuencias-de-la-saturacion-feminista\/#breadcrumb"},"inLanguage":"es","potentialAction":[{"@type":"ReadAction","target":["https:\/\/conversesacatalunya.cat\/es\/las-consecuencias-de-la-saturacion-feminista\/"]}]},{"@type":"ImageObject","inLanguage":"es","@id":"https:\/\/conversesacatalunya.cat\/es\/las-consecuencias-de-la-saturacion-feminista\/#primaryimage","url":"https:\/\/conversesacatalunya.cat\/wp-content\/uploads\/2024\/03\/consecuencias-feminismo.jpg","contentUrl":"https:\/\/conversesacatalunya.cat\/wp-content\/uploads\/2024\/03\/consecuencias-feminismo.jpg","width":757,"height":378,"caption":"consecuencias feminismo"},{"@type":"BreadcrumbList","@id":"https:\/\/conversesacatalunya.cat\/es\/las-consecuencias-de-la-saturacion-feminista\/#breadcrumb","itemListElement":[{"@type":"ListItem","position":1,"name":"Inici","item":"https:\/\/conversesacatalunya.cat\/es\/"},{"@type":"ListItem","position":2,"name":"Las consecuencias de la saturaci\u00f3n feminista"}]},{"@type":"WebSite","@id":"https:\/\/conversesacatalunya.cat\/#website","url":"https:\/\/conversesacatalunya.cat\/","name":"Converses a Catalunya","description":"","potentialAction":[{"@type":"SearchAction","target":{"@type":"EntryPoint","urlTemplate":"https:\/\/conversesacatalunya.cat\/?s={search_term_string}"},"query-input":{"@type":"PropertyValueSpecification","valueRequired":true,"valueName":"search_term_string"}}],"inLanguage":"es"},{"@type":"Person","@id":"https:\/\/conversesacatalunya.cat\/#\/schema\/person\/a9598a6786ba7d3d1c5e0de477b79370","name":"Josep Mir\u00f3 i Ard\u00e8vol","image":{"@type":"ImageObject","inLanguage":"es","@id":"https:\/\/conversesacatalunya.cat\/#\/schema\/person\/image\/","url":"https:\/\/conversesacatalunya.cat\/wp-content\/litespeed\/avatar\/c37e3dc881857483d6694cdf98fdedea.jpg?ver=1777270381","contentUrl":"https:\/\/conversesacatalunya.cat\/wp-content\/litespeed\/avatar\/c37e3dc881857483d6694cdf98fdedea.jpg?ver=1777270381","caption":"Josep Mir\u00f3 i Ard\u00e8vol"},"url":"https:\/\/conversesacatalunya.cat\/es\/author\/josep-miro-i-ardevol\/"}]}},"wps_subtitle":"El feminismo contribuye, de una manera cada vez m\u00e1s creciente, a la polarizaci\u00f3n y al conflicto en el seno de la sociedad. Lo hace contaminando su ferocidad a todas las ideas pol\u00edticas.","_links":{"self":[{"href":"https:\/\/conversesacatalunya.cat\/es\/wp-json\/wp\/v2\/posts\/75655","targetHints":{"allow":["GET"]}}],"collection":[{"href":"https:\/\/conversesacatalunya.cat\/es\/wp-json\/wp\/v2\/posts"}],"about":[{"href":"https:\/\/conversesacatalunya.cat\/es\/wp-json\/wp\/v2\/types\/post"}],"author":[{"embeddable":true,"href":"https:\/\/conversesacatalunya.cat\/es\/wp-json\/wp\/v2\/users\/19"}],"replies":[{"embeddable":true,"href":"https:\/\/conversesacatalunya.cat\/es\/wp-json\/wp\/v2\/comments?post=75655"}],"version-history":[{"count":1,"href":"https:\/\/conversesacatalunya.cat\/es\/wp-json\/wp\/v2\/posts\/75655\/revisions"}],"predecessor-version":[{"id":75658,"href":"https:\/\/conversesacatalunya.cat\/es\/wp-json\/wp\/v2\/posts\/75655\/revisions\/75658"}],"wp:featuredmedia":[{"embeddable":true,"href":"https:\/\/conversesacatalunya.cat\/es\/wp-json\/wp\/v2\/media\/75656"}],"wp:attachment":[{"href":"https:\/\/conversesacatalunya.cat\/es\/wp-json\/wp\/v2\/media?parent=75655"}],"wp:term":[{"taxonomy":"category","embeddable":true,"href":"https:\/\/conversesacatalunya.cat\/es\/wp-json\/wp\/v2\/categories?post=75655"},{"taxonomy":"post_tag","embeddable":true,"href":"https:\/\/conversesacatalunya.cat\/es\/wp-json\/wp\/v2\/tags?post=75655"}],"curies":[{"name":"wp","href":"https:\/\/api.w.org\/{rel}","templated":true}]}}