{"id":75511,"date":"2024-03-01T12:16:43","date_gmt":"2024-03-01T11:16:43","guid":{"rendered":"https:\/\/conversesacatalunya.cat\/les-consequencies-perverses-de-la-discriminacio-feminista-en-els-mossos-desquadra\/"},"modified":"2024-03-01T12:45:22","modified_gmt":"2024-03-01T11:45:22","slug":"las-consecuencias-perversas-de-la-discriminacion-feminista-en-los-mossos-desquadra","status":"publish","type":"post","link":"https:\/\/conversesacatalunya.cat\/es\/las-consecuencias-perversas-de-la-discriminacion-feminista-en-los-mossos-desquadra\/","title":{"rendered":"Las consecuencias perversas de la discriminaci\u00f3n feminista en los mossos d&#8217;esquadra"},"content":{"rendered":"<p>Ahora que ha finalizado el concurso de ascenso de agentes de la polic\u00eda auton\u00f3mica se ponen de manifiesto las consecuencias abusivas de la voluntad del gobierno Aragon\u00e8s y la acci\u00f3n del consejero Elena de <strong>\u201cfeminizar\u201d los mandos de la polic\u00eda<\/strong>\u00a0a toda costa.<\/p>\n<p>En el recientemente finalizado concurso se presentaron 81 mujeres y 432 varones.\u00a0El resultado ya de entrada hace da\u00f1o a los ojos porque aprobaron a m\u00e1s del 50% de las mujeres por s\u00f3lo un 29% de los hombres.\u00a0\u00bfC\u00f3mo es posible esa diferencia de casi 2 a 1?\u00a0\u00bfPorque los resultados de las mujeres son mejores? No, es totalmente lo contrario, y es consecuencia de la discriminaci\u00f3n que sufren los hombres polic\u00edas de la Generalitat de Catalunya.<\/p>\n<p><img fetchpriority=\"high\" decoding=\"async\" class=\"aligncenter size-full wp-image-75500\" src=\"https:\/\/conversesacatalunya.cat\/wp-content\/uploads\/2024\/03\/mossos2.jpg\" alt=\"\" width=\"765\" height=\"586\" srcset=\"https:\/\/conversesacatalunya.cat\/wp-content\/uploads\/2024\/03\/mossos2.jpg 765w, https:\/\/conversesacatalunya.cat\/wp-content\/uploads\/2024\/03\/mossos2-300x230.jpg 300w\" sizes=\"(max-width: 765px) 100vw, 765px\" \/><\/p>\n<p>De entrada, las pruebas f\u00edsicas son mucho menos exigentes, como si en condiciones de necesidad la realidad exigiera menos preparaci\u00f3n f\u00edsica por ser una mujer que un hombre.\u00a0En este punto existe una poderosa distorsi\u00f3n ocasionada por el feminismo de la discriminaci\u00f3n que supedita el servicio y la seguridad del ciudadano a las famosas cuotas, que, en este caso, son adem\u00e1s abusivas.\u00a0De modo que\u00a0<strong>se aceptan polic\u00edas que tienen una condici\u00f3n f\u00edsica muy inferior a la que se considera necesaria para el buen ejercicio del servicio<\/strong>.<\/p>\n<p>Pero siendo \u00e9sta una cuesti\u00f3n importante no es la m\u00e1s grave.\u00a0El departamento de Interior hab\u00eda reservado 43 plazas para mujeres sargentos para un total de 83 aspirantes.\u00a0Ya se ve que era un exceso de reserva de plazas para mujeres, porque aquellas 43 deb\u00edan aprobar sea como sea, lo que ha hecho que una mujer pueda ser sargento con una puntuaci\u00f3n m\u00ednima de 60,27 puntos, dejando fuera a muchos agentes de la polic\u00eda que han obtenido baremos superiores pese a la mayor dificultad de las pruebas f\u00edsicas, que son uno de los componentes del concurso. <strong>19 de las 43 mujeres han sacado puntuaciones inferiores a las de los mossos excluidos<\/strong>.\u00a0El primer hombre que ya qued\u00f3 fuera de la carrera de sargento sac\u00f3 un 70,96 puntos, superior a la mujer n\u00famero 24 que logr\u00f3 70,32 puntos.\u00a0De esa cifra hasta la 43 son mujeres que ser\u00e1n sargentos con resultados muy inferiores a los de los hombres.\u00a0\u00c9ste es el resultado de las pruebas, que comprenden un cuestionario te\u00f3rico, un test psicot\u00e9cnico, un caso pr\u00e1ctico y la famosa prueba f\u00edsica que siempre representa una prima de puntuaci\u00f3n para las mujeres.<\/p>\n<p><strong>Sin privilegios s\u00f3lo habr\u00edan llegado a sargento, y como mucho, 23 mujeres y no 43<\/strong>.\u00a0Y si las pruebas f\u00edsicas hubieran sido m\u00e1s equilibradas;\u00a0ya no digamos iguales, la cifra habr\u00eda sido m\u00e1s baja todav\u00eda.\u00a0La intervenci\u00f3n discriminatoria del gobierno de Aragon\u00e8s ha dejado fuera del ascenso a 84 hombres que se lo merec\u00edan por su puntuaci\u00f3n y eso es mucho.<\/p>\n<p>Y las consecuencias tambi\u00e9n lo son.\u00a0De cara al cuerpo policial, porque crean un profundo malestar y una desconfianza hacia el futuro mando de las mujeres.\u00a0Forzar de este modo las cosas no genera mejores condiciones para la mujer, por el contrario, s\u00f3lo consigue el\u00a0<strong>rechazo mayoritario de sus compa\u00f1eros<\/strong>, que las contemplan como privilegiadas por razones pol\u00edticas e ideol\u00f3gicas.\u00a0Este hecho a quien perjudica es sobre todo a las mujeres v\u00e1lidas, aqu\u00e9llas que igualmente habr\u00edan sido sargentos sin incurrir en discriminaciones tan abusivas.\u00a0Pero, el perjuicio, tambi\u00e9n es hacia el ciudadano, porque resulta que su seguridad, el buen servicio policial se ve condicionado porque el feminismo quiere, sea como sea, que las mujeres logren una determinada proporci\u00f3n, aunque sea de la mano de la injusticia m\u00e1s flagrante.\u00a0El feminismo de exclusi\u00f3n de los hombres juega con el dinero p\u00fablico y nuestra seguridad.\u00a0Tenemos derecho a reclamar que se ponga fin a tanta arbitrariedad.<\/p>\n<p>Hay especialidades de la polic\u00eda que tienen unos requisitos espec\u00edficos, en los que las diferencias entre hombres y mujeres son secundarios, podr\u00edan realizarse oposiciones y pruebas espec\u00edficas limitadas a estos campos y no alterar de este modo el funcionamiento global de la polic\u00eda.<\/p>\n<p>(La informaci\u00f3n sobre los datos ha sido publicada en \u201cX\u201d por el periodista Aleix Mercader).<\/p>\n<div id=\"polls-231\" class=\"wp-polls\">\n\t<form id=\"polls_form_231\" class=\"wp-polls-form\" action=\"\/index.php\" method=\"post\">\n\t\t<p style=\"display: none;\"><input type=\"hidden\" id=\"poll_231_nonce\" name=\"wp-polls-nonce\" value=\"9deb8bd1fc\" \/><\/p>\n\t\t<p style=\"display: none;\"><input type=\"hidden\" name=\"poll_id\" value=\"231\" \/><\/p>\n\t\t<p style=\"text-align: center\"><strong>Creus que el president del govern espanyol hauria de donar alguna explicaci\u00f3 per com es va gestionar tot el tema de les mascaretes durant la pand\u00e8mia?<\/strong><\/p><div id=\"polls-231-ans\" class=\"wp-polls-ans\"><ul class=\"wp-polls-ul\">\n\t\t<li><input type=\"radio\" id=\"poll-answer-642\" name=\"poll_231\" value=\"642\" \/> <label for=\"poll-answer-642\">S\u00ed<\/label><\/li>\n\t\t<li><input type=\"radio\" id=\"poll-answer-643\" name=\"poll_231\" value=\"643\" \/> <label for=\"poll-answer-643\">No<\/label><\/li>\n\t\t<li><input type=\"radio\" id=\"poll-answer-644\" name=\"poll_231\" value=\"644\" \/> <label for=\"poll-answer-644\">No ho s\u00e9<\/label><\/li>\n\t\t<\/ul><p style=\"text-align: center\"><input type=\"button\" name=\"vote\" value=\"   Vota   \" class=\"Buttons\" onclick=\"poll_vote(231);\" \/><\/p><p style=\"text-align: center\"><a href=\"#ViewPollResults\" onclick=\"poll_result(231); return false;\" title=\"View Results Of This Poll\">Mira els resultats<\/a><\/p><\/div>\n\t<\/form>\n<\/div>\n<div id=\"polls-231-loading\" class=\"wp-polls-loading\"><img decoding=\"async\" data-src=\"https:\/\/conversesacatalunya.cat\/wp-content\/plugins\/wp-polls\/images\/loading.gif\" width=\"16\" height=\"16\" alt=\"Cargando ...\" title=\"Cargando ...\" class=\"wp-polls-image lazyload\" src=\"data:image\/svg+xml;base64,PHN2ZyB3aWR0aD0iMSIgaGVpZ2h0PSIxIiB4bWxucz0iaHR0cDovL3d3dy53My5vcmcvMjAwMC9zdmciPjwvc3ZnPg==\" style=\"--smush-placeholder-width: 16px; --smush-placeholder-aspect-ratio: 16\/16;\" \/>&nbsp;Cargando ...<\/div>\n\n","protected":false},"excerpt":{"rendered":"<p>Ahora que ha finalizado el concurso de ascenso de agentes de la polic\u00eda auton\u00f3mica se ponen de manifiesto las consecuencias abusivas de la voluntad del gobierno Aragon\u00e8s y la acci\u00f3n del consejero Elena de \u201cfeminizar\u201d los mandos de la polic\u00eda\u00a0a toda costa. En el recientemente finalizado concurso se presentaron 81 mujeres y 432 varones.\u00a0El resultado ya de entrada hace da\u00f1o a los ojos porque aprobaron a m\u00e1s del 50% de las mujeres por s\u00f3lo un 29% de los hombres.\u00a0\u00bfC\u00f3mo es posible esa diferencia de casi 2 a 1?\u00a0\u00bfPorque los resultados de las mujeres son mejores? No, es totalmente lo contrario, y es consecuencia de la discriminaci\u00f3n que sufren los hombres polic\u00edas de la Generalitat de Catalunya. De entrada, las pruebas f\u00edsicas son mucho menos exigentes, como si en condiciones de necesidad la realidad exigiera menos preparaci\u00f3n f\u00edsica por ser una mujer que un hombre.\u00a0En este punto existe una poderosa distorsi\u00f3n ocasionada por el feminismo de la discriminaci\u00f3n que supedita el servicio y la seguridad del ciudadano a las famosas cuotas, que, en este caso, son adem\u00e1s abusivas.\u00a0De modo que\u00a0se aceptan polic\u00edas que tienen una condici\u00f3n f\u00edsica muy inferior a la que se considera necesaria para el buen ejercicio del servicio. Pero siendo \u00e9sta una cuesti\u00f3n importante no es la m\u00e1s grave.\u00a0El departamento de Interior hab\u00eda reservado 43 plazas para mujeres sargentos para un total de 83 aspirantes.\u00a0Ya se ve que era un exceso de reserva de plazas para mujeres, porque aquellas 43 deb\u00edan aprobar sea como sea, lo que ha hecho que una mujer pueda ser sargento con una puntuaci\u00f3n m\u00ednima de 60,27 puntos, dejando fuera a muchos agentes de la polic\u00eda que han obtenido baremos superiores pese a la mayor dificultad de las pruebas f\u00edsicas, que son uno de los componentes del concurso. 19 de las 43 mujeres han sacado puntuaciones inferiores a las de los mossos excluidos.\u00a0El primer hombre que ya qued\u00f3 fuera de la carrera de sargento sac\u00f3 un 70,96 puntos, superior a la mujer n\u00famero 24 que logr\u00f3 70,32 puntos.\u00a0De esa cifra hasta la 43 son mujeres que ser\u00e1n sargentos con resultados muy inferiores a los de los hombres.\u00a0\u00c9ste es el resultado de las pruebas, que comprenden un cuestionario te\u00f3rico, un test psicot\u00e9cnico, un caso pr\u00e1ctico y la famosa prueba f\u00edsica que siempre representa una prima de puntuaci\u00f3n para las mujeres. Sin privilegios s\u00f3lo habr\u00edan llegado a sargento, y como mucho, 23 mujeres y no 43.\u00a0Y si las pruebas f\u00edsicas hubieran sido m\u00e1s equilibradas;\u00a0ya no digamos iguales, la cifra habr\u00eda sido m\u00e1s baja todav\u00eda.\u00a0La intervenci\u00f3n discriminatoria del gobierno de Aragon\u00e8s ha dejado fuera del ascenso a 84 hombres que se lo merec\u00edan por su puntuaci\u00f3n y eso es mucho. Y las consecuencias tambi\u00e9n lo son.\u00a0De cara al cuerpo policial, porque crean un profundo malestar y una desconfianza hacia el futuro mando de las mujeres.\u00a0Forzar de este modo las cosas no genera mejores condiciones para la mujer, por el contrario, s\u00f3lo consigue el\u00a0rechazo mayoritario de sus compa\u00f1eros, que las contemplan como privilegiadas por razones pol\u00edticas e ideol\u00f3gicas.\u00a0Este hecho a quien perjudica es sobre todo a las mujeres v\u00e1lidas, aqu\u00e9llas que igualmente habr\u00edan sido sargentos sin incurrir en discriminaciones tan abusivas.\u00a0Pero, el perjuicio, tambi\u00e9n es hacia el ciudadano, porque resulta que su seguridad, el buen servicio policial se ve condicionado porque el feminismo quiere, sea como sea, que las mujeres logren una determinada proporci\u00f3n, aunque sea de la mano de la injusticia m\u00e1s flagrante.\u00a0El feminismo de exclusi\u00f3n de los hombres juega con el dinero p\u00fablico y nuestra seguridad.\u00a0Tenemos derecho a reclamar que se ponga fin a tanta arbitrariedad. Hay especialidades de la polic\u00eda que tienen unos requisitos espec\u00edficos, en los que las diferencias entre hombres y mujeres son secundarios, podr\u00edan realizarse oposiciones y pruebas espec\u00edficas limitadas a estos campos y no alterar de este modo el funcionamiento global de la polic\u00eda. (La informaci\u00f3n sobre los datos ha sido publicada en \u201cX\u201d por el periodista Aleix Mercader).<\/p>\n","protected":false},"author":78,"featured_media":75505,"comment_status":"open","ping_status":"open","sticky":false,"template":"","format":"standard","meta":{"_FSMCFIC_featured_image_caption":"","_FSMCFIC_featured_image_nocaption":"","_FSMCFIC_featured_image_hide":"","footnotes":""},"categories":[806],"tags":[1883,129],"class_list":["post-75511","post","type-post","status-publish","format-standard","has-post-thumbnail","hentry","category-punts-claus-del-dia-es","tag-mossos-desquadra-es-2","tag-mossos-desquadra"],"yoast_head":"<!-- This site is optimized with the Yoast SEO plugin v26.8 - https:\/\/yoast.com\/product\/yoast-seo-wordpress\/ -->\n<title>Las consecuencias perversas de la discriminaci\u00f3n feminista en los mossos d&#039;esquadra - Converses a Catalunya<\/title>\n<meta name=\"description\" content=\"El feminismo de exclusi\u00f3n de los hombres juega con el dinero p\u00fablico y nuestra seguridad. Tenemos el derecho a reclamar que se ponga fin a tanta arbitrariedad\" \/>\n<meta name=\"robots\" content=\"index, follow, max-snippet:-1, max-image-preview:large, max-video-preview:-1\" \/>\n<link rel=\"canonical\" href=\"https:\/\/conversesacatalunya.cat\/es\/las-consecuencias-perversas-de-la-discriminacion-feminista-en-los-mossos-desquadra\/\" \/>\n<meta property=\"og:locale\" content=\"es_ES\" \/>\n<meta property=\"og:type\" content=\"article\" \/>\n<meta property=\"og:title\" content=\"Las consecuencias perversas de la discriminaci\u00f3n feminista en los mossos d&#039;esquadra - Converses a Catalunya\" \/>\n<meta property=\"og:description\" content=\"El feminismo de exclusi\u00f3n de los hombres juega con el dinero p\u00fablico y nuestra seguridad. Tenemos el derecho a reclamar que se ponga fin a tanta arbitrariedad\" \/>\n<meta property=\"og:url\" content=\"https:\/\/conversesacatalunya.cat\/es\/las-consecuencias-perversas-de-la-discriminacion-feminista-en-los-mossos-desquadra\/\" \/>\n<meta property=\"og:site_name\" content=\"Converses a Catalunya\" \/>\n<meta property=\"article:published_time\" content=\"2024-03-01T11:16:43+00:00\" \/>\n<meta property=\"article:modified_time\" content=\"2024-03-01T11:45:22+00:00\" \/>\n<meta property=\"og:image\" content=\"https:\/\/conversesacatalunya.cat\/wp-content\/uploads\/2024\/03\/mossos.jpg\" \/>\n\t<meta property=\"og:image:width\" content=\"550\" \/>\n\t<meta property=\"og:image:height\" content=\"300\" \/>\n\t<meta property=\"og:image:type\" content=\"image\/jpeg\" \/>\n<meta name=\"author\" content=\"Joan Masip\" \/>\n<meta name=\"twitter:card\" content=\"summary_large_image\" \/>\n<meta name=\"twitter:label1\" content=\"Escrito por\" \/>\n\t<meta name=\"twitter:data1\" content=\"Joan Masip\" \/>\n\t<meta name=\"twitter:label2\" content=\"Tiempo de lectura\" \/>\n\t<meta name=\"twitter:data2\" content=\"4 minutos\" \/>\n<script type=\"application\/ld+json\" class=\"yoast-schema-graph\">{\"@context\":\"https:\/\/schema.org\",\"@graph\":[{\"@type\":\"Article\",\"@id\":\"https:\/\/conversesacatalunya.cat\/es\/las-consecuencias-perversas-de-la-discriminacion-feminista-en-los-mossos-desquadra\/#article\",\"isPartOf\":{\"@id\":\"https:\/\/conversesacatalunya.cat\/es\/las-consecuencias-perversas-de-la-discriminacion-feminista-en-los-mossos-desquadra\/\"},\"author\":{\"name\":\"Joan Masip\",\"@id\":\"https:\/\/conversesacatalunya.cat\/#\/schema\/person\/311d0bf53def217d5124c78a7bc42275\"},\"headline\":\"Las consecuencias perversas de la discriminaci\u00f3n feminista en los mossos d&#8217;esquadra\",\"datePublished\":\"2024-03-01T11:16:43+00:00\",\"dateModified\":\"2024-03-01T11:45:22+00:00\",\"mainEntityOfPage\":{\"@id\":\"https:\/\/conversesacatalunya.cat\/es\/las-consecuencias-perversas-de-la-discriminacion-feminista-en-los-mossos-desquadra\/\"},\"wordCount\":731,\"commentCount\":0,\"image\":{\"@id\":\"https:\/\/conversesacatalunya.cat\/es\/las-consecuencias-perversas-de-la-discriminacion-feminista-en-los-mossos-desquadra\/#primaryimage\"},\"thumbnailUrl\":\"https:\/\/conversesacatalunya.cat\/wp-content\/uploads\/2024\/03\/mossos.jpg\",\"keywords\":[\"Mossos d'Esquadra\",\"Mossos d'Esquadra\"],\"articleSection\":[\"Punts clau del dia (ES)\"],\"inLanguage\":\"es\",\"potentialAction\":[{\"@type\":\"CommentAction\",\"name\":\"Comment\",\"target\":[\"https:\/\/conversesacatalunya.cat\/es\/las-consecuencias-perversas-de-la-discriminacion-feminista-en-los-mossos-desquadra\/#respond\"]}]},{\"@type\":\"WebPage\",\"@id\":\"https:\/\/conversesacatalunya.cat\/es\/las-consecuencias-perversas-de-la-discriminacion-feminista-en-los-mossos-desquadra\/\",\"url\":\"https:\/\/conversesacatalunya.cat\/es\/las-consecuencias-perversas-de-la-discriminacion-feminista-en-los-mossos-desquadra\/\",\"name\":\"Las consecuencias perversas de la discriminaci\u00f3n feminista en los mossos d'esquadra - Converses a Catalunya\",\"isPartOf\":{\"@id\":\"https:\/\/conversesacatalunya.cat\/#website\"},\"primaryImageOfPage\":{\"@id\":\"https:\/\/conversesacatalunya.cat\/es\/las-consecuencias-perversas-de-la-discriminacion-feminista-en-los-mossos-desquadra\/#primaryimage\"},\"image\":{\"@id\":\"https:\/\/conversesacatalunya.cat\/es\/las-consecuencias-perversas-de-la-discriminacion-feminista-en-los-mossos-desquadra\/#primaryimage\"},\"thumbnailUrl\":\"https:\/\/conversesacatalunya.cat\/wp-content\/uploads\/2024\/03\/mossos.jpg\",\"datePublished\":\"2024-03-01T11:16:43+00:00\",\"dateModified\":\"2024-03-01T11:45:22+00:00\",\"author\":{\"@id\":\"https:\/\/conversesacatalunya.cat\/#\/schema\/person\/311d0bf53def217d5124c78a7bc42275\"},\"description\":\"El feminismo de exclusi\u00f3n de los hombres juega con el dinero p\u00fablico y nuestra seguridad. Tenemos el derecho a reclamar que se ponga fin a tanta arbitrariedad\",\"breadcrumb\":{\"@id\":\"https:\/\/conversesacatalunya.cat\/es\/las-consecuencias-perversas-de-la-discriminacion-feminista-en-los-mossos-desquadra\/#breadcrumb\"},\"inLanguage\":\"es\",\"potentialAction\":[{\"@type\":\"ReadAction\",\"target\":[\"https:\/\/conversesacatalunya.cat\/es\/las-consecuencias-perversas-de-la-discriminacion-feminista-en-los-mossos-desquadra\/\"]}]},{\"@type\":\"ImageObject\",\"inLanguage\":\"es\",\"@id\":\"https:\/\/conversesacatalunya.cat\/es\/las-consecuencias-perversas-de-la-discriminacion-feminista-en-los-mossos-desquadra\/#primaryimage\",\"url\":\"https:\/\/conversesacatalunya.cat\/wp-content\/uploads\/2024\/03\/mossos.jpg\",\"contentUrl\":\"https:\/\/conversesacatalunya.cat\/wp-content\/uploads\/2024\/03\/mossos.jpg\",\"width\":550,\"height\":300},{\"@type\":\"BreadcrumbList\",\"@id\":\"https:\/\/conversesacatalunya.cat\/es\/las-consecuencias-perversas-de-la-discriminacion-feminista-en-los-mossos-desquadra\/#breadcrumb\",\"itemListElement\":[{\"@type\":\"ListItem\",\"position\":1,\"name\":\"Inici\",\"item\":\"https:\/\/conversesacatalunya.cat\/es\/\"},{\"@type\":\"ListItem\",\"position\":2,\"name\":\"Las consecuencias perversas de la discriminaci\u00f3n feminista en los mossos d&#8217;esquadra\"}]},{\"@type\":\"WebSite\",\"@id\":\"https:\/\/conversesacatalunya.cat\/#website\",\"url\":\"https:\/\/conversesacatalunya.cat\/\",\"name\":\"Converses a Catalunya\",\"description\":\"\",\"potentialAction\":[{\"@type\":\"SearchAction\",\"target\":{\"@type\":\"EntryPoint\",\"urlTemplate\":\"https:\/\/conversesacatalunya.cat\/?s={search_term_string}\"},\"query-input\":{\"@type\":\"PropertyValueSpecification\",\"valueRequired\":true,\"valueName\":\"search_term_string\"}}],\"inLanguage\":\"es\"},{\"@type\":\"Person\",\"@id\":\"https:\/\/conversesacatalunya.cat\/#\/schema\/person\/311d0bf53def217d5124c78a7bc42275\",\"name\":\"Joan Masip\",\"image\":{\"@type\":\"ImageObject\",\"inLanguage\":\"es\",\"@id\":\"https:\/\/conversesacatalunya.cat\/#\/schema\/person\/image\/\",\"url\":\"https:\/\/conversesacatalunya.cat\/wp-content\/litespeed\/avatar\/fa67b994763cff7d443f54b63ec96481.jpg?ver=1777372547\",\"contentUrl\":\"https:\/\/conversesacatalunya.cat\/wp-content\/litespeed\/avatar\/fa67b994763cff7d443f54b63ec96481.jpg?ver=1777372547\",\"caption\":\"Joan Masip\"},\"url\":\"https:\/\/conversesacatalunya.cat\/es\/author\/joan-masip\/\"}]}<\/script>\n<!-- \/ Yoast SEO plugin. -->","yoast_head_json":{"title":"Las consecuencias perversas de la discriminaci\u00f3n feminista en los mossos d'esquadra - Converses a Catalunya","description":"El feminismo de exclusi\u00f3n de los hombres juega con el dinero p\u00fablico y nuestra seguridad. Tenemos el derecho a reclamar que se ponga fin a tanta arbitrariedad","robots":{"index":"index","follow":"follow","max-snippet":"max-snippet:-1","max-image-preview":"max-image-preview:large","max-video-preview":"max-video-preview:-1"},"canonical":"https:\/\/conversesacatalunya.cat\/es\/las-consecuencias-perversas-de-la-discriminacion-feminista-en-los-mossos-desquadra\/","og_locale":"es_ES","og_type":"article","og_title":"Las consecuencias perversas de la discriminaci\u00f3n feminista en los mossos d'esquadra - Converses a Catalunya","og_description":"El feminismo de exclusi\u00f3n de los hombres juega con el dinero p\u00fablico y nuestra seguridad. Tenemos el derecho a reclamar que se ponga fin a tanta arbitrariedad","og_url":"https:\/\/conversesacatalunya.cat\/es\/las-consecuencias-perversas-de-la-discriminacion-feminista-en-los-mossos-desquadra\/","og_site_name":"Converses a Catalunya","article_published_time":"2024-03-01T11:16:43+00:00","article_modified_time":"2024-03-01T11:45:22+00:00","og_image":[{"width":550,"height":300,"url":"https:\/\/conversesacatalunya.cat\/wp-content\/uploads\/2024\/03\/mossos.jpg","type":"image\/jpeg"}],"author":"Joan Masip","twitter_card":"summary_large_image","twitter_misc":{"Escrito por":"Joan Masip","Tiempo de lectura":"4 minutos"},"schema":{"@context":"https:\/\/schema.org","@graph":[{"@type":"Article","@id":"https:\/\/conversesacatalunya.cat\/es\/las-consecuencias-perversas-de-la-discriminacion-feminista-en-los-mossos-desquadra\/#article","isPartOf":{"@id":"https:\/\/conversesacatalunya.cat\/es\/las-consecuencias-perversas-de-la-discriminacion-feminista-en-los-mossos-desquadra\/"},"author":{"name":"Joan Masip","@id":"https:\/\/conversesacatalunya.cat\/#\/schema\/person\/311d0bf53def217d5124c78a7bc42275"},"headline":"Las consecuencias perversas de la discriminaci\u00f3n feminista en los mossos d&#8217;esquadra","datePublished":"2024-03-01T11:16:43+00:00","dateModified":"2024-03-01T11:45:22+00:00","mainEntityOfPage":{"@id":"https:\/\/conversesacatalunya.cat\/es\/las-consecuencias-perversas-de-la-discriminacion-feminista-en-los-mossos-desquadra\/"},"wordCount":731,"commentCount":0,"image":{"@id":"https:\/\/conversesacatalunya.cat\/es\/las-consecuencias-perversas-de-la-discriminacion-feminista-en-los-mossos-desquadra\/#primaryimage"},"thumbnailUrl":"https:\/\/conversesacatalunya.cat\/wp-content\/uploads\/2024\/03\/mossos.jpg","keywords":["Mossos d'Esquadra","Mossos d'Esquadra"],"articleSection":["Punts clau del dia (ES)"],"inLanguage":"es","potentialAction":[{"@type":"CommentAction","name":"Comment","target":["https:\/\/conversesacatalunya.cat\/es\/las-consecuencias-perversas-de-la-discriminacion-feminista-en-los-mossos-desquadra\/#respond"]}]},{"@type":"WebPage","@id":"https:\/\/conversesacatalunya.cat\/es\/las-consecuencias-perversas-de-la-discriminacion-feminista-en-los-mossos-desquadra\/","url":"https:\/\/conversesacatalunya.cat\/es\/las-consecuencias-perversas-de-la-discriminacion-feminista-en-los-mossos-desquadra\/","name":"Las consecuencias perversas de la discriminaci\u00f3n feminista en los mossos d'esquadra - Converses a Catalunya","isPartOf":{"@id":"https:\/\/conversesacatalunya.cat\/#website"},"primaryImageOfPage":{"@id":"https:\/\/conversesacatalunya.cat\/es\/las-consecuencias-perversas-de-la-discriminacion-feminista-en-los-mossos-desquadra\/#primaryimage"},"image":{"@id":"https:\/\/conversesacatalunya.cat\/es\/las-consecuencias-perversas-de-la-discriminacion-feminista-en-los-mossos-desquadra\/#primaryimage"},"thumbnailUrl":"https:\/\/conversesacatalunya.cat\/wp-content\/uploads\/2024\/03\/mossos.jpg","datePublished":"2024-03-01T11:16:43+00:00","dateModified":"2024-03-01T11:45:22+00:00","author":{"@id":"https:\/\/conversesacatalunya.cat\/#\/schema\/person\/311d0bf53def217d5124c78a7bc42275"},"description":"El feminismo de exclusi\u00f3n de los hombres juega con el dinero p\u00fablico y nuestra seguridad. Tenemos el derecho a reclamar que se ponga fin a tanta arbitrariedad","breadcrumb":{"@id":"https:\/\/conversesacatalunya.cat\/es\/las-consecuencias-perversas-de-la-discriminacion-feminista-en-los-mossos-desquadra\/#breadcrumb"},"inLanguage":"es","potentialAction":[{"@type":"ReadAction","target":["https:\/\/conversesacatalunya.cat\/es\/las-consecuencias-perversas-de-la-discriminacion-feminista-en-los-mossos-desquadra\/"]}]},{"@type":"ImageObject","inLanguage":"es","@id":"https:\/\/conversesacatalunya.cat\/es\/las-consecuencias-perversas-de-la-discriminacion-feminista-en-los-mossos-desquadra\/#primaryimage","url":"https:\/\/conversesacatalunya.cat\/wp-content\/uploads\/2024\/03\/mossos.jpg","contentUrl":"https:\/\/conversesacatalunya.cat\/wp-content\/uploads\/2024\/03\/mossos.jpg","width":550,"height":300},{"@type":"BreadcrumbList","@id":"https:\/\/conversesacatalunya.cat\/es\/las-consecuencias-perversas-de-la-discriminacion-feminista-en-los-mossos-desquadra\/#breadcrumb","itemListElement":[{"@type":"ListItem","position":1,"name":"Inici","item":"https:\/\/conversesacatalunya.cat\/es\/"},{"@type":"ListItem","position":2,"name":"Las consecuencias perversas de la discriminaci\u00f3n feminista en los mossos d&#8217;esquadra"}]},{"@type":"WebSite","@id":"https:\/\/conversesacatalunya.cat\/#website","url":"https:\/\/conversesacatalunya.cat\/","name":"Converses a Catalunya","description":"","potentialAction":[{"@type":"SearchAction","target":{"@type":"EntryPoint","urlTemplate":"https:\/\/conversesacatalunya.cat\/?s={search_term_string}"},"query-input":{"@type":"PropertyValueSpecification","valueRequired":true,"valueName":"search_term_string"}}],"inLanguage":"es"},{"@type":"Person","@id":"https:\/\/conversesacatalunya.cat\/#\/schema\/person\/311d0bf53def217d5124c78a7bc42275","name":"Joan Masip","image":{"@type":"ImageObject","inLanguage":"es","@id":"https:\/\/conversesacatalunya.cat\/#\/schema\/person\/image\/","url":"https:\/\/conversesacatalunya.cat\/wp-content\/litespeed\/avatar\/fa67b994763cff7d443f54b63ec96481.jpg?ver=1777372547","contentUrl":"https:\/\/conversesacatalunya.cat\/wp-content\/litespeed\/avatar\/fa67b994763cff7d443f54b63ec96481.jpg?ver=1777372547","caption":"Joan Masip"},"url":"https:\/\/conversesacatalunya.cat\/es\/author\/joan-masip\/"}]}},"wps_subtitle":"El feminismo de exclusi\u00f3n de los hombres juega con el dinero p\u00fablico y nuestra seguridad. Tenemos el derecho a reclamar que se ponga fin a tanta arbitrariedad","_links":{"self":[{"href":"https:\/\/conversesacatalunya.cat\/es\/wp-json\/wp\/v2\/posts\/75511","targetHints":{"allow":["GET"]}}],"collection":[{"href":"https:\/\/conversesacatalunya.cat\/es\/wp-json\/wp\/v2\/posts"}],"about":[{"href":"https:\/\/conversesacatalunya.cat\/es\/wp-json\/wp\/v2\/types\/post"}],"author":[{"embeddable":true,"href":"https:\/\/conversesacatalunya.cat\/es\/wp-json\/wp\/v2\/users\/78"}],"replies":[{"embeddable":true,"href":"https:\/\/conversesacatalunya.cat\/es\/wp-json\/wp\/v2\/comments?post=75511"}],"version-history":[{"count":3,"href":"https:\/\/conversesacatalunya.cat\/es\/wp-json\/wp\/v2\/posts\/75511\/revisions"}],"predecessor-version":[{"id":75521,"href":"https:\/\/conversesacatalunya.cat\/es\/wp-json\/wp\/v2\/posts\/75511\/revisions\/75521"}],"wp:featuredmedia":[{"embeddable":true,"href":"https:\/\/conversesacatalunya.cat\/es\/wp-json\/wp\/v2\/media\/75505"}],"wp:attachment":[{"href":"https:\/\/conversesacatalunya.cat\/es\/wp-json\/wp\/v2\/media?parent=75511"}],"wp:term":[{"taxonomy":"category","embeddable":true,"href":"https:\/\/conversesacatalunya.cat\/es\/wp-json\/wp\/v2\/categories?post=75511"},{"taxonomy":"post_tag","embeddable":true,"href":"https:\/\/conversesacatalunya.cat\/es\/wp-json\/wp\/v2\/tags?post=75511"}],"curies":[{"name":"wp","href":"https:\/\/api.w.org\/{rel}","templated":true}]}}