{"id":75426,"date":"2024-02-28T10:41:56","date_gmt":"2024-02-28T09:41:56","guid":{"rendered":"https:\/\/conversesacatalunya.cat\/noticia-de-catalunya-8-del-treball-com-cal-limmobiliari-i-el-turisme\/"},"modified":"2024-03-01T12:17:46","modified_gmt":"2024-03-01T11:17:46","slug":"noticia-de-catalunya-8-del-treball-com-cal-limmobiliari-i-el-turisme","status":"publish","type":"post","link":"https:\/\/conversesacatalunya.cat\/es\/noticia-de-catalunya-8-del-treball-com-cal-limmobiliari-i-el-turisme\/","title":{"rendered":"Noticia de Catalu\u00f1a (8). Del trabajo como es debido, el inmobiliario y el turismo"},"content":{"rendered":"<p>Junto con<a href=\"https:\/\/conversesacatalunya.cat\/es\/noticia-de-cataluna-7-la-familia\/\" target=\"_blank\" rel=\"noopener\"> la familia,<\/a> el hogar y el uso social de la tierra, un cuarto elemento es primordial: <strong>la aptitud para el trabajo<\/strong>.\u00a0La forma en que los catalanes responden a cada nueva derrota, un resultado desgraciadamente demasiado frecuente en nuestro pasado, y c\u00f3mo se rehacen cada vez de ella, es por su especial valoraci\u00f3n por el trabajo.<\/p>\n<p>Como escribe Jaume Vicens, \u201c<em>Ser trabajador quiere decir, en nuestra tierra, tener todos los caminos abiertos por un porvenir como es debido<\/em> \u201d, y a\u00f1ade \u201c<em>desde 1936 ciertas complicaciones psicol\u00f3gicas nacidas en el calor de la coyuntura econ\u00f3mica lo han envuelto de mucho menos\u2026 Ahora hay quien aconseja m\u00e1s viveza que trabajo, m\u00e1s destreza que esp\u00edritu laborable<\/em>\u00a0\u201d.\u00a0Cuando nuestro historiador a\u00f1ade la segunda reflexi\u00f3n lo hace en coordenadas concretas, la de los a\u00f1os cincuenta, en el franquismo m\u00e1s profundo y aut\u00e1rquico, donde la relaci\u00f3n de la burgues\u00eda con el poder era m\u00e1s importante que el trabajo bien hecho.\u00a0Despu\u00e9s, con los cambios que inici\u00f3 el Plan de Estabilizaci\u00f3n de 1959, se recupera la revalorizaci\u00f3n, el sentido del trabajo para lograr \u201c<em>un porvenir como es debido<\/em> \u201d.<\/p>\n<p>Tanto es as\u00ed, que esta condici\u00f3n es asumida por mucha gente de las grandes oleadas inmigratorias del siglo XX, murcianos, andaluces, aragoneses, extreme\u00f1os, que dar\u00e1n pie a la formaci\u00f3n de una peque\u00f1a -y a veces no tan peque\u00f1a- burgues\u00eda y una clase media emergente forjada precisamente en la \u00f3smosis de ese sentido catal\u00e1n del papel del trabajo en la vida. Es precisamente esa tirada a trabajar que le hace escribe a Gaciel en relaci\u00f3n con Espa\u00f1a, que a nosotros nos interesa la paz y no el conflicto, y le permite recordar la frase sentida, que si bien toda el agua que cae en la pen\u00ednsula desciende hacia el Atl\u00e1ntico, con la excepci\u00f3n del Ebro, casi toda peseta que rueda, termina en el Mediterr\u00e1neo, en Catalu\u00f1a.\u00a0Eran tiempos pasados \u200b\u200bque nos ayudan a pensar sobre nuestro presente y c\u00f3mo hemos perdido prestigio y posici\u00f3n.\u00a0Hoy la moneda rueda hacia el centro.<\/p>\n<p>Lo que Vicens Vives denomina aptitud para el trabajo, ha experimentado tambi\u00e9n una transformaci\u00f3n negativa, que la \u00e9lite pol\u00edtica no s\u00f3lo no ha intentado enmendar, sino que ha acentuado. Su transformaci\u00f3n en deleite por el beneficio es una cuesti\u00f3n muy l\u00f3gica en una econom\u00eda de mercado, pero este deleite librado de todas sus limitaciones sociales y morales debido a la cultura de la desvinculaci\u00f3n, ha dado lugar al beneficio sea como sea, y explica c\u00f3mo el capital aut\u00f3ctono industrial y laborable se ha transformado en buena parte en gestor tur\u00edstico e inversor inmobiliario, haciendo un mal servicio al pa\u00eds y a su productividad.<\/p>\n<p>Es una gran hipocres\u00eda social, que en la \u00e9poca en que est\u00e1 de moda la responsabilidad social de la empresa, sea uno de los per\u00edodos en los que hay dos actividades depredadoras del territorio y de los bienes p\u00fablicos de manera sistem\u00e1tica y a gran escala. Son el urbanismo del \u201cpesetas, pesetas y todo lo dem\u00e1s son pu\u00f1etas\u201d y el turismo del \u201ccuanto m\u00e1s mejor\u201d.<\/p>\n<p>La <strong>apropiaci\u00f3n privada de las plusval\u00edas colectivas<\/strong> es la gran historia pendiente de escribirse en la Barcelona gobernada por la post izquierda. Todo grupo ha hecho negocio por poca oportunidad que tuviera, a base de recalificaciones y modificaciones continuadas del planeamiento vigente. Lo que al peque\u00f1o propietario se le veta, ha estado a la orden del d\u00eda para la gran empresa. En este caso, una interpretaci\u00f3n bien y bien flexible de la legalidad ha sido el instrumento, en poblaciones peque\u00f1as y medianas. En el otro extremo, la especulaci\u00f3n ha sido menos sofisticada: la recualificaci\u00f3n pura y dura, la construcci\u00f3n fuera de norma, ha contado con la necesaria colaboraci\u00f3n del Ayuntamiento de turno. <span class=\"\">Y suerte que durante muchos a\u00f1os, entre 1980 y 2000, el arquitecto Joan Antoni Solans vel\u00f3 con rectitud y sabidur\u00eda por el urbanismo de Catalunya.\u00a0<\/span>Pese a \u00e9l, antes y despu\u00e9s de \u00e9l, el juicio ordenador que quer\u00edamos para Catalunya ha sido zampado por el ladrillo y el hormig\u00f3n.<\/p>\n<p><strong>El turismo, como la construcci\u00f3n, son fuentes leg\u00edtimas y positivas de riqueza,<\/strong>\u00a0pero, como todo, dentro de unos l\u00edmites.\u00a0No se entiende en absoluto que a los empresarios del sector productivo se les limite tanto por las externalidades negativas que generan sus actividades, mientras que en las dos actividades mencionadas, las externalidades del mismo signo ni siquiera se identifican.<\/p>\n<p>Hemos ido creciendo con un turismo masivo, desordenado, alcoholizante, vandalizador.\u00a0Catalu\u00f1a se va convirtiendo en el vertedero de Europa de las vacaciones de verano.\u00a0Demasiada gente viene atra\u00edda por la falta de normas, l\u00edmites, orden y respeto.\u00a0Este saltamontes que crece, depreda, hace m\u00e1s costosos los servicios p\u00fablicos y los empeora.\u00a0Y ese coste y empeoramiento lo pagamos los ciudadanos de este pa\u00eds cada vez m\u00e1s espectadores, que no protagonistas de su propia tragicomedia como pueblo.\u00a0M\u00e1s polic\u00eda, m\u00e1s horas extra, miles de ellas, y menor atenci\u00f3n a otras \u00e1reas a lo largo del verano.<\/p>\n<p>La\u00a0<strong>sanidad<\/strong>, con el a\u00f1adido de las vacaciones, se convierte en toda una aventura.\u00a0El colapso circulatorio genera unas deseconom\u00edas gigantescas, que como pagamos todos nadie contabiliza, ni los perjudicados, que somos la mayor\u00eda que no sacamos provecho. <span class=\"\">Tambi\u00e9n afecta a la productividad, la innovaci\u00f3n y el capital humano. <\/span>Este tipo de actividad que es el turismo de baja calidad, que paga bajos sueldos, con horarios muy duros, es uno de los ant\u00eddotos m\u00e1s potentes para la modernizaci\u00f3n de la econom\u00eda catalana.<\/p>\n<p>Todo esto lo estamos pagando caro, con lento retroceso relativo en el campo econ\u00f3mico, muy costoso en el orden social. <a href=\"https:\/\/conversesacatalunya.cat\/es\/expediente-barcelona\/\" target=\"_blank\" rel=\"noopener\">Barcelona<\/a>, \u200b\u200bel gran motor catal\u00e1n, cada vez menos din\u00e1mico y con menos peso.<\/p>\n<p>Pero lo peor no es todo esto, sino algo m\u00e1s irreparable: la destrucci\u00f3n de una mentalidad colectiva en la que el trabajo, el trabajo bien hecho, era una\u00a0<strong>exigencia moral<\/strong>.\u00a0Era la condici\u00f3n popular para un porvenir como es debido.\u00a0\u00c9sta es una de las grandes fuerzas de los atributos hist\u00f3ricos, que casi hemos perdido.<\/p>\n<p><span style=\"color: #0000ff;\"><strong>COLABORA EN L &#8216;ENCUESTA DE CONVERSES SOBRE LA SITUACI\u00d3N DE CATALU\u00d1A :<\/strong><\/span><\/p>\n<p><iframe data-src=\"https:\/\/docs.google.com\/forms\/d\/e\/1FAIpQLScJh8U0y6eUiP-xboKXg4CAtxOCe6G6yL7zMqVw-uJDrWNxzg\/viewform?embedded=true\" width=\"640\" height=\"3188\" frameborder=\"0\" marginwidth=\"0\" marginheight=\"0\" src=\"data:image\/svg+xml;base64,PHN2ZyB3aWR0aD0iMSIgaGVpZ2h0PSIxIiB4bWxucz0iaHR0cDovL3d3dy53My5vcmcvMjAwMC9zdmciPjwvc3ZnPg==\" class=\"lazyload\" data-load-mode=\"1\">Cargando\u2026<\/iframe><\/p>\n<p>&nbsp;<\/p>\n","protected":false},"excerpt":{"rendered":"<p>Junto con la familia, el hogar y el uso social de la tierra, un cuarto elemento es primordial: la aptitud para el trabajo.\u00a0La forma en que los catalanes responden a cada nueva derrota, un resultado desgraciadamente demasiado frecuente en nuestro pasado, y c\u00f3mo se rehacen cada vez de ella, es por su especial valoraci\u00f3n por el trabajo. Como escribe Jaume Vicens, \u201cSer trabajador quiere decir, en nuestra tierra, tener todos los caminos abiertos por un porvenir como es debido \u201d, y a\u00f1ade \u201cdesde 1936 ciertas complicaciones psicol\u00f3gicas nacidas en el calor de la coyuntura econ\u00f3mica lo han envuelto de mucho menos\u2026 Ahora hay quien aconseja m\u00e1s viveza que trabajo, m\u00e1s destreza que esp\u00edritu laborable\u00a0\u201d.\u00a0Cuando nuestro historiador a\u00f1ade la segunda reflexi\u00f3n lo hace en coordenadas concretas, la de los a\u00f1os cincuenta, en el franquismo m\u00e1s profundo y aut\u00e1rquico, donde la relaci\u00f3n de la burgues\u00eda con el poder era m\u00e1s importante que el trabajo bien hecho.\u00a0Despu\u00e9s, con los cambios que inici\u00f3 el Plan de Estabilizaci\u00f3n de 1959, se recupera la revalorizaci\u00f3n, el sentido del trabajo para lograr \u201cun porvenir como es debido \u201d. Tanto es as\u00ed, que esta condici\u00f3n es asumida por mucha gente de las grandes oleadas inmigratorias del siglo XX, murcianos, andaluces, aragoneses, extreme\u00f1os, que dar\u00e1n pie a la formaci\u00f3n de una peque\u00f1a -y a veces no tan peque\u00f1a- burgues\u00eda y una clase media emergente forjada precisamente en la \u00f3smosis de ese sentido catal\u00e1n del papel del trabajo en la vida. Es precisamente esa tirada a trabajar que le hace escribe a Gaciel en relaci\u00f3n con Espa\u00f1a, que a nosotros nos interesa la paz y no el conflicto, y le permite recordar la frase sentida, que si bien toda el agua que cae en la pen\u00ednsula desciende hacia el Atl\u00e1ntico, con la excepci\u00f3n del Ebro, casi toda peseta que rueda, termina en el Mediterr\u00e1neo, en Catalu\u00f1a.\u00a0Eran tiempos pasados \u200b\u200bque nos ayudan a pensar sobre nuestro presente y c\u00f3mo hemos perdido prestigio y posici\u00f3n.\u00a0Hoy la moneda rueda hacia el centro. Lo que Vicens Vives denomina aptitud para el trabajo, ha experimentado tambi\u00e9n una transformaci\u00f3n negativa, que la \u00e9lite pol\u00edtica no s\u00f3lo no ha intentado enmendar, sino que ha acentuado. Su transformaci\u00f3n en deleite por el beneficio es una cuesti\u00f3n muy l\u00f3gica en una econom\u00eda de mercado, pero este deleite librado de todas sus limitaciones sociales y morales debido a la cultura de la desvinculaci\u00f3n, ha dado lugar al beneficio sea como sea, y explica c\u00f3mo el capital aut\u00f3ctono industrial y laborable se ha transformado en buena parte en gestor tur\u00edstico e inversor inmobiliario, haciendo un mal servicio al pa\u00eds y a su productividad. Es una gran hipocres\u00eda social, que en la \u00e9poca en que est\u00e1 de moda la responsabilidad social de la empresa, sea uno de los per\u00edodos en los que hay dos actividades depredadoras del territorio y de los bienes p\u00fablicos de manera sistem\u00e1tica y a gran escala. Son el urbanismo del \u201cpesetas, pesetas y todo lo dem\u00e1s son pu\u00f1etas\u201d y el turismo del \u201ccuanto m\u00e1s mejor\u201d. La apropiaci\u00f3n privada de las plusval\u00edas colectivas es la gran historia pendiente de escribirse en la Barcelona gobernada por la post izquierda. Todo grupo ha hecho negocio por poca oportunidad que tuviera, a base de recalificaciones y modificaciones continuadas del planeamiento vigente. Lo que al peque\u00f1o propietario se le veta, ha estado a la orden del d\u00eda para la gran empresa. En este caso, una interpretaci\u00f3n bien y bien flexible de la legalidad ha sido el instrumento, en poblaciones peque\u00f1as y medianas. En el otro extremo, la especulaci\u00f3n ha sido menos sofisticada: la recualificaci\u00f3n pura y dura, la construcci\u00f3n fuera de norma, ha contado con la necesaria colaboraci\u00f3n del Ayuntamiento de turno. Y suerte que durante muchos a\u00f1os, entre 1980 y 2000, el arquitecto Joan Antoni Solans vel\u00f3 con rectitud y sabidur\u00eda por el urbanismo de Catalunya.\u00a0Pese a \u00e9l, antes y despu\u00e9s de \u00e9l, el juicio ordenador que quer\u00edamos para Catalunya ha sido zampado por el ladrillo y el hormig\u00f3n. El turismo, como la construcci\u00f3n, son fuentes leg\u00edtimas y positivas de riqueza,\u00a0pero, como todo, dentro de unos l\u00edmites.\u00a0No se entiende en absoluto que a los empresarios del sector productivo se les limite tanto por las externalidades negativas que generan sus actividades, mientras que en las dos actividades mencionadas, las externalidades del mismo signo ni siquiera se identifican. Hemos ido creciendo con un turismo masivo, desordenado, alcoholizante, vandalizador.\u00a0Catalu\u00f1a se va convirtiendo en el vertedero de Europa de las vacaciones de verano.\u00a0Demasiada gente viene atra\u00edda por la falta de normas, l\u00edmites, orden y respeto.\u00a0Este saltamontes que crece, depreda, hace m\u00e1s costosos los servicios p\u00fablicos y los empeora.\u00a0Y ese coste y empeoramiento lo pagamos los ciudadanos de este pa\u00eds cada vez m\u00e1s espectadores, que no protagonistas de su propia tragicomedia como pueblo.\u00a0M\u00e1s polic\u00eda, m\u00e1s horas extra, miles de ellas, y menor atenci\u00f3n a otras \u00e1reas a lo largo del verano. La\u00a0sanidad, con el a\u00f1adido de las vacaciones, se convierte en toda una aventura.\u00a0El colapso circulatorio genera unas deseconom\u00edas gigantescas, que como pagamos todos nadie contabiliza, ni los perjudicados, que somos la mayor\u00eda que no sacamos provecho. Tambi\u00e9n afecta a la productividad, la innovaci\u00f3n y el capital humano. Este tipo de actividad que es el turismo de baja calidad, que paga bajos sueldos, con horarios muy duros, es uno de los ant\u00eddotos m\u00e1s potentes para la modernizaci\u00f3n de la econom\u00eda catalana. Todo esto lo estamos pagando caro, con lento retroceso relativo en el campo econ\u00f3mico, muy costoso en el orden social. Barcelona, \u200b\u200bel gran motor catal\u00e1n, cada vez menos din\u00e1mico y con menos peso. Pero lo peor no es todo esto, sino algo m\u00e1s irreparable: la destrucci\u00f3n de una mentalidad colectiva en la que el trabajo, el trabajo bien hecho, era una\u00a0exigencia moral.\u00a0Era la condici\u00f3n popular para un porvenir como es debido.\u00a0\u00c9sta es una de las grandes fuerzas de los atributos hist\u00f3ricos, que casi hemos perdido. COLABORA EN L &#8216;ENCUESTA DE CONVERSES SOBRE LA SITUACI\u00d3N DE CATALU\u00d1A : Cargando\u2026 &nbsp;<\/p>\n","protected":false},"author":19,"featured_media":75397,"comment_status":"open","ping_status":"open","sticky":false,"template":"","format":"standard","meta":{"_FSMCFIC_featured_image_caption":"","_FSMCFIC_featured_image_nocaption":"","_FSMCFIC_featured_image_hide":"","footnotes":""},"categories":[796,806],"tags":[848,2231],"class_list":["post-75426","post","type-post","status-publish","format-standard","has-post-thumbnail","hentry","category-el-blog-de-josep-miro-i-ardevol-es","category-punts-claus-del-dia-es","tag-turisme-es","tag-turismo"],"yoast_head":"<!-- This site is optimized with the Yoast SEO plugin v26.8 - https:\/\/yoast.com\/product\/yoast-seo-wordpress\/ -->\n<title>Noticia de Catalu\u00f1a (8). Del trabajo como es debido, el inmobiliario y el turismo - Converses a Catalunya<\/title>\n<meta name=\"description\" content=\"Ser trabajador quiere decir, en nuestra tierra, tener todos los caminos abiertos por un futuro como hace falta\" \/>\n<meta name=\"robots\" content=\"index, follow, max-snippet:-1, max-image-preview:large, max-video-preview:-1\" \/>\n<link rel=\"canonical\" href=\"https:\/\/conversesacatalunya.cat\/es\/noticia-de-catalunya-8-del-treball-com-cal-limmobiliari-i-el-turisme\/\" \/>\n<meta property=\"og:locale\" content=\"es_ES\" \/>\n<meta property=\"og:type\" content=\"article\" \/>\n<meta property=\"og:title\" content=\"Noticia de Catalu\u00f1a (8). Del trabajo como es debido, el inmobiliario y el turismo - Converses a Catalunya\" \/>\n<meta property=\"og:description\" content=\"Ser trabajador quiere decir, en nuestra tierra, tener todos los caminos abiertos por un futuro como hace falta\" \/>\n<meta property=\"og:url\" content=\"https:\/\/conversesacatalunya.cat\/es\/noticia-de-catalunya-8-del-treball-com-cal-limmobiliari-i-el-turisme\/\" \/>\n<meta property=\"og:site_name\" content=\"Converses a Catalunya\" \/>\n<meta property=\"article:published_time\" content=\"2024-02-28T09:41:56+00:00\" \/>\n<meta property=\"article:modified_time\" content=\"2024-03-01T11:17:46+00:00\" \/>\n<meta property=\"og:image\" content=\"https:\/\/conversesacatalunya.cat\/wp-content\/uploads\/2024\/02\/treball.jpg\" \/>\n\t<meta property=\"og:image:width\" content=\"720\" \/>\n\t<meta property=\"og:image:height\" content=\"480\" \/>\n\t<meta property=\"og:image:type\" content=\"image\/jpeg\" \/>\n<meta name=\"author\" content=\"Josep Mir\u00f3 i Ard\u00e8vol\" \/>\n<meta name=\"twitter:card\" content=\"summary_large_image\" \/>\n<meta name=\"twitter:label1\" content=\"Escrito por\" \/>\n\t<meta name=\"twitter:data1\" content=\"Josep Mir\u00f3 i Ard\u00e8vol\" \/>\n\t<meta name=\"twitter:label2\" content=\"Tiempo de lectura\" \/>\n\t<meta name=\"twitter:data2\" content=\"5 minutos\" \/>\n<script type=\"application\/ld+json\" class=\"yoast-schema-graph\">{\"@context\":\"https:\/\/schema.org\",\"@graph\":[{\"@type\":\"Article\",\"@id\":\"https:\/\/conversesacatalunya.cat\/es\/noticia-de-catalunya-8-del-treball-com-cal-limmobiliari-i-el-turisme\/#article\",\"isPartOf\":{\"@id\":\"https:\/\/conversesacatalunya.cat\/es\/noticia-de-catalunya-8-del-treball-com-cal-limmobiliari-i-el-turisme\/\"},\"author\":{\"name\":\"Josep Mir\u00f3 i Ard\u00e8vol\",\"@id\":\"https:\/\/conversesacatalunya.cat\/#\/schema\/person\/a9598a6786ba7d3d1c5e0de477b79370\"},\"headline\":\"Noticia de Catalu\u00f1a (8). Del trabajo como es debido, el inmobiliario y el turismo\",\"datePublished\":\"2024-02-28T09:41:56+00:00\",\"dateModified\":\"2024-03-01T11:17:46+00:00\",\"mainEntityOfPage\":{\"@id\":\"https:\/\/conversesacatalunya.cat\/es\/noticia-de-catalunya-8-del-treball-com-cal-limmobiliari-i-el-turisme\/\"},\"wordCount\":1111,\"commentCount\":0,\"image\":{\"@id\":\"https:\/\/conversesacatalunya.cat\/es\/noticia-de-catalunya-8-del-treball-com-cal-limmobiliari-i-el-turisme\/#primaryimage\"},\"thumbnailUrl\":\"https:\/\/conversesacatalunya.cat\/wp-content\/uploads\/2024\/02\/treball.jpg\",\"keywords\":[\"Turisme\",\"Turismo\"],\"articleSection\":[\"El Blog de Josep Mir\u00f3 i Ard\u00e8vol (ES)\",\"Punts clau del dia (ES)\"],\"inLanguage\":\"es\",\"potentialAction\":[{\"@type\":\"CommentAction\",\"name\":\"Comment\",\"target\":[\"https:\/\/conversesacatalunya.cat\/es\/noticia-de-catalunya-8-del-treball-com-cal-limmobiliari-i-el-turisme\/#respond\"]}]},{\"@type\":\"WebPage\",\"@id\":\"https:\/\/conversesacatalunya.cat\/es\/noticia-de-catalunya-8-del-treball-com-cal-limmobiliari-i-el-turisme\/\",\"url\":\"https:\/\/conversesacatalunya.cat\/es\/noticia-de-catalunya-8-del-treball-com-cal-limmobiliari-i-el-turisme\/\",\"name\":\"Noticia de Catalu\u00f1a (8). Del trabajo como es debido, el inmobiliario y el turismo - Converses a Catalunya\",\"isPartOf\":{\"@id\":\"https:\/\/conversesacatalunya.cat\/#website\"},\"primaryImageOfPage\":{\"@id\":\"https:\/\/conversesacatalunya.cat\/es\/noticia-de-catalunya-8-del-treball-com-cal-limmobiliari-i-el-turisme\/#primaryimage\"},\"image\":{\"@id\":\"https:\/\/conversesacatalunya.cat\/es\/noticia-de-catalunya-8-del-treball-com-cal-limmobiliari-i-el-turisme\/#primaryimage\"},\"thumbnailUrl\":\"https:\/\/conversesacatalunya.cat\/wp-content\/uploads\/2024\/02\/treball.jpg\",\"datePublished\":\"2024-02-28T09:41:56+00:00\",\"dateModified\":\"2024-03-01T11:17:46+00:00\",\"author\":{\"@id\":\"https:\/\/conversesacatalunya.cat\/#\/schema\/person\/a9598a6786ba7d3d1c5e0de477b79370\"},\"description\":\"Ser trabajador quiere decir, en nuestra tierra, tener todos los caminos abiertos por un futuro como hace falta\",\"breadcrumb\":{\"@id\":\"https:\/\/conversesacatalunya.cat\/es\/noticia-de-catalunya-8-del-treball-com-cal-limmobiliari-i-el-turisme\/#breadcrumb\"},\"inLanguage\":\"es\",\"potentialAction\":[{\"@type\":\"ReadAction\",\"target\":[\"https:\/\/conversesacatalunya.cat\/es\/noticia-de-catalunya-8-del-treball-com-cal-limmobiliari-i-el-turisme\/\"]}]},{\"@type\":\"ImageObject\",\"inLanguage\":\"es\",\"@id\":\"https:\/\/conversesacatalunya.cat\/es\/noticia-de-catalunya-8-del-treball-com-cal-limmobiliari-i-el-turisme\/#primaryimage\",\"url\":\"https:\/\/conversesacatalunya.cat\/wp-content\/uploads\/2024\/02\/treball.jpg\",\"contentUrl\":\"https:\/\/conversesacatalunya.cat\/wp-content\/uploads\/2024\/02\/treball.jpg\",\"width\":720,\"height\":480},{\"@type\":\"BreadcrumbList\",\"@id\":\"https:\/\/conversesacatalunya.cat\/es\/noticia-de-catalunya-8-del-treball-com-cal-limmobiliari-i-el-turisme\/#breadcrumb\",\"itemListElement\":[{\"@type\":\"ListItem\",\"position\":1,\"name\":\"Inici\",\"item\":\"https:\/\/conversesacatalunya.cat\/es\/\"},{\"@type\":\"ListItem\",\"position\":2,\"name\":\"Noticia de Catalu\u00f1a (8). Del trabajo como es debido, el inmobiliario y el turismo\"}]},{\"@type\":\"WebSite\",\"@id\":\"https:\/\/conversesacatalunya.cat\/#website\",\"url\":\"https:\/\/conversesacatalunya.cat\/\",\"name\":\"Converses a Catalunya\",\"description\":\"\",\"potentialAction\":[{\"@type\":\"SearchAction\",\"target\":{\"@type\":\"EntryPoint\",\"urlTemplate\":\"https:\/\/conversesacatalunya.cat\/?s={search_term_string}\"},\"query-input\":{\"@type\":\"PropertyValueSpecification\",\"valueRequired\":true,\"valueName\":\"search_term_string\"}}],\"inLanguage\":\"es\"},{\"@type\":\"Person\",\"@id\":\"https:\/\/conversesacatalunya.cat\/#\/schema\/person\/a9598a6786ba7d3d1c5e0de477b79370\",\"name\":\"Josep Mir\u00f3 i Ard\u00e8vol\",\"image\":{\"@type\":\"ImageObject\",\"inLanguage\":\"es\",\"@id\":\"https:\/\/conversesacatalunya.cat\/#\/schema\/person\/image\/\",\"url\":\"https:\/\/conversesacatalunya.cat\/wp-content\/litespeed\/avatar\/c37e3dc881857483d6694cdf98fdedea.jpg?ver=1777270381\",\"contentUrl\":\"https:\/\/conversesacatalunya.cat\/wp-content\/litespeed\/avatar\/c37e3dc881857483d6694cdf98fdedea.jpg?ver=1777270381\",\"caption\":\"Josep Mir\u00f3 i Ard\u00e8vol\"},\"url\":\"https:\/\/conversesacatalunya.cat\/es\/author\/josep-miro-i-ardevol\/\"}]}<\/script>\n<!-- \/ Yoast SEO plugin. -->","yoast_head_json":{"title":"Noticia de Catalu\u00f1a (8). Del trabajo como es debido, el inmobiliario y el turismo - Converses a Catalunya","description":"Ser trabajador quiere decir, en nuestra tierra, tener todos los caminos abiertos por un futuro como hace falta","robots":{"index":"index","follow":"follow","max-snippet":"max-snippet:-1","max-image-preview":"max-image-preview:large","max-video-preview":"max-video-preview:-1"},"canonical":"https:\/\/conversesacatalunya.cat\/es\/noticia-de-catalunya-8-del-treball-com-cal-limmobiliari-i-el-turisme\/","og_locale":"es_ES","og_type":"article","og_title":"Noticia de Catalu\u00f1a (8). Del trabajo como es debido, el inmobiliario y el turismo - Converses a Catalunya","og_description":"Ser trabajador quiere decir, en nuestra tierra, tener todos los caminos abiertos por un futuro como hace falta","og_url":"https:\/\/conversesacatalunya.cat\/es\/noticia-de-catalunya-8-del-treball-com-cal-limmobiliari-i-el-turisme\/","og_site_name":"Converses a Catalunya","article_published_time":"2024-02-28T09:41:56+00:00","article_modified_time":"2024-03-01T11:17:46+00:00","og_image":[{"width":720,"height":480,"url":"https:\/\/conversesacatalunya.cat\/wp-content\/uploads\/2024\/02\/treball.jpg","type":"image\/jpeg"}],"author":"Josep Mir\u00f3 i Ard\u00e8vol","twitter_card":"summary_large_image","twitter_misc":{"Escrito por":"Josep Mir\u00f3 i Ard\u00e8vol","Tiempo de lectura":"5 minutos"},"schema":{"@context":"https:\/\/schema.org","@graph":[{"@type":"Article","@id":"https:\/\/conversesacatalunya.cat\/es\/noticia-de-catalunya-8-del-treball-com-cal-limmobiliari-i-el-turisme\/#article","isPartOf":{"@id":"https:\/\/conversesacatalunya.cat\/es\/noticia-de-catalunya-8-del-treball-com-cal-limmobiliari-i-el-turisme\/"},"author":{"name":"Josep Mir\u00f3 i Ard\u00e8vol","@id":"https:\/\/conversesacatalunya.cat\/#\/schema\/person\/a9598a6786ba7d3d1c5e0de477b79370"},"headline":"Noticia de Catalu\u00f1a (8). Del trabajo como es debido, el inmobiliario y el turismo","datePublished":"2024-02-28T09:41:56+00:00","dateModified":"2024-03-01T11:17:46+00:00","mainEntityOfPage":{"@id":"https:\/\/conversesacatalunya.cat\/es\/noticia-de-catalunya-8-del-treball-com-cal-limmobiliari-i-el-turisme\/"},"wordCount":1111,"commentCount":0,"image":{"@id":"https:\/\/conversesacatalunya.cat\/es\/noticia-de-catalunya-8-del-treball-com-cal-limmobiliari-i-el-turisme\/#primaryimage"},"thumbnailUrl":"https:\/\/conversesacatalunya.cat\/wp-content\/uploads\/2024\/02\/treball.jpg","keywords":["Turisme","Turismo"],"articleSection":["El Blog de Josep Mir\u00f3 i Ard\u00e8vol (ES)","Punts clau del dia (ES)"],"inLanguage":"es","potentialAction":[{"@type":"CommentAction","name":"Comment","target":["https:\/\/conversesacatalunya.cat\/es\/noticia-de-catalunya-8-del-treball-com-cal-limmobiliari-i-el-turisme\/#respond"]}]},{"@type":"WebPage","@id":"https:\/\/conversesacatalunya.cat\/es\/noticia-de-catalunya-8-del-treball-com-cal-limmobiliari-i-el-turisme\/","url":"https:\/\/conversesacatalunya.cat\/es\/noticia-de-catalunya-8-del-treball-com-cal-limmobiliari-i-el-turisme\/","name":"Noticia de Catalu\u00f1a (8). Del trabajo como es debido, el inmobiliario y el turismo - Converses a Catalunya","isPartOf":{"@id":"https:\/\/conversesacatalunya.cat\/#website"},"primaryImageOfPage":{"@id":"https:\/\/conversesacatalunya.cat\/es\/noticia-de-catalunya-8-del-treball-com-cal-limmobiliari-i-el-turisme\/#primaryimage"},"image":{"@id":"https:\/\/conversesacatalunya.cat\/es\/noticia-de-catalunya-8-del-treball-com-cal-limmobiliari-i-el-turisme\/#primaryimage"},"thumbnailUrl":"https:\/\/conversesacatalunya.cat\/wp-content\/uploads\/2024\/02\/treball.jpg","datePublished":"2024-02-28T09:41:56+00:00","dateModified":"2024-03-01T11:17:46+00:00","author":{"@id":"https:\/\/conversesacatalunya.cat\/#\/schema\/person\/a9598a6786ba7d3d1c5e0de477b79370"},"description":"Ser trabajador quiere decir, en nuestra tierra, tener todos los caminos abiertos por un futuro como hace falta","breadcrumb":{"@id":"https:\/\/conversesacatalunya.cat\/es\/noticia-de-catalunya-8-del-treball-com-cal-limmobiliari-i-el-turisme\/#breadcrumb"},"inLanguage":"es","potentialAction":[{"@type":"ReadAction","target":["https:\/\/conversesacatalunya.cat\/es\/noticia-de-catalunya-8-del-treball-com-cal-limmobiliari-i-el-turisme\/"]}]},{"@type":"ImageObject","inLanguage":"es","@id":"https:\/\/conversesacatalunya.cat\/es\/noticia-de-catalunya-8-del-treball-com-cal-limmobiliari-i-el-turisme\/#primaryimage","url":"https:\/\/conversesacatalunya.cat\/wp-content\/uploads\/2024\/02\/treball.jpg","contentUrl":"https:\/\/conversesacatalunya.cat\/wp-content\/uploads\/2024\/02\/treball.jpg","width":720,"height":480},{"@type":"BreadcrumbList","@id":"https:\/\/conversesacatalunya.cat\/es\/noticia-de-catalunya-8-del-treball-com-cal-limmobiliari-i-el-turisme\/#breadcrumb","itemListElement":[{"@type":"ListItem","position":1,"name":"Inici","item":"https:\/\/conversesacatalunya.cat\/es\/"},{"@type":"ListItem","position":2,"name":"Noticia de Catalu\u00f1a (8). Del trabajo como es debido, el inmobiliario y el turismo"}]},{"@type":"WebSite","@id":"https:\/\/conversesacatalunya.cat\/#website","url":"https:\/\/conversesacatalunya.cat\/","name":"Converses a Catalunya","description":"","potentialAction":[{"@type":"SearchAction","target":{"@type":"EntryPoint","urlTemplate":"https:\/\/conversesacatalunya.cat\/?s={search_term_string}"},"query-input":{"@type":"PropertyValueSpecification","valueRequired":true,"valueName":"search_term_string"}}],"inLanguage":"es"},{"@type":"Person","@id":"https:\/\/conversesacatalunya.cat\/#\/schema\/person\/a9598a6786ba7d3d1c5e0de477b79370","name":"Josep Mir\u00f3 i Ard\u00e8vol","image":{"@type":"ImageObject","inLanguage":"es","@id":"https:\/\/conversesacatalunya.cat\/#\/schema\/person\/image\/","url":"https:\/\/conversesacatalunya.cat\/wp-content\/litespeed\/avatar\/c37e3dc881857483d6694cdf98fdedea.jpg?ver=1777270381","contentUrl":"https:\/\/conversesacatalunya.cat\/wp-content\/litespeed\/avatar\/c37e3dc881857483d6694cdf98fdedea.jpg?ver=1777270381","caption":"Josep Mir\u00f3 i Ard\u00e8vol"},"url":"https:\/\/conversesacatalunya.cat\/es\/author\/josep-miro-i-ardevol\/"}]}},"wps_subtitle":"Ser trabajador quiere decir, en nuestra tierra, tener todos los caminos abiertos por un futuro como es debido","_links":{"self":[{"href":"https:\/\/conversesacatalunya.cat\/es\/wp-json\/wp\/v2\/posts\/75426","targetHints":{"allow":["GET"]}}],"collection":[{"href":"https:\/\/conversesacatalunya.cat\/es\/wp-json\/wp\/v2\/posts"}],"about":[{"href":"https:\/\/conversesacatalunya.cat\/es\/wp-json\/wp\/v2\/types\/post"}],"author":[{"embeddable":true,"href":"https:\/\/conversesacatalunya.cat\/es\/wp-json\/wp\/v2\/users\/19"}],"replies":[{"embeddable":true,"href":"https:\/\/conversesacatalunya.cat\/es\/wp-json\/wp\/v2\/comments?post=75426"}],"version-history":[{"count":4,"href":"https:\/\/conversesacatalunya.cat\/es\/wp-json\/wp\/v2\/posts\/75426\/revisions"}],"predecessor-version":[{"id":75507,"href":"https:\/\/conversesacatalunya.cat\/es\/wp-json\/wp\/v2\/posts\/75426\/revisions\/75507"}],"wp:featuredmedia":[{"embeddable":true,"href":"https:\/\/conversesacatalunya.cat\/es\/wp-json\/wp\/v2\/media\/75397"}],"wp:attachment":[{"href":"https:\/\/conversesacatalunya.cat\/es\/wp-json\/wp\/v2\/media?parent=75426"}],"wp:term":[{"taxonomy":"category","embeddable":true,"href":"https:\/\/conversesacatalunya.cat\/es\/wp-json\/wp\/v2\/categories?post=75426"},{"taxonomy":"post_tag","embeddable":true,"href":"https:\/\/conversesacatalunya.cat\/es\/wp-json\/wp\/v2\/tags?post=75426"}],"curies":[{"name":"wp","href":"https:\/\/api.w.org\/{rel}","templated":true}]}}