{"id":75400,"date":"2024-02-29T10:46:01","date_gmt":"2024-02-29T09:46:01","guid":{"rendered":"https:\/\/conversesacatalunya.cat\/?p=75400"},"modified":"2024-02-29T10:56:04","modified_gmt":"2024-02-29T09:56:04","slug":"cataluna-pospandemia-entre-luces-y-sombras","status":"publish","type":"post","link":"https:\/\/conversesacatalunya.cat\/es\/cataluna-pospandemia-entre-luces-y-sombras\/","title":{"rendered":"Catalu\u00f1a pospandemia: entre luces y sombras"},"content":{"rendered":"<p>La resiliencia de Catalu\u00f1a frente a la <a href=\"https:\/\/conversesacatalunya.cat\/es\/coronavirus\/\" target=\"_blank\" rel=\"noopener\">pandemia<\/a> ha sido indiscutible, pero al examinar de cerca la reconstrucci\u00f3n pospandemia, se revelan tanto luces esperanzadoras como sombras que plantean interrogantes sobre su futuro. Este an\u00e1lisis se adentra en los desaf\u00edos y oportunidades que enfrenta Catalu\u00f1a en su camino hacia la recuperaci\u00f3n.<\/p>\n<h3><strong>1. Resiliencia Comunitaria:<\/strong><\/h3>\n<p>La solidaridad local ha sido un faro en tiempos oscuros, con comunidades catalanas unidas para superar adversidades. Sin embargo, tras la superficie de apoyo mutuo, persisten las grietas socioecon\u00f3micas. \u00bfHasta qu\u00e9 punto estas iniciativas han logrado abordar las disparidades? La reconstrucci\u00f3n debe trascender el altruismo temporal y abordar estructuras que perpet\u00faan la desigualdad.<\/p>\n<h3><strong>2. Renovaci\u00f3n del Sector Tur\u00edstico:<\/strong><\/h3>\n<p>La renovaci\u00f3n del sector tur\u00edstico es un paso crucial hacia la recuperaci\u00f3n econ\u00f3mica, pero las sombras se ciernen sobre la autenticidad cultural. \u00bfEst\u00e1 Catalu\u00f1a sacrificando su herencia en aras de la rentabilidad? La sostenibilidad proclamada debe trascender los esl\u00f3ganes para asegurar que el turismo respete la integridad cultural y ambiental del pa\u00eds.<\/p>\n<h3><strong>3. Educaci\u00f3n 2.0:<\/strong><\/h3>\n<p>La r\u00e1pida digitalizaci\u00f3n de la educaci\u00f3n en Catalu\u00f1a ha sido una respuesta necesaria, pero \u00bfhasta qu\u00e9 punto esta transformaci\u00f3n aborda las desigualdades educativas preexistentes? La reconstrucci\u00f3n no puede limitarse a implementar tecnolog\u00eda; debe priorizar la calidad de la educaci\u00f3n y garantizar la equidad en el acceso a recursos educativos para todos los estudiantes.<\/p>\n<h3><strong>4. Innovaci\u00f3n Empresarial:<\/strong><\/h3>\n<p>La innovaci\u00f3n empresarial ha sido un foco brillante, pero las sombras de la inestabilidad laboral persisten. \u00bfSe est\u00e1n creando empleos sostenibles o simplemente se est\u00e1 reemplazando la estabilidad con empleos precarios en el sector tecnol\u00f3gico? Catalu\u00f1a debe asegurar que la innovaci\u00f3n empresarial se traduzca en mejoras tangibles para la fuerza laboral, abordando la calidad y la estabilidad del empleo.<\/p>\n<h3><strong>5. Sostenibilidad Ambiental:<\/strong><\/h3>\n<p>Los esfuerzos de sostenibilidad ambiental son alentadores, pero \u00bfson suficientes para revertir d\u00e9cadas de explotaci\u00f3n ambiental? La reconstrucci\u00f3n debe ir m\u00e1s all\u00e1 de proyectos aislados y comprometerse con pol\u00edticas ambientales s\u00f3lidas. Catalu\u00f1a tiene la oportunidad de liderar el camino hacia un desarrollo sostenible real, transformando la relaci\u00f3n entre la sociedad y el entorno natural.<\/p>\n<h3><strong>Conclusi\u00f3n:<\/strong><\/h3>\n<p>La reconstrucci\u00f3n pospandemia de Catalu\u00f1a se encuentra en una encrucijada cr\u00edtica. La celebraci\u00f3n de los logros no debe eclipsar la necesidad de abordar las sombras persistentes. Catalu\u00f1a tiene el potencial de liderar un cambio significativo, pero solo si la reconstrucci\u00f3n se gu\u00eda por un an\u00e1lisis cr\u00edtico y se compromete a abordar de manera integral los desaf\u00edos que persisten en el tejido social, econ\u00f3mico y ambiental de la regi\u00f3n. La recuperaci\u00f3n debe ser m\u00e1s que una vuelta a la normalidad; debe ser una transformaci\u00f3n que abrace la justicia, la equidad y la sostenibilidad a largo plazo.<\/p>\n","protected":false},"excerpt":{"rendered":"<p>La resiliencia de Catalu\u00f1a frente a la pandemia ha sido indiscutible, pero al examinar de cerca la reconstrucci\u00f3n pospandemia, se revelan tanto luces esperanzadoras como sombras que plantean interrogantes sobre su futuro. Este an\u00e1lisis se adentra en los desaf\u00edos y oportunidades que enfrenta Catalu\u00f1a en su camino hacia la recuperaci\u00f3n. 1. Resiliencia Comunitaria: La solidaridad local ha sido un faro en tiempos oscuros, con comunidades catalanas unidas para superar adversidades. Sin embargo, tras la superficie de apoyo mutuo, persisten las grietas socioecon\u00f3micas. \u00bfHasta qu\u00e9 punto estas iniciativas han logrado abordar las disparidades? La reconstrucci\u00f3n debe trascender el altruismo temporal y abordar estructuras que perpet\u00faan la desigualdad. 2. Renovaci\u00f3n del Sector Tur\u00edstico: La renovaci\u00f3n del sector tur\u00edstico es un paso crucial hacia la recuperaci\u00f3n econ\u00f3mica, pero las sombras se ciernen sobre la autenticidad cultural. \u00bfEst\u00e1 Catalu\u00f1a sacrificando su herencia en aras de la rentabilidad? La sostenibilidad proclamada debe trascender los esl\u00f3ganes para asegurar que el turismo respete la integridad cultural y ambiental del pa\u00eds. 3. Educaci\u00f3n 2.0: La r\u00e1pida digitalizaci\u00f3n de la educaci\u00f3n en Catalu\u00f1a ha sido una respuesta necesaria, pero \u00bfhasta qu\u00e9 punto esta transformaci\u00f3n aborda las desigualdades educativas preexistentes? La reconstrucci\u00f3n no puede limitarse a implementar tecnolog\u00eda; debe priorizar la calidad de la educaci\u00f3n y garantizar la equidad en el acceso a recursos educativos para todos los estudiantes. 4. Innovaci\u00f3n Empresarial: La innovaci\u00f3n empresarial ha sido un foco brillante, pero las sombras de la inestabilidad laboral persisten. \u00bfSe est\u00e1n creando empleos sostenibles o simplemente se est\u00e1 reemplazando la estabilidad con empleos precarios en el sector tecnol\u00f3gico? Catalu\u00f1a debe asegurar que la innovaci\u00f3n empresarial se traduzca en mejoras tangibles para la fuerza laboral, abordando la calidad y la estabilidad del empleo. 5. Sostenibilidad Ambiental: Los esfuerzos de sostenibilidad ambiental son alentadores, pero \u00bfson suficientes para revertir d\u00e9cadas de explotaci\u00f3n ambiental? La reconstrucci\u00f3n debe ir m\u00e1s all\u00e1 de proyectos aislados y comprometerse con pol\u00edticas ambientales s\u00f3lidas. Catalu\u00f1a tiene la oportunidad de liderar el camino hacia un desarrollo sostenible real, transformando la relaci\u00f3n entre la sociedad y el entorno natural. Conclusi\u00f3n: La reconstrucci\u00f3n pospandemia de Catalu\u00f1a se encuentra en una encrucijada cr\u00edtica. La celebraci\u00f3n de los logros no debe eclipsar la necesidad de abordar las sombras persistentes. Catalu\u00f1a tiene el potencial de liderar un cambio significativo, pero solo si la reconstrucci\u00f3n se gu\u00eda por un an\u00e1lisis cr\u00edtico y se compromete a abordar de manera integral los desaf\u00edos que persisten en el tejido social, econ\u00f3mico y ambiental de la regi\u00f3n. La recuperaci\u00f3n debe ser m\u00e1s que una vuelta a la normalidad; debe ser una transformaci\u00f3n que abrace la justicia, la equidad y la sostenibilidad a largo plazo.<\/p>\n","protected":false},"author":81,"featured_media":75446,"comment_status":"open","ping_status":"open","sticky":false,"template":"","format":"standard","meta":{"_FSMCFIC_featured_image_caption":"","_FSMCFIC_featured_image_nocaption":"","_FSMCFIC_featured_image_hide":"","footnotes":""},"categories":[1772,806],"tags":[1504],"class_list":["post-75400","post","type-post","status-publish","format-standard","has-post-thumbnail","hentry","category-especial-coronavirus-es","category-punts-claus-del-dia-es","tag-coronavirus-es"],"yoast_head":"<!-- This site is optimized with the Yoast SEO plugin v26.8 - https:\/\/yoast.com\/product\/yoast-seo-wordpress\/ -->\n<title>Catalu\u00f1a pospandemia: entre luces y sombras - Converses a Catalunya<\/title>\n<meta name=\"description\" content=\"La recuperaci\u00f3n debe ser m\u00e1s que una vuelta a la normalidad; debe ser una transformaci\u00f3n que abrace la justicia, la equidad y la sostenibilidad\" \/>\n<meta name=\"robots\" content=\"index, follow, max-snippet:-1, max-image-preview:large, max-video-preview:-1\" \/>\n<link rel=\"canonical\" href=\"https:\/\/conversesacatalunya.cat\/es\/cataluna-pospandemia-entre-luces-y-sombras\/\" \/>\n<meta property=\"og:locale\" content=\"es_ES\" \/>\n<meta property=\"og:type\" content=\"article\" \/>\n<meta property=\"og:title\" content=\"Catalu\u00f1a pospandemia: entre luces y sombras - Converses a Catalunya\" \/>\n<meta property=\"og:description\" content=\"La recuperaci\u00f3n debe ser m\u00e1s que una vuelta a la normalidad; debe ser una transformaci\u00f3n que abrace la justicia, la equidad y la sostenibilidad\" \/>\n<meta property=\"og:url\" content=\"https:\/\/conversesacatalunya.cat\/es\/cataluna-pospandemia-entre-luces-y-sombras\/\" \/>\n<meta property=\"og:site_name\" content=\"Converses a Catalunya\" \/>\n<meta property=\"article:published_time\" content=\"2024-02-29T09:46:01+00:00\" \/>\n<meta property=\"article:modified_time\" content=\"2024-02-29T09:56:04+00:00\" \/>\n<meta property=\"og:image\" content=\"https:\/\/conversesacatalunya.cat\/wp-content\/uploads\/2024\/02\/pospandemia.jpg\" \/>\n\t<meta property=\"og:image:width\" content=\"900\" \/>\n\t<meta property=\"og:image:height\" content=\"425\" \/>\n\t<meta property=\"og:image:type\" content=\"image\/jpeg\" \/>\n<meta name=\"author\" content=\"Emili Clos\" \/>\n<meta name=\"twitter:card\" content=\"summary_large_image\" \/>\n<meta name=\"twitter:label1\" content=\"Escrito por\" \/>\n\t<meta name=\"twitter:data1\" content=\"Emili Clos\" \/>\n\t<meta name=\"twitter:label2\" content=\"Tiempo de lectura\" \/>\n\t<meta name=\"twitter:data2\" content=\"2 minutos\" \/>\n<script type=\"application\/ld+json\" class=\"yoast-schema-graph\">{\"@context\":\"https:\/\/schema.org\",\"@graph\":[{\"@type\":\"Article\",\"@id\":\"https:\/\/conversesacatalunya.cat\/es\/cataluna-pospandemia-entre-luces-y-sombras\/#article\",\"isPartOf\":{\"@id\":\"https:\/\/conversesacatalunya.cat\/es\/cataluna-pospandemia-entre-luces-y-sombras\/\"},\"author\":{\"name\":\"Emili Clos\",\"@id\":\"https:\/\/conversesacatalunya.cat\/#\/schema\/person\/46306de4129bccb959ed5e1720c4e3e7\"},\"headline\":\"Catalu\u00f1a pospandemia: entre luces y sombras\",\"datePublished\":\"2024-02-29T09:46:01+00:00\",\"dateModified\":\"2024-02-29T09:56:04+00:00\",\"mainEntityOfPage\":{\"@id\":\"https:\/\/conversesacatalunya.cat\/es\/cataluna-pospandemia-entre-luces-y-sombras\/\"},\"wordCount\":492,\"commentCount\":0,\"image\":{\"@id\":\"https:\/\/conversesacatalunya.cat\/es\/cataluna-pospandemia-entre-luces-y-sombras\/#primaryimage\"},\"thumbnailUrl\":\"https:\/\/conversesacatalunya.cat\/wp-content\/uploads\/2024\/02\/pospandemia.jpg\",\"keywords\":[\"coronavirus\"],\"articleSection\":[\"Especial Coronavirus (ES)\",\"Punts clau del dia (ES)\"],\"inLanguage\":\"es\",\"potentialAction\":[{\"@type\":\"CommentAction\",\"name\":\"Comment\",\"target\":[\"https:\/\/conversesacatalunya.cat\/es\/cataluna-pospandemia-entre-luces-y-sombras\/#respond\"]}]},{\"@type\":\"WebPage\",\"@id\":\"https:\/\/conversesacatalunya.cat\/es\/cataluna-pospandemia-entre-luces-y-sombras\/\",\"url\":\"https:\/\/conversesacatalunya.cat\/es\/cataluna-pospandemia-entre-luces-y-sombras\/\",\"name\":\"Catalu\u00f1a pospandemia: entre luces y sombras - Converses a Catalunya\",\"isPartOf\":{\"@id\":\"https:\/\/conversesacatalunya.cat\/#website\"},\"primaryImageOfPage\":{\"@id\":\"https:\/\/conversesacatalunya.cat\/es\/cataluna-pospandemia-entre-luces-y-sombras\/#primaryimage\"},\"image\":{\"@id\":\"https:\/\/conversesacatalunya.cat\/es\/cataluna-pospandemia-entre-luces-y-sombras\/#primaryimage\"},\"thumbnailUrl\":\"https:\/\/conversesacatalunya.cat\/wp-content\/uploads\/2024\/02\/pospandemia.jpg\",\"datePublished\":\"2024-02-29T09:46:01+00:00\",\"dateModified\":\"2024-02-29T09:56:04+00:00\",\"author\":{\"@id\":\"https:\/\/conversesacatalunya.cat\/#\/schema\/person\/46306de4129bccb959ed5e1720c4e3e7\"},\"description\":\"La recuperaci\u00f3n debe ser m\u00e1s que una vuelta a la normalidad; debe ser una transformaci\u00f3n que abrace la justicia, la equidad y la sostenibilidad\",\"breadcrumb\":{\"@id\":\"https:\/\/conversesacatalunya.cat\/es\/cataluna-pospandemia-entre-luces-y-sombras\/#breadcrumb\"},\"inLanguage\":\"es\",\"potentialAction\":[{\"@type\":\"ReadAction\",\"target\":[\"https:\/\/conversesacatalunya.cat\/es\/cataluna-pospandemia-entre-luces-y-sombras\/\"]}]},{\"@type\":\"ImageObject\",\"inLanguage\":\"es\",\"@id\":\"https:\/\/conversesacatalunya.cat\/es\/cataluna-pospandemia-entre-luces-y-sombras\/#primaryimage\",\"url\":\"https:\/\/conversesacatalunya.cat\/wp-content\/uploads\/2024\/02\/pospandemia.jpg\",\"contentUrl\":\"https:\/\/conversesacatalunya.cat\/wp-content\/uploads\/2024\/02\/pospandemia.jpg\",\"width\":900,\"height\":425,\"caption\":\"pospandemia\"},{\"@type\":\"BreadcrumbList\",\"@id\":\"https:\/\/conversesacatalunya.cat\/es\/cataluna-pospandemia-entre-luces-y-sombras\/#breadcrumb\",\"itemListElement\":[{\"@type\":\"ListItem\",\"position\":1,\"name\":\"Inici\",\"item\":\"https:\/\/conversesacatalunya.cat\/es\/\"},{\"@type\":\"ListItem\",\"position\":2,\"name\":\"Catalu\u00f1a pospandemia: entre luces y sombras\"}]},{\"@type\":\"WebSite\",\"@id\":\"https:\/\/conversesacatalunya.cat\/#website\",\"url\":\"https:\/\/conversesacatalunya.cat\/\",\"name\":\"Converses a Catalunya\",\"description\":\"\",\"potentialAction\":[{\"@type\":\"SearchAction\",\"target\":{\"@type\":\"EntryPoint\",\"urlTemplate\":\"https:\/\/conversesacatalunya.cat\/?s={search_term_string}\"},\"query-input\":{\"@type\":\"PropertyValueSpecification\",\"valueRequired\":true,\"valueName\":\"search_term_string\"}}],\"inLanguage\":\"es\"},{\"@type\":\"Person\",\"@id\":\"https:\/\/conversesacatalunya.cat\/#\/schema\/person\/46306de4129bccb959ed5e1720c4e3e7\",\"name\":\"Emili Clos\",\"image\":{\"@type\":\"ImageObject\",\"inLanguage\":\"es\",\"@id\":\"https:\/\/conversesacatalunya.cat\/#\/schema\/person\/image\/\",\"url\":\"https:\/\/conversesacatalunya.cat\/wp-content\/litespeed\/avatar\/a9a662bd802eed79498de818aef91cc9.jpg?ver=1777096184\",\"contentUrl\":\"https:\/\/conversesacatalunya.cat\/wp-content\/litespeed\/avatar\/a9a662bd802eed79498de818aef91cc9.jpg?ver=1777096184\",\"caption\":\"Emili Clos\"},\"url\":\"https:\/\/conversesacatalunya.cat\/es\/author\/emili_clos\/\"}]}<\/script>\n<!-- \/ Yoast SEO plugin. -->","yoast_head_json":{"title":"Catalu\u00f1a pospandemia: entre luces y sombras - Converses a Catalunya","description":"La recuperaci\u00f3n debe ser m\u00e1s que una vuelta a la normalidad; debe ser una transformaci\u00f3n que abrace la justicia, la equidad y la sostenibilidad","robots":{"index":"index","follow":"follow","max-snippet":"max-snippet:-1","max-image-preview":"max-image-preview:large","max-video-preview":"max-video-preview:-1"},"canonical":"https:\/\/conversesacatalunya.cat\/es\/cataluna-pospandemia-entre-luces-y-sombras\/","og_locale":"es_ES","og_type":"article","og_title":"Catalu\u00f1a pospandemia: entre luces y sombras - Converses a Catalunya","og_description":"La recuperaci\u00f3n debe ser m\u00e1s que una vuelta a la normalidad; debe ser una transformaci\u00f3n que abrace la justicia, la equidad y la sostenibilidad","og_url":"https:\/\/conversesacatalunya.cat\/es\/cataluna-pospandemia-entre-luces-y-sombras\/","og_site_name":"Converses a Catalunya","article_published_time":"2024-02-29T09:46:01+00:00","article_modified_time":"2024-02-29T09:56:04+00:00","og_image":[{"width":900,"height":425,"url":"https:\/\/conversesacatalunya.cat\/wp-content\/uploads\/2024\/02\/pospandemia.jpg","type":"image\/jpeg"}],"author":"Emili Clos","twitter_card":"summary_large_image","twitter_misc":{"Escrito por":"Emili Clos","Tiempo de lectura":"2 minutos"},"schema":{"@context":"https:\/\/schema.org","@graph":[{"@type":"Article","@id":"https:\/\/conversesacatalunya.cat\/es\/cataluna-pospandemia-entre-luces-y-sombras\/#article","isPartOf":{"@id":"https:\/\/conversesacatalunya.cat\/es\/cataluna-pospandemia-entre-luces-y-sombras\/"},"author":{"name":"Emili Clos","@id":"https:\/\/conversesacatalunya.cat\/#\/schema\/person\/46306de4129bccb959ed5e1720c4e3e7"},"headline":"Catalu\u00f1a pospandemia: entre luces y sombras","datePublished":"2024-02-29T09:46:01+00:00","dateModified":"2024-02-29T09:56:04+00:00","mainEntityOfPage":{"@id":"https:\/\/conversesacatalunya.cat\/es\/cataluna-pospandemia-entre-luces-y-sombras\/"},"wordCount":492,"commentCount":0,"image":{"@id":"https:\/\/conversesacatalunya.cat\/es\/cataluna-pospandemia-entre-luces-y-sombras\/#primaryimage"},"thumbnailUrl":"https:\/\/conversesacatalunya.cat\/wp-content\/uploads\/2024\/02\/pospandemia.jpg","keywords":["coronavirus"],"articleSection":["Especial Coronavirus (ES)","Punts clau del dia (ES)"],"inLanguage":"es","potentialAction":[{"@type":"CommentAction","name":"Comment","target":["https:\/\/conversesacatalunya.cat\/es\/cataluna-pospandemia-entre-luces-y-sombras\/#respond"]}]},{"@type":"WebPage","@id":"https:\/\/conversesacatalunya.cat\/es\/cataluna-pospandemia-entre-luces-y-sombras\/","url":"https:\/\/conversesacatalunya.cat\/es\/cataluna-pospandemia-entre-luces-y-sombras\/","name":"Catalu\u00f1a pospandemia: entre luces y sombras - Converses a Catalunya","isPartOf":{"@id":"https:\/\/conversesacatalunya.cat\/#website"},"primaryImageOfPage":{"@id":"https:\/\/conversesacatalunya.cat\/es\/cataluna-pospandemia-entre-luces-y-sombras\/#primaryimage"},"image":{"@id":"https:\/\/conversesacatalunya.cat\/es\/cataluna-pospandemia-entre-luces-y-sombras\/#primaryimage"},"thumbnailUrl":"https:\/\/conversesacatalunya.cat\/wp-content\/uploads\/2024\/02\/pospandemia.jpg","datePublished":"2024-02-29T09:46:01+00:00","dateModified":"2024-02-29T09:56:04+00:00","author":{"@id":"https:\/\/conversesacatalunya.cat\/#\/schema\/person\/46306de4129bccb959ed5e1720c4e3e7"},"description":"La recuperaci\u00f3n debe ser m\u00e1s que una vuelta a la normalidad; debe ser una transformaci\u00f3n que abrace la justicia, la equidad y la sostenibilidad","breadcrumb":{"@id":"https:\/\/conversesacatalunya.cat\/es\/cataluna-pospandemia-entre-luces-y-sombras\/#breadcrumb"},"inLanguage":"es","potentialAction":[{"@type":"ReadAction","target":["https:\/\/conversesacatalunya.cat\/es\/cataluna-pospandemia-entre-luces-y-sombras\/"]}]},{"@type":"ImageObject","inLanguage":"es","@id":"https:\/\/conversesacatalunya.cat\/es\/cataluna-pospandemia-entre-luces-y-sombras\/#primaryimage","url":"https:\/\/conversesacatalunya.cat\/wp-content\/uploads\/2024\/02\/pospandemia.jpg","contentUrl":"https:\/\/conversesacatalunya.cat\/wp-content\/uploads\/2024\/02\/pospandemia.jpg","width":900,"height":425,"caption":"pospandemia"},{"@type":"BreadcrumbList","@id":"https:\/\/conversesacatalunya.cat\/es\/cataluna-pospandemia-entre-luces-y-sombras\/#breadcrumb","itemListElement":[{"@type":"ListItem","position":1,"name":"Inici","item":"https:\/\/conversesacatalunya.cat\/es\/"},{"@type":"ListItem","position":2,"name":"Catalu\u00f1a pospandemia: entre luces y sombras"}]},{"@type":"WebSite","@id":"https:\/\/conversesacatalunya.cat\/#website","url":"https:\/\/conversesacatalunya.cat\/","name":"Converses a Catalunya","description":"","potentialAction":[{"@type":"SearchAction","target":{"@type":"EntryPoint","urlTemplate":"https:\/\/conversesacatalunya.cat\/?s={search_term_string}"},"query-input":{"@type":"PropertyValueSpecification","valueRequired":true,"valueName":"search_term_string"}}],"inLanguage":"es"},{"@type":"Person","@id":"https:\/\/conversesacatalunya.cat\/#\/schema\/person\/46306de4129bccb959ed5e1720c4e3e7","name":"Emili Clos","image":{"@type":"ImageObject","inLanguage":"es","@id":"https:\/\/conversesacatalunya.cat\/#\/schema\/person\/image\/","url":"https:\/\/conversesacatalunya.cat\/wp-content\/litespeed\/avatar\/a9a662bd802eed79498de818aef91cc9.jpg?ver=1777096184","contentUrl":"https:\/\/conversesacatalunya.cat\/wp-content\/litespeed\/avatar\/a9a662bd802eed79498de818aef91cc9.jpg?ver=1777096184","caption":"Emili Clos"},"url":"https:\/\/conversesacatalunya.cat\/es\/author\/emili_clos\/"}]}},"wps_subtitle":"La recuperaci\u00f3n debe ser m\u00e1s que una vuelta a la normalidad; debe ser una transformaci\u00f3n que abrace la justicia, la equidad y la sostenibilidad","_links":{"self":[{"href":"https:\/\/conversesacatalunya.cat\/es\/wp-json\/wp\/v2\/posts\/75400","targetHints":{"allow":["GET"]}}],"collection":[{"href":"https:\/\/conversesacatalunya.cat\/es\/wp-json\/wp\/v2\/posts"}],"about":[{"href":"https:\/\/conversesacatalunya.cat\/es\/wp-json\/wp\/v2\/types\/post"}],"author":[{"embeddable":true,"href":"https:\/\/conversesacatalunya.cat\/es\/wp-json\/wp\/v2\/users\/81"}],"replies":[{"embeddable":true,"href":"https:\/\/conversesacatalunya.cat\/es\/wp-json\/wp\/v2\/comments?post=75400"}],"version-history":[{"count":4,"href":"https:\/\/conversesacatalunya.cat\/es\/wp-json\/wp\/v2\/posts\/75400\/revisions"}],"predecessor-version":[{"id":75454,"href":"https:\/\/conversesacatalunya.cat\/es\/wp-json\/wp\/v2\/posts\/75400\/revisions\/75454"}],"wp:featuredmedia":[{"embeddable":true,"href":"https:\/\/conversesacatalunya.cat\/es\/wp-json\/wp\/v2\/media\/75446"}],"wp:attachment":[{"href":"https:\/\/conversesacatalunya.cat\/es\/wp-json\/wp\/v2\/media?parent=75400"}],"wp:term":[{"taxonomy":"category","embeddable":true,"href":"https:\/\/conversesacatalunya.cat\/es\/wp-json\/wp\/v2\/categories?post=75400"},{"taxonomy":"post_tag","embeddable":true,"href":"https:\/\/conversesacatalunya.cat\/es\/wp-json\/wp\/v2\/tags?post=75400"}],"curies":[{"name":"wp","href":"https:\/\/api.w.org\/{rel}","templated":true}]}}