{"id":75361,"date":"2024-02-26T11:11:31","date_gmt":"2024-02-26T10:11:31","guid":{"rendered":"https:\/\/conversesacatalunya.cat\/declivi-fertilitat-mundial\/"},"modified":"2024-02-26T15:28:20","modified_gmt":"2024-02-26T14:28:20","slug":"declive-de-la-fertilidad-mundial","status":"publish","type":"post","link":"https:\/\/conversesacatalunya.cat\/es\/declive-de-la-fertilidad-mundial\/","title":{"rendered":"El preocupante declive de la fertilidad mundial"},"content":{"rendered":"<p><span><span class=\"\">Desde alrededor de\u00a0<\/span><\/span><a href=\"https:\/\/conversesacatalunya.cat\/es\/la-poblacion-mundial-comenzara-a-reducirse-en-la-decada-de-2060-nos-encaminamos-hacia-un-mundo-de-viejos\/\" target=\"_blank\" rel=\"noopener\"><span><span class=\"\">2020<\/span><\/span><\/a><span><span class=\"\">, el a\u00f1o de la fat\u00eddica pandemia de Covid, varios estudios y art\u00edculos alertan de un fen\u00f3meno hasta entonces poco esperado: la desaceleraci\u00f3n del crecimiento y posterior declive de la poblaci\u00f3n mundial, incluidos los pa\u00edses actualmente en v\u00edas de desarrollo.<\/span><\/span><\/p>\n<p><span>La propia Organizaci\u00f3n de Naciones Unidas ha tenido que dar marcha atr\u00e1s en sus previsiones demogr\u00e1ficas a largo plazo,\u00a0<\/span><a href=\"https:\/\/conversesacatalunya.cat\/es\/crecimiento-poblacion-mundial-bajo\/\" target=\"_blank\" rel=\"noopener\"><span>desdici\u00e9ndose<\/span><\/a><span> de su pron\u00f3stico de que la Tierra alcanzar\u00eda casi los 11.000 millones de habitantes antes del 2100.<\/span><\/p>\n<p><span>Actualmente, la tasa de fecundidad mundial se sit\u00faa ya\u00a0<\/span><strong><span>en torno a los 2,3 hijos por mujer y tiene una tendencia claramente a la baja<\/span><\/strong><span>.<\/span><\/p>\n<p><span>Incluso la India, pa\u00eds que acaba de tomar la plaza en China como primera potencia demogr\u00e1fica mundial, se situaba en el 2021 en torno a los 2 hijos por mujer (\u00a0<\/span><a href=\"https:\/\/www.google.com\/url?sa%3Dt%26rct%3Dj%26q%3D%26esrc%3Ds%26source%3Dweb%26cd%3D%26ved%3D2ahUKEwjGnvDF48OEAxV0T6QEHRPsAP0QFnoECDkQAQ%26url%3Dhttps%253A%252F%252Fdata.worldbank.org%252Findicator%252FSP.DYN.TFRT.IN%253Flocations%253DIN%26usg%3DAOvVaw0NDGg87ikTWjnV_oA3s6FV%26opi%3D89978449\" target=\"_blank\" rel=\"noopener\"><span>datos<\/span><\/a><span>\u00a0del Banco Mundial), esto es, ya por debajo del umbral de reemplazo o equilibrio demogr\u00e1fico en los 2,1.<\/span><\/p>\n<p><span>Si bien en los pa\u00edses en v\u00edas de desarrollo la fertilidad real se sit\u00faa todav\u00eda por encima de la \u201c<\/span><strong><span>fertilidad querida\u201d<\/span><\/strong><span>\u00a0, un\u00a0<\/span><a href=\"https:\/\/data.worldbank.org\/indicator\/SP.DYN.WFRT\" target=\"_blank\" rel=\"noopener\"><span>indicador<\/span><\/a><span> del Banco Mundial que intenta medir el n\u00famero de nacimientos que se producir\u00edan en un pa\u00eds si s\u00f3lo nacieran todos los ni\u00f1os deseados por los padres, en los pa\u00edses desarrollados el fen\u00f3meno es exactamente el contrario.<\/span><\/p>\n<blockquote><p><span>Esto es,\u00a0<\/span><strong><span>en Occidente las parejas tienden a tener menos beb\u00e9s de los que declaran querer<\/span><\/strong><span>.<\/span><\/p><\/blockquote>\n<p><span>Los costes financieros cada vez mayores de hacer crecer y educar a los hijos son sin duda el factor explicativo m\u00e1s comentado y com\u00fanmente aceptado para explicar la falta de nacimientos, particularmente en Europa.<\/span><\/p>\n<p><span>El gran factor explicativo es el\u00a0<\/span><strong><span>incremento del coste de la vida<\/span><\/strong><span>, empezando por la vivienda y en particular en las grandes ciudades.\u00a0Pero es que otros gastos tambi\u00e9n se han incrementado de forma importante, como el coste de tener un coche propio o las actividades extraescolares de los hijos, vistas cada vez m\u00e1s como necesarias para que los hijos triunfen en la vida.<\/span><\/p>\n<p><span>Tambi\u00e9n se habla del\u00a0<\/span><strong><span>coste de oportunidad,<\/span><\/strong><span> que implica invertir todo el tiempo necesario en sus hijos en vez de dedicarlo a perseguir objetivos profesionales o puramente de ocio en una sociedad que ha hecho de la carrera profesional, el dinero y el ocio, fines en s\u00ed mismos.<\/span><\/p>\n<p><span>Y es aqu\u00ed donde se desvela el factor explicativo velado de la baja natalidad, que\u00a0<\/span><strong><span>no es de tipo econ\u00f3mico sino\u00a0<\/span><a href=\"https:\/\/conversesacatalunya.cat\/es\/ni-precariedad-ni-falta-de-ayudas-publicas-la-primera-razon-de-la-crisis-de-natalidad-es-cultural\/\" target=\"_blank\" rel=\"noopener\"><span>cultural<\/span><\/a><\/strong><span>.\u00a0<span class=\"VIpgJd-yAWNEb-VIpgJd-fmcmS-sn54Q\">En realidad, la raz\u00f3n \u00faltima de la crisis demogr\u00e1fica occidental es la\u00a0<\/span><\/span><strong><span><span class=\"VIpgJd-yAWNEb-VIpgJd-fmcmS-sn54Q\">ruptura con las fuentes de nuestra cultura<\/span><\/span><\/strong><span><span class=\"VIpgJd-yAWNEb-VIpgJd-fmcmS-sn54Q\">, que ha roto la cadena de la voluntad de transmitir de generaci\u00f3n en generaci\u00f3n.\u00a0<\/span>Una cosa es declarar querer tener dos o tres hijos y otra muy distinta es estar dispuesto a efectivamente tenerlos y educarlos, renunciando, en la mayor\u00eda de los casos, a muchos placeres y a un mayor grado de confort.<\/span><\/p>\n<p><span>Quienes esperan compensar la ca\u00edda de la natalidad con la inmigraci\u00f3n proveniente de pa\u00edses pobres van bien errados.\u00a0En primer lugar, por las dificultades productivas, educativas, de recaudaci\u00f3n fiscal y las diferencias culturales, a veces pr\u00e1cticamente insalvables, que\u00a0<\/span><em><span>Converses<\/span><\/em><span>\u00a0ha\u00a0<\/span><a href=\"https:\/\/conversesacatalunya.cat\/es\/problema-inmigracion-cataluna\/\" target=\"_blank\" rel=\"noopener\"><span>expuesto<\/span><\/a><span>\u00a0en repetidas ocasiones.\u00a0Pero, en segundo lugar, porque a largo plazo\u00a0<\/span><strong><span>los pa\u00edses de emigraci\u00f3n agotar\u00e1n tambi\u00e9n sus excedentes de poblaci\u00f3n<\/span><\/strong><span>.\u00a0La excepci\u00f3n hasta la segunda mitad de siglo ser\u00e1 sin duda \u00c1frica, que se prev\u00e9 que siga creciendo todav\u00eda durante d\u00e9cadas.<\/span><\/p>\n<p><span style=\"color: #0000ff;\"><strong>COLABORA EN LA ENCUESTA DE CONVERSES SOBRE LA SITUACI\u00d3N DE CATALU\u00d1A:<\/strong><\/span><\/p>\n<p><iframe data-src=\"https:\/\/docs.google.com\/forms\/d\/e\/1FAIpQLScJh8U0y6eUiP-xboKXg4CAtxOCe6G6yL7zMqVw-uJDrWNxzg\/viewform?embedded=true\" width=\"640\" height=\"3188\" frameborder=\"0\" marginwidth=\"0\" marginheight=\"0\" src=\"data:image\/svg+xml;base64,PHN2ZyB3aWR0aD0iMSIgaGVpZ2h0PSIxIiB4bWxucz0iaHR0cDovL3d3dy53My5vcmcvMjAwMC9zdmciPjwvc3ZnPg==\" class=\"lazyload\" data-load-mode=\"1\">Cargando\u2026<\/iframe><\/p>\n<p>&nbsp;<\/p>\n","protected":false},"excerpt":{"rendered":"<p>Desde alrededor de\u00a02020, el a\u00f1o de la fat\u00eddica pandemia de Covid, varios estudios y art\u00edculos alertan de un fen\u00f3meno hasta entonces poco esperado: la desaceleraci\u00f3n del crecimiento y posterior declive de la poblaci\u00f3n mundial, incluidos los pa\u00edses actualmente en v\u00edas de desarrollo. La propia Organizaci\u00f3n de Naciones Unidas ha tenido que dar marcha atr\u00e1s en sus previsiones demogr\u00e1ficas a largo plazo,\u00a0desdici\u00e9ndose de su pron\u00f3stico de que la Tierra alcanzar\u00eda casi los 11.000 millones de habitantes antes del 2100. Actualmente, la tasa de fecundidad mundial se sit\u00faa ya\u00a0en torno a los 2,3 hijos por mujer y tiene una tendencia claramente a la baja. Incluso la India, pa\u00eds que acaba de tomar la plaza en China como primera potencia demogr\u00e1fica mundial, se situaba en el 2021 en torno a los 2 hijos por mujer (\u00a0datos\u00a0del Banco Mundial), esto es, ya por debajo del umbral de reemplazo o equilibrio demogr\u00e1fico en los 2,1. Si bien en los pa\u00edses en v\u00edas de desarrollo la fertilidad real se sit\u00faa todav\u00eda por encima de la \u201cfertilidad querida\u201d\u00a0, un\u00a0indicador del Banco Mundial que intenta medir el n\u00famero de nacimientos que se producir\u00edan en un pa\u00eds si s\u00f3lo nacieran todos los ni\u00f1os deseados por los padres, en los pa\u00edses desarrollados el fen\u00f3meno es exactamente el contrario. Esto es,\u00a0en Occidente las parejas tienden a tener menos beb\u00e9s de los que declaran querer. Los costes financieros cada vez mayores de hacer crecer y educar a los hijos son sin duda el factor explicativo m\u00e1s comentado y com\u00fanmente aceptado para explicar la falta de nacimientos, particularmente en Europa. El gran factor explicativo es el\u00a0incremento del coste de la vida, empezando por la vivienda y en particular en las grandes ciudades.\u00a0Pero es que otros gastos tambi\u00e9n se han incrementado de forma importante, como el coste de tener un coche propio o las actividades extraescolares de los hijos, vistas cada vez m\u00e1s como necesarias para que los hijos triunfen en la vida. Tambi\u00e9n se habla del\u00a0coste de oportunidad, que implica invertir todo el tiempo necesario en sus hijos en vez de dedicarlo a perseguir objetivos profesionales o puramente de ocio en una sociedad que ha hecho de la carrera profesional, el dinero y el ocio, fines en s\u00ed mismos. Y es aqu\u00ed donde se desvela el factor explicativo velado de la baja natalidad, que\u00a0no es de tipo econ\u00f3mico sino\u00a0cultural.\u00a0En realidad, la raz\u00f3n \u00faltima de la crisis demogr\u00e1fica occidental es la\u00a0ruptura con las fuentes de nuestra cultura, que ha roto la cadena de la voluntad de transmitir de generaci\u00f3n en generaci\u00f3n.\u00a0Una cosa es declarar querer tener dos o tres hijos y otra muy distinta es estar dispuesto a efectivamente tenerlos y educarlos, renunciando, en la mayor\u00eda de los casos, a muchos placeres y a un mayor grado de confort. Quienes esperan compensar la ca\u00edda de la natalidad con la inmigraci\u00f3n proveniente de pa\u00edses pobres van bien errados.\u00a0En primer lugar, por las dificultades productivas, educativas, de recaudaci\u00f3n fiscal y las diferencias culturales, a veces pr\u00e1cticamente insalvables, que\u00a0Converses\u00a0ha\u00a0expuesto\u00a0en repetidas ocasiones.\u00a0Pero, en segundo lugar, porque a largo plazo\u00a0los pa\u00edses de emigraci\u00f3n agotar\u00e1n tambi\u00e9n sus excedentes de poblaci\u00f3n.\u00a0La excepci\u00f3n hasta la segunda mitad de siglo ser\u00e1 sin duda \u00c1frica, que se prev\u00e9 que siga creciendo todav\u00eda durante d\u00e9cadas. COLABORA EN LA ENCUESTA DE CONVERSES SOBRE LA SITUACI\u00d3N DE CATALU\u00d1A: Cargando\u2026 &nbsp;<\/p>\n","protected":false},"author":75,"featured_media":30690,"comment_status":"open","ping_status":"open","sticky":false,"template":"","format":"standard","meta":{"_FSMCFIC_featured_image_caption":"","_FSMCFIC_featured_image_nocaption":"","_FSMCFIC_featured_image_hide":"","footnotes":""},"categories":[806],"tags":[1312,2601,1315,1313,1149],"class_list":["post-75361","post","type-post","status-publish","format-standard","has-post-thumbnail","hentry","category-punts-claus-del-dia-es","tag-demografia-es","tag-fertilitat-es","tag-natalidad","tag-natalitat-es","tag-poblacio-es"],"yoast_head":"<!-- This site is optimized with the Yoast SEO plugin v26.8 - https:\/\/yoast.com\/product\/yoast-seo-wordpress\/ -->\n<title>El preocupante declive de la fertilidad mundial - Converses a Catalunya<\/title>\n<meta name=\"description\" content=\"A largo plazo, los pa\u00edses de emigraci\u00f3n agotar\u00e1n tambi\u00e9n sus excedentes de poblaci\u00f3n\" \/>\n<meta name=\"robots\" content=\"index, follow, max-snippet:-1, max-image-preview:large, max-video-preview:-1\" \/>\n<link rel=\"canonical\" href=\"https:\/\/conversesacatalunya.cat\/es\/declive-de-la-fertilidad-mundial\/\" \/>\n<meta property=\"og:locale\" content=\"es_ES\" \/>\n<meta property=\"og:type\" content=\"article\" \/>\n<meta property=\"og:title\" content=\"El preocupante declive de la fertilidad mundial - Converses a Catalunya\" \/>\n<meta property=\"og:description\" content=\"A largo plazo, los pa\u00edses de emigraci\u00f3n agotar\u00e1n tambi\u00e9n sus excedentes de poblaci\u00f3n\" \/>\n<meta property=\"og:url\" content=\"https:\/\/conversesacatalunya.cat\/es\/declive-de-la-fertilidad-mundial\/\" \/>\n<meta property=\"og:site_name\" content=\"Converses a Catalunya\" \/>\n<meta property=\"article:published_time\" content=\"2024-02-26T10:11:31+00:00\" \/>\n<meta property=\"article:modified_time\" content=\"2024-02-26T14:28:20+00:00\" \/>\n<meta property=\"og:image\" content=\"https:\/\/conversesacatalunya.cat\/wp-content\/uploads\/2019\/12\/manca-de-natalitat.jpg\" \/>\n\t<meta property=\"og:image:width\" content=\"304\" \/>\n\t<meta property=\"og:image:height\" content=\"166\" \/>\n\t<meta property=\"og:image:type\" content=\"image\/jpeg\" \/>\n<meta name=\"author\" content=\"Carles L\u00f3pez\" \/>\n<meta name=\"twitter:card\" content=\"summary_large_image\" \/>\n<meta name=\"twitter:label1\" content=\"Escrito por\" \/>\n\t<meta name=\"twitter:data1\" content=\"Carles L\u00f3pez\" \/>\n\t<meta name=\"twitter:label2\" content=\"Tiempo de lectura\" \/>\n\t<meta name=\"twitter:data2\" content=\"3 minutos\" \/>\n<script type=\"application\/ld+json\" class=\"yoast-schema-graph\">{\"@context\":\"https:\/\/schema.org\",\"@graph\":[{\"@type\":\"Article\",\"@id\":\"https:\/\/conversesacatalunya.cat\/es\/declive-de-la-fertilidad-mundial\/#article\",\"isPartOf\":{\"@id\":\"https:\/\/conversesacatalunya.cat\/es\/declive-de-la-fertilidad-mundial\/\"},\"author\":{\"name\":\"Carles L\u00f3pez\",\"@id\":\"https:\/\/conversesacatalunya.cat\/#\/schema\/person\/3ce2ab16c0a3803086d80722c7cad56a\"},\"headline\":\"El preocupante declive de la fertilidad mundial\",\"datePublished\":\"2024-02-26T10:11:31+00:00\",\"dateModified\":\"2024-02-26T14:28:20+00:00\",\"mainEntityOfPage\":{\"@id\":\"https:\/\/conversesacatalunya.cat\/es\/declive-de-la-fertilidad-mundial\/\"},\"wordCount\":621,\"commentCount\":0,\"image\":{\"@id\":\"https:\/\/conversesacatalunya.cat\/es\/declive-de-la-fertilidad-mundial\/#primaryimage\"},\"thumbnailUrl\":\"https:\/\/conversesacatalunya.cat\/wp-content\/uploads\/2019\/12\/manca-de-natalitat.jpg\",\"keywords\":[\"Demografia\",\"fertilitat\",\"Natalidad\",\"natalitat\",\"Poblaci\u00f3\"],\"articleSection\":[\"Punts clau del dia (ES)\"],\"inLanguage\":\"es\",\"potentialAction\":[{\"@type\":\"CommentAction\",\"name\":\"Comment\",\"target\":[\"https:\/\/conversesacatalunya.cat\/es\/declive-de-la-fertilidad-mundial\/#respond\"]}]},{\"@type\":\"WebPage\",\"@id\":\"https:\/\/conversesacatalunya.cat\/es\/declive-de-la-fertilidad-mundial\/\",\"url\":\"https:\/\/conversesacatalunya.cat\/es\/declive-de-la-fertilidad-mundial\/\",\"name\":\"El preocupante declive de la fertilidad mundial - Converses a Catalunya\",\"isPartOf\":{\"@id\":\"https:\/\/conversesacatalunya.cat\/#website\"},\"primaryImageOfPage\":{\"@id\":\"https:\/\/conversesacatalunya.cat\/es\/declive-de-la-fertilidad-mundial\/#primaryimage\"},\"image\":{\"@id\":\"https:\/\/conversesacatalunya.cat\/es\/declive-de-la-fertilidad-mundial\/#primaryimage\"},\"thumbnailUrl\":\"https:\/\/conversesacatalunya.cat\/wp-content\/uploads\/2019\/12\/manca-de-natalitat.jpg\",\"datePublished\":\"2024-02-26T10:11:31+00:00\",\"dateModified\":\"2024-02-26T14:28:20+00:00\",\"author\":{\"@id\":\"https:\/\/conversesacatalunya.cat\/#\/schema\/person\/3ce2ab16c0a3803086d80722c7cad56a\"},\"description\":\"A largo plazo, los pa\u00edses de emigraci\u00f3n agotar\u00e1n tambi\u00e9n sus excedentes de poblaci\u00f3n\",\"breadcrumb\":{\"@id\":\"https:\/\/conversesacatalunya.cat\/es\/declive-de-la-fertilidad-mundial\/#breadcrumb\"},\"inLanguage\":\"es\",\"potentialAction\":[{\"@type\":\"ReadAction\",\"target\":[\"https:\/\/conversesacatalunya.cat\/es\/declive-de-la-fertilidad-mundial\/\"]}]},{\"@type\":\"ImageObject\",\"inLanguage\":\"es\",\"@id\":\"https:\/\/conversesacatalunya.cat\/es\/declive-de-la-fertilidad-mundial\/#primaryimage\",\"url\":\"https:\/\/conversesacatalunya.cat\/wp-content\/uploads\/2019\/12\/manca-de-natalitat.jpg\",\"contentUrl\":\"https:\/\/conversesacatalunya.cat\/wp-content\/uploads\/2019\/12\/manca-de-natalitat.jpg\",\"width\":304,\"height\":166,\"caption\":\"manca de natalitat\"},{\"@type\":\"BreadcrumbList\",\"@id\":\"https:\/\/conversesacatalunya.cat\/es\/declive-de-la-fertilidad-mundial\/#breadcrumb\",\"itemListElement\":[{\"@type\":\"ListItem\",\"position\":1,\"name\":\"Inici\",\"item\":\"https:\/\/conversesacatalunya.cat\/es\/\"},{\"@type\":\"ListItem\",\"position\":2,\"name\":\"El preocupante declive de la fertilidad mundial\"}]},{\"@type\":\"WebSite\",\"@id\":\"https:\/\/conversesacatalunya.cat\/#website\",\"url\":\"https:\/\/conversesacatalunya.cat\/\",\"name\":\"Converses a Catalunya\",\"description\":\"\",\"potentialAction\":[{\"@type\":\"SearchAction\",\"target\":{\"@type\":\"EntryPoint\",\"urlTemplate\":\"https:\/\/conversesacatalunya.cat\/?s={search_term_string}\"},\"query-input\":{\"@type\":\"PropertyValueSpecification\",\"valueRequired\":true,\"valueName\":\"search_term_string\"}}],\"inLanguage\":\"es\"},{\"@type\":\"Person\",\"@id\":\"https:\/\/conversesacatalunya.cat\/#\/schema\/person\/3ce2ab16c0a3803086d80722c7cad56a\",\"name\":\"Carles L\u00f3pez\",\"image\":{\"@type\":\"ImageObject\",\"inLanguage\":\"es\",\"@id\":\"https:\/\/conversesacatalunya.cat\/#\/schema\/person\/image\/\",\"url\":\"https:\/\/conversesacatalunya.cat\/wp-content\/litespeed\/avatar\/4891585caf2896e97846ab77f06edcf2.jpg?ver=1777091173\",\"contentUrl\":\"https:\/\/conversesacatalunya.cat\/wp-content\/litespeed\/avatar\/4891585caf2896e97846ab77f06edcf2.jpg?ver=1777091173\",\"caption\":\"Carles L\u00f3pez\"},\"url\":\"https:\/\/conversesacatalunya.cat\/es\/author\/carles-lopez\/\"}]}<\/script>\n<!-- \/ Yoast SEO plugin. -->","yoast_head_json":{"title":"El preocupante declive de la fertilidad mundial - Converses a Catalunya","description":"A largo plazo, los pa\u00edses de emigraci\u00f3n agotar\u00e1n tambi\u00e9n sus excedentes de poblaci\u00f3n","robots":{"index":"index","follow":"follow","max-snippet":"max-snippet:-1","max-image-preview":"max-image-preview:large","max-video-preview":"max-video-preview:-1"},"canonical":"https:\/\/conversesacatalunya.cat\/es\/declive-de-la-fertilidad-mundial\/","og_locale":"es_ES","og_type":"article","og_title":"El preocupante declive de la fertilidad mundial - Converses a Catalunya","og_description":"A largo plazo, los pa\u00edses de emigraci\u00f3n agotar\u00e1n tambi\u00e9n sus excedentes de poblaci\u00f3n","og_url":"https:\/\/conversesacatalunya.cat\/es\/declive-de-la-fertilidad-mundial\/","og_site_name":"Converses a Catalunya","article_published_time":"2024-02-26T10:11:31+00:00","article_modified_time":"2024-02-26T14:28:20+00:00","og_image":[{"width":304,"height":166,"url":"https:\/\/conversesacatalunya.cat\/wp-content\/uploads\/2019\/12\/manca-de-natalitat.jpg","type":"image\/jpeg"}],"author":"Carles L\u00f3pez","twitter_card":"summary_large_image","twitter_misc":{"Escrito por":"Carles L\u00f3pez","Tiempo de lectura":"3 minutos"},"schema":{"@context":"https:\/\/schema.org","@graph":[{"@type":"Article","@id":"https:\/\/conversesacatalunya.cat\/es\/declive-de-la-fertilidad-mundial\/#article","isPartOf":{"@id":"https:\/\/conversesacatalunya.cat\/es\/declive-de-la-fertilidad-mundial\/"},"author":{"name":"Carles L\u00f3pez","@id":"https:\/\/conversesacatalunya.cat\/#\/schema\/person\/3ce2ab16c0a3803086d80722c7cad56a"},"headline":"El preocupante declive de la fertilidad mundial","datePublished":"2024-02-26T10:11:31+00:00","dateModified":"2024-02-26T14:28:20+00:00","mainEntityOfPage":{"@id":"https:\/\/conversesacatalunya.cat\/es\/declive-de-la-fertilidad-mundial\/"},"wordCount":621,"commentCount":0,"image":{"@id":"https:\/\/conversesacatalunya.cat\/es\/declive-de-la-fertilidad-mundial\/#primaryimage"},"thumbnailUrl":"https:\/\/conversesacatalunya.cat\/wp-content\/uploads\/2019\/12\/manca-de-natalitat.jpg","keywords":["Demografia","fertilitat","Natalidad","natalitat","Poblaci\u00f3"],"articleSection":["Punts clau del dia (ES)"],"inLanguage":"es","potentialAction":[{"@type":"CommentAction","name":"Comment","target":["https:\/\/conversesacatalunya.cat\/es\/declive-de-la-fertilidad-mundial\/#respond"]}]},{"@type":"WebPage","@id":"https:\/\/conversesacatalunya.cat\/es\/declive-de-la-fertilidad-mundial\/","url":"https:\/\/conversesacatalunya.cat\/es\/declive-de-la-fertilidad-mundial\/","name":"El preocupante declive de la fertilidad mundial - Converses a Catalunya","isPartOf":{"@id":"https:\/\/conversesacatalunya.cat\/#website"},"primaryImageOfPage":{"@id":"https:\/\/conversesacatalunya.cat\/es\/declive-de-la-fertilidad-mundial\/#primaryimage"},"image":{"@id":"https:\/\/conversesacatalunya.cat\/es\/declive-de-la-fertilidad-mundial\/#primaryimage"},"thumbnailUrl":"https:\/\/conversesacatalunya.cat\/wp-content\/uploads\/2019\/12\/manca-de-natalitat.jpg","datePublished":"2024-02-26T10:11:31+00:00","dateModified":"2024-02-26T14:28:20+00:00","author":{"@id":"https:\/\/conversesacatalunya.cat\/#\/schema\/person\/3ce2ab16c0a3803086d80722c7cad56a"},"description":"A largo plazo, los pa\u00edses de emigraci\u00f3n agotar\u00e1n tambi\u00e9n sus excedentes de poblaci\u00f3n","breadcrumb":{"@id":"https:\/\/conversesacatalunya.cat\/es\/declive-de-la-fertilidad-mundial\/#breadcrumb"},"inLanguage":"es","potentialAction":[{"@type":"ReadAction","target":["https:\/\/conversesacatalunya.cat\/es\/declive-de-la-fertilidad-mundial\/"]}]},{"@type":"ImageObject","inLanguage":"es","@id":"https:\/\/conversesacatalunya.cat\/es\/declive-de-la-fertilidad-mundial\/#primaryimage","url":"https:\/\/conversesacatalunya.cat\/wp-content\/uploads\/2019\/12\/manca-de-natalitat.jpg","contentUrl":"https:\/\/conversesacatalunya.cat\/wp-content\/uploads\/2019\/12\/manca-de-natalitat.jpg","width":304,"height":166,"caption":"manca de natalitat"},{"@type":"BreadcrumbList","@id":"https:\/\/conversesacatalunya.cat\/es\/declive-de-la-fertilidad-mundial\/#breadcrumb","itemListElement":[{"@type":"ListItem","position":1,"name":"Inici","item":"https:\/\/conversesacatalunya.cat\/es\/"},{"@type":"ListItem","position":2,"name":"El preocupante declive de la fertilidad mundial"}]},{"@type":"WebSite","@id":"https:\/\/conversesacatalunya.cat\/#website","url":"https:\/\/conversesacatalunya.cat\/","name":"Converses a Catalunya","description":"","potentialAction":[{"@type":"SearchAction","target":{"@type":"EntryPoint","urlTemplate":"https:\/\/conversesacatalunya.cat\/?s={search_term_string}"},"query-input":{"@type":"PropertyValueSpecification","valueRequired":true,"valueName":"search_term_string"}}],"inLanguage":"es"},{"@type":"Person","@id":"https:\/\/conversesacatalunya.cat\/#\/schema\/person\/3ce2ab16c0a3803086d80722c7cad56a","name":"Carles L\u00f3pez","image":{"@type":"ImageObject","inLanguage":"es","@id":"https:\/\/conversesacatalunya.cat\/#\/schema\/person\/image\/","url":"https:\/\/conversesacatalunya.cat\/wp-content\/litespeed\/avatar\/4891585caf2896e97846ab77f06edcf2.jpg?ver=1777091173","contentUrl":"https:\/\/conversesacatalunya.cat\/wp-content\/litespeed\/avatar\/4891585caf2896e97846ab77f06edcf2.jpg?ver=1777091173","caption":"Carles L\u00f3pez"},"url":"https:\/\/conversesacatalunya.cat\/es\/author\/carles-lopez\/"}]}},"wps_subtitle":"A largo plazo, los pa\u00edses de emigraci\u00f3n agotar\u00e1n tambi\u00e9n sus excedentes de poblaci\u00f3n","_links":{"self":[{"href":"https:\/\/conversesacatalunya.cat\/es\/wp-json\/wp\/v2\/posts\/75361","targetHints":{"allow":["GET"]}}],"collection":[{"href":"https:\/\/conversesacatalunya.cat\/es\/wp-json\/wp\/v2\/posts"}],"about":[{"href":"https:\/\/conversesacatalunya.cat\/es\/wp-json\/wp\/v2\/types\/post"}],"author":[{"embeddable":true,"href":"https:\/\/conversesacatalunya.cat\/es\/wp-json\/wp\/v2\/users\/75"}],"replies":[{"embeddable":true,"href":"https:\/\/conversesacatalunya.cat\/es\/wp-json\/wp\/v2\/comments?post=75361"}],"version-history":[{"count":2,"href":"https:\/\/conversesacatalunya.cat\/es\/wp-json\/wp\/v2\/posts\/75361\/revisions"}],"predecessor-version":[{"id":75363,"href":"https:\/\/conversesacatalunya.cat\/es\/wp-json\/wp\/v2\/posts\/75361\/revisions\/75363"}],"wp:featuredmedia":[{"embeddable":true,"href":"https:\/\/conversesacatalunya.cat\/es\/wp-json\/wp\/v2\/media\/30690"}],"wp:attachment":[{"href":"https:\/\/conversesacatalunya.cat\/es\/wp-json\/wp\/v2\/media?parent=75361"}],"wp:term":[{"taxonomy":"category","embeddable":true,"href":"https:\/\/conversesacatalunya.cat\/es\/wp-json\/wp\/v2\/categories?post=75361"},{"taxonomy":"post_tag","embeddable":true,"href":"https:\/\/conversesacatalunya.cat\/es\/wp-json\/wp\/v2\/tags?post=75361"}],"curies":[{"name":"wp","href":"https:\/\/api.w.org\/{rel}","templated":true}]}}