{"id":74810,"date":"2024-02-09T11:19:05","date_gmt":"2024-02-09T10:19:05","guid":{"rendered":"https:\/\/conversesacatalunya.cat\/?p=74810"},"modified":"2024-02-09T11:19:05","modified_gmt":"2024-02-09T10:19:05","slug":"racionamiento-agua-ineptitud-gobernantes","status":"publish","type":"post","link":"https:\/\/conversesacatalunya.cat\/es\/racionamiento-agua-ineptitud-gobernantes\/","title":{"rendered":"Racionamiento del agua e ineptitud de los gobernantes"},"content":{"rendered":"<p>Leo lo que dice Josep Mir\u00f3 en este digital <a href=\"https:\/\/conversesacatalunya.cat\/es\/agua-hay-lo-que-no-hay-son-buenos-politicos-y-ii\/\" target=\"_blank\" rel=\"noopener\"><strong>\u00abhay agua, lo que no hay son buenos pol\u00edticos\u00bb<\/strong><\/a>, y estoy de acuerdo. El racionamiento del agua en toda Catalu\u00f1a y muchos sitios de Andaluc\u00eda es el fruto de la pasividad de los gobernantes, a no evitar que una gran parte (se dice que incluso la mitad) del agua se pierda en la conducci\u00f3n por las tuber\u00edas, y en un uso poco sostenible del agua para consumo agr\u00edcola y ganadero.<\/p>\n<p>El estado de emergencia actual y racionamiento del agua es se\u00f1al de la ineptitud de los gobernantes, que se limitan a confiar en que la lluvia caiga del cielo donde nosotros queremos que llueva, en lugar de poner inteligencia a aprovechar el agua de lluvia donde cae.<\/p>\n<p>Mientras, en Catalu\u00f1a los pol\u00edticos piensan en la independencia, por un lado, y por otro piden el trasvase de aguas desde Arag\u00f3n o que la traigan de Sagunto, algo contradictorio para un pa\u00eds que se siente independiente, y que en realidad est\u00e1 pendiente de la solidaridad de otras autonom\u00edas. <strong>\u00bfNo ser\u00eda mejor focalizarse en las necesidades reales?<\/strong><\/p>\n<p>El foco de los gobernantes debe ponerse d\u00f3nde est\u00e1n las necesidades principales del pa\u00eds, empezando por las b\u00e1sicas como son el agua, que es vida. Con la sequ\u00eda que hay desde 2018 ha habido tiempo para poder hacer infraestructuras, y si donde llueve no hay embalses, pues hag\u00e1moslos, en lugar de esperar el santo advenimiento&#8230; como se suele decir: \u201ca Dios orando y con el mazo dando\u201d.<\/p>\n<p><strong>Se dedican millones de euros a la publicidad y campa\u00f1as de sensibilizaci\u00f3n para ahorrar agua,<\/strong> pero eso no tapa los agujeros de las tuber\u00edas, tarea oculta que no da visibilidad a los pol\u00edticos; adem\u00e1s, no basta con llevar agua de los pantanos que recogen agua de lluvia, sino que el subsuelo est\u00e1 lleno de agua, como <strong>en Libia que resolvieron el problema de falta absoluta de agua en medio del desierto<\/strong>, sac\u00e1ndola de las bolsas de agua que tiene el subsuelo.<\/p>\n<p>Hay un librito famoso: <strong>\u00ab\u00bfQui\u00e9n se ha llevado mi queso?\u00bb<\/strong> que habla de que antes de que llegue la crisis, hay que buscar otra forma de resolver la cuesti\u00f3n; hemos visto llegar la crisis del agua desde hace a\u00f1os, y hemos mirado hacia otro lado en lugar de buscar otras fuentes de obtenci\u00f3n de ese agua vital para todos. Basta con mirar la historia, para ver que hemos tenido cisternas hasta el siglo XX cuando se ha monetizado el uso del agua con impuestos (tambi\u00e9n con m\u00e1s higiene, pero no debe reducirse el uso a fin de que toda agua pague impuestos).<\/p>\n<p><strong>La costa catalana tiene d\u00e9ficit de agua y reducir el cauce de los r\u00edos causar\u00e1 un desastre ecol\u00f3gico.<\/strong> La costa de M\u00e1laga tampoco tiene agua. Las reuniones pol\u00edticas de cara a la galer\u00eda no resuelven el problema, es una visi\u00f3n de catetos que piensan quedar bien hoy, pero no hacen planes eficientes para el ma\u00f1ana: \u00bfen qu\u00e9 piensan los gobernantes? Poner el inter\u00e9s en pol\u00edticas de ideolog\u00edas partidistas, buscar aplausos de hoy para ma\u00f1ana, ni tiene ra\u00edces ni habr\u00e1 frutos.<\/p>\n<p>Es cierto que una educaci\u00f3n para el uso del agua dom\u00e9stica es importante, pero <strong>no creo \u00fatiles los 2.000 millones de euros que la Generalitat de Catalu\u00f1a se ha gastado en la \u00faltima campa\u00f1a publicitaria<\/strong> para concienciar a los ciudadanos a gastar menos, y est\u00e1 bien la concienciaci\u00f3n y la educaci\u00f3n, pero no s\u00f3lo en el uso dom\u00e9stico, sino tambi\u00e9n en otros campos.<\/p>\n<h5><strong>Hay maneras de sacar mayor rentabilidad al agua, aparte de lo que hemos dicho ya sobre el estudio del agua del subsuelo:<\/strong><\/h5>\n<p><strong>1.En agricultura, hacer un riego sostenible, ya que se riega a manta en un gran porcentaje:<\/strong> una agricultura m\u00e1s eficaz, sostenible y competitiva dar\u00eda el doble del agua que ahora pasa por los r\u00edos. En <strong>Almer\u00eda<\/strong> fueron pioneros del riego sostenible, e implementar estas formas con ayudas oficiales es mucho m\u00e1s \u00fatil que hacer publicidad de miles de millones de euros, pero mejor estar\u00eda hacer algo menos de autopropaganda y resolver el problema grande. En realidad el agua se gasta sobre todo en agricultura y ganader\u00eda. Implementar<strong> sistemas de riego por goteo o aspersi\u00f3n<\/strong> para reducir el desperdicio de agua; utilizar tecnolog\u00edas de sensores para monitorear la humedad del suelo y aplicar agua de forma precisa. Practicar la<strong> rotaci\u00f3n de cultivos<\/strong> para mejorar la eficiencia en el uso del agua y optar por cultivos resistentes a la sequ\u00eda. Emplear pr\u00e1cticas agr\u00edcolas que <strong>reduzcan la evaporaci\u00f3n del suelo y conserven la humedad<\/strong>; y cubrir el suelo con materiales org\u00e1nicos o t\u00e9cnicas de cultivo m\u00ednimo. Por ejemplo se ha visto que es mucho m\u00e1s eficiente el olivar si tiene hierba y no dejar el suelo pelado como suele hacerse. Adem\u00e1s, instalar <strong>sistemas de captaci\u00f3n de agua de lluvia<\/strong> para su reutilizaci\u00f3n en riego es b\u00e1sico.<\/p>\n<p><strong>2. Ganader\u00eda, gesti\u00f3n eficiente del agua potable:<\/strong> implementar bebederos eficientes que reduzcan el desperdicio de agua; monitorear y reparar fugas en sistemas de suministro de agua; pastoreo rotativo para mantener la calidad del pasto, y manejo del pasto para evitar la sobreexplotaci\u00f3n de los recursos h\u00eddricos; reutilizaci\u00f3n de aguas grises (tratar y reutilizar aguas grises para tareas como limpieza o riego).<\/p>\n<p><strong>3. Optimizar la conducci\u00f3n del agua<\/strong>, en primer lugar, arreglar las conducciones, ya que en Catalu\u00f1a se reconoce que puede haber p\u00e9rdidas de hasta un 50%.<\/p>\n<p><strong>4. Instalar dispositivos de bajo flujo<\/strong> en grifos y duchas es \u00fatil, pero considerar la instalaci\u00f3n de sistemas de recolecci\u00f3n de agua de lluvia para uso dom\u00e9stico es mucho m\u00e1s eficiente.<\/p>\n<p>El agua de lluvia no cae donde est\u00e1n los pantanos, se trata de aprovecharla como siempre se ha hecho: hacer cisternas para recogerla. El agua de lluvia se ha aprovechado siempre, para las necesidades humanas, agr\u00edcolas y ganaderas, con el uso de pozos y cisternas hasta el siglo XX.<\/p>\n<p>Es l\u00f3gico que se regule el consumo humano de estas aguas en cuanto a salud p\u00fablica y cuidado de las capas fre\u00e1ticas. Pero no me parece razonable que la motivaci\u00f3n sea s\u00f3lo permitir a las instituciones p\u00fablicas monopolizar los impuestos del agua, para recaudar m\u00e1s, a costa de que no haya agua utilizable para consumo humano.<\/p>\n<p>Cuando falta el agua conviene volver a esta sabidur\u00eda popular de las cisternas: el agua es vida, y cuando falta todos lo notamos. Volvemos a la restricci\u00f3n en algunos hogares espa\u00f1oles, en litros de agua o agua a determinadas horas, como los que hemos vivido en sequ\u00edas similares.<\/p>\n<p>Pero cuando el agua no falta, como estos d\u00edas de lluvia, sino que no se aprovecha de manera adecuada, debemos plantearnos aquello de que si queremos resultados diferentes, debemos hacer cosas diferentes.<\/p>\n<p>Los pantanos no son suficientes para recoger suficiente agua, en algunas cuencas, ya que hay muchas m\u00e1s cuencas sin pantanos, es decir, el problema actual es que el agua no cae \u00abdonde nosotros queremos para recogerla\u00bb. Entonces, lo l\u00f3gico es \u00abrecogerla donde cae el agua\u00bb: \u00a1elemental!<\/p>\n<p>Adem\u00e1s hay mucha m\u00e1s gente que hace a\u00f1os, y l\u00f3gicamente si en lugar de poner m\u00e1s embalses se quitan pantanos, habr\u00e1 menos agua. Van pareciendo insuficientes los pantanos, adem\u00e1s de sus limitaciones (llenado de sedimentos, impedir el cauce natural, etc.). <strong>La desalinizaci\u00f3n de agua del mar tiene un mayor coste.<\/strong><\/p>\n<h5><strong>El agua de lluvia tiene muchas cualidades. Puede utilizarse para todo tipo de consumo, l\u00f3gicamente con el tratamiento adecuado si se utiliza para el consumo humano.<\/strong><\/h5>\n<p><strong>Desde la antig\u00fcedad, se ha recogido en dep\u00f3sitos, llamados aljibes o cisternas,<\/strong> en Granada se pueden ver en el barrio del Albaic\u00edn, y es una experiencia que todos tenemos, ya que desde peque\u00f1o he visto como el agua de los tejados de mi casa iba a parar a una cisterna que permit\u00eda regar el huerto y dar bebida a los animales. Incluso en los lugares altos como los castillos he visto lo mismo: bajo el patio de armas, estaba la cisterna que recog\u00eda las lluvias ca\u00eddas en toda la superficie del castillo.<\/p>\n<p>Leo que en Gibraltar, donde no hay r\u00edos ni fuentes propias, las laderas de la roca deslizaban el agua de lluvia a unos enormes dep\u00f3sitos soterrados. Pienso que no s\u00f3lo se puede hacer de forma individual, en cada casa o comunidad de propietarios, sino que tambi\u00e9n se podr\u00eda hacer a nivel de municipios, de forma adecuada a las necesidades de cada sitio: bajo unas instalaciones comunes (campos deportivos, parkings\u2026) podr\u00eda haber un dep\u00f3sito que recoja estas aguas.<\/p>\n<p><strong>En resumen,<\/strong> se pueden realizar a nivel personal, en las casas o municipal y comarcal, bajo infraestructuras como aparcamientos, campos de f\u00fatbol, etc. El agua cae pero se va incluso en rieras haciendo m\u00e1s da\u00f1o que bien, porque no sabemos aprovecharla.<\/p>\n<p>Se trata de tener una cultura de captaci\u00f3n de agua de lluvia para no tener escasez los meses que no existen. En <strong>M\u00e9xico<\/strong> ya est\u00e1n aplicando esa sabidur\u00eda. En <strong>Alemania<\/strong> no exist\u00eda esta tradici\u00f3n, pero cientos de miles de viviendas ya disfrutan de equipos de recogida de agua. En <strong>Espa\u00f1a<\/strong> estamos ahora a la <strong>cola de los pa\u00edses europeos<\/strong> en este aprovechamiento de aguas pluviales. Y conviene que exista inteligencia creativa en lugar de victimismo y quejas in\u00fatiles debidas a un proceso de desertizaci\u00f3n de Espa\u00f1a y aumento de habitantes. En resumen, se trata de poner de acuerdo a ingenieros y otros t\u00e9cnicos para aprovechar la cantidad de agua ingente para adecuarla a las necesidades, con dinero p\u00fablico e <a href=\"https:\/\/conversesacatalunya.cat\/es\/agua-regenerada-la-respuesta-mas-sostenible-a-la-sequia\/\" target=\"_blank\" rel=\"noopener\"><strong>inversiones privadas.<\/strong><\/a><\/p>\n<p><strong>5. Reciclaje del agua<\/strong>, ya que no desaparece una vez consumida la tierra o la persona, sino que cambia su apariencia. Optimizar el uso del agua despu\u00e9s de su utilizaci\u00f3n en actividades como la agricultura, la ganader\u00eda o el \u00e1mbito dom\u00e9stico es crucial para la sostenibilidad del recurso: implementar sistemas de reciclaje de aguas grises para usos no potables, tales como riego de jardines o descarga de inodoros. Investigar tecnolog\u00edas de tratamiento de aguas residuales es fundamental para su reutilizaci\u00f3n en actividades no potables.<\/p>\n<p><strong>6. Pol\u00edticas gubernamentales adecuadas que promuevan la conservaci\u00f3n del agua<\/strong> es tambi\u00e9n importante. En lugar de destinar miles de millones de fondos europeos a una informatizaci\u00f3n de sectores que todav\u00eda no son capaces de asumir estos cambios tecnol\u00f3gicos, creo m\u00e1s necesario dedicar fondos para que se implementen las t\u00e9cnicas agr\u00edcolas y ganaderas sostenibles para el consumo del agua dichos m\u00e1s arriba. Cumplir regulaciones ambientales relacionadas con el uso del agua es hoy prioritario.<\/p>\n<p>Al mismo tiempo, es necesario estar al corriente de las \u00faltimas tecnolog\u00edas de conservaci\u00f3n del agua y adoptar aquellas que sean apropiadas. Implementar estrategias puede hacer que paso a paso se maximice la eficiencia de este bien tan vital como el agua.<\/p>\n<span class='bctt-click-to-tweet'><span class='bctt-ctt-text'><a href='https:\/\/twitter.com\/intent\/tweet?url=https%3A%2F%2Fconversesacatalunya.cat%2Fes%2Fracionamiento-agua-ineptitud-gobernantes%2F&#038;text=Se%20dedican%20millones%20de%20euros%20a%20la%20publicidad%20y%20campa%C3%B1as%20de%20sensibilizaci%C3%B3n%20para%20ahorrar%20agua%2C%20pero%20eso%20no%20tapa%20los%20agujeros%20de%20las%20tuber%C3%ADas%2C%20tarea%20oculta%20que%20no%20da%20visibilidad%20a%20los%20pol%C3%ADticos&#038;via=conversesacat&#038;related=conversesacat' target='_blank'rel=\"noopener noreferrer\">Se dedican millones de euros a la publicidad y campa\u00f1as de sensibilizaci\u00f3n para ahorrar agua, pero eso no tapa los agujeros de las tuber\u00edas, tarea oculta que no da visibilidad a los pol\u00edticos <\/a><\/span><a href='https:\/\/twitter.com\/intent\/tweet?url=https%3A%2F%2Fconversesacatalunya.cat%2Fes%2Fracionamiento-agua-ineptitud-gobernantes%2F&#038;text=Se%20dedican%20millones%20de%20euros%20a%20la%20publicidad%20y%20campa%C3%B1as%20de%20sensibilizaci%C3%B3n%20para%20ahorrar%20agua%2C%20pero%20eso%20no%20tapa%20los%20agujeros%20de%20las%20tuber%C3%ADas%2C%20tarea%20oculta%20que%20no%20da%20visibilidad%20a%20los%20pol%C3%ADticos&#038;via=conversesacat&#038;related=conversesacat' target='_blank' class='bctt-ctt-btn'rel=\"noopener noreferrer\">Compartir en X<\/a><\/span>\n<p>&nbsp;<\/p>\n<p>&nbsp;<\/p>\n","protected":false},"excerpt":{"rendered":"<p>Leo lo que dice Josep Mir\u00f3 en este digital \u00abhay agua, lo que no hay son buenos pol\u00edticos\u00bb, y estoy de acuerdo. El racionamiento del agua en toda Catalu\u00f1a y muchos sitios de Andaluc\u00eda es el fruto de la pasividad de los gobernantes, a no evitar que una gran parte (se dice que incluso la mitad) del agua se pierda en la conducci\u00f3n por las tuber\u00edas, y en un uso poco sostenible del agua para consumo agr\u00edcola y ganadero. El estado de emergencia actual y racionamiento del agua es se\u00f1al de la ineptitud de los gobernantes, que se limitan a confiar en que la lluvia caiga del cielo donde nosotros queremos que llueva, en lugar de poner inteligencia a aprovechar el agua de lluvia donde cae. Mientras, en Catalu\u00f1a los pol\u00edticos piensan en la independencia, por un lado, y por otro piden el trasvase de aguas desde Arag\u00f3n o que la traigan de Sagunto, algo contradictorio para un pa\u00eds que se siente independiente, y que en realidad est\u00e1 pendiente de la solidaridad de otras autonom\u00edas. \u00bfNo ser\u00eda mejor focalizarse en las necesidades reales? El foco de los gobernantes debe ponerse d\u00f3nde est\u00e1n las necesidades principales del pa\u00eds, empezando por las b\u00e1sicas como son el agua, que es vida. Con la sequ\u00eda que hay desde 2018 ha habido tiempo para poder hacer infraestructuras, y si donde llueve no hay embalses, pues hag\u00e1moslos, en lugar de esperar el santo advenimiento&#8230; como se suele decir: \u201ca Dios orando y con el mazo dando\u201d. Se dedican millones de euros a la publicidad y campa\u00f1as de sensibilizaci\u00f3n para ahorrar agua, pero eso no tapa los agujeros de las tuber\u00edas, tarea oculta que no da visibilidad a los pol\u00edticos; adem\u00e1s, no basta con llevar agua de los pantanos que recogen agua de lluvia, sino que el subsuelo est\u00e1 lleno de agua, como en Libia que resolvieron el problema de falta absoluta de agua en medio del desierto, sac\u00e1ndola de las bolsas de agua que tiene el subsuelo. Hay un librito famoso: \u00ab\u00bfQui\u00e9n se ha llevado mi queso?\u00bb que habla de que antes de que llegue la crisis, hay que buscar otra forma de resolver la cuesti\u00f3n; hemos visto llegar la crisis del agua desde hace a\u00f1os, y hemos mirado hacia otro lado en lugar de buscar otras fuentes de obtenci\u00f3n de ese agua vital para todos. Basta con mirar la historia, para ver que hemos tenido cisternas hasta el siglo XX cuando se ha monetizado el uso del agua con impuestos (tambi\u00e9n con m\u00e1s higiene, pero no debe reducirse el uso a fin de que toda agua pague impuestos). La costa catalana tiene d\u00e9ficit de agua y reducir el cauce de los r\u00edos causar\u00e1 un desastre ecol\u00f3gico. La costa de M\u00e1laga tampoco tiene agua. Las reuniones pol\u00edticas de cara a la galer\u00eda no resuelven el problema, es una visi\u00f3n de catetos que piensan quedar bien hoy, pero no hacen planes eficientes para el ma\u00f1ana: \u00bfen qu\u00e9 piensan los gobernantes? Poner el inter\u00e9s en pol\u00edticas de ideolog\u00edas partidistas, buscar aplausos de hoy para ma\u00f1ana, ni tiene ra\u00edces ni habr\u00e1 frutos. Es cierto que una educaci\u00f3n para el uso del agua dom\u00e9stica es importante, pero no creo \u00fatiles los 2.000 millones de euros que la Generalitat de Catalu\u00f1a se ha gastado en la \u00faltima campa\u00f1a publicitaria para concienciar a los ciudadanos a gastar menos, y est\u00e1 bien la concienciaci\u00f3n y la educaci\u00f3n, pero no s\u00f3lo en el uso dom\u00e9stico, sino tambi\u00e9n en otros campos. Hay maneras de sacar mayor rentabilidad al agua, aparte de lo que hemos dicho ya sobre el estudio del agua del subsuelo: 1.En agricultura, hacer un riego sostenible, ya que se riega a manta en un gran porcentaje: una agricultura m\u00e1s eficaz, sostenible y competitiva dar\u00eda el doble del agua que ahora pasa por los r\u00edos. En Almer\u00eda fueron pioneros del riego sostenible, e implementar estas formas con ayudas oficiales es mucho m\u00e1s \u00fatil que hacer publicidad de miles de millones de euros, pero mejor estar\u00eda hacer algo menos de autopropaganda y resolver el problema grande. En realidad el agua se gasta sobre todo en agricultura y ganader\u00eda. Implementar sistemas de riego por goteo o aspersi\u00f3n para reducir el desperdicio de agua; utilizar tecnolog\u00edas de sensores para monitorear la humedad del suelo y aplicar agua de forma precisa. Practicar la rotaci\u00f3n de cultivos para mejorar la eficiencia en el uso del agua y optar por cultivos resistentes a la sequ\u00eda. Emplear pr\u00e1cticas agr\u00edcolas que reduzcan la evaporaci\u00f3n del suelo y conserven la humedad; y cubrir el suelo con materiales org\u00e1nicos o t\u00e9cnicas de cultivo m\u00ednimo. Por ejemplo se ha visto que es mucho m\u00e1s eficiente el olivar si tiene hierba y no dejar el suelo pelado como suele hacerse. Adem\u00e1s, instalar sistemas de captaci\u00f3n de agua de lluvia para su reutilizaci\u00f3n en riego es b\u00e1sico. 2. Ganader\u00eda, gesti\u00f3n eficiente del agua potable: implementar bebederos eficientes que reduzcan el desperdicio de agua; monitorear y reparar fugas en sistemas de suministro de agua; pastoreo rotativo para mantener la calidad del pasto, y manejo del pasto para evitar la sobreexplotaci\u00f3n de los recursos h\u00eddricos; reutilizaci\u00f3n de aguas grises (tratar y reutilizar aguas grises para tareas como limpieza o riego). 3. Optimizar la conducci\u00f3n del agua, en primer lugar, arreglar las conducciones, ya que en Catalu\u00f1a se reconoce que puede haber p\u00e9rdidas de hasta un 50%. 4. Instalar dispositivos de bajo flujo en grifos y duchas es \u00fatil, pero considerar la instalaci\u00f3n de sistemas de recolecci\u00f3n de agua de lluvia para uso dom\u00e9stico es mucho m\u00e1s eficiente. El agua de lluvia no cae donde est\u00e1n los pantanos, se trata de aprovecharla como siempre se ha hecho: hacer cisternas para recogerla. El agua de lluvia se ha aprovechado siempre, para las necesidades humanas, agr\u00edcolas y ganaderas, con el uso de pozos y cisternas hasta el siglo XX. Es l\u00f3gico que se regule el consumo humano de estas aguas en cuanto a salud p\u00fablica y cuidado de las capas fre\u00e1ticas. Pero no me parece razonable que la motivaci\u00f3n sea&#8230;<\/p>\n","protected":false},"author":83,"featured_media":74761,"comment_status":"open","ping_status":"open","sticky":false,"template":"","format":"standard","meta":{"_FSMCFIC_featured_image_caption":"","_FSMCFIC_featured_image_nocaption":"","_FSMCFIC_featured_image_hide":"","footnotes":""},"categories":[804],"tags":[4527,4528],"class_list":["post-74810","post","type-post","status-publish","format-standard","has-post-thumbnail","hentry","category-opinem-es","tag-sequera-es","tag-sequia-es"],"yoast_head":"<!-- This site is optimized with the Yoast SEO plugin v26.8 - https:\/\/yoast.com\/product\/yoast-seo-wordpress\/ -->\n<title>Racionamiento del agua e ineptitud de los gobernantes - Converses a Catalunya<\/title>\n<meta name=\"description\" content=\"El racionamiento del agua en toda Catalu\u00f1a y muchos sitios de Andaluc\u00eda es el fruto de la pasividad de los gobernantes, a no evitar\" \/>\n<meta name=\"robots\" content=\"index, follow, max-snippet:-1, max-image-preview:large, max-video-preview:-1\" \/>\n<link rel=\"canonical\" href=\"https:\/\/conversesacatalunya.cat\/es\/racionamiento-agua-ineptitud-gobernantes\/\" \/>\n<meta property=\"og:locale\" content=\"es_ES\" \/>\n<meta property=\"og:type\" content=\"article\" \/>\n<meta property=\"og:title\" content=\"Racionamiento del agua e ineptitud de los gobernantes - Converses a Catalunya\" \/>\n<meta property=\"og:description\" content=\"El racionamiento del agua en toda Catalu\u00f1a y muchos sitios de Andaluc\u00eda es el fruto de la pasividad de los gobernantes, a no evitar\" \/>\n<meta property=\"og:url\" content=\"https:\/\/conversesacatalunya.cat\/es\/racionamiento-agua-ineptitud-gobernantes\/\" \/>\n<meta property=\"og:site_name\" content=\"Converses a Catalunya\" \/>\n<meta property=\"article:published_time\" content=\"2024-02-09T10:19:05+00:00\" \/>\n<meta property=\"og:image\" content=\"https:\/\/conversesacatalunya.cat\/wp-content\/uploads\/2024\/02\/sanetsch-reservoir-7500157_640.jpg\" \/>\n\t<meta property=\"og:image:width\" content=\"640\" \/>\n\t<meta property=\"og:image:height\" content=\"320\" \/>\n\t<meta property=\"og:image:type\" content=\"image\/jpeg\" \/>\n<meta name=\"author\" content=\"Lluci\u00e0 Pou Sabat\u00e9\" \/>\n<meta name=\"twitter:card\" content=\"summary_large_image\" \/>\n<meta name=\"twitter:label1\" content=\"Escrito por\" \/>\n\t<meta name=\"twitter:data1\" content=\"Lluci\u00e0 Pou Sabat\u00e9\" \/>\n\t<meta name=\"twitter:label2\" content=\"Tiempo de lectura\" \/>\n\t<meta name=\"twitter:data2\" content=\"10 minutos\" \/>\n<script type=\"application\/ld+json\" class=\"yoast-schema-graph\">{\"@context\":\"https:\/\/schema.org\",\"@graph\":[{\"@type\":\"Article\",\"@id\":\"https:\/\/conversesacatalunya.cat\/es\/racionamiento-agua-ineptitud-gobernantes\/#article\",\"isPartOf\":{\"@id\":\"https:\/\/conversesacatalunya.cat\/es\/racionamiento-agua-ineptitud-gobernantes\/\"},\"author\":{\"name\":\"Lluci\u00e0 Pou Sabat\u00e9\",\"@id\":\"https:\/\/conversesacatalunya.cat\/#\/schema\/person\/b1179de0444833001556d67e2ccf43c3\"},\"headline\":\"Racionamiento del agua e ineptitud de los gobernantes\",\"datePublished\":\"2024-02-09T10:19:05+00:00\",\"mainEntityOfPage\":{\"@id\":\"https:\/\/conversesacatalunya.cat\/es\/racionamiento-agua-ineptitud-gobernantes\/\"},\"wordCount\":1958,\"commentCount\":0,\"image\":{\"@id\":\"https:\/\/conversesacatalunya.cat\/es\/racionamiento-agua-ineptitud-gobernantes\/#primaryimage\"},\"thumbnailUrl\":\"https:\/\/conversesacatalunya.cat\/wp-content\/uploads\/2024\/02\/sanetsch-reservoir-7500157_640.jpg\",\"keywords\":[\"sequera\",\"Sequia\"],\"articleSection\":[\"Opinem (ES)\"],\"inLanguage\":\"es\",\"potentialAction\":[{\"@type\":\"CommentAction\",\"name\":\"Comment\",\"target\":[\"https:\/\/conversesacatalunya.cat\/es\/racionamiento-agua-ineptitud-gobernantes\/#respond\"]}]},{\"@type\":\"WebPage\",\"@id\":\"https:\/\/conversesacatalunya.cat\/es\/racionamiento-agua-ineptitud-gobernantes\/\",\"url\":\"https:\/\/conversesacatalunya.cat\/es\/racionamiento-agua-ineptitud-gobernantes\/\",\"name\":\"Racionamiento del agua e ineptitud de los gobernantes - Converses a Catalunya\",\"isPartOf\":{\"@id\":\"https:\/\/conversesacatalunya.cat\/#website\"},\"primaryImageOfPage\":{\"@id\":\"https:\/\/conversesacatalunya.cat\/es\/racionamiento-agua-ineptitud-gobernantes\/#primaryimage\"},\"image\":{\"@id\":\"https:\/\/conversesacatalunya.cat\/es\/racionamiento-agua-ineptitud-gobernantes\/#primaryimage\"},\"thumbnailUrl\":\"https:\/\/conversesacatalunya.cat\/wp-content\/uploads\/2024\/02\/sanetsch-reservoir-7500157_640.jpg\",\"datePublished\":\"2024-02-09T10:19:05+00:00\",\"author\":{\"@id\":\"https:\/\/conversesacatalunya.cat\/#\/schema\/person\/b1179de0444833001556d67e2ccf43c3\"},\"description\":\"El racionamiento del agua en toda Catalu\u00f1a y muchos sitios de Andaluc\u00eda es el fruto de la pasividad de los gobernantes, a no evitar\",\"breadcrumb\":{\"@id\":\"https:\/\/conversesacatalunya.cat\/es\/racionamiento-agua-ineptitud-gobernantes\/#breadcrumb\"},\"inLanguage\":\"es\",\"potentialAction\":[{\"@type\":\"ReadAction\",\"target\":[\"https:\/\/conversesacatalunya.cat\/es\/racionamiento-agua-ineptitud-gobernantes\/\"]}]},{\"@type\":\"ImageObject\",\"inLanguage\":\"es\",\"@id\":\"https:\/\/conversesacatalunya.cat\/es\/racionamiento-agua-ineptitud-gobernantes\/#primaryimage\",\"url\":\"https:\/\/conversesacatalunya.cat\/wp-content\/uploads\/2024\/02\/sanetsch-reservoir-7500157_640.jpg\",\"contentUrl\":\"https:\/\/conversesacatalunya.cat\/wp-content\/uploads\/2024\/02\/sanetsch-reservoir-7500157_640.jpg\",\"width\":640,\"height\":320,\"caption\":\"El agua en Catalu\u00f1a\"},{\"@type\":\"BreadcrumbList\",\"@id\":\"https:\/\/conversesacatalunya.cat\/es\/racionamiento-agua-ineptitud-gobernantes\/#breadcrumb\",\"itemListElement\":[{\"@type\":\"ListItem\",\"position\":1,\"name\":\"Inici\",\"item\":\"https:\/\/conversesacatalunya.cat\/es\/\"},{\"@type\":\"ListItem\",\"position\":2,\"name\":\"Racionamiento del agua e ineptitud de los gobernantes\"}]},{\"@type\":\"WebSite\",\"@id\":\"https:\/\/conversesacatalunya.cat\/#website\",\"url\":\"https:\/\/conversesacatalunya.cat\/\",\"name\":\"Converses a Catalunya\",\"description\":\"\",\"potentialAction\":[{\"@type\":\"SearchAction\",\"target\":{\"@type\":\"EntryPoint\",\"urlTemplate\":\"https:\/\/conversesacatalunya.cat\/?s={search_term_string}\"},\"query-input\":{\"@type\":\"PropertyValueSpecification\",\"valueRequired\":true,\"valueName\":\"search_term_string\"}}],\"inLanguage\":\"es\"},{\"@type\":\"Person\",\"@id\":\"https:\/\/conversesacatalunya.cat\/#\/schema\/person\/b1179de0444833001556d67e2ccf43c3\",\"name\":\"Lluci\u00e0 Pou Sabat\u00e9\",\"image\":{\"@type\":\"ImageObject\",\"inLanguage\":\"es\",\"@id\":\"https:\/\/conversesacatalunya.cat\/#\/schema\/person\/image\/\",\"url\":\"https:\/\/conversesacatalunya.cat\/wp-content\/litespeed\/avatar\/1695d850ba84a82ebb40bde169452707.jpg?ver=1777475635\",\"contentUrl\":\"https:\/\/conversesacatalunya.cat\/wp-content\/litespeed\/avatar\/1695d850ba84a82ebb40bde169452707.jpg?ver=1777475635\",\"caption\":\"Lluci\u00e0 Pou Sabat\u00e9\"},\"url\":\"https:\/\/conversesacatalunya.cat\/es\/author\/llucia-pou\/\"}]}<\/script>\n<!-- \/ Yoast SEO plugin. -->","yoast_head_json":{"title":"Racionamiento del agua e ineptitud de los gobernantes - Converses a Catalunya","description":"El racionamiento del agua en toda Catalu\u00f1a y muchos sitios de Andaluc\u00eda es el fruto de la pasividad de los gobernantes, a no evitar","robots":{"index":"index","follow":"follow","max-snippet":"max-snippet:-1","max-image-preview":"max-image-preview:large","max-video-preview":"max-video-preview:-1"},"canonical":"https:\/\/conversesacatalunya.cat\/es\/racionamiento-agua-ineptitud-gobernantes\/","og_locale":"es_ES","og_type":"article","og_title":"Racionamiento del agua e ineptitud de los gobernantes - Converses a Catalunya","og_description":"El racionamiento del agua en toda Catalu\u00f1a y muchos sitios de Andaluc\u00eda es el fruto de la pasividad de los gobernantes, a no evitar","og_url":"https:\/\/conversesacatalunya.cat\/es\/racionamiento-agua-ineptitud-gobernantes\/","og_site_name":"Converses a Catalunya","article_published_time":"2024-02-09T10:19:05+00:00","og_image":[{"width":640,"height":320,"url":"https:\/\/conversesacatalunya.cat\/wp-content\/uploads\/2024\/02\/sanetsch-reservoir-7500157_640.jpg","type":"image\/jpeg"}],"author":"Lluci\u00e0 Pou Sabat\u00e9","twitter_card":"summary_large_image","twitter_misc":{"Escrito por":"Lluci\u00e0 Pou Sabat\u00e9","Tiempo de lectura":"10 minutos"},"schema":{"@context":"https:\/\/schema.org","@graph":[{"@type":"Article","@id":"https:\/\/conversesacatalunya.cat\/es\/racionamiento-agua-ineptitud-gobernantes\/#article","isPartOf":{"@id":"https:\/\/conversesacatalunya.cat\/es\/racionamiento-agua-ineptitud-gobernantes\/"},"author":{"name":"Lluci\u00e0 Pou Sabat\u00e9","@id":"https:\/\/conversesacatalunya.cat\/#\/schema\/person\/b1179de0444833001556d67e2ccf43c3"},"headline":"Racionamiento del agua e ineptitud de los gobernantes","datePublished":"2024-02-09T10:19:05+00:00","mainEntityOfPage":{"@id":"https:\/\/conversesacatalunya.cat\/es\/racionamiento-agua-ineptitud-gobernantes\/"},"wordCount":1958,"commentCount":0,"image":{"@id":"https:\/\/conversesacatalunya.cat\/es\/racionamiento-agua-ineptitud-gobernantes\/#primaryimage"},"thumbnailUrl":"https:\/\/conversesacatalunya.cat\/wp-content\/uploads\/2024\/02\/sanetsch-reservoir-7500157_640.jpg","keywords":["sequera","Sequia"],"articleSection":["Opinem (ES)"],"inLanguage":"es","potentialAction":[{"@type":"CommentAction","name":"Comment","target":["https:\/\/conversesacatalunya.cat\/es\/racionamiento-agua-ineptitud-gobernantes\/#respond"]}]},{"@type":"WebPage","@id":"https:\/\/conversesacatalunya.cat\/es\/racionamiento-agua-ineptitud-gobernantes\/","url":"https:\/\/conversesacatalunya.cat\/es\/racionamiento-agua-ineptitud-gobernantes\/","name":"Racionamiento del agua e ineptitud de los gobernantes - Converses a Catalunya","isPartOf":{"@id":"https:\/\/conversesacatalunya.cat\/#website"},"primaryImageOfPage":{"@id":"https:\/\/conversesacatalunya.cat\/es\/racionamiento-agua-ineptitud-gobernantes\/#primaryimage"},"image":{"@id":"https:\/\/conversesacatalunya.cat\/es\/racionamiento-agua-ineptitud-gobernantes\/#primaryimage"},"thumbnailUrl":"https:\/\/conversesacatalunya.cat\/wp-content\/uploads\/2024\/02\/sanetsch-reservoir-7500157_640.jpg","datePublished":"2024-02-09T10:19:05+00:00","author":{"@id":"https:\/\/conversesacatalunya.cat\/#\/schema\/person\/b1179de0444833001556d67e2ccf43c3"},"description":"El racionamiento del agua en toda Catalu\u00f1a y muchos sitios de Andaluc\u00eda es el fruto de la pasividad de los gobernantes, a no evitar","breadcrumb":{"@id":"https:\/\/conversesacatalunya.cat\/es\/racionamiento-agua-ineptitud-gobernantes\/#breadcrumb"},"inLanguage":"es","potentialAction":[{"@type":"ReadAction","target":["https:\/\/conversesacatalunya.cat\/es\/racionamiento-agua-ineptitud-gobernantes\/"]}]},{"@type":"ImageObject","inLanguage":"es","@id":"https:\/\/conversesacatalunya.cat\/es\/racionamiento-agua-ineptitud-gobernantes\/#primaryimage","url":"https:\/\/conversesacatalunya.cat\/wp-content\/uploads\/2024\/02\/sanetsch-reservoir-7500157_640.jpg","contentUrl":"https:\/\/conversesacatalunya.cat\/wp-content\/uploads\/2024\/02\/sanetsch-reservoir-7500157_640.jpg","width":640,"height":320,"caption":"El agua en Catalu\u00f1a"},{"@type":"BreadcrumbList","@id":"https:\/\/conversesacatalunya.cat\/es\/racionamiento-agua-ineptitud-gobernantes\/#breadcrumb","itemListElement":[{"@type":"ListItem","position":1,"name":"Inici","item":"https:\/\/conversesacatalunya.cat\/es\/"},{"@type":"ListItem","position":2,"name":"Racionamiento del agua e ineptitud de los gobernantes"}]},{"@type":"WebSite","@id":"https:\/\/conversesacatalunya.cat\/#website","url":"https:\/\/conversesacatalunya.cat\/","name":"Converses a Catalunya","description":"","potentialAction":[{"@type":"SearchAction","target":{"@type":"EntryPoint","urlTemplate":"https:\/\/conversesacatalunya.cat\/?s={search_term_string}"},"query-input":{"@type":"PropertyValueSpecification","valueRequired":true,"valueName":"search_term_string"}}],"inLanguage":"es"},{"@type":"Person","@id":"https:\/\/conversesacatalunya.cat\/#\/schema\/person\/b1179de0444833001556d67e2ccf43c3","name":"Lluci\u00e0 Pou Sabat\u00e9","image":{"@type":"ImageObject","inLanguage":"es","@id":"https:\/\/conversesacatalunya.cat\/#\/schema\/person\/image\/","url":"https:\/\/conversesacatalunya.cat\/wp-content\/litespeed\/avatar\/1695d850ba84a82ebb40bde169452707.jpg?ver=1777475635","contentUrl":"https:\/\/conversesacatalunya.cat\/wp-content\/litespeed\/avatar\/1695d850ba84a82ebb40bde169452707.jpg?ver=1777475635","caption":"Lluci\u00e0 Pou Sabat\u00e9"},"url":"https:\/\/conversesacatalunya.cat\/es\/author\/llucia-pou\/"}]}},"wps_subtitle":"","_links":{"self":[{"href":"https:\/\/conversesacatalunya.cat\/es\/wp-json\/wp\/v2\/posts\/74810","targetHints":{"allow":["GET"]}}],"collection":[{"href":"https:\/\/conversesacatalunya.cat\/es\/wp-json\/wp\/v2\/posts"}],"about":[{"href":"https:\/\/conversesacatalunya.cat\/es\/wp-json\/wp\/v2\/types\/post"}],"author":[{"embeddable":true,"href":"https:\/\/conversesacatalunya.cat\/es\/wp-json\/wp\/v2\/users\/83"}],"replies":[{"embeddable":true,"href":"https:\/\/conversesacatalunya.cat\/es\/wp-json\/wp\/v2\/comments?post=74810"}],"version-history":[{"count":14,"href":"https:\/\/conversesacatalunya.cat\/es\/wp-json\/wp\/v2\/posts\/74810\/revisions"}],"predecessor-version":[{"id":74811,"href":"https:\/\/conversesacatalunya.cat\/es\/wp-json\/wp\/v2\/posts\/74810\/revisions\/74811"}],"wp:featuredmedia":[{"embeddable":true,"href":"https:\/\/conversesacatalunya.cat\/es\/wp-json\/wp\/v2\/media\/74761"}],"wp:attachment":[{"href":"https:\/\/conversesacatalunya.cat\/es\/wp-json\/wp\/v2\/media?parent=74810"}],"wp:term":[{"taxonomy":"category","embeddable":true,"href":"https:\/\/conversesacatalunya.cat\/es\/wp-json\/wp\/v2\/categories?post=74810"},{"taxonomy":"post_tag","embeddable":true,"href":"https:\/\/conversesacatalunya.cat\/es\/wp-json\/wp\/v2\/tags?post=74810"}],"curies":[{"name":"wp","href":"https:\/\/api.w.org\/{rel}","templated":true}]}}