{"id":74802,"date":"2024-02-08T13:21:22","date_gmt":"2024-02-08T12:21:22","guid":{"rendered":"https:\/\/conversesacatalunya.cat\/la-crisi-pagesia\/"},"modified":"2024-02-08T15:15:24","modified_gmt":"2024-02-08T14:15:24","slug":"la-crisis-campesina","status":"publish","type":"post","link":"https:\/\/conversesacatalunya.cat\/es\/la-crisis-campesina\/","title":{"rendered":"La fuerza campesina: Catalu\u00f1a, un funcionario para cada 3 agricultores. \u00bfDe qu\u00e9 sirve?"},"content":{"rendered":"<p><span><span class=\"VIpgJd-yAWNEb-VIpgJd-fmcmS-sn54Q\">Barcelona ha quedado colapsada por 2.000 tractores en un hecho hist\u00f3rico en el que el\u00a0<\/span><\/span><strong><span><span class=\"VIpgJd-yAWNEb-VIpgJd-fmcmS-sn54Q\">campesinado ha ocupado y bloqueado literalmente la capital de Catalu\u00f1a<\/span><\/span><\/strong><span><span class=\"VIpgJd-yAWNEb-VIpgJd-fmcmS-sn54Q\">. Nunca se hab\u00eda producido, y demuestra dos cosas: profundo malestar y capacidad de movilizaci\u00f3n.<\/span><\/span><\/p>\n<p><span>Muchos de estos agricultores han estado 5, 8 o hasta 10 horas conduciendo el tractor por la carretera y muchos han pasado la noche al raso en la ciudad. Es un esfuerzo muy grande. Tanto m\u00e1s si se considera que nadie les paga el sueldo y que manifestarse con tractores representa un fuerte gasto. Es de toda l\u00f3gica pensar que deben estar muy afectados para llegar a esta situaci\u00f3n.<\/span><\/p>\n<p><img fetchpriority=\"high\" decoding=\"async\" class=\"aligncenter wp-image-74796\" src=\"https:\/\/conversesacatalunya.cat\/wp-content\/uploads\/2024\/02\/tractors.jpg\" alt=\"\" width=\"701\" height=\"526\" srcset=\"https:\/\/conversesacatalunya.cat\/wp-content\/uploads\/2024\/02\/tractors.jpg 1000w, https:\/\/conversesacatalunya.cat\/wp-content\/uploads\/2024\/02\/tractors-300x225.jpg 300w\" sizes=\"(max-width: 701px) 100vw, 701px\" \/><\/p>\n<p><span>En un\u00a0<\/span><a href=\"https:\/\/conversesacatalunya.cat\/es\/las-10-causas-de-la-revuelta-del-agricultor\/\" target=\"_blank\" rel=\"noopener\"><span>anterior punto clave<\/span><\/a><span>\u00a0resumimos el conjunto de los principales problemas que han generado esta oleada de indignaci\u00f3n y demostraci\u00f3n de fuerza campesina. Pero todos ellos tienen un denominador com\u00fan: se trata del\u00a0<\/span><strong><span>menosprecio<\/span><\/strong><span>. Hace a\u00f1os que tanto agricultores como ganaderos se quejan siempre de los mismos problemas. El resultado hasta ahora ha sido multiplicarlos por parte de las administraciones. Un elemento simb\u00f3lico en el caso de Catalu\u00f1a explica muy bien de qu\u00e9 palo van los que gobiernan:\u00a0<\/span><strong><span>en Catalu\u00f1a no existe departamento de Agricultura y Ganader\u00eda<\/span><\/strong><span>. Fue sustituida su denominaci\u00f3n por la de acci\u00f3n clim\u00e1tica. Y ese cambio refleja la mentalidad con la que los urbanistas del Palau de la Generalitat enfocan los problemas agrarios.<\/span><\/p>\n<p><span>Hay\u00a0<\/span><strong><span>tres elementos nucleares en este conflicto<\/span><\/strong><span>. Y los tres dependen de la plaza Sant Jaume, de la Moncloa y de la Comisi\u00f3n Europea, en partes diferentes, pero todos ellos corresponsables de la derrota del campo.<\/span><\/p>\n<ul>\n<li><span>Uno es el de la\u00a0<\/span><strong><span>injusticia en las medidas<\/span><\/strong><span>. Es injusto tratar de forma desigual. Se llenan la boca de inclusi\u00f3n, de valorar la diferencia y, a la hora de la verdad y en relaci\u00f3n con el campesinado, lo que hacen es excluirlos de toda consideraci\u00f3n y no contemplar su especificidad productiva y de forma de vida. Es injusto exigir grandes limitaciones por razones ambientales al campesinado europeo y permitir la entrada de productos agrarios de pa\u00edses que est\u00e1n muy lejos de estas restricciones. Hasta que esto no se reequilibre, el mundo agrario europeo tender\u00e1 a desaparecer. En un \u00e1mbito m\u00e1s espec\u00edfico, las medidas y compensaciones sobre la sequ\u00eda no guardan proporci\u00f3n entre c\u00f3mo se trata en el sector tur\u00edstico y c\u00f3mo se trata en el mundo agr\u00edcola y ganadero.<\/span><\/li>\n<li><span>Un segundo factor es el de la\u00a0<\/span><strong><span>transici\u00f3n energ\u00e9tica<\/span><\/strong><span>. Bruselas, con gran alegr\u00eda de los urbanitas cosmopolitas de la Moncloa y el Palau de la Generalitat, despliega pol\u00edticas que son insoportables para descarbonizar la producci\u00f3n, que no est\u00e1n adaptadas a la realidad ni siguen ritmos asumibles. La industria en parte lo resuelve a base de deslocalizarse en otros pa\u00edses, pero los agricultores y ganaderos no pueden y son el pozo del fondo que va quedando sepultado con m\u00e1s y m\u00e1s restricciones. Esto debe acabar. Los costes de la descarbonizaci\u00f3n deben aplicarse de forma justa y equitativa.<\/span><\/li>\n<li><span>La otra gran cuesti\u00f3n es\u00a0<\/span><strong><span>la burocracia<\/span><\/strong><span>. No es un mal exclusivo del campesinado. Los m\u00e9dicos, los maestros, la universidad, todos est\u00e1n ahogados por la ola burocr\u00e1tica de los mandatarios de la administraci\u00f3n, que s\u00f3lo saben generar tr\u00e1mites sin emplear ni un gramo de su inteligencia a simplificarlos. Pero donde esto se vuelve m\u00e1s grave es en el mundo agr\u00edcola, que ha ido multiplicando las tramitaciones administrativas. De hecho, est\u00e1 tan intervenido que s\u00f3lo la hora del almuerzo queda excluida de constar en alguno de los m\u00faltiples papeles que deben desempe\u00f1ar. Y aqu\u00ed la Generalitat iba a tener un gran papel porque hemos llegado a una situaci\u00f3n monstruosa literalmente.<\/span><\/li>\n<\/ul>\n<p style=\"padding-left: 40px;\"><span><span class=\"\">El departamento de Acci\u00f3n Clim\u00e1tica, depositario de la responsabilidad de la agricultura, la ganader\u00eda y la pesca, tiene 5.720 funcionarios y en Catalu\u00f1a hay s\u00f3lo 17.921 agricultores a plena dedicaci\u00f3n. \u00a1Tenemos\u00a0<\/span><\/span><strong><span><span class=\"\">1 funcionario para cada 3 agricultores!<\/span><\/span><\/strong><span><span class=\"\"> De hecho, se le podr\u00eda llevar el desayuno a la cama a cada campesino y sobrar\u00edan horas de funci\u00f3n p\u00fablica. La organizaci\u00f3n agr\u00edcola de Catalu\u00f1a sigue viviendo de las rentas de las transformaciones realizadas en la segunda mitad de la d\u00e9cada de los 80 y desde entonces ha llovido mucho a pesar de la sequ\u00eda. Ya es hora de cambiar y lo que hace falta es aprovechar este volumen de funcionarios para crear unidades de apoyo a la gesti\u00f3n administrativa de los campesinos. Que sean los propios funcionarios quienes resuelvan la mayor parte de esta burocracia y seguramente as\u00ed tendr\u00edan adem\u00e1s un est\u00edmulo para racionalizar los procedimientos. Con menos de 18.000 agricultores a plena dedicaci\u00f3n, los recursos de todo tipo de la Generalitat deber\u00edan dirigirse a hacer un traje a medida para cada explotaci\u00f3n.<\/span><\/span><\/p>\n<p><span><span class=\"VIpgJd-yAWNEb-VIpgJd-fmcmS-sn54Q\">Otro factor nada menor es que\u00a0<\/span><\/span><strong><span><span class=\"VIpgJd-yAWNEb-VIpgJd-fmcmS-sn54Q\">la organizaci\u00f3n ha sido b\u00e1sicamente espont\u00e1nea<\/span><\/span><\/strong><span><span class=\"VIpgJd-yAWNEb-VIpgJd-fmcmS-sn54Q\">. Los sindicatos agrarios van detr\u00e1s de los campesinos, no han sido los autores que han tra\u00eddo a 2.000 tractores a Barcelona. Y \u00e9ste es otro hecho significativo, como lo es el silencio y la ausencia total de presencia de los partidos pol\u00edticos. En todo este revuelo, \u00bfd\u00f3nde est\u00e1 Junqueras? \u00bfO Illa? \u00bfO Colau? \u00bfD\u00f3nde est\u00e1n todos los dirigentes que d\u00eda s\u00ed d\u00eda tambi\u00e9n salen en los telediarios? \u00bfPor qu\u00e9 se esconden? Y que decir del alcalde de Barcelona, \u200b\u200bque en un colapso anunciado y producido, el alcalde es la gran figura ausente.<\/span><\/span><\/p>\n<div id=\"polls-228\" class=\"wp-polls\">\n\t<form id=\"polls_form_228\" class=\"wp-polls-form\" action=\"\/index.php\" method=\"post\">\n\t\t<p style=\"display: none;\"><input type=\"hidden\" id=\"poll_228_nonce\" name=\"wp-polls-nonce\" value=\"9942a42bad\" \/><\/p>\n\t\t<p style=\"display: none;\"><input type=\"hidden\" name=\"poll_id\" value=\"228\" \/><\/p>\n\t\t<p style=\"text-align: center\"><strong>Creus que la Generalitat ha fet totes les inversions que estaven previstes per evitar els efectes de la sequera?<\/strong><\/p><div id=\"polls-228-ans\" class=\"wp-polls-ans\"><ul class=\"wp-polls-ul\">\n\t\t<li><input type=\"radio\" id=\"poll-answer-633\" name=\"poll_228\" value=\"633\" \/> <label for=\"poll-answer-633\">S\u00ed<\/label><\/li>\n\t\t<li><input type=\"radio\" id=\"poll-answer-634\" name=\"poll_228\" value=\"634\" \/> <label for=\"poll-answer-634\">No<\/label><\/li>\n\t\t<li><input type=\"radio\" id=\"poll-answer-635\" name=\"poll_228\" value=\"635\" \/> <label for=\"poll-answer-635\">No ho s\u00e9<\/label><\/li>\n\t\t<\/ul><p style=\"text-align: center\"><input type=\"button\" name=\"vote\" value=\"   Vota   \" class=\"Buttons\" onclick=\"poll_vote(228);\" \/><\/p><p style=\"text-align: center\"><a href=\"#ViewPollResults\" onclick=\"poll_result(228); return false;\" title=\"View Results Of This Poll\">Mira els resultats<\/a><\/p><\/div>\n\t<\/form>\n<\/div>\n<div id=\"polls-228-loading\" class=\"wp-polls-loading\"><img decoding=\"async\" data-src=\"https:\/\/conversesacatalunya.cat\/wp-content\/plugins\/wp-polls\/images\/loading.gif\" width=\"16\" height=\"16\" alt=\"Cargando ...\" title=\"Cargando ...\" class=\"wp-polls-image lazyload\" src=\"data:image\/svg+xml;base64,PHN2ZyB3aWR0aD0iMSIgaGVpZ2h0PSIxIiB4bWxucz0iaHR0cDovL3d3dy53My5vcmcvMjAwMC9zdmciPjwvc3ZnPg==\" style=\"--smush-placeholder-width: 16px; --smush-placeholder-aspect-ratio: 16\/16;\" \/>&nbsp;Cargando ...<\/div>\n\n","protected":false},"excerpt":{"rendered":"<p>Barcelona ha quedado colapsada por 2.000 tractores en un hecho hist\u00f3rico en el que el\u00a0campesinado ha ocupado y bloqueado literalmente la capital de Catalu\u00f1a. Nunca se hab\u00eda producido, y demuestra dos cosas: profundo malestar y capacidad de movilizaci\u00f3n. Muchos de estos agricultores han estado 5, 8 o hasta 10 horas conduciendo el tractor por la carretera y muchos han pasado la noche al raso en la ciudad. Es un esfuerzo muy grande. Tanto m\u00e1s si se considera que nadie les paga el sueldo y que manifestarse con tractores representa un fuerte gasto. Es de toda l\u00f3gica pensar que deben estar muy afectados para llegar a esta situaci\u00f3n. En un\u00a0anterior punto clave\u00a0resumimos el conjunto de los principales problemas que han generado esta oleada de indignaci\u00f3n y demostraci\u00f3n de fuerza campesina. Pero todos ellos tienen un denominador com\u00fan: se trata del\u00a0menosprecio. Hace a\u00f1os que tanto agricultores como ganaderos se quejan siempre de los mismos problemas. El resultado hasta ahora ha sido multiplicarlos por parte de las administraciones. Un elemento simb\u00f3lico en el caso de Catalu\u00f1a explica muy bien de qu\u00e9 palo van los que gobiernan:\u00a0en Catalu\u00f1a no existe departamento de Agricultura y Ganader\u00eda. Fue sustituida su denominaci\u00f3n por la de acci\u00f3n clim\u00e1tica. Y ese cambio refleja la mentalidad con la que los urbanistas del Palau de la Generalitat enfocan los problemas agrarios. Hay\u00a0tres elementos nucleares en este conflicto. Y los tres dependen de la plaza Sant Jaume, de la Moncloa y de la Comisi\u00f3n Europea, en partes diferentes, pero todos ellos corresponsables de la derrota del campo. Uno es el de la\u00a0injusticia en las medidas. Es injusto tratar de forma desigual. Se llenan la boca de inclusi\u00f3n, de valorar la diferencia y, a la hora de la verdad y en relaci\u00f3n con el campesinado, lo que hacen es excluirlos de toda consideraci\u00f3n y no contemplar su especificidad productiva y de forma de vida. Es injusto exigir grandes limitaciones por razones ambientales al campesinado europeo y permitir la entrada de productos agrarios de pa\u00edses que est\u00e1n muy lejos de estas restricciones. Hasta que esto no se reequilibre, el mundo agrario europeo tender\u00e1 a desaparecer. En un \u00e1mbito m\u00e1s espec\u00edfico, las medidas y compensaciones sobre la sequ\u00eda no guardan proporci\u00f3n entre c\u00f3mo se trata en el sector tur\u00edstico y c\u00f3mo se trata en el mundo agr\u00edcola y ganadero. Un segundo factor es el de la\u00a0transici\u00f3n energ\u00e9tica. Bruselas, con gran alegr\u00eda de los urbanitas cosmopolitas de la Moncloa y el Palau de la Generalitat, despliega pol\u00edticas que son insoportables para descarbonizar la producci\u00f3n, que no est\u00e1n adaptadas a la realidad ni siguen ritmos asumibles. La industria en parte lo resuelve a base de deslocalizarse en otros pa\u00edses, pero los agricultores y ganaderos no pueden y son el pozo del fondo que va quedando sepultado con m\u00e1s y m\u00e1s restricciones. Esto debe acabar. Los costes de la descarbonizaci\u00f3n deben aplicarse de forma justa y equitativa. La otra gran cuesti\u00f3n es\u00a0la burocracia. No es un mal exclusivo del campesinado. Los m\u00e9dicos, los maestros, la universidad, todos est\u00e1n ahogados por la ola burocr\u00e1tica de los mandatarios de la administraci\u00f3n, que s\u00f3lo saben generar tr\u00e1mites sin emplear ni un gramo de su inteligencia a simplificarlos. Pero donde esto se vuelve m\u00e1s grave es en el mundo agr\u00edcola, que ha ido multiplicando las tramitaciones administrativas. De hecho, est\u00e1 tan intervenido que s\u00f3lo la hora del almuerzo queda excluida de constar en alguno de los m\u00faltiples papeles que deben desempe\u00f1ar. Y aqu\u00ed la Generalitat iba a tener un gran papel porque hemos llegado a una situaci\u00f3n monstruosa literalmente. El departamento de Acci\u00f3n Clim\u00e1tica, depositario de la responsabilidad de la agricultura, la ganader\u00eda y la pesca, tiene 5.720 funcionarios y en Catalu\u00f1a hay s\u00f3lo 17.921 agricultores a plena dedicaci\u00f3n. \u00a1Tenemos\u00a01 funcionario para cada 3 agricultores! De hecho, se le podr\u00eda llevar el desayuno a la cama a cada campesino y sobrar\u00edan horas de funci\u00f3n p\u00fablica. La organizaci\u00f3n agr\u00edcola de Catalu\u00f1a sigue viviendo de las rentas de las transformaciones realizadas en la segunda mitad de la d\u00e9cada de los 80 y desde entonces ha llovido mucho a pesar de la sequ\u00eda. Ya es hora de cambiar y lo que hace falta es aprovechar este volumen de funcionarios para crear unidades de apoyo a la gesti\u00f3n administrativa de los campesinos. Que sean los propios funcionarios quienes resuelvan la mayor parte de esta burocracia y seguramente as\u00ed tendr\u00edan adem\u00e1s un est\u00edmulo para racionalizar los procedimientos. Con menos de 18.000 agricultores a plena dedicaci\u00f3n, los recursos de todo tipo de la Generalitat deber\u00edan dirigirse a hacer un traje a medida para cada explotaci\u00f3n. Otro factor nada menor es que\u00a0la organizaci\u00f3n ha sido b\u00e1sicamente espont\u00e1nea. Los sindicatos agrarios van detr\u00e1s de los campesinos, no han sido los autores que han tra\u00eddo a 2.000 tractores a Barcelona. Y \u00e9ste es otro hecho significativo, como lo es el silencio y la ausencia total de presencia de los partidos pol\u00edticos. En todo este revuelo, \u00bfd\u00f3nde est\u00e1 Junqueras? \u00bfO Illa? \u00bfO Colau? \u00bfD\u00f3nde est\u00e1n todos los dirigentes que d\u00eda s\u00ed d\u00eda tambi\u00e9n salen en los telediarios? \u00bfPor qu\u00e9 se esconden? Y que decir del alcalde de Barcelona, \u200b\u200bque en un colapso anunciado y producido, el alcalde es la gran figura ausente.<\/p>\n","protected":false},"author":2,"featured_media":74799,"comment_status":"open","ping_status":"open","sticky":false,"template":"","format":"standard","meta":{"_FSMCFIC_featured_image_caption":"","_FSMCFIC_featured_image_nocaption":"","_FSMCFIC_featured_image_hide":"","footnotes":""},"categories":[806],"tags":[1731],"class_list":["post-74802","post","type-post","status-publish","format-standard","has-post-thumbnail","hentry","category-punts-claus-del-dia-es","tag-agricultura-es"],"yoast_head":"<!-- This site is optimized with the Yoast SEO plugin v26.8 - https:\/\/yoast.com\/product\/yoast-seo-wordpress\/ -->\n<title>La fuerza campesina: Catalu\u00f1a, un funcionario para cada 3 agricultores. \u00bfDe qu\u00e9 sirve? - Converses a Catalunya<\/title>\n<meta name=\"description\" content=\"Muchos de estos campesinos han estado 5, 8 o hasta 10 horas conduciendo el tractor por la carretera y muchos han pasado la noche al raso en la ciudad\" \/>\n<meta name=\"robots\" content=\"index, follow, max-snippet:-1, max-image-preview:large, max-video-preview:-1\" \/>\n<link rel=\"canonical\" href=\"https:\/\/conversesacatalunya.cat\/es\/la-crisis-campesina\/\" \/>\n<meta property=\"og:locale\" content=\"es_ES\" \/>\n<meta property=\"og:type\" content=\"article\" \/>\n<meta property=\"og:title\" content=\"La fuerza campesina: Catalu\u00f1a, un funcionario para cada 3 agricultores. \u00bfDe qu\u00e9 sirve? - Converses a Catalunya\" \/>\n<meta property=\"og:description\" content=\"Muchos de estos campesinos han estado 5, 8 o hasta 10 horas conduciendo el tractor por la carretera y muchos han pasado la noche al raso en la ciudad\" \/>\n<meta property=\"og:url\" content=\"https:\/\/conversesacatalunya.cat\/es\/la-crisis-campesina\/\" \/>\n<meta property=\"og:site_name\" content=\"Converses a Catalunya\" \/>\n<meta property=\"article:published_time\" content=\"2024-02-08T12:21:22+00:00\" \/>\n<meta property=\"article:modified_time\" content=\"2024-02-08T14:15:24+00:00\" \/>\n<meta property=\"og:image\" content=\"https:\/\/conversesacatalunya.cat\/wp-content\/uploads\/2024\/02\/revolta-pagesa.jpg\" \/>\n\t<meta property=\"og:image:width\" content=\"1000\" \/>\n\t<meta property=\"og:image:height\" content=\"750\" \/>\n\t<meta property=\"og:image:type\" content=\"image\/jpeg\" \/>\n<meta name=\"author\" content=\"conversesacatalunya\" \/>\n<meta name=\"twitter:card\" content=\"summary_large_image\" \/>\n<meta name=\"twitter:label1\" content=\"Escrito por\" \/>\n\t<meta name=\"twitter:data1\" content=\"conversesacatalunya\" \/>\n\t<meta name=\"twitter:label2\" content=\"Tiempo de lectura\" \/>\n\t<meta name=\"twitter:data2\" content=\"5 minutos\" \/>\n<script type=\"application\/ld+json\" class=\"yoast-schema-graph\">{\"@context\":\"https:\/\/schema.org\",\"@graph\":[{\"@type\":\"Article\",\"@id\":\"https:\/\/conversesacatalunya.cat\/es\/la-crisis-campesina\/#article\",\"isPartOf\":{\"@id\":\"https:\/\/conversesacatalunya.cat\/es\/la-crisis-campesina\/\"},\"author\":{\"name\":\"conversesacatalunya\",\"@id\":\"https:\/\/conversesacatalunya.cat\/#\/schema\/person\/7e24d1e54a2785373ddcb275eae5ed99\"},\"headline\":\"La fuerza campesina: Catalu\u00f1a, un funcionario para cada 3 agricultores. \u00bfDe qu\u00e9 sirve?\",\"datePublished\":\"2024-02-08T12:21:22+00:00\",\"dateModified\":\"2024-02-08T14:15:24+00:00\",\"mainEntityOfPage\":{\"@id\":\"https:\/\/conversesacatalunya.cat\/es\/la-crisis-campesina\/\"},\"wordCount\":964,\"commentCount\":0,\"image\":{\"@id\":\"https:\/\/conversesacatalunya.cat\/es\/la-crisis-campesina\/#primaryimage\"},\"thumbnailUrl\":\"https:\/\/conversesacatalunya.cat\/wp-content\/uploads\/2024\/02\/revolta-pagesa.jpg\",\"keywords\":[\"Agricultura\"],\"articleSection\":[\"Punts clau del dia (ES)\"],\"inLanguage\":\"es\",\"potentialAction\":[{\"@type\":\"CommentAction\",\"name\":\"Comment\",\"target\":[\"https:\/\/conversesacatalunya.cat\/es\/la-crisis-campesina\/#respond\"]}]},{\"@type\":\"WebPage\",\"@id\":\"https:\/\/conversesacatalunya.cat\/es\/la-crisis-campesina\/\",\"url\":\"https:\/\/conversesacatalunya.cat\/es\/la-crisis-campesina\/\",\"name\":\"La fuerza campesina: Catalu\u00f1a, un funcionario para cada 3 agricultores. \u00bfDe qu\u00e9 sirve? - Converses a Catalunya\",\"isPartOf\":{\"@id\":\"https:\/\/conversesacatalunya.cat\/#website\"},\"primaryImageOfPage\":{\"@id\":\"https:\/\/conversesacatalunya.cat\/es\/la-crisis-campesina\/#primaryimage\"},\"image\":{\"@id\":\"https:\/\/conversesacatalunya.cat\/es\/la-crisis-campesina\/#primaryimage\"},\"thumbnailUrl\":\"https:\/\/conversesacatalunya.cat\/wp-content\/uploads\/2024\/02\/revolta-pagesa.jpg\",\"datePublished\":\"2024-02-08T12:21:22+00:00\",\"dateModified\":\"2024-02-08T14:15:24+00:00\",\"author\":{\"@id\":\"https:\/\/conversesacatalunya.cat\/#\/schema\/person\/7e24d1e54a2785373ddcb275eae5ed99\"},\"description\":\"Muchos de estos campesinos han estado 5, 8 o hasta 10 horas conduciendo el tractor por la carretera y muchos han pasado la noche al raso en la ciudad\",\"breadcrumb\":{\"@id\":\"https:\/\/conversesacatalunya.cat\/es\/la-crisis-campesina\/#breadcrumb\"},\"inLanguage\":\"es\",\"potentialAction\":[{\"@type\":\"ReadAction\",\"target\":[\"https:\/\/conversesacatalunya.cat\/es\/la-crisis-campesina\/\"]}]},{\"@type\":\"ImageObject\",\"inLanguage\":\"es\",\"@id\":\"https:\/\/conversesacatalunya.cat\/es\/la-crisis-campesina\/#primaryimage\",\"url\":\"https:\/\/conversesacatalunya.cat\/wp-content\/uploads\/2024\/02\/revolta-pagesa.jpg\",\"contentUrl\":\"https:\/\/conversesacatalunya.cat\/wp-content\/uploads\/2024\/02\/revolta-pagesa.jpg\",\"width\":1000,\"height\":750},{\"@type\":\"BreadcrumbList\",\"@id\":\"https:\/\/conversesacatalunya.cat\/es\/la-crisis-campesina\/#breadcrumb\",\"itemListElement\":[{\"@type\":\"ListItem\",\"position\":1,\"name\":\"Inici\",\"item\":\"https:\/\/conversesacatalunya.cat\/es\/\"},{\"@type\":\"ListItem\",\"position\":2,\"name\":\"La fuerza campesina: Catalu\u00f1a, un funcionario para cada 3 agricultores. \u00bfDe qu\u00e9 sirve?\"}]},{\"@type\":\"WebSite\",\"@id\":\"https:\/\/conversesacatalunya.cat\/#website\",\"url\":\"https:\/\/conversesacatalunya.cat\/\",\"name\":\"Converses a Catalunya\",\"description\":\"\",\"potentialAction\":[{\"@type\":\"SearchAction\",\"target\":{\"@type\":\"EntryPoint\",\"urlTemplate\":\"https:\/\/conversesacatalunya.cat\/?s={search_term_string}\"},\"query-input\":{\"@type\":\"PropertyValueSpecification\",\"valueRequired\":true,\"valueName\":\"search_term_string\"}}],\"inLanguage\":\"es\"},{\"@type\":\"Person\",\"@id\":\"https:\/\/conversesacatalunya.cat\/#\/schema\/person\/7e24d1e54a2785373ddcb275eae5ed99\",\"name\":\"conversesacatalunya\",\"image\":{\"@type\":\"ImageObject\",\"inLanguage\":\"es\",\"@id\":\"https:\/\/conversesacatalunya.cat\/#\/schema\/person\/image\/\",\"url\":\"https:\/\/conversesacatalunya.cat\/wp-content\/litespeed\/avatar\/febdfeeec89d950f01c748045a981dd2.jpg?ver=1777314535\",\"contentUrl\":\"https:\/\/conversesacatalunya.cat\/wp-content\/litespeed\/avatar\/febdfeeec89d950f01c748045a981dd2.jpg?ver=1777314535\",\"caption\":\"conversesacatalunya\"},\"url\":\"https:\/\/conversesacatalunya.cat\/es\/author\/carme_catala\/\"}]}<\/script>\n<!-- \/ Yoast SEO plugin. -->","yoast_head_json":{"title":"La fuerza campesina: Catalu\u00f1a, un funcionario para cada 3 agricultores. \u00bfDe qu\u00e9 sirve? - Converses a Catalunya","description":"Muchos de estos campesinos han estado 5, 8 o hasta 10 horas conduciendo el tractor por la carretera y muchos han pasado la noche al raso en la ciudad","robots":{"index":"index","follow":"follow","max-snippet":"max-snippet:-1","max-image-preview":"max-image-preview:large","max-video-preview":"max-video-preview:-1"},"canonical":"https:\/\/conversesacatalunya.cat\/es\/la-crisis-campesina\/","og_locale":"es_ES","og_type":"article","og_title":"La fuerza campesina: Catalu\u00f1a, un funcionario para cada 3 agricultores. \u00bfDe qu\u00e9 sirve? - Converses a Catalunya","og_description":"Muchos de estos campesinos han estado 5, 8 o hasta 10 horas conduciendo el tractor por la carretera y muchos han pasado la noche al raso en la ciudad","og_url":"https:\/\/conversesacatalunya.cat\/es\/la-crisis-campesina\/","og_site_name":"Converses a Catalunya","article_published_time":"2024-02-08T12:21:22+00:00","article_modified_time":"2024-02-08T14:15:24+00:00","og_image":[{"width":1000,"height":750,"url":"https:\/\/conversesacatalunya.cat\/wp-content\/uploads\/2024\/02\/revolta-pagesa.jpg","type":"image\/jpeg"}],"author":"conversesacatalunya","twitter_card":"summary_large_image","twitter_misc":{"Escrito por":"conversesacatalunya","Tiempo de lectura":"5 minutos"},"schema":{"@context":"https:\/\/schema.org","@graph":[{"@type":"Article","@id":"https:\/\/conversesacatalunya.cat\/es\/la-crisis-campesina\/#article","isPartOf":{"@id":"https:\/\/conversesacatalunya.cat\/es\/la-crisis-campesina\/"},"author":{"name":"conversesacatalunya","@id":"https:\/\/conversesacatalunya.cat\/#\/schema\/person\/7e24d1e54a2785373ddcb275eae5ed99"},"headline":"La fuerza campesina: Catalu\u00f1a, un funcionario para cada 3 agricultores. \u00bfDe qu\u00e9 sirve?","datePublished":"2024-02-08T12:21:22+00:00","dateModified":"2024-02-08T14:15:24+00:00","mainEntityOfPage":{"@id":"https:\/\/conversesacatalunya.cat\/es\/la-crisis-campesina\/"},"wordCount":964,"commentCount":0,"image":{"@id":"https:\/\/conversesacatalunya.cat\/es\/la-crisis-campesina\/#primaryimage"},"thumbnailUrl":"https:\/\/conversesacatalunya.cat\/wp-content\/uploads\/2024\/02\/revolta-pagesa.jpg","keywords":["Agricultura"],"articleSection":["Punts clau del dia (ES)"],"inLanguage":"es","potentialAction":[{"@type":"CommentAction","name":"Comment","target":["https:\/\/conversesacatalunya.cat\/es\/la-crisis-campesina\/#respond"]}]},{"@type":"WebPage","@id":"https:\/\/conversesacatalunya.cat\/es\/la-crisis-campesina\/","url":"https:\/\/conversesacatalunya.cat\/es\/la-crisis-campesina\/","name":"La fuerza campesina: Catalu\u00f1a, un funcionario para cada 3 agricultores. \u00bfDe qu\u00e9 sirve? - Converses a Catalunya","isPartOf":{"@id":"https:\/\/conversesacatalunya.cat\/#website"},"primaryImageOfPage":{"@id":"https:\/\/conversesacatalunya.cat\/es\/la-crisis-campesina\/#primaryimage"},"image":{"@id":"https:\/\/conversesacatalunya.cat\/es\/la-crisis-campesina\/#primaryimage"},"thumbnailUrl":"https:\/\/conversesacatalunya.cat\/wp-content\/uploads\/2024\/02\/revolta-pagesa.jpg","datePublished":"2024-02-08T12:21:22+00:00","dateModified":"2024-02-08T14:15:24+00:00","author":{"@id":"https:\/\/conversesacatalunya.cat\/#\/schema\/person\/7e24d1e54a2785373ddcb275eae5ed99"},"description":"Muchos de estos campesinos han estado 5, 8 o hasta 10 horas conduciendo el tractor por la carretera y muchos han pasado la noche al raso en la ciudad","breadcrumb":{"@id":"https:\/\/conversesacatalunya.cat\/es\/la-crisis-campesina\/#breadcrumb"},"inLanguage":"es","potentialAction":[{"@type":"ReadAction","target":["https:\/\/conversesacatalunya.cat\/es\/la-crisis-campesina\/"]}]},{"@type":"ImageObject","inLanguage":"es","@id":"https:\/\/conversesacatalunya.cat\/es\/la-crisis-campesina\/#primaryimage","url":"https:\/\/conversesacatalunya.cat\/wp-content\/uploads\/2024\/02\/revolta-pagesa.jpg","contentUrl":"https:\/\/conversesacatalunya.cat\/wp-content\/uploads\/2024\/02\/revolta-pagesa.jpg","width":1000,"height":750},{"@type":"BreadcrumbList","@id":"https:\/\/conversesacatalunya.cat\/es\/la-crisis-campesina\/#breadcrumb","itemListElement":[{"@type":"ListItem","position":1,"name":"Inici","item":"https:\/\/conversesacatalunya.cat\/es\/"},{"@type":"ListItem","position":2,"name":"La fuerza campesina: Catalu\u00f1a, un funcionario para cada 3 agricultores. \u00bfDe qu\u00e9 sirve?"}]},{"@type":"WebSite","@id":"https:\/\/conversesacatalunya.cat\/#website","url":"https:\/\/conversesacatalunya.cat\/","name":"Converses a Catalunya","description":"","potentialAction":[{"@type":"SearchAction","target":{"@type":"EntryPoint","urlTemplate":"https:\/\/conversesacatalunya.cat\/?s={search_term_string}"},"query-input":{"@type":"PropertyValueSpecification","valueRequired":true,"valueName":"search_term_string"}}],"inLanguage":"es"},{"@type":"Person","@id":"https:\/\/conversesacatalunya.cat\/#\/schema\/person\/7e24d1e54a2785373ddcb275eae5ed99","name":"conversesacatalunya","image":{"@type":"ImageObject","inLanguage":"es","@id":"https:\/\/conversesacatalunya.cat\/#\/schema\/person\/image\/","url":"https:\/\/conversesacatalunya.cat\/wp-content\/litespeed\/avatar\/febdfeeec89d950f01c748045a981dd2.jpg?ver=1777314535","contentUrl":"https:\/\/conversesacatalunya.cat\/wp-content\/litespeed\/avatar\/febdfeeec89d950f01c748045a981dd2.jpg?ver=1777314535","caption":"conversesacatalunya"},"url":"https:\/\/conversesacatalunya.cat\/es\/author\/carme_catala\/"}]}},"wps_subtitle":"Muchos de estos campesinos han estado 5, 8 o hasta 10 horas conduciendo el tractor por la carretera y muchos han pasado la noche al raso en la ciudad","_links":{"self":[{"href":"https:\/\/conversesacatalunya.cat\/es\/wp-json\/wp\/v2\/posts\/74802","targetHints":{"allow":["GET"]}}],"collection":[{"href":"https:\/\/conversesacatalunya.cat\/es\/wp-json\/wp\/v2\/posts"}],"about":[{"href":"https:\/\/conversesacatalunya.cat\/es\/wp-json\/wp\/v2\/types\/post"}],"author":[{"embeddable":true,"href":"https:\/\/conversesacatalunya.cat\/es\/wp-json\/wp\/v2\/users\/2"}],"replies":[{"embeddable":true,"href":"https:\/\/conversesacatalunya.cat\/es\/wp-json\/wp\/v2\/comments?post=74802"}],"version-history":[{"count":2,"href":"https:\/\/conversesacatalunya.cat\/es\/wp-json\/wp\/v2\/posts\/74802\/revisions"}],"predecessor-version":[{"id":74804,"href":"https:\/\/conversesacatalunya.cat\/es\/wp-json\/wp\/v2\/posts\/74802\/revisions\/74804"}],"wp:featuredmedia":[{"embeddable":true,"href":"https:\/\/conversesacatalunya.cat\/es\/wp-json\/wp\/v2\/media\/74799"}],"wp:attachment":[{"href":"https:\/\/conversesacatalunya.cat\/es\/wp-json\/wp\/v2\/media?parent=74802"}],"wp:term":[{"taxonomy":"category","embeddable":true,"href":"https:\/\/conversesacatalunya.cat\/es\/wp-json\/wp\/v2\/categories?post=74802"},{"taxonomy":"post_tag","embeddable":true,"href":"https:\/\/conversesacatalunya.cat\/es\/wp-json\/wp\/v2\/tags?post=74802"}],"curies":[{"name":"wp","href":"https:\/\/api.w.org\/{rel}","templated":true}]}}