{"id":74680,"date":"2024-02-05T11:55:42","date_gmt":"2024-02-05T10:55:42","guid":{"rendered":"https:\/\/conversesacatalunya.cat\/les-10-causes-de-la-revolta-de-la-pagesia\/"},"modified":"2024-02-05T14:24:06","modified_gmt":"2024-02-05T13:24:06","slug":"las-10-causas-de-la-revuelta-del-agricultor","status":"publish","type":"post","link":"https:\/\/conversesacatalunya.cat\/es\/las-10-causas-de-la-revuelta-del-agricultor\/","title":{"rendered":"Las 10 causas de la revuelta del agricultor"},"content":{"rendered":"<p><span>C\u00f3mo han cambiado las cosas. La UE es heredera del Mercado Com\u00fan. Y \u00e9ste naci\u00f3 despu\u00e9s de la II Guerra Mundial, teniendo como tronco central la Pol\u00edtica Agraria Com\u00fan (PAC), orientada a mejorar las condiciones de vida de los agricultores que se convirtieron en la ni\u00f1a de los ojos de la nueva Europa.<\/span><\/p>\n<p><span>De esa situaci\u00f3n a la actual va un abismo que est\u00e1 caracterizado como m\u00ednimo por diez puntos cr\u00edticos:<\/span><\/p>\n<ol>\n<li><span>Los\u00a0<\/span><strong><span>impuestos a los combustibles en tiempos de inflaci\u00f3n<\/span><\/strong><span>.<\/span><\/li>\n<li><span>Los\u00a0<\/span><strong><span>impuestos ambientales<\/span><\/strong><span>\u00a0que por su naturaleza son regresivos; es decir, no discriminan en funci\u00f3n de la renta. Y, por tanto, castigan especialmente al mundo rural.<\/span><\/li>\n<li><span>El\u00a0<\/span><strong><span>mal reparto de los costes de la transici\u00f3n energ\u00e9tica<\/span><\/strong><span>. Las \u00e9lites gubernamentales europeas y estatales, la espa\u00f1ola y de manera muy destacada la catalana, han hecho del cambio clim\u00e1tico y la transici\u00f3n energ\u00e9tica una especie de t\u00f3tem que es seguido por medidas sacralizadas sin tener demasiado en cuenta sus consecuencias ni sus efectos colaterales. El campo es especialmente receptor de estos costes por las numerosas limitaciones que se le van imponiendo, cada vez con mayor proporci\u00f3n, sin tener en cuenta sus aportaciones.<\/span><\/li>\n<li><span>Las\u00a0<\/span><strong><span>restricciones derivadas de criterios ecol\u00f3gicos y animalistas<\/span><\/strong><span>. \u00c9stas se a\u00f1aden a los de la transici\u00f3n energ\u00e9tica, pero parten de otros supuestos relacionados con la protecci\u00f3n de la fauna, la flora y los animales. La legislaci\u00f3n que se ha producido tanto en Europa como en Espa\u00f1a no toma en consideraci\u00f3n el modo de vida rural; si es que no lo desprecia.<\/span><\/li>\n<li><span>La<strong> burocracia europea<\/strong>. Cada vez m\u00e1s el agricultor, y \u00e9ste es un punto de contacto incre\u00edble con el profesor universitario, debe dedicar m\u00e1s tiempo a cumplimentar el papeleo y con exigencias crecientes. Como por ejemplo, el uso de un cuaderno digital en el que registrar la actividad agr\u00edcola sin considerar que por la avanzada edad de muchos campesinos les representa una gran dificultad para poder adaptarse a estas nuevas exigencias concebidas desde despachos muy lejanos a las realidades humanas sobre las que registran. De hecho, la burocracia europea es tal que ha convertido lo que era el departamento de Agricultura de la Generalitat, tan devaluado que ni conserva ese nombre, en una gran gestor\u00eda.<\/span><\/li>\n<li><span>La\u00a0<\/span><strong><span>asimetr\u00eda del mercado<\/span><\/strong><span>. El campesino compra en la gran industria y vende en la gran superficie. Es el jam\u00f3n de un bocadillo configurado por dos rebanadas muy poderosas y que, por tanto, el que est\u00e1 en medio, tiene una enorme posibilidad de negociar los precios a los que compra y a los que vende y esto crea una gran indefensi\u00f3n que las medidas gubernamentales no han sabido todav\u00eda resolver de una forma evidente.<\/span><\/li>\n<li><span>Los\u00a0<\/span><strong><span>tratados de libre comercio de la UE<\/span><\/strong><span>, que tienen como consecuencia las importaciones de productos agrarios en condiciones de clara desigualdad, dado que los pa\u00edses exportadores no tienen las normativas exigentes de la UE y, por tanto, pueden producir alimentos y materia prima agraria con mejores condiciones de precio, a las que se les a\u00f1ade en la mayor\u00eda de los casos salarios mucho m\u00e1s bajos y menor protecci\u00f3n social.<\/span><\/li>\n<li><strong><span>Ucrania se ha convertido en un problema cada vez m\u00e1s grave de presente y de futuro<\/span><\/strong><span>. En el inmediato porque el grano ucraniano ha derribado los precios de zonas de cereales de la Uni\u00f3n cercanas, caso de Polonia y Ruman\u00eda. Por otra parte, y aunque sea para un futuro indeterminado, los agricultores ven que la amenaza ucraniana se multiplica con la integraci\u00f3n en la UE. Primero porque se llevar\u00e1 la mayor parte de los recursos de la PAC y segundo porque llevar\u00e1 al mercado producciones a muy bajo precio.<\/span><\/li>\n<li><span>La percepci\u00f3n de un\u00a0<\/span><strong><span>trato desigual con otros sectores<\/span><\/strong><span> , como el turismo. Es evidente que el sector agrario tiene un impacto ambiental importante, pero tambi\u00e9n lo es que al mismo tiempo es un reductor de ese impacto porque su actividad fija grandes cantidades de CO\u2082, preserva el suelo y conserva el paisaje. La agricultura es una gran generadora de bienes comunes que son aprovechados por el conjunto de la sociedad y esta aportaci\u00f3n, poco com\u00fan entre los sectores productivos, no se tiene en cuenta. El turismo, por su parte, tiene tambi\u00e9n un fuerte impacto ambiental. No s\u00f3lo en las grandes aglomeraciones, sino tambi\u00e9n en el transporte de masas que genera, pero a diferencia de la agricultura no genera estas externalidades ambientales positivas, por el contrario, es un consumidor de bienes p\u00fablicos que en ning\u00fan caso son contabilizados. A pesar de esta situaci\u00f3n, cuando debe restringirse por cuestiones ambientales o ecol\u00f3gicas la actividad, el peso recae sobre el sector agrario y no sobre el turismo. Ahora mismo, en el caso de Catalu\u00f1a las restricciones de agua son demoledoras para el campo y de momento apenas tienen significaci\u00f3n para los hoteles, restaurantes y servicios conectados al turismo. Este trato desigual tambi\u00e9n podr\u00eda extenderse hacia la peque\u00f1a minor\u00eda de m\u00e1ximos ingresos, digamos el 1% m\u00e1s rico, que es generador de un impacto ambiental extraordinariamente mayor que la media de la poblaci\u00f3n; sin embargo, no est\u00e1 ni de lejos bajo el foco de normativas espec\u00edficas como s\u00ed lo est\u00e1 la agricultura. Por ejemplo, en Francia la d\u00e9cima parte de todos los vuelos fueron en aviones privados, seg\u00fan Bloomberg. En tan s\u00f3lo 4 horas estos aviones generan tanto di\u00f3xido de carbono como el que emite una persona de la UE en todo el a\u00f1o. Pero esto tampoco es sujeto de atenci\u00f3n para nuestros pol\u00edticos. Y es l\u00f3gico porque:<\/span><\/li>\n<li><span><span class=\"VIpgJd-yAWNEb-VIpgJd-fmcmS-sn54Q\">Existe un desprecio clar\u00edsimo, incluso difamatorio, contra los agricultores, que son presentados a menudo como reaccionarios o sospechosos de apoyar a la extrema derecha. La evidencia es la opuesta. En Francia, donde hay m\u00e1s datos y la revuelta del campesinado es m\u00e1s fuerte, votan menos a Le Penn que la media de los franceses. Tampoco reflejan la idea antieurope\u00edsta del populismo, por el contrario, son unos firmes defensores de la UE porque \u00e9sta tiene como fundamento, ya lo he dicho, la pol\u00edtica agr\u00edcola com\u00fan. Pese a estos hechos, la vocaci\u00f3n de presentarlos como reaccionarios porque se oponen a los t\u00f3tems de la progres\u00eda de las \u00e9lites gobernantes, les resulta irresistible. Un solo ejemplo lo sit\u00faa con suficiente claridad. Una de las intelectuales org\u00e1nicas de El Pa\u00eds, M\u00e1riam Mart\u00ednez-Bascu\u00f1\u00e1n, directora de opini\u00f3n de este diario, seg\u00fan su curr\u00edculum es polit\u00f3loga especialista en teor\u00eda pol\u00edtica y social y teor\u00eda feminista, escrib\u00eda un terrible art\u00edculo este domingo en El Pa\u00eds cuyo t\u00edtulo ya lo describ\u00eda todo \u201cTractores ultras\u201d y acusaba a los agricultores de que con sus reivindicaciones favorec\u00edan la paralizaci\u00f3n de la agenda verde de la UE y los partidos de derecha y derecha radical. Los descalificaba con un menosprecio que s\u00f3lo puede proceder de quien se cree dotado de superioridad intelectual y moral, y expresaba bien esta mirada que desde el poder se dirige, tanto a Madrid como a Barcelona como a Bruselas, al campesinado. No es raro que exploten.<\/span><\/span><\/li>\n<\/ol>\n<div id=\"polls-228\" class=\"wp-polls\">\n\t<form id=\"polls_form_228\" class=\"wp-polls-form\" action=\"\/index.php\" method=\"post\">\n\t\t<p style=\"display: none;\"><input type=\"hidden\" id=\"poll_228_nonce\" name=\"wp-polls-nonce\" value=\"9942a42bad\" \/><\/p>\n\t\t<p style=\"display: none;\"><input type=\"hidden\" name=\"poll_id\" value=\"228\" \/><\/p>\n\t\t<p style=\"text-align: center\"><strong>Creus que la Generalitat ha fet totes les inversions que estaven previstes per evitar els efectes de la sequera?<\/strong><\/p><div id=\"polls-228-ans\" class=\"wp-polls-ans\"><ul class=\"wp-polls-ul\">\n\t\t<li><input type=\"radio\" id=\"poll-answer-633\" name=\"poll_228\" value=\"633\" \/> <label for=\"poll-answer-633\">S\u00ed<\/label><\/li>\n\t\t<li><input type=\"radio\" id=\"poll-answer-634\" name=\"poll_228\" value=\"634\" \/> <label for=\"poll-answer-634\">No<\/label><\/li>\n\t\t<li><input type=\"radio\" id=\"poll-answer-635\" name=\"poll_228\" value=\"635\" \/> <label for=\"poll-answer-635\">No ho s\u00e9<\/label><\/li>\n\t\t<\/ul><p style=\"text-align: center\"><input type=\"button\" name=\"vote\" value=\"   Vota   \" class=\"Buttons\" onclick=\"poll_vote(228);\" \/><\/p><p style=\"text-align: center\"><a href=\"#ViewPollResults\" onclick=\"poll_result(228); return false;\" title=\"View Results Of This Poll\">Mira els resultats<\/a><\/p><\/div>\n\t<\/form>\n<\/div>\n<div id=\"polls-228-loading\" class=\"wp-polls-loading\"><img decoding=\"async\" data-src=\"https:\/\/conversesacatalunya.cat\/wp-content\/plugins\/wp-polls\/images\/loading.gif\" width=\"16\" height=\"16\" alt=\"Cargando ...\" title=\"Cargando ...\" class=\"wp-polls-image lazyload\" src=\"data:image\/svg+xml;base64,PHN2ZyB3aWR0aD0iMSIgaGVpZ2h0PSIxIiB4bWxucz0iaHR0cDovL3d3dy53My5vcmcvMjAwMC9zdmciPjwvc3ZnPg==\" style=\"--smush-placeholder-width: 16px; --smush-placeholder-aspect-ratio: 16\/16;\" \/>&nbsp;Cargando ...<\/div>\n\n","protected":false},"excerpt":{"rendered":"<p>C\u00f3mo han cambiado las cosas. La UE es heredera del Mercado Com\u00fan. Y \u00e9ste naci\u00f3 despu\u00e9s de la II Guerra Mundial, teniendo como tronco central la Pol\u00edtica Agraria Com\u00fan (PAC), orientada a mejorar las condiciones de vida de los agricultores que se convirtieron en la ni\u00f1a de los ojos de la nueva Europa. De esa situaci\u00f3n a la actual va un abismo que est\u00e1 caracterizado como m\u00ednimo por diez puntos cr\u00edticos: Los\u00a0impuestos a los combustibles en tiempos de inflaci\u00f3n. Los\u00a0impuestos ambientales\u00a0que por su naturaleza son regresivos; es decir, no discriminan en funci\u00f3n de la renta. Y, por tanto, castigan especialmente al mundo rural. El\u00a0mal reparto de los costes de la transici\u00f3n energ\u00e9tica. Las \u00e9lites gubernamentales europeas y estatales, la espa\u00f1ola y de manera muy destacada la catalana, han hecho del cambio clim\u00e1tico y la transici\u00f3n energ\u00e9tica una especie de t\u00f3tem que es seguido por medidas sacralizadas sin tener demasiado en cuenta sus consecuencias ni sus efectos colaterales. El campo es especialmente receptor de estos costes por las numerosas limitaciones que se le van imponiendo, cada vez con mayor proporci\u00f3n, sin tener en cuenta sus aportaciones. Las\u00a0restricciones derivadas de criterios ecol\u00f3gicos y animalistas. \u00c9stas se a\u00f1aden a los de la transici\u00f3n energ\u00e9tica, pero parten de otros supuestos relacionados con la protecci\u00f3n de la fauna, la flora y los animales. La legislaci\u00f3n que se ha producido tanto en Europa como en Espa\u00f1a no toma en consideraci\u00f3n el modo de vida rural; si es que no lo desprecia. La burocracia europea. Cada vez m\u00e1s el agricultor, y \u00e9ste es un punto de contacto incre\u00edble con el profesor universitario, debe dedicar m\u00e1s tiempo a cumplimentar el papeleo y con exigencias crecientes. Como por ejemplo, el uso de un cuaderno digital en el que registrar la actividad agr\u00edcola sin considerar que por la avanzada edad de muchos campesinos les representa una gran dificultad para poder adaptarse a estas nuevas exigencias concebidas desde despachos muy lejanos a las realidades humanas sobre las que registran. De hecho, la burocracia europea es tal que ha convertido lo que era el departamento de Agricultura de la Generalitat, tan devaluado que ni conserva ese nombre, en una gran gestor\u00eda. La\u00a0asimetr\u00eda del mercado. El campesino compra en la gran industria y vende en la gran superficie. Es el jam\u00f3n de un bocadillo configurado por dos rebanadas muy poderosas y que, por tanto, el que est\u00e1 en medio, tiene una enorme posibilidad de negociar los precios a los que compra y a los que vende y esto crea una gran indefensi\u00f3n que las medidas gubernamentales no han sabido todav\u00eda resolver de una forma evidente. Los\u00a0tratados de libre comercio de la UE, que tienen como consecuencia las importaciones de productos agrarios en condiciones de clara desigualdad, dado que los pa\u00edses exportadores no tienen las normativas exigentes de la UE y, por tanto, pueden producir alimentos y materia prima agraria con mejores condiciones de precio, a las que se les a\u00f1ade en la mayor\u00eda de los casos salarios mucho m\u00e1s bajos y menor protecci\u00f3n social. Ucrania se ha convertido en un problema cada vez m\u00e1s grave de presente y de futuro. En el inmediato porque el grano ucraniano ha derribado los precios de zonas de cereales de la Uni\u00f3n cercanas, caso de Polonia y Ruman\u00eda. Por otra parte, y aunque sea para un futuro indeterminado, los agricultores ven que la amenaza ucraniana se multiplica con la integraci\u00f3n en la UE. Primero porque se llevar\u00e1 la mayor parte de los recursos de la PAC y segundo porque llevar\u00e1 al mercado producciones a muy bajo precio. La percepci\u00f3n de un\u00a0trato desigual con otros sectores , como el turismo. Es evidente que el sector agrario tiene un impacto ambiental importante, pero tambi\u00e9n lo es que al mismo tiempo es un reductor de ese impacto porque su actividad fija grandes cantidades de CO\u2082, preserva el suelo y conserva el paisaje. La agricultura es una gran generadora de bienes comunes que son aprovechados por el conjunto de la sociedad y esta aportaci\u00f3n, poco com\u00fan entre los sectores productivos, no se tiene en cuenta. El turismo, por su parte, tiene tambi\u00e9n un fuerte impacto ambiental. No s\u00f3lo en las grandes aglomeraciones, sino tambi\u00e9n en el transporte de masas que genera, pero a diferencia de la agricultura no genera estas externalidades ambientales positivas, por el contrario, es un consumidor de bienes p\u00fablicos que en ning\u00fan caso son contabilizados. A pesar de esta situaci\u00f3n, cuando debe restringirse por cuestiones ambientales o ecol\u00f3gicas la actividad, el peso recae sobre el sector agrario y no sobre el turismo. Ahora mismo, en el caso de Catalu\u00f1a las restricciones de agua son demoledoras para el campo y de momento apenas tienen significaci\u00f3n para los hoteles, restaurantes y servicios conectados al turismo. Este trato desigual tambi\u00e9n podr\u00eda extenderse hacia la peque\u00f1a minor\u00eda de m\u00e1ximos ingresos, digamos el 1% m\u00e1s rico, que es generador de un impacto ambiental extraordinariamente mayor que la media de la poblaci\u00f3n; sin embargo, no est\u00e1 ni de lejos bajo el foco de normativas espec\u00edficas como s\u00ed lo est\u00e1 la agricultura. Por ejemplo, en Francia la d\u00e9cima parte de todos los vuelos fueron en aviones privados, seg\u00fan Bloomberg. En tan s\u00f3lo 4 horas estos aviones generan tanto di\u00f3xido de carbono como el que emite una persona de la UE en todo el a\u00f1o. Pero esto tampoco es sujeto de atenci\u00f3n para nuestros pol\u00edticos. Y es l\u00f3gico porque: Existe un desprecio clar\u00edsimo, incluso difamatorio, contra los agricultores, que son presentados a menudo como reaccionarios o sospechosos de apoyar a la extrema derecha. La evidencia es la opuesta. En Francia, donde hay m\u00e1s datos y la revuelta del campesinado es m\u00e1s fuerte, votan menos a Le Penn que la media de los franceses. Tampoco reflejan la idea antieurope\u00edsta del populismo, por el contrario, son unos firmes defensores de la UE porque \u00e9sta tiene como fundamento, ya lo he dicho, la pol\u00edtica agr\u00edcola com\u00fan. Pese a estos hechos, la vocaci\u00f3n de presentarlos como reaccionarios porque se oponen a los t\u00f3tems de la progres\u00eda de las \u00e9lites&#8230;<\/p>\n","protected":false},"author":19,"featured_media":74671,"comment_status":"open","ping_status":"open","sticky":false,"template":"","format":"standard","meta":{"_FSMCFIC_featured_image_caption":"","_FSMCFIC_featured_image_nocaption":"","_FSMCFIC_featured_image_hide":"","footnotes":""},"categories":[806],"tags":[1731],"class_list":["post-74680","post","type-post","status-publish","format-standard","has-post-thumbnail","hentry","category-punts-claus-del-dia-es","tag-agricultura-es"],"yoast_head":"<!-- This site is optimized with the Yoast SEO plugin v26.8 - https:\/\/yoast.com\/product\/yoast-seo-wordpress\/ -->\n<title>Las 10 causas de la revuelta del agricultor - Converses a Catalunya<\/title>\n<meta name=\"robots\" content=\"index, follow, max-snippet:-1, max-image-preview:large, max-video-preview:-1\" \/>\n<link rel=\"canonical\" href=\"https:\/\/conversesacatalunya.cat\/es\/las-10-causas-de-la-revuelta-del-agricultor\/\" \/>\n<meta property=\"og:locale\" content=\"es_ES\" \/>\n<meta property=\"og:type\" content=\"article\" \/>\n<meta property=\"og:title\" content=\"Las 10 causas de la revuelta del agricultor - Converses a Catalunya\" \/>\n<meta property=\"og:description\" content=\"C\u00f3mo han cambiado las cosas. La UE es heredera del Mercado Com\u00fan. Y \u00e9ste naci\u00f3 despu\u00e9s de la II Guerra Mundial, teniendo como tronco central la Pol\u00edtica Agraria Com\u00fan (PAC), orientada a mejorar las condiciones de vida de los agricultores que se convirtieron en la ni\u00f1a de los ojos de la nueva Europa. De esa situaci\u00f3n a la actual va un abismo que est\u00e1 caracterizado como m\u00ednimo por diez puntos cr\u00edticos: Los\u00a0impuestos a los combustibles en tiempos de inflaci\u00f3n. Los\u00a0impuestos ambientales\u00a0que por su naturaleza son regresivos; es decir, no discriminan en funci\u00f3n de la renta. Y, por tanto, castigan especialmente al mundo rural. El\u00a0mal reparto de los costes de la transici\u00f3n energ\u00e9tica. Las \u00e9lites gubernamentales europeas y estatales, la espa\u00f1ola y de manera muy destacada la catalana, han hecho del cambio clim\u00e1tico y la transici\u00f3n energ\u00e9tica una especie de t\u00f3tem que es seguido por medidas sacralizadas sin tener demasiado en cuenta sus consecuencias ni sus efectos colaterales. El campo es especialmente receptor de estos costes por las numerosas limitaciones que se le van imponiendo, cada vez con mayor proporci\u00f3n, sin tener en cuenta sus aportaciones. Las\u00a0restricciones derivadas de criterios ecol\u00f3gicos y animalistas. \u00c9stas se a\u00f1aden a los de la transici\u00f3n energ\u00e9tica, pero parten de otros supuestos relacionados con la protecci\u00f3n de la fauna, la flora y los animales. La legislaci\u00f3n que se ha producido tanto en Europa como en Espa\u00f1a no toma en consideraci\u00f3n el modo de vida rural; si es que no lo desprecia. La burocracia europea. Cada vez m\u00e1s el agricultor, y \u00e9ste es un punto de contacto incre\u00edble con el profesor universitario, debe dedicar m\u00e1s tiempo a cumplimentar el papeleo y con exigencias crecientes. Como por ejemplo, el uso de un cuaderno digital en el que registrar la actividad agr\u00edcola sin considerar que por la avanzada edad de muchos campesinos les representa una gran dificultad para poder adaptarse a estas nuevas exigencias concebidas desde despachos muy lejanos a las realidades humanas sobre las que registran. De hecho, la burocracia europea es tal que ha convertido lo que era el departamento de Agricultura de la Generalitat, tan devaluado que ni conserva ese nombre, en una gran gestor\u00eda. La\u00a0asimetr\u00eda del mercado. El campesino compra en la gran industria y vende en la gran superficie. Es el jam\u00f3n de un bocadillo configurado por dos rebanadas muy poderosas y que, por tanto, el que est\u00e1 en medio, tiene una enorme posibilidad de negociar los precios a los que compra y a los que vende y esto crea una gran indefensi\u00f3n que las medidas gubernamentales no han sabido todav\u00eda resolver de una forma evidente. Los\u00a0tratados de libre comercio de la UE, que tienen como consecuencia las importaciones de productos agrarios en condiciones de clara desigualdad, dado que los pa\u00edses exportadores no tienen las normativas exigentes de la UE y, por tanto, pueden producir alimentos y materia prima agraria con mejores condiciones de precio, a las que se les a\u00f1ade en la mayor\u00eda de los casos salarios mucho m\u00e1s bajos y menor protecci\u00f3n social. Ucrania se ha convertido en un problema cada vez m\u00e1s grave de presente y de futuro. En el inmediato porque el grano ucraniano ha derribado los precios de zonas de cereales de la Uni\u00f3n cercanas, caso de Polonia y Ruman\u00eda. Por otra parte, y aunque sea para un futuro indeterminado, los agricultores ven que la amenaza ucraniana se multiplica con la integraci\u00f3n en la UE. Primero porque se llevar\u00e1 la mayor parte de los recursos de la PAC y segundo porque llevar\u00e1 al mercado producciones a muy bajo precio. La percepci\u00f3n de un\u00a0trato desigual con otros sectores , como el turismo. Es evidente que el sector agrario tiene un impacto ambiental importante, pero tambi\u00e9n lo es que al mismo tiempo es un reductor de ese impacto porque su actividad fija grandes cantidades de CO\u2082, preserva el suelo y conserva el paisaje. La agricultura es una gran generadora de bienes comunes que son aprovechados por el conjunto de la sociedad y esta aportaci\u00f3n, poco com\u00fan entre los sectores productivos, no se tiene en cuenta. El turismo, por su parte, tiene tambi\u00e9n un fuerte impacto ambiental. No s\u00f3lo en las grandes aglomeraciones, sino tambi\u00e9n en el transporte de masas que genera, pero a diferencia de la agricultura no genera estas externalidades ambientales positivas, por el contrario, es un consumidor de bienes p\u00fablicos que en ning\u00fan caso son contabilizados. A pesar de esta situaci\u00f3n, cuando debe restringirse por cuestiones ambientales o ecol\u00f3gicas la actividad, el peso recae sobre el sector agrario y no sobre el turismo. Ahora mismo, en el caso de Catalu\u00f1a las restricciones de agua son demoledoras para el campo y de momento apenas tienen significaci\u00f3n para los hoteles, restaurantes y servicios conectados al turismo. Este trato desigual tambi\u00e9n podr\u00eda extenderse hacia la peque\u00f1a minor\u00eda de m\u00e1ximos ingresos, digamos el 1% m\u00e1s rico, que es generador de un impacto ambiental extraordinariamente mayor que la media de la poblaci\u00f3n; sin embargo, no est\u00e1 ni de lejos bajo el foco de normativas espec\u00edficas como s\u00ed lo est\u00e1 la agricultura. Por ejemplo, en Francia la d\u00e9cima parte de todos los vuelos fueron en aviones privados, seg\u00fan Bloomberg. En tan s\u00f3lo 4 horas estos aviones generan tanto di\u00f3xido de carbono como el que emite una persona de la UE en todo el a\u00f1o. Pero esto tampoco es sujeto de atenci\u00f3n para nuestros pol\u00edticos. Y es l\u00f3gico porque: Existe un desprecio clar\u00edsimo, incluso difamatorio, contra los agricultores, que son presentados a menudo como reaccionarios o sospechosos de apoyar a la extrema derecha. La evidencia es la opuesta. En Francia, donde hay m\u00e1s datos y la revuelta del campesinado es m\u00e1s fuerte, votan menos a Le Penn que la media de los franceses. Tampoco reflejan la idea antieurope\u00edsta del populismo, por el contrario, son unos firmes defensores de la UE porque \u00e9sta tiene como fundamento, ya lo he dicho, la pol\u00edtica agr\u00edcola com\u00fan. Pese a estos hechos, la vocaci\u00f3n de presentarlos como reaccionarios porque se oponen a los t\u00f3tems de la progres\u00eda de las \u00e9lites...\" \/>\n<meta property=\"og:url\" content=\"https:\/\/conversesacatalunya.cat\/es\/las-10-causas-de-la-revuelta-del-agricultor\/\" \/>\n<meta property=\"og:site_name\" content=\"Converses a Catalunya\" \/>\n<meta property=\"article:published_time\" content=\"2024-02-05T10:55:42+00:00\" \/>\n<meta property=\"article:modified_time\" content=\"2024-02-05T13:24:06+00:00\" \/>\n<meta property=\"og:image\" content=\"https:\/\/conversesacatalunya.cat\/wp-content\/uploads\/2024\/02\/pagesia.jpg\" \/>\n\t<meta property=\"og:image:width\" content=\"780\" \/>\n\t<meta property=\"og:image:height\" content=\"440\" \/>\n\t<meta property=\"og:image:type\" content=\"image\/jpeg\" \/>\n<meta name=\"author\" content=\"Josep Mir\u00f3 i Ard\u00e8vol\" \/>\n<meta name=\"twitter:card\" content=\"summary_large_image\" \/>\n<meta name=\"twitter:label1\" content=\"Escrito por\" \/>\n\t<meta name=\"twitter:data1\" content=\"Josep Mir\u00f3 i Ard\u00e8vol\" \/>\n\t<meta name=\"twitter:label2\" content=\"Tiempo de lectura\" \/>\n\t<meta name=\"twitter:data2\" content=\"6 minutos\" \/>\n<script type=\"application\/ld+json\" class=\"yoast-schema-graph\">{\"@context\":\"https:\/\/schema.org\",\"@graph\":[{\"@type\":\"Article\",\"@id\":\"https:\/\/conversesacatalunya.cat\/es\/las-10-causas-de-la-revuelta-del-agricultor\/#article\",\"isPartOf\":{\"@id\":\"https:\/\/conversesacatalunya.cat\/es\/las-10-causas-de-la-revuelta-del-agricultor\/\"},\"author\":{\"name\":\"Josep Mir\u00f3 i Ard\u00e8vol\",\"@id\":\"https:\/\/conversesacatalunya.cat\/#\/schema\/person\/a9598a6786ba7d3d1c5e0de477b79370\"},\"headline\":\"Las 10 causas de la revuelta del agricultor\",\"datePublished\":\"2024-02-05T10:55:42+00:00\",\"dateModified\":\"2024-02-05T13:24:06+00:00\",\"mainEntityOfPage\":{\"@id\":\"https:\/\/conversesacatalunya.cat\/es\/las-10-causas-de-la-revuelta-del-agricultor\/\"},\"wordCount\":1251,\"commentCount\":0,\"image\":{\"@id\":\"https:\/\/conversesacatalunya.cat\/es\/las-10-causas-de-la-revuelta-del-agricultor\/#primaryimage\"},\"thumbnailUrl\":\"https:\/\/conversesacatalunya.cat\/wp-content\/uploads\/2024\/02\/pagesia.jpg\",\"keywords\":[\"Agricultura\"],\"articleSection\":[\"Punts clau del dia (ES)\"],\"inLanguage\":\"es\",\"potentialAction\":[{\"@type\":\"CommentAction\",\"name\":\"Comment\",\"target\":[\"https:\/\/conversesacatalunya.cat\/es\/las-10-causas-de-la-revuelta-del-agricultor\/#respond\"]}]},{\"@type\":\"WebPage\",\"@id\":\"https:\/\/conversesacatalunya.cat\/es\/las-10-causas-de-la-revuelta-del-agricultor\/\",\"url\":\"https:\/\/conversesacatalunya.cat\/es\/las-10-causas-de-la-revuelta-del-agricultor\/\",\"name\":\"Las 10 causas de la revuelta del agricultor - Converses a Catalunya\",\"isPartOf\":{\"@id\":\"https:\/\/conversesacatalunya.cat\/#website\"},\"primaryImageOfPage\":{\"@id\":\"https:\/\/conversesacatalunya.cat\/es\/las-10-causas-de-la-revuelta-del-agricultor\/#primaryimage\"},\"image\":{\"@id\":\"https:\/\/conversesacatalunya.cat\/es\/las-10-causas-de-la-revuelta-del-agricultor\/#primaryimage\"},\"thumbnailUrl\":\"https:\/\/conversesacatalunya.cat\/wp-content\/uploads\/2024\/02\/pagesia.jpg\",\"datePublished\":\"2024-02-05T10:55:42+00:00\",\"dateModified\":\"2024-02-05T13:24:06+00:00\",\"author\":{\"@id\":\"https:\/\/conversesacatalunya.cat\/#\/schema\/person\/a9598a6786ba7d3d1c5e0de477b79370\"},\"breadcrumb\":{\"@id\":\"https:\/\/conversesacatalunya.cat\/es\/las-10-causas-de-la-revuelta-del-agricultor\/#breadcrumb\"},\"inLanguage\":\"es\",\"potentialAction\":[{\"@type\":\"ReadAction\",\"target\":[\"https:\/\/conversesacatalunya.cat\/es\/las-10-causas-de-la-revuelta-del-agricultor\/\"]}]},{\"@type\":\"ImageObject\",\"inLanguage\":\"es\",\"@id\":\"https:\/\/conversesacatalunya.cat\/es\/las-10-causas-de-la-revuelta-del-agricultor\/#primaryimage\",\"url\":\"https:\/\/conversesacatalunya.cat\/wp-content\/uploads\/2024\/02\/pagesia.jpg\",\"contentUrl\":\"https:\/\/conversesacatalunya.cat\/wp-content\/uploads\/2024\/02\/pagesia.jpg\",\"width\":780,\"height\":440,\"caption\":\"revolta de la pagesia\"},{\"@type\":\"BreadcrumbList\",\"@id\":\"https:\/\/conversesacatalunya.cat\/es\/las-10-causas-de-la-revuelta-del-agricultor\/#breadcrumb\",\"itemListElement\":[{\"@type\":\"ListItem\",\"position\":1,\"name\":\"Inici\",\"item\":\"https:\/\/conversesacatalunya.cat\/es\/\"},{\"@type\":\"ListItem\",\"position\":2,\"name\":\"Las 10 causas de la revuelta del agricultor\"}]},{\"@type\":\"WebSite\",\"@id\":\"https:\/\/conversesacatalunya.cat\/#website\",\"url\":\"https:\/\/conversesacatalunya.cat\/\",\"name\":\"Converses a Catalunya\",\"description\":\"\",\"potentialAction\":[{\"@type\":\"SearchAction\",\"target\":{\"@type\":\"EntryPoint\",\"urlTemplate\":\"https:\/\/conversesacatalunya.cat\/?s={search_term_string}\"},\"query-input\":{\"@type\":\"PropertyValueSpecification\",\"valueRequired\":true,\"valueName\":\"search_term_string\"}}],\"inLanguage\":\"es\"},{\"@type\":\"Person\",\"@id\":\"https:\/\/conversesacatalunya.cat\/#\/schema\/person\/a9598a6786ba7d3d1c5e0de477b79370\",\"name\":\"Josep Mir\u00f3 i Ard\u00e8vol\",\"image\":{\"@type\":\"ImageObject\",\"inLanguage\":\"es\",\"@id\":\"https:\/\/conversesacatalunya.cat\/#\/schema\/person\/image\/\",\"url\":\"https:\/\/conversesacatalunya.cat\/wp-content\/litespeed\/avatar\/c37e3dc881857483d6694cdf98fdedea.jpg?ver=1777270381\",\"contentUrl\":\"https:\/\/conversesacatalunya.cat\/wp-content\/litespeed\/avatar\/c37e3dc881857483d6694cdf98fdedea.jpg?ver=1777270381\",\"caption\":\"Josep Mir\u00f3 i Ard\u00e8vol\"},\"url\":\"https:\/\/conversesacatalunya.cat\/es\/author\/josep-miro-i-ardevol\/\"}]}<\/script>\n<!-- \/ Yoast SEO plugin. -->","yoast_head_json":{"title":"Las 10 causas de la revuelta del agricultor - Converses a Catalunya","robots":{"index":"index","follow":"follow","max-snippet":"max-snippet:-1","max-image-preview":"max-image-preview:large","max-video-preview":"max-video-preview:-1"},"canonical":"https:\/\/conversesacatalunya.cat\/es\/las-10-causas-de-la-revuelta-del-agricultor\/","og_locale":"es_ES","og_type":"article","og_title":"Las 10 causas de la revuelta del agricultor - Converses a Catalunya","og_description":"C\u00f3mo han cambiado las cosas. La UE es heredera del Mercado Com\u00fan. Y \u00e9ste naci\u00f3 despu\u00e9s de la II Guerra Mundial, teniendo como tronco central la Pol\u00edtica Agraria Com\u00fan (PAC), orientada a mejorar las condiciones de vida de los agricultores que se convirtieron en la ni\u00f1a de los ojos de la nueva Europa. De esa situaci\u00f3n a la actual va un abismo que est\u00e1 caracterizado como m\u00ednimo por diez puntos cr\u00edticos: Los\u00a0impuestos a los combustibles en tiempos de inflaci\u00f3n. Los\u00a0impuestos ambientales\u00a0que por su naturaleza son regresivos; es decir, no discriminan en funci\u00f3n de la renta. Y, por tanto, castigan especialmente al mundo rural. El\u00a0mal reparto de los costes de la transici\u00f3n energ\u00e9tica. Las \u00e9lites gubernamentales europeas y estatales, la espa\u00f1ola y de manera muy destacada la catalana, han hecho del cambio clim\u00e1tico y la transici\u00f3n energ\u00e9tica una especie de t\u00f3tem que es seguido por medidas sacralizadas sin tener demasiado en cuenta sus consecuencias ni sus efectos colaterales. El campo es especialmente receptor de estos costes por las numerosas limitaciones que se le van imponiendo, cada vez con mayor proporci\u00f3n, sin tener en cuenta sus aportaciones. Las\u00a0restricciones derivadas de criterios ecol\u00f3gicos y animalistas. \u00c9stas se a\u00f1aden a los de la transici\u00f3n energ\u00e9tica, pero parten de otros supuestos relacionados con la protecci\u00f3n de la fauna, la flora y los animales. La legislaci\u00f3n que se ha producido tanto en Europa como en Espa\u00f1a no toma en consideraci\u00f3n el modo de vida rural; si es que no lo desprecia. La burocracia europea. Cada vez m\u00e1s el agricultor, y \u00e9ste es un punto de contacto incre\u00edble con el profesor universitario, debe dedicar m\u00e1s tiempo a cumplimentar el papeleo y con exigencias crecientes. Como por ejemplo, el uso de un cuaderno digital en el que registrar la actividad agr\u00edcola sin considerar que por la avanzada edad de muchos campesinos les representa una gran dificultad para poder adaptarse a estas nuevas exigencias concebidas desde despachos muy lejanos a las realidades humanas sobre las que registran. De hecho, la burocracia europea es tal que ha convertido lo que era el departamento de Agricultura de la Generalitat, tan devaluado que ni conserva ese nombre, en una gran gestor\u00eda. La\u00a0asimetr\u00eda del mercado. El campesino compra en la gran industria y vende en la gran superficie. Es el jam\u00f3n de un bocadillo configurado por dos rebanadas muy poderosas y que, por tanto, el que est\u00e1 en medio, tiene una enorme posibilidad de negociar los precios a los que compra y a los que vende y esto crea una gran indefensi\u00f3n que las medidas gubernamentales no han sabido todav\u00eda resolver de una forma evidente. Los\u00a0tratados de libre comercio de la UE, que tienen como consecuencia las importaciones de productos agrarios en condiciones de clara desigualdad, dado que los pa\u00edses exportadores no tienen las normativas exigentes de la UE y, por tanto, pueden producir alimentos y materia prima agraria con mejores condiciones de precio, a las que se les a\u00f1ade en la mayor\u00eda de los casos salarios mucho m\u00e1s bajos y menor protecci\u00f3n social. Ucrania se ha convertido en un problema cada vez m\u00e1s grave de presente y de futuro. En el inmediato porque el grano ucraniano ha derribado los precios de zonas de cereales de la Uni\u00f3n cercanas, caso de Polonia y Ruman\u00eda. Por otra parte, y aunque sea para un futuro indeterminado, los agricultores ven que la amenaza ucraniana se multiplica con la integraci\u00f3n en la UE. Primero porque se llevar\u00e1 la mayor parte de los recursos de la PAC y segundo porque llevar\u00e1 al mercado producciones a muy bajo precio. La percepci\u00f3n de un\u00a0trato desigual con otros sectores , como el turismo. Es evidente que el sector agrario tiene un impacto ambiental importante, pero tambi\u00e9n lo es que al mismo tiempo es un reductor de ese impacto porque su actividad fija grandes cantidades de CO\u2082, preserva el suelo y conserva el paisaje. La agricultura es una gran generadora de bienes comunes que son aprovechados por el conjunto de la sociedad y esta aportaci\u00f3n, poco com\u00fan entre los sectores productivos, no se tiene en cuenta. El turismo, por su parte, tiene tambi\u00e9n un fuerte impacto ambiental. No s\u00f3lo en las grandes aglomeraciones, sino tambi\u00e9n en el transporte de masas que genera, pero a diferencia de la agricultura no genera estas externalidades ambientales positivas, por el contrario, es un consumidor de bienes p\u00fablicos que en ning\u00fan caso son contabilizados. A pesar de esta situaci\u00f3n, cuando debe restringirse por cuestiones ambientales o ecol\u00f3gicas la actividad, el peso recae sobre el sector agrario y no sobre el turismo. Ahora mismo, en el caso de Catalu\u00f1a las restricciones de agua son demoledoras para el campo y de momento apenas tienen significaci\u00f3n para los hoteles, restaurantes y servicios conectados al turismo. Este trato desigual tambi\u00e9n podr\u00eda extenderse hacia la peque\u00f1a minor\u00eda de m\u00e1ximos ingresos, digamos el 1% m\u00e1s rico, que es generador de un impacto ambiental extraordinariamente mayor que la media de la poblaci\u00f3n; sin embargo, no est\u00e1 ni de lejos bajo el foco de normativas espec\u00edficas como s\u00ed lo est\u00e1 la agricultura. Por ejemplo, en Francia la d\u00e9cima parte de todos los vuelos fueron en aviones privados, seg\u00fan Bloomberg. En tan s\u00f3lo 4 horas estos aviones generan tanto di\u00f3xido de carbono como el que emite una persona de la UE en todo el a\u00f1o. Pero esto tampoco es sujeto de atenci\u00f3n para nuestros pol\u00edticos. Y es l\u00f3gico porque: Existe un desprecio clar\u00edsimo, incluso difamatorio, contra los agricultores, que son presentados a menudo como reaccionarios o sospechosos de apoyar a la extrema derecha. La evidencia es la opuesta. En Francia, donde hay m\u00e1s datos y la revuelta del campesinado es m\u00e1s fuerte, votan menos a Le Penn que la media de los franceses. Tampoco reflejan la idea antieurope\u00edsta del populismo, por el contrario, son unos firmes defensores de la UE porque \u00e9sta tiene como fundamento, ya lo he dicho, la pol\u00edtica agr\u00edcola com\u00fan. Pese a estos hechos, la vocaci\u00f3n de presentarlos como reaccionarios porque se oponen a los t\u00f3tems de la progres\u00eda de las \u00e9lites...","og_url":"https:\/\/conversesacatalunya.cat\/es\/las-10-causas-de-la-revuelta-del-agricultor\/","og_site_name":"Converses a Catalunya","article_published_time":"2024-02-05T10:55:42+00:00","article_modified_time":"2024-02-05T13:24:06+00:00","og_image":[{"width":780,"height":440,"url":"https:\/\/conversesacatalunya.cat\/wp-content\/uploads\/2024\/02\/pagesia.jpg","type":"image\/jpeg"}],"author":"Josep Mir\u00f3 i Ard\u00e8vol","twitter_card":"summary_large_image","twitter_misc":{"Escrito por":"Josep Mir\u00f3 i Ard\u00e8vol","Tiempo de lectura":"6 minutos"},"schema":{"@context":"https:\/\/schema.org","@graph":[{"@type":"Article","@id":"https:\/\/conversesacatalunya.cat\/es\/las-10-causas-de-la-revuelta-del-agricultor\/#article","isPartOf":{"@id":"https:\/\/conversesacatalunya.cat\/es\/las-10-causas-de-la-revuelta-del-agricultor\/"},"author":{"name":"Josep Mir\u00f3 i Ard\u00e8vol","@id":"https:\/\/conversesacatalunya.cat\/#\/schema\/person\/a9598a6786ba7d3d1c5e0de477b79370"},"headline":"Las 10 causas de la revuelta del agricultor","datePublished":"2024-02-05T10:55:42+00:00","dateModified":"2024-02-05T13:24:06+00:00","mainEntityOfPage":{"@id":"https:\/\/conversesacatalunya.cat\/es\/las-10-causas-de-la-revuelta-del-agricultor\/"},"wordCount":1251,"commentCount":0,"image":{"@id":"https:\/\/conversesacatalunya.cat\/es\/las-10-causas-de-la-revuelta-del-agricultor\/#primaryimage"},"thumbnailUrl":"https:\/\/conversesacatalunya.cat\/wp-content\/uploads\/2024\/02\/pagesia.jpg","keywords":["Agricultura"],"articleSection":["Punts clau del dia (ES)"],"inLanguage":"es","potentialAction":[{"@type":"CommentAction","name":"Comment","target":["https:\/\/conversesacatalunya.cat\/es\/las-10-causas-de-la-revuelta-del-agricultor\/#respond"]}]},{"@type":"WebPage","@id":"https:\/\/conversesacatalunya.cat\/es\/las-10-causas-de-la-revuelta-del-agricultor\/","url":"https:\/\/conversesacatalunya.cat\/es\/las-10-causas-de-la-revuelta-del-agricultor\/","name":"Las 10 causas de la revuelta del agricultor - Converses a Catalunya","isPartOf":{"@id":"https:\/\/conversesacatalunya.cat\/#website"},"primaryImageOfPage":{"@id":"https:\/\/conversesacatalunya.cat\/es\/las-10-causas-de-la-revuelta-del-agricultor\/#primaryimage"},"image":{"@id":"https:\/\/conversesacatalunya.cat\/es\/las-10-causas-de-la-revuelta-del-agricultor\/#primaryimage"},"thumbnailUrl":"https:\/\/conversesacatalunya.cat\/wp-content\/uploads\/2024\/02\/pagesia.jpg","datePublished":"2024-02-05T10:55:42+00:00","dateModified":"2024-02-05T13:24:06+00:00","author":{"@id":"https:\/\/conversesacatalunya.cat\/#\/schema\/person\/a9598a6786ba7d3d1c5e0de477b79370"},"breadcrumb":{"@id":"https:\/\/conversesacatalunya.cat\/es\/las-10-causas-de-la-revuelta-del-agricultor\/#breadcrumb"},"inLanguage":"es","potentialAction":[{"@type":"ReadAction","target":["https:\/\/conversesacatalunya.cat\/es\/las-10-causas-de-la-revuelta-del-agricultor\/"]}]},{"@type":"ImageObject","inLanguage":"es","@id":"https:\/\/conversesacatalunya.cat\/es\/las-10-causas-de-la-revuelta-del-agricultor\/#primaryimage","url":"https:\/\/conversesacatalunya.cat\/wp-content\/uploads\/2024\/02\/pagesia.jpg","contentUrl":"https:\/\/conversesacatalunya.cat\/wp-content\/uploads\/2024\/02\/pagesia.jpg","width":780,"height":440,"caption":"revolta de la pagesia"},{"@type":"BreadcrumbList","@id":"https:\/\/conversesacatalunya.cat\/es\/las-10-causas-de-la-revuelta-del-agricultor\/#breadcrumb","itemListElement":[{"@type":"ListItem","position":1,"name":"Inici","item":"https:\/\/conversesacatalunya.cat\/es\/"},{"@type":"ListItem","position":2,"name":"Las 10 causas de la revuelta del agricultor"}]},{"@type":"WebSite","@id":"https:\/\/conversesacatalunya.cat\/#website","url":"https:\/\/conversesacatalunya.cat\/","name":"Converses a Catalunya","description":"","potentialAction":[{"@type":"SearchAction","target":{"@type":"EntryPoint","urlTemplate":"https:\/\/conversesacatalunya.cat\/?s={search_term_string}"},"query-input":{"@type":"PropertyValueSpecification","valueRequired":true,"valueName":"search_term_string"}}],"inLanguage":"es"},{"@type":"Person","@id":"https:\/\/conversesacatalunya.cat\/#\/schema\/person\/a9598a6786ba7d3d1c5e0de477b79370","name":"Josep Mir\u00f3 i Ard\u00e8vol","image":{"@type":"ImageObject","inLanguage":"es","@id":"https:\/\/conversesacatalunya.cat\/#\/schema\/person\/image\/","url":"https:\/\/conversesacatalunya.cat\/wp-content\/litespeed\/avatar\/c37e3dc881857483d6694cdf98fdedea.jpg?ver=1777270381","contentUrl":"https:\/\/conversesacatalunya.cat\/wp-content\/litespeed\/avatar\/c37e3dc881857483d6694cdf98fdedea.jpg?ver=1777270381","caption":"Josep Mir\u00f3 i Ard\u00e8vol"},"url":"https:\/\/conversesacatalunya.cat\/es\/author\/josep-miro-i-ardevol\/"}]}},"wps_subtitle":"","_links":{"self":[{"href":"https:\/\/conversesacatalunya.cat\/es\/wp-json\/wp\/v2\/posts\/74680","targetHints":{"allow":["GET"]}}],"collection":[{"href":"https:\/\/conversesacatalunya.cat\/es\/wp-json\/wp\/v2\/posts"}],"about":[{"href":"https:\/\/conversesacatalunya.cat\/es\/wp-json\/wp\/v2\/types\/post"}],"author":[{"embeddable":true,"href":"https:\/\/conversesacatalunya.cat\/es\/wp-json\/wp\/v2\/users\/19"}],"replies":[{"embeddable":true,"href":"https:\/\/conversesacatalunya.cat\/es\/wp-json\/wp\/v2\/comments?post=74680"}],"version-history":[{"count":2,"href":"https:\/\/conversesacatalunya.cat\/es\/wp-json\/wp\/v2\/posts\/74680\/revisions"}],"predecessor-version":[{"id":74682,"href":"https:\/\/conversesacatalunya.cat\/es\/wp-json\/wp\/v2\/posts\/74680\/revisions\/74682"}],"wp:featuredmedia":[{"embeddable":true,"href":"https:\/\/conversesacatalunya.cat\/es\/wp-json\/wp\/v2\/media\/74671"}],"wp:attachment":[{"href":"https:\/\/conversesacatalunya.cat\/es\/wp-json\/wp\/v2\/media?parent=74680"}],"wp:term":[{"taxonomy":"category","embeddable":true,"href":"https:\/\/conversesacatalunya.cat\/es\/wp-json\/wp\/v2\/categories?post=74680"},{"taxonomy":"post_tag","embeddable":true,"href":"https:\/\/conversesacatalunya.cat\/es\/wp-json\/wp\/v2\/tags?post=74680"}],"curies":[{"name":"wp","href":"https:\/\/api.w.org\/{rel}","templated":true}]}}