{"id":74646,"date":"2024-02-02T11:43:18","date_gmt":"2024-02-02T10:43:18","guid":{"rendered":"https:\/\/conversesacatalunya.cat\/daigua-nhi-ha-el-que-no-hi-ha-son-bons-politics-i-ii\/"},"modified":"2024-02-02T12:32:58","modified_gmt":"2024-02-02T11:32:58","slug":"agua-hay-lo-que-no-hay-son-buenos-politicos-y-ii","status":"publish","type":"post","link":"https:\/\/conversesacatalunya.cat\/es\/agua-hay-lo-que-no-hay-son-buenos-politicos-y-ii\/","title":{"rendered":"Agua hay, lo que no hay son buenos pol\u00edticos (y II)"},"content":{"rendered":"<p><span><span class=\"\">Recordamos una evidencia. Tarragona recibe ya agua del Ebro, 4 m3 por segundo. \u00bfEs un trasvase? En el sentido f\u00edsico del t\u00e9rmino, s\u00ed. Pero no lo es si se piensa si estos 4 m3 se han detra\u00eddo del agua que pasaba por el r\u00edo antes de que se efectuara la obra.<\/span><\/span><\/p>\n<p><span>La operaci\u00f3n realizada es muy sencilla. Los regantes tienen una determinada concesi\u00f3n de agua que utilizan, pero que el mal estado de sus canales hace que en gran parte\u00a0<\/span><strong><span>se pierda sin utilidad<\/span><\/strong><span> para ellos. Lo que se hizo fue mejorar estas canalizaciones y de esa acci\u00f3n surgieron 8 m3 por segundo, que antes se perd\u00edan por las rendijas. La mitad de esa cifra es la que se destina a Tarragona y la otra ha mejorado la disponibilidad de los regantes. Y la dotaci\u00f3n que circula por el Ebro es la misma de siempre. Cuando, como las Cortes de Arag\u00f3n, acuerdan oponerse a un trasvase del Ebro est\u00e1n haciendo un brindis al sol porque su oposici\u00f3n es innecesaria.<\/span><\/p>\n<p><span>Lo que hay que hacer es\u00a0<\/span><strong><span>mejorar la eficiencia de las acequias del Segre<\/span><\/strong><span>, del Ebro y del Noguera Pallaresa, sobre todo. Porque presenta unas cifras extraordinariamente altas de regad\u00edo por anegamiento, el riego a manta, el mismo sistema que utilizaban los \u00e1rabes, que estropea mucha m\u00e1s agua que cuando se utilizan sistemas como el riego localizado y el de aspersi\u00f3n.<\/span><\/p>\n<p><span>Por ejemplo, en el Segre el 55% de las hect\u00e1reas son regadas a manta, en el Ebro el 40%, en el Noguera Pallaresa el 68%, y en el Noguera Ribagor\u00e7ana el 36%. Para situar una referencia, recordemos como he dicho otras veces que la media espa\u00f1ola est\u00e1 en un 22%, por lo que el margen de mejora es espectacular. Y esto liberar\u00eda una cantidad de agua extraordinaria. Basta con pensar que el riego del Urgell son casi 63.000 hect\u00e1reas.<\/span><\/p>\n<p><span>Pero es que algo parecido ocurre con el Ter, donde el 43% del regad\u00edo es a manta y en la Muga el 49%. Incluso en el Llobregat el riego a manta llega a ser casi de la mitad, as\u00ed como en las rieras de la Costa Brava. Lo que se necesita es que la\u00a0<\/span><strong><span>Generalitat invierta<\/span><\/strong><span> para ayudar a los campesinos a hacer su riego m\u00e1s eficiente. De esta forma ellos ahorrar\u00e1n en el coste del agua. Mientras que la amortizaci\u00f3n de la inversi\u00f3n hecha debe ser lo suficientemente reducida para que resulte atractiva y \u00e9sta es la actuaci\u00f3n de la Generalitat.<\/span><\/p>\n<p><span><span class=\"VIpgJd-yAWNEb-VIpgJd-fmcmS-sn54Q\">Por cada euro que se gaste en ello se obtienen\u00a0<\/span><\/span><strong><span><span class=\"VIpgJd-yAWNEb-VIpgJd-fmcmS-sn54Q\">varios beneficios<\/span><\/span><\/strong><span><span class=\"VIpgJd-yAWNEb-VIpgJd-fmcmS-sn54Q\">. Una agricultura m\u00e1s eficaz, sostenible y competitiva, un menor consumo de agua y la posibilidad de dedicar una parte, s\u00f3lo una parte, de este excedente a mejorar los recursos de los territorios en los que hoy falta agua. No parece tan dif\u00edcil. De hecho, es tambi\u00e9n una vieja historia que nunca ha empezado y que se\u00f1ala que el d\u00e9ficit decisivo de Catalunya no est\u00e1 en el agua de lluvia, ni en el dinero de que disponemos, ni en cualquiera de estas consideraciones. El d\u00e9ficit que nos estrangula es disponer <\/span><\/span><strong><span><span class=\"VIpgJd-yAWNEb-VIpgJd-fmcmS-sn54Q\">de pol\u00edticos buenos,<\/span><\/span><\/strong><span><span class=\"VIpgJd-yAWNEb-VIpgJd-fmcmS-sn54Q\">\u00a0ya no digo excepcionales. Bastar\u00eda con que fueran sencillamente normales.<\/span><\/span><\/p>\n<p><span>Basta con recordar lo que apuntaba en\u00a0<\/span><strong><a href=\"https:\/\/conversesacatalunya.cat\/es\/agua-hay-lo-que-no-hay-son-buenos-politicos-i\/\" target=\"_blank\" rel=\"noopener\"><span>el art\u00edculo precedente<\/span><\/a><\/strong><span>. En plena situaci\u00f3n de grave sequ\u00eda el pasado diciembre, la Generalitat dedic\u00f3 casi 2.000 millones de euros en publicidad para hacernos consumir menos agua, cuando en realidad el est\u00e1ndar de consumo de Barcelona y su \u00e1rea metropolitana era ya muy reducido en t\u00e9rminos comparativos, que son los que importan. Al mismo tiempo, tuber\u00edas de agua procedentes del Ter han continuado perdiendo miles y miles de litros al d\u00eda por falta de las obras de mantenimiento necesarias.<\/span><\/p>\n<p><span>\u00bfC\u00f3mo es posible actuar de esta forma? Pues porque nuestros pol\u00edticos prefieren gastarse dinero en publicidad que se ve, aunque sea perfectamente innecesaria, antes que dedicarse a tapar agujeros de las tuber\u00edas que es una tarea que nadie puede \u201cadmirar\u201d.<\/span><\/p>\n<div id=\"polls-227\" class=\"wp-polls\">\n\t<form id=\"polls_form_227\" class=\"wp-polls-form\" action=\"\/index.php\" method=\"post\">\n\t\t<p style=\"display: none;\"><input type=\"hidden\" id=\"poll_227_nonce\" name=\"wp-polls-nonce\" value=\"1b6dcc5a54\" \/><\/p>\n\t\t<p style=\"display: none;\"><input type=\"hidden\" name=\"poll_id\" value=\"227\" \/><\/p>\n\t\t<p style=\"text-align: center\"><strong>El Parlament de Catalunya ha aprovat que l'eutan\u00e0sia es pugui dur a terme sense la intervenci\u00f3 del notari i dels 3 testimonis, est\u00e0s d'acord?<\/strong><\/p><div id=\"polls-227-ans\" class=\"wp-polls-ans\"><ul class=\"wp-polls-ul\">\n\t\t<li><input type=\"radio\" id=\"poll-answer-630\" name=\"poll_227\" value=\"630\" \/> <label for=\"poll-answer-630\">S\u00ed<\/label><\/li>\n\t\t<li><input type=\"radio\" id=\"poll-answer-631\" name=\"poll_227\" value=\"631\" \/> <label for=\"poll-answer-631\">No<\/label><\/li>\n\t\t<li><input type=\"radio\" id=\"poll-answer-632\" name=\"poll_227\" value=\"632\" \/> <label for=\"poll-answer-632\">No ho s\u00e9<\/label><\/li>\n\t\t<\/ul><p style=\"text-align: center\"><input type=\"button\" name=\"vote\" value=\"   Vota   \" class=\"Buttons\" onclick=\"poll_vote(227);\" \/><\/p><p style=\"text-align: center\"><a href=\"#ViewPollResults\" onclick=\"poll_result(227); return false;\" title=\"View Results Of This Poll\">Mira els resultats<\/a><\/p><\/div>\n\t<\/form>\n<\/div>\n<div id=\"polls-227-loading\" class=\"wp-polls-loading\"><img decoding=\"async\" data-src=\"https:\/\/conversesacatalunya.cat\/wp-content\/plugins\/wp-polls\/images\/loading.gif\" width=\"16\" height=\"16\" alt=\"Cargando ...\" title=\"Cargando ...\" class=\"wp-polls-image lazyload\" src=\"data:image\/svg+xml;base64,PHN2ZyB3aWR0aD0iMSIgaGVpZ2h0PSIxIiB4bWxucz0iaHR0cDovL3d3dy53My5vcmcvMjAwMC9zdmciPjwvc3ZnPg==\" style=\"--smush-placeholder-width: 16px; --smush-placeholder-aspect-ratio: 16\/16;\" \/>&nbsp;Cargando ...<\/div>\n\n","protected":false},"excerpt":{"rendered":"<p>Recordamos una evidencia. Tarragona recibe ya agua del Ebro, 4 m3 por segundo. \u00bfEs un trasvase? En el sentido f\u00edsico del t\u00e9rmino, s\u00ed. Pero no lo es si se piensa si estos 4 m3 se han detra\u00eddo del agua que pasaba por el r\u00edo antes de que se efectuara la obra. La operaci\u00f3n realizada es muy sencilla. Los regantes tienen una determinada concesi\u00f3n de agua que utilizan, pero que el mal estado de sus canales hace que en gran parte\u00a0se pierda sin utilidad para ellos. Lo que se hizo fue mejorar estas canalizaciones y de esa acci\u00f3n surgieron 8 m3 por segundo, que antes se perd\u00edan por las rendijas. La mitad de esa cifra es la que se destina a Tarragona y la otra ha mejorado la disponibilidad de los regantes. Y la dotaci\u00f3n que circula por el Ebro es la misma de siempre. Cuando, como las Cortes de Arag\u00f3n, acuerdan oponerse a un trasvase del Ebro est\u00e1n haciendo un brindis al sol porque su oposici\u00f3n es innecesaria. Lo que hay que hacer es\u00a0mejorar la eficiencia de las acequias del Segre, del Ebro y del Noguera Pallaresa, sobre todo. Porque presenta unas cifras extraordinariamente altas de regad\u00edo por anegamiento, el riego a manta, el mismo sistema que utilizaban los \u00e1rabes, que estropea mucha m\u00e1s agua que cuando se utilizan sistemas como el riego localizado y el de aspersi\u00f3n. Por ejemplo, en el Segre el 55% de las hect\u00e1reas son regadas a manta, en el Ebro el 40%, en el Noguera Pallaresa el 68%, y en el Noguera Ribagor\u00e7ana el 36%. Para situar una referencia, recordemos como he dicho otras veces que la media espa\u00f1ola est\u00e1 en un 22%, por lo que el margen de mejora es espectacular. Y esto liberar\u00eda una cantidad de agua extraordinaria. Basta con pensar que el riego del Urgell son casi 63.000 hect\u00e1reas. Pero es que algo parecido ocurre con el Ter, donde el 43% del regad\u00edo es a manta y en la Muga el 49%. Incluso en el Llobregat el riego a manta llega a ser casi de la mitad, as\u00ed como en las rieras de la Costa Brava. Lo que se necesita es que la\u00a0Generalitat invierta para ayudar a los campesinos a hacer su riego m\u00e1s eficiente. De esta forma ellos ahorrar\u00e1n en el coste del agua. Mientras que la amortizaci\u00f3n de la inversi\u00f3n hecha debe ser lo suficientemente reducida para que resulte atractiva y \u00e9sta es la actuaci\u00f3n de la Generalitat. Por cada euro que se gaste en ello se obtienen\u00a0varios beneficios. Una agricultura m\u00e1s eficaz, sostenible y competitiva, un menor consumo de agua y la posibilidad de dedicar una parte, s\u00f3lo una parte, de este excedente a mejorar los recursos de los territorios en los que hoy falta agua. No parece tan dif\u00edcil. De hecho, es tambi\u00e9n una vieja historia que nunca ha empezado y que se\u00f1ala que el d\u00e9ficit decisivo de Catalunya no est\u00e1 en el agua de lluvia, ni en el dinero de que disponemos, ni en cualquiera de estas consideraciones. El d\u00e9ficit que nos estrangula es disponer de pol\u00edticos buenos,\u00a0ya no digo excepcionales. Bastar\u00eda con que fueran sencillamente normales. Basta con recordar lo que apuntaba en\u00a0el art\u00edculo precedente. En plena situaci\u00f3n de grave sequ\u00eda el pasado diciembre, la Generalitat dedic\u00f3 casi 2.000 millones de euros en publicidad para hacernos consumir menos agua, cuando en realidad el est\u00e1ndar de consumo de Barcelona y su \u00e1rea metropolitana era ya muy reducido en t\u00e9rminos comparativos, que son los que importan. Al mismo tiempo, tuber\u00edas de agua procedentes del Ter han continuado perdiendo miles y miles de litros al d\u00eda por falta de las obras de mantenimiento necesarias. \u00bfC\u00f3mo es posible actuar de esta forma? Pues porque nuestros pol\u00edticos prefieren gastarse dinero en publicidad que se ve, aunque sea perfectamente innecesaria, antes que dedicarse a tapar agujeros de las tuber\u00edas que es una tarea que nadie puede \u201cadmirar\u201d.<\/p>\n","protected":false},"author":19,"featured_media":74631,"comment_status":"open","ping_status":"open","sticky":false,"template":"","format":"standard","meta":{"_FSMCFIC_featured_image_caption":"","_FSMCFIC_featured_image_nocaption":"","_FSMCFIC_featured_image_hide":"","footnotes":""},"categories":[806],"tags":[4528],"class_list":["post-74646","post","type-post","status-publish","format-standard","has-post-thumbnail","hentry","category-punts-claus-del-dia-es","tag-sequia-es"],"yoast_head":"<!-- This site is optimized with the Yoast SEO plugin v26.8 - https:\/\/yoast.com\/product\/yoast-seo-wordpress\/ -->\n<title>Agua hay, lo que no hay son buenos pol\u00edticos (y II) - Converses a Catalunya<\/title>\n<meta name=\"description\" content=\"Nuestros pol\u00edticos prefieren gastarse dinero en publicidad antes que dedicarse a tapar agujeros de las tuber\u00edas, que es una tarea que nadie puede \u201cadmirar\u201d\" \/>\n<meta name=\"robots\" content=\"index, follow, max-snippet:-1, max-image-preview:large, max-video-preview:-1\" \/>\n<link rel=\"canonical\" href=\"https:\/\/conversesacatalunya.cat\/es\/agua-hay-lo-que-no-hay-son-buenos-politicos-y-ii\/\" \/>\n<meta property=\"og:locale\" content=\"es_ES\" \/>\n<meta property=\"og:type\" content=\"article\" \/>\n<meta property=\"og:title\" content=\"Agua hay, lo que no hay son buenos pol\u00edticos (y II) - Converses a Catalunya\" \/>\n<meta property=\"og:description\" content=\"Nuestros pol\u00edticos prefieren gastarse dinero en publicidad antes que dedicarse a tapar agujeros de las tuber\u00edas, que es una tarea que nadie puede \u201cadmirar\u201d\" \/>\n<meta property=\"og:url\" content=\"https:\/\/conversesacatalunya.cat\/es\/agua-hay-lo-que-no-hay-son-buenos-politicos-y-ii\/\" \/>\n<meta property=\"og:site_name\" content=\"Converses a Catalunya\" \/>\n<meta property=\"article:published_time\" content=\"2024-02-02T10:43:18+00:00\" \/>\n<meta property=\"article:modified_time\" content=\"2024-02-02T11:32:58+00:00\" \/>\n<meta property=\"og:image\" content=\"https:\/\/conversesacatalunya.cat\/wp-content\/uploads\/2024\/02\/reg-article.jpg\" \/>\n\t<meta property=\"og:image:width\" content=\"848\" \/>\n\t<meta property=\"og:image:height\" content=\"480\" \/>\n\t<meta property=\"og:image:type\" content=\"image\/jpeg\" \/>\n<meta name=\"author\" content=\"Josep Mir\u00f3 i Ard\u00e8vol\" \/>\n<meta name=\"twitter:card\" content=\"summary_large_image\" \/>\n<meta name=\"twitter:label1\" content=\"Escrito por\" \/>\n\t<meta name=\"twitter:data1\" content=\"Josep Mir\u00f3 i Ard\u00e8vol\" \/>\n\t<meta name=\"twitter:label2\" content=\"Tiempo de lectura\" \/>\n\t<meta name=\"twitter:data2\" content=\"3 minutos\" \/>\n<script type=\"application\/ld+json\" class=\"yoast-schema-graph\">{\"@context\":\"https:\/\/schema.org\",\"@graph\":[{\"@type\":\"Article\",\"@id\":\"https:\/\/conversesacatalunya.cat\/es\/agua-hay-lo-que-no-hay-son-buenos-politicos-y-ii\/#article\",\"isPartOf\":{\"@id\":\"https:\/\/conversesacatalunya.cat\/es\/agua-hay-lo-que-no-hay-son-buenos-politicos-y-ii\/\"},\"author\":{\"name\":\"Josep Mir\u00f3 i Ard\u00e8vol\",\"@id\":\"https:\/\/conversesacatalunya.cat\/#\/schema\/person\/a9598a6786ba7d3d1c5e0de477b79370\"},\"headline\":\"Agua hay, lo que no hay son buenos pol\u00edticos (y II)\",\"datePublished\":\"2024-02-02T10:43:18+00:00\",\"dateModified\":\"2024-02-02T11:32:58+00:00\",\"mainEntityOfPage\":{\"@id\":\"https:\/\/conversesacatalunya.cat\/es\/agua-hay-lo-que-no-hay-son-buenos-politicos-y-ii\/\"},\"wordCount\":698,\"commentCount\":0,\"image\":{\"@id\":\"https:\/\/conversesacatalunya.cat\/es\/agua-hay-lo-que-no-hay-son-buenos-politicos-y-ii\/#primaryimage\"},\"thumbnailUrl\":\"https:\/\/conversesacatalunya.cat\/wp-content\/uploads\/2024\/02\/reg-article.jpg\",\"keywords\":[\"Sequia\"],\"articleSection\":[\"Punts clau del dia (ES)\"],\"inLanguage\":\"es\",\"potentialAction\":[{\"@type\":\"CommentAction\",\"name\":\"Comment\",\"target\":[\"https:\/\/conversesacatalunya.cat\/es\/agua-hay-lo-que-no-hay-son-buenos-politicos-y-ii\/#respond\"]}]},{\"@type\":\"WebPage\",\"@id\":\"https:\/\/conversesacatalunya.cat\/es\/agua-hay-lo-que-no-hay-son-buenos-politicos-y-ii\/\",\"url\":\"https:\/\/conversesacatalunya.cat\/es\/agua-hay-lo-que-no-hay-son-buenos-politicos-y-ii\/\",\"name\":\"Agua hay, lo que no hay son buenos pol\u00edticos (y II) - Converses a Catalunya\",\"isPartOf\":{\"@id\":\"https:\/\/conversesacatalunya.cat\/#website\"},\"primaryImageOfPage\":{\"@id\":\"https:\/\/conversesacatalunya.cat\/es\/agua-hay-lo-que-no-hay-son-buenos-politicos-y-ii\/#primaryimage\"},\"image\":{\"@id\":\"https:\/\/conversesacatalunya.cat\/es\/agua-hay-lo-que-no-hay-son-buenos-politicos-y-ii\/#primaryimage\"},\"thumbnailUrl\":\"https:\/\/conversesacatalunya.cat\/wp-content\/uploads\/2024\/02\/reg-article.jpg\",\"datePublished\":\"2024-02-02T10:43:18+00:00\",\"dateModified\":\"2024-02-02T11:32:58+00:00\",\"author\":{\"@id\":\"https:\/\/conversesacatalunya.cat\/#\/schema\/person\/a9598a6786ba7d3d1c5e0de477b79370\"},\"description\":\"Nuestros pol\u00edticos prefieren gastarse dinero en publicidad antes que dedicarse a tapar agujeros de las tuber\u00edas, que es una tarea que nadie puede \u201cadmirar\u201d\",\"breadcrumb\":{\"@id\":\"https:\/\/conversesacatalunya.cat\/es\/agua-hay-lo-que-no-hay-son-buenos-politicos-y-ii\/#breadcrumb\"},\"inLanguage\":\"es\",\"potentialAction\":[{\"@type\":\"ReadAction\",\"target\":[\"https:\/\/conversesacatalunya.cat\/es\/agua-hay-lo-que-no-hay-son-buenos-politicos-y-ii\/\"]}]},{\"@type\":\"ImageObject\",\"inLanguage\":\"es\",\"@id\":\"https:\/\/conversesacatalunya.cat\/es\/agua-hay-lo-que-no-hay-son-buenos-politicos-y-ii\/#primaryimage\",\"url\":\"https:\/\/conversesacatalunya.cat\/wp-content\/uploads\/2024\/02\/reg-article.jpg\",\"contentUrl\":\"https:\/\/conversesacatalunya.cat\/wp-content\/uploads\/2024\/02\/reg-article.jpg\",\"width\":848,\"height\":480},{\"@type\":\"BreadcrumbList\",\"@id\":\"https:\/\/conversesacatalunya.cat\/es\/agua-hay-lo-que-no-hay-son-buenos-politicos-y-ii\/#breadcrumb\",\"itemListElement\":[{\"@type\":\"ListItem\",\"position\":1,\"name\":\"Inici\",\"item\":\"https:\/\/conversesacatalunya.cat\/es\/\"},{\"@type\":\"ListItem\",\"position\":2,\"name\":\"Agua hay, lo que no hay son buenos pol\u00edticos (y II)\"}]},{\"@type\":\"WebSite\",\"@id\":\"https:\/\/conversesacatalunya.cat\/#website\",\"url\":\"https:\/\/conversesacatalunya.cat\/\",\"name\":\"Converses a Catalunya\",\"description\":\"\",\"potentialAction\":[{\"@type\":\"SearchAction\",\"target\":{\"@type\":\"EntryPoint\",\"urlTemplate\":\"https:\/\/conversesacatalunya.cat\/?s={search_term_string}\"},\"query-input\":{\"@type\":\"PropertyValueSpecification\",\"valueRequired\":true,\"valueName\":\"search_term_string\"}}],\"inLanguage\":\"es\"},{\"@type\":\"Person\",\"@id\":\"https:\/\/conversesacatalunya.cat\/#\/schema\/person\/a9598a6786ba7d3d1c5e0de477b79370\",\"name\":\"Josep Mir\u00f3 i Ard\u00e8vol\",\"image\":{\"@type\":\"ImageObject\",\"inLanguage\":\"es\",\"@id\":\"https:\/\/conversesacatalunya.cat\/#\/schema\/person\/image\/\",\"url\":\"https:\/\/conversesacatalunya.cat\/wp-content\/litespeed\/avatar\/c37e3dc881857483d6694cdf98fdedea.jpg?ver=1777270381\",\"contentUrl\":\"https:\/\/conversesacatalunya.cat\/wp-content\/litespeed\/avatar\/c37e3dc881857483d6694cdf98fdedea.jpg?ver=1777270381\",\"caption\":\"Josep Mir\u00f3 i Ard\u00e8vol\"},\"url\":\"https:\/\/conversesacatalunya.cat\/es\/author\/josep-miro-i-ardevol\/\"}]}<\/script>\n<!-- \/ Yoast SEO plugin. -->","yoast_head_json":{"title":"Agua hay, lo que no hay son buenos pol\u00edticos (y II) - Converses a Catalunya","description":"Nuestros pol\u00edticos prefieren gastarse dinero en publicidad antes que dedicarse a tapar agujeros de las tuber\u00edas, que es una tarea que nadie puede \u201cadmirar\u201d","robots":{"index":"index","follow":"follow","max-snippet":"max-snippet:-1","max-image-preview":"max-image-preview:large","max-video-preview":"max-video-preview:-1"},"canonical":"https:\/\/conversesacatalunya.cat\/es\/agua-hay-lo-que-no-hay-son-buenos-politicos-y-ii\/","og_locale":"es_ES","og_type":"article","og_title":"Agua hay, lo que no hay son buenos pol\u00edticos (y II) - Converses a Catalunya","og_description":"Nuestros pol\u00edticos prefieren gastarse dinero en publicidad antes que dedicarse a tapar agujeros de las tuber\u00edas, que es una tarea que nadie puede \u201cadmirar\u201d","og_url":"https:\/\/conversesacatalunya.cat\/es\/agua-hay-lo-que-no-hay-son-buenos-politicos-y-ii\/","og_site_name":"Converses a Catalunya","article_published_time":"2024-02-02T10:43:18+00:00","article_modified_time":"2024-02-02T11:32:58+00:00","og_image":[{"width":848,"height":480,"url":"https:\/\/conversesacatalunya.cat\/wp-content\/uploads\/2024\/02\/reg-article.jpg","type":"image\/jpeg"}],"author":"Josep Mir\u00f3 i Ard\u00e8vol","twitter_card":"summary_large_image","twitter_misc":{"Escrito por":"Josep Mir\u00f3 i Ard\u00e8vol","Tiempo de lectura":"3 minutos"},"schema":{"@context":"https:\/\/schema.org","@graph":[{"@type":"Article","@id":"https:\/\/conversesacatalunya.cat\/es\/agua-hay-lo-que-no-hay-son-buenos-politicos-y-ii\/#article","isPartOf":{"@id":"https:\/\/conversesacatalunya.cat\/es\/agua-hay-lo-que-no-hay-son-buenos-politicos-y-ii\/"},"author":{"name":"Josep Mir\u00f3 i Ard\u00e8vol","@id":"https:\/\/conversesacatalunya.cat\/#\/schema\/person\/a9598a6786ba7d3d1c5e0de477b79370"},"headline":"Agua hay, lo que no hay son buenos pol\u00edticos (y II)","datePublished":"2024-02-02T10:43:18+00:00","dateModified":"2024-02-02T11:32:58+00:00","mainEntityOfPage":{"@id":"https:\/\/conversesacatalunya.cat\/es\/agua-hay-lo-que-no-hay-son-buenos-politicos-y-ii\/"},"wordCount":698,"commentCount":0,"image":{"@id":"https:\/\/conversesacatalunya.cat\/es\/agua-hay-lo-que-no-hay-son-buenos-politicos-y-ii\/#primaryimage"},"thumbnailUrl":"https:\/\/conversesacatalunya.cat\/wp-content\/uploads\/2024\/02\/reg-article.jpg","keywords":["Sequia"],"articleSection":["Punts clau del dia (ES)"],"inLanguage":"es","potentialAction":[{"@type":"CommentAction","name":"Comment","target":["https:\/\/conversesacatalunya.cat\/es\/agua-hay-lo-que-no-hay-son-buenos-politicos-y-ii\/#respond"]}]},{"@type":"WebPage","@id":"https:\/\/conversesacatalunya.cat\/es\/agua-hay-lo-que-no-hay-son-buenos-politicos-y-ii\/","url":"https:\/\/conversesacatalunya.cat\/es\/agua-hay-lo-que-no-hay-son-buenos-politicos-y-ii\/","name":"Agua hay, lo que no hay son buenos pol\u00edticos (y II) - Converses a Catalunya","isPartOf":{"@id":"https:\/\/conversesacatalunya.cat\/#website"},"primaryImageOfPage":{"@id":"https:\/\/conversesacatalunya.cat\/es\/agua-hay-lo-que-no-hay-son-buenos-politicos-y-ii\/#primaryimage"},"image":{"@id":"https:\/\/conversesacatalunya.cat\/es\/agua-hay-lo-que-no-hay-son-buenos-politicos-y-ii\/#primaryimage"},"thumbnailUrl":"https:\/\/conversesacatalunya.cat\/wp-content\/uploads\/2024\/02\/reg-article.jpg","datePublished":"2024-02-02T10:43:18+00:00","dateModified":"2024-02-02T11:32:58+00:00","author":{"@id":"https:\/\/conversesacatalunya.cat\/#\/schema\/person\/a9598a6786ba7d3d1c5e0de477b79370"},"description":"Nuestros pol\u00edticos prefieren gastarse dinero en publicidad antes que dedicarse a tapar agujeros de las tuber\u00edas, que es una tarea que nadie puede \u201cadmirar\u201d","breadcrumb":{"@id":"https:\/\/conversesacatalunya.cat\/es\/agua-hay-lo-que-no-hay-son-buenos-politicos-y-ii\/#breadcrumb"},"inLanguage":"es","potentialAction":[{"@type":"ReadAction","target":["https:\/\/conversesacatalunya.cat\/es\/agua-hay-lo-que-no-hay-son-buenos-politicos-y-ii\/"]}]},{"@type":"ImageObject","inLanguage":"es","@id":"https:\/\/conversesacatalunya.cat\/es\/agua-hay-lo-que-no-hay-son-buenos-politicos-y-ii\/#primaryimage","url":"https:\/\/conversesacatalunya.cat\/wp-content\/uploads\/2024\/02\/reg-article.jpg","contentUrl":"https:\/\/conversesacatalunya.cat\/wp-content\/uploads\/2024\/02\/reg-article.jpg","width":848,"height":480},{"@type":"BreadcrumbList","@id":"https:\/\/conversesacatalunya.cat\/es\/agua-hay-lo-que-no-hay-son-buenos-politicos-y-ii\/#breadcrumb","itemListElement":[{"@type":"ListItem","position":1,"name":"Inici","item":"https:\/\/conversesacatalunya.cat\/es\/"},{"@type":"ListItem","position":2,"name":"Agua hay, lo que no hay son buenos pol\u00edticos (y II)"}]},{"@type":"WebSite","@id":"https:\/\/conversesacatalunya.cat\/#website","url":"https:\/\/conversesacatalunya.cat\/","name":"Converses a Catalunya","description":"","potentialAction":[{"@type":"SearchAction","target":{"@type":"EntryPoint","urlTemplate":"https:\/\/conversesacatalunya.cat\/?s={search_term_string}"},"query-input":{"@type":"PropertyValueSpecification","valueRequired":true,"valueName":"search_term_string"}}],"inLanguage":"es"},{"@type":"Person","@id":"https:\/\/conversesacatalunya.cat\/#\/schema\/person\/a9598a6786ba7d3d1c5e0de477b79370","name":"Josep Mir\u00f3 i Ard\u00e8vol","image":{"@type":"ImageObject","inLanguage":"es","@id":"https:\/\/conversesacatalunya.cat\/#\/schema\/person\/image\/","url":"https:\/\/conversesacatalunya.cat\/wp-content\/litespeed\/avatar\/c37e3dc881857483d6694cdf98fdedea.jpg?ver=1777270381","contentUrl":"https:\/\/conversesacatalunya.cat\/wp-content\/litespeed\/avatar\/c37e3dc881857483d6694cdf98fdedea.jpg?ver=1777270381","caption":"Josep Mir\u00f3 i Ard\u00e8vol"},"url":"https:\/\/conversesacatalunya.cat\/es\/author\/josep-miro-i-ardevol\/"}]}},"wps_subtitle":"Nuestros pol\u00edticos prefieren gastarse dinero en publicidad antes que dedicarse a tapar agujeros de las tuber\u00edas, que es una tarea que nadie puede \u201cadmirar\u201d","_links":{"self":[{"href":"https:\/\/conversesacatalunya.cat\/es\/wp-json\/wp\/v2\/posts\/74646","targetHints":{"allow":["GET"]}}],"collection":[{"href":"https:\/\/conversesacatalunya.cat\/es\/wp-json\/wp\/v2\/posts"}],"about":[{"href":"https:\/\/conversesacatalunya.cat\/es\/wp-json\/wp\/v2\/types\/post"}],"author":[{"embeddable":true,"href":"https:\/\/conversesacatalunya.cat\/es\/wp-json\/wp\/v2\/users\/19"}],"replies":[{"embeddable":true,"href":"https:\/\/conversesacatalunya.cat\/es\/wp-json\/wp\/v2\/comments?post=74646"}],"version-history":[{"count":2,"href":"https:\/\/conversesacatalunya.cat\/es\/wp-json\/wp\/v2\/posts\/74646\/revisions"}],"predecessor-version":[{"id":74648,"href":"https:\/\/conversesacatalunya.cat\/es\/wp-json\/wp\/v2\/posts\/74646\/revisions\/74648"}],"wp:featuredmedia":[{"embeddable":true,"href":"https:\/\/conversesacatalunya.cat\/es\/wp-json\/wp\/v2\/media\/74631"}],"wp:attachment":[{"href":"https:\/\/conversesacatalunya.cat\/es\/wp-json\/wp\/v2\/media?parent=74646"}],"wp:term":[{"taxonomy":"category","embeddable":true,"href":"https:\/\/conversesacatalunya.cat\/es\/wp-json\/wp\/v2\/categories?post=74646"},{"taxonomy":"post_tag","embeddable":true,"href":"https:\/\/conversesacatalunya.cat\/es\/wp-json\/wp\/v2\/tags?post=74646"}],"curies":[{"name":"wp","href":"https:\/\/api.w.org\/{rel}","templated":true}]}}