{"id":74540,"date":"2024-01-30T12:30:15","date_gmt":"2024-01-30T11:30:15","guid":{"rendered":"https:\/\/conversesacatalunya.cat\/trasllat-del-hospital-cllinic\/"},"modified":"2024-01-30T13:10:10","modified_gmt":"2024-01-30T12:10:10","slug":"trasllado-del-hospital-cllinic","status":"publish","type":"post","link":"https:\/\/conversesacatalunya.cat\/es\/trasllado-del-hospital-cllinic\/","title":{"rendered":"\u00bfSe convertir\u00e1 el Hospital Cl\u00ednic de Barcelona en un agujero negro?"},"content":{"rendered":"<p><span>Este lunes se ha firmado con solemnidad un acuerdo por parte de la Generalitat, el Ayuntamiento de Barcelona, \u200b\u200bel Consorcio Hospital Cl\u00ednic, la Universidad de Barcelona, \u200b\u200bla Diputaci\u00f3n y los ayuntamientos de Hospitalet de Llobregat y Esplugues de Llobregat para\u00a0<\/span><strong><span>construir un nuevo Hospital Cl\u00ednic<\/span><\/strong><span>, un campus de salud, en los terrenos deportivos que tiene la Universidad de Barcelona en la Diagonal.<\/span><\/p>\n<p><span>Las declaraciones de los protagonistas ante esa firma han sido superlativas. Sin embargo, lo que no se ha planteado en ning\u00fan momento son las\u00a0<\/span><strong><span>consecuencias negativas de la elecci\u00f3n hecha<\/span><\/strong><span>\u00a0y c\u00f3mo puede contribuir decisivamente a acentuar el proceso de\u00a0<\/span><strong><span>degradaci\u00f3n del Eixample Izquierdo de la ciudad<\/span><\/strong><span>. Que el Cl\u00ednic necesita ampliarse substancialmente est\u00e1 fuera de toda discusi\u00f3n. Que la elecci\u00f3n elegida sea la adecuada deber\u00eda haber sido objeto de estudios que son inexistentes.<\/span><\/p>\n<p><span>El Eixample, especialmente la banda izquierda, pero en realidad todo \u00e9l, est\u00e1 tocado despu\u00e9s del experimento Colau con la movilidad. Las condiciones necesarias como \u00e1rea central, como Central Business District, est\u00e1n muy mermadas y, por tanto, este tipo de actividades centrales se est\u00e1n desplazando a la periferia. Y el Eixample, hasta donde llega el fen\u00f3meno, va quedando\u00a0<\/span><strong><span>en manos del monopolio tur\u00edstico y sus derivadas<\/span><\/strong><span>. Florecen los bares, restaurantes, hoteles, pisos tur\u00edsticos. Abunda el trabajo de baja productividad que acent\u00faa un problema de Barcelona constituida en el principal\u00a0<\/span><a href=\"https:\/\/conversesacatalunya-cat.translate.goog\/on-va-espanya\/?_x_tr_sl=ca&amp;_x_tr_tl=es&amp;_x_tr_hl=es&amp;_x_tr_pto=wapp\" target=\"_blank\" rel=\"noopener\"><span>foco de atenci\u00f3n de inmigraci\u00f3n<\/span><\/a><span>\u00a0de Espa\u00f1a. La cifra del 30% de residentes en la ciudad de origen inmigratorio est\u00e1 al caer. Este flujo impacta sobre la vivienda sobre todo por las rentas bajas, porque los reci\u00e9n llegados est\u00e1n dispuestos a sacrificarse m\u00e1s para pagar un piso en la capital.<\/span><\/p>\n<p><span>La suma de turismo de ocupaci\u00f3n, pisos tur\u00edsticos y crisis del comercio del barrio por la pandemia tiene unas consecuencias demoledoras para nuestro Eixample, que no son tomadas en consideraci\u00f3n por el gobierno municipal, que vive de la vieja lecci\u00f3n de los Hereu y Clos de convertir la ciudad en un escenario en el que se representan espect\u00e1culos a base del\u00a0<\/span><em><span>city<\/span><\/em><span> marketing.<\/span><\/p>\n<p><span><span class=\"VIpgJd-yAWNEb-VIpgJd-fmcmS-sn54Q\">En este marco es donde se inserta la cuesti\u00f3n del<strong> traslado<\/strong><\/span><\/span><strong><span><span class=\"VIpgJd-yAWNEb-VIpgJd-fmcmS-sn54Q\"> del Hospital Cl\u00ednic<\/span><\/span><\/strong><span><span class=\"VIpgJd-yAWNEb-VIpgJd-fmcmS-sn54Q\">. En la izquierda del Eixample ya hay dos agujeros negros de gran magnitud. <\/span><\/span><strong><span><span class=\"VIpgJd-yAWNEb-VIpgJd-fmcmS-sn54Q\">Uno es la Escuela Industrial y el otro es la Modelo<\/span><\/span><\/strong><span><span class=\"VIpgJd-yAWNEb-VIpgJd-fmcmS-sn54Q\">. Dos grandes espacios sin pr\u00e1cticamente ninguna actividad significativa. Con escasa distancia se a\u00f1adir\u00eda un tercero, el agujero del Cl\u00ednic. Balcells, el responsable del Consorcio, ha afirmado que \u00abse mantendr\u00e1 parte de la labor de los equipos asistenciales\u00bb. Pero esto no resuelve el problema del nuevo agujero negro, porque\u00a0<\/span><\/span><strong><span><span class=\"VIpgJd-yAWNEb-VIpgJd-fmcmS-sn54Q\">la inmensa mayor\u00eda de actividades se marchar\u00e1n<\/span><\/span><\/strong><span><span class=\"VIpgJd-yAWNEb-VIpgJd-fmcmS-sn54Q\">. Y lo que va a quedar ser\u00e1 muy poco. Todos los grandes servicios y equipamientos saldr\u00e1n. Y \u00e9ste es el problema, porque recordemos que la vitalidad de las \u00e1reas urbanas se apoya en centros de econom\u00eda exportadora, en el sentido de que la actividad que all\u00ed se desarrolla atrae a personas y productos de un radio mucho mayor que el del barrio e incluso de la ciudad. Y esto es lo que se perder\u00e1.<\/span><\/span><\/p>\n<p><span>No es exactamente lo mismo, pero el Ayuntamiento de Barcelona deber\u00eda ser mucho m\u00e1s prudente y recordar las terribles consecuencias por imprevisi\u00f3n que supuso para el barrio de la Rivera el traslado del Born a la Zona Franca. Y que no se recuper\u00f3 hasta d\u00e9cadas despu\u00e9s y a\u00fan a expensas de entregar ese territorio al monocultivo tur\u00edstico.<\/span><\/p>\n<p><span>Y por si fuera poco,\u00a0<\/span><strong><span>se liquida la \u00fanica \u00e1rea deportiva universitaria digna de ese nombre<\/span><\/strong><span>. Pensar\u00e1n que es un tema menor, pero no es as\u00ed. La flaqueza de nuestro deporte escolar culmina con la pr\u00e1ctica inexistencia de un deporte universitario digno de ese nombre. Ahora esa carencia quedar\u00e1 multiplicada. Es escandaloso que el rector de la UB asuma esta liquidaci\u00f3n sin poner sobre la mesa una alternativa adecuada.<\/span><\/p>\n<p><span>Todo ello son demasiadas contraindicaciones que se\u00f1alan, una vez m\u00e1s, el gran vicio de nuestros pol\u00edticos y m\u00e1s all\u00e1 de ellos, de nuestras peque\u00f1as \u00e9lites de querer alcanzar notoriedad a base de proyectos espectaculares, en lugar de sencillamente realizar el trabajo bien hecho en beneficio de la ciudad y de sus habitantes.<\/span><\/p>\n<div id=\"polls-227\" class=\"wp-polls\">\n\t<form id=\"polls_form_227\" class=\"wp-polls-form\" action=\"\/index.php\" method=\"post\">\n\t\t<p style=\"display: none;\"><input type=\"hidden\" id=\"poll_227_nonce\" name=\"wp-polls-nonce\" value=\"a16c8453da\" \/><\/p>\n\t\t<p style=\"display: none;\"><input type=\"hidden\" name=\"poll_id\" value=\"227\" \/><\/p>\n\t\t<p style=\"text-align: center\"><strong>El Parlament de Catalunya ha aprovat que l'eutan\u00e0sia es pugui dur a terme sense la intervenci\u00f3 del notari i dels 3 testimonis, est\u00e0s d'acord?<\/strong><\/p><div id=\"polls-227-ans\" class=\"wp-polls-ans\"><ul class=\"wp-polls-ul\">\n\t\t<li><input type=\"radio\" id=\"poll-answer-630\" name=\"poll_227\" value=\"630\" \/> <label for=\"poll-answer-630\">S\u00ed<\/label><\/li>\n\t\t<li><input type=\"radio\" id=\"poll-answer-631\" name=\"poll_227\" value=\"631\" \/> <label for=\"poll-answer-631\">No<\/label><\/li>\n\t\t<li><input type=\"radio\" id=\"poll-answer-632\" name=\"poll_227\" value=\"632\" \/> <label for=\"poll-answer-632\">No ho s\u00e9<\/label><\/li>\n\t\t<\/ul><p style=\"text-align: center\"><input type=\"button\" name=\"vote\" value=\"   Vota   \" class=\"Buttons\" onclick=\"poll_vote(227);\" \/><\/p><p style=\"text-align: center\"><a href=\"#ViewPollResults\" onclick=\"poll_result(227); return false;\" title=\"View Results Of This Poll\">Mira els resultats<\/a><\/p><\/div>\n\t<\/form>\n<\/div>\n<div id=\"polls-227-loading\" class=\"wp-polls-loading\"><img decoding=\"async\" data-src=\"https:\/\/conversesacatalunya.cat\/wp-content\/plugins\/wp-polls\/images\/loading.gif\" width=\"16\" height=\"16\" alt=\"Cargando ...\" title=\"Cargando ...\" class=\"wp-polls-image lazyload\" src=\"data:image\/svg+xml;base64,PHN2ZyB3aWR0aD0iMSIgaGVpZ2h0PSIxIiB4bWxucz0iaHR0cDovL3d3dy53My5vcmcvMjAwMC9zdmciPjwvc3ZnPg==\" style=\"--smush-placeholder-width: 16px; --smush-placeholder-aspect-ratio: 16\/16;\" \/>&nbsp;Cargando ...<\/div>\n\n","protected":false},"excerpt":{"rendered":"<p>Este lunes se ha firmado con solemnidad un acuerdo por parte de la Generalitat, el Ayuntamiento de Barcelona, \u200b\u200bel Consorcio Hospital Cl\u00ednic, la Universidad de Barcelona, \u200b\u200bla Diputaci\u00f3n y los ayuntamientos de Hospitalet de Llobregat y Esplugues de Llobregat para\u00a0construir un nuevo Hospital Cl\u00ednic, un campus de salud, en los terrenos deportivos que tiene la Universidad de Barcelona en la Diagonal. Las declaraciones de los protagonistas ante esa firma han sido superlativas. Sin embargo, lo que no se ha planteado en ning\u00fan momento son las\u00a0consecuencias negativas de la elecci\u00f3n hecha\u00a0y c\u00f3mo puede contribuir decisivamente a acentuar el proceso de\u00a0degradaci\u00f3n del Eixample Izquierdo de la ciudad. Que el Cl\u00ednic necesita ampliarse substancialmente est\u00e1 fuera de toda discusi\u00f3n. Que la elecci\u00f3n elegida sea la adecuada deber\u00eda haber sido objeto de estudios que son inexistentes. El Eixample, especialmente la banda izquierda, pero en realidad todo \u00e9l, est\u00e1 tocado despu\u00e9s del experimento Colau con la movilidad. Las condiciones necesarias como \u00e1rea central, como Central Business District, est\u00e1n muy mermadas y, por tanto, este tipo de actividades centrales se est\u00e1n desplazando a la periferia. Y el Eixample, hasta donde llega el fen\u00f3meno, va quedando\u00a0en manos del monopolio tur\u00edstico y sus derivadas. Florecen los bares, restaurantes, hoteles, pisos tur\u00edsticos. Abunda el trabajo de baja productividad que acent\u00faa un problema de Barcelona constituida en el principal\u00a0foco de atenci\u00f3n de inmigraci\u00f3n\u00a0de Espa\u00f1a. La cifra del 30% de residentes en la ciudad de origen inmigratorio est\u00e1 al caer. Este flujo impacta sobre la vivienda sobre todo por las rentas bajas, porque los reci\u00e9n llegados est\u00e1n dispuestos a sacrificarse m\u00e1s para pagar un piso en la capital. La suma de turismo de ocupaci\u00f3n, pisos tur\u00edsticos y crisis del comercio del barrio por la pandemia tiene unas consecuencias demoledoras para nuestro Eixample, que no son tomadas en consideraci\u00f3n por el gobierno municipal, que vive de la vieja lecci\u00f3n de los Hereu y Clos de convertir la ciudad en un escenario en el que se representan espect\u00e1culos a base del\u00a0city marketing. En este marco es donde se inserta la cuesti\u00f3n del traslado del Hospital Cl\u00ednic. En la izquierda del Eixample ya hay dos agujeros negros de gran magnitud. Uno es la Escuela Industrial y el otro es la Modelo. Dos grandes espacios sin pr\u00e1cticamente ninguna actividad significativa. Con escasa distancia se a\u00f1adir\u00eda un tercero, el agujero del Cl\u00ednic. Balcells, el responsable del Consorcio, ha afirmado que \u00abse mantendr\u00e1 parte de la labor de los equipos asistenciales\u00bb. Pero esto no resuelve el problema del nuevo agujero negro, porque\u00a0la inmensa mayor\u00eda de actividades se marchar\u00e1n. Y lo que va a quedar ser\u00e1 muy poco. Todos los grandes servicios y equipamientos saldr\u00e1n. Y \u00e9ste es el problema, porque recordemos que la vitalidad de las \u00e1reas urbanas se apoya en centros de econom\u00eda exportadora, en el sentido de que la actividad que all\u00ed se desarrolla atrae a personas y productos de un radio mucho mayor que el del barrio e incluso de la ciudad. Y esto es lo que se perder\u00e1. No es exactamente lo mismo, pero el Ayuntamiento de Barcelona deber\u00eda ser mucho m\u00e1s prudente y recordar las terribles consecuencias por imprevisi\u00f3n que supuso para el barrio de la Rivera el traslado del Born a la Zona Franca. Y que no se recuper\u00f3 hasta d\u00e9cadas despu\u00e9s y a\u00fan a expensas de entregar ese territorio al monocultivo tur\u00edstico. Y por si fuera poco,\u00a0se liquida la \u00fanica \u00e1rea deportiva universitaria digna de ese nombre. Pensar\u00e1n que es un tema menor, pero no es as\u00ed. La flaqueza de nuestro deporte escolar culmina con la pr\u00e1ctica inexistencia de un deporte universitario digno de ese nombre. Ahora esa carencia quedar\u00e1 multiplicada. Es escandaloso que el rector de la UB asuma esta liquidaci\u00f3n sin poner sobre la mesa una alternativa adecuada. Todo ello son demasiadas contraindicaciones que se\u00f1alan, una vez m\u00e1s, el gran vicio de nuestros pol\u00edticos y m\u00e1s all\u00e1 de ellos, de nuestras peque\u00f1as \u00e9lites de querer alcanzar notoriedad a base de proyectos espectaculares, en lugar de sencillamente realizar el trabajo bien hecho en beneficio de la ciudad y de sus habitantes.<\/p>\n","protected":false},"author":81,"featured_media":74537,"comment_status":"open","ping_status":"open","sticky":false,"template":"","format":"standard","meta":{"_FSMCFIC_featured_image_caption":"","_FSMCFIC_featured_image_nocaption":"","_FSMCFIC_featured_image_hide":"","footnotes":""},"categories":[3787,806],"tags":[4202,4806],"class_list":["post-74540","post","type-post","status-publish","format-standard","has-post-thumbnail","hentry","category-expedient-barcelona-es","category-punts-claus-del-dia-es","tag-urbanisme-tactic-es","tag-urbanismo-tactico"],"yoast_head":"<!-- This site is optimized with the Yoast SEO plugin v26.8 - https:\/\/yoast.com\/product\/yoast-seo-wordpress\/ -->\n<title>\u00bfSe convertir\u00e1 el Hospital Cl\u00ednic de Barcelona en un agujero negro? - Converses a Catalunya<\/title>\n<meta name=\"description\" content=\"El Ayuntamiento de Barcelona deber\u00eda ser mucho m\u00e1s prudente y recordar las terribles consecuencias por imprevisi\u00f3n que supuso para el barrio de la Rivera el traslado del Born a la Zona Franca\" \/>\n<meta name=\"robots\" content=\"index, follow, max-snippet:-1, max-image-preview:large, max-video-preview:-1\" \/>\n<link rel=\"canonical\" href=\"https:\/\/conversesacatalunya.cat\/es\/trasllado-del-hospital-cllinic\/\" \/>\n<meta property=\"og:locale\" content=\"es_ES\" \/>\n<meta property=\"og:type\" content=\"article\" \/>\n<meta property=\"og:title\" content=\"\u00bfSe convertir\u00e1 el Hospital Cl\u00ednic de Barcelona en un agujero negro? - Converses a Catalunya\" \/>\n<meta property=\"og:description\" content=\"El Ayuntamiento de Barcelona deber\u00eda ser mucho m\u00e1s prudente y recordar las terribles consecuencias por imprevisi\u00f3n que supuso para el barrio de la Rivera el traslado del Born a la Zona Franca\" \/>\n<meta property=\"og:url\" content=\"https:\/\/conversesacatalunya.cat\/es\/trasllado-del-hospital-cllinic\/\" \/>\n<meta property=\"og:site_name\" content=\"Converses a Catalunya\" \/>\n<meta property=\"article:published_time\" content=\"2024-01-30T11:30:15+00:00\" \/>\n<meta property=\"article:modified_time\" content=\"2024-01-30T12:10:10+00:00\" \/>\n<meta property=\"og:image\" content=\"https:\/\/conversesacatalunya.cat\/wp-content\/uploads\/2024\/01\/Clinic-728-1.jpg\" \/>\n\t<meta property=\"og:image:width\" content=\"728\" \/>\n\t<meta property=\"og:image:height\" content=\"350\" \/>\n\t<meta property=\"og:image:type\" content=\"image\/jpeg\" \/>\n<meta name=\"author\" content=\"Emili Clos\" \/>\n<meta name=\"twitter:card\" content=\"summary_large_image\" \/>\n<meta name=\"twitter:label1\" content=\"Escrito por\" \/>\n\t<meta name=\"twitter:data1\" content=\"Emili Clos\" \/>\n\t<meta name=\"twitter:label2\" content=\"Tiempo de lectura\" \/>\n\t<meta name=\"twitter:data2\" content=\"4 minutos\" \/>\n<script type=\"application\/ld+json\" class=\"yoast-schema-graph\">{\"@context\":\"https:\/\/schema.org\",\"@graph\":[{\"@type\":\"Article\",\"@id\":\"https:\/\/conversesacatalunya.cat\/es\/trasllado-del-hospital-cllinic\/#article\",\"isPartOf\":{\"@id\":\"https:\/\/conversesacatalunya.cat\/es\/trasllado-del-hospital-cllinic\/\"},\"author\":{\"name\":\"Emili Clos\",\"@id\":\"https:\/\/conversesacatalunya.cat\/#\/schema\/person\/46306de4129bccb959ed5e1720c4e3e7\"},\"headline\":\"\u00bfSe convertir\u00e1 el Hospital Cl\u00ednic de Barcelona en un agujero negro?\",\"datePublished\":\"2024-01-30T11:30:15+00:00\",\"dateModified\":\"2024-01-30T12:10:10+00:00\",\"mainEntityOfPage\":{\"@id\":\"https:\/\/conversesacatalunya.cat\/es\/trasllado-del-hospital-cllinic\/\"},\"wordCount\":749,\"commentCount\":0,\"image\":{\"@id\":\"https:\/\/conversesacatalunya.cat\/es\/trasllado-del-hospital-cllinic\/#primaryimage\"},\"thumbnailUrl\":\"https:\/\/conversesacatalunya.cat\/wp-content\/uploads\/2024\/01\/Clinic-728-1.jpg\",\"keywords\":[\"urbanisme t\u00e0ctic\",\"urbanismo t\u00e1ctico\"],\"articleSection\":[\"Expedient Barcelona (ES)\",\"Punts clau del dia (ES)\"],\"inLanguage\":\"es\",\"potentialAction\":[{\"@type\":\"CommentAction\",\"name\":\"Comment\",\"target\":[\"https:\/\/conversesacatalunya.cat\/es\/trasllado-del-hospital-cllinic\/#respond\"]}]},{\"@type\":\"WebPage\",\"@id\":\"https:\/\/conversesacatalunya.cat\/es\/trasllado-del-hospital-cllinic\/\",\"url\":\"https:\/\/conversesacatalunya.cat\/es\/trasllado-del-hospital-cllinic\/\",\"name\":\"\u00bfSe convertir\u00e1 el Hospital Cl\u00ednic de Barcelona en un agujero negro? - Converses a Catalunya\",\"isPartOf\":{\"@id\":\"https:\/\/conversesacatalunya.cat\/#website\"},\"primaryImageOfPage\":{\"@id\":\"https:\/\/conversesacatalunya.cat\/es\/trasllado-del-hospital-cllinic\/#primaryimage\"},\"image\":{\"@id\":\"https:\/\/conversesacatalunya.cat\/es\/trasllado-del-hospital-cllinic\/#primaryimage\"},\"thumbnailUrl\":\"https:\/\/conversesacatalunya.cat\/wp-content\/uploads\/2024\/01\/Clinic-728-1.jpg\",\"datePublished\":\"2024-01-30T11:30:15+00:00\",\"dateModified\":\"2024-01-30T12:10:10+00:00\",\"author\":{\"@id\":\"https:\/\/conversesacatalunya.cat\/#\/schema\/person\/46306de4129bccb959ed5e1720c4e3e7\"},\"description\":\"El Ayuntamiento de Barcelona deber\u00eda ser mucho m\u00e1s prudente y recordar las terribles consecuencias por imprevisi\u00f3n que supuso para el barrio de la Rivera el traslado del Born a la Zona Franca\",\"breadcrumb\":{\"@id\":\"https:\/\/conversesacatalunya.cat\/es\/trasllado-del-hospital-cllinic\/#breadcrumb\"},\"inLanguage\":\"es\",\"potentialAction\":[{\"@type\":\"ReadAction\",\"target\":[\"https:\/\/conversesacatalunya.cat\/es\/trasllado-del-hospital-cllinic\/\"]}]},{\"@type\":\"ImageObject\",\"inLanguage\":\"es\",\"@id\":\"https:\/\/conversesacatalunya.cat\/es\/trasllado-del-hospital-cllinic\/#primaryimage\",\"url\":\"https:\/\/conversesacatalunya.cat\/wp-content\/uploads\/2024\/01\/Clinic-728-1.jpg\",\"contentUrl\":\"https:\/\/conversesacatalunya.cat\/wp-content\/uploads\/2024\/01\/Clinic-728-1.jpg\",\"width\":728,\"height\":350,\"caption\":\"trasllat de l'hospital cl\u00ednic\"},{\"@type\":\"BreadcrumbList\",\"@id\":\"https:\/\/conversesacatalunya.cat\/es\/trasllado-del-hospital-cllinic\/#breadcrumb\",\"itemListElement\":[{\"@type\":\"ListItem\",\"position\":1,\"name\":\"Inici\",\"item\":\"https:\/\/conversesacatalunya.cat\/es\/\"},{\"@type\":\"ListItem\",\"position\":2,\"name\":\"\u00bfSe convertir\u00e1 el Hospital Cl\u00ednic de Barcelona en un agujero negro?\"}]},{\"@type\":\"WebSite\",\"@id\":\"https:\/\/conversesacatalunya.cat\/#website\",\"url\":\"https:\/\/conversesacatalunya.cat\/\",\"name\":\"Converses a Catalunya\",\"description\":\"\",\"potentialAction\":[{\"@type\":\"SearchAction\",\"target\":{\"@type\":\"EntryPoint\",\"urlTemplate\":\"https:\/\/conversesacatalunya.cat\/?s={search_term_string}\"},\"query-input\":{\"@type\":\"PropertyValueSpecification\",\"valueRequired\":true,\"valueName\":\"search_term_string\"}}],\"inLanguage\":\"es\"},{\"@type\":\"Person\",\"@id\":\"https:\/\/conversesacatalunya.cat\/#\/schema\/person\/46306de4129bccb959ed5e1720c4e3e7\",\"name\":\"Emili Clos\",\"image\":{\"@type\":\"ImageObject\",\"inLanguage\":\"es\",\"@id\":\"https:\/\/conversesacatalunya.cat\/#\/schema\/person\/image\/\",\"url\":\"https:\/\/conversesacatalunya.cat\/wp-content\/litespeed\/avatar\/a9a662bd802eed79498de818aef91cc9.jpg?ver=1777096184\",\"contentUrl\":\"https:\/\/conversesacatalunya.cat\/wp-content\/litespeed\/avatar\/a9a662bd802eed79498de818aef91cc9.jpg?ver=1777096184\",\"caption\":\"Emili Clos\"},\"url\":\"https:\/\/conversesacatalunya.cat\/es\/author\/emili_clos\/\"}]}<\/script>\n<!-- \/ Yoast SEO plugin. -->","yoast_head_json":{"title":"\u00bfSe convertir\u00e1 el Hospital Cl\u00ednic de Barcelona en un agujero negro? - Converses a Catalunya","description":"El Ayuntamiento de Barcelona deber\u00eda ser mucho m\u00e1s prudente y recordar las terribles consecuencias por imprevisi\u00f3n que supuso para el barrio de la Rivera el traslado del Born a la Zona Franca","robots":{"index":"index","follow":"follow","max-snippet":"max-snippet:-1","max-image-preview":"max-image-preview:large","max-video-preview":"max-video-preview:-1"},"canonical":"https:\/\/conversesacatalunya.cat\/es\/trasllado-del-hospital-cllinic\/","og_locale":"es_ES","og_type":"article","og_title":"\u00bfSe convertir\u00e1 el Hospital Cl\u00ednic de Barcelona en un agujero negro? - Converses a Catalunya","og_description":"El Ayuntamiento de Barcelona deber\u00eda ser mucho m\u00e1s prudente y recordar las terribles consecuencias por imprevisi\u00f3n que supuso para el barrio de la Rivera el traslado del Born a la Zona Franca","og_url":"https:\/\/conversesacatalunya.cat\/es\/trasllado-del-hospital-cllinic\/","og_site_name":"Converses a Catalunya","article_published_time":"2024-01-30T11:30:15+00:00","article_modified_time":"2024-01-30T12:10:10+00:00","og_image":[{"width":728,"height":350,"url":"https:\/\/conversesacatalunya.cat\/wp-content\/uploads\/2024\/01\/Clinic-728-1.jpg","type":"image\/jpeg"}],"author":"Emili Clos","twitter_card":"summary_large_image","twitter_misc":{"Escrito por":"Emili Clos","Tiempo de lectura":"4 minutos"},"schema":{"@context":"https:\/\/schema.org","@graph":[{"@type":"Article","@id":"https:\/\/conversesacatalunya.cat\/es\/trasllado-del-hospital-cllinic\/#article","isPartOf":{"@id":"https:\/\/conversesacatalunya.cat\/es\/trasllado-del-hospital-cllinic\/"},"author":{"name":"Emili Clos","@id":"https:\/\/conversesacatalunya.cat\/#\/schema\/person\/46306de4129bccb959ed5e1720c4e3e7"},"headline":"\u00bfSe convertir\u00e1 el Hospital Cl\u00ednic de Barcelona en un agujero negro?","datePublished":"2024-01-30T11:30:15+00:00","dateModified":"2024-01-30T12:10:10+00:00","mainEntityOfPage":{"@id":"https:\/\/conversesacatalunya.cat\/es\/trasllado-del-hospital-cllinic\/"},"wordCount":749,"commentCount":0,"image":{"@id":"https:\/\/conversesacatalunya.cat\/es\/trasllado-del-hospital-cllinic\/#primaryimage"},"thumbnailUrl":"https:\/\/conversesacatalunya.cat\/wp-content\/uploads\/2024\/01\/Clinic-728-1.jpg","keywords":["urbanisme t\u00e0ctic","urbanismo t\u00e1ctico"],"articleSection":["Expedient Barcelona (ES)","Punts clau del dia (ES)"],"inLanguage":"es","potentialAction":[{"@type":"CommentAction","name":"Comment","target":["https:\/\/conversesacatalunya.cat\/es\/trasllado-del-hospital-cllinic\/#respond"]}]},{"@type":"WebPage","@id":"https:\/\/conversesacatalunya.cat\/es\/trasllado-del-hospital-cllinic\/","url":"https:\/\/conversesacatalunya.cat\/es\/trasllado-del-hospital-cllinic\/","name":"\u00bfSe convertir\u00e1 el Hospital Cl\u00ednic de Barcelona en un agujero negro? - Converses a Catalunya","isPartOf":{"@id":"https:\/\/conversesacatalunya.cat\/#website"},"primaryImageOfPage":{"@id":"https:\/\/conversesacatalunya.cat\/es\/trasllado-del-hospital-cllinic\/#primaryimage"},"image":{"@id":"https:\/\/conversesacatalunya.cat\/es\/trasllado-del-hospital-cllinic\/#primaryimage"},"thumbnailUrl":"https:\/\/conversesacatalunya.cat\/wp-content\/uploads\/2024\/01\/Clinic-728-1.jpg","datePublished":"2024-01-30T11:30:15+00:00","dateModified":"2024-01-30T12:10:10+00:00","author":{"@id":"https:\/\/conversesacatalunya.cat\/#\/schema\/person\/46306de4129bccb959ed5e1720c4e3e7"},"description":"El Ayuntamiento de Barcelona deber\u00eda ser mucho m\u00e1s prudente y recordar las terribles consecuencias por imprevisi\u00f3n que supuso para el barrio de la Rivera el traslado del Born a la Zona Franca","breadcrumb":{"@id":"https:\/\/conversesacatalunya.cat\/es\/trasllado-del-hospital-cllinic\/#breadcrumb"},"inLanguage":"es","potentialAction":[{"@type":"ReadAction","target":["https:\/\/conversesacatalunya.cat\/es\/trasllado-del-hospital-cllinic\/"]}]},{"@type":"ImageObject","inLanguage":"es","@id":"https:\/\/conversesacatalunya.cat\/es\/trasllado-del-hospital-cllinic\/#primaryimage","url":"https:\/\/conversesacatalunya.cat\/wp-content\/uploads\/2024\/01\/Clinic-728-1.jpg","contentUrl":"https:\/\/conversesacatalunya.cat\/wp-content\/uploads\/2024\/01\/Clinic-728-1.jpg","width":728,"height":350,"caption":"trasllat de l'hospital cl\u00ednic"},{"@type":"BreadcrumbList","@id":"https:\/\/conversesacatalunya.cat\/es\/trasllado-del-hospital-cllinic\/#breadcrumb","itemListElement":[{"@type":"ListItem","position":1,"name":"Inici","item":"https:\/\/conversesacatalunya.cat\/es\/"},{"@type":"ListItem","position":2,"name":"\u00bfSe convertir\u00e1 el Hospital Cl\u00ednic de Barcelona en un agujero negro?"}]},{"@type":"WebSite","@id":"https:\/\/conversesacatalunya.cat\/#website","url":"https:\/\/conversesacatalunya.cat\/","name":"Converses a Catalunya","description":"","potentialAction":[{"@type":"SearchAction","target":{"@type":"EntryPoint","urlTemplate":"https:\/\/conversesacatalunya.cat\/?s={search_term_string}"},"query-input":{"@type":"PropertyValueSpecification","valueRequired":true,"valueName":"search_term_string"}}],"inLanguage":"es"},{"@type":"Person","@id":"https:\/\/conversesacatalunya.cat\/#\/schema\/person\/46306de4129bccb959ed5e1720c4e3e7","name":"Emili Clos","image":{"@type":"ImageObject","inLanguage":"es","@id":"https:\/\/conversesacatalunya.cat\/#\/schema\/person\/image\/","url":"https:\/\/conversesacatalunya.cat\/wp-content\/litespeed\/avatar\/a9a662bd802eed79498de818aef91cc9.jpg?ver=1777096184","contentUrl":"https:\/\/conversesacatalunya.cat\/wp-content\/litespeed\/avatar\/a9a662bd802eed79498de818aef91cc9.jpg?ver=1777096184","caption":"Emili Clos"},"url":"https:\/\/conversesacatalunya.cat\/es\/author\/emili_clos\/"}]}},"wps_subtitle":"El Ayuntamiento de Barcelona deber\u00eda ser mucho m\u00e1s prudente y recordar las terribles consecuencias por imprevisi\u00f3n que supuso para el barrio de la Rivera el traslado del Born a la Zona Franca","_links":{"self":[{"href":"https:\/\/conversesacatalunya.cat\/es\/wp-json\/wp\/v2\/posts\/74540","targetHints":{"allow":["GET"]}}],"collection":[{"href":"https:\/\/conversesacatalunya.cat\/es\/wp-json\/wp\/v2\/posts"}],"about":[{"href":"https:\/\/conversesacatalunya.cat\/es\/wp-json\/wp\/v2\/types\/post"}],"author":[{"embeddable":true,"href":"https:\/\/conversesacatalunya.cat\/es\/wp-json\/wp\/v2\/users\/81"}],"replies":[{"embeddable":true,"href":"https:\/\/conversesacatalunya.cat\/es\/wp-json\/wp\/v2\/comments?post=74540"}],"version-history":[{"count":2,"href":"https:\/\/conversesacatalunya.cat\/es\/wp-json\/wp\/v2\/posts\/74540\/revisions"}],"predecessor-version":[{"id":74542,"href":"https:\/\/conversesacatalunya.cat\/es\/wp-json\/wp\/v2\/posts\/74540\/revisions\/74542"}],"wp:featuredmedia":[{"embeddable":true,"href":"https:\/\/conversesacatalunya.cat\/es\/wp-json\/wp\/v2\/media\/74537"}],"wp:attachment":[{"href":"https:\/\/conversesacatalunya.cat\/es\/wp-json\/wp\/v2\/media?parent=74540"}],"wp:term":[{"taxonomy":"category","embeddable":true,"href":"https:\/\/conversesacatalunya.cat\/es\/wp-json\/wp\/v2\/categories?post=74540"},{"taxonomy":"post_tag","embeddable":true,"href":"https:\/\/conversesacatalunya.cat\/es\/wp-json\/wp\/v2\/tags?post=74540"}],"curies":[{"name":"wp","href":"https:\/\/api.w.org\/{rel}","templated":true}]}}