{"id":74508,"date":"2024-01-29T13:32:40","date_gmt":"2024-01-29T12:32:40","guid":{"rendered":"https:\/\/conversesacatalunya.cat\/la-terrible-llei-trans-de-catalunya\/"},"modified":"2024-01-29T15:18:14","modified_gmt":"2024-01-29T14:18:14","slug":"la-terrible-ley-trans-de-cataluna","status":"publish","type":"post","link":"https:\/\/conversesacatalunya.cat\/es\/la-terrible-ley-trans-de-cataluna\/","title":{"rendered":"Por qu\u00e9 son necesarias unas elecciones anticipadas: la terrible ley trans de Catalu\u00f1a"},"content":{"rendered":"<p><span>Es una evidencia de que la\u00a0<\/span><a href=\"https:\/\/www.forumlibertas.com\/cataluna-ultima-la-ley-trans-una-propuesta-cargada-de-diversidad-de-disparates\/\" target=\"_blank\" rel=\"noopener\"><span>legislaci\u00f3n sobre transexualidad<\/span><\/a><span>\u00a0est\u00e1 creando problemas en todas partes.\u00a0Es ya famoso el caso del atleta trans\u00a0<\/span><a href=\"https:\/\/reduxx.info\/hombre-que-se-dice-trans-gana-los-1-500-metros-femeninos-en-pista-cubierta\/\" target=\"_blank\" rel=\"noopener\"><span>Tiffany Newell,<\/span><\/a><span>\u00a0que gan\u00f3 la carrera de 1.500 metros para mujeres de 50 a 54 a\u00f1os, siendo un atleta masculino.\u00a0Los casos se han multiplicado y una de las sorpresas poco publicadas, porque no interesa al poder, es que\u00a0<\/span><strong><span>la mayor\u00eda de los cambios de sexo realizados en el registro Civil son hombres que quieren mantener su nombre<\/span><\/strong><span> como tal en el DNI, hecho que da pie a todo tipo de especulaciones.<\/span><\/p>\n<p><span>De la ley espa\u00f1ola se han criticado muchas cosas, como el cambio de sexo sin informe m\u00e9dico ni tratamiento hormonal y sobre todo la forma en que regula este aspecto en\u00a0<\/span><a href=\"https:\/\/conversesacatalunya.cat\/es\/las-malas-leyes-la-ley-trans\/\" target=\"_blank\" rel=\"noopener\"><span>los menores de edad<\/span><\/a><span>.\u00a0La ley espa\u00f1ola permite participar a los trans en funci\u00f3n de su sexo legal en pruebas deportivas sin ning\u00fan tipo de verificaci\u00f3n de cu\u00e1l es su sexo real, porque es sabido que un factor decisivo es la mayor cantidad de la hormona masculina, <\/span><strong><span>la testosterona<\/span><\/strong><span>, que ofrece a los hombres claras ventajas competitivas en el deporte.<\/span><\/p>\n<p><span>El \u00faltimo asunto que se ha producido en Catalu\u00f1a es la victoria en una carrera femenina de monta\u00f1a, la\u00a0<\/span><strong><span>Cronoescalada en el Santuario de Bellmunt de Sant <\/span><\/strong><strong><span>Pere de Torell\u00f3<\/span><\/strong><span>\u00a0que gan\u00f3 una pretendida mujer\u00a0<\/span><em><span>trans<\/span><\/em><span>,\u00a0<\/span><strong><span>Quima D.<\/span><\/strong><span>\u00a0, a pesar de que su ficha en la federaci\u00f3n y como corredor en la International\u00a0<\/span><em><span>Trail Running Association<\/span><\/em><span>\u00a0(ITRA)\u00a0<\/span><strong><span>estaba a nombre de Quim<\/span><\/strong><span>\u00a0porque es un hombre.\u00a0Gan\u00f3 a todas las dem\u00e1s candidatas incluso a la vencedora de las dos ediciones anteriores y el esc\u00e1ndalo se mont\u00f3 cuando quer\u00eda que le dieran el premio y los organizadores no lo ve\u00edan nada claro que fuera as\u00ed y legalmente ten\u00edan raz\u00f3n porque estaba inscrita como hombre.\u00a0Es uno de tantos casos.<\/span><\/p>\n<p><span>Pero la cuesti\u00f3n no se circunscribe s\u00f3lo al deporte, sino que tiene otras muchas dimensiones que ahora la\u00a0<\/span><strong><span>ley catalana multiplica<\/span><\/strong><span>.<\/span><\/p>\n<p><span>Se trata de un texto literalmente monstruoso lleno de ideolog\u00eda irracional.<\/span><\/p>\n<h3><span>Constat\u00e9moslo:<\/span><\/h3>\n<p><span>En el art\u00edculo 1:\u00a0\u00a0<\/span><em><span>\u201cLa Identidad de g\u00e9nero\u00a0<\/span><\/em><em><span>: G\u00e9nero auto percibido con el que las personas se identifican y, por tanto, desean ser tratadas socialmente.\u00a0En\u00a0<\/span><strong><span>algunas personas la identidad de g\u00e9nero se corresponde con el sexo biol\u00f3gico<\/span><\/strong><span>,\u00a0<\/span><strong><span>pero en otras\u00a0<\/span><\/strong><strong><span>no<\/span><\/strong><span>\u00a0.\u00a0<\/span><\/em><span>\u201d Observen la mala intenci\u00f3n del texto legal.\u00a0<\/span><strong><span>S\u00f3lo en algunas personas,<\/span><\/strong><span>\u00a0la identidad de g\u00e9nero se corresponde con el sexo.\u00a0Es, evidentemente, una falacia porque \u00e9sta es la situaci\u00f3n de la inmensa mayor\u00eda de personas.\u00a0A partir de esa premisa lo que quieran.<\/span><\/p>\n<p><span>Para terminar de redondearlo, afirma;\u00a0\u00ab<\/span><em><span>la identidad de g\u00e9nero es independiente del sexo, del sexo asignado,\u00a0<\/span><strong><span>de la expresi\u00f3n de g\u00e9nero y de la orientaci\u00f3n afectiva sexual<\/span><\/strong><\/em><strong><span>\u00a0\u00ab<\/span><\/strong><span>\u00a0.\u00a0Como la ley precisa el \u201c<\/span><strong><span>G\u00e9nero asignado al nacer: Pr\u00e1ctica cissexista<\/span><\/strong><span>\u00a0que consiste en asignar a una persona al nacer una categor\u00eda de g\u00e9nero en funci\u00f3n de su sexo biol\u00f3gico\u201d.\u00a0Usted, yo, los m\u00e9dicos,\u00a0<\/span><em><span>tutti quanti<\/span><\/em><span>\u00a0somos algo malo, sexistas, porque al beb\u00e9 de pocos d\u00edas le dices \u201cqu\u00e9 ni\u00f1a m\u00e1s bonita\u201d.\u00a0\u00a1Pues no!\u00a0\u00a1Sexista!<\/span><\/p>\n<p><span>Constatad el magn\u00edfico l\u00edo que genera en nuestra sociedad la identidad de g\u00e9nero, no s\u00f3lo nada tiene que ver con el sexo, tampoco con eso que dicen la expresi\u00f3n de g\u00e9nero, ni siquiera con la orientaci\u00f3n afectivo-sexual, est\u00e1 en decir la preferencia, y cada cosa puede ir por su parte. <span class=\"\">Pueden realizar combinaciones de estas variables y ver\u00e1n la cantidad de seres humanos a los que pueden dar pie.<\/span><\/span><\/p>\n<p><span>\u00ab<\/span><strong><em><span>La Expresi\u00f3n de g\u00e9nero es la manera en que una persona se manifiesta exteriormente<\/span><\/em><\/strong><em><span>\u00a0con elementos que tienen que ver con el g\u00e9nero, sea a trav\u00e9s de la ropa o de la apariencia en general, del comportamiento, las afinidades, etc.<\/span><\/em><span>\u00a0\u00bb\u00a0De este modo se introducen en la ley los travestis porque ser\u00edan hombres a los que les gusta de vez en cuando vestirse de mujer.\u00a0Y seg\u00fan el gobierno catal\u00e1n esto ya es una identidad sexual portadora de derechos exactamente igual al hecho de ser hombre o mujer;\u00a0mejor dicho, que tienen derechos superiores que ni los hombres ni las mujeres disponen.\u00a0Este punto queda asentado cuando m\u00e1s adelante la ley proclama que son sujetos de las mismas \u201c<em>T<\/em><\/span><em><span>ransg\u00e9nero, transexuales, ag\u00e9neros, no-binarias, fluidas,\u00a0<\/span><strong><span>travestidas<\/span><\/strong><span>\u201d.<\/span><\/em><\/p>\n<p><span>El punto c de ese mismo art\u00edculo 3 expresa otra aberraci\u00f3n ideol\u00f3gica.\u00a0Dice \u201c<\/span><em><span>T\u00e9rmino utilizado para referirse de manera inclusiva\u00a0<\/span><strong><span>a todas las personas<\/span><\/strong><span>\u00a0que viven en una identidad de g\u00e9nero que difiere de\u00a0<\/span><strong><span>la asignada al nacer en funci\u00f3n de su sexo biol\u00f3gico<\/span><\/strong><\/em><strong><span>\u201d<\/span><\/strong><span>\u00a0.\u00a0Lo que nos dice la ley, que forma parte de la doctrina\u00a0<\/span><em><span>queer<\/span><\/em><span>, es que cuando nacemos no somos ni\u00f1os o ni\u00f1as, sino que los padres, la sociedad, los m\u00e9dicos, que son unos sexistas, nos asignan un g\u00e9nero.\u00a0Por ejemplo,\u00a0<\/span><strong><span>si tiene pene es un ni\u00f1o<\/span><\/strong><span> y le llama Juan, y eso, obviamente, la ley no puede tolerarlo de ninguna de las maneras porque el sexo no es como hecho biol\u00f3gico y, por tanto, objetivo, sino que resulta del que se quiera.<\/span><\/p>\n<p><span>Para hacerlo m\u00e1s bonito y complejo, introduce la figura en el apartado de \u201c<\/span><em><span>Persona no binaria: Persona con una identidad de g\u00e9nero que no\u00a0<\/span><strong><span>coincide con los conceptos de hombre y mujer\u201d<\/span><\/strong><span>\u00a0.\u00a0Las identidades no-binarias son muy diversas, haciendo que las personas\u00a0<\/span><strong><span>se puedan identificar con un tercer g\u00e9nero, m\u00e1s de un g\u00e9nero a la vez,<\/span><\/strong><span>\u00a0con ning\u00fan g\u00e9nero o\u00a0<\/span><strong><span>tener una identidad que var\u00eda en el tiempo<\/span><\/strong><\/em><strong><span>\u00a0\u201d.\u00a0<\/span><\/strong><span>Constatamos primero que las identidades no binarias son \u00abmuy diferentes\u00bb.\u00a0En este terreno la ley es de una precisi\u00f3n que hace llorar y proclama que puede no tener ning\u00fan g\u00e9nero, algo que no le vamos a discutir, le estamos discutiendo\u00a0<\/span><strong><span>la identidad biol\u00f3gica del sexo<\/span><\/strong><span>.\u00a0Tambi\u00e9n establece esto de tener una identidad que var\u00eda en el tiempo (o sea que uno puede ser un hombre por la ma\u00f1ana del lunes y una mujer el s\u00e1bado por la tarde).\u00a0Es evidente que todo esto trasplantado al funcionamiento de la sociedad da sencillamente lugar a un\u00a0<\/span><strong><span>colectivo social esquizofr\u00e9nico<\/span><\/strong><span>.<\/span><\/p>\n<p><span>M\u00e1s grave es el apartado e \u201c<\/span><em><span>Persona Intersexuales o con diversidad del desarrollo sexual: Persona que por sus caracteres sexuales no se puede identificar claramente, de acuerdo con el modelo biol\u00f3gico, como macho ni hembra, ya que presenta caracter\u00edsticas intermedias entre los dos sexos<\/span><\/em><span>\u00a0.\u201d\u00a0Es lo que antes se calificaba de\u00a0<\/span><strong><span>hermafroditismo<\/span><\/strong><span>\u00a0y ahora recibe el nombre\u00a0<\/span><strong><span>de intersexualista<\/span><\/strong><span>\u00a0y atenci\u00f3n porque esta condici\u00f3n responde a una\u00a0<\/span><strong><span>definici\u00f3n m\u00e9dica<\/span><\/strong><span>\u00a0que\u00a0<\/span><strong><span>forma parte de los trastornos del desarrollo sexual<\/span><\/strong><span>.\u00a0Es el grupo de afecciones en las que existe una discrepancia entre los genitales internos y externos (test\u00edculos y ovarios).\u00a0Las causas se pueden dividir en 4 categor\u00edas: Intersexualidad 46, XX, Intersexualidad 46, XY, Intersexualidad gonadal verdadera<\/span><strong><span>,<\/span><\/strong><span>\u00a0Intersexualidad compleja o indeterminada.\u00a0Algunos de los m\u00faltiples s\u00edntomas asociados a la intersexualidad depender\u00e1n de la causa subyacente.\u00a0Pueden incluir: Genitales ambiguos al nacer, Micropene, Fusi\u00f3n parcial de los labios, Test\u00edculos aparentemente no descendidos (que pueden resultar ser ovarios) en ni\u00f1os peque\u00f1os, entre otros. En la visi\u00f3n de la ley, todos estos trastornos del desarrollo sexual se consideran nuevas identidades equivalentes a ser hombres o mujer.<\/span><\/p>\n<p><span>Y por decir una m\u00e1s, lo que el proyecto califica de\u00a0<\/span><strong><span>Discriminaci\u00f3n indirecta<\/span><\/strong><span>, un invento que tambi\u00e9n aparece en las leyes sobre la homosexualidad.\u00a0El texto dice \u00abla discriminaci\u00f3n que se produce cuando una disposici\u00f3n,\u00a0<\/span><strong><span>un criterio o una pr\u00e1ctica pretendidamente neutras son\u00a0<\/span><\/strong><strong><span>susceptibles de causar un perjuicio mayor a una persona por motivos\u00a0<\/span><\/strong><strong><span>de su identidad y expresi\u00f3n de g\u00e9nero\u00bb<\/span><\/strong><span>\u00a0.\u00a0Una norma que deja en manos de las sanciones del administrativo toda cuesti\u00f3n porque tiene un sentido tan impreciso que puede comprenderlo todo. Toda cr\u00edtica por ejemplo.\u00a0Con la ley trans en Catalu\u00f1a la libertad de expresi\u00f3n recibe un golpe monumental y sit\u00faa un precedente: la de las sanciones administrativas como v\u00eda intimidatoria. No es ninguna novedad.\u00a0Los\u00a0<\/span><strong><span>reg\u00edmenes comunistas<\/span><\/strong><span>, en su fase final la utilizaban para sacar dramatismo a <\/span><strong><span>la represi\u00f3n<\/span><\/strong><span>\u00a0.<\/span><\/p>\n","protected":false},"excerpt":{"rendered":"<p>Es una evidencia de que la\u00a0legislaci\u00f3n sobre transexualidad\u00a0est\u00e1 creando problemas en todas partes.\u00a0Es ya famoso el caso del atleta trans\u00a0Tiffany Newell,\u00a0que gan\u00f3 la carrera de 1.500 metros para mujeres de 50 a 54 a\u00f1os, siendo un atleta masculino.\u00a0Los casos se han multiplicado y una de las sorpresas poco publicadas, porque no interesa al poder, es que\u00a0la mayor\u00eda de los cambios de sexo realizados en el registro Civil son hombres que quieren mantener su nombre como tal en el DNI, hecho que da pie a todo tipo de especulaciones. De la ley espa\u00f1ola se han criticado muchas cosas, como el cambio de sexo sin informe m\u00e9dico ni tratamiento hormonal y sobre todo la forma en que regula este aspecto en\u00a0los menores de edad.\u00a0La ley espa\u00f1ola permite participar a los trans en funci\u00f3n de su sexo legal en pruebas deportivas sin ning\u00fan tipo de verificaci\u00f3n de cu\u00e1l es su sexo real, porque es sabido que un factor decisivo es la mayor cantidad de la hormona masculina, la testosterona, que ofrece a los hombres claras ventajas competitivas en el deporte. El \u00faltimo asunto que se ha producido en Catalu\u00f1a es la victoria en una carrera femenina de monta\u00f1a, la\u00a0Cronoescalada en el Santuario de Bellmunt de Sant Pere de Torell\u00f3\u00a0que gan\u00f3 una pretendida mujer\u00a0trans,\u00a0Quima D.\u00a0, a pesar de que su ficha en la federaci\u00f3n y como corredor en la International\u00a0Trail Running Association\u00a0(ITRA)\u00a0estaba a nombre de Quim\u00a0porque es un hombre.\u00a0Gan\u00f3 a todas las dem\u00e1s candidatas incluso a la vencedora de las dos ediciones anteriores y el esc\u00e1ndalo se mont\u00f3 cuando quer\u00eda que le dieran el premio y los organizadores no lo ve\u00edan nada claro que fuera as\u00ed y legalmente ten\u00edan raz\u00f3n porque estaba inscrita como hombre.\u00a0Es uno de tantos casos. Pero la cuesti\u00f3n no se circunscribe s\u00f3lo al deporte, sino que tiene otras muchas dimensiones que ahora la\u00a0ley catalana multiplica. Se trata de un texto literalmente monstruoso lleno de ideolog\u00eda irracional. Constat\u00e9moslo: En el art\u00edculo 1:\u00a0\u00a0\u201cLa Identidad de g\u00e9nero\u00a0: G\u00e9nero auto percibido con el que las personas se identifican y, por tanto, desean ser tratadas socialmente.\u00a0En\u00a0algunas personas la identidad de g\u00e9nero se corresponde con el sexo biol\u00f3gico,\u00a0pero en otras\u00a0no\u00a0.\u00a0\u201d Observen la mala intenci\u00f3n del texto legal.\u00a0S\u00f3lo en algunas personas,\u00a0la identidad de g\u00e9nero se corresponde con el sexo.\u00a0Es, evidentemente, una falacia porque \u00e9sta es la situaci\u00f3n de la inmensa mayor\u00eda de personas.\u00a0A partir de esa premisa lo que quieran. Para terminar de redondearlo, afirma;\u00a0\u00abla identidad de g\u00e9nero es independiente del sexo, del sexo asignado,\u00a0de la expresi\u00f3n de g\u00e9nero y de la orientaci\u00f3n afectiva sexual\u00a0\u00ab\u00a0.\u00a0Como la ley precisa el \u201cG\u00e9nero asignado al nacer: Pr\u00e1ctica cissexista\u00a0que consiste en asignar a una persona al nacer una categor\u00eda de g\u00e9nero en funci\u00f3n de su sexo biol\u00f3gico\u201d.\u00a0Usted, yo, los m\u00e9dicos,\u00a0tutti quanti\u00a0somos algo malo, sexistas, porque al beb\u00e9 de pocos d\u00edas le dices \u201cqu\u00e9 ni\u00f1a m\u00e1s bonita\u201d.\u00a0\u00a1Pues no!\u00a0\u00a1Sexista! Constatad el magn\u00edfico l\u00edo que genera en nuestra sociedad la identidad de g\u00e9nero, no s\u00f3lo nada tiene que ver con el sexo, tampoco con eso que dicen la expresi\u00f3n de g\u00e9nero, ni siquiera con la orientaci\u00f3n afectivo-sexual, est\u00e1 en decir la preferencia, y cada cosa puede ir por su parte. Pueden realizar combinaciones de estas variables y ver\u00e1n la cantidad de seres humanos a los que pueden dar pie. \u00abLa Expresi\u00f3n de g\u00e9nero es la manera en que una persona se manifiesta exteriormente\u00a0con elementos que tienen que ver con el g\u00e9nero, sea a trav\u00e9s de la ropa o de la apariencia en general, del comportamiento, las afinidades, etc.\u00a0\u00bb\u00a0De este modo se introducen en la ley los travestis porque ser\u00edan hombres a los que les gusta de vez en cuando vestirse de mujer.\u00a0Y seg\u00fan el gobierno catal\u00e1n esto ya es una identidad sexual portadora de derechos exactamente igual al hecho de ser hombre o mujer;\u00a0mejor dicho, que tienen derechos superiores que ni los hombres ni las mujeres disponen.\u00a0Este punto queda asentado cuando m\u00e1s adelante la ley proclama que son sujetos de las mismas \u201cTransg\u00e9nero, transexuales, ag\u00e9neros, no-binarias, fluidas,\u00a0travestidas\u201d. El punto c de ese mismo art\u00edculo 3 expresa otra aberraci\u00f3n ideol\u00f3gica.\u00a0Dice \u201cT\u00e9rmino utilizado para referirse de manera inclusiva\u00a0a todas las personas\u00a0que viven en una identidad de g\u00e9nero que difiere de\u00a0la asignada al nacer en funci\u00f3n de su sexo biol\u00f3gico\u201d\u00a0.\u00a0Lo que nos dice la ley, que forma parte de la doctrina\u00a0queer, es que cuando nacemos no somos ni\u00f1os o ni\u00f1as, sino que los padres, la sociedad, los m\u00e9dicos, que son unos sexistas, nos asignan un g\u00e9nero.\u00a0Por ejemplo,\u00a0si tiene pene es un ni\u00f1o y le llama Juan, y eso, obviamente, la ley no puede tolerarlo de ninguna de las maneras porque el sexo no es como hecho biol\u00f3gico y, por tanto, objetivo, sino que resulta del que se quiera. Para hacerlo m\u00e1s bonito y complejo, introduce la figura en el apartado de \u201cPersona no binaria: Persona con una identidad de g\u00e9nero que no\u00a0coincide con los conceptos de hombre y mujer\u201d\u00a0.\u00a0Las identidades no-binarias son muy diversas, haciendo que las personas\u00a0se puedan identificar con un tercer g\u00e9nero, m\u00e1s de un g\u00e9nero a la vez,\u00a0con ning\u00fan g\u00e9nero o\u00a0tener una identidad que var\u00eda en el tiempo\u00a0\u201d.\u00a0Constatamos primero que las identidades no binarias son \u00abmuy diferentes\u00bb.\u00a0En este terreno la ley es de una precisi\u00f3n que hace llorar y proclama que puede no tener ning\u00fan g\u00e9nero, algo que no le vamos a discutir, le estamos discutiendo\u00a0la identidad biol\u00f3gica del sexo.\u00a0Tambi\u00e9n establece esto de tener una identidad que var\u00eda en el tiempo (o sea que uno puede ser un hombre por la ma\u00f1ana del lunes y una mujer el s\u00e1bado por la tarde).\u00a0Es evidente que todo esto trasplantado al funcionamiento de la sociedad da sencillamente lugar a un\u00a0colectivo social esquizofr\u00e9nico. M\u00e1s grave es el apartado e \u201cPersona Intersexuales o con diversidad del desarrollo sexual: Persona que por sus caracteres sexuales no se puede identificar claramente, de acuerdo con el modelo biol\u00f3gico, como macho ni hembra, ya que presenta caracter\u00edsticas intermedias entre los dos sexos\u00a0.\u201d\u00a0Es lo que antes se calificaba de\u00a0hermafroditismo\u00a0y ahora recibe el nombre\u00a0de intersexualista\u00a0y atenci\u00f3n porque esta condici\u00f3n responde a una\u00a0definici\u00f3n m\u00e9dica\u00a0que\u00a0forma parte de los trastornos del desarrollo sexual.\u00a0Es el grupo de afecciones&#8230;<\/p>\n","protected":false},"author":78,"featured_media":74505,"comment_status":"open","ping_status":"open","sticky":false,"template":"","format":"standard","meta":{"_FSMCFIC_featured_image_caption":"","_FSMCFIC_featured_image_nocaption":"","_FSMCFIC_featured_image_hide":"","footnotes":""},"categories":[806],"tags":[1854,1856,3280,3277],"class_list":["post-74508","post","type-post","status-publish","format-standard","has-post-thumbnail","hentry","category-punts-claus-del-dia-es","tag-ideologia-de-genere-es","tag-ideologia-de-genero","tag-ley-transexualidad","tag-llei-transsexualitat-es"],"yoast_head":"<!-- This site is optimized with the Yoast SEO plugin v26.8 - https:\/\/yoast.com\/product\/yoast-seo-wordpress\/ -->\n<title>Por qu\u00e9 son necesarias unas elecciones anticipadas: la terrible ley trans de Catalu\u00f1a - Converses a Catalunya<\/title>\n<meta name=\"description\" content=\"Con la ley trans en Catalu\u00f1a la libertad de expresi\u00f3n recibe un golpe monumental y sit\u00faa un precedente: la de las sanciones administrativas como v\u00eda intimidatoria\" \/>\n<meta name=\"robots\" content=\"index, follow, max-snippet:-1, max-image-preview:large, max-video-preview:-1\" \/>\n<link rel=\"canonical\" href=\"https:\/\/conversesacatalunya.cat\/es\/la-terrible-ley-trans-de-cataluna\/\" \/>\n<meta property=\"og:locale\" content=\"es_ES\" \/>\n<meta property=\"og:type\" content=\"article\" \/>\n<meta property=\"og:title\" content=\"Por qu\u00e9 son necesarias unas elecciones anticipadas: la terrible ley trans de Catalu\u00f1a - Converses a Catalunya\" \/>\n<meta property=\"og:description\" content=\"Con la ley trans en Catalu\u00f1a la libertad de expresi\u00f3n recibe un golpe monumental y sit\u00faa un precedente: la de las sanciones administrativas como v\u00eda intimidatoria\" \/>\n<meta property=\"og:url\" content=\"https:\/\/conversesacatalunya.cat\/es\/la-terrible-ley-trans-de-cataluna\/\" \/>\n<meta property=\"og:site_name\" content=\"Converses a Catalunya\" \/>\n<meta property=\"article:published_time\" content=\"2024-01-29T12:32:40+00:00\" \/>\n<meta property=\"article:modified_time\" content=\"2024-01-29T14:18:14+00:00\" \/>\n<meta property=\"og:image\" content=\"https:\/\/conversesacatalunya.cat\/wp-content\/uploads\/2024\/01\/Bandera-trans-27123511.jpg\" \/>\n\t<meta property=\"og:image:width\" content=\"643\" \/>\n\t<meta property=\"og:image:height\" content=\"362\" \/>\n\t<meta property=\"og:image:type\" content=\"image\/jpeg\" \/>\n<meta name=\"author\" content=\"Joan Masip\" \/>\n<meta name=\"twitter:card\" content=\"summary_large_image\" \/>\n<meta name=\"twitter:label1\" content=\"Escrito por\" \/>\n\t<meta name=\"twitter:data1\" content=\"Joan Masip\" \/>\n\t<meta name=\"twitter:label2\" content=\"Tiempo de lectura\" \/>\n\t<meta name=\"twitter:data2\" content=\"7 minutos\" \/>\n<script type=\"application\/ld+json\" class=\"yoast-schema-graph\">{\"@context\":\"https:\/\/schema.org\",\"@graph\":[{\"@type\":\"Article\",\"@id\":\"https:\/\/conversesacatalunya.cat\/es\/la-terrible-ley-trans-de-cataluna\/#article\",\"isPartOf\":{\"@id\":\"https:\/\/conversesacatalunya.cat\/es\/la-terrible-ley-trans-de-cataluna\/\"},\"author\":{\"name\":\"Joan Masip\",\"@id\":\"https:\/\/conversesacatalunya.cat\/#\/schema\/person\/311d0bf53def217d5124c78a7bc42275\"},\"headline\":\"Por qu\u00e9 son necesarias unas elecciones anticipadas: la terrible ley trans de Catalu\u00f1a\",\"datePublished\":\"2024-01-29T12:32:40+00:00\",\"dateModified\":\"2024-01-29T14:18:14+00:00\",\"mainEntityOfPage\":{\"@id\":\"https:\/\/conversesacatalunya.cat\/es\/la-terrible-ley-trans-de-cataluna\/\"},\"wordCount\":1437,\"commentCount\":0,\"image\":{\"@id\":\"https:\/\/conversesacatalunya.cat\/es\/la-terrible-ley-trans-de-cataluna\/#primaryimage\"},\"thumbnailUrl\":\"https:\/\/conversesacatalunya.cat\/wp-content\/uploads\/2024\/01\/Bandera-trans-27123511.jpg\",\"keywords\":[\"Ideologia de g\u00e8nere\",\"ideolog\u00eda de g\u00e9nero\",\"Ley transexualidad\",\"Llei transsexualitat\"],\"articleSection\":[\"Punts clau del dia (ES)\"],\"inLanguage\":\"es\",\"potentialAction\":[{\"@type\":\"CommentAction\",\"name\":\"Comment\",\"target\":[\"https:\/\/conversesacatalunya.cat\/es\/la-terrible-ley-trans-de-cataluna\/#respond\"]}]},{\"@type\":\"WebPage\",\"@id\":\"https:\/\/conversesacatalunya.cat\/es\/la-terrible-ley-trans-de-cataluna\/\",\"url\":\"https:\/\/conversesacatalunya.cat\/es\/la-terrible-ley-trans-de-cataluna\/\",\"name\":\"Por qu\u00e9 son necesarias unas elecciones anticipadas: la terrible ley trans de Catalu\u00f1a - Converses a Catalunya\",\"isPartOf\":{\"@id\":\"https:\/\/conversesacatalunya.cat\/#website\"},\"primaryImageOfPage\":{\"@id\":\"https:\/\/conversesacatalunya.cat\/es\/la-terrible-ley-trans-de-cataluna\/#primaryimage\"},\"image\":{\"@id\":\"https:\/\/conversesacatalunya.cat\/es\/la-terrible-ley-trans-de-cataluna\/#primaryimage\"},\"thumbnailUrl\":\"https:\/\/conversesacatalunya.cat\/wp-content\/uploads\/2024\/01\/Bandera-trans-27123511.jpg\",\"datePublished\":\"2024-01-29T12:32:40+00:00\",\"dateModified\":\"2024-01-29T14:18:14+00:00\",\"author\":{\"@id\":\"https:\/\/conversesacatalunya.cat\/#\/schema\/person\/311d0bf53def217d5124c78a7bc42275\"},\"description\":\"Con la ley trans en Catalu\u00f1a la libertad de expresi\u00f3n recibe un golpe monumental y sit\u00faa un precedente: la de las sanciones administrativas como v\u00eda intimidatoria\",\"breadcrumb\":{\"@id\":\"https:\/\/conversesacatalunya.cat\/es\/la-terrible-ley-trans-de-cataluna\/#breadcrumb\"},\"inLanguage\":\"es\",\"potentialAction\":[{\"@type\":\"ReadAction\",\"target\":[\"https:\/\/conversesacatalunya.cat\/es\/la-terrible-ley-trans-de-cataluna\/\"]}]},{\"@type\":\"ImageObject\",\"inLanguage\":\"es\",\"@id\":\"https:\/\/conversesacatalunya.cat\/es\/la-terrible-ley-trans-de-cataluna\/#primaryimage\",\"url\":\"https:\/\/conversesacatalunya.cat\/wp-content\/uploads\/2024\/01\/Bandera-trans-27123511.jpg\",\"contentUrl\":\"https:\/\/conversesacatalunya.cat\/wp-content\/uploads\/2024\/01\/Bandera-trans-27123511.jpg\",\"width\":643,\"height\":362,\"caption\":\"llei trans Catalunya\"},{\"@type\":\"BreadcrumbList\",\"@id\":\"https:\/\/conversesacatalunya.cat\/es\/la-terrible-ley-trans-de-cataluna\/#breadcrumb\",\"itemListElement\":[{\"@type\":\"ListItem\",\"position\":1,\"name\":\"Inici\",\"item\":\"https:\/\/conversesacatalunya.cat\/es\/\"},{\"@type\":\"ListItem\",\"position\":2,\"name\":\"Por qu\u00e9 son necesarias unas elecciones anticipadas: la terrible ley trans de Catalu\u00f1a\"}]},{\"@type\":\"WebSite\",\"@id\":\"https:\/\/conversesacatalunya.cat\/#website\",\"url\":\"https:\/\/conversesacatalunya.cat\/\",\"name\":\"Converses a Catalunya\",\"description\":\"\",\"potentialAction\":[{\"@type\":\"SearchAction\",\"target\":{\"@type\":\"EntryPoint\",\"urlTemplate\":\"https:\/\/conversesacatalunya.cat\/?s={search_term_string}\"},\"query-input\":{\"@type\":\"PropertyValueSpecification\",\"valueRequired\":true,\"valueName\":\"search_term_string\"}}],\"inLanguage\":\"es\"},{\"@type\":\"Person\",\"@id\":\"https:\/\/conversesacatalunya.cat\/#\/schema\/person\/311d0bf53def217d5124c78a7bc42275\",\"name\":\"Joan Masip\",\"image\":{\"@type\":\"ImageObject\",\"inLanguage\":\"es\",\"@id\":\"https:\/\/conversesacatalunya.cat\/#\/schema\/person\/image\/\",\"url\":\"https:\/\/conversesacatalunya.cat\/wp-content\/litespeed\/avatar\/fa67b994763cff7d443f54b63ec96481.jpg?ver=1777372547\",\"contentUrl\":\"https:\/\/conversesacatalunya.cat\/wp-content\/litespeed\/avatar\/fa67b994763cff7d443f54b63ec96481.jpg?ver=1777372547\",\"caption\":\"Joan Masip\"},\"url\":\"https:\/\/conversesacatalunya.cat\/es\/author\/joan-masip\/\"}]}<\/script>\n<!-- \/ Yoast SEO plugin. -->","yoast_head_json":{"title":"Por qu\u00e9 son necesarias unas elecciones anticipadas: la terrible ley trans de Catalu\u00f1a - Converses a Catalunya","description":"Con la ley trans en Catalu\u00f1a la libertad de expresi\u00f3n recibe un golpe monumental y sit\u00faa un precedente: la de las sanciones administrativas como v\u00eda intimidatoria","robots":{"index":"index","follow":"follow","max-snippet":"max-snippet:-1","max-image-preview":"max-image-preview:large","max-video-preview":"max-video-preview:-1"},"canonical":"https:\/\/conversesacatalunya.cat\/es\/la-terrible-ley-trans-de-cataluna\/","og_locale":"es_ES","og_type":"article","og_title":"Por qu\u00e9 son necesarias unas elecciones anticipadas: la terrible ley trans de Catalu\u00f1a - Converses a Catalunya","og_description":"Con la ley trans en Catalu\u00f1a la libertad de expresi\u00f3n recibe un golpe monumental y sit\u00faa un precedente: la de las sanciones administrativas como v\u00eda intimidatoria","og_url":"https:\/\/conversesacatalunya.cat\/es\/la-terrible-ley-trans-de-cataluna\/","og_site_name":"Converses a Catalunya","article_published_time":"2024-01-29T12:32:40+00:00","article_modified_time":"2024-01-29T14:18:14+00:00","og_image":[{"width":643,"height":362,"url":"https:\/\/conversesacatalunya.cat\/wp-content\/uploads\/2024\/01\/Bandera-trans-27123511.jpg","type":"image\/jpeg"}],"author":"Joan Masip","twitter_card":"summary_large_image","twitter_misc":{"Escrito por":"Joan Masip","Tiempo de lectura":"7 minutos"},"schema":{"@context":"https:\/\/schema.org","@graph":[{"@type":"Article","@id":"https:\/\/conversesacatalunya.cat\/es\/la-terrible-ley-trans-de-cataluna\/#article","isPartOf":{"@id":"https:\/\/conversesacatalunya.cat\/es\/la-terrible-ley-trans-de-cataluna\/"},"author":{"name":"Joan Masip","@id":"https:\/\/conversesacatalunya.cat\/#\/schema\/person\/311d0bf53def217d5124c78a7bc42275"},"headline":"Por qu\u00e9 son necesarias unas elecciones anticipadas: la terrible ley trans de Catalu\u00f1a","datePublished":"2024-01-29T12:32:40+00:00","dateModified":"2024-01-29T14:18:14+00:00","mainEntityOfPage":{"@id":"https:\/\/conversesacatalunya.cat\/es\/la-terrible-ley-trans-de-cataluna\/"},"wordCount":1437,"commentCount":0,"image":{"@id":"https:\/\/conversesacatalunya.cat\/es\/la-terrible-ley-trans-de-cataluna\/#primaryimage"},"thumbnailUrl":"https:\/\/conversesacatalunya.cat\/wp-content\/uploads\/2024\/01\/Bandera-trans-27123511.jpg","keywords":["Ideologia de g\u00e8nere","ideolog\u00eda de g\u00e9nero","Ley transexualidad","Llei transsexualitat"],"articleSection":["Punts clau del dia (ES)"],"inLanguage":"es","potentialAction":[{"@type":"CommentAction","name":"Comment","target":["https:\/\/conversesacatalunya.cat\/es\/la-terrible-ley-trans-de-cataluna\/#respond"]}]},{"@type":"WebPage","@id":"https:\/\/conversesacatalunya.cat\/es\/la-terrible-ley-trans-de-cataluna\/","url":"https:\/\/conversesacatalunya.cat\/es\/la-terrible-ley-trans-de-cataluna\/","name":"Por qu\u00e9 son necesarias unas elecciones anticipadas: la terrible ley trans de Catalu\u00f1a - Converses a Catalunya","isPartOf":{"@id":"https:\/\/conversesacatalunya.cat\/#website"},"primaryImageOfPage":{"@id":"https:\/\/conversesacatalunya.cat\/es\/la-terrible-ley-trans-de-cataluna\/#primaryimage"},"image":{"@id":"https:\/\/conversesacatalunya.cat\/es\/la-terrible-ley-trans-de-cataluna\/#primaryimage"},"thumbnailUrl":"https:\/\/conversesacatalunya.cat\/wp-content\/uploads\/2024\/01\/Bandera-trans-27123511.jpg","datePublished":"2024-01-29T12:32:40+00:00","dateModified":"2024-01-29T14:18:14+00:00","author":{"@id":"https:\/\/conversesacatalunya.cat\/#\/schema\/person\/311d0bf53def217d5124c78a7bc42275"},"description":"Con la ley trans en Catalu\u00f1a la libertad de expresi\u00f3n recibe un golpe monumental y sit\u00faa un precedente: la de las sanciones administrativas como v\u00eda intimidatoria","breadcrumb":{"@id":"https:\/\/conversesacatalunya.cat\/es\/la-terrible-ley-trans-de-cataluna\/#breadcrumb"},"inLanguage":"es","potentialAction":[{"@type":"ReadAction","target":["https:\/\/conversesacatalunya.cat\/es\/la-terrible-ley-trans-de-cataluna\/"]}]},{"@type":"ImageObject","inLanguage":"es","@id":"https:\/\/conversesacatalunya.cat\/es\/la-terrible-ley-trans-de-cataluna\/#primaryimage","url":"https:\/\/conversesacatalunya.cat\/wp-content\/uploads\/2024\/01\/Bandera-trans-27123511.jpg","contentUrl":"https:\/\/conversesacatalunya.cat\/wp-content\/uploads\/2024\/01\/Bandera-trans-27123511.jpg","width":643,"height":362,"caption":"llei trans Catalunya"},{"@type":"BreadcrumbList","@id":"https:\/\/conversesacatalunya.cat\/es\/la-terrible-ley-trans-de-cataluna\/#breadcrumb","itemListElement":[{"@type":"ListItem","position":1,"name":"Inici","item":"https:\/\/conversesacatalunya.cat\/es\/"},{"@type":"ListItem","position":2,"name":"Por qu\u00e9 son necesarias unas elecciones anticipadas: la terrible ley trans de Catalu\u00f1a"}]},{"@type":"WebSite","@id":"https:\/\/conversesacatalunya.cat\/#website","url":"https:\/\/conversesacatalunya.cat\/","name":"Converses a Catalunya","description":"","potentialAction":[{"@type":"SearchAction","target":{"@type":"EntryPoint","urlTemplate":"https:\/\/conversesacatalunya.cat\/?s={search_term_string}"},"query-input":{"@type":"PropertyValueSpecification","valueRequired":true,"valueName":"search_term_string"}}],"inLanguage":"es"},{"@type":"Person","@id":"https:\/\/conversesacatalunya.cat\/#\/schema\/person\/311d0bf53def217d5124c78a7bc42275","name":"Joan Masip","image":{"@type":"ImageObject","inLanguage":"es","@id":"https:\/\/conversesacatalunya.cat\/#\/schema\/person\/image\/","url":"https:\/\/conversesacatalunya.cat\/wp-content\/litespeed\/avatar\/fa67b994763cff7d443f54b63ec96481.jpg?ver=1777372547","contentUrl":"https:\/\/conversesacatalunya.cat\/wp-content\/litespeed\/avatar\/fa67b994763cff7d443f54b63ec96481.jpg?ver=1777372547","caption":"Joan Masip"},"url":"https:\/\/conversesacatalunya.cat\/es\/author\/joan-masip\/"}]}},"wps_subtitle":"Con la ley trans en Catalu\u00f1a la libertad de expresi\u00f3n recibe un golpe monumental y sit\u00faa un precedente: la de las sanciones administrativas como v\u00eda intimidatoria","_links":{"self":[{"href":"https:\/\/conversesacatalunya.cat\/es\/wp-json\/wp\/v2\/posts\/74508","targetHints":{"allow":["GET"]}}],"collection":[{"href":"https:\/\/conversesacatalunya.cat\/es\/wp-json\/wp\/v2\/posts"}],"about":[{"href":"https:\/\/conversesacatalunya.cat\/es\/wp-json\/wp\/v2\/types\/post"}],"author":[{"embeddable":true,"href":"https:\/\/conversesacatalunya.cat\/es\/wp-json\/wp\/v2\/users\/78"}],"replies":[{"embeddable":true,"href":"https:\/\/conversesacatalunya.cat\/es\/wp-json\/wp\/v2\/comments?post=74508"}],"version-history":[{"count":2,"href":"https:\/\/conversesacatalunya.cat\/es\/wp-json\/wp\/v2\/posts\/74508\/revisions"}],"predecessor-version":[{"id":74510,"href":"https:\/\/conversesacatalunya.cat\/es\/wp-json\/wp\/v2\/posts\/74508\/revisions\/74510"}],"wp:featuredmedia":[{"embeddable":true,"href":"https:\/\/conversesacatalunya.cat\/es\/wp-json\/wp\/v2\/media\/74505"}],"wp:attachment":[{"href":"https:\/\/conversesacatalunya.cat\/es\/wp-json\/wp\/v2\/media?parent=74508"}],"wp:term":[{"taxonomy":"category","embeddable":true,"href":"https:\/\/conversesacatalunya.cat\/es\/wp-json\/wp\/v2\/categories?post=74508"},{"taxonomy":"post_tag","embeddable":true,"href":"https:\/\/conversesacatalunya.cat\/es\/wp-json\/wp\/v2\/tags?post=74508"}],"curies":[{"name":"wp","href":"https:\/\/api.w.org\/{rel}","templated":true}]}}