{"id":74434,"date":"2024-01-25T12:13:12","date_gmt":"2024-01-25T11:13:12","guid":{"rendered":"https:\/\/conversesacatalunya.cat\/5-factors-futur-economia-mundial\/"},"modified":"2024-01-25T15:26:14","modified_gmt":"2024-01-25T14:26:14","slug":"5-factores-clave-para-el-futuro-de-la-economia-mundial","status":"publish","type":"post","link":"https:\/\/conversesacatalunya.cat\/es\/5-factores-clave-para-el-futuro-de-la-economia-mundial\/","title":{"rendered":"5 factores clave para el futuro de la econom\u00eda mundial"},"content":{"rendered":"<p><span><span class=\"\">Fue el general y m\u00e1s tarde presidente de Estados Unidos, Dwight David Eisenhower, quien afirm\u00f3 que \u201c<\/span><\/span><strong><span><span class=\"\">los planes no sirven para nada, pero planificar es vital<\/span><\/span><\/strong><span><span class=\"\">\u201d (traducci\u00f3n libre, el original\u00a0<\/span><\/span><a href=\"https:\/\/www.jlab.org\/montage\/plans-are-nothing-planning-everything\" target=\"_blank\" rel=\"noopener\"><span><span class=\"\">aqu\u00ed<\/span><\/span><\/a><span><span class=\"\">).\u00a0<\/span>Con esta aparente contradicci\u00f3n el c\u00e9lebre militar y estadista quer\u00eda decir que la \u00fanica forma de estar preparados para hacer frente a las incertidumbres es adoptar una actitud de preparaci\u00f3n continua.<\/span><\/p>\n<p><span>La sentencia de Eisenhower resulta particularmente \u00fatil en materia de econom\u00eda y pol\u00edtica: en estos \u00e1mbitos, hay tantos factores en juego, a la vez antropol\u00f3gicos y externos a los humanos, que resulta\u00a0<\/span><strong><span>imposible prever qu\u00e9 ocurrir\u00e1 en un futuro no demasiado lejano<\/span><\/strong><span>.\u00a0Y esto pese a disponer de la inmensa cantidad de datos y de las m\u00e1s avanzadas herramientas de an\u00e1lisis actuales.<\/span><\/p>\n<p><span>Ahora bien, existe una categor\u00eda de fen\u00f3menos que son f\u00e1cilmente previsibles porque hacen referencia a tendencias de fondo que se despliegan durante d\u00e9cadas, conformando lo que algunos estudiosos llaman la\u00a0<\/span><strong><span>historia lenta<\/span><\/strong><span>.\u00a0Son precisamente \u00e9stos los que permiten a Eisenhower llevar a cabo su planificaci\u00f3n.\u00a0Veamos cinco elegidos por Martin Wolf, economista jefe del\u00a0<\/span><em><span>Financial Times,<\/span><\/em><span>\u00a0en un art\u00edculo\u00a0<\/span><a href=\"https:\/\/www.ft.com\/content\/41bc7747-63b9-41e5-a341-6c953be511ac\" target=\"_blank\" rel=\"noopener\"><span>reciente<\/span><\/a><span>, y libremente adaptados por\u00a0<\/span><em><span>Converses<\/span><\/em><span>.<\/span><\/p>\n<h4><strong><span>1. Cambios en la estructura demogr\u00e1fica del mundo<\/span><\/strong><\/h4>\n<p><span>Dejando a un lado un cataclismo, como una guerra nuclear o una pandemia extremadamente mort\u00edfera, la distribuci\u00f3n demogr\u00e1fica del mundo est\u00e1 abocada a cambios extremadamente profundos en las pr\u00f3ximas d\u00e9cadas. Despu\u00e9s de un siglo de crecimiento acelerado, la tasa de fertilidad mundial se acerca cada vez m\u00e1s al umbral de equilibrio intergeneracional de 2,1 hijos por mujer.\u00a0Hoy ya la frota, mientras que hace treinta a\u00f1os se situaba a\u00fan por encima de 3,2. El \u00fanico continente que mantendr\u00e1 un crecimiento demogr\u00e1fico (aunque tambi\u00e9n desacelerado) es \u00c1frica:\u00a0<\/span><strong><span>se espera que hacia 2060 una de cada cuatro personas provenga del \u00c1frica subsahariana<\/span><\/strong><span>.<\/span><\/p>\n<h4><strong><span>2. Efectos del cambio clim\u00e1tico<\/span><\/strong><\/h4>\n<p><span>Como Wolf apunta, apenas parece que entramos en una\u00a0<\/span><strong><span>fase de estabilizaci\u00f3n de las emisiones de gases contaminantes<\/span><\/strong><span>, con los pa\u00edses desarrollados que ya han iniciado un descenso.\u00a0Es una buena noticia, pero tambi\u00e9n implica que el inmenso almac\u00e9n que es la atm\u00f3sfera sigue llen\u00e1ndose de elementos desestabilizadores del clima de la Tierra.\u00a0El objetivo de contener el calentamiento global por debajo del umbral del grado cent\u00edgrado y medio parece imposible conseguir.\u00a0Es necesario pues invertir no s\u00f3lo en reducir las emisiones sino tambi\u00e9n en\u00a0<\/span><strong><span>prepararse para hacer frente a los efectos del cambio clim\u00e1tico<\/span><\/strong><span>.\u00a0Por cierto, exactamente lo contrario de lo que ha hecho la Generalitat de Catalunya, tan preocupada por la cuesti\u00f3n\u00a0<\/span><a href=\"https:\/\/conversesacatalunya.cat\/es\/la-sequia-en-cataluna-la-gran-irresponsabilidad-el-gobierno-debe-ir-a-elecciones\/\" target=\"_blank\" rel=\"noopener\"><span>sobre el papel<\/span><\/a><span>\u00a0, como demuestra la actual\u00a0<\/span><a href=\"https:\/\/conversesacatalunya.cat\/es\/sequia-que-dimitan-todos-y-votemos\/\" target=\"_blank\" rel=\"noopener\"><span>sequ\u00eda<\/span><\/a><span>.<\/span><\/p>\n<h4><strong><span>3. Revoluci\u00f3n digital inacabable<\/span><\/strong><\/h4>\n<p><span>En algunos \u00e1mbitos tecnol\u00f3gicos, como el de los transportes, se han hecho pocos progresos en las \u00faltimas d\u00e9cadas.\u00a0Nuestras posibilidades para desplazarnos en 2024 son virtualmente las mismas que hace cincuenta a\u00f1os.\u00a0Sin embargo, existe un campo en el que el progreso parece no tener fin: el de las\u00a0<\/span><strong><span>tecnolog\u00edas de la informaci\u00f3n y comunicaciones, posibilitadas por una capacidad de c\u00e1lculo que crece de forma exponencial<\/span><\/strong><span>\u00a0desde los albores de la industria inform\u00e1tica en los a\u00f1os sesenta del siglo pasado.\u00a0Es necesario pues estar preparado para un mundo en el que no s\u00f3lo habr\u00e1 cada vez m\u00e1s datos disponibles, sino que gracias a la inteligencia artificial y a microprocesadores m\u00e1s potentes, sus aplicaciones nos dejar\u00e1n boquiabiertos. Esta revoluci\u00f3n continua transformar\u00e1 profundamente los mercados laborales, y no necesariamente de forma positiva, como\u00a0<\/span><em><span>Converses\u00a0<\/span><\/em><a href=\"https:\/\/conversesacatalunya.cat\/es\/i-a-destruyendo-puestos-trabajo\/\" target=\"_blank\" rel=\"noopener\"><span>expon\u00eda<\/span><\/a><span>\u00a0recientemente.<\/span><\/p>\n<h4><strong><span>4. Desplazamiento al este del centro de gravedad del mundo<\/span><\/strong><\/h4>\n<p><span>Los pa\u00edses asi\u00e1ticos son desde hace d\u00e9cadas los que mayor crecimiento generan (adem\u00e1s, de mayor valor a\u00f1adido), lo que est\u00e1 desplazando el centro de gravedad econ\u00f3mico del mundo entero hacia esta regi\u00f3n. <span class=\"VIpgJd-yAWNEb-VIpgJd-fmcmS-sn54Q\">Este fen\u00f3meno se da de forma\u00a0<\/span><\/span><a href=\"https:\/\/notredamecobham.maps.arcgis.com\/apps\/TimeAware\/index.html?appid%3D457438be1f0b4d17aeeb2449b7bfac1b%26extent%3D-64.4533,-73.3631,188.6717,89.5029\" target=\"_blank\" rel=\"noopener\"><span><span class=\"VIpgJd-yAWNEb-VIpgJd-fmcmS-sn54Q\">especialmente acelerada<\/span><\/span><\/a><span><span class=\"VIpgJd-yAWNEb-VIpgJd-fmcmS-sn54Q\">\u00a0desde las inmediaciones del a\u00f1o 2000, y se espera que no cese en las pr\u00f3ximas d\u00e9cadas.\u00a0<\/span>Si bien muchos analistas piensan que China est\u00e1 perdiendo empuje, India\u00a0<\/span><strong><span>podr\u00eda r\u00e1pidamente tomar el\u00a0<\/span><a href=\"https:\/\/conversesacatalunya.cat\/es\/75-anos-independencia-india\/\" target=\"_blank\" rel=\"noopener\"><span>relevo<\/span><\/a><span> como principal foco de crecimiento<\/span><\/strong><span>.\u00a0El potencial que la regi\u00f3n conserva, con casi la mitad de la poblaci\u00f3n mundial, sigue siendo inmenso.<\/span><\/p>\n<h4><strong><span>5. Continuidad del crecimiento<\/span><\/strong><\/h4>\n<p><span>El crecimiento es, seg\u00fan Wolf, un elemento \u201cinherente\u201d a nuestra econom\u00eda, y apunta que desde 1950 la econom\u00eda mundial s\u00f3lo se ha reducido en dos ocasiones: en 2009 y 2020. Si bien hay cr\u00edticos que afirman que, desde finales de la d\u00e9cada de los setenta del siglo pasado, el crecimiento de los pa\u00edses desarrollados ha sido posible \u00fanicamente gracias a un endeudamiento constante, <\/span><strong><span>el mundo en su conjunto tiene todav\u00eda un ampl\u00edsimo margen para seguir expandiendo su econom\u00eda<\/span><\/strong><span>\u00a0durante las pr\u00f3ximas d\u00e9cadas.<\/span><\/p>\n","protected":false},"excerpt":{"rendered":"<p>Fue el general y m\u00e1s tarde presidente de Estados Unidos, Dwight David Eisenhower, quien afirm\u00f3 que \u201clos planes no sirven para nada, pero planificar es vital\u201d (traducci\u00f3n libre, el original\u00a0aqu\u00ed).\u00a0Con esta aparente contradicci\u00f3n el c\u00e9lebre militar y estadista quer\u00eda decir que la \u00fanica forma de estar preparados para hacer frente a las incertidumbres es adoptar una actitud de preparaci\u00f3n continua. La sentencia de Eisenhower resulta particularmente \u00fatil en materia de econom\u00eda y pol\u00edtica: en estos \u00e1mbitos, hay tantos factores en juego, a la vez antropol\u00f3gicos y externos a los humanos, que resulta\u00a0imposible prever qu\u00e9 ocurrir\u00e1 en un futuro no demasiado lejano.\u00a0Y esto pese a disponer de la inmensa cantidad de datos y de las m\u00e1s avanzadas herramientas de an\u00e1lisis actuales. Ahora bien, existe una categor\u00eda de fen\u00f3menos que son f\u00e1cilmente previsibles porque hacen referencia a tendencias de fondo que se despliegan durante d\u00e9cadas, conformando lo que algunos estudiosos llaman la\u00a0historia lenta.\u00a0Son precisamente \u00e9stos los que permiten a Eisenhower llevar a cabo su planificaci\u00f3n.\u00a0Veamos cinco elegidos por Martin Wolf, economista jefe del\u00a0Financial Times,\u00a0en un art\u00edculo\u00a0reciente, y libremente adaptados por\u00a0Converses. 1. Cambios en la estructura demogr\u00e1fica del mundo Dejando a un lado un cataclismo, como una guerra nuclear o una pandemia extremadamente mort\u00edfera, la distribuci\u00f3n demogr\u00e1fica del mundo est\u00e1 abocada a cambios extremadamente profundos en las pr\u00f3ximas d\u00e9cadas. Despu\u00e9s de un siglo de crecimiento acelerado, la tasa de fertilidad mundial se acerca cada vez m\u00e1s al umbral de equilibrio intergeneracional de 2,1 hijos por mujer.\u00a0Hoy ya la frota, mientras que hace treinta a\u00f1os se situaba a\u00fan por encima de 3,2. El \u00fanico continente que mantendr\u00e1 un crecimiento demogr\u00e1fico (aunque tambi\u00e9n desacelerado) es \u00c1frica:\u00a0se espera que hacia 2060 una de cada cuatro personas provenga del \u00c1frica subsahariana. 2. Efectos del cambio clim\u00e1tico Como Wolf apunta, apenas parece que entramos en una\u00a0fase de estabilizaci\u00f3n de las emisiones de gases contaminantes, con los pa\u00edses desarrollados que ya han iniciado un descenso.\u00a0Es una buena noticia, pero tambi\u00e9n implica que el inmenso almac\u00e9n que es la atm\u00f3sfera sigue llen\u00e1ndose de elementos desestabilizadores del clima de la Tierra.\u00a0El objetivo de contener el calentamiento global por debajo del umbral del grado cent\u00edgrado y medio parece imposible conseguir.\u00a0Es necesario pues invertir no s\u00f3lo en reducir las emisiones sino tambi\u00e9n en\u00a0prepararse para hacer frente a los efectos del cambio clim\u00e1tico.\u00a0Por cierto, exactamente lo contrario de lo que ha hecho la Generalitat de Catalunya, tan preocupada por la cuesti\u00f3n\u00a0sobre el papel\u00a0, como demuestra la actual\u00a0sequ\u00eda. 3. Revoluci\u00f3n digital inacabable En algunos \u00e1mbitos tecnol\u00f3gicos, como el de los transportes, se han hecho pocos progresos en las \u00faltimas d\u00e9cadas.\u00a0Nuestras posibilidades para desplazarnos en 2024 son virtualmente las mismas que hace cincuenta a\u00f1os.\u00a0Sin embargo, existe un campo en el que el progreso parece no tener fin: el de las\u00a0tecnolog\u00edas de la informaci\u00f3n y comunicaciones, posibilitadas por una capacidad de c\u00e1lculo que crece de forma exponencial\u00a0desde los albores de la industria inform\u00e1tica en los a\u00f1os sesenta del siglo pasado.\u00a0Es necesario pues estar preparado para un mundo en el que no s\u00f3lo habr\u00e1 cada vez m\u00e1s datos disponibles, sino que gracias a la inteligencia artificial y a microprocesadores m\u00e1s potentes, sus aplicaciones nos dejar\u00e1n boquiabiertos. Esta revoluci\u00f3n continua transformar\u00e1 profundamente los mercados laborales, y no necesariamente de forma positiva, como\u00a0Converses\u00a0expon\u00eda\u00a0recientemente. 4. Desplazamiento al este del centro de gravedad del mundo Los pa\u00edses asi\u00e1ticos son desde hace d\u00e9cadas los que mayor crecimiento generan (adem\u00e1s, de mayor valor a\u00f1adido), lo que est\u00e1 desplazando el centro de gravedad econ\u00f3mico del mundo entero hacia esta regi\u00f3n. Este fen\u00f3meno se da de forma\u00a0especialmente acelerada\u00a0desde las inmediaciones del a\u00f1o 2000, y se espera que no cese en las pr\u00f3ximas d\u00e9cadas.\u00a0Si bien muchos analistas piensan que China est\u00e1 perdiendo empuje, India\u00a0podr\u00eda r\u00e1pidamente tomar el\u00a0relevo como principal foco de crecimiento.\u00a0El potencial que la regi\u00f3n conserva, con casi la mitad de la poblaci\u00f3n mundial, sigue siendo inmenso. 5. Continuidad del crecimiento El crecimiento es, seg\u00fan Wolf, un elemento \u201cinherente\u201d a nuestra econom\u00eda, y apunta que desde 1950 la econom\u00eda mundial s\u00f3lo se ha reducido en dos ocasiones: en 2009 y 2020. Si bien hay cr\u00edticos que afirman que, desde finales de la d\u00e9cada de los setenta del siglo pasado, el crecimiento de los pa\u00edses desarrollados ha sido posible \u00fanicamente gracias a un endeudamiento constante, el mundo en su conjunto tiene todav\u00eda un ampl\u00edsimo margen para seguir expandiendo su econom\u00eda\u00a0durante las pr\u00f3ximas d\u00e9cadas.<\/p>\n","protected":false},"author":75,"featured_media":74408,"comment_status":"open","ping_status":"open","sticky":false,"template":"","format":"standard","meta":{"_FSMCFIC_featured_image_caption":"","_FSMCFIC_featured_image_nocaption":"","_FSMCFIC_featured_image_hide":"","footnotes":""},"categories":[806],"tags":[1387],"class_list":["post-74434","post","type-post","status-publish","format-standard","has-post-thumbnail","hentry","category-punts-claus-del-dia-es","tag-economia-mundial-es"],"yoast_head":"<!-- This site is optimized with the Yoast SEO plugin v26.8 - https:\/\/yoast.com\/product\/yoast-seo-wordpress\/ -->\n<title>5 factores clave para el futuro de la econom\u00eda mundial - Converses a Catalunya<\/title>\n<meta name=\"description\" content=\"Fen\u00f3menos de fondo como la demograf\u00eda, la evoluci\u00f3n tecnol\u00f3gica o el cambio clim\u00e1tico permiten vislumbrar c\u00f3mo ser\u00e1 la econom\u00eda del mundo dentro de unas d\u00e9cadas\" \/>\n<meta name=\"robots\" content=\"index, follow, max-snippet:-1, max-image-preview:large, max-video-preview:-1\" \/>\n<link rel=\"canonical\" href=\"https:\/\/conversesacatalunya.cat\/es\/5-factores-clave-para-el-futuro-de-la-economia-mundial\/\" \/>\n<meta property=\"og:locale\" content=\"es_ES\" \/>\n<meta property=\"og:type\" content=\"article\" \/>\n<meta property=\"og:title\" content=\"5 factores clave para el futuro de la econom\u00eda mundial - Converses a Catalunya\" \/>\n<meta property=\"og:description\" content=\"Fen\u00f3menos de fondo como la demograf\u00eda, la evoluci\u00f3n tecnol\u00f3gica o el cambio clim\u00e1tico permiten vislumbrar c\u00f3mo ser\u00e1 la econom\u00eda del mundo dentro de unas d\u00e9cadas\" \/>\n<meta property=\"og:url\" content=\"https:\/\/conversesacatalunya.cat\/es\/5-factores-clave-para-el-futuro-de-la-economia-mundial\/\" \/>\n<meta property=\"og:site_name\" content=\"Converses a Catalunya\" \/>\n<meta property=\"article:published_time\" content=\"2024-01-25T11:13:12+00:00\" \/>\n<meta property=\"article:modified_time\" content=\"2024-01-25T14:26:14+00:00\" \/>\n<meta property=\"og:image\" content=\"https:\/\/conversesacatalunya.cat\/wp-content\/uploads\/2024\/01\/pexels-pixabay-41949.jpg\" \/>\n\t<meta property=\"og:image:width\" content=\"1280\" \/>\n\t<meta property=\"og:image:height\" content=\"640\" \/>\n\t<meta property=\"og:image:type\" content=\"image\/jpeg\" \/>\n<meta name=\"author\" content=\"Carles L\u00f3pez\" \/>\n<meta name=\"twitter:card\" content=\"summary_large_image\" \/>\n<meta name=\"twitter:label1\" content=\"Escrito por\" \/>\n\t<meta name=\"twitter:data1\" content=\"Carles L\u00f3pez\" \/>\n\t<meta name=\"twitter:label2\" content=\"Tiempo de lectura\" \/>\n\t<meta name=\"twitter:data2\" content=\"4 minutos\" \/>\n<script type=\"application\/ld+json\" class=\"yoast-schema-graph\">{\"@context\":\"https:\/\/schema.org\",\"@graph\":[{\"@type\":\"Article\",\"@id\":\"https:\/\/conversesacatalunya.cat\/es\/5-factores-clave-para-el-futuro-de-la-economia-mundial\/#article\",\"isPartOf\":{\"@id\":\"https:\/\/conversesacatalunya.cat\/es\/5-factores-clave-para-el-futuro-de-la-economia-mundial\/\"},\"author\":{\"name\":\"Carles L\u00f3pez\",\"@id\":\"https:\/\/conversesacatalunya.cat\/#\/schema\/person\/3ce2ab16c0a3803086d80722c7cad56a\"},\"headline\":\"5 factores clave para el futuro de la econom\u00eda mundial\",\"datePublished\":\"2024-01-25T11:13:12+00:00\",\"dateModified\":\"2024-01-25T14:26:14+00:00\",\"mainEntityOfPage\":{\"@id\":\"https:\/\/conversesacatalunya.cat\/es\/5-factores-clave-para-el-futuro-de-la-economia-mundial\/\"},\"wordCount\":833,\"commentCount\":0,\"image\":{\"@id\":\"https:\/\/conversesacatalunya.cat\/es\/5-factores-clave-para-el-futuro-de-la-economia-mundial\/#primaryimage\"},\"thumbnailUrl\":\"https:\/\/conversesacatalunya.cat\/wp-content\/uploads\/2024\/01\/pexels-pixabay-41949.jpg\",\"keywords\":[\"economia mundial\"],\"articleSection\":[\"Punts clau del dia (ES)\"],\"inLanguage\":\"es\",\"potentialAction\":[{\"@type\":\"CommentAction\",\"name\":\"Comment\",\"target\":[\"https:\/\/conversesacatalunya.cat\/es\/5-factores-clave-para-el-futuro-de-la-economia-mundial\/#respond\"]}]},{\"@type\":\"WebPage\",\"@id\":\"https:\/\/conversesacatalunya.cat\/es\/5-factores-clave-para-el-futuro-de-la-economia-mundial\/\",\"url\":\"https:\/\/conversesacatalunya.cat\/es\/5-factores-clave-para-el-futuro-de-la-economia-mundial\/\",\"name\":\"5 factores clave para el futuro de la econom\u00eda mundial - Converses a Catalunya\",\"isPartOf\":{\"@id\":\"https:\/\/conversesacatalunya.cat\/#website\"},\"primaryImageOfPage\":{\"@id\":\"https:\/\/conversesacatalunya.cat\/es\/5-factores-clave-para-el-futuro-de-la-economia-mundial\/#primaryimage\"},\"image\":{\"@id\":\"https:\/\/conversesacatalunya.cat\/es\/5-factores-clave-para-el-futuro-de-la-economia-mundial\/#primaryimage\"},\"thumbnailUrl\":\"https:\/\/conversesacatalunya.cat\/wp-content\/uploads\/2024\/01\/pexels-pixabay-41949.jpg\",\"datePublished\":\"2024-01-25T11:13:12+00:00\",\"dateModified\":\"2024-01-25T14:26:14+00:00\",\"author\":{\"@id\":\"https:\/\/conversesacatalunya.cat\/#\/schema\/person\/3ce2ab16c0a3803086d80722c7cad56a\"},\"description\":\"Fen\u00f3menos de fondo como la demograf\u00eda, la evoluci\u00f3n tecnol\u00f3gica o el cambio clim\u00e1tico permiten vislumbrar c\u00f3mo ser\u00e1 la econom\u00eda del mundo dentro de unas d\u00e9cadas\",\"breadcrumb\":{\"@id\":\"https:\/\/conversesacatalunya.cat\/es\/5-factores-clave-para-el-futuro-de-la-economia-mundial\/#breadcrumb\"},\"inLanguage\":\"es\",\"potentialAction\":[{\"@type\":\"ReadAction\",\"target\":[\"https:\/\/conversesacatalunya.cat\/es\/5-factores-clave-para-el-futuro-de-la-economia-mundial\/\"]}]},{\"@type\":\"ImageObject\",\"inLanguage\":\"es\",\"@id\":\"https:\/\/conversesacatalunya.cat\/es\/5-factores-clave-para-el-futuro-de-la-economia-mundial\/#primaryimage\",\"url\":\"https:\/\/conversesacatalunya.cat\/wp-content\/uploads\/2024\/01\/pexels-pixabay-41949.jpg\",\"contentUrl\":\"https:\/\/conversesacatalunya.cat\/wp-content\/uploads\/2024\/01\/pexels-pixabay-41949.jpg\",\"width\":1280,\"height\":640},{\"@type\":\"BreadcrumbList\",\"@id\":\"https:\/\/conversesacatalunya.cat\/es\/5-factores-clave-para-el-futuro-de-la-economia-mundial\/#breadcrumb\",\"itemListElement\":[{\"@type\":\"ListItem\",\"position\":1,\"name\":\"Inici\",\"item\":\"https:\/\/conversesacatalunya.cat\/es\/\"},{\"@type\":\"ListItem\",\"position\":2,\"name\":\"5 factores clave para el futuro de la econom\u00eda mundial\"}]},{\"@type\":\"WebSite\",\"@id\":\"https:\/\/conversesacatalunya.cat\/#website\",\"url\":\"https:\/\/conversesacatalunya.cat\/\",\"name\":\"Converses a Catalunya\",\"description\":\"\",\"potentialAction\":[{\"@type\":\"SearchAction\",\"target\":{\"@type\":\"EntryPoint\",\"urlTemplate\":\"https:\/\/conversesacatalunya.cat\/?s={search_term_string}\"},\"query-input\":{\"@type\":\"PropertyValueSpecification\",\"valueRequired\":true,\"valueName\":\"search_term_string\"}}],\"inLanguage\":\"es\"},{\"@type\":\"Person\",\"@id\":\"https:\/\/conversesacatalunya.cat\/#\/schema\/person\/3ce2ab16c0a3803086d80722c7cad56a\",\"name\":\"Carles L\u00f3pez\",\"image\":{\"@type\":\"ImageObject\",\"inLanguage\":\"es\",\"@id\":\"https:\/\/conversesacatalunya.cat\/#\/schema\/person\/image\/\",\"url\":\"https:\/\/conversesacatalunya.cat\/wp-content\/litespeed\/avatar\/4891585caf2896e97846ab77f06edcf2.jpg?ver=1777091173\",\"contentUrl\":\"https:\/\/conversesacatalunya.cat\/wp-content\/litespeed\/avatar\/4891585caf2896e97846ab77f06edcf2.jpg?ver=1777091173\",\"caption\":\"Carles L\u00f3pez\"},\"url\":\"https:\/\/conversesacatalunya.cat\/es\/author\/carles-lopez\/\"}]}<\/script>\n<!-- \/ Yoast SEO plugin. -->","yoast_head_json":{"title":"5 factores clave para el futuro de la econom\u00eda mundial - Converses a Catalunya","description":"Fen\u00f3menos de fondo como la demograf\u00eda, la evoluci\u00f3n tecnol\u00f3gica o el cambio clim\u00e1tico permiten vislumbrar c\u00f3mo ser\u00e1 la econom\u00eda del mundo dentro de unas d\u00e9cadas","robots":{"index":"index","follow":"follow","max-snippet":"max-snippet:-1","max-image-preview":"max-image-preview:large","max-video-preview":"max-video-preview:-1"},"canonical":"https:\/\/conversesacatalunya.cat\/es\/5-factores-clave-para-el-futuro-de-la-economia-mundial\/","og_locale":"es_ES","og_type":"article","og_title":"5 factores clave para el futuro de la econom\u00eda mundial - Converses a Catalunya","og_description":"Fen\u00f3menos de fondo como la demograf\u00eda, la evoluci\u00f3n tecnol\u00f3gica o el cambio clim\u00e1tico permiten vislumbrar c\u00f3mo ser\u00e1 la econom\u00eda del mundo dentro de unas d\u00e9cadas","og_url":"https:\/\/conversesacatalunya.cat\/es\/5-factores-clave-para-el-futuro-de-la-economia-mundial\/","og_site_name":"Converses a Catalunya","article_published_time":"2024-01-25T11:13:12+00:00","article_modified_time":"2024-01-25T14:26:14+00:00","og_image":[{"width":1280,"height":640,"url":"https:\/\/conversesacatalunya.cat\/wp-content\/uploads\/2024\/01\/pexels-pixabay-41949.jpg","type":"image\/jpeg"}],"author":"Carles L\u00f3pez","twitter_card":"summary_large_image","twitter_misc":{"Escrito por":"Carles L\u00f3pez","Tiempo de lectura":"4 minutos"},"schema":{"@context":"https:\/\/schema.org","@graph":[{"@type":"Article","@id":"https:\/\/conversesacatalunya.cat\/es\/5-factores-clave-para-el-futuro-de-la-economia-mundial\/#article","isPartOf":{"@id":"https:\/\/conversesacatalunya.cat\/es\/5-factores-clave-para-el-futuro-de-la-economia-mundial\/"},"author":{"name":"Carles L\u00f3pez","@id":"https:\/\/conversesacatalunya.cat\/#\/schema\/person\/3ce2ab16c0a3803086d80722c7cad56a"},"headline":"5 factores clave para el futuro de la econom\u00eda mundial","datePublished":"2024-01-25T11:13:12+00:00","dateModified":"2024-01-25T14:26:14+00:00","mainEntityOfPage":{"@id":"https:\/\/conversesacatalunya.cat\/es\/5-factores-clave-para-el-futuro-de-la-economia-mundial\/"},"wordCount":833,"commentCount":0,"image":{"@id":"https:\/\/conversesacatalunya.cat\/es\/5-factores-clave-para-el-futuro-de-la-economia-mundial\/#primaryimage"},"thumbnailUrl":"https:\/\/conversesacatalunya.cat\/wp-content\/uploads\/2024\/01\/pexels-pixabay-41949.jpg","keywords":["economia mundial"],"articleSection":["Punts clau del dia (ES)"],"inLanguage":"es","potentialAction":[{"@type":"CommentAction","name":"Comment","target":["https:\/\/conversesacatalunya.cat\/es\/5-factores-clave-para-el-futuro-de-la-economia-mundial\/#respond"]}]},{"@type":"WebPage","@id":"https:\/\/conversesacatalunya.cat\/es\/5-factores-clave-para-el-futuro-de-la-economia-mundial\/","url":"https:\/\/conversesacatalunya.cat\/es\/5-factores-clave-para-el-futuro-de-la-economia-mundial\/","name":"5 factores clave para el futuro de la econom\u00eda mundial - Converses a Catalunya","isPartOf":{"@id":"https:\/\/conversesacatalunya.cat\/#website"},"primaryImageOfPage":{"@id":"https:\/\/conversesacatalunya.cat\/es\/5-factores-clave-para-el-futuro-de-la-economia-mundial\/#primaryimage"},"image":{"@id":"https:\/\/conversesacatalunya.cat\/es\/5-factores-clave-para-el-futuro-de-la-economia-mundial\/#primaryimage"},"thumbnailUrl":"https:\/\/conversesacatalunya.cat\/wp-content\/uploads\/2024\/01\/pexels-pixabay-41949.jpg","datePublished":"2024-01-25T11:13:12+00:00","dateModified":"2024-01-25T14:26:14+00:00","author":{"@id":"https:\/\/conversesacatalunya.cat\/#\/schema\/person\/3ce2ab16c0a3803086d80722c7cad56a"},"description":"Fen\u00f3menos de fondo como la demograf\u00eda, la evoluci\u00f3n tecnol\u00f3gica o el cambio clim\u00e1tico permiten vislumbrar c\u00f3mo ser\u00e1 la econom\u00eda del mundo dentro de unas d\u00e9cadas","breadcrumb":{"@id":"https:\/\/conversesacatalunya.cat\/es\/5-factores-clave-para-el-futuro-de-la-economia-mundial\/#breadcrumb"},"inLanguage":"es","potentialAction":[{"@type":"ReadAction","target":["https:\/\/conversesacatalunya.cat\/es\/5-factores-clave-para-el-futuro-de-la-economia-mundial\/"]}]},{"@type":"ImageObject","inLanguage":"es","@id":"https:\/\/conversesacatalunya.cat\/es\/5-factores-clave-para-el-futuro-de-la-economia-mundial\/#primaryimage","url":"https:\/\/conversesacatalunya.cat\/wp-content\/uploads\/2024\/01\/pexels-pixabay-41949.jpg","contentUrl":"https:\/\/conversesacatalunya.cat\/wp-content\/uploads\/2024\/01\/pexels-pixabay-41949.jpg","width":1280,"height":640},{"@type":"BreadcrumbList","@id":"https:\/\/conversesacatalunya.cat\/es\/5-factores-clave-para-el-futuro-de-la-economia-mundial\/#breadcrumb","itemListElement":[{"@type":"ListItem","position":1,"name":"Inici","item":"https:\/\/conversesacatalunya.cat\/es\/"},{"@type":"ListItem","position":2,"name":"5 factores clave para el futuro de la econom\u00eda mundial"}]},{"@type":"WebSite","@id":"https:\/\/conversesacatalunya.cat\/#website","url":"https:\/\/conversesacatalunya.cat\/","name":"Converses a Catalunya","description":"","potentialAction":[{"@type":"SearchAction","target":{"@type":"EntryPoint","urlTemplate":"https:\/\/conversesacatalunya.cat\/?s={search_term_string}"},"query-input":{"@type":"PropertyValueSpecification","valueRequired":true,"valueName":"search_term_string"}}],"inLanguage":"es"},{"@type":"Person","@id":"https:\/\/conversesacatalunya.cat\/#\/schema\/person\/3ce2ab16c0a3803086d80722c7cad56a","name":"Carles L\u00f3pez","image":{"@type":"ImageObject","inLanguage":"es","@id":"https:\/\/conversesacatalunya.cat\/#\/schema\/person\/image\/","url":"https:\/\/conversesacatalunya.cat\/wp-content\/litespeed\/avatar\/4891585caf2896e97846ab77f06edcf2.jpg?ver=1777091173","contentUrl":"https:\/\/conversesacatalunya.cat\/wp-content\/litespeed\/avatar\/4891585caf2896e97846ab77f06edcf2.jpg?ver=1777091173","caption":"Carles L\u00f3pez"},"url":"https:\/\/conversesacatalunya.cat\/es\/author\/carles-lopez\/"}]}},"wps_subtitle":"Fen\u00f3menos de fondo como la demograf\u00eda, la evoluci\u00f3n tecnol\u00f3gica o el cambio clim\u00e1tico permiten vislumbrar c\u00f3mo ser\u00e1 la econom\u00eda del mundo dentro de unas d\u00e9cadas","_links":{"self":[{"href":"https:\/\/conversesacatalunya.cat\/es\/wp-json\/wp\/v2\/posts\/74434","targetHints":{"allow":["GET"]}}],"collection":[{"href":"https:\/\/conversesacatalunya.cat\/es\/wp-json\/wp\/v2\/posts"}],"about":[{"href":"https:\/\/conversesacatalunya.cat\/es\/wp-json\/wp\/v2\/types\/post"}],"author":[{"embeddable":true,"href":"https:\/\/conversesacatalunya.cat\/es\/wp-json\/wp\/v2\/users\/75"}],"replies":[{"embeddable":true,"href":"https:\/\/conversesacatalunya.cat\/es\/wp-json\/wp\/v2\/comments?post=74434"}],"version-history":[{"count":2,"href":"https:\/\/conversesacatalunya.cat\/es\/wp-json\/wp\/v2\/posts\/74434\/revisions"}],"predecessor-version":[{"id":74436,"href":"https:\/\/conversesacatalunya.cat\/es\/wp-json\/wp\/v2\/posts\/74434\/revisions\/74436"}],"wp:featuredmedia":[{"embeddable":true,"href":"https:\/\/conversesacatalunya.cat\/es\/wp-json\/wp\/v2\/media\/74408"}],"wp:attachment":[{"href":"https:\/\/conversesacatalunya.cat\/es\/wp-json\/wp\/v2\/media?parent=74434"}],"wp:term":[{"taxonomy":"category","embeddable":true,"href":"https:\/\/conversesacatalunya.cat\/es\/wp-json\/wp\/v2\/categories?post=74434"},{"taxonomy":"post_tag","embeddable":true,"href":"https:\/\/conversesacatalunya.cat\/es\/wp-json\/wp\/v2\/tags?post=74434"}],"curies":[{"name":"wp","href":"https:\/\/api.w.org\/{rel}","templated":true}]}}