{"id":74348,"date":"2024-01-24T10:08:49","date_gmt":"2024-01-24T09:08:49","guid":{"rendered":"https:\/\/conversesacatalunya.cat\/?p=74348"},"modified":"2024-01-24T10:08:49","modified_gmt":"2024-01-24T09:08:49","slug":"conclusiones-world-economic-forum-davos","status":"publish","type":"post","link":"https:\/\/conversesacatalunya.cat\/es\/conclusiones-world-economic-forum-davos\/","title":{"rendered":"Conclusiones del World Economic Forum (WEF) celebrado en Davos"},"content":{"rendered":"<h3><strong>El significado de las reuniones de Davos<\/strong><\/h3>\n<p>Como hace cada a\u00f1o por estas fechas, el profesor alem\u00e1n de econom\u00eda <strong>Klaus Schwab<\/strong>, de 85 a\u00f1os, ha clausurado la \u00faltima edici\u00f3n de la semana de reuniones internacionales organizada por el World Economic Forum (WEF) en la localidad alpina suiza de Davos. El lema de la edici\u00f3n de este a\u00f1o ha sido \u00e9ste: <strong>Rebuilding Trust (reconstruir la confianza)<\/strong>.<\/p>\n<p>Como cada a\u00f1o, una parte significativa de las \u00e9lites pol\u00edticas, empresariales, financieras, acad\u00e9micas, medi\u00e1ticas y del pensamiento mundiales se ha desplazado a Davos para <strong>escuchar presentaciones, analizar\u00a0megatrends\u00a0(grandes tendencias) sobre el estado del mundo, intercambiar ideas, buscar oportunidades y, sobre todo, para hacer networking (relaciones personales).<\/strong><\/p>\n<p>El encuentro de este a\u00f1o ha reunido a casi<strong> 3.000 l\u00edderes globales y empresariales<\/strong>, provenientes de m\u00e1s de <strong>80 pa\u00edses<\/strong>. Cuando el profesor Klaus Schwab fund\u00f3 el encuentro en 1971, el t\u00edtulo del encuentro era\u00a0European\u00a0Management\u00a0Forum\u00a0y los participantes rondaban los 450 l\u00edderes empresariales, provenientes de 31 pa\u00edses, que se daban cita en Davos con la sola intenci\u00f3n de compartir pr\u00e1cticas de direcci\u00f3n de empresas. El encuentro ha cambiado mucho desde entonces, <strong>ha pasado de empresarial a global<\/strong>.<\/p>\n<p><strong>El polit\u00f3logo y profesor estadounidense Samuel P. Huntington<\/strong>, autor del famoso libro \u00abEl choque de civilizaciones y la reconfiguraci\u00f3n del orden mundial\u00bb, defini\u00f3 en 2004 a los asistentes a la semana de Davos como \u00ab\u00e9lite global con poca necesidad de lealtad nacional, que considera que las fronteras nacionales son obst\u00e1culos afortunadamente en v\u00edas de desaparici\u00f3n y que contempla a los gobiernos nacionales como elementos residuales del pasado\u00bb.<\/p>\n<h5><strong>Actualmente, se est\u00e1 asistiendo al retorno de los estados nacionales y se constata la decadencia de la globalizaci\u00f3n y el multilateralismo en general.<\/strong><\/h5>\n<p>Lo que hoy est\u00e1 de moda es la <strong>national fealty (lealtad nacional).<\/strong> Las fronteras ya no son consideradas obst\u00e1culos, sino muy a menudo instrumentos de protecci\u00f3n. El big State (el estado fuerte) ya no se ve como un anacronismo.<strong> \u00abSe acab\u00f3 el Davos consensus, es cosa del pasado\u00bb<\/strong>. Las amenazas a la estabilidad mundial son crecientes, con guerras devastadoras como las de Ucrania, Gaza y otras en diferentes lugares del mundo, y con un <strong>Donald Trump<\/strong>, gran antiglobalista, que vuelve a presentarse como candidato a la presidencia de Estados Unidos con las encuestas a su favor.<\/p>\n<blockquote><p><strong>El mundo est\u00e1 cambiando de forma no prevista por los globalistas. Sin embargo, Davos sigue siendo una caja de resonancia importante a escala global<\/strong><\/p><\/blockquote>\n<p>El mundo est\u00e1 cambiando de forma no prevista por los globalistas. Sin embargo, Davos sigue siendo una caja de resonancia importante a escala global. <strong>Su punto fuerte no consiste en ofrecer soluciones a los problemas del mundo actual, sino en ofrecer una gigantesca plataforma de contactos.<\/strong> Dicen los participantes que los encuentros m\u00e1s \u00fatiles, adem\u00e1s de ser los m\u00e1s c\u00e9lebres, son los one-to-one (cara a cara) con personas que interesan. Son brev\u00edsimas y sus protagonistas van directamente al grano. Un ejecutivo estadounidense ha declarado: \u00abYo voy cada a\u00f1o a Davos porque encuentro reunidas en el mismo sitio a todas las personas que me interesa ver\u00bb.<\/p>\n<h3><strong>Elecciones, riesgos y necesaria recuperaci\u00f3n de la confianza en un entorno geopol\u00edtico turbulento<\/strong><\/h3>\n<p><strong>El 2024 ser\u00e1 un <a href=\"https:\/\/conversesacatalunya.cat\/es\/2024-ano-de-elecciones-votara-mitad-poblacion-mundial\/\" target=\"_blank\" rel=\"noopener\">a\u00f1o electoral<\/a> en muchos pa\u00edses del mundo.<\/strong> Seg\u00fan el Global\u00a0Riesks\u00a0Report 2024 del World Economic Forum (WEF), las informaciones manipuladas y la desinformaci\u00f3n constituyen el mayor riesgo a corto plazo. La polarizaci\u00f3n social es el tercer riesgo. El resto de <strong>riesgos detectados a corto plazo, hasta diez, son:<\/strong> la ciberseguridad, los conflictos armados entre estados, la carencia de oportunidad econ\u00f3mica, la inflaci\u00f3n, las migraciones involuntarias, la recesi\u00f3n econ\u00f3mica y la contaminaci\u00f3n.<\/p>\n<h5><strong>El secretario general de la ONU, <span class=\"hiddenGrammarError\">Antonio Guterres<\/span>, ha declarado:<\/strong><\/h5>\n<p style=\"padding-left: 40px;\">\u00abCuando las normas globales colapsan, tambi\u00e9n colapsa la confianza. Estoy personalmente impresionado por la erosi\u00f3n sistem\u00e1tica de principios y est\u00e1ndares que d\u00e1bamos por supuestos. Muchos pa\u00edses y empresas persiguen sus propios y limitados intereses sin consideraciones por el futuro que hemos de compartir o por el bien com\u00fan.Si no reaccionamos, la situaci\u00f3n todav\u00eda empeorar\u00e1.Reconstruir la confianza no es s\u00f3lo un eslogan o una campa\u00f1a de relaciones p\u00fablicas.Requiere reformas profundas de la gobernanza global para afrontar las grandes tensiones geopol\u00edticas que tenemos ante nosotros en esta nueva era de multipolaridad\u00bb.<\/p>\n<h3><strong>Tomar el pulso del mundo<\/strong><\/h3>\n<p><strong>Davos destaca por los diagn\u00f3sticos y visiones de conjunto que proporciona a los asistentes y no por las soluciones que les pueda facilitar<\/strong>. Un gran empresario europeo ha declarado: \u00abYo voy a Davos sobre todo para tomar el pulso sobre mi gran entorno, es decir, sobre todo lo que est\u00e1 sucediendo de importante en el mundo que sea relevante para mi empresa\u00bb.<\/p>\n<p>La primera idea que los participantes de este a\u00f1o se llevan a casa es que el mundo est\u00e1 experimentando una gran transformaci\u00f3n y vivimos un presente incierto. Factores clave impulsores de esta transformaci\u00f3n son: <strong>el geopol\u00edtico<\/strong> (guerras, cambios en el orden mundial); <strong>el tecnol\u00f3gico<\/strong> (revoluci\u00f3n de la inteligencia artificial); <strong>la evoluci\u00f3n de un cambio clim\u00e1tico<\/strong> desbocado; los fort\u00edsimos niveles de <strong>polarizaci\u00f3n pol\u00edtica y social<\/strong> (Estados Unidos, un caso paradigm\u00e1tico); las grandes din\u00e1micas de <strong>envejecimiento de la poblaci\u00f3n<\/strong> en pa\u00edses importantes (China entre ellos).<\/p>\n<blockquote><p><strong>La inteligencia artificial\u00a0(IA) generar\u00e1 el escenario geopol\u00edtico m\u00e1s turbulento en d\u00e9cadas<\/strong><\/p><\/blockquote>\n<p>La inteligencia artificial\u00a0(IA) generar\u00e1 el escenario geopol\u00edtico m\u00e1s turbulento en d\u00e9cadas. Un informe del Fondo Monetario Internacional (FMI) distribuido antes del inicio del encuentro <strong>prev\u00e9 para este a\u00f1o un gran <a href=\"https:\/\/conversesacatalunya.cat\/es\/i-a-destruyendo-puestos-trabajo\/\" target=\"_blank\" rel=\"noopener\">impacto negativo<\/a> de la IA sobre el mercado de trabajo<\/strong>. Junto a la promesa de enormes ganancias en productividad con la IA, se encuentra la amenaza de una gran disrupci\u00f3n y de muchos puestos de trabajo destruidos. Ha impresionado la preeminencia de la IA generativa en el programa oficial del F\u00f3rum. El informe del FMI\u00a0 tambi\u00e9n pone el \u00e9nfasis en el aumento de las desigualdades, ya que la IA premia a las \u00e9lites y eso ensancha la brecha social.<\/p>\n<p><strong>El Foro de este a\u00f1o tambi\u00e9n ha puesto de relieve que la brecha econ\u00f3mica entre Europa y Estados Unidos alcanza un r\u00e9cord.<\/strong> Europa se est\u00e1 quedando atr\u00e1s (Europe is lagging behind). Un informe de la consultora McKinsey (Accelerating Europe: Competitiveness for a new era) fue distribuido en la reuni\u00f3n, pon\u00eda de relieve que los ingresos per c\u00e1pita de los europeos son un 27% inferiores a los estadounidenses.<strong> La comparaci\u00f3n entre ambos bloques es despiadada<\/strong>. En 2011 la UE estaba por encima de Estados Unidos. Hoy, en poco m\u00e1s de diez a\u00f1os, Estados Unidos tiene un 47% m\u00e1s de riqueza que los europeos.<\/p>\n<h3><strong>Intervenciones destacadas<\/strong><\/h3>\n<p>Representantes de Pek\u00edn, Washington y Bruselas han estado presentes en Davos.<strong> La lectura cruzada de sus declaraciones no fue tranquilizadora.<\/strong> No se ve un camino seguro que evite la confrontaci\u00f3n entre Estados Unidos y China, ni que proporcione a la UE la autonom\u00eda estrat\u00e9gica que precisa para jugar un papel de intermediaci\u00f3n entre las dos grandes potencias.<\/p>\n<h4><strong>El primer ministro de China, Li Qiang<\/strong><\/h4>\n<p><strong>El primer ministro de China, Li Qiang, lleg\u00f3 a Davos al frente de una extensa delegaci\u00f3n china.<\/strong> Li Qiang ha declarado que \u00abla confianza se ha erosionado entre Estados Unidos y China\u00bb. Se ha quejado de las medidas restrictivas en el comercio que Washington promueve, implantadas por Donald Trump y mantenidas, o incluso aumentadas, por Joe Biden. Tambi\u00e9n se ha quejado de los controles tecnol\u00f3gicos implantados por Washington. Es parad\u00f3jico que sean ahora los chinos quienes se declaren partidarios del multilateralismo y de la globalizaci\u00f3n, frente a los americanos. \u00abDebemos apostar por el multilateralismo, es la direcci\u00f3n adecuada; debemos basarnos en reglas reconocidas por toda la comunidad internacional, lejos de comportamientos unilaterales y hegem\u00f3nicos\u00bb. Pek\u00edn reclama \u00abun cambio del actual orden mundial\u00bb, al que considera \u00ababusivamente dominado por Occidente\u00bb.<\/p>\n<h4><strong>El secretario de Estado estadounidense, <span class=\"hiddenGrammarError\">Antonhy Blinken<\/span>\u00a0<\/strong><\/h4>\n<p>Las palabras del primer ministro chino chocan frontalmente con el hecho que en Washington existe un consenso absoluto -tal vez el \u00fanico en la hiperpolarizada pol\u00edtica estadounidense- que ya no se puede confiar en un ascenso pac\u00edfico de China serenamente incorporada al orden mundial, que durante a\u00f1os se ha beneficiado de forma abusiva de un marco que le conced\u00eda ventajas y que le ha facilitado tecnolog\u00eda punta que ha incorporado a sus fuerzas militares y de seguridad. <strong>Jake Sullivan, consejero de seguridad de la Casa Blanca,<\/strong> present\u00f3 hace unos meses la \u00faltima versi\u00f3n de la estrategia de seguridad de Estados Unidos. Este documento es partidario de controles comerciales y tecnol\u00f3gicos sobre China. El secretario de Estado norteamericano, <strong>Antonhy Blinken<\/strong> ha estado presente en Davos, pero no ha pronunciado ning\u00fan discurso p\u00fablico. Aprovech\u00f3 el foro para mantener reuniones bilaterales.<\/p>\n<h4><strong>La presidenta de la Comisi\u00f3n Europea, \u00darsula von der Leyen<\/strong><\/h4>\n<p>La presidenta de la Comisi\u00f3n Europea, la alemana \u00darsula von der Leyen, <strong>ha declarado<\/strong> que \u00abel mundo atraviesa una era de conflicto y confrontaci\u00f3n que representa el mayor riesgo para el orden global en la \u00e9poca de la posguerra mundial\u00bb. La presidenta ha tratado de presentar a la UE como un actor geopol\u00edtico que puede \u00abencabezar una respuesta\u00bb que vaya \u00abrecomponiendo la confianza rota, el escenario global fragmentado\u00bb, en medio de \u00abuna competencia no vista en d\u00e9cadas\u00bb. reivindicado la resiliencia de la UE ante el desaf\u00edo de la guerra de Ucrania: \u00abLa entrada de Kiev en la UE ser\u00e1 la respuesta de Europa a la llamada de la historia\u00bb.<\/p>\n<h4><strong>El presidente de Ucrania, Zelenski<\/strong><\/h4>\n<p>El presidente de Ucrania, Zelenski, ha estado presente en Davos. Ha intentado reavivar la ayuda occidental en su pa\u00eds. Su visita se produc\u00eda en un momento en el que las nuevas ayudas de Estados Unidos y la UE se iban paralizando. Zelenski ha declarado: \u00abTengamos cuidado, Putin es un depredador que no se conforma con productos congelados\u00bb, dando a entender que si Ucrania cayera, otros pa\u00edses europeos podr\u00edan ser entonces atacados. \u00abNuestra guerra es una guerra para la defensa no s\u00f3lo de Ucrania sino de Europa y sus valores\u00bb.<\/p>\n<h4><strong>El presidente franc\u00e9s, Emmanuel Macron<\/strong><\/h4>\n<p>El presidente franc\u00e9s, Emmanuel Macron, abog\u00f3 por un gran programa inversor europeo en tecnolog\u00edas digitales, verdes y de defensa, a trav\u00e9s de una nueva emisi\u00f3n de deuda como la Next Generation. Tambi\u00e9n ha declarado que la UE necesita una mayor autonom\u00eda estrat\u00e9gica, a riesgo de quedarse descolgada en la competencia existente entre Estados Unidos y China.<\/p>\n<h4><strong>El presidente espa\u00f1ol, Pedro S\u00e1nchez<\/strong><\/h4>\n<p>Pedro S\u00e1nchez ha ido a Davos a vender \u00abla buena salud econ\u00f3mica de la econom\u00eda espa\u00f1ola\u00bb a los inversores internacionales. Tambi\u00e9n pidi\u00f3 a las empresas que combatan \u00ablos postulados neoliberales\u00bb, y llam\u00f3 a \u00abluchar contra la ola reaccionaria que recorre el mundo para proteger la democracia\u00bb. Se ha reunido con empresas del Ibex presentes en el encuentro para tratar sobre la IA y la reindustrializaci\u00f3n. Un analista ha comentado: \u00abEst\u00e1 claro que S\u00e1nchez no le basta con gobernar Espa\u00f1a, cada vez se ve m\u00e1s evidente que tambi\u00e9n se quiere erigir en l\u00edder de la socialdemocracia europea\u00bb.<\/p>\n<h4><strong>El presidente de Argentina, Javier Milei<\/strong><\/h4>\n<p>El nuevo presidente de Argentina, Javier Milei, se ha situado en las ant\u00edpodas de los postulados de S\u00e1nchez y de sus cr\u00edticas del neoliberalismo. \u00abHoy estoy aqu\u00ed para decirles que Occidente est\u00e1 en peligro. Est\u00e1 en peligro porque quienes supuestamente deben defender sus valores est\u00e1n cooptados por una visi\u00f3n del mundo que inexorablemente conduce al socialismo y en consecuencia a la pobreza\u00bb. El magnate estadounidense<strong> Elon Musk<\/strong> se ha declarado de inmediato a favor de las tesis de Javier Milei en declaraciones a la red social X (antes Twitter), que controla, donde ha escrito lo siguiente: \u00abMuy buena explicaci\u00f3n de Milei sobre lo que hace que los pa\u00edses sean m\u00e1s o menos pr\u00f3speros\u00bb. Milei tambi\u00e9n ha explicado porqu\u00e9 ha rechazado la invitaci\u00f3n de Brasil y China de incorporarse al grupo de pa\u00edses <a href=\"https:\/\/conversesacatalunya.cat\/es\/grupo-brics-alternativa-occidente\/\" target=\"_blank\" rel=\"noopener\"><strong>BRICS<\/strong><\/a>. La raz\u00f3n que ha dado es que \u00abArgentina es un pa\u00eds occidental y no quiere saber nada de una organizaci\u00f3n dominada por comunistas\u00bb.<\/p>\n<span class='bctt-click-to-tweet'><span class='bctt-ctt-text'><a href='https:\/\/twitter.com\/intent\/tweet?url=https%3A%2F%2Fconversesacatalunya.cat%2Fes%2Fconclusiones-world-economic-forum-davos%2F&#038;text=La%20primera%20idea%20que%20els%20participants%20d%27enguany%20s%27emporten%20a%20casa%20%C3%A9s%20que%20el%20m%C3%B3n%20est%C3%A0%20experimentant%20una%20gran%20transformaci%C3%B3%20i%20que%20vivim%20un%20present%20incert&#038;via=conversesacat&#038;related=conversesacat' target='_blank'rel=\"noopener noreferrer\">La primera idea que els participants d&#039;enguany s&#039;emporten a casa \u00e9s que el m\u00f3n est\u00e0 experimentant una gran transformaci\u00f3 i que vivim un present incert <\/a><\/span><a href='https:\/\/twitter.com\/intent\/tweet?url=https%3A%2F%2Fconversesacatalunya.cat%2Fes%2Fconclusiones-world-economic-forum-davos%2F&#038;text=La%20primera%20idea%20que%20els%20participants%20d%27enguany%20s%27emporten%20a%20casa%20%C3%A9s%20que%20el%20m%C3%B3n%20est%C3%A0%20experimentant%20una%20gran%20transformaci%C3%B3%20i%20que%20vivim%20un%20present%20incert&#038;via=conversesacat&#038;related=conversesacat' target='_blank' class='bctt-ctt-btn'rel=\"noopener noreferrer\">Compartir en X<\/a><\/span>\n<div id=\"polls-226\" class=\"wp-polls\">\n\t<form id=\"polls_form_226\" class=\"wp-polls-form\" action=\"\/index.php\" method=\"post\">\n\t\t<p style=\"display: none;\"><input type=\"hidden\" id=\"poll_226_nonce\" name=\"wp-polls-nonce\" value=\"5abd13c427\" \/><\/p>\n\t\t<p style=\"display: none;\"><input type=\"hidden\" name=\"poll_id\" value=\"226\" \/><\/p>\n\t\t<p style=\"text-align: center\"><strong>CREUS QUE CATALUNYA NECESSITA UNES ELECCIONS ANTICIPADES? DONA'NS LA TEVA RESPOSTA<\/strong><\/p><div id=\"polls-226-ans\" class=\"wp-polls-ans\"><ul class=\"wp-polls-ul\">\n\t\t<li><input type=\"radio\" id=\"poll-answer-628\" name=\"poll_226\" value=\"628\" \/> <label for=\"poll-answer-628\">SI<\/label><\/li>\n\t\t<li><input type=\"radio\" id=\"poll-answer-629\" name=\"poll_226\" value=\"629\" \/> <label for=\"poll-answer-629\">NO<\/label><\/li>\n\t\t<\/ul><p style=\"text-align: center\"><input type=\"button\" name=\"vote\" value=\"   Vota   \" class=\"Buttons\" onclick=\"poll_vote(226);\" \/><\/p><p style=\"text-align: center\"><a href=\"#ViewPollResults\" onclick=\"poll_result(226); return false;\" title=\"View Results Of This Poll\">Mira els resultats<\/a><\/p><\/div>\n\t<\/form>\n<\/div>\n<div id=\"polls-226-loading\" class=\"wp-polls-loading\"><img decoding=\"async\" data-src=\"https:\/\/conversesacatalunya.cat\/wp-content\/plugins\/wp-polls\/images\/loading.gif\" width=\"16\" height=\"16\" alt=\"Cargando ...\" title=\"Cargando ...\" class=\"wp-polls-image lazyload\" src=\"data:image\/svg+xml;base64,PHN2ZyB3aWR0aD0iMSIgaGVpZ2h0PSIxIiB4bWxucz0iaHR0cDovL3d3dy53My5vcmcvMjAwMC9zdmciPjwvc3ZnPg==\" style=\"--smush-placeholder-width: 16px; --smush-placeholder-aspect-ratio: 16\/16;\" \/>&nbsp;Cargando ...<\/div>\n\n","protected":false},"excerpt":{"rendered":"<p>El significado de las reuniones de Davos Como hace cada a\u00f1o por estas fechas, el profesor alem\u00e1n de econom\u00eda Klaus Schwab, de 85 a\u00f1os, ha clausurado la \u00faltima edici\u00f3n de la semana de reuniones internacionales organizada por el World Economic Forum (WEF) en la localidad alpina suiza de Davos. El lema de la edici\u00f3n de este a\u00f1o ha sido \u00e9ste: Rebuilding Trust (reconstruir la confianza). Como cada a\u00f1o, una parte significativa de las \u00e9lites pol\u00edticas, empresariales, financieras, acad\u00e9micas, medi\u00e1ticas y del pensamiento mundiales se ha desplazado a Davos para escuchar presentaciones, analizar\u00a0megatrends\u00a0(grandes tendencias) sobre el estado del mundo, intercambiar ideas, buscar oportunidades y, sobre todo, para hacer networking (relaciones personales). El encuentro de este a\u00f1o ha reunido a casi 3.000 l\u00edderes globales y empresariales, provenientes de m\u00e1s de 80 pa\u00edses. Cuando el profesor Klaus Schwab fund\u00f3 el encuentro en 1971, el t\u00edtulo del encuentro era\u00a0European\u00a0Management\u00a0Forum\u00a0y los participantes rondaban los 450 l\u00edderes empresariales, provenientes de 31 pa\u00edses, que se daban cita en Davos con la sola intenci\u00f3n de compartir pr\u00e1cticas de direcci\u00f3n de empresas. El encuentro ha cambiado mucho desde entonces, ha pasado de empresarial a global. El polit\u00f3logo y profesor estadounidense Samuel P. Huntington, autor del famoso libro \u00abEl choque de civilizaciones y la reconfiguraci\u00f3n del orden mundial\u00bb, defini\u00f3 en 2004 a los asistentes a la semana de Davos como \u00ab\u00e9lite global con poca necesidad de lealtad nacional, que considera que las fronteras nacionales son obst\u00e1culos afortunadamente en v\u00edas de desaparici\u00f3n y que contempla a los gobiernos nacionales como elementos residuales del pasado\u00bb. Actualmente, se est\u00e1 asistiendo al retorno de los estados nacionales y se constata la decadencia de la globalizaci\u00f3n y el multilateralismo en general. Lo que hoy est\u00e1 de moda es la national fealty (lealtad nacional). Las fronteras ya no son consideradas obst\u00e1culos, sino muy a menudo instrumentos de protecci\u00f3n. El big State (el estado fuerte) ya no se ve como un anacronismo. \u00abSe acab\u00f3 el Davos consensus, es cosa del pasado\u00bb. Las amenazas a la estabilidad mundial son crecientes, con guerras devastadoras como las de Ucrania, Gaza y otras en diferentes lugares del mundo, y con un Donald Trump, gran antiglobalista, que vuelve a presentarse como candidato a la presidencia de Estados Unidos con las encuestas a su favor. El mundo est\u00e1 cambiando de forma no prevista por los globalistas. Sin embargo, Davos sigue siendo una caja de resonancia importante a escala global El mundo est\u00e1 cambiando de forma no prevista por los globalistas. Sin embargo, Davos sigue siendo una caja de resonancia importante a escala global. Su punto fuerte no consiste en ofrecer soluciones a los problemas del mundo actual, sino en ofrecer una gigantesca plataforma de contactos. Dicen los participantes que los encuentros m\u00e1s \u00fatiles, adem\u00e1s de ser los m\u00e1s c\u00e9lebres, son los one-to-one (cara a cara) con personas que interesan. Son brev\u00edsimas y sus protagonistas van directamente al grano. Un ejecutivo estadounidense ha declarado: \u00abYo voy cada a\u00f1o a Davos porque encuentro reunidas en el mismo sitio a todas las personas que me interesa ver\u00bb. Elecciones, riesgos y necesaria recuperaci\u00f3n de la confianza en un entorno geopol\u00edtico turbulento El 2024 ser\u00e1 un a\u00f1o electoral en muchos pa\u00edses del mundo. Seg\u00fan el Global\u00a0Riesks\u00a0Report 2024 del World Economic Forum (WEF), las informaciones manipuladas y la desinformaci\u00f3n constituyen el mayor riesgo a corto plazo. La polarizaci\u00f3n social es el tercer riesgo. El resto de riesgos detectados a corto plazo, hasta diez, son: la ciberseguridad, los conflictos armados entre estados, la carencia de oportunidad econ\u00f3mica, la inflaci\u00f3n, las migraciones involuntarias, la recesi\u00f3n econ\u00f3mica y la contaminaci\u00f3n. El secretario general de la ONU, Antonio Guterres, ha declarado: \u00abCuando las normas globales colapsan, tambi\u00e9n colapsa la confianza. Estoy personalmente impresionado por la erosi\u00f3n sistem\u00e1tica de principios y est\u00e1ndares que d\u00e1bamos por supuestos. Muchos pa\u00edses y empresas persiguen sus propios y limitados intereses sin consideraciones por el futuro que hemos de compartir o por el bien com\u00fan.Si no reaccionamos, la situaci\u00f3n todav\u00eda empeorar\u00e1.Reconstruir la confianza no es s\u00f3lo un eslogan o una campa\u00f1a de relaciones p\u00fablicas.Requiere reformas profundas de la gobernanza global para afrontar las grandes tensiones geopol\u00edticas que tenemos ante nosotros en esta nueva era de multipolaridad\u00bb. Tomar el pulso del mundo Davos destaca por los diagn\u00f3sticos y visiones de conjunto que proporciona a los asistentes y no por las soluciones que les pueda facilitar. Un gran empresario europeo ha declarado: \u00abYo voy a Davos sobre todo para tomar el pulso sobre mi gran entorno, es decir, sobre todo lo que est\u00e1 sucediendo de importante en el mundo que sea relevante para mi empresa\u00bb. La primera idea que los participantes de este a\u00f1o se llevan a casa es que el mundo est\u00e1 experimentando una gran transformaci\u00f3n y vivimos un presente incierto. Factores clave impulsores de esta transformaci\u00f3n son: el geopol\u00edtico (guerras, cambios en el orden mundial); el tecnol\u00f3gico (revoluci\u00f3n de la inteligencia artificial); la evoluci\u00f3n de un cambio clim\u00e1tico desbocado; los fort\u00edsimos niveles de polarizaci\u00f3n pol\u00edtica y social (Estados Unidos, un caso paradigm\u00e1tico); las grandes din\u00e1micas de envejecimiento de la poblaci\u00f3n en pa\u00edses importantes (China entre ellos). La inteligencia artificial\u00a0(IA) generar\u00e1 el escenario geopol\u00edtico m\u00e1s turbulento en d\u00e9cadas La inteligencia artificial\u00a0(IA) generar\u00e1 el escenario geopol\u00edtico m\u00e1s turbulento en d\u00e9cadas. Un informe del Fondo Monetario Internacional (FMI) distribuido antes del inicio del encuentro prev\u00e9 para este a\u00f1o un gran impacto negativo de la IA sobre el mercado de trabajo. Junto a la promesa de enormes ganancias en productividad con la IA, se encuentra la amenaza de una gran disrupci\u00f3n y de muchos puestos de trabajo destruidos. Ha impresionado la preeminencia de la IA generativa en el programa oficial del F\u00f3rum. El informe del FMI\u00a0 tambi\u00e9n pone el \u00e9nfasis en el aumento de las desigualdades, ya que la IA premia a las \u00e9lites y eso ensancha la brecha social. El Foro de este a\u00f1o tambi\u00e9n ha puesto de relieve que la brecha econ\u00f3mica entre Europa y Estados Unidos alcanza un r\u00e9cord. Europa se est\u00e1 quedando atr\u00e1s (Europe is lagging behind). Un informe de la consultora McKinsey (Accelerating Europe: Competitiveness for a&#8230;<\/p>\n","protected":false},"author":38,"featured_media":74340,"comment_status":"open","ping_status":"open","sticky":false,"template":"","format":"standard","meta":{"_FSMCFIC_featured_image_caption":"","_FSMCFIC_featured_image_nocaption":"","_FSMCFIC_featured_image_hide":"","footnotes":""},"categories":[798,806],"tags":[1835,4917],"class_list":["post-74348","post","type-post","status-publish","format-standard","has-post-thumbnail","hentry","category-pro-europa-es","category-punts-claus-del-dia-es","tag-davos-es","tag-davos-es-2"],"yoast_head":"<!-- This site is optimized with the Yoast SEO plugin v26.8 - https:\/\/yoast.com\/product\/yoast-seo-wordpress\/ -->\n<title>Conclusiones del World Economic Forum celebrado en Davos<\/title>\n<meta name=\"description\" content=\"Klaus Schwab ha clausurado la \u00faltima edici\u00f3n de la semana de reuniones internacionales organizada por el World Economic Forum (WEF) en Davos\" \/>\n<meta name=\"robots\" content=\"index, follow, max-snippet:-1, max-image-preview:large, max-video-preview:-1\" \/>\n<link rel=\"canonical\" href=\"https:\/\/conversesacatalunya.cat\/es\/conclusiones-world-economic-forum-davos\/\" \/>\n<meta property=\"og:locale\" content=\"es_ES\" \/>\n<meta property=\"og:type\" content=\"article\" \/>\n<meta property=\"og:title\" content=\"Conclusiones del World Economic Forum celebrado en Davos\" \/>\n<meta property=\"og:description\" content=\"Klaus Schwab ha clausurado la \u00faltima edici\u00f3n de la semana de reuniones internacionales organizada por el World Economic Forum (WEF) en Davos\" \/>\n<meta property=\"og:url\" content=\"https:\/\/conversesacatalunya.cat\/es\/conclusiones-world-economic-forum-davos\/\" \/>\n<meta property=\"og:site_name\" content=\"Converses a Catalunya\" \/>\n<meta property=\"article:published_time\" content=\"2024-01-24T09:08:49+00:00\" \/>\n<meta property=\"og:image\" content=\"https:\/\/conversesacatalunya.cat\/wp-content\/uploads\/2024\/01\/Captura-1.jpg\" \/>\n\t<meta property=\"og:image:width\" content=\"1163\" \/>\n\t<meta property=\"og:image:height\" content=\"586\" \/>\n\t<meta property=\"og:image:type\" content=\"image\/jpeg\" \/>\n<meta name=\"author\" content=\"Victor Pou\" \/>\n<meta name=\"twitter:card\" content=\"summary_large_image\" \/>\n<meta name=\"twitter:label1\" content=\"Escrito por\" \/>\n\t<meta name=\"twitter:data1\" content=\"Victor Pou\" \/>\n\t<meta name=\"twitter:label2\" content=\"Tiempo de lectura\" \/>\n\t<meta name=\"twitter:data2\" content=\"11 minutos\" \/>\n<script type=\"application\/ld+json\" class=\"yoast-schema-graph\">{\"@context\":\"https:\/\/schema.org\",\"@graph\":[{\"@type\":\"Article\",\"@id\":\"https:\/\/conversesacatalunya.cat\/es\/conclusiones-world-economic-forum-davos\/#article\",\"isPartOf\":{\"@id\":\"https:\/\/conversesacatalunya.cat\/es\/conclusiones-world-economic-forum-davos\/\"},\"author\":{\"name\":\"Victor Pou\",\"@id\":\"https:\/\/conversesacatalunya.cat\/#\/schema\/person\/1b0082ee920b837be791bee630d460b2\"},\"headline\":\"Conclusiones del World Economic Forum (WEF) celebrado en Davos\",\"datePublished\":\"2024-01-24T09:08:49+00:00\",\"mainEntityOfPage\":{\"@id\":\"https:\/\/conversesacatalunya.cat\/es\/conclusiones-world-economic-forum-davos\/\"},\"wordCount\":2147,\"commentCount\":1,\"image\":{\"@id\":\"https:\/\/conversesacatalunya.cat\/es\/conclusiones-world-economic-forum-davos\/#primaryimage\"},\"thumbnailUrl\":\"https:\/\/conversesacatalunya.cat\/wp-content\/uploads\/2024\/01\/Captura-1.jpg\",\"keywords\":[\"Davos\",\"Davos\"],\"articleSection\":[\"Pro Europa (ES)\",\"Punts clau del dia (ES)\"],\"inLanguage\":\"es\",\"potentialAction\":[{\"@type\":\"CommentAction\",\"name\":\"Comment\",\"target\":[\"https:\/\/conversesacatalunya.cat\/es\/conclusiones-world-economic-forum-davos\/#respond\"]}]},{\"@type\":\"WebPage\",\"@id\":\"https:\/\/conversesacatalunya.cat\/es\/conclusiones-world-economic-forum-davos\/\",\"url\":\"https:\/\/conversesacatalunya.cat\/es\/conclusiones-world-economic-forum-davos\/\",\"name\":\"Conclusiones del World Economic Forum celebrado en Davos\",\"isPartOf\":{\"@id\":\"https:\/\/conversesacatalunya.cat\/#website\"},\"primaryImageOfPage\":{\"@id\":\"https:\/\/conversesacatalunya.cat\/es\/conclusiones-world-economic-forum-davos\/#primaryimage\"},\"image\":{\"@id\":\"https:\/\/conversesacatalunya.cat\/es\/conclusiones-world-economic-forum-davos\/#primaryimage\"},\"thumbnailUrl\":\"https:\/\/conversesacatalunya.cat\/wp-content\/uploads\/2024\/01\/Captura-1.jpg\",\"datePublished\":\"2024-01-24T09:08:49+00:00\",\"author\":{\"@id\":\"https:\/\/conversesacatalunya.cat\/#\/schema\/person\/1b0082ee920b837be791bee630d460b2\"},\"description\":\"Klaus Schwab ha clausurado la \u00faltima edici\u00f3n de la semana de reuniones internacionales organizada por el World Economic Forum (WEF) en Davos\",\"breadcrumb\":{\"@id\":\"https:\/\/conversesacatalunya.cat\/es\/conclusiones-world-economic-forum-davos\/#breadcrumb\"},\"inLanguage\":\"es\",\"potentialAction\":[{\"@type\":\"ReadAction\",\"target\":[\"https:\/\/conversesacatalunya.cat\/es\/conclusiones-world-economic-forum-davos\/\"]}]},{\"@type\":\"ImageObject\",\"inLanguage\":\"es\",\"@id\":\"https:\/\/conversesacatalunya.cat\/es\/conclusiones-world-economic-forum-davos\/#primaryimage\",\"url\":\"https:\/\/conversesacatalunya.cat\/wp-content\/uploads\/2024\/01\/Captura-1.jpg\",\"contentUrl\":\"https:\/\/conversesacatalunya.cat\/wp-content\/uploads\/2024\/01\/Captura-1.jpg\",\"width\":1163,\"height\":586,\"caption\":\"Conclusiones del World Economic Forum\"},{\"@type\":\"BreadcrumbList\",\"@id\":\"https:\/\/conversesacatalunya.cat\/es\/conclusiones-world-economic-forum-davos\/#breadcrumb\",\"itemListElement\":[{\"@type\":\"ListItem\",\"position\":1,\"name\":\"Inici\",\"item\":\"https:\/\/conversesacatalunya.cat\/es\/\"},{\"@type\":\"ListItem\",\"position\":2,\"name\":\"Conclusiones del World Economic Forum (WEF) celebrado en Davos\"}]},{\"@type\":\"WebSite\",\"@id\":\"https:\/\/conversesacatalunya.cat\/#website\",\"url\":\"https:\/\/conversesacatalunya.cat\/\",\"name\":\"Converses a Catalunya\",\"description\":\"\",\"potentialAction\":[{\"@type\":\"SearchAction\",\"target\":{\"@type\":\"EntryPoint\",\"urlTemplate\":\"https:\/\/conversesacatalunya.cat\/?s={search_term_string}\"},\"query-input\":{\"@type\":\"PropertyValueSpecification\",\"valueRequired\":true,\"valueName\":\"search_term_string\"}}],\"inLanguage\":\"es\"},{\"@type\":\"Person\",\"@id\":\"https:\/\/conversesacatalunya.cat\/#\/schema\/person\/1b0082ee920b837be791bee630d460b2\",\"name\":\"Victor Pou\",\"image\":{\"@type\":\"ImageObject\",\"inLanguage\":\"es\",\"@id\":\"https:\/\/conversesacatalunya.cat\/#\/schema\/person\/image\/\",\"url\":\"https:\/\/conversesacatalunya.cat\/wp-content\/litespeed\/avatar\/b9b32a5f987117ce72836d050f735d2b.jpg?ver=1777366285\",\"contentUrl\":\"https:\/\/conversesacatalunya.cat\/wp-content\/litespeed\/avatar\/b9b32a5f987117ce72836d050f735d2b.jpg?ver=1777366285\",\"caption\":\"Victor Pou\"},\"url\":\"https:\/\/conversesacatalunya.cat\/es\/author\/victor_pou\/\"}]}<\/script>\n<!-- \/ Yoast SEO plugin. -->","yoast_head_json":{"title":"Conclusiones del World Economic Forum celebrado en Davos","description":"Klaus Schwab ha clausurado la \u00faltima edici\u00f3n de la semana de reuniones internacionales organizada por el World Economic Forum (WEF) en Davos","robots":{"index":"index","follow":"follow","max-snippet":"max-snippet:-1","max-image-preview":"max-image-preview:large","max-video-preview":"max-video-preview:-1"},"canonical":"https:\/\/conversesacatalunya.cat\/es\/conclusiones-world-economic-forum-davos\/","og_locale":"es_ES","og_type":"article","og_title":"Conclusiones del World Economic Forum celebrado en Davos","og_description":"Klaus Schwab ha clausurado la \u00faltima edici\u00f3n de la semana de reuniones internacionales organizada por el World Economic Forum (WEF) en Davos","og_url":"https:\/\/conversesacatalunya.cat\/es\/conclusiones-world-economic-forum-davos\/","og_site_name":"Converses a Catalunya","article_published_time":"2024-01-24T09:08:49+00:00","og_image":[{"width":1163,"height":586,"url":"https:\/\/conversesacatalunya.cat\/wp-content\/uploads\/2024\/01\/Captura-1.jpg","type":"image\/jpeg"}],"author":"Victor Pou","twitter_card":"summary_large_image","twitter_misc":{"Escrito por":"Victor Pou","Tiempo de lectura":"11 minutos"},"schema":{"@context":"https:\/\/schema.org","@graph":[{"@type":"Article","@id":"https:\/\/conversesacatalunya.cat\/es\/conclusiones-world-economic-forum-davos\/#article","isPartOf":{"@id":"https:\/\/conversesacatalunya.cat\/es\/conclusiones-world-economic-forum-davos\/"},"author":{"name":"Victor Pou","@id":"https:\/\/conversesacatalunya.cat\/#\/schema\/person\/1b0082ee920b837be791bee630d460b2"},"headline":"Conclusiones del World Economic Forum (WEF) celebrado en Davos","datePublished":"2024-01-24T09:08:49+00:00","mainEntityOfPage":{"@id":"https:\/\/conversesacatalunya.cat\/es\/conclusiones-world-economic-forum-davos\/"},"wordCount":2147,"commentCount":1,"image":{"@id":"https:\/\/conversesacatalunya.cat\/es\/conclusiones-world-economic-forum-davos\/#primaryimage"},"thumbnailUrl":"https:\/\/conversesacatalunya.cat\/wp-content\/uploads\/2024\/01\/Captura-1.jpg","keywords":["Davos","Davos"],"articleSection":["Pro Europa (ES)","Punts clau del dia (ES)"],"inLanguage":"es","potentialAction":[{"@type":"CommentAction","name":"Comment","target":["https:\/\/conversesacatalunya.cat\/es\/conclusiones-world-economic-forum-davos\/#respond"]}]},{"@type":"WebPage","@id":"https:\/\/conversesacatalunya.cat\/es\/conclusiones-world-economic-forum-davos\/","url":"https:\/\/conversesacatalunya.cat\/es\/conclusiones-world-economic-forum-davos\/","name":"Conclusiones del World Economic Forum celebrado en Davos","isPartOf":{"@id":"https:\/\/conversesacatalunya.cat\/#website"},"primaryImageOfPage":{"@id":"https:\/\/conversesacatalunya.cat\/es\/conclusiones-world-economic-forum-davos\/#primaryimage"},"image":{"@id":"https:\/\/conversesacatalunya.cat\/es\/conclusiones-world-economic-forum-davos\/#primaryimage"},"thumbnailUrl":"https:\/\/conversesacatalunya.cat\/wp-content\/uploads\/2024\/01\/Captura-1.jpg","datePublished":"2024-01-24T09:08:49+00:00","author":{"@id":"https:\/\/conversesacatalunya.cat\/#\/schema\/person\/1b0082ee920b837be791bee630d460b2"},"description":"Klaus Schwab ha clausurado la \u00faltima edici\u00f3n de la semana de reuniones internacionales organizada por el World Economic Forum (WEF) en Davos","breadcrumb":{"@id":"https:\/\/conversesacatalunya.cat\/es\/conclusiones-world-economic-forum-davos\/#breadcrumb"},"inLanguage":"es","potentialAction":[{"@type":"ReadAction","target":["https:\/\/conversesacatalunya.cat\/es\/conclusiones-world-economic-forum-davos\/"]}]},{"@type":"ImageObject","inLanguage":"es","@id":"https:\/\/conversesacatalunya.cat\/es\/conclusiones-world-economic-forum-davos\/#primaryimage","url":"https:\/\/conversesacatalunya.cat\/wp-content\/uploads\/2024\/01\/Captura-1.jpg","contentUrl":"https:\/\/conversesacatalunya.cat\/wp-content\/uploads\/2024\/01\/Captura-1.jpg","width":1163,"height":586,"caption":"Conclusiones del World Economic Forum"},{"@type":"BreadcrumbList","@id":"https:\/\/conversesacatalunya.cat\/es\/conclusiones-world-economic-forum-davos\/#breadcrumb","itemListElement":[{"@type":"ListItem","position":1,"name":"Inici","item":"https:\/\/conversesacatalunya.cat\/es\/"},{"@type":"ListItem","position":2,"name":"Conclusiones del World Economic Forum (WEF) celebrado en Davos"}]},{"@type":"WebSite","@id":"https:\/\/conversesacatalunya.cat\/#website","url":"https:\/\/conversesacatalunya.cat\/","name":"Converses a Catalunya","description":"","potentialAction":[{"@type":"SearchAction","target":{"@type":"EntryPoint","urlTemplate":"https:\/\/conversesacatalunya.cat\/?s={search_term_string}"},"query-input":{"@type":"PropertyValueSpecification","valueRequired":true,"valueName":"search_term_string"}}],"inLanguage":"es"},{"@type":"Person","@id":"https:\/\/conversesacatalunya.cat\/#\/schema\/person\/1b0082ee920b837be791bee630d460b2","name":"Victor Pou","image":{"@type":"ImageObject","inLanguage":"es","@id":"https:\/\/conversesacatalunya.cat\/#\/schema\/person\/image\/","url":"https:\/\/conversesacatalunya.cat\/wp-content\/litespeed\/avatar\/b9b32a5f987117ce72836d050f735d2b.jpg?ver=1777366285","contentUrl":"https:\/\/conversesacatalunya.cat\/wp-content\/litespeed\/avatar\/b9b32a5f987117ce72836d050f735d2b.jpg?ver=1777366285","caption":"Victor Pou"},"url":"https:\/\/conversesacatalunya.cat\/es\/author\/victor_pou\/"}]}},"wps_subtitle":"Davos destaca por los diagn\u00f3sticos y visiones de conjunto que proporciona a los asistentes y no por las soluciones que les pueda facilitar","_links":{"self":[{"href":"https:\/\/conversesacatalunya.cat\/es\/wp-json\/wp\/v2\/posts\/74348","targetHints":{"allow":["GET"]}}],"collection":[{"href":"https:\/\/conversesacatalunya.cat\/es\/wp-json\/wp\/v2\/posts"}],"about":[{"href":"https:\/\/conversesacatalunya.cat\/es\/wp-json\/wp\/v2\/types\/post"}],"author":[{"embeddable":true,"href":"https:\/\/conversesacatalunya.cat\/es\/wp-json\/wp\/v2\/users\/38"}],"replies":[{"embeddable":true,"href":"https:\/\/conversesacatalunya.cat\/es\/wp-json\/wp\/v2\/comments?post=74348"}],"version-history":[{"count":8,"href":"https:\/\/conversesacatalunya.cat\/es\/wp-json\/wp\/v2\/posts\/74348\/revisions"}],"predecessor-version":[{"id":74350,"href":"https:\/\/conversesacatalunya.cat\/es\/wp-json\/wp\/v2\/posts\/74348\/revisions\/74350"}],"wp:featuredmedia":[{"embeddable":true,"href":"https:\/\/conversesacatalunya.cat\/es\/wp-json\/wp\/v2\/media\/74340"}],"wp:attachment":[{"href":"https:\/\/conversesacatalunya.cat\/es\/wp-json\/wp\/v2\/media?parent=74348"}],"wp:term":[{"taxonomy":"category","embeddable":true,"href":"https:\/\/conversesacatalunya.cat\/es\/wp-json\/wp\/v2\/categories?post=74348"},{"taxonomy":"post_tag","embeddable":true,"href":"https:\/\/conversesacatalunya.cat\/es\/wp-json\/wp\/v2\/tags?post=74348"}],"curies":[{"name":"wp","href":"https:\/\/api.w.org\/{rel}","templated":true}]}}