{"id":74040,"date":"2024-01-16T13:04:31","date_gmt":"2024-01-16T12:04:31","guid":{"rendered":"https:\/\/conversesacatalunya.cat\/barcelona-problemes\/"},"modified":"2024-01-19T18:16:44","modified_gmt":"2024-01-19T17:16:44","slug":"barcelona-problemas","status":"publish","type":"post","link":"https:\/\/conversesacatalunya.cat\/es\/barcelona-problemas\/","title":{"rendered":"Una Barcelona sin norte"},"content":{"rendered":"<p>La ciudad, aunque mal, sigue en su d\u00eda a d\u00eda, pero lo que falta es una direcci\u00f3n clara de hacia\u00a0<strong>d\u00f3nde ir\u00e1<\/strong>, porque las se\u00f1ales que env\u00eda el gobierno municipal son d\u00e9biles y discordantes.\u00a0La debilidad es que nace de un gobierno de 10 concejales sobre un total de 41 y \u00e9sta es una p\u00e9sima pr\u00e1ctica democr\u00e1tica que impide abordar con solvencia las grandes cuestiones.<\/p>\n<p>La contradicci\u00f3n nace porque Collboni a\u00fan no sabe si quiere hacer una\u00a0<strong>pol\u00edtica progre al estilo de Colau<\/strong>, de la que sigue prisionero, u otra m\u00e1s en consonancia con una visi\u00f3n empresarial de la ciudad y, por supuesto, el resultado de estas incompatibilidades son la visi\u00f3n de se\u00f1ales y pr\u00e1cticas confusas.<\/p>\n<h3><strong>Pero las grandes cuestiones no esperan<\/strong><\/h3>\n<p>El problema de la\u00a0<a href=\"https:\/\/conversesacatalunya.cat\/es\/cataluna-tiene-un-problema-en-la-seguridad\/\" target=\"_blank\" rel=\"noopener\"><strong>inseguridad<\/strong><\/a>\u00a0sigue siendo manifiesto y no se ven medidas capaces de afrontarla.\u00a0Incluso el diagn\u00f3stico es d\u00e9bil.\u00a0Y as\u00ed\u00a0 vamos mal para encontrar soluciones.<\/p>\n<p>La\u00a0<a href=\"https:\/\/conversesacatalunya.cat\/es\/las-soluciones-colau-a-la-vivienda\/\" target=\"_blank\" rel=\"noopener\"><strong>vivienda<\/strong><\/a>\u00a0es el otro punto flaco.\u00a0Barcelona tiene menos de un 2% de vivienda social. Es un esc\u00e1ndalo y esto despu\u00e9s de 8 a\u00f1os de gobierno de Colau y toda la eternidad de gobiernos socialistas, excepto el breve per\u00edodo de 4 a\u00f1os de Trias.<\/p>\n<p>Porque, cuando hablamos del problema de la vivienda no tenemos suficientemente en cuenta que desde las primeras elecciones municipales en 1979 Barcelona ha sido gobernada desde la izquierda y el resultado en 2024 es \u00e9ste, <strong>menos del 2% de vivienda social<\/strong>.<\/p>\n<p>Pero es que adem\u00e1s ahora existen nuevos factores que presionan en contra, para un extremo y otro, en la distribuci\u00f3n de las rentas. La elevada\u00a0<strong>inmigraci\u00f3n<\/strong>\u00a0que lucha por instalarse en la gran ciudad y est\u00e1 dispuesta a realizar todos los sacrificios necesarios para lograrlo y, por otra parte, los pisos tur\u00edsticos.<\/p>\n<p>Pero junto a estos grandes problemas evidentes y no resueltos hay otros que ni siquiera est\u00e1n sobre la mesa municipal.\u00a0Uno es precisamente el de la\u00a0<a href=\"https:\/\/conversesacatalunya.cat\/es\/barcelona-el-gran-risc-de-la-immigracio-el-proces-de-substitucio-esta-en-marxa\/\" target=\"_blank\" rel=\"noopener\"><strong>inmigraci\u00f3n<\/strong><\/a>.\u00a0Existe la p\u00e9sima man\u00eda de tachar de xen\u00f3foba toda consideraci\u00f3n que implique poner de relieve sus consecuencias negativas.<\/p>\n<p>Es el caso ya apuntado de su presi\u00f3n sobre la vivienda accesible en los bajos niveles de renta.\u00a0<span class=\"VIpgJd-yAWNEb-VIpgJd-fmcmS-sn54Q\">Sin embargo, tambi\u00e9n es evidente que presiona a la escuela de la ciudad.\u00a0<\/span>No puede ser de otra forma cuando el 27% de los residentes son extranjeros, mayoritariamente latinoamericanos y africanos. Esta situaci\u00f3n tambi\u00e9n afecta la forma en la que se desarrolla la lengua y la cultura catalana, cada vez m\u00e1s minoritaria en la misma ciudad.<\/p>\n<p>Es un incentivo para el crecimiento de sectores de baja productividad el disponer de mano de obra barata. Y quieras que no, aunque el conseller Helena se obsesione en negarlo, una parte de la delincuencia tiene origen en los inmigrantes, no tanto por serlo como por las condiciones sociales en las que se ven obligados a vivir. Porque no es suficiente desde puestos de trabajo y viviendas confortables reclamar a favor de la inmigraci\u00f3n, si despu\u00e9s cuando \u00e9sta est\u00e1 aqu\u00ed en una proporci\u00f3n importante se ve sometida a condiciones de miseria.<\/p>\n<p>Y todav\u00eda habr\u00eda que se\u00f1alar otra gran cuesti\u00f3n, la de la\u00a0<a href=\"https:\/\/conversesacatalunya.cat\/es\/movilidad-de-ada-colau-esta-destruyendo-barcelona\/\" target=\"_blank\" rel=\"noopener\"><strong>movilidad<\/strong><\/a>.\u00a0Barcelona se ubica en la tercera d\u00e9cada del siglo XXI con proyectos pendientes y en curso de realizaci\u00f3n del siglo XX.\u00a0La ampliaci\u00f3n de los Ferrocarriles de la Generalitat y la L\u00ednea 9 del metro y una est\u00fapida idea de utilizar un recurso del siglo XIX para atravesar el centro de la ciudad, como es el tranv\u00eda por la Diagonal.\u00a0Las obras del subsuelo siempre ayudar\u00e1n a que se realice con tanto retraso, las superficie hechas con estructuras costosas y r\u00edgidas, ser\u00e1n un grave obst\u00e1culo.<\/p>\n<p>Lo que le urge a Barcelona es ver <strong>cu\u00e1les son las tecnolog\u00edas que se aplicar\u00e1n en el actual siglo<\/strong>, las que est\u00e1n m\u00e1s maduras y las que m\u00e1s le convienen seg\u00fan sus condiciones.<\/p>\n<p>No es aceptable que una ciudad que se quiere tecnol\u00f3gicamente avanzada tenga precisamente una movilidad concebida mirando por el retrovisor en lugar de acotar lo que est\u00e1 viniendo.<\/p>\n<div id=\"polls-225\" class=\"wp-polls\">\n\t<form id=\"polls_form_225\" class=\"wp-polls-form\" action=\"\/index.php\" method=\"post\">\n\t\t<p style=\"display: none;\"><input type=\"hidden\" id=\"poll_225_nonce\" name=\"wp-polls-nonce\" value=\"d26e78e12f\" \/><\/p>\n\t\t<p style=\"display: none;\"><input type=\"hidden\" name=\"poll_id\" value=\"225\" \/><\/p>\n\t\t<p style=\"text-align: center\"><strong>Creus que l'entrenador del Bar\u00e7a ha de plegar?<\/strong><\/p><div id=\"polls-225-ans\" class=\"wp-polls-ans\"><ul class=\"wp-polls-ul\">\n\t\t<li><input type=\"radio\" id=\"poll-answer-625\" name=\"poll_225\" value=\"625\" \/> <label for=\"poll-answer-625\">S\u00ed<\/label><\/li>\n\t\t<li><input type=\"radio\" id=\"poll-answer-626\" name=\"poll_225\" value=\"626\" \/> <label for=\"poll-answer-626\">No<\/label><\/li>\n\t\t<li><input type=\"radio\" id=\"poll-answer-627\" name=\"poll_225\" value=\"627\" \/> <label for=\"poll-answer-627\">No ho s\u00e9<\/label><\/li>\n\t\t<\/ul><p style=\"text-align: center\"><input type=\"button\" name=\"vote\" value=\"   Vota   \" class=\"Buttons\" onclick=\"poll_vote(225);\" \/><\/p><p style=\"text-align: center\"><a href=\"#ViewPollResults\" onclick=\"poll_result(225); return false;\" title=\"View Results Of This Poll\">Mira els resultats<\/a><\/p><\/div>\n\t<\/form>\n<\/div>\n<div id=\"polls-225-loading\" class=\"wp-polls-loading\"><img decoding=\"async\" data-src=\"https:\/\/conversesacatalunya.cat\/wp-content\/plugins\/wp-polls\/images\/loading.gif\" width=\"16\" height=\"16\" alt=\"Cargando ...\" title=\"Cargando ...\" class=\"wp-polls-image lazyload\" src=\"data:image\/svg+xml;base64,PHN2ZyB3aWR0aD0iMSIgaGVpZ2h0PSIxIiB4bWxucz0iaHR0cDovL3d3dy53My5vcmcvMjAwMC9zdmciPjwvc3ZnPg==\" style=\"--smush-placeholder-width: 16px; --smush-placeholder-aspect-ratio: 16\/16;\" \/>&nbsp;Cargando ...<\/div>\n\n","protected":false},"excerpt":{"rendered":"<p>La ciudad, aunque mal, sigue en su d\u00eda a d\u00eda, pero lo que falta es una direcci\u00f3n clara de hacia\u00a0d\u00f3nde ir\u00e1, porque las se\u00f1ales que env\u00eda el gobierno municipal son d\u00e9biles y discordantes.\u00a0La debilidad es que nace de un gobierno de 10 concejales sobre un total de 41 y \u00e9sta es una p\u00e9sima pr\u00e1ctica democr\u00e1tica que impide abordar con solvencia las grandes cuestiones. La contradicci\u00f3n nace porque Collboni a\u00fan no sabe si quiere hacer una\u00a0pol\u00edtica progre al estilo de Colau, de la que sigue prisionero, u otra m\u00e1s en consonancia con una visi\u00f3n empresarial de la ciudad y, por supuesto, el resultado de estas incompatibilidades son la visi\u00f3n de se\u00f1ales y pr\u00e1cticas confusas. Pero las grandes cuestiones no esperan El problema de la\u00a0inseguridad\u00a0sigue siendo manifiesto y no se ven medidas capaces de afrontarla.\u00a0Incluso el diagn\u00f3stico es d\u00e9bil.\u00a0Y as\u00ed\u00a0 vamos mal para encontrar soluciones. La\u00a0vivienda\u00a0es el otro punto flaco.\u00a0Barcelona tiene menos de un 2% de vivienda social. Es un esc\u00e1ndalo y esto despu\u00e9s de 8 a\u00f1os de gobierno de Colau y toda la eternidad de gobiernos socialistas, excepto el breve per\u00edodo de 4 a\u00f1os de Trias. Porque, cuando hablamos del problema de la vivienda no tenemos suficientemente en cuenta que desde las primeras elecciones municipales en 1979 Barcelona ha sido gobernada desde la izquierda y el resultado en 2024 es \u00e9ste, menos del 2% de vivienda social. Pero es que adem\u00e1s ahora existen nuevos factores que presionan en contra, para un extremo y otro, en la distribuci\u00f3n de las rentas. La elevada\u00a0inmigraci\u00f3n\u00a0que lucha por instalarse en la gran ciudad y est\u00e1 dispuesta a realizar todos los sacrificios necesarios para lograrlo y, por otra parte, los pisos tur\u00edsticos. Pero junto a estos grandes problemas evidentes y no resueltos hay otros que ni siquiera est\u00e1n sobre la mesa municipal.\u00a0Uno es precisamente el de la\u00a0inmigraci\u00f3n.\u00a0Existe la p\u00e9sima man\u00eda de tachar de xen\u00f3foba toda consideraci\u00f3n que implique poner de relieve sus consecuencias negativas. Es el caso ya apuntado de su presi\u00f3n sobre la vivienda accesible en los bajos niveles de renta.\u00a0Sin embargo, tambi\u00e9n es evidente que presiona a la escuela de la ciudad.\u00a0No puede ser de otra forma cuando el 27% de los residentes son extranjeros, mayoritariamente latinoamericanos y africanos. Esta situaci\u00f3n tambi\u00e9n afecta la forma en la que se desarrolla la lengua y la cultura catalana, cada vez m\u00e1s minoritaria en la misma ciudad. Es un incentivo para el crecimiento de sectores de baja productividad el disponer de mano de obra barata. Y quieras que no, aunque el conseller Helena se obsesione en negarlo, una parte de la delincuencia tiene origen en los inmigrantes, no tanto por serlo como por las condiciones sociales en las que se ven obligados a vivir. Porque no es suficiente desde puestos de trabajo y viviendas confortables reclamar a favor de la inmigraci\u00f3n, si despu\u00e9s cuando \u00e9sta est\u00e1 aqu\u00ed en una proporci\u00f3n importante se ve sometida a condiciones de miseria. Y todav\u00eda habr\u00eda que se\u00f1alar otra gran cuesti\u00f3n, la de la\u00a0movilidad.\u00a0Barcelona se ubica en la tercera d\u00e9cada del siglo XXI con proyectos pendientes y en curso de realizaci\u00f3n del siglo XX.\u00a0La ampliaci\u00f3n de los Ferrocarriles de la Generalitat y la L\u00ednea 9 del metro y una est\u00fapida idea de utilizar un recurso del siglo XIX para atravesar el centro de la ciudad, como es el tranv\u00eda por la Diagonal.\u00a0Las obras del subsuelo siempre ayudar\u00e1n a que se realice con tanto retraso, las superficie hechas con estructuras costosas y r\u00edgidas, ser\u00e1n un grave obst\u00e1culo. Lo que le urge a Barcelona es ver cu\u00e1les son las tecnolog\u00edas que se aplicar\u00e1n en el actual siglo, las que est\u00e1n m\u00e1s maduras y las que m\u00e1s le convienen seg\u00fan sus condiciones. No es aceptable que una ciudad que se quiere tecnol\u00f3gicamente avanzada tenga precisamente una movilidad concebida mirando por el retrovisor en lugar de acotar lo que est\u00e1 viniendo.<\/p>\n","protected":false},"author":77,"featured_media":74026,"comment_status":"open","ping_status":"open","sticky":false,"template":"","format":"standard","meta":{"_FSMCFIC_featured_image_caption":"","_FSMCFIC_featured_image_nocaption":"","_FSMCFIC_featured_image_hide":"","footnotes":""},"categories":[3787,806],"tags":[2488,2484,1026,1677,1678,891,1897,1035],"class_list":["post-74040","post","type-post","status-publish","format-standard","has-post-thumbnail","hentry","category-expedient-barcelona-es","category-punts-claus-del-dia-es","tag-gobierno-municipal","tag-govern-municipal-es","tag-habitatge-es","tag-immigracio-es","tag-inmigracion","tag-urbanisme-es","tag-urbanismo","tag-vivienda"],"yoast_head":"<!-- This site is optimized with the Yoast SEO plugin v26.8 - https:\/\/yoast.com\/product\/yoast-seo-wordpress\/ -->\n<title>Una Barcelona sin norte - Converses a Catalunya<\/title>\n<meta name=\"description\" content=\"Los grandes problemas que asolan la ciudad de Barcelona y que el gobierno no es capaz de afrontar\" \/>\n<meta name=\"robots\" content=\"index, follow, max-snippet:-1, max-image-preview:large, max-video-preview:-1\" \/>\n<link rel=\"canonical\" href=\"https:\/\/conversesacatalunya.cat\/es\/barcelona-problemas\/\" \/>\n<meta property=\"og:locale\" content=\"es_ES\" \/>\n<meta property=\"og:type\" content=\"article\" \/>\n<meta property=\"og:title\" content=\"Una Barcelona sin norte - Converses a Catalunya\" \/>\n<meta property=\"og:description\" content=\"Los grandes problemas que asolan la ciudad de Barcelona y que el gobierno no es capaz de afrontar\" \/>\n<meta property=\"og:url\" content=\"https:\/\/conversesacatalunya.cat\/es\/barcelona-problemas\/\" \/>\n<meta property=\"og:site_name\" content=\"Converses a Catalunya\" \/>\n<meta property=\"article:published_time\" content=\"2024-01-16T12:04:31+00:00\" \/>\n<meta property=\"article:modified_time\" content=\"2024-01-19T17:16:44+00:00\" \/>\n<meta property=\"og:image\" content=\"https:\/\/conversesacatalunya.cat\/wp-content\/uploads\/2024\/01\/problemes-barcelona.jpeg\" \/>\n\t<meta property=\"og:image:width\" content=\"1024\" \/>\n\t<meta property=\"og:image:height\" content=\"683\" \/>\n\t<meta property=\"og:image:type\" content=\"image\/jpeg\" \/>\n<meta name=\"author\" content=\"Enric Casanovas\" \/>\n<meta name=\"twitter:card\" content=\"summary_large_image\" \/>\n<meta name=\"twitter:label1\" content=\"Escrito por\" \/>\n\t<meta name=\"twitter:data1\" content=\"Enric Casanovas\" \/>\n\t<meta name=\"twitter:label2\" content=\"Tiempo de lectura\" \/>\n\t<meta name=\"twitter:data2\" content=\"4 minutos\" \/>\n<script type=\"application\/ld+json\" class=\"yoast-schema-graph\">{\"@context\":\"https:\/\/schema.org\",\"@graph\":[{\"@type\":\"Article\",\"@id\":\"https:\/\/conversesacatalunya.cat\/es\/barcelona-problemas\/#article\",\"isPartOf\":{\"@id\":\"https:\/\/conversesacatalunya.cat\/es\/barcelona-problemas\/\"},\"author\":{\"name\":\"Enric Casanovas\",\"@id\":\"https:\/\/conversesacatalunya.cat\/#\/schema\/person\/79bd0577b2f3afc8d6519d207c6e8609\"},\"headline\":\"Una Barcelona sin norte\",\"datePublished\":\"2024-01-16T12:04:31+00:00\",\"dateModified\":\"2024-01-19T17:16:44+00:00\",\"mainEntityOfPage\":{\"@id\":\"https:\/\/conversesacatalunya.cat\/es\/barcelona-problemas\/\"},\"wordCount\":717,\"commentCount\":0,\"image\":{\"@id\":\"https:\/\/conversesacatalunya.cat\/es\/barcelona-problemas\/#primaryimage\"},\"thumbnailUrl\":\"https:\/\/conversesacatalunya.cat\/wp-content\/uploads\/2024\/01\/problemes-barcelona.jpeg\",\"keywords\":[\"Gobierno municipal\",\"Govern municipal\",\"Habitatge\",\"Immigraci\u00f3\",\"inmigraci\u00f3n\",\"Urbanisme\",\"urbanismo\",\"vivienda\"],\"articleSection\":[\"Expedient Barcelona (ES)\",\"Punts clau del dia (ES)\"],\"inLanguage\":\"es\",\"potentialAction\":[{\"@type\":\"CommentAction\",\"name\":\"Comment\",\"target\":[\"https:\/\/conversesacatalunya.cat\/es\/barcelona-problemas\/#respond\"]}]},{\"@type\":\"WebPage\",\"@id\":\"https:\/\/conversesacatalunya.cat\/es\/barcelona-problemas\/\",\"url\":\"https:\/\/conversesacatalunya.cat\/es\/barcelona-problemas\/\",\"name\":\"Una Barcelona sin norte - Converses a Catalunya\",\"isPartOf\":{\"@id\":\"https:\/\/conversesacatalunya.cat\/#website\"},\"primaryImageOfPage\":{\"@id\":\"https:\/\/conversesacatalunya.cat\/es\/barcelona-problemas\/#primaryimage\"},\"image\":{\"@id\":\"https:\/\/conversesacatalunya.cat\/es\/barcelona-problemas\/#primaryimage\"},\"thumbnailUrl\":\"https:\/\/conversesacatalunya.cat\/wp-content\/uploads\/2024\/01\/problemes-barcelona.jpeg\",\"datePublished\":\"2024-01-16T12:04:31+00:00\",\"dateModified\":\"2024-01-19T17:16:44+00:00\",\"author\":{\"@id\":\"https:\/\/conversesacatalunya.cat\/#\/schema\/person\/79bd0577b2f3afc8d6519d207c6e8609\"},\"description\":\"Los grandes problemas que asolan la ciudad de Barcelona y que el gobierno no es capaz de afrontar\",\"breadcrumb\":{\"@id\":\"https:\/\/conversesacatalunya.cat\/es\/barcelona-problemas\/#breadcrumb\"},\"inLanguage\":\"es\",\"potentialAction\":[{\"@type\":\"ReadAction\",\"target\":[\"https:\/\/conversesacatalunya.cat\/es\/barcelona-problemas\/\"]}]},{\"@type\":\"ImageObject\",\"inLanguage\":\"es\",\"@id\":\"https:\/\/conversesacatalunya.cat\/es\/barcelona-problemas\/#primaryimage\",\"url\":\"https:\/\/conversesacatalunya.cat\/wp-content\/uploads\/2024\/01\/problemes-barcelona.jpeg\",\"contentUrl\":\"https:\/\/conversesacatalunya.cat\/wp-content\/uploads\/2024\/01\/problemes-barcelona.jpeg\",\"width\":1024,\"height\":683,\"caption\":\"Barcelona problemes\"},{\"@type\":\"BreadcrumbList\",\"@id\":\"https:\/\/conversesacatalunya.cat\/es\/barcelona-problemas\/#breadcrumb\",\"itemListElement\":[{\"@type\":\"ListItem\",\"position\":1,\"name\":\"Inici\",\"item\":\"https:\/\/conversesacatalunya.cat\/es\/\"},{\"@type\":\"ListItem\",\"position\":2,\"name\":\"Una Barcelona sin norte\"}]},{\"@type\":\"WebSite\",\"@id\":\"https:\/\/conversesacatalunya.cat\/#website\",\"url\":\"https:\/\/conversesacatalunya.cat\/\",\"name\":\"Converses a Catalunya\",\"description\":\"\",\"potentialAction\":[{\"@type\":\"SearchAction\",\"target\":{\"@type\":\"EntryPoint\",\"urlTemplate\":\"https:\/\/conversesacatalunya.cat\/?s={search_term_string}\"},\"query-input\":{\"@type\":\"PropertyValueSpecification\",\"valueRequired\":true,\"valueName\":\"search_term_string\"}}],\"inLanguage\":\"es\"},{\"@type\":\"Person\",\"@id\":\"https:\/\/conversesacatalunya.cat\/#\/schema\/person\/79bd0577b2f3afc8d6519d207c6e8609\",\"name\":\"Enric Casanovas\",\"image\":{\"@type\":\"ImageObject\",\"inLanguage\":\"es\",\"@id\":\"https:\/\/conversesacatalunya.cat\/#\/schema\/person\/image\/\",\"url\":\"https:\/\/conversesacatalunya.cat\/wp-content\/litespeed\/avatar\/7ae4379ad4421ec77820e92afd36dd78.jpg?ver=1777373933\",\"contentUrl\":\"https:\/\/conversesacatalunya.cat\/wp-content\/litespeed\/avatar\/7ae4379ad4421ec77820e92afd36dd78.jpg?ver=1777373933\",\"caption\":\"Enric Casanovas\"},\"url\":\"https:\/\/conversesacatalunya.cat\/es\/author\/enric-casanovas\/\"}]}<\/script>\n<!-- \/ Yoast SEO plugin. -->","yoast_head_json":{"title":"Una Barcelona sin norte - Converses a Catalunya","description":"Los grandes problemas que asolan la ciudad de Barcelona y que el gobierno no es capaz de afrontar","robots":{"index":"index","follow":"follow","max-snippet":"max-snippet:-1","max-image-preview":"max-image-preview:large","max-video-preview":"max-video-preview:-1"},"canonical":"https:\/\/conversesacatalunya.cat\/es\/barcelona-problemas\/","og_locale":"es_ES","og_type":"article","og_title":"Una Barcelona sin norte - Converses a Catalunya","og_description":"Los grandes problemas que asolan la ciudad de Barcelona y que el gobierno no es capaz de afrontar","og_url":"https:\/\/conversesacatalunya.cat\/es\/barcelona-problemas\/","og_site_name":"Converses a Catalunya","article_published_time":"2024-01-16T12:04:31+00:00","article_modified_time":"2024-01-19T17:16:44+00:00","og_image":[{"width":1024,"height":683,"url":"https:\/\/conversesacatalunya.cat\/wp-content\/uploads\/2024\/01\/problemes-barcelona.jpeg","type":"image\/jpeg"}],"author":"Enric Casanovas","twitter_card":"summary_large_image","twitter_misc":{"Escrito por":"Enric Casanovas","Tiempo de lectura":"4 minutos"},"schema":{"@context":"https:\/\/schema.org","@graph":[{"@type":"Article","@id":"https:\/\/conversesacatalunya.cat\/es\/barcelona-problemas\/#article","isPartOf":{"@id":"https:\/\/conversesacatalunya.cat\/es\/barcelona-problemas\/"},"author":{"name":"Enric Casanovas","@id":"https:\/\/conversesacatalunya.cat\/#\/schema\/person\/79bd0577b2f3afc8d6519d207c6e8609"},"headline":"Una Barcelona sin norte","datePublished":"2024-01-16T12:04:31+00:00","dateModified":"2024-01-19T17:16:44+00:00","mainEntityOfPage":{"@id":"https:\/\/conversesacatalunya.cat\/es\/barcelona-problemas\/"},"wordCount":717,"commentCount":0,"image":{"@id":"https:\/\/conversesacatalunya.cat\/es\/barcelona-problemas\/#primaryimage"},"thumbnailUrl":"https:\/\/conversesacatalunya.cat\/wp-content\/uploads\/2024\/01\/problemes-barcelona.jpeg","keywords":["Gobierno municipal","Govern municipal","Habitatge","Immigraci\u00f3","inmigraci\u00f3n","Urbanisme","urbanismo","vivienda"],"articleSection":["Expedient Barcelona (ES)","Punts clau del dia (ES)"],"inLanguage":"es","potentialAction":[{"@type":"CommentAction","name":"Comment","target":["https:\/\/conversesacatalunya.cat\/es\/barcelona-problemas\/#respond"]}]},{"@type":"WebPage","@id":"https:\/\/conversesacatalunya.cat\/es\/barcelona-problemas\/","url":"https:\/\/conversesacatalunya.cat\/es\/barcelona-problemas\/","name":"Una Barcelona sin norte - Converses a Catalunya","isPartOf":{"@id":"https:\/\/conversesacatalunya.cat\/#website"},"primaryImageOfPage":{"@id":"https:\/\/conversesacatalunya.cat\/es\/barcelona-problemas\/#primaryimage"},"image":{"@id":"https:\/\/conversesacatalunya.cat\/es\/barcelona-problemas\/#primaryimage"},"thumbnailUrl":"https:\/\/conversesacatalunya.cat\/wp-content\/uploads\/2024\/01\/problemes-barcelona.jpeg","datePublished":"2024-01-16T12:04:31+00:00","dateModified":"2024-01-19T17:16:44+00:00","author":{"@id":"https:\/\/conversesacatalunya.cat\/#\/schema\/person\/79bd0577b2f3afc8d6519d207c6e8609"},"description":"Los grandes problemas que asolan la ciudad de Barcelona y que el gobierno no es capaz de afrontar","breadcrumb":{"@id":"https:\/\/conversesacatalunya.cat\/es\/barcelona-problemas\/#breadcrumb"},"inLanguage":"es","potentialAction":[{"@type":"ReadAction","target":["https:\/\/conversesacatalunya.cat\/es\/barcelona-problemas\/"]}]},{"@type":"ImageObject","inLanguage":"es","@id":"https:\/\/conversesacatalunya.cat\/es\/barcelona-problemas\/#primaryimage","url":"https:\/\/conversesacatalunya.cat\/wp-content\/uploads\/2024\/01\/problemes-barcelona.jpeg","contentUrl":"https:\/\/conversesacatalunya.cat\/wp-content\/uploads\/2024\/01\/problemes-barcelona.jpeg","width":1024,"height":683,"caption":"Barcelona problemes"},{"@type":"BreadcrumbList","@id":"https:\/\/conversesacatalunya.cat\/es\/barcelona-problemas\/#breadcrumb","itemListElement":[{"@type":"ListItem","position":1,"name":"Inici","item":"https:\/\/conversesacatalunya.cat\/es\/"},{"@type":"ListItem","position":2,"name":"Una Barcelona sin norte"}]},{"@type":"WebSite","@id":"https:\/\/conversesacatalunya.cat\/#website","url":"https:\/\/conversesacatalunya.cat\/","name":"Converses a Catalunya","description":"","potentialAction":[{"@type":"SearchAction","target":{"@type":"EntryPoint","urlTemplate":"https:\/\/conversesacatalunya.cat\/?s={search_term_string}"},"query-input":{"@type":"PropertyValueSpecification","valueRequired":true,"valueName":"search_term_string"}}],"inLanguage":"es"},{"@type":"Person","@id":"https:\/\/conversesacatalunya.cat\/#\/schema\/person\/79bd0577b2f3afc8d6519d207c6e8609","name":"Enric Casanovas","image":{"@type":"ImageObject","inLanguage":"es","@id":"https:\/\/conversesacatalunya.cat\/#\/schema\/person\/image\/","url":"https:\/\/conversesacatalunya.cat\/wp-content\/litespeed\/avatar\/7ae4379ad4421ec77820e92afd36dd78.jpg?ver=1777373933","contentUrl":"https:\/\/conversesacatalunya.cat\/wp-content\/litespeed\/avatar\/7ae4379ad4421ec77820e92afd36dd78.jpg?ver=1777373933","caption":"Enric Casanovas"},"url":"https:\/\/conversesacatalunya.cat\/es\/author\/enric-casanovas\/"}]}},"wps_subtitle":"Los grandes problemas que asolan la ciudad de Barcelona y que el gobierno no es capaz de afrontar","_links":{"self":[{"href":"https:\/\/conversesacatalunya.cat\/es\/wp-json\/wp\/v2\/posts\/74040","targetHints":{"allow":["GET"]}}],"collection":[{"href":"https:\/\/conversesacatalunya.cat\/es\/wp-json\/wp\/v2\/posts"}],"about":[{"href":"https:\/\/conversesacatalunya.cat\/es\/wp-json\/wp\/v2\/types\/post"}],"author":[{"embeddable":true,"href":"https:\/\/conversesacatalunya.cat\/es\/wp-json\/wp\/v2\/users\/77"}],"replies":[{"embeddable":true,"href":"https:\/\/conversesacatalunya.cat\/es\/wp-json\/wp\/v2\/comments?post=74040"}],"version-history":[{"count":5,"href":"https:\/\/conversesacatalunya.cat\/es\/wp-json\/wp\/v2\/posts\/74040\/revisions"}],"predecessor-version":[{"id":74206,"href":"https:\/\/conversesacatalunya.cat\/es\/wp-json\/wp\/v2\/posts\/74040\/revisions\/74206"}],"wp:featuredmedia":[{"embeddable":true,"href":"https:\/\/conversesacatalunya.cat\/es\/wp-json\/wp\/v2\/media\/74026"}],"wp:attachment":[{"href":"https:\/\/conversesacatalunya.cat\/es\/wp-json\/wp\/v2\/media?parent=74040"}],"wp:term":[{"taxonomy":"category","embeddable":true,"href":"https:\/\/conversesacatalunya.cat\/es\/wp-json\/wp\/v2\/categories?post=74040"},{"taxonomy":"post_tag","embeddable":true,"href":"https:\/\/conversesacatalunya.cat\/es\/wp-json\/wp\/v2\/tags?post=74040"}],"curies":[{"name":"wp","href":"https:\/\/api.w.org\/{rel}","templated":true}]}}