{"id":73947,"date":"2024-01-11T13:33:03","date_gmt":"2024-01-11T12:33:03","guid":{"rendered":"https:\/\/conversesacatalunya.cat\/massacre-oblidada-coronavirus\/"},"modified":"2024-01-11T15:24:59","modified_gmt":"2024-01-11T14:24:59","slug":"masacre-olvidada-coronavirus","status":"publish","type":"post","link":"https:\/\/conversesacatalunya.cat\/es\/masacre-olvidada-coronavirus\/","title":{"rendered":"Espa\u00f1a. La masacre olvidada y sin responsables"},"content":{"rendered":"<p><span><span class=\"\">Espa\u00f1a, y Catalu\u00f1a no es una excepci\u00f3n, ha vivido hace poco tiempo una cat\u00e1strofe extraordinaria por lo que significa de\u00a0<\/span><\/span><strong><span><span class=\"\">p\u00e9rdida de vidas humanas<\/span><\/span><\/strong><span><span class=\"\">, la mayor desde la Guerra Civil que acab\u00f3 en 1939. Se trata de la\u00a0<\/span><\/span><a href=\"https:\/\/conversesacatalunya.cat\/es\/coronavirus\/\" target=\"_blank\" rel=\"noopener\"><strong><span><span class=\"\">pandemia de la c\u00f3vid-19<\/span><\/span><\/strong><\/a><span><span class=\"\">\u00a0que castig\u00f3 duramente en el 2020, pero que si bien con menor intensidad, prolong\u00f3 su mortalidad al a\u00f1o siguiente e incluso, si bien ya muy disminuida, hasta el 2022.<\/span><\/span><\/p>\n<p><span>Pese a la dimensi\u00f3n de este da\u00f1o, lo que institucionalmente se ha hecho ha sido enterrarlo en el fondo del caj\u00f3n, no hablar m\u00e1s.\u00a0No indagar por qu\u00e9 se produjeron tantas muertes ni qu\u00e9 aspectos fallaron y deb\u00edan mejorarse, si ten\u00edamos o no la legislaci\u00f3n adecuada, si por ello vulneraron sistem\u00e1ticamente los derechos de los ciudadanos, si se han corregido los problemas, qu\u00e9 ha pasado con las secuelas de la covid y as\u00ed una larga lista de cuestiones.\u00a0Tambi\u00e9n, y no es un tema menor, qu\u00e9\u00a0<\/span><strong><span>responsabilidades pol\u00edticas y penales hubo<\/span><\/strong><span> en todo esto, porque, cabe subrayar, que la fiscal\u00eda general del estado fue extraordinariamente diligente para evitar toda responsabilidad de la clase pol\u00edtica.<\/span><\/p>\n<h3><span>Constatemos la magnitud de la tragedia:<\/span><\/h3>\n<p><span>La forma de determinar las muertes no es un tema menor.\u00a0La que utiliza el gobierno es el de las muertes registradas, que tambi\u00e9n se denominan, seg\u00fan el pa\u00eds \u00abmuertes confirmadas\u00bb.\u00a0Son las que poseen una dimensi\u00f3n oficial.\u00a0Pero todos los estudios determinan que esta forma de proceder subestima de forma extraordinaria las muertes causadas por la pandemia.\u00a0De ah\u00ed que se utilice en paralelo un segundo indicador que es el del exceso\u00a0<\/span><strong><a href=\"https:\/\/elifesciences.org\/articles\/69336\" target=\"_blank\" rel=\"noopener\"><span>de muertes<\/span><\/a><\/strong><span> \u00a0y que consiste en una estimaci\u00f3n de los investigadores de c\u00f3mo se desv\u00eda el n\u00famero de defunciones en relaci\u00f3n con las muertes esperadas en un a\u00f1o t\u00edpico.\u00a0Esta segunda visi\u00f3n da una comprensi\u00f3n m\u00e1s completa del impacto general de la pandemia.<\/span><\/p>\n<p><span>En Espa\u00f1a las muertes oficiales se aproximaron a las 100.000, si bien los datos sobre exceso de mortalidad hasta diciembre de 2022 se situaron entre 113.000 y 122.000.\u00a0Esta cifra equivale a una muerte en cada manzana de la ciudad de Barcelona.<\/span><\/p>\n<p><strong><span>En el contexto europeo<\/span><\/strong><span>, Espa\u00f1a no qued\u00f3 bien parada y \u00e9ste es otro hecho m\u00e1s exigente a\u00fan, la condici\u00f3n de rendir cuentas.\u00a0Por cada 100.000 habitantes, en Espa\u00f1a murieron 190. Es una cifra muy alta y se considera que EEUU presenta la misma, pese a la falta de medidas que aplic\u00f3 y la tardanza en hacerlas efectivas.<\/span><\/p>\n<p><span>S\u00f3lo nos supera en el \u00e1mbito occidental,\u00a0<\/span><strong><span>Italia<\/span><\/strong><span>\u00a0con 210, algo l\u00f3gico porque hay que recordar que pag\u00f3 la desgracia de ser el primer foco de infecci\u00f3n de Europa y, por tanto, su desconocimiento e incertidumbre era mucho mayor.\u00a0Mientras que cuando el problema empez\u00f3 a tomar dimensi\u00f3n en nuestro pa\u00eds, ya ten\u00edamos una visi\u00f3n anticipada de los acontecimientos mirando lo que ocurr\u00eda en Italia.<\/span><\/p>\n<p><span><strong>Reino<\/strong>\u00a0<\/span><strong><span>Unido<\/span><\/strong><span>, que tambi\u00e9n tard\u00f3 en adoptar medidas porque el primer ministro Johnson se resist\u00eda, alcanz\u00f3 una cifra menor de muertos que la espa\u00f1ola, 160. <\/span><strong><span>Portugal,<\/span><\/strong><span>\u00a0que no tiene un sistema sanitario al nivel del espa\u00f1ol, se situ\u00f3 por debajo tambi\u00e9n, 180.<\/span><\/p>\n<p><span>Y a partir de ah\u00ed todos los registros europeos occidentales son mucho menores.\u00a0Francia 110, Alemania 50, Pa\u00edses Bajos 110, Suecia 90, Suiza 100 e incluso Grecia tuvo menos de la mitad de v\u00edctimas mortales que Espa\u00f1a, s\u00f3lo 70 pese a la debilidad de su sistema sanitario.\u00a0Unos resultados que son explicados porque en ese pa\u00eds todav\u00eda la gente mayor mayoritariamente en lugar de vivir en residencias vive con sus familias, y este hecho preserv\u00f3 sus vidas.\u00a0Porque, record\u00e9moslo, donde se produjo la gran mortalidad fue entre las personas mayores sobre todo la que\u00a0<\/span><a href=\"https:\/\/conversesacatalunya.cat\/es\/el-escandalo-de-las-muertes-no-contabilizadas-en-las-residencias-de-ancianos\/\" target=\"_blank\" rel=\"noopener\"><strong><span>viv\u00eda en residencias<\/span><\/strong><\/a><span>\u00a0y las medidas adoptadas por las administraciones p\u00fablicas, sobre todo en Barcelona y Madrid, de no dedicar la misma atenci\u00f3n a las personas de edad que a las m\u00e1s j\u00f3venes.\u00a0Es decir, a realizar un triaje, que est\u00e1 documentado, de qui\u00e9n viv\u00eda y qui\u00e9n no.\u00a0Y esto se hizo con perfecto conocimiento de entonces ministros de Sanidad, Salvador Illa.\u00a0Tambi\u00e9n se produjeron fen\u00f3menos ins\u00f3litos como el hecho de que hubiera UCIS saturadas que no pudieran admitir a m\u00e1s enfermos, caso de Catalunya, mientras que otras comunidades aut\u00f3nomas ten\u00edan plazas sin cubrir.\u00a0En Francia, para evitar estos desequilibrios, se pusieron en marcha trenes medicalizados que transportaban a enfermos graves de un hospital a otro.<\/span><\/p>\n<p><span><span class=\"VIpgJd-yAWNEb-VIpgJd-fmcmS-sn54Q\">En definitiva, a pesar de la dimensi\u00f3n del desastre\u00a0<\/span><\/span><strong><span><span class=\"VIpgJd-yAWNEb-VIpgJd-fmcmS-sn54Q\">no se ha constituido comisi\u00f3n independiente para estudiar las causas.\u00a0<\/span><\/span><\/strong><span>No ha habido una comisi\u00f3n parlamentaria de investigaci\u00f3n, ni un Libro Blanco para examinar lo ocurrido.\u00a0S\u00f3lo el olvido interesado culpable, c\u00f3mplice y cero responsabilidades p\u00fablicas.\u00a0Es una herida abierta en nuestra historia com\u00fan, la peor desde 1939.<\/span><\/p>\n<p><span>Vamos mal cuando los gobiernos y la propia sociedad en lugar de afrontar la herida y curarla, huyen de ella.<\/span><\/p>\n<div id=\"polls-224\" class=\"wp-polls\">\n\t<form id=\"polls_form_224\" class=\"wp-polls-form\" action=\"\/index.php\" method=\"post\">\n\t\t<p style=\"display: none;\"><input type=\"hidden\" id=\"poll_224_nonce\" name=\"wp-polls-nonce\" value=\"d17cf913cd\" \/><\/p>\n\t\t<p style=\"display: none;\"><input type=\"hidden\" name=\"poll_id\" value=\"224\" \/><\/p>\n\t\t<p style=\"text-align: center\"><strong>Creus que la mascareta hauria de ser obligat\u00f2ria en el transport p\u00fablic fins que no passi l'actual onada de grip i Covid?<\/strong><\/p><div id=\"polls-224-ans\" class=\"wp-polls-ans\"><ul class=\"wp-polls-ul\">\n\t\t<li><input type=\"radio\" id=\"poll-answer-622\" name=\"poll_224\" value=\"622\" \/> <label for=\"poll-answer-622\">S\u00ed<\/label><\/li>\n\t\t<li><input type=\"radio\" id=\"poll-answer-623\" name=\"poll_224\" value=\"623\" \/> <label for=\"poll-answer-623\">No<\/label><\/li>\n\t\t<li><input type=\"radio\" id=\"poll-answer-624\" name=\"poll_224\" value=\"624\" \/> <label for=\"poll-answer-624\">No ho s\u00e9<\/label><\/li>\n\t\t<\/ul><p style=\"text-align: center\"><input type=\"button\" name=\"vote\" value=\"   Vota   \" class=\"Buttons\" onclick=\"poll_vote(224);\" \/><\/p><p style=\"text-align: center\"><a href=\"#ViewPollResults\" onclick=\"poll_result(224); return false;\" title=\"View Results Of This Poll\">Mira els resultats<\/a><\/p><\/div>\n\t<\/form>\n<\/div>\n<div id=\"polls-224-loading\" class=\"wp-polls-loading\"><img decoding=\"async\" data-src=\"https:\/\/conversesacatalunya.cat\/wp-content\/plugins\/wp-polls\/images\/loading.gif\" width=\"16\" height=\"16\" alt=\"Cargando ...\" title=\"Cargando ...\" class=\"wp-polls-image lazyload\" src=\"data:image\/svg+xml;base64,PHN2ZyB3aWR0aD0iMSIgaGVpZ2h0PSIxIiB4bWxucz0iaHR0cDovL3d3dy53My5vcmcvMjAwMC9zdmciPjwvc3ZnPg==\" style=\"--smush-placeholder-width: 16px; --smush-placeholder-aspect-ratio: 16\/16;\" \/>&nbsp;Cargando ...<\/div>\n\n","protected":false},"excerpt":{"rendered":"<p>Espa\u00f1a, y Catalu\u00f1a no es una excepci\u00f3n, ha vivido hace poco tiempo una cat\u00e1strofe extraordinaria por lo que significa de\u00a0p\u00e9rdida de vidas humanas, la mayor desde la Guerra Civil que acab\u00f3 en 1939. Se trata de la\u00a0pandemia de la c\u00f3vid-19\u00a0que castig\u00f3 duramente en el 2020, pero que si bien con menor intensidad, prolong\u00f3 su mortalidad al a\u00f1o siguiente e incluso, si bien ya muy disminuida, hasta el 2022. Pese a la dimensi\u00f3n de este da\u00f1o, lo que institucionalmente se ha hecho ha sido enterrarlo en el fondo del caj\u00f3n, no hablar m\u00e1s.\u00a0No indagar por qu\u00e9 se produjeron tantas muertes ni qu\u00e9 aspectos fallaron y deb\u00edan mejorarse, si ten\u00edamos o no la legislaci\u00f3n adecuada, si por ello vulneraron sistem\u00e1ticamente los derechos de los ciudadanos, si se han corregido los problemas, qu\u00e9 ha pasado con las secuelas de la covid y as\u00ed una larga lista de cuestiones.\u00a0Tambi\u00e9n, y no es un tema menor, qu\u00e9\u00a0responsabilidades pol\u00edticas y penales hubo en todo esto, porque, cabe subrayar, que la fiscal\u00eda general del estado fue extraordinariamente diligente para evitar toda responsabilidad de la clase pol\u00edtica. Constatemos la magnitud de la tragedia: La forma de determinar las muertes no es un tema menor.\u00a0La que utiliza el gobierno es el de las muertes registradas, que tambi\u00e9n se denominan, seg\u00fan el pa\u00eds \u00abmuertes confirmadas\u00bb.\u00a0Son las que poseen una dimensi\u00f3n oficial.\u00a0Pero todos los estudios determinan que esta forma de proceder subestima de forma extraordinaria las muertes causadas por la pandemia.\u00a0De ah\u00ed que se utilice en paralelo un segundo indicador que es el del exceso\u00a0de muertes \u00a0y que consiste en una estimaci\u00f3n de los investigadores de c\u00f3mo se desv\u00eda el n\u00famero de defunciones en relaci\u00f3n con las muertes esperadas en un a\u00f1o t\u00edpico.\u00a0Esta segunda visi\u00f3n da una comprensi\u00f3n m\u00e1s completa del impacto general de la pandemia. En Espa\u00f1a las muertes oficiales se aproximaron a las 100.000, si bien los datos sobre exceso de mortalidad hasta diciembre de 2022 se situaron entre 113.000 y 122.000.\u00a0Esta cifra equivale a una muerte en cada manzana de la ciudad de Barcelona. En el contexto europeo, Espa\u00f1a no qued\u00f3 bien parada y \u00e9ste es otro hecho m\u00e1s exigente a\u00fan, la condici\u00f3n de rendir cuentas.\u00a0Por cada 100.000 habitantes, en Espa\u00f1a murieron 190. Es una cifra muy alta y se considera que EEUU presenta la misma, pese a la falta de medidas que aplic\u00f3 y la tardanza en hacerlas efectivas. S\u00f3lo nos supera en el \u00e1mbito occidental,\u00a0Italia\u00a0con 210, algo l\u00f3gico porque hay que recordar que pag\u00f3 la desgracia de ser el primer foco de infecci\u00f3n de Europa y, por tanto, su desconocimiento e incertidumbre era mucho mayor.\u00a0Mientras que cuando el problema empez\u00f3 a tomar dimensi\u00f3n en nuestro pa\u00eds, ya ten\u00edamos una visi\u00f3n anticipada de los acontecimientos mirando lo que ocurr\u00eda en Italia. Reino\u00a0Unido, que tambi\u00e9n tard\u00f3 en adoptar medidas porque el primer ministro Johnson se resist\u00eda, alcanz\u00f3 una cifra menor de muertos que la espa\u00f1ola, 160. Portugal,\u00a0que no tiene un sistema sanitario al nivel del espa\u00f1ol, se situ\u00f3 por debajo tambi\u00e9n, 180. Y a partir de ah\u00ed todos los registros europeos occidentales son mucho menores.\u00a0Francia 110, Alemania 50, Pa\u00edses Bajos 110, Suecia 90, Suiza 100 e incluso Grecia tuvo menos de la mitad de v\u00edctimas mortales que Espa\u00f1a, s\u00f3lo 70 pese a la debilidad de su sistema sanitario.\u00a0Unos resultados que son explicados porque en ese pa\u00eds todav\u00eda la gente mayor mayoritariamente en lugar de vivir en residencias vive con sus familias, y este hecho preserv\u00f3 sus vidas.\u00a0Porque, record\u00e9moslo, donde se produjo la gran mortalidad fue entre las personas mayores sobre todo la que\u00a0viv\u00eda en residencias\u00a0y las medidas adoptadas por las administraciones p\u00fablicas, sobre todo en Barcelona y Madrid, de no dedicar la misma atenci\u00f3n a las personas de edad que a las m\u00e1s j\u00f3venes.\u00a0Es decir, a realizar un triaje, que est\u00e1 documentado, de qui\u00e9n viv\u00eda y qui\u00e9n no.\u00a0Y esto se hizo con perfecto conocimiento de entonces ministros de Sanidad, Salvador Illa.\u00a0Tambi\u00e9n se produjeron fen\u00f3menos ins\u00f3litos como el hecho de que hubiera UCIS saturadas que no pudieran admitir a m\u00e1s enfermos, caso de Catalunya, mientras que otras comunidades aut\u00f3nomas ten\u00edan plazas sin cubrir.\u00a0En Francia, para evitar estos desequilibrios, se pusieron en marcha trenes medicalizados que transportaban a enfermos graves de un hospital a otro. En definitiva, a pesar de la dimensi\u00f3n del desastre\u00a0no se ha constituido comisi\u00f3n independiente para estudiar las causas.\u00a0No ha habido una comisi\u00f3n parlamentaria de investigaci\u00f3n, ni un Libro Blanco para examinar lo ocurrido.\u00a0S\u00f3lo el olvido interesado culpable, c\u00f3mplice y cero responsabilidades p\u00fablicas.\u00a0Es una herida abierta en nuestra historia com\u00fan, la peor desde 1939. Vamos mal cuando los gobiernos y la propia sociedad en lugar de afrontar la herida y curarla, huyen de ella.<\/p>\n","protected":false},"author":78,"featured_media":73936,"comment_status":"open","ping_status":"open","sticky":false,"template":"","format":"standard","meta":{"_FSMCFIC_featured_image_caption":"","_FSMCFIC_featured_image_nocaption":"","_FSMCFIC_featured_image_hide":"","footnotes":""},"categories":[1772,806],"tags":[1504,2432,2246],"class_list":["post-73947","post","type-post","status-publish","format-standard","has-post-thumbnail","hentry","category-especial-coronavirus-es","category-punts-claus-del-dia-es","tag-coronavirus-es","tag-crisis-pandemia","tag-muertes-por-coronavirus"],"yoast_head":"<!-- This site is optimized with the Yoast SEO plugin v26.8 - https:\/\/yoast.com\/product\/yoast-seo-wordpress\/ -->\n<title>Espa\u00f1a. La masacre olvidada y sin responsables - Converses a Catalunya<\/title>\n<meta name=\"description\" content=\"Pese a la dimensi\u00f3n de la pandemia del coronavirus, lo que institucionalmente se ha hecho ha sido enterrarlo en el fondo del caj\u00f3n, no hablar m\u00e1s\" \/>\n<meta name=\"robots\" content=\"index, follow, max-snippet:-1, max-image-preview:large, max-video-preview:-1\" \/>\n<link rel=\"canonical\" href=\"https:\/\/conversesacatalunya.cat\/es\/masacre-olvidada-coronavirus\/\" \/>\n<meta property=\"og:locale\" content=\"es_ES\" \/>\n<meta property=\"og:type\" content=\"article\" \/>\n<meta property=\"og:title\" content=\"Espa\u00f1a. La masacre olvidada y sin responsables - Converses a Catalunya\" \/>\n<meta property=\"og:description\" content=\"Pese a la dimensi\u00f3n de la pandemia del coronavirus, lo que institucionalmente se ha hecho ha sido enterrarlo en el fondo del caj\u00f3n, no hablar m\u00e1s\" \/>\n<meta property=\"og:url\" content=\"https:\/\/conversesacatalunya.cat\/es\/masacre-olvidada-coronavirus\/\" \/>\n<meta property=\"og:site_name\" content=\"Converses a Catalunya\" \/>\n<meta property=\"article:published_time\" content=\"2024-01-11T12:33:03+00:00\" \/>\n<meta property=\"article:modified_time\" content=\"2024-01-11T14:24:59+00:00\" \/>\n<meta property=\"og:image\" content=\"https:\/\/conversesacatalunya.cat\/wp-content\/uploads\/2024\/01\/coronavirus.jpg\" \/>\n\t<meta property=\"og:image:width\" content=\"640\" \/>\n\t<meta property=\"og:image:height\" content=\"360\" \/>\n\t<meta property=\"og:image:type\" content=\"image\/jpeg\" \/>\n<meta name=\"author\" content=\"Joan Masip\" \/>\n<meta name=\"twitter:card\" content=\"summary_large_image\" \/>\n<meta name=\"twitter:label1\" content=\"Escrito por\" \/>\n\t<meta name=\"twitter:data1\" content=\"Joan Masip\" \/>\n\t<meta name=\"twitter:label2\" content=\"Tiempo de lectura\" \/>\n\t<meta name=\"twitter:data2\" content=\"4 minutos\" \/>\n<script type=\"application\/ld+json\" class=\"yoast-schema-graph\">{\"@context\":\"https:\/\/schema.org\",\"@graph\":[{\"@type\":\"Article\",\"@id\":\"https:\/\/conversesacatalunya.cat\/es\/masacre-olvidada-coronavirus\/#article\",\"isPartOf\":{\"@id\":\"https:\/\/conversesacatalunya.cat\/es\/masacre-olvidada-coronavirus\/\"},\"author\":{\"name\":\"Joan Masip\",\"@id\":\"https:\/\/conversesacatalunya.cat\/#\/schema\/person\/311d0bf53def217d5124c78a7bc42275\"},\"headline\":\"Espa\u00f1a. La masacre olvidada y sin responsables\",\"datePublished\":\"2024-01-11T12:33:03+00:00\",\"dateModified\":\"2024-01-11T14:24:59+00:00\",\"mainEntityOfPage\":{\"@id\":\"https:\/\/conversesacatalunya.cat\/es\/masacre-olvidada-coronavirus\/\"},\"wordCount\":872,\"commentCount\":0,\"image\":{\"@id\":\"https:\/\/conversesacatalunya.cat\/es\/masacre-olvidada-coronavirus\/#primaryimage\"},\"thumbnailUrl\":\"https:\/\/conversesacatalunya.cat\/wp-content\/uploads\/2024\/01\/coronavirus.jpg\",\"keywords\":[\"coronavirus\",\"crisis pandemia\",\"muertes por coronavirus\"],\"articleSection\":[\"Especial Coronavirus (ES)\",\"Punts clau del dia (ES)\"],\"inLanguage\":\"es\",\"potentialAction\":[{\"@type\":\"CommentAction\",\"name\":\"Comment\",\"target\":[\"https:\/\/conversesacatalunya.cat\/es\/masacre-olvidada-coronavirus\/#respond\"]}]},{\"@type\":\"WebPage\",\"@id\":\"https:\/\/conversesacatalunya.cat\/es\/masacre-olvidada-coronavirus\/\",\"url\":\"https:\/\/conversesacatalunya.cat\/es\/masacre-olvidada-coronavirus\/\",\"name\":\"Espa\u00f1a. La masacre olvidada y sin responsables - Converses a Catalunya\",\"isPartOf\":{\"@id\":\"https:\/\/conversesacatalunya.cat\/#website\"},\"primaryImageOfPage\":{\"@id\":\"https:\/\/conversesacatalunya.cat\/es\/masacre-olvidada-coronavirus\/#primaryimage\"},\"image\":{\"@id\":\"https:\/\/conversesacatalunya.cat\/es\/masacre-olvidada-coronavirus\/#primaryimage\"},\"thumbnailUrl\":\"https:\/\/conversesacatalunya.cat\/wp-content\/uploads\/2024\/01\/coronavirus.jpg\",\"datePublished\":\"2024-01-11T12:33:03+00:00\",\"dateModified\":\"2024-01-11T14:24:59+00:00\",\"author\":{\"@id\":\"https:\/\/conversesacatalunya.cat\/#\/schema\/person\/311d0bf53def217d5124c78a7bc42275\"},\"description\":\"Pese a la dimensi\u00f3n de la pandemia del coronavirus, lo que institucionalmente se ha hecho ha sido enterrarlo en el fondo del caj\u00f3n, no hablar m\u00e1s\",\"breadcrumb\":{\"@id\":\"https:\/\/conversesacatalunya.cat\/es\/masacre-olvidada-coronavirus\/#breadcrumb\"},\"inLanguage\":\"es\",\"potentialAction\":[{\"@type\":\"ReadAction\",\"target\":[\"https:\/\/conversesacatalunya.cat\/es\/masacre-olvidada-coronavirus\/\"]}]},{\"@type\":\"ImageObject\",\"inLanguage\":\"es\",\"@id\":\"https:\/\/conversesacatalunya.cat\/es\/masacre-olvidada-coronavirus\/#primaryimage\",\"url\":\"https:\/\/conversesacatalunya.cat\/wp-content\/uploads\/2024\/01\/coronavirus.jpg\",\"contentUrl\":\"https:\/\/conversesacatalunya.cat\/wp-content\/uploads\/2024\/01\/coronavirus.jpg\",\"width\":640,\"height\":360},{\"@type\":\"BreadcrumbList\",\"@id\":\"https:\/\/conversesacatalunya.cat\/es\/masacre-olvidada-coronavirus\/#breadcrumb\",\"itemListElement\":[{\"@type\":\"ListItem\",\"position\":1,\"name\":\"Inici\",\"item\":\"https:\/\/conversesacatalunya.cat\/es\/\"},{\"@type\":\"ListItem\",\"position\":2,\"name\":\"Espa\u00f1a. La masacre olvidada y sin responsables\"}]},{\"@type\":\"WebSite\",\"@id\":\"https:\/\/conversesacatalunya.cat\/#website\",\"url\":\"https:\/\/conversesacatalunya.cat\/\",\"name\":\"Converses a Catalunya\",\"description\":\"\",\"potentialAction\":[{\"@type\":\"SearchAction\",\"target\":{\"@type\":\"EntryPoint\",\"urlTemplate\":\"https:\/\/conversesacatalunya.cat\/?s={search_term_string}\"},\"query-input\":{\"@type\":\"PropertyValueSpecification\",\"valueRequired\":true,\"valueName\":\"search_term_string\"}}],\"inLanguage\":\"es\"},{\"@type\":\"Person\",\"@id\":\"https:\/\/conversesacatalunya.cat\/#\/schema\/person\/311d0bf53def217d5124c78a7bc42275\",\"name\":\"Joan Masip\",\"image\":{\"@type\":\"ImageObject\",\"inLanguage\":\"es\",\"@id\":\"https:\/\/conversesacatalunya.cat\/#\/schema\/person\/image\/\",\"url\":\"https:\/\/conversesacatalunya.cat\/wp-content\/litespeed\/avatar\/fa67b994763cff7d443f54b63ec96481.jpg?ver=1777372547\",\"contentUrl\":\"https:\/\/conversesacatalunya.cat\/wp-content\/litespeed\/avatar\/fa67b994763cff7d443f54b63ec96481.jpg?ver=1777372547\",\"caption\":\"Joan Masip\"},\"url\":\"https:\/\/conversesacatalunya.cat\/es\/author\/joan-masip\/\"}]}<\/script>\n<!-- \/ Yoast SEO plugin. -->","yoast_head_json":{"title":"Espa\u00f1a. La masacre olvidada y sin responsables - Converses a Catalunya","description":"Pese a la dimensi\u00f3n de la pandemia del coronavirus, lo que institucionalmente se ha hecho ha sido enterrarlo en el fondo del caj\u00f3n, no hablar m\u00e1s","robots":{"index":"index","follow":"follow","max-snippet":"max-snippet:-1","max-image-preview":"max-image-preview:large","max-video-preview":"max-video-preview:-1"},"canonical":"https:\/\/conversesacatalunya.cat\/es\/masacre-olvidada-coronavirus\/","og_locale":"es_ES","og_type":"article","og_title":"Espa\u00f1a. La masacre olvidada y sin responsables - Converses a Catalunya","og_description":"Pese a la dimensi\u00f3n de la pandemia del coronavirus, lo que institucionalmente se ha hecho ha sido enterrarlo en el fondo del caj\u00f3n, no hablar m\u00e1s","og_url":"https:\/\/conversesacatalunya.cat\/es\/masacre-olvidada-coronavirus\/","og_site_name":"Converses a Catalunya","article_published_time":"2024-01-11T12:33:03+00:00","article_modified_time":"2024-01-11T14:24:59+00:00","og_image":[{"width":640,"height":360,"url":"https:\/\/conversesacatalunya.cat\/wp-content\/uploads\/2024\/01\/coronavirus.jpg","type":"image\/jpeg"}],"author":"Joan Masip","twitter_card":"summary_large_image","twitter_misc":{"Escrito por":"Joan Masip","Tiempo de lectura":"4 minutos"},"schema":{"@context":"https:\/\/schema.org","@graph":[{"@type":"Article","@id":"https:\/\/conversesacatalunya.cat\/es\/masacre-olvidada-coronavirus\/#article","isPartOf":{"@id":"https:\/\/conversesacatalunya.cat\/es\/masacre-olvidada-coronavirus\/"},"author":{"name":"Joan Masip","@id":"https:\/\/conversesacatalunya.cat\/#\/schema\/person\/311d0bf53def217d5124c78a7bc42275"},"headline":"Espa\u00f1a. La masacre olvidada y sin responsables","datePublished":"2024-01-11T12:33:03+00:00","dateModified":"2024-01-11T14:24:59+00:00","mainEntityOfPage":{"@id":"https:\/\/conversesacatalunya.cat\/es\/masacre-olvidada-coronavirus\/"},"wordCount":872,"commentCount":0,"image":{"@id":"https:\/\/conversesacatalunya.cat\/es\/masacre-olvidada-coronavirus\/#primaryimage"},"thumbnailUrl":"https:\/\/conversesacatalunya.cat\/wp-content\/uploads\/2024\/01\/coronavirus.jpg","keywords":["coronavirus","crisis pandemia","muertes por coronavirus"],"articleSection":["Especial Coronavirus (ES)","Punts clau del dia (ES)"],"inLanguage":"es","potentialAction":[{"@type":"CommentAction","name":"Comment","target":["https:\/\/conversesacatalunya.cat\/es\/masacre-olvidada-coronavirus\/#respond"]}]},{"@type":"WebPage","@id":"https:\/\/conversesacatalunya.cat\/es\/masacre-olvidada-coronavirus\/","url":"https:\/\/conversesacatalunya.cat\/es\/masacre-olvidada-coronavirus\/","name":"Espa\u00f1a. La masacre olvidada y sin responsables - Converses a Catalunya","isPartOf":{"@id":"https:\/\/conversesacatalunya.cat\/#website"},"primaryImageOfPage":{"@id":"https:\/\/conversesacatalunya.cat\/es\/masacre-olvidada-coronavirus\/#primaryimage"},"image":{"@id":"https:\/\/conversesacatalunya.cat\/es\/masacre-olvidada-coronavirus\/#primaryimage"},"thumbnailUrl":"https:\/\/conversesacatalunya.cat\/wp-content\/uploads\/2024\/01\/coronavirus.jpg","datePublished":"2024-01-11T12:33:03+00:00","dateModified":"2024-01-11T14:24:59+00:00","author":{"@id":"https:\/\/conversesacatalunya.cat\/#\/schema\/person\/311d0bf53def217d5124c78a7bc42275"},"description":"Pese a la dimensi\u00f3n de la pandemia del coronavirus, lo que institucionalmente se ha hecho ha sido enterrarlo en el fondo del caj\u00f3n, no hablar m\u00e1s","breadcrumb":{"@id":"https:\/\/conversesacatalunya.cat\/es\/masacre-olvidada-coronavirus\/#breadcrumb"},"inLanguage":"es","potentialAction":[{"@type":"ReadAction","target":["https:\/\/conversesacatalunya.cat\/es\/masacre-olvidada-coronavirus\/"]}]},{"@type":"ImageObject","inLanguage":"es","@id":"https:\/\/conversesacatalunya.cat\/es\/masacre-olvidada-coronavirus\/#primaryimage","url":"https:\/\/conversesacatalunya.cat\/wp-content\/uploads\/2024\/01\/coronavirus.jpg","contentUrl":"https:\/\/conversesacatalunya.cat\/wp-content\/uploads\/2024\/01\/coronavirus.jpg","width":640,"height":360},{"@type":"BreadcrumbList","@id":"https:\/\/conversesacatalunya.cat\/es\/masacre-olvidada-coronavirus\/#breadcrumb","itemListElement":[{"@type":"ListItem","position":1,"name":"Inici","item":"https:\/\/conversesacatalunya.cat\/es\/"},{"@type":"ListItem","position":2,"name":"Espa\u00f1a. La masacre olvidada y sin responsables"}]},{"@type":"WebSite","@id":"https:\/\/conversesacatalunya.cat\/#website","url":"https:\/\/conversesacatalunya.cat\/","name":"Converses a Catalunya","description":"","potentialAction":[{"@type":"SearchAction","target":{"@type":"EntryPoint","urlTemplate":"https:\/\/conversesacatalunya.cat\/?s={search_term_string}"},"query-input":{"@type":"PropertyValueSpecification","valueRequired":true,"valueName":"search_term_string"}}],"inLanguage":"es"},{"@type":"Person","@id":"https:\/\/conversesacatalunya.cat\/#\/schema\/person\/311d0bf53def217d5124c78a7bc42275","name":"Joan Masip","image":{"@type":"ImageObject","inLanguage":"es","@id":"https:\/\/conversesacatalunya.cat\/#\/schema\/person\/image\/","url":"https:\/\/conversesacatalunya.cat\/wp-content\/litespeed\/avatar\/fa67b994763cff7d443f54b63ec96481.jpg?ver=1777372547","contentUrl":"https:\/\/conversesacatalunya.cat\/wp-content\/litespeed\/avatar\/fa67b994763cff7d443f54b63ec96481.jpg?ver=1777372547","caption":"Joan Masip"},"url":"https:\/\/conversesacatalunya.cat\/es\/author\/joan-masip\/"}]}},"wps_subtitle":"Pese a la dimensi\u00f3n de la pandemia del coronavirus, lo que institucionalmente se ha hecho ha sido enterrarlo en el fondo del caj\u00f3n, no hablar m\u00e1s","_links":{"self":[{"href":"https:\/\/conversesacatalunya.cat\/es\/wp-json\/wp\/v2\/posts\/73947","targetHints":{"allow":["GET"]}}],"collection":[{"href":"https:\/\/conversesacatalunya.cat\/es\/wp-json\/wp\/v2\/posts"}],"about":[{"href":"https:\/\/conversesacatalunya.cat\/es\/wp-json\/wp\/v2\/types\/post"}],"author":[{"embeddable":true,"href":"https:\/\/conversesacatalunya.cat\/es\/wp-json\/wp\/v2\/users\/78"}],"replies":[{"embeddable":true,"href":"https:\/\/conversesacatalunya.cat\/es\/wp-json\/wp\/v2\/comments?post=73947"}],"version-history":[{"count":2,"href":"https:\/\/conversesacatalunya.cat\/es\/wp-json\/wp\/v2\/posts\/73947\/revisions"}],"predecessor-version":[{"id":73949,"href":"https:\/\/conversesacatalunya.cat\/es\/wp-json\/wp\/v2\/posts\/73947\/revisions\/73949"}],"wp:featuredmedia":[{"embeddable":true,"href":"https:\/\/conversesacatalunya.cat\/es\/wp-json\/wp\/v2\/media\/73936"}],"wp:attachment":[{"href":"https:\/\/conversesacatalunya.cat\/es\/wp-json\/wp\/v2\/media?parent=73947"}],"wp:term":[{"taxonomy":"category","embeddable":true,"href":"https:\/\/conversesacatalunya.cat\/es\/wp-json\/wp\/v2\/categories?post=73947"},{"taxonomy":"post_tag","embeddable":true,"href":"https:\/\/conversesacatalunya.cat\/es\/wp-json\/wp\/v2\/tags?post=73947"}],"curies":[{"name":"wp","href":"https:\/\/api.w.org\/{rel}","templated":true}]}}