{"id":73846,"date":"2024-01-08T11:39:25","date_gmt":"2024-01-08T10:39:25","guid":{"rendered":"https:\/\/conversesacatalunya.cat\/a-catalunya-no-hi-falta-aigua-sino-bons-governants\/"},"modified":"2024-01-08T15:33:56","modified_gmt":"2024-01-08T14:33:56","slug":"en-cataluna-no-falta-agua-sino-buenos-gobernantes","status":"publish","type":"post","link":"https:\/\/conversesacatalunya.cat\/es\/en-cataluna-no-falta-agua-sino-buenos-gobernantes\/","title":{"rendered":"En Catalu\u00f1a no falta agua, sino buenos gobernantes"},"content":{"rendered":"<p><span><span class=\"\">A la\u00a0<\/span><\/span><a href=\"https:\/\/conversesacatalunya.cat\/es\/gobierno-aragones-queremos-agua\/\" target=\"_blank\" rel=\"noopener\"><span><span class=\"\">cr\u00edtica reiterada<\/span><\/span><\/a><span><span class=\"\"> que se hace en el gobierno Aragon\u00e9s por su imprevisi\u00f3n en las obras para paliar una sequ\u00eda, que lleva 3 a\u00f1os que dura -o sea que ha tenido tiempo- adem\u00e1s de haber retrasado para evitar aplicar -la en fiestas de Navidad, la nueva fase de restricci\u00f3n, a pesar de que las reservas ya hab\u00edan entrado en la cr\u00edtica cifra del 17% para las cuencas interiores que suministran agua a la regi\u00f3n metropolitana, hay que a\u00f1adir una cr\u00edtica mucho mayor en su la totalidad, que <\/span><\/span><strong><span><span class=\"\">descalifica totalmente su visi\u00f3n como gobernante,<\/span><\/span><\/strong><span><span class=\"\">\u00a0adem\u00e1s de su capacidad realizadora.<\/span><\/span><\/p>\n<p><span><span class=\"\">Porque agua, incluso en sequ\u00eda tan extrema, en Catalunya hay tanta que se desperdicia.\u00a0<\/span>Constat\u00e9moslo:<\/span><\/p>\n<p><span>La media espa\u00f1ola de\u00a0<\/span><strong><span>riego a manta<\/span><\/strong><span>, es decir por inundaci\u00f3n del cultivo, que es como ya regaban los \u00e1rabes en el siglo XII, es del 22% y pico, mientras que el 79% de la superficie espa\u00f1ola, que no es peque\u00f1a, 3 ,9 millones de hect\u00e1reas, son de riego eficiente, b\u00e1sicamente aspersi\u00f3n y riego localizado adem\u00e1s de otras opciones de mucha menor aplicaci\u00f3n. Por tanto,\u00a0<\/span><strong><span>su nivel de eficiencia es alto.\u00a0<\/span><\/strong><span>Y si en lugar de compararlo con el conjunto espa\u00f1ol baj\u00e1ramos al por menor de la regi\u00f3n murciana, la eficiencia ser\u00eda a\u00fan mucho mayor.<\/span><\/p>\n<p><span>Pero en Catalu\u00f1a tambi\u00e9n nos hemos dormido en la paja y hemos pasado de ser los primeros en Espa\u00f1a en realizar un gran regad\u00edo por iniciativa privada, como el del canal de Urgell (como el ferrocarril lo fue con la l\u00ednea Barcelona-Matar\u00f3 o con la Revoluci\u00f3n Industrial), est\u00e1 a la cola en la eficiencia en regad\u00edo. Porque el 48% se hace por inundaci\u00f3n, \u00a1m\u00e1s del doble que la media espa\u00f1ola!\u00a0Esto significa que si tuvi\u00e9ramos la misma exigencia que tienen el resto de los regad\u00edos en Espa\u00f1a, dispondr\u00edamos de una cantidad ingente de agua.<\/span><\/p>\n<p><span>Pero es que la cifra, si bajamos al por menor, es a\u00fan peor en determinadas comarcas.\u00a0El riego por inundaci\u00f3n significa el 88% en el Pla d&#8217;Urgell, el 60% en la Noguera, el 78% en el Urgell y el 61% en el Baix Empord\u00e0, que atenci\u00f3n es agua que procede del Ter, una de las fuentes principales de abastecimiento de Barcelona.\u00a0Para el conjunto del Ter el riego por inundaci\u00f3n representa el 43% del total y esto es una\u00a0<\/span><strong><span>brutalidad de agua<\/span><\/strong><span>.<\/span><\/p>\n<p><span>De hecho, en el conjunto catal\u00e1n, si tuvi\u00e9ramos el mismo nivel de eficiencia regante que en Espa\u00f1a, tendr\u00edamos un excedente anual de m\u00e1s de 1000 hect\u00f3metros<\/span><sup><span>3<\/span><\/sup><span> \u00a0y para aquellos que no est\u00e9n familiarizados con las unidades c\u00fabicas, aclaramos que esto equivale a 1.000 millones de metros<\/span><sup><span>3<\/span><\/sup><span> \u00a0y si quiere hacer el equivalente en litros, es como se maneja la gente de ciudad, todav\u00eda tiene que multiplicar esta \u00faltima cifra por 1.000.<\/span><\/p>\n<p><span>Toda esta agua, repit\u00e1moslo, y en est\u00e1ndar espa\u00f1ol, contribuir\u00eda ahora a resolver el d\u00e9ficit urbano e industrial, representar\u00eda un ingreso extraordinario para las comunidades de regantes y permitir\u00eda aumentar el n\u00famero de hect\u00e1reas regadas.<\/span><\/p>\n<p><span>\u00bfPor qu\u00e9 durante tanto tiempo no se ha hecho nada al respecto?\u00a0\u00bfPor qu\u00e9 no se ha incentivado, tras los reiterados per\u00edodos de sequ\u00eda, esta l\u00f3gica transformaci\u00f3n que nada tiene de revolucionaria porque son m\u00e9todos de eficiencia en el riego que llevan d\u00e9cadas y d\u00e9cadas aplicandose? La respuesta es sencillamente porque\u00a0<\/span><strong><span>tenemos malos gobernantes<\/span><\/strong><span>.<\/span><\/p>\n<p><span>Y lo demuestra otro hecho.\u00a0El agujero negro del Segarra-Garrigues.\u00a0\u00c9ste era un gran regad\u00edo iniciado por la Generalitat hace d\u00e9cadas.\u00a0Ten\u00eda que regar 65.000 hect\u00e1reas de forma eficiente en su inmensa mayor\u00eda y ya desde el principio, dado que era un riego de nueva planta. Y, adem\u00e1s, era una ocasi\u00f3n para llevar a cabo la concentraci\u00f3n parcelaria.\u00a0Todo ello multiplicaba la eficiencia agr\u00edcola de todas aquellas hect\u00e1reas a transformar.\u00a0<span class=\"VIpgJd-yAWNEb-VIpgJd-fmcmS-sn54Q\">Han pasado a\u00f1os y a\u00f1os, se han invertido m\u00e1s de 1.200 millones de euros, suficientes para realizar una l\u00ednea de alta velocidad de Barcelona en la frontera, pero s\u00f3lo se riegan unas 15.000 hect\u00e1reas. <\/span>Hay, por tanto, una gran inversi\u00f3n inmovilizada que no rinde porque cada hect\u00e1rea transformada de momento tiene un coste de \u00a1800.000 euros!<\/span><\/p>\n<p><span>Es una brutalidad.\u00a0Una\u00a0<\/span><strong><span>malversaci\u00f3n legal de caudales p\u00fablicos<\/span><\/strong><span>\u00a0y lo peor del caso, ni el gobierno de la Generalitat, ni el Parlament, ni la te\u00f3rica oposici\u00f3n han abordado el problema.\u00a0Los socialistas de Illa, los comunes de Colau, y ya no digamos las peque\u00f1as formaciones del PP y Vox nunca han planteado nada al respecto.<\/span><\/p>\n<p><span>Somos bien desgraciados porque nos dedicamos a votar a gente que mal gobierna y mal hace de oposici\u00f3n.<\/span><\/p>\n","protected":false},"excerpt":{"rendered":"<p>A la\u00a0cr\u00edtica reiterada que se hace en el gobierno Aragon\u00e9s por su imprevisi\u00f3n en las obras para paliar una sequ\u00eda, que lleva 3 a\u00f1os que dura -o sea que ha tenido tiempo- adem\u00e1s de haber retrasado para evitar aplicar -la en fiestas de Navidad, la nueva fase de restricci\u00f3n, a pesar de que las reservas ya hab\u00edan entrado en la cr\u00edtica cifra del 17% para las cuencas interiores que suministran agua a la regi\u00f3n metropolitana, hay que a\u00f1adir una cr\u00edtica mucho mayor en su la totalidad, que descalifica totalmente su visi\u00f3n como gobernante,\u00a0adem\u00e1s de su capacidad realizadora. Porque agua, incluso en sequ\u00eda tan extrema, en Catalunya hay tanta que se desperdicia.\u00a0Constat\u00e9moslo: La media espa\u00f1ola de\u00a0riego a manta, es decir por inundaci\u00f3n del cultivo, que es como ya regaban los \u00e1rabes en el siglo XII, es del 22% y pico, mientras que el 79% de la superficie espa\u00f1ola, que no es peque\u00f1a, 3 ,9 millones de hect\u00e1reas, son de riego eficiente, b\u00e1sicamente aspersi\u00f3n y riego localizado adem\u00e1s de otras opciones de mucha menor aplicaci\u00f3n. Por tanto,\u00a0su nivel de eficiencia es alto.\u00a0Y si en lugar de compararlo con el conjunto espa\u00f1ol baj\u00e1ramos al por menor de la regi\u00f3n murciana, la eficiencia ser\u00eda a\u00fan mucho mayor. Pero en Catalu\u00f1a tambi\u00e9n nos hemos dormido en la paja y hemos pasado de ser los primeros en Espa\u00f1a en realizar un gran regad\u00edo por iniciativa privada, como el del canal de Urgell (como el ferrocarril lo fue con la l\u00ednea Barcelona-Matar\u00f3 o con la Revoluci\u00f3n Industrial), est\u00e1 a la cola en la eficiencia en regad\u00edo. Porque el 48% se hace por inundaci\u00f3n, \u00a1m\u00e1s del doble que la media espa\u00f1ola!\u00a0Esto significa que si tuvi\u00e9ramos la misma exigencia que tienen el resto de los regad\u00edos en Espa\u00f1a, dispondr\u00edamos de una cantidad ingente de agua. Pero es que la cifra, si bajamos al por menor, es a\u00fan peor en determinadas comarcas.\u00a0El riego por inundaci\u00f3n significa el 88% en el Pla d&#8217;Urgell, el 60% en la Noguera, el 78% en el Urgell y el 61% en el Baix Empord\u00e0, que atenci\u00f3n es agua que procede del Ter, una de las fuentes principales de abastecimiento de Barcelona.\u00a0Para el conjunto del Ter el riego por inundaci\u00f3n representa el 43% del total y esto es una\u00a0brutalidad de agua. De hecho, en el conjunto catal\u00e1n, si tuvi\u00e9ramos el mismo nivel de eficiencia regante que en Espa\u00f1a, tendr\u00edamos un excedente anual de m\u00e1s de 1000 hect\u00f3metros3 \u00a0y para aquellos que no est\u00e9n familiarizados con las unidades c\u00fabicas, aclaramos que esto equivale a 1.000 millones de metros3 \u00a0y si quiere hacer el equivalente en litros, es como se maneja la gente de ciudad, todav\u00eda tiene que multiplicar esta \u00faltima cifra por 1.000. Toda esta agua, repit\u00e1moslo, y en est\u00e1ndar espa\u00f1ol, contribuir\u00eda ahora a resolver el d\u00e9ficit urbano e industrial, representar\u00eda un ingreso extraordinario para las comunidades de regantes y permitir\u00eda aumentar el n\u00famero de hect\u00e1reas regadas. \u00bfPor qu\u00e9 durante tanto tiempo no se ha hecho nada al respecto?\u00a0\u00bfPor qu\u00e9 no se ha incentivado, tras los reiterados per\u00edodos de sequ\u00eda, esta l\u00f3gica transformaci\u00f3n que nada tiene de revolucionaria porque son m\u00e9todos de eficiencia en el riego que llevan d\u00e9cadas y d\u00e9cadas aplicandose? La respuesta es sencillamente porque\u00a0tenemos malos gobernantes. Y lo demuestra otro hecho.\u00a0El agujero negro del Segarra-Garrigues.\u00a0\u00c9ste era un gran regad\u00edo iniciado por la Generalitat hace d\u00e9cadas.\u00a0Ten\u00eda que regar 65.000 hect\u00e1reas de forma eficiente en su inmensa mayor\u00eda y ya desde el principio, dado que era un riego de nueva planta. Y, adem\u00e1s, era una ocasi\u00f3n para llevar a cabo la concentraci\u00f3n parcelaria.\u00a0Todo ello multiplicaba la eficiencia agr\u00edcola de todas aquellas hect\u00e1reas a transformar.\u00a0Han pasado a\u00f1os y a\u00f1os, se han invertido m\u00e1s de 1.200 millones de euros, suficientes para realizar una l\u00ednea de alta velocidad de Barcelona en la frontera, pero s\u00f3lo se riegan unas 15.000 hect\u00e1reas. Hay, por tanto, una gran inversi\u00f3n inmovilizada que no rinde porque cada hect\u00e1rea transformada de momento tiene un coste de \u00a1800.000 euros! Es una brutalidad.\u00a0Una\u00a0malversaci\u00f3n legal de caudales p\u00fablicos\u00a0y lo peor del caso, ni el gobierno de la Generalitat, ni el Parlament, ni la te\u00f3rica oposici\u00f3n han abordado el problema.\u00a0Los socialistas de Illa, los comunes de Colau, y ya no digamos las peque\u00f1as formaciones del PP y Vox nunca han planteado nada al respecto. Somos bien desgraciados porque nos dedicamos a votar a gente que mal gobierna y mal hace de oposici\u00f3n.<\/p>\n","protected":false},"author":77,"featured_media":73830,"comment_status":"open","ping_status":"open","sticky":false,"template":"","format":"standard","meta":{"_FSMCFIC_featured_image_caption":"","_FSMCFIC_featured_image_nocaption":"","_FSMCFIC_featured_image_hide":"","footnotes":""},"categories":[806],"tags":[4528],"class_list":["post-73846","post","type-post","status-publish","format-standard","has-post-thumbnail","hentry","category-punts-claus-del-dia-es","tag-sequia-es"],"yoast_head":"<!-- This site is optimized with the Yoast SEO plugin v26.8 - https:\/\/yoast.com\/product\/yoast-seo-wordpress\/ -->\n<title>En Catalu\u00f1a no falta agua, sino buenos gobernantes - Converses a Catalunya<\/title>\n<meta name=\"description\" content=\"De hecho, en el conjunto catal\u00e1n, si tuvi\u00e9ramos el mismo nivel de eficiencia regante que en Espa\u00f1a, tendr\u00edamos un excedente anual de m\u00e1s de 1000 hect\u00f3metros3\" \/>\n<meta name=\"robots\" content=\"index, follow, max-snippet:-1, max-image-preview:large, max-video-preview:-1\" \/>\n<link rel=\"canonical\" href=\"https:\/\/conversesacatalunya.cat\/es\/en-cataluna-no-falta-agua-sino-buenos-gobernantes\/\" \/>\n<meta property=\"og:locale\" content=\"es_ES\" \/>\n<meta property=\"og:type\" content=\"article\" \/>\n<meta property=\"og:title\" content=\"En Catalu\u00f1a no falta agua, sino buenos gobernantes - Converses a Catalunya\" \/>\n<meta property=\"og:description\" content=\"De hecho, en el conjunto catal\u00e1n, si tuvi\u00e9ramos el mismo nivel de eficiencia regante que en Espa\u00f1a, tendr\u00edamos un excedente anual de m\u00e1s de 1000 hect\u00f3metros3\" \/>\n<meta property=\"og:url\" content=\"https:\/\/conversesacatalunya.cat\/es\/en-cataluna-no-falta-agua-sino-buenos-gobernantes\/\" \/>\n<meta property=\"og:site_name\" content=\"Converses a Catalunya\" \/>\n<meta property=\"article:published_time\" content=\"2024-01-08T10:39:25+00:00\" \/>\n<meta property=\"article:modified_time\" content=\"2024-01-08T14:33:56+00:00\" \/>\n<meta property=\"og:image\" content=\"https:\/\/conversesacatalunya.cat\/wp-content\/uploads\/2024\/01\/regadius.jpg\" \/>\n\t<meta property=\"og:image:width\" content=\"480\" \/>\n\t<meta property=\"og:image:height\" content=\"263\" \/>\n\t<meta property=\"og:image:type\" content=\"image\/jpeg\" \/>\n<meta name=\"author\" content=\"Enric Casanovas\" \/>\n<meta name=\"twitter:card\" content=\"summary_large_image\" \/>\n<meta name=\"twitter:label1\" content=\"Escrito por\" \/>\n\t<meta name=\"twitter:data1\" content=\"Enric Casanovas\" \/>\n\t<meta name=\"twitter:label2\" content=\"Tiempo de lectura\" \/>\n\t<meta name=\"twitter:data2\" content=\"4 minutos\" \/>\n<script type=\"application\/ld+json\" class=\"yoast-schema-graph\">{\"@context\":\"https:\/\/schema.org\",\"@graph\":[{\"@type\":\"Article\",\"@id\":\"https:\/\/conversesacatalunya.cat\/es\/en-cataluna-no-falta-agua-sino-buenos-gobernantes\/#article\",\"isPartOf\":{\"@id\":\"https:\/\/conversesacatalunya.cat\/es\/en-cataluna-no-falta-agua-sino-buenos-gobernantes\/\"},\"author\":{\"name\":\"Enric Casanovas\",\"@id\":\"https:\/\/conversesacatalunya.cat\/#\/schema\/person\/79bd0577b2f3afc8d6519d207c6e8609\"},\"headline\":\"En Catalu\u00f1a no falta agua, sino buenos gobernantes\",\"datePublished\":\"2024-01-08T10:39:25+00:00\",\"dateModified\":\"2024-01-08T14:33:56+00:00\",\"mainEntityOfPage\":{\"@id\":\"https:\/\/conversesacatalunya.cat\/es\/en-cataluna-no-falta-agua-sino-buenos-gobernantes\/\"},\"wordCount\":832,\"commentCount\":0,\"image\":{\"@id\":\"https:\/\/conversesacatalunya.cat\/es\/en-cataluna-no-falta-agua-sino-buenos-gobernantes\/#primaryimage\"},\"thumbnailUrl\":\"https:\/\/conversesacatalunya.cat\/wp-content\/uploads\/2024\/01\/regadius.jpg\",\"keywords\":[\"Sequia\"],\"articleSection\":[\"Punts clau del dia (ES)\"],\"inLanguage\":\"es\",\"potentialAction\":[{\"@type\":\"CommentAction\",\"name\":\"Comment\",\"target\":[\"https:\/\/conversesacatalunya.cat\/es\/en-cataluna-no-falta-agua-sino-buenos-gobernantes\/#respond\"]}]},{\"@type\":\"WebPage\",\"@id\":\"https:\/\/conversesacatalunya.cat\/es\/en-cataluna-no-falta-agua-sino-buenos-gobernantes\/\",\"url\":\"https:\/\/conversesacatalunya.cat\/es\/en-cataluna-no-falta-agua-sino-buenos-gobernantes\/\",\"name\":\"En Catalu\u00f1a no falta agua, sino buenos gobernantes - Converses a Catalunya\",\"isPartOf\":{\"@id\":\"https:\/\/conversesacatalunya.cat\/#website\"},\"primaryImageOfPage\":{\"@id\":\"https:\/\/conversesacatalunya.cat\/es\/en-cataluna-no-falta-agua-sino-buenos-gobernantes\/#primaryimage\"},\"image\":{\"@id\":\"https:\/\/conversesacatalunya.cat\/es\/en-cataluna-no-falta-agua-sino-buenos-gobernantes\/#primaryimage\"},\"thumbnailUrl\":\"https:\/\/conversesacatalunya.cat\/wp-content\/uploads\/2024\/01\/regadius.jpg\",\"datePublished\":\"2024-01-08T10:39:25+00:00\",\"dateModified\":\"2024-01-08T14:33:56+00:00\",\"author\":{\"@id\":\"https:\/\/conversesacatalunya.cat\/#\/schema\/person\/79bd0577b2f3afc8d6519d207c6e8609\"},\"description\":\"De hecho, en el conjunto catal\u00e1n, si tuvi\u00e9ramos el mismo nivel de eficiencia regante que en Espa\u00f1a, tendr\u00edamos un excedente anual de m\u00e1s de 1000 hect\u00f3metros3\",\"breadcrumb\":{\"@id\":\"https:\/\/conversesacatalunya.cat\/es\/en-cataluna-no-falta-agua-sino-buenos-gobernantes\/#breadcrumb\"},\"inLanguage\":\"es\",\"potentialAction\":[{\"@type\":\"ReadAction\",\"target\":[\"https:\/\/conversesacatalunya.cat\/es\/en-cataluna-no-falta-agua-sino-buenos-gobernantes\/\"]}]},{\"@type\":\"ImageObject\",\"inLanguage\":\"es\",\"@id\":\"https:\/\/conversesacatalunya.cat\/es\/en-cataluna-no-falta-agua-sino-buenos-gobernantes\/#primaryimage\",\"url\":\"https:\/\/conversesacatalunya.cat\/wp-content\/uploads\/2024\/01\/regadius.jpg\",\"contentUrl\":\"https:\/\/conversesacatalunya.cat\/wp-content\/uploads\/2024\/01\/regadius.jpg\",\"width\":480,\"height\":263},{\"@type\":\"BreadcrumbList\",\"@id\":\"https:\/\/conversesacatalunya.cat\/es\/en-cataluna-no-falta-agua-sino-buenos-gobernantes\/#breadcrumb\",\"itemListElement\":[{\"@type\":\"ListItem\",\"position\":1,\"name\":\"Inici\",\"item\":\"https:\/\/conversesacatalunya.cat\/es\/\"},{\"@type\":\"ListItem\",\"position\":2,\"name\":\"En Catalu\u00f1a no falta agua, sino buenos gobernantes\"}]},{\"@type\":\"WebSite\",\"@id\":\"https:\/\/conversesacatalunya.cat\/#website\",\"url\":\"https:\/\/conversesacatalunya.cat\/\",\"name\":\"Converses a Catalunya\",\"description\":\"\",\"potentialAction\":[{\"@type\":\"SearchAction\",\"target\":{\"@type\":\"EntryPoint\",\"urlTemplate\":\"https:\/\/conversesacatalunya.cat\/?s={search_term_string}\"},\"query-input\":{\"@type\":\"PropertyValueSpecification\",\"valueRequired\":true,\"valueName\":\"search_term_string\"}}],\"inLanguage\":\"es\"},{\"@type\":\"Person\",\"@id\":\"https:\/\/conversesacatalunya.cat\/#\/schema\/person\/79bd0577b2f3afc8d6519d207c6e8609\",\"name\":\"Enric Casanovas\",\"image\":{\"@type\":\"ImageObject\",\"inLanguage\":\"es\",\"@id\":\"https:\/\/conversesacatalunya.cat\/#\/schema\/person\/image\/\",\"url\":\"https:\/\/conversesacatalunya.cat\/wp-content\/litespeed\/avatar\/7ae4379ad4421ec77820e92afd36dd78.jpg?ver=1777373933\",\"contentUrl\":\"https:\/\/conversesacatalunya.cat\/wp-content\/litespeed\/avatar\/7ae4379ad4421ec77820e92afd36dd78.jpg?ver=1777373933\",\"caption\":\"Enric Casanovas\"},\"url\":\"https:\/\/conversesacatalunya.cat\/es\/author\/enric-casanovas\/\"}]}<\/script>\n<!-- \/ Yoast SEO plugin. -->","yoast_head_json":{"title":"En Catalu\u00f1a no falta agua, sino buenos gobernantes - Converses a Catalunya","description":"De hecho, en el conjunto catal\u00e1n, si tuvi\u00e9ramos el mismo nivel de eficiencia regante que en Espa\u00f1a, tendr\u00edamos un excedente anual de m\u00e1s de 1000 hect\u00f3metros3","robots":{"index":"index","follow":"follow","max-snippet":"max-snippet:-1","max-image-preview":"max-image-preview:large","max-video-preview":"max-video-preview:-1"},"canonical":"https:\/\/conversesacatalunya.cat\/es\/en-cataluna-no-falta-agua-sino-buenos-gobernantes\/","og_locale":"es_ES","og_type":"article","og_title":"En Catalu\u00f1a no falta agua, sino buenos gobernantes - Converses a Catalunya","og_description":"De hecho, en el conjunto catal\u00e1n, si tuvi\u00e9ramos el mismo nivel de eficiencia regante que en Espa\u00f1a, tendr\u00edamos un excedente anual de m\u00e1s de 1000 hect\u00f3metros3","og_url":"https:\/\/conversesacatalunya.cat\/es\/en-cataluna-no-falta-agua-sino-buenos-gobernantes\/","og_site_name":"Converses a Catalunya","article_published_time":"2024-01-08T10:39:25+00:00","article_modified_time":"2024-01-08T14:33:56+00:00","og_image":[{"width":480,"height":263,"url":"https:\/\/conversesacatalunya.cat\/wp-content\/uploads\/2024\/01\/regadius.jpg","type":"image\/jpeg"}],"author":"Enric Casanovas","twitter_card":"summary_large_image","twitter_misc":{"Escrito por":"Enric Casanovas","Tiempo de lectura":"4 minutos"},"schema":{"@context":"https:\/\/schema.org","@graph":[{"@type":"Article","@id":"https:\/\/conversesacatalunya.cat\/es\/en-cataluna-no-falta-agua-sino-buenos-gobernantes\/#article","isPartOf":{"@id":"https:\/\/conversesacatalunya.cat\/es\/en-cataluna-no-falta-agua-sino-buenos-gobernantes\/"},"author":{"name":"Enric Casanovas","@id":"https:\/\/conversesacatalunya.cat\/#\/schema\/person\/79bd0577b2f3afc8d6519d207c6e8609"},"headline":"En Catalu\u00f1a no falta agua, sino buenos gobernantes","datePublished":"2024-01-08T10:39:25+00:00","dateModified":"2024-01-08T14:33:56+00:00","mainEntityOfPage":{"@id":"https:\/\/conversesacatalunya.cat\/es\/en-cataluna-no-falta-agua-sino-buenos-gobernantes\/"},"wordCount":832,"commentCount":0,"image":{"@id":"https:\/\/conversesacatalunya.cat\/es\/en-cataluna-no-falta-agua-sino-buenos-gobernantes\/#primaryimage"},"thumbnailUrl":"https:\/\/conversesacatalunya.cat\/wp-content\/uploads\/2024\/01\/regadius.jpg","keywords":["Sequia"],"articleSection":["Punts clau del dia (ES)"],"inLanguage":"es","potentialAction":[{"@type":"CommentAction","name":"Comment","target":["https:\/\/conversesacatalunya.cat\/es\/en-cataluna-no-falta-agua-sino-buenos-gobernantes\/#respond"]}]},{"@type":"WebPage","@id":"https:\/\/conversesacatalunya.cat\/es\/en-cataluna-no-falta-agua-sino-buenos-gobernantes\/","url":"https:\/\/conversesacatalunya.cat\/es\/en-cataluna-no-falta-agua-sino-buenos-gobernantes\/","name":"En Catalu\u00f1a no falta agua, sino buenos gobernantes - Converses a Catalunya","isPartOf":{"@id":"https:\/\/conversesacatalunya.cat\/#website"},"primaryImageOfPage":{"@id":"https:\/\/conversesacatalunya.cat\/es\/en-cataluna-no-falta-agua-sino-buenos-gobernantes\/#primaryimage"},"image":{"@id":"https:\/\/conversesacatalunya.cat\/es\/en-cataluna-no-falta-agua-sino-buenos-gobernantes\/#primaryimage"},"thumbnailUrl":"https:\/\/conversesacatalunya.cat\/wp-content\/uploads\/2024\/01\/regadius.jpg","datePublished":"2024-01-08T10:39:25+00:00","dateModified":"2024-01-08T14:33:56+00:00","author":{"@id":"https:\/\/conversesacatalunya.cat\/#\/schema\/person\/79bd0577b2f3afc8d6519d207c6e8609"},"description":"De hecho, en el conjunto catal\u00e1n, si tuvi\u00e9ramos el mismo nivel de eficiencia regante que en Espa\u00f1a, tendr\u00edamos un excedente anual de m\u00e1s de 1000 hect\u00f3metros3","breadcrumb":{"@id":"https:\/\/conversesacatalunya.cat\/es\/en-cataluna-no-falta-agua-sino-buenos-gobernantes\/#breadcrumb"},"inLanguage":"es","potentialAction":[{"@type":"ReadAction","target":["https:\/\/conversesacatalunya.cat\/es\/en-cataluna-no-falta-agua-sino-buenos-gobernantes\/"]}]},{"@type":"ImageObject","inLanguage":"es","@id":"https:\/\/conversesacatalunya.cat\/es\/en-cataluna-no-falta-agua-sino-buenos-gobernantes\/#primaryimage","url":"https:\/\/conversesacatalunya.cat\/wp-content\/uploads\/2024\/01\/regadius.jpg","contentUrl":"https:\/\/conversesacatalunya.cat\/wp-content\/uploads\/2024\/01\/regadius.jpg","width":480,"height":263},{"@type":"BreadcrumbList","@id":"https:\/\/conversesacatalunya.cat\/es\/en-cataluna-no-falta-agua-sino-buenos-gobernantes\/#breadcrumb","itemListElement":[{"@type":"ListItem","position":1,"name":"Inici","item":"https:\/\/conversesacatalunya.cat\/es\/"},{"@type":"ListItem","position":2,"name":"En Catalu\u00f1a no falta agua, sino buenos gobernantes"}]},{"@type":"WebSite","@id":"https:\/\/conversesacatalunya.cat\/#website","url":"https:\/\/conversesacatalunya.cat\/","name":"Converses a Catalunya","description":"","potentialAction":[{"@type":"SearchAction","target":{"@type":"EntryPoint","urlTemplate":"https:\/\/conversesacatalunya.cat\/?s={search_term_string}"},"query-input":{"@type":"PropertyValueSpecification","valueRequired":true,"valueName":"search_term_string"}}],"inLanguage":"es"},{"@type":"Person","@id":"https:\/\/conversesacatalunya.cat\/#\/schema\/person\/79bd0577b2f3afc8d6519d207c6e8609","name":"Enric Casanovas","image":{"@type":"ImageObject","inLanguage":"es","@id":"https:\/\/conversesacatalunya.cat\/#\/schema\/person\/image\/","url":"https:\/\/conversesacatalunya.cat\/wp-content\/litespeed\/avatar\/7ae4379ad4421ec77820e92afd36dd78.jpg?ver=1777373933","contentUrl":"https:\/\/conversesacatalunya.cat\/wp-content\/litespeed\/avatar\/7ae4379ad4421ec77820e92afd36dd78.jpg?ver=1777373933","caption":"Enric Casanovas"},"url":"https:\/\/conversesacatalunya.cat\/es\/author\/enric-casanovas\/"}]}},"wps_subtitle":"De hecho, en el conjunto catal\u00e1n, si tuvi\u00e9ramos el mismo nivel de eficiencia regante que en Espa\u00f1a, tendr\u00edamos un excedente anual de m\u00e1s de 1000 hect\u00f3metros3","_links":{"self":[{"href":"https:\/\/conversesacatalunya.cat\/es\/wp-json\/wp\/v2\/posts\/73846","targetHints":{"allow":["GET"]}}],"collection":[{"href":"https:\/\/conversesacatalunya.cat\/es\/wp-json\/wp\/v2\/posts"}],"about":[{"href":"https:\/\/conversesacatalunya.cat\/es\/wp-json\/wp\/v2\/types\/post"}],"author":[{"embeddable":true,"href":"https:\/\/conversesacatalunya.cat\/es\/wp-json\/wp\/v2\/users\/77"}],"replies":[{"embeddable":true,"href":"https:\/\/conversesacatalunya.cat\/es\/wp-json\/wp\/v2\/comments?post=73846"}],"version-history":[{"count":2,"href":"https:\/\/conversesacatalunya.cat\/es\/wp-json\/wp\/v2\/posts\/73846\/revisions"}],"predecessor-version":[{"id":73848,"href":"https:\/\/conversesacatalunya.cat\/es\/wp-json\/wp\/v2\/posts\/73846\/revisions\/73848"}],"wp:featuredmedia":[{"embeddable":true,"href":"https:\/\/conversesacatalunya.cat\/es\/wp-json\/wp\/v2\/media\/73830"}],"wp:attachment":[{"href":"https:\/\/conversesacatalunya.cat\/es\/wp-json\/wp\/v2\/media?parent=73846"}],"wp:term":[{"taxonomy":"category","embeddable":true,"href":"https:\/\/conversesacatalunya.cat\/es\/wp-json\/wp\/v2\/categories?post=73846"},{"taxonomy":"post_tag","embeddable":true,"href":"https:\/\/conversesacatalunya.cat\/es\/wp-json\/wp\/v2\/tags?post=73846"}],"curies":[{"name":"wp","href":"https:\/\/api.w.org\/{rel}","templated":true}]}}