{"id":73735,"date":"2024-01-03T10:59:37","date_gmt":"2024-01-03T09:59:37","guid":{"rendered":"https:\/\/conversesacatalunya.cat\/europa-sense-bateries\/"},"modified":"2024-01-03T11:48:24","modified_gmt":"2024-01-03T10:48:24","slug":"europa-sin-baterias","status":"publish","type":"post","link":"https:\/\/conversesacatalunya.cat\/es\/europa-sin-baterias\/","title":{"rendered":"C\u00f3mo Europa se est\u00e1 quedando sin componentes de bater\u00edas"},"content":{"rendered":"<p><span>Durante el mandato de\u00a0<\/span><strong><span>Donald Trump<\/span><\/strong><span>, numerosos medios de comunicaci\u00f3n, responsables pol\u00edticos y comentaristaseuropeos afirmaban sin cesar que el republicano era el presidente de Estados Unidos m\u00e1s proteccionista y de rebote antieuropeo, de la historia reciente.<\/span><\/p>\n<p><span>Sin embargo, las pol\u00edticas de la administraci\u00f3n dem\u00f3crata de\u00a0<\/span><strong><span>Joe Biden<\/span><\/strong><span> se est\u00e1n demostrando mucho m\u00e1s da\u00f1inas para los intereses econ\u00f3micos de la Uni\u00f3n Europea y de sus estados miembro.<\/span><\/p>\n<p><em><span>Converses<\/span><\/em><span>\u00a0ya\u00a0<\/span><a href=\"https:\/\/conversesacatalunya.cat\/es\/hacia-una-guerra-comercial-entre-europa-y-estados-unidos\/\" target=\"_blank\" rel=\"noopener\"><span>avanz\u00f3<\/span><\/a><span>\u00a0a finales de 2022 como la ley norteamericana bautizada \u201cde reducci\u00f3n de la inflaci\u00f3n\u201d (IRA, por\u00a0<\/span><em><span>Inflation Reduction Act<\/span><\/em><span>\u00a0), y que en realidad se basa en una pol\u00edtica expansionista, podr\u00eda\u00a0<\/span><strong><span>ocasionar importantes p\u00e9rdidas de inversiones para Europa<\/span><\/strong><span>.<\/span><\/p>\n<p><span>Seg\u00fan ha podido\u00a0<\/span><a href=\"https:\/\/www.ft.com\/content\/025e619f-79c5-4eed-9a79-66997f925dd4\" target=\"_blank\" rel=\"noopener\"><span>informar<\/span><\/a><span>\u00a0el rotativo brit\u00e1nico\u00a0<\/span><em><span>Financial Times<\/span><\/em><span>, el IRA ya est\u00e1 efectivamente desviando a los fabricantes de bater\u00edas el\u00e9ctricas y componentes hacia Am\u00e9rica.<\/span><\/p>\n<p><span>El Doctor Chris Burns, director ejecutivo de la empresa de producci\u00f3n de componentes de bater\u00edas para veh\u00edculos el\u00e9ctricos Novonix, admiti\u00f3 que\u00a0<\/span><strong><span>los incentivos fiscales que la legislaci\u00f3n estadounidense le ofrece han hecho que su hoja de ruta se centre en el mercado de Estados Unidos<\/span><\/strong><span> en vez del europeo.<\/span><\/p>\n<p><span>Y no precisamente durante un per\u00edodo de tiempo corto: Burns afirma que las dos plantas de producci\u00f3n de grafito, elemento clave de las bater\u00edas el\u00e9ctricas actuales, en las que Novonix trabaja en Norteam\u00e9rica mantendr\u00e1n su firma \u201cm\u00e1s que ocupada hasta el final de esta d\u00e9cada\u201d.<\/span><\/p>\n<p><span><span class=\"\">Declaraciones como las del ejecutivo de Novonix deber\u00edan caer como un cubo de agua fr\u00eda sobre los legisladores y funcionarios de la Comisi\u00f3n Europea dirigida por\u00a0<\/span><\/span><strong><span><span class=\"\">Ursula von der Leyen<\/span><\/span><\/strong><span><span class=\"\">, que llevan ya cuatro a\u00f1os (mucho antes del anuncio de Biden)\u00a0<\/span><\/span><a href=\"https:\/\/conversesacatalunya.cat\/es\/pacto-verde-europeo-revision\/\" target=\"_blank\" rel=\"noopener\"><span><span class=\"\">vendiendo<\/span><\/span><\/a><span><span class=\"\">\u00a0el llamado\u00a0<\/span><\/span><strong><span><span class=\"\">Pacto Verde<\/span><\/span><\/strong><span><span class=\"\">, la visi\u00f3n de una Europa l\u00edder de la transici\u00f3n hacia una econom\u00eda sostenible y electrificada.<\/span><\/span><\/p>\n<blockquote><p><strong><span>La realidad es que Europa se enfrenta a un inmenso desaf\u00edo para construir la cadena de suministro necesaria para llevar a cabo el Pacto Verde sin depender de China.<\/span><\/strong><\/p><\/blockquote>\n<p><span>La realidad es que Europa se enfrenta a un inmenso desaf\u00edo para construir la cadena de suministro necesaria para llevar a cabo el Pacto Verde sin depender de China.\u00a0Y ahora resulta que un nuevo y formidable obst\u00e1culo, adem\u00e1s del\u00a0<\/span><strong><span>dominio absoluto del gigante asi\u00e1tico<\/span><\/strong><span>\u00a0en todos y cada uno de los mercados clave para extraer minerales y fabricar componentes desde bater\u00edas hasta paneles solares,\u00a0<\/span><strong><span>procede del principal aliado europeo, Estados Unidos.<\/span><\/strong><\/p>\n<p><span>El caso del grafito que ocupa Novonix es particularmente revelador.\u00a0<span class=\"VIpgJd-yAWNEb-VIpgJd-fmcmS-sn54Q\">Actualmente, y seg\u00fan Benchmark Mineral Intelligence,\u00a0<\/span><\/span><strong><span><span class=\"VIpgJd-yAWNEb-VIpgJd-fmcmS-sn54Q\">China controla el 75% de la cadena de suministro mundial del grafito<\/span><\/span><\/strong><span><span class=\"VIpgJd-yAWNEb-VIpgJd-fmcmS-sn54Q\">, componente clave para el \u00e1nodo o polo negativo de las bater\u00edas de litio actuales.<\/span><\/span><\/p>\n<p><span>Estados Unidos toma, pues, posiciones para repatriar en suelo nacional la mayor parte posible de la producci\u00f3n de este componente,\u00a0<\/span><strong><span>mientras las empresas chinas sit\u00faan sus esperanzas en la vieja Europa<\/span><\/strong><span>, dejada a su merced despu\u00e9s de d\u00e9cadas de desindustrializaci\u00f3n, y carencia de los capitales propios y de verdadera voluntad para desarrollar una filial industrial propia.<\/span><\/p>\n<span class='bctt-click-to-tweet'><span class='bctt-ctt-text'><a href='https:\/\/twitter.com\/intent\/tweet?url=https%3A%2F%2Fconversesacatalunya.cat%2Fes%2Feuropa-sin-baterias%2F&#038;text=La%20realidad%20es%20que%20Europa%20se%20enfrenta%20a%20un%20desaf%C3%ADo%20inmenso%20por%20construir%20la%20cadena%20de%20suministro%20necesaria%20para%20realizar%20el%20Pacto%20Verde%20sin%20depender%20de%20China.&#038;via=conversesacat&#038;related=conversesacat' target='_blank'rel=\"noopener noreferrer\">La realidad es que Europa se enfrenta a un desaf\u00edo inmenso por construir la cadena de suministro necesaria para realizar el Pacto Verde sin depender de China. <\/a><\/span><a href='https:\/\/twitter.com\/intent\/tweet?url=https%3A%2F%2Fconversesacatalunya.cat%2Fes%2Feuropa-sin-baterias%2F&#038;text=La%20realidad%20es%20que%20Europa%20se%20enfrenta%20a%20un%20desaf%C3%ADo%20inmenso%20por%20construir%20la%20cadena%20de%20suministro%20necesaria%20para%20realizar%20el%20Pacto%20Verde%20sin%20depender%20de%20China.&#038;via=conversesacat&#038;related=conversesacat' target='_blank' class='bctt-ctt-btn'rel=\"noopener noreferrer\">Compartir en X<\/a><\/span>\n","protected":false},"excerpt":{"rendered":"<p>Durante el mandato de\u00a0Donald Trump, numerosos medios de comunicaci\u00f3n, responsables pol\u00edticos y comentaristaseuropeos afirmaban sin cesar que el republicano era el presidente de Estados Unidos m\u00e1s proteccionista y de rebote antieuropeo, de la historia reciente. Sin embargo, las pol\u00edticas de la administraci\u00f3n dem\u00f3crata de\u00a0Joe Biden se est\u00e1n demostrando mucho m\u00e1s da\u00f1inas para los intereses econ\u00f3micos de la Uni\u00f3n Europea y de sus estados miembro. Converses\u00a0ya\u00a0avanz\u00f3\u00a0a finales de 2022 como la ley norteamericana bautizada \u201cde reducci\u00f3n de la inflaci\u00f3n\u201d (IRA, por\u00a0Inflation Reduction Act\u00a0), y que en realidad se basa en una pol\u00edtica expansionista, podr\u00eda\u00a0ocasionar importantes p\u00e9rdidas de inversiones para Europa. Seg\u00fan ha podido\u00a0informar\u00a0el rotativo brit\u00e1nico\u00a0Financial Times, el IRA ya est\u00e1 efectivamente desviando a los fabricantes de bater\u00edas el\u00e9ctricas y componentes hacia Am\u00e9rica. El Doctor Chris Burns, director ejecutivo de la empresa de producci\u00f3n de componentes de bater\u00edas para veh\u00edculos el\u00e9ctricos Novonix, admiti\u00f3 que\u00a0los incentivos fiscales que la legislaci\u00f3n estadounidense le ofrece han hecho que su hoja de ruta se centre en el mercado de Estados Unidos en vez del europeo. Y no precisamente durante un per\u00edodo de tiempo corto: Burns afirma que las dos plantas de producci\u00f3n de grafito, elemento clave de las bater\u00edas el\u00e9ctricas actuales, en las que Novonix trabaja en Norteam\u00e9rica mantendr\u00e1n su firma \u201cm\u00e1s que ocupada hasta el final de esta d\u00e9cada\u201d. Declaraciones como las del ejecutivo de Novonix deber\u00edan caer como un cubo de agua fr\u00eda sobre los legisladores y funcionarios de la Comisi\u00f3n Europea dirigida por\u00a0Ursula von der Leyen, que llevan ya cuatro a\u00f1os (mucho antes del anuncio de Biden)\u00a0vendiendo\u00a0el llamado\u00a0Pacto Verde, la visi\u00f3n de una Europa l\u00edder de la transici\u00f3n hacia una econom\u00eda sostenible y electrificada. La realidad es que Europa se enfrenta a un inmenso desaf\u00edo para construir la cadena de suministro necesaria para llevar a cabo el Pacto Verde sin depender de China. La realidad es que Europa se enfrenta a un inmenso desaf\u00edo para construir la cadena de suministro necesaria para llevar a cabo el Pacto Verde sin depender de China.\u00a0Y ahora resulta que un nuevo y formidable obst\u00e1culo, adem\u00e1s del\u00a0dominio absoluto del gigante asi\u00e1tico\u00a0en todos y cada uno de los mercados clave para extraer minerales y fabricar componentes desde bater\u00edas hasta paneles solares,\u00a0procede del principal aliado europeo, Estados Unidos. El caso del grafito que ocupa Novonix es particularmente revelador.\u00a0Actualmente, y seg\u00fan Benchmark Mineral Intelligence,\u00a0China controla el 75% de la cadena de suministro mundial del grafito, componente clave para el \u00e1nodo o polo negativo de las bater\u00edas de litio actuales. Estados Unidos toma, pues, posiciones para repatriar en suelo nacional la mayor parte posible de la producci\u00f3n de este componente,\u00a0mientras las empresas chinas sit\u00faan sus esperanzas en la vieja Europa, dejada a su merced despu\u00e9s de d\u00e9cadas de desindustrializaci\u00f3n, y carencia de los capitales propios y de verdadera voluntad para desarrollar una filial industrial propia.<\/p>\n","protected":false},"author":75,"featured_media":73651,"comment_status":"open","ping_status":"open","sticky":false,"template":"","format":"standard","meta":{"_FSMCFIC_featured_image_caption":"","_FSMCFIC_featured_image_nocaption":"","_FSMCFIC_featured_image_hide":"","footnotes":""},"categories":[806],"tags":[3437,2616,4261],"class_list":["post-73735","post","type-post","status-publish","format-standard","has-post-thumbnail","hentry","category-punts-claus-del-dia-es","tag-coche-electrico","tag-pacto-verde-europeo","tag-transicion-energetica"],"yoast_head":"<!-- This site is optimized with the Yoast SEO plugin v26.8 - https:\/\/yoast.com\/product\/yoast-seo-wordpress\/ -->\n<title>Com Europa s&#039;est\u00e0 quedant sense components de bateries<\/title>\n<meta name=\"robots\" content=\"index, follow, max-snippet:-1, max-image-preview:large, max-video-preview:-1\" \/>\n<link rel=\"canonical\" href=\"https:\/\/conversesacatalunya.cat\/es\/europa-sin-baterias\/\" \/>\n<meta property=\"og:locale\" content=\"es_ES\" \/>\n<meta property=\"og:type\" content=\"article\" \/>\n<meta property=\"og:title\" content=\"Com Europa s&#039;est\u00e0 quedant sense components de bateries\" \/>\n<meta property=\"og:description\" content=\"Durante el mandato de\u00a0Donald Trump, numerosos medios de comunicaci\u00f3n, responsables pol\u00edticos y comentaristaseuropeos afirmaban sin cesar que el republicano era el presidente de Estados Unidos m\u00e1s proteccionista y de rebote antieuropeo, de la historia reciente. Sin embargo, las pol\u00edticas de la administraci\u00f3n dem\u00f3crata de\u00a0Joe Biden se est\u00e1n demostrando mucho m\u00e1s da\u00f1inas para los intereses econ\u00f3micos de la Uni\u00f3n Europea y de sus estados miembro. Converses\u00a0ya\u00a0avanz\u00f3\u00a0a finales de 2022 como la ley norteamericana bautizada \u201cde reducci\u00f3n de la inflaci\u00f3n\u201d (IRA, por\u00a0Inflation Reduction Act\u00a0), y que en realidad se basa en una pol\u00edtica expansionista, podr\u00eda\u00a0ocasionar importantes p\u00e9rdidas de inversiones para Europa. Seg\u00fan ha podido\u00a0informar\u00a0el rotativo brit\u00e1nico\u00a0Financial Times, el IRA ya est\u00e1 efectivamente desviando a los fabricantes de bater\u00edas el\u00e9ctricas y componentes hacia Am\u00e9rica. El Doctor Chris Burns, director ejecutivo de la empresa de producci\u00f3n de componentes de bater\u00edas para veh\u00edculos el\u00e9ctricos Novonix, admiti\u00f3 que\u00a0los incentivos fiscales que la legislaci\u00f3n estadounidense le ofrece han hecho que su hoja de ruta se centre en el mercado de Estados Unidos en vez del europeo. Y no precisamente durante un per\u00edodo de tiempo corto: Burns afirma que las dos plantas de producci\u00f3n de grafito, elemento clave de las bater\u00edas el\u00e9ctricas actuales, en las que Novonix trabaja en Norteam\u00e9rica mantendr\u00e1n su firma \u201cm\u00e1s que ocupada hasta el final de esta d\u00e9cada\u201d. Declaraciones como las del ejecutivo de Novonix deber\u00edan caer como un cubo de agua fr\u00eda sobre los legisladores y funcionarios de la Comisi\u00f3n Europea dirigida por\u00a0Ursula von der Leyen, que llevan ya cuatro a\u00f1os (mucho antes del anuncio de Biden)\u00a0vendiendo\u00a0el llamado\u00a0Pacto Verde, la visi\u00f3n de una Europa l\u00edder de la transici\u00f3n hacia una econom\u00eda sostenible y electrificada. La realidad es que Europa se enfrenta a un inmenso desaf\u00edo para construir la cadena de suministro necesaria para llevar a cabo el Pacto Verde sin depender de China. La realidad es que Europa se enfrenta a un inmenso desaf\u00edo para construir la cadena de suministro necesaria para llevar a cabo el Pacto Verde sin depender de China.\u00a0Y ahora resulta que un nuevo y formidable obst\u00e1culo, adem\u00e1s del\u00a0dominio absoluto del gigante asi\u00e1tico\u00a0en todos y cada uno de los mercados clave para extraer minerales y fabricar componentes desde bater\u00edas hasta paneles solares,\u00a0procede del principal aliado europeo, Estados Unidos. El caso del grafito que ocupa Novonix es particularmente revelador.\u00a0Actualmente, y seg\u00fan Benchmark Mineral Intelligence,\u00a0China controla el 75% de la cadena de suministro mundial del grafito, componente clave para el \u00e1nodo o polo negativo de las bater\u00edas de litio actuales. Estados Unidos toma, pues, posiciones para repatriar en suelo nacional la mayor parte posible de la producci\u00f3n de este componente,\u00a0mientras las empresas chinas sit\u00faan sus esperanzas en la vieja Europa, dejada a su merced despu\u00e9s de d\u00e9cadas de desindustrializaci\u00f3n, y carencia de los capitales propios y de verdadera voluntad para desarrollar una filial industrial propia.\" \/>\n<meta property=\"og:url\" content=\"https:\/\/conversesacatalunya.cat\/es\/europa-sin-baterias\/\" \/>\n<meta property=\"og:site_name\" content=\"Converses a Catalunya\" \/>\n<meta property=\"article:published_time\" content=\"2024-01-03T09:59:37+00:00\" \/>\n<meta property=\"article:modified_time\" content=\"2024-01-03T10:48:24+00:00\" \/>\n<meta property=\"og:image\" content=\"https:\/\/conversesacatalunya.cat\/wp-content\/uploads\/2023\/12\/bateries.jpg\" \/>\n\t<meta property=\"og:image:width\" content=\"900\" \/>\n\t<meta property=\"og:image:height\" content=\"506\" \/>\n\t<meta property=\"og:image:type\" content=\"image\/jpeg\" \/>\n<meta name=\"author\" content=\"Carles L\u00f3pez\" \/>\n<meta name=\"twitter:card\" content=\"summary_large_image\" \/>\n<meta name=\"twitter:label1\" content=\"Escrito por\" \/>\n\t<meta name=\"twitter:data1\" content=\"Carles L\u00f3pez\" \/>\n\t<meta name=\"twitter:label2\" content=\"Tiempo de lectura\" \/>\n\t<meta name=\"twitter:data2\" content=\"3 minutos\" \/>\n<script type=\"application\/ld+json\" class=\"yoast-schema-graph\">{\"@context\":\"https:\/\/schema.org\",\"@graph\":[{\"@type\":\"Article\",\"@id\":\"https:\/\/conversesacatalunya.cat\/es\/europa-sin-baterias\/#article\",\"isPartOf\":{\"@id\":\"https:\/\/conversesacatalunya.cat\/es\/europa-sin-baterias\/\"},\"author\":{\"name\":\"Carles L\u00f3pez\",\"@id\":\"https:\/\/conversesacatalunya.cat\/#\/schema\/person\/3ce2ab16c0a3803086d80722c7cad56a\"},\"headline\":\"C\u00f3mo Europa se est\u00e1 quedando sin componentes de bater\u00edas\",\"datePublished\":\"2024-01-03T09:59:37+00:00\",\"dateModified\":\"2024-01-03T10:48:24+00:00\",\"mainEntityOfPage\":{\"@id\":\"https:\/\/conversesacatalunya.cat\/es\/europa-sin-baterias\/\"},\"wordCount\":581,\"commentCount\":0,\"image\":{\"@id\":\"https:\/\/conversesacatalunya.cat\/es\/europa-sin-baterias\/#primaryimage\"},\"thumbnailUrl\":\"https:\/\/conversesacatalunya.cat\/wp-content\/uploads\/2023\/12\/bateries.jpg\",\"keywords\":[\"coche el\u00e9ctrico\",\"Pacto verde europeo\",\"Transici\u00f3n energ\u00e9tica\"],\"articleSection\":[\"Punts clau del dia (ES)\"],\"inLanguage\":\"es\",\"potentialAction\":[{\"@type\":\"CommentAction\",\"name\":\"Comment\",\"target\":[\"https:\/\/conversesacatalunya.cat\/es\/europa-sin-baterias\/#respond\"]}]},{\"@type\":\"WebPage\",\"@id\":\"https:\/\/conversesacatalunya.cat\/es\/europa-sin-baterias\/\",\"url\":\"https:\/\/conversesacatalunya.cat\/es\/europa-sin-baterias\/\",\"name\":\"Com Europa s'est\u00e0 quedant sense components de bateries\",\"isPartOf\":{\"@id\":\"https:\/\/conversesacatalunya.cat\/#website\"},\"primaryImageOfPage\":{\"@id\":\"https:\/\/conversesacatalunya.cat\/es\/europa-sin-baterias\/#primaryimage\"},\"image\":{\"@id\":\"https:\/\/conversesacatalunya.cat\/es\/europa-sin-baterias\/#primaryimage\"},\"thumbnailUrl\":\"https:\/\/conversesacatalunya.cat\/wp-content\/uploads\/2023\/12\/bateries.jpg\",\"datePublished\":\"2024-01-03T09:59:37+00:00\",\"dateModified\":\"2024-01-03T10:48:24+00:00\",\"author\":{\"@id\":\"https:\/\/conversesacatalunya.cat\/#\/schema\/person\/3ce2ab16c0a3803086d80722c7cad56a\"},\"breadcrumb\":{\"@id\":\"https:\/\/conversesacatalunya.cat\/es\/europa-sin-baterias\/#breadcrumb\"},\"inLanguage\":\"es\",\"potentialAction\":[{\"@type\":\"ReadAction\",\"target\":[\"https:\/\/conversesacatalunya.cat\/es\/europa-sin-baterias\/\"]}]},{\"@type\":\"ImageObject\",\"inLanguage\":\"es\",\"@id\":\"https:\/\/conversesacatalunya.cat\/es\/europa-sin-baterias\/#primaryimage\",\"url\":\"https:\/\/conversesacatalunya.cat\/wp-content\/uploads\/2023\/12\/bateries.jpg\",\"contentUrl\":\"https:\/\/conversesacatalunya.cat\/wp-content\/uploads\/2023\/12\/bateries.jpg\",\"width\":900,\"height\":506,\"caption\":\"Europa bateries\"},{\"@type\":\"BreadcrumbList\",\"@id\":\"https:\/\/conversesacatalunya.cat\/es\/europa-sin-baterias\/#breadcrumb\",\"itemListElement\":[{\"@type\":\"ListItem\",\"position\":1,\"name\":\"Inici\",\"item\":\"https:\/\/conversesacatalunya.cat\/es\/\"},{\"@type\":\"ListItem\",\"position\":2,\"name\":\"C\u00f3mo Europa se est\u00e1 quedando sin componentes de bater\u00edas\"}]},{\"@type\":\"WebSite\",\"@id\":\"https:\/\/conversesacatalunya.cat\/#website\",\"url\":\"https:\/\/conversesacatalunya.cat\/\",\"name\":\"Converses a Catalunya\",\"description\":\"\",\"potentialAction\":[{\"@type\":\"SearchAction\",\"target\":{\"@type\":\"EntryPoint\",\"urlTemplate\":\"https:\/\/conversesacatalunya.cat\/?s={search_term_string}\"},\"query-input\":{\"@type\":\"PropertyValueSpecification\",\"valueRequired\":true,\"valueName\":\"search_term_string\"}}],\"inLanguage\":\"es\"},{\"@type\":\"Person\",\"@id\":\"https:\/\/conversesacatalunya.cat\/#\/schema\/person\/3ce2ab16c0a3803086d80722c7cad56a\",\"name\":\"Carles L\u00f3pez\",\"image\":{\"@type\":\"ImageObject\",\"inLanguage\":\"es\",\"@id\":\"https:\/\/conversesacatalunya.cat\/#\/schema\/person\/image\/\",\"url\":\"https:\/\/conversesacatalunya.cat\/wp-content\/litespeed\/avatar\/4891585caf2896e97846ab77f06edcf2.jpg?ver=1777091173\",\"contentUrl\":\"https:\/\/conversesacatalunya.cat\/wp-content\/litespeed\/avatar\/4891585caf2896e97846ab77f06edcf2.jpg?ver=1777091173\",\"caption\":\"Carles L\u00f3pez\"},\"url\":\"https:\/\/conversesacatalunya.cat\/es\/author\/carles-lopez\/\"}]}<\/script>\n<!-- \/ Yoast SEO plugin. -->","yoast_head_json":{"title":"Com Europa s'est\u00e0 quedant sense components de bateries","robots":{"index":"index","follow":"follow","max-snippet":"max-snippet:-1","max-image-preview":"max-image-preview:large","max-video-preview":"max-video-preview:-1"},"canonical":"https:\/\/conversesacatalunya.cat\/es\/europa-sin-baterias\/","og_locale":"es_ES","og_type":"article","og_title":"Com Europa s'est\u00e0 quedant sense components de bateries","og_description":"Durante el mandato de\u00a0Donald Trump, numerosos medios de comunicaci\u00f3n, responsables pol\u00edticos y comentaristaseuropeos afirmaban sin cesar que el republicano era el presidente de Estados Unidos m\u00e1s proteccionista y de rebote antieuropeo, de la historia reciente. Sin embargo, las pol\u00edticas de la administraci\u00f3n dem\u00f3crata de\u00a0Joe Biden se est\u00e1n demostrando mucho m\u00e1s da\u00f1inas para los intereses econ\u00f3micos de la Uni\u00f3n Europea y de sus estados miembro. Converses\u00a0ya\u00a0avanz\u00f3\u00a0a finales de 2022 como la ley norteamericana bautizada \u201cde reducci\u00f3n de la inflaci\u00f3n\u201d (IRA, por\u00a0Inflation Reduction Act\u00a0), y que en realidad se basa en una pol\u00edtica expansionista, podr\u00eda\u00a0ocasionar importantes p\u00e9rdidas de inversiones para Europa. Seg\u00fan ha podido\u00a0informar\u00a0el rotativo brit\u00e1nico\u00a0Financial Times, el IRA ya est\u00e1 efectivamente desviando a los fabricantes de bater\u00edas el\u00e9ctricas y componentes hacia Am\u00e9rica. El Doctor Chris Burns, director ejecutivo de la empresa de producci\u00f3n de componentes de bater\u00edas para veh\u00edculos el\u00e9ctricos Novonix, admiti\u00f3 que\u00a0los incentivos fiscales que la legislaci\u00f3n estadounidense le ofrece han hecho que su hoja de ruta se centre en el mercado de Estados Unidos en vez del europeo. Y no precisamente durante un per\u00edodo de tiempo corto: Burns afirma que las dos plantas de producci\u00f3n de grafito, elemento clave de las bater\u00edas el\u00e9ctricas actuales, en las que Novonix trabaja en Norteam\u00e9rica mantendr\u00e1n su firma \u201cm\u00e1s que ocupada hasta el final de esta d\u00e9cada\u201d. Declaraciones como las del ejecutivo de Novonix deber\u00edan caer como un cubo de agua fr\u00eda sobre los legisladores y funcionarios de la Comisi\u00f3n Europea dirigida por\u00a0Ursula von der Leyen, que llevan ya cuatro a\u00f1os (mucho antes del anuncio de Biden)\u00a0vendiendo\u00a0el llamado\u00a0Pacto Verde, la visi\u00f3n de una Europa l\u00edder de la transici\u00f3n hacia una econom\u00eda sostenible y electrificada. La realidad es que Europa se enfrenta a un inmenso desaf\u00edo para construir la cadena de suministro necesaria para llevar a cabo el Pacto Verde sin depender de China. La realidad es que Europa se enfrenta a un inmenso desaf\u00edo para construir la cadena de suministro necesaria para llevar a cabo el Pacto Verde sin depender de China.\u00a0Y ahora resulta que un nuevo y formidable obst\u00e1culo, adem\u00e1s del\u00a0dominio absoluto del gigante asi\u00e1tico\u00a0en todos y cada uno de los mercados clave para extraer minerales y fabricar componentes desde bater\u00edas hasta paneles solares,\u00a0procede del principal aliado europeo, Estados Unidos. El caso del grafito que ocupa Novonix es particularmente revelador.\u00a0Actualmente, y seg\u00fan Benchmark Mineral Intelligence,\u00a0China controla el 75% de la cadena de suministro mundial del grafito, componente clave para el \u00e1nodo o polo negativo de las bater\u00edas de litio actuales. Estados Unidos toma, pues, posiciones para repatriar en suelo nacional la mayor parte posible de la producci\u00f3n de este componente,\u00a0mientras las empresas chinas sit\u00faan sus esperanzas en la vieja Europa, dejada a su merced despu\u00e9s de d\u00e9cadas de desindustrializaci\u00f3n, y carencia de los capitales propios y de verdadera voluntad para desarrollar una filial industrial propia.","og_url":"https:\/\/conversesacatalunya.cat\/es\/europa-sin-baterias\/","og_site_name":"Converses a Catalunya","article_published_time":"2024-01-03T09:59:37+00:00","article_modified_time":"2024-01-03T10:48:24+00:00","og_image":[{"width":900,"height":506,"url":"https:\/\/conversesacatalunya.cat\/wp-content\/uploads\/2023\/12\/bateries.jpg","type":"image\/jpeg"}],"author":"Carles L\u00f3pez","twitter_card":"summary_large_image","twitter_misc":{"Escrito por":"Carles L\u00f3pez","Tiempo de lectura":"3 minutos"},"schema":{"@context":"https:\/\/schema.org","@graph":[{"@type":"Article","@id":"https:\/\/conversesacatalunya.cat\/es\/europa-sin-baterias\/#article","isPartOf":{"@id":"https:\/\/conversesacatalunya.cat\/es\/europa-sin-baterias\/"},"author":{"name":"Carles L\u00f3pez","@id":"https:\/\/conversesacatalunya.cat\/#\/schema\/person\/3ce2ab16c0a3803086d80722c7cad56a"},"headline":"C\u00f3mo Europa se est\u00e1 quedando sin componentes de bater\u00edas","datePublished":"2024-01-03T09:59:37+00:00","dateModified":"2024-01-03T10:48:24+00:00","mainEntityOfPage":{"@id":"https:\/\/conversesacatalunya.cat\/es\/europa-sin-baterias\/"},"wordCount":581,"commentCount":0,"image":{"@id":"https:\/\/conversesacatalunya.cat\/es\/europa-sin-baterias\/#primaryimage"},"thumbnailUrl":"https:\/\/conversesacatalunya.cat\/wp-content\/uploads\/2023\/12\/bateries.jpg","keywords":["coche el\u00e9ctrico","Pacto verde europeo","Transici\u00f3n energ\u00e9tica"],"articleSection":["Punts clau del dia (ES)"],"inLanguage":"es","potentialAction":[{"@type":"CommentAction","name":"Comment","target":["https:\/\/conversesacatalunya.cat\/es\/europa-sin-baterias\/#respond"]}]},{"@type":"WebPage","@id":"https:\/\/conversesacatalunya.cat\/es\/europa-sin-baterias\/","url":"https:\/\/conversesacatalunya.cat\/es\/europa-sin-baterias\/","name":"Com Europa s'est\u00e0 quedant sense components de bateries","isPartOf":{"@id":"https:\/\/conversesacatalunya.cat\/#website"},"primaryImageOfPage":{"@id":"https:\/\/conversesacatalunya.cat\/es\/europa-sin-baterias\/#primaryimage"},"image":{"@id":"https:\/\/conversesacatalunya.cat\/es\/europa-sin-baterias\/#primaryimage"},"thumbnailUrl":"https:\/\/conversesacatalunya.cat\/wp-content\/uploads\/2023\/12\/bateries.jpg","datePublished":"2024-01-03T09:59:37+00:00","dateModified":"2024-01-03T10:48:24+00:00","author":{"@id":"https:\/\/conversesacatalunya.cat\/#\/schema\/person\/3ce2ab16c0a3803086d80722c7cad56a"},"breadcrumb":{"@id":"https:\/\/conversesacatalunya.cat\/es\/europa-sin-baterias\/#breadcrumb"},"inLanguage":"es","potentialAction":[{"@type":"ReadAction","target":["https:\/\/conversesacatalunya.cat\/es\/europa-sin-baterias\/"]}]},{"@type":"ImageObject","inLanguage":"es","@id":"https:\/\/conversesacatalunya.cat\/es\/europa-sin-baterias\/#primaryimage","url":"https:\/\/conversesacatalunya.cat\/wp-content\/uploads\/2023\/12\/bateries.jpg","contentUrl":"https:\/\/conversesacatalunya.cat\/wp-content\/uploads\/2023\/12\/bateries.jpg","width":900,"height":506,"caption":"Europa bateries"},{"@type":"BreadcrumbList","@id":"https:\/\/conversesacatalunya.cat\/es\/europa-sin-baterias\/#breadcrumb","itemListElement":[{"@type":"ListItem","position":1,"name":"Inici","item":"https:\/\/conversesacatalunya.cat\/es\/"},{"@type":"ListItem","position":2,"name":"C\u00f3mo Europa se est\u00e1 quedando sin componentes de bater\u00edas"}]},{"@type":"WebSite","@id":"https:\/\/conversesacatalunya.cat\/#website","url":"https:\/\/conversesacatalunya.cat\/","name":"Converses a Catalunya","description":"","potentialAction":[{"@type":"SearchAction","target":{"@type":"EntryPoint","urlTemplate":"https:\/\/conversesacatalunya.cat\/?s={search_term_string}"},"query-input":{"@type":"PropertyValueSpecification","valueRequired":true,"valueName":"search_term_string"}}],"inLanguage":"es"},{"@type":"Person","@id":"https:\/\/conversesacatalunya.cat\/#\/schema\/person\/3ce2ab16c0a3803086d80722c7cad56a","name":"Carles L\u00f3pez","image":{"@type":"ImageObject","inLanguage":"es","@id":"https:\/\/conversesacatalunya.cat\/#\/schema\/person\/image\/","url":"https:\/\/conversesacatalunya.cat\/wp-content\/litespeed\/avatar\/4891585caf2896e97846ab77f06edcf2.jpg?ver=1777091173","contentUrl":"https:\/\/conversesacatalunya.cat\/wp-content\/litespeed\/avatar\/4891585caf2896e97846ab77f06edcf2.jpg?ver=1777091173","caption":"Carles L\u00f3pez"},"url":"https:\/\/conversesacatalunya.cat\/es\/author\/carles-lopez\/"}]}},"wps_subtitle":"Adem\u00e1s de la posici\u00f3n absolutamente dominante de las minas y fabricantes chinos, otro formidable rival del Viejo Continente en su carrera hacia la electrificaci\u00f3n ha entrado en escena: Estados Unidos de Joe Biden","_links":{"self":[{"href":"https:\/\/conversesacatalunya.cat\/es\/wp-json\/wp\/v2\/posts\/73735","targetHints":{"allow":["GET"]}}],"collection":[{"href":"https:\/\/conversesacatalunya.cat\/es\/wp-json\/wp\/v2\/posts"}],"about":[{"href":"https:\/\/conversesacatalunya.cat\/es\/wp-json\/wp\/v2\/types\/post"}],"author":[{"embeddable":true,"href":"https:\/\/conversesacatalunya.cat\/es\/wp-json\/wp\/v2\/users\/75"}],"replies":[{"embeddable":true,"href":"https:\/\/conversesacatalunya.cat\/es\/wp-json\/wp\/v2\/comments?post=73735"}],"version-history":[{"count":2,"href":"https:\/\/conversesacatalunya.cat\/es\/wp-json\/wp\/v2\/posts\/73735\/revisions"}],"predecessor-version":[{"id":73737,"href":"https:\/\/conversesacatalunya.cat\/es\/wp-json\/wp\/v2\/posts\/73735\/revisions\/73737"}],"wp:featuredmedia":[{"embeddable":true,"href":"https:\/\/conversesacatalunya.cat\/es\/wp-json\/wp\/v2\/media\/73651"}],"wp:attachment":[{"href":"https:\/\/conversesacatalunya.cat\/es\/wp-json\/wp\/v2\/media?parent=73735"}],"wp:term":[{"taxonomy":"category","embeddable":true,"href":"https:\/\/conversesacatalunya.cat\/es\/wp-json\/wp\/v2\/categories?post=73735"},{"taxonomy":"post_tag","embeddable":true,"href":"https:\/\/conversesacatalunya.cat\/es\/wp-json\/wp\/v2\/tags?post=73735"}],"curies":[{"name":"wp","href":"https:\/\/api.w.org\/{rel}","templated":true}]}}