{"id":73661,"date":"2023-12-28T08:00:57","date_gmt":"2023-12-28T07:00:57","guid":{"rendered":"https:\/\/conversesacatalunya.cat\/la-fi-del-somni-america\/"},"modified":"2024-01-02T09:03:28","modified_gmt":"2024-01-02T08:03:28","slug":"el-fin-del-sueno-americano","status":"publish","type":"post","link":"https:\/\/conversesacatalunya.cat\/es\/el-fin-del-sueno-americano\/","title":{"rendered":"\u00bfEl fin del sue\u00f1o americano?"},"content":{"rendered":"<p>Durante m\u00e1s de un siglo, el sue\u00f1o americano ha sido uno de los grandes relatos que han construido los Estados Unidos de Am\u00e9rica, volcando a millones de personas en busca de un futuro mejor que el Viejo Continente les parec\u00eda privar.<\/p>\n<p>El sue\u00f1o americano se basa en la movilidad social ascendente, del famoso \u00abascensor social\u00bb. Cualquier estadounidense, si trabaja duro, debe ser capaz no solo de triunfar, sino de<strong> vivir mejor que sus padres<\/strong>.<\/p>\n<p>Todav\u00eda hoy, y como <em>Converses<\/em> <a href=\"https:\/\/conversesacatalunya.cat\/es\/leconomia-europa-detras-estados-unidos\/\" target=\"_blank\" rel=\"noopener\"><strong>ha expuesto<\/strong> <\/a>recientemente, Estados Unidos puede alardear de una econom\u00eda mucho m\u00e1s din\u00e1mica y con muchas mejores perspectivas de futuro que la europea.<\/p>\n<p>Sin embargo, algo se ha estropeado en el Nuevo Mundo. En los \u00faltimos 50 a\u00f1os, como<a href=\"https:\/\/www.ft.com\/content\/048d0119-b2c6-4aa1-a6bd-0b4a3549882c\" target=\"_blank\" rel=\"noopener\"><strong> recuerda<\/strong> <\/a>la economista y periodista estadounidense Rana Foroohar, los ingresos de las familias se han estancado y las desigualdades de riqueza se han ensanchado. <strong>En 2019, un hogar medio dispon\u00eda de un patrimonio neto algo menor que en 2001.<\/strong><\/p>\n<p>Estos indicadores no son los \u00fanicos que se\u00f1alan los males profundos que afectan al pa\u00eds. La esperanza de vida se ha reducido (y llevaba ya a\u00f1os estancada antes de la pandemia de la Covid) y el pa\u00eds atraviesa una grave crisis cultural <a href=\"https:\/\/conversesacatalunya.cat\/es\/esta-estados-unidos-a-punto-de-explotar\/\" target=\"_blank\" rel=\"noopener\"><strong>generada<\/strong><\/a> por la ideolog\u00eda woke que est\u00e1 teniendo amplias consecuencias en \u00e1mbitos muy diferentes, desde fomentar la impunidad de la criminalidad hasta la ruptura de la concordia ciudadana.<\/p>\n<blockquote><p>Mientras el 92% de los beb\u00e9s nacidos en 1940 consiguieron ingresos superiores a sus padres, los nacidos en 1980 s\u00f3lo han tenido el 50% de posibilidades de mejorar en relaci\u00f3n con sus progenitores.<\/p><\/blockquote>\n<p>Volviendo a las manifestaciones socioecon\u00f3micas de esta crisis, el acad\u00e9mico de Harvard (universidad que se ha convertido ella misma en un campo de batalla) Raj Chetty afirma que mientras el 92% de los beb\u00e9s nacidos en 1940 consiguieron ingresos superiores a sus padres, los nacidos en 1980 tan solo han tenido un 50% de posibilidades de mejorar en relaci\u00f3n con sus progenitores. <strong>Se trata, por tanto, de un declive que no es tan reciente como se podr\u00eda pensar<\/strong>, y que ha tenido profundas consecuencias econ\u00f3micas, pol\u00edticas y sociales.<\/p>\n<p><strong>El periodista ganador del premio Pulitzer, David Leonhardt, propone la siguiente tesis para explicar este cambio:<\/strong> \u00abya no hay ning\u00fan movimiento de masas centrado en mejorar las perspectivas econ\u00f3micas para la mayor\u00eda de americanos. Los principales grupos de presi\u00f3n del pa\u00eds, tanto a la derecha como a la izquierda, se preocupan por otros asuntos\u00bb.<\/p>\n<h4><strong>Se trata de una forma suave de decir que Estados Unidos ha perdido los acuerdos fundamentales que manten\u00edan a sus ciudadanos unidos como naci\u00f3n.<\/strong><\/h4>\n<p>Leonhardt a\u00f1ade que estos cambios afectan a <strong>tres \u00e1mbitos en particular: poder pol\u00edtico, cultura e inversiones.<\/strong> En cada uno de ellos, las \u00e9lites que deber\u00edan haberse responsabilizado de la defensa del estadounidense medio y desfavorecido, han abandonado ese ideal social para <strong>centrarse en sus preocupaciones individuales<\/strong>, ya tengan un car\u00e1cter identitario (g\u00e9nero, aborto, inmigraci\u00f3n) o financiero (imposici\u00f3n, inversi\u00f3n en grandes infraestructuras y educaci\u00f3n, por ejemplo).<\/p>\n<p>El declive del sue\u00f1o americano es, por tanto, un fen\u00f3meno que hay que<a href=\"https:\/\/www.forumlibertas.com\/a-proposito-de-la-sociedad-desvinculada-de-josep-miro\/\" target=\"_blank\" rel=\"noopener\"><strong> enmarcar<\/strong> <\/a>dentro de la crisis que sufre Occidente en su conjunto, y que es en \u00faltimo t\u00e9rmino una consecuencia de la ruptura con los acuerdos fundamentales responsables de hacer aparecer y mantener unida una comunidad pol\u00edtica.<\/p>\n<div id=\"polls-223\" class=\"wp-polls\">\n\t<form id=\"polls_form_223\" class=\"wp-polls-form\" action=\"\/index.php\" method=\"post\">\n\t\t<p style=\"display: none;\"><input type=\"hidden\" id=\"poll_223_nonce\" name=\"wp-polls-nonce\" value=\"bd7df4e442\" \/><\/p>\n\t\t<p style=\"display: none;\"><input type=\"hidden\" name=\"poll_id\" value=\"223\" \/><\/p>\n\t\t<p style=\"text-align: center\"><strong>Creus que ha sigut un \u00e8xit la presid\u00e8ncia semestral espanyola de la UE?<\/strong><\/p><div id=\"polls-223-ans\" class=\"wp-polls-ans\"><ul class=\"wp-polls-ul\">\n\t\t<li><input type=\"radio\" id=\"poll-answer-619\" name=\"poll_223\" value=\"619\" \/> <label for=\"poll-answer-619\">S\u00ed<\/label><\/li>\n\t\t<li><input type=\"radio\" id=\"poll-answer-620\" name=\"poll_223\" value=\"620\" \/> <label for=\"poll-answer-620\">No<\/label><\/li>\n\t\t<li><input type=\"radio\" id=\"poll-answer-621\" name=\"poll_223\" value=\"621\" \/> <label for=\"poll-answer-621\">No ho s\u00e9<\/label><\/li>\n\t\t<\/ul><p style=\"text-align: center\"><input type=\"button\" name=\"vote\" value=\"   Vota   \" class=\"Buttons\" onclick=\"poll_vote(223);\" \/><\/p><p style=\"text-align: center\"><a href=\"#ViewPollResults\" onclick=\"poll_result(223); return false;\" title=\"View Results Of This Poll\">Mira els resultats<\/a><\/p><\/div>\n\t<\/form>\n<\/div>\n<div id=\"polls-223-loading\" class=\"wp-polls-loading\"><img decoding=\"async\" data-src=\"https:\/\/conversesacatalunya.cat\/wp-content\/plugins\/wp-polls\/images\/loading.gif\" width=\"16\" height=\"16\" alt=\"Cargando ...\" title=\"Cargando ...\" class=\"wp-polls-image lazyload\" src=\"data:image\/svg+xml;base64,PHN2ZyB3aWR0aD0iMSIgaGVpZ2h0PSIxIiB4bWxucz0iaHR0cDovL3d3dy53My5vcmcvMjAwMC9zdmciPjwvc3ZnPg==\" style=\"--smush-placeholder-width: 16px; --smush-placeholder-aspect-ratio: 16\/16;\" \/>&nbsp;Cargando ...<\/div>\n\n","protected":false},"excerpt":{"rendered":"<p>Durante m\u00e1s de un siglo, el sue\u00f1o americano ha sido uno de los grandes relatos que han construido los Estados Unidos de Am\u00e9rica, volcando a millones de personas en busca de un futuro mejor que el Viejo Continente les parec\u00eda privar. El sue\u00f1o americano se basa en la movilidad social ascendente, del famoso \u00abascensor social\u00bb. Cualquier estadounidense, si trabaja duro, debe ser capaz no solo de triunfar, sino de vivir mejor que sus padres. Todav\u00eda hoy, y como Converses ha expuesto recientemente, Estados Unidos puede alardear de una econom\u00eda mucho m\u00e1s din\u00e1mica y con muchas mejores perspectivas de futuro que la europea. Sin embargo, algo se ha estropeado en el Nuevo Mundo. En los \u00faltimos 50 a\u00f1os, como recuerda la economista y periodista estadounidense Rana Foroohar, los ingresos de las familias se han estancado y las desigualdades de riqueza se han ensanchado. En 2019, un hogar medio dispon\u00eda de un patrimonio neto algo menor que en 2001. Estos indicadores no son los \u00fanicos que se\u00f1alan los males profundos que afectan al pa\u00eds. La esperanza de vida se ha reducido (y llevaba ya a\u00f1os estancada antes de la pandemia de la Covid) y el pa\u00eds atraviesa una grave crisis cultural generada por la ideolog\u00eda woke que est\u00e1 teniendo amplias consecuencias en \u00e1mbitos muy diferentes, desde fomentar la impunidad de la criminalidad hasta la ruptura de la concordia ciudadana. Mientras el 92% de los beb\u00e9s nacidos en 1940 consiguieron ingresos superiores a sus padres, los nacidos en 1980 s\u00f3lo han tenido el 50% de posibilidades de mejorar en relaci\u00f3n con sus progenitores. Volviendo a las manifestaciones socioecon\u00f3micas de esta crisis, el acad\u00e9mico de Harvard (universidad que se ha convertido ella misma en un campo de batalla) Raj Chetty afirma que mientras el 92% de los beb\u00e9s nacidos en 1940 consiguieron ingresos superiores a sus padres, los nacidos en 1980 tan solo han tenido un 50% de posibilidades de mejorar en relaci\u00f3n con sus progenitores. Se trata, por tanto, de un declive que no es tan reciente como se podr\u00eda pensar, y que ha tenido profundas consecuencias econ\u00f3micas, pol\u00edticas y sociales. El periodista ganador del premio Pulitzer, David Leonhardt, propone la siguiente tesis para explicar este cambio: \u00abya no hay ning\u00fan movimiento de masas centrado en mejorar las perspectivas econ\u00f3micas para la mayor\u00eda de americanos. Los principales grupos de presi\u00f3n del pa\u00eds, tanto a la derecha como a la izquierda, se preocupan por otros asuntos\u00bb. Se trata de una forma suave de decir que Estados Unidos ha perdido los acuerdos fundamentales que manten\u00edan a sus ciudadanos unidos como naci\u00f3n. Leonhardt a\u00f1ade que estos cambios afectan a tres \u00e1mbitos en particular: poder pol\u00edtico, cultura e inversiones. En cada uno de ellos, las \u00e9lites que deber\u00edan haberse responsabilizado de la defensa del estadounidense medio y desfavorecido, han abandonado ese ideal social para centrarse en sus preocupaciones individuales, ya tengan un car\u00e1cter identitario (g\u00e9nero, aborto, inmigraci\u00f3n) o financiero (imposici\u00f3n, inversi\u00f3n en grandes infraestructuras y educaci\u00f3n, por ejemplo). El declive del sue\u00f1o americano es, por tanto, un fen\u00f3meno que hay que enmarcar dentro de la crisis que sufre Occidente en su conjunto, y que es en \u00faltimo t\u00e9rmino una consecuencia de la ruptura con los acuerdos fundamentales responsables de hacer aparecer y mantener unida una comunidad pol\u00edtica.<\/p>\n","protected":false},"author":75,"featured_media":73559,"comment_status":"open","ping_status":"open","sticky":false,"template":"","format":"standard","meta":{"_FSMCFIC_featured_image_caption":"","_FSMCFIC_featured_image_nocaption":"","_FSMCFIC_featured_image_hide":"","footnotes":""},"categories":[806],"tags":[2722,1774,964],"class_list":["post-73661","post","type-post","status-publish","format-standard","has-post-thumbnail","hentry","category-punts-claus-del-dia-es","tag-desigualtat-es","tag-desvinculacio-es","tag-estats-units-es"],"yoast_head":"<!-- This site is optimized with the Yoast SEO plugin v26.8 - https:\/\/yoast.com\/product\/yoast-seo-wordpress\/ -->\n<title>\u00bfEl fin del sue\u00f1o americano?<\/title>\n<meta name=\"description\" content=\"Durante m\u00e1s de un siglo, el sue\u00f1o americano ha sido uno de los grandes relatos que han construido los Estados Unidos de Am\u00e9rica\" \/>\n<meta name=\"robots\" content=\"index, follow, max-snippet:-1, max-image-preview:large, max-video-preview:-1\" \/>\n<link rel=\"canonical\" href=\"https:\/\/conversesacatalunya.cat\/es\/el-fin-del-sueno-americano\/\" \/>\n<meta property=\"og:locale\" content=\"es_ES\" \/>\n<meta property=\"og:type\" content=\"article\" \/>\n<meta property=\"og:title\" content=\"\u00bfEl fin del sue\u00f1o americano?\" \/>\n<meta property=\"og:description\" content=\"Durante m\u00e1s de un siglo, el sue\u00f1o americano ha sido uno de los grandes relatos que han construido los Estados Unidos de Am\u00e9rica\" \/>\n<meta property=\"og:url\" content=\"https:\/\/conversesacatalunya.cat\/es\/el-fin-del-sueno-americano\/\" \/>\n<meta property=\"og:site_name\" content=\"Converses a Catalunya\" \/>\n<meta property=\"article:published_time\" content=\"2023-12-28T07:00:57+00:00\" \/>\n<meta property=\"article:modified_time\" content=\"2024-01-02T08:03:28+00:00\" \/>\n<meta property=\"og:image\" content=\"https:\/\/conversesacatalunya.cat\/wp-content\/uploads\/2023\/12\/detroit.webp\" \/>\n\t<meta property=\"og:image:width\" content=\"1920\" \/>\n\t<meta property=\"og:image:height\" content=\"1361\" \/>\n\t<meta property=\"og:image:type\" content=\"image\/webp\" \/>\n<meta name=\"author\" content=\"Carles L\u00f3pez\" \/>\n<meta name=\"twitter:card\" content=\"summary_large_image\" \/>\n<meta name=\"twitter:label1\" content=\"Escrito por\" \/>\n\t<meta name=\"twitter:data1\" content=\"Carles L\u00f3pez\" \/>\n\t<meta name=\"twitter:label2\" content=\"Tiempo de lectura\" \/>\n\t<meta name=\"twitter:data2\" content=\"3 minutos\" \/>\n<script type=\"application\/ld+json\" class=\"yoast-schema-graph\">{\"@context\":\"https:\/\/schema.org\",\"@graph\":[{\"@type\":\"Article\",\"@id\":\"https:\/\/conversesacatalunya.cat\/es\/el-fin-del-sueno-americano\/#article\",\"isPartOf\":{\"@id\":\"https:\/\/conversesacatalunya.cat\/es\/el-fin-del-sueno-americano\/\"},\"author\":{\"name\":\"Carles L\u00f3pez\",\"@id\":\"https:\/\/conversesacatalunya.cat\/#\/schema\/person\/3ce2ab16c0a3803086d80722c7cad56a\"},\"headline\":\"\u00bfEl fin del sue\u00f1o americano?\",\"datePublished\":\"2023-12-28T07:00:57+00:00\",\"dateModified\":\"2024-01-02T08:03:28+00:00\",\"mainEntityOfPage\":{\"@id\":\"https:\/\/conversesacatalunya.cat\/es\/el-fin-del-sueno-americano\/\"},\"wordCount\":583,\"commentCount\":0,\"image\":{\"@id\":\"https:\/\/conversesacatalunya.cat\/es\/el-fin-del-sueno-americano\/#primaryimage\"},\"thumbnailUrl\":\"https:\/\/conversesacatalunya.cat\/wp-content\/uploads\/2023\/12\/detroit.webp\",\"keywords\":[\"desigualtat\",\"desvinculaci\u00f3\",\"Estats Units\"],\"articleSection\":[\"Punts clau del dia (ES)\"],\"inLanguage\":\"es\",\"potentialAction\":[{\"@type\":\"CommentAction\",\"name\":\"Comment\",\"target\":[\"https:\/\/conversesacatalunya.cat\/es\/el-fin-del-sueno-americano\/#respond\"]}]},{\"@type\":\"WebPage\",\"@id\":\"https:\/\/conversesacatalunya.cat\/es\/el-fin-del-sueno-americano\/\",\"url\":\"https:\/\/conversesacatalunya.cat\/es\/el-fin-del-sueno-americano\/\",\"name\":\"\u00bfEl fin del sue\u00f1o americano?\",\"isPartOf\":{\"@id\":\"https:\/\/conversesacatalunya.cat\/#website\"},\"primaryImageOfPage\":{\"@id\":\"https:\/\/conversesacatalunya.cat\/es\/el-fin-del-sueno-americano\/#primaryimage\"},\"image\":{\"@id\":\"https:\/\/conversesacatalunya.cat\/es\/el-fin-del-sueno-americano\/#primaryimage\"},\"thumbnailUrl\":\"https:\/\/conversesacatalunya.cat\/wp-content\/uploads\/2023\/12\/detroit.webp\",\"datePublished\":\"2023-12-28T07:00:57+00:00\",\"dateModified\":\"2024-01-02T08:03:28+00:00\",\"author\":{\"@id\":\"https:\/\/conversesacatalunya.cat\/#\/schema\/person\/3ce2ab16c0a3803086d80722c7cad56a\"},\"description\":\"Durante m\u00e1s de un siglo, el sue\u00f1o americano ha sido uno de los grandes relatos que han construido los Estados Unidos de Am\u00e9rica\",\"breadcrumb\":{\"@id\":\"https:\/\/conversesacatalunya.cat\/es\/el-fin-del-sueno-americano\/#breadcrumb\"},\"inLanguage\":\"es\",\"potentialAction\":[{\"@type\":\"ReadAction\",\"target\":[\"https:\/\/conversesacatalunya.cat\/es\/el-fin-del-sueno-americano\/\"]}]},{\"@type\":\"ImageObject\",\"inLanguage\":\"es\",\"@id\":\"https:\/\/conversesacatalunya.cat\/es\/el-fin-del-sueno-americano\/#primaryimage\",\"url\":\"https:\/\/conversesacatalunya.cat\/wp-content\/uploads\/2023\/12\/detroit.webp\",\"contentUrl\":\"https:\/\/conversesacatalunya.cat\/wp-content\/uploads\/2023\/12\/detroit.webp\",\"width\":1920,\"height\":1361,\"caption\":\"sue\u00f1o americano\"},{\"@type\":\"BreadcrumbList\",\"@id\":\"https:\/\/conversesacatalunya.cat\/es\/el-fin-del-sueno-americano\/#breadcrumb\",\"itemListElement\":[{\"@type\":\"ListItem\",\"position\":1,\"name\":\"Inici\",\"item\":\"https:\/\/conversesacatalunya.cat\/es\/\"},{\"@type\":\"ListItem\",\"position\":2,\"name\":\"\u00bfEl fin del sue\u00f1o americano?\"}]},{\"@type\":\"WebSite\",\"@id\":\"https:\/\/conversesacatalunya.cat\/#website\",\"url\":\"https:\/\/conversesacatalunya.cat\/\",\"name\":\"Converses a Catalunya\",\"description\":\"\",\"potentialAction\":[{\"@type\":\"SearchAction\",\"target\":{\"@type\":\"EntryPoint\",\"urlTemplate\":\"https:\/\/conversesacatalunya.cat\/?s={search_term_string}\"},\"query-input\":{\"@type\":\"PropertyValueSpecification\",\"valueRequired\":true,\"valueName\":\"search_term_string\"}}],\"inLanguage\":\"es\"},{\"@type\":\"Person\",\"@id\":\"https:\/\/conversesacatalunya.cat\/#\/schema\/person\/3ce2ab16c0a3803086d80722c7cad56a\",\"name\":\"Carles L\u00f3pez\",\"image\":{\"@type\":\"ImageObject\",\"inLanguage\":\"es\",\"@id\":\"https:\/\/conversesacatalunya.cat\/#\/schema\/person\/image\/\",\"url\":\"https:\/\/conversesacatalunya.cat\/wp-content\/litespeed\/avatar\/4891585caf2896e97846ab77f06edcf2.jpg?ver=1777091173\",\"contentUrl\":\"https:\/\/conversesacatalunya.cat\/wp-content\/litespeed\/avatar\/4891585caf2896e97846ab77f06edcf2.jpg?ver=1777091173\",\"caption\":\"Carles L\u00f3pez\"},\"url\":\"https:\/\/conversesacatalunya.cat\/es\/author\/carles-lopez\/\"}]}<\/script>\n<!-- \/ Yoast SEO plugin. -->","yoast_head_json":{"title":"\u00bfEl fin del sue\u00f1o americano?","description":"Durante m\u00e1s de un siglo, el sue\u00f1o americano ha sido uno de los grandes relatos que han construido los Estados Unidos de Am\u00e9rica","robots":{"index":"index","follow":"follow","max-snippet":"max-snippet:-1","max-image-preview":"max-image-preview:large","max-video-preview":"max-video-preview:-1"},"canonical":"https:\/\/conversesacatalunya.cat\/es\/el-fin-del-sueno-americano\/","og_locale":"es_ES","og_type":"article","og_title":"\u00bfEl fin del sue\u00f1o americano?","og_description":"Durante m\u00e1s de un siglo, el sue\u00f1o americano ha sido uno de los grandes relatos que han construido los Estados Unidos de Am\u00e9rica","og_url":"https:\/\/conversesacatalunya.cat\/es\/el-fin-del-sueno-americano\/","og_site_name":"Converses a Catalunya","article_published_time":"2023-12-28T07:00:57+00:00","article_modified_time":"2024-01-02T08:03:28+00:00","og_image":[{"width":1920,"height":1361,"url":"https:\/\/conversesacatalunya.cat\/wp-content\/uploads\/2023\/12\/detroit.webp","type":"image\/webp"}],"author":"Carles L\u00f3pez","twitter_card":"summary_large_image","twitter_misc":{"Escrito por":"Carles L\u00f3pez","Tiempo de lectura":"3 minutos"},"schema":{"@context":"https:\/\/schema.org","@graph":[{"@type":"Article","@id":"https:\/\/conversesacatalunya.cat\/es\/el-fin-del-sueno-americano\/#article","isPartOf":{"@id":"https:\/\/conversesacatalunya.cat\/es\/el-fin-del-sueno-americano\/"},"author":{"name":"Carles L\u00f3pez","@id":"https:\/\/conversesacatalunya.cat\/#\/schema\/person\/3ce2ab16c0a3803086d80722c7cad56a"},"headline":"\u00bfEl fin del sue\u00f1o americano?","datePublished":"2023-12-28T07:00:57+00:00","dateModified":"2024-01-02T08:03:28+00:00","mainEntityOfPage":{"@id":"https:\/\/conversesacatalunya.cat\/es\/el-fin-del-sueno-americano\/"},"wordCount":583,"commentCount":0,"image":{"@id":"https:\/\/conversesacatalunya.cat\/es\/el-fin-del-sueno-americano\/#primaryimage"},"thumbnailUrl":"https:\/\/conversesacatalunya.cat\/wp-content\/uploads\/2023\/12\/detroit.webp","keywords":["desigualtat","desvinculaci\u00f3","Estats Units"],"articleSection":["Punts clau del dia (ES)"],"inLanguage":"es","potentialAction":[{"@type":"CommentAction","name":"Comment","target":["https:\/\/conversesacatalunya.cat\/es\/el-fin-del-sueno-americano\/#respond"]}]},{"@type":"WebPage","@id":"https:\/\/conversesacatalunya.cat\/es\/el-fin-del-sueno-americano\/","url":"https:\/\/conversesacatalunya.cat\/es\/el-fin-del-sueno-americano\/","name":"\u00bfEl fin del sue\u00f1o americano?","isPartOf":{"@id":"https:\/\/conversesacatalunya.cat\/#website"},"primaryImageOfPage":{"@id":"https:\/\/conversesacatalunya.cat\/es\/el-fin-del-sueno-americano\/#primaryimage"},"image":{"@id":"https:\/\/conversesacatalunya.cat\/es\/el-fin-del-sueno-americano\/#primaryimage"},"thumbnailUrl":"https:\/\/conversesacatalunya.cat\/wp-content\/uploads\/2023\/12\/detroit.webp","datePublished":"2023-12-28T07:00:57+00:00","dateModified":"2024-01-02T08:03:28+00:00","author":{"@id":"https:\/\/conversesacatalunya.cat\/#\/schema\/person\/3ce2ab16c0a3803086d80722c7cad56a"},"description":"Durante m\u00e1s de un siglo, el sue\u00f1o americano ha sido uno de los grandes relatos que han construido los Estados Unidos de Am\u00e9rica","breadcrumb":{"@id":"https:\/\/conversesacatalunya.cat\/es\/el-fin-del-sueno-americano\/#breadcrumb"},"inLanguage":"es","potentialAction":[{"@type":"ReadAction","target":["https:\/\/conversesacatalunya.cat\/es\/el-fin-del-sueno-americano\/"]}]},{"@type":"ImageObject","inLanguage":"es","@id":"https:\/\/conversesacatalunya.cat\/es\/el-fin-del-sueno-americano\/#primaryimage","url":"https:\/\/conversesacatalunya.cat\/wp-content\/uploads\/2023\/12\/detroit.webp","contentUrl":"https:\/\/conversesacatalunya.cat\/wp-content\/uploads\/2023\/12\/detroit.webp","width":1920,"height":1361,"caption":"sue\u00f1o americano"},{"@type":"BreadcrumbList","@id":"https:\/\/conversesacatalunya.cat\/es\/el-fin-del-sueno-americano\/#breadcrumb","itemListElement":[{"@type":"ListItem","position":1,"name":"Inici","item":"https:\/\/conversesacatalunya.cat\/es\/"},{"@type":"ListItem","position":2,"name":"\u00bfEl fin del sue\u00f1o americano?"}]},{"@type":"WebSite","@id":"https:\/\/conversesacatalunya.cat\/#website","url":"https:\/\/conversesacatalunya.cat\/","name":"Converses a Catalunya","description":"","potentialAction":[{"@type":"SearchAction","target":{"@type":"EntryPoint","urlTemplate":"https:\/\/conversesacatalunya.cat\/?s={search_term_string}"},"query-input":{"@type":"PropertyValueSpecification","valueRequired":true,"valueName":"search_term_string"}}],"inLanguage":"es"},{"@type":"Person","@id":"https:\/\/conversesacatalunya.cat\/#\/schema\/person\/3ce2ab16c0a3803086d80722c7cad56a","name":"Carles L\u00f3pez","image":{"@type":"ImageObject","inLanguage":"es","@id":"https:\/\/conversesacatalunya.cat\/#\/schema\/person\/image\/","url":"https:\/\/conversesacatalunya.cat\/wp-content\/litespeed\/avatar\/4891585caf2896e97846ab77f06edcf2.jpg?ver=1777091173","contentUrl":"https:\/\/conversesacatalunya.cat\/wp-content\/litespeed\/avatar\/4891585caf2896e97846ab77f06edcf2.jpg?ver=1777091173","caption":"Carles L\u00f3pez"},"url":"https:\/\/conversesacatalunya.cat\/es\/author\/carles-lopez\/"}]}},"wps_subtitle":"Los males econ\u00f3micos y sociales que afectan a Estados Unidos apuntan en la misma direcci\u00f3n: la ruptura con los acuerdos fundamentales que permitieron la aparici\u00f3n de la comunidad pol\u00edtica hoy en crisis","_links":{"self":[{"href":"https:\/\/conversesacatalunya.cat\/es\/wp-json\/wp\/v2\/posts\/73661","targetHints":{"allow":["GET"]}}],"collection":[{"href":"https:\/\/conversesacatalunya.cat\/es\/wp-json\/wp\/v2\/posts"}],"about":[{"href":"https:\/\/conversesacatalunya.cat\/es\/wp-json\/wp\/v2\/types\/post"}],"author":[{"embeddable":true,"href":"https:\/\/conversesacatalunya.cat\/es\/wp-json\/wp\/v2\/users\/75"}],"replies":[{"embeddable":true,"href":"https:\/\/conversesacatalunya.cat\/es\/wp-json\/wp\/v2\/comments?post=73661"}],"version-history":[{"count":12,"href":"https:\/\/conversesacatalunya.cat\/es\/wp-json\/wp\/v2\/posts\/73661\/revisions"}],"predecessor-version":[{"id":73675,"href":"https:\/\/conversesacatalunya.cat\/es\/wp-json\/wp\/v2\/posts\/73661\/revisions\/73675"}],"wp:featuredmedia":[{"embeddable":true,"href":"https:\/\/conversesacatalunya.cat\/es\/wp-json\/wp\/v2\/media\/73559"}],"wp:attachment":[{"href":"https:\/\/conversesacatalunya.cat\/es\/wp-json\/wp\/v2\/media?parent=73661"}],"wp:term":[{"taxonomy":"category","embeddable":true,"href":"https:\/\/conversesacatalunya.cat\/es\/wp-json\/wp\/v2\/categories?post=73661"},{"taxonomy":"post_tag","embeddable":true,"href":"https:\/\/conversesacatalunya.cat\/es\/wp-json\/wp\/v2\/tags?post=73661"}],"curies":[{"name":"wp","href":"https:\/\/api.w.org\/{rel}","templated":true}]}}