{"id":73582,"date":"2023-12-26T09:44:08","date_gmt":"2023-12-26T08:44:08","guid":{"rendered":"https:\/\/conversesacatalunya.cat\/?p=73582"},"modified":"2023-12-27T09:45:09","modified_gmt":"2023-12-27T08:45:09","slug":"noticias-fin-de-ano-que-llegan-de-bruselas","status":"publish","type":"post","link":"https:\/\/conversesacatalunya.cat\/es\/noticias-fin-de-ano-que-llegan-de-bruselas\/","title":{"rendered":"Noticias de Fin de A\u00f1o que llegan de Bruselas"},"content":{"rendered":"<h3><strong><u>LA \u00dbLTIMA GRAN AMPLIACI\u00d3N DE LA UE HACIA EL ESTE<\/u><\/strong><\/h3>\n<p><strong>La UE desplaza de forma decidida su centro de gravedad hacia el Este.<\/strong> El presidente del Consejo Europeo, el belga Charles Michel, y la presidenta de la Comisi\u00f3n Europea, la alemana \u00darsula von der Leyen, llevan meses hablando de conseguir una gran ampliaci\u00f3n en el horizonte 2030. Alemania la apoya firmemente, tambi\u00e9n Francia.<strong> El \u00faltimo Consejo Europeo del a\u00f1o (14 y 15 de diciembre), celebrado en Bruselas<\/strong>, ha decidido abrir negociaciones de adhesi\u00f3n con Ucrania y Moldavia y conceder el estatuto de candidata a Georgia.<\/p>\n<p><strong>Esto supone la consolidaci\u00f3n de la apertura al Este de la UE iniciada en 2004<\/strong> con la entrada de ocho estados (Chequia, Eslovaquia, Eslovenia, Estonia, Hungr\u00eda, Letonia, Lituania y Polonia), m\u00e1s dos en 2007 ( Bulgaria y Ruman\u00eda) y el \u00faltimo en 2013 (Croacia).<\/p>\n<blockquote><p><strong>Despu\u00e9s de diez a\u00f1os con las barreras cerradas, ahora la UE acepta abrirse a nuevos ingresos<\/strong><\/p><\/blockquote>\n<p>Despu\u00e9s de diez a\u00f1os con las barreras cerradas, la UE acepta ahora abrirse a nuevos ingresos. La nueva UE, m\u00e1s heterog\u00e9nea, puede llegar a tener 36 (con los Balcanes) o 37 estados miembros (veremos qu\u00e9 va a pasar con Turqu\u00eda) y<strong> llegar a tener m\u00e1s de 500 millones de habitantes.<\/strong> Moldavia no posee el control total de su territorio y lucha contra el Kremlin. Georgia, como Ucrania, tiene territorios ocupados por Rusia. Es f\u00e1cil diagnosticar que <strong>el nuevo proceso de adhesi\u00f3n ser\u00e1 largo y dif\u00edcil,<\/strong> y que puede prolongarse durante a\u00f1os. Algunos esc\u00e9pticos ven las decisiones del Consejo Europeo de diciembre como \u00abpuramente simb\u00f3licas\u00bb.<\/p>\n<p><strong>La invasi\u00f3n rusa de Ucrania ha precipitado el proceso de integraci\u00f3n de Ucrania<\/strong> y el resto de decisiones de diciembre sobre la nueva ampliaci\u00f3n. Los mandatarios europeos han querido compensar con su decisi\u00f3n a las penurias generadas por la guerra y aprovechar para lanzar un <strong>mensaje pol\u00edtico a Putin, que se mantiene desafiante.<\/strong> Para el presidente ucraniano, Zelensky, es la primera alegr\u00eda despu\u00e9s de varias semanas de sufrir contratiempos militares en el frente b\u00e9lico y dificultades pol\u00edticas para mantener la ayuda internacional de los aliados occidentales.<\/p>\n<p><strong>Algunos analistas lo ven as\u00ed:<\/strong> \u201cUcrania lo tiene merecido, es un pa\u00eds con gran entusiasmo europe\u00edsta, un pa\u00eds que lucha una guerra por Europa y por la libertad\u201d.<\/p>\n<p>Una maniobra in\u00e9dita negociada con el m\u00e1ximo secreto, \u201cla abstenci\u00f3n constructiva\u201d, permiti\u00f3 durante el primer d\u00eda de la cumbre que <strong>el Consejo Europeo esquivara el veto de Hungr\u00eda.<\/strong> A instancias del canciller alem\u00e1n, Olaf Scholz,<strong> Viktor Orban abandon\u00f3 \u00abmoment\u00e1neamente\u00bb<\/strong> la sala del Consejo Europeo para permitir al resto de l\u00edderes europeos apoyar la recomendaci\u00f3n de Bruselas de iniciar conversaciones de adhesi\u00f3n con Ucrania y Moldavia. De esta forma se pudo tomar <strong>en un tiempo r\u00e9cord la decisi\u00f3n hist\u00f3rica de la apertura de negociaciones de ingreso,<\/strong> apenas 18 meses despu\u00e9s de reconocerlos como pa\u00edses candidatos. Los 26 tambi\u00e9n acordaron volver a evaluar el pr\u00f3ximo mes de marzo los avances de Bosnia-Herzegovina para iniciar conversaciones de ingreso lo antes posible y conceder, pese a la desconexi\u00f3n y lejan\u00eda geogr\u00e1fica, el estatus de candidato a Georgia.<\/p>\n<p>La euforia provocada por las decisiones anteriores aliment\u00f3 las esperanzas de que tambi\u00e9n fuera posible pactar <strong>la revisi\u00f3n del presupuesto comunitario<\/strong> y liberar as\u00ed 50.000 millones de euros en ayudas para Ucrania, pero eso no fue posible. Aqu\u00ed <strong>el no de V\u00edktor Orban se impuso a las tres de la madrugada de la noche del primero al segundo d\u00eda de la cumbre.<\/strong> Sin embargo, durante el segundo d\u00eda los l\u00edderes europeos declararon que \u00abla ayuda a Ucrania est\u00e1 garantizada, porque hay f\u00f3rmulas para hacerla llegar, aunque no salga del presupuesto de la UE\u00bb.<\/p>\n<p>El en\u00e9simo intento del l\u00edder h\u00fangaro de chantajear a sus socios europeos volvi\u00f3 a fracasar. El presidente del Consejo Europeo prev\u00e9 <strong>convocar \u00abuna cumbre extraordinaria a finales de enero o comienzos de febrero para concluir la negociaci\u00f3n presupuestaria\u00bb<\/strong> y dar satisfacci\u00f3n a Ucrania y tambi\u00e9n a Hungr\u00eda, que espera recibir 20.000 millones de euros en ayudas de Bruselas.<\/p>\n<h4><strong>El expresidente de Ucrania, Petr\u00f3 Poroixenco, acaba de hacer las siguientes declaraciones sobre la importancia de la apertura de la UE a la adhesi\u00f3n de Ucrania:<\/strong><\/h4>\n<p style=\"padding-left: 40px;\">\u201cLa ventana de oportunidad era muy estrecha. Acreditados analistas han avisado de los riesgos de ampliar la UE, especialmente hacia Ucrania. No se dan cuenta de que si no ten\u00edamos ahora la decisi\u00f3n de la UE, quiz\u00e1s se retrasaba una generaci\u00f3n. Estoy muy contento de que haya pasado, porque \u00e9ste es el proceso para cambiar el pa\u00eds. <strong>Del estilo sovi\u00e9tico estamos pasando a uno de los mejores sistemas democr\u00e1ticos, libres e importantes, que es el del continente europeo<\/strong>. Si no hubi\u00e9ramos tenido ese \u00e9xito, habr\u00eda sido un regalo para Putin. \u00c9l no tiene la capacidad para impedir que nos integremos en la UE y en la OTAN. \u00bfY por qu\u00e9 es tan importantes para nosotros? <strong>Porque la OTAN significa salvarnos la vida y la UE significa una vida mejor.\u201c<\/strong><\/p>\n<h3><strong><u>REFORMA INSTITUCIONAL PREVIA<\/u><\/strong><\/h3>\n<p><strong>La realidad es que la UE no est\u00e1 preparada para una ampliaci\u00f3n tan grande como la propuesta.<\/strong> Es necesario agilizar la toma de decisiones, utilizando el voto por mayor\u00eda cualificada en m\u00e1s \u00e1reas y avanzar hacia un presupuesto com\u00fan. Se necesitan m\u00e1s cesiones de soberan\u00eda y <strong>llegar de una vez a la uni\u00f3n pol\u00edtica<\/strong>. Justo ese mismo a\u00f1o de 2023 el Parlamento Europeo ha hecho propuestas para avanzar en la construcci\u00f3n pol\u00edtica de Europa, que han sido recibidas con frialdad por los Estados miembros.<\/p>\n<p>Las ampliaciones comportan no s\u00f3lo un <strong>riesgo econ\u00f3mico e institucional,<\/strong> al tratarse de pa\u00edses con niveles de vida muy inferiores e instituciones pol\u00edticas poco maduras, sino <strong>tambi\u00e9n un riesgo pol\u00edtico<\/strong> vinculado a las cuestiones de identidad nacional, particularmente sensibles en los Balcanes.<\/p>\n<blockquote><p><strong>el proceso hacia la pr\u00f3xima ampliaci\u00f3n de la UE eleva su perfil geopol\u00edtico, necesario en un mundo de gigantes dominado por Estados Unidos y China<\/strong><\/p><\/blockquote>\n<p>Durante la cumbre, se puso de manifiesto la necesidad de reformas internas para hacer posible la nueva ampliaci\u00f3n. Los 27 acordaron que se fijar\u00e1 este verano \u00abuna hoja de ruta sobre las reformas necesarias\u00bb. \u201cLos presupuestos tendr\u00e1n que reformularse y los procesos de toma de decisi\u00f3n tambi\u00e9n.<strong> La regla de la unanimidad deber\u00e1 ser eliminada\u201c<\/strong>. Seg\u00fan an\u00e1lisis del prestigioso think tank, radicado en Bruselas, el Consejo Europeo para las Relaciones Exteriores, \u201cel proceso hacia la pr\u00f3xima ampliaci\u00f3n de la UE eleva su perfil geopol\u00edtico, necesario en un mundo de gigantes dominado por Estados Unidos y la China; aumenta la protecci\u00f3n de la vecindad y estabiliza su contorno geogr\u00e1fico; por todo ello la UE necesita un nuevo modus operandi\u201d.<\/p>\n<p><strong>Una reciente encuesta del mismo think tank da unos resultados preocupantes.<\/strong> En Rusia, China y varios pa\u00edses emergentes, entre el 40% y el 60% de los encuestados creen que<strong> la UE dejar\u00e1 de existir en los pr\u00f3ximos veinte a\u00f1os.<\/strong> En la propia UE, esta opini\u00f3n la compart\u00edan casi un tercio de los encuestados. Esto se debe a que piensan que, s<strong>in una profunda reforma interna en su funcionamiento, la UE no tiene futuro.<\/strong> Concretamente, si la UE no llega a su uni\u00f3n pol\u00edtica definitiva, piensan que s\u00f3lo podr\u00e1 ser un ap\u00e9ndice de Estados Unidos o China en el futuro inmediato. Muchos ciudadanos est\u00e1n convencidos de que una nueva gran ampliaci\u00f3n de la UE sin una profunda reforma institucional previa debilitar\u00e1 a la UE.<\/p>\n<h3><strong><u>FINAL DE LA PRESIDENCIA SEMESTRAL ESPA\u00d1OLA (JULIO-DICIEMBRE 2023)<\/u><\/strong><\/h3>\n<p>El semestre de presidencia espa\u00f1ola del Consejo de la UE, que termina el 31 de diciembre, ha estado marcado en<strong> clave espa\u00f1ola<\/strong> por el resultado de las <a href=\"https:\/\/conversesacatalunya.cat\/es\/la-presidencia-espanola-ue-marcada-por-las-elecciones-espanolas\/\" target=\"_blank\" rel=\"noopener\"><strong>elecciones avanzadas del 23 de julio,<\/strong><\/a> y en <strong>clave externa,<\/strong> por la guerra de Ucrania, a la que se a\u00f1adi\u00f3 en octubre la guerra de Gaza, que evidenci\u00f3, una vez m\u00e1s, las disonancias entre los 27 sobre cu\u00e1l debe ser la respuesta europea a la guerra.<\/p>\n<h4><strong>La presidencia espa\u00f1ola de la UE -la quinta desde la adhesi\u00f3n en 1986- ha podido ser calificada de \u201ceficaz\u201d por alguna autoridad europea, pero el balance global ha sido discreto.<\/strong><\/h4>\n<p><strong>La reuni\u00f3n del Consejo Europeo de 14 y 15 de diciembre resume de alg\u00fan modo el sabor agridulce de los \u00faltimos seis meses en la UE.<\/strong> La hist\u00f3rica decisi\u00f3n de abrir negociaciones de adhesi\u00f3n con Ucrania (y, de paso, con Moldavia) aprobada en la primera jornada de la cumbre, era un excelente final para el semestre espa\u00f1ol, pero se vio empa\u00f1ado por ek irresponsable <strong>veto del primer ministro h\u00fangaro<\/strong>, Viktor Orban, en la ampliaci\u00f3n de la UE y su posterior chantaje presupuestario.<\/p>\n<p><strong>Algunas voces han dicho que en la presidencia espa\u00f1ola nada ha salido realmente como se esperaba.<\/strong> La inesperada convocatoria de elecciones espa\u00f1olas por Pedro S\u00e1nchez dej\u00f3 en<strong> segundo plano<\/strong>, desde el principio,<strong> el semestre europeo,<\/strong> sacrific\u00e1ndolo a preocupaciones pol\u00edticas internas. La presidenta de la Comisi\u00f3n Europea y sus colegas tuvieron que avanzar su visita inaugural a Madrid para evitar coincidencias con la campa\u00f1a electoral espa\u00f1ola. La pol\u00e9mica desencadena por la <strong>ley de amnist\u00eda<\/strong> ha enturbiado, m\u00e1s tarde, una vez m\u00e1s en clave espa\u00f1ola, el semestre europeo.<\/p>\n<p><a href=\"https:\/\/conversesacatalunya.cat\/es\/resultados-pobres-cumbres-lideres-europeos\/\" target=\"_blank\" rel=\"noopener\"><strong>La cumbre de Granada<\/strong><\/a>, momento central de la presidencia espa\u00f1ola, <strong>dej\u00f3 un sabor agridulce,<\/strong> debido a la posici\u00f3n de Hungr\u00eda y Polonia sobre la inmigraci\u00f3n. La presidencia espa\u00f1ola no ha podido cerrar un pacto migratorio entre los 27 de la forma que inicialmente se deseaba. Ese asunto que era una de las grandes periodicidades.<\/p>\n<blockquote><p><strong>De la cuarta econom\u00eda de la UE se pod\u00eda esperar algo m\u00e1s que una \u00abgesti\u00f3n eficaz\u00bb<\/strong><\/p><\/blockquote>\n<p>Buena prueba de la discreci\u00f3n de la presidencia espa\u00f1ola es que <strong>no ha dejado un gran legado o, al menos, una impronta notable y duradera en la agenda comunitaria<\/strong>. Francia, por ejemplo, dej\u00f3 como legado el concepto de \u201cautonom\u00eda estrat\u00e9gica\u201d para Europa dentro de un mundo geopol\u00edticamente complicado. Las relaciones con Am\u00e9rica Latina, prioridad espa\u00f1ola de siempre, se han \u00abrevisado\u00bb en una cumbre importante y cuidada, pero no han avanzado de forma destacada. De la cuarta econom\u00eda de la UE pod\u00eda esperarse m\u00e1s que \u201cuna gesti\u00f3n eficaz\u201d.<\/p>\n<p>Seg\u00fan otros analistas, la prueba fehaciente de que Pedro S\u00e1nchez ha derrochado la presidencia ha sido <strong>la sesi\u00f3n plenaria del Parlamento Europeo del 13 de diciembre sobre la cuesti\u00f3n catalana<\/strong>. All\u00ed se asisti\u00f3 al espect\u00e1culo de una escaramuza entre S\u00e1nchez y el alem\u00e1n Manfred Weber -el l\u00edder del Partido Popular Europeo (PPE), principal grupo pol\u00edtico de la UE- sobre <strong>Puigdemont, y en presencia del aludido<\/strong>. \u201cS\u00e1nchez, pero tambi\u00e9n el PP espa\u00f1ol, han antepuesto sus estrategias electorales a las necesidades de Europa, y eso se llama derrochar una presidencia\u201d.<\/p>\n<p><strong>Pedro S\u00e1nchez, por su parte, ha calificado el semestre espa\u00f1ol, que \u00e9l ha presidido, de \u00abmuy satisfactorio\u00bb,<\/strong> destacando el acuerdo para la reforma del mercado el\u00e9ctrico o poniendo de relieve el papel de Espa\u00f1a en la cumbre del COP 28 en Dubai. Bajo presidencia espa\u00f1ola se han aprobado 43 expedientes, se ha regulado la Inteligencia Artificial y se han reforzado las relaciones con Latinoam\u00e9rica, pero no se ha podido cerrar el acuerdo con Mercosur y la cuesti\u00f3n lleva muchos a\u00f1os durando.<\/p>\n<p>Finalmente, la presidenta de la Comisi\u00f3n Europea, la alemana <strong>\u00darsula von der Leyen<\/strong> -usando un <strong>lenguaje pol\u00edticamente correcto<\/strong>&#8211; ha hablado de una \u201cgesti\u00f3n eficaz\u201d a la hora de valorar globalmente la presidencia. Tambi\u00e9n se ha referido a \u201cla excelente cooperaci\u00f3n\u201d que ha habido con la Comisi\u00f3n durante el semestre y al \u201ctrabajo s\u00f3lido y de gran calidad\u201d realizado por parte de Espa\u00f1a.<\/p>\n<span class='bctt-click-to-tweet'><span class='bctt-ctt-text'><a href='https:\/\/twitter.com\/intent\/tweet?url=https%3A%2F%2Fconversesacatalunya.cat%2Fes%2Fnoticias-fin-de-ano-que-llegan-de-bruselas%2F&#038;text=Muchos%20ciudadanos%20est%C3%A1n%20convencidos%20de%20que%20una%20nueva%20gran%20ampliaci%C3%B3n%20de%20la%20UE%20sin%20una%20profunda%20reforma%20institucional%20previa%20debilitar%C3%A1%20a%20la%20UE&#038;via=conversesacat&#038;related=conversesacat' target='_blank'rel=\"noopener noreferrer\">Muchos ciudadanos est\u00e1n convencidos de que una nueva gran ampliaci\u00f3n de la UE sin una profunda reforma institucional previa debilitar\u00e1 a la UE <\/a><\/span><a href='https:\/\/twitter.com\/intent\/tweet?url=https%3A%2F%2Fconversesacatalunya.cat%2Fes%2Fnoticias-fin-de-ano-que-llegan-de-bruselas%2F&#038;text=Muchos%20ciudadanos%20est%C3%A1n%20convencidos%20de%20que%20una%20nueva%20gran%20ampliaci%C3%B3n%20de%20la%20UE%20sin%20una%20profunda%20reforma%20institucional%20previa%20debilitar%C3%A1%20a%20la%20UE&#038;via=conversesacat&#038;related=conversesacat' target='_blank' class='bctt-ctt-btn'rel=\"noopener noreferrer\">Compartir en X<\/a><\/span>\n<div id=\"polls-223\" class=\"wp-polls\">\n\t<form id=\"polls_form_223\" class=\"wp-polls-form\" action=\"\/index.php\" method=\"post\">\n\t\t<p style=\"display: none;\"><input type=\"hidden\" id=\"poll_223_nonce\" name=\"wp-polls-nonce\" value=\"fb4f420b89\" \/><\/p>\n\t\t<p style=\"display: none;\"><input type=\"hidden\" name=\"poll_id\" value=\"223\" \/><\/p>\n\t\t<p style=\"text-align: center\"><strong>Creus que ha sigut un \u00e8xit la presid\u00e8ncia semestral espanyola de la UE?<\/strong><\/p><div id=\"polls-223-ans\" class=\"wp-polls-ans\"><ul class=\"wp-polls-ul\">\n\t\t<li><input type=\"radio\" id=\"poll-answer-619\" name=\"poll_223\" value=\"619\" \/> <label for=\"poll-answer-619\">S\u00ed<\/label><\/li>\n\t\t<li><input type=\"radio\" id=\"poll-answer-620\" name=\"poll_223\" value=\"620\" \/> <label for=\"poll-answer-620\">No<\/label><\/li>\n\t\t<li><input type=\"radio\" id=\"poll-answer-621\" name=\"poll_223\" value=\"621\" \/> <label for=\"poll-answer-621\">No ho s\u00e9<\/label><\/li>\n\t\t<\/ul><p style=\"text-align: center\"><input type=\"button\" name=\"vote\" value=\"   Vota   \" class=\"Buttons\" onclick=\"poll_vote(223);\" \/><\/p><p style=\"text-align: center\"><a href=\"#ViewPollResults\" onclick=\"poll_result(223); return false;\" title=\"View Results Of This Poll\">Mira els resultats<\/a><\/p><\/div>\n\t<\/form>\n<\/div>\n<div id=\"polls-223-loading\" class=\"wp-polls-loading\"><img decoding=\"async\" data-src=\"https:\/\/conversesacatalunya.cat\/wp-content\/plugins\/wp-polls\/images\/loading.gif\" width=\"16\" height=\"16\" alt=\"Cargando ...\" title=\"Cargando ...\" class=\"wp-polls-image lazyload\" src=\"data:image\/svg+xml;base64,PHN2ZyB3aWR0aD0iMSIgaGVpZ2h0PSIxIiB4bWxucz0iaHR0cDovL3d3dy53My5vcmcvMjAwMC9zdmciPjwvc3ZnPg==\" style=\"--smush-placeholder-width: 16px; --smush-placeholder-aspect-ratio: 16\/16;\" \/>&nbsp;Cargando ...<\/div>\n\n","protected":false},"excerpt":{"rendered":"<p>LA \u00dbLTIMA GRAN AMPLIACI\u00d3N DE LA UE HACIA EL ESTE La UE desplaza de forma decidida su centro de gravedad hacia el Este. El presidente del Consejo Europeo, el belga Charles Michel, y la presidenta de la Comisi\u00f3n Europea, la alemana \u00darsula von der Leyen, llevan meses hablando de conseguir una gran ampliaci\u00f3n en el horizonte 2030. Alemania la apoya firmemente, tambi\u00e9n Francia. El \u00faltimo Consejo Europeo del a\u00f1o (14 y 15 de diciembre), celebrado en Bruselas, ha decidido abrir negociaciones de adhesi\u00f3n con Ucrania y Moldavia y conceder el estatuto de candidata a Georgia. Esto supone la consolidaci\u00f3n de la apertura al Este de la UE iniciada en 2004 con la entrada de ocho estados (Chequia, Eslovaquia, Eslovenia, Estonia, Hungr\u00eda, Letonia, Lituania y Polonia), m\u00e1s dos en 2007 ( Bulgaria y Ruman\u00eda) y el \u00faltimo en 2013 (Croacia). Despu\u00e9s de diez a\u00f1os con las barreras cerradas, ahora la UE acepta abrirse a nuevos ingresos Despu\u00e9s de diez a\u00f1os con las barreras cerradas, la UE acepta ahora abrirse a nuevos ingresos. La nueva UE, m\u00e1s heterog\u00e9nea, puede llegar a tener 36 (con los Balcanes) o 37 estados miembros (veremos qu\u00e9 va a pasar con Turqu\u00eda) y llegar a tener m\u00e1s de 500 millones de habitantes. Moldavia no posee el control total de su territorio y lucha contra el Kremlin. Georgia, como Ucrania, tiene territorios ocupados por Rusia. Es f\u00e1cil diagnosticar que el nuevo proceso de adhesi\u00f3n ser\u00e1 largo y dif\u00edcil, y que puede prolongarse durante a\u00f1os. Algunos esc\u00e9pticos ven las decisiones del Consejo Europeo de diciembre como \u00abpuramente simb\u00f3licas\u00bb. La invasi\u00f3n rusa de Ucrania ha precipitado el proceso de integraci\u00f3n de Ucrania y el resto de decisiones de diciembre sobre la nueva ampliaci\u00f3n. Los mandatarios europeos han querido compensar con su decisi\u00f3n a las penurias generadas por la guerra y aprovechar para lanzar un mensaje pol\u00edtico a Putin, que se mantiene desafiante. Para el presidente ucraniano, Zelensky, es la primera alegr\u00eda despu\u00e9s de varias semanas de sufrir contratiempos militares en el frente b\u00e9lico y dificultades pol\u00edticas para mantener la ayuda internacional de los aliados occidentales. Algunos analistas lo ven as\u00ed: \u201cUcrania lo tiene merecido, es un pa\u00eds con gran entusiasmo europe\u00edsta, un pa\u00eds que lucha una guerra por Europa y por la libertad\u201d. Una maniobra in\u00e9dita negociada con el m\u00e1ximo secreto, \u201cla abstenci\u00f3n constructiva\u201d, permiti\u00f3 durante el primer d\u00eda de la cumbre que el Consejo Europeo esquivara el veto de Hungr\u00eda. A instancias del canciller alem\u00e1n, Olaf Scholz, Viktor Orban abandon\u00f3 \u00abmoment\u00e1neamente\u00bb la sala del Consejo Europeo para permitir al resto de l\u00edderes europeos apoyar la recomendaci\u00f3n de Bruselas de iniciar conversaciones de adhesi\u00f3n con Ucrania y Moldavia. De esta forma se pudo tomar en un tiempo r\u00e9cord la decisi\u00f3n hist\u00f3rica de la apertura de negociaciones de ingreso, apenas 18 meses despu\u00e9s de reconocerlos como pa\u00edses candidatos. Los 26 tambi\u00e9n acordaron volver a evaluar el pr\u00f3ximo mes de marzo los avances de Bosnia-Herzegovina para iniciar conversaciones de ingreso lo antes posible y conceder, pese a la desconexi\u00f3n y lejan\u00eda geogr\u00e1fica, el estatus de candidato a Georgia. La euforia provocada por las decisiones anteriores aliment\u00f3 las esperanzas de que tambi\u00e9n fuera posible pactar la revisi\u00f3n del presupuesto comunitario y liberar as\u00ed 50.000 millones de euros en ayudas para Ucrania, pero eso no fue posible. Aqu\u00ed el no de V\u00edktor Orban se impuso a las tres de la madrugada de la noche del primero al segundo d\u00eda de la cumbre. Sin embargo, durante el segundo d\u00eda los l\u00edderes europeos declararon que \u00abla ayuda a Ucrania est\u00e1 garantizada, porque hay f\u00f3rmulas para hacerla llegar, aunque no salga del presupuesto de la UE\u00bb. El en\u00e9simo intento del l\u00edder h\u00fangaro de chantajear a sus socios europeos volvi\u00f3 a fracasar. El presidente del Consejo Europeo prev\u00e9 convocar \u00abuna cumbre extraordinaria a finales de enero o comienzos de febrero para concluir la negociaci\u00f3n presupuestaria\u00bb y dar satisfacci\u00f3n a Ucrania y tambi\u00e9n a Hungr\u00eda, que espera recibir 20.000 millones de euros en ayudas de Bruselas. El expresidente de Ucrania, Petr\u00f3 Poroixenco, acaba de hacer las siguientes declaraciones sobre la importancia de la apertura de la UE a la adhesi\u00f3n de Ucrania: \u201cLa ventana de oportunidad era muy estrecha. Acreditados analistas han avisado de los riesgos de ampliar la UE, especialmente hacia Ucrania. No se dan cuenta de que si no ten\u00edamos ahora la decisi\u00f3n de la UE, quiz\u00e1s se retrasaba una generaci\u00f3n. Estoy muy contento de que haya pasado, porque \u00e9ste es el proceso para cambiar el pa\u00eds. Del estilo sovi\u00e9tico estamos pasando a uno de los mejores sistemas democr\u00e1ticos, libres e importantes, que es el del continente europeo. Si no hubi\u00e9ramos tenido ese \u00e9xito, habr\u00eda sido un regalo para Putin. \u00c9l no tiene la capacidad para impedir que nos integremos en la UE y en la OTAN. \u00bfY por qu\u00e9 es tan importantes para nosotros? Porque la OTAN significa salvarnos la vida y la UE significa una vida mejor.\u201c REFORMA INSTITUCIONAL PREVIA La realidad es que la UE no est\u00e1 preparada para una ampliaci\u00f3n tan grande como la propuesta. Es necesario agilizar la toma de decisiones, utilizando el voto por mayor\u00eda cualificada en m\u00e1s \u00e1reas y avanzar hacia un presupuesto com\u00fan. Se necesitan m\u00e1s cesiones de soberan\u00eda y llegar de una vez a la uni\u00f3n pol\u00edtica. Justo ese mismo a\u00f1o de 2023 el Parlamento Europeo ha hecho propuestas para avanzar en la construcci\u00f3n pol\u00edtica de Europa, que han sido recibidas con frialdad por los Estados miembros. Las ampliaciones comportan no s\u00f3lo un riesgo econ\u00f3mico e institucional, al tratarse de pa\u00edses con niveles de vida muy inferiores e instituciones pol\u00edticas poco maduras, sino tambi\u00e9n un riesgo pol\u00edtico vinculado a las cuestiones de identidad nacional, particularmente sensibles en los Balcanes. el proceso hacia la pr\u00f3xima ampliaci\u00f3n de la UE eleva su perfil geopol\u00edtico, necesario en un mundo de gigantes dominado por Estados Unidos y China Durante la cumbre, se puso de manifiesto la necesidad de reformas internas para hacer posible la nueva ampliaci\u00f3n. Los 27 acordaron que se fijar\u00e1 este verano \u00abuna hoja de ruta sobre las reformas&#8230;<\/p>\n","protected":false},"author":38,"featured_media":73579,"comment_status":"open","ping_status":"open","sticky":false,"template":"","format":"standard","meta":{"_FSMCFIC_featured_image_caption":"","_FSMCFIC_featured_image_nocaption":"","_FSMCFIC_featured_image_hide":"","footnotes":""},"categories":[798,806],"tags":[5071,5012],"class_list":["post-73582","post","type-post","status-publish","format-standard","has-post-thumbnail","hentry","category-pro-europa-es","category-punts-claus-del-dia-es","tag-presidencia-espanola-ue","tag-presidencia-espanyola-ue-es"],"yoast_head":"<!-- This site is optimized with the Yoast SEO plugin v26.8 - https:\/\/yoast.com\/product\/yoast-seo-wordpress\/ -->\n<title>Noticias de Fin de A\u00f1o que llegan de Bruselas - Converses a Catalunya<\/title>\n<meta name=\"description\" content=\"La ventana de oportunidad era muy estrecha. Acreditados analistas han avisado de los riesgos de ampliar la UE, especialmente hacia Ucrania\" \/>\n<meta name=\"robots\" content=\"index, follow, max-snippet:-1, max-image-preview:large, max-video-preview:-1\" \/>\n<link rel=\"canonical\" href=\"https:\/\/conversesacatalunya.cat\/es\/noticias-fin-de-ano-que-llegan-de-bruselas\/\" \/>\n<meta property=\"og:locale\" content=\"es_ES\" \/>\n<meta property=\"og:type\" content=\"article\" \/>\n<meta property=\"og:title\" content=\"Noticias de Fin de A\u00f1o que llegan de Bruselas - Converses a Catalunya\" \/>\n<meta property=\"og:description\" content=\"La ventana de oportunidad era muy estrecha. Acreditados analistas han avisado de los riesgos de ampliar la UE, especialmente hacia Ucrania\" \/>\n<meta property=\"og:url\" content=\"https:\/\/conversesacatalunya.cat\/es\/noticias-fin-de-ano-que-llegan-de-bruselas\/\" \/>\n<meta property=\"og:site_name\" content=\"Converses a Catalunya\" \/>\n<meta property=\"article:published_time\" content=\"2023-12-26T08:44:08+00:00\" \/>\n<meta property=\"article:modified_time\" content=\"2023-12-27T08:45:09+00:00\" \/>\n<meta property=\"og:image\" content=\"https:\/\/conversesacatalunya.cat\/wp-content\/uploads\/2023\/12\/UE-Ucraina.jpg\" \/>\n\t<meta property=\"og:image:width\" content=\"640\" \/>\n\t<meta property=\"og:image:height\" content=\"427\" \/>\n\t<meta property=\"og:image:type\" content=\"image\/jpeg\" \/>\n<meta name=\"author\" content=\"Victor Pou\" \/>\n<meta name=\"twitter:card\" content=\"summary_large_image\" \/>\n<meta name=\"twitter:label1\" content=\"Escrito por\" \/>\n\t<meta name=\"twitter:data1\" content=\"Victor Pou\" \/>\n\t<meta name=\"twitter:label2\" content=\"Tiempo de lectura\" \/>\n\t<meta name=\"twitter:data2\" content=\"10 minutos\" \/>\n<script type=\"application\/ld+json\" class=\"yoast-schema-graph\">{\"@context\":\"https:\/\/schema.org\",\"@graph\":[{\"@type\":\"Article\",\"@id\":\"https:\/\/conversesacatalunya.cat\/es\/noticias-fin-de-ano-que-llegan-de-bruselas\/#article\",\"isPartOf\":{\"@id\":\"https:\/\/conversesacatalunya.cat\/es\/noticias-fin-de-ano-que-llegan-de-bruselas\/\"},\"author\":{\"name\":\"Victor Pou\",\"@id\":\"https:\/\/conversesacatalunya.cat\/#\/schema\/person\/1b0082ee920b837be791bee630d460b2\"},\"headline\":\"Noticias de Fin de A\u00f1o que llegan de Bruselas\",\"datePublished\":\"2023-12-26T08:44:08+00:00\",\"dateModified\":\"2023-12-27T08:45:09+00:00\",\"mainEntityOfPage\":{\"@id\":\"https:\/\/conversesacatalunya.cat\/es\/noticias-fin-de-ano-que-llegan-de-bruselas\/\"},\"wordCount\":2087,\"commentCount\":0,\"image\":{\"@id\":\"https:\/\/conversesacatalunya.cat\/es\/noticias-fin-de-ano-que-llegan-de-bruselas\/#primaryimage\"},\"thumbnailUrl\":\"https:\/\/conversesacatalunya.cat\/wp-content\/uploads\/2023\/12\/UE-Ucraina.jpg\",\"keywords\":[\"presidencia espa\u00f1ola UE\",\"presid\u00e8ncia espanyola UE\"],\"articleSection\":[\"Pro Europa (ES)\",\"Punts clau del dia (ES)\"],\"inLanguage\":\"es\",\"potentialAction\":[{\"@type\":\"CommentAction\",\"name\":\"Comment\",\"target\":[\"https:\/\/conversesacatalunya.cat\/es\/noticias-fin-de-ano-que-llegan-de-bruselas\/#respond\"]}]},{\"@type\":\"WebPage\",\"@id\":\"https:\/\/conversesacatalunya.cat\/es\/noticias-fin-de-ano-que-llegan-de-bruselas\/\",\"url\":\"https:\/\/conversesacatalunya.cat\/es\/noticias-fin-de-ano-que-llegan-de-bruselas\/\",\"name\":\"Noticias de Fin de A\u00f1o que llegan de Bruselas - Converses a Catalunya\",\"isPartOf\":{\"@id\":\"https:\/\/conversesacatalunya.cat\/#website\"},\"primaryImageOfPage\":{\"@id\":\"https:\/\/conversesacatalunya.cat\/es\/noticias-fin-de-ano-que-llegan-de-bruselas\/#primaryimage\"},\"image\":{\"@id\":\"https:\/\/conversesacatalunya.cat\/es\/noticias-fin-de-ano-que-llegan-de-bruselas\/#primaryimage\"},\"thumbnailUrl\":\"https:\/\/conversesacatalunya.cat\/wp-content\/uploads\/2023\/12\/UE-Ucraina.jpg\",\"datePublished\":\"2023-12-26T08:44:08+00:00\",\"dateModified\":\"2023-12-27T08:45:09+00:00\",\"author\":{\"@id\":\"https:\/\/conversesacatalunya.cat\/#\/schema\/person\/1b0082ee920b837be791bee630d460b2\"},\"description\":\"La ventana de oportunidad era muy estrecha. Acreditados analistas han avisado de los riesgos de ampliar la UE, especialmente hacia Ucrania\",\"breadcrumb\":{\"@id\":\"https:\/\/conversesacatalunya.cat\/es\/noticias-fin-de-ano-que-llegan-de-bruselas\/#breadcrumb\"},\"inLanguage\":\"es\",\"potentialAction\":[{\"@type\":\"ReadAction\",\"target\":[\"https:\/\/conversesacatalunya.cat\/es\/noticias-fin-de-ano-que-llegan-de-bruselas\/\"]}]},{\"@type\":\"ImageObject\",\"inLanguage\":\"es\",\"@id\":\"https:\/\/conversesacatalunya.cat\/es\/noticias-fin-de-ano-que-llegan-de-bruselas\/#primaryimage\",\"url\":\"https:\/\/conversesacatalunya.cat\/wp-content\/uploads\/2023\/12\/UE-Ucraina.jpg\",\"contentUrl\":\"https:\/\/conversesacatalunya.cat\/wp-content\/uploads\/2023\/12\/UE-Ucraina.jpg\",\"width\":640,\"height\":427,\"caption\":\"UE Ucrania Foto banderas\"},{\"@type\":\"BreadcrumbList\",\"@id\":\"https:\/\/conversesacatalunya.cat\/es\/noticias-fin-de-ano-que-llegan-de-bruselas\/#breadcrumb\",\"itemListElement\":[{\"@type\":\"ListItem\",\"position\":1,\"name\":\"Inici\",\"item\":\"https:\/\/conversesacatalunya.cat\/es\/\"},{\"@type\":\"ListItem\",\"position\":2,\"name\":\"Noticias de Fin de A\u00f1o que llegan de Bruselas\"}]},{\"@type\":\"WebSite\",\"@id\":\"https:\/\/conversesacatalunya.cat\/#website\",\"url\":\"https:\/\/conversesacatalunya.cat\/\",\"name\":\"Converses a Catalunya\",\"description\":\"\",\"potentialAction\":[{\"@type\":\"SearchAction\",\"target\":{\"@type\":\"EntryPoint\",\"urlTemplate\":\"https:\/\/conversesacatalunya.cat\/?s={search_term_string}\"},\"query-input\":{\"@type\":\"PropertyValueSpecification\",\"valueRequired\":true,\"valueName\":\"search_term_string\"}}],\"inLanguage\":\"es\"},{\"@type\":\"Person\",\"@id\":\"https:\/\/conversesacatalunya.cat\/#\/schema\/person\/1b0082ee920b837be791bee630d460b2\",\"name\":\"Victor Pou\",\"image\":{\"@type\":\"ImageObject\",\"inLanguage\":\"es\",\"@id\":\"https:\/\/conversesacatalunya.cat\/#\/schema\/person\/image\/\",\"url\":\"https:\/\/conversesacatalunya.cat\/wp-content\/litespeed\/avatar\/b9b32a5f987117ce72836d050f735d2b.jpg?ver=1777366285\",\"contentUrl\":\"https:\/\/conversesacatalunya.cat\/wp-content\/litespeed\/avatar\/b9b32a5f987117ce72836d050f735d2b.jpg?ver=1777366285\",\"caption\":\"Victor Pou\"},\"url\":\"https:\/\/conversesacatalunya.cat\/es\/author\/victor_pou\/\"}]}<\/script>\n<!-- \/ Yoast SEO plugin. -->","yoast_head_json":{"title":"Noticias de Fin de A\u00f1o que llegan de Bruselas - Converses a Catalunya","description":"La ventana de oportunidad era muy estrecha. Acreditados analistas han avisado de los riesgos de ampliar la UE, especialmente hacia Ucrania","robots":{"index":"index","follow":"follow","max-snippet":"max-snippet:-1","max-image-preview":"max-image-preview:large","max-video-preview":"max-video-preview:-1"},"canonical":"https:\/\/conversesacatalunya.cat\/es\/noticias-fin-de-ano-que-llegan-de-bruselas\/","og_locale":"es_ES","og_type":"article","og_title":"Noticias de Fin de A\u00f1o que llegan de Bruselas - Converses a Catalunya","og_description":"La ventana de oportunidad era muy estrecha. Acreditados analistas han avisado de los riesgos de ampliar la UE, especialmente hacia Ucrania","og_url":"https:\/\/conversesacatalunya.cat\/es\/noticias-fin-de-ano-que-llegan-de-bruselas\/","og_site_name":"Converses a Catalunya","article_published_time":"2023-12-26T08:44:08+00:00","article_modified_time":"2023-12-27T08:45:09+00:00","og_image":[{"width":640,"height":427,"url":"https:\/\/conversesacatalunya.cat\/wp-content\/uploads\/2023\/12\/UE-Ucraina.jpg","type":"image\/jpeg"}],"author":"Victor Pou","twitter_card":"summary_large_image","twitter_misc":{"Escrito por":"Victor Pou","Tiempo de lectura":"10 minutos"},"schema":{"@context":"https:\/\/schema.org","@graph":[{"@type":"Article","@id":"https:\/\/conversesacatalunya.cat\/es\/noticias-fin-de-ano-que-llegan-de-bruselas\/#article","isPartOf":{"@id":"https:\/\/conversesacatalunya.cat\/es\/noticias-fin-de-ano-que-llegan-de-bruselas\/"},"author":{"name":"Victor Pou","@id":"https:\/\/conversesacatalunya.cat\/#\/schema\/person\/1b0082ee920b837be791bee630d460b2"},"headline":"Noticias de Fin de A\u00f1o que llegan de Bruselas","datePublished":"2023-12-26T08:44:08+00:00","dateModified":"2023-12-27T08:45:09+00:00","mainEntityOfPage":{"@id":"https:\/\/conversesacatalunya.cat\/es\/noticias-fin-de-ano-que-llegan-de-bruselas\/"},"wordCount":2087,"commentCount":0,"image":{"@id":"https:\/\/conversesacatalunya.cat\/es\/noticias-fin-de-ano-que-llegan-de-bruselas\/#primaryimage"},"thumbnailUrl":"https:\/\/conversesacatalunya.cat\/wp-content\/uploads\/2023\/12\/UE-Ucraina.jpg","keywords":["presidencia espa\u00f1ola UE","presid\u00e8ncia espanyola UE"],"articleSection":["Pro Europa (ES)","Punts clau del dia (ES)"],"inLanguage":"es","potentialAction":[{"@type":"CommentAction","name":"Comment","target":["https:\/\/conversesacatalunya.cat\/es\/noticias-fin-de-ano-que-llegan-de-bruselas\/#respond"]}]},{"@type":"WebPage","@id":"https:\/\/conversesacatalunya.cat\/es\/noticias-fin-de-ano-que-llegan-de-bruselas\/","url":"https:\/\/conversesacatalunya.cat\/es\/noticias-fin-de-ano-que-llegan-de-bruselas\/","name":"Noticias de Fin de A\u00f1o que llegan de Bruselas - Converses a Catalunya","isPartOf":{"@id":"https:\/\/conversesacatalunya.cat\/#website"},"primaryImageOfPage":{"@id":"https:\/\/conversesacatalunya.cat\/es\/noticias-fin-de-ano-que-llegan-de-bruselas\/#primaryimage"},"image":{"@id":"https:\/\/conversesacatalunya.cat\/es\/noticias-fin-de-ano-que-llegan-de-bruselas\/#primaryimage"},"thumbnailUrl":"https:\/\/conversesacatalunya.cat\/wp-content\/uploads\/2023\/12\/UE-Ucraina.jpg","datePublished":"2023-12-26T08:44:08+00:00","dateModified":"2023-12-27T08:45:09+00:00","author":{"@id":"https:\/\/conversesacatalunya.cat\/#\/schema\/person\/1b0082ee920b837be791bee630d460b2"},"description":"La ventana de oportunidad era muy estrecha. Acreditados analistas han avisado de los riesgos de ampliar la UE, especialmente hacia Ucrania","breadcrumb":{"@id":"https:\/\/conversesacatalunya.cat\/es\/noticias-fin-de-ano-que-llegan-de-bruselas\/#breadcrumb"},"inLanguage":"es","potentialAction":[{"@type":"ReadAction","target":["https:\/\/conversesacatalunya.cat\/es\/noticias-fin-de-ano-que-llegan-de-bruselas\/"]}]},{"@type":"ImageObject","inLanguage":"es","@id":"https:\/\/conversesacatalunya.cat\/es\/noticias-fin-de-ano-que-llegan-de-bruselas\/#primaryimage","url":"https:\/\/conversesacatalunya.cat\/wp-content\/uploads\/2023\/12\/UE-Ucraina.jpg","contentUrl":"https:\/\/conversesacatalunya.cat\/wp-content\/uploads\/2023\/12\/UE-Ucraina.jpg","width":640,"height":427,"caption":"UE Ucrania Foto banderas"},{"@type":"BreadcrumbList","@id":"https:\/\/conversesacatalunya.cat\/es\/noticias-fin-de-ano-que-llegan-de-bruselas\/#breadcrumb","itemListElement":[{"@type":"ListItem","position":1,"name":"Inici","item":"https:\/\/conversesacatalunya.cat\/es\/"},{"@type":"ListItem","position":2,"name":"Noticias de Fin de A\u00f1o que llegan de Bruselas"}]},{"@type":"WebSite","@id":"https:\/\/conversesacatalunya.cat\/#website","url":"https:\/\/conversesacatalunya.cat\/","name":"Converses a Catalunya","description":"","potentialAction":[{"@type":"SearchAction","target":{"@type":"EntryPoint","urlTemplate":"https:\/\/conversesacatalunya.cat\/?s={search_term_string}"},"query-input":{"@type":"PropertyValueSpecification","valueRequired":true,"valueName":"search_term_string"}}],"inLanguage":"es"},{"@type":"Person","@id":"https:\/\/conversesacatalunya.cat\/#\/schema\/person\/1b0082ee920b837be791bee630d460b2","name":"Victor Pou","image":{"@type":"ImageObject","inLanguage":"es","@id":"https:\/\/conversesacatalunya.cat\/#\/schema\/person\/image\/","url":"https:\/\/conversesacatalunya.cat\/wp-content\/litespeed\/avatar\/b9b32a5f987117ce72836d050f735d2b.jpg?ver=1777366285","contentUrl":"https:\/\/conversesacatalunya.cat\/wp-content\/litespeed\/avatar\/b9b32a5f987117ce72836d050f735d2b.jpg?ver=1777366285","caption":"Victor Pou"},"url":"https:\/\/conversesacatalunya.cat\/es\/author\/victor_pou\/"}]}},"wps_subtitle":"La \u00faltima gran ampliaci\u00f3n de la UE hacia el Este y el fin de la presidencia semestral espa\u00f1ola (julio-diciembre 2023)","_links":{"self":[{"href":"https:\/\/conversesacatalunya.cat\/es\/wp-json\/wp\/v2\/posts\/73582","targetHints":{"allow":["GET"]}}],"collection":[{"href":"https:\/\/conversesacatalunya.cat\/es\/wp-json\/wp\/v2\/posts"}],"about":[{"href":"https:\/\/conversesacatalunya.cat\/es\/wp-json\/wp\/v2\/types\/post"}],"author":[{"embeddable":true,"href":"https:\/\/conversesacatalunya.cat\/es\/wp-json\/wp\/v2\/users\/38"}],"replies":[{"embeddable":true,"href":"https:\/\/conversesacatalunya.cat\/es\/wp-json\/wp\/v2\/comments?post=73582"}],"version-history":[{"count":18,"href":"https:\/\/conversesacatalunya.cat\/es\/wp-json\/wp\/v2\/posts\/73582\/revisions"}],"predecessor-version":[{"id":73635,"href":"https:\/\/conversesacatalunya.cat\/es\/wp-json\/wp\/v2\/posts\/73582\/revisions\/73635"}],"wp:featuredmedia":[{"embeddable":true,"href":"https:\/\/conversesacatalunya.cat\/es\/wp-json\/wp\/v2\/media\/73579"}],"wp:attachment":[{"href":"https:\/\/conversesacatalunya.cat\/es\/wp-json\/wp\/v2\/media?parent=73582"}],"wp:term":[{"taxonomy":"category","embeddable":true,"href":"https:\/\/conversesacatalunya.cat\/es\/wp-json\/wp\/v2\/categories?post=73582"},{"taxonomy":"post_tag","embeddable":true,"href":"https:\/\/conversesacatalunya.cat\/es\/wp-json\/wp\/v2\/tags?post=73582"}],"curies":[{"name":"wp","href":"https:\/\/api.w.org\/{rel}","templated":true}]}}