{"id":73550,"date":"2023-12-29T08:39:29","date_gmt":"2023-12-29T07:39:29","guid":{"rendered":"https:\/\/conversesacatalunya.cat\/?p=73550"},"modified":"2023-12-28T06:19:14","modified_gmt":"2023-12-28T05:19:14","slug":"cataluna-cae-la-inversion-exterior-y-sube-mucho-la-inmigracion","status":"publish","type":"post","link":"https:\/\/conversesacatalunya.cat\/es\/cataluna-cae-la-inversion-exterior-y-sube-mucho-la-inmigracion\/","title":{"rendered":"Catalu\u00f1a: Cae la inversi\u00f3n exterior y sube mucho la inmigraci\u00f3n"},"content":{"rendered":"<p>Si observamos primero la <strong>inversi\u00f3n extranjera en Espa\u00f1a<\/strong> puede constatarse como \u00e9sta ha seguido una tendencia creciente desde 2013, cuando la cifra total alcanzaba los 17.289 millones de euros. En el 2018 se produjo una punta extraordinaria en esa curva porque se elev\u00f3 hasta los 55.568 millones. Fue algo extraordinario y al a\u00f1o siguiente ca\u00eda hasta los 24.833 millones. A partir de esa fecha ha continuado la tendencia ascendente de forma regular, alcanzando en 2022 los 34.479 millones.<\/p>\n<p>Sin embargo, eso que iba tan bien, se ha interrumpido y hasta septiembre de este a\u00f1o la inversi\u00f3n s\u00f3lo llega a 18.000 millones y, por tanto, la previsi\u00f3n es cerrar el ciclo anual con una magnitud claramente inferior a la de los \u00faltimos a\u00f1os. Ser\u00e1 un repliegue de la inversi\u00f3n extranjera en Espa\u00f1a que est\u00e1 por ver si es un hecho accidental o no, pero en todo caso, rompe la tendencia de una d\u00e9cada al alza.<\/p>\n<p>En este contexto es necesario situar la inversi\u00f3n en Catalu\u00f1a, que hay que decir que ha sido muy pobre. Y esto se vuelve preocupante. Madrid asumi\u00f3 la mayor parte de esa inversi\u00f3n, un 56% y 10.262 millones. A partir de ah\u00ed los seguidores lo son con cifras mucho m\u00e1s peque\u00f1as, con la agravante de que la segunda posici\u00f3n, con 2.469 millones, corresponde a Valencia, mientras que Catalunya ocupa el tercer puesto, con s\u00f3lo 2.087 millones. Por tanto, en un periodo de sequ\u00eda inversora en el conjunto espa\u00f1ol, adem\u00e1s, Catalu\u00f1a pierde posiciones. Cada vez m\u00e1s la distancia en todas las macromagnitudes en relaci\u00f3n con Madrid es mayor. Y no ser\u00e1 porque el gobierno S\u00e1nchez y sus ministerios demuestren tener una extraordinaria estima por Ayuso, Almeida y sus votantes.<\/p>\n<p>Pero como en otros d\u00e9ficits que se acumulan, la capacidad de reacci\u00f3n catalana parece nula. Empezando por la de sus penosas \u00e9lites que hace tiempo que desertaron porque no pueden o no saben liderar en el terreno de las ideas econ\u00f3micas en este pa\u00eds. Hay en esto tambi\u00e9n una grave ruptura generacional que ha roto con la larga tradici\u00f3n de una burgues\u00eda que sab\u00eda ad\u00f3nde quer\u00eda ir y que intentaba alcanzarlo, a veces incluso, en exceso.<\/p>\n<p>En paralelo a este declive inversor y econ\u00f3mico se produce el <strong>florecimiento de la inmigraci\u00f3n<\/strong>. Catalu\u00f1a ya ha superado los 8 millones de habitantes, pero todo el crecimiento se debe a personas nacidas en el extranjero, mientras que cada a\u00f1o hay menos naturales del pa\u00eds.<\/p>\n<p>En 12 meses Catalunya ha ganado 140.000 habitantes y es la comunidad espa\u00f1ola que lo ha hecho en mayor medida, claramente por encima de Madrid. En la actualidad viven en Catalu\u00f1a 1,3 millones de extranjeros, pero con una caracter\u00edstica muy importante porque la proporci\u00f3n var\u00eda mucho en funci\u00f3n de la edad.<\/p>\n<p>Los aut\u00f3ctonos son claramente mayor\u00eda entre la gente mayor de 65 a\u00f1os y en los menores que, por cierto, cada vez son menos. Pero entre la poblaci\u00f3n de 25 a 40 a\u00f1os, el 40%<a href=\"https:\/\/conversesacatalunya.cat\/es\/natalidad-inmigracion-y-productividad-no-vamos-bien-1\/\" target=\"_blank\" rel=\"noopener\"><strong> ya ha nacido en el extranjero<\/strong><\/a>. El cupo m\u00e1s numeroso por nacionalidades es, con diferencia, el marroqu\u00ed, que se acerca a las 300.000 personas. Tambi\u00e9n es importante el procedente de Pakist\u00e1n, con m\u00e1s de 50.000. El otro bloque est\u00e1 formado por hispanoamericanos, sobre todo colombianos y hondure\u00f1os, que se sit\u00faan por encima de los 50.000. Sin embargo, este grupo hay que a\u00f1adir contingentes inferiores a aquella cifra, pero tambi\u00e9n sustanciales por su dimensi\u00f3n, de Venezuela, Per\u00fa, Argentina, Bolivia, Ecuador, Brasil y Paraguay. Hay, por tanto, dos grandes bloques inmigratorios, todos los extracomunitarios que tienen empleos de muy baja productividad.<\/p>\n<p>El resultado de todo ello se\u00f1ala un desequilibrio, falta de inversi\u00f3n exterior y una inmigraci\u00f3n extraordinaria, que se concentra en gran medida en las ciudades, sobre todo en Barcelona y L&#8217;Hospitalet, pero tambi\u00e9n en otras poblaciones como Girona, que hacen hervir la olla de la econom\u00eda, es decir, hacen crecer el PIB por el factor trabajo, pero que al mismo tiempo tienen un efecto reductor debido a ese factor productividad en el crecimiento de la renta per c\u00e1pita que, en definitiva, es lo que determina gran parte de nuestra calidad de vida.<\/p>\n<p>Es un desencajamiento m\u00e1s de los que sufrimos, sin que se vea, ni en el gobierno catal\u00e1n ni en la mayor\u00eda de los grandes municipios, respuestas a la escala que se necesita. Est\u00e1 claro que bien mirado tampoco es que nadie les reclame demasiado.<\/p>\n<span class='bctt-click-to-tweet'><span class='bctt-ctt-text'><a href='https:\/\/twitter.com\/intent\/tweet?url=https%3A%2F%2Fconversesacatalunya.cat%2Fes%2Fcataluna-cae-la-inversion-exterior-y-sube-mucho-la-inmigracion%2F&#038;text=En%2012%20meses%20Catalunya%20ha%20ganado%20140.000%20habitantes%20y%20es%20la%20comunidad%20espa%C3%B1ola%20que%20lo%20ha%20hecho%20en%20mayor%20medida%2C%20claramente%20por%20encima%20de%20Madrid.&#038;via=conversesacat&#038;related=conversesacat' target='_blank'rel=\"noopener noreferrer\">En 12 meses Catalunya ha ganado 140.000 habitantes y es la comunidad espa\u00f1ola que lo ha hecho en mayor medida, claramente por encima de Madrid. <\/a><\/span><a href='https:\/\/twitter.com\/intent\/tweet?url=https%3A%2F%2Fconversesacatalunya.cat%2Fes%2Fcataluna-cae-la-inversion-exterior-y-sube-mucho-la-inmigracion%2F&#038;text=En%2012%20meses%20Catalunya%20ha%20ganado%20140.000%20habitantes%20y%20es%20la%20comunidad%20espa%C3%B1ola%20que%20lo%20ha%20hecho%20en%20mayor%20medida%2C%20claramente%20por%20encima%20de%20Madrid.&#038;via=conversesacat&#038;related=conversesacat' target='_blank' class='bctt-ctt-btn'rel=\"noopener noreferrer\">Compartir en X<\/a><\/span>\n<div id=\"polls-223\" class=\"wp-polls\">\n\t<form id=\"polls_form_223\" class=\"wp-polls-form\" action=\"\/index.php\" method=\"post\">\n\t\t<p style=\"display: none;\"><input type=\"hidden\" id=\"poll_223_nonce\" name=\"wp-polls-nonce\" value=\"4f466f3de2\" \/><\/p>\n\t\t<p style=\"display: none;\"><input type=\"hidden\" name=\"poll_id\" value=\"223\" \/><\/p>\n\t\t<p style=\"text-align: center\"><strong>Creus que ha sigut un \u00e8xit la presid\u00e8ncia semestral espanyola de la UE?<\/strong><\/p><div id=\"polls-223-ans\" class=\"wp-polls-ans\"><ul class=\"wp-polls-ul\">\n\t\t<li><input type=\"radio\" id=\"poll-answer-619\" name=\"poll_223\" value=\"619\" \/> <label for=\"poll-answer-619\">S\u00ed<\/label><\/li>\n\t\t<li><input type=\"radio\" id=\"poll-answer-620\" name=\"poll_223\" value=\"620\" \/> <label for=\"poll-answer-620\">No<\/label><\/li>\n\t\t<li><input type=\"radio\" id=\"poll-answer-621\" name=\"poll_223\" value=\"621\" \/> <label for=\"poll-answer-621\">No ho s\u00e9<\/label><\/li>\n\t\t<\/ul><p style=\"text-align: center\"><input type=\"button\" name=\"vote\" value=\"   Vota   \" class=\"Buttons\" onclick=\"poll_vote(223);\" \/><\/p><p style=\"text-align: center\"><a href=\"#ViewPollResults\" onclick=\"poll_result(223); return false;\" title=\"View Results Of This Poll\">Mira els resultats<\/a><\/p><\/div>\n\t<\/form>\n<\/div>\n<div id=\"polls-223-loading\" class=\"wp-polls-loading\"><img decoding=\"async\" data-src=\"https:\/\/conversesacatalunya.cat\/wp-content\/plugins\/wp-polls\/images\/loading.gif\" width=\"16\" height=\"16\" alt=\"Cargando ...\" title=\"Cargando ...\" class=\"wp-polls-image lazyload\" src=\"data:image\/svg+xml;base64,PHN2ZyB3aWR0aD0iMSIgaGVpZ2h0PSIxIiB4bWxucz0iaHR0cDovL3d3dy53My5vcmcvMjAwMC9zdmciPjwvc3ZnPg==\" style=\"--smush-placeholder-width: 16px; --smush-placeholder-aspect-ratio: 16\/16;\" \/>&nbsp;Cargando ...<\/div>\n\n","protected":false},"excerpt":{"rendered":"<p>Si observamos primero la inversi\u00f3n extranjera en Espa\u00f1a puede constatarse como \u00e9sta ha seguido una tendencia creciente desde 2013, cuando la cifra total alcanzaba los 17.289 millones de euros. En el 2018 se produjo una punta extraordinaria en esa curva porque se elev\u00f3 hasta los 55.568 millones. Fue algo extraordinario y al a\u00f1o siguiente ca\u00eda hasta los 24.833 millones. A partir de esa fecha ha continuado la tendencia ascendente de forma regular, alcanzando en 2022 los 34.479 millones. Sin embargo, eso que iba tan bien, se ha interrumpido y hasta septiembre de este a\u00f1o la inversi\u00f3n s\u00f3lo llega a 18.000 millones y, por tanto, la previsi\u00f3n es cerrar el ciclo anual con una magnitud claramente inferior a la de los \u00faltimos a\u00f1os. Ser\u00e1 un repliegue de la inversi\u00f3n extranjera en Espa\u00f1a que est\u00e1 por ver si es un hecho accidental o no, pero en todo caso, rompe la tendencia de una d\u00e9cada al alza. En este contexto es necesario situar la inversi\u00f3n en Catalu\u00f1a, que hay que decir que ha sido muy pobre. Y esto se vuelve preocupante. Madrid asumi\u00f3 la mayor parte de esa inversi\u00f3n, un 56% y 10.262 millones. A partir de ah\u00ed los seguidores lo son con cifras mucho m\u00e1s peque\u00f1as, con la agravante de que la segunda posici\u00f3n, con 2.469 millones, corresponde a Valencia, mientras que Catalunya ocupa el tercer puesto, con s\u00f3lo 2.087 millones. Por tanto, en un periodo de sequ\u00eda inversora en el conjunto espa\u00f1ol, adem\u00e1s, Catalu\u00f1a pierde posiciones. Cada vez m\u00e1s la distancia en todas las macromagnitudes en relaci\u00f3n con Madrid es mayor. Y no ser\u00e1 porque el gobierno S\u00e1nchez y sus ministerios demuestren tener una extraordinaria estima por Ayuso, Almeida y sus votantes. Pero como en otros d\u00e9ficits que se acumulan, la capacidad de reacci\u00f3n catalana parece nula. Empezando por la de sus penosas \u00e9lites que hace tiempo que desertaron porque no pueden o no saben liderar en el terreno de las ideas econ\u00f3micas en este pa\u00eds. Hay en esto tambi\u00e9n una grave ruptura generacional que ha roto con la larga tradici\u00f3n de una burgues\u00eda que sab\u00eda ad\u00f3nde quer\u00eda ir y que intentaba alcanzarlo, a veces incluso, en exceso. En paralelo a este declive inversor y econ\u00f3mico se produce el florecimiento de la inmigraci\u00f3n. Catalu\u00f1a ya ha superado los 8 millones de habitantes, pero todo el crecimiento se debe a personas nacidas en el extranjero, mientras que cada a\u00f1o hay menos naturales del pa\u00eds. En 12 meses Catalunya ha ganado 140.000 habitantes y es la comunidad espa\u00f1ola que lo ha hecho en mayor medida, claramente por encima de Madrid. En la actualidad viven en Catalu\u00f1a 1,3 millones de extranjeros, pero con una caracter\u00edstica muy importante porque la proporci\u00f3n var\u00eda mucho en funci\u00f3n de la edad. Los aut\u00f3ctonos son claramente mayor\u00eda entre la gente mayor de 65 a\u00f1os y en los menores que, por cierto, cada vez son menos. Pero entre la poblaci\u00f3n de 25 a 40 a\u00f1os, el 40% ya ha nacido en el extranjero. El cupo m\u00e1s numeroso por nacionalidades es, con diferencia, el marroqu\u00ed, que se acerca a las 300.000 personas. Tambi\u00e9n es importante el procedente de Pakist\u00e1n, con m\u00e1s de 50.000. El otro bloque est\u00e1 formado por hispanoamericanos, sobre todo colombianos y hondure\u00f1os, que se sit\u00faan por encima de los 50.000. Sin embargo, este grupo hay que a\u00f1adir contingentes inferiores a aquella cifra, pero tambi\u00e9n sustanciales por su dimensi\u00f3n, de Venezuela, Per\u00fa, Argentina, Bolivia, Ecuador, Brasil y Paraguay. Hay, por tanto, dos grandes bloques inmigratorios, todos los extracomunitarios que tienen empleos de muy baja productividad. El resultado de todo ello se\u00f1ala un desequilibrio, falta de inversi\u00f3n exterior y una inmigraci\u00f3n extraordinaria, que se concentra en gran medida en las ciudades, sobre todo en Barcelona y L&#8217;Hospitalet, pero tambi\u00e9n en otras poblaciones como Girona, que hacen hervir la olla de la econom\u00eda, es decir, hacen crecer el PIB por el factor trabajo, pero que al mismo tiempo tienen un efecto reductor debido a ese factor productividad en el crecimiento de la renta per c\u00e1pita que, en definitiva, es lo que determina gran parte de nuestra calidad de vida. Es un desencajamiento m\u00e1s de los que sufrimos, sin que se vea, ni en el gobierno catal\u00e1n ni en la mayor\u00eda de los grandes municipios, respuestas a la escala que se necesita. Est\u00e1 claro que bien mirado tampoco es que nadie les reclame demasiado.<\/p>\n","protected":false},"author":77,"featured_media":73504,"comment_status":"open","ping_status":"open","sticky":false,"template":"","format":"standard","meta":{"_FSMCFIC_featured_image_caption":"","_FSMCFIC_featured_image_nocaption":"","_FSMCFIC_featured_image_hide":"","footnotes":""},"categories":[806],"tags":[1677,1678],"class_list":["post-73550","post","type-post","status-publish","format-standard","has-post-thumbnail","hentry","category-punts-claus-del-dia-es","tag-immigracio-es","tag-inmigracion"],"yoast_head":"<!-- This site is optimized with the Yoast SEO plugin v26.8 - https:\/\/yoast.com\/product\/yoast-seo-wordpress\/ -->\n<title>Catalu\u00f1a: Cae la inversi\u00f3n exterior y sube mucho la inmigraci\u00f3n - Converses a Catalunya<\/title>\n<meta name=\"description\" content=\"El resultado de todo ello se\u00f1ala un desequilibrio, falta de inversi\u00f3n exterior y una inmigraci\u00f3n extraordinaria, que afecta la econom\u00eda\" \/>\n<meta name=\"robots\" content=\"index, follow, max-snippet:-1, max-image-preview:large, max-video-preview:-1\" \/>\n<link rel=\"canonical\" href=\"https:\/\/conversesacatalunya.cat\/?p=73500\" \/>\n<meta property=\"og:locale\" content=\"es_ES\" \/>\n<meta property=\"og:type\" content=\"article\" \/>\n<meta property=\"og:title\" content=\"Catalu\u00f1a: Cae la inversi\u00f3n exterior y sube mucho la inmigraci\u00f3n - Converses a Catalunya\" \/>\n<meta property=\"og:description\" content=\"El resultado de todo ello se\u00f1ala un desequilibrio, falta de inversi\u00f3n exterior y una inmigraci\u00f3n extraordinaria, que afecta la econom\u00eda\" \/>\n<meta property=\"og:url\" content=\"https:\/\/conversesacatalunya.cat\/?p=73500\" \/>\n<meta property=\"og:site_name\" content=\"Converses a Catalunya\" \/>\n<meta property=\"article:published_time\" content=\"2023-12-29T07:39:29+00:00\" \/>\n<meta property=\"og:image\" content=\"https:\/\/conversesacatalunya.cat\/wp-content\/uploads\/2023\/12\/immigracio.jpg\" \/>\n\t<meta property=\"og:image:width\" content=\"1600\" \/>\n\t<meta property=\"og:image:height\" content=\"900\" \/>\n\t<meta property=\"og:image:type\" content=\"image\/jpeg\" \/>\n<meta name=\"author\" content=\"Enric Casanovas\" \/>\n<meta name=\"twitter:card\" content=\"summary_large_image\" \/>\n<meta name=\"twitter:label1\" content=\"Escrito por\" \/>\n\t<meta name=\"twitter:data1\" content=\"Enric Casanovas\" \/>\n\t<meta name=\"twitter:label2\" content=\"Tiempo de lectura\" \/>\n\t<meta name=\"twitter:data2\" content=\"4 minutos\" \/>\n<script type=\"application\/ld+json\" class=\"yoast-schema-graph\">{\"@context\":\"https:\/\/schema.org\",\"@graph\":[{\"@type\":\"Article\",\"@id\":\"https:\/\/conversesacatalunya.cat\/?p=73500#article\",\"isPartOf\":{\"@id\":\"https:\/\/conversesacatalunya.cat\/?p=73500\"},\"author\":{\"name\":\"Enric Casanovas\",\"@id\":\"https:\/\/conversesacatalunya.cat\/#\/schema\/person\/79bd0577b2f3afc8d6519d207c6e8609\"},\"headline\":\"Catalu\u00f1a: Cae la inversi\u00f3n exterior y sube mucho la inmigraci\u00f3n\",\"datePublished\":\"2023-12-29T07:39:29+00:00\",\"mainEntityOfPage\":{\"@id\":\"https:\/\/conversesacatalunya.cat\/?p=73500\"},\"wordCount\":813,\"commentCount\":0,\"image\":{\"@id\":\"https:\/\/conversesacatalunya.cat\/?p=73500#primaryimage\"},\"thumbnailUrl\":\"https:\/\/conversesacatalunya.cat\/wp-content\/uploads\/2023\/12\/immigracio.jpg\",\"keywords\":[\"Immigraci\u00f3\",\"inmigraci\u00f3n\"],\"articleSection\":[\"Punts clau del dia (ES)\"],\"inLanguage\":\"es\",\"potentialAction\":[{\"@type\":\"CommentAction\",\"name\":\"Comment\",\"target\":[\"https:\/\/conversesacatalunya.cat\/?p=73500#respond\"]}]},{\"@type\":\"WebPage\",\"@id\":\"https:\/\/conversesacatalunya.cat\/?p=73500\",\"url\":\"https:\/\/conversesacatalunya.cat\/?p=73500\",\"name\":\"Catalu\u00f1a: Cae la inversi\u00f3n exterior y sube mucho la inmigraci\u00f3n - Converses a Catalunya\",\"isPartOf\":{\"@id\":\"https:\/\/conversesacatalunya.cat\/#website\"},\"primaryImageOfPage\":{\"@id\":\"https:\/\/conversesacatalunya.cat\/?p=73500#primaryimage\"},\"image\":{\"@id\":\"https:\/\/conversesacatalunya.cat\/?p=73500#primaryimage\"},\"thumbnailUrl\":\"https:\/\/conversesacatalunya.cat\/wp-content\/uploads\/2023\/12\/immigracio.jpg\",\"datePublished\":\"2023-12-29T07:39:29+00:00\",\"author\":{\"@id\":\"https:\/\/conversesacatalunya.cat\/#\/schema\/person\/79bd0577b2f3afc8d6519d207c6e8609\"},\"description\":\"El resultado de todo ello se\u00f1ala un desequilibrio, falta de inversi\u00f3n exterior y una inmigraci\u00f3n extraordinaria, que afecta la econom\u00eda\",\"breadcrumb\":{\"@id\":\"https:\/\/conversesacatalunya.cat\/?p=73500#breadcrumb\"},\"inLanguage\":\"es\",\"potentialAction\":[{\"@type\":\"ReadAction\",\"target\":[\"https:\/\/conversesacatalunya.cat\/?p=73500\"]}]},{\"@type\":\"ImageObject\",\"inLanguage\":\"es\",\"@id\":\"https:\/\/conversesacatalunya.cat\/?p=73500#primaryimage\",\"url\":\"https:\/\/conversesacatalunya.cat\/wp-content\/uploads\/2023\/12\/immigracio.jpg\",\"contentUrl\":\"https:\/\/conversesacatalunya.cat\/wp-content\/uploads\/2023\/12\/immigracio.jpg\",\"width\":1600,\"height\":900,\"caption\":\"inmigraci\u00f3n y econom\u00eda\"},{\"@type\":\"BreadcrumbList\",\"@id\":\"https:\/\/conversesacatalunya.cat\/?p=73500#breadcrumb\",\"itemListElement\":[{\"@type\":\"ListItem\",\"position\":1,\"name\":\"Inici\",\"item\":\"https:\/\/conversesacatalunya.cat\/es\/\"},{\"@type\":\"ListItem\",\"position\":2,\"name\":\"Catalu\u00f1a: Cae la inversi\u00f3n exterior y sube mucho la inmigraci\u00f3n\"}]},{\"@type\":\"WebSite\",\"@id\":\"https:\/\/conversesacatalunya.cat\/#website\",\"url\":\"https:\/\/conversesacatalunya.cat\/\",\"name\":\"Converses a Catalunya\",\"description\":\"\",\"potentialAction\":[{\"@type\":\"SearchAction\",\"target\":{\"@type\":\"EntryPoint\",\"urlTemplate\":\"https:\/\/conversesacatalunya.cat\/?s={search_term_string}\"},\"query-input\":{\"@type\":\"PropertyValueSpecification\",\"valueRequired\":true,\"valueName\":\"search_term_string\"}}],\"inLanguage\":\"es\"},{\"@type\":\"Person\",\"@id\":\"https:\/\/conversesacatalunya.cat\/#\/schema\/person\/79bd0577b2f3afc8d6519d207c6e8609\",\"name\":\"Enric Casanovas\",\"image\":{\"@type\":\"ImageObject\",\"inLanguage\":\"es\",\"@id\":\"https:\/\/conversesacatalunya.cat\/#\/schema\/person\/image\/\",\"url\":\"https:\/\/conversesacatalunya.cat\/wp-content\/litespeed\/avatar\/7ae4379ad4421ec77820e92afd36dd78.jpg?ver=1777373933\",\"contentUrl\":\"https:\/\/conversesacatalunya.cat\/wp-content\/litespeed\/avatar\/7ae4379ad4421ec77820e92afd36dd78.jpg?ver=1777373933\",\"caption\":\"Enric Casanovas\"},\"url\":\"https:\/\/conversesacatalunya.cat\/es\/author\/enric-casanovas\/\"}]}<\/script>\n<!-- \/ Yoast SEO plugin. -->","yoast_head_json":{"title":"Catalu\u00f1a: Cae la inversi\u00f3n exterior y sube mucho la inmigraci\u00f3n - Converses a Catalunya","description":"El resultado de todo ello se\u00f1ala un desequilibrio, falta de inversi\u00f3n exterior y una inmigraci\u00f3n extraordinaria, que afecta la econom\u00eda","robots":{"index":"index","follow":"follow","max-snippet":"max-snippet:-1","max-image-preview":"max-image-preview:large","max-video-preview":"max-video-preview:-1"},"canonical":"https:\/\/conversesacatalunya.cat\/?p=73500","og_locale":"es_ES","og_type":"article","og_title":"Catalu\u00f1a: Cae la inversi\u00f3n exterior y sube mucho la inmigraci\u00f3n - Converses a Catalunya","og_description":"El resultado de todo ello se\u00f1ala un desequilibrio, falta de inversi\u00f3n exterior y una inmigraci\u00f3n extraordinaria, que afecta la econom\u00eda","og_url":"https:\/\/conversesacatalunya.cat\/?p=73500","og_site_name":"Converses a Catalunya","article_published_time":"2023-12-29T07:39:29+00:00","og_image":[{"width":1600,"height":900,"url":"https:\/\/conversesacatalunya.cat\/wp-content\/uploads\/2023\/12\/immigracio.jpg","type":"image\/jpeg"}],"author":"Enric Casanovas","twitter_card":"summary_large_image","twitter_misc":{"Escrito por":"Enric Casanovas","Tiempo de lectura":"4 minutos"},"schema":{"@context":"https:\/\/schema.org","@graph":[{"@type":"Article","@id":"https:\/\/conversesacatalunya.cat\/?p=73500#article","isPartOf":{"@id":"https:\/\/conversesacatalunya.cat\/?p=73500"},"author":{"name":"Enric Casanovas","@id":"https:\/\/conversesacatalunya.cat\/#\/schema\/person\/79bd0577b2f3afc8d6519d207c6e8609"},"headline":"Catalu\u00f1a: Cae la inversi\u00f3n exterior y sube mucho la inmigraci\u00f3n","datePublished":"2023-12-29T07:39:29+00:00","mainEntityOfPage":{"@id":"https:\/\/conversesacatalunya.cat\/?p=73500"},"wordCount":813,"commentCount":0,"image":{"@id":"https:\/\/conversesacatalunya.cat\/?p=73500#primaryimage"},"thumbnailUrl":"https:\/\/conversesacatalunya.cat\/wp-content\/uploads\/2023\/12\/immigracio.jpg","keywords":["Immigraci\u00f3","inmigraci\u00f3n"],"articleSection":["Punts clau del dia (ES)"],"inLanguage":"es","potentialAction":[{"@type":"CommentAction","name":"Comment","target":["https:\/\/conversesacatalunya.cat\/?p=73500#respond"]}]},{"@type":"WebPage","@id":"https:\/\/conversesacatalunya.cat\/?p=73500","url":"https:\/\/conversesacatalunya.cat\/?p=73500","name":"Catalu\u00f1a: Cae la inversi\u00f3n exterior y sube mucho la inmigraci\u00f3n - Converses a Catalunya","isPartOf":{"@id":"https:\/\/conversesacatalunya.cat\/#website"},"primaryImageOfPage":{"@id":"https:\/\/conversesacatalunya.cat\/?p=73500#primaryimage"},"image":{"@id":"https:\/\/conversesacatalunya.cat\/?p=73500#primaryimage"},"thumbnailUrl":"https:\/\/conversesacatalunya.cat\/wp-content\/uploads\/2023\/12\/immigracio.jpg","datePublished":"2023-12-29T07:39:29+00:00","author":{"@id":"https:\/\/conversesacatalunya.cat\/#\/schema\/person\/79bd0577b2f3afc8d6519d207c6e8609"},"description":"El resultado de todo ello se\u00f1ala un desequilibrio, falta de inversi\u00f3n exterior y una inmigraci\u00f3n extraordinaria, que afecta la econom\u00eda","breadcrumb":{"@id":"https:\/\/conversesacatalunya.cat\/?p=73500#breadcrumb"},"inLanguage":"es","potentialAction":[{"@type":"ReadAction","target":["https:\/\/conversesacatalunya.cat\/?p=73500"]}]},{"@type":"ImageObject","inLanguage":"es","@id":"https:\/\/conversesacatalunya.cat\/?p=73500#primaryimage","url":"https:\/\/conversesacatalunya.cat\/wp-content\/uploads\/2023\/12\/immigracio.jpg","contentUrl":"https:\/\/conversesacatalunya.cat\/wp-content\/uploads\/2023\/12\/immigracio.jpg","width":1600,"height":900,"caption":"inmigraci\u00f3n y econom\u00eda"},{"@type":"BreadcrumbList","@id":"https:\/\/conversesacatalunya.cat\/?p=73500#breadcrumb","itemListElement":[{"@type":"ListItem","position":1,"name":"Inici","item":"https:\/\/conversesacatalunya.cat\/es\/"},{"@type":"ListItem","position":2,"name":"Catalu\u00f1a: Cae la inversi\u00f3n exterior y sube mucho la inmigraci\u00f3n"}]},{"@type":"WebSite","@id":"https:\/\/conversesacatalunya.cat\/#website","url":"https:\/\/conversesacatalunya.cat\/","name":"Converses a Catalunya","description":"","potentialAction":[{"@type":"SearchAction","target":{"@type":"EntryPoint","urlTemplate":"https:\/\/conversesacatalunya.cat\/?s={search_term_string}"},"query-input":{"@type":"PropertyValueSpecification","valueRequired":true,"valueName":"search_term_string"}}],"inLanguage":"es"},{"@type":"Person","@id":"https:\/\/conversesacatalunya.cat\/#\/schema\/person\/79bd0577b2f3afc8d6519d207c6e8609","name":"Enric Casanovas","image":{"@type":"ImageObject","inLanguage":"es","@id":"https:\/\/conversesacatalunya.cat\/#\/schema\/person\/image\/","url":"https:\/\/conversesacatalunya.cat\/wp-content\/litespeed\/avatar\/7ae4379ad4421ec77820e92afd36dd78.jpg?ver=1777373933","contentUrl":"https:\/\/conversesacatalunya.cat\/wp-content\/litespeed\/avatar\/7ae4379ad4421ec77820e92afd36dd78.jpg?ver=1777373933","caption":"Enric Casanovas"},"url":"https:\/\/conversesacatalunya.cat\/es\/author\/enric-casanovas\/"}]}},"wps_subtitle":"Los aut\u00f3ctonos son claramente mayor\u00eda entre la gente mayor de 65 a\u00f1os y en los menores que, por cierto, cada vez son menos. Pero entre la poblaci\u00f3n de 25 a 40 a\u00f1os, el 40% ya ha nacido en el extranjero","_links":{"self":[{"href":"https:\/\/conversesacatalunya.cat\/es\/wp-json\/wp\/v2\/posts\/73550","targetHints":{"allow":["GET"]}}],"collection":[{"href":"https:\/\/conversesacatalunya.cat\/es\/wp-json\/wp\/v2\/posts"}],"about":[{"href":"https:\/\/conversesacatalunya.cat\/es\/wp-json\/wp\/v2\/types\/post"}],"author":[{"embeddable":true,"href":"https:\/\/conversesacatalunya.cat\/es\/wp-json\/wp\/v2\/users\/77"}],"replies":[{"embeddable":true,"href":"https:\/\/conversesacatalunya.cat\/es\/wp-json\/wp\/v2\/comments?post=73550"}],"version-history":[{"count":9,"href":"https:\/\/conversesacatalunya.cat\/es\/wp-json\/wp\/v2\/posts\/73550\/revisions"}],"predecessor-version":[{"id":73626,"href":"https:\/\/conversesacatalunya.cat\/es\/wp-json\/wp\/v2\/posts\/73550\/revisions\/73626"}],"wp:featuredmedia":[{"embeddable":true,"href":"https:\/\/conversesacatalunya.cat\/es\/wp-json\/wp\/v2\/media\/73504"}],"wp:attachment":[{"href":"https:\/\/conversesacatalunya.cat\/es\/wp-json\/wp\/v2\/media?parent=73550"}],"wp:term":[{"taxonomy":"category","embeddable":true,"href":"https:\/\/conversesacatalunya.cat\/es\/wp-json\/wp\/v2\/categories?post=73550"},{"taxonomy":"post_tag","embeddable":true,"href":"https:\/\/conversesacatalunya.cat\/es\/wp-json\/wp\/v2\/tags?post=73550"}],"curies":[{"name":"wp","href":"https:\/\/api.w.org\/{rel}","templated":true}]}}