{"id":73437,"date":"2023-12-19T11:26:15","date_gmt":"2023-12-19T10:26:15","guid":{"rendered":"https:\/\/conversesacatalunya.cat\/sensorra-la-marato-de-tv3-sobre-educacio-sexual-i-reproductiva\/"},"modified":"2023-12-19T12:42:30","modified_gmt":"2023-12-19T11:42:30","slug":"se-derrumba-la-maraton-de-tv3-sobre-educacion-sexual-y-reproductiva","status":"publish","type":"post","link":"https:\/\/conversesacatalunya.cat\/es\/se-derrumba-la-maraton-de-tv3-sobre-educacion-sexual-y-reproductiva\/","title":{"rendered":"Se derrumba la Marat\u00f3n de TV3 sobre educaci\u00f3n sexual y reproductiva"},"content":{"rendered":"<p><span><span class=\"VIpgJd-yAWNEb-VIpgJd-fmcmS-sn54Q\">La Marat\u00f3n dedicada a la salud sexual y reproductiva y dotada de un fuerte sesgo ideol\u00f3gico\u00a0<\/span><\/span><strong><span><span class=\"VIpgJd-yAWNEb-VIpgJd-fmcmS-sn54Q\">ha sido un fracaso rotundo en cuanto a la recaudaci\u00f3n<\/span><\/span><\/strong><span><span class=\"VIpgJd-yAWNEb-VIpgJd-fmcmS-sn54Q\">, 5,7 millones de euros. Habr\u00eda que retroceder a 2009 para encontrar una cifra equivalente.<\/span><\/span><\/p>\n<p style=\"text-align: center;\"><span>DINERO RECAUDADO POR A\u00d1O (millones de euros). Recaudaci\u00f3n Marat\u00f3n TV3 al final del programa<\/span><\/p>\n<p><img fetchpriority=\"high\" decoding=\"async\" class=\"aligncenter size-full wp-image-73416\" src=\"https:\/\/conversesacatalunya.cat\/wp-content\/uploads\/2023\/12\/TAULA-TV3.jpg\" alt=\"\" width=\"358\" height=\"226\" srcset=\"https:\/\/conversesacatalunya.cat\/wp-content\/uploads\/2023\/12\/TAULA-TV3.jpg 358w, https:\/\/conversesacatalunya.cat\/wp-content\/uploads\/2023\/12\/TAULA-TV3-300x189.jpg 300w\" sizes=\"(max-width: 358px) 100vw, 358px\" \/><\/p>\n<p><span><span class=\"\">Sin embargo, en t\u00e9rminos reales la cifra comparada con las de hace 14 a\u00f1os es muy inferior por la inflaci\u00f3n acumulada. En euros reales la cifra se acercar\u00eda a la de principios de siglo, cuando empez\u00f3 el programa.<\/span><\/span><\/p>\n<p><span><span class=\"\">De esta forma la ruinosa Marat\u00f3 tan s\u00f3lo obtiene 380.000 euros por hora de programaci\u00f3n, a pesar del despliegue llevado a cabo a lo largo de m\u00e1s de 15 horas de emisi\u00f3n y la programaci\u00f3n de \u201cplatos fuertes\u201d como la presencia de El \u00daltimo de la Fila y su disco en catal\u00e1n.<\/span><\/span><\/p>\n<p><span>Cabe recordar que parte de las donaciones proceden de instancias del entorno de la Generalitat y de las empresas privadas que trabajan para TV3.<\/span><\/p>\n<p><span>El programa\u00a0<\/span><strong><span>fuertemente orientado ideol\u00f3gicamente<\/span><\/strong><span>\u00a0por la ideolog\u00eda\u00a0<\/span><em><span>woke<\/span><\/em><span>\u00a0y transg\u00e9nero ha recibido duras cr\u00edticas de uno de los sectores b\u00e1sicos al que te\u00f3ricamente se dirig\u00eda, el feminismo, en este caso el cr\u00edtico con la ideolog\u00eda\u00a0transg\u00e9nero.<\/span><\/p>\n<p><span>La direcci\u00f3n pol\u00edtica del programa era llevada a cabo desde el Departamento de Igualdad y Feminismo, por medio de las redes, hasta el extremo de dejar en un segundo plano al Departamento de Salud, el te\u00f3ricamente receptor del programa.<\/span><\/p>\n<p><span>El programa ha seguido disciplinadamente la teor\u00eda\u00a0<\/span><em><span>queer<\/span><\/em><span>\u00a0refiri\u00e9ndose a las mujeres como \u201c<\/span><strong><span>personas con \u00fatero\u201d o \u201cpersonas menstruantes\u00bb. <\/span><\/strong>Ha promovido el cambio de sexo sin reservas y en ning\u00fan caso a prevenido sobre los efectos en la salud de las hormonaciones e intervenciones quir\u00fargicas, especialmente en adolescentes y j\u00f3venes.<\/p>\n<p><span>De esta forma TV3 contin\u00faa por su sesgo ideol\u00f3gico devor\u00e1ndose a s\u00ed misma y viviendo cada vez m\u00e1s a expensas de las aportaciones de los catalanes, a pesar de s\u00f3lo atender al posicionamiento de una minor\u00eda.<\/span><\/p>\n<p><span>La publicidad s\u00f3lo representa el 14% del gasto total y con tendencia a decrecer, cuando hab\u00eda llegado al\u00a0<\/span><strong><span>20%<\/span><\/strong><span>, por tanto, necesita una cifra creciente de recursos p\u00fablicos. La televisi\u00f3n con el coste m\u00e1s elevado por minuto de emisi\u00f3n, considerando todas las dem\u00e1s cadenas auton\u00f3micas y estatales. Su presupuesto en 2022\u00a0<\/span><strong><span>super\u00f3 ya los 300 millones de euros<\/span><\/strong><span>, pero s\u00f3lo del orden de <\/span><strong><span>45 millones<\/span><\/strong><span>\u00a0proceden de ingresos propios por publicidad. En realidad \u00e9sta ser\u00eda la dimensi\u00f3n de la televisi\u00f3n entregada a su esfuerzo.<\/span><\/p>\n<p><span>Por supuesto es la que tiene m\u00e1s personal, no ya de las auton\u00f3micas sino de algunas de las que emiten por toda Espa\u00f1a, y por si esto no fuera suficiente una gran parte de su producci\u00f3n es ajena y contrata con empresas que suelen ser las mismas en cuanto a su mayor facturaci\u00f3n y que corresponde a exdirectivos de la cadena. De hecho, el listado de millonarios del\u00a0<\/span><a href=\"https:\/\/conversesacatalunya.cat\/es\/en-plena-crisis-estos-son-los-salarios-de-tv3\/\" target=\"_blank\" rel=\"noopener\"><span>negocio televisivo<\/span><\/a><span>\u00a0a partir de exdirectivos y presentadores de TV3 es digna de estudio.<\/span><\/p>\n<p><span><span class=\"VIpgJd-yAWNEb-VIpgJd-fmcmS-sn54Q\">Tiene la incre\u00edble cifra de: 2.356 empleados. Para situar una referencia, Antena 3 se sit\u00faa en torno a los 500. Todo ello escandaloso. A pesar de esta sobre dimensi\u00f3n, una gran parte de la producci\u00f3n es producida por <\/span><\/span><span><span class=\"VIpgJd-yAWNEb-VIpgJd-fmcmS-sn54Q\">empresas externas<\/span><\/span><span><span class=\"VIpgJd-yAWNEb-VIpgJd-fmcmS-sn54Q\">. En concreto las productoras privadas <\/span><\/span><strong><em><span><span class=\"VIpgJd-yAWNEb-VIpgJd-fmcmS-sn54Q\">Minor\u00eda Absoluta<\/span><\/span><\/em><\/strong><span><span class=\"VIpgJd-yAWNEb-VIpgJd-fmcmS-sn54Q\">\u00a0y\u00a0<\/span><\/span><strong><em><span><span class=\"VIpgJd-yAWNEb-VIpgJd-fmcmS-sn54Q\">La<\/span><\/span><\/em><\/strong><strong><em><span><span class=\"VIpgJd-yAWNEb-VIpgJd-fmcmS-sn54Q\"> Manchester<\/span><\/span><\/em><\/strong><span><span class=\"VIpgJd-yAWNEb-VIpgJd-fmcmS-sn54Q\">, de\u00a0<\/span><\/span><strong><span><span class=\"VIpgJd-yAWNEb-VIpgJd-fmcmS-sn54Q\">Toni Soler<\/span><\/span><\/strong><span><span class=\"VIpgJd-yAWNEb-VIpgJd-fmcmS-sn54Q\">\u00a0y<\/span><\/span><strong><span><span class=\"VIpgJd-yAWNEb-VIpgJd-fmcmS-sn54Q\">\u00a0Ricard Ustrell<\/span><\/span><\/strong><span><span class=\"VIpgJd-yAWNEb-VIpgJd-fmcmS-sn54Q\">, contin\u00faan siendo las que m\u00e1s facturan al ente p\u00fablico. Ambas se llevan m\u00e1s de cinco millones de euros,<\/span><\/span><br \/>\n<span><span class=\"VIpgJd-yAWNEb-VIpgJd-fmcmS-sn54Q\">Minor\u00eda Absoluta se sit\u00faa como la productora que m\u00e1s factura a TV3, con 5,3 millones de euros, por Est\u00e0 Passant y Polonia. 130.000 euros m\u00e1s que la temporada anterior, seguida muy de cerca por la de Ricard Ustrell. La Manchester, que ahora lleva <\/span><\/span><strong><span><span class=\"VIpgJd-yAWNEb-VIpgJd-fmcmS-sn54Q\">La Ma\u00f1ana de Catalunya R\u00e0dio<\/span><\/span><\/strong><span><span class=\"VIpgJd-yAWNEb-VIpgJd-fmcmS-sn54Q\">, tambi\u00e9n sube la facturaci\u00f3n hasta los 5,2 millones de euros. Adem\u00e1s de la radio, abastece a TV3 de los espacios\u00a0<\/span><\/span><strong><em><span><span class=\"VIpgJd-yAWNEb-VIpgJd-fmcmS-sn54Q\">Planta Baixa<\/span><\/span><\/em>\u00a0<\/strong><span><span class=\"VIpgJd-yAWNEb-VIpgJd-fmcmS-sn54Q\">i <\/span><strong><em><span class=\"VIpgJd-yAWNEb-VIpgJd-fmcmS-sn54Q\">Col.lapse<\/span><\/em><\/strong><span class=\"VIpgJd-yAWNEb-VIpgJd-fmcmS-sn54Q\">.<\/span><\/span><strong>\u00a0<\/strong><\/p>\n<p><span>La tercera productora que m\u00e1s dinero se lleva es <\/span><strong><span>Abacus<\/span><\/strong><span>, del empresario Oriol Soler, con 3,8 millones de facturaci\u00f3n. La mayor\u00eda se lo lleva programa\u00a0<\/span><strong><em><span>Jo<\/span><\/em><\/strong><strong><em><span> mai, mai,<\/span><\/em><\/strong><span>\u00a0que le cuesta a TV3 2,8 millones de euros. Viene seguida de\u00a0<\/span><strong><span>Brutal\u00a0Media<\/span><\/strong><span>, con\u00a0, con 1,1 millones\u00a0de euros.<\/span><\/p>\n<div id=\"polls-222\" class=\"wp-polls\">\n\t<form id=\"polls_form_222\" class=\"wp-polls-form\" action=\"\/index.php\" method=\"post\">\n\t\t<p style=\"display: none;\"><input type=\"hidden\" id=\"poll_222_nonce\" name=\"wp-polls-nonce\" value=\"4693cad797\" \/><\/p>\n\t\t<p style=\"display: none;\"><input type=\"hidden\" name=\"poll_id\" value=\"222\" \/><\/p>\n\t\t<p style=\"text-align: center\"><strong>T'agrada el pessebre de la pla\u00e7a Sant Jaume?<\/strong><\/p><div id=\"polls-222-ans\" class=\"wp-polls-ans\"><ul class=\"wp-polls-ul\">\n\t\t<li><input type=\"radio\" id=\"poll-answer-617\" name=\"poll_222\" value=\"617\" \/> <label for=\"poll-answer-617\">S\u00ed<\/label><\/li>\n\t\t<li><input type=\"radio\" id=\"poll-answer-618\" name=\"poll_222\" value=\"618\" \/> <label for=\"poll-answer-618\">No<\/label><\/li>\n\t\t<\/ul><p style=\"text-align: center\"><input type=\"button\" name=\"vote\" value=\"   Vota   \" class=\"Buttons\" onclick=\"poll_vote(222);\" \/><\/p><p style=\"text-align: center\"><a href=\"#ViewPollResults\" onclick=\"poll_result(222); return false;\" title=\"View Results Of This Poll\">Mira els resultats<\/a><\/p><\/div>\n\t<\/form>\n<\/div>\n<div id=\"polls-222-loading\" class=\"wp-polls-loading\"><img decoding=\"async\" data-src=\"https:\/\/conversesacatalunya.cat\/wp-content\/plugins\/wp-polls\/images\/loading.gif\" width=\"16\" height=\"16\" alt=\"Cargando ...\" title=\"Cargando ...\" class=\"wp-polls-image lazyload\" src=\"data:image\/svg+xml;base64,PHN2ZyB3aWR0aD0iMSIgaGVpZ2h0PSIxIiB4bWxucz0iaHR0cDovL3d3dy53My5vcmcvMjAwMC9zdmciPjwvc3ZnPg==\" style=\"--smush-placeholder-width: 16px; --smush-placeholder-aspect-ratio: 16\/16;\" \/>&nbsp;Cargando ...<\/div>\n\n","protected":false},"excerpt":{"rendered":"<p>La Marat\u00f3n dedicada a la salud sexual y reproductiva y dotada de un fuerte sesgo ideol\u00f3gico\u00a0ha sido un fracaso rotundo en cuanto a la recaudaci\u00f3n, 5,7 millones de euros. Habr\u00eda que retroceder a 2009 para encontrar una cifra equivalente. DINERO RECAUDADO POR A\u00d1O (millones de euros). Recaudaci\u00f3n Marat\u00f3n TV3 al final del programa Sin embargo, en t\u00e9rminos reales la cifra comparada con las de hace 14 a\u00f1os es muy inferior por la inflaci\u00f3n acumulada. En euros reales la cifra se acercar\u00eda a la de principios de siglo, cuando empez\u00f3 el programa. De esta forma la ruinosa Marat\u00f3 tan s\u00f3lo obtiene 380.000 euros por hora de programaci\u00f3n, a pesar del despliegue llevado a cabo a lo largo de m\u00e1s de 15 horas de emisi\u00f3n y la programaci\u00f3n de \u201cplatos fuertes\u201d como la presencia de El \u00daltimo de la Fila y su disco en catal\u00e1n. Cabe recordar que parte de las donaciones proceden de instancias del entorno de la Generalitat y de las empresas privadas que trabajan para TV3. El programa\u00a0fuertemente orientado ideol\u00f3gicamente\u00a0por la ideolog\u00eda\u00a0woke\u00a0y transg\u00e9nero ha recibido duras cr\u00edticas de uno de los sectores b\u00e1sicos al que te\u00f3ricamente se dirig\u00eda, el feminismo, en este caso el cr\u00edtico con la ideolog\u00eda\u00a0transg\u00e9nero. La direcci\u00f3n pol\u00edtica del programa era llevada a cabo desde el Departamento de Igualdad y Feminismo, por medio de las redes, hasta el extremo de dejar en un segundo plano al Departamento de Salud, el te\u00f3ricamente receptor del programa. El programa ha seguido disciplinadamente la teor\u00eda\u00a0queer\u00a0refiri\u00e9ndose a las mujeres como \u201cpersonas con \u00fatero\u201d o \u201cpersonas menstruantes\u00bb. Ha promovido el cambio de sexo sin reservas y en ning\u00fan caso a prevenido sobre los efectos en la salud de las hormonaciones e intervenciones quir\u00fargicas, especialmente en adolescentes y j\u00f3venes. De esta forma TV3 contin\u00faa por su sesgo ideol\u00f3gico devor\u00e1ndose a s\u00ed misma y viviendo cada vez m\u00e1s a expensas de las aportaciones de los catalanes, a pesar de s\u00f3lo atender al posicionamiento de una minor\u00eda. La publicidad s\u00f3lo representa el 14% del gasto total y con tendencia a decrecer, cuando hab\u00eda llegado al\u00a020%, por tanto, necesita una cifra creciente de recursos p\u00fablicos. La televisi\u00f3n con el coste m\u00e1s elevado por minuto de emisi\u00f3n, considerando todas las dem\u00e1s cadenas auton\u00f3micas y estatales. Su presupuesto en 2022\u00a0super\u00f3 ya los 300 millones de euros, pero s\u00f3lo del orden de 45 millones\u00a0proceden de ingresos propios por publicidad. En realidad \u00e9sta ser\u00eda la dimensi\u00f3n de la televisi\u00f3n entregada a su esfuerzo. Por supuesto es la que tiene m\u00e1s personal, no ya de las auton\u00f3micas sino de algunas de las que emiten por toda Espa\u00f1a, y por si esto no fuera suficiente una gran parte de su producci\u00f3n es ajena y contrata con empresas que suelen ser las mismas en cuanto a su mayor facturaci\u00f3n y que corresponde a exdirectivos de la cadena. De hecho, el listado de millonarios del\u00a0negocio televisivo\u00a0a partir de exdirectivos y presentadores de TV3 es digna de estudio. Tiene la incre\u00edble cifra de: 2.356 empleados. Para situar una referencia, Antena 3 se sit\u00faa en torno a los 500. Todo ello escandaloso. A pesar de esta sobre dimensi\u00f3n, una gran parte de la producci\u00f3n es producida por empresas externas. En concreto las productoras privadas Minor\u00eda Absoluta\u00a0y\u00a0La Manchester, de\u00a0Toni Soler\u00a0y\u00a0Ricard Ustrell, contin\u00faan siendo las que m\u00e1s facturan al ente p\u00fablico. Ambas se llevan m\u00e1s de cinco millones de euros, Minor\u00eda Absoluta se sit\u00faa como la productora que m\u00e1s factura a TV3, con 5,3 millones de euros, por Est\u00e0 Passant y Polonia. 130.000 euros m\u00e1s que la temporada anterior, seguida muy de cerca por la de Ricard Ustrell. La Manchester, que ahora lleva La Ma\u00f1ana de Catalunya R\u00e0dio, tambi\u00e9n sube la facturaci\u00f3n hasta los 5,2 millones de euros. Adem\u00e1s de la radio, abastece a TV3 de los espacios\u00a0Planta Baixa\u00a0i Col.lapse.\u00a0 La tercera productora que m\u00e1s dinero se lleva es Abacus, del empresario Oriol Soler, con 3,8 millones de facturaci\u00f3n. La mayor\u00eda se lo lleva programa\u00a0Jo mai, mai,\u00a0que le cuesta a TV3 2,8 millones de euros. Viene seguida de\u00a0Brutal\u00a0Media, con\u00a0, con 1,1 millones\u00a0de euros.<\/p>\n","protected":false},"author":2,"featured_media":73419,"comment_status":"open","ping_status":"open","sticky":false,"template":"","format":"standard","meta":{"_FSMCFIC_featured_image_caption":"","_FSMCFIC_featured_image_nocaption":"","_FSMCFIC_featured_image_hide":"","footnotes":""},"categories":[806],"tags":[2726],"class_list":["post-73437","post","type-post","status-publish","format-standard","has-post-thumbnail","hentry","category-punts-claus-del-dia-es","tag-tv3-es"],"yoast_head":"<!-- This site is optimized with the Yoast SEO plugin v26.8 - https:\/\/yoast.com\/product\/yoast-seo-wordpress\/ -->\n<title>Se derrumba la Marat\u00f3n de TV3 sobre educaci\u00f3n sexual y reproductiva - Converses a Catalunya<\/title>\n<meta name=\"description\" content=\"TV3 continua pel seu biaix ideol\u00f2gic devorant-se a si mateixa i vivint cada vegada m\u00e9s a expenses de les aportacions dels catalans,\" \/>\n<meta name=\"robots\" content=\"index, follow, max-snippet:-1, max-image-preview:large, max-video-preview:-1\" \/>\n<link rel=\"canonical\" href=\"https:\/\/conversesacatalunya.cat\/es\/se-derrumba-la-maraton-de-tv3-sobre-educacion-sexual-y-reproductiva\/\" \/>\n<meta property=\"og:locale\" content=\"es_ES\" \/>\n<meta property=\"og:type\" content=\"article\" \/>\n<meta property=\"og:title\" content=\"Se derrumba la Marat\u00f3n de TV3 sobre educaci\u00f3n sexual y reproductiva - Converses a Catalunya\" \/>\n<meta property=\"og:description\" content=\"TV3 continua pel seu biaix ideol\u00f2gic devorant-se a si mateixa i vivint cada vegada m\u00e9s a expenses de les aportacions dels catalans,\" \/>\n<meta property=\"og:url\" content=\"https:\/\/conversesacatalunya.cat\/es\/se-derrumba-la-maraton-de-tv3-sobre-educacion-sexual-y-reproductiva\/\" \/>\n<meta property=\"og:site_name\" content=\"Converses a Catalunya\" \/>\n<meta property=\"article:published_time\" content=\"2023-12-19T10:26:15+00:00\" \/>\n<meta property=\"article:modified_time\" content=\"2023-12-19T11:42:30+00:00\" \/>\n<meta property=\"og:image\" content=\"https:\/\/conversesacatalunya.cat\/wp-content\/uploads\/2023\/12\/MARATO.jpg\" \/>\n\t<meta property=\"og:image:width\" content=\"1200\" \/>\n\t<meta property=\"og:image:height\" content=\"676\" \/>\n\t<meta property=\"og:image:type\" content=\"image\/jpeg\" \/>\n<meta name=\"author\" content=\"conversesacatalunya\" \/>\n<meta name=\"twitter:card\" content=\"summary_large_image\" \/>\n<meta name=\"twitter:label1\" content=\"Escrito por\" \/>\n\t<meta name=\"twitter:data1\" content=\"conversesacatalunya\" \/>\n\t<meta name=\"twitter:label2\" content=\"Tiempo de lectura\" \/>\n\t<meta name=\"twitter:data2\" content=\"4 minutos\" \/>\n<script type=\"application\/ld+json\" class=\"yoast-schema-graph\">{\"@context\":\"https:\/\/schema.org\",\"@graph\":[{\"@type\":\"Article\",\"@id\":\"https:\/\/conversesacatalunya.cat\/es\/se-derrumba-la-maraton-de-tv3-sobre-educacion-sexual-y-reproductiva\/#article\",\"isPartOf\":{\"@id\":\"https:\/\/conversesacatalunya.cat\/es\/se-derrumba-la-maraton-de-tv3-sobre-educacion-sexual-y-reproductiva\/\"},\"author\":{\"name\":\"conversesacatalunya\",\"@id\":\"https:\/\/conversesacatalunya.cat\/#\/schema\/person\/7e24d1e54a2785373ddcb275eae5ed99\"},\"headline\":\"Se derrumba la Marat\u00f3n de TV3 sobre educaci\u00f3n sexual y reproductiva\",\"datePublished\":\"2023-12-19T10:26:15+00:00\",\"dateModified\":\"2023-12-19T11:42:30+00:00\",\"mainEntityOfPage\":{\"@id\":\"https:\/\/conversesacatalunya.cat\/es\/se-derrumba-la-maraton-de-tv3-sobre-educacion-sexual-y-reproductiva\/\"},\"wordCount\":766,\"commentCount\":0,\"image\":{\"@id\":\"https:\/\/conversesacatalunya.cat\/es\/se-derrumba-la-maraton-de-tv3-sobre-educacion-sexual-y-reproductiva\/#primaryimage\"},\"thumbnailUrl\":\"https:\/\/conversesacatalunya.cat\/wp-content\/uploads\/2023\/12\/MARATO.jpg\",\"keywords\":[\"TV3\"],\"articleSection\":[\"Punts clau del dia (ES)\"],\"inLanguage\":\"es\",\"potentialAction\":[{\"@type\":\"CommentAction\",\"name\":\"Comment\",\"target\":[\"https:\/\/conversesacatalunya.cat\/es\/se-derrumba-la-maraton-de-tv3-sobre-educacion-sexual-y-reproductiva\/#respond\"]}]},{\"@type\":\"WebPage\",\"@id\":\"https:\/\/conversesacatalunya.cat\/es\/se-derrumba-la-maraton-de-tv3-sobre-educacion-sexual-y-reproductiva\/\",\"url\":\"https:\/\/conversesacatalunya.cat\/es\/se-derrumba-la-maraton-de-tv3-sobre-educacion-sexual-y-reproductiva\/\",\"name\":\"Se derrumba la Marat\u00f3n de TV3 sobre educaci\u00f3n sexual y reproductiva - Converses a Catalunya\",\"isPartOf\":{\"@id\":\"https:\/\/conversesacatalunya.cat\/#website\"},\"primaryImageOfPage\":{\"@id\":\"https:\/\/conversesacatalunya.cat\/es\/se-derrumba-la-maraton-de-tv3-sobre-educacion-sexual-y-reproductiva\/#primaryimage\"},\"image\":{\"@id\":\"https:\/\/conversesacatalunya.cat\/es\/se-derrumba-la-maraton-de-tv3-sobre-educacion-sexual-y-reproductiva\/#primaryimage\"},\"thumbnailUrl\":\"https:\/\/conversesacatalunya.cat\/wp-content\/uploads\/2023\/12\/MARATO.jpg\",\"datePublished\":\"2023-12-19T10:26:15+00:00\",\"dateModified\":\"2023-12-19T11:42:30+00:00\",\"author\":{\"@id\":\"https:\/\/conversesacatalunya.cat\/#\/schema\/person\/7e24d1e54a2785373ddcb275eae5ed99\"},\"description\":\"TV3 continua pel seu biaix ideol\u00f2gic devorant-se a si mateixa i vivint cada vegada m\u00e9s a expenses de les aportacions dels catalans,\",\"breadcrumb\":{\"@id\":\"https:\/\/conversesacatalunya.cat\/es\/se-derrumba-la-maraton-de-tv3-sobre-educacion-sexual-y-reproductiva\/#breadcrumb\"},\"inLanguage\":\"es\",\"potentialAction\":[{\"@type\":\"ReadAction\",\"target\":[\"https:\/\/conversesacatalunya.cat\/es\/se-derrumba-la-maraton-de-tv3-sobre-educacion-sexual-y-reproductiva\/\"]}]},{\"@type\":\"ImageObject\",\"inLanguage\":\"es\",\"@id\":\"https:\/\/conversesacatalunya.cat\/es\/se-derrumba-la-maraton-de-tv3-sobre-educacion-sexual-y-reproductiva\/#primaryimage\",\"url\":\"https:\/\/conversesacatalunya.cat\/wp-content\/uploads\/2023\/12\/MARATO.jpg\",\"contentUrl\":\"https:\/\/conversesacatalunya.cat\/wp-content\/uploads\/2023\/12\/MARATO.jpg\",\"width\":1200,\"height\":676,\"caption\":\"Recaptaci\u00f3 La Marat\u00f3 TV3\"},{\"@type\":\"BreadcrumbList\",\"@id\":\"https:\/\/conversesacatalunya.cat\/es\/se-derrumba-la-maraton-de-tv3-sobre-educacion-sexual-y-reproductiva\/#breadcrumb\",\"itemListElement\":[{\"@type\":\"ListItem\",\"position\":1,\"name\":\"Inici\",\"item\":\"https:\/\/conversesacatalunya.cat\/es\/\"},{\"@type\":\"ListItem\",\"position\":2,\"name\":\"Se derrumba la Marat\u00f3n de TV3 sobre educaci\u00f3n sexual y reproductiva\"}]},{\"@type\":\"WebSite\",\"@id\":\"https:\/\/conversesacatalunya.cat\/#website\",\"url\":\"https:\/\/conversesacatalunya.cat\/\",\"name\":\"Converses a Catalunya\",\"description\":\"\",\"potentialAction\":[{\"@type\":\"SearchAction\",\"target\":{\"@type\":\"EntryPoint\",\"urlTemplate\":\"https:\/\/conversesacatalunya.cat\/?s={search_term_string}\"},\"query-input\":{\"@type\":\"PropertyValueSpecification\",\"valueRequired\":true,\"valueName\":\"search_term_string\"}}],\"inLanguage\":\"es\"},{\"@type\":\"Person\",\"@id\":\"https:\/\/conversesacatalunya.cat\/#\/schema\/person\/7e24d1e54a2785373ddcb275eae5ed99\",\"name\":\"conversesacatalunya\",\"image\":{\"@type\":\"ImageObject\",\"inLanguage\":\"es\",\"@id\":\"https:\/\/conversesacatalunya.cat\/#\/schema\/person\/image\/\",\"url\":\"https:\/\/conversesacatalunya.cat\/wp-content\/litespeed\/avatar\/febdfeeec89d950f01c748045a981dd2.jpg?ver=1777314535\",\"contentUrl\":\"https:\/\/conversesacatalunya.cat\/wp-content\/litespeed\/avatar\/febdfeeec89d950f01c748045a981dd2.jpg?ver=1777314535\",\"caption\":\"conversesacatalunya\"},\"url\":\"https:\/\/conversesacatalunya.cat\/es\/author\/carme_catala\/\"}]}<\/script>\n<!-- \/ Yoast SEO plugin. -->","yoast_head_json":{"title":"Se derrumba la Marat\u00f3n de TV3 sobre educaci\u00f3n sexual y reproductiva - Converses a Catalunya","description":"TV3 continua pel seu biaix ideol\u00f2gic devorant-se a si mateixa i vivint cada vegada m\u00e9s a expenses de les aportacions dels catalans,","robots":{"index":"index","follow":"follow","max-snippet":"max-snippet:-1","max-image-preview":"max-image-preview:large","max-video-preview":"max-video-preview:-1"},"canonical":"https:\/\/conversesacatalunya.cat\/es\/se-derrumba-la-maraton-de-tv3-sobre-educacion-sexual-y-reproductiva\/","og_locale":"es_ES","og_type":"article","og_title":"Se derrumba la Marat\u00f3n de TV3 sobre educaci\u00f3n sexual y reproductiva - Converses a Catalunya","og_description":"TV3 continua pel seu biaix ideol\u00f2gic devorant-se a si mateixa i vivint cada vegada m\u00e9s a expenses de les aportacions dels catalans,","og_url":"https:\/\/conversesacatalunya.cat\/es\/se-derrumba-la-maraton-de-tv3-sobre-educacion-sexual-y-reproductiva\/","og_site_name":"Converses a Catalunya","article_published_time":"2023-12-19T10:26:15+00:00","article_modified_time":"2023-12-19T11:42:30+00:00","og_image":[{"width":1200,"height":676,"url":"https:\/\/conversesacatalunya.cat\/wp-content\/uploads\/2023\/12\/MARATO.jpg","type":"image\/jpeg"}],"author":"conversesacatalunya","twitter_card":"summary_large_image","twitter_misc":{"Escrito por":"conversesacatalunya","Tiempo de lectura":"4 minutos"},"schema":{"@context":"https:\/\/schema.org","@graph":[{"@type":"Article","@id":"https:\/\/conversesacatalunya.cat\/es\/se-derrumba-la-maraton-de-tv3-sobre-educacion-sexual-y-reproductiva\/#article","isPartOf":{"@id":"https:\/\/conversesacatalunya.cat\/es\/se-derrumba-la-maraton-de-tv3-sobre-educacion-sexual-y-reproductiva\/"},"author":{"name":"conversesacatalunya","@id":"https:\/\/conversesacatalunya.cat\/#\/schema\/person\/7e24d1e54a2785373ddcb275eae5ed99"},"headline":"Se derrumba la Marat\u00f3n de TV3 sobre educaci\u00f3n sexual y reproductiva","datePublished":"2023-12-19T10:26:15+00:00","dateModified":"2023-12-19T11:42:30+00:00","mainEntityOfPage":{"@id":"https:\/\/conversesacatalunya.cat\/es\/se-derrumba-la-maraton-de-tv3-sobre-educacion-sexual-y-reproductiva\/"},"wordCount":766,"commentCount":0,"image":{"@id":"https:\/\/conversesacatalunya.cat\/es\/se-derrumba-la-maraton-de-tv3-sobre-educacion-sexual-y-reproductiva\/#primaryimage"},"thumbnailUrl":"https:\/\/conversesacatalunya.cat\/wp-content\/uploads\/2023\/12\/MARATO.jpg","keywords":["TV3"],"articleSection":["Punts clau del dia (ES)"],"inLanguage":"es","potentialAction":[{"@type":"CommentAction","name":"Comment","target":["https:\/\/conversesacatalunya.cat\/es\/se-derrumba-la-maraton-de-tv3-sobre-educacion-sexual-y-reproductiva\/#respond"]}]},{"@type":"WebPage","@id":"https:\/\/conversesacatalunya.cat\/es\/se-derrumba-la-maraton-de-tv3-sobre-educacion-sexual-y-reproductiva\/","url":"https:\/\/conversesacatalunya.cat\/es\/se-derrumba-la-maraton-de-tv3-sobre-educacion-sexual-y-reproductiva\/","name":"Se derrumba la Marat\u00f3n de TV3 sobre educaci\u00f3n sexual y reproductiva - Converses a Catalunya","isPartOf":{"@id":"https:\/\/conversesacatalunya.cat\/#website"},"primaryImageOfPage":{"@id":"https:\/\/conversesacatalunya.cat\/es\/se-derrumba-la-maraton-de-tv3-sobre-educacion-sexual-y-reproductiva\/#primaryimage"},"image":{"@id":"https:\/\/conversesacatalunya.cat\/es\/se-derrumba-la-maraton-de-tv3-sobre-educacion-sexual-y-reproductiva\/#primaryimage"},"thumbnailUrl":"https:\/\/conversesacatalunya.cat\/wp-content\/uploads\/2023\/12\/MARATO.jpg","datePublished":"2023-12-19T10:26:15+00:00","dateModified":"2023-12-19T11:42:30+00:00","author":{"@id":"https:\/\/conversesacatalunya.cat\/#\/schema\/person\/7e24d1e54a2785373ddcb275eae5ed99"},"description":"TV3 continua pel seu biaix ideol\u00f2gic devorant-se a si mateixa i vivint cada vegada m\u00e9s a expenses de les aportacions dels catalans,","breadcrumb":{"@id":"https:\/\/conversesacatalunya.cat\/es\/se-derrumba-la-maraton-de-tv3-sobre-educacion-sexual-y-reproductiva\/#breadcrumb"},"inLanguage":"es","potentialAction":[{"@type":"ReadAction","target":["https:\/\/conversesacatalunya.cat\/es\/se-derrumba-la-maraton-de-tv3-sobre-educacion-sexual-y-reproductiva\/"]}]},{"@type":"ImageObject","inLanguage":"es","@id":"https:\/\/conversesacatalunya.cat\/es\/se-derrumba-la-maraton-de-tv3-sobre-educacion-sexual-y-reproductiva\/#primaryimage","url":"https:\/\/conversesacatalunya.cat\/wp-content\/uploads\/2023\/12\/MARATO.jpg","contentUrl":"https:\/\/conversesacatalunya.cat\/wp-content\/uploads\/2023\/12\/MARATO.jpg","width":1200,"height":676,"caption":"Recaptaci\u00f3 La Marat\u00f3 TV3"},{"@type":"BreadcrumbList","@id":"https:\/\/conversesacatalunya.cat\/es\/se-derrumba-la-maraton-de-tv3-sobre-educacion-sexual-y-reproductiva\/#breadcrumb","itemListElement":[{"@type":"ListItem","position":1,"name":"Inici","item":"https:\/\/conversesacatalunya.cat\/es\/"},{"@type":"ListItem","position":2,"name":"Se derrumba la Marat\u00f3n de TV3 sobre educaci\u00f3n sexual y reproductiva"}]},{"@type":"WebSite","@id":"https:\/\/conversesacatalunya.cat\/#website","url":"https:\/\/conversesacatalunya.cat\/","name":"Converses a Catalunya","description":"","potentialAction":[{"@type":"SearchAction","target":{"@type":"EntryPoint","urlTemplate":"https:\/\/conversesacatalunya.cat\/?s={search_term_string}"},"query-input":{"@type":"PropertyValueSpecification","valueRequired":true,"valueName":"search_term_string"}}],"inLanguage":"es"},{"@type":"Person","@id":"https:\/\/conversesacatalunya.cat\/#\/schema\/person\/7e24d1e54a2785373ddcb275eae5ed99","name":"conversesacatalunya","image":{"@type":"ImageObject","inLanguage":"es","@id":"https:\/\/conversesacatalunya.cat\/#\/schema\/person\/image\/","url":"https:\/\/conversesacatalunya.cat\/wp-content\/litespeed\/avatar\/febdfeeec89d950f01c748045a981dd2.jpg?ver=1777314535","contentUrl":"https:\/\/conversesacatalunya.cat\/wp-content\/litespeed\/avatar\/febdfeeec89d950f01c748045a981dd2.jpg?ver=1777314535","caption":"conversesacatalunya"},"url":"https:\/\/conversesacatalunya.cat\/es\/author\/carme_catala\/"}]}},"wps_subtitle":"TV3 contin\u00faa por su sesgo ideol\u00f3gico devor\u00e1ndose a s\u00ed misma y viviendo cada vez m\u00e1s a expensas de las aportaciones de los catalanes","_links":{"self":[{"href":"https:\/\/conversesacatalunya.cat\/es\/wp-json\/wp\/v2\/posts\/73437","targetHints":{"allow":["GET"]}}],"collection":[{"href":"https:\/\/conversesacatalunya.cat\/es\/wp-json\/wp\/v2\/posts"}],"about":[{"href":"https:\/\/conversesacatalunya.cat\/es\/wp-json\/wp\/v2\/types\/post"}],"author":[{"embeddable":true,"href":"https:\/\/conversesacatalunya.cat\/es\/wp-json\/wp\/v2\/users\/2"}],"replies":[{"embeddable":true,"href":"https:\/\/conversesacatalunya.cat\/es\/wp-json\/wp\/v2\/comments?post=73437"}],"version-history":[{"count":2,"href":"https:\/\/conversesacatalunya.cat\/es\/wp-json\/wp\/v2\/posts\/73437\/revisions"}],"predecessor-version":[{"id":73439,"href":"https:\/\/conversesacatalunya.cat\/es\/wp-json\/wp\/v2\/posts\/73437\/revisions\/73439"}],"wp:featuredmedia":[{"embeddable":true,"href":"https:\/\/conversesacatalunya.cat\/es\/wp-json\/wp\/v2\/media\/73419"}],"wp:attachment":[{"href":"https:\/\/conversesacatalunya.cat\/es\/wp-json\/wp\/v2\/media?parent=73437"}],"wp:term":[{"taxonomy":"category","embeddable":true,"href":"https:\/\/conversesacatalunya.cat\/es\/wp-json\/wp\/v2\/categories?post=73437"},{"taxonomy":"post_tag","embeddable":true,"href":"https:\/\/conversesacatalunya.cat\/es\/wp-json\/wp\/v2\/tags?post=73437"}],"curies":[{"name":"wp","href":"https:\/\/api.w.org\/{rel}","templated":true}]}}