{"id":73232,"date":"2023-12-12T10:17:27","date_gmt":"2023-12-12T09:17:27","guid":{"rendered":"https:\/\/conversesacatalunya.cat\/la-solucio-de-la-nostra-crisi-escolar-es-diu-ensenyament-concertat\/"},"modified":"2023-12-12T12:44:53","modified_gmt":"2023-12-12T11:44:53","slug":"la-solucion-de-nuestra-crisis-escolar-se-llama-ensenanza-concertada","status":"publish","type":"post","link":"https:\/\/conversesacatalunya.cat\/es\/la-solucion-de-nuestra-crisis-escolar-se-llama-ensenanza-concertada\/","title":{"rendered":"No le demos m\u00e1s vueltas, la soluci\u00f3n a nuestra crisis escolar se llama ense\u00f1anza concertada"},"content":{"rendered":"<p><span>Y el t\u00edtulo no es una exageraci\u00f3n, sino la constataci\u00f3n de la evidencia.\u00a0El estruendo que ha generado el\u00a0<\/span><strong><span>resultado PISA<\/span><\/strong><span>\u00a0en Catalu\u00f1a ha dado lugar a un alud de m\u00faltiples explicaciones.\u00a0Pero s\u00f3lo nos sirven las que sean espec\u00edficas del caso catal\u00e1n.\u00a0Porque, por ejemplo, el desbarajuste de las leyes educativas que ha dado lugar a 8 leyes desde el restablecimiento de la democracia, lo que significa una nueva ley cada 5 a\u00f1os, nos explica muy poco del caso de Catalu\u00f1a, ya que afecta a todas las autonom\u00edas y en todo caso la cuesti\u00f3n ser\u00eda examinar c\u00f3mo se han aplicado los cambios en cada una.<\/span><\/p>\n<p><span>La gran culpable de la ca\u00edda, la Covid, se ha sufrido por todas partes y este hecho no impide que\u00a0<\/span><strong><span>entre Catalu\u00f1a y Castilla y Le\u00f3n haya pr\u00e1cticamente un curso de diferencia<\/span><\/strong><span>, aproximadamente 40 puntos (en otras valoraciones un curso se estima en 20 puntos). Las causas generales no sirven demasiado para explicar el desastre catal\u00e1n, al menos es necesario bajar al detalle y determinar las posibles diferencias.\u00a0Sin embargo, s\u00ed hay un factor que deber\u00eda mover a la reflexi\u00f3n.\u00a0Se trata de las brutales\u00a0<\/span><strong><span>diferencias entre la escuela concertada y la p\u00fablica.<\/span><\/strong><\/p>\n<h3><span>Rendimiento de la escuela concertada<\/span><\/h3>\n<p><span>El\u00a0<\/span><strong><span>rendimiento de la escuela concertada<\/span><\/strong><span>\u00a0es mejor en toda Espa\u00f1a, pero si fijamos el foco en Catalu\u00f1a, constataremos que esta diferencia es a\u00fan mayor.\u00a0En\u00a0<\/span><strong><span>comprensi\u00f3n lectora<\/span><\/strong><span>, la distancia en Espa\u00f1a entre concertada y p\u00fablica es de 21 puntos. Es mucho porque equivale a m\u00e1s de medio a\u00f1o de escolarizaci\u00f3n, pero en Catalu\u00f1a es de 36 puntos, mucho m\u00e1s, por lo que el resultado de la concertada en Catalu\u00f1a es pr\u00e1cticamente el mismo que obtiene Castilla y Le\u00f3n, que se sit\u00faa a la cabeza en todo y supera sin problemas la media de la UE y de la OCDE, con 498 puntos por 487 de la concertada catalana y 451 de la p\u00fablica. De modo que la p\u00fablica catalana se situar\u00eda en el \u00faltimo lugar de las comunidades aut\u00f3nomas por detr\u00e1s de Canarias.<\/span><\/p>\n<p><span>En\u00a0<\/span><strong><span>matem\u00e1ticas<\/span><\/strong><span>, la diferencia a escala de todo el estado entre concertada y p\u00fablica, es de 15 puntos, es decir, casi medio a\u00f1o de escolarizaci\u00f3n de diferencia.\u00a0Pero es que en Catalunya es de casi 40 puntos, los que van de 495 hasta los 458. Por tanto, no s\u00f3lo hay un mundo de diferencia entre concertada y p\u00fablica en nuestro pa\u00eds, sino que adem\u00e1s \u00e9sta es mucho mayor que para el conjunto de Espa\u00f1a. Tambi\u00e9n en este caso la concertada catalana lograr\u00eda casi los mismos resultados que Castilla y Le\u00f3n en este \u00e1mbito de las matem\u00e1ticas, obteniendo 499 puntos.<\/span><\/p>\n<p><span>En\u00a0<\/span><strong><span>ciencias<\/span><\/strong><span>, la diferencia entre ambos tipos de ense\u00f1anza es favorable a la concertada por 16 puntos, pero en el caso catal\u00e1n la distancia es otra vez tan grande que casi llega a 40 puntos, los que van de los 503 de la concertada a los 466 de la p\u00fablica, que tambi\u00e9n sit\u00faan a Catalunya en el \u00faltimo puesto del ranking de las comunidades aut\u00f3nomas.<\/span><\/p>\n<p><span>La\u00a0<\/span><strong><span>primera conclusi\u00f3n<\/span><\/strong><span>\u00a0es del todo evidente: si el sistema escolar catal\u00e1n lograra los resultados que logra la concertada catalana, nuestro pa\u00eds estar\u00eda al frente de la clasificaci\u00f3n y superar\u00eda los resultados medios que se dan en la UE y en la OCDE.<\/span><\/p>\n<p><span>Tambi\u00e9n tendr\u00edamos a muchos m\u00e1s alumnos en los niveles m\u00e1ximos o de alto rendimiento del PISA, el nivel 5 o superior, significativamente menos alumnos en el nivel 1 o inferior, y esto en todos los \u00e1mbitos, comprensi\u00f3n lectora, matem\u00e1ticas y ciencias.\u00a0Este hecho se da adem\u00e1s con un factor que a\u00fan hace m\u00e1s interesante la comparaci\u00f3n y el an\u00e1lisis a fondo, porque la\u00a0<\/span><strong><span>financiaci\u00f3n de la escuela p\u00fablica es mucho mayor que la de la concertada<\/span><\/strong><span>: mientras que en primaria la p\u00fablica recibe casi 3.000 euros por plaza escolar, la concertada no alcanza 2.500 euros.\u00a0Pero es que en ESO, cuando se realizan las pruebas PISA, la diferencia es a\u00fan mayor.\u00a0Una plaza escolar en la p\u00fablica tiene un coste de 4.400 euros, mientras que en la concertada queda limitado a 2.955 euros.<\/span><\/p>\n<p><span>Los profesores en la concertada, adem\u00e1s, cobran menos y trabajan m\u00e1s porque hay la sexta hora.\u00a0El n\u00famero de alumnos por profesor, el factor aula, es en la mayor\u00eda de los casos peor en el caso de la concertada que en la p\u00fablica.\u00a0Se puede creer, y existe una parte de raz\u00f3n, que la poblaci\u00f3n de renta de niveles medios y altos llevan a sus hijos a este tipo de escuela y esto facilita el buen resultado escolar.\u00a0Sin embargo, ver la concertada desde esta perspectiva es olvidar que en Catalu\u00f1a representa el 34% de los centros (1.171), y obviamente estos centros no los llenan s\u00f3lo las clases acomodadas, sino que hay mucha concertada a la que acude poblaci\u00f3n con pocos recursos y que est\u00e1n ubicadas en zonas socialmente de ingresos bajos.<\/span><\/p>\n<p><span>Posiblemente, si estudi\u00e1ramos la concertada internamente encontrar\u00edamos diferencias entre unos y otros centros, pero lo que cuenta es que el valor conjunto est\u00e1 tan distanciado de la p\u00fablica que nos dice que hay un factor educativo que en la p\u00fablica no debe jugar de una modo determinante.\u00a0M\u00e1s si tenemos en cuenta lo que ha sido apuntado antes sobre\u00a0<\/span><strong><span>salarios de los profesores, alumnos por aula y dinero por plaza escolar<\/span><\/strong><span>.<\/span><\/p>\n<p><span><span class=\"VIpgJd-yAWNEb-VIpgJd-fmcmS-sn54Q\">La respuesta de la concertada debe formar parte de la soluci\u00f3n del problema catal\u00e1n porque alcanza unos extraordinarios resultados, aunque adem\u00e1s pol\u00edticamente est\u00e1 mal vista por quienes gobiernan Catalunya, hasta el extremo de negar el concierto a las escuelas que hacen educaci\u00f3n diferenciada, aunque los resultados obtenidos por chicos y chicos son extraordinariamente mejores que losde la ense\u00f1anza p\u00fablica. <\/span>De hecho, muchas de las razones que favorecen su proceso educador deben buscarse en los factores que apunt\u00e1bamos en un\u00a0<\/span><a href=\"https:\/\/conversesacatalunya.cat\/es\/los-datos-pisa-confirman-el-declive-catalan\/\" target=\"_blank\" rel=\"noopener\"><span>anterior art\u00edculo.<\/span><\/a><\/p>\n<p><span>Si queremos caminar por la s\u00f3lida v\u00eda de la excelencia, es evidente que identificar lo que marca la diferencia en Catalu\u00f1a entre concertada y p\u00fablica, forma parte de la respuesta.<\/span><\/p>\n<div id=\"polls-221\" class=\"wp-polls\">\n\t<form id=\"polls_form_221\" class=\"wp-polls-form\" action=\"\/index.php\" method=\"post\">\n\t\t<p style=\"display: none;\"><input type=\"hidden\" id=\"poll_221_nonce\" name=\"wp-polls-nonce\" value=\"6af4e9673a\" \/><\/p>\n\t\t<p style=\"display: none;\"><input type=\"hidden\" name=\"poll_id\" value=\"221\" \/><\/p>\n\t\t<p style=\"text-align: center\"><strong>Creus que el Bar\u00e7a pot quedar entre els tres primers equips de la lliga?<\/strong><\/p><div id=\"polls-221-ans\" class=\"wp-polls-ans\"><ul class=\"wp-polls-ul\">\n\t\t<li><input type=\"radio\" id=\"poll-answer-614\" name=\"poll_221\" value=\"614\" \/> <label for=\"poll-answer-614\">S\u00ed<\/label><\/li>\n\t\t<li><input type=\"radio\" id=\"poll-answer-615\" name=\"poll_221\" value=\"615\" \/> <label for=\"poll-answer-615\">No<\/label><\/li>\n\t\t<li><input type=\"radio\" id=\"poll-answer-616\" name=\"poll_221\" value=\"616\" \/> <label for=\"poll-answer-616\">No ho s\u00e9<\/label><\/li>\n\t\t<\/ul><p style=\"text-align: center\"><input type=\"button\" name=\"vote\" value=\"   Vota   \" class=\"Buttons\" onclick=\"poll_vote(221);\" \/><\/p><p style=\"text-align: center\"><a href=\"#ViewPollResults\" onclick=\"poll_result(221); return false;\" title=\"View Results Of This Poll\">Mira els resultats<\/a><\/p><\/div>\n\t<\/form>\n<\/div>\n<div id=\"polls-221-loading\" class=\"wp-polls-loading\"><img decoding=\"async\" data-src=\"https:\/\/conversesacatalunya.cat\/wp-content\/plugins\/wp-polls\/images\/loading.gif\" width=\"16\" height=\"16\" alt=\"Cargando ...\" title=\"Cargando ...\" class=\"wp-polls-image lazyload\" src=\"data:image\/svg+xml;base64,PHN2ZyB3aWR0aD0iMSIgaGVpZ2h0PSIxIiB4bWxucz0iaHR0cDovL3d3dy53My5vcmcvMjAwMC9zdmciPjwvc3ZnPg==\" style=\"--smush-placeholder-width: 16px; --smush-placeholder-aspect-ratio: 16\/16;\" \/>&nbsp;Cargando ...<\/div>\n\n","protected":false},"excerpt":{"rendered":"<p>Y el t\u00edtulo no es una exageraci\u00f3n, sino la constataci\u00f3n de la evidencia.\u00a0El estruendo que ha generado el\u00a0resultado PISA\u00a0en Catalu\u00f1a ha dado lugar a un alud de m\u00faltiples explicaciones.\u00a0Pero s\u00f3lo nos sirven las que sean espec\u00edficas del caso catal\u00e1n.\u00a0Porque, por ejemplo, el desbarajuste de las leyes educativas que ha dado lugar a 8 leyes desde el restablecimiento de la democracia, lo que significa una nueva ley cada 5 a\u00f1os, nos explica muy poco del caso de Catalu\u00f1a, ya que afecta a todas las autonom\u00edas y en todo caso la cuesti\u00f3n ser\u00eda examinar c\u00f3mo se han aplicado los cambios en cada una. La gran culpable de la ca\u00edda, la Covid, se ha sufrido por todas partes y este hecho no impide que\u00a0entre Catalu\u00f1a y Castilla y Le\u00f3n haya pr\u00e1cticamente un curso de diferencia, aproximadamente 40 puntos (en otras valoraciones un curso se estima en 20 puntos). Las causas generales no sirven demasiado para explicar el desastre catal\u00e1n, al menos es necesario bajar al detalle y determinar las posibles diferencias.\u00a0Sin embargo, s\u00ed hay un factor que deber\u00eda mover a la reflexi\u00f3n.\u00a0Se trata de las brutales\u00a0diferencias entre la escuela concertada y la p\u00fablica. Rendimiento de la escuela concertada El\u00a0rendimiento de la escuela concertada\u00a0es mejor en toda Espa\u00f1a, pero si fijamos el foco en Catalu\u00f1a, constataremos que esta diferencia es a\u00fan mayor.\u00a0En\u00a0comprensi\u00f3n lectora, la distancia en Espa\u00f1a entre concertada y p\u00fablica es de 21 puntos. Es mucho porque equivale a m\u00e1s de medio a\u00f1o de escolarizaci\u00f3n, pero en Catalu\u00f1a es de 36 puntos, mucho m\u00e1s, por lo que el resultado de la concertada en Catalu\u00f1a es pr\u00e1cticamente el mismo que obtiene Castilla y Le\u00f3n, que se sit\u00faa a la cabeza en todo y supera sin problemas la media de la UE y de la OCDE, con 498 puntos por 487 de la concertada catalana y 451 de la p\u00fablica. De modo que la p\u00fablica catalana se situar\u00eda en el \u00faltimo lugar de las comunidades aut\u00f3nomas por detr\u00e1s de Canarias. En\u00a0matem\u00e1ticas, la diferencia a escala de todo el estado entre concertada y p\u00fablica, es de 15 puntos, es decir, casi medio a\u00f1o de escolarizaci\u00f3n de diferencia.\u00a0Pero es que en Catalunya es de casi 40 puntos, los que van de 495 hasta los 458. Por tanto, no s\u00f3lo hay un mundo de diferencia entre concertada y p\u00fablica en nuestro pa\u00eds, sino que adem\u00e1s \u00e9sta es mucho mayor que para el conjunto de Espa\u00f1a. Tambi\u00e9n en este caso la concertada catalana lograr\u00eda casi los mismos resultados que Castilla y Le\u00f3n en este \u00e1mbito de las matem\u00e1ticas, obteniendo 499 puntos. En\u00a0ciencias, la diferencia entre ambos tipos de ense\u00f1anza es favorable a la concertada por 16 puntos, pero en el caso catal\u00e1n la distancia es otra vez tan grande que casi llega a 40 puntos, los que van de los 503 de la concertada a los 466 de la p\u00fablica, que tambi\u00e9n sit\u00faan a Catalunya en el \u00faltimo puesto del ranking de las comunidades aut\u00f3nomas. La\u00a0primera conclusi\u00f3n\u00a0es del todo evidente: si el sistema escolar catal\u00e1n lograra los resultados que logra la concertada catalana, nuestro pa\u00eds estar\u00eda al frente de la clasificaci\u00f3n y superar\u00eda los resultados medios que se dan en la UE y en la OCDE. Tambi\u00e9n tendr\u00edamos a muchos m\u00e1s alumnos en los niveles m\u00e1ximos o de alto rendimiento del PISA, el nivel 5 o superior, significativamente menos alumnos en el nivel 1 o inferior, y esto en todos los \u00e1mbitos, comprensi\u00f3n lectora, matem\u00e1ticas y ciencias.\u00a0Este hecho se da adem\u00e1s con un factor que a\u00fan hace m\u00e1s interesante la comparaci\u00f3n y el an\u00e1lisis a fondo, porque la\u00a0financiaci\u00f3n de la escuela p\u00fablica es mucho mayor que la de la concertada: mientras que en primaria la p\u00fablica recibe casi 3.000 euros por plaza escolar, la concertada no alcanza 2.500 euros.\u00a0Pero es que en ESO, cuando se realizan las pruebas PISA, la diferencia es a\u00fan mayor.\u00a0Una plaza escolar en la p\u00fablica tiene un coste de 4.400 euros, mientras que en la concertada queda limitado a 2.955 euros. Los profesores en la concertada, adem\u00e1s, cobran menos y trabajan m\u00e1s porque hay la sexta hora.\u00a0El n\u00famero de alumnos por profesor, el factor aula, es en la mayor\u00eda de los casos peor en el caso de la concertada que en la p\u00fablica.\u00a0Se puede creer, y existe una parte de raz\u00f3n, que la poblaci\u00f3n de renta de niveles medios y altos llevan a sus hijos a este tipo de escuela y esto facilita el buen resultado escolar.\u00a0Sin embargo, ver la concertada desde esta perspectiva es olvidar que en Catalu\u00f1a representa el 34% de los centros (1.171), y obviamente estos centros no los llenan s\u00f3lo las clases acomodadas, sino que hay mucha concertada a la que acude poblaci\u00f3n con pocos recursos y que est\u00e1n ubicadas en zonas socialmente de ingresos bajos. Posiblemente, si estudi\u00e1ramos la concertada internamente encontrar\u00edamos diferencias entre unos y otros centros, pero lo que cuenta es que el valor conjunto est\u00e1 tan distanciado de la p\u00fablica que nos dice que hay un factor educativo que en la p\u00fablica no debe jugar de una modo determinante.\u00a0M\u00e1s si tenemos en cuenta lo que ha sido apuntado antes sobre\u00a0salarios de los profesores, alumnos por aula y dinero por plaza escolar. La respuesta de la concertada debe formar parte de la soluci\u00f3n del problema catal\u00e1n porque alcanza unos extraordinarios resultados, aunque adem\u00e1s pol\u00edticamente est\u00e1 mal vista por quienes gobiernan Catalunya, hasta el extremo de negar el concierto a las escuelas que hacen educaci\u00f3n diferenciada, aunque los resultados obtenidos por chicos y chicos son extraordinariamente mejores que losde la ense\u00f1anza p\u00fablica. De hecho, muchas de las razones que favorecen su proceso educador deben buscarse en los factores que apunt\u00e1bamos en un\u00a0anterior art\u00edculo. Si queremos caminar por la s\u00f3lida v\u00eda de la excelencia, es evidente que identificar lo que marca la diferencia en Catalu\u00f1a entre concertada y p\u00fablica, forma parte de la respuesta.<\/p>\n","protected":false},"author":78,"featured_media":73218,"comment_status":"open","ping_status":"open","sticky":false,"template":"","format":"standard","meta":{"_FSMCFIC_featured_image_caption":"","_FSMCFIC_featured_image_nocaption":"","_FSMCFIC_featured_image_hide":"","footnotes":""},"categories":[806],"tags":[925,928,1136],"class_list":["post-73232","post","type-post","status-publish","format-standard","has-post-thumbnail","hentry","category-punts-claus-del-dia-es","tag-educacio-es","tag-educacion","tag-ensenyament-es"],"yoast_head":"<!-- This site is optimized with the Yoast SEO plugin v26.8 - https:\/\/yoast.com\/product\/yoast-seo-wordpress\/ -->\n<title>No le demos m\u00e1s vueltas, la soluci\u00f3n a nuestra crisis escolar se llama ense\u00f1anza concertada - Converses a Catalunya<\/title>\n<meta name=\"description\" content=\"Si el sistema escolar catal\u00e1n lograra los resultados que consigue la concertada catalana, nuestro pa\u00eds estar\u00eda al frente de la clasificaci\u00f3n\" \/>\n<meta name=\"robots\" content=\"index, follow, max-snippet:-1, max-image-preview:large, max-video-preview:-1\" \/>\n<link rel=\"canonical\" href=\"https:\/\/conversesacatalunya.cat\/es\/la-solucion-de-nuestra-crisis-escolar-se-llama-ensenanza-concertada\/\" \/>\n<meta property=\"og:locale\" content=\"es_ES\" \/>\n<meta property=\"og:type\" content=\"article\" \/>\n<meta property=\"og:title\" content=\"No le demos m\u00e1s vueltas, la soluci\u00f3n a nuestra crisis escolar se llama ense\u00f1anza concertada - Converses a Catalunya\" \/>\n<meta property=\"og:description\" content=\"Si el sistema escolar catal\u00e1n lograra los resultados que consigue la concertada catalana, nuestro pa\u00eds estar\u00eda al frente de la clasificaci\u00f3n\" \/>\n<meta property=\"og:url\" content=\"https:\/\/conversesacatalunya.cat\/es\/la-solucion-de-nuestra-crisis-escolar-se-llama-ensenanza-concertada\/\" \/>\n<meta property=\"og:site_name\" content=\"Converses a Catalunya\" \/>\n<meta property=\"article:published_time\" content=\"2023-12-12T09:17:27+00:00\" \/>\n<meta property=\"article:modified_time\" content=\"2023-12-12T11:44:53+00:00\" \/>\n<meta property=\"og:image\" content=\"https:\/\/conversesacatalunya.cat\/wp-content\/uploads\/2023\/12\/publica-i-privada.jpg\" \/>\n\t<meta property=\"og:image:width\" content=\"668\" \/>\n\t<meta property=\"og:image:height\" content=\"400\" \/>\n\t<meta property=\"og:image:type\" content=\"image\/jpeg\" \/>\n<meta name=\"author\" content=\"Joan Masip\" \/>\n<meta name=\"twitter:card\" content=\"summary_large_image\" \/>\n<meta name=\"twitter:label1\" content=\"Escrito por\" \/>\n\t<meta name=\"twitter:data1\" content=\"Joan Masip\" \/>\n\t<meta name=\"twitter:label2\" content=\"Tiempo de lectura\" \/>\n\t<meta name=\"twitter:data2\" content=\"5 minutos\" \/>\n<script type=\"application\/ld+json\" class=\"yoast-schema-graph\">{\"@context\":\"https:\/\/schema.org\",\"@graph\":[{\"@type\":\"Article\",\"@id\":\"https:\/\/conversesacatalunya.cat\/es\/la-solucion-de-nuestra-crisis-escolar-se-llama-ensenanza-concertada\/#article\",\"isPartOf\":{\"@id\":\"https:\/\/conversesacatalunya.cat\/es\/la-solucion-de-nuestra-crisis-escolar-se-llama-ensenanza-concertada\/\"},\"author\":{\"name\":\"Joan Masip\",\"@id\":\"https:\/\/conversesacatalunya.cat\/#\/schema\/person\/311d0bf53def217d5124c78a7bc42275\"},\"headline\":\"No le demos m\u00e1s vueltas, la soluci\u00f3n a nuestra crisis escolar se llama ense\u00f1anza concertada\",\"datePublished\":\"2023-12-12T09:17:27+00:00\",\"dateModified\":\"2023-12-12T11:44:53+00:00\",\"mainEntityOfPage\":{\"@id\":\"https:\/\/conversesacatalunya.cat\/es\/la-solucion-de-nuestra-crisis-escolar-se-llama-ensenanza-concertada\/\"},\"wordCount\":1098,\"commentCount\":0,\"image\":{\"@id\":\"https:\/\/conversesacatalunya.cat\/es\/la-solucion-de-nuestra-crisis-escolar-se-llama-ensenanza-concertada\/#primaryimage\"},\"thumbnailUrl\":\"https:\/\/conversesacatalunya.cat\/wp-content\/uploads\/2023\/12\/publica-i-privada.jpg\",\"keywords\":[\"Educaci\u00f3\",\"Educaci\u00f3n\",\"Ensenyament\"],\"articleSection\":[\"Punts clau del dia (ES)\"],\"inLanguage\":\"es\",\"potentialAction\":[{\"@type\":\"CommentAction\",\"name\":\"Comment\",\"target\":[\"https:\/\/conversesacatalunya.cat\/es\/la-solucion-de-nuestra-crisis-escolar-se-llama-ensenanza-concertada\/#respond\"]}]},{\"@type\":\"WebPage\",\"@id\":\"https:\/\/conversesacatalunya.cat\/es\/la-solucion-de-nuestra-crisis-escolar-se-llama-ensenanza-concertada\/\",\"url\":\"https:\/\/conversesacatalunya.cat\/es\/la-solucion-de-nuestra-crisis-escolar-se-llama-ensenanza-concertada\/\",\"name\":\"No le demos m\u00e1s vueltas, la soluci\u00f3n a nuestra crisis escolar se llama ense\u00f1anza concertada - Converses a Catalunya\",\"isPartOf\":{\"@id\":\"https:\/\/conversesacatalunya.cat\/#website\"},\"primaryImageOfPage\":{\"@id\":\"https:\/\/conversesacatalunya.cat\/es\/la-solucion-de-nuestra-crisis-escolar-se-llama-ensenanza-concertada\/#primaryimage\"},\"image\":{\"@id\":\"https:\/\/conversesacatalunya.cat\/es\/la-solucion-de-nuestra-crisis-escolar-se-llama-ensenanza-concertada\/#primaryimage\"},\"thumbnailUrl\":\"https:\/\/conversesacatalunya.cat\/wp-content\/uploads\/2023\/12\/publica-i-privada.jpg\",\"datePublished\":\"2023-12-12T09:17:27+00:00\",\"dateModified\":\"2023-12-12T11:44:53+00:00\",\"author\":{\"@id\":\"https:\/\/conversesacatalunya.cat\/#\/schema\/person\/311d0bf53def217d5124c78a7bc42275\"},\"description\":\"Si el sistema escolar catal\u00e1n lograra los resultados que consigue la concertada catalana, nuestro pa\u00eds estar\u00eda al frente de la clasificaci\u00f3n\",\"breadcrumb\":{\"@id\":\"https:\/\/conversesacatalunya.cat\/es\/la-solucion-de-nuestra-crisis-escolar-se-llama-ensenanza-concertada\/#breadcrumb\"},\"inLanguage\":\"es\",\"potentialAction\":[{\"@type\":\"ReadAction\",\"target\":[\"https:\/\/conversesacatalunya.cat\/es\/la-solucion-de-nuestra-crisis-escolar-se-llama-ensenanza-concertada\/\"]}]},{\"@type\":\"ImageObject\",\"inLanguage\":\"es\",\"@id\":\"https:\/\/conversesacatalunya.cat\/es\/la-solucion-de-nuestra-crisis-escolar-se-llama-ensenanza-concertada\/#primaryimage\",\"url\":\"https:\/\/conversesacatalunya.cat\/wp-content\/uploads\/2023\/12\/publica-i-privada.jpg\",\"contentUrl\":\"https:\/\/conversesacatalunya.cat\/wp-content\/uploads\/2023\/12\/publica-i-privada.jpg\",\"width\":668,\"height\":400,\"caption\":\"difer\u00e8ncies escola p\u00fablica i privada\"},{\"@type\":\"BreadcrumbList\",\"@id\":\"https:\/\/conversesacatalunya.cat\/es\/la-solucion-de-nuestra-crisis-escolar-se-llama-ensenanza-concertada\/#breadcrumb\",\"itemListElement\":[{\"@type\":\"ListItem\",\"position\":1,\"name\":\"Inici\",\"item\":\"https:\/\/conversesacatalunya.cat\/es\/\"},{\"@type\":\"ListItem\",\"position\":2,\"name\":\"No le demos m\u00e1s vueltas, la soluci\u00f3n a nuestra crisis escolar se llama ense\u00f1anza concertada\"}]},{\"@type\":\"WebSite\",\"@id\":\"https:\/\/conversesacatalunya.cat\/#website\",\"url\":\"https:\/\/conversesacatalunya.cat\/\",\"name\":\"Converses a Catalunya\",\"description\":\"\",\"potentialAction\":[{\"@type\":\"SearchAction\",\"target\":{\"@type\":\"EntryPoint\",\"urlTemplate\":\"https:\/\/conversesacatalunya.cat\/?s={search_term_string}\"},\"query-input\":{\"@type\":\"PropertyValueSpecification\",\"valueRequired\":true,\"valueName\":\"search_term_string\"}}],\"inLanguage\":\"es\"},{\"@type\":\"Person\",\"@id\":\"https:\/\/conversesacatalunya.cat\/#\/schema\/person\/311d0bf53def217d5124c78a7bc42275\",\"name\":\"Joan Masip\",\"image\":{\"@type\":\"ImageObject\",\"inLanguage\":\"es\",\"@id\":\"https:\/\/conversesacatalunya.cat\/#\/schema\/person\/image\/\",\"url\":\"https:\/\/conversesacatalunya.cat\/wp-content\/litespeed\/avatar\/fa67b994763cff7d443f54b63ec96481.jpg?ver=1777372547\",\"contentUrl\":\"https:\/\/conversesacatalunya.cat\/wp-content\/litespeed\/avatar\/fa67b994763cff7d443f54b63ec96481.jpg?ver=1777372547\",\"caption\":\"Joan Masip\"},\"url\":\"https:\/\/conversesacatalunya.cat\/es\/author\/joan-masip\/\"}]}<\/script>\n<!-- \/ Yoast SEO plugin. -->","yoast_head_json":{"title":"No le demos m\u00e1s vueltas, la soluci\u00f3n a nuestra crisis escolar se llama ense\u00f1anza concertada - Converses a Catalunya","description":"Si el sistema escolar catal\u00e1n lograra los resultados que consigue la concertada catalana, nuestro pa\u00eds estar\u00eda al frente de la clasificaci\u00f3n","robots":{"index":"index","follow":"follow","max-snippet":"max-snippet:-1","max-image-preview":"max-image-preview:large","max-video-preview":"max-video-preview:-1"},"canonical":"https:\/\/conversesacatalunya.cat\/es\/la-solucion-de-nuestra-crisis-escolar-se-llama-ensenanza-concertada\/","og_locale":"es_ES","og_type":"article","og_title":"No le demos m\u00e1s vueltas, la soluci\u00f3n a nuestra crisis escolar se llama ense\u00f1anza concertada - Converses a Catalunya","og_description":"Si el sistema escolar catal\u00e1n lograra los resultados que consigue la concertada catalana, nuestro pa\u00eds estar\u00eda al frente de la clasificaci\u00f3n","og_url":"https:\/\/conversesacatalunya.cat\/es\/la-solucion-de-nuestra-crisis-escolar-se-llama-ensenanza-concertada\/","og_site_name":"Converses a Catalunya","article_published_time":"2023-12-12T09:17:27+00:00","article_modified_time":"2023-12-12T11:44:53+00:00","og_image":[{"width":668,"height":400,"url":"https:\/\/conversesacatalunya.cat\/wp-content\/uploads\/2023\/12\/publica-i-privada.jpg","type":"image\/jpeg"}],"author":"Joan Masip","twitter_card":"summary_large_image","twitter_misc":{"Escrito por":"Joan Masip","Tiempo de lectura":"5 minutos"},"schema":{"@context":"https:\/\/schema.org","@graph":[{"@type":"Article","@id":"https:\/\/conversesacatalunya.cat\/es\/la-solucion-de-nuestra-crisis-escolar-se-llama-ensenanza-concertada\/#article","isPartOf":{"@id":"https:\/\/conversesacatalunya.cat\/es\/la-solucion-de-nuestra-crisis-escolar-se-llama-ensenanza-concertada\/"},"author":{"name":"Joan Masip","@id":"https:\/\/conversesacatalunya.cat\/#\/schema\/person\/311d0bf53def217d5124c78a7bc42275"},"headline":"No le demos m\u00e1s vueltas, la soluci\u00f3n a nuestra crisis escolar se llama ense\u00f1anza concertada","datePublished":"2023-12-12T09:17:27+00:00","dateModified":"2023-12-12T11:44:53+00:00","mainEntityOfPage":{"@id":"https:\/\/conversesacatalunya.cat\/es\/la-solucion-de-nuestra-crisis-escolar-se-llama-ensenanza-concertada\/"},"wordCount":1098,"commentCount":0,"image":{"@id":"https:\/\/conversesacatalunya.cat\/es\/la-solucion-de-nuestra-crisis-escolar-se-llama-ensenanza-concertada\/#primaryimage"},"thumbnailUrl":"https:\/\/conversesacatalunya.cat\/wp-content\/uploads\/2023\/12\/publica-i-privada.jpg","keywords":["Educaci\u00f3","Educaci\u00f3n","Ensenyament"],"articleSection":["Punts clau del dia (ES)"],"inLanguage":"es","potentialAction":[{"@type":"CommentAction","name":"Comment","target":["https:\/\/conversesacatalunya.cat\/es\/la-solucion-de-nuestra-crisis-escolar-se-llama-ensenanza-concertada\/#respond"]}]},{"@type":"WebPage","@id":"https:\/\/conversesacatalunya.cat\/es\/la-solucion-de-nuestra-crisis-escolar-se-llama-ensenanza-concertada\/","url":"https:\/\/conversesacatalunya.cat\/es\/la-solucion-de-nuestra-crisis-escolar-se-llama-ensenanza-concertada\/","name":"No le demos m\u00e1s vueltas, la soluci\u00f3n a nuestra crisis escolar se llama ense\u00f1anza concertada - Converses a Catalunya","isPartOf":{"@id":"https:\/\/conversesacatalunya.cat\/#website"},"primaryImageOfPage":{"@id":"https:\/\/conversesacatalunya.cat\/es\/la-solucion-de-nuestra-crisis-escolar-se-llama-ensenanza-concertada\/#primaryimage"},"image":{"@id":"https:\/\/conversesacatalunya.cat\/es\/la-solucion-de-nuestra-crisis-escolar-se-llama-ensenanza-concertada\/#primaryimage"},"thumbnailUrl":"https:\/\/conversesacatalunya.cat\/wp-content\/uploads\/2023\/12\/publica-i-privada.jpg","datePublished":"2023-12-12T09:17:27+00:00","dateModified":"2023-12-12T11:44:53+00:00","author":{"@id":"https:\/\/conversesacatalunya.cat\/#\/schema\/person\/311d0bf53def217d5124c78a7bc42275"},"description":"Si el sistema escolar catal\u00e1n lograra los resultados que consigue la concertada catalana, nuestro pa\u00eds estar\u00eda al frente de la clasificaci\u00f3n","breadcrumb":{"@id":"https:\/\/conversesacatalunya.cat\/es\/la-solucion-de-nuestra-crisis-escolar-se-llama-ensenanza-concertada\/#breadcrumb"},"inLanguage":"es","potentialAction":[{"@type":"ReadAction","target":["https:\/\/conversesacatalunya.cat\/es\/la-solucion-de-nuestra-crisis-escolar-se-llama-ensenanza-concertada\/"]}]},{"@type":"ImageObject","inLanguage":"es","@id":"https:\/\/conversesacatalunya.cat\/es\/la-solucion-de-nuestra-crisis-escolar-se-llama-ensenanza-concertada\/#primaryimage","url":"https:\/\/conversesacatalunya.cat\/wp-content\/uploads\/2023\/12\/publica-i-privada.jpg","contentUrl":"https:\/\/conversesacatalunya.cat\/wp-content\/uploads\/2023\/12\/publica-i-privada.jpg","width":668,"height":400,"caption":"difer\u00e8ncies escola p\u00fablica i privada"},{"@type":"BreadcrumbList","@id":"https:\/\/conversesacatalunya.cat\/es\/la-solucion-de-nuestra-crisis-escolar-se-llama-ensenanza-concertada\/#breadcrumb","itemListElement":[{"@type":"ListItem","position":1,"name":"Inici","item":"https:\/\/conversesacatalunya.cat\/es\/"},{"@type":"ListItem","position":2,"name":"No le demos m\u00e1s vueltas, la soluci\u00f3n a nuestra crisis escolar se llama ense\u00f1anza concertada"}]},{"@type":"WebSite","@id":"https:\/\/conversesacatalunya.cat\/#website","url":"https:\/\/conversesacatalunya.cat\/","name":"Converses a Catalunya","description":"","potentialAction":[{"@type":"SearchAction","target":{"@type":"EntryPoint","urlTemplate":"https:\/\/conversesacatalunya.cat\/?s={search_term_string}"},"query-input":{"@type":"PropertyValueSpecification","valueRequired":true,"valueName":"search_term_string"}}],"inLanguage":"es"},{"@type":"Person","@id":"https:\/\/conversesacatalunya.cat\/#\/schema\/person\/311d0bf53def217d5124c78a7bc42275","name":"Joan Masip","image":{"@type":"ImageObject","inLanguage":"es","@id":"https:\/\/conversesacatalunya.cat\/#\/schema\/person\/image\/","url":"https:\/\/conversesacatalunya.cat\/wp-content\/litespeed\/avatar\/fa67b994763cff7d443f54b63ec96481.jpg?ver=1777372547","contentUrl":"https:\/\/conversesacatalunya.cat\/wp-content\/litespeed\/avatar\/fa67b994763cff7d443f54b63ec96481.jpg?ver=1777372547","caption":"Joan Masip"},"url":"https:\/\/conversesacatalunya.cat\/es\/author\/joan-masip\/"}]}},"wps_subtitle":"Si el sistema escolar catal\u00e1n lograra los resultados que consigue la concertada catalana, nuestro pa\u00eds estar\u00eda al frente de la clasificaci\u00f3n y superar\u00eda los resultados medios que se dan en la UE y en la OCDE","_links":{"self":[{"href":"https:\/\/conversesacatalunya.cat\/es\/wp-json\/wp\/v2\/posts\/73232","targetHints":{"allow":["GET"]}}],"collection":[{"href":"https:\/\/conversesacatalunya.cat\/es\/wp-json\/wp\/v2\/posts"}],"about":[{"href":"https:\/\/conversesacatalunya.cat\/es\/wp-json\/wp\/v2\/types\/post"}],"author":[{"embeddable":true,"href":"https:\/\/conversesacatalunya.cat\/es\/wp-json\/wp\/v2\/users\/78"}],"replies":[{"embeddable":true,"href":"https:\/\/conversesacatalunya.cat\/es\/wp-json\/wp\/v2\/comments?post=73232"}],"version-history":[{"count":2,"href":"https:\/\/conversesacatalunya.cat\/es\/wp-json\/wp\/v2\/posts\/73232\/revisions"}],"predecessor-version":[{"id":73234,"href":"https:\/\/conversesacatalunya.cat\/es\/wp-json\/wp\/v2\/posts\/73232\/revisions\/73234"}],"wp:featuredmedia":[{"embeddable":true,"href":"https:\/\/conversesacatalunya.cat\/es\/wp-json\/wp\/v2\/media\/73218"}],"wp:attachment":[{"href":"https:\/\/conversesacatalunya.cat\/es\/wp-json\/wp\/v2\/media?parent=73232"}],"wp:term":[{"taxonomy":"category","embeddable":true,"href":"https:\/\/conversesacatalunya.cat\/es\/wp-json\/wp\/v2\/categories?post=73232"},{"taxonomy":"post_tag","embeddable":true,"href":"https:\/\/conversesacatalunya.cat\/es\/wp-json\/wp\/v2\/tags?post=73232"}],"curies":[{"name":"wp","href":"https:\/\/api.w.org\/{rel}","templated":true}]}}