{"id":73142,"date":"2023-12-07T09:00:01","date_gmt":"2023-12-07T08:00:01","guid":{"rendered":"https:\/\/conversesacatalunya.cat\/?p=73142"},"modified":"2023-12-07T08:14:32","modified_gmt":"2023-12-07T07:14:32","slug":"ferrmed-lobby-europeo-transporte-ferroviario","status":"publish","type":"post","link":"https:\/\/conversesacatalunya.cat\/es\/ferrmed-lobby-europeo-transporte-ferroviario\/","title":{"rendered":"FERRMED, el gran lobby europeo del transporte ferroviario de mercanc\u00edas e impulsor del Corredor Mediterr\u00e1neo"},"content":{"rendered":"<p><strong>FERRMED es un lobby ferroviario europeo creado en 2004, en Bruselas, por iniciativa privada catalana. <\/strong><\/p>\n<p><strong>Naci\u00f3 como una asociaci\u00f3n de car\u00e1cter multisectorial,<\/strong> con el prop\u00f3sito de mejorar la competitividad de las empresas europeas a trav\u00e9s de la adopci\u00f3n de los llamados \u00abest\u00e1ndares FERRMED\u00bb aplicables al transporte ferroviario de mercanc\u00edas, la obtenci\u00f3n de una mejor conexi\u00f3n entre puertos y aeropuertos y sus respectivos <em>hinterlands<\/em>, as\u00ed como a trav\u00e9s de la promoci\u00f3n del gran Eje Ferroviario de Mercanc\u00edas Escandinavia-Mediterr\u00e1neo Occidental.<\/p>\n<p><strong>Como idea subyacente, figuraba desde el principio la defensa por elevaci\u00f3n a las instancias europeas de la necesidad urgente de la creaci\u00f3n del<a href=\"https:\/\/conversesacatalunya.cat\/es\/corredor-mediterraneo-la-cancion-de-nunca-acabar\/\" target=\"_blank\" rel=\"noopener\"> Corredor Mediterr\u00e1neo<\/a> de transporte ferroviario de mercanc\u00edas<\/strong>, que va desde la frontera francesa hasta Algeciras, pasando por Barcelona, Tarragona, Valencia, Murcia y Andaluc\u00eda.<\/p>\n<h3><strong>El ingeniero catal\u00e1n Joan Amor\u00f3s<\/strong><\/h3>\n<p><strong>El ingeniero catal\u00e1n Joan Amor\u00f3s, doctor ingeniero industrial, ha sido el promotor y el alma del proyecto desde su inicio.<\/strong> Actualmente, es presidente de la asociaci\u00f3n FERRMED, con sede en Barcelona. Cabe decir que todo el mundo que le conoce coincide en que \u201ces un gran currante y un patriota catal\u00e1n\u201c.<\/p>\n<p><strong>El 23 de octubre de 2011, el periodista y escritor Enric Juliana escrib\u00eda lo siguiente en un art\u00edculo en La Vanguardia:<\/strong><\/p>\n<p style=\"padding-left: 40px;\">\u201cEl se\u00f1or Amor\u00f3s representa el secular tes\u00f3n del especialista. En una sociedad como la catalana a la que no abundan los altos funcionarios del Estado, el especialista entregado a su causa es una figura de singular relieve en el diorama catal\u00e1n. Movi\u00e9ndose con habilidad en Bruselas, el ingeniero industrial Joan Amor\u00f3s, ex directivo de Motor Ib\u00e9rica, <strong>ha logrado poner en marcha un verdadero lobby a nivel europeo a favor del corredor ferroviario de nuestro Mediterr\u00e1neo.<\/strong> Desde 2004, fecha de su fundaci\u00f3n, la asociaci\u00f3n <strong>FERRMED, ha sido el topo que no ha dejado de trabajar ni un solo d\u00eda para conseguir una rectificaci\u00f3n de las prioridades que la Comisi\u00f3n Europea fij\u00f3 en 2003<\/strong>, marginando a instancias del gobierno de Jos\u00e9 Mar\u00eda Aznar y de la Comisar\u00eda Europea de Transportes Loyola de Palacio- la conexi\u00f3n de los puertos mediterr\u00e1neos y priorizando una inviable traves\u00eda central de los Pirineos\u201c.<\/p>\n<p>Del art\u00edculo de Juliana se desprend\u00eda que la principal motivaci\u00f3n de Joan Amor\u00f3s para crear FERRMED en 2004 fue precisamente la decisi\u00f3n de la Comisi\u00f3n Europea de 2003 sobre las prioridades de la Comisi\u00f3n Europea en materia de comunicaciones ferroviarias entre Espa\u00f1a y Francia, que Juan Amor\u00f3s juzgaba incorrecto, pues contemplaba la construcci\u00f3n de un t\u00fanel ferroviario que atravesar\u00eda el Pirineo central, <strong>de dificultosa y cara realizaci\u00f3n, y, por tanto, de baja rentabilidad, que adem\u00e1s marginaba a los puertos mediterr\u00e1neos, como Barcelona.<\/strong><\/p>\n<p>Pens\u00f3 que si el <strong>Banco Mundial<\/strong> hab\u00eda sido capaz de impulsar la Autopista automovil\u00edstica del Mediterr\u00e1neo a partir de su estudio\/propuesta de los a\u00f1os sesenta del siglo pasado, tambi\u00e9n l<strong>a Comisi\u00f3n Europea podr\u00eda convertirse en la gran instituci\u00f3n impulsora de la construcci\u00f3n del Corredor Mediterr\u00e1neo<\/strong> de transporte ferroviario de mercanc\u00edas, a principios del siglo XXI.<\/p>\n<p>Joan Amor\u00f3s se hab\u00eda jubilado de la NISSAN en 2003, donde hab\u00eda ocupado altos cargos, como director de compras o responsable de log\u00edstica. Hab\u00eda seguido de cerca las iniciativas de la Comisi\u00f3n Europea que pod\u00edan afectar a su empresa. Sab\u00eda que <strong>Jacques Delors,<\/strong> prestigioso presidente de la Comisi\u00f3n Europea entre 1985 y 1995, fue el promotor de grandes iniciativas de integraci\u00f3n europeas, entre las que destacaban el mercado interior \u00fanico, el euro, pero tambi\u00e9n de las redes transeuropeas, como las ferroviarias de transporte de mercanc\u00edas, que interesaban particularmente a Catalu\u00f1a.<\/p>\n<h3><strong>FERRMED, el <em>lobby <\/em>ferroviario europeo<\/strong><\/h3>\n<p>La actividad de FERRMED a partir de su creaci\u00f3n en 2004 fue febril. Entre muchas actividades, <strong>destaca la realizaci\u00f3n de un gran estudio sobre el sistema ferroviario europeo de transporte de mercanc\u00edas que se envi\u00f3 de inmediato a la Comisi\u00f3n Europea<\/strong>. Los resultados del esfuerzo llegaron en breve. Gracias a ese estudio, la Comisi\u00f3n acept\u00f3 el car\u00e1cter fundamental del eje Corredor Mediterr\u00e1neo, as\u00ed como el concepto de \u201cred prioritaria\u201d (hasta entonces s\u00f3lo se hab\u00eda hablado de \u201cproyectos\u201d concretos).<\/p>\n<h4><strong>El Corredor Mediterr\u00e1neo<\/strong><\/h4>\n<p>A partir de aqu\u00ed, la primera gran victoria del lobby lleg\u00f3 en 2013, cuando se aprob\u00f3 una importante reforma del sistema europeo de transportes, que se hab\u00eda creado en 2009, y que recog\u00eda las ideas de FERRMED. Gracias a su actividad de lobby,<strong> el Corredor Mediterr\u00e1neo figuraba incluido entre los nueve corredores ferroviarios prioritarios.<\/strong> La red europea de transportes, tambi\u00e9n la ferroviaria, <strong>se dividi\u00f3 en dos subredes:<\/strong> 1) una red b\u00e1sica (Core Network), con nueve corredores, entre ellos el Corredor Mediterr\u00e1neo, y 2) una red global (Comprehensive Network). Las inversiones se deb\u00edan priorizar en la red b\u00e1sica.<\/p>\n<p><strong>El a\u00f1o 2015, Joan Amor\u00f3s declaraba: <\/strong><\/p>\n<p style=\"padding-left: 40px;\">\u201cEl Corredor Mediterr\u00e1neo no es m\u00e1s que la parte meridional del Gran Eje FERRMED que, a lo largo de 4.000 kil\u00f3metros, <strong>une Escandinavia con la Pen\u00ednsula Ib\u00e9rica<\/strong>. <strong>El Corredor Mediterr\u00e1neo en nuestro pa\u00eds es, sin duda, el m\u00e1s rentable y estrat\u00e9gico<\/strong>. En Espa\u00f1a las provincias mediterr\u00e1neas representan a m\u00e1s del 40% de la poblaci\u00f3n y del PIB, el 55% de la producci\u00f3n industrial, el 50% de la producci\u00f3n agr\u00edcola, el 60% de las exportaciones, el 67% del tr\u00e1fico mar\u00edtimo y el 60% del tr\u00e1fico terrestre de mercanc\u00edas\u201c.<\/p>\n<p><strong>Se mostraba muy cr\u00edtico con la Comisi\u00f3n Europea por no priorizar las inversiones y por no espolear a los estados miembros de la UE a que invirtieran donde fuera m\u00e1s productivo y rentable, tambi\u00e9n desde el punto de vista medioambiental.<\/strong> Pensaba que, a nivel europeo, se hab\u00eda avanzado bastante en el aspecto conceptual, influido por FERRMED, pero todav\u00eda no en el de las realizaciones.<\/p>\n<p><strong>No ve\u00eda que las previsiones europeas pudieran cumplirse. La Comisi\u00f3n Europea pretend\u00eda que en 2030 el 30% del transporte de mercanc\u00edas en Europa se hiciera por tren.<\/strong> La realidad era que la media europea estaba muy lejos del objetivo, cerca del 18%. En Catalu\u00f1a, el porcentaje era m\u00e1s bajo y se situaba en el seis por ciento, mientras que el global de Espa\u00f1a era del cinco por ciento. <strong>Joan Amor\u00f3s declaraba:<\/strong> \u00abEst\u00e1 cantado que no se alcanzar\u00e1n los objetivos europeos, la urgencia de la construcci\u00f3n del Corredor Mediterr\u00e1neo es muy grande, ya deber\u00eda estar en funcionamiento hace a\u00f1os\u00bb.<\/p>\n<h4><strong>El segundo gran informe<\/strong><\/h4>\n<h5><strong>Para tratar de superar el callej\u00f3n sin salida, FERRMED ha trabajado entre 2019 y 2023 en la elaboraci\u00f3n de un segundo gran informe, que ha presentado a finales del mes de noviembre de 2023 en Bruselas.<\/strong><\/h5>\n<p><strong>En este informe se declara que habr\u00eda que potenciar de forma prioritaria cuatro grandes corredores:<\/strong> dos de este a oeste (uno de Rotterdam hasta la frontera con Polonia con Bielorrusia y otro hasta la frontera h\u00fangara con Ucrania); y dos de norte a sur (uno de Rotterdam hasta Barcelona y otro que pasa por Amberes, Mil\u00e1n y G\u00e9nova). Seg\u00fan Amor\u00f3s, el concepto de \u201cred omnicomprensiva\u201d (<em>comprehensive network<\/em>) es una especie de <strong>\u201ccaf\u00e9 para todos\u201d<\/strong> a nivel europeo, insiste en que es necesario<strong> priorizar.<\/strong> Se queja de que la Comisi\u00f3n Europea no manda lo suficiente sobre los Estados miembros, que acaban finalmente haciendo lo que m\u00e1s les conviene.<\/p>\n<p>FERRMED ha hecho p\u00fablico en este \u00faltimo informe que <strong>el 65% del tr\u00e1fico ferroviario se concentra en 18.000 kil\u00f3metros, en los que precisamente se encuentran los hubs o nodos ferroviarios m\u00e1s importantes de Europa<\/strong>. Invirtiendo en el 23% de la \u201cred omnicomprensiva\u201d se obtiene el mayor porcentaje del valor resultante de la inversi\u00f3n. El informe tambi\u00e9n ha puesto especialmente de relieve, que <strong>el hub o nodo Tarragona-Barcelona es el tercero en importancia de Europa<\/strong>, s\u00f3lo por detr\u00e1s de la cuenca del Ruhr y la regi\u00f3n de Mil\u00e1n.<\/p>\n<blockquote><p><strong>el informe propone construir 18 nuevas terminales intermodales en Catalu\u00f1a para alcanzar las metas marcadas por la Comisi\u00f3n.<\/strong><\/p><\/blockquote>\n<p><strong>\u00abSi no se invierte fuerte y r\u00e1pido en los nodos clave, el riesgo de un colapso inmediato es evidente\u00bb,<\/strong> ha declarado. Reclama a la Comisi\u00f3n Europea y al conjunto de Estados miembros de la UE<strong> una inversi\u00f3n adicional de 77.270 millones de euros hasta 2033<\/strong> respecto a los aproximadamente 480.000 millones ya presupuestados. Seg\u00fan el informe, en Espa\u00f1a tanto el Corredor Mediterr\u00e1neo como el Atl\u00e1ntico son necesarios. El trayecto Ir\u00fan-Madrid es prioritario en este segundo corredor. En el caso concreto de Catalu\u00f1a, el informe propone construir 18 nuevas terminales intermodales en Catalu\u00f1a para alcanzar las metas marcadas por la Comisi\u00f3n.<\/p>\n<p><strong>La conclusi\u00f3n final del documento<\/strong> es que Europa necesita un plan europeo integrado de transporte ferroviario de mercanc\u00edas, con criterios de prioridad bien fijados a la hora de invertir, \u201cun plan coherente a escala europea\u201d, y que la Comisi\u00f3n Europea vele por su cumplimiento.<\/p>\n<p>FERRMED ha presentado el informe a la presidenta de la Comisi\u00f3n de Transporte del Parlamento Europeo, la francesa <strong>Karina Dellin,<\/strong> quien ha apoyado la ambiciosa investigaci\u00f3n realizada por el lobby.<\/p>\n<h5><strong>Karina Dallin ha declarado que \u00abes obvio que todav\u00eda hay mucho trabajo por hacer\u00bb, y en todo caso ha agradecido el trabajo realizado por FERRMED como \u00abgu\u00eda en materia ferroviaria\u00bb de Europa.<\/strong><\/h5>\n<p><strong>Joan Amor\u00f3s, por su parte, ha concluido<\/strong> que \u201clo que ahora toca es trabajar para hacer realidad los objetivos de 2030, que no se conseguir\u00e1n sin una labor inversora urgente y prioritaria por parte de los estados miembros de la UE, estimulada y coordinada por la Comisi\u00f3n Europea\u201c.<\/p>\n<span class='bctt-click-to-tweet'><span class='bctt-ctt-text'><a href='https:\/\/twitter.com\/intent\/tweet?url=https%3A%2F%2Fconversesacatalunya.cat%2Fes%2Fferrmed-lobby-europeo-transporte-ferroviario%2F&#038;text=El%20informe%20tambi%C3%A9n%20ha%20puesto%20especialmente%20de%20relieve%2C%20que%20el%20hub%20o%20nodo%20Tarragona-Barcelona%20es%20el%20tercero%20en%20importancia%20de%20Europa%2C%20s%C3%B3lo%20por%20detr%C3%A1s%20de%20la%20cuenca%20del%20Ruhr%20y%20la%20regi%C3%B3n%20de%20Mil%C3%A1n&#038;via=conversesacat&#038;related=conversesacat' target='_blank'rel=\"noopener noreferrer\">El informe tambi\u00e9n ha puesto especialmente de relieve, que el hub o nodo Tarragona-Barcelona es el tercero en importancia de Europa, s\u00f3lo por detr\u00e1s de la cuenca del Ruhr y la regi\u00f3n de Mil\u00e1n <\/a><\/span><a href='https:\/\/twitter.com\/intent\/tweet?url=https%3A%2F%2Fconversesacatalunya.cat%2Fes%2Fferrmed-lobby-europeo-transporte-ferroviario%2F&#038;text=El%20informe%20tambi%C3%A9n%20ha%20puesto%20especialmente%20de%20relieve%2C%20que%20el%20hub%20o%20nodo%20Tarragona-Barcelona%20es%20el%20tercero%20en%20importancia%20de%20Europa%2C%20s%C3%B3lo%20por%20detr%C3%A1s%20de%20la%20cuenca%20del%20Ruhr%20y%20la%20regi%C3%B3n%20de%20Mil%C3%A1n&#038;via=conversesacat&#038;related=conversesacat' target='_blank' class='bctt-ctt-btn'rel=\"noopener noreferrer\">Compartir en X<\/a><\/span>\n<div id=\"polls-220\" class=\"wp-polls\">\n\t<form id=\"polls_form_220\" class=\"wp-polls-form\" action=\"\/index.php\" method=\"post\">\n\t\t<p style=\"display: none;\"><input type=\"hidden\" id=\"poll_220_nonce\" name=\"wp-polls-nonce\" value=\"c2d3caa613\" \/><\/p>\n\t\t<p style=\"display: none;\"><input type=\"hidden\" name=\"poll_id\" value=\"220\" \/><\/p>\n\t\t<p style=\"text-align: center\"><strong>Et sembla b\u00e9 que les negociacions entre PSOE i Junts tinguin un mediador internacional i es facin fora d'Espanya?<\/strong><\/p><div id=\"polls-220-ans\" class=\"wp-polls-ans\"><ul class=\"wp-polls-ul\">\n\t\t<li><input type=\"radio\" id=\"poll-answer-611\" name=\"poll_220\" value=\"611\" \/> <label for=\"poll-answer-611\">S\u00ed<\/label><\/li>\n\t\t<li><input type=\"radio\" id=\"poll-answer-612\" name=\"poll_220\" value=\"612\" \/> <label for=\"poll-answer-612\">No<\/label><\/li>\n\t\t<li><input type=\"radio\" id=\"poll-answer-613\" name=\"poll_220\" value=\"613\" \/> <label for=\"poll-answer-613\">No ho s\u00e9<\/label><\/li>\n\t\t<\/ul><p style=\"text-align: center\"><input type=\"button\" name=\"vote\" value=\"   Vota   \" class=\"Buttons\" onclick=\"poll_vote(220);\" \/><\/p><p style=\"text-align: center\"><a href=\"#ViewPollResults\" onclick=\"poll_result(220); return false;\" title=\"View Results Of This Poll\">Mira els resultats<\/a><\/p><\/div>\n\t<\/form>\n<\/div>\n<div id=\"polls-220-loading\" class=\"wp-polls-loading\"><img decoding=\"async\" data-src=\"https:\/\/conversesacatalunya.cat\/wp-content\/plugins\/wp-polls\/images\/loading.gif\" width=\"16\" height=\"16\" alt=\"Cargando ...\" title=\"Cargando ...\" class=\"wp-polls-image lazyload\" src=\"data:image\/svg+xml;base64,PHN2ZyB3aWR0aD0iMSIgaGVpZ2h0PSIxIiB4bWxucz0iaHR0cDovL3d3dy53My5vcmcvMjAwMC9zdmciPjwvc3ZnPg==\" style=\"--smush-placeholder-width: 16px; --smush-placeholder-aspect-ratio: 16\/16;\" \/>&nbsp;Cargando ...<\/div>\n\n","protected":false},"excerpt":{"rendered":"<p>FERRMED es un lobby ferroviario europeo creado en 2004, en Bruselas, por iniciativa privada catalana. Naci\u00f3 como una asociaci\u00f3n de car\u00e1cter multisectorial, con el prop\u00f3sito de mejorar la competitividad de las empresas europeas a trav\u00e9s de la adopci\u00f3n de los llamados \u00abest\u00e1ndares FERRMED\u00bb aplicables al transporte ferroviario de mercanc\u00edas, la obtenci\u00f3n de una mejor conexi\u00f3n entre puertos y aeropuertos y sus respectivos hinterlands, as\u00ed como a trav\u00e9s de la promoci\u00f3n del gran Eje Ferroviario de Mercanc\u00edas Escandinavia-Mediterr\u00e1neo Occidental. Como idea subyacente, figuraba desde el principio la defensa por elevaci\u00f3n a las instancias europeas de la necesidad urgente de la creaci\u00f3n del Corredor Mediterr\u00e1neo de transporte ferroviario de mercanc\u00edas, que va desde la frontera francesa hasta Algeciras, pasando por Barcelona, Tarragona, Valencia, Murcia y Andaluc\u00eda. El ingeniero catal\u00e1n Joan Amor\u00f3s El ingeniero catal\u00e1n Joan Amor\u00f3s, doctor ingeniero industrial, ha sido el promotor y el alma del proyecto desde su inicio. Actualmente, es presidente de la asociaci\u00f3n FERRMED, con sede en Barcelona. Cabe decir que todo el mundo que le conoce coincide en que \u201ces un gran currante y un patriota catal\u00e1n\u201c. El 23 de octubre de 2011, el periodista y escritor Enric Juliana escrib\u00eda lo siguiente en un art\u00edculo en La Vanguardia: \u201cEl se\u00f1or Amor\u00f3s representa el secular tes\u00f3n del especialista. En una sociedad como la catalana a la que no abundan los altos funcionarios del Estado, el especialista entregado a su causa es una figura de singular relieve en el diorama catal\u00e1n. Movi\u00e9ndose con habilidad en Bruselas, el ingeniero industrial Joan Amor\u00f3s, ex directivo de Motor Ib\u00e9rica, ha logrado poner en marcha un verdadero lobby a nivel europeo a favor del corredor ferroviario de nuestro Mediterr\u00e1neo. Desde 2004, fecha de su fundaci\u00f3n, la asociaci\u00f3n FERRMED, ha sido el topo que no ha dejado de trabajar ni un solo d\u00eda para conseguir una rectificaci\u00f3n de las prioridades que la Comisi\u00f3n Europea fij\u00f3 en 2003, marginando a instancias del gobierno de Jos\u00e9 Mar\u00eda Aznar y de la Comisar\u00eda Europea de Transportes Loyola de Palacio- la conexi\u00f3n de los puertos mediterr\u00e1neos y priorizando una inviable traves\u00eda central de los Pirineos\u201c. Del art\u00edculo de Juliana se desprend\u00eda que la principal motivaci\u00f3n de Joan Amor\u00f3s para crear FERRMED en 2004 fue precisamente la decisi\u00f3n de la Comisi\u00f3n Europea de 2003 sobre las prioridades de la Comisi\u00f3n Europea en materia de comunicaciones ferroviarias entre Espa\u00f1a y Francia, que Juan Amor\u00f3s juzgaba incorrecto, pues contemplaba la construcci\u00f3n de un t\u00fanel ferroviario que atravesar\u00eda el Pirineo central, de dificultosa y cara realizaci\u00f3n, y, por tanto, de baja rentabilidad, que adem\u00e1s marginaba a los puertos mediterr\u00e1neos, como Barcelona. Pens\u00f3 que si el Banco Mundial hab\u00eda sido capaz de impulsar la Autopista automovil\u00edstica del Mediterr\u00e1neo a partir de su estudio\/propuesta de los a\u00f1os sesenta del siglo pasado, tambi\u00e9n la Comisi\u00f3n Europea podr\u00eda convertirse en la gran instituci\u00f3n impulsora de la construcci\u00f3n del Corredor Mediterr\u00e1neo de transporte ferroviario de mercanc\u00edas, a principios del siglo XXI. Joan Amor\u00f3s se hab\u00eda jubilado de la NISSAN en 2003, donde hab\u00eda ocupado altos cargos, como director de compras o responsable de log\u00edstica. Hab\u00eda seguido de cerca las iniciativas de la Comisi\u00f3n Europea que pod\u00edan afectar a su empresa. Sab\u00eda que Jacques Delors, prestigioso presidente de la Comisi\u00f3n Europea entre 1985 y 1995, fue el promotor de grandes iniciativas de integraci\u00f3n europeas, entre las que destacaban el mercado interior \u00fanico, el euro, pero tambi\u00e9n de las redes transeuropeas, como las ferroviarias de transporte de mercanc\u00edas, que interesaban particularmente a Catalu\u00f1a. FERRMED, el lobby ferroviario europeo La actividad de FERRMED a partir de su creaci\u00f3n en 2004 fue febril. Entre muchas actividades, destaca la realizaci\u00f3n de un gran estudio sobre el sistema ferroviario europeo de transporte de mercanc\u00edas que se envi\u00f3 de inmediato a la Comisi\u00f3n Europea. Los resultados del esfuerzo llegaron en breve. Gracias a ese estudio, la Comisi\u00f3n acept\u00f3 el car\u00e1cter fundamental del eje Corredor Mediterr\u00e1neo, as\u00ed como el concepto de \u201cred prioritaria\u201d (hasta entonces s\u00f3lo se hab\u00eda hablado de \u201cproyectos\u201d concretos). El Corredor Mediterr\u00e1neo A partir de aqu\u00ed, la primera gran victoria del lobby lleg\u00f3 en 2013, cuando se aprob\u00f3 una importante reforma del sistema europeo de transportes, que se hab\u00eda creado en 2009, y que recog\u00eda las ideas de FERRMED. Gracias a su actividad de lobby, el Corredor Mediterr\u00e1neo figuraba incluido entre los nueve corredores ferroviarios prioritarios. La red europea de transportes, tambi\u00e9n la ferroviaria, se dividi\u00f3 en dos subredes: 1) una red b\u00e1sica (Core Network), con nueve corredores, entre ellos el Corredor Mediterr\u00e1neo, y 2) una red global (Comprehensive Network). Las inversiones se deb\u00edan priorizar en la red b\u00e1sica. El a\u00f1o 2015, Joan Amor\u00f3s declaraba: \u201cEl Corredor Mediterr\u00e1neo no es m\u00e1s que la parte meridional del Gran Eje FERRMED que, a lo largo de 4.000 kil\u00f3metros, une Escandinavia con la Pen\u00ednsula Ib\u00e9rica. El Corredor Mediterr\u00e1neo en nuestro pa\u00eds es, sin duda, el m\u00e1s rentable y estrat\u00e9gico. En Espa\u00f1a las provincias mediterr\u00e1neas representan a m\u00e1s del 40% de la poblaci\u00f3n y del PIB, el 55% de la producci\u00f3n industrial, el 50% de la producci\u00f3n agr\u00edcola, el 60% de las exportaciones, el 67% del tr\u00e1fico mar\u00edtimo y el 60% del tr\u00e1fico terrestre de mercanc\u00edas\u201c. Se mostraba muy cr\u00edtico con la Comisi\u00f3n Europea por no priorizar las inversiones y por no espolear a los estados miembros de la UE a que invirtieran donde fuera m\u00e1s productivo y rentable, tambi\u00e9n desde el punto de vista medioambiental. Pensaba que, a nivel europeo, se hab\u00eda avanzado bastante en el aspecto conceptual, influido por FERRMED, pero todav\u00eda no en el de las realizaciones. No ve\u00eda que las previsiones europeas pudieran cumplirse. La Comisi\u00f3n Europea pretend\u00eda que en 2030 el 30% del transporte de mercanc\u00edas en Europa se hiciera por tren. La realidad era que la media europea estaba muy lejos del objetivo, cerca del 18%. En Catalu\u00f1a, el porcentaje era m\u00e1s bajo y se situaba en el seis por ciento, mientras que el global de Espa\u00f1a era del cinco por ciento. Joan Amor\u00f3s declaraba: \u00abEst\u00e1 cantado que no se alcanzar\u00e1n los objetivos europeos, la urgencia de la construcci\u00f3n&#8230;<\/p>\n","protected":false},"author":38,"featured_media":73138,"comment_status":"open","ping_status":"open","sticky":false,"template":"","format":"standard","meta":{"_FSMCFIC_featured_image_caption":"","_FSMCFIC_featured_image_nocaption":"","_FSMCFIC_featured_image_hide":"","footnotes":""},"categories":[798,806],"tags":[4157,3028],"class_list":["post-73142","post","type-post","status-publish","format-standard","has-post-thumbnail","hentry","category-pro-europa-es","category-punts-claus-del-dia-es","tag-corredor-mediterraneo","tag-ferroviario"],"yoast_head":"<!-- This site is optimized with the Yoast SEO plugin v26.8 - https:\/\/yoast.com\/product\/yoast-seo-wordpress\/ -->\n<title>FERRMED, lobby europeu del transport ferroviari de mercaderies<\/title>\n<meta name=\"description\" content=\"FERRMED, lobby ferroviario europeo creado en 2004, en Bruselas, por iniciativa privada catalana. Asociaci\u00f3n de car\u00e1cter multisectorial\" \/>\n<meta name=\"robots\" content=\"index, follow, max-snippet:-1, max-image-preview:large, max-video-preview:-1\" \/>\n<link rel=\"canonical\" href=\"https:\/\/conversesacatalunya.cat\/?p=73110\" \/>\n<meta property=\"og:locale\" content=\"es_ES\" \/>\n<meta property=\"og:type\" content=\"article\" \/>\n<meta property=\"og:title\" content=\"FERRMED, lobby europeu del transport ferroviari de mercaderies\" \/>\n<meta property=\"og:description\" content=\"FERRMED, lobby ferroviario europeo creado en 2004, en Bruselas, por iniciativa privada catalana. Asociaci\u00f3n de car\u00e1cter multisectorial\" \/>\n<meta property=\"og:url\" content=\"https:\/\/conversesacatalunya.cat\/?p=73110\" \/>\n<meta property=\"og:site_name\" content=\"Converses a Catalunya\" \/>\n<meta property=\"article:published_time\" content=\"2023-12-07T08:00:01+00:00\" \/>\n<meta property=\"og:image\" content=\"https:\/\/conversesacatalunya.cat\/wp-content\/uploads\/2023\/12\/Corredormediterraneo.svg.png\" \/>\n\t<meta property=\"og:image:width\" content=\"300\" \/>\n\t<meta property=\"og:image:height\" content=\"238\" \/>\n\t<meta property=\"og:image:type\" content=\"image\/png\" \/>\n<meta name=\"author\" content=\"Victor Pou\" \/>\n<meta name=\"twitter:card\" content=\"summary_large_image\" \/>\n<meta name=\"twitter:label1\" content=\"Escrito por\" \/>\n\t<meta name=\"twitter:data1\" content=\"Victor Pou\" \/>\n\t<meta name=\"twitter:label2\" content=\"Tiempo de lectura\" \/>\n\t<meta name=\"twitter:data2\" content=\"9 minutos\" \/>\n<script type=\"application\/ld+json\" class=\"yoast-schema-graph\">{\"@context\":\"https:\/\/schema.org\",\"@graph\":[{\"@type\":\"Article\",\"@id\":\"https:\/\/conversesacatalunya.cat\/?p=73110#article\",\"isPartOf\":{\"@id\":\"https:\/\/conversesacatalunya.cat\/?p=73110\"},\"author\":{\"name\":\"Victor Pou\",\"@id\":\"https:\/\/conversesacatalunya.cat\/#\/schema\/person\/1b0082ee920b837be791bee630d460b2\"},\"headline\":\"FERRMED, el gran lobby europeo del transporte ferroviario de mercanc\u00edas e impulsor del Corredor Mediterr\u00e1neo\",\"datePublished\":\"2023-12-07T08:00:01+00:00\",\"mainEntityOfPage\":{\"@id\":\"https:\/\/conversesacatalunya.cat\/?p=73110\"},\"wordCount\":1728,\"commentCount\":0,\"image\":{\"@id\":\"https:\/\/conversesacatalunya.cat\/?p=73110#primaryimage\"},\"thumbnailUrl\":\"https:\/\/conversesacatalunya.cat\/wp-content\/uploads\/2023\/12\/Corredormediterraneo.svg.png\",\"keywords\":[\"corredor mediterr\u00e1neo\",\"ferroviario\"],\"articleSection\":[\"Pro Europa (ES)\",\"Punts clau del dia (ES)\"],\"inLanguage\":\"es\",\"potentialAction\":[{\"@type\":\"CommentAction\",\"name\":\"Comment\",\"target\":[\"https:\/\/conversesacatalunya.cat\/?p=73110#respond\"]}]},{\"@type\":\"WebPage\",\"@id\":\"https:\/\/conversesacatalunya.cat\/?p=73110\",\"url\":\"https:\/\/conversesacatalunya.cat\/?p=73110\",\"name\":\"FERRMED, lobby europeu del transport ferroviari de mercaderies\",\"isPartOf\":{\"@id\":\"https:\/\/conversesacatalunya.cat\/#website\"},\"primaryImageOfPage\":{\"@id\":\"https:\/\/conversesacatalunya.cat\/?p=73110#primaryimage\"},\"image\":{\"@id\":\"https:\/\/conversesacatalunya.cat\/?p=73110#primaryimage\"},\"thumbnailUrl\":\"https:\/\/conversesacatalunya.cat\/wp-content\/uploads\/2023\/12\/Corredormediterraneo.svg.png\",\"datePublished\":\"2023-12-07T08:00:01+00:00\",\"author\":{\"@id\":\"https:\/\/conversesacatalunya.cat\/#\/schema\/person\/1b0082ee920b837be791bee630d460b2\"},\"description\":\"FERRMED, lobby ferroviario europeo creado en 2004, en Bruselas, por iniciativa privada catalana. Asociaci\u00f3n de car\u00e1cter multisectorial\",\"breadcrumb\":{\"@id\":\"https:\/\/conversesacatalunya.cat\/?p=73110#breadcrumb\"},\"inLanguage\":\"es\",\"potentialAction\":[{\"@type\":\"ReadAction\",\"target\":[\"https:\/\/conversesacatalunya.cat\/?p=73110\"]}]},{\"@type\":\"ImageObject\",\"inLanguage\":\"es\",\"@id\":\"https:\/\/conversesacatalunya.cat\/?p=73110#primaryimage\",\"url\":\"https:\/\/conversesacatalunya.cat\/wp-content\/uploads\/2023\/12\/Corredormediterraneo.svg.png\",\"contentUrl\":\"https:\/\/conversesacatalunya.cat\/wp-content\/uploads\/2023\/12\/Corredormediterraneo.svg.png\",\"width\":300,\"height\":238,\"caption\":\"FERRMED\"},{\"@type\":\"BreadcrumbList\",\"@id\":\"https:\/\/conversesacatalunya.cat\/?p=73110#breadcrumb\",\"itemListElement\":[{\"@type\":\"ListItem\",\"position\":1,\"name\":\"Inici\",\"item\":\"https:\/\/conversesacatalunya.cat\/es\/\"},{\"@type\":\"ListItem\",\"position\":2,\"name\":\"FERRMED, el gran lobby europeo del transporte ferroviario de mercanc\u00edas e impulsor del Corredor Mediterr\u00e1neo\"}]},{\"@type\":\"WebSite\",\"@id\":\"https:\/\/conversesacatalunya.cat\/#website\",\"url\":\"https:\/\/conversesacatalunya.cat\/\",\"name\":\"Converses a Catalunya\",\"description\":\"\",\"potentialAction\":[{\"@type\":\"SearchAction\",\"target\":{\"@type\":\"EntryPoint\",\"urlTemplate\":\"https:\/\/conversesacatalunya.cat\/?s={search_term_string}\"},\"query-input\":{\"@type\":\"PropertyValueSpecification\",\"valueRequired\":true,\"valueName\":\"search_term_string\"}}],\"inLanguage\":\"es\"},{\"@type\":\"Person\",\"@id\":\"https:\/\/conversesacatalunya.cat\/#\/schema\/person\/1b0082ee920b837be791bee630d460b2\",\"name\":\"Victor Pou\",\"image\":{\"@type\":\"ImageObject\",\"inLanguage\":\"es\",\"@id\":\"https:\/\/conversesacatalunya.cat\/#\/schema\/person\/image\/\",\"url\":\"https:\/\/conversesacatalunya.cat\/wp-content\/litespeed\/avatar\/b9b32a5f987117ce72836d050f735d2b.jpg?ver=1777366285\",\"contentUrl\":\"https:\/\/conversesacatalunya.cat\/wp-content\/litespeed\/avatar\/b9b32a5f987117ce72836d050f735d2b.jpg?ver=1777366285\",\"caption\":\"Victor Pou\"},\"url\":\"https:\/\/conversesacatalunya.cat\/es\/author\/victor_pou\/\"}]}<\/script>\n<!-- \/ Yoast SEO plugin. -->","yoast_head_json":{"title":"FERRMED, lobby europeu del transport ferroviari de mercaderies","description":"FERRMED, lobby ferroviario europeo creado en 2004, en Bruselas, por iniciativa privada catalana. Asociaci\u00f3n de car\u00e1cter multisectorial","robots":{"index":"index","follow":"follow","max-snippet":"max-snippet:-1","max-image-preview":"max-image-preview:large","max-video-preview":"max-video-preview:-1"},"canonical":"https:\/\/conversesacatalunya.cat\/?p=73110","og_locale":"es_ES","og_type":"article","og_title":"FERRMED, lobby europeu del transport ferroviari de mercaderies","og_description":"FERRMED, lobby ferroviario europeo creado en 2004, en Bruselas, por iniciativa privada catalana. Asociaci\u00f3n de car\u00e1cter multisectorial","og_url":"https:\/\/conversesacatalunya.cat\/?p=73110","og_site_name":"Converses a Catalunya","article_published_time":"2023-12-07T08:00:01+00:00","og_image":[{"width":300,"height":238,"url":"https:\/\/conversesacatalunya.cat\/wp-content\/uploads\/2023\/12\/Corredormediterraneo.svg.png","type":"image\/png"}],"author":"Victor Pou","twitter_card":"summary_large_image","twitter_misc":{"Escrito por":"Victor Pou","Tiempo de lectura":"9 minutos"},"schema":{"@context":"https:\/\/schema.org","@graph":[{"@type":"Article","@id":"https:\/\/conversesacatalunya.cat\/?p=73110#article","isPartOf":{"@id":"https:\/\/conversesacatalunya.cat\/?p=73110"},"author":{"name":"Victor Pou","@id":"https:\/\/conversesacatalunya.cat\/#\/schema\/person\/1b0082ee920b837be791bee630d460b2"},"headline":"FERRMED, el gran lobby europeo del transporte ferroviario de mercanc\u00edas e impulsor del Corredor Mediterr\u00e1neo","datePublished":"2023-12-07T08:00:01+00:00","mainEntityOfPage":{"@id":"https:\/\/conversesacatalunya.cat\/?p=73110"},"wordCount":1728,"commentCount":0,"image":{"@id":"https:\/\/conversesacatalunya.cat\/?p=73110#primaryimage"},"thumbnailUrl":"https:\/\/conversesacatalunya.cat\/wp-content\/uploads\/2023\/12\/Corredormediterraneo.svg.png","keywords":["corredor mediterr\u00e1neo","ferroviario"],"articleSection":["Pro Europa (ES)","Punts clau del dia (ES)"],"inLanguage":"es","potentialAction":[{"@type":"CommentAction","name":"Comment","target":["https:\/\/conversesacatalunya.cat\/?p=73110#respond"]}]},{"@type":"WebPage","@id":"https:\/\/conversesacatalunya.cat\/?p=73110","url":"https:\/\/conversesacatalunya.cat\/?p=73110","name":"FERRMED, lobby europeu del transport ferroviari de mercaderies","isPartOf":{"@id":"https:\/\/conversesacatalunya.cat\/#website"},"primaryImageOfPage":{"@id":"https:\/\/conversesacatalunya.cat\/?p=73110#primaryimage"},"image":{"@id":"https:\/\/conversesacatalunya.cat\/?p=73110#primaryimage"},"thumbnailUrl":"https:\/\/conversesacatalunya.cat\/wp-content\/uploads\/2023\/12\/Corredormediterraneo.svg.png","datePublished":"2023-12-07T08:00:01+00:00","author":{"@id":"https:\/\/conversesacatalunya.cat\/#\/schema\/person\/1b0082ee920b837be791bee630d460b2"},"description":"FERRMED, lobby ferroviario europeo creado en 2004, en Bruselas, por iniciativa privada catalana. Asociaci\u00f3n de car\u00e1cter multisectorial","breadcrumb":{"@id":"https:\/\/conversesacatalunya.cat\/?p=73110#breadcrumb"},"inLanguage":"es","potentialAction":[{"@type":"ReadAction","target":["https:\/\/conversesacatalunya.cat\/?p=73110"]}]},{"@type":"ImageObject","inLanguage":"es","@id":"https:\/\/conversesacatalunya.cat\/?p=73110#primaryimage","url":"https:\/\/conversesacatalunya.cat\/wp-content\/uploads\/2023\/12\/Corredormediterraneo.svg.png","contentUrl":"https:\/\/conversesacatalunya.cat\/wp-content\/uploads\/2023\/12\/Corredormediterraneo.svg.png","width":300,"height":238,"caption":"FERRMED"},{"@type":"BreadcrumbList","@id":"https:\/\/conversesacatalunya.cat\/?p=73110#breadcrumb","itemListElement":[{"@type":"ListItem","position":1,"name":"Inici","item":"https:\/\/conversesacatalunya.cat\/es\/"},{"@type":"ListItem","position":2,"name":"FERRMED, el gran lobby europeo del transporte ferroviario de mercanc\u00edas e impulsor del Corredor Mediterr\u00e1neo"}]},{"@type":"WebSite","@id":"https:\/\/conversesacatalunya.cat\/#website","url":"https:\/\/conversesacatalunya.cat\/","name":"Converses a Catalunya","description":"","potentialAction":[{"@type":"SearchAction","target":{"@type":"EntryPoint","urlTemplate":"https:\/\/conversesacatalunya.cat\/?s={search_term_string}"},"query-input":{"@type":"PropertyValueSpecification","valueRequired":true,"valueName":"search_term_string"}}],"inLanguage":"es"},{"@type":"Person","@id":"https:\/\/conversesacatalunya.cat\/#\/schema\/person\/1b0082ee920b837be791bee630d460b2","name":"Victor Pou","image":{"@type":"ImageObject","inLanguage":"es","@id":"https:\/\/conversesacatalunya.cat\/#\/schema\/person\/image\/","url":"https:\/\/conversesacatalunya.cat\/wp-content\/litespeed\/avatar\/b9b32a5f987117ce72836d050f735d2b.jpg?ver=1777366285","contentUrl":"https:\/\/conversesacatalunya.cat\/wp-content\/litespeed\/avatar\/b9b32a5f987117ce72836d050f735d2b.jpg?ver=1777366285","caption":"Victor Pou"},"url":"https:\/\/conversesacatalunya.cat\/es\/author\/victor_pou\/"}]}},"wps_subtitle":"Cumple 24 a\u00f1os de vida y presenta un informe sobre el futuro del sistema ferroviario europeo que ha hecho llegar a la UE","_links":{"self":[{"href":"https:\/\/conversesacatalunya.cat\/es\/wp-json\/wp\/v2\/posts\/73142","targetHints":{"allow":["GET"]}}],"collection":[{"href":"https:\/\/conversesacatalunya.cat\/es\/wp-json\/wp\/v2\/posts"}],"about":[{"href":"https:\/\/conversesacatalunya.cat\/es\/wp-json\/wp\/v2\/types\/post"}],"author":[{"embeddable":true,"href":"https:\/\/conversesacatalunya.cat\/es\/wp-json\/wp\/v2\/users\/38"}],"replies":[{"embeddable":true,"href":"https:\/\/conversesacatalunya.cat\/es\/wp-json\/wp\/v2\/comments?post=73142"}],"version-history":[{"count":12,"href":"https:\/\/conversesacatalunya.cat\/es\/wp-json\/wp\/v2\/posts\/73142\/revisions"}],"predecessor-version":[{"id":73143,"href":"https:\/\/conversesacatalunya.cat\/es\/wp-json\/wp\/v2\/posts\/73142\/revisions\/73143"}],"wp:featuredmedia":[{"embeddable":true,"href":"https:\/\/conversesacatalunya.cat\/es\/wp-json\/wp\/v2\/media\/73138"}],"wp:attachment":[{"href":"https:\/\/conversesacatalunya.cat\/es\/wp-json\/wp\/v2\/media?parent=73142"}],"wp:term":[{"taxonomy":"category","embeddable":true,"href":"https:\/\/conversesacatalunya.cat\/es\/wp-json\/wp\/v2\/categories?post=73142"},{"taxonomy":"post_tag","embeddable":true,"href":"https:\/\/conversesacatalunya.cat\/es\/wp-json\/wp\/v2\/tags?post=73142"}],"curies":[{"name":"wp","href":"https:\/\/api.w.org\/{rel}","templated":true}]}}