{"id":72969,"date":"2023-11-29T12:12:54","date_gmt":"2023-11-29T11:12:54","guid":{"rendered":"https:\/\/conversesacatalunya.cat\/?p=72969"},"modified":"2023-12-01T17:37:46","modified_gmt":"2023-12-01T16:37:46","slug":"la-salud-en-barcelona","status":"publish","type":"post","link":"https:\/\/conversesacatalunya.cat\/es\/la-salud-en-barcelona\/","title":{"rendered":"La salud en Barcelona. Demasiada ideolog\u00eda y pocos resultados"},"content":{"rendered":"<p>La Agencia de Salud P\u00fablica de Barcelona, \u200b\u200bpresidida por la concejala de Salud y muchas m\u00e1s cosas, Marta Villanueva, ha presentado el\u00a0<strong>informe correspondiente al a\u00f1o 2022<\/strong>.\u00a0Es un pozo de informaci\u00f3n, seguramente m\u00e1s all\u00e1 de la voluntad de sus autores, por lo que dicen y tambi\u00e9n por lo que no dicen, a condici\u00f3n de no conformarse con el resumen ejecutivo y la nota de prensa que la Agencia publicita.<\/p>\n<p>La primera constataci\u00f3n es que\u00a0<strong>Barcelona todav\u00eda no se ha recuperado de la gran mortalidad que provoc\u00f3 la covid en el 2020<\/strong>\u00a0y que represent\u00f3 una reducci\u00f3n de los a\u00f1os de esperanza de vida.\u00a0A\u00fan vamos por debajo de la situaci\u00f3n del 2019 y con mucha suerte quiz\u00e1s al terminar este a\u00f1o la nivelamos.<\/p>\n<p>Este solo hecho deber\u00eda haber sido titular en los medios de comunicaci\u00f3n porque muestra dos cosas.\u00a0La primera, los\u00a0<a href=\"https:\/\/conversesacatalunya.cat\/es\/cataluna-demasiadas-muertes-por-tantas-restricciones\/\" target=\"_blank\" rel=\"noopener\"><strong>estragos mortales de la covid<\/strong><\/a>\u00a0en la ciudad de Barcelona que deber\u00edan haber generado un duelo y un prop\u00f3sito de enmienda que nunca se ha producido.\u00a0Por otra parte, muestra c\u00f3mo nos cuesta recuperar la cumbre que hab\u00edamos alcanzado en 2019. Ahora la esperanza de vida en los hombres est\u00e1 en ochenta y dos a\u00f1os, 5,5 a\u00f1os m\u00e1s en las mujeres.\u00a0En 2019 la cifra para \u00e9stas era de 88,1 a\u00f1os, y para los varones de 82,4.\u00a0Esta diferencia de d\u00e9cimas aplicada al conjunto de la poblaci\u00f3n es una <strong>multitud de a\u00f1os de vida perdidos<\/strong>.<\/p>\n<p>La segunda caracter\u00edstica del informe es que est\u00e1 muy marcado por la\u00a0<strong>ideolog\u00eda colauista<\/strong>.\u00a0No deber\u00eda ser as\u00ed porque se trata, en teor\u00eda, de una cuesti\u00f3n estrictamente t\u00e9cnica: los datos sobre la situaci\u00f3n de la salud, su evoluci\u00f3n y los factores que influyen en ella.\u00a0Pero desde la progres\u00eda del conglomerado Colau-PSC no existe ning\u00fan \u00e1rea que est\u00e9 libre de la colonizaci\u00f3n ideol\u00f3gica, hasta llegar a situaciones que oscilan entre las <a href=\"https:\/\/es.wikipedia.org\/wiki\/Las_preciosas_rid%C3%ADculas\" target=\"_blank\" rel=\"noopener\"><strong>\u00abpreciosas rid\u00edculas\u00bb<\/strong> <\/a>y\u00a0la\u00a0inutilidad.<\/p>\n<p>Por citar una: el informe da para cada cuesti\u00f3n\u00a0<strong>informaci\u00f3n separada de hombres y mujeres<\/strong>, lo que est\u00e1 muy bien porque permite observar diferencias de mucho inter\u00e9s.\u00a0Pero, \u00a1ay!\u00a0<strong>se \u00abolvida\u00bb de dar los datos conjuntos<\/strong>\u00a0y, por tanto, nos quedamos con las ganas de conocer las referencias del conjunto de los habitantes de Barcelona.\u00a0A no ser que te pongas a calcular para cada dato, grupo y el respectivo peso demogr\u00e1fico de hombres y mujeres y la valores. Es una pr\u00e1ctica an\u00f3mala, dif\u00edcil de encontrar fuera de los \u00e1mbitos de la progres\u00eda de nuestra ciudad.<\/p>\n<p>Una de sus consecuencias negativas es que\u00a0<strong>es muy dif\u00edcil comparar las cifras de Barcelona en relaci\u00f3n con las otras ciudades,<\/strong>\u00a0sean de Espa\u00f1a, sean de todas partes, porque \u00e9stas s\u00ed expresan sus magnitudes referidas al conjunto de la poblaci\u00f3n.\u00a0Este sesgo ideol\u00f3gico se reproduce muchas veces en el texto.<\/p>\n<p>Por ejemplo, se pasa de puntillas sobre\u00a0<strong>el d\u00e9ficit vegetativo,<\/strong> consecuencia de los muy pocos nacimientos y la consecuencia que tiene ligado con la inmigraci\u00f3n, el proceso de sustituci\u00f3n de la poblaci\u00f3n, por lo que en parte de las cohortes de poblaci\u00f3n de la edad de mayor actividad, de los 25 a los 45 a\u00f1os, si se refiriere a los hombres ya hay pr\u00e1cticamente tantos aut\u00f3ctonos como inmigrantes. Este aspecto tiene consecuencias sobre la salud porque implica cambios sustanciales con muchos par\u00e1metros vinculados a ella.<\/p>\n<p>Presta una gran atenci\u00f3n, y ser\u00e1 bueno hablar de ello, a las\u00a0<strong>enfermedades de transmisi\u00f3n sexual<\/strong>\u00a0en el marco de la salud sexual y reproductiva, pero ignora la elevada tasa de abortos que se dan en la ciudad y que forman parte de \u00e9ste cap\u00edtulo, y la baja tasa de fertilidad que tienen las mujeres en Barcelona, \u200b\u200bsobre todo las nacidas aqu\u00ed.<\/p>\n<p>Una manifestaci\u00f3n m\u00e1s de las muchas que se encuentran en el texto del\u00a0<strong>sesgo ideol\u00f3gico<\/strong>, la tiene esta interpretaci\u00f3n de los datos: Las mujeres viven 78,8 a\u00f1os con buena salud y los hombres s\u00f3lo 74,6.\u00a04,2 a\u00f1os menos.\u00a0<span class=\"VIpgJd-yAWNEb-VIpgJd-fmcmS-sn54Q\">Cualquier lector interpretar\u00eda estas cifras diciendo que las mujeres tienen m\u00e1s a\u00f1os de vida con buena salud que los hombres.\u00a0<\/span>Parece evidente.\u00a0Pero no, lo que se dice es que las cifras constatan que, aunque viven m\u00e1s tiempo, viven con menor calidad de vida.\u00a0Esto no es cierto, lo que habr\u00eda que decir es que como viven m\u00e1s a\u00f1os, bastantes m\u00e1s que los hombres, van perdiendo mayor calidad de vida, pero esta condici\u00f3n la retienen durante m\u00e1s de cuatro a\u00f1os que los hombres.<\/p>\n<p>Al principio constat\u00e1bamos que el informe es un pozo de informaci\u00f3n no siempre querida y que habr\u00e1 que ir explotando.\u00a0Conform\u00e9monos en se\u00f1alar ahora otro dato que seguramente tambi\u00e9n merecer\u00eda titulares. No se registra\u00a0<strong>ninguna mejora ambiental en la calidad del aire,<\/strong> excepto la provocada por la covid y las obligadas y extensas interrupciones de la actividad econ\u00f3mica, que ya se est\u00e1n recuperando para acercarnos a los niveles previos de 2019. Pero es que, adem\u00e1s, dado que el principal impacto sobre la calidad del aire son los veh\u00edculos, hoy circulan menos por Barcelona que hace una d\u00e9cada, la cuesti\u00f3n es: durante el largo per\u00edodo de gobierno Colau-Collboni y la bandera de la lucha por el medio ambiente, \u00bfqu\u00e9 consecuencia ha tenido, si con menos veh\u00edculos seguimos con niveles de contaminaci\u00f3n que no son aceptables?<\/p>\n<div id=\"polls-219\" class=\"wp-polls\">\n\t<form id=\"polls_form_219\" class=\"wp-polls-form\" action=\"\/index.php\" method=\"post\">\n\t\t<p style=\"display: none;\"><input type=\"hidden\" id=\"poll_219_nonce\" name=\"wp-polls-nonce\" value=\"b497484ce8\" \/><\/p>\n\t\t<p style=\"display: none;\"><input type=\"hidden\" name=\"poll_id\" value=\"219\" \/><\/p>\n\t\t<p style=\"text-align: center\"><strong>Va actuar correctament S\u00e1nchez com a president de torn de la UE amb les seves declaracions sobre el conflicte a la Franja de Gaza?<\/strong><\/p><div id=\"polls-219-ans\" class=\"wp-polls-ans\"><ul class=\"wp-polls-ul\">\n\t\t<li><input type=\"radio\" id=\"poll-answer-608\" name=\"poll_219\" value=\"608\" \/> <label for=\"poll-answer-608\">S\u00ed<\/label><\/li>\n\t\t<li><input type=\"radio\" id=\"poll-answer-609\" name=\"poll_219\" value=\"609\" \/> <label for=\"poll-answer-609\">No<\/label><\/li>\n\t\t<li><input type=\"radio\" id=\"poll-answer-610\" name=\"poll_219\" value=\"610\" \/> <label for=\"poll-answer-610\">No ho s\u00e9<\/label><\/li>\n\t\t<\/ul><p style=\"text-align: center\"><input type=\"button\" name=\"vote\" value=\"   Vota   \" class=\"Buttons\" onclick=\"poll_vote(219);\" \/><\/p><p style=\"text-align: center\"><a href=\"#ViewPollResults\" onclick=\"poll_result(219); return false;\" title=\"View Results Of This Poll\">Mira els resultats<\/a><\/p><\/div>\n\t<\/form>\n<\/div>\n<div id=\"polls-219-loading\" class=\"wp-polls-loading\"><img decoding=\"async\" data-src=\"https:\/\/conversesacatalunya.cat\/wp-content\/plugins\/wp-polls\/images\/loading.gif\" width=\"16\" height=\"16\" alt=\"Cargando ...\" title=\"Cargando ...\" class=\"wp-polls-image lazyload\" src=\"data:image\/svg+xml;base64,PHN2ZyB3aWR0aD0iMSIgaGVpZ2h0PSIxIiB4bWxucz0iaHR0cDovL3d3dy53My5vcmcvMjAwMC9zdmciPjwvc3ZnPg==\" style=\"--smush-placeholder-width: 16px; --smush-placeholder-aspect-ratio: 16\/16;\" \/>&nbsp;Cargando ...<\/div>\n\n","protected":false},"excerpt":{"rendered":"<p>La Agencia de Salud P\u00fablica de Barcelona, \u200b\u200bpresidida por la concejala de Salud y muchas m\u00e1s cosas, Marta Villanueva, ha presentado el\u00a0informe correspondiente al a\u00f1o 2022.\u00a0Es un pozo de informaci\u00f3n, seguramente m\u00e1s all\u00e1 de la voluntad de sus autores, por lo que dicen y tambi\u00e9n por lo que no dicen, a condici\u00f3n de no conformarse con el resumen ejecutivo y la nota de prensa que la Agencia publicita. La primera constataci\u00f3n es que\u00a0Barcelona todav\u00eda no se ha recuperado de la gran mortalidad que provoc\u00f3 la covid en el 2020\u00a0y que represent\u00f3 una reducci\u00f3n de los a\u00f1os de esperanza de vida.\u00a0A\u00fan vamos por debajo de la situaci\u00f3n del 2019 y con mucha suerte quiz\u00e1s al terminar este a\u00f1o la nivelamos. Este solo hecho deber\u00eda haber sido titular en los medios de comunicaci\u00f3n porque muestra dos cosas.\u00a0La primera, los\u00a0estragos mortales de la covid\u00a0en la ciudad de Barcelona que deber\u00edan haber generado un duelo y un prop\u00f3sito de enmienda que nunca se ha producido.\u00a0Por otra parte, muestra c\u00f3mo nos cuesta recuperar la cumbre que hab\u00edamos alcanzado en 2019. Ahora la esperanza de vida en los hombres est\u00e1 en ochenta y dos a\u00f1os, 5,5 a\u00f1os m\u00e1s en las mujeres.\u00a0En 2019 la cifra para \u00e9stas era de 88,1 a\u00f1os, y para los varones de 82,4.\u00a0Esta diferencia de d\u00e9cimas aplicada al conjunto de la poblaci\u00f3n es una multitud de a\u00f1os de vida perdidos. La segunda caracter\u00edstica del informe es que est\u00e1 muy marcado por la\u00a0ideolog\u00eda colauista.\u00a0No deber\u00eda ser as\u00ed porque se trata, en teor\u00eda, de una cuesti\u00f3n estrictamente t\u00e9cnica: los datos sobre la situaci\u00f3n de la salud, su evoluci\u00f3n y los factores que influyen en ella.\u00a0Pero desde la progres\u00eda del conglomerado Colau-PSC no existe ning\u00fan \u00e1rea que est\u00e9 libre de la colonizaci\u00f3n ideol\u00f3gica, hasta llegar a situaciones que oscilan entre las \u00abpreciosas rid\u00edculas\u00bb y\u00a0la\u00a0inutilidad. Por citar una: el informe da para cada cuesti\u00f3n\u00a0informaci\u00f3n separada de hombres y mujeres, lo que est\u00e1 muy bien porque permite observar diferencias de mucho inter\u00e9s.\u00a0Pero, \u00a1ay!\u00a0se \u00abolvida\u00bb de dar los datos conjuntos\u00a0y, por tanto, nos quedamos con las ganas de conocer las referencias del conjunto de los habitantes de Barcelona.\u00a0A no ser que te pongas a calcular para cada dato, grupo y el respectivo peso demogr\u00e1fico de hombres y mujeres y la valores. Es una pr\u00e1ctica an\u00f3mala, dif\u00edcil de encontrar fuera de los \u00e1mbitos de la progres\u00eda de nuestra ciudad. Una de sus consecuencias negativas es que\u00a0es muy dif\u00edcil comparar las cifras de Barcelona en relaci\u00f3n con las otras ciudades,\u00a0sean de Espa\u00f1a, sean de todas partes, porque \u00e9stas s\u00ed expresan sus magnitudes referidas al conjunto de la poblaci\u00f3n.\u00a0Este sesgo ideol\u00f3gico se reproduce muchas veces en el texto. Por ejemplo, se pasa de puntillas sobre\u00a0el d\u00e9ficit vegetativo, consecuencia de los muy pocos nacimientos y la consecuencia que tiene ligado con la inmigraci\u00f3n, el proceso de sustituci\u00f3n de la poblaci\u00f3n, por lo que en parte de las cohortes de poblaci\u00f3n de la edad de mayor actividad, de los 25 a los 45 a\u00f1os, si se refiriere a los hombres ya hay pr\u00e1cticamente tantos aut\u00f3ctonos como inmigrantes. Este aspecto tiene consecuencias sobre la salud porque implica cambios sustanciales con muchos par\u00e1metros vinculados a ella. Presta una gran atenci\u00f3n, y ser\u00e1 bueno hablar de ello, a las\u00a0enfermedades de transmisi\u00f3n sexual\u00a0en el marco de la salud sexual y reproductiva, pero ignora la elevada tasa de abortos que se dan en la ciudad y que forman parte de \u00e9ste cap\u00edtulo, y la baja tasa de fertilidad que tienen las mujeres en Barcelona, \u200b\u200bsobre todo las nacidas aqu\u00ed. Una manifestaci\u00f3n m\u00e1s de las muchas que se encuentran en el texto del\u00a0sesgo ideol\u00f3gico, la tiene esta interpretaci\u00f3n de los datos: Las mujeres viven 78,8 a\u00f1os con buena salud y los hombres s\u00f3lo 74,6.\u00a04,2 a\u00f1os menos.\u00a0Cualquier lector interpretar\u00eda estas cifras diciendo que las mujeres tienen m\u00e1s a\u00f1os de vida con buena salud que los hombres.\u00a0Parece evidente.\u00a0Pero no, lo que se dice es que las cifras constatan que, aunque viven m\u00e1s tiempo, viven con menor calidad de vida.\u00a0Esto no es cierto, lo que habr\u00eda que decir es que como viven m\u00e1s a\u00f1os, bastantes m\u00e1s que los hombres, van perdiendo mayor calidad de vida, pero esta condici\u00f3n la retienen durante m\u00e1s de cuatro a\u00f1os que los hombres. Al principio constat\u00e1bamos que el informe es un pozo de informaci\u00f3n no siempre querida y que habr\u00e1 que ir explotando.\u00a0Conform\u00e9monos en se\u00f1alar ahora otro dato que seguramente tambi\u00e9n merecer\u00eda titulares. No se registra\u00a0ninguna mejora ambiental en la calidad del aire, excepto la provocada por la covid y las obligadas y extensas interrupciones de la actividad econ\u00f3mica, que ya se est\u00e1n recuperando para acercarnos a los niveles previos de 2019. Pero es que, adem\u00e1s, dado que el principal impacto sobre la calidad del aire son los veh\u00edculos, hoy circulan menos por Barcelona que hace una d\u00e9cada, la cuesti\u00f3n es: durante el largo per\u00edodo de gobierno Colau-Collboni y la bandera de la lucha por el medio ambiente, \u00bfqu\u00e9 consecuencia ha tenido, si con menos veh\u00edculos seguimos con niveles de contaminaci\u00f3n que no son aceptables?<\/p>\n","protected":false},"author":78,"featured_media":72972,"comment_status":"open","ping_status":"open","sticky":false,"template":"","format":"standard","meta":{"_FSMCFIC_featured_image_caption":"","_FSMCFIC_featured_image_nocaption":"","_FSMCFIC_featured_image_hide":"","footnotes":""},"categories":[806],"tags":[2226],"class_list":["post-72969","post","type-post","status-publish","format-standard","has-post-thumbnail","hentry","category-punts-claus-del-dia-es","tag-salud"],"yoast_head":"<!-- This site is optimized with the Yoast SEO plugin v26.8 - https:\/\/yoast.com\/product\/yoast-seo-wordpress\/ -->\n<title>La salud en Barcelona. Demasiada ideolog\u00eda y pocos resultados - Converses a Catalunya<\/title>\n<meta name=\"description\" content=\"La Agencia de salud p\u00fablica ha presentado el informe 2022 que, pese a ser t\u00e9cnico, se observa un fuerte sesgo ideol\u00f3gico con omisiones notables\" \/>\n<meta name=\"robots\" content=\"index, follow, max-snippet:-1, max-image-preview:large, max-video-preview:-1\" \/>\n<link rel=\"canonical\" href=\"https:\/\/conversesacatalunya.cat\/es\/la-salud-en-barcelona\/\" \/>\n<meta property=\"og:locale\" content=\"es_ES\" \/>\n<meta property=\"og:type\" content=\"article\" \/>\n<meta property=\"og:title\" content=\"La salud en Barcelona. Demasiada ideolog\u00eda y pocos resultados - Converses a Catalunya\" \/>\n<meta property=\"og:description\" content=\"La Agencia de salud p\u00fablica ha presentado el informe 2022 que, pese a ser t\u00e9cnico, se observa un fuerte sesgo ideol\u00f3gico con omisiones notables\" \/>\n<meta property=\"og:url\" content=\"https:\/\/conversesacatalunya.cat\/es\/la-salud-en-barcelona\/\" \/>\n<meta property=\"og:site_name\" content=\"Converses a Catalunya\" \/>\n<meta property=\"article:published_time\" content=\"2023-11-29T11:12:54+00:00\" \/>\n<meta property=\"article:modified_time\" content=\"2023-12-01T16:37:46+00:00\" \/>\n<meta property=\"og:image\" content=\"https:\/\/conversesacatalunya.cat\/wp-content\/uploads\/2023\/11\/contaminacio-1.jpg\" \/>\n\t<meta property=\"og:image:width\" content=\"683\" \/>\n\t<meta property=\"og:image:height\" content=\"583\" \/>\n\t<meta property=\"og:image:type\" content=\"image\/jpeg\" \/>\n<meta name=\"author\" content=\"Joan Masip\" \/>\n<meta name=\"twitter:card\" content=\"summary_large_image\" \/>\n<meta name=\"twitter:label1\" content=\"Escrito por\" \/>\n\t<meta name=\"twitter:data1\" content=\"Joan Masip\" \/>\n\t<meta name=\"twitter:label2\" content=\"Tiempo de lectura\" \/>\n\t<meta name=\"twitter:data2\" content=\"5 minutos\" \/>\n<script type=\"application\/ld+json\" class=\"yoast-schema-graph\">{\"@context\":\"https:\/\/schema.org\",\"@graph\":[{\"@type\":\"Article\",\"@id\":\"https:\/\/conversesacatalunya.cat\/es\/la-salud-en-barcelona\/#article\",\"isPartOf\":{\"@id\":\"https:\/\/conversesacatalunya.cat\/es\/la-salud-en-barcelona\/\"},\"author\":{\"name\":\"Joan Masip\",\"@id\":\"https:\/\/conversesacatalunya.cat\/#\/schema\/person\/311d0bf53def217d5124c78a7bc42275\"},\"headline\":\"La salud en Barcelona. Demasiada ideolog\u00eda y pocos resultados\",\"datePublished\":\"2023-11-29T11:12:54+00:00\",\"dateModified\":\"2023-12-01T16:37:46+00:00\",\"mainEntityOfPage\":{\"@id\":\"https:\/\/conversesacatalunya.cat\/es\/la-salud-en-barcelona\/\"},\"wordCount\":959,\"commentCount\":0,\"image\":{\"@id\":\"https:\/\/conversesacatalunya.cat\/es\/la-salud-en-barcelona\/#primaryimage\"},\"thumbnailUrl\":\"https:\/\/conversesacatalunya.cat\/wp-content\/uploads\/2023\/11\/contaminacio-1.jpg\",\"keywords\":[\"salud\"],\"articleSection\":[\"Punts clau del dia (ES)\"],\"inLanguage\":\"es\",\"potentialAction\":[{\"@type\":\"CommentAction\",\"name\":\"Comment\",\"target\":[\"https:\/\/conversesacatalunya.cat\/es\/la-salud-en-barcelona\/#respond\"]}]},{\"@type\":\"WebPage\",\"@id\":\"https:\/\/conversesacatalunya.cat\/es\/la-salud-en-barcelona\/\",\"url\":\"https:\/\/conversesacatalunya.cat\/es\/la-salud-en-barcelona\/\",\"name\":\"La salud en Barcelona. Demasiada ideolog\u00eda y pocos resultados - Converses a Catalunya\",\"isPartOf\":{\"@id\":\"https:\/\/conversesacatalunya.cat\/#website\"},\"primaryImageOfPage\":{\"@id\":\"https:\/\/conversesacatalunya.cat\/es\/la-salud-en-barcelona\/#primaryimage\"},\"image\":{\"@id\":\"https:\/\/conversesacatalunya.cat\/es\/la-salud-en-barcelona\/#primaryimage\"},\"thumbnailUrl\":\"https:\/\/conversesacatalunya.cat\/wp-content\/uploads\/2023\/11\/contaminacio-1.jpg\",\"datePublished\":\"2023-11-29T11:12:54+00:00\",\"dateModified\":\"2023-12-01T16:37:46+00:00\",\"author\":{\"@id\":\"https:\/\/conversesacatalunya.cat\/#\/schema\/person\/311d0bf53def217d5124c78a7bc42275\"},\"description\":\"La Agencia de salud p\u00fablica ha presentado el informe 2022 que, pese a ser t\u00e9cnico, se observa un fuerte sesgo ideol\u00f3gico con omisiones notables\",\"breadcrumb\":{\"@id\":\"https:\/\/conversesacatalunya.cat\/es\/la-salud-en-barcelona\/#breadcrumb\"},\"inLanguage\":\"es\",\"potentialAction\":[{\"@type\":\"ReadAction\",\"target\":[\"https:\/\/conversesacatalunya.cat\/es\/la-salud-en-barcelona\/\"]}]},{\"@type\":\"ImageObject\",\"inLanguage\":\"es\",\"@id\":\"https:\/\/conversesacatalunya.cat\/es\/la-salud-en-barcelona\/#primaryimage\",\"url\":\"https:\/\/conversesacatalunya.cat\/wp-content\/uploads\/2023\/11\/contaminacio-1.jpg\",\"contentUrl\":\"https:\/\/conversesacatalunya.cat\/wp-content\/uploads\/2023\/11\/contaminacio-1.jpg\",\"width\":683,\"height\":583},{\"@type\":\"BreadcrumbList\",\"@id\":\"https:\/\/conversesacatalunya.cat\/es\/la-salud-en-barcelona\/#breadcrumb\",\"itemListElement\":[{\"@type\":\"ListItem\",\"position\":1,\"name\":\"Inici\",\"item\":\"https:\/\/conversesacatalunya.cat\/es\/\"},{\"@type\":\"ListItem\",\"position\":2,\"name\":\"La salud en Barcelona. Demasiada ideolog\u00eda y pocos resultados\"}]},{\"@type\":\"WebSite\",\"@id\":\"https:\/\/conversesacatalunya.cat\/#website\",\"url\":\"https:\/\/conversesacatalunya.cat\/\",\"name\":\"Converses a Catalunya\",\"description\":\"\",\"potentialAction\":[{\"@type\":\"SearchAction\",\"target\":{\"@type\":\"EntryPoint\",\"urlTemplate\":\"https:\/\/conversesacatalunya.cat\/?s={search_term_string}\"},\"query-input\":{\"@type\":\"PropertyValueSpecification\",\"valueRequired\":true,\"valueName\":\"search_term_string\"}}],\"inLanguage\":\"es\"},{\"@type\":\"Person\",\"@id\":\"https:\/\/conversesacatalunya.cat\/#\/schema\/person\/311d0bf53def217d5124c78a7bc42275\",\"name\":\"Joan Masip\",\"image\":{\"@type\":\"ImageObject\",\"inLanguage\":\"es\",\"@id\":\"https:\/\/conversesacatalunya.cat\/#\/schema\/person\/image\/\",\"url\":\"https:\/\/conversesacatalunya.cat\/wp-content\/litespeed\/avatar\/fa67b994763cff7d443f54b63ec96481.jpg?ver=1777372547\",\"contentUrl\":\"https:\/\/conversesacatalunya.cat\/wp-content\/litespeed\/avatar\/fa67b994763cff7d443f54b63ec96481.jpg?ver=1777372547\",\"caption\":\"Joan Masip\"},\"url\":\"https:\/\/conversesacatalunya.cat\/es\/author\/joan-masip\/\"}]}<\/script>\n<!-- \/ Yoast SEO plugin. -->","yoast_head_json":{"title":"La salud en Barcelona. Demasiada ideolog\u00eda y pocos resultados - Converses a Catalunya","description":"La Agencia de salud p\u00fablica ha presentado el informe 2022 que, pese a ser t\u00e9cnico, se observa un fuerte sesgo ideol\u00f3gico con omisiones notables","robots":{"index":"index","follow":"follow","max-snippet":"max-snippet:-1","max-image-preview":"max-image-preview:large","max-video-preview":"max-video-preview:-1"},"canonical":"https:\/\/conversesacatalunya.cat\/es\/la-salud-en-barcelona\/","og_locale":"es_ES","og_type":"article","og_title":"La salud en Barcelona. Demasiada ideolog\u00eda y pocos resultados - Converses a Catalunya","og_description":"La Agencia de salud p\u00fablica ha presentado el informe 2022 que, pese a ser t\u00e9cnico, se observa un fuerte sesgo ideol\u00f3gico con omisiones notables","og_url":"https:\/\/conversesacatalunya.cat\/es\/la-salud-en-barcelona\/","og_site_name":"Converses a Catalunya","article_published_time":"2023-11-29T11:12:54+00:00","article_modified_time":"2023-12-01T16:37:46+00:00","og_image":[{"width":683,"height":583,"url":"https:\/\/conversesacatalunya.cat\/wp-content\/uploads\/2023\/11\/contaminacio-1.jpg","type":"image\/jpeg"}],"author":"Joan Masip","twitter_card":"summary_large_image","twitter_misc":{"Escrito por":"Joan Masip","Tiempo de lectura":"5 minutos"},"schema":{"@context":"https:\/\/schema.org","@graph":[{"@type":"Article","@id":"https:\/\/conversesacatalunya.cat\/es\/la-salud-en-barcelona\/#article","isPartOf":{"@id":"https:\/\/conversesacatalunya.cat\/es\/la-salud-en-barcelona\/"},"author":{"name":"Joan Masip","@id":"https:\/\/conversesacatalunya.cat\/#\/schema\/person\/311d0bf53def217d5124c78a7bc42275"},"headline":"La salud en Barcelona. Demasiada ideolog\u00eda y pocos resultados","datePublished":"2023-11-29T11:12:54+00:00","dateModified":"2023-12-01T16:37:46+00:00","mainEntityOfPage":{"@id":"https:\/\/conversesacatalunya.cat\/es\/la-salud-en-barcelona\/"},"wordCount":959,"commentCount":0,"image":{"@id":"https:\/\/conversesacatalunya.cat\/es\/la-salud-en-barcelona\/#primaryimage"},"thumbnailUrl":"https:\/\/conversesacatalunya.cat\/wp-content\/uploads\/2023\/11\/contaminacio-1.jpg","keywords":["salud"],"articleSection":["Punts clau del dia (ES)"],"inLanguage":"es","potentialAction":[{"@type":"CommentAction","name":"Comment","target":["https:\/\/conversesacatalunya.cat\/es\/la-salud-en-barcelona\/#respond"]}]},{"@type":"WebPage","@id":"https:\/\/conversesacatalunya.cat\/es\/la-salud-en-barcelona\/","url":"https:\/\/conversesacatalunya.cat\/es\/la-salud-en-barcelona\/","name":"La salud en Barcelona. Demasiada ideolog\u00eda y pocos resultados - Converses a Catalunya","isPartOf":{"@id":"https:\/\/conversesacatalunya.cat\/#website"},"primaryImageOfPage":{"@id":"https:\/\/conversesacatalunya.cat\/es\/la-salud-en-barcelona\/#primaryimage"},"image":{"@id":"https:\/\/conversesacatalunya.cat\/es\/la-salud-en-barcelona\/#primaryimage"},"thumbnailUrl":"https:\/\/conversesacatalunya.cat\/wp-content\/uploads\/2023\/11\/contaminacio-1.jpg","datePublished":"2023-11-29T11:12:54+00:00","dateModified":"2023-12-01T16:37:46+00:00","author":{"@id":"https:\/\/conversesacatalunya.cat\/#\/schema\/person\/311d0bf53def217d5124c78a7bc42275"},"description":"La Agencia de salud p\u00fablica ha presentado el informe 2022 que, pese a ser t\u00e9cnico, se observa un fuerte sesgo ideol\u00f3gico con omisiones notables","breadcrumb":{"@id":"https:\/\/conversesacatalunya.cat\/es\/la-salud-en-barcelona\/#breadcrumb"},"inLanguage":"es","potentialAction":[{"@type":"ReadAction","target":["https:\/\/conversesacatalunya.cat\/es\/la-salud-en-barcelona\/"]}]},{"@type":"ImageObject","inLanguage":"es","@id":"https:\/\/conversesacatalunya.cat\/es\/la-salud-en-barcelona\/#primaryimage","url":"https:\/\/conversesacatalunya.cat\/wp-content\/uploads\/2023\/11\/contaminacio-1.jpg","contentUrl":"https:\/\/conversesacatalunya.cat\/wp-content\/uploads\/2023\/11\/contaminacio-1.jpg","width":683,"height":583},{"@type":"BreadcrumbList","@id":"https:\/\/conversesacatalunya.cat\/es\/la-salud-en-barcelona\/#breadcrumb","itemListElement":[{"@type":"ListItem","position":1,"name":"Inici","item":"https:\/\/conversesacatalunya.cat\/es\/"},{"@type":"ListItem","position":2,"name":"La salud en Barcelona. Demasiada ideolog\u00eda y pocos resultados"}]},{"@type":"WebSite","@id":"https:\/\/conversesacatalunya.cat\/#website","url":"https:\/\/conversesacatalunya.cat\/","name":"Converses a Catalunya","description":"","potentialAction":[{"@type":"SearchAction","target":{"@type":"EntryPoint","urlTemplate":"https:\/\/conversesacatalunya.cat\/?s={search_term_string}"},"query-input":{"@type":"PropertyValueSpecification","valueRequired":true,"valueName":"search_term_string"}}],"inLanguage":"es"},{"@type":"Person","@id":"https:\/\/conversesacatalunya.cat\/#\/schema\/person\/311d0bf53def217d5124c78a7bc42275","name":"Joan Masip","image":{"@type":"ImageObject","inLanguage":"es","@id":"https:\/\/conversesacatalunya.cat\/#\/schema\/person\/image\/","url":"https:\/\/conversesacatalunya.cat\/wp-content\/litespeed\/avatar\/fa67b994763cff7d443f54b63ec96481.jpg?ver=1777372547","contentUrl":"https:\/\/conversesacatalunya.cat\/wp-content\/litespeed\/avatar\/fa67b994763cff7d443f54b63ec96481.jpg?ver=1777372547","caption":"Joan Masip"},"url":"https:\/\/conversesacatalunya.cat\/es\/author\/joan-masip\/"}]}},"wps_subtitle":"La Agencia de salud p\u00fablica ha presentado el informe 2022 que, pese a ser t\u00e9cnico, se observa un fuerte sesgo ideol\u00f3gico con omisiones notables","_links":{"self":[{"href":"https:\/\/conversesacatalunya.cat\/es\/wp-json\/wp\/v2\/posts\/72969","targetHints":{"allow":["GET"]}}],"collection":[{"href":"https:\/\/conversesacatalunya.cat\/es\/wp-json\/wp\/v2\/posts"}],"about":[{"href":"https:\/\/conversesacatalunya.cat\/es\/wp-json\/wp\/v2\/types\/post"}],"author":[{"embeddable":true,"href":"https:\/\/conversesacatalunya.cat\/es\/wp-json\/wp\/v2\/users\/78"}],"replies":[{"embeddable":true,"href":"https:\/\/conversesacatalunya.cat\/es\/wp-json\/wp\/v2\/comments?post=72969"}],"version-history":[{"count":6,"href":"https:\/\/conversesacatalunya.cat\/es\/wp-json\/wp\/v2\/posts\/72969\/revisions"}],"predecessor-version":[{"id":73040,"href":"https:\/\/conversesacatalunya.cat\/es\/wp-json\/wp\/v2\/posts\/72969\/revisions\/73040"}],"wp:featuredmedia":[{"embeddable":true,"href":"https:\/\/conversesacatalunya.cat\/es\/wp-json\/wp\/v2\/media\/72972"}],"wp:attachment":[{"href":"https:\/\/conversesacatalunya.cat\/es\/wp-json\/wp\/v2\/media?parent=72969"}],"wp:term":[{"taxonomy":"category","embeddable":true,"href":"https:\/\/conversesacatalunya.cat\/es\/wp-json\/wp\/v2\/categories?post=72969"},{"taxonomy":"post_tag","embeddable":true,"href":"https:\/\/conversesacatalunya.cat\/es\/wp-json\/wp\/v2\/tags?post=72969"}],"curies":[{"name":"wp","href":"https:\/\/api.w.org\/{rel}","templated":true}]}}