{"id":72923,"date":"2023-11-28T12:57:23","date_gmt":"2023-11-28T11:57:23","guid":{"rendered":"https:\/\/conversesacatalunya.cat\/la-sequera-es-inevitable-que-falti-laigua-no-i-ii\/"},"modified":"2023-11-29T08:17:22","modified_gmt":"2023-11-29T07:17:22","slug":"la-sequia-es-inevitable-que-falte-el-agua-no-y-ii","status":"publish","type":"post","link":"https:\/\/conversesacatalunya.cat\/es\/la-sequia-es-inevitable-que-falte-el-agua-no-y-ii\/","title":{"rendered":"La sequ\u00eda es inevitable. Que falte el agua no (y II)"},"content":{"rendered":"<p>Nos hab\u00edamos quedado en el\u00a0<a href=\"https:\/\/conversesacatalunya.cat\/es\/la-sequia-es-inevitable-que-falte-el-agua-no-i\/\" target=\"_blank\" rel=\"noopener\">art\u00edculo anterior<\/a> en las condiciones h\u00eddricas de Catalu\u00f1a y la irresponsabilidad de nuestros gobernantes con el hecho de que Catalu\u00f1a presenta unas condiciones estructurales de dificultad en la suficiencia de los recursos h\u00eddricos. Pero, al mismo tiempo, record\u00e1bamos que un pa\u00eds como Israel, con la cuarta parte de las disponibilidades de agua por habitante y a\u00f1o, por tanto, en una situaci\u00f3n de sequ\u00eda permanente como la que sufrimos ahora, funciona no s\u00f3lo la ciudad y la industria, sino un potente sector agr\u00edcola.<\/p>\n<p>Cabe recordar que, seg\u00fan el\u00a0<strong>Plan Hidrol\u00f3gico de Catalu\u00f1a<\/strong>, el volumen total de recursos por habitante y a\u00f1o es de 1.197 m\u00b3.\u00a0Si nos atenemos a la clasificaci\u00f3n internacional sobre estr\u00e9s h\u00eddrico, \u00e9sta nos dice:<\/p>\n<ul>\n<li>Menos de 500 m\u00b3 por habitante y a\u00f1o se\u00f1ala un nivel de escasez de agua extrema que genera graves problemas.<\/li>\n<li>De 500 a 1.000 m\u00b3 por habitante y a\u00f1o se\u00f1ala una situaci\u00f3n de escasez de agua elevada y puede provocar limitaciones en su uso.<\/li>\n<li>De 1.000 a 1.700 m\u00b3 por habitante y a\u00f1o se\u00f1ala una situaci\u00f3n de escasez de agua moderada y puede provocar restricciones en momentos de sequ\u00eda.<\/li>\n<li>Por \u00faltimo, m\u00e1s de 1.700 m\u00b3 por habitante y a\u00f1o se\u00f1ala una situaci\u00f3n de seguridad h\u00eddrica.<\/li>\n<\/ul>\n<p>La dotaci\u00f3n de Catalu\u00f1a nos sit\u00faa en la frontera que va\u00a0<strong>entre la escasez moderada y la elevada<\/strong>\u00a0y, por tanto, en los a\u00f1os que llueve poco, y no hace falta que sean tan extremos como los tres \u00faltimos, entramos en la caracterizaci\u00f3n de un estr\u00e9s h\u00eddrico que provoca problemas.<\/p>\n<p>Todo esto no lo descubrimos ahora, y lo sabemos desde hace d\u00e9cadas y, en consecuencia, hab\u00eda habido una preocupaci\u00f3n hist\u00f3rica por las infraestructuras hidr\u00e1ulicas y por el abastecimiento de agua.<\/p>\n<p>Pero todo esto, en el transcurso de este siglo y sobre todo en la \u00faltima d\u00e9cada, se ha difuminado, aunque ha sido el sector privado, <a href=\"https:\/\/www.aiguesdebarcelona.cat\/es\/aigues-de-barcelona\" target=\"_blank\" rel=\"noopener\"><strong>Aig\u00fces de Barcelona<\/strong><\/a>, quien reiteradamente ha advertido de la necesidad de inversiones en este terreno. Los \u00faltimos paros, durante mucho tiempo, los dedicados a regenerar el agua procedente de las depuradoras para poder utilizarla.<\/p>\n<p>Como todo esto no se ha hecho, como se ha dejado a los campesinos de regad\u00edo a manta entregados a su suerte y, por tanto, con escasa capacidad de inversi\u00f3n, no se ha operado, por ejemplo, la necesaria transformaci\u00f3n del regad\u00edo, con sistemas de aspersi\u00f3n, goteo y microgoteo, que habr\u00eda entregado ingentes cantidades de agua para otros usos.<\/p>\n<p>Ahora la Generalitat dedica dinero que, digamos, de entrada es insuficiente y no responde a un plan integral.\u00a0De hecho, no recogen ni siquiera lo que se consideraba necesario hace 20 a\u00f1os.\u00a0Las\u00a0<strong>consecuencias las estamos pagando<\/strong>, pero el mal s\u00f3lo est\u00e1 ense\u00f1ando la patita por debajo de la puerta. Porque, que nadie se enga\u00f1e, las consecuencias de esta sequ\u00eda monumental sobre sectores econ\u00f3micos y territorios no acabar\u00e1 cuando empiece a llover, entre otras razones, porque se\u00a0<strong>necesitar\u00edan 9 meses de lluvia seguida<\/strong>\u00a0para equilibrar la situaci\u00f3n en parte de Catalunya.<\/p>\n<p>Pero es que el mal\u00a0<strong>habr\u00e1 degradado muchos aspectos<\/strong>, uno de ellos y particularmente es el bosque. Sobre todo el bosque mediterr\u00e1neo, pinos y tambi\u00e9n en menor intensidad encinares, est\u00e1 muy tocado, han muerto \u00e1rboles y todav\u00eda morir\u00e1n m\u00e1s. Y esa herida tendr\u00e1 muchas consecuencias en el espacio forestal. Desde mayor peligro de incendios a una mayor fragilidad del bosque, que permanecer\u00e1 en una mayor afectaci\u00f3n por llanuras. En ese momento, la Generalitat deber\u00eda estar definiendo un\u00a0<strong>plan de acci\u00f3n bien dotado econ\u00f3micamente<\/strong>\u00a0para atenuar estos graves impactos.\u00a0Porque, si no se hace as\u00ed, los costes ser\u00e1n pagados por la sociedad catalana durante d\u00e9cadas.\u00a0Pero, que se sepa, el gobierno de Catalunya ni est\u00e1 por esta tarea ni se le espera.<\/p>\n<p>Otro sector tocado es la\u00a0<strong>agricultura<\/strong>.\u00a0El gobierno de Catalunya debe plantearse en serio qu\u00e9 piensa hacer con el secano de este pa\u00eds, porque si en condiciones normales ya no producen con precipitaciones al l\u00edmite, ahora han quedado en muchos territorios completamente destruidos. Por un lado, hacen programas de suficiencia alimentaria, por otro observan c\u00f3mo todo un sector agr\u00edcola se est\u00e1 convirtiendo en campos bald\u00edos.\u00a0Tambi\u00e9n la agricultura de regad\u00edo sufre y si la nueva campa\u00f1a de riego a partir del pr\u00f3ximo a\u00f1o no es suficiente, una parte de las explotaciones o bien se tendr\u00e1n que reconvertir, y eso significa mucho dinero si se trata de plantaciones arb\u00f3reas, en cultivos de menor exigencia h\u00eddrica, o bien petar\u00e1n econ\u00f3micamente.<\/p>\n<p>Determinados rangos de\u00a0<strong>la industria<\/strong>\u00a0tambi\u00e9n registran el impacto.\u00a0Porque uno de los resultados de todo es que el agua sube de precio y eso tambi\u00e9n afecta al consumo humano.\u00a0<span class=\"VIpgJd-yAWNEb-VIpgJd-fmcmS-sn54Q\">Por el momento un 11,5% en Barcelona y hasta un 15% en el \u00c1rea Metropolitana, pero puede ser mucho m\u00e1s porque utilizar agua reciclada, y sobre todo de desaladora, multiplica el coste por 8 o por 9. Ser\u00eda el momento de replantear que el recibo del agua deje de ser el contenedor de impuestos diversos y facture s\u00f3lo de aquello que se trata, del <strong>agua<\/strong> <\/span><strong><span class=\"VIpgJd-yAWNEb-VIpgJd-fmcmS-sn54Q\">que consumimos<\/span><\/strong><span class=\"VIpgJd-yAWNEb-VIpgJd-fmcmS-sn54Q\">.\u00a0<\/span>Pero claro, es muy dif\u00edcil que la Generalitat y las administraciones locales quieran prescindir de este disfraz que les permite <strong>enmascarar su fiscalidad y atribuirlo todo al agua,<\/strong> que hasta ahora ten\u00eda un coste modesto, pero eso previsiblemente se acab\u00f3. Hay que exigir transparencia y que los impuestos que pagamos por esta v\u00eda deben explicitarse aparte y de forma clara.<\/p>\n<p><span class=\"\">Necesitamos un gobierno capaz de dar una respuesta integral a todas estas cuestiones y que deje de ir a remolque de las situaciones catastr\u00f3ficas.\u00a0<\/span><span class=\"\">Encendamos una vela a Santa Rita.<\/span><\/p>\n<span class='bctt-click-to-tweet'><span class='bctt-ctt-text'><a href='https:\/\/twitter.com\/intent\/tweet?url=https%3A%2F%2Fconversesacatalunya.cat%2Fes%2Fla-sequia-es-inevitable-que-falte-el-agua-no-y-ii%2F&#038;text=Necesitamos%20un%20gobierno%20capaz%20de%20dar%20una%20respuesta%20integral%20a%20todas%20estas%20cuestiones%20y%20que%20deje%20de%20ir%20a%20remolque%20de%20las%20situaciones%20catastr%C3%B3ficas.%20Encendamos%20una%20vela%20a%20Santa%20Rita&#038;via=conversesacat&#038;related=conversesacat' target='_blank'rel=\"noopener noreferrer\">Necesitamos un gobierno capaz de dar una respuesta integral a todas estas cuestiones y que deje de ir a remolque de las situaciones catastr\u00f3ficas. Encendamos una vela a Santa Rita <\/a><\/span><a href='https:\/\/twitter.com\/intent\/tweet?url=https%3A%2F%2Fconversesacatalunya.cat%2Fes%2Fla-sequia-es-inevitable-que-falte-el-agua-no-y-ii%2F&#038;text=Necesitamos%20un%20gobierno%20capaz%20de%20dar%20una%20respuesta%20integral%20a%20todas%20estas%20cuestiones%20y%20que%20deje%20de%20ir%20a%20remolque%20de%20las%20situaciones%20catastr%C3%B3ficas.%20Encendamos%20una%20vela%20a%20Santa%20Rita&#038;via=conversesacat&#038;related=conversesacat' target='_blank' class='bctt-ctt-btn'rel=\"noopener noreferrer\">Compartir en X<\/a><\/span>\n<div id=\"polls-219\" class=\"wp-polls\">\n\t<form id=\"polls_form_219\" class=\"wp-polls-form\" action=\"\/index.php\" method=\"post\">\n\t\t<p style=\"display: none;\"><input type=\"hidden\" id=\"poll_219_nonce\" name=\"wp-polls-nonce\" value=\"b497484ce8\" \/><\/p>\n\t\t<p style=\"display: none;\"><input type=\"hidden\" name=\"poll_id\" value=\"219\" \/><\/p>\n\t\t<p style=\"text-align: center\"><strong>Va actuar correctament S\u00e1nchez com a president de torn de la UE amb les seves declaracions sobre el conflicte a la Franja de Gaza?<\/strong><\/p><div id=\"polls-219-ans\" class=\"wp-polls-ans\"><ul class=\"wp-polls-ul\">\n\t\t<li><input type=\"radio\" id=\"poll-answer-608\" name=\"poll_219\" value=\"608\" \/> <label for=\"poll-answer-608\">S\u00ed<\/label><\/li>\n\t\t<li><input type=\"radio\" id=\"poll-answer-609\" name=\"poll_219\" value=\"609\" \/> <label for=\"poll-answer-609\">No<\/label><\/li>\n\t\t<li><input type=\"radio\" id=\"poll-answer-610\" name=\"poll_219\" value=\"610\" \/> <label for=\"poll-answer-610\">No ho s\u00e9<\/label><\/li>\n\t\t<\/ul><p style=\"text-align: center\"><input type=\"button\" name=\"vote\" value=\"   Vota   \" class=\"Buttons\" onclick=\"poll_vote(219);\" \/><\/p><p style=\"text-align: center\"><a href=\"#ViewPollResults\" onclick=\"poll_result(219); return false;\" title=\"View Results Of This Poll\">Mira els resultats<\/a><\/p><\/div>\n\t<\/form>\n<\/div>\n<div id=\"polls-219-loading\" class=\"wp-polls-loading\"><img decoding=\"async\" data-src=\"https:\/\/conversesacatalunya.cat\/wp-content\/plugins\/wp-polls\/images\/loading.gif\" width=\"16\" height=\"16\" alt=\"Cargando ...\" title=\"Cargando ...\" class=\"wp-polls-image lazyload\" src=\"data:image\/svg+xml;base64,PHN2ZyB3aWR0aD0iMSIgaGVpZ2h0PSIxIiB4bWxucz0iaHR0cDovL3d3dy53My5vcmcvMjAwMC9zdmciPjwvc3ZnPg==\" style=\"--smush-placeholder-width: 16px; --smush-placeholder-aspect-ratio: 16\/16;\" \/>&nbsp;Cargando ...<\/div>\n\n","protected":false},"excerpt":{"rendered":"<p>Nos hab\u00edamos quedado en el\u00a0art\u00edculo anterior en las condiciones h\u00eddricas de Catalu\u00f1a y la irresponsabilidad de nuestros gobernantes con el hecho de que Catalu\u00f1a presenta unas condiciones estructurales de dificultad en la suficiencia de los recursos h\u00eddricos. Pero, al mismo tiempo, record\u00e1bamos que un pa\u00eds como Israel, con la cuarta parte de las disponibilidades de agua por habitante y a\u00f1o, por tanto, en una situaci\u00f3n de sequ\u00eda permanente como la que sufrimos ahora, funciona no s\u00f3lo la ciudad y la industria, sino un potente sector agr\u00edcola. Cabe recordar que, seg\u00fan el\u00a0Plan Hidrol\u00f3gico de Catalu\u00f1a, el volumen total de recursos por habitante y a\u00f1o es de 1.197 m\u00b3.\u00a0Si nos atenemos a la clasificaci\u00f3n internacional sobre estr\u00e9s h\u00eddrico, \u00e9sta nos dice: Menos de 500 m\u00b3 por habitante y a\u00f1o se\u00f1ala un nivel de escasez de agua extrema que genera graves problemas. De 500 a 1.000 m\u00b3 por habitante y a\u00f1o se\u00f1ala una situaci\u00f3n de escasez de agua elevada y puede provocar limitaciones en su uso. De 1.000 a 1.700 m\u00b3 por habitante y a\u00f1o se\u00f1ala una situaci\u00f3n de escasez de agua moderada y puede provocar restricciones en momentos de sequ\u00eda. Por \u00faltimo, m\u00e1s de 1.700 m\u00b3 por habitante y a\u00f1o se\u00f1ala una situaci\u00f3n de seguridad h\u00eddrica. La dotaci\u00f3n de Catalu\u00f1a nos sit\u00faa en la frontera que va\u00a0entre la escasez moderada y la elevada\u00a0y, por tanto, en los a\u00f1os que llueve poco, y no hace falta que sean tan extremos como los tres \u00faltimos, entramos en la caracterizaci\u00f3n de un estr\u00e9s h\u00eddrico que provoca problemas. Todo esto no lo descubrimos ahora, y lo sabemos desde hace d\u00e9cadas y, en consecuencia, hab\u00eda habido una preocupaci\u00f3n hist\u00f3rica por las infraestructuras hidr\u00e1ulicas y por el abastecimiento de agua. Pero todo esto, en el transcurso de este siglo y sobre todo en la \u00faltima d\u00e9cada, se ha difuminado, aunque ha sido el sector privado, Aig\u00fces de Barcelona, quien reiteradamente ha advertido de la necesidad de inversiones en este terreno. Los \u00faltimos paros, durante mucho tiempo, los dedicados a regenerar el agua procedente de las depuradoras para poder utilizarla. Como todo esto no se ha hecho, como se ha dejado a los campesinos de regad\u00edo a manta entregados a su suerte y, por tanto, con escasa capacidad de inversi\u00f3n, no se ha operado, por ejemplo, la necesaria transformaci\u00f3n del regad\u00edo, con sistemas de aspersi\u00f3n, goteo y microgoteo, que habr\u00eda entregado ingentes cantidades de agua para otros usos. Ahora la Generalitat dedica dinero que, digamos, de entrada es insuficiente y no responde a un plan integral.\u00a0De hecho, no recogen ni siquiera lo que se consideraba necesario hace 20 a\u00f1os.\u00a0Las\u00a0consecuencias las estamos pagando, pero el mal s\u00f3lo est\u00e1 ense\u00f1ando la patita por debajo de la puerta. Porque, que nadie se enga\u00f1e, las consecuencias de esta sequ\u00eda monumental sobre sectores econ\u00f3micos y territorios no acabar\u00e1 cuando empiece a llover, entre otras razones, porque se\u00a0necesitar\u00edan 9 meses de lluvia seguida\u00a0para equilibrar la situaci\u00f3n en parte de Catalunya. Pero es que el mal\u00a0habr\u00e1 degradado muchos aspectos, uno de ellos y particularmente es el bosque. Sobre todo el bosque mediterr\u00e1neo, pinos y tambi\u00e9n en menor intensidad encinares, est\u00e1 muy tocado, han muerto \u00e1rboles y todav\u00eda morir\u00e1n m\u00e1s. Y esa herida tendr\u00e1 muchas consecuencias en el espacio forestal. Desde mayor peligro de incendios a una mayor fragilidad del bosque, que permanecer\u00e1 en una mayor afectaci\u00f3n por llanuras. En ese momento, la Generalitat deber\u00eda estar definiendo un\u00a0plan de acci\u00f3n bien dotado econ\u00f3micamente\u00a0para atenuar estos graves impactos.\u00a0Porque, si no se hace as\u00ed, los costes ser\u00e1n pagados por la sociedad catalana durante d\u00e9cadas.\u00a0Pero, que se sepa, el gobierno de Catalunya ni est\u00e1 por esta tarea ni se le espera. Otro sector tocado es la\u00a0agricultura.\u00a0El gobierno de Catalunya debe plantearse en serio qu\u00e9 piensa hacer con el secano de este pa\u00eds, porque si en condiciones normales ya no producen con precipitaciones al l\u00edmite, ahora han quedado en muchos territorios completamente destruidos. Por un lado, hacen programas de suficiencia alimentaria, por otro observan c\u00f3mo todo un sector agr\u00edcola se est\u00e1 convirtiendo en campos bald\u00edos.\u00a0Tambi\u00e9n la agricultura de regad\u00edo sufre y si la nueva campa\u00f1a de riego a partir del pr\u00f3ximo a\u00f1o no es suficiente, una parte de las explotaciones o bien se tendr\u00e1n que reconvertir, y eso significa mucho dinero si se trata de plantaciones arb\u00f3reas, en cultivos de menor exigencia h\u00eddrica, o bien petar\u00e1n econ\u00f3micamente. Determinados rangos de\u00a0la industria\u00a0tambi\u00e9n registran el impacto.\u00a0Porque uno de los resultados de todo es que el agua sube de precio y eso tambi\u00e9n afecta al consumo humano.\u00a0Por el momento un 11,5% en Barcelona y hasta un 15% en el \u00c1rea Metropolitana, pero puede ser mucho m\u00e1s porque utilizar agua reciclada, y sobre todo de desaladora, multiplica el coste por 8 o por 9. Ser\u00eda el momento de replantear que el recibo del agua deje de ser el contenedor de impuestos diversos y facture s\u00f3lo de aquello que se trata, del agua que consumimos.\u00a0Pero claro, es muy dif\u00edcil que la Generalitat y las administraciones locales quieran prescindir de este disfraz que les permite enmascarar su fiscalidad y atribuirlo todo al agua, que hasta ahora ten\u00eda un coste modesto, pero eso previsiblemente se acab\u00f3. Hay que exigir transparencia y que los impuestos que pagamos por esta v\u00eda deben explicitarse aparte y de forma clara. Necesitamos un gobierno capaz de dar una respuesta integral a todas estas cuestiones y que deje de ir a remolque de las situaciones catastr\u00f3ficas.\u00a0Encendamos una vela a Santa Rita.<\/p>\n","protected":false},"author":78,"featured_media":72918,"comment_status":"open","ping_status":"open","sticky":false,"template":"","format":"standard","meta":{"_FSMCFIC_featured_image_caption":"","_FSMCFIC_featured_image_nocaption":"","_FSMCFIC_featured_image_hide":"","footnotes":""},"categories":[806],"tags":[4527,4528],"class_list":["post-72923","post","type-post","status-publish","format-standard","has-post-thumbnail","hentry","category-punts-claus-del-dia-es","tag-sequera-es","tag-sequia-es"],"yoast_head":"<!-- This site is optimized with the Yoast SEO plugin v26.8 - https:\/\/yoast.com\/product\/yoast-seo-wordpress\/ -->\n<title>La sequ\u00eda es inevitable. Que falte el agua no (y II) - Converses a Catalunya<\/title>\n<meta name=\"description\" content=\"Necesitamos un gobierno capaz de dar una respuesta integral a todas estas cuestiones y que deje de ir a remolque de las situaciones catastr\u00f3ficas\" \/>\n<meta name=\"robots\" content=\"index, follow, max-snippet:-1, max-image-preview:large, max-video-preview:-1\" \/>\n<link rel=\"canonical\" href=\"https:\/\/conversesacatalunya.cat\/es\/la-sequia-es-inevitable-que-falte-el-agua-no-y-ii\/\" \/>\n<meta property=\"og:locale\" content=\"es_ES\" \/>\n<meta property=\"og:type\" content=\"article\" \/>\n<meta property=\"og:title\" content=\"La sequ\u00eda es inevitable. Que falte el agua no (y II) - Converses a Catalunya\" \/>\n<meta property=\"og:description\" content=\"Necesitamos un gobierno capaz de dar una respuesta integral a todas estas cuestiones y que deje de ir a remolque de las situaciones catastr\u00f3ficas\" \/>\n<meta property=\"og:url\" content=\"https:\/\/conversesacatalunya.cat\/es\/la-sequia-es-inevitable-que-falte-el-agua-no-y-ii\/\" \/>\n<meta property=\"og:site_name\" content=\"Converses a Catalunya\" \/>\n<meta property=\"article:published_time\" content=\"2023-11-28T11:57:23+00:00\" \/>\n<meta property=\"article:modified_time\" content=\"2023-11-29T07:17:22+00:00\" \/>\n<meta property=\"og:image\" content=\"https:\/\/conversesacatalunya.cat\/wp-content\/uploads\/2023\/11\/sequera-1.jpg\" \/>\n\t<meta property=\"og:image:width\" content=\"1200\" \/>\n\t<meta property=\"og:image:height\" content=\"675\" \/>\n\t<meta property=\"og:image:type\" content=\"image\/jpeg\" \/>\n<meta name=\"author\" content=\"Joan Masip\" \/>\n<meta name=\"twitter:card\" content=\"summary_large_image\" \/>\n<meta name=\"twitter:label1\" content=\"Escrito por\" \/>\n\t<meta name=\"twitter:data1\" content=\"Joan Masip\" \/>\n\t<meta name=\"twitter:label2\" content=\"Tiempo de lectura\" \/>\n\t<meta name=\"twitter:data2\" content=\"5 minutos\" \/>\n<script type=\"application\/ld+json\" class=\"yoast-schema-graph\">{\"@context\":\"https:\/\/schema.org\",\"@graph\":[{\"@type\":\"Article\",\"@id\":\"https:\/\/conversesacatalunya.cat\/es\/la-sequia-es-inevitable-que-falte-el-agua-no-y-ii\/#article\",\"isPartOf\":{\"@id\":\"https:\/\/conversesacatalunya.cat\/es\/la-sequia-es-inevitable-que-falte-el-agua-no-y-ii\/\"},\"author\":{\"name\":\"Joan Masip\",\"@id\":\"https:\/\/conversesacatalunya.cat\/#\/schema\/person\/311d0bf53def217d5124c78a7bc42275\"},\"headline\":\"La sequ\u00eda es inevitable. Que falte el agua no (y II)\",\"datePublished\":\"2023-11-28T11:57:23+00:00\",\"dateModified\":\"2023-11-29T07:17:22+00:00\",\"mainEntityOfPage\":{\"@id\":\"https:\/\/conversesacatalunya.cat\/es\/la-sequia-es-inevitable-que-falte-el-agua-no-y-ii\/\"},\"wordCount\":1054,\"commentCount\":0,\"image\":{\"@id\":\"https:\/\/conversesacatalunya.cat\/es\/la-sequia-es-inevitable-que-falte-el-agua-no-y-ii\/#primaryimage\"},\"thumbnailUrl\":\"https:\/\/conversesacatalunya.cat\/wp-content\/uploads\/2023\/11\/sequera-1.jpg\",\"keywords\":[\"sequera\",\"Sequia\"],\"articleSection\":[\"Punts clau del dia (ES)\"],\"inLanguage\":\"es\",\"potentialAction\":[{\"@type\":\"CommentAction\",\"name\":\"Comment\",\"target\":[\"https:\/\/conversesacatalunya.cat\/es\/la-sequia-es-inevitable-que-falte-el-agua-no-y-ii\/#respond\"]}]},{\"@type\":\"WebPage\",\"@id\":\"https:\/\/conversesacatalunya.cat\/es\/la-sequia-es-inevitable-que-falte-el-agua-no-y-ii\/\",\"url\":\"https:\/\/conversesacatalunya.cat\/es\/la-sequia-es-inevitable-que-falte-el-agua-no-y-ii\/\",\"name\":\"La sequ\u00eda es inevitable. Que falte el agua no (y II) - Converses a Catalunya\",\"isPartOf\":{\"@id\":\"https:\/\/conversesacatalunya.cat\/#website\"},\"primaryImageOfPage\":{\"@id\":\"https:\/\/conversesacatalunya.cat\/es\/la-sequia-es-inevitable-que-falte-el-agua-no-y-ii\/#primaryimage\"},\"image\":{\"@id\":\"https:\/\/conversesacatalunya.cat\/es\/la-sequia-es-inevitable-que-falte-el-agua-no-y-ii\/#primaryimage\"},\"thumbnailUrl\":\"https:\/\/conversesacatalunya.cat\/wp-content\/uploads\/2023\/11\/sequera-1.jpg\",\"datePublished\":\"2023-11-28T11:57:23+00:00\",\"dateModified\":\"2023-11-29T07:17:22+00:00\",\"author\":{\"@id\":\"https:\/\/conversesacatalunya.cat\/#\/schema\/person\/311d0bf53def217d5124c78a7bc42275\"},\"description\":\"Necesitamos un gobierno capaz de dar una respuesta integral a todas estas cuestiones y que deje de ir a remolque de las situaciones catastr\u00f3ficas\",\"breadcrumb\":{\"@id\":\"https:\/\/conversesacatalunya.cat\/es\/la-sequia-es-inevitable-que-falte-el-agua-no-y-ii\/#breadcrumb\"},\"inLanguage\":\"es\",\"potentialAction\":[{\"@type\":\"ReadAction\",\"target\":[\"https:\/\/conversesacatalunya.cat\/es\/la-sequia-es-inevitable-que-falte-el-agua-no-y-ii\/\"]}]},{\"@type\":\"ImageObject\",\"inLanguage\":\"es\",\"@id\":\"https:\/\/conversesacatalunya.cat\/es\/la-sequia-es-inevitable-que-falte-el-agua-no-y-ii\/#primaryimage\",\"url\":\"https:\/\/conversesacatalunya.cat\/wp-content\/uploads\/2023\/11\/sequera-1.jpg\",\"contentUrl\":\"https:\/\/conversesacatalunya.cat\/wp-content\/uploads\/2023\/11\/sequera-1.jpg\",\"width\":1200,\"height\":675,\"caption\":\"falta agua\"},{\"@type\":\"BreadcrumbList\",\"@id\":\"https:\/\/conversesacatalunya.cat\/es\/la-sequia-es-inevitable-que-falte-el-agua-no-y-ii\/#breadcrumb\",\"itemListElement\":[{\"@type\":\"ListItem\",\"position\":1,\"name\":\"Inici\",\"item\":\"https:\/\/conversesacatalunya.cat\/es\/\"},{\"@type\":\"ListItem\",\"position\":2,\"name\":\"La sequ\u00eda es inevitable. Que falte el agua no (y II)\"}]},{\"@type\":\"WebSite\",\"@id\":\"https:\/\/conversesacatalunya.cat\/#website\",\"url\":\"https:\/\/conversesacatalunya.cat\/\",\"name\":\"Converses a Catalunya\",\"description\":\"\",\"potentialAction\":[{\"@type\":\"SearchAction\",\"target\":{\"@type\":\"EntryPoint\",\"urlTemplate\":\"https:\/\/conversesacatalunya.cat\/?s={search_term_string}\"},\"query-input\":{\"@type\":\"PropertyValueSpecification\",\"valueRequired\":true,\"valueName\":\"search_term_string\"}}],\"inLanguage\":\"es\"},{\"@type\":\"Person\",\"@id\":\"https:\/\/conversesacatalunya.cat\/#\/schema\/person\/311d0bf53def217d5124c78a7bc42275\",\"name\":\"Joan Masip\",\"image\":{\"@type\":\"ImageObject\",\"inLanguage\":\"es\",\"@id\":\"https:\/\/conversesacatalunya.cat\/#\/schema\/person\/image\/\",\"url\":\"https:\/\/conversesacatalunya.cat\/wp-content\/litespeed\/avatar\/fa67b994763cff7d443f54b63ec96481.jpg?ver=1777372547\",\"contentUrl\":\"https:\/\/conversesacatalunya.cat\/wp-content\/litespeed\/avatar\/fa67b994763cff7d443f54b63ec96481.jpg?ver=1777372547\",\"caption\":\"Joan Masip\"},\"url\":\"https:\/\/conversesacatalunya.cat\/es\/author\/joan-masip\/\"}]}<\/script>\n<!-- \/ Yoast SEO plugin. -->","yoast_head_json":{"title":"La sequ\u00eda es inevitable. Que falte el agua no (y II) - Converses a Catalunya","description":"Necesitamos un gobierno capaz de dar una respuesta integral a todas estas cuestiones y que deje de ir a remolque de las situaciones catastr\u00f3ficas","robots":{"index":"index","follow":"follow","max-snippet":"max-snippet:-1","max-image-preview":"max-image-preview:large","max-video-preview":"max-video-preview:-1"},"canonical":"https:\/\/conversesacatalunya.cat\/es\/la-sequia-es-inevitable-que-falte-el-agua-no-y-ii\/","og_locale":"es_ES","og_type":"article","og_title":"La sequ\u00eda es inevitable. Que falte el agua no (y II) - Converses a Catalunya","og_description":"Necesitamos un gobierno capaz de dar una respuesta integral a todas estas cuestiones y que deje de ir a remolque de las situaciones catastr\u00f3ficas","og_url":"https:\/\/conversesacatalunya.cat\/es\/la-sequia-es-inevitable-que-falte-el-agua-no-y-ii\/","og_site_name":"Converses a Catalunya","article_published_time":"2023-11-28T11:57:23+00:00","article_modified_time":"2023-11-29T07:17:22+00:00","og_image":[{"width":1200,"height":675,"url":"https:\/\/conversesacatalunya.cat\/wp-content\/uploads\/2023\/11\/sequera-1.jpg","type":"image\/jpeg"}],"author":"Joan Masip","twitter_card":"summary_large_image","twitter_misc":{"Escrito por":"Joan Masip","Tiempo de lectura":"5 minutos"},"schema":{"@context":"https:\/\/schema.org","@graph":[{"@type":"Article","@id":"https:\/\/conversesacatalunya.cat\/es\/la-sequia-es-inevitable-que-falte-el-agua-no-y-ii\/#article","isPartOf":{"@id":"https:\/\/conversesacatalunya.cat\/es\/la-sequia-es-inevitable-que-falte-el-agua-no-y-ii\/"},"author":{"name":"Joan Masip","@id":"https:\/\/conversesacatalunya.cat\/#\/schema\/person\/311d0bf53def217d5124c78a7bc42275"},"headline":"La sequ\u00eda es inevitable. Que falte el agua no (y II)","datePublished":"2023-11-28T11:57:23+00:00","dateModified":"2023-11-29T07:17:22+00:00","mainEntityOfPage":{"@id":"https:\/\/conversesacatalunya.cat\/es\/la-sequia-es-inevitable-que-falte-el-agua-no-y-ii\/"},"wordCount":1054,"commentCount":0,"image":{"@id":"https:\/\/conversesacatalunya.cat\/es\/la-sequia-es-inevitable-que-falte-el-agua-no-y-ii\/#primaryimage"},"thumbnailUrl":"https:\/\/conversesacatalunya.cat\/wp-content\/uploads\/2023\/11\/sequera-1.jpg","keywords":["sequera","Sequia"],"articleSection":["Punts clau del dia (ES)"],"inLanguage":"es","potentialAction":[{"@type":"CommentAction","name":"Comment","target":["https:\/\/conversesacatalunya.cat\/es\/la-sequia-es-inevitable-que-falte-el-agua-no-y-ii\/#respond"]}]},{"@type":"WebPage","@id":"https:\/\/conversesacatalunya.cat\/es\/la-sequia-es-inevitable-que-falte-el-agua-no-y-ii\/","url":"https:\/\/conversesacatalunya.cat\/es\/la-sequia-es-inevitable-que-falte-el-agua-no-y-ii\/","name":"La sequ\u00eda es inevitable. Que falte el agua no (y II) - Converses a Catalunya","isPartOf":{"@id":"https:\/\/conversesacatalunya.cat\/#website"},"primaryImageOfPage":{"@id":"https:\/\/conversesacatalunya.cat\/es\/la-sequia-es-inevitable-que-falte-el-agua-no-y-ii\/#primaryimage"},"image":{"@id":"https:\/\/conversesacatalunya.cat\/es\/la-sequia-es-inevitable-que-falte-el-agua-no-y-ii\/#primaryimage"},"thumbnailUrl":"https:\/\/conversesacatalunya.cat\/wp-content\/uploads\/2023\/11\/sequera-1.jpg","datePublished":"2023-11-28T11:57:23+00:00","dateModified":"2023-11-29T07:17:22+00:00","author":{"@id":"https:\/\/conversesacatalunya.cat\/#\/schema\/person\/311d0bf53def217d5124c78a7bc42275"},"description":"Necesitamos un gobierno capaz de dar una respuesta integral a todas estas cuestiones y que deje de ir a remolque de las situaciones catastr\u00f3ficas","breadcrumb":{"@id":"https:\/\/conversesacatalunya.cat\/es\/la-sequia-es-inevitable-que-falte-el-agua-no-y-ii\/#breadcrumb"},"inLanguage":"es","potentialAction":[{"@type":"ReadAction","target":["https:\/\/conversesacatalunya.cat\/es\/la-sequia-es-inevitable-que-falte-el-agua-no-y-ii\/"]}]},{"@type":"ImageObject","inLanguage":"es","@id":"https:\/\/conversesacatalunya.cat\/es\/la-sequia-es-inevitable-que-falte-el-agua-no-y-ii\/#primaryimage","url":"https:\/\/conversesacatalunya.cat\/wp-content\/uploads\/2023\/11\/sequera-1.jpg","contentUrl":"https:\/\/conversesacatalunya.cat\/wp-content\/uploads\/2023\/11\/sequera-1.jpg","width":1200,"height":675,"caption":"falta agua"},{"@type":"BreadcrumbList","@id":"https:\/\/conversesacatalunya.cat\/es\/la-sequia-es-inevitable-que-falte-el-agua-no-y-ii\/#breadcrumb","itemListElement":[{"@type":"ListItem","position":1,"name":"Inici","item":"https:\/\/conversesacatalunya.cat\/es\/"},{"@type":"ListItem","position":2,"name":"La sequ\u00eda es inevitable. Que falte el agua no (y II)"}]},{"@type":"WebSite","@id":"https:\/\/conversesacatalunya.cat\/#website","url":"https:\/\/conversesacatalunya.cat\/","name":"Converses a Catalunya","description":"","potentialAction":[{"@type":"SearchAction","target":{"@type":"EntryPoint","urlTemplate":"https:\/\/conversesacatalunya.cat\/?s={search_term_string}"},"query-input":{"@type":"PropertyValueSpecification","valueRequired":true,"valueName":"search_term_string"}}],"inLanguage":"es"},{"@type":"Person","@id":"https:\/\/conversesacatalunya.cat\/#\/schema\/person\/311d0bf53def217d5124c78a7bc42275","name":"Joan Masip","image":{"@type":"ImageObject","inLanguage":"es","@id":"https:\/\/conversesacatalunya.cat\/#\/schema\/person\/image\/","url":"https:\/\/conversesacatalunya.cat\/wp-content\/litespeed\/avatar\/fa67b994763cff7d443f54b63ec96481.jpg?ver=1777372547","contentUrl":"https:\/\/conversesacatalunya.cat\/wp-content\/litespeed\/avatar\/fa67b994763cff7d443f54b63ec96481.jpg?ver=1777372547","caption":"Joan Masip"},"url":"https:\/\/conversesacatalunya.cat\/es\/author\/joan-masip\/"}]}},"wps_subtitle":"Necesitamos un gobierno capaz de dar una respuesta integral a todas estas cuestiones y que deje de ir a remolque de las situaciones catastr\u00f3ficas","_links":{"self":[{"href":"https:\/\/conversesacatalunya.cat\/es\/wp-json\/wp\/v2\/posts\/72923","targetHints":{"allow":["GET"]}}],"collection":[{"href":"https:\/\/conversesacatalunya.cat\/es\/wp-json\/wp\/v2\/posts"}],"about":[{"href":"https:\/\/conversesacatalunya.cat\/es\/wp-json\/wp\/v2\/types\/post"}],"author":[{"embeddable":true,"href":"https:\/\/conversesacatalunya.cat\/es\/wp-json\/wp\/v2\/users\/78"}],"replies":[{"embeddable":true,"href":"https:\/\/conversesacatalunya.cat\/es\/wp-json\/wp\/v2\/comments?post=72923"}],"version-history":[{"count":4,"href":"https:\/\/conversesacatalunya.cat\/es\/wp-json\/wp\/v2\/posts\/72923\/revisions"}],"predecessor-version":[{"id":72936,"href":"https:\/\/conversesacatalunya.cat\/es\/wp-json\/wp\/v2\/posts\/72923\/revisions\/72936"}],"wp:featuredmedia":[{"embeddable":true,"href":"https:\/\/conversesacatalunya.cat\/es\/wp-json\/wp\/v2\/media\/72918"}],"wp:attachment":[{"href":"https:\/\/conversesacatalunya.cat\/es\/wp-json\/wp\/v2\/media?parent=72923"}],"wp:term":[{"taxonomy":"category","embeddable":true,"href":"https:\/\/conversesacatalunya.cat\/es\/wp-json\/wp\/v2\/categories?post=72923"},{"taxonomy":"post_tag","embeddable":true,"href":"https:\/\/conversesacatalunya.cat\/es\/wp-json\/wp\/v2\/tags?post=72923"}],"curies":[{"name":"wp","href":"https:\/\/api.w.org\/{rel}","templated":true}]}}