{"id":72762,"date":"2023-11-22T11:39:39","date_gmt":"2023-11-22T10:39:39","guid":{"rendered":"https:\/\/conversesacatalunya.cat\/no-hi-ha-manera-que-es-gastin-els-fons-europeus\/"},"modified":"2023-11-22T11:57:57","modified_gmt":"2023-11-22T10:57:57","slug":"no-hay-manera-de-que-se-gasten-los-fondos-europeos","status":"publish","type":"post","link":"https:\/\/conversesacatalunya.cat\/es\/no-hay-manera-de-que-se-gasten-los-fondos-europeos\/","title":{"rendered":"No hay manera de que se gasten los fondos europeos"},"content":{"rendered":"<p>Se dijo, <a href=\"https:\/\/conversesacatalunya.cat\/fons-europeu-next-generation\/\" target=\"_blank\" rel=\"noopener\">lo dijimos<\/a>, que la gesti\u00f3n de la administraci\u00f3n espa\u00f1ola ser\u00eda deficiente y ni de lejos <strong>lograr\u00eda gastar los fondos Next Generation<\/strong> al ritmo previsto. Afirmarlo no era un acto prof\u00e9tico, sino simplemente la conclusi\u00f3n a la que se llega al ver las enormes dificultades de los a\u00f1os anteriores para efectuar el gasto de los fondos ordinarios.<\/p>\n<p>La cifra de referencia ahora de lo asignado a Espa\u00f1a es de <strong>81.964 millones<\/strong>. De esta cifra ni siquiera se ha invertido la mitad porque solo se llega al 43,7%. Pero es que la cifra que ha llegado a la econom\u00eda real se sit\u00faa justo en el 20% (exactamente el 19,9%). Por lo tanto, estamos muy lejos del objetivo, considerando que el plazo finaliza el 31 de diciembre de 2026; es decir, dentro de tres a\u00f1os, per\u00edodo en el cual deber\u00edamos aplicar el 80% restante, y si no, el dinero se esfumar\u00eda.<\/p>\n<p>El gobierno ha encontrado una ranura, sin embargo, para intentar salvar una parte de estos recursos, que podr\u00eda <strong>alargar el per\u00edodo<\/strong>. Se trata de acudir a la posibilidad de que el dinero que es gestionado por entidades p\u00fablicas disponga de m\u00e1s tiempo (un impl\u00edcito no ya espa\u00f1ol sino europeo que da por descontado que la eficiencia de las instancias p\u00fablicas es menor que la de las privadas). Y en esto Espa\u00f1a tiene una ventaja porque de esos casi 83.000 millones, 66.473 millones son gestionados por entidades p\u00fablicas. Y aqu\u00ed ya podr\u00edamos sacar una primera conclusi\u00f3n: <strong>los fondos los maneja el sector p\u00fablico para aplicarlos directamente o remitirlos al sector privado<\/strong>.<\/p>\n<p>No es una buena premisa, aunque hay casos que es palmariamente necesario que sea as\u00ed, como los ferrocarriles y Adif, pero en general dice poco de una visi\u00f3n que haga mejorar la baja productividad espa\u00f1ola porque esta solo puede venir del sector privado. Y este es, junto con el gran retraso, otro de los grandes defectos de <strong>c\u00f3mo se gestionan estos fondos<\/strong>. No tienen como objetivo principal modificar las condiciones que har\u00edan posible ganar en productividad. Solo hace falta ver que el 41,6% de las actuales asignaciones corresponde al sector de la construcci\u00f3n, mientras que la industria solo tiene asignado un 9,7%, la energ\u00eda un 1,3% y el sector primario el 0,5%. La suma de todos estos 3 ep\u00edgrafos vitales para la mejora de la productividad es la cuarta parte de lo asignado a la construcci\u00f3n, un \u00e1mbito en el cual los aumentos de productividad ser\u00e1n, por su propia l\u00f3gica interna, escasos.<\/p>\n<p>El tercer factor es que el<strong> retraso en la aplicaci\u00f3n y la dilataci\u00f3n de plazos m\u00e1s all\u00e1 del 2026<\/strong> diluye en el tiempo la aplicaci\u00f3n de los 83.000 millones de inversi\u00f3n aqu\u00ed en Espa\u00f1a y, en consecuencia, tambi\u00e9n reduce su impacto sobre el PIB. No es lo mismo dividir esa voluminosa cantidad de euros en 6 a\u00f1os que en 10. En el primer caso, el efecto transformador y el proceso de acumulaci\u00f3n al cual da lugar es extraordinario. En el segundo, es indudablemente positivo, pero las consecuencias transformadoras y de cambio de paradigma del sistema de producci\u00f3n no se acaban de producir. Por lo tanto, si todo esto acaba consum\u00e1ndose en estos t\u00e9rminos, y nada por el momento hace pensar lo contrario, Espa\u00f1a habr\u00e1 perdido una gran oportunidad hist\u00f3rica y por circunstancias pol\u00edticas, este grave error tendr\u00e1 un nombre: <strong>gobierno S\u00e1nchez<\/strong>.<\/p>\n<span class='bctt-click-to-tweet'><span class='bctt-ctt-text'><a href='https:\/\/twitter.com\/intent\/tweet?url=https%3A%2F%2Fconversesacatalunya.cat%2Fes%2Fno-hay-manera-de-que-se-gasten-los-fondos-europeos%2F&#038;text=La%20gesti%C3%B3n%20ineficiente%20de%20los%20fondos%20Next%20Generation%20suponen%20una%20oportunidad%20hist%C3%B3rica%20perdida%20y%20un%20riesgo%20significativo%20para%20el%20%C3%A9xito%20del%20programa&#038;via=conversesacat&#038;related=conversesacat' target='_blank'rel=\"noopener noreferrer\">La gesti\u00f3n ineficiente de los fondos Next Generation suponen una oportunidad hist\u00f3rica perdida y un riesgo significativo para el \u00e9xito del programa <\/a><\/span><a href='https:\/\/twitter.com\/intent\/tweet?url=https%3A%2F%2Fconversesacatalunya.cat%2Fes%2Fno-hay-manera-de-que-se-gasten-los-fondos-europeos%2F&#038;text=La%20gesti%C3%B3n%20ineficiente%20de%20los%20fondos%20Next%20Generation%20suponen%20una%20oportunidad%20hist%C3%B3rica%20perdida%20y%20un%20riesgo%20significativo%20para%20el%20%C3%A9xito%20del%20programa&#038;via=conversesacat&#038;related=conversesacat' target='_blank' class='bctt-ctt-btn'rel=\"noopener noreferrer\">Compartir en X<\/a><\/span>\n<div id=\"polls-218\" class=\"wp-polls\">\n\t<form id=\"polls_form_218\" class=\"wp-polls-form\" action=\"\/index.php\" method=\"post\">\n\t\t<p style=\"display: none;\"><input type=\"hidden\" id=\"poll_218_nonce\" name=\"wp-polls-nonce\" value=\"776901dfe4\" \/><\/p>\n\t\t<p style=\"display: none;\"><input type=\"hidden\" name=\"poll_id\" value=\"218\" \/><\/p>\n\t\t<p style=\"text-align: center\"><strong>Consideres que l'Amnistia:<\/strong><\/p><div id=\"polls-218-ans\" class=\"wp-polls-ans\"><ul class=\"wp-polls-ul\">\n\t\t<li><input type=\"radio\" id=\"poll-answer-605\" name=\"poll_218\" value=\"605\" \/> <label for=\"poll-answer-605\">\u00c9s un encert<\/label><\/li>\n\t\t<li><input type=\"radio\" id=\"poll-answer-606\" name=\"poll_218\" value=\"606\" \/> <label for=\"poll-answer-606\">No resol res<\/label><\/li>\n\t\t<li><input type=\"radio\" id=\"poll-answer-607\" name=\"poll_218\" value=\"607\" \/> <label for=\"poll-answer-607\">Multiplica els problemes<\/label><\/li>\n\t\t<\/ul><p style=\"text-align: center\"><input type=\"button\" name=\"vote\" value=\"   Vota   \" class=\"Buttons\" onclick=\"poll_vote(218);\" \/><\/p><p style=\"text-align: center\"><a href=\"#ViewPollResults\" onclick=\"poll_result(218); return false;\" title=\"View Results Of This Poll\">Mira els resultats<\/a><\/p><\/div>\n\t<\/form>\n<\/div>\n<div id=\"polls-218-loading\" class=\"wp-polls-loading\"><img decoding=\"async\" data-src=\"https:\/\/conversesacatalunya.cat\/wp-content\/plugins\/wp-polls\/images\/loading.gif\" width=\"16\" height=\"16\" alt=\"Cargando ...\" title=\"Cargando ...\" class=\"wp-polls-image lazyload\" src=\"data:image\/svg+xml;base64,PHN2ZyB3aWR0aD0iMSIgaGVpZ2h0PSIxIiB4bWxucz0iaHR0cDovL3d3dy53My5vcmcvMjAwMC9zdmciPjwvc3ZnPg==\" style=\"--smush-placeholder-width: 16px; --smush-placeholder-aspect-ratio: 16\/16;\" \/>&nbsp;Cargando ...<\/div>\n\n","protected":false},"excerpt":{"rendered":"<p>Se dijo, lo dijimos, que la gesti\u00f3n de la administraci\u00f3n espa\u00f1ola ser\u00eda deficiente y ni de lejos lograr\u00eda gastar los fondos Next Generation al ritmo previsto. Afirmarlo no era un acto prof\u00e9tico, sino simplemente la conclusi\u00f3n a la que se llega al ver las enormes dificultades de los a\u00f1os anteriores para efectuar el gasto de los fondos ordinarios. La cifra de referencia ahora de lo asignado a Espa\u00f1a es de 81.964 millones. De esta cifra ni siquiera se ha invertido la mitad porque solo se llega al 43,7%. Pero es que la cifra que ha llegado a la econom\u00eda real se sit\u00faa justo en el 20% (exactamente el 19,9%). Por lo tanto, estamos muy lejos del objetivo, considerando que el plazo finaliza el 31 de diciembre de 2026; es decir, dentro de tres a\u00f1os, per\u00edodo en el cual deber\u00edamos aplicar el 80% restante, y si no, el dinero se esfumar\u00eda. El gobierno ha encontrado una ranura, sin embargo, para intentar salvar una parte de estos recursos, que podr\u00eda alargar el per\u00edodo. Se trata de acudir a la posibilidad de que el dinero que es gestionado por entidades p\u00fablicas disponga de m\u00e1s tiempo (un impl\u00edcito no ya espa\u00f1ol sino europeo que da por descontado que la eficiencia de las instancias p\u00fablicas es menor que la de las privadas). Y en esto Espa\u00f1a tiene una ventaja porque de esos casi 83.000 millones, 66.473 millones son gestionados por entidades p\u00fablicas. Y aqu\u00ed ya podr\u00edamos sacar una primera conclusi\u00f3n: los fondos los maneja el sector p\u00fablico para aplicarlos directamente o remitirlos al sector privado. No es una buena premisa, aunque hay casos que es palmariamente necesario que sea as\u00ed, como los ferrocarriles y Adif, pero en general dice poco de una visi\u00f3n que haga mejorar la baja productividad espa\u00f1ola porque esta solo puede venir del sector privado. Y este es, junto con el gran retraso, otro de los grandes defectos de c\u00f3mo se gestionan estos fondos. No tienen como objetivo principal modificar las condiciones que har\u00edan posible ganar en productividad. Solo hace falta ver que el 41,6% de las actuales asignaciones corresponde al sector de la construcci\u00f3n, mientras que la industria solo tiene asignado un 9,7%, la energ\u00eda un 1,3% y el sector primario el 0,5%. La suma de todos estos 3 ep\u00edgrafos vitales para la mejora de la productividad es la cuarta parte de lo asignado a la construcci\u00f3n, un \u00e1mbito en el cual los aumentos de productividad ser\u00e1n, por su propia l\u00f3gica interna, escasos. El tercer factor es que el retraso en la aplicaci\u00f3n y la dilataci\u00f3n de plazos m\u00e1s all\u00e1 del 2026 diluye en el tiempo la aplicaci\u00f3n de los 83.000 millones de inversi\u00f3n aqu\u00ed en Espa\u00f1a y, en consecuencia, tambi\u00e9n reduce su impacto sobre el PIB. No es lo mismo dividir esa voluminosa cantidad de euros en 6 a\u00f1os que en 10. En el primer caso, el efecto transformador y el proceso de acumulaci\u00f3n al cual da lugar es extraordinario. En el segundo, es indudablemente positivo, pero las consecuencias transformadoras y de cambio de paradigma del sistema de producci\u00f3n no se acaban de producir. Por lo tanto, si todo esto acaba consum\u00e1ndose en estos t\u00e9rminos, y nada por el momento hace pensar lo contrario, Espa\u00f1a habr\u00e1 perdido una gran oportunidad hist\u00f3rica y por circunstancias pol\u00edticas, este grave error tendr\u00e1 un nombre: gobierno S\u00e1nchez.<\/p>\n","protected":false},"author":19,"featured_media":72759,"comment_status":"open","ping_status":"open","sticky":false,"template":"","format":"standard","meta":{"_FSMCFIC_featured_image_caption":"","_FSMCFIC_featured_image_nocaption":"","_FSMCFIC_featured_image_hide":"","footnotes":""},"categories":[796,806],"tags":[3373,3218],"class_list":["post-72762","post","type-post","status-publish","format-standard","has-post-thumbnail","hentry","category-el-blog-de-josep-miro-i-ardevol-es","category-punts-claus-del-dia-es","tag-fondos-europeos","tag-fons-europeus-es"],"yoast_head":"<!-- This site is optimized with the Yoast SEO plugin v26.8 - https:\/\/yoast.com\/product\/yoast-seo-wordpress\/ -->\n<title>No hay manera de que se gasten los fondos europeos<\/title>\n<meta name=\"description\" content=\"La gesti\u00f3n ineficiente de los fondos Next Generation suponen una oportunidad hist\u00f3rica perdida y un riesgo significativo para el \u00e9xito del programa\" \/>\n<meta name=\"robots\" content=\"index, follow, max-snippet:-1, max-image-preview:large, max-video-preview:-1\" \/>\n<link rel=\"canonical\" href=\"https:\/\/conversesacatalunya.cat\/es\/no-hay-manera-de-que-se-gasten-los-fondos-europeos\/\" \/>\n<meta property=\"og:locale\" content=\"es_ES\" \/>\n<meta property=\"og:type\" content=\"article\" \/>\n<meta property=\"og:title\" content=\"No hay manera de que se gasten los fondos europeos\" \/>\n<meta property=\"og:description\" content=\"La gesti\u00f3n ineficiente de los fondos Next Generation suponen una oportunidad hist\u00f3rica perdida y un riesgo significativo para el \u00e9xito del programa\" \/>\n<meta property=\"og:url\" content=\"https:\/\/conversesacatalunya.cat\/es\/no-hay-manera-de-que-se-gasten-los-fondos-europeos\/\" \/>\n<meta property=\"og:site_name\" content=\"Converses a Catalunya\" \/>\n<meta property=\"article:published_time\" content=\"2023-11-22T10:39:39+00:00\" \/>\n<meta property=\"article:modified_time\" content=\"2023-11-22T10:57:57+00:00\" \/>\n<meta property=\"og:image\" content=\"https:\/\/conversesacatalunya.cat\/wp-content\/uploads\/2023\/11\/next-generation.jpeg\" \/>\n\t<meta property=\"og:image:width\" content=\"1093\" \/>\n\t<meta property=\"og:image:height\" content=\"796\" \/>\n\t<meta property=\"og:image:type\" content=\"image\/jpeg\" \/>\n<meta name=\"author\" content=\"Josep Mir\u00f3 i Ard\u00e8vol\" \/>\n<meta name=\"twitter:card\" content=\"summary_large_image\" \/>\n<meta name=\"twitter:label1\" content=\"Escrito por\" \/>\n\t<meta name=\"twitter:data1\" content=\"Josep Mir\u00f3 i Ard\u00e8vol\" \/>\n\t<meta name=\"twitter:label2\" content=\"Tiempo de lectura\" \/>\n\t<meta name=\"twitter:data2\" content=\"3 minutos\" \/>\n<script type=\"application\/ld+json\" class=\"yoast-schema-graph\">{\"@context\":\"https:\/\/schema.org\",\"@graph\":[{\"@type\":\"Article\",\"@id\":\"https:\/\/conversesacatalunya.cat\/es\/no-hay-manera-de-que-se-gasten-los-fondos-europeos\/#article\",\"isPartOf\":{\"@id\":\"https:\/\/conversesacatalunya.cat\/es\/no-hay-manera-de-que-se-gasten-los-fondos-europeos\/\"},\"author\":{\"name\":\"Josep Mir\u00f3 i Ard\u00e8vol\",\"@id\":\"https:\/\/conversesacatalunya.cat\/#\/schema\/person\/a9598a6786ba7d3d1c5e0de477b79370\"},\"headline\":\"No hay manera de que se gasten los fondos europeos\",\"datePublished\":\"2023-11-22T10:39:39+00:00\",\"dateModified\":\"2023-11-22T10:57:57+00:00\",\"mainEntityOfPage\":{\"@id\":\"https:\/\/conversesacatalunya.cat\/es\/no-hay-manera-de-que-se-gasten-los-fondos-europeos\/\"},\"wordCount\":628,\"commentCount\":0,\"image\":{\"@id\":\"https:\/\/conversesacatalunya.cat\/es\/no-hay-manera-de-que-se-gasten-los-fondos-europeos\/#primaryimage\"},\"thumbnailUrl\":\"https:\/\/conversesacatalunya.cat\/wp-content\/uploads\/2023\/11\/next-generation.jpeg\",\"keywords\":[\"fondos europeos\",\"Fons europeus\"],\"articleSection\":[\"El Blog de Josep Mir\u00f3 i Ard\u00e8vol (ES)\",\"Punts clau del dia (ES)\"],\"inLanguage\":\"es\",\"potentialAction\":[{\"@type\":\"CommentAction\",\"name\":\"Comment\",\"target\":[\"https:\/\/conversesacatalunya.cat\/es\/no-hay-manera-de-que-se-gasten-los-fondos-europeos\/#respond\"]}]},{\"@type\":\"WebPage\",\"@id\":\"https:\/\/conversesacatalunya.cat\/es\/no-hay-manera-de-que-se-gasten-los-fondos-europeos\/\",\"url\":\"https:\/\/conversesacatalunya.cat\/es\/no-hay-manera-de-que-se-gasten-los-fondos-europeos\/\",\"name\":\"No hay manera de que se gasten los fondos europeos\",\"isPartOf\":{\"@id\":\"https:\/\/conversesacatalunya.cat\/#website\"},\"primaryImageOfPage\":{\"@id\":\"https:\/\/conversesacatalunya.cat\/es\/no-hay-manera-de-que-se-gasten-los-fondos-europeos\/#primaryimage\"},\"image\":{\"@id\":\"https:\/\/conversesacatalunya.cat\/es\/no-hay-manera-de-que-se-gasten-los-fondos-europeos\/#primaryimage\"},\"thumbnailUrl\":\"https:\/\/conversesacatalunya.cat\/wp-content\/uploads\/2023\/11\/next-generation.jpeg\",\"datePublished\":\"2023-11-22T10:39:39+00:00\",\"dateModified\":\"2023-11-22T10:57:57+00:00\",\"author\":{\"@id\":\"https:\/\/conversesacatalunya.cat\/#\/schema\/person\/a9598a6786ba7d3d1c5e0de477b79370\"},\"description\":\"La gesti\u00f3n ineficiente de los fondos Next Generation suponen una oportunidad hist\u00f3rica perdida y un riesgo significativo para el \u00e9xito del programa\",\"breadcrumb\":{\"@id\":\"https:\/\/conversesacatalunya.cat\/es\/no-hay-manera-de-que-se-gasten-los-fondos-europeos\/#breadcrumb\"},\"inLanguage\":\"es\",\"potentialAction\":[{\"@type\":\"ReadAction\",\"target\":[\"https:\/\/conversesacatalunya.cat\/es\/no-hay-manera-de-que-se-gasten-los-fondos-europeos\/\"]}]},{\"@type\":\"ImageObject\",\"inLanguage\":\"es\",\"@id\":\"https:\/\/conversesacatalunya.cat\/es\/no-hay-manera-de-que-se-gasten-los-fondos-europeos\/#primaryimage\",\"url\":\"https:\/\/conversesacatalunya.cat\/wp-content\/uploads\/2023\/11\/next-generation.jpeg\",\"contentUrl\":\"https:\/\/conversesacatalunya.cat\/wp-content\/uploads\/2023\/11\/next-generation.jpeg\",\"width\":1093,\"height\":796,\"caption\":\"fons europeus\"},{\"@type\":\"BreadcrumbList\",\"@id\":\"https:\/\/conversesacatalunya.cat\/es\/no-hay-manera-de-que-se-gasten-los-fondos-europeos\/#breadcrumb\",\"itemListElement\":[{\"@type\":\"ListItem\",\"position\":1,\"name\":\"Inici\",\"item\":\"https:\/\/conversesacatalunya.cat\/es\/\"},{\"@type\":\"ListItem\",\"position\":2,\"name\":\"No hay manera de que se gasten los fondos europeos\"}]},{\"@type\":\"WebSite\",\"@id\":\"https:\/\/conversesacatalunya.cat\/#website\",\"url\":\"https:\/\/conversesacatalunya.cat\/\",\"name\":\"Converses a Catalunya\",\"description\":\"\",\"potentialAction\":[{\"@type\":\"SearchAction\",\"target\":{\"@type\":\"EntryPoint\",\"urlTemplate\":\"https:\/\/conversesacatalunya.cat\/?s={search_term_string}\"},\"query-input\":{\"@type\":\"PropertyValueSpecification\",\"valueRequired\":true,\"valueName\":\"search_term_string\"}}],\"inLanguage\":\"es\"},{\"@type\":\"Person\",\"@id\":\"https:\/\/conversesacatalunya.cat\/#\/schema\/person\/a9598a6786ba7d3d1c5e0de477b79370\",\"name\":\"Josep Mir\u00f3 i Ard\u00e8vol\",\"image\":{\"@type\":\"ImageObject\",\"inLanguage\":\"es\",\"@id\":\"https:\/\/conversesacatalunya.cat\/#\/schema\/person\/image\/\",\"url\":\"https:\/\/conversesacatalunya.cat\/wp-content\/litespeed\/avatar\/c37e3dc881857483d6694cdf98fdedea.jpg?ver=1777270381\",\"contentUrl\":\"https:\/\/conversesacatalunya.cat\/wp-content\/litespeed\/avatar\/c37e3dc881857483d6694cdf98fdedea.jpg?ver=1777270381\",\"caption\":\"Josep Mir\u00f3 i Ard\u00e8vol\"},\"url\":\"https:\/\/conversesacatalunya.cat\/es\/author\/josep-miro-i-ardevol\/\"}]}<\/script>\n<!-- \/ Yoast SEO plugin. -->","yoast_head_json":{"title":"No hay manera de que se gasten los fondos europeos","description":"La gesti\u00f3n ineficiente de los fondos Next Generation suponen una oportunidad hist\u00f3rica perdida y un riesgo significativo para el \u00e9xito del programa","robots":{"index":"index","follow":"follow","max-snippet":"max-snippet:-1","max-image-preview":"max-image-preview:large","max-video-preview":"max-video-preview:-1"},"canonical":"https:\/\/conversesacatalunya.cat\/es\/no-hay-manera-de-que-se-gasten-los-fondos-europeos\/","og_locale":"es_ES","og_type":"article","og_title":"No hay manera de que se gasten los fondos europeos","og_description":"La gesti\u00f3n ineficiente de los fondos Next Generation suponen una oportunidad hist\u00f3rica perdida y un riesgo significativo para el \u00e9xito del programa","og_url":"https:\/\/conversesacatalunya.cat\/es\/no-hay-manera-de-que-se-gasten-los-fondos-europeos\/","og_site_name":"Converses a Catalunya","article_published_time":"2023-11-22T10:39:39+00:00","article_modified_time":"2023-11-22T10:57:57+00:00","og_image":[{"width":1093,"height":796,"url":"https:\/\/conversesacatalunya.cat\/wp-content\/uploads\/2023\/11\/next-generation.jpeg","type":"image\/jpeg"}],"author":"Josep Mir\u00f3 i Ard\u00e8vol","twitter_card":"summary_large_image","twitter_misc":{"Escrito por":"Josep Mir\u00f3 i Ard\u00e8vol","Tiempo de lectura":"3 minutos"},"schema":{"@context":"https:\/\/schema.org","@graph":[{"@type":"Article","@id":"https:\/\/conversesacatalunya.cat\/es\/no-hay-manera-de-que-se-gasten-los-fondos-europeos\/#article","isPartOf":{"@id":"https:\/\/conversesacatalunya.cat\/es\/no-hay-manera-de-que-se-gasten-los-fondos-europeos\/"},"author":{"name":"Josep Mir\u00f3 i Ard\u00e8vol","@id":"https:\/\/conversesacatalunya.cat\/#\/schema\/person\/a9598a6786ba7d3d1c5e0de477b79370"},"headline":"No hay manera de que se gasten los fondos europeos","datePublished":"2023-11-22T10:39:39+00:00","dateModified":"2023-11-22T10:57:57+00:00","mainEntityOfPage":{"@id":"https:\/\/conversesacatalunya.cat\/es\/no-hay-manera-de-que-se-gasten-los-fondos-europeos\/"},"wordCount":628,"commentCount":0,"image":{"@id":"https:\/\/conversesacatalunya.cat\/es\/no-hay-manera-de-que-se-gasten-los-fondos-europeos\/#primaryimage"},"thumbnailUrl":"https:\/\/conversesacatalunya.cat\/wp-content\/uploads\/2023\/11\/next-generation.jpeg","keywords":["fondos europeos","Fons europeus"],"articleSection":["El Blog de Josep Mir\u00f3 i Ard\u00e8vol (ES)","Punts clau del dia (ES)"],"inLanguage":"es","potentialAction":[{"@type":"CommentAction","name":"Comment","target":["https:\/\/conversesacatalunya.cat\/es\/no-hay-manera-de-que-se-gasten-los-fondos-europeos\/#respond"]}]},{"@type":"WebPage","@id":"https:\/\/conversesacatalunya.cat\/es\/no-hay-manera-de-que-se-gasten-los-fondos-europeos\/","url":"https:\/\/conversesacatalunya.cat\/es\/no-hay-manera-de-que-se-gasten-los-fondos-europeos\/","name":"No hay manera de que se gasten los fondos europeos","isPartOf":{"@id":"https:\/\/conversesacatalunya.cat\/#website"},"primaryImageOfPage":{"@id":"https:\/\/conversesacatalunya.cat\/es\/no-hay-manera-de-que-se-gasten-los-fondos-europeos\/#primaryimage"},"image":{"@id":"https:\/\/conversesacatalunya.cat\/es\/no-hay-manera-de-que-se-gasten-los-fondos-europeos\/#primaryimage"},"thumbnailUrl":"https:\/\/conversesacatalunya.cat\/wp-content\/uploads\/2023\/11\/next-generation.jpeg","datePublished":"2023-11-22T10:39:39+00:00","dateModified":"2023-11-22T10:57:57+00:00","author":{"@id":"https:\/\/conversesacatalunya.cat\/#\/schema\/person\/a9598a6786ba7d3d1c5e0de477b79370"},"description":"La gesti\u00f3n ineficiente de los fondos Next Generation suponen una oportunidad hist\u00f3rica perdida y un riesgo significativo para el \u00e9xito del programa","breadcrumb":{"@id":"https:\/\/conversesacatalunya.cat\/es\/no-hay-manera-de-que-se-gasten-los-fondos-europeos\/#breadcrumb"},"inLanguage":"es","potentialAction":[{"@type":"ReadAction","target":["https:\/\/conversesacatalunya.cat\/es\/no-hay-manera-de-que-se-gasten-los-fondos-europeos\/"]}]},{"@type":"ImageObject","inLanguage":"es","@id":"https:\/\/conversesacatalunya.cat\/es\/no-hay-manera-de-que-se-gasten-los-fondos-europeos\/#primaryimage","url":"https:\/\/conversesacatalunya.cat\/wp-content\/uploads\/2023\/11\/next-generation.jpeg","contentUrl":"https:\/\/conversesacatalunya.cat\/wp-content\/uploads\/2023\/11\/next-generation.jpeg","width":1093,"height":796,"caption":"fons europeus"},{"@type":"BreadcrumbList","@id":"https:\/\/conversesacatalunya.cat\/es\/no-hay-manera-de-que-se-gasten-los-fondos-europeos\/#breadcrumb","itemListElement":[{"@type":"ListItem","position":1,"name":"Inici","item":"https:\/\/conversesacatalunya.cat\/es\/"},{"@type":"ListItem","position":2,"name":"No hay manera de que se gasten los fondos europeos"}]},{"@type":"WebSite","@id":"https:\/\/conversesacatalunya.cat\/#website","url":"https:\/\/conversesacatalunya.cat\/","name":"Converses a Catalunya","description":"","potentialAction":[{"@type":"SearchAction","target":{"@type":"EntryPoint","urlTemplate":"https:\/\/conversesacatalunya.cat\/?s={search_term_string}"},"query-input":{"@type":"PropertyValueSpecification","valueRequired":true,"valueName":"search_term_string"}}],"inLanguage":"es"},{"@type":"Person","@id":"https:\/\/conversesacatalunya.cat\/#\/schema\/person\/a9598a6786ba7d3d1c5e0de477b79370","name":"Josep Mir\u00f3 i Ard\u00e8vol","image":{"@type":"ImageObject","inLanguage":"es","@id":"https:\/\/conversesacatalunya.cat\/#\/schema\/person\/image\/","url":"https:\/\/conversesacatalunya.cat\/wp-content\/litespeed\/avatar\/c37e3dc881857483d6694cdf98fdedea.jpg?ver=1777270381","contentUrl":"https:\/\/conversesacatalunya.cat\/wp-content\/litespeed\/avatar\/c37e3dc881857483d6694cdf98fdedea.jpg?ver=1777270381","caption":"Josep Mir\u00f3 i Ard\u00e8vol"},"url":"https:\/\/conversesacatalunya.cat\/es\/author\/josep-miro-i-ardevol\/"}]}},"wps_subtitle":"La gesti\u00f3n ineficiente de los fondos Next Generation suponen una oportunidad hist\u00f3rica perdida y un riesgo significativo para el \u00e9xito del programa","_links":{"self":[{"href":"https:\/\/conversesacatalunya.cat\/es\/wp-json\/wp\/v2\/posts\/72762","targetHints":{"allow":["GET"]}}],"collection":[{"href":"https:\/\/conversesacatalunya.cat\/es\/wp-json\/wp\/v2\/posts"}],"about":[{"href":"https:\/\/conversesacatalunya.cat\/es\/wp-json\/wp\/v2\/types\/post"}],"author":[{"embeddable":true,"href":"https:\/\/conversesacatalunya.cat\/es\/wp-json\/wp\/v2\/users\/19"}],"replies":[{"embeddable":true,"href":"https:\/\/conversesacatalunya.cat\/es\/wp-json\/wp\/v2\/comments?post=72762"}],"version-history":[{"count":2,"href":"https:\/\/conversesacatalunya.cat\/es\/wp-json\/wp\/v2\/posts\/72762\/revisions"}],"predecessor-version":[{"id":72764,"href":"https:\/\/conversesacatalunya.cat\/es\/wp-json\/wp\/v2\/posts\/72762\/revisions\/72764"}],"wp:featuredmedia":[{"embeddable":true,"href":"https:\/\/conversesacatalunya.cat\/es\/wp-json\/wp\/v2\/media\/72759"}],"wp:attachment":[{"href":"https:\/\/conversesacatalunya.cat\/es\/wp-json\/wp\/v2\/media?parent=72762"}],"wp:term":[{"taxonomy":"category","embeddable":true,"href":"https:\/\/conversesacatalunya.cat\/es\/wp-json\/wp\/v2\/categories?post=72762"},{"taxonomy":"post_tag","embeddable":true,"href":"https:\/\/conversesacatalunya.cat\/es\/wp-json\/wp\/v2\/tags?post=72762"}],"curies":[{"name":"wp","href":"https:\/\/api.w.org\/{rel}","templated":true}]}}